{"id":17670,"date":"2023-12-15T21:14:57","date_gmt":"2023-12-15T20:14:57","guid":{"rendered":"https:\/\/www.freidenker.org\/?p=17670"},"modified":"2024-01-20T11:04:49","modified_gmt":"2024-01-20T10:04:49","slug":"verdeckt-die-klima-religion-den-weg-zum-frieden","status":"publish","type":"post","link":"https:\/\/www.freidenker.org\/?p=17670","title":{"rendered":"Verdeckt die Klima-Religion den Weg zum Frieden?"},"content":{"rendered":"<p><em>von <strong>Wolfgang Effenberger<\/strong><\/em><\/p>\n<p>Vom 30. November bis zum 12. Dezember 2023 (*) findet in Dubai, der gr\u00f6\u00dften Stadt in den Vereinigten Arabischen Emiraten (VAE), die 28. Weltklimakonferenz (COP28) statt.<\/p>\n<p>Zwei Wochen lang beraten rund 70.000 Repr\u00e4sentanten aus 200 Staaten im Emirat am Persischen Golf \u00fcber die Eind\u00e4mmung der Klimakrise (wieviel Tonnen CO<sub>2<\/sub> entstanden allein durch die Anreise der Teilnehmer?) Friedlich vereint: Vertreter aus Regierungen und Nicht-Regierungs-Organisationen. F\u00fcr den WELT-Kolumnisten Henryk M. Broder <em>\u201e\u2026ein Klassentreffen von Leuten, deren \u00f6konomische Interessen mit diesem Zirkus verkn\u00fcpft sind\u201c<\/em>. Er zitiert Shakespeare (\u201eViel L\u00e4rm um nichts\u201c(1)) und verweist auf seinen Kollegen Axel Bojanowski, der im Klimagipfel ein Treffen von Lobbyisten und Aktivisten des \u201eKlima-industriellen Komplexes\u201c erkennen mag, deren Schicksal mit dem Prosperieren der Klimakrise verkn\u00fcpft ist.<\/p>\n<p>Drei Wochen zuvor hatten sich am 6. und 7. November in Abu Dhabi mehr als 200 hochrangige Vertreter verschiedener Weltreligionen\u00a0\u00a0&#8211; u.a. Vertreter von Baha\u2019i, Buddhismus, Christentum, Hinduismus, Islam, Judentum, Sikhi\u00a0\u00a0&#8211; gemeinsam mit Pers\u00f6nlichkeiten aus indigenen Bev\u00f6lkerungsgruppen, Wissenschaftlern und Politikern getroffen. KLimaleugner. Darin wird die Verbindung zwischen Klimawandel, Migration und Konflikten anerkannt. Weiter wird in der Erkl\u00e4rung das Potential f\u00fcr Menschen des Glaubens als \u201eUmweltfriedensstifter\u201c gesehen, die danach streben, Vermittlungspfade in Konflikten zu schaffen.<\/p>\n<h5><strong>Die Botschaften des Papstes <\/strong><\/h5>\n<p>Papst\u00a0Franziskus\u00a0hatte im Vorfeld der Weltklimakonferenz das Apostolische Schreiben\u00a0<em>Laudate Deum<\/em>(3) ver\u00f6ffentlicht.<\/p>\n<p>In dieser j\u00fcngsten weltweiten Botschaft im Vorfeld der COP28 ruft der Papst\u00a0zu einem neuen \u201eMultilateralismus\u201c (einer Zusammenarbeit mehrerer Staaten bei der L\u00f6sung von politischen, gesellschaftlichen oder technischen Problemen, die grenz\u00fcbergreifend sind) auf, damit die Stimmen der ganzen Welt geh\u00f6rt werden und damit der T\u00e4uschung der M\u00e4chtigen Einhalt geboten wird:<\/p>\n<blockquote><p><em>\u201eUnsere Welt ist so multipolar und gleichzeitig so komplex geworden, dass ein anderer Rahmen f\u00fcr eine wirksame Zusammenarbeit erforderlich ist\u201c<\/em>, hei\u00dft es in der Botschaft aus dem Vatikan. <em>\u201eAll dies setzt die Entwicklung eines neuen Verfahrens f\u00fcr die Entscheidungsfindung und die Legitimierung dieser Entscheidungen voraus, da das vor mehreren Jahrzehnten implementierte Vorgehen weder ausreicht noch wirksam zu sein scheint. In diesem Rahmen w\u00e4ren notwendigerweise R\u00e4ume f\u00fcr Gespr\u00e4che, Konsultationen, Schlichtung, Konfliktl\u00f6sung und Kontrolle erforderlich, und schlie\u00dflich eine Art verst\u00e4rkte \u2039Demokratisierung\u203a im globalen Kontext, damit die verschiedenen Gegebenheiten zum Ausdruck gebracht und einbezogen werden k\u00f6nnen\u201c.(3)<\/em><\/p><\/blockquote>\n<p>Anfang November 2023 k\u00fcndigte Franziskus als erster Papst seine Teilnahme an der Weltklimakonferenz an, doch musste er wegen seiner Erkrankung die Teilnahme an der COP28 wieder absagen. (4)<\/p>\n<p>An seiner Stelle las der vatikanische Kardinalstaatssekret\u00e4r Pietro Parolin am 2. Dezember 2023 die Rede des Papstes in der Expo City von Dubai vor:<\/p>\n<blockquote><p><em>\u201eIch bin mit euch, weil die Zerst\u00f6rung der Sch\u00f6pfung ein Vergehen gegen Gott ist, eine nicht nur pers\u00f6nliche, sondern strukturelle S\u00fcnde, die sich auf die Menschen auswirkt, besonders die Schw\u00e4chsten; sie ist eine ernste Gefahr, die \u00fcber allen schwebt und droht, einen Konflikt zwischen den Generationen auszul\u00f6sen\u201c<\/em>.<\/p><\/blockquote>\n<p>Hier ist dem Papst vorbehaltlos zuzustimmen, v.a. hinsichtlich der Zerst\u00f6rung der Umwelt \u00a0durch die Industriestaaten, deren unaufh\u00f6rliche Kriege und deren \u201eRaubtier-Kapitalismus\u201c die Welt und damit auch das Klima nachhaltig sch\u00e4digen. Diese Verbindung klammert der Pontifex jedoch weitgehend aus und macht den menschengemachten Klimawandel verantwortlich:<\/p>\n<blockquote><p><em>\u201eIch bin mit euch\u201c<\/em>, so Papst Franziskus, <em>\u201edenn der Klimawandel ist ein globales soziales Problem, das eng mit der W\u00fcrde des menschlichen Lebens zusammenh\u00e4ngt\u2026 W\u00e4hlen wir das Leben, w\u00e4hlen wir die Zukunft! H\u00f6ren wir auf das Seufzen der Erde, h\u00f6ren wir auf den Schrei der Armen, h\u00f6ren wir auf die Hoffnungen der jungen Menschen und die Tr\u00e4ume der Kinder!\u201c<\/em> Es k\u00f6nne <em>\u201eals gesichert gelten\u201c<\/em>, dass der Klimawandel ma\u00dfgeblich vom Menschen verschuldet sei. Versuche, <em>\u201edie vielen Armen und die Zahl<\/em> <em>der Geburten daf\u00fcr verantwortlich zu machen\u201c<\/em>, machten ihn <em>\u201ebetroffen\u201c<\/em>. In Wirklichkeit sei der Klimawandel ganz und gar nicht <em>\u201edie Schuld der Armen\u201c<\/em>, vielmehr seien sie <em>\u201edie Opfer des<\/em> <em>Geschehens<\/em>. <em>Fast die H\u00e4lfte der Welt, die hilfsbed\u00fcrftigere, ist f\u00fcr lediglich 10% der Schadstoff-emissionen verantwortlich\u201c<\/em>(5)<em>.<\/em><\/p><\/blockquote>\n<p>Eine gewagte These, die sich wohl sehr schwer wissenschaftlich untermauern l\u00e4sst. In den letzten 500 Millionen Jahren hat sich das Klima st\u00e4ndig gewandelt. Warm- und Eiszeiten l\u00f6sten sich einander ab. In der mittelalterlichen Warmzeit (mittelalterliche Klimaanomalie\/-optimum zwischen 950 und 1250 n. Chr.) herrschten auf der Nordhemisph\u00e4re \u00fcberdurchschnittlich hohe Temperaturen. So gab es \u00fcppige Ernten &#8211; sogar der Weinanbau dehnte sich weit nach Norden aus.<\/p>\n<p>In der mehrhundertj\u00e4hrigen milderen Phase von 986 an bis ins 14.\/15. Jahrhundert sind Wikingersiedlungen an der S\u00fcdspitze Gr\u00f6nlands (altnordisch f\u00fcr \u201eGr\u00fcnland\u201c) nachgewiesen(6).<\/p>\n<p>Die Menschheit wuchs und entwickelte sich weiter, wie z.B. auch an den monumentalen gotischen Kirchenbauwerken zu sehen ist. Die skandinavischen V\u00f6lker &#8211; etwa die D\u00e4nen und Norweger (Wikinger\/Nordm\u00e4nner\/Normannen) &#8211; wagten sich auf den Nordatlantik und fielen in Nordfrankreich und England ein. Am Morgen des 28. September 1066 erreichte der Normanne Wilhelm der Eroberer, Herzog der Normandie und Thronpr\u00e4tendent von England, mit seiner 7.000 Mann starken Invasionsflotte die Ortschaft Pevensy an der S\u00fcdk\u00fcste Englands und vernichtete das Heer des englischen K\u00f6nigs Harald II. Diese Eroberung ver\u00e4nderte die englische Gesellschaft von Grund auf, indem sie die alte Adelsschicht ausl\u00f6schte und durch eine fremde Herrscherklasse ersetzte.(7)<\/p>\n<p>Auf die mittelalterliche Warmzeit folgte eine Kaltzeit, deren Hochphase in Europa ungef\u00e4hr auf die Zeit von Ende des 16. bis Ende des 17. Jahrhunderts datiert werden kann. Die Winter waren l\u00e4nger und k\u00e4lter und in den k\u00fchlen sowie verregneten Sommern fielen die meisten Ernten gering aus.(8) Hungersn\u00f6te waren die Folge. Diese K\u00e4lteperiode war von weitreichenden sozialen Folgen begleitet. Unter anderem wird die Dauer des \u201eDrei\u00dfigj\u00e4hrigen Krieges\u201c auf die mit den schlechten Ernten zusammenh\u00e4ngenden gesellschaftlichen Umw\u00e4lzungen in Verbindung gebracht.(9) Durch die Mangelern\u00e4hrung wuchsen das Elend und die sozialen Spannungen in Europa. Anhaltende K\u00e4lte war in der Geschichte der Menschheit schon \u00f6fter Ausl\u00f6ser von Revolutionen und Kriegen. Dem Machtwechsel in China von der Ming- zur Qing-Dynastie gingen ebenfalls jahrelange Ernteausf\u00e4lle voraus. Auch vor der Franz\u00f6sischen Revolution h\u00e4uften sich Extremwetterereignisse wie D\u00fcrren, \u00dcberflutungen und Hagelst\u00fcrme, die die Ernteertr\u00e4ge schm\u00e4lerten und die Preise weiter in die H\u00f6he trieben.(10)<\/p>\n<p>Am Ende seiner Rede weist Papst Franziskus darauf hin, dass sich in vielen Gesellschaften mittlerweile <em>\u201eSchwarzmaler und Gleichg\u00fcltige, radikale Umweltsch\u00fctzer und Klimaleugner\u201c unvers\u00f6hnlich gegen\u00fcberstehen\u201c<\/em>. \u00a0Es habe keinen Sinn, sich einem Lager anzuschlie\u00dfen; in diesem Fall, wie auch in der Sache des Friedens, f\u00fchrt dies zu \u00fcberhaupt keiner L\u00f6sung. Dieser Aufruf irritiert, hat der Pontifex in seiner Rede doch klar Stellung bezogen. Auch die Verwendung des Begriffs Klimaleugner verr\u00e4t seine Parteinahme. Es wird wohl kaum jemand zu finden sein, der den aktuellen Klimawandel leugnet. Es werden lediglich Zweifel ge\u00e4u\u00dfert, ob der Klimawandel ausschlie\u00dflich durch den menschengemachten CO<sub>2<\/sub>-Aussto\u00df bedingt ist.<\/p>\n<p>Es gibt in der Wissenschaft seri\u00f6se Klimatologen, die den gegenw\u00e4rtigen Klimawandel als Beginn einer neuen Eiszeit interpretieren. Sollten sie rechthaben, dann k\u00f6nnte sich im Verbund von K\u00e4lte und von menschengemachten CO<sub>2<\/sub>-Reduktionen Ernteausf\u00e4lle einstellen, die katastrophale Folgen f\u00fcr die Menschheit haben und dann den N\u00e4hrboden f\u00fcr weltweite Kriege bilden. \u00a0Aber ein wissenschaftlicher Diskurs ist hier ebenso wenig erw\u00fcnscht wie in der Corona-Krise. Die mit Bann und Verfolgung belegten Wissenschaftler wie der Mikrobiologe Sucharit Bhakdi sind heute rehabilitiert.<\/p>\n<p>Nun, der \u201eHeilige Stuhl\u201c (also der Vatikan) hat seit jeher ein problematisches Verh\u00e4ltnis zu Menschen, die von der katholischen Doktrin abweichen. Mehr als 500 Jahre lang ging die Kirche gegen sogenannte H\u00e4retiker (auch \u201eKetzer\u201c genannt) vor, darunter prominente Wissenschaftler wie Galileo Galilei. Die Inquisitoren des Mittelalters kannten keine Gnade: Unerbittlich und grausam wurden Andersdenkende verh\u00f6rt, gefoltert oder sogar auf dem Scheiterhaufen verbrannt. Aus dieser grauenhaften Verirrung der r\u00f6misch-katholischen Kirche hat der Papst zumindest ein wenig dazu gelernt.<\/p>\n<p>Religionsf\u00fchrer und Regierungsvertreter also scheinen mit den Vertretern von Nichtregierungs-organisationen (NGO) aus nicht immer nachvollziehbaren Gr\u00fcnden an einem Strang zu ziehen. Dabei \u00fcbersehen sie alle den Elefanten im Raum: der vorbereitete Dritte Weltkrieg.<\/p>\n<p>Die NGOs scheinen sich zum Weltsouver\u00e4n aufzuschwingen. Geht es ihnen um eine bessere, friedlichere und gerechtere Welt?<\/p>\n<p>Unter dem Mantel der Klimakrise und deren dramatisch skizzierten Folgen k\u00f6nnte die Weltdiktatur einer kleinen Elite angestrebt werden.<\/p>\n<figure id=\"attachment_17672\" aria-describedby=\"caption-attachment-17672\" style=\"width: 424px\" class=\"wp-caption alignnone\"><img data-recalc-dims=\"1\" loading=\"lazy\" decoding=\"async\" data-attachment-id=\"17672\" data-permalink=\"https:\/\/www.freidenker.org\/?attachment_id=17672\" data-orig-file=\"https:\/\/i0.wp.com\/www.freidenker.org\/fw17\/wp-content\/uploads\/2023\/12\/broder_nur_noch_13_jahre_screen.png?fit=424%2C240&amp;ssl=1\" data-orig-size=\"424,240\" data-comments-opened=\"0\" data-image-meta=\"{&quot;aperture&quot;:&quot;0&quot;,&quot;credit&quot;:&quot;&quot;,&quot;camera&quot;:&quot;&quot;,&quot;caption&quot;:&quot;&quot;,&quot;created_timestamp&quot;:&quot;0&quot;,&quot;copyright&quot;:&quot;&quot;,&quot;focal_length&quot;:&quot;0&quot;,&quot;iso&quot;:&quot;0&quot;,&quot;shutter_speed&quot;:&quot;0&quot;,&quot;title&quot;:&quot;&quot;,&quot;orientation&quot;:&quot;0&quot;}\" data-image-title=\"broder_nur_noch_13_jahre_screen\" data-image-description=\"\" data-image-caption=\"\" data-large-file=\"https:\/\/i0.wp.com\/www.freidenker.org\/fw17\/wp-content\/uploads\/2023\/12\/broder_nur_noch_13_jahre_screen.png?fit=424%2C240&amp;ssl=1\" class=\"wp-image-17672 size-full\" src=\"https:\/\/i0.wp.com\/www.freidenker.org\/fw17\/wp-content\/uploads\/2023\/12\/broder_nur_noch_13_jahre_screen.png?resize=424%2C240&#038;ssl=1\" alt=\"\" width=\"424\" height=\"240\" srcset=\"https:\/\/i0.wp.com\/www.freidenker.org\/fw17\/wp-content\/uploads\/2023\/12\/broder_nur_noch_13_jahre_screen.png?w=424&amp;ssl=1 424w, https:\/\/i0.wp.com\/www.freidenker.org\/fw17\/wp-content\/uploads\/2023\/12\/broder_nur_noch_13_jahre_screen.png?resize=300%2C170&amp;ssl=1 300w\" sizes=\"auto, (max-width: 424px) 100vw, 424px\" \/><figcaption id=\"caption-attachment-17672\" class=\"wp-caption-text\"><span style=\"font-size: 10pt;\">Der Journalist Henryk Broder auf der Berliner FFF-Demo Anfang 2020 (11) mit einer Bildzeitung aus dem Februar 2007, Titel: Wir haben nur noch 13 Jahre\u2026. &#8211; Screenshot aus einem <a href=\"https:\/\/www.youtube.com\/watch?v=VVFjcNsrmZg\" target=\"blank\" rel=\"noopener\">Video von BertisEvil66 auf YouTube<\/a><\/span><\/figcaption><\/figure>\n<p>Inwieweit das menschengemachte CO<sub>2<\/sub> f\u00fcr die Krise verantwortlich ist, wird noch kontrovers diskutiert. Unbestritten ist jedoch, dass die Umwelt schwere Sch\u00e4den davongetragen hat. Und einer der gr\u00f6\u00dften Umweltzerst\u00f6rer ist das Milit\u00e4r: R\u00fcstung, Man\u00f6ver und Krieg (z.B. die Entlaubung der W\u00e4lder Vietnams durch das Gift Agent Orange oder der Einsatz von panzerbrechenden Munition, deren Geschosse abgereichertes Uran (englisch \u201eDU\u201c: <u>D<\/u>epleted <u>U<\/u>ranium) enthalten.<\/p>\n<p>Obwohl die Pr\u00e4ambel der Charta der Vereinten Nationen mit dem Satz beginnt: <em>\u00abWir, die V\u00f6lker der Vereinten Nationen &#8211; fest entschlossen, k\u00fcnftige Geschlechter vor der Gei\u00dfel des Krieges zu bewahren [\u2026].\u00bb<\/em>, wird diese Botschaft von den Klimabewegten einfach ignoriert.<\/p>\n<p>Kritik an den US-gef\u00fchrten &#8211; zumeist v\u00f6lkerrechtswidrigen &#8211; Kriegen ist ausgeblieben. Der kanadische \u00d6konom Michael Chossudovsky wird nicht m\u00fcde,\u00a0 in diesem Zusammenhang an die Zahl der Toten durch die <strong>ununterbrochene Serie<\/strong> von Kriegen, Staatsstreichen und anderen subversiven Operationen der Vereinigten Staaten seit dem Ende des Zweiten Weltkriegs 1945 bis heute zu erinnern &#8211; eine Zahl, die auf 20 bis 30 Millionen gesch\u00e4tzt wird(12).<\/p>\n<p>Bei der 12-t\u00e4gigen NATO-Luftwaffen\u00fcbung AIR-DEFENDER 23 mit \u00fcber 250 Flugzeugen haben sich keine Klimakleber auf die Zufahrt eines Luftwaffenst\u00fctzpunktes gewagt.<\/p>\n<p>Hier kommt der Verdacht auf, dass es vielleicht eine N\u00e4he der Klimabewegten zum US-industriellen-milit\u00e4rischen Komplex geben k\u00f6nnte, dem die Dramatisierung der Krise durchaus recht ist, aber nicht die Thematisierung der Kriege.<\/p>\n<p>Papst Franziskus hatte am 28. Oktober 2014 noch dramatisch auf die Kriegsgefahr hingewiesen:<\/p>\n<blockquote><p><em>\u201eWir stecken mitten im Dritten Weltkrieg, allerdings in einem Krieg in Raten. Es gibt Wirt-schaftssysteme, die, um \u00fcberleben zu k\u00f6nnen, Krieg f\u00fchren m\u00fcssen. Also produzieren und verkaufen sie Waffen\u201c<\/em>(13).<\/p><\/blockquote>\n<p>Obwohl diese Gefahr durch den Krieg in Israel und Gaza noch weiter versch\u00e4rft wurde und die Aussage des Papstes von 2014 dramatische Aktualit\u00e4t erhalten hat &#8211; sie ist im Zusammenhang mit der US-Geopolitik \u201eWin in a Complex World 2020-2040\u201c zu sehen &#8211; dreht sich alles nur um die Klimakrise.<\/p>\n<p>W\u00e4hrend 70.000 Klimabewegte in einem der herausragendsten touristischen Ziele auf der ganzen Welt fast zwei Wochen lang \u201ehei\u00dfe Luft erzeugen\u201c(14), tobt im Gaza-Streifen nach dem Ende der Feuerpause der Krieg weiter.<\/p>\n<p>Das israelische Milit\u00e4r hat auch in der Nacht auf den 2. Dezember 2023 Medienberichten zufolge\u00a0<em>\u201eZiele der islamistischen Hamas und anderer Terrorgruppen im s\u00fcdlichen Gazastreifen massiv angegriffen\u201c<\/em>(15). Aus dem S\u00fcden des abgeriegelten K\u00fcstengebiets wurden nach Berichten israelischer Medien schwere K\u00e4mpfe gemeldet.<\/p>\n<p>Die Hamas hatte nach Ende der einw\u00f6chigen Kampfpause eigenen Angaben zufolge erstmals wieder Raketen auf das Zentrum\u00a0Israels\u00a0abgefeuert. Seit dem Beginn des Gaza-Kriegs wurden nach israelischen Angaben rund 10.000 Raketen aus dem\u00a0Gazastreifen auf Israel abgeschossen. Am 3. Dezember 2023 weitete Israels Armee ihre Bodeneins\u00e4tze auf den gesamten Gazastreifen aus.(16) Ministerpr\u00e4sident Benjamin Netanjahu bekr\u00e4ftigte indessen, dass man den Krieg gegen die islamistische Hamas <em>&#8222;bis zum Ende&#8220;<\/em> und bis zum <em>&#8222;totalen Sieg&#8220;<\/em> \u00fcber die Terrororganisation fortsetzen werde.(17)<\/p>\n<p>In einem Interview verurteilte der israelische Historiker Prof. Moshe Zuckermann die Aktionen der Hamas am 7. Oktober, bezeichnete dann aber die Besatzung der den Pal\u00e4stinensern zustehenden Gebiete durch Israel als die eigentliche Ursache f\u00fcr den Konflikt.<\/p>\n<p>Er kritisiert, dass diese Frage sowohl in Israel als auch in der internationalen Debatte weitgehend tabuisiert ist:<\/p>\n<blockquote><p>&#8222;Israel wollte nie Frieden, die israelischen Eliten bevorzugten seit vielen Jahrzehnten eine Politik der Besatzung und der Apartheid.&#8220;(18)<\/p><\/blockquote>\n<p>So sehr Zuckermann den Terror der Hamas verurteile, die Absicht Israels, die Hamas zu vernichten, sei falsch und auch kaum durchf\u00fchrbar. Denn die Hamas vertrete eine Idee, welche vom gesamten pal\u00e4stinensischen Volk unterst\u00fctzt werde, n\u00e4mlich die Schaffung eines unabh\u00e4ngigen pal\u00e4stinensischen Staates. Genau das aber wollte Israel verhindern. Zuckermann verwies in dem Gespr\u00e4ch auch auf die absolute Doppelmoral Israels, welches seinerzeit die Gr\u00fcndung der Hamas durchaus wohlwollend unterst\u00fctzte, da man sich dadurch eine Schw\u00e4chung der s\u00e4kularen Fatah erwartet hatte.<\/p>\n<p>So wirft die offizielle Version des Krieges zwischen der Hamas und Israel mehr Fragen auf, als sie beantworten kann. F\u00fcr den investigativen Journalisten Thierry Meyssan, Gr\u00fcnder des Voltaire Netzwerks, sind bisher wichtige Fragen unbeantwortet geblieben:<\/p>\n<ul>\n<li>\u201eWie konnte die Hamas 500 Kilometer lange Tunnel in 30 Meter Tiefe graben und bauen, ohne Aufmerksamkeit zu erregen?<\/li>\n<li>Wie hat Hamas ein solches Arsenal lagern k\u00f6nnen?<\/li>\n<li>Warum hat Benjamin Netanjahu all jene entfernt, die ihn gewarnt haben?<\/li>\n<li>Warum hat Benjamin Netanjahu am Abend des 6. Oktober 2023 die Sicherheitskr\u00e4fte demobilisiert?<\/li>\n<li>Warum blieben die Sicherheitsbeamten an diesem Morgen im Hauptquartier des Shin Bet eingeschlossen?<\/li>\n<li>Wer hat die <em>&#8222;Hannibal-Richtlinie&#8220;<\/em>(19) auf diese Weise ausgel\u00f6st und warum?\u201c (20)<\/li>\n<\/ul>\n<p>Diese Fragen werden wohl kaum beantwortet werden k\u00f6nnen. Da die USA nicht deeskalierend auf den Nahost-Konflikt wirken, sondern Israel u.a. mit bunkerbrechenden Waffen unterst\u00fctzen, besteht die zunehmende Gefahr, dass dieser Krieg sich zu einem Schattenkrieg zwischen USA und Iran entwickelt. Das w\u00e4re auch nicht weiter \u00fcberraschend, denn in der US-Strategie \u201eWin in Complex World 2020-2040\u201c wird der Iran neben Russland und China explizit als Kontrahent genannt.<\/p>\n<p>Nun droht auch eine Ausweitung des aserbaidschanisch-armenischen Krieges im Kaukasus. Auch hier keine Deeskalation in Sicht, vergessen ist auch der V\u00f6lkermord des Osmanischen Reiches an 1,5 Millionen Armeniern im Jahr 1915.<\/p>\n<p>Im letzten Monat hat Aserbaidschan, der engste Verb\u00fcndete der T\u00fcrkei in der Region, sein lang gehegtes Ziel erreicht: die armenische Enklave Berg-Karabach wurde nach einer neunmonatigen Blockade, die den 120.000 Einwohnern Lebensmittel, Treibstoff und medizinische Versorgung vorenthielt, milit\u00e4risch genommen. Der Werte-Westen schaute weg. Alijews Schirmherr, der Islamist Erdogan, lobte seinerseits die ethnische S\u00e4uberung und bezeichnete sie als &#8222;eine Operation&#8220;, die \u201e<em>in kurzer Zeit und mit gr\u00f6\u00dfter Sensibilit\u00e4t f\u00fcr die Rechte der Zivilbev\u00f6lkerung abgeschlossen wurde<\/em>\u201c.(21)<\/p>\n<p>Die durch ihre verschiedenen Projekte in \u00dcbersee, darunter die Finanzierung und \u00dcberwachung eines Krieges gegen das atomar bewaffnete Russland in der Ukraine und die Unterst\u00fctzung des israelischen Krieges gegen den Gazastreifen, abgelenkte Regierung Biden bezog keine eindeutige Stellung, geschweige denn, dass sie deeskalierend wirkte.<\/p>\n<p>Nun ist nicht auszuschlie\u00dfen, dass Aserbaidschan, das sich <strong>als modernes Land am Kaspischen Meer pr\u00e4sentiert,<\/strong> unter dem m\u00e4chtigen t\u00fcrkischen Schirm weiter in souver\u00e4nes armenisches Gebiet eindringt. Schon im Dezember 2022 hatte der autokratisch regierende Pr\u00e4sident Ilham Alijew ungeniert ausgesprochen, dass das heutige Armenien &#8222;unser Land ist&#8220;. Die Vorbereitungen f\u00fcr weiteres Vordringen gegen Armenien scheinen auf Hochtouren zu laufen. Aserbaidschan k\u00f6nnte damit durchkommen. Der erste Chefankl\u00e4ger des Internationalen Strafgerichtshofs, Luis Moreno-Ocampo, wei\u00df warum:<\/p>\n<blockquote><p><em>&#8222;Aserbaidschan ist ein Verb\u00fcndeter des Westens im Kampf gegen den Iran; es liefert Energie nach Europa und gibt Millionen f\u00fcr hochentwickelte israelische Waffen aus. Aber solche Notwendigkeiten d\u00fcrfen der Verantwortung der Welt nicht in die Quere kommen, das zu stoppen, was vor ihren Augen geschieht: den V\u00f6lkermord an den Armeniern im Jahr 2023.&#8220;<\/em><em>(22)<\/em><\/p><\/blockquote>\n<p>Dass vor diesem Hintergrund die Klimaaktivisten in Dubai die verheerenden Auswirkungen eines drohenden Weltenbrandes auf unsere Umwelt und das Klima nicht thematisieren, l\u00e4sst tief blicken. Auch die Wahl des Tagungsortes Dubai regt zum Nachdenken an: <em>\u201eWo, wenn nicht in den Vereinigten Arabischen Emiraten (VAE), die den Stoff en gros verkaufen, aus dem die Albtraumhitze kommt, kann man die Dringlichkeit des Problems so klar erkennen? Bei den Emissionen von Kohlenstoffdioxid sind die VAE in der Spitzengruppe; 21,8 Tonnen pro Kopf im Jahr, knapp vor Saudi-Arabien mit 18,7. Nur Katar hat noch mehr verblasen: 35,6. In den USA waren es 14,9, in Indien 1,9, in \u00d6sterreich 7,2 &#8211; knapp hinter China mit 8 Tonnen. Mit seinen 1,4 Milliarden Menschen produziert China fast 31 Prozent des globalen Aussto\u00dfes, liegt also weit vor den USA (14%), Indien (7,3%) und Russland (4,7%)\u201c<\/em>.(23)<\/p>\n<p>Die W\u00fcstenstaaten sind also Emissions-Spitzenreiter, und dort findet nun die Klimakonferenz statt &#8211; ein Riesenspektakel in unvorstellbarem Luxus.<\/p>\n<p>Der ehemalige US-Vizepr\u00e4sident Al Gore hat seinerzeit die CO<sub>2 <\/sub>-Zertifikate erfunden und damit seine erste Milliarde verdient.(24) \u00a0Inzwischen verdienen viele an der Klimakrise, genauso wie sie an den Kriegen verdienen &#8211; CO<sub>2<\/sub>-Zertifikate, Klimaschutzprojekte in Entwicklungs- und Schwellenl\u00e4ndern, Elektromobilit\u00e4t, alternative Energien, Forschungsprojekte usw.: alles vielversprechende Gesch\u00e4ftsmodelle f\u00fcr eine saturierte und profitverw\u00f6hnte globale Elite.<\/p>\n<p>&nbsp;<\/p>\n<p style=\"text-align: right;\"><em>Wolfgang Effenberger, Jahrgang 1946, erhielt als Pionierhauptmann bei der Bundeswehr tiefere Einblicke in das von den USA vorbereitete &#8222;atomare Gefechtsfeld&#8220; in Europa. Nach zw\u00f6lfj\u00e4hriger Dienstzeit studierte er in M\u00fcnchen Politikwissenschaft sowie H\u00f6heres Lehramt (Bauwesen\/Mathematik) und unterrichtete bis 2000 an der Fachschule f\u00fcr Bautechnik. Seitdem publiziert er zur j\u00fcngeren deutschen Geschichte und zur US-Geopolitik. Zuletzt erschienen vom ihm\u00a0\u201eSchwarzbuch EU &amp; NATO\u201c (2020)\u00a0sowie\u00a0&#8222;Die untersch\u00e4tzte Macht&#8220; (2022)<\/em><\/p>\n<p>&nbsp;<\/p>\n<p><strong>Quellen und Anmerkungen<\/strong><\/p>\n<p>*) Der Artikel wurde Ende November 2023 &#8211; vor Beginn der Weltklimakonferenz geschrieben [Anm. der Webredaktion]<\/p>\n<p>1) <a href=\"https:\/\/www.youtube.com\/watch?v=yQ0Q4Dj2_fU\">https:\/\/www.youtube.com\/watch?v=yQ0Q4Dj2_fU<\/a><\/p>\n<p>2) <a href=\"https:\/\/www.partner-religion-development.org\/global-faith-leaders-summit-interfaith-statement-for-cop28\/\">https:\/\/www.partner-religion-development.org\/global-faith-leaders-summit-interfaith-statement-for-cop28\/<\/a>;; in deutscher \u00dcbersetzung:\u00a0<a href=\"https:\/\/www.partner-religion-development.org\/weltreligionen-indigene-interreligioese-erklaerung-weltklimakonferenz-cop28\/\"><em>https:\/\/www.partner-religion-development.org\/weltreligionen-indigene-interreligioese-erklaerung-weltklimakonferenz-cop28\/<\/em><\/a><\/p>\n<p>3) <a href=\"https:\/\/www.vatican.va\/content\/francesco\/de\/apost_exhortations\/documents\/20231004-laudate-deum.html\">https:\/\/www.vatican.va\/content\/francesco\/de\/apost_exhortations\/documents\/20231004-laudate-deum.html<\/a><\/p>\n<p>4) <a href=\"https:\/\/www.sn.at\/panorama\/international\/genesung-papst-franziskus-149511169\">https:\/\/www.sn.at\/panorama\/international\/genesung-papst-franziskus-149511169<\/a><\/p>\n<p>5) <a href=\"https:\/\/www.vaticannews.va\/de\/papst\/news\/2023-12\/papst-franziskus-cop28-dubai-klimawandel-umwelt-politik-parolin.html\">https:\/\/www.vaticannews.va\/de\/papst\/news\/2023-12\/papst-franziskus-cop28-dubai-klimawandel-umwelt-politik-parolin.html<\/a><\/p>\n<p>6) <a href=\"https:\/\/www.klimafakten.de\/behauptungen\/behauptung-groenland-war-frueher-eine-gruene-insel\">https:\/\/www.klimafakten.de\/behauptungen\/behauptung-groenland-war-frueher-eine-gruene-insel<\/a><\/p>\n<p>7) Wolfgang Effenberger\/Konrad L\u00f6w: Pax americana Die Geschichte einer Weltmacht von ihren angels\u00e4chsischen Wurzeln bis heute. M\u00fcnchen 2004, S. 25 f.<\/p>\n<p>8) <a href=\"https:\/\/www.nationalgeographic.de\/geschichte-und-kultur\/2022\/09\/klimawandel-im-mittelalter-vom-waermeoptimum-in-die-kaltzeit\">https:\/\/www.nationalgeographic.de\/geschichte-und-kultur\/2022\/09\/klimawandel-im-mittelalter-vom-waermeoptimum-in-die-kaltzeit<\/a><\/p>\n<p>9) <a href=\"https:\/\/www.faz.net\/aktuell\/wissen\/erde-klima\/im-spaetmittelalter-gab-es-eine-extrem-kalte-dekade-14602282.html\">https:\/\/www.faz.net\/aktuell\/wissen\/erde-klima\/im-spaetmittelalter-gab-es-eine-extrem-kalte-dekade-14602282.html<\/a><\/p>\n<p>10) <a href=\"https:\/\/www.nationalgeographic.de\/geschichte-und-kultur\/2022\/09\/klimawandel-im-mittelalter-vom-waermeoptimum-in-die-kaltzeit\">https:\/\/www.nationalgeographic.de\/geschichte-und-kultur\/2022\/09\/klimawandel-im-mittelalter-vom-waermeoptimum-in-die-kaltzeit<\/a><\/p>\n<p>11) Screenshot am 1. 12.2023: <a href=\"https:\/\/eike-klima-energie.eu\/2020\/02\/02\/wir-haben-nur-noch-13-jahre-henryk-broder-auf-der-berliner-fff-demo\/\">https:\/\/eike-klima-energie.eu\/2020\/02\/02\/wir-haben-nur-noch-13-jahre-henryk-broder-auf-der-berliner-fff-demo\/<\/a><\/p>\n<p>12) \u201eVon 1945 bis heute &#8211; 20 bis 30 Millionen Menschen von den USA get\u00f6tet\u201c, von Manlio Dinucci, \u00dcbersetzung K. R., Il Manifesto (Italien) , Voltaire Netzwerk, 21. November 2018, <a href=\"http:\/\/www.voltairenet.org\/article204026.html\">www.voltairenet.org\/article204026.html<\/a><\/p>\n<p>13) Mette; Norbert: \u201cWir stecken mitten in einem dritten weltkrieg\u201c <a href=\"https:\/\/books.google.at\/books?id=z413DwAAQBAJ&amp;pg=PT790&amp;lpg=PT790&amp;dq=\">https:\/\/books.google.at\/books?id=z413DwAAQBAJ&amp;pg=PT790&amp;lpg=PT790&amp;dq=\u201eWir+stecken+mitten+im+Dritten+Weltkrieg,+allerdings+in+einem+Krieg+in+Raten.+Es+gibt+Wirtschaftssysteme,+die,+um+\u00fcberleben+zu+k\u00f6nnen,+Krieg+f\u00fchren+m\u00fcssen.+Also+produzieren+und+verkaufen+sie+Waffen\u201c<\/a><\/p>\n<p>14) <a href=\"https:\/\/www.diepresse.com\/17882538\/klimagipfel-in-dubai-wird-recht-viel-heisse-luft-erzeugt\">https:\/\/www.diepresse.com\/17882538\/klimagipfel-in-dubai-wird-recht-viel-heisse-luft-erzeugt<\/a><\/p>\n<p>15) <a href=\"https:\/\/web.de\/magazine\/politik\/nahostkonflikt\/feuerpause-gazastreifen-krieg-kehrt-voller-wucht-zurueck-38927102\">https:\/\/web.de\/magazine\/politik\/nahostkonflikt\/feuerpause-gazastreifen-krieg-kehrt-voller-wucht-zurueck-38927102<\/a><\/p>\n<p>16) <a href=\"https:\/\/web.de\/magazine\/politik\/nahostkonflikt\/krieg-nahost-israels-armee-weitet-bodeneinsaetze-gesamten-gazastreifen-38930144\">https:\/\/web.de\/magazine\/politik\/nahostkonflikt\/krieg-nahost-israels-armee-weitet-bodeneinsaetze-gesamten-gazastreifen-38930144<\/a><\/p>\n<p>17) <a href=\"https:\/\/web.de\/magazine\/politik\/nahostkonflikt\/krieg-nahost-israels-armee-weitet-bodeneinsaetze-gesamten-gazastreifen-38930144\">https:\/\/web.de\/magazine\/politik\/nahostkonflikt\/krieg-nahost-israels-armee-weitet-bodeneinsaetze-gesamten-gazastreifen-38930144<\/a><\/p>\n<p>18) <a href=\"https:\/\/www.seniora.org\/politik-wirtschaft\/israel\/moshe-zuckermann-israel-wollte-nie-frieden\">https:\/\/www.seniora.org\/politik-wirtschaft\/israel\/moshe-zuckermann-israel-wollte-nie-frieden<\/a><\/p>\n<p>19) Sie sieht vor, dass Feinde israelische Soldaten nicht als Geiseln nehmen d\u00fcrfen, selbst wenn dies bedeutet, sie zu t\u00f6ten.<\/p>\n<p>20) <a href=\"https:\/\/www.voltairenet.org\/article220074.html\">https:\/\/www.voltairenet.org\/article220074.html<\/a><\/p>\n<p>21) <a href=\"http:\/\/www.defenddemocracy.press\/the-coming-war-in-the-caucasus\/\">http:\/\/www.defenddemocracy.press\/the-coming-war-in-the-caucasus\/<\/a><\/p>\n<p>22) <a href=\"http:\/\/www.defenddemocracy.press\/the-coming-war-in-the-caucasus\/\">http:\/\/www.defenddemocracy.press\/the-coming-war-in-the-caucasus\/<\/a><\/p>\n<p>23) <a href=\"https:\/\/www.diepresse.com\/17882538\/klimagipfel-in-dubai-wird-recht-viel-heisse-luft-erzeugt\">https:\/\/www.diepresse.com\/17882538\/klimagipfel-in-dubai-wird-recht-viel-heisse-luft-erzeugt<\/a><\/p>\n<p>24) <a href=\"https:\/\/www.wiwo.de\/finanzen\/prominente-spekulanten-die-profiteure-im-handel-mit-co2-zertifikaten\/5155246.html\">https:\/\/www.wiwo.de\/finanzen\/prominente-spekulanten-die-profiteure-im-handel-mit-co2-zertifikaten\/5155246.html<\/a><\/p>\n<p>&nbsp;<\/p>\n<hr \/>\n<p><span style=\"font-size: 10pt;\">Bild oben: <a href=\"https:\/\/pixabay.com\/de\/photos\/protest-modelle-kunst-k%C3%BCnstler-2265287\/\" target=\"_blank\" rel=\"noopener\">pixabay.com<\/a> \/ <a class=\"userName--owby3\" href=\"https:\/\/pixabay.com\/de\/users\/stuarthampton-122636\/\" target=\"_blank\" rel=\"noopener\">stuarthampton<\/a> \/ <a href=\"https:\/\/pixabay.com\/de\/service\/license-summary\/\" target=\"_blank\" rel=\"noopener\">Inhaltslizenz<\/a><\/span><\/p>\n<p>&nbsp;<\/p>\n<p>&nbsp;<\/p>\n","protected":false},"excerpt":{"rendered":"<p><b>Beitrag von Wolfgang Effenberger<\/b><br \/>\nVom 30. November bis zum 12. Dezember 2023 (*) findet in Dubai, der gr\u00f6\u00dften Stadt in den Vereinigten Arabischen Emiraten (VAE), die 28. Weltklimakonferenz (COP28) statt. Zwei Wochen lang beraten rund 70.000 Repr\u00e4sentanten aus 200 Staaten im Emirat am Persischen Golf \u00fcber die Eind\u00e4mmung der Klimakrise (wieviel Tonnen CO2 entstanden allein durch die Anreise der Teilnehmer?) Friedlich vereint: Vertreter aus Regierungen und Nicht-Regierungs-Organisationen. F\u00fcr den WELT-Kolumnisten Henryk M. Broder \u201e\u2026ein Klassentreffen von Leuten, deren \u00f6konomische Interessen mit diesem Zirkus verkn\u00fcpft sind\u201c. [&#8230;]<br \/>\nDrei Wochen zuvor hatten sich am 6. und 7.\u00a0November in Abu Dhabi mehr als 200\u00a0hochrangige Vertreter verschiedener Weltreligionen\u00a0\u00a0&#8211; u.a. Vertreter von Baha\u2019i, Buddhismus, Christentum, Hinduismus, Islam, Judentum, Sikhi\u00a0\u00a0&#8211; gemeinsam mit Pers\u00f6nlichkeiten aus indigenen Bev\u00f6lkerungsgruppen, Wissenschaftlern und Politikern getroffen.<\/p>\n","protected":false},"author":3,"featured_media":17674,"comment_status":"closed","ping_status":"closed","sticky":false,"template":"","format":"standard","meta":{"colormag_page_container_layout":"default_layout","colormag_page_sidebar_layout":"default_layout","advanced_seo_description":"","jetpack_seo_html_title":"","jetpack_seo_noindex":false,"jetpack_post_was_ever_published":false,"footnotes":""},"categories":[12,15],"tags":[2042,1070,1170,2039,2026,91,2040,94,188,1955,2041,1236,2038,2037],"class_list":["post-17670","post","type-post","status-publish","format-standard","has-post-thumbnail","hentry","category-demokratie-medien-aufklaerung","category-religions-kirchenkritik","tag-armenien","tag-aserbaidschan","tag-co2","tag-eiszeit","tag-klimabewegung","tag-klimakonferenz","tag-klimaleugner","tag-klimawandel","tag-krieg","tag-nahostkonflikt","tag-religionsfuehrer","tag-treffen","tag-warmzeit","tag-weltreligionen"],"jetpack_featured_media_url":"https:\/\/i0.wp.com\/www.freidenker.org\/fw17\/wp-content\/uploads\/2023\/12\/protest-2265287_800x450.jpg?fit=800%2C450&ssl=1","jetpack_shortlink":"https:\/\/wp.me\/p9stpK-4B0","jetpack-related-posts":[{"id":6780,"url":"https:\/\/www.freidenker.org\/?p=6780","url_meta":{"origin":17670,"position":0},"title":"Sommerhitze kein Grund zur Klima-Panik","author":"Webredaktion","date":"28. Juli 2019","format":false,"excerpt":"In der Rubrik Tagesdosis wurde am 26.07.2019 bei KenFM der Beitrag \u201eSommerhitze kein Grund zur Klima-Panik\u201c von Rainer Rupp, Mitglied des Beirats des Deutschen Freidenker-Verbandes, ver\u00f6ffentlicht. CO2, CO2, CO2, Wir sind auf dem Weg in den Untergang, nicht erst \u00dcbermorgen, sondern jetzt. Wir stehen am Rande des Abgrunds. Die Panik\u2026","rel":"","context":"In &quot;Demokratie \u2013 Medien \u2013 Aufkl\u00e4rung&quot;","block_context":{"text":"Demokratie \u2013 Medien \u2013 Aufkl\u00e4rung","link":"https:\/\/www.freidenker.org\/?cat=12"},"img":{"alt_text":"","src":"https:\/\/i0.wp.com\/www.freidenker.org\/fw17\/wp-content\/uploads\/2019\/07\/sommerhitze_800x445.jpg?fit=800%2C445&ssl=1&resize=350%2C200","width":350,"height":200,"srcset":"https:\/\/i0.wp.com\/www.freidenker.org\/fw17\/wp-content\/uploads\/2019\/07\/sommerhitze_800x445.jpg?fit=800%2C445&ssl=1&resize=350%2C200 1x, https:\/\/i0.wp.com\/www.freidenker.org\/fw17\/wp-content\/uploads\/2019\/07\/sommerhitze_800x445.jpg?fit=800%2C445&ssl=1&resize=525%2C300 1.5x, https:\/\/i0.wp.com\/www.freidenker.org\/fw17\/wp-content\/uploads\/2019\/07\/sommerhitze_800x445.jpg?fit=800%2C445&ssl=1&resize=700%2C400 2x"},"classes":[]},{"id":7278,"url":"https:\/\/www.freidenker.org\/?p=7278","url_meta":{"origin":17670,"position":1},"title":"CO2: Eldorado f\u00fcr Finanzkonzerne","author":"Webredaktion","date":"10. Dezember 2019","format":false,"excerpt":"In der Rubrik Tagesdosis wurde am 06.12.2019 bei KenFM der Beitrag \u201eCO2: Eldorado f\u00fcr Finanzkonzerne\u201c von Rainer Rupp ver\u00f6ffentlicht. Kaum zu glauben, aber die Finanzkonzerne und die Kriegstreiber aus der \u201eSicherheitspolitik\u201c haben die Kinder und Jugendlichen der \u201eFridays For Future\u201c Bewegung f\u00fcr ihre Zwecke mobilisiert. Die offiziellen CO2 Wissenschaftler und\u2026","rel":"","context":"In &quot;Demokratie \u2013 Medien \u2013 Aufkl\u00e4rung&quot;","block_context":{"text":"Demokratie \u2013 Medien \u2013 Aufkl\u00e4rung","link":"https:\/\/www.freidenker.org\/?cat=12"},"img":{"alt_text":"","src":"https:\/\/i0.wp.com\/www.freidenker.org\/fw17\/wp-content\/uploads\/2019\/12\/Eldorado_fuer_Finanzkonzerne.jpg?fit=800%2C445&ssl=1&resize=350%2C200","width":350,"height":200,"srcset":"https:\/\/i0.wp.com\/www.freidenker.org\/fw17\/wp-content\/uploads\/2019\/12\/Eldorado_fuer_Finanzkonzerne.jpg?fit=800%2C445&ssl=1&resize=350%2C200 1x, https:\/\/i0.wp.com\/www.freidenker.org\/fw17\/wp-content\/uploads\/2019\/12\/Eldorado_fuer_Finanzkonzerne.jpg?fit=800%2C445&ssl=1&resize=525%2C300 1.5x, https:\/\/i0.wp.com\/www.freidenker.org\/fw17\/wp-content\/uploads\/2019\/12\/Eldorado_fuer_Finanzkonzerne.jpg?fit=800%2C445&ssl=1&resize=700%2C400 2x"},"classes":[]},{"id":304,"url":"https:\/\/www.freidenker.org\/?p=304","url_meta":{"origin":17670,"position":2},"title":"Der Streit um das Klima","author":"Webmaster","date":"17. M\u00e4rz 2010","format":false,"excerpt":"Beitrag von Klaus Hartmann aus FREIDENKER 1-10 \u201ePrognosen sind schwierig, besonders wenn sie die Zukunft betreffen.\u201c Ob der sch\u00f6ne Satz von Karl Valentin, Mark Twain oder Winston Churchill stammt, ist umstritten. Nicht umstritten ist, dass Prognosen die \u00f6ffentliche Meinung beeinflussen sollen und deshalb oft auf Skepsis treffen. Auch beim Klima\u2026","rel":"","context":"In &quot;Arbeit &amp; Soziales&quot;","block_context":{"text":"Arbeit &amp; Soziales","link":"https:\/\/www.freidenker.org\/?cat=11"},"img":{"alt_text":"","src":"https:\/\/i0.wp.com\/www.freidenker.org\/fw17\/wp-content\/uploads\/2016\/07\/berg-landschaft-natur-epos.jpg?fit=800%2C445&ssl=1&resize=350%2C200","width":350,"height":200,"srcset":"https:\/\/i0.wp.com\/www.freidenker.org\/fw17\/wp-content\/uploads\/2016\/07\/berg-landschaft-natur-epos.jpg?fit=800%2C445&ssl=1&resize=350%2C200 1x, https:\/\/i0.wp.com\/www.freidenker.org\/fw17\/wp-content\/uploads\/2016\/07\/berg-landschaft-natur-epos.jpg?fit=800%2C445&ssl=1&resize=525%2C300 1.5x, https:\/\/i0.wp.com\/www.freidenker.org\/fw17\/wp-content\/uploads\/2016\/07\/berg-landschaft-natur-epos.jpg?fit=800%2C445&ssl=1&resize=700%2C400 2x"},"classes":[]},{"id":7035,"url":"https:\/\/www.freidenker.org\/?p=7035","url_meta":{"origin":17670,"position":3},"title":"Der blinde Fleck","author":"Webredaktion","date":"2. Oktober 2019","format":false,"excerpt":"In der Rubrik Tagesdosis wurde am 20.09.2019 bei KenFM der Beitrag \u201eDer blinde Fleck\u201c von Dagmar Henn ver\u00f6ffentlicht Wenn heute die gro\u00dfe Volksgemeinschaft der Klimafreunde auf die Stra\u00dfe geht, dann gibt es ein Thema, mit dem sie sich gewiss nicht befasst: die Containerschifffahrt. Eigenartig, oder? Schlie\u00dflich sind Containerschiffe so ziemlich\u2026","rel":"","context":"In &quot;Demokratie \u2013 Medien \u2013 Aufkl\u00e4rung&quot;","block_context":{"text":"Demokratie \u2013 Medien \u2013 Aufkl\u00e4rung","link":"https:\/\/www.freidenker.org\/?cat=12"},"img":{"alt_text":"","src":"https:\/\/i0.wp.com\/www.freidenker.org\/fw17\/wp-content\/uploads\/2019\/10\/container-2786842_800x445.jpg?fit=800%2C445&ssl=1&resize=350%2C200","width":350,"height":200,"srcset":"https:\/\/i0.wp.com\/www.freidenker.org\/fw17\/wp-content\/uploads\/2019\/10\/container-2786842_800x445.jpg?fit=800%2C445&ssl=1&resize=350%2C200 1x, https:\/\/i0.wp.com\/www.freidenker.org\/fw17\/wp-content\/uploads\/2019\/10\/container-2786842_800x445.jpg?fit=800%2C445&ssl=1&resize=525%2C300 1.5x, https:\/\/i0.wp.com\/www.freidenker.org\/fw17\/wp-content\/uploads\/2019\/10\/container-2786842_800x445.jpg?fit=800%2C445&ssl=1&resize=700%2C400 2x"},"classes":[]},{"id":24088,"url":"https:\/\/www.freidenker.org\/?p=24088","url_meta":{"origin":17670,"position":4},"title":"COP30 in Bel\u00e9m: Fossile Lobby setzt sich durch.","author":"Webredaktion","date":"30. Dezember 2025","format":false,"excerpt":"Es braucht eine grunds\u00e4tzlich andere Verhandlungs-Methode Beitrag von Dr. Helmut Selinger Nach den Klimakonferenzen der letzten beiden Jahre [...] bin ich schon froh, dass die Weltklimakonferenz COP 30 diesmal zumindest in einem Land wie Brasilien stattfand, dessen Pr\u00e4sident, Luiz In\u00e1cio Lula da Silva, immerhin mehr Ambitionen hatte, ein vern\u00fcnftiges Ergebnis\u2026","rel":"","context":"In &quot;Demokratie \u2013 Medien \u2013 Aufkl\u00e4rung&quot;","block_context":{"text":"Demokratie \u2013 Medien \u2013 Aufkl\u00e4rung","link":"https:\/\/www.freidenker.org\/?cat=12"},"img":{"alt_text":"","src":"https:\/\/i0.wp.com\/www.freidenker.org\/fw17\/wp-content\/uploads\/2025\/12\/Projecao_no_Congresso_Nacional_-_COP_30_54915740803_800x450.jpg?fit=800%2C450&ssl=1&resize=350%2C200","width":350,"height":200,"srcset":"https:\/\/i0.wp.com\/www.freidenker.org\/fw17\/wp-content\/uploads\/2025\/12\/Projecao_no_Congresso_Nacional_-_COP_30_54915740803_800x450.jpg?fit=800%2C450&ssl=1&resize=350%2C200 1x, https:\/\/i0.wp.com\/www.freidenker.org\/fw17\/wp-content\/uploads\/2025\/12\/Projecao_no_Congresso_Nacional_-_COP_30_54915740803_800x450.jpg?fit=800%2C450&ssl=1&resize=525%2C300 1.5x, https:\/\/i0.wp.com\/www.freidenker.org\/fw17\/wp-content\/uploads\/2025\/12\/Projecao_no_Congresso_Nacional_-_COP_30_54915740803_800x450.jpg?fit=800%2C450&ssl=1&resize=700%2C400 2x"},"classes":[]},{"id":19884,"url":"https:\/\/www.freidenker.org\/?p=19884","url_meta":{"origin":17670,"position":5},"title":"Lisa Fitz: \u201eMiosga-Miasma\u201c (Miosga versus Wagenknecht)","author":"Webredaktion","date":"23. September 2024","format":false,"excerpt":"Video von Lisa Fitz Sommer, Sonne, Badewetter \u2013 und eine irre Politik, das ist wieder mal eine Super-Kombi, die einem den ganzen Badespa\u00df und Sommer vermiesen k\u00f6nnte\u2026 Wussten Sie, dass ein von der deutschen Bundeswehr eingesetzter Kampfjet vom Typ Eurofighter 3.500 Kilogramm Treibstoff pro Flugstunde verbraucht? Es lebe der Klimaschutz!\u2026","rel":"","context":"In &quot;Demokratie \u2013 Medien \u2013 Aufkl\u00e4rung&quot;","block_context":{"text":"Demokratie \u2013 Medien \u2013 Aufkl\u00e4rung","link":"https:\/\/www.freidenker.org\/?cat=12"},"img":{"alt_text":"","src":"https:\/\/i0.wp.com\/www.freidenker.org\/fw17\/wp-content\/uploads\/2024\/09\/Lisa_Fitz_Miosga_800x450.jpg?fit=800%2C450&ssl=1&resize=350%2C200","width":350,"height":200,"srcset":"https:\/\/i0.wp.com\/www.freidenker.org\/fw17\/wp-content\/uploads\/2024\/09\/Lisa_Fitz_Miosga_800x450.jpg?fit=800%2C450&ssl=1&resize=350%2C200 1x, https:\/\/i0.wp.com\/www.freidenker.org\/fw17\/wp-content\/uploads\/2024\/09\/Lisa_Fitz_Miosga_800x450.jpg?fit=800%2C450&ssl=1&resize=525%2C300 1.5x, https:\/\/i0.wp.com\/www.freidenker.org\/fw17\/wp-content\/uploads\/2024\/09\/Lisa_Fitz_Miosga_800x450.jpg?fit=800%2C450&ssl=1&resize=700%2C400 2x"},"classes":[]}],"_links":{"self":[{"href":"https:\/\/www.freidenker.org\/index.php?rest_route=\/wp\/v2\/posts\/17670","targetHints":{"allow":["GET"]}}],"collection":[{"href":"https:\/\/www.freidenker.org\/index.php?rest_route=\/wp\/v2\/posts"}],"about":[{"href":"https:\/\/www.freidenker.org\/index.php?rest_route=\/wp\/v2\/types\/post"}],"author":[{"embeddable":true,"href":"https:\/\/www.freidenker.org\/index.php?rest_route=\/wp\/v2\/users\/3"}],"replies":[{"embeddable":true,"href":"https:\/\/www.freidenker.org\/index.php?rest_route=%2Fwp%2Fv2%2Fcomments&post=17670"}],"version-history":[{"count":0,"href":"https:\/\/www.freidenker.org\/index.php?rest_route=\/wp\/v2\/posts\/17670\/revisions"}],"wp:featuredmedia":[{"embeddable":true,"href":"https:\/\/www.freidenker.org\/index.php?rest_route=\/wp\/v2\/media\/17674"}],"wp:attachment":[{"href":"https:\/\/www.freidenker.org\/index.php?rest_route=%2Fwp%2Fv2%2Fmedia&parent=17670"}],"wp:term":[{"taxonomy":"category","embeddable":true,"href":"https:\/\/www.freidenker.org\/index.php?rest_route=%2Fwp%2Fv2%2Fcategories&post=17670"},{"taxonomy":"post_tag","embeddable":true,"href":"https:\/\/www.freidenker.org\/index.php?rest_route=%2Fwp%2Fv2%2Ftags&post=17670"}],"curies":[{"name":"wp","href":"https:\/\/api.w.org\/{rel}","templated":true}]}}