{"id":17640,"date":"2023-12-12T00:39:33","date_gmt":"2023-12-11T23:39:33","guid":{"rendered":"https:\/\/www.freidenker.org\/?p=17640"},"modified":"2024-01-20T11:02:38","modified_gmt":"2024-01-20T10:02:38","slug":"gewerkschaft-und-klimaschuetzer-ein-buendnis-zwischen-kalb-und-metzger","status":"publish","type":"post","link":"https:\/\/www.freidenker.org\/?p=17640","title":{"rendered":"Gewerkschaft und &#8222;Klimasch\u00fctzer&#8220; \u2013 ein B\u00fcndnis zwischen Kalb und Metzger"},"content":{"rendered":"<p><strong>Es m\u00fcsste inzwischen dem Letzten aufgefallen sein, dass die ganze &#8222;Klimasch\u00fctzerei&#8220; nur das Leben der normalen B\u00fcrger verschlechtern soll. Die Gewerkschaft Verdi hat das irgendwie verpasst und schmiedet jetzt stolz ein B\u00fcndnis: mit Luisa Neubauer und ihren Klimah\u00fcpfern.<\/strong><\/p>\n<p><em>Von <strong>Dagmar Henn<\/strong><\/em><\/p>\n<p><span style=\"font-size: 10pt;\">Erstver\u00f6ffentlichung am 10.12.2023 auf <a href=\"https:\/\/meinungsfreiheit.rtde.life\/meinung\/189042-gewerkschaft-und-klimaschuetzer-ein-buendnis-zwischen-kalb-und-metzger\/\" target=\"_blank\" rel=\"noopener\">RT DE<\/a><\/span><\/p>\n<p>Man h\u00e4tte es im Grunde ahnen k\u00f6nnen, als der Gr\u00fcne Frank Bsirske zum Vorsitzenden der zweitgr\u00f6\u00dften deutschen Gewerkschaft Verdi wurde. Aber damals war noch nicht ganz so klar, worauf diese gesamte gr\u00fcne Politik hinausl\u00e4uft.<\/p>\n<p>Inzwischen liegt das auf dem Tisch. Noch h\u00f6here Mieten, noch weniger Wohnungen, ganz viele Extrasteuern mit der Begr\u00fcndung CO\u2082, und \u00fcberhaupt das erkl\u00e4rte Ziel, den Lebensstandard der arbeitenden Bev\u00f6lkerung zu senken. Tief zu senken, denn wenn man das alles zusammenrechnet, wird einem schwummrig.<\/p>\n<p>Klar, es h\u00e4tte nie funktioniert, h\u00e4tte man sich hingestellt und erkl\u00e4rt, dass einfach alle Busfahrer, Krankenschwestern, Schwei\u00dfer und Sekret\u00e4rinnen weniger verdienen m\u00fcssen, damit die Rendite f\u00fcr die Milliard\u00e4re gewahrt bleibt. Daf\u00fcr braucht man schon einen etwas besseren Vorwand. So etwas wie ein pl\u00f6tzlich gef\u00e4hrdetes Klima, das alle umbringt, wenn man nicht &#8230;<\/p>\n<p>Aber mal ehrlich, mit Luisa Neubauer? Ja, das gab es fr\u00fcher auch gelegentlich, bei vielen K-Gruppen der 1970er, die reichen Erben, die f\u00fcr einige Zeit ein radikales Hobby entdeckten und Kommunisten werden wollten. Aber damals ging das nur, wenn sie dann auch auf ihr Erbe verzichteten. Einer Neubauer h\u00e4tte doch kein klassenbewusster Arbeiter die Hand gegeben, solange sie noch f\u00fcr ihre paar hundert Millionen ansitzt. So jemand geh\u00f6rt einfach zur anderen Seite.<\/p>\n<p>Das ist nichts Pers\u00f6nliches. Es ist nur eben so, dass es denen, die von Gewinnen leben, desto besser geht, je weniger die, die vom Verkauf ihrer Arbeitskraft leben, auf dem Tisch haben. Das ist nun einmal entweder \u2013 oder. Entweder die L\u00f6hne steigen oder die Gewinne. Entweder der Schwei\u00dfer freut sich oder der Couponschneider.<\/p>\n<p>Das war gewisserma\u00dfen die Grundlektion, die eine Gewerkschaft vermittelte. Schlie\u00dflich gibt es Gewerkschaften \u00fcberhaupt nur, weil sich die geringere wirtschaftliche Macht der abh\u00e4ngig Besch\u00e4ftigten nur durch einen Zusammenschluss in gr\u00f6\u00dferer Zahl ausgleichen l\u00e4sst. Es geht schlicht um Selbstschutz. Dass daraus im Lauf der Jahrzehnte Konstruktionen entstanden, in denen gerne Kompromisse gesucht werden und so getan wird, als h\u00e4tte man sich ganz lieb und die gleichen Interessen, ist ein anderes Thema.<\/p>\n<p>Aber Neubauer ist so was von auf der anderen Seite. Die ganze Klimanummer ist auf der anderen Seite. Sie erf\u00fcllt \u00fcberhaupt keinen anderen Zweck, als die Einkommen der Arbeitenden zu verringern; nur, dass in diesem Fall das Geld nicht direkt in die Tasche des Unternehmers flie\u00dft, f\u00fcr den die Besch\u00e4ftigten arbeiten, sondern den Umweg \u00fcber die Steuerkasse oder den Supermarkt oder die Stromrechnung nimmt. Am Ende ist das Ziel aber das Gleiche: der Geldbeutel, beziehungsweise das Bankkonto, oder eher das Depot von Neubauer und ihresgleichen.<\/p>\n<p>Man sollte sich n\u00e4mlich nicht t\u00e4uschen, mit diesen Nummern wird Gewinn gemacht. Immer mit der Masche, mit der auch die Autobahnen inzwischen Gewinn erwirtschaften d\u00fcrfen. &#8222;Investoren&#8220;, die staatliche Garantien bekommen, sprich, deren &#8222;Gewinne&#8220; schlichte Zahlungen aus Steuergeldern sind. Dazu kommen dann noch die Spekulationen mit Nahrungsmitteln, Gas, Strom und sonst allem, was irgendwie gehandelt werden kann, au\u00dferdem so appetitliche Gesch\u00e4fte von so freundlichen Firmen wie Rheinmetall.<\/p>\n<p>Was liegt eigentlich so im Depot von Neubauer oder ihren Eltern? Um wie viel hat ihr gegenw\u00e4rtiges oder k\u00fcnftiges Verm\u00f6gen zugenommen, w\u00e4hrend immer mehr Deutsche Probleme haben, das Heizen ihrer Wohnung noch zu bezahlen? Kein Verdi-Mitglied hat einen Vorteil davon, wenn sich andere Mitglieder der von ihr pr\u00e4sentierten &#8222;Bewegung&#8220; gegen Entgelt auf Stra\u00dfen kleben. Aber Neubauer hat bestimmt Geld in Windkraftfirmen liegen. Oder eben ihre Eltern.<\/p>\n<p>Sie wollen &#8222;gemeinsam f\u00fcr die Belange der Arbeitnehmer im \u00f6ffentlichen Nahverkehr und f\u00fcr weitere Investitionen k\u00e4mpfen&#8220;, <a href=\"https:\/\/www.berliner-zeitung.de\/politik-gesellschaft\/fridays-for-future-und-verdi-vertiefen-zusammenarbeit-notfalls-das-ganze-land-lahmlegen-li.2165104\" target=\"_blank\" rel=\"noopener noreferrer\">erkl\u00e4rte<\/a> die Gewerkschaft. Und tats\u00e4chlich, &#8222;die Gewerkschaften erhoffen sich f\u00fcr die anstehenden Tarifverhandlungen R\u00fcckendeckung aus der Klimabewegung&#8220;.<\/p>\n<p>Das ist etwas ganz Neues. Das Bankrotterkl\u00e4rung zu nennen, w\u00e4re noch h\u00f6flich. Die Gewerkschaften? Von der Klimabewegung? Fr\u00fcher war das mal andersherum. Da war eine politische Forderung dann stark, wenn sie die R\u00fcckendeckung der Gewerkschaften hatte. Brauchen jetzt tats\u00e4chlich Zehntausende Busfahrer R\u00fcckendeckung von Klimag\u00f6ren?<\/p>\n<p>&#8222;Die Unterst\u00fctzung durch die Klimabewegung hilft vor allem dem Image seiner Gewerkschaft&#8220;, soll der Bundesfachgruppenleiter f\u00fcr Busse und Bahnen Andreas Schackert gesagt haben. Irgendetwas hat er da nicht mitbekommen. Ich kann mir kaum vorstellen, dass die Busfahrer und Lokf\u00fchrer gut auf die Klimaj\u00fcnger zu sprechen sind.<\/p>\n<p>Und Image? Na ja, wenn man an den Universit\u00e4ten und Gymnasien punkten will, vielleicht. Aber inzwischen, seit ein gewisser Robert Habeck &#8222;f\u00fcr das Klima&#8220; die Industrie an die Wand f\u00e4hrt, die Br\u00fcsseler Vorgaben sogar noch die Reste der Landwirtschaft ruinieren (die niederl\u00e4ndischen Bauern haben ja nicht grundlos protestiert) und \u00fcberhaupt eigentlich alles immer weniger wird, au\u00dfer den Renditen, versteht sich, ist das Image der &#8222;Klimabewegung&#8220; bei der arbeitenden Bev\u00f6lkerung nicht mehr wirklich gut. So weit es das je war.<\/p>\n<p>Auch solche Sp\u00e4\u00dfe wie zwangsvegetarisiertes Kantinenessen kommen nicht gut an. Von den st\u00e4ndigen Verkehrshindernissen ganz zu schweigen. Und eine Gewerkschaft, in der beispielsweise unter anderem die Reinigungskr\u00e4fte organisiert sind, die sich dann mit den Farbklecksen besch\u00e4ftigen d\u00fcrfen, die diese Leute hinterlassen, sollte sich eigentlich nicht mit den Klecksern gemein machen. Schon gar nicht, wenn sie auch noch derart im eigenen Interesse agieren wie Neubauer.<\/p>\n<p>Die &#8222;Klimabewegung&#8220; werde &#8222;auch soziale Belange in den Blick nehmen&#8220;, erkl\u00e4rte dazu dann die Sprecherin von Fridays for Future Felicitas Heinisch. Genau, wie man es sich vorstellt \u2013 eine Neubauer spricht in solchen Situationen nicht selbst, sie hat Wichtigeres zu tun, in Dubai, sie l\u00e4sst sprechen. Aber die Behauptung ist verlogen. Die &#8222;Klimabewegung&#8220; hatte immer soziale Belange im Blick. Im Sinne des Kahlschlags, versteht sich. Dass man jetzt ein klein bisschen so tun will, als gingen einem die gew\u00f6hnlichen Besch\u00e4ftigten nicht v\u00f6llig am Allerwertesten vorbei, das ist die Imagepflege in der ganzen Nummer.<\/p>\n<p>Und dass die Gewerkschaftsvertreter bei der Aussage der Neubauer-Knechtin, &#8222;notfalls werden wir das ganze Land lahmlegen&#8220;, nicht vor Lachen unter dem Tisch lagen, zeigt, wie sehr sie den Blick f\u00fcr die wirklichen Kr\u00e4fteverh\u00e4ltnisse verloren haben. Die Neubauers k\u00f6nnen das n\u00e4mlich nur, weil man sie l\u00e4sst. Weil eben auf den ganzen Zirkus, den sie abziehen, nicht so reagiert wird, wie reagiert w\u00fcrde, wenn das beispielsweise eine Begleitaktion bei einem Streik w\u00e4re. Wirklich lahmlegen kann Verdi zehnmal mehr als die wildgewordenen Kleinb\u00fcrger unter F\u00fchrung der Millionenerbin.<\/p>\n<p>Leider ist diese ganze Entwicklung zutiefst traurig. Nicht nur, weil die Gewerkschaftsvertreter jeden Ma\u00dfstab von W\u00fcrde verloren haben und l\u00e4ngst nicht mehr wissen, auf welche Seite sie geh\u00f6ren und auf welche Neubauer. Nein, es ist noch schlimmer. Die ganze Klimanummer ist der sch\u00e4rfste Angriff auf die soziale Lage der Besch\u00e4ftigen seit vielen Jahrzehnten, und die F\u00fchrung von Verdi hat nichts Besseres zu tun, als dabei mitzuspielen. Wenn sich Verdi mit Neubauer verb\u00fcndet, dann ist das wie ein B\u00fcndnis zwischen Kalb und Metzger. Und Verdi ist nicht der Metzger.<\/p>\n<p style=\"text-align: right;\"><em>Dagmar Henn ist Mitglied des Deutschen Freidenker-Verbandes<\/em><\/p>\n<hr \/>\n<p><span style=\"font-size: 10pt;\">Bild oben: Aktion von Campact und DGB am 16.05.2018 in Berlin<\/span><br \/>\n<span style=\"font-size: 10pt;\">Foto:\u00a0Jakob Huber\/Campact, <a href=\"https:\/\/creativecommons.org\/licenses\/by-nc\/2.0\/\" target=\"_blank\" rel=\"noopener\">CC BY-NC 2.0 Deed<\/a><\/span><br \/>\n<span style=\"font-size: 10pt;\">Quelle: <a href=\"https:\/\/www.flickr.com\/photos\/campact\/42098040622\" target=\"_blank\" rel=\"noopener\">https:\/\/www.flickr.com\/photos\/campact\/42098040622<\/a><\/span><\/p>\n","protected":false},"excerpt":{"rendered":"<p><b>Beitrag von Dagmar Henn<\/b><br \/>\nMan h\u00e4tte es im Grunde ahnen k\u00f6nnen, als der Gr\u00fcne Frank Bsirske zum Vorsitzenden der zweitgr\u00f6\u00dften deutschen Gewerkschaft Verdi wurde. Aber damals war noch nicht ganz so klar, worauf diese gesamte gr\u00fcne Politik hinausl\u00e4uft. Inzwischen liegt das auf dem Tisch. Noch h\u00f6here Mieten, noch weniger Wohnungen, ganz viele Extrasteuern mit der Begr\u00fcndung CO\u2082, und \u00fcberhaupt das erkl\u00e4rte Ziel, den Lebensstandard der arbeitenden Bev\u00f6lkerung zu senken. [&#8230;] Klar, es h\u00e4tte nie funktioniert, h\u00e4tte man sich hingestellt und erkl\u00e4rt, dass einfach alle Busfahrer, Krankenschwestern, Schwei\u00dfer und Sekret\u00e4rinnen weniger verdienen m\u00fcssen, damit die Rendite f\u00fcr die Milliard\u00e4re gewahrt bleibt. Daf\u00fcr braucht man schon einen etwas besseren Vorwand. So etwas wie ein pl\u00f6tzlich gef\u00e4hrdetes Klima, das alle umbringt, wenn man nicht &#8230; Aber mal ehrlich, mit Luisa Neubauer?<\/p>\n","protected":false},"author":3,"featured_media":17650,"comment_status":"closed","ping_status":"closed","sticky":false,"template":"","format":"standard","meta":{"colormag_page_container_layout":"default_layout","colormag_page_sidebar_layout":"default_layout","advanced_seo_description":"","jetpack_seo_html_title":"","jetpack_seo_noindex":false,"jetpack_post_was_ever_published":false,"footnotes":""},"categories":[11],"tags":[1642,1228,358,2026,94,1101,1231,1530],"class_list":["post-17640","post","type-post","status-publish","format-standard","has-post-thumbnail","hentry","category-arbeit-soziales","tag-deindustrialisierung","tag-fridays-for-future","tag-gewerkschaft","tag-klimabewegung","tag-klimawandel","tag-soziale-frage","tag-sozialpolitik","tag-wohlstand"],"jetpack_featured_media_url":"https:\/\/i0.wp.com\/www.freidenker.org\/fw17\/wp-content\/uploads\/2023\/12\/Gewerkschaft_Klima_800x450.jpg?fit=800%2C450&ssl=1","jetpack_shortlink":"https:\/\/wp.me\/p9stpK-4Aw","jetpack-related-posts":[{"id":21133,"url":"https:\/\/www.freidenker.org\/?p=21133","url_meta":{"origin":17640,"position":0},"title":"Die neue Losung: Mehr Zensur wagen!","author":"Webredaktion","date":"11. M\u00e4rz 2025","format":false,"excerpt":"Beitrag von Dagmar Henn Und es wird noch einmal nachgelegt \u2013 \"mehr als 75 Organisationen\" haben einen offenen Brief verfasst, der angeblich \"Demokratie sch\u00fctzen, Gemeinwohl f\u00f6rdern\" zum Ziel hat, in Wirklichkeit aber nur die bereits bestehende Zensurmaschine weiter verfeinern will. Und ganz vorne mit dabei: die Gewerkschaft Verdi. Auf den\u2026","rel":"","context":"In &quot;Demokratie \u2013 Medien \u2013 Aufkl\u00e4rung&quot;","block_context":{"text":"Demokratie \u2013 Medien \u2013 Aufkl\u00e4rung","link":"https:\/\/www.freidenker.org\/?cat=12"},"img":{"alt_text":"","src":"https:\/\/i0.wp.com\/www.freidenker.org\/fw17\/wp-content\/uploads\/2025\/03\/Demo_Netzzensur_2009_02_800x450.jpg?fit=800%2C450&ssl=1&resize=350%2C200","width":350,"height":200,"srcset":"https:\/\/i0.wp.com\/www.freidenker.org\/fw17\/wp-content\/uploads\/2025\/03\/Demo_Netzzensur_2009_02_800x450.jpg?fit=800%2C450&ssl=1&resize=350%2C200 1x, https:\/\/i0.wp.com\/www.freidenker.org\/fw17\/wp-content\/uploads\/2025\/03\/Demo_Netzzensur_2009_02_800x450.jpg?fit=800%2C450&ssl=1&resize=525%2C300 1.5x, https:\/\/i0.wp.com\/www.freidenker.org\/fw17\/wp-content\/uploads\/2025\/03\/Demo_Netzzensur_2009_02_800x450.jpg?fit=800%2C450&ssl=1&resize=700%2C400 2x"},"classes":[]},{"id":20873,"url":"https:\/\/www.freidenker.org\/?p=20873","url_meta":{"origin":17640,"position":1},"title":"&#8222;Lichtermeer gegen Rechts&#8220; \u2013 nah am braunen Original","author":"Webredaktion","date":"31. Januar 2025","format":false,"excerpt":"Beitrag von Dagmar Henn Schon der Januar des vergangenen Jahres wurde durch gro\u00dfe Gehorsamkeitsbekundungen gest\u00f6rt. Jetzt geht es wieder los damit. Aber egal, wie oft da das Etikett \"Gegen Rechts\" aufgeklebt wird, der eigentliche Inhalt ist nah dran am braunen Original. Und schon gibt es die n\u00e4chste Runde Regierungsaufm\u00e4rsche. Von\u2026","rel":"","context":"In &quot;Demokratie \u2013 Medien \u2013 Aufkl\u00e4rung&quot;","block_context":{"text":"Demokratie \u2013 Medien \u2013 Aufkl\u00e4rung","link":"https:\/\/www.freidenker.org\/?cat=12"},"img":{"alt_text":"","src":"https:\/\/i0.wp.com\/www.freidenker.org\/fw17\/wp-content\/uploads\/2025\/01\/Demo_gegen_Rechts_Berlin_25.01.2025_03_800x450.jpg?fit=800%2C450&ssl=1&resize=350%2C200","width":350,"height":200,"srcset":"https:\/\/i0.wp.com\/www.freidenker.org\/fw17\/wp-content\/uploads\/2025\/01\/Demo_gegen_Rechts_Berlin_25.01.2025_03_800x450.jpg?fit=800%2C450&ssl=1&resize=350%2C200 1x, https:\/\/i0.wp.com\/www.freidenker.org\/fw17\/wp-content\/uploads\/2025\/01\/Demo_gegen_Rechts_Berlin_25.01.2025_03_800x450.jpg?fit=800%2C450&ssl=1&resize=525%2C300 1.5x, https:\/\/i0.wp.com\/www.freidenker.org\/fw17\/wp-content\/uploads\/2025\/01\/Demo_gegen_Rechts_Berlin_25.01.2025_03_800x450.jpg?fit=800%2C450&ssl=1&resize=700%2C400 2x"},"classes":[]},{"id":9040,"url":"https:\/\/www.freidenker.org\/?p=9040","url_meta":{"origin":17640,"position":2},"title":"Spanien: Amazon infiltriert Streik mit Privatspionen","author":"Webredaktion","date":"19. Dezember 2020","format":false,"excerpt":"Beitrag von Klaus Hartmann - In memoriam Christian Kr\u00e4hling Unser am 10.12.2020 verstorbene Genosse und Streikf\u00fchrer bei Amazon Bad Hersfeld war auch unabl\u00e4ssig aktiv, um die Solidarit\u00e4t der Amazon-Besch\u00e4ftigten international zu organisieren, so auch mit den gewerkschaftlichen Interessenvertretern in Spanien. Jetzt (02.12.2020) ver\u00f6ffentlichte der Business Insider einen Bericht \u00fcber die\u2026","rel":"","context":"In &quot;Arbeit &amp; Soziales&quot;","block_context":{"text":"Arbeit &amp; Soziales","link":"https:\/\/www.freidenker.org\/?cat=11"},"img":{"alt_text":"","src":"https:\/\/i0.wp.com\/www.freidenker.org\/fw17\/wp-content\/uploads\/2020\/12\/christian_kraehling_stangl_800x450.jpg?fit=800%2C450&ssl=1&resize=350%2C200","width":350,"height":200,"srcset":"https:\/\/i0.wp.com\/www.freidenker.org\/fw17\/wp-content\/uploads\/2020\/12\/christian_kraehling_stangl_800x450.jpg?fit=800%2C450&ssl=1&resize=350%2C200 1x, https:\/\/i0.wp.com\/www.freidenker.org\/fw17\/wp-content\/uploads\/2020\/12\/christian_kraehling_stangl_800x450.jpg?fit=800%2C450&ssl=1&resize=525%2C300 1.5x, https:\/\/i0.wp.com\/www.freidenker.org\/fw17\/wp-content\/uploads\/2020\/12\/christian_kraehling_stangl_800x450.jpg?fit=800%2C450&ssl=1&resize=700%2C400 2x"},"classes":[]},{"id":14507,"url":"https:\/\/www.freidenker.org\/?p=14507","url_meta":{"origin":17640,"position":3},"title":"Verloren zwischen lechts und rinks: Bodo, der wirre Besatzer","author":"Webredaktion","date":"24. Oktober 2022","format":false,"excerpt":"Beitrag von Dagmar Henn Der Herbst beginnt, und die Warnungen vor dem Demonstrieren werden noch ein St\u00fcck lauter. Schlie\u00dflich vergn\u00fcgen sich einige bereits in B\u00fcror\u00e4umen mit 19 Grad Raumtemperatur, oder verbringen ihre Tage in unterk\u00fchlten Wohnungen. Da k\u00f6nnte die Versuchung steigen, sich gegen die Regierung zu wenden und Missfallen kundzutun.\u2026","rel":"","context":"In &quot;Demokratie \u2013 Medien \u2013 Aufkl\u00e4rung&quot;","block_context":{"text":"Demokratie \u2013 Medien \u2013 Aufkl\u00e4rung","link":"https:\/\/www.freidenker.org\/?cat=12"},"img":{"alt_text":"","src":"https:\/\/i0.wp.com\/www.freidenker.org\/fw17\/wp-content\/uploads\/2022\/10\/Ramelow-Erfurter_Parteitag_Juni_2022_800x450.jpg?fit=800%2C450&ssl=1&resize=350%2C200","width":350,"height":200,"srcset":"https:\/\/i0.wp.com\/www.freidenker.org\/fw17\/wp-content\/uploads\/2022\/10\/Ramelow-Erfurter_Parteitag_Juni_2022_800x450.jpg?fit=800%2C450&ssl=1&resize=350%2C200 1x, https:\/\/i0.wp.com\/www.freidenker.org\/fw17\/wp-content\/uploads\/2022\/10\/Ramelow-Erfurter_Parteitag_Juni_2022_800x450.jpg?fit=800%2C450&ssl=1&resize=525%2C300 1.5x, https:\/\/i0.wp.com\/www.freidenker.org\/fw17\/wp-content\/uploads\/2022\/10\/Ramelow-Erfurter_Parteitag_Juni_2022_800x450.jpg?fit=800%2C450&ssl=1&resize=700%2C400 2x"},"classes":[]},{"id":17162,"url":"https:\/\/www.freidenker.org\/?p=17162","url_meta":{"origin":17640,"position":4},"title":"Sevim Da\u011fdelen: Aufstehen gegen die Burgfriedenspolitik der Gewerkschaften!","author":"Webredaktion","date":"3. Oktober 2023","format":false,"excerpt":"Beitrag von Felicitas Rabe Die Initiative \"Gewerkschafterinnen und Gewerkschafter gegen den Krieg\" organisierte am Montag (25.09.2023) im K\u00f6lner B\u00fcrgerzentrum Ehrenfeld die Veranstaltung: Den Krieg stoppen! Waffenstillstand schlie\u00dfen, Waffenlieferungen beenden, Wirtschaftssanktionen aufheben! Sie luden dazu ein, mit der Bundestagsabgeordneten (Die Linke) Sevim Da\u011fdelen \"\u00fcber eine starke Friedensbewegung und sozialen Widerstand\" zu\u2026","rel":"","context":"In &quot;Frieden - Antifaschismus - Solidarit\u00e4t&quot;","block_context":{"text":"Frieden - Antifaschismus - Solidarit\u00e4t","link":"https:\/\/www.freidenker.org\/?cat=13"},"img":{"alt_text":"","src":"https:\/\/i0.wp.com\/www.freidenker.org\/fw17\/wp-content\/uploads\/2023\/10\/dagdelen_koeln-2023_800x450.jpg?fit=800%2C450&ssl=1&resize=350%2C200","width":350,"height":200,"srcset":"https:\/\/i0.wp.com\/www.freidenker.org\/fw17\/wp-content\/uploads\/2023\/10\/dagdelen_koeln-2023_800x450.jpg?fit=800%2C450&ssl=1&resize=350%2C200 1x, https:\/\/i0.wp.com\/www.freidenker.org\/fw17\/wp-content\/uploads\/2023\/10\/dagdelen_koeln-2023_800x450.jpg?fit=800%2C450&ssl=1&resize=525%2C300 1.5x, https:\/\/i0.wp.com\/www.freidenker.org\/fw17\/wp-content\/uploads\/2023\/10\/dagdelen_koeln-2023_800x450.jpg?fit=800%2C450&ssl=1&resize=700%2C400 2x"},"classes":[]},{"id":11000,"url":"https:\/\/www.freidenker.org\/?p=11000","url_meta":{"origin":17640,"position":5},"title":"Streik bei Deutscher Bahn: Solidarit\u00e4t mit der GDL \u2013 aus vielen Gr\u00fcnden!","author":"Webredaktion","date":"13. August 2021","format":false,"excerpt":"Beitrag von Werner R\u00fcgemer Gem\u00e4\u00dfigter kann die GDL nicht sein: Sie verlangt nur dasselbe, was im Tarifvertrag f\u00fcr den \u00f6ffentlichen Dienst schon vereinbart wurde. Dabei werden die GDL-Forderungen \u00f6ffentlich meist noch falsch und unvollst\u00e4ndig dargestellt: .... Obwohl sich die DB als Teil des \u00f6ffentlichen Dienstes aufspielt, lehnt der Vorstand beide\u2026","rel":"","context":"In &quot;Arbeit &amp; Soziales&quot;","block_context":{"text":"Arbeit &amp; Soziales","link":"https:\/\/www.freidenker.org\/?cat=11"},"img":{"alt_text":"","src":"https:\/\/i0.wp.com\/www.freidenker.org\/fw17\/wp-content\/uploads\/2021\/08\/S-Bahn_Stellingen_GDL_Streik_800x450.jpg?fit=800%2C450&ssl=1&resize=350%2C200","width":350,"height":200,"srcset":"https:\/\/i0.wp.com\/www.freidenker.org\/fw17\/wp-content\/uploads\/2021\/08\/S-Bahn_Stellingen_GDL_Streik_800x450.jpg?fit=800%2C450&ssl=1&resize=350%2C200 1x, https:\/\/i0.wp.com\/www.freidenker.org\/fw17\/wp-content\/uploads\/2021\/08\/S-Bahn_Stellingen_GDL_Streik_800x450.jpg?fit=800%2C450&ssl=1&resize=525%2C300 1.5x, https:\/\/i0.wp.com\/www.freidenker.org\/fw17\/wp-content\/uploads\/2021\/08\/S-Bahn_Stellingen_GDL_Streik_800x450.jpg?fit=800%2C450&ssl=1&resize=700%2C400 2x"},"classes":[]}],"_links":{"self":[{"href":"https:\/\/www.freidenker.org\/index.php?rest_route=\/wp\/v2\/posts\/17640","targetHints":{"allow":["GET"]}}],"collection":[{"href":"https:\/\/www.freidenker.org\/index.php?rest_route=\/wp\/v2\/posts"}],"about":[{"href":"https:\/\/www.freidenker.org\/index.php?rest_route=\/wp\/v2\/types\/post"}],"author":[{"embeddable":true,"href":"https:\/\/www.freidenker.org\/index.php?rest_route=\/wp\/v2\/users\/3"}],"replies":[{"embeddable":true,"href":"https:\/\/www.freidenker.org\/index.php?rest_route=%2Fwp%2Fv2%2Fcomments&post=17640"}],"version-history":[{"count":0,"href":"https:\/\/www.freidenker.org\/index.php?rest_route=\/wp\/v2\/posts\/17640\/revisions"}],"wp:featuredmedia":[{"embeddable":true,"href":"https:\/\/www.freidenker.org\/index.php?rest_route=\/wp\/v2\/media\/17650"}],"wp:attachment":[{"href":"https:\/\/www.freidenker.org\/index.php?rest_route=%2Fwp%2Fv2%2Fmedia&parent=17640"}],"wp:term":[{"taxonomy":"category","embeddable":true,"href":"https:\/\/www.freidenker.org\/index.php?rest_route=%2Fwp%2Fv2%2Fcategories&post=17640"},{"taxonomy":"post_tag","embeddable":true,"href":"https:\/\/www.freidenker.org\/index.php?rest_route=%2Fwp%2Fv2%2Ftags&post=17640"}],"curies":[{"name":"wp","href":"https:\/\/api.w.org\/{rel}","templated":true}]}}