{"id":17635,"date":"2023-12-12T00:39:20","date_gmt":"2023-12-11T23:39:20","guid":{"rendered":"https:\/\/www.freidenker.org\/?p=17635"},"modified":"2024-01-20T11:02:28","modified_gmt":"2024-01-20T10:02:28","slug":"ausgewandert-unser-weg-nach-ungarn","status":"publish","type":"post","link":"https:\/\/www.freidenker.org\/?p=17635","title":{"rendered":"Ausgewandert: Unser Weg nach Ungarn"},"content":{"rendered":"<p><strong>Seit November 2023 leben wir nicht mehr in Deutschland. Meine Frau und ich haben den Schritt gewagt und das Land verlassen. Damit verbunden war und ist ein Feuerwerk der Gef\u00fchle. <\/strong><\/p>\n<p><em>Von Tom J. Wellbrock<\/em><\/p>\n<p><span style=\"font-size: 10pt;\">Erstver\u00f6ffentlichung am 10.12.2023 auf <a href=\"https:\/\/meinungsfreiheit.rtde.life\/meinung\/189315-ausgewandert-unser-weg-nach-ungarn\/\" target=\"_blank\" rel=\"noopener\">RT DE<\/a><\/span><\/p>\n<div class=\"EmbedBlock-root EmbedBlock-all\">\n<div class=\"AllEmbed\"><iframe loading=\"lazy\" title=\"Ausgewandert: Unser Weg nach Ungarn\" src=\"https:\/\/www.podbean.com\/player-v2\/?i=zs9p7-151ff6e-pb&amp;from=pb6admin&amp;share=1&amp;download=1&amp;rtl=0&amp;fonts=Arial&amp;skin=1&amp;font-color=&amp;logo_link=episode_page&amp;btn-skin=7\" width=\"100%\" height=\"150\" scrolling=\"no\" data-name=\"pb-iframe-player\" data-mce-fragment=\"1\"><\/iframe><\/div>\n<\/div>\n<p>Die Entscheidung, nach Ungarn auszuwandern, fiel Anfang 2020, wir wussten es nur damals noch nicht. Als der Corona-Wahnsinn begann, ging ich von einer kurzen Schockwelle aus, \u00fcber die nach drei Wochen niemand mehr sprechen w\u00fcrde. Bekannterma\u00dfen irrte ich mich auf ganzer Linie. Der Mann in meinem Lieblingsimbiss hatte mehr Weitsicht als ich, er sch\u00fcttelte den Kopf, als ich ihm sagte, dass diese Geschichte in ein paar Wochen vorbei sei. Das glaube er irgendwie nicht, meinte er. Der Rest ist Geschichte.<\/p>\n<h5>Der beginnende Druck<\/h5>\n<p>Ich erinnere mich an viele Szenen, die erschreckend waren. Allerdings waren es tats\u00e4chlich weniger die teils v\u00f6llig haneb\u00fcchenen Verbote, vielmehr war es die ausf\u00fchrende Staatsmacht, also die Polizei, die mich besorgte. Schlimmer noch waren allerdings die vielen Mitl\u00e4ufer, die v\u00f6llig unhinterfragt noch die verr\u00fccktesten Ma\u00dfnahmen unterst\u00fctzten und bereit waren, daf\u00fcr zu denunzieren und zu hetzen.<\/p>\n<p>Geht es noch schlimmer? Ja, irgendwie schon. Denn im Zuge der Corona-Episode erlebte ich zudem eine Menge gefallene Helden. Ich bin Jahrgang 1967 und aufgewachsen mit &#8222;Kristallnacht&#8220; von BAP, mit &#8222;Jetzt oder nie&#8220; von Gr\u00f6nemeyer und &#8222;Freiheit&#8220; von Westernhagen. Diese &#8222;Helden&#8220; entpuppten sich als willige Helfer einer totalit\u00e4r ausgerichteten Politik, sie machten mit, warben f\u00fcr die Ma\u00dfnahmen, schlossen Impfunwillige aus und zerlegten sich direkt vor meinen Augen.<\/p>\n<p>Gespr\u00e4che im digitalen, wie im analogen Leben wurden immer schwieriger, ich verlor langj\u00e4hrige Freunde, weil ich einige Wochen oder Monate (ich erinnere mich nicht mehr genau) nach dem Beginn dessen, was sie &#8222;Pandemie&#8220; nannten, immer kritischer wurde und die Ma\u00dfnahmenpolitik von Tag zu Tag bedenklicher fand.<\/p>\n<p>Irgendwann stand fest, dass ich ein &#8222;Querdenker&#8220; war, ein &#8222;Schwurbler&#8220;, &#8222;Impfgegner&#8220; und irgendwie zwischendurch auch noch ein &#8222;Antisemit&#8220;. Meine pers\u00f6nliche Geschichte l\u00f6ste sich vor meinen Augen in Luft auf. Seit ich denken kann, war ich ein Linker, ich wurde von Leuten politisiert, die Kommunisten waren, Sozialisten, Sozialdemokraten, eine bunte Mischung, auch mit dem Anarchismus habe ich mich eine Weile wohlwollend besch\u00e4ftigt.<\/p>\n<p>Bis einschlie\u00dflich heute ist all das nur in meiner Innenwahrnehmung geblieben, in der Au\u00dfenwirkung stehe ich an einem Rand der Gesellschaft, dem ich mich nie zugeh\u00f6rig gef\u00fchlt habe. Und w\u00e4hrend ich fr\u00fcher in bester und freundschaftlicher Gesellschaft war, ist es inzwischen einsam geworden um mich herum.<\/p>\n<h5>Druck aus der Ukraine<\/h5>\n<p>So etwas wie eine Aufarbeitung der Corona-Grausamkeiten hat nicht stattgefunden, und das ist kein Wunder, hatte diese Episode doch so viele T\u00e4ter, die als solche nicht entlarvt werden wollen. Statt einer Aufarbeitung st\u00fcrzte man sich in die n\u00e4chste Perversion: Russophobie und Kriegshetze.<\/p>\n<p>Nach dem 24. Februar 2022 war nichts mehr wie vorher. Russland hatte, so die Erz\u00e4hlung, unprovoziert die &#8222;arme Ukraine&#8220; \u00fcberfallen, und w\u00e4hrend diese L\u00fcge t\u00e4glich neu formuliert und als Propaganda in Reinkultur unters Volk gestreut wurde, erlebte ich zum wiederholten Male, dass die Menschen sich lenken lassen wie Stoffpuppen ohne einen Funken Eigenleben.<\/p>\n<p>Erneut wurde wiedergek\u00e4ut, was auf dem Silbertablett serviert wurde \u2013 gedankenlos, kritiklos und mit kindlicher Naivit\u00e4t. Ich besch\u00e4ftigte mich sehr intensiv mit dem Ukraine-Konflikt, und je tiefer ich in das Thema einstieg, desto w\u00fctender wurde ich. Dieser Krieg war alles andere als &#8222;unprovoziert&#8220;, er war \u00fcber Jahre, \u00fcber Jahrzehnte vorbereitet worden, um die NATO n\u00e4her an Russland heranzubringen und Putin als das personifizierte B\u00f6se darzustellen.<\/p>\n<p>Digital wie analog \u2013 es waren die gleichen Gespr\u00e4che, die ich f\u00fchrte, und es wurde von Mal zu Mal erm\u00fcdender. Erneut verlor ich Freunde, erneut wurde es einsamer um mich herum. Gemeinsam mit meiner Frau hatte ich schon w\u00e4hrend der Corona-Episode \u00fcber das Auswandern nachgedacht. Aber es war f\u00fcr uns keine Option. Noch nicht.<\/p>\n<h5>Der Gedanke w\u00e4chst<\/h5>\n<p>Wir, also meine Frau und ich, waren immer der \u00dcberzeugung, in Deutschland zu leben, bis zu unserem Tod. Ich war in diesem Land geboren, hatte meine erste Liebe getroffen, die ersten Alkoholerfahrungen gemacht, war sozialisiert und politisiert worden in diesem Land, diesem Deutschland. Immer schon war ich ein gesellschaftskritischer Mensch gewesen, aber es war dennoch mein Land, in dem ich aufgewachsen bin, dessen Sprache ich sprach, in dem all meine pers\u00f6nlichen Erinnerungen waren.<\/p>\n<p>Zu diesen romantischen Erinnerungen kam eine gewisse Trotzhaltung. Nein, sagten wir uns, wir lassen uns nicht vertreiben, das ist auch unser Land, und wir haben das Recht, unser Leben so zu leben, wie es unseren \u00dcberzeugungen entspricht. Doch diese vermeintliche St\u00e4rke ist in den letzten drei Jahren immer br\u00fcchiger geworden. Zuletzt wurde mir der Presseausweis verweigert, potenzielle Auftraggeber, die meinen Namen gegoogelt hatten, sprangen wieder ab, wieder wurde es einsamer um uns herum. Die Angst einer Kontosperrung oder \u00e4hnlicher Dinge wuchs, ich hatte ja gen\u00fcgend andere Beispiele gesehen, teils in meinem pers\u00f6nlichen Umfeld, denen es richtig an den Kragen ging. So lange wollten wir nicht warten.<\/p>\n<p>Gedanklich waren wir in den letzten Jahren in unterschiedlichen L\u00e4ndern: Italien, Spanien, Mexiko, D\u00e4nemark, Schweden und Russland hei\u00dfen einige von ihnen. Wir drehten es hin und her und kamen immer wieder zum Schluss, dass wir bleiben wollen in Deutschland, aus den genannten Gr\u00fcnden. Aber Mitte 2023 war ein Punkt erreicht, an dem der Gedanke des Weggehens wuchs, konkret wurde, Formen annahm. In diesem Zeitraum begannen wir, uns mit Ungarn zu besch\u00e4ftigen. Russland war wegen der westlichen Sanktionen problematisch, denn ich bin darauf angewiesen, weiter mit meinen bisherigen (treuen) Auftraggebern zusammenzuarbeiten, das w\u00e4re \u00fcber Russland schwierig geworden. Ich m\u00f6chte aber an dieser Stelle bekennen: Ich liebe die russische Seele, habe sie kennengelernt und Menschen getroffen, die mein Leben enorm bereichert haben.<\/p>\n<p>Jetzt sind wir im Land des &#8222;EU-B\u00f6sewichtes&#8220; Victor Orb\u00e1n, und wir f\u00fchlen uns wohl, wirklich gut. Deutschland erscheint uns weit weg, es ist zum Fremden f\u00fcr uns geworden. Das Fremde, in dem wir einst das Licht der Welt erblickten. Wir schlafen besser, wir nehmen die Nachrichten aus Deutschland entspannter wahr, und ich f\u00fchle mich als Journalist einfach sicherer, habe bereits Gespr\u00e4chsangebote erhalten, die meine berufliche T\u00e4tigkeit in Ungarn vorantreiben.<\/p>\n<h5>Abschlussbemerkung<\/h5>\n<p>Ich schreibe an dieser Stelle (noch) nichts \u00fcber das Ankommen in Ungarn, \u00fcber das Leben, die Umstellungen, die Sprachbarrieren und viele andere Dinge, mit denen man sich als Auswanderer befassen muss. Vielleicht hole ich das sp\u00e4ter nach, wenn etwas Zeit ins Land gegangen ist. Aber ich kann sagen, dass es weniger romantisch ist, als man glaubt, wenn man sein Heimatland verl\u00e4sst. Es ist eine logistische und organisatorische Herausforderung, aber auch die Psyche wird auf eine harte Probe gestellt. Trotzdem bereuen wir unseren Schritt nicht, er war letztlich \u2013 um es typisch deutsch zu sagen \u2013 &#8222;alternativlos&#8220;.<\/p>\n<p>F\u00fcr Deutschland habe ich keine gute Prognose zu bieten, ich f\u00fcrchte, es wird alles noch sehr viel schlimmer werden, Politik und Medien sind wie von Sinnen, geblendet vom eigenen Gr\u00f6\u00dfenwahn und tief in der Abh\u00e4ngigkeit der amerikanischen Befehlshaber, die ihnen den Weg weisen.<\/p>\n<p>Aber ich meine es ernst, wenn ich schreibe, dass ich allen Menschen, die in Deutschland leben, w\u00fcnsche, dass ich mich irre, so wie ich mich geirrt habe, als ich Corona als einen Unfall betrachtete, der nach einigen Wochen vorbei ist. Mein damaliger Irrtum erwies sich als fatal und weitreichend. Vielleicht irre ich mich wieder, und diesmal geht es in eine positivere Richtung.<\/p>\n<p>Ich w\u00fcnsche es allen, die diese Zeilen lesen.<\/p>\n<p style=\"text-align: right;\"><em>Tom J. Wellbrock ist Texter und Sprecher und betrieb gemeinsam mit Jens Berger den Blog Spiegelfechter. Aktuell betreibt er gemeinsam mit Roberto J. De Lapuente den Blog <a href=\"https:\/\/www.neulandrebellen.de\/\" target=\"_blank\" rel=\"noopener\">Neulandrebellen.de<\/a> sowie den Telegram-Kanal &#8222;<a href=\"https:\/\/t.me\/Randnotizen_aus_der_Mitte\" target=\"_blank\" rel=\"noopener\">Randnotizen aus der Mitte<\/a>&#8222;<\/em><\/p>\n<hr \/>\n<p><span style=\"font-size: 10pt;\">Bild oben: Die Fischerbastei in Budapest<\/span><br \/>\n<span style=\"font-size: 10pt;\">Foto: Bjoertvedt, <a href=\"https:\/\/creativecommons.org\/licenses\/by-sa\/4.0\" target=\"_blank\" rel=\"noopener\">CC BY-SA 4.0<\/a><\/span><br \/>\n<span style=\"font-size: 10pt;\">Quelle: <a href=\"https:\/\/commons.wikimedia.org\/w\/index.php?curid=46579489\" target=\"_blank\" rel=\"noopener\">https:\/\/commons.wikimedia.org\/w\/index.php?curid=46579489<\/a><\/span><\/p>\n","protected":false},"excerpt":{"rendered":"<p><b>Beitrag von Tom J. Wellbrock<\/b><br \/>\nSeit November 2023 leben wir nicht mehr in Deutschland. Meine Frau und ich haben den Schritt gewagt und das Land verlassen. Damit verbunden war und ist ein Feuerwerk der Gef\u00fchle. Die Entscheidung, nach Ungarn auszuwandern, fiel Anfang 2020, wir wussten es nur damals noch nicht. Als der Corona-Wahnsinn begann, ging ich von einer kurzen Schockwelle aus, \u00fcber die nach drei Wochen niemand mehr sprechen w\u00fcrde. Bekannterma\u00dfen irrte ich mich auf ganzer Linie. Der Mann in meinem Lieblingsimbiss hatte mehr Weitsicht als ich, er sch\u00fcttelte den Kopf, als ich ihm sagte, dass diese Geschichte in ein paar Wochen vorbei sei. Das glaube er irgendwie nicht, meinte er. Der Rest ist Geschichte.<\/p>\n","protected":false},"author":3,"featured_media":17647,"comment_status":"closed","ping_status":"closed","sticky":false,"template":"","format":"standard","meta":{"colormag_page_container_layout":"default_layout","colormag_page_sidebar_layout":"default_layout","advanced_seo_description":"","jetpack_seo_html_title":"","jetpack_seo_noindex":false,"jetpack_post_was_ever_published":false,"footnotes":""},"categories":[11],"tags":[1537,1256,1541,452,1461,1257,1333,1168,639,1292],"class_list":["post-17635","post","type-post","status-publish","format-standard","has-post-thumbnail","hentry","category-arbeit-soziales","tag-auswandern","tag-corona-virus","tag-denunziation","tag-deutschland","tag-impfzwang","tag-pandemie","tag-querdenker","tag-russophobie","tag-ukraine-konflikt","tag-ungarn"],"jetpack_featured_media_url":"https:\/\/i0.wp.com\/www.freidenker.org\/fw17\/wp-content\/uploads\/2023\/12\/Fishermans_bastion_Budapest_IMG_1429_800x450.jpg?fit=800%2C450&ssl=1","jetpack_shortlink":"https:\/\/wp.me\/p9stpK-4Ar","jetpack-related-posts":[{"id":15979,"url":"https:\/\/www.freidenker.org\/?p=15979","url_meta":{"origin":17635,"position":0},"title":"Meinungsfreiheit, Demokratie \u2013 in Deutschland oder in Ungarn?","author":"Webredaktion","date":"7. Mai 2023","format":false,"excerpt":"Auf Empfehlung der Freidenkergruppe Ungarn ver\u00f6ffentlichen wir Ausz\u00fcge aus dem Magazin der Budapester Zeitung (Nr. 9-2023). Anna Berg, eine lebenslustige Th\u00fcringerin, lebt wegen der als immer unertr\u00e4glicher empfundenen Zust\u00e4nde in Deutschland seit anderthalb Jahren in einem kleinen Ort am Balaton unweit von Keszthely. Mit ihrem ungarischen Mann zog sie Ende\u2026","rel":"","context":"In &quot;Demokratie \u2013 Medien \u2013 Aufkl\u00e4rung&quot;","block_context":{"text":"Demokratie \u2013 Medien \u2013 Aufkl\u00e4rung","link":"https:\/\/www.freidenker.org\/?cat=12"},"img":{"alt_text":"","src":"https:\/\/i0.wp.com\/www.freidenker.org\/fw17\/wp-content\/uploads\/2023\/05\/Ungarn_Deutschland_800x450.jpg?fit=800%2C450&ssl=1&resize=350%2C200","width":350,"height":200,"srcset":"https:\/\/i0.wp.com\/www.freidenker.org\/fw17\/wp-content\/uploads\/2023\/05\/Ungarn_Deutschland_800x450.jpg?fit=800%2C450&ssl=1&resize=350%2C200 1x, https:\/\/i0.wp.com\/www.freidenker.org\/fw17\/wp-content\/uploads\/2023\/05\/Ungarn_Deutschland_800x450.jpg?fit=800%2C450&ssl=1&resize=525%2C300 1.5x, https:\/\/i0.wp.com\/www.freidenker.org\/fw17\/wp-content\/uploads\/2023\/05\/Ungarn_Deutschland_800x450.jpg?fit=800%2C450&ssl=1&resize=700%2C400 2x"},"classes":[]},{"id":8203,"url":"https:\/\/www.freidenker.org\/?p=8203","url_meta":{"origin":17635,"position":1},"title":"Viktor Orb\u00e1n: Ungarn zuerst! \u2013 Konzeptionelle Hintergr\u00fcnde seiner Politik","author":"Webredaktion","date":"14. Juni 2020","format":false,"excerpt":"Beitrag von Prof. Dr. Anton Latzo Unter Pr\u00e4sident Viktor Orb\u00e1n vollzieht Ungarn eine politische Neuausrichtung. Ohne sich vom Westen abzukoppeln, will Orb\u00e1n engere Beziehungen zu Russland und China. Dagegen stemmt sich Deutschland mit seinem wirtschaftlichen Einfluss. In den vergangenen 30 Jahren haben in Ungarn vor allem zwei politische Kr\u00e4ftegruppierungen die\u2026","rel":"","context":"In &quot;Frieden - Antifaschismus - Solidarit\u00e4t&quot;","block_context":{"text":"Frieden - Antifaschismus - Solidarit\u00e4t","link":"https:\/\/www.freidenker.org\/?cat=13"},"img":{"alt_text":"","src":"https:\/\/i0.wp.com\/www.freidenker.org\/fw17\/wp-content\/uploads\/2020\/06\/orban_putin_v2_800x450.jpg?fit=800%2C450&ssl=1&resize=350%2C200","width":350,"height":200,"srcset":"https:\/\/i0.wp.com\/www.freidenker.org\/fw17\/wp-content\/uploads\/2020\/06\/orban_putin_v2_800x450.jpg?fit=800%2C450&ssl=1&resize=350%2C200 1x, https:\/\/i0.wp.com\/www.freidenker.org\/fw17\/wp-content\/uploads\/2020\/06\/orban_putin_v2_800x450.jpg?fit=800%2C450&ssl=1&resize=525%2C300 1.5x, https:\/\/i0.wp.com\/www.freidenker.org\/fw17\/wp-content\/uploads\/2020\/06\/orban_putin_v2_800x450.jpg?fit=800%2C450&ssl=1&resize=700%2C400 2x"},"classes":[]},{"id":17848,"url":"https:\/\/www.freidenker.org\/?p=17848","url_meta":{"origin":17635,"position":2},"title":"Jahre des gro\u00dfen Wandels","author":"Webredaktion","date":"16. Januar 2024","format":false,"excerpt":"Ausz\u00fcge aus der Rede von Viktor Orb\u00e1n in Baile Tusnad (Tusn\u00e1df\u00fcrd\u0151) am 22. Juli 2023 mit einer Einleitung von Klaus Hartmann Kaum ein Staatsmann der \u201ewestlichen\u201c Welt ruft so viel Aufregung und Missfallen in politischen Institutionen und abf\u00e4llige Kommentare in den Mainstream-Medien hervor wie der ungarische Ministerpr\u00e4sident Viktor Orb\u00e1n. Ohne\u2026","rel":"","context":"In &quot;Demokratie \u2013 Medien \u2013 Aufkl\u00e4rung&quot;","block_context":{"text":"Demokratie \u2013 Medien \u2013 Aufkl\u00e4rung","link":"https:\/\/www.freidenker.org\/?cat=12"},"img":{"alt_text":"","src":"https:\/\/i0.wp.com\/www.freidenker.org\/fw17\/wp-content\/uploads\/2024\/01\/Plakataktion_Ungarn_800x450_mitText.jpg?fit=800%2C450&ssl=1&resize=350%2C200","width":350,"height":200,"srcset":"https:\/\/i0.wp.com\/www.freidenker.org\/fw17\/wp-content\/uploads\/2024\/01\/Plakataktion_Ungarn_800x450_mitText.jpg?fit=800%2C450&ssl=1&resize=350%2C200 1x, https:\/\/i0.wp.com\/www.freidenker.org\/fw17\/wp-content\/uploads\/2024\/01\/Plakataktion_Ungarn_800x450_mitText.jpg?fit=800%2C450&ssl=1&resize=525%2C300 1.5x, https:\/\/i0.wp.com\/www.freidenker.org\/fw17\/wp-content\/uploads\/2024\/01\/Plakataktion_Ungarn_800x450_mitText.jpg?fit=800%2C450&ssl=1&resize=700%2C400 2x"},"classes":[]},{"id":17321,"url":"https:\/\/www.freidenker.org\/?p=17321","url_meta":{"origin":17635,"position":3},"title":"Droht Ungarn eine Farbrevolution?","author":"Webredaktion","date":"24. Oktober 2023","format":false,"excerpt":"Beitrag von Dagmar Henn Seit dem Treffen des ungarischen Ministerpr\u00e4sidenten Viktor Orb\u00e1n erschienen eine Reihe von Artikeln, in denen betont wird, wie verwerflich diese Begegnung doch gewesen sei. Die Vorhaltungen sind dabei irgendwo zwischen zynisch und komisch, wenn man die aktuelle Weltlage mit in Blick nimmt, aber sie sind vor\u2026","rel":"","context":"In &quot;Demokratie \u2013 Medien \u2013 Aufkl\u00e4rung&quot;","block_context":{"text":"Demokratie \u2013 Medien \u2013 Aufkl\u00e4rung","link":"https:\/\/www.freidenker.org\/?cat=12"},"img":{"alt_text":"","src":"https:\/\/i0.wp.com\/www.freidenker.org\/fw17\/wp-content\/uploads\/2023\/10\/Vladimir_Putin_and_Viktor_Orban_2017-08-28_800x450.jpg?fit=800%2C450&ssl=1&resize=350%2C200","width":350,"height":200,"srcset":"https:\/\/i0.wp.com\/www.freidenker.org\/fw17\/wp-content\/uploads\/2023\/10\/Vladimir_Putin_and_Viktor_Orban_2017-08-28_800x450.jpg?fit=800%2C450&ssl=1&resize=350%2C200 1x, https:\/\/i0.wp.com\/www.freidenker.org\/fw17\/wp-content\/uploads\/2023\/10\/Vladimir_Putin_and_Viktor_Orban_2017-08-28_800x450.jpg?fit=800%2C450&ssl=1&resize=525%2C300 1.5x, https:\/\/i0.wp.com\/www.freidenker.org\/fw17\/wp-content\/uploads\/2023\/10\/Vladimir_Putin_and_Viktor_Orban_2017-08-28_800x450.jpg?fit=800%2C450&ssl=1&resize=700%2C400 2x"},"classes":[]},{"id":22307,"url":"https:\/\/www.freidenker.org\/?p=22307","url_meta":{"origin":17635,"position":4},"title":"Ob Simeon oder Maja \u2013 auf jeden Fall ein falscher Held","author":"Webredaktion","date":"7. Juli 2025","format":false,"excerpt":"Beitrag von Dagmar Henn Jetzt wird also ein brutaler Schl\u00e4ger, der sich aus Furcht vor Seinesgleichen vor der Haft zum M\u00e4dchen erkl\u00e4rte, auch noch breit zum Helden stilisiert. Und als \"Antifaschist\" gepriesen, den man vor Verfolgung sch\u00fctzen m\u00fcsse. Und unbedingt aus Ungarn zur\u00fcckholen. Wiederholen wir noch einmal die Fakten: Eine\u2026","rel":"","context":"In &quot;Frieden - Antifaschismus - Solidarit\u00e4t&quot;","block_context":{"text":"Frieden - Antifaschismus - Solidarit\u00e4t","link":"https:\/\/www.freidenker.org\/?cat=13"},"img":{"alt_text":"","src":"https:\/\/i0.wp.com\/www.freidenker.org\/fw17\/wp-content\/uploads\/2025\/07\/antifa_ist_notwendig_free-maja_800x450.jpg?fit=800%2C450&ssl=1&resize=350%2C200","width":350,"height":200,"srcset":"https:\/\/i0.wp.com\/www.freidenker.org\/fw17\/wp-content\/uploads\/2025\/07\/antifa_ist_notwendig_free-maja_800x450.jpg?fit=800%2C450&ssl=1&resize=350%2C200 1x, https:\/\/i0.wp.com\/www.freidenker.org\/fw17\/wp-content\/uploads\/2025\/07\/antifa_ist_notwendig_free-maja_800x450.jpg?fit=800%2C450&ssl=1&resize=525%2C300 1.5x, https:\/\/i0.wp.com\/www.freidenker.org\/fw17\/wp-content\/uploads\/2025\/07\/antifa_ist_notwendig_free-maja_800x450.jpg?fit=800%2C450&ssl=1&resize=700%2C400 2x"},"classes":[]},{"id":16345,"url":"https:\/\/www.freidenker.org\/?p=16345","url_meta":{"origin":17635,"position":5},"title":"Die bestrafte Meinung","author":"Webredaktion","date":"17. Juni 2023","format":false,"excerpt":"Beitrag von\u00a0Tom J. Wellbrock Meine eigene Haltung ist nicht sehr popul\u00e4r. Mein gesch\u00e4tzter Blog-Partner und Freund Gert Ewen Ungar hat dieses sich daraus entwickelnde Gef\u00fchl als \"Fremdheitserfahrung\"\u00a0bezeichnet. Er lebt inzwischen in Moskau, sah sich in seiner Zeit in Berlin massiven Drohungen ausgesetzt und f\u00fchlt sich jetzt sicher. Und freier. Unerh\u00f6rt,\u2026","rel":"","context":"In &quot;Demokratie \u2013 Medien \u2013 Aufkl\u00e4rung&quot;","block_context":{"text":"Demokratie \u2013 Medien \u2013 Aufkl\u00e4rung","link":"https:\/\/www.freidenker.org\/?cat=12"},"img":{"alt_text":"","src":"https:\/\/i0.wp.com\/www.freidenker.org\/fw17\/wp-content\/uploads\/2023\/06\/elena_kolbasnikowa_800x450.jpg?fit=800%2C450&ssl=1&resize=350%2C200","width":350,"height":200,"srcset":"https:\/\/i0.wp.com\/www.freidenker.org\/fw17\/wp-content\/uploads\/2023\/06\/elena_kolbasnikowa_800x450.jpg?fit=800%2C450&ssl=1&resize=350%2C200 1x, https:\/\/i0.wp.com\/www.freidenker.org\/fw17\/wp-content\/uploads\/2023\/06\/elena_kolbasnikowa_800x450.jpg?fit=800%2C450&ssl=1&resize=525%2C300 1.5x, https:\/\/i0.wp.com\/www.freidenker.org\/fw17\/wp-content\/uploads\/2023\/06\/elena_kolbasnikowa_800x450.jpg?fit=800%2C450&ssl=1&resize=700%2C400 2x"},"classes":[]}],"_links":{"self":[{"href":"https:\/\/www.freidenker.org\/index.php?rest_route=\/wp\/v2\/posts\/17635","targetHints":{"allow":["GET"]}}],"collection":[{"href":"https:\/\/www.freidenker.org\/index.php?rest_route=\/wp\/v2\/posts"}],"about":[{"href":"https:\/\/www.freidenker.org\/index.php?rest_route=\/wp\/v2\/types\/post"}],"author":[{"embeddable":true,"href":"https:\/\/www.freidenker.org\/index.php?rest_route=\/wp\/v2\/users\/3"}],"replies":[{"embeddable":true,"href":"https:\/\/www.freidenker.org\/index.php?rest_route=%2Fwp%2Fv2%2Fcomments&post=17635"}],"version-history":[{"count":0,"href":"https:\/\/www.freidenker.org\/index.php?rest_route=\/wp\/v2\/posts\/17635\/revisions"}],"wp:featuredmedia":[{"embeddable":true,"href":"https:\/\/www.freidenker.org\/index.php?rest_route=\/wp\/v2\/media\/17647"}],"wp:attachment":[{"href":"https:\/\/www.freidenker.org\/index.php?rest_route=%2Fwp%2Fv2%2Fmedia&parent=17635"}],"wp:term":[{"taxonomy":"category","embeddable":true,"href":"https:\/\/www.freidenker.org\/index.php?rest_route=%2Fwp%2Fv2%2Fcategories&post=17635"},{"taxonomy":"post_tag","embeddable":true,"href":"https:\/\/www.freidenker.org\/index.php?rest_route=%2Fwp%2Fv2%2Ftags&post=17635"}],"curies":[{"name":"wp","href":"https:\/\/api.w.org\/{rel}","templated":true}]}}