{"id":17626,"date":"2023-12-09T21:35:19","date_gmt":"2023-12-09T20:35:19","guid":{"rendered":"https:\/\/www.freidenker.org\/?p=17626"},"modified":"2024-01-20T11:02:06","modified_gmt":"2024-01-20T10:02:06","slug":"lauterbachs-glaube-risiko-von-post-vac-gegenueber-long-covid-um-dimensionen-geringer","status":"publish","type":"post","link":"https:\/\/www.freidenker.org\/?p=17626","title":{"rendered":"Lauterbachs Glaube: Risiko von &#8222;Post-Vac&#8220; gegen\u00fcber Long COVID um &#8222;Dimensionen geringer&#8220;"},"content":{"rendered":"<p><strong>In Berlin hat ein &#8222;Runder Tisch&#8220; zum Thema Long COVID getagt \u2013 eine gezielte Nebelgranate, um die bundespolitische Aufarbeitung des Themas Corona zu simulieren. Opfer und Interessengruppen zum Thema Impfnebenwirkungen waren nicht eingeladen. Auf der Pressekonferenz wurde die Wahrnehmung des Gesundheitsministers ersch\u00fctternd deutlich.<\/strong><\/p>\n<p><em>Von <strong>Bernhard Loyen<\/strong><\/em><\/p>\n<p><span style=\"font-size: 10pt;\">Erstver\u00f6ffentlichung am 06.12.2023 auf <a href=\"https:\/\/meinungsfreiheit.rtde.life\/meinung\/189118-lauterbach-weiter-ueberzeugt-risiko-von\/\" target=\"_blank\" rel=\"noopener\">RT DE<\/a><\/span><\/p>\n<div class=\"EmbedBlock-root EmbedBlock-all\">\n<div class=\"AllEmbed\"><iframe loading=\"lazy\" title=\"Lauterbachs Glaube: Risiko von \u201dPost-Vac\u201d gegen\u00fcber Long COVID um \u201dDimensionen geringer\u201d\" src=\"https:\/\/www.podbean.com\/player-v2\/?i=i93vb-151c3f1-pb&amp;from=pb6admin&amp;share=1&amp;download=1&amp;rtl=0&amp;fonts=Arial&amp;skin=1&amp;font-color=&amp;logo_link=episode_page&amp;btn-skin=7\" width=\"100%\" height=\"150\" scrolling=\"no\" allowfullscreen=\"allowfullscreen\" data-name=\"pb-iframe-player\" data-mce-fragment=\"1\"><\/iframe><\/div>\n<\/div>\n<p>Am 4. Dezember fand in Berlin die <a href=\"https:\/\/www.bmg-longcovid.de\/diskurs\/runder-tisch-long-covid\/runder-tisch-dezember-2023\" target=\"_blank\" rel=\"noopener noreferrer\">Veranstaltung<\/a> &#8222;2. Runder Tisch Long COVID&#8220; statt. Anwesend waren &#8222;30 Experten&#8220;, auch &#8222;Betroffene&#8220;, die zu den Themen &#8222;Forschung, Arzneimittel, Rehabilitation und Bedarfe in den Lebenswelten&#8220; diskutierten. Ein &#8222;zentraler Aspekt&#8220; der Veranstaltung bestand nach Angaben des Bundesgesundheitsministeriums (BMG) darin, sich &#8222;zum Stellenwert der Rehabilitation und den bereits erzielten Fortschritten sowie zu aktuellen Studienergebnissen&#8220; auszutauschen. Im Vorfeld der Veranstaltung verbreitete sich ein Video von Felicia Binger, einer &#8222;Post-Vac&#8220;-Patientin und laute(re)n Stimme unter den Impfgesch\u00e4digten.<\/p>\n<p>Der Begriff &#8222;Post-Vac&#8220; hat es mittlerweile in den <a href=\"https:\/\/www.duden.de\/rechtschreibung\/Post_Vac_Syndrom#google_vignette\" target=\"_blank\" rel=\"noopener noreferrer\">deutschen Duden<\/a> geschafft und wird dort als &#8222;lang andauernde diffuse Krankheitssymptomatik nach bestimmten\u00a0Impfungen \u2013 besonders nach einer Immunisierung gegen\u00a0Covid-19&#8220; definiert. In einem X-<a href=\"https:\/\/twitter.com\/Felicia_Lincora\/status\/1731621594462658763\" target=\"_blank\" rel=\"noopener noreferrer\">Posting<\/a> erl\u00e4utert\u00a0Frau Binger die Umst\u00e4nde, warum sie nicht mit am Runden Tisch sitzen durfte:<\/p>\n<blockquote class=\"twitter-tweet\" data-width=\"550\" data-dnt=\"true\">\n<p lang=\"de\" dir=\"ltr\">Gerade findet 2. Runder Tisch <a href=\"https:\/\/twitter.com\/hashtag\/longcovid?src=hash&amp;ref_src=twsrc%5Etfw\">#longcovid<\/a> im <a href=\"https:\/\/twitter.com\/BMG_Bund?ref_src=twsrc%5Etfw\">@BMG_Bund<\/a> statt. Ich sollte heute <a href=\"https:\/\/twitter.com\/cov3rse?ref_src=twsrc%5Etfw\">@cov3rse<\/a> vertreten, der einzigen Patientenvertretung f\u00fcr <a href=\"https:\/\/twitter.com\/hashtag\/Postvac?src=hash&amp;ref_src=twsrc%5Etfw\">#Postvac<\/a> <a href=\"https:\/\/twitter.com\/hashtag\/Impfsch%C3%A4den?src=hash&amp;ref_src=twsrc%5Etfw\">#Impfsch\u00e4den<\/a> und wurde an der T\u00fcr abgewiesen! obwohl CoVerse bei erster Runde teilnahm und Folgetermin zugesichert wurde. Thema heute\u2026 <a href=\"https:\/\/t.co\/N76YHOXt1p\">pic.twitter.com\/N76YHOXt1p<\/a><\/p>\n<p>&mdash; Pikherz (@Felicia_Lincora) <a href=\"https:\/\/twitter.com\/Felicia_Lincora\/status\/1731621594462658763?ref_src=twsrc%5Etfw\">December 4, 2023<\/a><\/p><\/blockquote>\n<p><script async src=\"https:\/\/platform.twitter.com\/widgets.js\" charset=\"utf-8\"><\/script><\/p>\n<p>Ihre Thematik eines stellvertretenden Leidenswegs sei &#8222;leider&#8220; nicht Bestandteil des &#8222;Lagerfeuers der Wissenschaft&#8220;, so Lauterbach im Anschluss der Veranstaltung auf der Pressekonferenz. Die\u00a0<em><a href=\"https:\/\/www.berliner-zeitung.de\/gesundheit-oekologie\/das-ist-dreist-lauterbach-laedt-impfgeschaedigte-vom-runden-tisch-aus-li.2165492\" target=\"_blank\" rel=\"noopener noreferrer\">Berliner Zeitung<\/a><\/em>\u00a0titelte zu diesem Ereignis angenehm deutlich: &#8222;Das ist dreist: Lauterbach l\u00e4dt Impfgesch\u00e4digte vom Runden Tisch aus?&#8220;<\/p>\n<p>Am 1. Runden Tisch am 12. September dieses Jahres war zumindest die Organisation <a href=\"https:\/\/www.info-coverse.com\/ueber-uns\/\" target=\"_blank\" rel=\"noopener noreferrer\">CoVeRSE<\/a> eingeladen worden, um f\u00fcr die weiterhin unbekannte hohe Zahl von COVID-Impfopfern zu sprechen. Die Abk\u00fcrzung steht f\u00fcr &#8222;seltene, schwere gesundheitliche Folgen der Corona Schutzimpfung&#8220; (<strong>c<\/strong><strong>o<\/strong>rona\u00a0<strong>v<\/strong>accines\u00a0<strong>ve<\/strong>ry\u00a0<strong>r<\/strong>are\u00a0<strong>s<\/strong>ide\u00a0<strong>e<\/strong>ffects), wenig \u00fcberraschend erh\u00e4lt die Organisation Geld vom Bund, daher vielleicht die explizite Erw\u00e4hnung des Wortes &#8222;seltene&#8220; im Namen und die Einladung an den ersten Tisch. Was bedeutet jedoch ein &#8222;seltenes&#8220; Ereignis angesichts der 63,6 Millionen verabfolgten Einzelimpfungen (Stand <a href=\"https:\/\/impfdashboard.de\/#:~:text=Impfstatus,-bis%20zum%208&amp;text=April%202023-,64%2C9%20Mio.,Bev%C3%B6lkerung)%20haben%20eine%20Impfdosis%20erhalten.\" target=\"_blank\" rel=\"noopener noreferrer\">April 2023<\/a>) und der forcierten Verabreichungen eines neuartigen mRNA-Wirkstoffs?<\/p>\n<p>Nur langsam bahnt sich eine medizinisch und wissenschaftlich provozierte Katastrophe ihren Weg in das Bewusstsein der Medien und der breiten Gesellschaft. Bundesgesundheitsminister Karl Lauterbach formulierte auf der Pressekonferenz vom 4. Dezember folgende Wahrnehmung:<\/p>\n<p><em>&#8222;Es ist nicht so, dass die Impfungen nicht vor einer Infektion sch\u00fctzen w\u00fcrden, sondern die Impfung sch\u00fctzt vor einer Infektion. Der Schutz ist allerdings nicht perfekt und h\u00e4lt nicht lange an. Das ist das Problem.&#8220;<\/em><\/p>\n<p>Lauterbach erkl\u00e4rte weiter, wenn sich &#8222;jetzt jemand impfen lie\u00dfe&#8220;, w\u00e4re\u00a0dadurch die Chance einer Infektion &#8222;reduziert&#8220;. Nicht n\u00e4her erl\u00e4utern wollte er hingegen die erh\u00f6hte Wahrscheinlichkeit eines k\u00f6rperlichen Schadens, das ist das eigentliche Problem. Folglich forderte Lauterbach in der Pressekonferenz erneut in aggressivem Ton zur COVID-Impfung auf.<\/p>\n<p>Das akute Problem der von einem Impfschaden\u00a0Betroffenen ist die fortdauernde Weigerung der verantwortlichen Politiker und Wissenschaftler, nat\u00fcrlich auch der Pharmaindustrie, die Existenz der hohen Zahlen &#8222;Post-Vac&#8220;-Gesch\u00e4digter zu akzeptieren und in einer dringend ben\u00f6tigten betreuten Aufarbeitung glaubhaft zu integrieren. Ich habe dem BMG am 4. Dezember sechs Fragen zu dieser Problematik zugesandt: Etwa warum diese Betroffenen, ob als Person oder Organisation, diesmal nicht eingeladen beziehungsweise, wie im Falle Binger, ausgeladen wurden. Zudem warum die Steuerzahler 150 Millionen Euro F\u00f6rdergelder zum Thema Long COVID finanzieren sollen, es aber weiterhin nachweislich keinerlei Interesse seitens des BMG und des Bundesministerium f\u00fcr Bildung und Forschung (BMBF) gibt, Forschungen zu den massiven und diffusen &#8222;Corona-Impfsch\u00e4den&#8220; anzustrengen.<\/p>\n<p>Die Antwort von BMG-Sprecher\u00a0Sebastian\u00a0G\u00fclde war freundlich, aber wenig informativ. Er verwies auf kl\u00e4rende Aussagen seines Arbeitgebers zum Thema Post-Vac in der Pressekonferenz zum &#8222;Lagerfeuer&#8220;. Leider fanden sich auf dem YouTube-Kanal und in den sozialen Medien nur Ausz\u00fcge ohne Bezug auf die Andeutungen von Herrn G\u00fclde.<\/p>\n<p>https:\/\/twitter.com\/BMG_Bund\/status\/1731694386398777367<\/p>\n<p>Auf schriftliche Nachfrage erhielt ich\u00a0dann die gesamte Pressekonferenz als Tondokument zugesandt. Nachdem ich dieses angeh\u00f6rt hatte, war ich, gelinde gesagt, irritiert bis schockiert. Auf die Fragen von anwesenden Journalisten zum Thema &#8222;Post-Vac&#8220; teilte er am 4. Dezember 2023 wortw\u00f6rtlich mit:<\/p>\n<p>&#8222;<em>Wir haben heute nur kurz \u00fcber Post-Vac gesprochen, weil es heute nicht im Schwerpunkt der Debatte stand. Wir werden in einer eigenen Veranstaltung uns auch noch mit kleineren Gruppen mit Post-Vac auseinandersetzen. Aber wenn ich die Ergebnisse der Debatte von heute noch einmal zusammenfassen kann \u2026 die Inzidenz von Post-Vac geht derzeit stark zur\u00fcck, das liegt auch daran, dass wir eben sehr wenige Impfungen beklagen m\u00fcssen zum jetzigen Zeitpunkt.&#8220;<\/em><\/p>\n<p>Die &#8222;Arbeitshypothese&#8220; laute zudem, &#8222;dass die Symptome von Post-Vac \u00e4hnlich sind wie die von Long COVID, nur eben etwas weniger stark ausgepr\u00e4gt. Dieses Bild hat sich best\u00e4tigt in der Versorgung von Post-Vac-Patienten.&#8220; Es folgt ein\u00a0erneuter verbaler Schlag ins Gesicht leidender Menschen, verbunden mit einer gewagten, wenn nicht anma\u00dfenden Mutma\u00dfung:<\/p>\n<p><em>&#8222;Die Post-Vac-Betroffenen haben \u00e4hnliche Symptome wie Long COVID-Betroffene, nur meistens weniger stark ausgepr\u00e4gt und nat\u00fcrlich ist das Risiko, Post-Vac zu entwickeln, nach einer Impfung Dimensionen geringer, als das Risiko von Long COVID, wenn ich eine COVID-Infektion habe.&#8220;<\/em><\/p>\n<p>Der Nutzen der Impfung stehe daher f\u00fcr Lauterbach &#8222;nicht in Frage, sondern dominiert (!) nat\u00fcrlich, ganz klar, das geringe (!), doch vorhandene Post-Vac Risiko&#8220;.\u00a0Es folgten keinerlei Reaktionen oder R\u00fcckfragen der anwesenden Journalisten. Diese Aussage erinnert fatal an den Promptertext der BMG-YouTube-Serie &#8222;KarlText&#8220; vom Juni 2022. Damals lautete die verbale Backpfeife an die Opfer einer mRNA-Verabreichung:<\/p>\n<p><em>&#8222;Als Post-Vac-Syndrom bezeichnet man ein Syndrom, wo nach der Impfung die Menschen sich nicht so gut konzentrieren k\u00f6nnen wie vorher oder wo Nebenwirkungen vorkommen.&#8220;<\/em><\/p>\n<blockquote class=\"twitter-tweet\" data-width=\"550\" data-dnt=\"true\">\n<p lang=\"de\" dir=\"ltr\">K\u00f6nnen nach der <a href=\"https:\/\/twitter.com\/hashtag\/Corona?src=hash&amp;ref_src=twsrc%5Etfw\">#Corona<\/a>-Schutzimpfung <a href=\"https:\/\/twitter.com\/hashtag\/Nebenwirkungen?src=hash&amp;ref_src=twsrc%5Etfw\">#Nebenwirkungen<\/a> auftreten? Was ist das <a href=\"https:\/\/twitter.com\/hashtag\/PostVacSyndrom?src=hash&amp;ref_src=twsrc%5Etfw\">#PostVacSyndrom<\/a>? Und was k\u00f6nnen Betroffene tun? Dar\u00fcber spricht <a href=\"https:\/\/twitter.com\/Karl_Lauterbach?ref_src=twsrc%5Etfw\">@Karl_Lauterbach<\/a> in der neuen Folge <a href=\"https:\/\/twitter.com\/hashtag\/KarlText?src=hash&amp;ref_src=twsrc%5Etfw\">#KarlText<\/a>. Hier finden Sie weitere Informationen zu Nebenwirkungen: <a href=\"https:\/\/t.co\/EgF1g37dTc\">https:\/\/t.co\/EgF1g37dTc<\/a> <a href=\"https:\/\/t.co\/nW6LS0ADma\">pic.twitter.com\/nW6LS0ADma<\/a><\/p>\n<p>&mdash; Bundesgesundheitsministerium (@BMG_Bund) <a href=\"https:\/\/twitter.com\/BMG_Bund\/status\/1537474959584501766?ref_src=twsrc%5Etfw\">June 16, 2022<\/a><\/p><\/blockquote>\n<p><script async src=\"https:\/\/platform.twitter.com\/widgets.js\" charset=\"utf-8\"><\/script><\/p>\n<p>Ein nicht vorgestellter Journalist fragte dann allen Ernstes, ob es nicht sinnvoll w\u00e4re, aktuell weihnachtliche Betriebsfeiern abzusagen &#8222;oder unter besonderen Vorkehrungen durchf\u00fchren zu lassen&#8220;, um \u2013 eine reine Mutma\u00dfung meinerseits \u2013 die Gro\u00dfeltern vor und unter dem Weihnachtsbaum nicht zu gef\u00e4hrden. \u00dcberraschend beruhigte der Minister den verunsicherten Mann, empfahl aber generell, als reine Vorsichtsma\u00dfnahme, &#8222;doch eine Maske zu tragen&#8220; und sich vor dem Besuch der Familie testen zu lassen.<\/p>\n<p>Zum Thema der Betriebsfeiern sagte Lauterbach wortw\u00f6rtlich, dass sich Kollegen, &#8222;die einer Risikogruppe&#8220; angeh\u00f6ren \u2013 &#8222;auch stark \u00fcbergewichtige Menschen&#8220; \u2013, vor dem Bes\u00e4ufnis und geselligen Beisammensein &#8222;doch impfen lassen&#8220; k\u00f6nnten. Wenn die individuelle Verunsicherung jedoch zu gro\u00df bleibe, &#8222;dann einfach nicht teilnehmen&#8220;, so Minister Lauterbach auf der Pressekonferenz darlegend. Auch hier schwiegen die Journalisten.<\/p>\n<p>Frau Slavik von der <em>S\u00fcddeutschen Zeitung<\/em> wollte hingegen unbedingt erfahren, um wie viel Prozent h\u00f6her das Risiko von &#8222;Ungeimpften&#8220; l\u00e4ge, &#8222;an Long COVID zu erkranken&#8220;. Die vorliegende und medial kommunizierte &#8222;Sch\u00e4tzung von drei Prozent&#8220; bei geimpften B\u00fcrgern wurde auch bei dem Runden Tisch best\u00e4tigt. Lauterbach: &#8222;Auch in meiner Lesart der Literatur&#8220; sei dies aber trotzdem &#8222;nicht in Stein gemei\u00dfelt&#8220;, wie die &#8222;richtige&#8220; und einzig ernst zu nehmende Wissenschaft klarstellt. Das Risiko f\u00fcr Ungeimpfte sei Lauterbach zufolge &#8222;ungef\u00e4hr doppelt so hoch&#8220;.<\/p>\n<p>Die &#8222;genaue Zahl&#8220; der Long COVID-Patienten wurde am Runden Tisch nicht &#8222;noch einmal thematisiert&#8220;, so Lauterbach. Das Interesse an einer genauen Zahl der Opfer nach dem ein- oder mehrmaligen Erhalt eines neuartigen mRNA-Wirkstoffs h\u00e4lt sich demgegen\u00fcber nicht nur in Grenzen, dieses Interesse existiert schlicht nicht. Nicht bei Herrn Lauterbach, nicht im BMG, nicht im PEI oder im RKI. Wie auch weiterhin nicht bei einem Gro\u00dfteil der zuarbeitenden etablierten Medien.<\/p>\n<p>Interessant war der Hinweis Lauterbachs zum Ende hin, dass es in einer &#8222;Untergruppe&#8220; von sogenannten Long COVID-Patienten auch zu &#8222;Spontanheilungen&#8220; komme, ohne dies n\u00e4her zu erl\u00e4utern.\u00a0Abschlie\u00dfend bem\u00e4ngelte Lauterbach die fehlende Existenz des gl\u00e4sernen Patienten, also der schnellen und unkomplizierten Verf\u00fcgbarkeit digitaler Daten, nat\u00fcrlich ausschlie\u00dflich wegen der dadurch verhinderten, also verz\u00f6gerten wissenschaftlichen Forschung zum Ph\u00e4nomen Long COVID. Die Vorteile der \u2013 &#8222;fehlenden&#8220; \u2013 Digitalisierung in Deutschland, der absoluten Nutzung und Ausreizung eines drohenden <a href=\"https:\/\/www.bundesgesundheitsministerium.de\/service\/gesetze-und-verordnungen\/detail\/gesundheitsdatennutzungsgesetz.html\" target=\"_blank\" rel=\"noopener noreferrer\">Gesundheitsdatennutzungsgesetzes<\/a>, h\u00e4tte sich ihm zufolge &#8222;auch schon w\u00e4hrend der Pandemie&#8220; bemerkbar gemacht. Der Minister benannte dann das Vorzeigeland Israel als Vorbild f\u00fcr Datenerhebungen.<\/p>\n<p>Das Tondokument best\u00e4tigt nachdr\u00fccklich die sich abzeichnende Bef\u00fcrchtung, dass in der ersten Liga der Politik und der zuarbeitenden Medien sich seit dem offiziellen Ende der sogenannten Corona-Krise und der Pandemie im totalit\u00e4ren wie auch unwissenschaftlichen Denken sehr wenig gewandelt hat. Alles war okay so, wie es gelaufen ist, es gibt nichts aufzuarbeiten, bitte gehen und lesen Sie weiter.<\/p>\n<p>Daher zur erneuten regelm\u00e4\u00dfigen Erinnerung und Mahnung: Dass der unantastbare Lauterbach weiterhin vollkommen unbek\u00fcmmert und ungest\u00f6rt seinem Tagwerk nachgehen kann und darf, bleibt der medial-politische Skandal des Jahres 2023.<\/p>\n<p style=\"text-align: right;\"><em>Bernhard Loyen ist freier Journalist und schreibt f\u00fcr verschiedene alternative Portale<\/em><\/p>\n<hr \/>\n<p><span style=\"font-size: 10pt;\">Bild oben: Karl Lauterbach im Mai 2023 in K\u00f6ln<\/span><br \/>\n<span style=\"font-size: 10pt;\">Foto: \u00a9 Raimond Spekking \/ <a href=\"https:\/\/creativecommons.org\/licenses\/by-sa\/4.0\" target=\"_blank\" rel=\"noopener\">CC BY-SA 4.0<\/a> <\/span><br \/>\n<span style=\"font-size: 10pt;\">Quelle: <a href=\"https:\/\/commons.wikimedia.org\/w\/index.php?curid=134586748\" target=\"_blank\" rel=\"noopener\">https:\/\/commons.wikimedia.org\/w\/index.php?curid=134586748<\/a><\/span><\/p>\n","protected":false},"excerpt":{"rendered":"<p><b>Beitrag von Bernhard Loyen<\/b><br \/>\nAm 4. Dezember fand in Berlin die Veranstaltung &#8222;2. Runder Tisch Long COVID&#8220; statt. Anwesend waren &#8222;30 Experten&#8220;, auch &#8222;Betroffene&#8220;, die zu den Themen &#8222;Forschung, Arzneimittel, Rehabilitation und Bedarfe in den Lebenswelten&#8220; diskutierten. Ein &#8222;zentraler Aspekt&#8220; der Veranstaltung bestand nach Angaben des Bundesgesundheitsministeriums (BMG) darin, sich &#8222;zum Stellenwert der Rehabilitation und den bereits erzielten Fortschritten sowie zu aktuellen Studienergebnissen&#8220; auszutauschen. Im Vorfeld der Veranstaltung verbreitete sich ein Video von Felicia Binger, einer &#8222;Post-Vac&#8220;-Patientin und laute(re)n Stimme unter den Impfgesch\u00e4digten. &#8230; In einem X-Posting erl\u00e4utert\u00a0Frau Binger die Umst\u00e4nde, warum sie nicht mit am Runden Tisch sitzen durfte:<\/p>\n","protected":false},"author":3,"featured_media":17631,"comment_status":"closed","ping_status":"closed","sticky":false,"template":"","format":"standard","meta":{"colormag_page_container_layout":"default_layout","colormag_page_sidebar_layout":"default_layout","advanced_seo_description":"","jetpack_seo_html_title":"","jetpack_seo_noindex":false,"jetpack_post_was_ever_published":false,"footnotes":""},"categories":[11],"tags":[1256,577,2023,1278,1851,1661,1257,2024],"class_list":["post-17626","post","type-post","status-publish","format-standard","has-post-thumbnail","hentry","category-arbeit-soziales","tag-corona-virus","tag-gesundheitspolitik","tag-impfschaeden","tag-impfung","tag-long-covid","tag-nebenwirkung","tag-pandemie","tag-post-vac"],"jetpack_featured_media_url":"https:\/\/i0.wp.com\/www.freidenker.org\/fw17\/wp-content\/uploads\/2023\/12\/Lauterbach_2023.jpg?fit=800%2C450&ssl=1","jetpack_shortlink":"https:\/\/wp.me\/p9stpK-4Ai","jetpack-related-posts":[{"id":16639,"url":"https:\/\/www.freidenker.org\/?p=16639","url_meta":{"origin":17626,"position":0},"title":"Ein Volldesaster: Lauterbachs Long-COVID-Initiative und Brinkmanns Karrieresprung","author":"Webredaktion","date":"16. Juli 2023","format":false,"excerpt":"Beitrag von Bernhard Loyen Sehr weich fallen, eher dahinsinken, hei\u00dft das angenehme Momentum der Stunde f\u00fcr die forderndsten Protagonisten einer ausufernden Corona-Verordnungspolitik. Sp\u00fcrbare Konsequenzen musste bis dato keiner der verantwortlichen Einpeitscher und Gesellschaftsspalter der drei dunklen Jahre 2020 bis 2022 bef\u00fcrchten, erahnen oder sogar erleben. Die zur\u00fcckliegenden Tage belegen: Politik\u2026","rel":"","context":"In &quot;Arbeit &amp; Soziales&quot;","block_context":{"text":"Arbeit &amp; Soziales","link":"https:\/\/www.freidenker.org\/?cat=11"},"img":{"alt_text":"","src":"https:\/\/i0.wp.com\/www.freidenker.org\/fw17\/wp-content\/uploads\/2023\/07\/ColognePride_2023-Lauterbach-47735_800x450.jpg?fit=800%2C450&ssl=1&resize=350%2C200","width":350,"height":200,"srcset":"https:\/\/i0.wp.com\/www.freidenker.org\/fw17\/wp-content\/uploads\/2023\/07\/ColognePride_2023-Lauterbach-47735_800x450.jpg?fit=800%2C450&ssl=1&resize=350%2C200 1x, https:\/\/i0.wp.com\/www.freidenker.org\/fw17\/wp-content\/uploads\/2023\/07\/ColognePride_2023-Lauterbach-47735_800x450.jpg?fit=800%2C450&ssl=1&resize=525%2C300 1.5x, https:\/\/i0.wp.com\/www.freidenker.org\/fw17\/wp-content\/uploads\/2023\/07\/ColognePride_2023-Lauterbach-47735_800x450.jpg?fit=800%2C450&ssl=1&resize=700%2C400 2x"},"classes":[]},{"id":23638,"url":"https:\/\/www.freidenker.org\/?p=23638","url_meta":{"origin":17626,"position":1},"title":"5. Jahrestag: Der 18. November 2020 als mentales Brandmal zum Thema Erm\u00e4chtigung des Staates","author":"Webredaktion","date":"29. November 2025","format":false,"excerpt":"Beitrag von Bernhard Loyen Genau heute (18.11.2025) vor f\u00fcnf Jahren, am Ende des ersten bizarren Jahres der \"Corona-Krise\", gab es f\u00fcr die sogenannten \"Volksvertreter\" im Berliner Reichstag einen Anwesenheitspflichttermin. [...] Zur Erinnerung: Es ging um die erneute, vermeintlich notwendige, Modifizierung eines Gesetzes rein f\u00fcr den \"Bev\u00f6lkerungsschutz\". Was folgte, f\u00fcr weitere\u2026","rel":"","context":"In &quot;Demokratie \u2013 Medien \u2013 Aufkl\u00e4rung&quot;","block_context":{"text":"Demokratie \u2013 Medien \u2013 Aufkl\u00e4rung","link":"https:\/\/www.freidenker.org\/?cat=12"},"img":{"alt_text":"","src":"https:\/\/i0.wp.com\/www.freidenker.org\/fw17\/wp-content\/uploads\/2025\/11\/Loyen_Brandmal_02_800x450.jpg?fit=800%2C450&ssl=1&resize=350%2C200","width":350,"height":200,"srcset":"https:\/\/i0.wp.com\/www.freidenker.org\/fw17\/wp-content\/uploads\/2025\/11\/Loyen_Brandmal_02_800x450.jpg?fit=800%2C450&ssl=1&resize=350%2C200 1x, https:\/\/i0.wp.com\/www.freidenker.org\/fw17\/wp-content\/uploads\/2025\/11\/Loyen_Brandmal_02_800x450.jpg?fit=800%2C450&ssl=1&resize=525%2C300 1.5x, https:\/\/i0.wp.com\/www.freidenker.org\/fw17\/wp-content\/uploads\/2025\/11\/Loyen_Brandmal_02_800x450.jpg?fit=800%2C450&ssl=1&resize=700%2C400 2x"},"classes":[]},{"id":24721,"url":"https:\/\/www.freidenker.org\/?p=24721","url_meta":{"origin":17626,"position":2},"title":"&#8222;Segen der Impfungen&#8220;","author":"Webredaktion","date":"25. M\u00e4rz 2026","format":false,"excerpt":"Ex-Minister Lauterbach beklagt \"Fake-News\" in der Enquete-Kommission Beitrag von Bernhard Loyen Mit Spannung wurde der gestrige gemeinsame Auftritt zweier entscheidender Protagonisten in der \"Corona-Krise\" im Bundestag erwartet. So waren in der \"Enquete-Kommission Corona\" zum Thema \"Leistungsf\u00e4higkeit des Gesundheitswesens in der Pandemie\" der ehemalige Bundesgesundheitsminister Karl Lauterbach (SPD) sowie Ex-RKI-Chef Lothar\u2026","rel":"","context":"In &quot;Demokratie \u2013 Medien \u2013 Aufkl\u00e4rung&quot;","block_context":{"text":"Demokratie \u2013 Medien \u2013 Aufkl\u00e4rung","link":"https:\/\/www.freidenker.org\/?cat=12"},"img":{"alt_text":"","src":"https:\/\/i0.wp.com\/www.freidenker.org\/fw17\/wp-content\/uploads\/2026\/03\/neelam279-vaccine-5833550_800x450.jpg?fit=800%2C450&ssl=1&resize=350%2C200","width":350,"height":200,"srcset":"https:\/\/i0.wp.com\/www.freidenker.org\/fw17\/wp-content\/uploads\/2026\/03\/neelam279-vaccine-5833550_800x450.jpg?fit=800%2C450&ssl=1&resize=350%2C200 1x, https:\/\/i0.wp.com\/www.freidenker.org\/fw17\/wp-content\/uploads\/2026\/03\/neelam279-vaccine-5833550_800x450.jpg?fit=800%2C450&ssl=1&resize=525%2C300 1.5x, https:\/\/i0.wp.com\/www.freidenker.org\/fw17\/wp-content\/uploads\/2026\/03\/neelam279-vaccine-5833550_800x450.jpg?fit=800%2C450&ssl=1&resize=700%2C400 2x"},"classes":[]},{"id":20161,"url":"https:\/\/www.freidenker.org\/?p=20161","url_meta":{"origin":17626,"position":3},"title":"Eckart von Hirschhausen und Lauterbach drohen mit &#8222;Corona-Aufarbeitung&#8220;","author":"Webredaktion","date":"30. Oktober 2024","format":false,"excerpt":"Beitrag von Bernhard Loyen Die Ampelkoalition wird sich aufgrund \"unterschiedlicher Auffassungen\" in dieser Legislaturperiode nicht mehr mit dem Thema \"Aufarbeitung der Corona-Pandemie\" besch\u00e4ftigen. Ein seitens SPD und Gr\u00fcnen pr\u00e4ferierter \"B\u00fcrgerrat\" sei bis zur Bundestagswahl 2025 nicht realisierbar, so das\u00a0RT-Update\u00a0vom 11. Oktober zum Thema der konsequenten Verweigerungshaltung verantwortlicher Protagonisten dreier dunkler\u2026","rel":"","context":"In &quot;Demokratie \u2013 Medien \u2013 Aufkl\u00e4rung&quot;","block_context":{"text":"Demokratie \u2013 Medien \u2013 Aufkl\u00e4rung","link":"https:\/\/www.freidenker.org\/?cat=12"},"img":{"alt_text":"","src":"https:\/\/i0.wp.com\/www.freidenker.org\/fw17\/wp-content\/uploads\/2024\/10\/Health_for_Future_IMG_0265_50174308517_800x450.jpg?fit=800%2C450&ssl=1&resize=350%2C200","width":350,"height":200,"srcset":"https:\/\/i0.wp.com\/www.freidenker.org\/fw17\/wp-content\/uploads\/2024\/10\/Health_for_Future_IMG_0265_50174308517_800x450.jpg?fit=800%2C450&ssl=1&resize=350%2C200 1x, https:\/\/i0.wp.com\/www.freidenker.org\/fw17\/wp-content\/uploads\/2024\/10\/Health_for_Future_IMG_0265_50174308517_800x450.jpg?fit=800%2C450&ssl=1&resize=525%2C300 1.5x, https:\/\/i0.wp.com\/www.freidenker.org\/fw17\/wp-content\/uploads\/2024\/10\/Health_for_Future_IMG_0265_50174308517_800x450.jpg?fit=800%2C450&ssl=1&resize=700%2C400 2x"},"classes":[]},{"id":24324,"url":"https:\/\/www.freidenker.org\/?p=24324","url_meta":{"origin":17626,"position":4},"title":"Das Paul-(Un)Ehrlich-Institut und der j\u00fcngste Skandal in der &#8222;Corona-Aufarbeitung&#8220;","author":"Webredaktion","date":"30. Januar 2026","format":false,"excerpt":"Beitrag von Bernhard Loyen Januar 2024, die Pressestelle des Paul-Ehrlich-Instituts (PEI) kann stolz verk\u00fcnden, dass ihr langj\u00e4hriger verantwortlicher Leiter, Klaus Cichutek, von Bundespr\u00e4sident Frank-Walter Steinmeier \"mit dem Verdienstkreuz 1. Klasse des Verdienstordens der Bundesrepublik Deutschland ausgezeichnet\" wird. Diese hohe staatliche Ehrung erhielt er, ausdr\u00fccklich in der Rede von Steinmeier betont,\u2026","rel":"","context":"In &quot;Demokratie \u2013 Medien \u2013 Aufkl\u00e4rung&quot;","block_context":{"text":"Demokratie \u2013 Medien \u2013 Aufkl\u00e4rung","link":"https:\/\/www.freidenker.org\/?cat=12"},"img":{"alt_text":"","src":"https:\/\/i0.wp.com\/www.freidenker.org\/fw17\/wp-content\/uploads\/2026\/01\/Paul_Ehrlich_Institut_building_Langen_-_2022-05-16_800x450.jpg?fit=800%2C450&ssl=1&resize=350%2C200","width":350,"height":200,"srcset":"https:\/\/i0.wp.com\/www.freidenker.org\/fw17\/wp-content\/uploads\/2026\/01\/Paul_Ehrlich_Institut_building_Langen_-_2022-05-16_800x450.jpg?fit=800%2C450&ssl=1&resize=350%2C200 1x, https:\/\/i0.wp.com\/www.freidenker.org\/fw17\/wp-content\/uploads\/2026\/01\/Paul_Ehrlich_Institut_building_Langen_-_2022-05-16_800x450.jpg?fit=800%2C450&ssl=1&resize=525%2C300 1.5x, https:\/\/i0.wp.com\/www.freidenker.org\/fw17\/wp-content\/uploads\/2026\/01\/Paul_Ehrlich_Institut_building_Langen_-_2022-05-16_800x450.jpg?fit=800%2C450&ssl=1&resize=700%2C400 2x"},"classes":[]},{"id":17606,"url":"https:\/\/www.freidenker.org\/?p=17606","url_meta":{"origin":17626,"position":5},"title":"Lauterbach und BMG verweigern Aufkl\u00e4rung zu Bakterien-DNA in Impfstoffen","author":"Webredaktion","date":"5. Dezember 2023","format":false,"excerpt":"Beitrag von Bernhard Loyen Erneut erfahren kritische B\u00fcrger wie auch leidtragende belastete Opfer einer im stillen Vertrauen erhaltenen sogenannten \"COVID-19-Impfung\" wichtige Informationen \u00fcber m\u00f6gliche Gr\u00fcnde f\u00fcr k\u00f6rperliche Sch\u00e4den aus den sogenannten alternativen Medien. So aktuell durch einen\u00a0Artikel des Finanzjournalisten, Bloggers und Autoren Norbert H\u00e4ring mit dem Titel: \"Bakterien-DNA in Impfstoffen:\u2026","rel":"","context":"In &quot;Arbeit &amp; Soziales&quot;","block_context":{"text":"Arbeit &amp; Soziales","link":"https:\/\/www.freidenker.org\/?cat=11"},"img":{"alt_text":"","src":"https:\/\/i0.wp.com\/www.freidenker.org\/fw17\/wp-content\/uploads\/2023\/12\/Lauterbach_2023_Koeln_800x450.jpg?fit=800%2C450&ssl=1&resize=350%2C200","width":350,"height":200,"srcset":"https:\/\/i0.wp.com\/www.freidenker.org\/fw17\/wp-content\/uploads\/2023\/12\/Lauterbach_2023_Koeln_800x450.jpg?fit=800%2C450&ssl=1&resize=350%2C200 1x, https:\/\/i0.wp.com\/www.freidenker.org\/fw17\/wp-content\/uploads\/2023\/12\/Lauterbach_2023_Koeln_800x450.jpg?fit=800%2C450&ssl=1&resize=525%2C300 1.5x, https:\/\/i0.wp.com\/www.freidenker.org\/fw17\/wp-content\/uploads\/2023\/12\/Lauterbach_2023_Koeln_800x450.jpg?fit=800%2C450&ssl=1&resize=700%2C400 2x"},"classes":[]}],"_links":{"self":[{"href":"https:\/\/www.freidenker.org\/index.php?rest_route=\/wp\/v2\/posts\/17626","targetHints":{"allow":["GET"]}}],"collection":[{"href":"https:\/\/www.freidenker.org\/index.php?rest_route=\/wp\/v2\/posts"}],"about":[{"href":"https:\/\/www.freidenker.org\/index.php?rest_route=\/wp\/v2\/types\/post"}],"author":[{"embeddable":true,"href":"https:\/\/www.freidenker.org\/index.php?rest_route=\/wp\/v2\/users\/3"}],"replies":[{"embeddable":true,"href":"https:\/\/www.freidenker.org\/index.php?rest_route=%2Fwp%2Fv2%2Fcomments&post=17626"}],"version-history":[{"count":0,"href":"https:\/\/www.freidenker.org\/index.php?rest_route=\/wp\/v2\/posts\/17626\/revisions"}],"wp:featuredmedia":[{"embeddable":true,"href":"https:\/\/www.freidenker.org\/index.php?rest_route=\/wp\/v2\/media\/17631"}],"wp:attachment":[{"href":"https:\/\/www.freidenker.org\/index.php?rest_route=%2Fwp%2Fv2%2Fmedia&parent=17626"}],"wp:term":[{"taxonomy":"category","embeddable":true,"href":"https:\/\/www.freidenker.org\/index.php?rest_route=%2Fwp%2Fv2%2Fcategories&post=17626"},{"taxonomy":"post_tag","embeddable":true,"href":"https:\/\/www.freidenker.org\/index.php?rest_route=%2Fwp%2Fv2%2Ftags&post=17626"}],"curies":[{"name":"wp","href":"https:\/\/api.w.org\/{rel}","templated":true}]}}