{"id":17587,"date":"2023-11-29T00:48:28","date_gmt":"2023-11-28T23:48:28","guid":{"rendered":"https:\/\/www.freidenker.org\/?p=17587"},"modified":"2023-12-24T01:42:14","modified_gmt":"2023-12-24T00:42:14","slug":"selbststaendige-aussenpolitik-serbiens-wird-nicht-akzeptiert","status":"publish","type":"post","link":"https:\/\/www.freidenker.org\/?p=17587","title":{"rendered":"Selbstst\u00e4ndige Au\u00dfenpolitik Serbiens wird nicht akzeptiert"},"content":{"rendered":"<h4>Aleksandar Vulin als Leiter der serbischen Geheimdienste zur\u00fcckgetreten<\/h4>\n<p><em>von <strong>Bernd Duschner<\/strong><\/em><\/p>\n<p>Aleksandar Vulin geh\u00f6rt zu den wichtigsten Vertrauten und St\u00fctzen des serbischen Pr\u00e4sidenten Aleksandar Vu\u010di\u0107.\u00a0Seit 2014 f\u00fchrt dessen Fortschrittspartei (SNS) die Regierungen in Serbien und seit 2014 war Vulin stets Mitglied des Kabinetts, zun\u00e4chst als Minister f\u00fcr Arbeit und\u00a0 Soziales, dann als Verteidigungsminister und zuletzt als Innenminister, bevor ihm Vucic im Dezember 2022 die Leitung des serbischen Geheimdienstes (BIA)\u00a0 anvertraute.<\/p>\n<p>Auf Druck der USA sah sich Vulin Anfang November gezwungen, von seinem Posten zur\u00fcckzutreten <strong>(1)<\/strong>. Mit seinem R\u00fccktritt wollte der Spitzenpolitiker verhindern, dass gegen Serbien Sanktionen verh\u00e4ngt werden.<\/p>\n<p>Vor dem Hintergrund der mittlerweile offenkundigen Niederlage in der Ukraine haben Washington, Br\u00fcssel und Berlin ihren Druck auf Serbien und die Republik Srpska erheblich verst\u00e4rkt. Serbien soll endg\u00fcltig auf seine abtr\u00fcnnige Provinz Kosovo verzichten, ihr Gesch\u00f6pf als eigenst\u00e4ndigen Staat anerkennen und Sanktionen gegen Russland verh\u00e4ngen. Die Republik Srpska soll gezwungen werden,\u00a0 den deutschen Politiker Christian Schmidt (CSU) als \u201eHohen Repr\u00e4sentanten f\u00fcr Bosnien-Herzegowina\u201c mit nahezu unbeschr\u00e4nkten Vollmachten in Bosnien-Herzegowina\u00a0 anzuerkennen, auf ihrer Eigenst\u00e4ndigkeit gegen\u00fcber der EU-h\u00f6rigen bosnischen Zentralregierung in Sarajevo verzichten und sich ebenfalls in die Front gegen Russland und China einreihen <strong>(2)<\/strong>.<\/p>\n<p>Aleksandar Vulin, Gr\u00fcnder und Vorsitzender der \u201eSozialistischen Bewegung\u201c (Pokret Socijalista), hat sich diesen Forderungen stets energisch widersetzt. Er war in der Serbischen Regierung in Belgrad der entschiedenste Vertreter einer Politik der milit\u00e4rischen Neutralit\u00e4t, Bef\u00fcrworter freundschaftlicher Beziehungen zu Russland und China und einer engen Zusammenarbeit mit der Republik Srpska.<\/p>\n<p>Am 11. Juli 2023 hatte das Office of Foreign Assets Control (OFAC) des US-Finanzministeriums gegen den serbischen Politiker Sanktionen verh\u00e4ngt. Ohne jeden Beleg und obwohl, wie Serbiens Pr\u00e4sident Vu\u010di\u0107 bissig bemerkte, im Wei\u00dfen Haus und nicht im B\u00fcro von Aleksandar Vulin Kokain gefunden wurde (<strong>3), <\/strong>erhob das OFAC gegen den serbischen Spitzenpolitiker den Vorwurf, in die organisierte Kriminalit\u00e4t und illegale Drogengesch\u00e4fte verwickelt zu sein. \u201eEr hat\u201c, so die OFAC weiter, \u201eseine \u00f6ffentlichen \u00c4mter genutzt, um Russland zu unterst\u00fctzen und damit Russlands b\u00f6sartige Aktivit\u00e4ten beg\u00fcnstigt, die die Sicherheit und Stabilit\u00e4t des westlichen Balkans beeintr\u00e4chtigen,\u00a0 und Russland eine Plattform geboten, seinen Einfluss in der Region auszubauen.<strong>(4)\u201c<\/strong>.<\/p>\n<p>Engste Beziehungen zu Russland, China und den BRICS-Staaten w\u00fcnschen sich, wie eine aktuelle Umfrage belegt, 63,4% der B\u00fcrger in Serbien. F\u00fcr die Regierungen in Washington, Br\u00fcssel und Berlin haben die W\u00fcnsche der serbischen Bev\u00f6lkerung jedoch keine Rolle zu spielen (<strong>5)<\/strong>.<\/p>\n<p>In seiner R\u00fccktrittserkl\u00e4rung schrieb Aleksander Vulin:<\/p>\n<p style=\"padding-left: 40px;\"><em>\u201ePr\u00e4sident Vu\u010di\u0107 und Serbien sind mit Drohungen und Erpressungen konfrontiert, die man nur mit dem\u00a0 \u00f6sterreichisch-ungarischen Ultimatum von 1914 vergleichen kann. Von uns wird verlangt, dass wir Kosovo anerkennen, die Republik Srpska aufgeben und, indem wir Sanktionen gegen Russland verh\u00e4ngen, aufh\u00f6ren, ein souver\u00e4nes Land und Nation zu sein. Falls wir dem zugestimmt h\u00e4tten, w\u00e4re die n\u00e4chste Forderung, Schluss mit den chinesische Investitionen zu machen, eine vollst\u00e4ndige technologische und wirtschaftliche Abh\u00e4ngigkeit vom Westen, sowie die weitere politische und territoriale Desintegration Serbiens und die \u00dcbernahme westlicher Werte gewesen. In ihnen gibt es\u00a0 keinen Platz f\u00fcr die traditionelle Familie und Nation, und letztlich auch nicht f\u00fcr soziale Gerechtigkeit. <\/em><\/p>\n<p style=\"padding-left: 40px;\"><em>USA und EU fordern meinen Kopf als Bedingung daf\u00fcr, keine Sanktionen gegen Serbien zu erlassen. Ich bin nicht der Grund f\u00fcr die Erpressung und den Druck auf Serbien und die Serbische Nation, aber ich werde nicht zulassen, dass ich zum Vorwand f\u00fcr Erpressung und Druck auf Serbien und die serbische Nation genommen werde. Deshalb trete ich unwiderruflich als Leiter der serbischen Nachrichtendienste zur\u00fcck (\u2026.). Mein R\u00fccktritt wird die Politik der USA und EU gegen\u00fcber Serbien nicht \u00e4ndern, aber er wird weitere Forderungen und Erpressungen hinausz\u00f6gern.\u201c<\/em><strong>(6)<\/strong><\/p>\n<p>Dies ist leider zu bef\u00fcrchten, denn auch auf dem Balkan dulden USA und EU nur Vasallen.<\/p>\n<p style=\"text-align: right;\"><em>Bernd Duschner ist Sprecher der Hilfsorganisation Freundschaft mit Valjevo e.V. und Mitglied des Deutschen Freidenker-Verbandes<\/em><\/p>\n<p>&nbsp;<\/p>\n<p><strong>Anmerkungen:<\/strong><\/p>\n<p><strong>(1)<\/strong> Politika, 3. 11.23: \u201eVulin podneo ostavku na mesto direktora BIA<\/p>\n<p><strong>(2)<\/strong> Novosti, 9.10.23: Autorski Tekst Milorada Dodika, predsednika Republike Srpske: Spremamo\u00a0 tu\u017ebe protiv svih razbija\u010da &#8222;Dejtona&#8220;.<br \/>\nDie Republik Srpska weigert sich Christian Schmidt als Hohen Repr\u00e4sentanten der EU anzuerkennen, weil seine Ernennung ohne Zustimmung des UN-Sicherheitsrates und ohne Zustimmung der Republik Srpska als Vertragspartner des Dayton Abkommens erfolgt ist. Ihm fehlt, so Milorad Dodik, Pr\u00e4sident der Republik Srpska, jede demokratische Legitimation.<\/p>\n<p><strong>(3)<\/strong>\u00a0BalkanInsight, 12.7.2023: <a href=\"https:\/\/balkaninsight.com\/2023\/07\/12\/serbian-president-us-sanctioned-vulin-for-russia-ties-not-corruption\/\" target=\"_blank\" rel=\"noopener\">https:\/\/balkaninsight.com\/2023\/07\/12\/serbian-president-us-sanctioned-vulin-for-russia-ties-not-corruption\/<\/a><\/p>\n<p><strong>(4)<\/strong> Treasury Sanctions Official Linked to Corruption in Serbia. <a href=\"https:\/\/home.treasury.gov\/news\/press-releases\/jy1606\" target=\"_blank\" rel=\"noopener\">https:\/\/home.treasury.gov\/news\/press-releases\/jy1606<\/a><\/p>\n<p><a href=\"http:\/\/www.nspm.rs\/hronika\/n1-direktor-bia-aleksandar-vulin-na-spisku-lica-pod-americkim-sankcijama.-pripisuju-mu-se-poslovi-u-vezi-sa-trgovinom-narkoticima-i-veze-za-slobodanom-tesicem.html\" target=\"_blank\" rel=\"noopener\">N1: Direktor BIA Aleksandar Vulin na spisku lica pod ameri\u010dkim sankcijama. Pripisuju mu se poslovi u vezi sa trgovinom narkoticima i veze za Slobodanom Te\u0161i\u0107em<\/a><\/p>\n<p><strong>(5)<\/strong> Politika, 3.11.23: <a href=\"https:\/\/www.politika.rs\/sr\/clanak\/581900\/Vulin-podneo-ostavku-na-mesto-direktora-BIA\" target=\"_blank\" rel=\"noopener\">https:\/\/www.politika.rs\/sr\/clanak\/581900\/Vulin-podneo-ostavku-na-mesto-direktora-BIA<\/a><\/p>\n<p><strong>(6) <\/strong>\u00a0Nova srpska politicka misao: <a href=\"http:\/\/nspm.rs\/istrazivanja-javnog-mnjenja\/srbija-novembar-2023.-sns-392-odsto-srbija-protiv-nasilja-25.8.html?alphabet=l\" target=\"_blank\" rel=\"noopener\">nspm.rs\/istrazivanja-javnog-mnjenja\/srbija-novembar-2023.-sns-392-odsto-srbija-protiv-nasilja-25.8.html?alphabet=l<\/a><br \/>\n63,4% der Befragten sprachen sich f\u00fcr engste Beziehungen zu Russland, China und den BRICS-Staaten aus, weitere 13,3% waren eher daf\u00fcr, als dagegen. Nur 9,3% sprachen sich dagegen aus.<\/p>\n<hr \/>\n<p><span style=\"font-size: 10pt;\">Bild oben:\u00a0Aleksandar Vulin, 2019<\/span><br \/>\n<span style=\"font-size: 10pt;\">Foto: Ministry of Defence of Serbia, CC BY-SA 4.0<\/span><br \/>\n<span style=\"font-size: 10pt;\">Quelle: <a href=\"https:\/\/commons.wikimedia.org\/w\/index.php?curid=124421661\" target=\"_blank\" rel=\"noopener\">https:\/\/commons.wikimedia.org\/w\/index.php?curid=124421661<\/a><\/span><\/p>\n<p>&nbsp;<\/p>\n<p>&nbsp;<\/p>\n","protected":false},"excerpt":{"rendered":"<p><b>Aleksandar Vulin als Leiter der serbischen Geheimdienste zur\u00fcckgetreten<\/b><br \/>\n<b>Beitrag von Bernd Duschner<\/b><br \/>\nAleksandar Vulin geh\u00f6rt zu den wichtigsten Vertrauten und St\u00fctzen des serbischen Pr\u00e4sidenten Aleksandar Vu\u010di\u0107.\u00a0Seit 2014 f\u00fchrt dessen Fortschrittspartei (SNS) die Regierungen in Serbien und seit 2014 war Vulin stets Mitglied des Kabinetts, zun\u00e4chst als Minister f\u00fcr Arbeit und\u00a0 Soziales, dann als Verteidigungsminister und zuletzt als Innenminister, bevor ihm Vucic im Dezember 2022 die Leitung des serbischen Geheimdienstes (BIA)\u00a0 anvertraute. Auf Druck der USA sah sich Vulin Anfang November gezwungen, von seinem Posten zur\u00fcckzutreten. Mit seinem R\u00fccktritt wollte der Spitzenpolitiker verhindern, dass gegen Serbien Sanktionen verh\u00e4ngt werden.<\/p>\n","protected":false},"author":3,"featured_media":17591,"comment_status":"closed","ping_status":"closed","sticky":false,"template":"","format":"standard","meta":{"colormag_page_container_layout":"default_layout","colormag_page_sidebar_layout":"default_layout","advanced_seo_description":"","jetpack_seo_html_title":"","jetpack_seo_noindex":false,"jetpack_post_was_ever_published":false,"footnotes":""},"categories":[12],"tags":[699,709,413,1197,2014,1571,222,719,764,185],"class_list":["post-17587","post","type-post","status-publish","format-standard","has-post-thumbnail","hentry","category-demokratie-medien-aufklaerung","tag-aussenpolitik","tag-brics-staaten","tag-china","tag-kosovo","tag-kriminalitaet","tag-neutralitaet","tag-russland","tag-sanktionen","tag-serbien","tag-usa"],"jetpack_featured_media_url":"https:\/\/i0.wp.com\/www.freidenker.org\/fw17\/wp-content\/uploads\/2023\/11\/Aleksandar_Vulin_800x450.jpg?fit=800%2C450&ssl=1","jetpack_shortlink":"https:\/\/wp.me\/p9stpK-4zF","jetpack-related-posts":[{"id":17690,"url":"https:\/\/www.freidenker.org\/?p=17690","url_meta":{"origin":17587,"position":0},"title":"Serbien: Folgt auf den Wahlsieg von Aleksandar Vu\u010di\u0107 jetzt ein Maidan in Belgrad?","author":"Webredaktion","date":"28. Dezember 2023","format":false,"excerpt":"Von Bernd Duschner Am vergangenen Sonntag fanden in Serbien vorgezogene Parlaments- und Kommunalwahlen in verschiedenen St\u00e4dten, darunter in der Hauptstadt Belgrad, statt. Bei den Parlamentswahlen hat die regierende Serbische Fortschrittspartei (SNS) von Staatspr\u00e4sident Aleksandar Vucic ihre f\u00fchrende Position mit 46,7 Prozent der Stimmen (2022: 43 Prozent) weiter ausgebaut. Sie verf\u00fcgt\u2026","rel":"","context":"In &quot;Demokratie \u2013 Medien \u2013 Aufkl\u00e4rung&quot;","block_context":{"text":"Demokratie \u2013 Medien \u2013 Aufkl\u00e4rung","link":"https:\/\/www.freidenker.org\/?cat=12"},"img":{"alt_text":"","src":"https:\/\/i0.wp.com\/www.freidenker.org\/fw17\/wp-content\/uploads\/2023\/12\/2023_Serbian_election_protests_24_December_800x450.jpg?fit=800%2C450&ssl=1&resize=350%2C200","width":350,"height":200,"srcset":"https:\/\/i0.wp.com\/www.freidenker.org\/fw17\/wp-content\/uploads\/2023\/12\/2023_Serbian_election_protests_24_December_800x450.jpg?fit=800%2C450&ssl=1&resize=350%2C200 1x, https:\/\/i0.wp.com\/www.freidenker.org\/fw17\/wp-content\/uploads\/2023\/12\/2023_Serbian_election_protests_24_December_800x450.jpg?fit=800%2C450&ssl=1&resize=525%2C300 1.5x, https:\/\/i0.wp.com\/www.freidenker.org\/fw17\/wp-content\/uploads\/2023\/12\/2023_Serbian_election_protests_24_December_800x450.jpg?fit=800%2C450&ssl=1&resize=700%2C400 2x"},"classes":[]},{"id":6172,"url":"https:\/\/www.freidenker.org\/?p=6172","url_meta":{"origin":17587,"position":1},"title":"Konferenz in Belgrad l\u00e4sst NATO-Werbung abblitzen (Teil II)","author":"Webredaktion","date":"12. April 2019","format":false,"excerpt":"Beitrag von Rainer Rupp NATO und EU umgarnen weiterhin die serbische F\u00fchrung, um das Land in die beiden Frontorganisationen der westlichen Unwertegemeinschaft zu locken. Klarheit dar\u00fcber schaffte in Belgrad eine hochkar\u00e4tige internationale Konferenz zum 20sten Jahrestages des NATO-\u00dcberfalls. Teil II des Beitrages befasst sich mit der zuk\u00fcnftigen politischen Orientierung Serbiens\u2026","rel":"","context":"In &quot;Frieden - Antifaschismus - Solidarit\u00e4t&quot;","block_context":{"text":"Frieden - Antifaschismus - Solidarit\u00e4t","link":"https:\/\/www.freidenker.org\/?cat=13"},"img":{"alt_text":"","src":"https:\/\/i0.wp.com\/www.freidenker.org\/fw17\/wp-content\/uploads\/2019\/04\/belgrad_flammen_800x445.jpg?fit=800%2C445&ssl=1&resize=350%2C200","width":350,"height":200,"srcset":"https:\/\/i0.wp.com\/www.freidenker.org\/fw17\/wp-content\/uploads\/2019\/04\/belgrad_flammen_800x445.jpg?fit=800%2C445&ssl=1&resize=350%2C200 1x, https:\/\/i0.wp.com\/www.freidenker.org\/fw17\/wp-content\/uploads\/2019\/04\/belgrad_flammen_800x445.jpg?fit=800%2C445&ssl=1&resize=525%2C300 1.5x, https:\/\/i0.wp.com\/www.freidenker.org\/fw17\/wp-content\/uploads\/2019\/04\/belgrad_flammen_800x445.jpg?fit=800%2C445&ssl=1&resize=700%2C400 2x"},"classes":[]},{"id":9474,"url":"https:\/\/www.freidenker.org\/?p=9474","url_meta":{"origin":17587,"position":2},"title":"Serbien in Zeiten der Corona-Pandemie","author":"Webredaktion","date":"31. Januar 2021","format":false,"excerpt":"Kein Lockdown und freie Wahl des Impfstoffes - Beitrag von Bernd Duschner Im vergangenen Jahr geh\u00f6rte Valjevo samt den eingegliederten D\u00f6rfern mit seinen rund 86.000 Einwohnern zu den Hotspots der Pandemie in Serbien. Bis einschlie\u00dflich 21.1.2021, so der Chefredakteur der Lokalzeitung \u201eNapred\u201c, Slobodan Ciric, waren 151 B\u00fcrger mit oder infolge\u2026","rel":"","context":"In &quot;Arbeit &amp; Soziales&quot;","block_context":{"text":"Arbeit &amp; Soziales","link":"https:\/\/www.freidenker.org\/?cat=11"},"img":{"alt_text":"","src":"https:\/\/i0.wp.com\/www.freidenker.org\/fw17\/wp-content\/uploads\/2021\/01\/Serbien_corona-titel_800x450.jpg?fit=800%2C450&ssl=1&resize=350%2C200","width":350,"height":200,"srcset":"https:\/\/i0.wp.com\/www.freidenker.org\/fw17\/wp-content\/uploads\/2021\/01\/Serbien_corona-titel_800x450.jpg?fit=800%2C450&ssl=1&resize=350%2C200 1x, https:\/\/i0.wp.com\/www.freidenker.org\/fw17\/wp-content\/uploads\/2021\/01\/Serbien_corona-titel_800x450.jpg?fit=800%2C450&ssl=1&resize=525%2C300 1.5x, https:\/\/i0.wp.com\/www.freidenker.org\/fw17\/wp-content\/uploads\/2021\/01\/Serbien_corona-titel_800x450.jpg?fit=800%2C450&ssl=1&resize=700%2C400 2x"},"classes":[]},{"id":13563,"url":"https:\/\/www.freidenker.org\/?p=13563","url_meta":{"origin":17587,"position":3},"title":"Warum Serbiens Bev\u00f6lkerung und Regierung Sanktionen gegen Russland ablehnen","author":"Webredaktion","date":"20. Juni 2022","format":false,"excerpt":"Beitrag von Bernd Duschner Die Regierung in Belgrad ist die einzige europ\u00e4ische Regierung, die keine Sanktionen gegen Russland verh\u00e4ngt hat. Sie steht unter starkem Druck von Washington, Br\u00fcssel und Berlin. Ungeachtet dessen hat Serbiens Pr\u00e4sident Aleksander Vucic am 29. Mai 2022 mit Russlands Pr\u00e4sident Putin einen 3-Jahres-Vertrag \u00fcber die Lieferung\u2026","rel":"","context":"In &quot;Frieden - Antifaschismus - Solidarit\u00e4t&quot;","block_context":{"text":"Frieden - Antifaschismus - Solidarit\u00e4t","link":"https:\/\/www.freidenker.org\/?cat=13"},"img":{"alt_text":"","src":"https:\/\/i0.wp.com\/www.freidenker.org\/fw17\/wp-content\/uploads\/2022\/06\/Putin_Vucic_2019_v2_800x450.jpg?fit=800%2C450&ssl=1&resize=350%2C200","width":350,"height":200,"srcset":"https:\/\/i0.wp.com\/www.freidenker.org\/fw17\/wp-content\/uploads\/2022\/06\/Putin_Vucic_2019_v2_800x450.jpg?fit=800%2C450&ssl=1&resize=350%2C200 1x, https:\/\/i0.wp.com\/www.freidenker.org\/fw17\/wp-content\/uploads\/2022\/06\/Putin_Vucic_2019_v2_800x450.jpg?fit=800%2C450&ssl=1&resize=525%2C300 1.5x, https:\/\/i0.wp.com\/www.freidenker.org\/fw17\/wp-content\/uploads\/2022\/06\/Putin_Vucic_2019_v2_800x450.jpg?fit=800%2C450&ssl=1&resize=700%2C400 2x"},"classes":[]},{"id":17803,"url":"https:\/\/www.freidenker.org\/?p=17803","url_meta":{"origin":17587,"position":4},"title":"Serbien nach den Wahlen: Die Macht von Pr\u00e4sident Vu\u010di\u0107 ist nicht gef\u00e4hrdet","author":"Webredaktion","date":"10. Januar 2024","format":false,"excerpt":"Beitrag von Bernd Duschner Auf ihre schwere Niederlage bei den serbischen Parlaments- und Kommunalwahlen am 17. Dezember reagiert das prowestliche B\u00fcndnis \u201eSerbien gegen Gewalt\u201c seit Tagen mit Protestkundgebungen und Demonstrationen, die sich auf ihre Hochburg Belgrad konzentrieren. Es liege massiver Wahlbetrug vor und die Wahlen m\u00fcssten deshalb annulliert werden. Die\u2026","rel":"","context":"In &quot;Demokratie \u2013 Medien \u2013 Aufkl\u00e4rung&quot;","block_context":{"text":"Demokratie \u2013 Medien \u2013 Aufkl\u00e4rung","link":"https:\/\/www.freidenker.org\/?cat=12"},"img":{"alt_text":"","src":"https:\/\/i0.wp.com\/www.freidenker.org\/fw17\/wp-content\/uploads\/2024\/01\/Sns_miting_26._maj_2023_800x450.jpg?fit=800%2C450&ssl=1&resize=350%2C200","width":350,"height":200,"srcset":"https:\/\/i0.wp.com\/www.freidenker.org\/fw17\/wp-content\/uploads\/2024\/01\/Sns_miting_26._maj_2023_800x450.jpg?fit=800%2C450&ssl=1&resize=350%2C200 1x, https:\/\/i0.wp.com\/www.freidenker.org\/fw17\/wp-content\/uploads\/2024\/01\/Sns_miting_26._maj_2023_800x450.jpg?fit=800%2C450&ssl=1&resize=525%2C300 1.5x, https:\/\/i0.wp.com\/www.freidenker.org\/fw17\/wp-content\/uploads\/2024\/01\/Sns_miting_26._maj_2023_800x450.jpg?fit=800%2C450&ssl=1&resize=700%2C400 2x"},"classes":[]},{"id":19219,"url":"https:\/\/www.freidenker.org\/?p=19219","url_meta":{"origin":17587,"position":5},"title":"Wird mit der UN-Resolution zu Srebrenica der Balkan erneut in Brand gesetzt?","author":"Webredaktion","date":"31. Mai 2024","format":false,"excerpt":"Beitrag von Bernd Duschner Sch\u00e4tzungsweise 100.000 Menschen haben im B\u00fcrgerkrieg in Bosnien 1992\u20131995 ihr Leben verloren, 2 Millionen wurden zu Fl\u00fcchtlingen. Das bekannteste Kriegsverbrechen ereignete sich im Juli 1995 in Srebrenica: [...] Trotz eines Entmilitarisierungsabkommens waren in der Stadt moslemisch-bosnische Einheiten stationiert, die aus dieser Schutzzone heraus wiederholt umliegende serbische\u2026","rel":"","context":"In &quot;Demokratie \u2013 Medien \u2013 Aufkl\u00e4rung&quot;","block_context":{"text":"Demokratie \u2013 Medien \u2013 Aufkl\u00e4rung","link":"https:\/\/www.freidenker.org\/?cat=12"},"img":{"alt_text":"","src":"https:\/\/i0.wp.com\/www.freidenker.org\/fw17\/wp-content\/uploads\/2024\/05\/UNO_Resolution_Srebrenica_Coll.jpg?fit=800%2C450&ssl=1&resize=350%2C200","width":350,"height":200,"srcset":"https:\/\/i0.wp.com\/www.freidenker.org\/fw17\/wp-content\/uploads\/2024\/05\/UNO_Resolution_Srebrenica_Coll.jpg?fit=800%2C450&ssl=1&resize=350%2C200 1x, https:\/\/i0.wp.com\/www.freidenker.org\/fw17\/wp-content\/uploads\/2024\/05\/UNO_Resolution_Srebrenica_Coll.jpg?fit=800%2C450&ssl=1&resize=525%2C300 1.5x, https:\/\/i0.wp.com\/www.freidenker.org\/fw17\/wp-content\/uploads\/2024\/05\/UNO_Resolution_Srebrenica_Coll.jpg?fit=800%2C450&ssl=1&resize=700%2C400 2x"},"classes":[]}],"_links":{"self":[{"href":"https:\/\/www.freidenker.org\/index.php?rest_route=\/wp\/v2\/posts\/17587","targetHints":{"allow":["GET"]}}],"collection":[{"href":"https:\/\/www.freidenker.org\/index.php?rest_route=\/wp\/v2\/posts"}],"about":[{"href":"https:\/\/www.freidenker.org\/index.php?rest_route=\/wp\/v2\/types\/post"}],"author":[{"embeddable":true,"href":"https:\/\/www.freidenker.org\/index.php?rest_route=\/wp\/v2\/users\/3"}],"replies":[{"embeddable":true,"href":"https:\/\/www.freidenker.org\/index.php?rest_route=%2Fwp%2Fv2%2Fcomments&post=17587"}],"version-history":[{"count":0,"href":"https:\/\/www.freidenker.org\/index.php?rest_route=\/wp\/v2\/posts\/17587\/revisions"}],"wp:featuredmedia":[{"embeddable":true,"href":"https:\/\/www.freidenker.org\/index.php?rest_route=\/wp\/v2\/media\/17591"}],"wp:attachment":[{"href":"https:\/\/www.freidenker.org\/index.php?rest_route=%2Fwp%2Fv2%2Fmedia&parent=17587"}],"wp:term":[{"taxonomy":"category","embeddable":true,"href":"https:\/\/www.freidenker.org\/index.php?rest_route=%2Fwp%2Fv2%2Fcategories&post=17587"},{"taxonomy":"post_tag","embeddable":true,"href":"https:\/\/www.freidenker.org\/index.php?rest_route=%2Fwp%2Fv2%2Ftags&post=17587"}],"curies":[{"name":"wp","href":"https:\/\/api.w.org\/{rel}","templated":true}]}}