{"id":17542,"date":"2023-11-20T01:02:37","date_gmt":"2023-11-20T00:02:37","guid":{"rendered":"https:\/\/www.freidenker.org\/?p=17542"},"modified":"2023-12-24T01:44:55","modified_gmt":"2023-12-24T00:44:55","slug":"was-ist-rechts-was-ist-links","status":"publish","type":"post","link":"https:\/\/www.freidenker.org\/?p=17542","title":{"rendered":"\u201eWas ist rechts, was ist links?\u201c"},"content":{"rendered":"<p><em>Vortrag von <strong>Klaus Hartmann<\/strong><\/em><\/p>\n<p><span style=\"font-size: 10pt;\">Mitgeschnitten auf der Mitgliederversammlung des LV Rheinland-Pfalz\/Saarland des Deutschen Freidenker-Verbandes am 12.11.2023 in Idar-Oberstein.<\/span><\/p>\n<p><span class=\"yt-core-attributed-string yt-core-attributed-string--white-space-pre-wrap\" role=\"text\"><span class=\"yt-core-attributed-string--link-inherit-color\">Gilt das alte Links heute als das neue Rechts? Woher stammte die Einteilung in &#8222;rechts&#8220; und &#8222;links&#8220; urspr\u00fcnglich? Ist das heute noch g\u00fcltig oder \u00fcberholt? Wie steht es mit den Behauptungen, man sei weder &#8222;rechts&#8220; noch &#8222;links&#8220;? Die AfD &#8211; Alternative zu was? Krieg oder Abr\u00fcstung, vom &#8222;Gendern&#8220; bis zum Heizungsgesetz: Was sind heute die Interessen der Bev\u00f6lkerungsmehrheit, wer vertritt sie, und ist das rechts oder links? Zu diesen Themen sprach der stellvertretende Vorsitzende des deutschen Freidenker-Verband am 12. November 2023 in Idar-Oberstein.<\/span><\/span><\/p>\n<div class=\"jetpack-video-wrapper\"><span class=\"embed-youtube\" style=\"text-align:center; display: block;\"><iframe loading=\"lazy\" class=\"youtube-player\" width=\"800\" height=\"450\" src=\"https:\/\/www.youtube.com\/embed\/1RHSMs_qGns?version=3&#038;rel=1&#038;showsearch=0&#038;showinfo=1&#038;iv_load_policy=1&#038;fs=1&#038;hl=de-DE&#038;autohide=2&#038;wmode=transparent\" allowfullscreen=\"true\" style=\"border:0;\" sandbox=\"allow-scripts allow-same-origin allow-popups allow-presentation allow-popups-to-escape-sandbox\"><\/iframe><\/span><\/div>\n<p><span style=\"font-size: 10pt;\">Direktlink zum Video der <a href=\"https:\/\/www.youtube.com\/@kulturwerkstattbeckingen7733\" target=\"_blank\" rel=\"noopener\">Kulturwerkstatt Beckingen<\/a> auf YouTube: <a href=\"https:\/\/www.youtube.com\/watch?v=1RHSMs_qGns\" target=\"_blank\" rel=\"noopener\">https:\/\/www.youtube.com\/watch?v=1RHSMs_qGns<\/a><\/span><\/p>\n<p style=\"text-align: right;\"><em>Klaus Hartmann ist Pr\u00e4sident der Weltunion der Freidenker und stellvertretender Vorsitzender des Deutschen Freidenker-Verbandes<\/em><\/p>\n<hr \/>\n<p><span style=\"font-size: 10pt;\">Bild oben: Klaus Hartmann bei seinem Vortrag in Idar-Oberstein am 12.11.2023, Screenshot aus dem Video\u00a0<\/span><\/p>\n","protected":false},"excerpt":{"rendered":"<p><b>Vortrag von Klaus Hartmann<\/b><br \/>\nMitgeschnitten auf der Mitgliederversammlung des LV Rheinland-Pfalz\/Saarland des Deutschen Freidenker-Verbandes am 12.11.2023 in Idar-Oberstein.<br \/>\nGilt das alte Links heute als das neue Rechts? Woher stammte die Einteilung in &#8222;rechts&#8220; und &#8222;links&#8220; urspr\u00fcnglich? Ist das heute noch g\u00fcltig oder \u00fcberholt? Wie steht es mit den Behauptungen, man sei weder &#8222;rechts&#8220; noch &#8222;links&#8220;? Die AfD &#8211; Alternative zu was? Krieg oder Abr\u00fcstung, vom &#8222;Gendern&#8220; bis zum Heizungsgesetz: Was sind heute die Interessen der Bev\u00f6lkerungsmehrheit, wer vertritt sie, und ist das rechts oder links? Zu diesen Themen sprach der stellvertretende Vorsitzende des deutschen Freidenker-Verband am 12. November 2023 in Idar-Oberstein.<\/p>\n","protected":false},"author":3,"featured_media":17550,"comment_status":"closed","ping_status":"closed","sticky":false,"template":"","format":"standard","meta":{"colormag_page_container_layout":"default_layout","colormag_page_sidebar_layout":"default_layout","advanced_seo_description":"","jetpack_seo_html_title":"","jetpack_seo_noindex":false,"jetpack_post_was_ever_published":false,"footnotes":""},"categories":[12],"tags":[961,699,335,188,1091,2009,1528],"class_list":["post-17542","post","type-post","status-publish","format-standard","has-post-thumbnail","hentry","category-demokratie-medien-aufklaerung","tag-abruestung","tag-aussenpolitik","tag-frieden","tag-krieg","tag-links-rechts","tag-mehrheit","tag-wirtschaftspolitik"],"jetpack_featured_media_url":"https:\/\/i0.wp.com\/www.freidenker.org\/fw17\/wp-content\/uploads\/2023\/11\/Hartmann_rechts_links_2023_v3_800x450.jpg?fit=800%2C450&ssl=1","jetpack_shortlink":"https:\/\/wp.me\/p9stpK-4yW","jetpack-related-posts":[{"id":19382,"url":"https:\/\/www.freidenker.org\/?p=19382","url_meta":{"origin":17542,"position":0},"title":"Klaus Hartmann: Was ist heute links, was rechts, was Faschismus?","author":"Webredaktion","date":"27. Juni 2024","format":false,"excerpt":"Filmmitschnitt einer Veranstaltung des Linken Forums Paderborn am 28. Mai 2024. Gilt das alte Links heute als das neue Rechts? Woher stammte die Einteilung in \u201erechts\u201c und \u201elinks\u201c urspr\u00fcnglich? Ist das heute noch g\u00fcltig oder \u00fcberholt? Wie steht es mit den Behauptungen, man sei weder \u201erechts\u201c noch \u201elinks\u201c? Die AfD\u2026","rel":"","context":"In &quot;Demokratie \u2013 Medien \u2013 Aufkl\u00e4rung&quot;","block_context":{"text":"Demokratie \u2013 Medien \u2013 Aufkl\u00e4rung","link":"https:\/\/www.freidenker.org\/?cat=12"},"img":{"alt_text":"","src":"https:\/\/i0.wp.com\/www.freidenker.org\/fw17\/wp-content\/uploads\/2024\/06\/hartmann_paderborn_2024_800x450.jpg?fit=800%2C450&ssl=1&resize=350%2C200","width":350,"height":200,"srcset":"https:\/\/i0.wp.com\/www.freidenker.org\/fw17\/wp-content\/uploads\/2024\/06\/hartmann_paderborn_2024_800x450.jpg?fit=800%2C450&ssl=1&resize=350%2C200 1x, https:\/\/i0.wp.com\/www.freidenker.org\/fw17\/wp-content\/uploads\/2024\/06\/hartmann_paderborn_2024_800x450.jpg?fit=800%2C450&ssl=1&resize=525%2C300 1.5x, https:\/\/i0.wp.com\/www.freidenker.org\/fw17\/wp-content\/uploads\/2024\/06\/hartmann_paderborn_2024_800x450.jpg?fit=800%2C450&ssl=1&resize=700%2C400 2x"},"classes":[]},{"id":20445,"url":"https:\/\/www.freidenker.org\/?p=20445","url_meta":{"origin":17542,"position":1},"title":"Links wie Rechts &#8211; einig und gleich schlecht?","author":"Webredaktion","date":"30. November 2024","format":false,"excerpt":"Video der Kulturwerkstatt Beckingen \u00fcber eine Veranstaltung des Deutschen Freidenkerverbandes, Landesverband Rheinland-Pfalz\/Saar am 17.11.2024 Gilt das alte Links heute als das neue Rechts? Woher stammte die Einteilung in \u201erechts\u201c und \u201elinks\u201c urspr\u00fcnglich? Ist das heute noch g\u00fcltig oder \u00fcberholt? Wie steht es mit den Behauptungen, man sei weder \u201erechts\u201c noch\u2026","rel":"","context":"In &quot;Kultur &amp; Kunst&quot;","block_context":{"text":"Kultur &amp; Kunst","link":"https:\/\/www.freidenker.org\/?cat=913"},"img":{"alt_text":"","src":"https:\/\/i0.wp.com\/www.freidenker.org\/fw17\/wp-content\/uploads\/2024\/11\/Hartmann_Beckingen-2024_800x450.jpg?fit=800%2C450&ssl=1&resize=350%2C200","width":350,"height":200,"srcset":"https:\/\/i0.wp.com\/www.freidenker.org\/fw17\/wp-content\/uploads\/2024\/11\/Hartmann_Beckingen-2024_800x450.jpg?fit=800%2C450&ssl=1&resize=350%2C200 1x, https:\/\/i0.wp.com\/www.freidenker.org\/fw17\/wp-content\/uploads\/2024\/11\/Hartmann_Beckingen-2024_800x450.jpg?fit=800%2C450&ssl=1&resize=525%2C300 1.5x, https:\/\/i0.wp.com\/www.freidenker.org\/fw17\/wp-content\/uploads\/2024\/11\/Hartmann_Beckingen-2024_800x450.jpg?fit=800%2C450&ssl=1&resize=700%2C400 2x"},"classes":[]},{"id":17582,"url":"https:\/\/www.freidenker.org\/?p=17582","url_meta":{"origin":17542,"position":2},"title":"Was ist \u201eRechts\u201c, was ist \u201eLinks\u201c?","author":"Webredaktion","date":"25. November 2023","format":false,"excerpt":"Beitrag von Klaus Hartmann In den letzten Jahren ist es zunehmend \u00fcblich geworden, Menschen und Proteste als \u201erechts\u201c zu etikettieren, wenn sie sich gegen den \u201eMainstream\u201c oder den Kurs der Regierung wenden. Wer zur Zuwanderung, den \u201eCorona-Ma\u00dfnahmen\u201c, zum \u201eKlima\u201c oder dem Heizungsgesetz, zu den Kriegen in der Ukraine oder in\u2026","rel":"","context":"In &quot;Demokratie \u2013 Medien \u2013 Aufkl\u00e4rung&quot;","block_context":{"text":"Demokratie \u2013 Medien \u2013 Aufkl\u00e4rung","link":"https:\/\/www.freidenker.org\/?cat=12"},"img":{"alt_text":"","src":"https:\/\/i0.wp.com\/www.freidenker.org\/fw17\/wp-content\/uploads\/2023\/11\/directory-5413030_800x450.jpg?fit=800%2C450&ssl=1&resize=350%2C200","width":350,"height":200,"srcset":"https:\/\/i0.wp.com\/www.freidenker.org\/fw17\/wp-content\/uploads\/2023\/11\/directory-5413030_800x450.jpg?fit=800%2C450&ssl=1&resize=350%2C200 1x, https:\/\/i0.wp.com\/www.freidenker.org\/fw17\/wp-content\/uploads\/2023\/11\/directory-5413030_800x450.jpg?fit=800%2C450&ssl=1&resize=525%2C300 1.5x, https:\/\/i0.wp.com\/www.freidenker.org\/fw17\/wp-content\/uploads\/2023\/11\/directory-5413030_800x450.jpg?fit=800%2C450&ssl=1&resize=700%2C400 2x"},"classes":[]},{"id":2847,"url":"https:\/\/www.freidenker.org\/?p=2847","url_meta":{"origin":17542,"position":3},"title":"\u201eNicht rechts, nicht links\u201c?","author":"Webredaktion","date":"17. M\u00e4rz 2016","format":false,"excerpt":"Aus: FREIDENKER 1-16 \u201eNicht rechts, nicht links\u201c - in politischen Auseinandersetzungen und Bewegungen begegnet man dieser Aussage h\u00e4ufig. Sie ist aber oft sehr unterschiedlich motiviert, mit ihr k\u00f6nnen sehr verschiedene Zwecke gemeint sein. Die unterschiedlichen Motive und Zwecke muss man kennen und unterscheiden, weil man sich andernfalls sparen k\u00f6nnte, darauf\u2026","rel":"","context":"In &quot;Demokratie \u2013 Medien \u2013 Aufkl\u00e4rung&quot;","block_context":{"text":"Demokratie \u2013 Medien \u2013 Aufkl\u00e4rung","link":"https:\/\/www.freidenker.org\/?cat=12"},"img":{"alt_text":"","src":"https:\/\/i0.wp.com\/www.freidenker.org\/fw17\/wp-content\/uploads\/2017\/12\/board-2084777_800x445.jpg?fit=850%2C445&ssl=1&resize=350%2C200","width":350,"height":200,"srcset":"https:\/\/i0.wp.com\/www.freidenker.org\/fw17\/wp-content\/uploads\/2017\/12\/board-2084777_800x445.jpg?fit=850%2C445&ssl=1&resize=350%2C200 1x, https:\/\/i0.wp.com\/www.freidenker.org\/fw17\/wp-content\/uploads\/2017\/12\/board-2084777_800x445.jpg?fit=850%2C445&ssl=1&resize=525%2C300 1.5x, https:\/\/i0.wp.com\/www.freidenker.org\/fw17\/wp-content\/uploads\/2017\/12\/board-2084777_800x445.jpg?fit=850%2C445&ssl=1&resize=700%2C400 2x"},"classes":[]},{"id":18001,"url":"https:\/\/www.freidenker.org\/?p=18001","url_meta":{"origin":17542,"position":4},"title":"Video: Klaus Hartmann bei MOATS","author":"Webredaktion","date":"24. Januar 2024","format":false,"excerpt":"Video-Interview von Dr. Diether Dehm mit Klaus Hartmann In seiner Sendung \"MOATS (Mother of all Talkshows)\", der deutschen Variante des vom britischen linken ehemaligen Parlamentarier George Galloway entwickelten w\u00f6chentlichen Podcasts, pr\u00e4sentiert Diether Dehm G\u00e4ste, die zu aktuellen Fragen unangepasste Meinungen \u00e4u\u00dfern. Zum zweiten Mal sa\u00df Klaus Hartmann vor der Kamera\u2026","rel":"","context":"In &quot;Demokratie \u2013 Medien \u2013 Aufkl\u00e4rung&quot;","block_context":{"text":"Demokratie \u2013 Medien \u2013 Aufkl\u00e4rung","link":"https:\/\/www.freidenker.org\/?cat=12"},"img":{"alt_text":"","src":"https:\/\/i0.wp.com\/www.freidenker.org\/fw17\/wp-content\/uploads\/2024\/01\/dehm_hartmann_moats_2024-01_b2_800x450.jpg?fit=800%2C450&ssl=1&resize=350%2C200","width":350,"height":200,"srcset":"https:\/\/i0.wp.com\/www.freidenker.org\/fw17\/wp-content\/uploads\/2024\/01\/dehm_hartmann_moats_2024-01_b2_800x450.jpg?fit=800%2C450&ssl=1&resize=350%2C200 1x, https:\/\/i0.wp.com\/www.freidenker.org\/fw17\/wp-content\/uploads\/2024\/01\/dehm_hartmann_moats_2024-01_b2_800x450.jpg?fit=800%2C450&ssl=1&resize=525%2C300 1.5x, https:\/\/i0.wp.com\/www.freidenker.org\/fw17\/wp-content\/uploads\/2024\/01\/dehm_hartmann_moats_2024-01_b2_800x450.jpg?fit=800%2C450&ssl=1&resize=700%2C400 2x"},"classes":[]},{"id":5920,"url":"https:\/\/www.freidenker.org\/?p=5920","url_meta":{"origin":17542,"position":5},"title":"Die Begriffe &#8222;Links&#8220; und &#8222;Rechts&#8220; in der politischen Auseinandersetzung","author":"Webredaktion","date":"23. Februar 2019","format":false,"excerpt":"Beitrag von Sebastian Bahlo, \u00fcbernommen von rubikon.news. Was \u201elinks\u201c und \u201erechts\u201c hei\u00dft, wei\u00df doch jeder \u2013 glauben wir. Die Begriffe sind seit der Franz\u00f6sischen Revolution fester Bestandteil politischer Auseinandersetzung und dienen oft auch dazu, Meinungsgegner abzukanzeln. Ganz so einfach ist es aber bei n\u00e4herem Hinsehen nicht. Ist jemand, der die\u2026","rel":"","context":"In &quot;Demokratie \u2013 Medien \u2013 Aufkl\u00e4rung&quot;","block_context":{"text":"Demokratie \u2013 Medien \u2013 Aufkl\u00e4rung","link":"https:\/\/www.freidenker.org\/?cat=12"},"img":{"alt_text":"","src":"https:\/\/i0.wp.com\/www.freidenker.org\/fw17\/wp-content\/uploads\/2019\/02\/tree-746617_800x445.jpg?fit=800%2C445&ssl=1&resize=350%2C200","width":350,"height":200,"srcset":"https:\/\/i0.wp.com\/www.freidenker.org\/fw17\/wp-content\/uploads\/2019\/02\/tree-746617_800x445.jpg?fit=800%2C445&ssl=1&resize=350%2C200 1x, https:\/\/i0.wp.com\/www.freidenker.org\/fw17\/wp-content\/uploads\/2019\/02\/tree-746617_800x445.jpg?fit=800%2C445&ssl=1&resize=525%2C300 1.5x, https:\/\/i0.wp.com\/www.freidenker.org\/fw17\/wp-content\/uploads\/2019\/02\/tree-746617_800x445.jpg?fit=800%2C445&ssl=1&resize=700%2C400 2x"},"classes":[]}],"_links":{"self":[{"href":"https:\/\/www.freidenker.org\/index.php?rest_route=\/wp\/v2\/posts\/17542","targetHints":{"allow":["GET"]}}],"collection":[{"href":"https:\/\/www.freidenker.org\/index.php?rest_route=\/wp\/v2\/posts"}],"about":[{"href":"https:\/\/www.freidenker.org\/index.php?rest_route=\/wp\/v2\/types\/post"}],"author":[{"embeddable":true,"href":"https:\/\/www.freidenker.org\/index.php?rest_route=\/wp\/v2\/users\/3"}],"replies":[{"embeddable":true,"href":"https:\/\/www.freidenker.org\/index.php?rest_route=%2Fwp%2Fv2%2Fcomments&post=17542"}],"version-history":[{"count":0,"href":"https:\/\/www.freidenker.org\/index.php?rest_route=\/wp\/v2\/posts\/17542\/revisions"}],"wp:featuredmedia":[{"embeddable":true,"href":"https:\/\/www.freidenker.org\/index.php?rest_route=\/wp\/v2\/media\/17550"}],"wp:attachment":[{"href":"https:\/\/www.freidenker.org\/index.php?rest_route=%2Fwp%2Fv2%2Fmedia&parent=17542"}],"wp:term":[{"taxonomy":"category","embeddable":true,"href":"https:\/\/www.freidenker.org\/index.php?rest_route=%2Fwp%2Fv2%2Fcategories&post=17542"},{"taxonomy":"post_tag","embeddable":true,"href":"https:\/\/www.freidenker.org\/index.php?rest_route=%2Fwp%2Fv2%2Ftags&post=17542"}],"curies":[{"name":"wp","href":"https:\/\/api.w.org\/{rel}","templated":true}]}}