{"id":17524,"date":"2023-11-12T23:34:58","date_gmt":"2023-11-12T22:34:58","guid":{"rendered":"https:\/\/www.freidenker.org\/?p=17524"},"modified":"2023-12-24T01:45:43","modified_gmt":"2023-12-24T00:45:43","slug":"faeser-glaubensbekenntnisse-und-parolen-oder-alles-gegen-die-meinungsfreiheit","status":"publish","type":"post","link":"https:\/\/www.freidenker.org\/?p=17524","title":{"rendered":"Faeser, Glaubensbekenntnisse und Parolen oder: alles gegen die Meinungsfreiheit"},"content":{"rendered":"<p class=\"HeadLine-root HeadLine-type_2 \"><strong>Wie weit sind wir noch von dem Moment entfernt, an dem die einzig zul\u00e4ssige Meinungs\u00e4u\u00dferung das \u00f6ffentliche Aufsagen der j\u00fcngsten Regierungserkl\u00e4rungen ist? Nicht mehr weit, wenn man betrachtet, wie nun gegen Proteste f\u00fcr Pal\u00e4stina vorgegangen wird. <\/strong><\/p>\n<p><em>Von <strong>Dagmar Henn<\/strong><\/em><\/p>\n<p><span style=\"font-size: 10pt;\">Erstver\u00f6ffentlichung am 11.11.2023 auf <a href=\"https:\/\/freedert.online\/meinung\/186708-faeser-glaubensbekenntnisse-und-parolen-oder\/\" target=\"_blank\" rel=\"noopener\">RT DE<\/a><\/span><\/p>\n<p>Irgendwann wird man die deutsche Entwicklung der letzten Jahre zu einem Horrorfilm verarbeiten, einer Mischung aus &#8222;Die Welle&#8220; und &#8222;Ich wei\u00df, was du letzten Sommer getan hast&#8220;&#8230; Rational, politisch ist es fast nicht mehr erkl\u00e4rbar, was geschieht, nur noch als eine Mischung aus Kontrollwahn und psychologischer Manipulation.<\/p>\n<p>Der neueste H\u00f6hepunkt sind das Verbot der Losung &#8222;From the River to the Sea, Palestine will be free&#8220; und die Forderung an s\u00e4mtliche islamischen Verb\u00e4nde in Deutschland, sich zum &#8222;Existenzrecht Israels&#8220; zu bekennen. Eine Forderung, die ohne weitere Erl\u00e4uterungen absurd ist; die v\u00f6lkerrechtlich akzeptierten Grenzen, jene von vor 1967, w\u00fcrden die meisten pal\u00e4stinensischen Organisationen mittlerweile unterschreiben, aber das gegenw\u00e4rtige Israel h\u00e4lt nun einmal seit 50 Jahren v\u00f6lkerrechtswidrig den Gazastreifen und die Westbank besetzt und unterst\u00fctzt die Siedlungen in der Westbank; dieser konkreten Version eines israelischen Staates zuzustimmen, k\u00e4me f\u00fcr die Pal\u00e4stinenser einer v\u00f6lligen Selbstaufgabe gleich. Von welchem Israel reden wir hier also?<\/p>\n<p>Nachdem die Bundesregierung ihre Unterst\u00fctzung Israels nicht einmal an die Bedingung einer Umsetzung der Oslo-Abkommen kn\u00fcpft (an deren Entstehung \u00fcbrigens die deutsche Diplomatie einmal beteiligt war, als es sie noch gab), kann und muss man davon ausgehen, dass mit dem Israel, dessen Existenzrecht anerkannt werden soll, das Gebiet von 1967 zuz\u00fcglich aller seitherigen widerrechtlichen Besetzungen gemeint ist, was die Anerkennung eines v\u00f6lkerrechtswidrigen Zustands w\u00e4re.<\/p>\n<p>Aber das ist gerade mal die Oberfl\u00e4che. Absurd ist diese Forderung auch, weil sie erstens nicht im eigenen Namen erhoben wird \u2013 w\u00fcrde die Bundesregierung fordern, das Existenzrechts Deutschlands anzuerkennen, w\u00e4re das v\u00f6llig legitim \u2013 und zweitens selbst eine unzul\u00e4ssige Verallgemeinerung vornimmt. Muslime gibt es in ebenso vielen Varianten wie Christen, und einen pakistanischen Sufi, einen Moslem aus Indonesien (wo es sogar eine muslimische matriarchale Insel gibt, nur nebenbei) oder aus Lateinamerika (ja, die gibt es auch, syrischst\u00e4mmige Brasilianer beispielsweise) zu dr\u00e4ngen, ein Bekenntnis zum &#8222;Existenzrechts Israels&#8220; abzulegen, ist schwer nachzuvollziehen.<\/p>\n<p>Insbesondere, weil dieses Bekenntnis nur die Oberfl\u00e4che ist, hinter der eine Distanzierungsaufforderung steckt, die sich nicht nur gegen eine konkrete Handlung, n\u00e4mlich den \u00dcberfall der Hamas, sondern gegen jegliche Form pal\u00e4stinensischen Widerstands richtet, sofern das Israel, das gemeint ist, nicht exakt auf die v\u00f6lkerrechtlich anerkannten Grenzen beschr\u00e4nkt ist.<\/p>\n<p>Interessanterweise werden auf diese Weise sogar Gruppen dazu gen\u00f6tigt, sich mit der pal\u00e4stinensischen Frage auseinanderzusetzen, die an sich wenig bis gar keine Verbindung dazu h\u00e4tten. Aber so ist es nun einmal im heutigen Deutschland \u2013 dieselbe Gruppe von Personen, die jederzeit bereit ist, zu erkl\u00e4ren, wie sehr sie gegen Rassismus sei, setzt automatisch voraus, dass jeder Gl\u00e4ubige des Islam ein verkappter Pal\u00e4stinenser und mithin im Grunde eigentlich ein Terrorist sein m\u00fcsste. Obwohl bisher niemand auf Grundlage der Gr\u00e4ueltaten der Lord&#8217;s Resistance Army, einer ber\u00fcchtigten christlich-fundamentalistischen Miliz in Uganda, die Distanzierung aller christlichen Vereinigungen von dieser Gruppierung eingefordert hat; nicht einmal eine Distanzierung von Kreuzz\u00fcgen, Hexenverbrennungen und Konfessionskriegen wird erwartet.<\/p>\n<p>Witzigerweise haben dieselben Personen, die nun derartige Distanzierungsaufforderungen verfechten, \u00fcberhaupt kein Problem mit der Unterst\u00fctzung syrischer oder tschetschenischer Islamisten und finden eine ausw\u00e4rtige Finanzierung und Steuerung von Moscheen in Deutschland nur problematisch, weil die entstandene Richtung pl\u00f6tzlich mit den geopolitischen Pr\u00e4ferenzen kollidiert. Solange man davon ausgehen konnte, dass sich die t\u00fcrkische Regierung in jeder Hinsicht so verh\u00e4lt, wie es der NATO gef\u00e4llt, durfte das t\u00fcrkische Religionsministerium auch die t\u00fcrkischsprachigen Moscheen kontrollieren.<\/p>\n<p>&#8222;Der Islam&#8220; ist eine ebenso unsinnige Kategorie wie &#8222;die Katholiken&#8220;. Letztere gibt es in einer Spanne von der Theologie der Befreiung bis hin zum Opus Dei, und das ist nur die &#8222;offizielle&#8220; Ebene. Schon vergessen, dass die katholische Kirche nach wie vor keine Frauen ordiniert, was in deutlichem tagt\u00e4glichen Widerspruch zum Grundgesetz steht? Und das nur auf der Grundlage eines einzigen Satzes aus einem 2000 Jahre alten Paulus-Brief, in dem steht, die Frau solle in der Kirche schweigen, wobei nicht einmal klar ist, ob damit nicht eine einzelne, spezifische Person gemeint war, die fast ebenso lange tot ist wie der Brief alt?<\/p>\n<p>Die Forderung nach einem Bekenntnis zum &#8222;Existenzrecht Israels&#8220; begr\u00fcndet CDU-Generalsekret\u00e4r Carsten Linnemann so:<\/p>\n<blockquote><p>&#8222;Wer unsere Werte teilt, ist Teil unserer Gesellschaft, unabh\u00e4ngig davon, welchen Glaubens er ist. Aber wer sie bek\u00e4mpft, hat sich das falsche Land ausgesucht.&#8220;<\/p><\/blockquote>\n<p>Viel Spa\u00df bei der Deportation polnischer Priester, m\u00f6chte man da nur sagen. Ganz so simpel kann man das Verh\u00e4ltnis zwischen Religion und Staat nicht sehen, das schlie\u00dflich allen Glaubensrichtungen gegen\u00fcber gleich sein muss. Die entscheidende Schwelle, die man in den letzten Jahren immer weiter gezielt erodieren lie\u00df, ist die zwischen Wort und Tat. Wenn etwa koptische Christen sagen, Genitalverst\u00fcmmelungen bei jungen M\u00e4dchen seien Teil ihrer Tradition, geht das den deutschen Staat nichts an. Eine derartige Verst\u00fcmmelung tats\u00e4chlich vorzunehmen w\u00e4re aber ein Versto\u00df gegen deutsche Gesetze.<\/p>\n<p>Die Grenze verl\u00e4uft also nicht anders als bei der politischen Meinungsfreiheit. An sich. Nicht im heutigen Deutschland. Fr\u00fcher h\u00e4tte man weitestgehend tats\u00e4chlich sagen k\u00f6nnen, dass alles, was nicht gegen Gesetze verst\u00f6\u00dft, erlaubt ist. In den letzten Jahren wurden aber st\u00e4ndig neue Meinungsdelikte erfunden, deren Einf\u00fchrung bereits eine Aufhebung dieser Grenze voraussetzt. Logisch, dass das irgendwann auch in den Bereich der Religionsfreiheit eindringt.<\/p>\n<p>Wobei die <a href=\"https:\/\/www.bundesanzeiger.de\/pub\/de\/amtlicher-teil?6-5.-table~panel~at-row-9-publication~info~cell-result~link\">Verbotsverf\u00fcgung<\/a>, die das Bundesinnenministerium gegen die Hamas erlassen hat, in dieser Hinsicht ein besonderes Bonbon enth\u00e4lt. Sie verbietet n\u00e4mlich allerlei Symbole, die der Hamas zugeordnet werden, darunter allerdings auch schlicht das islamische Glaubensbekenntnis in arabischer Schrift auf gr\u00fcnem Grund. Eine Kombination, die eine \u00e4hnlich pr\u00e4zise politische Aussage darstellt wie ein Kreuz als Halskette \u2013 gar keine n\u00e4mlich. Gr\u00fcn ist weltweit die Farbe, die mit dem Islam verbunden ist, dieses Glaubensbekenntnis ist \u00fcberall gleich, und Schriftz\u00fcge in arabischer Schrift d\u00fcrften sich in so gut wie allen Moscheen weltweit finden.<\/p>\n<p>Gilt nun diese Verbotsverf\u00fcgung nur f\u00fcr die Variante auf gr\u00fcnem Grund oder f\u00fcr alle denkbaren Hintergr\u00fcnde? Wie ist es mit einer gr\u00fcnen Schrift? Gilt sie nur im \u00f6ffentlichen Raum, oder suchen demn\u00e4chst bundesdeutsche Polizisten die W\u00e4nde deutscher Moscheen nach diesem Glaubensbekenntnis ab, um dann auf Leitern zu steigen und sie mit H\u00e4mmerchen von der Wand zu entfernen? Was das Ministerium von Frau Faeser an diesem Punkt getan hat, ist schlicht eine Gleichsetzung der gesamten (Milliarden Menschen umfassenden) Glaubensgemeinschaft mit einer einzelnen politischen Organisation. Wie ist es denn mit der gesprochenen Version?<\/p>\n<p>Das k\u00f6nnte man jetzt f\u00fcr einen absurden Sprung halten, aber an anderer Stelle vollzieht die Verbotsverf\u00fcgung auch diesen Schritt; zumindest ist die bayrische Generalstaatsanwaltschaft \u00fcberzeugt, dass sie das tut, und kommentiert dies entsprechend. Die Losung &#8222;From the River to the Sea, Palestine will be free&#8220;, wird n\u00e4mlich nicht nur als Aufruf zur Vernichtung Israels gelesen, sondern zugleich zum Kennzeichen einer verbotenen Organisation erkl\u00e4rt. Das Haus Faeser war sogar so nett, diese Losung sowohl zum Kennzeichen von Samidoun als auch zum Kennzeichen von Hamas zu erkl\u00e4ren. Geschichtlich gesehen kein Wunder, die Losung ist sehr alt, ich habe sie selbst vor \u00fcber 40 Jahren schon gerufen, aber Hamas und die PFLP sind doch sehr verschiedene Organisationen.<\/p>\n<p>So wird die Losung in der Verbotsverf\u00fcgung selbst erw\u00e4hnt:<\/p>\n<blockquote><p>&#8222;Abbildung 19: Das \u00e4ltere Logo von AL-AQSA-TV (Abbildung 19) zeigt den Felsendom in Jerusalem sowie die arabischen Schriftz\u00fcge &#8222;al-Aqsa&#8220; und darunter &#8222;al-Aqsa-Satelliten-TV&#8220;. Sowie die Parole &#8222;Vom Fluss bis zum Meer&#8220; (auf Deutsch oder anderen Sprachen).&#8220;<\/p><\/blockquote>\n<p>Das ist nur die H\u00e4lfte der Losung, was m\u00f6glich ist, weil sie so alt und bekannt ist, auch schon von der PLO gebraucht wurde und damit schlicht einen Bezug zum pal\u00e4stinensischen Widerstand darstellt. Der M\u00fcnchner Oberstaatsanwalt Andreas Franck <a href=\"https:\/\/www.sueddeutsche.de\/politik\/nahostkonflikt-palaestina-demos-parole-verbot-1.6301624\">erkl\u00e4rte<\/a> nun, &#8222;das m\u00fcssen wir als eine klare Ansage interpretieren&#8220;, was sich in eine Strafverfolgung nach \u00a7 86a des Strafgesetzbuchs umsetzt, und eine Gleichsetzung dieses Satzes mit Losungen etwa der SS wie &#8222;Meine Ehre hei\u00dft Treue.&#8220;<\/p>\n<p>Nun wei\u00df man mittlerweile, dass auch die Strafverfolgung der SS-Losung sehr davon abh\u00e4ngt, ob jemand einen deutschen oder einen ukrainischen Pass besitzt, weil Ukronazis ja die Guten sind; aber eine vielfach interpretationsf\u00e4hige Losung eines Volkes, das seit Jahrzehnten unter Besatzung und Verfolgung leidet, mit einer Losung faschistischer Massenm\u00f6rder gleichzusetzen, ist schon eine ganz besondere Dreistigkeit.<\/p>\n<p>Wenn man nach Aussagen suchen wollte, die menschenverachtend sind, kann man gerade bei vielen israelischen Politikern f\u00fcndig werden, man denke nur an Verteidigungsminister Gallant mit seinen &#8222;menschlichen Tieren&#8220;. Aber um Menschenfeindlichkeit geht es nicht; die Auseinandersetzung mit dem konkreten Gehalt wird verweigert, es wird schlicht nach politischer N\u00fctzlichkeit aus einer Interpretation eine Strafbarkeit gezimmert.<\/p>\n<p>Selbst die Internationale (ein Lied, das Frau Faeser vielleicht noch aus Jugendtagen kennt, so etwas <a href=\"http:\/\/juso-hsg.uni-koeln.de\/liedtext-der-internationalen\/\">sangen<\/a> fr\u00fcher sogar Sozialdemokraten) enth\u00e4lt S\u00e4tze wie &#8222;Reinen Tisch macht mit dem Bedr\u00e4nger&#8220; oder &#8222;Die M\u00fc\u00dfigg\u00e4nger schiebt beiseite&#8220;. Mit ausreichend b\u00f6sem Willen kann man auch das zum Mordaufruf aufblasen, und mit Kirchenliedern h\u00e4tte man sicher ebenfalls viel Spa\u00df.<\/p>\n<p>Das tats\u00e4chliche Ziel liegt in der Verhinderung politischer Proteste. Diesmal eben nicht \u00fcber einen Maskenzwang, sondern durch Illegalisierung m\u00f6glicher Parolen. Das ist \u00fcbrigens nicht nur meine pers\u00f6nliche Ansicht; der K\u00f6lner Rechtsanwalt Dirk Sattelmaier <a href=\"https:\/\/t.me\/RASattelmaier\/2811\">sieht<\/a> das \u00e4hnlich:<\/p>\n<blockquote><p>&#8222;F\u00fcr Versammlungen und deren m\u00f6gliche Verbote wird dies eine erhebliche Vereinfachung sein, da nunmehr den Beh\u00f6rden ein zus\u00e4tzliches Argument, n\u00e4mlich dass die Verwendung dieses Slogans mit an Sicherheit grenzender Wahrscheinlichkeit auf einschl\u00e4gigen Versammlungen zu erwarten sei, an die Hand gegeben wird. (&#8230;) Eine Entwicklung, welche vor allem die Meinungs- und Versammlungsfreiheit im Allgemeinen bedroht.&#8220;<\/p><\/blockquote>\n<p>In Berlin hat j\u00fcngst die Polizei bei einer Demonstration schon die Losung &#8222;Stoppt das Morden, stoppt den Krieg&#8220; untersagt. Dabei geht es nicht nur darum, die m\u00f6glichen Teilnehmer dieser Demonstrationen an jeder h\u00f6rbaren Bekundung ihrer Meinung zu hindern, sondern mindestens ebenso sehr darum, im Rest der Bev\u00f6lkerung die Vorstellung zu verbreiten, schon das Denken entsprechender Gedanken sei gef\u00e4hrlich.<\/p>\n<p>Mit politischem Geschick lie\u00dfe sich immer noch ein Protest organisieren, und wenn es eine fingierte Jubeldemo w\u00e4re, unter israelischen Fahnen mit all den menschenverachtenden Aussagen israelischer Politiker in j\u00fcngerer Zeit. Aber dem allt\u00e4glichen Gespr\u00e4ch, das so wichtig ist, wird zunehmend der Raum genommen, ebenso wie jeder Form organisierter Meinungs\u00e4u\u00dferung. Die einzige Abweichung von der regierungsamtlichen Position, die zugelassen wird, ist noch zynischer, noch menschenverachtender, noch kriegsl\u00fcsterner. Dabei geht es nicht um \u00dcberzeugung, nicht um Debatte; es geht nur noch um Unterwerfung.<\/p>\n<p>Sind die Juristen, die die Verbotsverf\u00fcgungen des Ministeriums ausgekocht haben, so dumm, dass ihnen diese Einfallstore einer universellen Verfolgbarkeit aus Versehen in den Text gerutscht sind? Das kann man nach mehreren Jahren immer weiter ausgedehnter Strafbarkeiten nicht mehr wirklich glauben.<\/p>\n<p>Dabei ist das nicht einmal eine politisch kluge Strategie, auch wenn sie einen Teil der Bev\u00f6lkerung vorerst erfolgreich einsch\u00fcchtert \u2013 warum sollte man sich auf eine Meinungs\u00e4u\u00dferung, einen Debattenbeitrag beschr\u00e4nken, wenn man selbst daf\u00fcr bereits verfolgt wird? Dann kann man ebenso gut gleich zu Gewalt \u00fcbergehen &#8230;<\/p>\n<p>Die klare Trennung zwischen Wort und Tat ist die Voraussetzung f\u00fcr die Existenz eines politischen Raums, der weitgehend gewaltfrei ist. Wird diese Trennung aufgehoben, auch wenn dies dadurch geschieht, dass sich die Obrigkeit das Recht anma\u00dft, unerw\u00fcnschte Aussagen massenhaft zu sanktionieren, dann mag das zwar eine Zeit lang die Menge dieser Aussagen verringern, letztlich verschwindet aber genau dieser gewaltfreie Raum der politischen Debatte selbst. Das Ministerium Faeser sollte einmal dar\u00fcber nachdenken, dass dieses Schwert in zwei Richtungen schneidet.<\/p>\n<p style=\"text-align: right;\"><em>Dagmar Henn ist Mitglied des Deutschen Freidenker-Verbandes<\/em><\/p>\n<hr \/>\n<p><span style=\"font-size: 10pt;\">Bild oben: <span class=\"mw-mmv-title\">DITIB-Zentralmoschee K\u00f6ln<\/span><\/span><br \/>\n<span style=\"font-size: 10pt;\">Foto: \u00a9 Raimond Spekking \/ <a href=\"https:\/\/creativecommons.org\/licenses\/by-sa\/4.0\" target=\"_blank\" rel=\"noopener\">CC BY-SA 4.0<\/a><\/span><br \/>\n<span style=\"font-size: 10pt;\">Quelle: <a href=\"https:\/\/commons.wikimedia.org\/w\/index.php?curid=39813393\" target=\"_blank\" rel=\"noopener\">https:\/\/commons.wikimedia.org\/w\/index.php?curid=39813393<\/a><\/span><\/p>\n<p>&nbsp;<\/p>\n","protected":false},"excerpt":{"rendered":"<p><b>Beitrag von Dagmar Henn<\/b><br \/>\nIrgendwann wird man die deutsche Entwicklung der letzten Jahre zu einem Horrorfilm verarbeiten, einer Mischung aus &#8222;Die Welle&#8220; und &#8222;Ich wei\u00df, was du letzten Sommer getan hast&#8220;&#8230; Rational, politisch ist es fast nicht mehr erkl\u00e4rbar, was geschieht, nur noch als eine Mischung aus Kontrollwahn und psychologischer Manipulation. Der neueste H\u00f6hepunkt sind das Verbot der Losung &#8222;From the River to the Sea, Palestine will be free&#8220; und die Forderung an s\u00e4mtliche islamischen Verb\u00e4nde in Deutschland, sich zum &#8222;Existenzrecht Israels&#8220; zu bekennen. Eine Forderung, die ohne weitere Erl\u00e4uterungen absurd ist; die v\u00f6lkerrechtlich akzeptierten Grenzen, jene von vor 1967, w\u00fcrden die meisten pal\u00e4stinensischen Organisationen mittlerweile unterschreiben, aber das gegenw\u00e4rtige Israel h\u00e4lt nun einmal seit 50 Jahren v\u00f6lkerrechtswidrig den Gazastreifen und die Westbank besetzt &#8230;<\/p>\n","protected":false},"author":3,"featured_media":17528,"comment_status":"closed","ping_status":"closed","sticky":false,"template":"","format":"standard","meta":{"colormag_page_container_layout":"default_layout","colormag_page_sidebar_layout":"default_layout","advanced_seo_description":"","jetpack_seo_html_title":"","jetpack_seo_noindex":false,"jetpack_post_was_ever_published":false,"footnotes":""},"categories":[12],"tags":[699,2004,2005,1323,393,395,1955,394,985,1624],"class_list":["post-17524","post","type-post","status-publish","format-standard","has-post-thumbnail","hentry","category-demokratie-medien-aufklaerung","tag-aussenpolitik","tag-besatzung","tag-existenzrecht-israels","tag-innenpolitik","tag-israel","tag-meinungsfreiheit","tag-nahostkonflikt","tag-palaestina","tag-versammlungsrecht","tag-werte"],"jetpack_featured_media_url":"https:\/\/i0.wp.com\/www.freidenker.org\/fw17\/wp-content\/uploads\/2023\/11\/DITIB-Zentralmoschee_Koeln_800x450.jpg?fit=800%2C450&ssl=1","jetpack_shortlink":"https:\/\/wp.me\/p9stpK-4yE","jetpack-related-posts":[{"id":19230,"url":"https:\/\/www.freidenker.org\/?p=19230","url_meta":{"origin":17524,"position":0},"title":"Die Farce mit der \u201eZivilcourage\u201c, \u201eMeinungsfreiheit\u201c und \u201eW\u00fcrde des Menschen\u201c","author":"Webredaktion","date":"31. Mai 2024","format":false,"excerpt":"Kommentar von Evelyn Hecht-Galinski Als am 23. Mai 2024 75 Jahre Grundgesetz gefeiert wurde, dachte ich mir, wie kann man so verlogen und geschichtsverleugnend \u201efeiern\u201c? Mich verbindet mit dem Grundgesetz besonders, dass es im selben Jahr geboren wurde wie ich, und der pr\u00e4gende Satz: \u201eDie W\u00fcrde des Menschen ist unantastbar\u201c\u2026","rel":"","context":"In &quot;Demokratie \u2013 Medien \u2013 Aufkl\u00e4rung&quot;","block_context":{"text":"Demokratie \u2013 Medien \u2013 Aufkl\u00e4rung","link":"https:\/\/www.freidenker.org\/?cat=12"},"img":{"alt_text":"","src":"https:\/\/i0.wp.com\/www.freidenker.org\/fw17\/wp-content\/uploads\/2024\/05\/the-basic-law-2454404_800x450.jpg?fit=800%2C450&ssl=1&resize=350%2C200","width":350,"height":200,"srcset":"https:\/\/i0.wp.com\/www.freidenker.org\/fw17\/wp-content\/uploads\/2024\/05\/the-basic-law-2454404_800x450.jpg?fit=800%2C450&ssl=1&resize=350%2C200 1x, https:\/\/i0.wp.com\/www.freidenker.org\/fw17\/wp-content\/uploads\/2024\/05\/the-basic-law-2454404_800x450.jpg?fit=800%2C450&ssl=1&resize=525%2C300 1.5x, https:\/\/i0.wp.com\/www.freidenker.org\/fw17\/wp-content\/uploads\/2024\/05\/the-basic-law-2454404_800x450.jpg?fit=800%2C450&ssl=1&resize=700%2C400 2x"},"classes":[]},{"id":378,"url":"https:\/\/www.freidenker.org\/?p=378","url_meta":{"origin":17524,"position":1},"title":"F\u00fcr Frieden und Demokratie: Freidenker und Muslime","author":"Webmaster","date":"26. Februar 2010","format":false,"excerpt":"Brief des Bundesvorsitzenden des Deutschen Freidenkerverbands, Klaus Hartmann an den Imam der Frankfurter Fatima Zehra Moschee, Hudschat-ul-Islam Sabahattin T\u00fcrky\u0131lmaz ... Wie der Name meiner Organisation schon nahelegt, treten wir daf\u00fcr ein, dass freie Gedanken auch frei ge\u00e4u\u00dfert werden k\u00f6nnen, dass wir keine Vorurteile, Dogmen und Tabus akzeptieren. Die mediale Hetzkampagne\u2026","rel":"","context":"In &quot;Demokratie \u2013 Medien \u2013 Aufkl\u00e4rung&quot;","block_context":{"text":"Demokratie \u2013 Medien \u2013 Aufkl\u00e4rung","link":"https:\/\/www.freidenker.org\/?cat=12"},"img":{"alt_text":"","src":"https:\/\/i0.wp.com\/www.freidenker.org\/fw17\/wp-content\/uploads\/2016\/08\/Lampe_Minarett.jpg?fit=800%2C445&ssl=1&resize=350%2C200","width":350,"height":200,"srcset":"https:\/\/i0.wp.com\/www.freidenker.org\/fw17\/wp-content\/uploads\/2016\/08\/Lampe_Minarett.jpg?fit=800%2C445&ssl=1&resize=350%2C200 1x, https:\/\/i0.wp.com\/www.freidenker.org\/fw17\/wp-content\/uploads\/2016\/08\/Lampe_Minarett.jpg?fit=800%2C445&ssl=1&resize=525%2C300 1.5x, https:\/\/i0.wp.com\/www.freidenker.org\/fw17\/wp-content\/uploads\/2016\/08\/Lampe_Minarett.jpg?fit=800%2C445&ssl=1&resize=700%2C400 2x"},"classes":[]},{"id":18239,"url":"https:\/\/www.freidenker.org\/?p=18239","url_meta":{"origin":17524,"position":2},"title":"&#8222;Hass im Netz&#8220; oder eher Hass auf ein Grundrecht?","author":"Webredaktion","date":"16. Februar 2024","format":false,"excerpt":"Beitrag von Dagmar Henn Es gibt Studien, die muss man nicht lesen. Jedenfalls nicht, um Erkenntnisse zu gewinnen. So ist es auch mit der Umfrage \"Hass im Netz\" vom \"Kompetenznetzwerk gegen Hass im Netz\", die derzeit durch die Medien gejagt wird. [...] Es muss nicht \u00fcberraschen, dass diese Umfrage zeitlich\u2026","rel":"","context":"In &quot;Demokratie \u2013 Medien \u2013 Aufkl\u00e4rung&quot;","block_context":{"text":"Demokratie \u2013 Medien \u2013 Aufkl\u00e4rung","link":"https:\/\/www.freidenker.org\/?cat=12"},"img":{"alt_text":"","src":"https:\/\/i0.wp.com\/www.freidenker.org\/fw17\/wp-content\/uploads\/2024\/02\/hass_im_netz_18847dd342_c_800x450.jpg?fit=799%2C450&ssl=1&resize=350%2C200","width":350,"height":200,"srcset":"https:\/\/i0.wp.com\/www.freidenker.org\/fw17\/wp-content\/uploads\/2024\/02\/hass_im_netz_18847dd342_c_800x450.jpg?fit=799%2C450&ssl=1&resize=350%2C200 1x, https:\/\/i0.wp.com\/www.freidenker.org\/fw17\/wp-content\/uploads\/2024\/02\/hass_im_netz_18847dd342_c_800x450.jpg?fit=799%2C450&ssl=1&resize=525%2C300 1.5x, https:\/\/i0.wp.com\/www.freidenker.org\/fw17\/wp-content\/uploads\/2024\/02\/hass_im_netz_18847dd342_c_800x450.jpg?fit=799%2C450&ssl=1&resize=700%2C400 2x"},"classes":[]},{"id":14034,"url":"https:\/\/www.freidenker.org\/?p=14034","url_meta":{"origin":17524,"position":3},"title":"Die Tagesschau droht, und die Regierung erh\u00f6ht die Angstdosis","author":"Webredaktion","date":"26. August 2022","format":false,"excerpt":"Beitrag von Dagmar Henn Journalisten sind eitel. Daher muss ich sagen: Wenn die Tagesschau nach all den Sperrungen, die gegen abweichende Medien verh\u00e4ngt werden, immer noch schreibt, \"die Bundesregierung tut sich schwer im Kampf gegen Moskaus L\u00fcgen\", dann ist die erste Reaktion Befriedigung. Schlie\u00dflich ist Sinn und Zweck dieser T\u00e4tigkeit,\u2026","rel":"","context":"In &quot;Demokratie \u2013 Medien \u2013 Aufkl\u00e4rung&quot;","block_context":{"text":"Demokratie \u2013 Medien \u2013 Aufkl\u00e4rung","link":"https:\/\/www.freidenker.org\/?cat=12"},"img":{"alt_text":"","src":"https:\/\/i0.wp.com\/www.freidenker.org\/fw17\/wp-content\/uploads\/2022\/08\/Tagesschau_8d58ff8c65_c_800x450.jpg?fit=799%2C450&ssl=1&resize=350%2C200","width":350,"height":200,"srcset":"https:\/\/i0.wp.com\/www.freidenker.org\/fw17\/wp-content\/uploads\/2022\/08\/Tagesschau_8d58ff8c65_c_800x450.jpg?fit=799%2C450&ssl=1&resize=350%2C200 1x, https:\/\/i0.wp.com\/www.freidenker.org\/fw17\/wp-content\/uploads\/2022\/08\/Tagesschau_8d58ff8c65_c_800x450.jpg?fit=799%2C450&ssl=1&resize=525%2C300 1.5x, https:\/\/i0.wp.com\/www.freidenker.org\/fw17\/wp-content\/uploads\/2022\/08\/Tagesschau_8d58ff8c65_c_800x450.jpg?fit=799%2C450&ssl=1&resize=700%2C400 2x"},"classes":[]},{"id":23598,"url":"https:\/\/www.freidenker.org\/?p=23598","url_meta":{"origin":17524,"position":4},"title":"&#8222;Parasiten&#8220;: Was dem Jupiter erlaubt ist &#8230;","author":"Webredaktion","date":"21. November 2025","format":false,"excerpt":"Beitrag von Dagmar Henn Die Auseinandersetzung um die Meinungsfreiheit hat in Deutschland zwei Aspekte. Der eine ist das Fehlen einer wirklichen Debatte dar\u00fcber, was gesagt werden darf und was nicht \u2013 das funktioniert eher durch obrigkeitliche Dekrete. Das andere aber ist die regelm\u00e4\u00dfige Anwendung verschiedener Ma\u00dfst\u00e4be, ob die \u00c4u\u00dferung nun\u2026","rel":"","context":"In &quot;Demokratie \u2013 Medien \u2013 Aufkl\u00e4rung&quot;","block_context":{"text":"Demokratie \u2013 Medien \u2013 Aufkl\u00e4rung","link":"https:\/\/www.freidenker.org\/?cat=12"},"img":{"alt_text":"","src":"https:\/\/i0.wp.com\/www.freidenker.org\/fw17\/wp-content\/uploads\/2025\/11\/Jupiter_und_Ochse_KI_800x450.jpg?fit=800%2C450&ssl=1&resize=350%2C200","width":350,"height":200,"srcset":"https:\/\/i0.wp.com\/www.freidenker.org\/fw17\/wp-content\/uploads\/2025\/11\/Jupiter_und_Ochse_KI_800x450.jpg?fit=800%2C450&ssl=1&resize=350%2C200 1x, https:\/\/i0.wp.com\/www.freidenker.org\/fw17\/wp-content\/uploads\/2025\/11\/Jupiter_und_Ochse_KI_800x450.jpg?fit=800%2C450&ssl=1&resize=525%2C300 1.5x, https:\/\/i0.wp.com\/www.freidenker.org\/fw17\/wp-content\/uploads\/2025\/11\/Jupiter_und_Ochse_KI_800x450.jpg?fit=800%2C450&ssl=1&resize=700%2C400 2x"},"classes":[]},{"id":18834,"url":"https:\/\/www.freidenker.org\/?p=18834","url_meta":{"origin":17524,"position":5},"title":"Der Tag an dem die Meinungsfreiheit beerdigt wurde \u2013 Das Begr\u00e4bnis eines Kongresses","author":"Webredaktion","date":"20. April 2024","format":false,"excerpt":"Kommentar von\u00a0Evelyn Hecht-Galinski Schon im Vorfeld des Pal\u00e4stina-Kongresses wurde aus allen politischen, medialen und zionistischen \u201eHasbara-Rohren\u201c scharf geschossen, um den Pal\u00e4stina Kongress und die ausrichtenden Organisationen zur Aufgabe zu zwingen. Als Anfang April die Berliner Sparkasse das Konto des Vereins \u201eJ\u00fcdische Stimme f\u00fcr gerechten Frieden in Nahost\u201c ohne vorherige R\u00fccksprache\u2026","rel":"","context":"In &quot;Frieden - Antifaschismus - Solidarit\u00e4t&quot;","block_context":{"text":"Frieden - Antifaschismus - Solidarit\u00e4t","link":"https:\/\/www.freidenker.org\/?cat=13"},"img":{"alt_text":"","src":"https:\/\/i0.wp.com\/www.freidenker.org\/fw17\/wp-content\/uploads\/2024\/04\/450401_Staatsraeson_800x450.jpg?fit=800%2C450&ssl=1&resize=350%2C200","width":350,"height":200,"srcset":"https:\/\/i0.wp.com\/www.freidenker.org\/fw17\/wp-content\/uploads\/2024\/04\/450401_Staatsraeson_800x450.jpg?fit=800%2C450&ssl=1&resize=350%2C200 1x, https:\/\/i0.wp.com\/www.freidenker.org\/fw17\/wp-content\/uploads\/2024\/04\/450401_Staatsraeson_800x450.jpg?fit=800%2C450&ssl=1&resize=525%2C300 1.5x, https:\/\/i0.wp.com\/www.freidenker.org\/fw17\/wp-content\/uploads\/2024\/04\/450401_Staatsraeson_800x450.jpg?fit=800%2C450&ssl=1&resize=700%2C400 2x"},"classes":[]}],"_links":{"self":[{"href":"https:\/\/www.freidenker.org\/index.php?rest_route=\/wp\/v2\/posts\/17524","targetHints":{"allow":["GET"]}}],"collection":[{"href":"https:\/\/www.freidenker.org\/index.php?rest_route=\/wp\/v2\/posts"}],"about":[{"href":"https:\/\/www.freidenker.org\/index.php?rest_route=\/wp\/v2\/types\/post"}],"author":[{"embeddable":true,"href":"https:\/\/www.freidenker.org\/index.php?rest_route=\/wp\/v2\/users\/3"}],"replies":[{"embeddable":true,"href":"https:\/\/www.freidenker.org\/index.php?rest_route=%2Fwp%2Fv2%2Fcomments&post=17524"}],"version-history":[{"count":0,"href":"https:\/\/www.freidenker.org\/index.php?rest_route=\/wp\/v2\/posts\/17524\/revisions"}],"wp:featuredmedia":[{"embeddable":true,"href":"https:\/\/www.freidenker.org\/index.php?rest_route=\/wp\/v2\/media\/17528"}],"wp:attachment":[{"href":"https:\/\/www.freidenker.org\/index.php?rest_route=%2Fwp%2Fv2%2Fmedia&parent=17524"}],"wp:term":[{"taxonomy":"category","embeddable":true,"href":"https:\/\/www.freidenker.org\/index.php?rest_route=%2Fwp%2Fv2%2Fcategories&post=17524"},{"taxonomy":"post_tag","embeddable":true,"href":"https:\/\/www.freidenker.org\/index.php?rest_route=%2Fwp%2Fv2%2Ftags&post=17524"}],"curies":[{"name":"wp","href":"https:\/\/api.w.org\/{rel}","templated":true}]}}