{"id":1752,"date":"2017-07-16T19:05:41","date_gmt":"2017-07-16T17:05:41","guid":{"rendered":"http:\/\/www.freidenker.org\/fw17\/?p=1752"},"modified":"2017-12-27T11:11:42","modified_gmt":"2017-12-27T10:11:42","slug":"ein-hoch-auf-die-nestbeschmutzer","status":"publish","type":"post","link":"https:\/\/www.freidenker.org\/?p=1752","title":{"rendered":"Ein Hoch auf die &#8222;Nestbeschmutzer&#8220;!"},"content":{"rendered":"<p>Aus: <a href=\"https:\/\/www.freidenker.org\/?p=1087\">\u201eFREIDENKER\u201c Nr. 2-17<\/a>, Juli 2017, S. 16-19, 76. Jahrgang<\/p>\n<p>von <em><strong>Evelyn Hecht-Galinksi<\/strong><\/em><\/p>\n<p>&nbsp;<\/p>\n<p>Wenn j\u00fcdische B\u00fcrgerrechtsorganisationen wie B`Tselem den illegalen Siedlungsbau des &#8222;J\u00fcdischen Staates&#8220; vor dem Weltsicherheitsrat kritisieren, dann ist das ein Grund, stolz zu sein auf diese &#8222;Nestbeschmutzer&#8220;.<a href=\"#_edn1\" name=\"_ednref1\">[1]<\/a><\/p>\n<p>Dass Premier Netanjahu diese mutigen Aktivisten derart verunglimpft, zeigt doch nur, wie dieses Besatzungsregime sich nur noch mit gezielten Diffamierungsbegriffen zu wehren versucht \u2013 gegen unwiderlegbare Fakten. Diese kl\u00e4glichen verbalen Entgleisungen sollten die kritischen Nestbeschmutzer und uns alle jedoch nicht davon abhalten, uns weiterhin \u00f6ffentlich zu \u00e4u\u00dfern.<\/p>\n<p>Wenn Netanjahu wieder einmal die altbekannten L\u00fcgen wiederholt, dass der &#8222;Konflikt&#8220; mit den Pal\u00e4stinensern nichts zu tun hat mit dem Siedlungsbau, sondern das Grund\u00fcbel die Weigerung der Pal\u00e4stinenser sei, Israel als &#8222;J\u00fcdischen Staat&#8220; anzuerkennen, dann sind wir damit tats\u00e4chlich beim Grund\u00fcbel der zionistischen Expansionspolitik angelangt, den Pal\u00e4stinensern immer wieder neue Anspr\u00fcche, als Hindernis auf den Weg eines eigenen Staates in den Weg zu stellen.<\/p>\n<p>&nbsp;<\/p>\n<h5><strong>Kritik zum Schweigen bringen<\/strong><\/h5>\n<p>Durch diese unannehmbare Forderung eines angeblich demokratischen Staates Israel versucht das Netanjahu-Regime zwei Fliegen mit einer Klappe zu schlagen. Durch die Betonung auf \u201ej\u00fcdisch\u201c wird der Alleinanspruch einer Religion in einem Staat verankert, was nat\u00fcrlich inakzeptabel ist als demokratische Grundlage eines friedlichen und normalen Zusammenlebens. Zum anderen wird der Begriff \u201ej\u00fcdisch\u201c im Zusammenhang mit \u201eStaat\u201c jede Israel-Kritik automatisch zu Antisemitismus, also Judenhass, stilisiert.<\/p>\n<p>&nbsp;<\/p>\n<p>Als Konsequenz daraus ergibt sich ein Maulkorberlass gegen Israel-Kritiker, der sie alle zum Schweigen bringen soll. Mit dieser weltweiten Strategie-Kampagne versucht der &#8222;J\u00fcdische Staat&#8220; und seine Diaspora Brigaden, die Sayanim, alles unter seine Kontrolle zu bekommen und eine Sprachlosigkeit und ein Klima der Einsch\u00fcchterung zu erzeugen, welches seinesgleichen sucht.<\/p>\n<p>Das betrifft inzwischen nicht nur deutsche Universit\u00e4ten, Lehrer, Referenten, sondern ist auch g\u00e4ngige Praxis in Europa und den USA. Als Beispiel m\u00f6chte ich eine Veranstaltung vom letzten Mai in einer \u00f6ffentlichen B\u00fccherei in den USA erw\u00e4hnen. Dort hielt der ehemalige US-Diplomat und j\u00fcdische Nahost-Vermittler Dennis Ross einen Vortrag, als in der folgenden Diskussion der j\u00fcdische Teilnehmer Rothe-Kushel die Frage stellte, ob j\u00fcdische Amerikaner wie Rothe-Kushel nicht besorgt sein sollten wegen der US- und Israel-Aktionen, die das Ergebnis des \u201estate-sponsored-terrorism\u201c darstellen.<\/p>\n<p>Daraufhin wurde Kushel unsanft von zwei j\u00fcdischen Sicherheitskr\u00e4ften nach drau\u00dfen bef\u00f6rdert. Eine Anklage hatte er auch noch zu erwarten. Daraufhin stellte der ebenfalls kritisierte Direktor der B\u00fccherei R. Corby Kemper III sarkastisch fest, was f\u00fcr ein Land es w\u00e4re, wenn Menschen daf\u00fcr verhaftet werden, wenn sie Fragen in einer B\u00fccherei stellen, die sich daraus ergebende Konsequenz darauf sei, die B\u00fccherei zu schlie\u00dfen.<a href=\"#_edn2\" name=\"_ednref2\">[2]<\/a><\/p>\n<p>Hier ist die Frage zu stellen, wie kann man sich noch wehren gegen solche diktatorischen Eingriffe in die Meinungsfreiheit? Ja, in der Tat, diese weltweite Kampagne der Israel-Lobby versucht, die uneingeschr\u00e4nkte Deutungshoheit \u00fcber alles, was Israel-Kritik betrifft und ob sie &#8222;erlaubt&#8220; ist, zu gewinnen. Jeder, der diese weltweite Kampagne kritisiert, bekommt sofort das Etikett \u201eantisemitisch\u201c verpasst.<\/p>\n<h5><\/h5>\n<h5><strong>Hass-Kampagne des &#8222;J\u00fcdischen Staates&#8220;<\/strong><\/h5>\n<p>Nein, es ist kein Antisemitismus, wenn diese Zusammenh\u00e4nge deutlich angesprochen werden. Es ist auch keine &#8222;j\u00fcdische Weltverschw\u00f6rung&#8220;, sondern es ist eine ganz gezielte Hass-Kampagne des &#8222;J\u00fcdischen Staates&#8220; gegen nicht genehme Personen, die das &#8222;j\u00fcdische Besatzungsnest&#8220; beschmutzen. Allerdings wird dabei vergessen, dass der israelische &#8222;Nest-Schmutz&#8220; von innen heraus kommt und selbst erzeugt ist.<\/p>\n<p>Wenn \u00fcber 7000 pal\u00e4stinensische H\u00e4ftlinge in illegaler j\u00fcdischer Administrativhaft sitzen, wenn seit letztem Oktober 2015 schon mehr als 250 Pal\u00e4stinenser durch &#8222;J\u00fcdische Verteidigungssoldaten ermordet wurden, wenn seit September 2016 mehr als 2000 illegale Siedlungseinheiten genehmigt wurden, wenn illegale H\u00e4userzerst\u00f6rungen und die Judaisierung von Jerusalem und Pal\u00e4stina zu neuen H\u00f6hen ansetzt, hat man doch die Pflicht, das alles zu kritisieren. Unschuldige pal\u00e4stinensische Kinder werden ermordet unter der illegalen Besatzung Pal\u00e4stinas, aber deutsche Medien schweigen und berichten nicht dar\u00fcber! <a href=\"#_edn3\" name=\"_ednref3\">[3]<\/a>, <a href=\"#_edn4\" name=\"_ednref4\">[4]<\/a><\/p>\n<p>Ebenso irref\u00fchrend war die deutsche Berichterstattung \u00fcber Israels Emp\u00f6rung und Zwist mit der UNESCO. Es geht bei der durch Israel beanstandeten Resolution eben nicht vorrangig um die \u201eLeugnung j\u00fcdischer Bindungen zum Tempelberg\u201c, sondern ganz klar die israelischen Aggressionen gegen die jordanische Waqf-Stiftung, die den Haram al-Sharif verwaltet.<\/p>\n<p>Die Resolution prangert die Repressalien gegen Muslime, die in der Al-Aqsa Moschee beten wollen und die st\u00e4ndigen Absperrungen an und die schleichende \u00c4nderung des Status Quo, und die st\u00e4ndigen Provokationen durch j\u00fcdische Extremisten, die noch z.B. unterst\u00fctzt von Polizei und Armee, ihr Unwesen auf dem Gel\u00e4nde treiben. Es ist eine Anklage gegen das israelische Regime, das den Status von Jerusalem immer weiter ver\u00e4ndert und die Judaisierung vorantreibt. Es sind arch\u00e4ologische Zerst\u00f6rungen durch das israelische Regime, die ewigen Nadelstiche, und ihr Anspruch, einen neuen j\u00fcdischen Tempel auf dem Haram al-Sharif zu bauen.<\/p>\n<p>Die angebliche j\u00fcdische Bindung gibt es nicht und wird vom Netanjahu-Regime bewusst inszeniert, um den ganzen Haram al-Sharif zu judaisieren und zum Tempelberg umzufunktionieren. Allerdings bestritt sogar der israelische Arch\u00e4ologe Meir Ben Dov nach seinen Untersuchungen, dass es eine Verbindung zwischen al-Aqsa, und einer j\u00fcdischen Bindung gibt. <a href=\"#_edn5\" name=\"_ednref5\">[5]<\/a>, <a href=\"#_edn6\" name=\"_ednref6\">[6]<\/a>, <a href=\"#_edn7\" name=\"_ednref7\">[7]<\/a><\/p>\n<p>Bedauerlicherweise wird diese israelische Propaganda\/Hasbara-These von der US-Regierung, von beiden Pr\u00e4sidentschaftskandidaten und Deutschland, Gro\u00dfbritannien, den Niederlanden, Litauen unterst\u00fctzt, indem sie gegen die UNESCO Resolution stimmten, w\u00e4hrend Russland und China sie unterst\u00fctzten. <a href=\"#_edn8\" name=\"_ednref8\">[8]<\/a>, <a href=\"#_edn9\" name=\"_ednref9\">[9]<\/a><\/p>\n<p>&nbsp;<\/p>\n<h5><strong>Demonstrationen und Spendenaufrufe f\u00fcr einen M\u00f6rder<\/strong><\/h5>\n<p>Besonders erschreckend allerdings ist es, dass der \u00fcberwiegende Teil der j\u00fcdischen Bev\u00f6lkerung Israels diese Zust\u00e4nde unterst\u00fctzt. Wenn ein Soldat der &#8222;j\u00fcdischen Verteidigungsarmee&#8220;, Elor Azaria, als Held gefeiert wird, und &#8222;Sohn aller Israelis&#8220;, der nur seine Pflicht tat, weil er einen &#8222;pal\u00e4stinensischen Terroristen&#8220; get\u00f6tet hat. Tats\u00e4chlich aber hat dieser Soldat den verletzt am Boden liegenden Pal\u00e4stinenser Abdul Fatah Al-Sharif kaltbl\u00fctig ermordet. F\u00fcr diesen M\u00f6rder veranstaltet man Demonstrationen und Spendenaufrufe. Was soll man dazu noch sagen, au\u00dfer tiefer Verachtung. <a href=\"#_edn10\" name=\"_ednref10\">[10]<\/a>, <a href=\"#_edn11\" name=\"_ednref11\">[11]<\/a><\/p>\n<p>Der &#8222;J\u00fcdische Staat&#8220; hat jeden Anspruch auf Moral verloren. Pal\u00e4stinensische Angreifer werden, wie schon so oft, verwundet oder ermordet, einfach wie Vieh liegen gelassen, oder der Leichnam als Eisblock eingefroren den Familien, wie gerade geschehen, nach Monaten \u00fcbergeben. Es ist diese schreckliche Dem\u00fctigung und Missachtung der Pal\u00e4stinenser, die diese j\u00fcdische Gesellschaft betreibt. W\u00e4hrend die jungen Pal\u00e4stinenser in Hoffnungslosigkeit, Armut und Arbeitslosigkeit vegetieren und ihre Eltern daf\u00fcr verachten, dass sie in Lethargie versinken, hat sich das korrupte Abbas-System ohne Mandat mit dem Netanjahu-Regime als Komplize des nicht mehr existenten Friedensprozesses arrangiert, um seine Existenz zu sichern. <a href=\"#_edn12\" name=\"_ednref12\">[12]<\/a><\/p>\n<p>Diese jungen Pal\u00e4stinenser versuchen wenigstens, auf ihre verzweifelte Lage aufmerksam zu machen und sich nicht widerstandslos aufzugeben. Gegen die \u00dcbermacht der Besatzer, nat\u00fcrlich ein schier aussichtsloses Unterfangen. Da haben wir es wieder mit den Doppelstandards zu tun: \u201eWiderstand gegen Besatzung\u201c wird zu \u201eTerrorismus\u201c, aber nur, wenn man sich gegen die Besatzung des &#8222;J\u00fcdischen Staats&#8220; wehrt. Schlie\u00dflich muss das &#8222;j\u00fcdische Volk&#8220; in seinem &#8222;Sicherheitsbestreben&#8220; unterst\u00fctzt werden. Ein Hohn ist, wenn uns Israel als Vorbild angepriesen wird f\u00fcr Integration und Sicherheit!<\/p>\n<p>Das ist die feige westliche Politik gegen\u00fcber dem &#8222;J\u00fcdischen Staat&#8220;. Merkel, die vollmundig Russland-Sanktionen fordert wegen angeblicher Menschenrechtsverbrechen in Syrien und der Krim-Politik, sieht bei den Menschenrechtsverbrechen die der &#8222;J\u00fcdische Staat&#8220; begeht, keinerlei Handlungsbedarf, dagegen einzuschreiten.<\/p>\n<p><strong>\u00a0<\/strong><\/p>\n<h5><strong>Teufelskreis von Aufr\u00fcstung, Nato und US-Interessenpolitik<\/strong><\/h5>\n<p>Es kann deshalb gar nicht genug Nestbeschmutzer geben, die es wagen den Mund aufzumachen und diese Tatsachen laut und deutlich zu kritisieren. Wohlgemerkt: mit dem Begriff \u201eNestbeschmutzer\u201c meine ich nicht die rassistischen Hetzer, von denen es gen\u00fcgend gibt, hatten wir doch gerade bei den tausenden von Pegida-Versammelten in Dresden am letzten Sonntag das Ph\u00e4nomen der vielen Davidstern-Flaggen, die dort mitgetragen wurden. Es ist diese Verlogenheit der Politik, die einen verzweifeln l\u00e4sst, diese kriegerische Aggressionspolitik, die uns immer mehr in diesen Teufelskreis von Aufr\u00fcstung, Nato und US-Interessenpolitik f\u00fchrt, und mit einer Kanzlerin, die sich europaweit daf\u00fcr einsetzt und als Dank die Fl\u00fcchtlinge aufnimmt, die wir vorher mit erzeugt haben.<\/p>\n<p>Es ist eben diese heuchlerische christlich-j\u00fcdische Wertegemeinschaft, die alle Werte l\u00e4ngst zerbombt hat und jegliche Glaubw\u00fcrdigkeit verloren hat. Ein Hoch auf die kritischen und mutigen Nestbeschmutzer!<\/p>\n<p style=\"text-align: right;\"><em>Evelyn Hecht-Galinski, Tochter des ehemaligen Vorsitzenden des Zentralrats der Juden in Deutschland, ist Publizistin und gestaltet die Internet-Seite <u>http:\/\/sicht-vom-hochblauen.de\/<\/u>, wo auch dieser Text erschienen ist; regelm\u00e4\u00dfige Kommentare von ihr erscheinen in der \u201eNeuen Rheinischen Zeitung\u201c. <\/em><\/p>\n<p>&nbsp;<\/p>\n<h5>Zitate und Verweise<\/h5>\n<p><a href=\"#_ednref1\" name=\"_edn1\">[1]<\/a> <a href=\"http:\/\/www.fr-online.de\/politik\/siedlungsbau-israel-droht-aktivisten,1472596,34858942.html\" target=\"_blank\" rel=\"noopener\"><u>http:\/\/www.fr-online.de\/politik\/siedlungsbau-israel-droht-aktivisten,1472596,34858942.html<\/u><\/a><\/p>\n<p><a href=\"#_ednref2\" name=\"_edn2\">[2]<\/a><u> <a href=\"http:\/\/www.haaretz.com\/world-news\/americas\/1.745742?utm_source=trendemon&amp;utm_medium=content&amp;utm_campaign=flowread\" target=\"_blank\" rel=\"noopener\">http:\/\/www.haaretz.com\/world-news\/americas\/1.745742?utm_source=trendemon&amp;utm_medium=content&amp;utm_campaign=flowread<\/a><\/u><\/p>\n<p><a href=\"#_ednref3\" name=\"_edn3\">[3]<\/a> <a href=\"https:\/\/www.arabic-hippo.website\/2016\/10\/13\/israeli-occupation-forces-shoot-kill-10-year-old-palestinian-boy\/\" target=\"_blank\" rel=\"noopener\"><u>https:\/\/www.arabic-hippo.website\/2016\/10\/13\/israeli-occupation-forces-shoot-kill-10-year-old-palestinian-boy\/<\/u><\/a><\/p>\n<p><a href=\"#_ednref4\" name=\"_edn4\">[4]<\/a><u> <a href=\"https:\/\/www.middleeastmonitor.com\/20160923-netanyahu-turns-to-ethnic-cleansing-and-sophistry-to-justify-israels-criminal-acts\/\" target=\"_blank\" rel=\"noopener\">https:\/\/www.middleeastmonitor.com\/20160923-netanyahu-turns-to-ethnic-cleansing-and-sophistry-to-justify-israels-criminal-acts\/<\/a><\/u><\/p>\n<p><a href=\"#_ednref5\" name=\"_edn5\">[5]<\/a><u> <a href=\"https:\/\/www.middleeastmonitor.com\/20161013-israeli-archaeologist-denies-jewish-ties-to-al-aqsa-mosque\/\" target=\"_blank\" rel=\"noopener\">https:\/\/www.middleeastmonitor.com\/20161013-israeli-archaeologist-denies-jewish-ties-to-al-aqsa-mosque\/<\/a><\/u><\/p>\n<p><a href=\"#_ednref6\" name=\"_edn6\">[6]<\/a><u>\u00a0<a href=\"http:\/\/www.aljazeera.com\/news\/2016\/10\/israel-suspends-unesco-ties-al-aqsa-resolution-161014094246490.html\" target=\"_blank\" rel=\"noopener\">http:\/\/www.aljazeera.com\/news\/2016\/10\/israel-suspends-unesco-ties-al-aqsa-resolution-161014094246490.html<\/a><\/u><\/p>\n<p><a href=\"#_ednref7\" name=\"_edn7\">[7]<\/a><u> <a href=\"http:\/\/www.deutschlandfunk.de\/tempelberg-in-jerusalem-fels-des-anstosses.886.de.html?dram:article_id=341600\" target=\"_blank\" rel=\"noopener\">http:\/\/www.deutschlandfunk.de\/tempelberg-in-jerusalem-fels-des-anstosses.886.de.html?dram:article_id=341600<\/a><\/u><\/p>\n<p><a href=\"#_ednref8\" name=\"_edn8\">[8]<\/a><u> <a href=\"https:\/\/electronicintifada.net\/blogs\/charlotte-silver\/israels-false-spin-unesco-jerusalem-vote\" target=\"_blank\" rel=\"noopener\">https:\/\/electronicintifada.net\/blogs\/charlotte-silver\/israels-false-spin-unesco-jerusalem-vote<\/a><\/u><\/p>\n<p><a href=\"#_ednref9\" name=\"_edn9\">[9]<\/a><u> <a href=\"http:\/\/www.sueddeutsche.de\/politik\/israel-kampf-der-worte-1.3205590\" target=\"_blank\" rel=\"noopener\">http:\/\/www.sueddeutsche.de\/politik\/israel-kampf-der-worte-1.3205590<\/a><\/u><\/p>\n<p><a href=\"#_ednref10\" name=\"_edn10\">[10]<\/a><u>\u00a0<a href=\"https:\/\/theintercept.com\/2016\/04\/19\/thousands-israelis-rally-support-soldier-executed-wounded-palestinian\/\" target=\"_blank\" rel=\"noopener\">https:\/\/theintercept.com\/2016\/04\/19\/thousands-israelis-rally-support-soldier-executed-wounded-palestinian\/<\/a><\/u><\/p>\n<p><a href=\"#_ednref11\" name=\"_edn11\">[11]<\/a><u> <a href=\"http:\/\/www.aljazeerah.info\/...\" target=\"_blank\" rel=\"noopener\">http:\/\/www.aljazeerah.info\/&#8230;<\/a><\/u><\/p>\n<p><a href=\"#_ednref12\" name=\"_edn12\">[12]<\/a><u> <a href=\"https:\/\/electronicintifada.net\/blogs\/ali-abunimah\/israel-mahmoud-abbas-join-forces-against-palestinian-protests\" target=\"_blank\" rel=\"noopener\">https:\/\/electronicintifada.net\/blogs\/ali-abunimah\/israel-mahmoud-abbas-join-forces-against-palestinian-protests<\/a><\/u><\/p>\n<hr \/>\n<h5>Download<\/h5>\n<p>Der Artikel kann auch als PDF-Dokument angesehen und heruntergeladen werden:<\/p>\n<p><img loading=\"lazy\" decoding=\"async\" data-attachment-id=\"1076\" data-permalink=\"https:\/\/www.freidenker.org\/?attachment_id=1076\" data-orig-file=\"https:\/\/i0.wp.com\/www.freidenker.org\/fw17\/wp-content\/uploads\/2017\/10\/pdf_icon-2.png?fit=32%2C32&amp;ssl=1\" data-orig-size=\"32,32\" data-comments-opened=\"0\" data-image-meta=\"{&quot;aperture&quot;:&quot;0&quot;,&quot;credit&quot;:&quot;&quot;,&quot;camera&quot;:&quot;&quot;,&quot;caption&quot;:&quot;&quot;,&quot;created_timestamp&quot;:&quot;0&quot;,&quot;copyright&quot;:&quot;&quot;,&quot;focal_length&quot;:&quot;0&quot;,&quot;iso&quot;:&quot;0&quot;,&quot;shutter_speed&quot;:&quot;0&quot;,&quot;title&quot;:&quot;&quot;,&quot;orientation&quot;:&quot;0&quot;}\" data-image-title=\"pdf_icon\" data-image-description=\"\" data-image-caption=\"\" data-large-file=\"https:\/\/i0.wp.com\/www.freidenker.org\/fw17\/wp-content\/uploads\/2017\/10\/pdf_icon-2.png?fit=32%2C32&amp;ssl=1\" class=\"alignnone size-full wp-image-1076\" src=\"https:\/\/i0.wp.com\/www.freidenker.org\/fw17\/wp-content\/uploads\/2017\/10\/pdf_icon-2.png?resize=32%2C32\" alt=\"\" width=\"32\" height=\"32\" \/>\u00a0\u00a0 <a href=\"https:\/\/www.freidenker.org\/fw17\/wp-content\/uploads\/2017\/11\/Freidenker_2017-02_Nestbeschmutzer.pdf\" target=\"_blank\" rel=\"noopener\">Evelyn Hecht-Galinski:\u00a0Ein Hoch auf die &#8222;Nestbeschmutzer&#8220;! <\/a>(Auszug aus FREIDENKER 2-17, ca. 330 KB)<\/p>\n<hr \/>\n<p>Bild oben: Jerusalem, Tempelberg, S\u00fcdmauer \/ Foto: <a href=\"https:\/\/commons.wikimedia.org\/wiki\/User:Berthold_Werner\" target=\"_blank\" rel=\"noopener\">Berthold Werner<\/a> commons.wikimedia.org<\/p>\n","protected":false},"excerpt":{"rendered":"<p><strong>Beitrag von von Evelyn Hecht-Galinski aus: \u201eFREIDENKER\u201c Nr. 2-17<\/strong><br \/>\nWenn j\u00fcdische B\u00fcrgerrechtsorganisationen wie B`Tselem den illegalen Siedlungsbau des &#8222;J\u00fcdischen Staates&#8220; vor dem Weltsicherheitsrat kritisieren, dann ist das ein Grund, stolz zu sein auf diese &#8222;Nestbeschmutzer&#8220;. Dass Premier Netanjahu diese mutigen Aktivisten derart verunglimpft, zeigt doch nur, wie dieses Besatzungsregime sich nur noch mit gezielten Diffamierungsbegriffen zu wehren versucht \u2013 gegen unwiderlegbare Fakten. Diese kl\u00e4glichen verbalen Entgleisungen sollten die kritischen Nestbeschmutzer und uns alle jedoch nicht davon abhalten, uns weiterhin \u00f6ffentlich zu \u00e4u\u00dfern. <\/p>\n","protected":false},"author":3,"featured_media":1781,"comment_status":"closed","ping_status":"closed","sticky":false,"template":"","format":"standard","meta":{"colormag_page_container_layout":"default_layout","colormag_page_sidebar_layout":"default_layout","advanced_seo_description":"","jetpack_seo_html_title":"","jetpack_seo_noindex":false,"jetpack_post_was_ever_published":false,"footnotes":""},"categories":[12],"tags":[393,394,579],"class_list":["post-1752","post","type-post","status-publish","format-standard","has-post-thumbnail","hentry","category-demokratie-medien-aufklaerung","tag-israel","tag-palaestina","tag-zionismus"],"jetpack_featured_media_url":"https:\/\/i0.wp.com\/www.freidenker.org\/fw17\/wp-content\/uploads\/2017\/07\/Jerusalem_Tempelberg_800x445.jpg?fit=800%2C445&ssl=1","jetpack_shortlink":"https:\/\/wp.me\/p9stpK-sg","jetpack-related-posts":[{"id":15511,"url":"https:\/\/www.freidenker.org\/?p=15511","url_meta":{"origin":1752,"position":0},"title":"Zwei deutsche Angriffskriege waren genug!","author":"Webredaktion","date":"16. M\u00e4rz 2023","format":false,"excerpt":"Kommentar von Evelyn Hecht-Galinski Wer gehofft hatte, dass vielleicht ein Umdenken stattfinden k\u00f6nnte, hat sich gr\u00fcndlich geirrt. Wir rutschen immer tiefer in den Irrsinn der blinden, ja fanatischen Ukraine-Unterst\u00fctzung hinein. Wenn der Kommissar der EU, Borell gar von \u201eKriegsmentalit\u00e4t\u201c spricht, in die wir kommen sollten, da sie uns noch zu\u2026","rel":"","context":"In &quot;Frieden - Antifaschismus - Solidarit\u00e4t&quot;","block_context":{"text":"Frieden - Antifaschismus - Solidarit\u00e4t","link":"https:\/\/www.freidenker.org\/?cat=13"},"img":{"alt_text":"","src":"https:\/\/i0.wp.com\/www.freidenker.org\/fw17\/wp-content\/uploads\/2023\/03\/armageddon-2546068_1280.jpg?fit=800%2C450&ssl=1&resize=350%2C200","width":350,"height":200,"srcset":"https:\/\/i0.wp.com\/www.freidenker.org\/fw17\/wp-content\/uploads\/2023\/03\/armageddon-2546068_1280.jpg?fit=800%2C450&ssl=1&resize=350%2C200 1x, https:\/\/i0.wp.com\/www.freidenker.org\/fw17\/wp-content\/uploads\/2023\/03\/armageddon-2546068_1280.jpg?fit=800%2C450&ssl=1&resize=525%2C300 1.5x, https:\/\/i0.wp.com\/www.freidenker.org\/fw17\/wp-content\/uploads\/2023\/03\/armageddon-2546068_1280.jpg?fit=800%2C450&ssl=1&resize=700%2C400 2x"},"classes":[]},{"id":22095,"url":"https:\/\/www.freidenker.org\/?p=22095","url_meta":{"origin":1752,"position":1},"title":"Genug der deutschen Scheinheiligkeit und Schamlosigkeit \u2013 Gaza und die deutschen Krokodilstr\u00e4nen","author":"Webredaktion","date":"12. Juni 2025","format":false,"excerpt":"Kommentar von Von Evelyn Hecht-Galinski Wie lange kann und will man das israelische Regime noch als \u201eeinzige\u201c Demokratie im Nahen Osten bezeichnen? Dieses Regime wurde zwar demokratisch gew\u00e4hlt, aber was hei\u00dft das schon? Eine Demokratie besteht nicht nur aus Wahlen, sondern auch aus W\u00e4hlern. Wenn also 82% dieser W\u00e4hler die\u2026","rel":"","context":"In &quot;Frieden - Antifaschismus - Solidarit\u00e4t&quot;","block_context":{"text":"Frieden - Antifaschismus - Solidarit\u00e4t","link":"https:\/\/www.freidenker.org\/?cat=13"},"img":{"alt_text":"","src":"https:\/\/i0.wp.com\/www.freidenker.org\/fw17\/wp-content\/uploads\/2025\/06\/palestine-6950484_800x450.jpg?fit=800%2C450&ssl=1&resize=350%2C200","width":350,"height":200,"srcset":"https:\/\/i0.wp.com\/www.freidenker.org\/fw17\/wp-content\/uploads\/2025\/06\/palestine-6950484_800x450.jpg?fit=800%2C450&ssl=1&resize=350%2C200 1x, https:\/\/i0.wp.com\/www.freidenker.org\/fw17\/wp-content\/uploads\/2025\/06\/palestine-6950484_800x450.jpg?fit=800%2C450&ssl=1&resize=525%2C300 1.5x, https:\/\/i0.wp.com\/www.freidenker.org\/fw17\/wp-content\/uploads\/2025\/06\/palestine-6950484_800x450.jpg?fit=800%2C450&ssl=1&resize=700%2C400 2x"},"classes":[]},{"id":19230,"url":"https:\/\/www.freidenker.org\/?p=19230","url_meta":{"origin":1752,"position":2},"title":"Die Farce mit der \u201eZivilcourage\u201c, \u201eMeinungsfreiheit\u201c und \u201eW\u00fcrde des Menschen\u201c","author":"Webredaktion","date":"31. Mai 2024","format":false,"excerpt":"Kommentar von Evelyn Hecht-Galinski Als am 23. Mai 2024 75 Jahre Grundgesetz gefeiert wurde, dachte ich mir, wie kann man so verlogen und geschichtsverleugnend \u201efeiern\u201c? Mich verbindet mit dem Grundgesetz besonders, dass es im selben Jahr geboren wurde wie ich, und der pr\u00e4gende Satz: \u201eDie W\u00fcrde des Menschen ist unantastbar\u201c\u2026","rel":"","context":"In &quot;Demokratie \u2013 Medien \u2013 Aufkl\u00e4rung&quot;","block_context":{"text":"Demokratie \u2013 Medien \u2013 Aufkl\u00e4rung","link":"https:\/\/www.freidenker.org\/?cat=12"},"img":{"alt_text":"","src":"https:\/\/i0.wp.com\/www.freidenker.org\/fw17\/wp-content\/uploads\/2024\/05\/the-basic-law-2454404_800x450.jpg?fit=800%2C450&ssl=1&resize=350%2C200","width":350,"height":200,"srcset":"https:\/\/i0.wp.com\/www.freidenker.org\/fw17\/wp-content\/uploads\/2024\/05\/the-basic-law-2454404_800x450.jpg?fit=800%2C450&ssl=1&resize=350%2C200 1x, https:\/\/i0.wp.com\/www.freidenker.org\/fw17\/wp-content\/uploads\/2024\/05\/the-basic-law-2454404_800x450.jpg?fit=800%2C450&ssl=1&resize=525%2C300 1.5x, https:\/\/i0.wp.com\/www.freidenker.org\/fw17\/wp-content\/uploads\/2024\/05\/the-basic-law-2454404_800x450.jpg?fit=800%2C450&ssl=1&resize=700%2C400 2x"},"classes":[]},{"id":17406,"url":"https:\/\/www.freidenker.org\/?p=17406","url_meta":{"origin":1752,"position":3},"title":"Der leere Blick des Robert Habeck &#8211; und sein gef\u00e4hrlicher Blankocheck f\u00fcr Israel","author":"Webredaktion","date":"4. November 2023","format":false,"excerpt":"Beitrag von Dagmar Henn \"Deutliche Worte zu Israel\", wie die Berliner Zeitung Bundeswirtschaftsminister Robert Habecks j\u00fcngsten Internetauftritt kommentierte, brauchen eigentlich keine neun Minuten. Ein kurzes \"H\u00f6rt auf!\" an die israelische Regierung w\u00e4re genug. Wobei seit Nord Stream au\u00dfenpolitisch ohnehin egal ist, was aus Deutschland gesagt wird. Man kann schon fast\u2026","rel":"","context":"In &quot;Demokratie \u2013 Medien \u2013 Aufkl\u00e4rung&quot;","block_context":{"text":"Demokratie \u2013 Medien \u2013 Aufkl\u00e4rung","link":"https:\/\/www.freidenker.org\/?cat=12"},"img":{"alt_text":"","src":"https:\/\/i0.wp.com\/www.freidenker.org\/fw17\/wp-content\/uploads\/2023\/11\/Publikumsgespraech_Dr._Robert_Habeck_800x450.jpg?fit=800%2C450&ssl=1&resize=350%2C200","width":350,"height":200,"srcset":"https:\/\/i0.wp.com\/www.freidenker.org\/fw17\/wp-content\/uploads\/2023\/11\/Publikumsgespraech_Dr._Robert_Habeck_800x450.jpg?fit=800%2C450&ssl=1&resize=350%2C200 1x, https:\/\/i0.wp.com\/www.freidenker.org\/fw17\/wp-content\/uploads\/2023\/11\/Publikumsgespraech_Dr._Robert_Habeck_800x450.jpg?fit=800%2C450&ssl=1&resize=525%2C300 1.5x, https:\/\/i0.wp.com\/www.freidenker.org\/fw17\/wp-content\/uploads\/2023\/11\/Publikumsgespraech_Dr._Robert_Habeck_800x450.jpg?fit=800%2C450&ssl=1&resize=700%2C400 2x"},"classes":[]},{"id":19793,"url":"https:\/\/www.freidenker.org\/?p=19793","url_meta":{"origin":1752,"position":4},"title":"Existenzrecht? F\u00fcr Besatzung, Vertreibung und V\u00f6lkermord? Freiheit vom Fluss bis zum Meer!","author":"Webredaktion","date":"1. August 2024","format":false,"excerpt":"Kommentar von Evelyn Hecht-Galinski Es ist erschreckend, mit welch blindem Aktionismus nicht nur die Politik und ihre Vertreter versuchen, diesen schrecklichen Solinger Anschlag daf\u00fcr missbrauchen zu wollen, um daraus den Honig f\u00fcr Wahlgewinne oder Sympathiekundgebungen zu saugen. Es ist aber noch verwerflicher, wie christliche und j\u00fcdische \u201eW\u00fcrdentr\u00e4ger\u201c und Funktion\u00e4re diesen\u2026","rel":"","context":"In &quot;Frieden - Antifaschismus - Solidarit\u00e4t&quot;","block_context":{"text":"Frieden - Antifaschismus - Solidarit\u00e4t","link":"https:\/\/www.freidenker.org\/?cat=13"},"img":{"alt_text":"","src":"https:\/\/i0.wp.com\/www.freidenker.org\/fw17\/wp-content\/uploads\/2024\/09\/gaza-6782232_800x450.jpg?fit=800%2C450&ssl=1&resize=350%2C200","width":350,"height":200,"srcset":"https:\/\/i0.wp.com\/www.freidenker.org\/fw17\/wp-content\/uploads\/2024\/09\/gaza-6782232_800x450.jpg?fit=800%2C450&ssl=1&resize=350%2C200 1x, https:\/\/i0.wp.com\/www.freidenker.org\/fw17\/wp-content\/uploads\/2024\/09\/gaza-6782232_800x450.jpg?fit=800%2C450&ssl=1&resize=525%2C300 1.5x, https:\/\/i0.wp.com\/www.freidenker.org\/fw17\/wp-content\/uploads\/2024\/09\/gaza-6782232_800x450.jpg?fit=800%2C450&ssl=1&resize=700%2C400 2x"},"classes":[]},{"id":10366,"url":"https:\/\/www.freidenker.org\/?p=10366","url_meta":{"origin":1752,"position":5},"title":"Stoppt den Krieg und die Vertreibung, bestraft Kriegsverbrecher!","author":"Webredaktion","date":"25. Mai 2021","format":false,"excerpt":"Das Aktionsb\u00fcndnis \"Pal\u00e4stina spricht\" hatte zum 15.05.2020 zu deutschlandweiten Demonstrationen unter dem Motto \"Ongoing Nakba Action Days\" aufgerufen, die in Berlin, K\u00f6ln, Stuttgart, Frankfurt a.M., Freiburg, Hamburg und Kassel stattfanden. Dem Aufruf waren Tausende Menschen gefolgt, darunter viele Freidenker. Wir dokumentieren hier die Rede von Annette Groth, ehem. MdB und\u2026","rel":"","context":"In &quot;Frieden - Antifaschismus - Solidarit\u00e4t&quot;","block_context":{"text":"Frieden - Antifaschismus - Solidarit\u00e4t","link":"https:\/\/www.freidenker.org\/?cat=13"},"img":{"alt_text":"","src":"https:\/\/i0.wp.com\/www.freidenker.org\/fw17\/wp-content\/uploads\/2021\/05\/nakba_2021-05-15_800x450.jpg?fit=800%2C450&ssl=1&resize=350%2C200","width":350,"height":200,"srcset":"https:\/\/i0.wp.com\/www.freidenker.org\/fw17\/wp-content\/uploads\/2021\/05\/nakba_2021-05-15_800x450.jpg?fit=800%2C450&ssl=1&resize=350%2C200 1x, https:\/\/i0.wp.com\/www.freidenker.org\/fw17\/wp-content\/uploads\/2021\/05\/nakba_2021-05-15_800x450.jpg?fit=800%2C450&ssl=1&resize=525%2C300 1.5x, https:\/\/i0.wp.com\/www.freidenker.org\/fw17\/wp-content\/uploads\/2021\/05\/nakba_2021-05-15_800x450.jpg?fit=800%2C450&ssl=1&resize=700%2C400 2x"},"classes":[]}],"_links":{"self":[{"href":"https:\/\/www.freidenker.org\/index.php?rest_route=\/wp\/v2\/posts\/1752","targetHints":{"allow":["GET"]}}],"collection":[{"href":"https:\/\/www.freidenker.org\/index.php?rest_route=\/wp\/v2\/posts"}],"about":[{"href":"https:\/\/www.freidenker.org\/index.php?rest_route=\/wp\/v2\/types\/post"}],"author":[{"embeddable":true,"href":"https:\/\/www.freidenker.org\/index.php?rest_route=\/wp\/v2\/users\/3"}],"replies":[{"embeddable":true,"href":"https:\/\/www.freidenker.org\/index.php?rest_route=%2Fwp%2Fv2%2Fcomments&post=1752"}],"version-history":[{"count":0,"href":"https:\/\/www.freidenker.org\/index.php?rest_route=\/wp\/v2\/posts\/1752\/revisions"}],"wp:featuredmedia":[{"embeddable":true,"href":"https:\/\/www.freidenker.org\/index.php?rest_route=\/wp\/v2\/media\/1781"}],"wp:attachment":[{"href":"https:\/\/www.freidenker.org\/index.php?rest_route=%2Fwp%2Fv2%2Fmedia&parent=1752"}],"wp:term":[{"taxonomy":"category","embeddable":true,"href":"https:\/\/www.freidenker.org\/index.php?rest_route=%2Fwp%2Fv2%2Fcategories&post=1752"},{"taxonomy":"post_tag","embeddable":true,"href":"https:\/\/www.freidenker.org\/index.php?rest_route=%2Fwp%2Fv2%2Ftags&post=1752"}],"curies":[{"name":"wp","href":"https:\/\/api.w.org\/{rel}","templated":true}]}}