{"id":17508,"date":"2023-11-10T01:37:36","date_gmt":"2023-11-10T00:37:36","guid":{"rendered":"https:\/\/www.freidenker.org\/?p=17508"},"modified":"2023-12-24T01:46:06","modified_gmt":"2023-12-24T00:46:06","slug":"staatsraeson","status":"publish","type":"post","link":"https:\/\/www.freidenker.org\/?p=17508","title":{"rendered":"Staatsr\u00e4son"},"content":{"rendered":"<h4>Zur herrschenden Unvernunft<\/h4>\n<p><em>von <strong>Hans Bauer\u00a0<\/strong><\/em><\/p>\n<p><span style=\"font-size: 10pt;\">Erstver\u00f6ffentlichung in der <a href=\"https:\/\/www.unsere-zeit.de\/staatsraeson-2-4785390\/\" target=\"_blank\" rel=\"noopener\">UZ vom 10.11.2023<\/a><\/span><\/p>\n<p>Die Bev\u00f6lkerung Deutschlands widersetzt sich zunehmend staatlich verordnetem Denken und Gebot. Da bedarf es kr\u00e4ftiger Zurechtweisung. Vom Pr\u00e4sidenten, vom Kriegskanzler. Und vom ganzen Hofstaat und seinen Trompetern. Sp\u00e4testens nach dem 7. Oktober, der, so auch der UN-Generalsekret\u00e4r Ant\u00f3nio Guterres, nicht aus dem \u201eVakuum\u201c kam. Also wird \u201eStaatsr\u00e4son\u201c gepredigt und gefordert. \u201eDie Sicherheit Israels ist deutsche Staatsr\u00e4son\u201c, posaunt Scholz. Die Sicherheit der Pal\u00e4stinenser, seit Jahrzehnten unter israelischer Repression leidend, ist kein Thema. War es f\u00fcr die alte Bundesrepublik nie. Sie stand zu keiner Zeit auf der Seite der Unterdr\u00fcckten. Weder in S\u00fcdafrika oder in Chile und auch nicht im Nahen Osten. Und das nach Weltmacht strebende Gro\u00dfdeutschland schon gar nicht. V\u00f6lkerfrieden war in der Bundesrepublik nie Staatsr\u00e4son. Im Gegensatz zum anderen Deutschland. In der DDR war Solidarit\u00e4t mit dem gerechten Kampf der PLO, der pal\u00e4stinensischen Befreiungsbewegung, selbstverst\u00e4ndlich. Friedensnobelpreistr\u00e4ger Jassir Arafat stand \u00fcber viele Jahre als Symbol \u00addaf\u00fcr.<\/p>\n<p>Diese Parteinahme der Deutschen Demokratischen Republik f\u00fcr die Menschlichkeit richtete sich nicht gegen Juden, gegen das Volk Israels. Nein, die unmenschlichen Verbrechen mit 6 Millionen ermordeten Juden begr\u00fcndeten hier besondere Verantwortung f\u00fcr die \u00dcberlebenden. Das ist an vielen Beispielen belegbar. Aber sie waren keine Rechtfertigung f\u00fcr Verbrechen des israelischen Regimes an den Pal\u00e4stinensern. Ebensolche historische Verantwortung sah die DDR gegen\u00fcber den V\u00f6lkern der Sowjetunion mit 27 Millionen Opfern. Darin begr\u00fcndet sich auch das Verst\u00e4ndnis vieler f\u00fcr die Sicherheitsinteressen der Russischen F\u00f6deration heute.<\/p>\n<p>Es ist aber nicht nur verleugnete historische Verantwortung des imperialistischen Deutschlands, es ist auch die Wahrheit, die auf der Strecke bleibt. Deutsche Politiker sprechen von Demokratien in Israel und in der Ukraine, die es angeblich zu verteidigen gilt. Das Israel Netanjahus hat mit Demokratie nichts zu tun. Und das Regime der Ukraine, in der ein Faschist Bandera Nationalheld ist, kann f\u00fcr sich \u201eDemokratie\u201c schon gar nicht in Anspruch nehmen.<\/p>\n<p>F\u00fcr die \u201enationale Sicherheit\u201c der USA sei es von entscheidender Bedeutung, dass Israel in seinem Krieg gegen die Hamas und die Ukraine in ihrem Krieg gegen Russland Erfolg haben, gibt Joseph Biden vor. \u201eWir k\u00f6nnen nicht zulassen, dass Terroristen wie die Hamas und Tyrannen wie Putin gewinnen\u201c, so der US-Pr\u00e4sident.<\/p>\n<p>Die Haltung Deutschlands zu internationalen Konflikten entspricht grunds\u00e4tzlich dieser Vorgabe. Eben Kriegs-B\u00fcndnistreue. Innenpolitisch legt Deutschland nach. Mit restriktiven Ma\u00dfnahmen gegen Andersdenkende. Mit Verboten, Disziplinierung und Strafen. Mit einer Atmosph\u00e4re der Einsch\u00fcchterung und Denunziation. Mit Meinungsdiktatur statt Meinungsfreiheit. Deutschland muss \u201ekriegst\u00fcchtig\u201c werden, verk\u00fcndet der Kriegsminister. Wer gegen diese Politik ist, macht sich verd\u00e4chtig, wer gegen Israels Rassismus ist, wird als Antisemit diffamiert.<\/p>\n<p>R\u00e4son bedeutet Vernunft. Was f\u00fcr ein Irrsinn. Die Macht habende Unvernunft ruft zur Staatsvernunft auf.<\/p>\n<p>Das Gebot der Stunde ist ein sofortiges bedingungsloses Schweigen der Waffen. Verhandlungen \u00fcber Sicherheit und gleiche Rechte aller im Nahen Osten wie auch in Europa \u2013 sich daf\u00fcr einzusetzen, w\u00e4re deutsche Staatsvernunft.<\/p>\n<p>Es wird Zeit, dass das Volk die Unvern\u00fcnftigen, die Kriege f\u00fchren und unterst\u00fctzen, zur R\u00e4son bringt, zur Staatsr\u00e4son zwingt.<\/p>\n<p style=\"text-align: right;\"><em>Hans Bauer ist\u00a0Vorsitzender der Gesellschaft zur Rechtlichen und Humanit\u00e4ren Unterst\u00fctzung (GRH) e.V.<\/em><br \/>\n<em>und Beiratsmitglied des Deutschen Freidenker-Verbandes.<\/em><\/p>\n<hr \/>\n<p><span style=\"font-size: 10pt;\">Bild oben: Israel-Solidarit\u00e4tskundgebung auf dem Pariser Platz in Berlin am 08.10.2023<\/span><br \/>\n<span style=\"font-size: 10pt;\">Foto: Leonhard Lenz, <a href=\"https:\/\/creativecommons.org\/publicdomain\/zero\/1.0\/deed.en\" target=\"_blank\" rel=\"noopener\">CC0<\/a><\/span><br \/>\n<span style=\"font-size: 10pt;\">Quelle: <a href=\"https:\/\/commons.wikimedia.org\/w\/index.php?curid=138616670\" target=\"_blank\" rel=\"noopener\">https:\/\/commons.wikimedia.org\/w\/index.php?curid=138616670<\/a><\/span><\/p>\n<p>&nbsp;<\/p>\n","protected":false},"excerpt":{"rendered":"<p><b>Zur herrschenden Unvernunft<\/b><br \/>\n<b>Beitrag von Hans Bauer\u00a0<\/b><br \/>\nDie Bev\u00f6lkerung Deutschlands widersetzt sich zunehmend staatlich verordnetem Denken und Gebot. Da bedarf es kr\u00e4ftiger Zurechtweisung. Vom Pr\u00e4sidenten, vom Kriegskanzler. Und vom ganzen Hofstaat und seinen Trompetern. Sp\u00e4testens nach dem 7. Oktober, der, so auch der UN-Generalsekret\u00e4r Ant\u00f3nio Guterres, nicht aus dem \u201eVakuum\u201c kam. Also wird \u201eStaatsr\u00e4son\u201c gepredigt und gefordert. \u201eDie Sicherheit Israels ist deutsche Staatsr\u00e4son\u201c, posaunt Scholz. Die Sicherheit der Pal\u00e4stinenser, seit Jahrzehnten unter israelischer Repression leidend, ist kein Thema. War es f\u00fcr die alte Bundesrepublik nie. Sie stand zu keiner Zeit auf der Seite der Unterdr\u00fcckten. Weder in S\u00fcdafrika oder in Chile und auch nicht im Nahen Osten. Und das nach Weltmacht strebende Gro\u00dfdeutschland schon gar nicht. V\u00f6lkerfrieden war in der Bundesrepublik nie Staatsr\u00e4son. <\/p>\n","protected":false},"author":3,"featured_media":17515,"comment_status":"closed","ping_status":"closed","sticky":false,"template":"","format":"standard","meta":{"colormag_page_container_layout":"default_layout","colormag_page_sidebar_layout":"default_layout","advanced_seo_description":"","jetpack_seo_html_title":"","jetpack_seo_noindex":false,"jetpack_post_was_ever_published":false,"footnotes":""},"categories":[12],"tags":[1641,451,1954,404,1955,223,2001,2002,639,2000,39],"class_list":["post-17508","post","type-post","status-publish","format-standard","has-post-thumbnail","hentry","category-demokratie-medien-aufklaerung","tag-bandera","tag-faschismus","tag-hamas","tag-imperialismus","tag-nahostkonflikt","tag-putin","tag-sicherheit","tag-staatsraeson","tag-ukraine-konflikt","tag-unvernunft","tag-vernunft"],"jetpack_featured_media_url":"https:\/\/i0.wp.com\/www.freidenker.org\/fw17\/wp-content\/uploads\/2023\/11\/Israel_solidarity_protest_Berlin_2023-10-08_95_800x450.jpg?fit=800%2C450&ssl=1","jetpack_shortlink":"https:\/\/wp.me\/p9stpK-4yo","jetpack-related-posts":[{"id":1152,"url":"https:\/\/www.freidenker.org\/?p=1152","url_meta":{"origin":17508,"position":0},"title":"Freidenker-Brief 4-2016: &#8222;Aufwachen: Gegen die massive Kriegsbedrohung aufstehen&#8220;","author":"Webredaktion","date":"10. Juni 2016","format":false,"excerpt":"Der Deutsche Freidenker-Verband verbreitet hiermit den beim Verbandstag beschlossenen Friedensappell: \u201eAufwachen: Gegen die massive Kriegsbedrohung aufstehen\u201c, derzeit gerade passend zu den \u201eAnaconda\u201c-Kriegsspielen der NATO in Polen, mit denen das \u201eaggressive\u201c Russland eingesch\u00fcchtert werden soll, mit denen Washington den Europ\u00e4ern erneut vor Augen f\u00fchrt, wer der Boss ist, und passend auch\u2026","rel":"","context":"In &quot;Freidenker-Brief&quot;","block_context":{"text":"Freidenker-Brief","link":"https:\/\/www.freidenker.org\/?cat=341"},"img":{"alt_text":"","src":"https:\/\/i0.wp.com\/www.freidenker.org\/fw17\/wp-content\/uploads\/2016\/06\/2016-06-05-1-0445-800x445.jpg?fit=800%2C445&ssl=1&resize=350%2C200","width":350,"height":200,"srcset":"https:\/\/i0.wp.com\/www.freidenker.org\/fw17\/wp-content\/uploads\/2016\/06\/2016-06-05-1-0445-800x445.jpg?fit=800%2C445&ssl=1&resize=350%2C200 1x, https:\/\/i0.wp.com\/www.freidenker.org\/fw17\/wp-content\/uploads\/2016\/06\/2016-06-05-1-0445-800x445.jpg?fit=800%2C445&ssl=1&resize=525%2C300 1.5x, https:\/\/i0.wp.com\/www.freidenker.org\/fw17\/wp-content\/uploads\/2016\/06\/2016-06-05-1-0445-800x445.jpg?fit=800%2C445&ssl=1&resize=700%2C400 2x"},"classes":[]},{"id":24688,"url":"https:\/\/www.freidenker.org\/?p=24688","url_meta":{"origin":17508,"position":1},"title":"Der Krieg der USA und Israels gegen den Iran ist eine Bedrohung f\u00fcr die ganze Welt","author":"Webredaktion","date":"23. M\u00e4rz 2026","format":false,"excerpt":"Die deutsche Staatsr\u00e4son gegen\u00fcber dem zionistischen Staat geh\u00f6rt angesichts dieser Zerst\u00f6rungsorgie auf den M\u00fcllhaufen der Geschichte Beitrag von Arn Strohmeyer Die Sicherheit Israels ist deutsche Staatsr\u00e4son, das ist seit der Rede von Kanzlerin Angela Merkel 2008 in der Knesset in Jerusalem ein unumst\u00f6\u00dfliches Dogma der deutschen Politik, das eng mit\u2026","rel":"","context":"In &quot;Frieden - Antifaschismus - Solidarit\u00e4t&quot;","block_context":{"text":"Frieden - Antifaschismus - Solidarit\u00e4t","link":"https:\/\/www.freidenker.org\/?cat=13"},"img":{"alt_text":"","src":"https:\/\/i0.wp.com\/www.freidenker.org\/fw17\/wp-content\/uploads\/2026\/03\/Shajareh_Tayyebeh_school_in_Minab_photos_from_Mehr_3_800x450.jpg?fit=800%2C450&ssl=1&resize=350%2C200","width":350,"height":200,"srcset":"https:\/\/i0.wp.com\/www.freidenker.org\/fw17\/wp-content\/uploads\/2026\/03\/Shajareh_Tayyebeh_school_in_Minab_photos_from_Mehr_3_800x450.jpg?fit=800%2C450&ssl=1&resize=350%2C200 1x, https:\/\/i0.wp.com\/www.freidenker.org\/fw17\/wp-content\/uploads\/2026\/03\/Shajareh_Tayyebeh_school_in_Minab_photos_from_Mehr_3_800x450.jpg?fit=800%2C450&ssl=1&resize=525%2C300 1.5x, https:\/\/i0.wp.com\/www.freidenker.org\/fw17\/wp-content\/uploads\/2026\/03\/Shajareh_Tayyebeh_school_in_Minab_photos_from_Mehr_3_800x450.jpg?fit=800%2C450&ssl=1&resize=700%2C400 2x"},"classes":[]},{"id":23773,"url":"https:\/\/www.freidenker.org\/?p=23773","url_meta":{"origin":17508,"position":2},"title":"Die deutschen Wurzeln des Zionismus","author":"Webredaktion","date":"9. Dezember 2025","format":false,"excerpt":"Wie der Zionismus aus dem Vorbild des deutsch-v\u00f6lkischen Nationalismus entstand und die Pal\u00e4stinenser dabei auf der Strecke blieben Rezension von Arn Strohmeyer Der Palmyra-Verlag in Heidelberg hat sehr interessante Texte des Nahost-Experten Clemens Messerschmid als Buch herausgegeben. Clemens Messerschmid war eine Ausnahmeerscheinung in der Pal\u00e4stina-Szene: ein hoch qualifizierter Experte, der\u2026","rel":"","context":"In &quot;Demokratie \u2013 Medien \u2013 Aufkl\u00e4rung&quot;","block_context":{"text":"Demokratie \u2013 Medien \u2013 Aufkl\u00e4rung","link":"https:\/\/www.freidenker.org\/?cat=12"},"img":{"alt_text":"","src":"https:\/\/i0.wp.com\/www.freidenker.org\/fw17\/wp-content\/uploads\/2025\/12\/Messerschmid_Wurzeln_des_Zionismus_coll_800x450.jpg?fit=800%2C450&ssl=1&resize=350%2C200","width":350,"height":200,"srcset":"https:\/\/i0.wp.com\/www.freidenker.org\/fw17\/wp-content\/uploads\/2025\/12\/Messerschmid_Wurzeln_des_Zionismus_coll_800x450.jpg?fit=800%2C450&ssl=1&resize=350%2C200 1x, https:\/\/i0.wp.com\/www.freidenker.org\/fw17\/wp-content\/uploads\/2025\/12\/Messerschmid_Wurzeln_des_Zionismus_coll_800x450.jpg?fit=800%2C450&ssl=1&resize=525%2C300 1.5x, https:\/\/i0.wp.com\/www.freidenker.org\/fw17\/wp-content\/uploads\/2025\/12\/Messerschmid_Wurzeln_des_Zionismus_coll_800x450.jpg?fit=800%2C450&ssl=1&resize=700%2C400 2x"},"classes":[]},{"id":18700,"url":"https:\/\/www.freidenker.org\/?p=18700","url_meta":{"origin":17508,"position":3},"title":"Was steckt wirklich hinter der unersch\u00fctterlichen Unterst\u00fctzung Deutschlands f\u00fcr Israel?","author":"Webredaktion","date":"3. April 2024","format":false,"excerpt":"Beitrag von Matthew Read Das Ausma\u00df der Unterst\u00fctzung der deutschen Regierung f\u00fcr Israel w\u00e4hrend der laufenden Offensive in Gaza hat viele \u00fcberrascht. Der deutsche Bundeskanzler Olaf Scholz hat sich mit seiner Kritik an Tel Aviv sogar noch mehr zur\u00fcckgehalten als US-Pr\u00e4sident Joe Biden. Ein zentraler Bezugspunkt f\u00fcr deutsche Politiker ist\u2026","rel":"","context":"In &quot;Demokratie \u2013 Medien \u2013 Aufkl\u00e4rung&quot;","block_context":{"text":"Demokratie \u2013 Medien \u2013 Aufkl\u00e4rung","link":"https:\/\/www.freidenker.org\/?cat=12"},"img":{"alt_text":"","src":"https:\/\/i0.wp.com\/www.freidenker.org\/fw17\/wp-content\/uploads\/2024\/04\/Olaf_Scholz_2023-05-09_800x450.jpg?fit=800%2C450&ssl=1&resize=350%2C200","width":350,"height":200,"srcset":"https:\/\/i0.wp.com\/www.freidenker.org\/fw17\/wp-content\/uploads\/2024\/04\/Olaf_Scholz_2023-05-09_800x450.jpg?fit=800%2C450&ssl=1&resize=350%2C200 1x, https:\/\/i0.wp.com\/www.freidenker.org\/fw17\/wp-content\/uploads\/2024\/04\/Olaf_Scholz_2023-05-09_800x450.jpg?fit=800%2C450&ssl=1&resize=525%2C300 1.5x, https:\/\/i0.wp.com\/www.freidenker.org\/fw17\/wp-content\/uploads\/2024\/04\/Olaf_Scholz_2023-05-09_800x450.jpg?fit=800%2C450&ssl=1&resize=700%2C400 2x"},"classes":[]},{"id":22128,"url":"https:\/\/www.freidenker.org\/?p=22128","url_meta":{"origin":17508,"position":4},"title":"Israel bombt eine Weltkrise herbei","author":"Webredaktion","date":"14. Juni 2025","format":false,"excerpt":"Der Angriff auf den Iran wird unabsehbare globale Folgen haben Beitrag von Arn Strohmeyer Der V\u00f6lkermord im Gazastreifen ist noch nicht genug. Israel bombt weiter, wie es will \u2013 in Syrien, dem Libanon und im Jemen und nun nimmt es die Atomanlagen im Iran unter Bombardement. Der \u201ewerteorientierte\u201c Westen schaut\u2026","rel":"","context":"In &quot;Frieden - Antifaschismus - Solidarit\u00e4t&quot;","block_context":{"text":"Frieden - Antifaschismus - Solidarit\u00e4t","link":"https:\/\/www.freidenker.org\/?cat=13"},"img":{"alt_text":"","src":"https:\/\/i0.wp.com\/www.freidenker.org\/fw17\/wp-content\/uploads\/2025\/06\/Pictures_of_the_Israeli_attack_on_Tehran_1_Mehr_2_800x450.jpg?fit=800%2C450&ssl=1&resize=350%2C200","width":350,"height":200,"srcset":"https:\/\/i0.wp.com\/www.freidenker.org\/fw17\/wp-content\/uploads\/2025\/06\/Pictures_of_the_Israeli_attack_on_Tehran_1_Mehr_2_800x450.jpg?fit=800%2C450&ssl=1&resize=350%2C200 1x, https:\/\/i0.wp.com\/www.freidenker.org\/fw17\/wp-content\/uploads\/2025\/06\/Pictures_of_the_Israeli_attack_on_Tehran_1_Mehr_2_800x450.jpg?fit=800%2C450&ssl=1&resize=525%2C300 1.5x, https:\/\/i0.wp.com\/www.freidenker.org\/fw17\/wp-content\/uploads\/2025\/06\/Pictures_of_the_Israeli_attack_on_Tehran_1_Mehr_2_800x450.jpg?fit=800%2C450&ssl=1&resize=700%2C400 2x"},"classes":[]},{"id":19366,"url":"https:\/\/www.freidenker.org\/?p=19366","url_meta":{"origin":17508,"position":5},"title":"Deutsche Verantwortung: gegen V\u00f6lkermord, f\u00fcr die Menschen in Pal\u00e4stina","author":"Webredaktion","date":"19. Juni 2024","format":false,"excerpt":"Redebeitrag von Joachim Guilliard auf der Demonstration \u201eF\u00fcr einen gerechten Frieden im Nahen Osten\" am 8. Juni 2024 in Darmstadt \u00dcber den f\u00fcrchterlichen Krieg gegen den Gazastreifen und die unbeschreiblichen humanit\u00e4ren Verh\u00e4ltnisse dort, die von UN-Vertretern schon lange als \u201eH\u00f6lle auf Erden\u201c bezeichnet werden, wurde heute von den Vorrednern und\u2026","rel":"","context":"In &quot;Frieden - Antifaschismus - Solidarit\u00e4t&quot;","block_context":{"text":"Frieden - Antifaschismus - Solidarit\u00e4t","link":"https:\/\/www.freidenker.org\/?cat=13"},"img":{"alt_text":"","src":"https:\/\/i0.wp.com\/www.freidenker.org\/fw17\/wp-content\/uploads\/2024\/06\/Free_Palestine_will_not_be_cancelled_53308440087._800x450jpg.jpg?fit=800%2C450&ssl=1&resize=350%2C200","width":350,"height":200,"srcset":"https:\/\/i0.wp.com\/www.freidenker.org\/fw17\/wp-content\/uploads\/2024\/06\/Free_Palestine_will_not_be_cancelled_53308440087._800x450jpg.jpg?fit=800%2C450&ssl=1&resize=350%2C200 1x, https:\/\/i0.wp.com\/www.freidenker.org\/fw17\/wp-content\/uploads\/2024\/06\/Free_Palestine_will_not_be_cancelled_53308440087._800x450jpg.jpg?fit=800%2C450&ssl=1&resize=525%2C300 1.5x, https:\/\/i0.wp.com\/www.freidenker.org\/fw17\/wp-content\/uploads\/2024\/06\/Free_Palestine_will_not_be_cancelled_53308440087._800x450jpg.jpg?fit=800%2C450&ssl=1&resize=700%2C400 2x"},"classes":[]}],"_links":{"self":[{"href":"https:\/\/www.freidenker.org\/index.php?rest_route=\/wp\/v2\/posts\/17508","targetHints":{"allow":["GET"]}}],"collection":[{"href":"https:\/\/www.freidenker.org\/index.php?rest_route=\/wp\/v2\/posts"}],"about":[{"href":"https:\/\/www.freidenker.org\/index.php?rest_route=\/wp\/v2\/types\/post"}],"author":[{"embeddable":true,"href":"https:\/\/www.freidenker.org\/index.php?rest_route=\/wp\/v2\/users\/3"}],"replies":[{"embeddable":true,"href":"https:\/\/www.freidenker.org\/index.php?rest_route=%2Fwp%2Fv2%2Fcomments&post=17508"}],"version-history":[{"count":0,"href":"https:\/\/www.freidenker.org\/index.php?rest_route=\/wp\/v2\/posts\/17508\/revisions"}],"wp:featuredmedia":[{"embeddable":true,"href":"https:\/\/www.freidenker.org\/index.php?rest_route=\/wp\/v2\/media\/17515"}],"wp:attachment":[{"href":"https:\/\/www.freidenker.org\/index.php?rest_route=%2Fwp%2Fv2%2Fmedia&parent=17508"}],"wp:term":[{"taxonomy":"category","embeddable":true,"href":"https:\/\/www.freidenker.org\/index.php?rest_route=%2Fwp%2Fv2%2Fcategories&post=17508"},{"taxonomy":"post_tag","embeddable":true,"href":"https:\/\/www.freidenker.org\/index.php?rest_route=%2Fwp%2Fv2%2Ftags&post=17508"}],"curies":[{"name":"wp","href":"https:\/\/api.w.org\/{rel}","templated":true}]}}