{"id":17494,"date":"2023-11-08T23:22:28","date_gmt":"2023-11-08T22:22:28","guid":{"rendered":"https:\/\/www.freidenker.org\/?p=17494"},"modified":"2023-12-24T01:47:00","modified_gmt":"2023-12-24T00:47:00","slug":"die-brueche-in-der-eu-werden-tiefer","status":"publish","type":"post","link":"https:\/\/www.freidenker.org\/?p=17494","title":{"rendered":"Die Br\u00fcche in der EU werden tiefer"},"content":{"rendered":"<p><strong>Allen oft wiederholten Beteuerungen zum Trotz gelingt es der EU nicht, sich in wesentlichen Fragen der Au\u00dfenpolitik auf eine gemeinsame Linie zu verst\u00e4ndigen. Diese Bruchlinien wurden auf dem EU-Gipfel Ende Oktober abermals deutlich. Weitere tiefe Gegens\u00e4tze zwischen den EU-Mitgliedern kommen hinzu. <\/strong><\/p>\n<p><em>Von Pierre L\u00e9vy<\/em><\/p>\n<p><span style=\"font-size: 10pt;\">Erstver\u00f6ffentlichung am 05.11.2023 auf <a href=\"https:\/\/freedert.online\/europa\/185963-brueche-in-eu-werden-tiefer\/\" target=\"_blank\" rel=\"noopener\">RT DE<\/a><\/span><\/p>\n<div class=\"EmbedBlock-root EmbedBlock-all\">\n<div class=\"AllEmbed\"><iframe loading=\"lazy\" title=\"Die Br\u00fcche in der EU werden tiefer\" src=\"https:\/\/www.podbean.com\/player-v2\/?i=6kuik-14ef7f7-pb&amp;from=pb6admin&amp;share=1&amp;download=1&amp;rtl=0&amp;fonts=Arial&amp;skin=1&amp;font-color=&amp;logo_link=episode_page&amp;btn-skin=7\" width=\"100%\" height=\"150\" scrolling=\"no\" allowfullscreen=\"allowfullscreen\" data-name=\"pb-iframe-player\" data-mce-fragment=\"1\"><\/iframe><\/div>\n<\/div>\n<p>Der Gipfel der Staats- und Regierungschefs der EU am 26. und 27. Oktober blieb (fast) unbemerkt. Er brachte jedoch eine Reihe Themen mit sich, bei denen die 27er-EU erneut ihre Uneinigkeit offenbarte. Nach\u00a0<a href=\"https:\/\/freeassange.rtde.live\/europa\/183137-steigende-kosten-sinkender-lebensstandard-in\/\" target=\"_blank\" rel=\"noopener noreferrer\">Energie, Einwanderung und Erweiterung<\/a> gibt es nun zwei weitere Bereiche, die sich als explosiv erweisen k\u00f6nnten: die Kohle; und die Au\u00dfenpolitik, insbesondere im Hinblick auf den Nahen Osten.<\/p>\n<p>Der erste Punkt ist nicht wirklich neu: Die Ausarbeitung des &#8222;mehrj\u00e4hrigen Finanzrahmens&#8220; f\u00fchrt alle sieben Jahre zu heftigen Auseinandersetzungen zwischen den Mitgliedstaaten. Die von Br\u00fcssel als &#8222;Geizh\u00e4lse&#8220; bezeichneten L\u00e4nder (die Niederlande, \u00d6sterreich, die nordischen L\u00e4nder) versuchen, den Gemeinschaftshaushalt, zu dem sie einen Nettobeitrag leisten, so weit wie m\u00f6glich zu k\u00fcrzen, w\u00e4hrend die zumeist \u00f6stlichen L\u00e4nder, die mehr erhalten, als sie einzahlen, f\u00fcr eine Ausweitung der Ausgaben eintreten.<\/p>\n<p>Diesmal jedoch ist es etwas Besonderes: Es geht um die \u00c4nderung des laufenden Haushalts (der den Zeitraum 2021\u20132027 abdeckt). Die Initiative geht von der Europ\u00e4ischen Kommission aus. Sie weist darauf hin, dass die Kluft zwischen den urspr\u00fcnglich geplanten Einnahmen und den neuen Zielen der EU immer gr\u00f6\u00dfer wird.<\/p>\n<p>So pl\u00e4diert Br\u00fcssel f\u00fcr eine &#8222;St\u00e4rkung der europ\u00e4ischen Wettbewerbsf\u00e4higkeit&#8220; angesichts der massiven \u00f6ffentlichen Unterst\u00fctzung, die Washington den in den USA ans\u00e4ssigen Unternehmen bietet, insbesondere (aber nicht nur) in der &#8222;gr\u00fcnen Industrie&#8220;. Diese Hilfen sind so attraktiv, dass viele gro\u00dfe europ\u00e4ische Konzerne eine Verlagerung nach \u00dcbersee vorbereiten oder in Erw\u00e4gung ziehen, auch auf die Gefahr hin, Zehntausende von Arbeitspl\u00e4tzen auf dem alten Kontinent zu opfern. Die von Br\u00fcssel geforderte Aufstockung der Mittel f\u00fcr die sogenannte &#8222;Wettbewerbsf\u00e4higkeit&#8220; bel\u00e4uft sich auf zehn Milliarden Euro, sehr zum Missfallen von Berlin und Den Haag.<\/p>\n<p>Die EU-Kommission will au\u00dferdem weitere 15 Milliarden Euro f\u00fcr die Regulierung der Migrationsstr\u00f6me \u2013 ein Thema, \u00fcber das sich die EU-Staaten immer wieder streiten. Ein weiterer Streitpunkt ist die zus\u00e4tzliche Finanzierung, die vor der Aufnahme der Kandidatenl\u00e4nder in die EU notwendig sein wird.<\/p>\n<p>Aber die &#8222;Hilfe&#8220; f\u00fcr Kiew ist der schwerste Brocken, f\u00fcr den die Steuerzahler der Mitgliedstaaten am st\u00e4rksten zur Kasse gebeten werden k\u00f6nnten. Diesem Thema sind auch die ersten drei Seiten der Schlussfolgerungen des Gipfels gewidmet \u2013 nur wenige Tage nach dem Ausbruch des Feuers im Nahen Osten. Dort hei\u00dft es unter anderem:<\/p>\n<blockquote><p><em>&#8222;Die Europ\u00e4ische Union wird der Ukraine und ihrer Bev\u00f6lkerung weiterhin entschiedene finanzielle, wirtschaftliche, humanit\u00e4re, milit\u00e4rische und diplomatische Hilfe leisten, solange dies n\u00f6tig ist.&#8220;<\/em><\/p><\/blockquote>\n<p>Diese Aufstockung des Haushalts wird auf 50 Milliarden Euro beziffert, zu denen au\u00dferhalb des Haushalts 20 Milliarden Euro f\u00fcr rein milit\u00e4rische Hilfe (Ausr\u00fcstung, Munition, Ausbildung und Training) hinzukommen sollten. Allerdings ist die Einstimmigkeit nicht mehr ganz so gro\u00df: Die Premierminister Ungarns und der Slowakei haben ihre Ablehnung angek\u00fcndigt. Ob sie ihren Worten auch Taten folgen lassen, wird sich im Dezember zeigen, wenn die Haushalts\u00e4nderung verabschiedet werden soll.<\/p>\n<p>Kurzum, insgesamt fordert die Kommission 100 Milliarden zus\u00e4tzliche Mittel \u2013 nur das! Ein Drittel soll auf den Finanzm\u00e4rkten aufgenommen werden, obwohl die Zinss\u00e4tze insbesondere aufgrund der Entscheidungen der Europ\u00e4ischen Zentralbank in die H\u00f6he schnellen (was bereits zu einem erheblichen Anstieg der Kosten f\u00fcr die Gemeinschaftsanleihe 2020 f\u00fchrt, mit der das Konjunkturprogramm finanziert wird). Die \u00fcbrigen zwei Drittel w\u00fcrden durch Beitr\u00e4ge der Mitgliedsstaaten finanziert werden.<\/p>\n<p>Unter diesen Umst\u00e4nden ist es eine Untertreibung zu sagen, dass die Forderung der Kommission unter den Mitgliedstaaten nicht auf einhellige Zustimmung stie\u00df. Sie fand sogar wenig Unterst\u00fctzung. Der niederl\u00e4ndische Regierungschef Mark Rutte war sehr ver\u00e4rgert und rief dazu auf, dass die Mittel eher &#8222;im laufenden Haushalt gefunden werden sollten&#8220;, zum Beispiel durch die K\u00fcrzung von weniger priorit\u00e4ren Dossiers. Die estnische Premierministerin forderte, dass die Mittel f\u00fcr Kiew priorit\u00e4r bewilligt werden sollten.<\/p>\n<p>Die Frage ist so heikel, dass in den Schlussfolgerungen nur drei Zeilen (von zw\u00f6lf Seiten) darauf verwendet werden konnten: &#8222;Im Anschluss an seinen eingehenden Gedankenaustausch \u00fcber die vorgeschlagene \u00c4nderung des Mehrj\u00e4hrigen Finanzrahmens 2021\u20132027 ersucht der Europ\u00e4ische Rat [die Staats- und Regierungschefs] den Rat [die Minister], die Arbeiten voranzubringen, damit bis zum Ende des Jahres eine Gesamteinigung erzielt werden kann.&#8220;<\/p>\n<p>Das andere hochgradig konflikttr\u00e4chtige Dossier betrifft die Vorgehensweise im Drama um den belagerten und bombardierten Gaza-Streifen. Ist es notwendig zu erw\u00e4hnen, dass keine Hauptstadt die Besatzung betont, unter der das pal\u00e4stinensische Volk seit Jahrzehnten leidet? Die Unterschiede liegen eher zwischen denen, die Israel blind und unbedingt unterst\u00fctzen (Deutschland, \u00d6sterreich, Ungarn, Tschechien), und denen, die sich einen (bescheidenen) Aufruf zum Waffenstillstand gew\u00fcnscht h\u00e4tten (Spanien, Portugal, Irland).<\/p>\n<p>Es dauerte schlie\u00dflich f\u00fcnf Stunden, bis sich die Staats- und Regierungschefs auf einen minimalen Aufruf einigten: keine Forderung nach einem Waffenstillstand oder gar einer humanit\u00e4ren Pause. Nur der Wunsch nach &#8222;Korridoren&#8220; und &#8222;Waffenstillst\u00e4nden&#8220; \u2013 im Plural, um ihren punktuellen Charakter zu betonen.<\/p>\n<p>Die Gegens\u00e4tze zwischen den 27 Mitgliedstaaten wurden am selben Tag in der <a href=\"https:\/\/freedert.online\/kurzclips\/video\/185650-nebensja-krokodilstraenen-fuer-ukraine-schweigen\/\" target=\"_blank\" rel=\"noopener noreferrer\">UN-Generalversammlung<\/a> noch deutlicher. Am 27. Oktober sollte die Generalversammlung \u00fcber eine (nicht bindende) Resolution abstimmen, die den Schutz von Zivilisten und die Einhaltung rechtlicher und humanit\u00e4rer Verpflichtungen forderte. Der Text wurde mit einer gro\u00dfen Mehrheit von 120 L\u00e4ndern angenommen, 14 stimmten dagegen und 45 enthielten sich der Stimme.<\/p>\n<p>Eines fiel jedoch auf: Die EU-L\u00e4nder haben sich auf diese drei Kategorien verteilt. Belgien, Frankreich, Irland, Luxemburg, Malta, Portugal, Slowenien und Spanien stimmten dem Text zu; \u00d6sterreich, Kroatien, Ungarn und die Tschechische Republik lehnten ihn ab; der Rest enthielt sich der Stimme.<\/p>\n<p>W\u00e4hrend dieses Herumstreunen in New York keine besondere Aufmerksamkeit erregte (wer interessiert sich f\u00fcr die Rolle, die die Europ\u00e4ische Union zu spielen vorgibt?), brachte es die Bef\u00fcrworter der europ\u00e4ischen Integration zur Verzweiflung. Letztere haben sich seit Jahren als vorrangiges Ziel gesetzt, eine &#8222;gemeinsame Au\u00dfenpolitik&#8220; zu etablieren.<\/p>\n<p>Damit sieht es allerdings schlecht aus.<\/p>\n<p style=\"text-align: right;\"><em>Pierre L\u00e9vy war Gewerkschaftsfunktion\u00e4r der CGT-Metall und von 1996 bis 2001 Redakteur\u00a0 bei \u201cL\u2019Humanit\u00e9\u201c. Er lancierte 2000 eine\u00a0 \u201eradikal eurokritische, fortschrittliche Monatszeitung\u201c unter dem symbolischen Titel \u201eBastille-R\u00e9publique-Nation\u201c, die ab Fr\u00fchjahr 2015 als\u00a0 \u201eRuptures\u201c (dt. \u201eBr\u00fcche\u201c) fortgesetzt wird, zus\u00e4tzlich mit der\u00a0 Webseite:\u00a0<a class=\"moz-txt-link-freetext\" href=\"https:\/\/ruptures-presse.fr\/\">https:\/\/ruptures-presse.fr\/<\/a><\/em><\/p>\n<hr \/>\n<p><span style=\"font-size: 10pt;\">Bild oben: Collage von Ralf Lux unter Verwendung von: <\/span><br \/>\n<span style=\"font-size: 10pt;\">EU-Flagge: <a href=\"https:\/\/pixabay.com\/de\/illustrations\/flagge-europ%C3%A4ischen-union-brexit-1198978\/\" target=\"_blank\" rel=\"noopener\">pixabay.com<\/a> \/ <a class=\"userName--owby3\" href=\"https:\/\/pixabay.com\/de\/users\/chickenonline-616783\/\" target=\"_blank\" rel=\"noopener\">Chickenonline<\/a> \/ <a href=\"https:\/\/pixabay.com\/de\/service\/license-summary\/\" target=\"_blank\" rel=\"noopener\">Inhaltslizenz<\/a><\/span><\/p>\n","protected":false},"excerpt":{"rendered":"<p><b>Beitrag von Pierre L\u00e9vy<\/b><br \/>\nDer Gipfel der Staats- und Regierungschefs der EU am 26. und 27. Oktober blieb (fast) unbemerkt. Er brachte jedoch eine Reihe Themen mit sich, bei denen die 27er-EU erneut ihre Uneinigkeit offenbarte. Nach\u00a0Energie, Einwanderung und Erweiterung gibt es nun zwei weitere Bereiche, die sich als explosiv erweisen k\u00f6nnten: die Kohle; und die Au\u00dfenpolitik, insbesondere im Hinblick auf den Nahen Osten.<br \/>\nDer erste Punkt ist nicht wirklich neu: Die Ausarbeitung des &#8222;mehrj\u00e4hrigen Finanzrahmens&#8220; f\u00fchrt alle sieben Jahre zu heftigen Auseinandersetzungen zwischen den Mitgliedstaaten. Die von Br\u00fcssel als &#8222;Geizh\u00e4lse&#8220; bezeichneten L\u00e4nder (die Niederlande, \u00d6sterreich, die nordischen L\u00e4nder) versuchen, den Gemeinschaftshaushalt, zu dem sie einen Nettobeitrag leisten, so weit wie m\u00f6glich zu k\u00fcrzen, w\u00e4hrend die zumeist \u00f6stlichen L\u00e4nder, die mehr erhalten, als sie einzahlen, f\u00fcr eine Ausweitung der Ausgaben eintreten. Diesmal jedoch ist es etwas Besonderes: &#8230;<\/p>\n","protected":false},"author":3,"featured_media":17502,"comment_status":"closed","ping_status":"closed","sticky":false,"template":"","format":"standard","meta":{"colormag_page_container_layout":"default_layout","colormag_page_sidebar_layout":"default_layout","advanced_seo_description":"","jetpack_seo_html_title":"","jetpack_seo_noindex":false,"jetpack_post_was_ever_published":false,"footnotes":""},"categories":[12],"tags":[699,182,1652,1172,1998,403,1955,1111,639,1683,1866],"class_list":["post-17494","post","type-post","status-publish","format-standard","has-post-thumbnail","hentry","category-demokratie-medien-aufklaerung","tag-aussenpolitik","tag-eu","tag-finanzpolitik","tag-gaza","tag-haushalt","tag-migration","tag-nahostkonflikt","tag-ukraine","tag-ukraine-konflikt","tag-un-vollversammlung","tag-wettbewerb"],"jetpack_featured_media_url":"https:\/\/i0.wp.com\/www.freidenker.org\/fw17\/wp-content\/uploads\/2023\/11\/eu-flag-1198978_800x450.jpg?fit=800%2C450&ssl=1","jetpack_shortlink":"https:\/\/wp.me\/p9stpK-4ya","jetpack-related-posts":[{"id":23345,"url":"https:\/\/www.freidenker.org\/?p=23345","url_meta":{"origin":17494,"position":0},"title":"Streit um russische Verm\u00f6genswerte blockiert Br\u00fcsseler Finanzplan","author":"Webredaktion","date":"29. Oktober 2025","format":false,"excerpt":"Beitrag von Pierre L\u00e9vy Die europ\u00e4ischen Gipfeltreffen folgen aufeinander und \u00e4hneln sich. Gleiche Akteure, gleiches Szenario, gleiche Dialoge, gleiche Streitigkeiten, gleiche Ergebnisse oder gegebenenfalls gleiche Sackgassen. Der Europ\u00e4ische Rat vom 23. Oktober, zu dem die 27 Staats- und Regierungschefs in Br\u00fcssel zusammenkamen, bildete keine Ausnahme von diesem Eindruck eines sich\u2026","rel":"","context":"In &quot;Demokratie \u2013 Medien \u2013 Aufkl\u00e4rung&quot;","block_context":{"text":"Demokratie \u2013 Medien \u2013 Aufkl\u00e4rung","link":"https:\/\/www.freidenker.org\/?cat=12"},"img":{"alt_text":"","src":"https:\/\/i0.wp.com\/www.freidenker.org\/fw17\/wp-content\/uploads\/2025\/10\/ruble-1863439_800x450.jpg?fit=800%2C450&ssl=1&resize=350%2C200","width":350,"height":200,"srcset":"https:\/\/i0.wp.com\/www.freidenker.org\/fw17\/wp-content\/uploads\/2025\/10\/ruble-1863439_800x450.jpg?fit=800%2C450&ssl=1&resize=350%2C200 1x, https:\/\/i0.wp.com\/www.freidenker.org\/fw17\/wp-content\/uploads\/2025\/10\/ruble-1863439_800x450.jpg?fit=800%2C450&ssl=1&resize=525%2C300 1.5x, https:\/\/i0.wp.com\/www.freidenker.org\/fw17\/wp-content\/uploads\/2025\/10\/ruble-1863439_800x450.jpg?fit=800%2C450&ssl=1&resize=700%2C400 2x"},"classes":[]},{"id":17273,"url":"https:\/\/www.freidenker.org\/?p=17273","url_meta":{"origin":17494,"position":1},"title":"Kampfgipfel in Granada","author":"Webredaktion","date":"12. Oktober 2023","format":false,"excerpt":"Beitrag von Arnold Sch\u00f6lzel Die Europ\u00e4ische Politische Gemeinschaft (EPG) ist eine antirussische Erfindung, die auf Initiative Emmanuel Macrons vor einem Jahr in Prag aus der Taufe gehoben wurde. Sie geh\u00f6rt zu den B\u00fcndnissen und Gremien, mit denen der \u201eKollektive Westen\u201c au\u00dferhalb der UN Fronten gegen China und Russland bildet. Da\u2026","rel":"","context":"In &quot;Demokratie \u2013 Medien \u2013 Aufkl\u00e4rung&quot;","block_context":{"text":"Demokratie \u2013 Medien \u2013 Aufkl\u00e4rung","link":"https:\/\/www.freidenker.org\/?cat=12"},"img":{"alt_text":"","src":"https:\/\/i0.wp.com\/www.freidenker.org\/fw17\/wp-content\/uploads\/2023\/10\/sanchez-plenario-comunidad-politica-europea_800x450.jpg?fit=800%2C450&ssl=1&resize=350%2C200","width":350,"height":200,"srcset":"https:\/\/i0.wp.com\/www.freidenker.org\/fw17\/wp-content\/uploads\/2023\/10\/sanchez-plenario-comunidad-politica-europea_800x450.jpg?fit=800%2C450&ssl=1&resize=350%2C200 1x, https:\/\/i0.wp.com\/www.freidenker.org\/fw17\/wp-content\/uploads\/2023\/10\/sanchez-plenario-comunidad-politica-europea_800x450.jpg?fit=800%2C450&ssl=1&resize=525%2C300 1.5x, https:\/\/i0.wp.com\/www.freidenker.org\/fw17\/wp-content\/uploads\/2023\/10\/sanchez-plenario-comunidad-politica-europea_800x450.jpg?fit=800%2C450&ssl=1&resize=700%2C400 2x"},"classes":[]},{"id":24351,"url":"https:\/\/www.freidenker.org\/?p=24351","url_meta":{"origin":17494,"position":2},"title":"&#8222;Koalition der Willigen&#8220;, &#8222;Club der Gro\u00dfen&#8220;, &#8222;Nordseegipfel&#8220; \u2013 Innovationsf\u00e4higkeit der EU am Limit?","author":"Webredaktion","date":"4. Februar 2026","format":false,"excerpt":"Beitrag von Pierre Levy Die auf zentralisierte Macht, Vereinheitlichung und Expansion ausgerichtete EU st\u00f6\u00dft mit ihrem mittlerweile 27 Mitglieder umfassenden Apparat immer mehr an ihre Grenzen, wenn es darum geht, einstimmige Entscheidungen zum Wohle aller zu treffen. Die gro\u00dfen Volkswirtschaften gehen daher nun eigene Wege, um den Karren wieder aus\u2026","rel":"","context":"In &quot;Demokratie \u2013 Medien \u2013 Aufkl\u00e4rung&quot;","block_context":{"text":"Demokratie \u2013 Medien \u2013 Aufkl\u00e4rung","link":"https:\/\/www.freidenker.org\/?cat=12"},"img":{"alt_text":"","src":"https:\/\/i0.wp.com\/www.freidenker.org\/fw17\/wp-content\/uploads\/2026\/02\/Nordseegipfel_KI_800x450.jpg?fit=800%2C450&ssl=1&resize=350%2C200","width":350,"height":200,"srcset":"https:\/\/i0.wp.com\/www.freidenker.org\/fw17\/wp-content\/uploads\/2026\/02\/Nordseegipfel_KI_800x450.jpg?fit=800%2C450&ssl=1&resize=350%2C200 1x, https:\/\/i0.wp.com\/www.freidenker.org\/fw17\/wp-content\/uploads\/2026\/02\/Nordseegipfel_KI_800x450.jpg?fit=800%2C450&ssl=1&resize=525%2C300 1.5x, https:\/\/i0.wp.com\/www.freidenker.org\/fw17\/wp-content\/uploads\/2026\/02\/Nordseegipfel_KI_800x450.jpg?fit=800%2C450&ssl=1&resize=700%2C400 2x"},"classes":[]},{"id":17381,"url":"https:\/\/www.freidenker.org\/?p=17381","url_meta":{"origin":17494,"position":3},"title":"Neben Orb\u00e1n jetzt ein zweiter &#8222;Unruhestifter&#8220; bei EU-Gipfeltreffen","author":"Webredaktion","date":"31. Oktober 2023","format":false,"excerpt":"Beitrag von Rainer Rupp Beim EU-Gipfeltreffen in Br\u00fcssel am 26.\u201327. Oktober in Br\u00fcssel haben sich der ungarische Ministerpr\u00e4sident Viktor Orb\u00e1n und sein neuer slowakischer Amtskollege Robert Fico geweigert, der Bereitstellung eines weiteren Hilfspakets f\u00fcr die Ukraine, diesmal in H\u00f6he von 50-Milliarden-Euro, zuzustimmen. Das Geld sollte von allen EU-Staaten nach dem\u2026","rel":"","context":"In &quot;Demokratie \u2013 Medien \u2013 Aufkl\u00e4rung&quot;","block_context":{"text":"Demokratie \u2013 Medien \u2013 Aufkl\u00e4rung","link":"https:\/\/www.freidenker.org\/?cat=12"},"img":{"alt_text":"","src":"https:\/\/i0.wp.com\/www.freidenker.org\/fw17\/wp-content\/uploads\/2023\/10\/Robert_Fico_Talinn2017_800x450.jpg?fit=800%2C450&ssl=1&resize=350%2C200","width":350,"height":200,"srcset":"https:\/\/i0.wp.com\/www.freidenker.org\/fw17\/wp-content\/uploads\/2023\/10\/Robert_Fico_Talinn2017_800x450.jpg?fit=800%2C450&ssl=1&resize=350%2C200 1x, https:\/\/i0.wp.com\/www.freidenker.org\/fw17\/wp-content\/uploads\/2023\/10\/Robert_Fico_Talinn2017_800x450.jpg?fit=800%2C450&ssl=1&resize=525%2C300 1.5x, https:\/\/i0.wp.com\/www.freidenker.org\/fw17\/wp-content\/uploads\/2023\/10\/Robert_Fico_Talinn2017_800x450.jpg?fit=800%2C450&ssl=1&resize=700%2C400 2x"},"classes":[]},{"id":17404,"url":"https:\/\/www.freidenker.org\/?p=17404","url_meta":{"origin":17494,"position":4},"title":"Welt im Wandel: Der Westen ist einsam","author":"Webredaktion","date":"4. November 2023","format":false,"excerpt":"Beitrag von Pierre L\u00e9vy Im Westen ist man besorgt. Nat\u00fcrlich ist den westlichen Politikern schon lange klar, dass ihr Traum von der Weltherrschaft auf Hindernisse st\u00f6\u00dft, die sie sich Anfang der 1990er-Jahre, als die Sowjetunion zerfiel, noch nicht vorstellten. Doch in den letzten zwei Jahren und noch mehr in den\u2026","rel":"","context":"In &quot;Demokratie \u2013 Medien \u2013 Aufkl\u00e4rung&quot;","block_context":{"text":"Demokratie \u2013 Medien \u2013 Aufkl\u00e4rung","link":"https:\/\/www.freidenker.org\/?cat=12"},"img":{"alt_text":"","src":"https:\/\/i0.wp.com\/www.freidenker.org\/fw17\/wp-content\/uploads\/2023\/11\/UNO-Vollversammlung_Biden_2021_800x450.jpg?fit=800%2C450&ssl=1&resize=350%2C200","width":350,"height":200,"srcset":"https:\/\/i0.wp.com\/www.freidenker.org\/fw17\/wp-content\/uploads\/2023\/11\/UNO-Vollversammlung_Biden_2021_800x450.jpg?fit=800%2C450&ssl=1&resize=350%2C200 1x, https:\/\/i0.wp.com\/www.freidenker.org\/fw17\/wp-content\/uploads\/2023\/11\/UNO-Vollversammlung_Biden_2021_800x450.jpg?fit=800%2C450&ssl=1&resize=525%2C300 1.5x, https:\/\/i0.wp.com\/www.freidenker.org\/fw17\/wp-content\/uploads\/2023\/11\/UNO-Vollversammlung_Biden_2021_800x450.jpg?fit=800%2C450&ssl=1&resize=700%2C400 2x"},"classes":[]},{"id":23931,"url":"https:\/\/www.freidenker.org\/?p=23931","url_meta":{"origin":17494,"position":5},"title":"EU-Gipfel: Der Kanzler ist nackt","author":"Webredaktion","date":"22. Dezember 2025","format":false,"excerpt":"Beitrag von Gert Ewen Ungar Die EU ist mit ihrem Vorhaben, das eingefrorene russische Verm\u00f6gen zu stehlen, am Widerstand einiger ihrer Mitgliedstaaten gescheitert. Auch der Plan B, eine gemeinschaftliche Schuldenaufnahme der EU-Staaten zugunsten der Ukraine, ist aufgrund der Verweigerung dreier L\u00e4nder gescheitert. Das Risiko teilen sich die verbliebenen 24 Staaten\u2026","rel":"","context":"In &quot;Demokratie \u2013 Medien \u2013 Aufkl\u00e4rung&quot;","block_context":{"text":"Demokratie \u2013 Medien \u2013 Aufkl\u00e4rung","link":"https:\/\/www.freidenker.org\/?cat=12"},"img":{"alt_text":"","src":"https:\/\/i0.wp.com\/www.freidenker.org\/fw17\/wp-content\/uploads\/2025\/12\/Friedrich_Merz_to_the_European_Commission_-_2025_800x450.jpg?fit=800%2C450&ssl=1&resize=350%2C200","width":350,"height":200,"srcset":"https:\/\/i0.wp.com\/www.freidenker.org\/fw17\/wp-content\/uploads\/2025\/12\/Friedrich_Merz_to_the_European_Commission_-_2025_800x450.jpg?fit=800%2C450&ssl=1&resize=350%2C200 1x, https:\/\/i0.wp.com\/www.freidenker.org\/fw17\/wp-content\/uploads\/2025\/12\/Friedrich_Merz_to_the_European_Commission_-_2025_800x450.jpg?fit=800%2C450&ssl=1&resize=525%2C300 1.5x, https:\/\/i0.wp.com\/www.freidenker.org\/fw17\/wp-content\/uploads\/2025\/12\/Friedrich_Merz_to_the_European_Commission_-_2025_800x450.jpg?fit=800%2C450&ssl=1&resize=700%2C400 2x"},"classes":[]}],"_links":{"self":[{"href":"https:\/\/www.freidenker.org\/index.php?rest_route=\/wp\/v2\/posts\/17494","targetHints":{"allow":["GET"]}}],"collection":[{"href":"https:\/\/www.freidenker.org\/index.php?rest_route=\/wp\/v2\/posts"}],"about":[{"href":"https:\/\/www.freidenker.org\/index.php?rest_route=\/wp\/v2\/types\/post"}],"author":[{"embeddable":true,"href":"https:\/\/www.freidenker.org\/index.php?rest_route=\/wp\/v2\/users\/3"}],"replies":[{"embeddable":true,"href":"https:\/\/www.freidenker.org\/index.php?rest_route=%2Fwp%2Fv2%2Fcomments&post=17494"}],"version-history":[{"count":0,"href":"https:\/\/www.freidenker.org\/index.php?rest_route=\/wp\/v2\/posts\/17494\/revisions"}],"wp:featuredmedia":[{"embeddable":true,"href":"https:\/\/www.freidenker.org\/index.php?rest_route=\/wp\/v2\/media\/17502"}],"wp:attachment":[{"href":"https:\/\/www.freidenker.org\/index.php?rest_route=%2Fwp%2Fv2%2Fmedia&parent=17494"}],"wp:term":[{"taxonomy":"category","embeddable":true,"href":"https:\/\/www.freidenker.org\/index.php?rest_route=%2Fwp%2Fv2%2Fcategories&post=17494"},{"taxonomy":"post_tag","embeddable":true,"href":"https:\/\/www.freidenker.org\/index.php?rest_route=%2Fwp%2Fv2%2Ftags&post=17494"}],"curies":[{"name":"wp","href":"https:\/\/api.w.org\/{rel}","templated":true}]}}