{"id":17467,"date":"2023-11-06T21:47:24","date_gmt":"2023-11-06T20:47:24","guid":{"rendered":"https:\/\/www.freidenker.org\/?p=17467"},"modified":"2023-12-24T01:47:31","modified_gmt":"2023-12-24T00:47:31","slug":"einfach-link","status":"publish","type":"post","link":"https:\/\/www.freidenker.org\/?p=17467","title":{"rendered":"Einfach link"},"content":{"rendered":"<h4>Bei der \u201ejungen Welt\u201c bekommen verdiente Linke wegen angeblicher Querfrontaktivit\u00e4ten Schreibverbot.<\/h4>\n<p><strong>Gibt es bei der \u201ejungen Welt\u201c (jW) ein Schreibverbot gegen unbequeme Linke wie Klaus Hartmann, Wolfgang Gehrcke, Rainer Rupp und den Autor dieses Artikels? Ein Vorfall aus j\u00fcngster Zeit best\u00e4tigt, dass bei der jW-Gesch\u00e4ftsf\u00fchrung raue Sitten gepflegt werden. Eine N\u00e4he zu Faschisten wird denen unterstellt, die konservative Kr\u00e4fte in ein breites B\u00fcndnis gegen NATO und Gro\u00dfkonzerne einbinden wollen. Indes versuchen die Leitmedien auch auf die Meinungsbildung der kommenden Wagenknecht-Partei Einfluss zu nehmen. Unterschwellig wird Wagenknecht ein Deal angeboten: Die Presse wird die neue Partei mit Samthandschuhen anfassen, wenn sie im Gegenzug die AfD kleinh\u00e4lt und sich von vermeintlich extremen Weggef\u00e4hrten trennt.<\/strong><\/p>\n<p><em>von <strong>Diether Dehm<\/strong><\/em><\/p>\n<p><span style=\"font-size: 10pt;\">Erstver\u00f6ffentlichung am 31.10.2023 auf <a href=\"https:\/\/www.manova.news\/artikel\/einfach-link\" target=\"_blank\" rel=\"noopener\">manova.news<\/a><\/span><\/p>\n<p>Mein Schreibverbot hatte ich 2015 in der <em>jungen Welt<\/em> bekommen, als ich mich dort gegen zwei Anti-Sahra-Wagenknecht-Artikel von Nico Popp und Knut Mellenthin gewehrt hatte. Nun wird mir in der jW vom 18. Oktober 2023 gar eine N\u00e4he zu Faschisten unterstellt: <em>\u201eDiese Kr\u00e4fte greifen die M\u00f6chtegern-Antifa an \u2013 aber es reicht bei ihnen nur zur einfachen Negation von deren Fehlern. Wenn sie dabei dann zu dem Schluss kommen, eine inhaltliche Ann\u00e4herung an die faschistische Demagogie w\u00e4re empfehlenswert \u2013 Diether Dehm hat Derartiges auf einer Veranstaltung der Marx-Engels-Stiftung im Mai mit positivem Bezug auf General Schleicher vollzogen \u2013, dann ist das eine ebenso verh\u00e4ngnisvolle Fehlorientierung.\u201c<\/em><\/p>\n<p>Der Textauszug stammt aus einem Interview von Susan Witt-Stahl mit dem parteilosen J\u00fcrgen Lloyd, in dem sie diesem meine angebliche \u201eAnn\u00e4herung an faschistische Demagogie\u201c quasi in den Mund legt. Was war mit der Bemerkung \u00fcber Kurt von Schleicher gemeint gewesen? Ich hatte bei der DKP-nahen Stiftung das notwendige Scheitern der Querfront des letzten Reichskanzlers vor Hitler, Kurt von Schleicher, analysiert und hervorgehoben, dass diese aber ausschlie\u00dflich <em>gegen<\/em> Hitler gerichtet gewesen war. Gemeinhin wird unter \u201eQuerfront\u201c eine Zusammenarbeit der politischen R\u00e4nder, also von Nazis und Kommunisten gegen die demokratische Mitte verstanden. Dieser Kampfbegriff wird heute gegen jeden ins Feld gef\u00fchrt, der sich als Linker gegen\u00fcber konservativ orientierten Kr\u00e4ften nicht sofort verschlie\u00dft, wenn es um die notwendige Auseinandersetzung mit einer globalen Konzernherrschaft, mit Corona- und Gender-Diktaten, mit dem Machtanspruch der USA oder der Kriegswirtschaft geht.<\/p>\n<p>Schleicher wurde wegen seiner Angebote nach links f\u00fcr gemeinsame Man\u00f6ver mit der Roten Armee, zur St\u00e4rkung von Gewerkschaften und zur Schw\u00e4chung der R\u00fcstungsmogule Krupp und Thyssen von den Nazis als \u201eroter General\u201c bezeichnet. Er wurde kurz darauf von den Faschisten ebenso ermordet wie Gregor Strasser und andere, die zu dieser Querfront eingeladen waren. Mir wegen dieser Erw\u00e4hnungen zu unterstellen, mir erschiene \u201eeine inhaltliche Ann\u00e4herung an die faschistische Demagogie empfehlenswert\u201c, ist selbst demagogisch. Dass ich \u2013 \u00e4hnlich wie der fr\u00fchere Leiter der Marx-Engels-Stiftung Hermann Kopp \u2013 f\u00fcr eine sehr breite Front gegen die NATO auch mit prokapitalistischen Demokraten werbe, hatte ich bei der Marx-Engels-Stiftung in Wuppertal im Beisein von Susann Witt-Stahl mit Maos B\u00fcndnis mit Chiang Kai-sheks Kuomintang gegen die japanischen Okkupanten sowie mit der Zusammenarbeit der Westalliierten Roosevelt und Churchill mit Stalin begr\u00fcndet.<\/p>\n<blockquote><p>Die Idee war und ist, dass man im Kampf gegen einen besonders m\u00e4chtigen und skrupellosen Hauptfeind auch mit Kr\u00e4ften zusammenarbeiten sollte, die man normalerweise nicht als Verb\u00fcndete, ja eher als politische Gegner sieht. Die Alternative ist Fragmentierung und damit mit hoher Wahrscheinlichkeit der Sieg des Feindes.<\/p><\/blockquote>\n<p>Oder anders: H\u00e4tte sich Schleicher mit der anvisierten Querfront aus SPD und Strasser-Fl\u00fcgel beim Jahreswechsel 1932\/33 behauptet, h\u00e4tte es vielleicht keine Shoa und keinen Zweiten Weltkrieg gegeben.<\/p>\n<p>Als ich mich \u2013 immerhin Mitglied der Genossenschaft der <em>jungen Welt<\/em>! \u2013 dann gegen den Vorwurf \u201eFaschisten-N\u00e4he\u201c zur Wehr setzte, wurde nicht einmal mein korrigierender Leserbrief abgedruckt. Bevor dort ein Schreibverbot gegen mich verh\u00e4ngt wurde, hatte ich in der Bundestagsfraktion der Linken sehr viel f\u00fcr die <em>junge Welt<\/em> getan und pers\u00f6nlich auch mit Spenden und Inseraten nicht gegeizt. Aber immer hatte ich, bereits damals \u2013 gemeinsam mit meinem Freund, dem k\u00fcrzlich verstorbenen DDR-Kulturminister Klaus H\u00f6pcke \u2013, jene Ausstiegsprojekte gelobt, die Rechte zum Bruch mit dem Faschismus bewegen sollten. Dies waren die KPD-Erkl\u00e4rung \u201eF\u00fcr nationale Befreiung&#8230;\u201c 1930 sowie das \u201eNationalkomitee Freies Deutschland\u201c, das ab 1943 mit dem Dichter Erich Weinert Wehrmachtsoldaten zum Desertieren aufrief, zu einer \u201eQuerfront\u201c nach 1933. Und darauf fu\u00dfend: die \u201eNationale Front\u201c in der DDR.<\/p>\n<p>Es geht nat\u00fcrlich heute um den auch von Geheimdiensten verwendeten Kampfbegriff \u201eQuerfront\u201c gegen jeden, der hermetisch verriegelte Gespr\u00e4chsblockaden nach rechts \u00fcberwinden und durchbrechen m\u00f6chte \u2013 ohne allerdings Hitleristen dabei einzubeziehen. Genau das, n\u00e4mlich breitere Bewegungen auf der Stra\u00dfe, wollen \u2013 auch angesichts des Ukraine-Kriegs \u2013 woke Organe mit aller Macht verhindern. Sie \u00fcben darum zudem einen enormen Druck auf Sahra Wagenknecht und ihre Mitarbeiter aus.<\/p>\n<p>Es begann damit, dass Oliver Nachtwey in einem <em>FAZ<\/em>-Beitrag im Sommer 2023 vor Leuten wie Andrej Hunko und mir gewarnt hatte. Er wandte dabei die klassische Methode \u201eZuckerbrot und Peitsche\u201c an: Liebe Frau Wagenknecht, wir loben ab sofort Ihren Einsatz gegen die AfD. Aber wenn Sie sich mit bestimmten Polarisierern weiterhin so eng einlassen, zeigen wir Ihnen mal die Folterinstrumente!<\/p>\n<p>Dann zog am vergangenen Sonntag Timo Lehmann in <em>Spiegel online<\/em> in dieselbe Richtung nach. Er verf\u00fcge \u00fcber Infos, enge Wagenknecht-Gef\u00e4hrten d\u00fcrften, weil medienskandalisiert, gar nicht erst in die neue Partei. Damit war wohl unter anderem ich gemeint. Merkw\u00fcrdigerweise wurde ich am vergangenen Freitag, dem 20. Oktober, dann auch in der <em>jungen Welt<\/em> mit dem Vorwurf der N\u00e4he zu Rechten verleumdet. Wurden die Aktionen koordiniert \u2013 und wenn ja, von wem und wo?<\/p>\n<blockquote><p>Wie es scheint, versuchen jedenfalls Leitmedien schon fr\u00fch in der Gr\u00fcndungsphase des \u201eB\u00fcndnisses Sahra Wagenknecht\u201c Einfluss auf die interne Meinungsbildung dort sowie auf die Zusammensetzung des Personals zu nehmen.<\/p><\/blockquote>\n<p>Sahra wird eine seichte Schonung durch die Mainstream-Presse zugesagt, solange Gem\u00e4\u00dfigte dominieren und von ihren Demos nur wenige ernsthafte St\u00f6rungen der von den herrschenden Kr\u00e4ften betriebenen Agenda ausgehen. Diese Linie k\u00f6nnte im Bundesnachrichtendienst ersonnen worden sein.<\/p>\n<p>Was aber die Menschen an Sahra Wagenknecht geliebt haben, war \u2013 meist in Gegnerschaft zu <em>Spiegel<\/em> und <em>junge Welt<\/em> \u2013 etwas anderes: wissende Differenzierung, auch wenn der Kampfbegriff \u201eQuerfront\u201c erschallt. Und die Weigerung, sich einsch\u00fcchtern zu lassen von den Narrativen der NATO-Konzerne. M\u00f6ge diese Widerst\u00e4ndigkeit in den Herzen und K\u00f6pfen der Handelnden wieder anwachsen!<\/p>\n<p style=\"text-align: right;\"><em>Dr. Diether Dehm ist Mitglied des Deutschen Freidenker-Verbandes und seines Beirats<\/em><\/p>\n<hr \/>\n<p><span style=\"font-size: 10pt;\">Bild oben: <a href=\"https:\/\/pixabay.com\/de\/photos\/news-tageszeitung-presse-1172463\/\" target=\"_blank\" rel=\"noopener\">pixabay.com<\/a> \/ <a class=\"userName--owby3\" href=\"https:\/\/pixabay.com\/de\/users\/652234-652234\/\" target=\"_blank\" rel=\"noopener\">652234<\/a> \/ <a href=\"https:\/\/pixabay.com\/de\/service\/license-summary\/\" target=\"_blank\" rel=\"noopener\">Inhaltslizenz<\/a><\/span><\/p>\n","protected":false},"excerpt":{"rendered":"<p><b>Bei der \u201ejungen Welt\u201c bekommen verdiente Linke wegen angeblicher Querfrontaktivit\u00e4ten Schreibverbot.<\/b><br \/>\n<b>Beitrag von Diether Dehm<\/b><br \/>\nMein Schreibverbot hatte ich 2015 in der jungen Welt bekommen, als ich mich dort gegen zwei Anti-Sahra-Wagenknecht-Artikel von Nico Popp und Knut Mellenthin gewehrt hatte. Nun wird mir in der jW vom 18. Oktober 2023 gar eine N\u00e4he zu Faschisten unterstellt: <i>\u201eDiese Kr\u00e4fte greifen die M\u00f6chtegern-Antifa an \u2013 aber es reicht bei ihnen nur zur einfachen Negation von deren Fehlern. Wenn sie dabei dann zu dem Schluss kommen, eine inhaltliche Ann\u00e4herung an die faschistische Demagogie w\u00e4re empfehlenswert \u2013 Diether Dehm hat Derartiges auf einer Veranstaltung der Marx-Engels-Stiftung im Mai mit positivem Bezug auf General Schleicher vollzogen \u2013, dann ist das eine ebenso verh\u00e4ngnisvolle Fehlorientierung.\u201c<\/i> Der Textauszug stammt aus einem Interview von Susan Witt-Stahl mit dem parteilosen J\u00fcrgen Lloyd, in dem sie diesem meine angebliche \u201eAnn\u00e4herung an faschistische Demagogie\u201c quasi in den Mund legt.<\/p>\n","protected":false},"author":3,"featured_media":17476,"comment_status":"closed","ping_status":"closed","sticky":false,"template":"","format":"standard","meta":{"colormag_page_container_layout":"default_layout","colormag_page_sidebar_layout":"default_layout","advanced_seo_description":"","jetpack_seo_html_title":"","jetpack_seo_noindex":false,"jetpack_post_was_ever_published":false,"footnotes":""},"categories":[937],"tags":[1031,1541,789,451,41,56,342,1996,1813,527],"class_list":["post-17467","post","type-post","status-publish","format-standard","has-post-thumbnail","hentry","category-zeit-der-verleumder-freidenker-fuer-klartext","tag-afd","tag-denunziation","tag-dkp","tag-faschismus","tag-junge-welt","tag-nato","tag-querfront","tag-schreibverbot","tag-wagenknecht","tag-zensur"],"jetpack_featured_media_url":"https:\/\/i0.wp.com\/www.freidenker.org\/fw17\/wp-content\/uploads\/2023\/11\/klartext_jw_news-1172463_800x450.jpg?fit=800%2C450&ssl=1","jetpack_shortlink":"https:\/\/wp.me\/p9stpK-4xJ","jetpack-related-posts":[{"id":6400,"url":"https:\/\/www.freidenker.org\/?p=6400","url_meta":{"origin":17467,"position":0},"title":"Junge Welt im Klassenkrampf","author":"Webredaktion","date":"6. Mai 2019","format":false,"excerpt":"Beitrag von Uli Gellermann Knut Mellenthin ist recht h\u00e4ufig ein guter Journalist. Nicht selten schreibt er f\u00fcr die \u201eJunge Welt\u201c. Auch das Blatt kann Journalismus. Zeitung wie Autor d\u00fcrften also wissen, woher der Begriff \u201eJournalismus\u201c kommt: Vom franz\u00f6sischen Wort Tag. Was f\u00fcr die schreibende Zunft bedeutet, dass man t\u00e4glich, also\u2026","rel":"","context":"In &quot;Zeit der Verleumder - Freidenker f\u00fcr Klartext&quot;","block_context":{"text":"Zeit der Verleumder - Freidenker f\u00fcr Klartext","link":"https:\/\/www.freidenker.org\/?cat=937"},"img":{"alt_text":"","src":"https:\/\/i0.wp.com\/www.freidenker.org\/fw17\/wp-content\/uploads\/2019\/05\/klartext_dehm-wagenknecht_800x445.jpg?fit=800%2C445&ssl=1&resize=350%2C200","width":350,"height":200,"srcset":"https:\/\/i0.wp.com\/www.freidenker.org\/fw17\/wp-content\/uploads\/2019\/05\/klartext_dehm-wagenknecht_800x445.jpg?fit=800%2C445&ssl=1&resize=350%2C200 1x, https:\/\/i0.wp.com\/www.freidenker.org\/fw17\/wp-content\/uploads\/2019\/05\/klartext_dehm-wagenknecht_800x445.jpg?fit=800%2C445&ssl=1&resize=525%2C300 1.5x, https:\/\/i0.wp.com\/www.freidenker.org\/fw17\/wp-content\/uploads\/2019\/05\/klartext_dehm-wagenknecht_800x445.jpg?fit=800%2C445&ssl=1&resize=700%2C400 2x"},"classes":[]},{"id":6600,"url":"https:\/\/www.freidenker.org\/?p=6600","url_meta":{"origin":17467,"position":1},"title":"\u201eNationale Frage\u201c, \u201enationale Positionen\u201c?","author":"Webredaktion","date":"6. Juli 2019","format":false,"excerpt":"Am 7. und 13. Juni sowie am 1. Juli 2019 erschienen Beitr\u00e4ge in der Tageszeitung \u201ejunge Welt\" mit Erw\u00e4hnungen des Deutschen Freidenker-Verbandes und des Vorsitzenden Klaus Hartmann. W\u00e4hrend im ersten Beitrag u.a. behauptet wurde, \u201eHartmann (...) beschimpft uns als \u00bbDreckschleuder\u00ab\u201c, wurde im folgenden Beitrag bekannt, diesen \u201eVorwurf halten wir nicht\u2026","rel":"","context":"In &quot;Zeit der Verleumder - Freidenker f\u00fcr Klartext&quot;","block_context":{"text":"Zeit der Verleumder - Freidenker f\u00fcr Klartext","link":"https:\/\/www.freidenker.org\/?cat=937"},"img":{"alt_text":"","src":"https:\/\/i0.wp.com\/www.freidenker.org\/fw17\/wp-content\/uploads\/2019\/07\/klartext_news-2097363_800x445_v3.jpg?fit=800%2C445&ssl=1&resize=350%2C200","width":350,"height":200,"srcset":"https:\/\/i0.wp.com\/www.freidenker.org\/fw17\/wp-content\/uploads\/2019\/07\/klartext_news-2097363_800x445_v3.jpg?fit=800%2C445&ssl=1&resize=350%2C200 1x, https:\/\/i0.wp.com\/www.freidenker.org\/fw17\/wp-content\/uploads\/2019\/07\/klartext_news-2097363_800x445_v3.jpg?fit=800%2C445&ssl=1&resize=525%2C300 1.5x, https:\/\/i0.wp.com\/www.freidenker.org\/fw17\/wp-content\/uploads\/2019\/07\/klartext_news-2097363_800x445_v3.jpg?fit=800%2C445&ssl=1&resize=700%2C400 2x"},"classes":[]},{"id":4683,"url":"https:\/\/www.freidenker.org\/?p=4683","url_meta":{"origin":17467,"position":2},"title":"Bratanovic in der Offensive?","author":"Webredaktion","date":"1. September 2015","format":false,"excerpt":"Beitrag von Klaus Hartmann Am 03.08.15 hat Daniel Bratanovic in der \u201ejungen Welt\u201c ein Pamphlet mit dem Titel \"Aus der Defensive - Wolfgang Gehrckes Schrift zum Antisemitismusvorwurf gegen Linke\" ver\u00f6ffentlicht. Die gew\u00e4hlte Form einer Buchbesprechung erscheint als Vorwand f\u00fcr eine Abrechnung, denn \u00fcber den Inhalt des Buches erf\u00e4hrt man wenig\u2026","rel":"","context":"In &quot;Demokratie \u2013 Medien \u2013 Aufkl\u00e4rung&quot;","block_context":{"text":"Demokratie \u2013 Medien \u2013 Aufkl\u00e4rung","link":"https:\/\/www.freidenker.org\/?cat=12"},"img":{"alt_text":"","src":"https:\/\/i0.wp.com\/www.freidenker.org\/fw17\/wp-content\/uploads\/2015\/12\/Klartext_Bratanovic_v2.jpg?fit=800%2C445&ssl=1&resize=350%2C200","width":350,"height":200,"srcset":"https:\/\/i0.wp.com\/www.freidenker.org\/fw17\/wp-content\/uploads\/2015\/12\/Klartext_Bratanovic_v2.jpg?fit=800%2C445&ssl=1&resize=350%2C200 1x, https:\/\/i0.wp.com\/www.freidenker.org\/fw17\/wp-content\/uploads\/2015\/12\/Klartext_Bratanovic_v2.jpg?fit=800%2C445&ssl=1&resize=525%2C300 1.5x, https:\/\/i0.wp.com\/www.freidenker.org\/fw17\/wp-content\/uploads\/2015\/12\/Klartext_Bratanovic_v2.jpg?fit=800%2C445&ssl=1&resize=700%2C400 2x"},"classes":[]},{"id":7376,"url":"https:\/\/www.freidenker.org\/?p=7376","url_meta":{"origin":17467,"position":3},"title":"Saustall Debattenkultur","author":"Webredaktion","date":"5. Januar 2020","format":false,"excerpt":"Ohne Begr\u00fcndung und ohne es zu kommunizieren, hat die \u201ejunge Welt\u201c den Freidenkerverband klammheimlich von der Liste der Unterst\u00fctzer-Organisationen der Rosa-Luxemburg-Konferenz gestrichen. So muss man vermuten, dass wir durch den Appell \u201eWir wollen Transparenz, junge Welt!\u201c in Ungnade gefallen sind. Den hatten auch Freidenker unterschrieben, weil in der Zei\u00adtung wiederholt\u2026","rel":"","context":"In &quot;Zeit der Verleumder - Freidenker f\u00fcr Klartext&quot;","block_context":{"text":"Zeit der Verleumder - Freidenker f\u00fcr Klartext","link":"https:\/\/www.freidenker.org\/?cat=937"},"img":{"alt_text":"","src":"https:\/\/i0.wp.com\/www.freidenker.org\/fw17\/wp-content\/uploads\/2020\/01\/klartext_pig-1531167_800x445.jpg?fit=800%2C445&ssl=1&resize=350%2C200","width":350,"height":200,"srcset":"https:\/\/i0.wp.com\/www.freidenker.org\/fw17\/wp-content\/uploads\/2020\/01\/klartext_pig-1531167_800x445.jpg?fit=800%2C445&ssl=1&resize=350%2C200 1x, https:\/\/i0.wp.com\/www.freidenker.org\/fw17\/wp-content\/uploads\/2020\/01\/klartext_pig-1531167_800x445.jpg?fit=800%2C445&ssl=1&resize=525%2C300 1.5x, https:\/\/i0.wp.com\/www.freidenker.org\/fw17\/wp-content\/uploads\/2020\/01\/klartext_pig-1531167_800x445.jpg?fit=800%2C445&ssl=1&resize=700%2C400 2x"},"classes":[]},{"id":7159,"url":"https:\/\/www.freidenker.org\/?p=7159","url_meta":{"origin":17467,"position":4},"title":"Quo vadis junge Welt?","author":"Webredaktion","date":"6. November 2019","format":false,"excerpt":"Video-Interview mit Klaus Hartmann Ein Aufruferkreis von \u00fcber sechzig Unterzeichner*innen forderte im Juli 2019 die linke Tageszeitung junge Welt auf, einige kritische Fragen zu beantworten. ... Was zun\u00e4chst als interne Kritik gedacht war, wurde schnell \u00f6ffentlich. ... Mittlerweile werden der Aufruf und die Reaktion der jW haupts\u00e4chlich in linken Kreisen\u2026","rel":"","context":"In &quot;Demokratie \u2013 Medien \u2013 Aufkl\u00e4rung&quot;","block_context":{"text":"Demokratie \u2013 Medien \u2013 Aufkl\u00e4rung","link":"https:\/\/www.freidenker.org\/?cat=12"},"img":{"alt_text":"","src":"https:\/\/i0.wp.com\/www.freidenker.org\/fw17\/wp-content\/uploads\/2019\/11\/klaus_hartmann_weltnetz_800x445.jpg?fit=800%2C445&ssl=1&resize=350%2C200","width":350,"height":200,"srcset":"https:\/\/i0.wp.com\/www.freidenker.org\/fw17\/wp-content\/uploads\/2019\/11\/klaus_hartmann_weltnetz_800x445.jpg?fit=800%2C445&ssl=1&resize=350%2C200 1x, https:\/\/i0.wp.com\/www.freidenker.org\/fw17\/wp-content\/uploads\/2019\/11\/klaus_hartmann_weltnetz_800x445.jpg?fit=800%2C445&ssl=1&resize=525%2C300 1.5x, https:\/\/i0.wp.com\/www.freidenker.org\/fw17\/wp-content\/uploads\/2019\/11\/klaus_hartmann_weltnetz_800x445.jpg?fit=800%2C445&ssl=1&resize=700%2C400 2x"},"classes":[]},{"id":13184,"url":"https:\/\/www.freidenker.org\/?p=13184","url_meta":{"origin":17467,"position":5},"title":"Das Grummeln der Agonie","author":"Webredaktion","date":"23. Mai 2022","format":false,"excerpt":"Beitrag von Diether Dehm W\u00e4hrend die USA gerade Europa in einen Atomkrieg dr\u00e4ngen, bekriegt sich eine \u201eFriedenspartei\u201c \u00fcber schl\u00fcpfrige Tweets. Dem Juni-Parteitag der Linkspartei steht ein Showdown bevor: Bei der Wahl des neuen Vorsitzenden tritt gegen einen NATO-Gegner ein NATO-affiner Minister an. Dessen Regierungschef Bodo Ramelow hatte, bevor die Linkspartei\u2026","rel":"","context":"In &quot;Demokratie \u2013 Medien \u2013 Aufkl\u00e4rung&quot;","block_context":{"text":"Demokratie \u2013 Medien \u2013 Aufkl\u00e4rung","link":"https:\/\/www.freidenker.org\/?cat=12"},"img":{"alt_text":"","src":"https:\/\/i0.wp.com\/www.freidenker.org\/fw17\/wp-content\/uploads\/2022\/05\/2012_Linke_2_800x450.jpg?fit=800%2C450&ssl=1&resize=350%2C200","width":350,"height":200,"srcset":"https:\/\/i0.wp.com\/www.freidenker.org\/fw17\/wp-content\/uploads\/2022\/05\/2012_Linke_2_800x450.jpg?fit=800%2C450&ssl=1&resize=350%2C200 1x, https:\/\/i0.wp.com\/www.freidenker.org\/fw17\/wp-content\/uploads\/2022\/05\/2012_Linke_2_800x450.jpg?fit=800%2C450&ssl=1&resize=525%2C300 1.5x, https:\/\/i0.wp.com\/www.freidenker.org\/fw17\/wp-content\/uploads\/2022\/05\/2012_Linke_2_800x450.jpg?fit=800%2C450&ssl=1&resize=700%2C400 2x"},"classes":[]}],"_links":{"self":[{"href":"https:\/\/www.freidenker.org\/index.php?rest_route=\/wp\/v2\/posts\/17467","targetHints":{"allow":["GET"]}}],"collection":[{"href":"https:\/\/www.freidenker.org\/index.php?rest_route=\/wp\/v2\/posts"}],"about":[{"href":"https:\/\/www.freidenker.org\/index.php?rest_route=\/wp\/v2\/types\/post"}],"author":[{"embeddable":true,"href":"https:\/\/www.freidenker.org\/index.php?rest_route=\/wp\/v2\/users\/3"}],"replies":[{"embeddable":true,"href":"https:\/\/www.freidenker.org\/index.php?rest_route=%2Fwp%2Fv2%2Fcomments&post=17467"}],"version-history":[{"count":0,"href":"https:\/\/www.freidenker.org\/index.php?rest_route=\/wp\/v2\/posts\/17467\/revisions"}],"wp:featuredmedia":[{"embeddable":true,"href":"https:\/\/www.freidenker.org\/index.php?rest_route=\/wp\/v2\/media\/17476"}],"wp:attachment":[{"href":"https:\/\/www.freidenker.org\/index.php?rest_route=%2Fwp%2Fv2%2Fmedia&parent=17467"}],"wp:term":[{"taxonomy":"category","embeddable":true,"href":"https:\/\/www.freidenker.org\/index.php?rest_route=%2Fwp%2Fv2%2Fcategories&post=17467"},{"taxonomy":"post_tag","embeddable":true,"href":"https:\/\/www.freidenker.org\/index.php?rest_route=%2Fwp%2Fv2%2Ftags&post=17467"}],"curies":[{"name":"wp","href":"https:\/\/api.w.org\/{rel}","templated":true}]}}