{"id":17457,"date":"2023-11-05T13:15:06","date_gmt":"2023-11-05T12:15:06","guid":{"rendered":"https:\/\/www.freidenker.org\/?p=17457"},"modified":"2023-12-24T01:48:08","modified_gmt":"2023-12-24T00:48:08","slug":"stoppt-den-dritten-weltkrieg-internationale-initiative-fuer-den-frieden","status":"publish","type":"post","link":"https:\/\/www.freidenker.org\/?p=17457","title":{"rendered":"Stoppt den Dritten Weltkrieg \u2013 Internationale Initiative f\u00fcr den Frieden"},"content":{"rendered":"<p>Wir dokumentieren nachstehend die Abschlusserkl\u00e4rung der Internationalen Friedenskonferenz, die am 27. und 28. Oktober in Rom stattfand, in deutscher und englischer Sprache.<\/p>\n<p>Mehr \u00fcber die Internationale Friedenskonferenz findet man auf <a href=\"https:\/\/internationalpeaceconference.info\/\" target=\"_blank\" rel=\"nofollow noopener\">https:\/\/\u200binternationalpeaceconference\u200b.info\/<\/a><\/p>\n<p style=\"text-align: right;\"><em>Webredaktion<\/em><\/p>\n<p><span style=\"font-size: 10pt;\"><a href=\"#englisch\">\u2193 Englische Version<\/a><\/span><\/p>\n<hr \/>\n<h3><a id=\"deutsch\"><\/a>Abschlusserkl\u00e4rung der Internationalen Friedenskonferenz in Rom:<br \/>\nStoppt den Dritten Weltkrieg \u2013 Internationale Initiative f\u00fcr den Frieden<\/h3>\n<p class=\"fs-6 text-hyphens\" lang=\"de-DE\" xml:lang=\"de-DE\">Delegierte von 40 Organisationen und Einzelpersonen aus 25 L\u00e4ndern kamen am 27. und 28. Oktober 2023\u202fin Rom zusammen, um \u00fcber die Ursachen des aktuellen Krieges in der Ukraine, die Auswirkungen des Krieges auf den internationalen Frieden, die Gefahren f\u00fcr unsere V\u00f6lker und die Aufgaben der Bewegung f\u00fcr einen gerechten und dauerhaften Frieden zu diskutieren.<\/p>\n<h4 class=\"fs-5 mb-3\">Unsere Schlussfolgerungen:<\/h4>\n<ul>\n<li>Die aggressive Politik der Vereinigten Staaten und ihrer engsten Verb\u00fcndeten (des Westens) ist die urspr\u00fcngliche Ursache des Krieges in der Ukraine und treibt die Menschheit, wie wir in Pal\u00e4stina sehen, an den Rand eines dritten Weltkrieges.<\/li>\n<li>Um eine unipolare Weltordnung aufrechtzuerhalten, braucht der Westen die imperialistische Vorherrschaft. Sein Ziel ist es, die gro\u00dfe Mehrheit der L\u00e4nder der Welt in Vasallenstaaten zu verwandeln, was zu einem neokolonialen internationalen System f\u00fchren wird.<\/li>\n<li>Die imperialistische Elite benutzt die pseudo-\u200bfortschrittliche ideologische Maske der \u00bbdemokratischen Globalisierung\u00ab, der Verteidigung der Menschen- und B\u00fcrgerrechte und der \u00dcberwindung der Nationalstaaten als Vorwand f\u00fcr ihre Vorherrschaft. Sie benutzen Institutionen wie die EU, die Weltbank, den IWF und die WEF, um ihre wirtschaftliche Vorherrschaft durchzusetzen. Und sie benutzt die NATO, um ihre milit\u00e4rische Vorherrschaft durchzusetzen.<\/li>\n<\/ul>\n<h4 class=\"fs-5 mb-3\">In diesen Rahmenbedingungen agiert der Westen. Er<\/h4>\n<ul>\n<li>greift Russland mit dem klaren Ziel an, um es als souver\u00e4nen Staat zu zerst\u00f6ren und in eine Ansammlung von schwachen Vasallenstaaten zu zerlegen.<\/li>\n<li>umzingelt China mit Milit\u00e4rbasen, Kriegsschiffen und neuen Milit\u00e4rb\u00fcndnissen; eskaliert die Waffenlieferungen an Taiwan und setzt die Provokationen im S\u00fcdchinesischen Meer fort, um China zu einer milit\u00e4rischen Antwort zu zwingen, die als Vorwand f\u00fcr einen Krieg dienen kann.<\/li>\n<li>setzt die Kriegsprovokationen rund um die koreanische Halbinsel fort.<\/li>\n<li>unterst\u00fctzt Israel, sein Hauptinstrument f\u00fcr seine neokoloniale Politik im Nahen Osten, um das pal\u00e4stinensische Volk auszul\u00f6schen und den Iran in einen Krieg zu zwingen.<\/li>\n<li>h\u00e4lt die Besatzung des Irak aufrecht, unterh\u00e4lt die Konflikte im Jemen, in Syrien, Libyen, im Libanon \u2013 und vor allem setzt er die Besatzung Pal\u00e4stinas fort.<\/li>\n<li>pl\u00fcndert st\u00e4ndig Afrika und Lateinamerika aus, setzt Marionettenregierungen ein und stiftet seine Vasallenstaaten dazu an, in unabh\u00e4ngige L\u00e4nder einzumarschieren \u2013 zum Beispiel in der Sahelzone.<\/li>\n<li>setzt bewaffnete Milizen bei Regimewechsel-\u200bOperationen ein und organisiert Attentate auf russische und iranische Intellektuelle, Politiker, Wissenschaftler und Journalisten; ver\u00fcbt terroristische Aktionen wie die Sprengung von Nord Stream 2.<\/li>\n<li>versucht durch illegale einseitige Zwangsma\u00dfnahmen (UCMs) die Wirtschaft der L\u00e4nder, die sich dem Imperialismus widersetzen, zu strangulieren, ohne R\u00fccksicht auf die katastrophalen Folgen f\u00fcr die Bev\u00f6lkerung dieser L\u00e4nder, aber auch f\u00fcr die der Arbeiterklasse und aller Armen im Westen selbst.<\/li>\n<li>vergiftet und t\u00f6tet. Die USA haben bereits atomare Waffen eingesetzt, nicht nur in Hiroshima und Nagasaki, sondern auch durch den Einsatz von Waffen mit abgereichertem Uran (DUW, depleted uranium weapons) gegen den Irak, Serbien und jetzt gegen Russland. Diese Waffen verseuchen dauerhaft das Land und haben eine noch ungez\u00e4hlte Zahl von Menschen get\u00f6tet.<\/li>\n<\/ul>\n<p>Aus diesen Gr\u00fcnden stellen die westlichen Eliten eine st\u00e4ndige Bedrohung f\u00fcr den Frieden und die Entwicklung der Welt dar und bedrohen die Existenz der Menschheit selbst.<\/p>\n<h4 class=\"fs-5 mb-3\">Unsere Haltung zum aktuellen Krieg in der Ukraine<\/h4>\n<p>Der Krieg in der Ukraine hat nicht am 24. Februar 2022 begonnen, auch nicht mit dem von den USA angezettelten Putsch von 2014, sondern schon viel fr\u00fcher mit der blutigen Ausweitung der NATO nach Osteuropa. Die schmutzigen Kriege in Jugoslawien und der Zerfall des einst st\u00e4rksten Balkanstaates, die Anzettelung von Kriegen im Kaukasus waren alles Phasen desselben Projekts. Der Krieg gegen Russland hatte bereits unmittelbar nach der illegalen Aufl\u00f6sung der UdSSR begonnen, die gegen den Willen ihrer B\u00fcrger durchgesetzt worden war. Die Bildung neuer Grenzen in Osteuropa und Zentralasien wurde au\u00dferhalb des Rahmens des V\u00f6lkerrechts durchgesetzt.<\/p>\n<p>Die NATO war das Instrument der USA, um ihre Kontrolle \u00fcber ganz Europa durchzusetzen. Ihre Ausdehnung nach Osten war illegal und stellt eine st\u00e4ndige Bedrohung f\u00fcr alle souver\u00e4nen und unabh\u00e4ngigen L\u00e4nder dar.<\/p>\n<p>Die russische Regierung hat versucht, die gegenw\u00e4rtige Phase des Krieges zu vermeiden, aber der Westen hat \u00fcber seine Stellvertreter in der Ukraine weiterhin die russische Bev\u00f6lkerung ins Visier genommen und ein Friedensabkommen auf der Grundlage gleicher Sicherheit, wie von Russland vorgeschlagen, abgelehnt. Das Vorgehen des Westens hat den Krieg unvermeidlich gemacht.<\/p>\n<p>Die Art und Weise, wie der Westen den Krieg f\u00fchrt, zeigt, dass er auf eine nicht enden wollende Eskalation abzielt und sowohl die ukrainische als auch die russische Bev\u00f6lkerung bis zum \u00c4u\u00dfersten aufreiben will. Der Einsatz illegaler Waffen wie Streubomben und Munition mit abgereichertem Uran zeigt, dass das unmenschliche Vorgehen der westlichen Eliten keine Grenzen kennt. Ihre Bem\u00fchungen, alle osteurop\u00e4ischen L\u00e4nder \u2013 und auch andere L\u00e4nder \u2013 in den Konflikt einzubeziehen, zeigen, dass die westlichen F\u00fchrungseliten versuchen, die europ\u00e4ische Bev\u00f6lkerung als Kanonenfutter zu benutzen, so wie sie jetzt die Ukrainer benutzen.<\/p>\n<p>Die einzige Grundlage f\u00fcr die L\u00f6sung internationaler Streitigkeiten sollte das V\u00f6lkerrecht bleiben, dessen Kernst\u00fcck die UN-\u200bCharta ist. Der Wille der USA und ihrer Verb\u00fcndeten \u2013 die so genannte \u00bbregelbasierte Ordnung\u00ab \u2013 sollte nicht l\u00e4nger eine verbindliche Regel f\u00fcr die Welt sein.<\/p>\n<h4 class=\"fs-5 mb-3\">Was die Menschen in der Welt brauchen<\/h4>\n<ul>\n<li>Eine Niederlage der NATO in der Ukraine. Ohne diese Voraussetzung gibt es keine M\u00f6glichkeit f\u00fcr einen dauerhaften Frieden. Ein westlicher Sieg \u00fcber Russland w\u00e4re eine neue Katastrophe f\u00fcr die Menschheit. Er w\u00e4re der Ausgangspunkt f\u00fcr neue Kriege auf dem Balkan, im Nahen Osten und in Ostasien, insbesondere im S\u00fcdchinesischen Meer und auf der koreanischen Halbinsel, also f\u00fcr einen langwierigen dritten Weltkrieg.<\/li>\n<li>Ein neuer Rahmen f\u00fcr die Zusammenarbeit in Osteuropa und auf dem Balkan, befreit von der Kontrolle durch die USA und die EU, auf der Grundlage gleichberechtigter Beziehungen und zur \u00dcberwindung der katastrophalen Folgen des Sieges des Westens im Kalten Krieg.<\/li>\n<li>Eine Welt souver\u00e4ner L\u00e4nder, in der die V\u00f6lker ihre Zukunft selbst bestimmen k\u00f6nnen, frei von der vom Westen auferlegten globalen Wirtschaftsdiktatur, frei von einseitigen Zwangsma\u00dfnahmen. Die Welt braucht Handels\u2011, Finanz\u2011, Kommunikations- und Verkehrsnetze, die frei von der Kontrolle des Westens sind. In dieser Richtung ist die Bildung neuer Organisationen f\u00fcr die Zusammenarbeit zwischen Staaten, frei von US-\u200bKontrolle und die St\u00e4rkung der Rolle des globalen S\u00fcdens in den bestehenden internationalen Organisationen eine positive Entwicklung.<\/li>\n<li>Eine neue Architektur in der UNO, die die Rechte des globalen S\u00fcdens und das Prinzip der gleichen Souver\u00e4nit\u00e4t f\u00fcr alle Staaten widerspiegelt.<\/li>\n<\/ul>\n<h4 class=\"fs-5 mb-3\">Unsere Aufgaben<\/h4>\n<ul>\n<li>Wir haben noch viel zu tun in Sachen Information und Bildung. In den NATO-\u200bEU-\u200bL\u00e4ndern und anderen US-\u200bamerikanisch dominierten L\u00e4ndern herrscht praktisch eine totale Zensur. Wir sollten diese Bev\u00f6lkerungen dar\u00fcber informieren, dass der Krieg des Westens in der Ukraine ein ungerechter Krieg ist.<\/li>\n<li>Wir m\u00fcssen die Entsendung von Waffen, Munition, Ausr\u00fcstung und Personal auf das Schlachtfeld stoppen, aber<\/li>\n<li>Unsere Hauptaufgabe sollte darin bestehen, unsere L\u00e4nder von der NATO-\u200bMitgliedschaft, von der US-\u200bKontrolle und von den US-\u200bMilit\u00e4rbasen zu befreien. Dies wird der H\u00f6hepunkt unserer Solidarit\u00e4t mit den widerst\u00e4ndigen V\u00f6lkern der Welt sein.<\/li>\n<\/ul>\n<h4 class=\"fs-5 mb-3\">Wir haben beschlossen<\/h4>\n<ol>\n<li>Ein st\u00e4ndiges Netzwerk zur Koordinierung der oben genannten Aufgaben unter dem Namen \u00bbDen Dritten Weltkrieg stoppen \u2013 Internationale Initiative f\u00fcr den Frieden\u00ab zu bilden<\/li>\n<li>Internationale Aktionen und Solidarit\u00e4tsdelegationen nach Russland \u2013 Donbass und nach Pal\u00e4stina zu organisieren<\/li>\n<li>Die \u00bb2. Internationale Friedenskonferenz\u00ab bis Ende 2024 zu organisieren.<\/li>\n<\/ol>\n<p>&nbsp;<\/p>\n<p><span style=\"font-size: 10pt;\">Quelle: <a href=\"https:\/\/internationalpeaceconference.info\/2023\/11\/01\/abschlusserklarung-der-internationalen-friedenskonferenz-in-rom\/\" target=\"_blank\" rel=\"noopener\">https:\/\/internationalpeaceconference.info\/2023\/11\/01\/abschlusserklarung-der-internationalen-friedenskonferenz-in-rom\/<\/a><\/span><\/p>\n<hr \/>\n<p><a href=\"#deutsch\"><span style=\"font-size: 10pt;\">\u2191 deutsche Version<\/span><\/a><\/p>\n<p><strong><a id=\"englisch\"><\/a>Englische Version<\/strong><\/p>\n<h3 class=\"fs-4 mb-3\">Final declaration of the International Rome Peace Conference<\/h3>\n<p class=\"fs-6 text-hyphens\" lang=\"en-EN\" xml:lang=\"en-EN\">Delegates from 40 organizations and individuals from 25 countries gathered in Rome on October 27 \u2013 28, 2023, to discuss the causes of the current war in Ukraine, the war\u2019s impact on international peace, the dangers facing our people and the tasks of the movement for a fair and permanent peace.<\/p>\n<h4><strong>Our conclusions:<\/strong><\/h4>\n<ul>\n<li>The aggressive policies of the United States and its closest allies (the West) are the root causes of the war in Ukraine and, as we see in Palestine, are pushing humanity to the brink of a third world war.<\/li>\n<li>In order to maintain a unipolar world order, the West needs imperialist domination. It aims to transform the great majority of the world\u2019s countries into vassal states, leading to a neocolonial international system.<\/li>\n<li>The imperialist elite uses the pseudo-progressive ideological mask of \u201cdemocratic globalization\u201d, the defense of human and civil rights and the overcoming of national states as a pretext for their domination. They use institutions such as the E.U., the World Bank, the I.M.F., and W.E.F. to impose economic domination, and NATO to impose military domination.<\/li>\n<\/ul>\n<h4><strong>In this framework the West:<\/strong><\/h4>\n<ul>\n<li>Attacks Russia with the clear goal to destroy it as a sovereign state and split it into a collection of weak vassal states.<\/li>\n<li>Encircles China with military bases, warships and new military alliances; escalates arms deliveries to Taiwan and continues provocations in the South China Sea in order to force China into a military response that can be used as a pretext for war.<\/li>\n<li>Continues the war provocations around the Korean peninsula.<\/li>\n<li>Supports Israel, its main instrument for its neo-colonial politics in the Middle East, in order to extinguish the Palestinian people and to force Iran into war.<\/li>\n<li>Maintains the occupation of Iraq, maintains the conflicts in Yemen, Syria, Libya, Lebanon \u2013 and above all continues the occupation of Palestine.<\/li>\n<li>Constantly plunders Africa and Latin America while imposing puppet governments and instigating its vassal states to invade independent countries \u2014 for example in the Sahel.<\/li>\n<li>Employs armed militias in regime change operations and organizes assassinations of Russian and Iranian intellectuals, politicians, scientists and journalists; commits terrorist actions like blowing up Nord Stream 2.<\/li>\n<li>Through illegal unilateral coercive measures (UCMs), tries to strangle the economies of the countries that resist imperialism, callous regarding the catastrophic consequences for these countries\u2019 populations and for the workingclass and all poor people in the West itself.<\/li>\n<li>Poisons and kills. The U.S. has already used nuclear weapons, not only in Hiroshima and Nagasaki, but also by using depleted uranium weapons (DUW) against Iraq, Serbia and now against Russia. DUW permanently contaminate the land and have killed a yet uncounted number of people.<\/li>\n<\/ul>\n<p>For these reasons the Western elites amount to a permanent threat against peace and development of the world and threaten the very existence of humanity.<\/p>\n<h4><strong>Our stance regarding the current war in Ukraine:<\/strong><\/h4>\n<p>It was not on Feb. 24, 2022, that the war in Ukraine started, nor even when the U.S. incited the 2014 coup, but further back in time, with the bloody expansion of NATO towards East Europe. The dirty wars in Yugoslavia and the disintegration of the once strongest Balkan state, the instigation of wars in Caucasus were all phases of the same project. The war against Russia had already started right after the illegal dissolution of the USSR, which was imposed against the will of its citizens. The formation of new borders in Eastern Europe and Central Asia has been imposed outside the framework of international law.<\/p>\n<p>NATO was the instrument of the U.S. to impose its control over all Europe. Its expansion to the East was illegal and presents a permanent threat against all sovereign and independent countries.<\/p>\n<p>The Russian government tried to avoid the current phase of the war, but the West, through its proxies in Ukraine, has continued targeting the Russian populations and has refused any peace agreement based on equal security, as proposed by Russia. The West\u2019s actions made the war unavoidable.<\/p>\n<p>How the West conducts the war shows that it aims at an unending escalation and to exhaust both Ukrainians and Russians to the maximum. The use of illegal weapons like cluster bombs and depleted uranium ammunition shows that the inhumane action of the western elites has been without limits. Their efforts to involve all the Eastern European countries\u2014as well as other countries\u2014in the conflict show that the West\u2019s leading elites are trying to use the European population as cannon fodder just as they now use Ukrainians.<\/p>\n<p>The only basis for solving international disputes should remain International Law, which has at its core the UN Charter. The will of the U.S. and its allies\u2014the so-called \u201crules-based order\u201d\u2014should no longer be a compulsory rule for the world.<\/p>\n<h4><strong>What the world\u2019s people need:<\/strong><\/h4>\n<ul>\n<li>A defeat of NATO in Ukraine. Without this prerequisite there is no possibility for a durable peace. A Western victory over Russia would be a new disaster forhumanity. It would become a starting point for new wars in the Balkans, the Middle East and in East Asia, significantly in South China Sea and Korean peninsula,that is a protracted third world war.<\/li>\n<li>A new framework of cooperation in East Europe and Balkans, liberated from U.S.-EU control, based on equal relations and reshaping the catastrophic consequences of the West\u2019s victory in the Cold War.<\/li>\n<li>A world of sovereign countries where peoples can determine their future, free of the global economic dictatorship imposed by the West, free of Unilateral Coercive Measures. The world needs commercial, financial, communication and transportation networks free from the West\u2019s control. In this direction, the formation of new organizations for cooperation between states, free from<br \/>\nWestern control, and the enhanced role of the Global South in the existing international organizations are positive developments.<\/li>\n<li>A new architecture in the UN reflecting the rights of the global South and the principle of equal sovereignty for all states.<\/li>\n<\/ul>\n<p><strong>Our tasks:<\/strong><\/p>\n<ul>\n<li>We have much to do regarding information and education. There exists in NATO-EU countries and other U.S.-dominated countries a virtual total censorship. We should inform these populations that the West\u2019s war in Ukraine is an unjust war.<\/li>\n<li>We must stop the dispatch of weapons, ammunition, equipment and personnel to the battlefield but,<\/li>\n<li>Our main task should be to liberate our countries from NATO membership, from U.S. control and from U.S. military bases. This will be the pinnacle of our solidarity to the resisting people of the world.<\/li>\n<\/ul>\n<p><strong>We have decided:<\/strong><\/p>\n<ol>\n<li>To form a permanent network to coordinate the above tasks under the name of \u201cStop World War 3 \u2013 International Initiative for Peace\u201d<\/li>\n<li>To organize international actions and solidarity delegations to Russia \u2013 Donbass and Palestine<\/li>\n<li>To organize the 2nd international peace conference by the end of 2024<\/li>\n<\/ol>\n<p>&nbsp;<\/p>\n<p><span style=\"font-size: 10pt;\">Quelle: <a href=\"https:\/\/internationalpeaceconference.info\/2023\/10\/28\/final-declaration-of-the-international-rome-peace-conference\/\" target=\"_blank\" rel=\"noopener\">https:\/\/internationalpeaceconference.info\/2023\/10\/28\/final-declaration-of-the-international-rome-peace-conference\/<\/a><\/span><\/p>\n<hr \/>\n<p><img data-recalc-dims=\"1\" loading=\"lazy\" decoding=\"async\" data-attachment-id=\"13977\" data-permalink=\"https:\/\/www.freidenker.org\/?attachment_id=13977\" data-orig-file=\"https:\/\/i0.wp.com\/www.freidenker.org\/fw17\/wp-content\/uploads\/2022\/08\/External_Link_24px.jpg?fit=24%2C24&amp;ssl=1\" data-orig-size=\"24,24\" data-comments-opened=\"0\" data-image-meta=\"{&quot;aperture&quot;:&quot;0&quot;,&quot;credit&quot;:&quot;&quot;,&quot;camera&quot;:&quot;&quot;,&quot;caption&quot;:&quot;&quot;,&quot;created_timestamp&quot;:&quot;0&quot;,&quot;copyright&quot;:&quot;&quot;,&quot;focal_length&quot;:&quot;0&quot;,&quot;iso&quot;:&quot;0&quot;,&quot;shutter_speed&quot;:&quot;0&quot;,&quot;title&quot;:&quot;&quot;,&quot;orientation&quot;:&quot;1&quot;}\" data-image-title=\"External_Link_24px icon\" data-image-description=\"\" data-image-caption=\"\" data-large-file=\"https:\/\/i0.wp.com\/www.freidenker.org\/fw17\/wp-content\/uploads\/2022\/08\/External_Link_24px.jpg?fit=24%2C24&amp;ssl=1\" class=\"alignnone size-full wp-image-13977\" src=\"https:\/\/i0.wp.com\/www.freidenker.org\/fw17\/wp-content\/uploads\/2022\/08\/External_Link_24px.jpg?resize=24%2C24&#038;ssl=1\" alt=\"\" width=\"24\" height=\"24\" \/> Einen ausf\u00fchrlichen Bericht zur Veranstaltung von Felicitas Rabe gibt es hier: XXX<\/p>\n<hr \/>\n<p><span style=\"font-size: 10pt;\">Bild oben: Plakat der Veranstaltung. \u00dcbernommen von <a href=\"https:\/\/internationalpeaceconference.info\" target=\"_blank\" rel=\"noopener\">https:\/\/internationalpeaceconference.info<\/a><\/span><\/p>\n","protected":false},"excerpt":{"rendered":"<p><b>Abschlusserkl\u00e4rung der Internationalen Friedenskonferenz in Rom<\/b> (in deutscher und englischer Sprache)<br \/>\nDelegierte von 40 Organisationen und Einzelpersonen aus 25 L\u00e4ndern kamen am 27. und 28. Oktober 2023\u202fin Rom zusammen, um \u00fcber die Ursachen des aktuellen Krieges in der Ukraine, die Auswirkungen des Krieges auf den internationalen Frieden, die Gefahren f\u00fcr unsere V\u00f6lker und die Aufgaben der Bewegung f\u00fcr einen gerechten und dauerhaften Frieden zu diskutieren.<br \/>\nUnsere Schlussfolgerungen: Die aggressive Politik der Vereinigten Staaten und ihrer engsten Verb\u00fcndeten (des Westens) ist die urspr\u00fcngliche Ursache des Krieges in der Ukraine und treibt die Menschheit, wie wir in Pal\u00e4stina sehen, an den Rand eines dritten Weltkrieges. Um eine unipolare Weltordnung aufrechtzuerhalten, braucht der Westen die imperialistische Vorherrschaft. Sein Ziel ist es, die gro\u00dfe Mehrheit der L\u00e4nder der Welt in Vasallenstaaten zu verwandeln, was zu einem neokolonialen internationalen System f\u00fchren wird. &#8230;<\/p>\n","protected":false},"author":3,"featured_media":17458,"comment_status":"closed","ping_status":"closed","sticky":false,"template":"","format":"standard","meta":{"colormag_page_container_layout":"default_layout","colormag_page_sidebar_layout":"default_layout","advanced_seo_description":"","jetpack_seo_html_title":"","jetpack_seo_noindex":false,"jetpack_post_was_ever_published":false,"footnotes":""},"categories":[13],"tags":[335,43,694,57,56,639,1991,1120,185,1992],"class_list":["post-17457","post","type-post","status-publish","format-standard","has-post-thumbnail","hentry","category-frieden-antifaschismus-solidaritaet","tag-frieden","tag-friedensbewegung","tag-globalisierung","tag-kriegsgefahr","tag-nato","tag-ukraine-konflikt","tag-unipolare-weltordnung","tag-uno","tag-usa","tag-vorherrschaft"],"jetpack_featured_media_url":"https:\/\/i0.wp.com\/www.freidenker.org\/fw17\/wp-content\/uploads\/2023\/11\/konf_rom_header-image-en_800x450.jpg?fit=800%2C450&ssl=1","jetpack_shortlink":"https:\/\/wp.me\/p9stpK-4xz","jetpack-related-posts":[{"id":17436,"url":"https:\/\/www.freidenker.org\/?p=17436","url_meta":{"origin":17457,"position":0},"title":"Internationale Friedenskonferenz: &#8222;Wir sind keine Extremisten, es geht ums \u00dcberleben der Menschheit&#8220;","author":"Webredaktion","date":"5. November 2023","format":false,"excerpt":"Beitrag von Felicitas Rabe Unter dem Motto \"Den 3. Weltkrieg stoppen\" gr\u00fcndeten die Teilnehmer der Internationalen Friedenskonferenz in Rom am letzten Oktoberwochenende eine internationale Allianz antiimperialistischer Friedensorganisationen und setzten ein Zeichen f\u00fcr Friedensengagement \u00fcber ideologische Unterschiede hinweg. Angesichts der drohenden Gefahr eines atomaren Weltkriegs m\u00fcsse man weltweit mit allen Kr\u00e4ften\u2026","rel":"","context":"In &quot;Frieden - Antifaschismus - Solidarit\u00e4t&quot;","block_context":{"text":"Frieden - Antifaschismus - Solidarit\u00e4t","link":"https:\/\/www.freidenker.org\/?cat=13"},"img":{"alt_text":"","src":"https:\/\/i0.wp.com\/www.freidenker.org\/fw17\/wp-content\/uploads\/2023\/11\/Friedenskonferenz_2023_Rom_800x450.jpg?fit=800%2C450&ssl=1&resize=350%2C200","width":350,"height":200,"srcset":"https:\/\/i0.wp.com\/www.freidenker.org\/fw17\/wp-content\/uploads\/2023\/11\/Friedenskonferenz_2023_Rom_800x450.jpg?fit=800%2C450&ssl=1&resize=350%2C200 1x, https:\/\/i0.wp.com\/www.freidenker.org\/fw17\/wp-content\/uploads\/2023\/11\/Friedenskonferenz_2023_Rom_800x450.jpg?fit=800%2C450&ssl=1&resize=525%2C300 1.5x, https:\/\/i0.wp.com\/www.freidenker.org\/fw17\/wp-content\/uploads\/2023\/11\/Friedenskonferenz_2023_Rom_800x450.jpg?fit=800%2C450&ssl=1&resize=700%2C400 2x"},"classes":[]},{"id":3068,"url":"https:\/\/www.freidenker.org\/?p=3068","url_meta":{"origin":17457,"position":1},"title":"\u201eNein\u201c zur Kriegsbeteiligung gegen Syrien!","author":"Webredaktion","date":"12. April 2013","format":false,"excerpt":"Die Friedensgesellschaft der T\u00fcrkei, unter Schirmherrschaft des Weltfriedensrates, organisiert eine Internationale Friedenskonferenz in Istanbul und Antiochia in der Zeit vom 25. bis 29. April 2013. Wir wollen eine Botschaft der Solidarit\u00e4t an die Friedenskonferenz in Istanbul und Antiochia senden und den Kampf gegen die sch\u00e4ndlichen Interventionen von au\u00dfen und gegen\u2026","rel":"","context":"In &quot;Frieden - Antifaschismus - Solidarit\u00e4t&quot;","block_context":{"text":"Frieden - Antifaschismus - Solidarit\u00e4t","link":"https:\/\/www.freidenker.org\/?cat=13"},"img":{"alt_text":"","src":"https:\/\/i0.wp.com\/www.freidenker.org\/fw17\/wp-content\/uploads\/2013\/04\/Nato_awacs_800x445.jpg?fit=800%2C445&ssl=1&resize=350%2C200","width":350,"height":200,"srcset":"https:\/\/i0.wp.com\/www.freidenker.org\/fw17\/wp-content\/uploads\/2013\/04\/Nato_awacs_800x445.jpg?fit=800%2C445&ssl=1&resize=350%2C200 1x, https:\/\/i0.wp.com\/www.freidenker.org\/fw17\/wp-content\/uploads\/2013\/04\/Nato_awacs_800x445.jpg?fit=800%2C445&ssl=1&resize=525%2C300 1.5x, https:\/\/i0.wp.com\/www.freidenker.org\/fw17\/wp-content\/uploads\/2013\/04\/Nato_awacs_800x445.jpg?fit=800%2C445&ssl=1&resize=700%2C400 2x"},"classes":[]},{"id":15665,"url":"https:\/\/www.freidenker.org\/?p=15665","url_meta":{"origin":17457,"position":2},"title":"\u00dcberparteilich gegen den Krieg","author":"Webredaktion","date":"4. April 2023","format":false,"excerpt":"Am 27. M\u00e4rz 2023 fand in Berlin eine Konferenz des Ostdeutschen Kuratoriums von Verb\u00e4nden statt, dem auch der Landesverband Berlin des Deutschen Freidenker-Verbandes angeh\u00f6rt. Die Konferenz stand unter dem Motto \"Dialog statt Waffen - \u00fcberparteilich gegen den Krieg - Frieden mit Russland.\" Wir dokumentieren nachfolgend die Abschlusserkl\u00e4rung und die Redebeitr\u00e4ge\u2026","rel":"","context":"In &quot;Frieden - Antifaschismus - Solidarit\u00e4t&quot;","block_context":{"text":"Frieden - Antifaschismus - Solidarit\u00e4t","link":"https:\/\/www.freidenker.org\/?cat=13"},"img":{"alt_text":"","src":"https:\/\/i0.wp.com\/www.freidenker.org\/fw17\/wp-content\/uploads\/2023\/04\/Konferenz_Berlin_230327-FKz-2.jpg?fit=800%2C450&ssl=1&resize=350%2C200","width":350,"height":200,"srcset":"https:\/\/i0.wp.com\/www.freidenker.org\/fw17\/wp-content\/uploads\/2023\/04\/Konferenz_Berlin_230327-FKz-2.jpg?fit=800%2C450&ssl=1&resize=350%2C200 1x, https:\/\/i0.wp.com\/www.freidenker.org\/fw17\/wp-content\/uploads\/2023\/04\/Konferenz_Berlin_230327-FKz-2.jpg?fit=800%2C450&ssl=1&resize=525%2C300 1.5x, https:\/\/i0.wp.com\/www.freidenker.org\/fw17\/wp-content\/uploads\/2023\/04\/Konferenz_Berlin_230327-FKz-2.jpg?fit=800%2C450&ssl=1&resize=700%2C400 2x"},"classes":[]},{"id":10523,"url":"https:\/\/www.freidenker.org\/?p=10523","url_meta":{"origin":17457,"position":3},"title":"Deutsche Friedensbewegung zum \u00dcberfall auf die Sowjetunion","author":"Webredaktion","date":"8. Juni 2021","format":false,"excerpt":"Der Freidenkerverband begr\u00fc\u00dft es, wenn m\u00f6glichst viele gesellschaftliche Kr\u00e4fte den bevorstehenden 80. Jahrestags des \u00dcberfalls der deutschen Faschisten auf die Sowjetunion zum Anlass nehmen, ein Ende der Konfrontationspolitik gegen Russland und eine friedliche Zusammenarbeit zu fordern. Eine solche Initiative ist auch ein Projekt aus Friedensbewegung und dem politischen Raum, in\u2026","rel":"","context":"In &quot;Frieden - Antifaschismus - Solidarit\u00e4t&quot;","block_context":{"text":"Frieden - Antifaschismus - Solidarit\u00e4t","link":"https:\/\/www.freidenker.org\/?cat=13"},"img":{"alt_text":"","src":"https:\/\/i0.wp.com\/www.freidenker.org\/fw17\/wp-content\/uploads\/2021\/06\/Frieden_schliessen_Russland_800x450.jpg?fit=800%2C450&ssl=1&resize=350%2C200","width":350,"height":200,"srcset":"https:\/\/i0.wp.com\/www.freidenker.org\/fw17\/wp-content\/uploads\/2021\/06\/Frieden_schliessen_Russland_800x450.jpg?fit=800%2C450&ssl=1&resize=350%2C200 1x, https:\/\/i0.wp.com\/www.freidenker.org\/fw17\/wp-content\/uploads\/2021\/06\/Frieden_schliessen_Russland_800x450.jpg?fit=800%2C450&ssl=1&resize=525%2C300 1.5x, https:\/\/i0.wp.com\/www.freidenker.org\/fw17\/wp-content\/uploads\/2021\/06\/Frieden_schliessen_Russland_800x450.jpg?fit=800%2C450&ssl=1&resize=700%2C400 2x"},"classes":[]},{"id":20002,"url":"https:\/\/www.freidenker.org\/?p=20002","url_meta":{"origin":17457,"position":4},"title":"Frieden durch Dialog \u2013 Ein Weg f\u00fcr die Zukunft","author":"Webredaktion","date":"5. Oktober 2024","format":false,"excerpt":"Beitrag von Marion Schneider Vom 25. bis 27. Oktober 2024 wird die Ordensburg Liebstedt in Th\u00fcringen zum Zentrum f\u00fcr den internationalen Dialog \u00fcber Frieden und Verst\u00e4ndigung. Der Kongress \u201eFrieden und Dialog\u201c, organisiert von der Gesellschaft zur F\u00f6rderung guten Lebens e.V., bringt renommierte Referentinnen und Referenten, Friedensaktivisten und interessierte B\u00fcrger zusammen,\u2026","rel":"","context":"In &quot;Frieden - Antifaschismus - Solidarit\u00e4t&quot;","block_context":{"text":"Frieden - Antifaschismus - Solidarit\u00e4t","link":"https:\/\/www.freidenker.org\/?cat=13"},"img":{"alt_text":"","src":"https:\/\/i0.wp.com\/www.freidenker.org\/fw17\/wp-content\/uploads\/2024\/10\/Ordensburg-1-800x450-1.jpg?fit=800%2C450&ssl=1&resize=350%2C200","width":350,"height":200,"srcset":"https:\/\/i0.wp.com\/www.freidenker.org\/fw17\/wp-content\/uploads\/2024\/10\/Ordensburg-1-800x450-1.jpg?fit=800%2C450&ssl=1&resize=350%2C200 1x, https:\/\/i0.wp.com\/www.freidenker.org\/fw17\/wp-content\/uploads\/2024\/10\/Ordensburg-1-800x450-1.jpg?fit=800%2C450&ssl=1&resize=525%2C300 1.5x, https:\/\/i0.wp.com\/www.freidenker.org\/fw17\/wp-content\/uploads\/2024\/10\/Ordensburg-1-800x450-1.jpg?fit=800%2C450&ssl=1&resize=700%2C400 2x"},"classes":[]},{"id":19393,"url":"https:\/\/www.freidenker.org\/?p=19393","url_meta":{"origin":17457,"position":5},"title":"Krieger treffen auf Realit\u00e4t","author":"Webredaktion","date":"1. Juli 2024","format":false,"excerpt":"Der \u201eFriedensgipfel\u201c in der Schweiz endete mit einer Ohrfeige f\u00fcr den Westen Beitrag von Arnold Sch\u00f6lzel F\u00fcr seine Verh\u00e4ltnisse kommentierte Wladimir Selenski das Ergebnis der als \u201eFriedensgipfel\u201c beworbenen Konferenz am vergangenen Wochenende auf dem B\u00fcrgenstock bei Luzern verh\u00e4ltnism\u00e4\u00dfig n\u00fcchtern: \u201eEin Dialog fand statt. Und er kann praktische Folgen haben.\u201c Die\u2026","rel":"","context":"In &quot;Frieden - Antifaschismus - Solidarit\u00e4t&quot;","block_context":{"text":"Frieden - Antifaschismus - Solidarit\u00e4t","link":"https:\/\/www.freidenker.org\/?cat=13"},"img":{"alt_text":"","src":"https:\/\/i0.wp.com\/www.freidenker.org\/fw17\/wp-content\/uploads\/2024\/07\/Selenski_Friedensgipfel_Schweiz_2024-06_800x450.jpg?fit=800%2C450&ssl=1&resize=350%2C200","width":350,"height":200,"srcset":"https:\/\/i0.wp.com\/www.freidenker.org\/fw17\/wp-content\/uploads\/2024\/07\/Selenski_Friedensgipfel_Schweiz_2024-06_800x450.jpg?fit=800%2C450&ssl=1&resize=350%2C200 1x, https:\/\/i0.wp.com\/www.freidenker.org\/fw17\/wp-content\/uploads\/2024\/07\/Selenski_Friedensgipfel_Schweiz_2024-06_800x450.jpg?fit=800%2C450&ssl=1&resize=525%2C300 1.5x, https:\/\/i0.wp.com\/www.freidenker.org\/fw17\/wp-content\/uploads\/2024\/07\/Selenski_Friedensgipfel_Schweiz_2024-06_800x450.jpg?fit=800%2C450&ssl=1&resize=700%2C400 2x"},"classes":[]}],"_links":{"self":[{"href":"https:\/\/www.freidenker.org\/index.php?rest_route=\/wp\/v2\/posts\/17457","targetHints":{"allow":["GET"]}}],"collection":[{"href":"https:\/\/www.freidenker.org\/index.php?rest_route=\/wp\/v2\/posts"}],"about":[{"href":"https:\/\/www.freidenker.org\/index.php?rest_route=\/wp\/v2\/types\/post"}],"author":[{"embeddable":true,"href":"https:\/\/www.freidenker.org\/index.php?rest_route=\/wp\/v2\/users\/3"}],"replies":[{"embeddable":true,"href":"https:\/\/www.freidenker.org\/index.php?rest_route=%2Fwp%2Fv2%2Fcomments&post=17457"}],"version-history":[{"count":0,"href":"https:\/\/www.freidenker.org\/index.php?rest_route=\/wp\/v2\/posts\/17457\/revisions"}],"wp:featuredmedia":[{"embeddable":true,"href":"https:\/\/www.freidenker.org\/index.php?rest_route=\/wp\/v2\/media\/17458"}],"wp:attachment":[{"href":"https:\/\/www.freidenker.org\/index.php?rest_route=%2Fwp%2Fv2%2Fmedia&parent=17457"}],"wp:term":[{"taxonomy":"category","embeddable":true,"href":"https:\/\/www.freidenker.org\/index.php?rest_route=%2Fwp%2Fv2%2Fcategories&post=17457"},{"taxonomy":"post_tag","embeddable":true,"href":"https:\/\/www.freidenker.org\/index.php?rest_route=%2Fwp%2Fv2%2Ftags&post=17457"}],"curies":[{"name":"wp","href":"https:\/\/api.w.org\/{rel}","templated":true}]}}