{"id":17332,"date":"2023-10-25T00:16:58","date_gmt":"2023-10-24T22:16:58","guid":{"rendered":"https:\/\/www.freidenker.org\/?p=17332"},"modified":"2023-11-14T00:56:34","modified_gmt":"2023-11-13T23:56:34","slug":"ist-die-wahrheit-nicht-gemeinnuetzig","status":"publish","type":"post","link":"https:\/\/www.freidenker.org\/?p=17332","title":{"rendered":"Ist die Wahrheit nicht gemeinn\u00fctzig?"},"content":{"rendered":"<h3 class=\"HeadLine-root HeadLine-type_2 \">Wie ein Finanzamt gegen einen Hilfsverein vorgeht<\/h3>\n<p><strong>Das Finanzamt Eberswalde, das seit vergangenem Jahr daran arbeitet, dem Hilfsverein &#8222;Friedensbr\u00fccke-Kriegsopferhilfe&#8220; die Gemeinn\u00fctzigkeit zu entziehen, hat das n\u00e4chste Schriftst\u00fcck geliefert, warum das seiner Ansicht nach so rechtens w\u00e4re. <\/strong><\/p>\n<p><em>Von <strong>Dagmar Henn<\/strong><\/em><\/p>\n<p><span style=\"font-size: 10pt;\">Erstver\u00f6ffentlichung am 21.10.2023 auf <a href=\"https:\/\/freedert.online\/meinung\/184025-hilfsverein-finanzamt-und-ganz-neue\/\" target=\"_blank\" rel=\"noopener\">RT DE<\/a><\/span><\/p>\n<p>Der Kampf des Finanzamts Eberswalde gegen den Hilfsverein &#8222;Friedensbr\u00fccke-Kriegsopferhilfe e.V.&#8220; geht weiter. Der <a href=\"https:\/\/fbko.org\/?lang=DE\" target=\"_blank\" rel=\"noopener noreferrer\">Verein<\/a> leistet seit Jahren humanit\u00e4re Hilfe, in den Donbass, aber auch in andere Kriegsgebiete. Nun wurde der Einspruch gegen die Aberkennung der Gemeinn\u00fctzigkeit zur\u00fcckgewiesen; der Bescheid liegt uns vor.<\/p>\n<p>Wer die Erwartung hatte, dass sich das Finanzamt auch nur ansatzweise mit den rechtlichen Fragen, die sich in diesem Thema verbergen, befasst, wurde durch diese Entscheidung schwer entt\u00e4uscht. <em>RT<\/em> hatte \u00fcber die Aberkennung der Gemeinn\u00fctzigkeit damals <a href=\"https:\/\/freedert.online\/meinung\/151395-regelbasierte-abgabenordnung-oder-wie-finanzamt\/\" target=\"_blank\" rel=\"noopener noreferrer\">berichtet<\/a>. Begr\u00fcndet wurde das mit einigen Reden der Vorsitzenden Liane Kilinc; insgesamt f\u00fcnf Reden und einem Veranstaltungsaufruf im Verlauf von drei Jahren.<\/p>\n<p>Die Reden werden dem Verein als politische T\u00e4tigkeit zugerechnet, weil diese Reden auch auf der Webseite des Vereins dokumentiert wurden. Eigentlich\u00a0macht es aber einen Unterschied, ob die Vorsitzende eines Vereins eine Rede im Namen und im Auftrag des Vereins h\u00e4lt, also als Folge eines entsprechenden Beschlusses des Vereinsvorstands, oder ob die Person, die eine Rede h\u00e4lt, au\u00dferdem auch Vorsitzende eines Vereins ist.<\/p>\n<p>Das ist keine neue Erfindung; diese Unterscheidung ist im Zusammenhang mit allen \u00c4mtern, sprich, jeder Form von Auftragst\u00e4tigkeit wichtig. Sonst d\u00fcrfte beispielsweise kein Oberb\u00fcrgermeister auf irgendeiner Parteiveranstaltung eine Rede halten, weil die Stellungnahme f\u00fcr eine Partei eben nicht zum Amt eines Oberb\u00fcrgermeisters passt. W\u00e4re dem aber so, w\u00fcrde jedes Amt \u2013 wie in diesem Fall der Vorsitz in einem Verein \u2013 dazu f\u00fchren, dass die Person ihr Recht verliert, sich politisch zu \u00e4u\u00dfern. Das ist aber mit den Grundrechten nicht vereinbar.<\/p>\n<p>Auf den konkreten Fall der Rede einer Vereinsvorsitzenden angewandt, k\u00e4me es also zum einen darauf an, ob durch einen entsprechenden Beschluss belegt ist, dass ein solcher Auftritt im Auftrag des Vereins und damit in der Funktion als Vorsitzende erfolgte. Und zum anderen, ob das, was als &#8222;politische T\u00e4tigkeit&#8220; betrachtet wird, tats\u00e4chlich in irgendeiner Weise im Konflikt mit den gemeinn\u00fctzigen Zielen des Vereins steht.<\/p>\n<p>Interessant an der Argumentation des Finanzamts Eberswalde ist nun, dass ihm ein halbes Wort durchrutscht. Es gibt n\u00e4mlich einen Erlass des Finanzministeriums, der in Folge der Auseinandersetzung um die Gemeinn\u00fctzigkeit von Attac entstand, in dem es hei\u00dft:<\/p>\n<blockquote><p><em>&#8222;Es ist einer steuerbeg\u00fcnstigten K\u00f6rperschaft gleichwohl gestattet, auf die politische Meinungs- und Willensbildung und die Gestaltung der \u00f6ffentlichen Meinung Einfluss zu nehmen, wenn dies der Verfolgung ihrer steuerbeg\u00fcnstigten Zwecke dient und parteipolitisch neutral bleibt.&#8220;<\/em><\/p><\/blockquote>\n<p>Das Finanzamt Eberswalde gibt sich gro\u00dfe M\u00fche, diesen Satz misszuverstehen; das gelingt nur, indem man aus dem Wort &#8222;parteipolitisch&#8220; das Wort &#8222;politisch&#8220; macht. Wenn man die Formulierung des Ministeriums als Normalsterblicher liest, hei\u00dft es, ein gemeinn\u00fctziger Verein kann sich sehr wohl zu konkreten politischen Fragen \u00e4u\u00dfern, aber nicht in den Bereich einer Aussage geraten, die dann lautet: &#8222;Und deshalb w\u00e4hlt oder unterst\u00fctzt die Partei XY.&#8220; Es gibt diese ganze wuchernde gr\u00fcne Landschaft, die stetig h\u00f6chstens um einen Millimeter an dieser Aussage vorbeirutscht.<\/p>\n<p>Wie lautet nun der Vorwurf gegen Liane Kilinc, aus dem der Versto\u00df gegen die Gemeinn\u00fctzigkeit abgeleitet wird?<\/p>\n<blockquote><p><em>&#8222;In ihren dort [etwa auf dem Festival Pax Terra Musica] gehaltenen Reden \u00fcbt die Vereinsvorsitzende Liane Kilinc harsche Kritik an der Solidarit\u00e4t mit der Ukraine und den daraus folgenden Preissteigerungen f\u00fcr Heizung und Lebensmittel, die dazu f\u00fchrten, dass man friere und sich fragen m\u00fcsse, ob im Winter noch das Essen bezahlt werden k\u00f6nne. Des Weiteren verbreitete sie darin die These, die Menschen w\u00fcrden belogen, wenn man behauptete, Russland h\u00e4tte einen Krieg begonnen. Russland habe nur die eine M\u00f6glichkeit gehabt, die Vereinbarungen des Minsker Abkommens umzusetzen, n\u00e4mlich einen Einmarsch in die Ukraine, um so den Krieg gegen den Donbass zu beenden. Dar\u00fcber hinaus bezichtigte Liane K. die NATO, einen Krieg gegen Russland vorbereitet zu haben und Bundeskanzler Scholz und Au\u00dfenministerin Baerbock warf sie vor, sich entgegen der \u00f6ffentlichen Darstellungen in keiner Weise um Frieden in der Ukraine bem\u00fcht zu haben.&#8220;<\/em><\/p><\/blockquote>\n<p>Nun ist die Frage nicht, ob diese Aussagen dem Finanzamt Eberswalde gefallen. Der interessante Punkt hierbei ist das Wort &#8218;parteipolitisch&#8216;. Die Eingliederung der Krim nach Russland nicht als Annexion zu werten? Das ist zweifelsfrei eine politische Aussage. Allerdings vergisst das Finanzamt Eberswalde, zu verraten, welche Partei all diese Positionen vertritt. Abzug der US-Truppen aus Deutschland? Ein Ende der Bundeswehreins\u00e4tze im Ausland? Alles politische Positionen, nur die Partei, f\u00fcr die damit geworben worden sein soll, muss sich bisher gut verborgen gehalten haben. Vielleicht wei\u00df da das Finanzamt Eberswalde mehr als gew\u00f6hnlich politisch informierte Deutsche. Fest steht jedenfalls: Wenn es keine solche Partei gibt, kann das auch keine parteipolitische Aussage sein.<\/p>\n<p>Besonders h\u00fcbsch wird die Wortakrobatik der Eberswalder beim Thema des Putsches in Kiew 2014.<\/p>\n<blockquote><p><em>&#8222;Die u.a. von der EU und weiteren westlichen Staaten anerkannte Regierungsneubildung nach den Unruhen im Jahr 2014 wird dagegen als &#8218;illegitime Macht\u00fcbernahme&#8216; und &#8218;Beseitigung der legitimen Regierung&#8216; eingeordnet, die nachfolgende Regierung als &#8218;Putschistenregierung&#8216; bezeichnet und demokratische Wahlen nicht als solche anerkannt.&#8220;<\/em><\/p><\/blockquote>\n<p>Dieser kreative Schub ist bestimmt keine eigenst\u00e4ndige Erfindung des Finanzamts Eberswalde. Das riecht regelrecht nach einer ministeriellen Vorlage. &#8222;Regierungsneubildung nach Unruhen&#8220;. So nennen diese Leute sicher auch den Putsch in Chile 1973.<\/p>\n<p>Nun, Juristen wissen eigentlich, dass die Arten, wie eine Regierung legitim wechseln kann, \u00fcblicherweise in der Verfassung stehen. Das, was in Kiew 2014 passiert ist, war so in der ukrainischen Verfassung nicht vorgesehen. Egal, wie man es dreht und wendet, technisch bleibt das ein Putsch. &#8222;Regierungsneubildung nach Unruhen&#8220; besagt immer noch dasselbe \u2013 die Ersetzung einer legitim gebildeten Regierung durch eine illegitim gebildete. Aber es klingt so, als sei das eine ganz andere Sache. Vielleicht sollten demn\u00e4chst alle Deutschen, denen Umsturzpl\u00e4ne unterstellt werden, auch sagen, es ginge ihnen letztlich doch nur um eine &#8222;Regierungsneubildung nach Unruhen&#8220;&#8230;<\/p>\n<p>Wie gesagt, sowohl mit der Wahrnehmung der b\u00fcrgerlichen Rechte von Personen, die au\u00dferdem noch Funktionen in einem gemeinn\u00fctzigen Verein erf\u00fcllen, als auch mit der des Unterschieds zwischen &#8222;politisch&#8220;, &#8222;tagespolitisch&#8220; und &#8222;parteipolitisch&#8220; ist das Finanzamt Eberswalde grenzenlos \u00fcberfordert.<\/p>\n<p>Nach wie vor wird die Frage nicht beantwortet, wie ein Verein denn Hilfsleistungen f\u00fcr die Bev\u00f6lkerung im Donbass organisieren k\u00f6nnen soll, wenn die Berichterstattung \u00fcber die Probleme dort als verbotene politische T\u00e4tigkeit gewertet wird. Nat\u00fcrlich muss man, wenn man Spenden f\u00fcr die Menschen dort werben will, erz\u00e4hlen, was dort geschieht. Und es ist gerade die Tatsache, dass die deutsche Politik den B\u00fcrgerkrieg in der Ukraine fast neun Jahre lang weitgehend ignoriert hat, die dazu zwingt, die Vorgeschichte und die Hintergr\u00fcnde mit einzubeziehen. Denn ja, wenn man eine Spende haben will, um das Dach einer Schule neu zu decken, das durch den Beschuss durch die ukrainische Armee zerst\u00f6rt wurde, oder der Verein, wie erst vor kurzem, einen neuen Transporter f\u00fcr die Auslieferung der Hilfe kaufen muss, weil der vorhandene von Streumunition getroffen wurde, antwortet jeder, der sich nur durch &#8222;Tagesschau&#8220; &amp; Co. informiert, erstaunt: &#8222;Welcher Beschuss? Wer schie\u00dft denn da auf wen?&#8220;<\/p>\n<p>Anders gesagt: Ohne diese, nach Meinung des Finanzamts unangebrachte, politische Stellungnahme ist es gar nicht m\u00f6glich, die humanit\u00e4re Hilfe zu leisten, denn ohne Spenden keine Hilfe, so einfach ist das.\u00a0W\u00fcrde die deutsche Politik auf einmal eine Kehrtwende machen und davon sprechen, dass die Kinder beispielsweise in der Stadt Gorlowka seit 2014 viel Zeit in Kellern verbrachten, weil ukrainische Geschosse auf die Stadt niedergingen, dann w\u00e4ren all diese Erl\u00e4uterungen \u00fcberfl\u00fcssig. Der Verein m\u00fcsste nicht l\u00e4nger politische Aussagen machen, die dem Finanzamt (oder dem Ministerium oder der Bundesregierung) nicht gefallen. Wenn aber diese Aussagen\u00a0\u2013 und zwar unabh\u00e4ngig von ihrem Wahrheitsgehalt, den die Vorsitzende des Vereins mit akribischer Genauigkeit belegen k\u00f6nnte\u00a0\u2013 nach Ansicht des Finanzamts verboten sind, dann hei\u00dft es logischerweise auch, dass die Hilfen f\u00fcr den Donbass selbst verboten sind. Denn ohne die Information keine Spenden, ohne Spenden keine Hilfe.<\/p>\n<p>Nat\u00fcrlich ist das das wahre Ziel des ganzen Spektakels. Nicht nur, eine m\u00f6gliche Informationsquelle f\u00fcr die Vorgeschichte des vermeintlich &#8222;unprovozierten russischen Angriffskriegs&#8220; zum Verstummen zu bringen, sondern auch, jede Unterst\u00fctzung f\u00fcr die Bewohner des Donbass zu beenden. Die ganzen Verrenkungen wegen f\u00fcnf Reden in drei Jahren dienen nur diesem Zweck.<\/p>\n<p>Leider hat das Finanzamt Eberswalde seine verbale Kreativit\u00e4t nicht auch auf die eigene T\u00e4tigkeit angewandt; es w\u00e4re nett, wenn es daf\u00fcr einen \u00e4hnlich h\u00fcbschen Euphemismus g\u00e4be wie &#8222;Regierungsneubildung nach Unruhen&#8220;. Vielleicht &#8222;die Wahrheit ist nicht gemeinn\u00fctzig&#8220;?<\/p>\n<p style=\"text-align: right;\"><em>Dagmar Henn ist Mitglied des Deutschen Freidenker-Verbandes<\/em><\/p>\n<hr \/>\n<p><span style=\"font-size: 10pt;\">Bild oben: <span class=\"Cover-caption\"><span class=\"Cover-captionItem\">Foto des zerschossenen Transporters des Vereins Friedensbr\u00fccke-Kriegsopferhilfe e.V., Oktober 2023<\/span><\/span><\/span><br \/>\n<span class=\"Cover-imageSource\" style=\"font-size: 10pt;\"><span class=\"Cover-captionItem\">\u00a9 Friedensbr\u00fccke-Kriegsopferhilfe e.V.<br \/>\nQuelle: <a href=\"https:\/\/freedert.online\/meinung\/184025-hilfsverein-finanzamt-und-ganz-neue\/\">RT DE<\/a> und <a href=\"https:\/\/fbko.org\/?S=Aktuelles_Was-tut-sich_Detail&amp;lang=DE&amp;D=jZ3aw6r9CC8uAYIc\">fbko.org<\/a><\/span><\/span><\/p>\n","protected":false},"excerpt":{"rendered":"<p><b>Beitrag von Dagmar Henn<\/b><br \/>\nDer Kampf des Finanzamts Eberswalde gegen den Hilfsverein &#8222;Friedensbr\u00fccke-Kriegsopferhilfe e.V.&#8220; geht weiter. Der Verein leistet seit Jahren humanit\u00e4re Hilfe, in den Donbass, aber auch in andere Kriegsgebiete. Nun wurde der Einspruch gegen die Aberkennung der Gemeinn\u00fctzigkeit zur\u00fcckgewiesen; der Bescheid liegt uns vor. Wer die Erwartung hatte, dass sich das Finanzamt auch nur ansatzweise mit den rechtlichen Fragen, die sich in diesem Thema verbergen, befasst, wurde durch diese Entscheidung schwer entt\u00e4uscht. RT hatte \u00fcber die Aberkennung der Gemeinn\u00fctzigkeit damals berichtet. Begr\u00fcndet wurde das mit einigen Reden der Vorsitzenden Liane Kilinc; insgesamt f\u00fcnf Reden und einem Veranstaltungsaufruf im Verlauf von drei Jahren. Die Reden werden dem Verein als politische T\u00e4tigkeit zugerechnet, weil diese Reden auch auf der Webseite des Vereins dokumentiert wurden. <\/p>\n","protected":false},"author":3,"featured_media":17333,"comment_status":"closed","ping_status":"closed","sticky":false,"template":"","format":"standard","meta":{"colormag_page_container_layout":"default_layout","colormag_page_sidebar_layout":"default_layout","advanced_seo_description":"","jetpack_seo_html_title":"","jetpack_seo_noindex":false,"jetpack_post_was_ever_published":false,"footnotes":""},"categories":[13],"tags":[1121,1974,1975,1977,1202,188,1976,1103,222,344,639],"class_list":["post-17332","post","type-post","status-publish","format-standard","has-post-thumbnail","hentry","category-frieden-antifaschismus-solidaritaet","tag-donbass","tag-finanzamt","tag-gemeinnuetzigkeit","tag-hilfslieferungen","tag-humanitaere-hilfe","tag-krieg","tag-parteipolitik","tag-putsch","tag-russland","tag-solidaritaet","tag-ukraine-konflikt"],"jetpack_featured_media_url":"https:\/\/i0.wp.com\/www.freidenker.org\/fw17\/wp-content\/uploads\/2023\/10\/Fahrzeug_fbko_800x450.jpg?fit=800%2C450&ssl=1","jetpack_shortlink":"https:\/\/wp.me\/p9stpK-4vy","jetpack-related-posts":[{"id":21964,"url":"https:\/\/www.freidenker.org\/?p=21964","url_meta":{"origin":17332,"position":0},"title":"Verfahren gegen Verein Friedensbr\u00fccke: Die Bundesregierung und das V\u00f6lkerrecht","author":"Webredaktion","date":"29. Mai 2025","format":false,"excerpt":"Beitrag von Dagmar Henn Das ist etwas, was es eigentlich gar nicht geben d\u00fcrfte; wie so vieles im heutigen Deutschland. Ein humanit\u00e4rer Verein wird mit einem schr\u00e4g konstruierten Vorwurf der \"Unterst\u00fctzung einer terroristischen Vereinigung\" verfolgt und quer durch die Leitmedien schreit es \"Terrorverdacht bei prorussischem Verein\". Nicht einer der lieben\u2026","rel":"","context":"In &quot;Demokratie \u2013 Medien \u2013 Aufkl\u00e4rung&quot;","block_context":{"text":"Demokratie \u2013 Medien \u2013 Aufkl\u00e4rung","link":"https:\/\/www.freidenker.org\/?cat=12"},"img":{"alt_text":"","src":"https:\/\/i0.wp.com\/www.freidenker.org\/fw17\/wp-content\/uploads\/2025\/05\/henn_friedensbruecke_800x450.jpg?fit=800%2C450&ssl=1&resize=350%2C200","width":350,"height":200,"srcset":"https:\/\/i0.wp.com\/www.freidenker.org\/fw17\/wp-content\/uploads\/2025\/05\/henn_friedensbruecke_800x450.jpg?fit=800%2C450&ssl=1&resize=350%2C200 1x, https:\/\/i0.wp.com\/www.freidenker.org\/fw17\/wp-content\/uploads\/2025\/05\/henn_friedensbruecke_800x450.jpg?fit=800%2C450&ssl=1&resize=525%2C300 1.5x, https:\/\/i0.wp.com\/www.freidenker.org\/fw17\/wp-content\/uploads\/2025\/05\/henn_friedensbruecke_800x450.jpg?fit=800%2C450&ssl=1&resize=700%2C400 2x"},"classes":[]},{"id":24303,"url":"https:\/\/www.freidenker.org\/?p=24303","url_meta":{"origin":17332,"position":1},"title":"Deutschland: Isolationshaft f\u00fcr Babynahrung?","author":"Webredaktion","date":"26. Januar 2026","format":false,"excerpt":"Beitrag von Dagmar Henn Am 21. Januar wurden in Deutschland zwei M\u00e4nner verhaftet; einer davon russischer Staatsb\u00fcrger. Der Vorwurf? \"Unterst\u00fctzung einer terroristischen Vereinigung\". Das ist der bisherige H\u00f6hepunkt einer Auseinandersetzung, die immer befremdlichere Z\u00fcge annimmt. Es geht um einen Verein, der seit 2015 humanit\u00e4re Hilfe in den Donbass geliefert hat:\u2026","rel":"","context":"In &quot;Frieden - Antifaschismus - Solidarit\u00e4t&quot;","block_context":{"text":"Frieden - Antifaschismus - Solidarit\u00e4t","link":"https:\/\/www.freidenker.org\/?cat=13"},"img":{"alt_text":"","src":"https:\/\/i0.wp.com\/www.freidenker.org\/fw17\/wp-content\/uploads\/2026\/01\/kinder_jelenovka_800x450.jpg?fit=800%2C450&ssl=1&resize=350%2C200","width":350,"height":200,"srcset":"https:\/\/i0.wp.com\/www.freidenker.org\/fw17\/wp-content\/uploads\/2026\/01\/kinder_jelenovka_800x450.jpg?fit=800%2C450&ssl=1&resize=350%2C200 1x, https:\/\/i0.wp.com\/www.freidenker.org\/fw17\/wp-content\/uploads\/2026\/01\/kinder_jelenovka_800x450.jpg?fit=800%2C450&ssl=1&resize=525%2C300 1.5x, https:\/\/i0.wp.com\/www.freidenker.org\/fw17\/wp-content\/uploads\/2026\/01\/kinder_jelenovka_800x450.jpg?fit=800%2C450&ssl=1&resize=700%2C400 2x"},"classes":[]},{"id":24288,"url":"https:\/\/www.freidenker.org\/?p=24288","url_meta":{"origin":17332,"position":2},"title":"Vom Hilfstransport zum Staatsfeind","author":"Webredaktion","date":"26. Januar 2026","format":false,"excerpt":"Der Fall \u201eFriedensbr\u00fccke\u201c und die neue Grenze zwischen Humanit\u00e4t und Staatsschutz Ein Meinungsbeitrag von Sabiene Jahn Am Morgen des 21. Januar 2026 l\u00e4sst der Generalbundesanwalt in Berlin und Brandenburg drei Personen festnehmen. Einer deutsch-ukrainischen Staatsb\u00fcrgerin wird geheimdienstliche Agentent\u00e4tigkeit vorgeworfen, zwei weiteren Beschuldigten die Unterst\u00fctzung einer \u201eausl\u00e4ndischen terroristischen Vereinigung\u201c. Im Zentrum\u2026","rel":"","context":"In &quot;Demokratie \u2013 Medien \u2013 Aufkl\u00e4rung&quot;","block_context":{"text":"Demokratie \u2013 Medien \u2013 Aufkl\u00e4rung","link":"https:\/\/www.freidenker.org\/?cat=12"},"img":{"alt_text":"","src":"https:\/\/i0.wp.com\/www.freidenker.org\/fw17\/wp-content\/uploads\/2026\/01\/kilinc_150225_800x450.jpg?fit=800%2C450&ssl=1&resize=350%2C200","width":350,"height":200,"srcset":"https:\/\/i0.wp.com\/www.freidenker.org\/fw17\/wp-content\/uploads\/2026\/01\/kilinc_150225_800x450.jpg?fit=800%2C450&ssl=1&resize=350%2C200 1x, https:\/\/i0.wp.com\/www.freidenker.org\/fw17\/wp-content\/uploads\/2026\/01\/kilinc_150225_800x450.jpg?fit=800%2C450&ssl=1&resize=525%2C300 1.5x, https:\/\/i0.wp.com\/www.freidenker.org\/fw17\/wp-content\/uploads\/2026\/01\/kilinc_150225_800x450.jpg?fit=800%2C450&ssl=1&resize=700%2C400 2x"},"classes":[]},{"id":22155,"url":"https:\/\/www.freidenker.org\/?p=22155","url_meta":{"origin":17332,"position":3},"title":"Zehn Jahre Friedensbr\u00fccke e.V.: &#8222;Bundesrepublik kriminalisiert humanit\u00e4re Hilfe als Terrorunterst\u00fctzung&#8220;","author":"Webredaktion","date":"20. Juni 2025","format":false,"excerpt":"Video-Interview von Iwan Poljanskij mit Liane Kilinc Der deutsche Verein \u201eFriedensbr\u00fccke \u2013 Kriegsopferhilfe\u201c feierte am 18. Juni 2025 sein zehnj\u00e4hriges Bestehen. Die Organisation unterst\u00fctzt Opfer bewaffneter Konflikte in verschiedenen L\u00e4ndern \u2013 darunter auch in den Volksrepubliken Donezk und Lugansk. Die Vorsitzende des Vereins, Liane Kilinc, sprach im Interview mit RT\u2026","rel":"","context":"In &quot;Frieden - Antifaschismus - Solidarit\u00e4t&quot;","block_context":{"text":"Frieden - Antifaschismus - Solidarit\u00e4t","link":"https:\/\/www.freidenker.org\/?cat=13"},"img":{"alt_text":"","src":"https:\/\/i0.wp.com\/www.freidenker.org\/fw17\/wp-content\/uploads\/2025\/06\/Kilinc_Interview_800x450.jpg?fit=800%2C450&ssl=1&resize=350%2C200","width":350,"height":200,"srcset":"https:\/\/i0.wp.com\/www.freidenker.org\/fw17\/wp-content\/uploads\/2025\/06\/Kilinc_Interview_800x450.jpg?fit=800%2C450&ssl=1&resize=350%2C200 1x, https:\/\/i0.wp.com\/www.freidenker.org\/fw17\/wp-content\/uploads\/2025\/06\/Kilinc_Interview_800x450.jpg?fit=800%2C450&ssl=1&resize=525%2C300 1.5x, https:\/\/i0.wp.com\/www.freidenker.org\/fw17\/wp-content\/uploads\/2025\/06\/Kilinc_Interview_800x450.jpg?fit=800%2C450&ssl=1&resize=700%2C400 2x"},"classes":[]},{"id":22114,"url":"https:\/\/www.freidenker.org\/?p=22114","url_meta":{"origin":17332,"position":4},"title":"Die deutsche Politik gef\u00e4hrdet humanit\u00e4re Hilfe in Kriegsgebieten","author":"Webredaktion","date":"13. Juni 2025","format":false,"excerpt":"Beitrag von Dagmar Henn Manchmal dauert es ein paar Tage, bis sich die Bedeutung eines Ereignisses in ihrer ganzen Breite erschlie\u00dft. Das ist mit dem Vorgehen des Generalbundesanwalts gegen den Hilfsverein \"Friedensbr\u00fccke-Kriegsopferhilfe e.V.\" nicht anders. Die gro\u00dfen Hilfsorganisationen haben nur in einer Hinsicht Gl\u00fcck:\u00a0Die Tatsache, dass die beiden Personen, gegen\u2026","rel":"","context":"In &quot;Frieden - Antifaschismus - Solidarit\u00e4t&quot;","block_context":{"text":"Frieden - Antifaschismus - Solidarit\u00e4t","link":"https:\/\/www.freidenker.org\/?cat=13"},"img":{"alt_text":"","src":"https:\/\/i0.wp.com\/www.freidenker.org\/fw17\/wp-content\/uploads\/2025\/06\/friedensbruecke_Transport83_bild4_800x450.jpg?fit=800%2C450&ssl=1&resize=350%2C200","width":350,"height":200,"srcset":"https:\/\/i0.wp.com\/www.freidenker.org\/fw17\/wp-content\/uploads\/2025\/06\/friedensbruecke_Transport83_bild4_800x450.jpg?fit=800%2C450&ssl=1&resize=350%2C200 1x, https:\/\/i0.wp.com\/www.freidenker.org\/fw17\/wp-content\/uploads\/2025\/06\/friedensbruecke_Transport83_bild4_800x450.jpg?fit=800%2C450&ssl=1&resize=525%2C300 1.5x, https:\/\/i0.wp.com\/www.freidenker.org\/fw17\/wp-content\/uploads\/2025\/06\/friedensbruecke_Transport83_bild4_800x450.jpg?fit=800%2C450&ssl=1&resize=700%2C400 2x"},"classes":[]},{"id":16106,"url":"https:\/\/www.freidenker.org\/?p=16106","url_meta":{"origin":17332,"position":5},"title":"Gestrandet in Moskau: Liane Kilinc","author":"Webredaktion","date":"18. Mai 2023","format":false,"excerpt":"Videointerview von Ulrich Heyden mit Liane Kilinc Die Vorsitzende des Vereins \"Friedensbr\u00fccke-Kriegsopferhilfe e.V.\", Liane Kilinc, war in der zweiten April-H\u00e4lfte 16 Tage in der Volksrepublik Donezk, um die Verteilung Spenden-finanzierte humanit\u00e4rer Hilfe, die ihre Organisation mit organisiert zu begutachten und den Kontakt zu den \u00f6rtlichen Verwaltungen und freiwilligen Helfern zu\u2026","rel":"","context":"In &quot;Frieden - Antifaschismus - Solidarit\u00e4t&quot;","block_context":{"text":"Frieden - Antifaschismus - Solidarit\u00e4t","link":"https:\/\/www.freidenker.org\/?cat=13"},"img":{"alt_text":"","src":"https:\/\/i0.wp.com\/www.freidenker.org\/fw17\/wp-content\/uploads\/2023\/05\/kilinc_heyden_v2_800x450.jpg?fit=800%2C450&ssl=1&resize=350%2C200","width":350,"height":200,"srcset":"https:\/\/i0.wp.com\/www.freidenker.org\/fw17\/wp-content\/uploads\/2023\/05\/kilinc_heyden_v2_800x450.jpg?fit=800%2C450&ssl=1&resize=350%2C200 1x, https:\/\/i0.wp.com\/www.freidenker.org\/fw17\/wp-content\/uploads\/2023\/05\/kilinc_heyden_v2_800x450.jpg?fit=800%2C450&ssl=1&resize=525%2C300 1.5x, https:\/\/i0.wp.com\/www.freidenker.org\/fw17\/wp-content\/uploads\/2023\/05\/kilinc_heyden_v2_800x450.jpg?fit=800%2C450&ssl=1&resize=700%2C400 2x"},"classes":[]}],"_links":{"self":[{"href":"https:\/\/www.freidenker.org\/index.php?rest_route=\/wp\/v2\/posts\/17332","targetHints":{"allow":["GET"]}}],"collection":[{"href":"https:\/\/www.freidenker.org\/index.php?rest_route=\/wp\/v2\/posts"}],"about":[{"href":"https:\/\/www.freidenker.org\/index.php?rest_route=\/wp\/v2\/types\/post"}],"author":[{"embeddable":true,"href":"https:\/\/www.freidenker.org\/index.php?rest_route=\/wp\/v2\/users\/3"}],"replies":[{"embeddable":true,"href":"https:\/\/www.freidenker.org\/index.php?rest_route=%2Fwp%2Fv2%2Fcomments&post=17332"}],"version-history":[{"count":0,"href":"https:\/\/www.freidenker.org\/index.php?rest_route=\/wp\/v2\/posts\/17332\/revisions"}],"wp:featuredmedia":[{"embeddable":true,"href":"https:\/\/www.freidenker.org\/index.php?rest_route=\/wp\/v2\/media\/17333"}],"wp:attachment":[{"href":"https:\/\/www.freidenker.org\/index.php?rest_route=%2Fwp%2Fv2%2Fmedia&parent=17332"}],"wp:term":[{"taxonomy":"category","embeddable":true,"href":"https:\/\/www.freidenker.org\/index.php?rest_route=%2Fwp%2Fv2%2Fcategories&post=17332"},{"taxonomy":"post_tag","embeddable":true,"href":"https:\/\/www.freidenker.org\/index.php?rest_route=%2Fwp%2Fv2%2Ftags&post=17332"}],"curies":[{"name":"wp","href":"https:\/\/api.w.org\/{rel}","templated":true}]}}