{"id":17303,"date":"2023-10-21T14:42:37","date_gmt":"2023-10-21T12:42:37","guid":{"rendered":"https:\/\/www.freidenker.org\/?p=17303"},"modified":"2023-11-14T00:55:31","modified_gmt":"2023-11-13T23:55:31","slug":"streit-um-impfstoffpatente-ist-der-who-pandemievertrag-gefaehrdet","status":"publish","type":"post","link":"https:\/\/www.freidenker.org\/?p=17303","title":{"rendered":"Streit um Impfstoffpatente \u2013 ist der WHO-Pandemievertrag gef\u00e4hrdet?"},"content":{"rendered":"<p><strong>Beim Weltgesundheitsgipfel fand eine Auswertung der Coronapandemie aus Sicht der Pharma- und IT-Lobby statt. Zudem wurden Vorschl\u00e4ge f\u00fcr zuk\u00fcnftig noch gr\u00f6\u00dfere Impf-Profite und eine verbesserte Zensur von &#8222;Desinformation&#8220; entwickelt. Die Presse hat sich daf\u00fcr nicht interessiert. <\/strong><\/p>\n<p><em>Von <strong>Felicitas Rabe<\/strong><\/em><\/p>\n<p><span style=\"font-size: 10pt;\">Erstver\u00f6ffentlichung am 19.10.2023 auf <a href=\"https:\/\/freeassange.rtde.life\/international\/184295-streit-um-impfstoffpatente-ist-who\/\" target=\"_blank\" rel=\"noopener\">RT DE<\/a><\/span><\/p>\n<p>F\u00fcr die Mainstreammedien sei der Weltgesundheitsgipfel 2023 offenbar zu unwichtig gewesen, um dar\u00fcber zu berichten, <a href=\"https:\/\/norberthaering.de\/macht-kontrolle\/world-health-summit-2023\/\">kommentierte<\/a> der Wirtschaftsjournalist Norbert H\u00e4ring ironisch das laute Schweigen der Presse zu der Gro\u00dfveranstaltung, die vom 15. bis zum 17. Oktober in Berlin stattfand. In seinem Artikel bewertet H\u00e4ring anhand der Inhalte eines auf <em>Youtube<\/em>\u00a0<a href=\"https:\/\/www.youtube.com\/watch?v=uE-fj02-Grc\">gesendeten<\/a> Hauptpanels der Konferenz die Ziele und Interessen der Konferenzteilnehmer. Die internationale Veranstaltung, bei der in diesem Jahr 4.000 Teilnehmer aus rund 100 L\u00e4ndern in Berlin zusammenkamen, werde teils von \u00f6ffentlichen Geldern, aber zur H\u00e4lfte auch von Konzernen und deren Stiftungen finanziert, ma\u00dfgeblich von der Pharma- und der IT-Branche. H\u00e4ring zufolge trifft sich dabei in Berlin das Who\u00b4s who des Gesundheitssektors.<\/p>\n<p>Zu den <a href=\"https:\/\/www.worldhealthsummit.org\/partner\/sponsoring-partners.html\">Geldgebern<\/a> geh\u00f6rten Pfizer, Johnson &amp; Johnson, Abbott, Siemens Healthineers, die Bill and Melinda Gates Foundation, Youtube Health sowie die Impflobbyorganisation Cepi, welche wiederum ma\u00dfgeblich von der Stiftung des Microsoft-Gr\u00fcnders Bill Gates finanziert wird. Weitere Financiers seien unter anderem Roche und Gilead, der deutsche Pharmaverband vfa, die Rockefeller Foundation und der Wellcome Trust. Nach H\u00e4rings Einsch\u00e4tzung wird \u00fcber die H\u00e4lfte der Konferenzkosten von Geldgebern mit direktem kommerziellen Interesse finanziert.<\/p>\n<h5>\u00c4rmere L\u00e4nder sollen Impfstoffe und Medikamente per Spenden finanzieren \u00a0\u2013 Patentrechte aufzugeben kommt nicht infrage<\/h5>\n<p>So zeige schon die Zusammensetzung des von H\u00e4ring ausgewerteten Panels zum Thema &#8222;Lehren aus Covid-19&#8220; den Einfluss der privaten Geldgeber. Auf dem Podium sa\u00dfen neben Karl Lauterbach und Christian Drosten auch der Chef des Pharmaverbands IFPMA, Thomas Cueni, und die Chefin der Access to Medicine Foundation, Jayasree K. Iyre. Letztere werde direkt von der Gates-Stiftung finanziert. Dementsprechend habe sie auch im Sinne der Stiftung argumentiert,<\/p>\n<blockquote><p><em>&#8222;dass Zugang zu Impfstoffen und Medikamenten f\u00fcr arme L\u00e4nder im Pandemiefall vor allem \u00fcber Impfstoffspenden herzustellen ist, und nicht etwa \u00fcber zeitweise Einschr\u00e4nkung von Patentrechten&#8220;, fasste H\u00e4ring ihre Verteidigung der Patente zusammen.<\/em><\/p><\/blockquote>\n<p>Zus\u00e4tzlich habe Lauterbach jede Einschr\u00e4nkung von Patentrechten f\u00fcr inakzeptabel erkl\u00e4rt. Wogegen Christian Drosten seine Interessen im &#8222;Virentestgewerbe&#8220; offengelegt habe: Er dr\u00e4ngte auf massive Ausweitung der Vorsorgetesterei und auf Ausweitung der Laborkapazit\u00e4ten. Der Pharmalobbyist habe sich auf &#8222;wolkige Appelle&#8220; f\u00fcr die \u00f6ffentlich-private Partnerschaft bei der Pandemiebek\u00e4mpfung beschr\u00e4nkt. Bei diesen &#8222;Partnerschaften&#8220; gehen die Profite an die Pharmakonzerne bzw. deren Aktion\u00e4re, w\u00e4hrend die Kosten und Risiken vom Staat bzw. vom Steuerzahler \u00fcbernommen werden.<\/p>\n<h5>Ist der WHO-Pandemievertrag gef\u00e4hrdet?<\/h5>\n<p>Eine besondere Entwicklung identifizierte der Wirtschaftsjournalist anhand der Aussagen dieser prominenten Pandemievertreter auf dem Podium: &#8222;Der von den etablierten Medien so gut wie totgeschwiegene <a href=\"https:\/\/freedert.online\/international\/176177-anwaeltin-holzeisen-zum-who-pandemievertrag\/\">WHO-Pandemievertrag<\/a> scheint auf der Kippe zu stehen,&#8220; mutma\u00dft H\u00e4ring. Mit anderen Worten: Zwar wisse die \u00d6ffentlichkeit kaum etwas \u00fcber die eigentlich geplante Macht\u00fcbertragung der WHO-Mitgliedsl\u00e4nder an die Weltgesundheitsorganisation \u2013 aber sie erfahre auch nichts dar\u00fcber, dass diese Pl\u00e4ne wom\u00f6glich gef\u00e4hrdet sind.<\/p>\n<p>Der <em><a href=\"https:\/\/www.aerztezeitung.de\/Politik\/WHO-Chef-Jetzt-nicht-die-Lehren-aus-der-COVID-19-Pandemie-auf-den-Muell-werfen-443743.html\">\u00c4rztezeitung<\/a><\/em> zufolge habe der per Video zugeschaltete WHO-Generalsekret\u00e4r Tedros Ghebreyesus gleich in seiner Er\u00f6ffnungsansprache verk\u00fcndet, er sei &#8222;sehr beunruhigt, dass die Verhandlungen \u00fcber das Pandemieabkommen stocken&#8220;. Anscheinend liege das daran, so H\u00e4ring, dass der WHO-Pandemievertrag die Autonomie \u00e4rmerer L\u00e4nder zu sehr beschneiden w\u00fcrde und daran, dass die reichen L\u00e4nder bzw. deren Pharmakonzerne im Pandemiefall keinerlei Einschr\u00e4nkung von Patentrechten akzeptieren wollten. Ohne private Eigentumsrechte an Patenten werde der Pandemievertrag nicht umgesetzt, machte Lauterbach klar. Denn schlie\u00dflich sei es &#8222;Teil unserer DNA, dass wir internationale Eigentumsrechte brauchen \u2026&#8220;<\/p>\n<p>&#8222;(&#8230;) F\u00fcr L\u00e4nder wie Deutschland und die meisten europ\u00e4ischen L\u00e4nder ist klar, dass ein solches Abkommen nicht funktionieren wird, wenn es eine gro\u00dfe Einschr\u00e4nkung der Eigentumsrechte gibt. Es ist Teil unserer DNA, dass wir internationale Eigentumsrechte brauchen, um in Impfstoffe, in Therapien, in Diagnostika und so weiter zu investieren. (\u2026) Es ist klar, dass ein Abkommen, das die Rechte an geistigem Eigentum einschr\u00e4nkt, sehr unwahrscheinlich ist, erfolgreich zu sein,&#8220; zitierte H\u00e4ring den deutschen Gesundheitsminister.<\/p>\n<p>Gleichzeitig habe Lauterbach aber auch eingestanden, dass der Vertrag an der vorgesehenen Entmachtung der Regierungen der Mitgliedsl\u00e4nder scheitern k\u00f6nnte. Daher d\u00fcrfe nicht der Eindruck entstehen, &#8222;dass durch die Vereinbarung die Entscheidungsautonomie der Regierungen beschnitten w\u00fcrde&#8220;. Und obwohl Lauterbach hier erstmals \u00f6ffentlich das m\u00f6gliche Scheitern des WHO-Pandemievertrags einr\u00e4umte, sei auch das den Medien keine Meldung wert.<\/p>\n<h5>Die Pharma-Lobbyisten f\u00fcrchten eine &#8222;Fehlinformationspandemie&#8220; \u2013 Drosten fordert Liste &#8222;zuverl\u00e4ssiger&#8220; Wissenschaftler<\/h5>\n<p>Ein weiteres Thema des &#8222;Lehren aus Covid-19&#8220;-Panels sei die Bew\u00e4ltigung der &#8222;Desinformation&#8220; gewesen. Man befinde sich in Bezug auf die Desinformation inzwischen in einer schwierigeren Lage als vor der Pandemie, habe Lauterbach festgestellt und gewarnt:<\/p>\n<blockquote><p><em>&#8222;Die Fehlinformationspandemie, die jetzt weit verbreitet ist, ist eine st\u00e4ndige Pandemie.&#8220;<\/em><\/p><\/blockquote>\n<p>Mit dem Pandemievertrag k\u00f6nne man allerdings sicherstellen, dass man auf die Bew\u00e4ltigung der Desinformation besser vorbereitet sei. Teil der Zensurstrategie sei die Etablierung eines &#8222;<a href=\"https:\/\/norberthaering.de\/propaganda-zensur\/who-fact-checking-training\/\">weltweiten Netzes von Wahrheitsw\u00e4chtern.<\/a>&#8220; Um die Meinungshoheit zu festigen, forderte Christian Drosten auf der Konferenz zudem die Erstellung von Listen mit &#8222;zuverl\u00e4ssigen&#8220; Wissenschaftlern. Nur diese &#8222;zuverl\u00e4ssigen&#8220; Akademiker sollten sich zu einschl\u00e4gigen Fragen \u00e4u\u00dfern d\u00fcrfen.<\/p>\n<p>Aus dem Impfdesaster habe man auf dem Panel &#8222;Lehren aus der Covid-19-Pandemie&#8220; keine Lehren ziehen wollen, konstatierte H\u00e4ring. Lauterbach habe lange \u00fcber das\u00a0 sogenannte <a href=\"https:\/\/norberthaering.de\/news\/lauterbach-gibt-zu-dass-er-impfschaeden-zu-long-covid-umetikettieren-laesst\/\">Long-Covid-Syndrom <\/a>gesprochen, aber &#8222;kein einziges Wort \u00fcber Impfsch\u00e4den und die entt\u00e4uschende Wirksamkeit der Impfstoffe relativ zu den anfangs gesch\u00fcrten sehr hohen Erwartungen&#8220; verloren. Auch keinem der anderen Panel-Teilnehmer seien die Impfwirkungen und -Nebenwirkungen eine Wortmeldung wert gewesen.<\/p>\n<h5>&#8222;Lehren&#8220; aus der Covid-19-Pandemie: Psychische Erkrankungen von Kindern und Jugendlichen wegen &#8222;Klimawandelfrust&#8220;<\/h5>\n<p>Den enormen Anstieg psychischer und psychiatrischer Erkrankungen bei Jugendlichen w\u00e4hrend der Pandemiezeit f\u00fchrte man nicht auf die Dauer-Panikmache, die Drangsalierung mit Lockdowns, Kontaktsperren und Masken zur\u00fcck oder auf das Zuschieben der Verantwortung der Kinder und Jugendlichen f\u00fcr das Leben der Gro\u00dfeltern. Nein, stattdessen erkl\u00e4rte die <a href=\"https:\/\/www.imperial.ac.uk\/people\/o.el-omrani\">junge \u00c4rztin vom Imperial College<\/a> in London, Omnia El Omrani, &#8222;dass die Jugend in Sachen Klimawandel nicht ausreichend geh\u00f6rt wird und deshalb frustriert ist&#8220;. Die psychische Erkrankungsrate sei aufgrund mangelnder Aufmerksamkeit f\u00fcr jugendliche Klima-Aktivisten gestiegen. Infolgedessen brauche es zur Wiederherstellung der geistigen Gesundheit der Jugend eine andere Klimapolitik! Diese Argumentationslinie wolle man weiter ausbauen, stellte H\u00e4ring fest.<\/p>\n<p>In seinem Fazit schrieb der Wirtschaftsjournalist: &#8222;Die wichtigste Erkenntnis ist, dass man auf keinen Fall dem globalen und nationalen gesundheitspolitischen Establishment freie Hand und mehr Macht geben darf. Denn es ist aufs Engste mit den Interessen der gro\u00dfen Pharma- und IT-Konzerne verwoben und stellt diese weit \u00fcber die Interessen der Bev\u00f6lkerung.&#8220;<\/p>\n<p style=\"text-align: right;\"><em>Felicitas Rabe ist freie Journalistin. Am 29. Mai 2023 berichtete die Autorin \u00fcber die <a href=\"https:\/\/www.freidenker.org\/?p=16200\">Konferenz der Weltunion der Freidenker<\/a><\/em><\/p>\n<hr \/>\n<p><span style=\"font-size: 10pt;\">Bild oben: <a href=\"https:\/\/pixabay.com\/de\/photos\/impfung-heilung-medizin-virus-5897391\/\" target=\"_blank\" rel=\"noopener\">pixabay.com<\/a> \/ <a class=\"userName--owby3\" href=\"https:\/\/pixabay.com\/de\/users\/hakangerman-3738496\/\" target=\"_blank\" rel=\"noopener\">HakanGERMAN<\/a> \/ <a href=\"https:\/\/pixabay.com\/de\/service\/license-summary\/\" target=\"_blank\" rel=\"noopener\">Inhaltslizenz<\/a><\/span><\/p>\n","protected":false},"excerpt":{"rendered":"<p><b>Beitrag von Felicitas Rabe<\/b><br \/>\nF\u00fcr die Mainstreammedien sei der Weltgesundheitsgipfel 2023 offenbar zu unwichtig gewesen, um dar\u00fcber zu berichten, kommentierte der Wirtschaftsjournalist Norbert H\u00e4ring ironisch das laute Schweigen der Presse zu der Gro\u00dfveranstaltung, die vom 15. bis zum 17. Oktober in Berlin stattfand. In seinem Artikel bewertet H\u00e4ring anhand der Inhalte eines auf Youtube\u00a0gesendeten Hauptpanels der Konferenz die Ziele und Interessen der Konferenzteilnehmer. Die internationale Veranstaltung, bei der in diesem Jahr 4.000 Teilnehmer aus rund 100 L\u00e4ndern in Berlin zusammenkamen, werde teils von \u00f6ffentlichen Geldern, aber zur H\u00e4lfte auch von Konzernen und deren Stiftungen finanziert, ma\u00dfgeblich von der Pharma- und der IT-Branche. H\u00e4ring zufolge trifft sich dabei in Berlin das Who\u00b4s who des Gesundheitssektors.<\/p>\n","protected":false},"author":3,"featured_media":17311,"comment_status":"closed","ping_status":"closed","sticky":false,"template":"","format":"standard","meta":{"colormag_page_container_layout":"default_layout","colormag_page_sidebar_layout":"default_layout","advanced_seo_description":"","jetpack_seo_html_title":"","jetpack_seo_noindex":false,"jetpack_post_was_ever_published":false,"footnotes":""},"categories":[12],"tags":[1256,1969,577,1816,1455,357,1176,1257,1274,1267],"class_list":["post-17303","post","type-post","status-publish","format-standard","has-post-thumbnail","hentry","category-demokratie-medien-aufklaerung","tag-corona-virus","tag-fehlinformation","tag-gesundheitspolitik","tag-impfstoff","tag-interessen","tag-konferenz","tag-lobbyismus","tag-pandemie","tag-pharmaindustrie","tag-who"],"jetpack_featured_media_url":"https:\/\/i0.wp.com\/www.freidenker.org\/fw17\/wp-content\/uploads\/2023\/10\/vaccine-5897391_800x450.jpg?fit=800%2C450&ssl=1","jetpack_shortlink":"https:\/\/wp.me\/p9stpK-4v5","jetpack-related-posts":[{"id":21547,"url":"https:\/\/www.freidenker.org\/?p=21547","url_meta":{"origin":17303,"position":0},"title":"DGB-Ostermarsch-Erkl\u00e4rung l\u00e4sst staunen: Deutschland soll aufr\u00fcsten","author":"Webredaktion","date":"24. April 2025","format":false,"excerpt":"Beitrag von Felicitas Rabe Traditionell demonstriert die Friedensbewegung an den Osterfeiertagen landesweit gegen Aufr\u00fcstung und Krieg und f\u00fcr Diplomatie und Frieden. In seiner Erkl\u00e4rung zu den Osterm\u00e4rschen 2025 hat sich der Deutsche Gewerkschaftsbund (DGB) nun ganz aktuell f\u00fcr eine \"Aufr\u00fcstung zur Erh\u00f6hung der Verteidigungsf\u00e4higkeit\" ausgesprochen. Am Freitag kritisierte der Publizist\u2026","rel":"","context":"In &quot;Demokratie \u2013 Medien \u2013 Aufkl\u00e4rung&quot;","block_context":{"text":"Demokratie \u2013 Medien \u2013 Aufkl\u00e4rung","link":"https:\/\/www.freidenker.org\/?cat=12"},"img":{"alt_text":"","src":"https:\/\/i0.wp.com\/www.freidenker.org\/fw17\/wp-content\/uploads\/2025\/04\/PzD_Stalingrad_15_09_1942_800x450.jpg?fit=800%2C450&ssl=1&resize=350%2C200","width":350,"height":200,"srcset":"https:\/\/i0.wp.com\/www.freidenker.org\/fw17\/wp-content\/uploads\/2025\/04\/PzD_Stalingrad_15_09_1942_800x450.jpg?fit=800%2C450&ssl=1&resize=350%2C200 1x, https:\/\/i0.wp.com\/www.freidenker.org\/fw17\/wp-content\/uploads\/2025\/04\/PzD_Stalingrad_15_09_1942_800x450.jpg?fit=800%2C450&ssl=1&resize=525%2C300 1.5x, https:\/\/i0.wp.com\/www.freidenker.org\/fw17\/wp-content\/uploads\/2025\/04\/PzD_Stalingrad_15_09_1942_800x450.jpg?fit=800%2C450&ssl=1&resize=700%2C400 2x"},"classes":[]},{"id":17606,"url":"https:\/\/www.freidenker.org\/?p=17606","url_meta":{"origin":17303,"position":1},"title":"Lauterbach und BMG verweigern Aufkl\u00e4rung zu Bakterien-DNA in Impfstoffen","author":"Webredaktion","date":"5. Dezember 2023","format":false,"excerpt":"Beitrag von Bernhard Loyen Erneut erfahren kritische B\u00fcrger wie auch leidtragende belastete Opfer einer im stillen Vertrauen erhaltenen sogenannten \"COVID-19-Impfung\" wichtige Informationen \u00fcber m\u00f6gliche Gr\u00fcnde f\u00fcr k\u00f6rperliche Sch\u00e4den aus den sogenannten alternativen Medien. So aktuell durch einen\u00a0Artikel des Finanzjournalisten, Bloggers und Autoren Norbert H\u00e4ring mit dem Titel: \"Bakterien-DNA in Impfstoffen:\u2026","rel":"","context":"In &quot;Arbeit &amp; Soziales&quot;","block_context":{"text":"Arbeit &amp; Soziales","link":"https:\/\/www.freidenker.org\/?cat=11"},"img":{"alt_text":"","src":"https:\/\/i0.wp.com\/www.freidenker.org\/fw17\/wp-content\/uploads\/2023\/12\/Lauterbach_2023_Koeln_800x450.jpg?fit=800%2C450&ssl=1&resize=350%2C200","width":350,"height":200,"srcset":"https:\/\/i0.wp.com\/www.freidenker.org\/fw17\/wp-content\/uploads\/2023\/12\/Lauterbach_2023_Koeln_800x450.jpg?fit=800%2C450&ssl=1&resize=350%2C200 1x, https:\/\/i0.wp.com\/www.freidenker.org\/fw17\/wp-content\/uploads\/2023\/12\/Lauterbach_2023_Koeln_800x450.jpg?fit=800%2C450&ssl=1&resize=525%2C300 1.5x, https:\/\/i0.wp.com\/www.freidenker.org\/fw17\/wp-content\/uploads\/2023\/12\/Lauterbach_2023_Koeln_800x450.jpg?fit=800%2C450&ssl=1&resize=700%2C400 2x"},"classes":[]},{"id":11202,"url":"https:\/\/www.freidenker.org\/?p=11202","url_meta":{"origin":17303,"position":2},"title":"Kriegsparteien sind nicht w\u00e4hlbar, weil sie eine Gefahr f\u00fcr den Frieden sind!","author":"Webredaktion","date":"18. September 2021","format":false,"excerpt":"Standpunkt der Initiative Kein Milit\u00e4r mehr! - Westf\u00e4lische Friedensinitiative, Hannover - M\u00fcnster\/Westf. Wer eine Zukunft ohne Krieg und ohne Wettr\u00fcsten will, muss andere als die etablierten Parteien w\u00e4hlen. Denn diese sind immer mehr zum Selbstbedienungsobjekt von Macht- und Geldgierigen geworden, die zwar viel versprechen aber\u00a0 alle\u00a0\u00a0Lehren aus zwei Weltkriegen vergessen\u2026","rel":"","context":"In &quot;Frieden - Antifaschismus - Solidarit\u00e4t&quot;","block_context":{"text":"Frieden - Antifaschismus - Solidarit\u00e4t","link":"https:\/\/www.freidenker.org\/?cat=13"},"img":{"alt_text":"","src":"https:\/\/i0.wp.com\/www.freidenker.org\/fw17\/wp-content\/uploads\/2021\/09\/keine_kriegsparteien_800x450.jpg?fit=800%2C450&ssl=1&resize=350%2C200","width":350,"height":200,"srcset":"https:\/\/i0.wp.com\/www.freidenker.org\/fw17\/wp-content\/uploads\/2021\/09\/keine_kriegsparteien_800x450.jpg?fit=800%2C450&ssl=1&resize=350%2C200 1x, https:\/\/i0.wp.com\/www.freidenker.org\/fw17\/wp-content\/uploads\/2021\/09\/keine_kriegsparteien_800x450.jpg?fit=800%2C450&ssl=1&resize=525%2C300 1.5x, https:\/\/i0.wp.com\/www.freidenker.org\/fw17\/wp-content\/uploads\/2021\/09\/keine_kriegsparteien_800x450.jpg?fit=800%2C450&ssl=1&resize=700%2C400 2x"},"classes":[]},{"id":9180,"url":"https:\/\/www.freidenker.org\/?p=9180","url_meta":{"origin":17303,"position":3},"title":"Bill Gates und die weltweite Impfstrategie","author":"Webredaktion","date":"10. Januar 2021","format":false,"excerpt":"Beitrag von Prof. Dr. med. Hannes Wandt Im Zusammenhang mit der Corona-Pandemie ist Bill Gates ins Zentrum des ver\u00f6ffentlichten Interesses geraten. \u201eVerschw\u00f6rungstheoretiker\u201c behaupteten anfangs sogar, er habe bewusst f\u00fcr die weltweite Verbreitung von SarsCoV2 gesorgt, um die ganze Menschheit impfen lassen zu k\u00f6nnen. Manche dieser Theoretiker haben sich zus\u00e4tzlich dazu\u2026","rel":"","context":"In &quot;Arbeit &amp; Soziales&quot;","block_context":{"text":"Arbeit &amp; Soziales","link":"https:\/\/www.freidenker.org\/?cat=11"},"img":{"alt_text":"","src":"https:\/\/i0.wp.com\/www.freidenker.org\/fw17\/wp-content\/uploads\/2021\/01\/impfen_forced-vaccination-5291869_800x450.jpg?fit=800%2C450&ssl=1&resize=350%2C200","width":350,"height":200,"srcset":"https:\/\/i0.wp.com\/www.freidenker.org\/fw17\/wp-content\/uploads\/2021\/01\/impfen_forced-vaccination-5291869_800x450.jpg?fit=800%2C450&ssl=1&resize=350%2C200 1x, https:\/\/i0.wp.com\/www.freidenker.org\/fw17\/wp-content\/uploads\/2021\/01\/impfen_forced-vaccination-5291869_800x450.jpg?fit=800%2C450&ssl=1&resize=525%2C300 1.5x, https:\/\/i0.wp.com\/www.freidenker.org\/fw17\/wp-content\/uploads\/2021\/01\/impfen_forced-vaccination-5291869_800x450.jpg?fit=800%2C450&ssl=1&resize=700%2C400 2x"},"classes":[]},{"id":16277,"url":"https:\/\/www.freidenker.org\/?p=16277","url_meta":{"origin":17303,"position":4},"title":"WHO-Google-Vereinbarung zum weltweiten &#8222;Schutz vor Desinformation&#8220;","author":"Webredaktion","date":"9. Juni 2023","format":false,"excerpt":"Analyse von Felicitas Rabe Laut der Weltgesundheitsorganisation f\u00fchre die Verbreitung von Fehlinformationen zu einer bedrohlichen \"Infodemie\". Die WHO-Initiative \"Wehrhaftigkeit gegen\u00fcber neuen Bedrohungen\" (Preparedness and Resilience for Emerging Threats) PRET behauptet, so eine Infodemie stelle selbst dann eine Bedrohung dar, wenn die Informationen \"korrekt\" seien. In einer umfassenden Analyse auf Global\u2026","rel":"","context":"In &quot;Demokratie \u2013 Medien \u2013 Aufkl\u00e4rung&quot;","block_context":{"text":"Demokratie \u2013 Medien \u2013 Aufkl\u00e4rung","link":"https:\/\/www.freidenker.org\/?cat=12"},"img":{"alt_text":"","src":"https:\/\/i0.wp.com\/www.freidenker.org\/fw17\/wp-content\/uploads\/2023\/06\/demo_aug2021_rabe_800x450.jpg?fit=800%2C450&ssl=1&resize=350%2C200","width":350,"height":200,"srcset":"https:\/\/i0.wp.com\/www.freidenker.org\/fw17\/wp-content\/uploads\/2023\/06\/demo_aug2021_rabe_800x450.jpg?fit=800%2C450&ssl=1&resize=350%2C200 1x, https:\/\/i0.wp.com\/www.freidenker.org\/fw17\/wp-content\/uploads\/2023\/06\/demo_aug2021_rabe_800x450.jpg?fit=800%2C450&ssl=1&resize=525%2C300 1.5x, https:\/\/i0.wp.com\/www.freidenker.org\/fw17\/wp-content\/uploads\/2023\/06\/demo_aug2021_rabe_800x450.jpg?fit=800%2C450&ssl=1&resize=700%2C400 2x"},"classes":[]},{"id":11470,"url":"https:\/\/www.freidenker.org\/?p=11470","url_meta":{"origin":17303,"position":5},"title":"Eine hohe Marge bei Impfstoffen gen\u00fcgt nicht, um eine Pandemie zu meistern","author":"Webredaktion","date":"27. Oktober 2021","format":false,"excerpt":"Beitrag von Wim De Ceukelaire Die Entwicklung von Impfstoffen gegen das Coronavirus wird allgemein als grosser Triumph der Wissenschaft angepriesen. Dies ist nicht unbedingt gerechtfertigt. ... Wirksame Impfstoffe zu entwickeln ist eine Sache. Impfstoffe in die Lage zu versetzen, eine Pandemie zu besiegen, ist eine andere Sache. In dieser Hinsicht\u2026","rel":"","context":"In &quot;Arbeit &amp; Soziales&quot;","block_context":{"text":"Arbeit &amp; Soziales","link":"https:\/\/www.freidenker.org\/?cat=11"},"img":{"alt_text":"","src":"https:\/\/i0.wp.com\/www.freidenker.org\/fw17\/wp-content\/uploads\/2021\/10\/Lava18-illus-redkitten-800x450-1.jpg?fit=800%2C450&ssl=1&resize=350%2C200","width":350,"height":200,"srcset":"https:\/\/i0.wp.com\/www.freidenker.org\/fw17\/wp-content\/uploads\/2021\/10\/Lava18-illus-redkitten-800x450-1.jpg?fit=800%2C450&ssl=1&resize=350%2C200 1x, https:\/\/i0.wp.com\/www.freidenker.org\/fw17\/wp-content\/uploads\/2021\/10\/Lava18-illus-redkitten-800x450-1.jpg?fit=800%2C450&ssl=1&resize=525%2C300 1.5x, https:\/\/i0.wp.com\/www.freidenker.org\/fw17\/wp-content\/uploads\/2021\/10\/Lava18-illus-redkitten-800x450-1.jpg?fit=800%2C450&ssl=1&resize=700%2C400 2x"},"classes":[]}],"_links":{"self":[{"href":"https:\/\/www.freidenker.org\/index.php?rest_route=\/wp\/v2\/posts\/17303","targetHints":{"allow":["GET"]}}],"collection":[{"href":"https:\/\/www.freidenker.org\/index.php?rest_route=\/wp\/v2\/posts"}],"about":[{"href":"https:\/\/www.freidenker.org\/index.php?rest_route=\/wp\/v2\/types\/post"}],"author":[{"embeddable":true,"href":"https:\/\/www.freidenker.org\/index.php?rest_route=\/wp\/v2\/users\/3"}],"replies":[{"embeddable":true,"href":"https:\/\/www.freidenker.org\/index.php?rest_route=%2Fwp%2Fv2%2Fcomments&post=17303"}],"version-history":[{"count":0,"href":"https:\/\/www.freidenker.org\/index.php?rest_route=\/wp\/v2\/posts\/17303\/revisions"}],"wp:featuredmedia":[{"embeddable":true,"href":"https:\/\/www.freidenker.org\/index.php?rest_route=\/wp\/v2\/media\/17311"}],"wp:attachment":[{"href":"https:\/\/www.freidenker.org\/index.php?rest_route=%2Fwp%2Fv2%2Fmedia&parent=17303"}],"wp:term":[{"taxonomy":"category","embeddable":true,"href":"https:\/\/www.freidenker.org\/index.php?rest_route=%2Fwp%2Fv2%2Fcategories&post=17303"},{"taxonomy":"post_tag","embeddable":true,"href":"https:\/\/www.freidenker.org\/index.php?rest_route=%2Fwp%2Fv2%2Ftags&post=17303"}],"curies":[{"name":"wp","href":"https:\/\/api.w.org\/{rel}","templated":true}]}}