{"id":17273,"date":"2023-10-12T23:50:25","date_gmt":"2023-10-12T21:50:25","guid":{"rendered":"https:\/\/www.freidenker.org\/?p=17273"},"modified":"2023-11-14T00:54:23","modified_gmt":"2023-11-13T23:54:23","slug":"kampfgipfel-in-granada","status":"publish","type":"post","link":"https:\/\/www.freidenker.org\/?p=17273","title":{"rendered":"Kampfgipfel in Granada"},"content":{"rendered":"<p><em>von <strong>Arnold Sch\u00f6lzel<\/strong><\/em><\/p>\n<p><span class=\"terms\" style=\"font-size: 10pt;\">aus der <a href=\"https:\/\/www.unsere-zeit.de\/kampfgipfel-in-granada-4784470\/\" target=\"_blank\" rel=\"noopener\">UZ vom 13. Oktober 2023<\/a><\/span><\/p>\n<p>Die Europ\u00e4ische Politische Gemeinschaft (EPG) ist eine antirussische Erfindung, die auf Initiative Emmanuel Macrons vor einem Jahr in Prag aus der Taufe gehoben wurde. Sie geh\u00f6rt zu den B\u00fcndnissen und Gremien, mit denen der \u201eKollektive Westen\u201c au\u00dferhalb der UN Fronten gegen China und Russland bildet. Da gelten dann selbstgemachte Regeln statt V\u00f6lkerrecht. Zur EPG wurden daher die Russische F\u00f6deration und die Republik Belarus gar nicht erst eingeladen; 20 L\u00e4nder, vor allem fr\u00fchere Sowjetrepubliken, sollen politisch und \u00f6konomisch von Russland abgekoppelt werden.<\/p>\n<p>Der Erfolg ist m\u00e4\u00dfig. Die gro\u00dfalbanischen Nationalisten im EU- und NATO-Protektorat Kosovo geben keine Ruhe, die Milit\u00e4raktion Aserbaidschans (Ursula von der Leyen: \u201everl\u00e4sslicher Energielieferant\u201c) gegen Bergkarabach erwischte Br\u00fcssel auf dem falschen Fu\u00df. In Granada sollte vermittelt werden, aber der aserbaidschanische Staatschef Ilham Alijew sagte kurz vorher ab, sein Verb\u00fcndeter Recep Tayyip Erdog\u02d8an auch. Alijew begr\u00fcndete die Absage mit einer \u201easerbaidschanfeindlichen Atmosph\u00e4re\u201c unter den Teilnehmern \u2013 Frankreich hatte gerade Waffen und Geld f\u00fcr Armenien angek\u00fcndigt. Zustande kam ein Treffen von EU-Ratschef Charles Michel, Olaf Scholz, Emmanuel Macron und Armeniens Ministerpr\u00e4sident Nikol Paschinjan. Dem wurden Investitionen in H\u00f6he von zwei Milliarden Euro angeboten, wenn, so die FAZ, im Gegenzug \u201eArmenien jetzt die Zollunion und das Milit\u00e4rb\u00fcndnis mit Russland aufgibt\u201c. Nach diesem Muster wurde 2013 auch dem ukrainischen Pr\u00e4sidenten Viktor Janukowitsch die EU-Pistole auf die Brust gesetzt.<\/p>\n<p>Dem folgte der Faschistenputsch 2014, dessen Vollstrecker nach Granada eingeflogen wurde. Wladimir Selenskis Botschaft bestand wie stets aus der Forderung: Mehr Waffen, mehr Geld. Damit sieht es auch nicht besonders gut aus. Am Sonntag titelte jedenfalls die \u201eNeue Z\u00fcrcher Zeitung\u201c: \u201ePanik in Kiew wegen unsicher gewordener US-Hilfe\u201c. Die Zeitung rechnete vor: Die \u201eGegenoffensive\u201c Kiews hat im September elf Quadratkilometer gebracht, in den Monaten zuvor nur territoriale Verluste. Die Kiewer verschie\u00dfen dabei t\u00e4glich 7.000 Granaten angeblich auf russische Stellungen, nun sei die Munition weg. Die R\u00fcstungsindustrie werde \u201ewohl erst ab Fr\u00fchjahr 2024 sp\u00fcrbar mehr Artilleriegeschosse produzieren\u201c. Selenski erhielt in Granada ein paar Durchhalteparolen, aber keine deutschen \u201eTaurus\u201c-Marschflugk\u00f6rper. Scholz verweigerte erneut die Zusage. Die FAZ res\u00fcmierte, es bleibe \u201eder Eindruck einer gewissen Sprachlosigkeit, was die gegenw\u00e4rtigen Krisen angeht\u201c. Dazu habe gepasst, dass Spanien die Abschlusspressekonferenz kurzerhand abgesagt habe.<\/p>\n<p>Viel medialen L\u00e4rm gab es am Freitag vergangener Woche, an dem ein informeller Gipfel der 27 EU-Staats- und Regierungschefs stattfand. Ungarn und Polen blockierten die gemeinsame Erkl\u00e4rung zur Migration, weil beide L\u00e4nder durch den sogenannten Asylkompromiss \u201erechtlich vergewaltigt\u201c (Viktor Orb\u00e1n) worden seien; es handele sich um ein \u201eDiktat aus Br\u00fcssel und Berlin\u201c (Mateusz Morawiecki). Orb\u00e1n stellte zudem die gesamte Ukraine-Hilfe der EU infrage und erkl\u00e4rte, Br\u00fcssel wolle Kiew \u201ebedingungslos Kriegsgeld\u201c geben: \u201eStatt eines Waffenstillstands wollen sie Waffenlieferungen, statt Frieden wollen sie fortgesetztes T\u00f6ten unterst\u00fctzen.\u201c Ungarn werde einer \u201eun\u00fcberlegten\u201c Aufstockung des EU-Haushalts daher nicht zustimmen.<\/p>\n<p>Die deutsche EU-F\u00fchrungsmacht schlug noch am selben Tag zur\u00fcck. Scholz k\u00fcndigte an, dass bei EU-Erweiterungen heutige Nettoempf\u00e4nger sich darauf einstellen m\u00fcssten, dass sie \u201edann zur Finanzierung auch von Wachstumsprozessen in den Beitrittsl\u00e4ndern mit beitragen m\u00fcssen\u201c.<\/p>\n<p>Gemeint war die Ukraine, die f\u00fcr EU-interne Machtk\u00e4mpfe noch sehr n\u00fctzlich werden kann: Der EU-Rat muss im Dezember entscheiden, ob mit ihr, Moldau und Bosnien-Herzegowina Beitrittsverhandlungen aufgenommen werden sollen.<\/p>\n<p>Dabei geht es um enorme Summen. In dieser Woche hatte die \u201eFinancial Times\u201c \u00fcber ein internes Papier des Ratssekretariats aus dem Juli berichtet. Darin war berechnet worden, wie sich der siebenj\u00e4hrige Finanzrahmen ver\u00e4ndert, wenn die EU zu heutigen Bedingungen alle neun Staaten aufnimmt, die einen Beitrittsantrag gestellt haben. Die FAZ fasste zusammen: \u201eAllein der Ukraine \u2013 dem gr\u00f6\u00dften Beitrittskandidaten und gr\u00f6\u00dften Agrarstaat Europas \u2013 st\u00fcnden 186 Milliarden Euro zu, davon 97 Milliarden an Landwirtschaftshilfen und 61 Milliarden aus Koh\u00e4sionsfonds. Im Gegenzug w\u00fcrden die derzeitigen Mitglieder etwa 20 Prozent ihrer Fl\u00e4chenpr\u00e4mien verlieren und viele aus der Strukturf\u00f6rderung herausfallen.\u201c Orb\u00e1n sagte dazu am Freitag: \u201eEine Mitgliedschaft der Ukraine w\u00fcrde zu einer v\u00f6llig neuen Landwirtschaft f\u00fchren \u2026 Sind franz\u00f6sische Bauern daf\u00fcr bereit?\u201c Erpresser und Finanzdiktatoren waren in Andalusien unter sich.<\/p>\n<p style=\"text-align: right;\"><em>Dr. Arnold Sch\u00f6lzel ist Mitglied des Beirats des Deutschen Freidenker-Verbandes<\/em><\/p>\n<hr \/>\n<p><span style=\"font-size: 10pt;\">Bild oben: Gipfel der EPG in Granada, 05.10.2023. Dritter von rechts:\u00a0Wolodymyr Selenskyj<\/span><br \/>\n<span style=\"font-size: 10pt;\">Foto: By Ministry of the Presidency. Government of Spain, <a href=\"https:\/\/commons.wikimedia.org\/wiki\/File:051023-sanchez-plenario-comunidad-politica-europea.jpg?uselang=en#Licensing\" target=\"_blank\" rel=\"noopener\">Attribution<\/a>, <\/span><br \/>\n<span style=\"font-size: 10pt;\">Quelle: <a href=\"https:\/\/commons.wikimedia.org\/w\/index.php?curid=138614807\" target=\"_blank\" rel=\"noopener\">https:\/\/commons.wikimedia.org\/w\/index.php?curid=138614807<\/a><\/span><\/p>\n","protected":false},"excerpt":{"rendered":"<p><b>Beitrag von Arnold Sch\u00f6lzel<\/b><br \/>\nDie Europ\u00e4ische Politische Gemeinschaft (EPG) ist eine antirussische Erfindung, die auf Initiative Emmanuel Macrons vor einem Jahr in Prag aus der Taufe gehoben wurde. Sie geh\u00f6rt zu den B\u00fcndnissen und Gremien, mit denen der \u201eKollektive Westen\u201c au\u00dferhalb der UN Fronten gegen China und Russland bildet. Da gelten dann selbstgemachte Regeln statt V\u00f6lkerrecht. Zur EPG wurden daher die Russische F\u00f6deration und die Republik Belarus gar nicht erst eingeladen; 20 L\u00e4nder, vor allem fr\u00fchere Sowjetrepubliken, sollen politisch und \u00f6konomisch von Russland abgekoppelt werden. Der Erfolg ist m\u00e4\u00dfig. Die gro\u00dfalbanischen Nationalisten im EU- und NATO-Protektorat Kosovo geben keine Ruhe, die Milit\u00e4raktion Aserbaidschans (Ursula von der Leyen: \u201everl\u00e4sslicher Energielieferant\u201c) gegen Bergkarabach erwischte Br\u00fcssel auf dem falschen Fu\u00df.<\/p>\n","protected":false},"author":3,"featured_media":17274,"comment_status":"closed","ping_status":"closed","sticky":false,"template":"","format":"standard","meta":{"colormag_page_container_layout":"default_layout","colormag_page_sidebar_layout":"default_layout","advanced_seo_description":"","jetpack_seo_html_title":"","jetpack_seo_noindex":false,"jetpack_post_was_ever_published":false,"footnotes":""},"categories":[12],"tags":[699,1312,1961,182,1770,1340,222,1168,422,1120],"class_list":["post-17273","post","type-post","status-publish","format-standard","has-post-thumbnail","hentry","category-demokratie-medien-aufklaerung","tag-aussenpolitik","tag-belarus","tag-epg","tag-eu","tag-macron","tag-militaeretat","tag-russland","tag-russophobie","tag-ruestung","tag-uno"],"jetpack_featured_media_url":"https:\/\/i0.wp.com\/www.freidenker.org\/fw17\/wp-content\/uploads\/2023\/10\/sanchez-plenario-comunidad-politica-europea_800x450.jpg?fit=800%2C450&ssl=1","jetpack_shortlink":"https:\/\/wp.me\/p9stpK-4uB","jetpack-related-posts":[{"id":8650,"url":"https:\/\/www.freidenker.org\/?p=8650","url_meta":{"origin":17273,"position":0},"title":"&#8222;Br\u00fcssel dreht nicht das gro\u00dfe Rad, Br\u00fcssel dreht durch&#8220;","author":"Webredaktion","date":"21. September 2020","format":false,"excerpt":"Interview von RT Deutsch mit Willy Wimmer Der CDU-Politiker und ehemalige Staatssekret\u00e4r Willy Wimmer \u00e4u\u00dfert sich im RT-Interview zum Fall Nawalny und zu den Forderungen des EU-Parlaments nach h\u00e4rteren Sanktionen gegen Russland. F: Die Resolution wurde angenommen, aber erwarten Sie angesichts ihres unverbindlichen Charakters weitere ernsthafte Schritte gegen Russland? A:\u2026","rel":"","context":"In &quot;Demokratie \u2013 Medien \u2013 Aufkl\u00e4rung&quot;","block_context":{"text":"Demokratie \u2013 Medien \u2013 Aufkl\u00e4rung","link":"https:\/\/www.freidenker.org\/?cat=12"},"img":{"alt_text":"","src":"https:\/\/i0.wp.com\/www.freidenker.org\/fw17\/wp-content\/uploads\/2020\/09\/willy_wimmer_rt_800x450.jpg?fit=800%2C450&ssl=1&resize=350%2C200","width":350,"height":200,"srcset":"https:\/\/i0.wp.com\/www.freidenker.org\/fw17\/wp-content\/uploads\/2020\/09\/willy_wimmer_rt_800x450.jpg?fit=800%2C450&ssl=1&resize=350%2C200 1x, https:\/\/i0.wp.com\/www.freidenker.org\/fw17\/wp-content\/uploads\/2020\/09\/willy_wimmer_rt_800x450.jpg?fit=800%2C450&ssl=1&resize=525%2C300 1.5x, https:\/\/i0.wp.com\/www.freidenker.org\/fw17\/wp-content\/uploads\/2020\/09\/willy_wimmer_rt_800x450.jpg?fit=800%2C450&ssl=1&resize=700%2C400 2x"},"classes":[]},{"id":24460,"url":"https:\/\/www.freidenker.org\/?p=24460","url_meta":{"origin":17273,"position":1},"title":"Wie der Spiegel die ukrainische \u00d6lblockade Ungarns und der Slowakei vertuscht","author":"Webredaktion","date":"21. Februar 2026","format":false,"excerpt":"Beitrag von Anti-Spiegel (d.i. Thomas R\u00f6per) Die Ukraine hat die Lieferungen von russischem \u00d6l nach Ungarn und damit auch in die Slowakei eingestellt, um vor den Wahlen in Ungarn eine Krise herbeizuf\u00fchren, wobei Kiew von der EU unterst\u00fctzt wird. Der Spiegel verschweigt die Zusammenh\u00e4nge und suggeriert, Russland sei an allem\u2026","rel":"","context":"In &quot;Demokratie \u2013 Medien \u2013 Aufkl\u00e4rung&quot;","block_context":{"text":"Demokratie \u2013 Medien \u2013 Aufkl\u00e4rung","link":"https:\/\/www.freidenker.org\/?cat=12"},"img":{"alt_text":"","src":"https:\/\/i0.wp.com\/www.freidenker.org\/fw17\/wp-content\/uploads\/2026\/02\/Mazir-Druzsba_800x450.jpg?fit=800%2C450&ssl=1&resize=350%2C200","width":350,"height":200,"srcset":"https:\/\/i0.wp.com\/www.freidenker.org\/fw17\/wp-content\/uploads\/2026\/02\/Mazir-Druzsba_800x450.jpg?fit=800%2C450&ssl=1&resize=350%2C200 1x, https:\/\/i0.wp.com\/www.freidenker.org\/fw17\/wp-content\/uploads\/2026\/02\/Mazir-Druzsba_800x450.jpg?fit=800%2C450&ssl=1&resize=525%2C300 1.5x, https:\/\/i0.wp.com\/www.freidenker.org\/fw17\/wp-content\/uploads\/2026\/02\/Mazir-Druzsba_800x450.jpg?fit=800%2C450&ssl=1&resize=700%2C400 2x"},"classes":[]},{"id":19780,"url":"https:\/\/www.freidenker.org\/?p=19780","url_meta":{"origin":17273,"position":2},"title":"Pawel Durow und Telegram: Der Westen l\u00e4sst die Masken fallen","author":"Webredaktion","date":"31. August 2024","format":false,"excerpt":"Beitrag von Gert Ewen Ungar Wir schreiben das Jahr 2018. Russland und Telegram liegen im Streit. Russland fordert vom Messengerdienst die Herausgabe der Schl\u00fcssel-Codes, denn die Sicherheitsbeh\u00f6rden m\u00f6chten gerne mitlesen. Nicht generell, aber ab und zu schon, versichern sie. In Syrien zum Beispiel, denn der IS kommuniziert dort \u00fcber Pawel\u2026","rel":"","context":"In &quot;Demokratie \u2013 Medien \u2013 Aufkl\u00e4rung&quot;","block_context":{"text":"Demokratie \u2013 Medien \u2013 Aufkl\u00e4rung","link":"https:\/\/www.freidenker.org\/?cat=12"},"img":{"alt_text":"","src":"https:\/\/i0.wp.com\/www.freidenker.org\/fw17\/wp-content\/uploads\/2024\/08\/telegram_smartphone-6977551_800x450.jpg?fit=800%2C450&ssl=1&resize=350%2C200","width":350,"height":200,"srcset":"https:\/\/i0.wp.com\/www.freidenker.org\/fw17\/wp-content\/uploads\/2024\/08\/telegram_smartphone-6977551_800x450.jpg?fit=800%2C450&ssl=1&resize=350%2C200 1x, https:\/\/i0.wp.com\/www.freidenker.org\/fw17\/wp-content\/uploads\/2024\/08\/telegram_smartphone-6977551_800x450.jpg?fit=800%2C450&ssl=1&resize=525%2C300 1.5x, https:\/\/i0.wp.com\/www.freidenker.org\/fw17\/wp-content\/uploads\/2024\/08\/telegram_smartphone-6977551_800x450.jpg?fit=800%2C450&ssl=1&resize=700%2C400 2x"},"classes":[]},{"id":22594,"url":"https:\/\/www.freidenker.org\/?p=22594","url_meta":{"origin":17273,"position":3},"title":"Ein gef\u00e4hrlicher Traum und ein Weckruf","author":"Webredaktion","date":"11. August 2025","format":false,"excerpt":"Eine EU-Denkfabrik will wie einst die USA im Kalten Krieg den Kreml \u201eentmachten\u201c Ein Kommentar von Tilo Gr\u00e4ser Das US-Au\u00dfenministerium, das State Department, \u201eist zu dem Schluss gelangt, dass das Einzige, was wir tun k\u00f6nnen, darin besteht, Russland \u201ain seine Schranken zu verweisen\u2018, bis Russland sich \u00e4ndert, nicht mehr unser\u2026","rel":"","context":"In &quot;Demokratie \u2013 Medien \u2013 Aufkl\u00e4rung&quot;","block_context":{"text":"Demokratie \u2013 Medien \u2013 Aufkl\u00e4rung","link":"https:\/\/www.freidenker.org\/?cat=12"},"img":{"alt_text":"","src":"https:\/\/i0.wp.com\/www.freidenker.org\/fw17\/wp-content\/uploads\/2025\/08\/russland-farben-wellenbanner_cc-by-20_800x450.jpg?fit=800%2C450&ssl=1&resize=350%2C200","width":350,"height":200,"srcset":"https:\/\/i0.wp.com\/www.freidenker.org\/fw17\/wp-content\/uploads\/2025\/08\/russland-farben-wellenbanner_cc-by-20_800x450.jpg?fit=800%2C450&ssl=1&resize=350%2C200 1x, https:\/\/i0.wp.com\/www.freidenker.org\/fw17\/wp-content\/uploads\/2025\/08\/russland-farben-wellenbanner_cc-by-20_800x450.jpg?fit=800%2C450&ssl=1&resize=525%2C300 1.5x, https:\/\/i0.wp.com\/www.freidenker.org\/fw17\/wp-content\/uploads\/2025\/08\/russland-farben-wellenbanner_cc-by-20_800x450.jpg?fit=800%2C450&ssl=1&resize=700%2C400 2x"},"classes":[]},{"id":22891,"url":"https:\/\/www.freidenker.org\/?p=22891","url_meta":{"origin":17273,"position":4},"title":"Trump fordert wirtschaftlichen Selbstmord der EU \u2012 von der Leyen stimmt zu","author":"Webredaktion","date":"20. September 2025","format":false,"excerpt":"Beitrag von Gert Ewen Ungar Trump ist ein gewitzter Gesch\u00e4ftsmann. Er nutzt den Russenhass der Westeurop\u00e4er und insbesondere den der EU-Kommission, um Gesch\u00e4fte zum Vorteil der USA zu machen. Die EU-Kommission ist bereit, Entscheidungen zu treffen, die massive Nachteile mit sich bringen, wenn sie damit gelockt wird, dass Russland dadurch\u2026","rel":"","context":"In &quot;Demokratie \u2013 Medien \u2013 Aufkl\u00e4rung&quot;","block_context":{"text":"Demokratie \u2013 Medien \u2013 Aufkl\u00e4rung","link":"https:\/\/www.freidenker.org\/?cat=12"},"img":{"alt_text":"","src":"https:\/\/i0.wp.com\/www.freidenker.org\/fw17\/wp-content\/uploads\/2025\/09\/von_der_Leyen_and_Trump_2025_2_800x450.jpg?fit=800%2C450&ssl=1&resize=350%2C200","width":350,"height":200,"srcset":"https:\/\/i0.wp.com\/www.freidenker.org\/fw17\/wp-content\/uploads\/2025\/09\/von_der_Leyen_and_Trump_2025_2_800x450.jpg?fit=800%2C450&ssl=1&resize=350%2C200 1x, https:\/\/i0.wp.com\/www.freidenker.org\/fw17\/wp-content\/uploads\/2025\/09\/von_der_Leyen_and_Trump_2025_2_800x450.jpg?fit=800%2C450&ssl=1&resize=525%2C300 1.5x, https:\/\/i0.wp.com\/www.freidenker.org\/fw17\/wp-content\/uploads\/2025\/09\/von_der_Leyen_and_Trump_2025_2_800x450.jpg?fit=800%2C450&ssl=1&resize=700%2C400 2x"},"classes":[]},{"id":8547,"url":"https:\/\/www.freidenker.org\/?p=8547","url_meta":{"origin":17273,"position":5},"title":"Wei\u00dfrussland \u2013 eine Einsch\u00e4tzung des Umgangs mit diesem Land","author":"Webredaktion","date":"20. August 2020","format":false,"excerpt":"Beitrag von Willy Wimmer Der fr\u00fchere CDU-Politiker hatte am 2. Mai 2000 einen Brief an den damaligen Bundeskanzler Gerhard Schr\u00f6der (SPD) geschrieben und darin von einer Konferenz berichtet, die von zwei US-amerikanischen Organisationen in der slowakischen Hauptstadt Bratislava ausgerichtet worden war. Was dort beraten und von US-amerikanischer Seite als Planung\u2026","rel":"","context":"In &quot;Frieden - Antifaschismus - Solidarit\u00e4t&quot;","block_context":{"text":"Frieden - Antifaschismus - Solidarit\u00e4t","link":"https:\/\/www.freidenker.org\/?cat=13"},"img":{"alt_text":"","src":"https:\/\/i0.wp.com\/www.freidenker.org\/fw17\/wp-content\/uploads\/2020\/08\/belarus_pexels-artem-podrez-5119453.jpg?fit=1200%2C800&ssl=1&resize=350%2C200","width":350,"height":200,"srcset":"https:\/\/i0.wp.com\/www.freidenker.org\/fw17\/wp-content\/uploads\/2020\/08\/belarus_pexels-artem-podrez-5119453.jpg?fit=1200%2C800&ssl=1&resize=350%2C200 1x, https:\/\/i0.wp.com\/www.freidenker.org\/fw17\/wp-content\/uploads\/2020\/08\/belarus_pexels-artem-podrez-5119453.jpg?fit=1200%2C800&ssl=1&resize=525%2C300 1.5x, https:\/\/i0.wp.com\/www.freidenker.org\/fw17\/wp-content\/uploads\/2020\/08\/belarus_pexels-artem-podrez-5119453.jpg?fit=1200%2C800&ssl=1&resize=700%2C400 2x, https:\/\/i0.wp.com\/www.freidenker.org\/fw17\/wp-content\/uploads\/2020\/08\/belarus_pexels-artem-podrez-5119453.jpg?fit=1200%2C800&ssl=1&resize=1050%2C600 3x"},"classes":[]}],"_links":{"self":[{"href":"https:\/\/www.freidenker.org\/index.php?rest_route=\/wp\/v2\/posts\/17273","targetHints":{"allow":["GET"]}}],"collection":[{"href":"https:\/\/www.freidenker.org\/index.php?rest_route=\/wp\/v2\/posts"}],"about":[{"href":"https:\/\/www.freidenker.org\/index.php?rest_route=\/wp\/v2\/types\/post"}],"author":[{"embeddable":true,"href":"https:\/\/www.freidenker.org\/index.php?rest_route=\/wp\/v2\/users\/3"}],"replies":[{"embeddable":true,"href":"https:\/\/www.freidenker.org\/index.php?rest_route=%2Fwp%2Fv2%2Fcomments&post=17273"}],"version-history":[{"count":0,"href":"https:\/\/www.freidenker.org\/index.php?rest_route=\/wp\/v2\/posts\/17273\/revisions"}],"wp:featuredmedia":[{"embeddable":true,"href":"https:\/\/www.freidenker.org\/index.php?rest_route=\/wp\/v2\/media\/17274"}],"wp:attachment":[{"href":"https:\/\/www.freidenker.org\/index.php?rest_route=%2Fwp%2Fv2%2Fmedia&parent=17273"}],"wp:term":[{"taxonomy":"category","embeddable":true,"href":"https:\/\/www.freidenker.org\/index.php?rest_route=%2Fwp%2Fv2%2Fcategories&post=17273"},{"taxonomy":"post_tag","embeddable":true,"href":"https:\/\/www.freidenker.org\/index.php?rest_route=%2Fwp%2Fv2%2Ftags&post=17273"}],"curies":[{"name":"wp","href":"https:\/\/api.w.org\/{rel}","templated":true}]}}