{"id":17249,"date":"2023-10-11T01:42:35","date_gmt":"2023-10-10T23:42:35","guid":{"rendered":"https:\/\/www.freidenker.org\/?p=17249"},"modified":"2023-11-14T00:53:14","modified_gmt":"2023-11-13T23:53:14","slug":"elon-musk-und-deutschlands-problem-mit-der-meinungsfreiheit","status":"publish","type":"post","link":"https:\/\/www.freidenker.org\/?p=17249","title":{"rendered":"Elon Musk und Deutschlands Problem mit der Meinungsfreiheit"},"content":{"rendered":"<p><strong>Auf eine Frage von Elon Musk zur Seenotrettung ziehen deutsche Medien und Politik alle Register. Musk wird diffamiert, seine Enteignung gefordert, er w\u00fcrde Hass und Hetze verbreiten. Nur beantwortet wird seine Frage nicht. Die Meinungsfreiheit hat es wieder schwer in Deutschland. <\/strong><\/p>\n<p><em>Von <strong>Gert Ewen Ungar<\/strong><br \/>\n<\/em><\/p>\n<p><span style=\"font-size: 10pt;\">Erstver\u00f6ffentlichung am 04.10.2023 auf RT DE<\/span><\/p>\n<div class=\"EmbedBlock-root EmbedBlock-all\">\n<div class=\"AllEmbed\"><iframe loading=\"lazy\" title=\"Elon Musk und Deutschlands Problem mit der Meinungsfreiheit\" src=\"https:\/\/www.podbean.com\/player-v2\/?i=vfgwi-14c2a80-pb&amp;from=pb6admin&amp;share=1&amp;download=1&amp;rtl=0&amp;fonts=Arial&amp;skin=1&amp;font-color=&amp;logo_link=episode_page&amp;btn-skin=7\" width=\"100%\" height=\"150\" scrolling=\"no\" allowfullscreen=\"allowfullscreen\" data-name=\"pb-iframe-player\" data-mce-fragment=\"1\"><\/iframe><\/div>\n<\/div>\n<p>So unterhaltsam der Vorgang an sich ist, so deutlich zeigt er, auf welch bedenklichem Weg sich Deutschland befindet. Der Multimilliard\u00e4r und Eigent\u00fcmer des Kurznachrichtendienstes X (vormals Twitter) hat sich mit dem Au\u00dfenministerium einen kleinen Schlagabtausch geliefert. Es ging im Kern darum, dass die deutsche Regierung NGOs finanziell unterst\u00fctzt, die in Seenot geratene Fl\u00fcchtlinge aufnehmen und in die EU bringen.<\/p>\n<p>Die Seenotrettung ist dabei nicht das Problem, das Problem ist der allem Anschein nach bestehende Automatismus, dass die Geretteten in die EU verbracht werden. Man k\u00f6nnte sie auch dorthin bringen, von wo aus sie ihre Reise \u00fcbers Mittelmeer angetreten haben. Ihr Leben w\u00e4re dann auch gerettet und die Tat zu loben.<\/p>\n<p>Musk stellte die Frage, ob die deutsche \u00d6ffentlichkeit dar\u00fcber informiert sei. Das &#8222;da&#8220; vor dem &#8222;r\u00fcber&#8220; bezieht sich auf die Finanzierung der Schlepper \u2026 pardon Seenotretter \u2013 durch die deutsche Regierung.<\/p>\n<p>Das Ausw\u00e4rtige Amt antwortet auf Musks Tweet mit der gleichen Schnippigkeit, f\u00fcr die auch die Chefin des Amtes bekannt ist. Es w\u00fcrde sich um die Rettung von Menschenleben handeln. Wie bereits ausgef\u00fchrt, das Anliegen ist l\u00f6blich, aber warum m\u00fcssen die geretteten Leben dann in die EU verbracht werden? Zumal man wei\u00df, dass die europ\u00e4ischen Gesellschaften wegen der gro\u00dfen Anzahl von Fl\u00fcchtlingen ohnehin schon unter massivem Druck stehen. Dass der Ablauf der &#8222;Seenotrettung&#8220; mindestens als provokant aufgefasst wird, muss allen daran Beteiligten klar sein \u2013 auch den Financiers in der Bundesregierung.<\/p>\n<p>Italien wehrt sich gegen die Aufnahme und wehrt sich auch gegen die deutsche Praxis. Das Land fordert, dass die Fl\u00fcchtlinge in dem EU-Land aufgenommen werden, aus dem die staatlich finanzierten Schlepper \u2026 pardon Seenotretter \u2013 stammen. Die Forderung ist nicht unberechtigt. Deutschland sorgt mit der fragw\u00fcrdigen Finanzierung f\u00fcr Verwerfungen auch in der EU.<\/p>\n<p>Interessant war das Echo auf den Schlagabtausch zwischen Musk und Ausw\u00e4rtigem Amt in Deutschland. An Argumenten war alles dabei, was dazu geeignet war, vom eigentlichen Thema abzulenken. Skandalisiert wurde nicht die Tatsache, dass die Bundesregierung Schlepper\u00a0\u2026 pardon private Seenotretter \u2013 finanziert, die ihre Aufgabe offenbar darin sehen, eine illegale Einreise in die EU zu erm\u00f6glichen, skandalisiert wurden Elon Musk und seine Frage.<\/p>\n<p>Alles, was man nach der \u00dcbernahme von Twitter durch Musk\u00a0an dunkler Vorahnung gehabt habe, sei wahr geworden, meinte unter anderem der Vorsitzende der w\u00e4hrend der Corona-Pandemie ganz weit nach rechts gerutschten Partei DIE LINKE. Der Co-Vorsitzende der Partei, Martin Schirdewan, erkl\u00e4rte gegen\u00fcber der Funke-Gruppe:<\/p>\n<blockquote><p><em>&#8222;Alles, was bei der \u00dcbernahme von Twitter durch Elon Musk bef\u00fcrchtet wurde, ist eingetroffen: Straffreiheit bei Volksverhetzung und eine regelrechte Epidemie von Fake News, der Missbrauch seiner Reichweite f\u00fcr rechte Hetze.&#8220;<\/em><\/p><\/blockquote>\n<p>Nun geht es auf X tats\u00e4chlich oftmals hei\u00df her, allerdings kommt all der Hass und die Hetze aus dem Umfeld der Linken, der Gr\u00fcnen, der Antifa und irgendwelcher, die Realit\u00e4t verweigernde Solidarit\u00e4tsgruppen mit der Ukraine. Der Hass und die Hetze richten sich gegen Forderungen nach Frieden, nach einer Begrenzung von Zuzug, nach einer vern\u00fcnftigen Wirtschaftspolitik und nach einem guten Verh\u00e4ltnis Deutschlands mit Russland, gegen die AfD und ihre W\u00e4hler. Das vergiftete Klima in Deutschland geht auf das Konto der Gr\u00fcnen, der Linken und auch der SPD \u2013 was die Ukraine angeht auch auf das der FDP und der CDU. Es ist ihrer partei\u00fcbergreifenden Verweigerung geschuldet, \u00fcber ihre ideologischen Grunds\u00e4tze sachlich zu diskutieren und sie in ihren Auswirkungen auf die Gesellschaft abzuw\u00e4gen.<\/p>\n<p>Heute wurde beispielsweise gemeldet, dass die AfD-Politikerin Alice Weidel aus Sicherheitsgr\u00fcnden einen Wahlkampfauftritt absagen und evakuiert werden musste. Wenngleich es jetzt den ein oder anderen \u00fcberraschen mag, daran ist nicht die AfD schuld \u2013 dieser Hass kommt aus einer anderen Ecke.<\/p>\n<p>Auch\u00a0<em>Der Spiegel<\/em> zieht alle Register und wirft Musk vor, er w\u00fcrde Verschw\u00f6rungsmythen \u00fcber Seenotrettung verbreiten. Der von Musk zitierte Tweet w\u00fcrde zur Wahl der AfD aufrufen und rechtsradikale Inhalte verbreiten. Der von Musk zitierte Tweet stammt von einem Account, der kritisch zur Migrationspolitik und zur Praxis der Seenotrettung steht. Der Account-Betreiber hat sicherlich Vorurteile, aber die darf man haben. Das ist nicht strafbar und auch nicht automatisch rechtsradikal. Die Sachinformation des von Musk zitierten Tweets ist obendrein richtig.<\/p>\n<p>Ebenso dr\u00fcckt das <em>ZDF<\/em> kr\u00e4ftig auf die Tube und spricht von einer Wahleinmischung Musks. Wahleinmischung ist allerdings das, was sich Deutschland in anderen L\u00e4ndern herausnimmt, wenn es dort beispielsweise via Parteistiftungen die Opposition finanziert, um einen Regime-Change herbeizuf\u00fchren. Wenn ein Ausl\u00e4nder seine Meinung zur deutschen Politik \u00e4u\u00dfert, ist das erst einmal sein gutes Recht und keine Einmischung in die inneren Angelegenheiten Deutschlands. Durch Reichtum wird das Recht auf freie Meinungs\u00e4u\u00dferung \u00fcbrigens nicht eingeschr\u00e4nkt, Wahleinmischung hingegen k\u00f6nnen nur Staaten und staatsnahe Organisationen betreiben. Die der Partei B\u00fcndnis90\/Die Gr\u00fcnen nahestehende Heinrich-B\u00f6ll-Stiftung beispielsweise betreibt regelm\u00e4\u00dfig Wahleinmischung und unterst\u00fctzt die Opposition in jenen L\u00e4ndern, in denen Deutschland gerne einen Regierungswechsel sehen w\u00fcrde. Ein nachfragender Tweet reicht zur Wahleinmischung kaum aus.<\/p>\n<p>Schirdewan fordert gleich, X solle in eine Stiftung \u00fcberf\u00fchrt und Musk enteignet werden. Eine Stiftung mit Vertretern der Zivilgesellschaft soll k\u00fcnftig den Nachrichtendienst kontrollieren. Der Co-Vorsitzende der Linken wei\u00df nat\u00fcrlich, dass es dadurch nicht besser wird, die Kontrolle \u00fcben nur andere aus.<\/p>\n<p>Letztlich will er die Vielfalt abschaffen, an der er sich st\u00f6rt. Beim \u00f6ffentlich-rechtlichen Rundfunk klappt es schlie\u00dflich auch nicht mit der Pluralit\u00e4t und der Ausgewogenheit. Schirdewan schl\u00e4gt f\u00fcr X ein analoges System der Leitung vor. Er macht damit deutlich, dass es nicht um freien Diskurs geht, sondern um die Kontrolle dar\u00fcber.<\/p>\n<p>Genau das ist das eigentliche Problem, das in Deutschland existiert \u2013 wieder einmal, m\u00f6chte man hinzuf\u00fcgen. Man tut sich schwer mit anderen Meinungen, m\u00f6chte sie verbieten oder zumindest in der Reichweite einschr\u00e4nken. Die pauschale Verunglimpfung anderer Meinungen zu politischen Themen als rassistisch, rechts, Hass und Hetze stellt das zentrale Problem dar, das der \u00f6ffentliche Diskurs in Deutschland hat. Deutschland hat \u2013 wieder einmal \u2013 das \u00f6ffentliche Diskutieren abgeschafft.<\/p>\n<p>Der skurrile Vorgang um den Tweet von Musk zeigt: Deutschland ist wieder auf dem Weg in den Totalitarismus! Der Tweet stellte eine berechtigte Frage. Musk hat auf seine Frage keine Antwort erhalten. Seine Frage wurde nur zum Anlass f\u00fcr Forderungen von Politik und Medien, Musk mundtot zu machen. Wer das Bedenkliche daran nicht sieht, sollte f\u00fcr sich das Attribut &#8222;demokratisch&#8220; nicht in Anspruch nehmen.<\/p>\n<p style=\"text-align: right;\"><em>Gert-Ewen Ungar studierte Philosophie und Germanistik und schreibt regelm\u00e4\u00dfig f\u00fcr die <a href=\"https:\/\/www.neulandrebellen.de\/\" target=\"_blank\" rel=\"noopener\">Neulandrebellen<\/a>\u00a0<\/em><\/p>\n<hr \/>\n<p><span style=\"font-size: 10pt;\">Bild oben: Elon Musk auf einer Veranstaltung der U.S. Air Force Academy am 7. April 2022 in Colorado Springs<\/span><br \/>\n<span style=\"font-size: 10pt;\">Foto: U.S. Air Force photo by Trevor cokley \/ Public Domain<\/span><br \/>\n<span style=\"font-size: 10pt;\">Quelle: <a href=\"https:\/\/commons.wikimedia.org\/w\/index.php?curid=117790521\" target=\"_blank\" rel=\"noopener\">https:\/\/commons.wikimedia.org\/w\/index.php?curid=117790521<\/a><\/span><\/p>\n","protected":false},"excerpt":{"rendered":"<p><b>Beitrag von Gert Ewen Ungar<\/b><br \/>\nSo unterhaltsam der Vorgang an sich ist, so deutlich zeigt er, auf welch bedenklichem Weg sich Deutschland befindet. Der Multimilliard\u00e4r und Eigent\u00fcmer des Kurznachrichtendienstes X (vormals Twitter) hat sich mit dem Au\u00dfenministerium einen kleinen Schlagabtausch geliefert. Es ging im Kern darum, dass die deutsche Regierung NGOs finanziell unterst\u00fctzt, die in Seenot geratene Fl\u00fcchtlinge aufnehmen und in die EU bringen. Die Seenotrettung ist dabei nicht das Problem, das Problem ist der allem Anschein nach bestehende Automatismus, dass die Geretteten in die EU verbracht werden. Man k\u00f6nnte sie auch dorthin bringen, von wo aus sie ihre Reise \u00fcbers Mittelmeer angetreten haben. Ihr Leben w\u00e4re dann auch gerettet und die Tat zu loben. Musk stellte die Frage, ob die deutsche \u00d6ffentlichkeit dar\u00fcber informiert sei. &#8230;<\/p>\n","protected":false},"author":3,"featured_media":17262,"comment_status":"closed","ping_status":"closed","sticky":false,"template":"","format":"standard","meta":{"colormag_page_container_layout":"default_layout","colormag_page_sidebar_layout":"default_layout","advanced_seo_description":"","jetpack_seo_html_title":"","jetpack_seo_noindex":false,"jetpack_post_was_ever_published":false,"footnotes":""},"categories":[12],"tags":[1031,452,1708,1310,182,1084,1643,1951,1082,1957,1110],"class_list":["post-17249","post","type-post","status-publish","format-standard","has-post-thumbnail","hentry","category-demokratie-medien-aufklaerung","tag-afd","tag-deutschland","tag-einmischung","tag-elon-musk","tag-eu","tag-fluechtlinge","tag-hass","tag-hetze","tag-totalitarismus","tag-x-twitter","tag-zdf"],"jetpack_featured_media_url":"https:\/\/i0.wp.com\/www.freidenker.org\/fw17\/wp-content\/uploads\/2023\/10\/Elon_Musk_Colorado_2022_800x450.jpg?fit=800%2C450&ssl=1","jetpack_shortlink":"https:\/\/wp.me\/p9stpK-4ud","jetpack-related-posts":[{"id":20689,"url":"https:\/\/www.freidenker.org\/?p=20689","url_meta":{"origin":17249,"position":0},"title":"Elon Musk und seine Wahlbeeinflussung","author":"Webredaktion","date":"15. Januar 2025","format":false,"excerpt":"Ein Oligarch mischt sich in die Politik ein Beitrag von Wolfgang Bittner Der Multimilliard\u00e4r Elon Musk hat die Kanzlerkandidatin der AfD, Alice Weidel, am 9. Januar 2025 auf seinem Nachrichtendienst X interviewt und die Partei mit den Worten \u201eNur die AfD kann Deutschland retten\u201c zur Wahl empfohlen. Dasselbe hatte er\u2026","rel":"","context":"In &quot;Demokratie \u2013 Medien \u2013 Aufkl\u00e4rung&quot;","block_context":{"text":"Demokratie \u2013 Medien \u2013 Aufkl\u00e4rung","link":"https:\/\/www.freidenker.org\/?cat=12"},"img":{"alt_text":"","src":"https:\/\/i0.wp.com\/www.freidenker.org\/fw17\/wp-content\/uploads\/2025\/01\/Trump_UFC_2024_03_cropped_800x450.jpg?fit=800%2C450&ssl=1&resize=350%2C200","width":350,"height":200,"srcset":"https:\/\/i0.wp.com\/www.freidenker.org\/fw17\/wp-content\/uploads\/2025\/01\/Trump_UFC_2024_03_cropped_800x450.jpg?fit=800%2C450&ssl=1&resize=350%2C200 1x, https:\/\/i0.wp.com\/www.freidenker.org\/fw17\/wp-content\/uploads\/2025\/01\/Trump_UFC_2024_03_cropped_800x450.jpg?fit=800%2C450&ssl=1&resize=525%2C300 1.5x, https:\/\/i0.wp.com\/www.freidenker.org\/fw17\/wp-content\/uploads\/2025\/01\/Trump_UFC_2024_03_cropped_800x450.jpg?fit=800%2C450&ssl=1&resize=700%2C400 2x"},"classes":[]},{"id":18440,"url":"https:\/\/www.freidenker.org\/?p=18440","url_meta":{"origin":17249,"position":1},"title":"Berlinale: Ungezieme Israelkritik und deutsche Verlogenheit","author":"Webredaktion","date":"1. M\u00e4rz 2024","format":false,"excerpt":"von Gert Ewen Ungar Der Streit um auf der Berlinale ge\u00e4u\u00dferte Israelkritik ist entlarvend. Das Gute daran ist: Erneut macht ein Kulturevent auf die realen Zust\u00e4nde in Deutschland aufmerksam. In Deutschland wird weder frei noch offen diskutiert. Die Grenzen des Sagbaren sind eng gesteckt und werden streng kontrolliert. In Deutschland\u2026","rel":"","context":"In &quot;Demokratie \u2013 Medien \u2013 Aufkl\u00e4rung&quot;","block_context":{"text":"Demokratie \u2013 Medien \u2013 Aufkl\u00e4rung","link":"https:\/\/www.freidenker.org\/?cat=12"},"img":{"alt_text":"","src":"https:\/\/i0.wp.com\/www.freidenker.org\/fw17\/wp-content\/uploads\/2024\/02\/Vogter_Premiere_Berlinale_2024_Eingang_Berlinale-Palast_2_800x450.jpg?fit=800%2C450&ssl=1&resize=350%2C200","width":350,"height":200,"srcset":"https:\/\/i0.wp.com\/www.freidenker.org\/fw17\/wp-content\/uploads\/2024\/02\/Vogter_Premiere_Berlinale_2024_Eingang_Berlinale-Palast_2_800x450.jpg?fit=800%2C450&ssl=1&resize=350%2C200 1x, https:\/\/i0.wp.com\/www.freidenker.org\/fw17\/wp-content\/uploads\/2024\/02\/Vogter_Premiere_Berlinale_2024_Eingang_Berlinale-Palast_2_800x450.jpg?fit=800%2C450&ssl=1&resize=525%2C300 1.5x, https:\/\/i0.wp.com\/www.freidenker.org\/fw17\/wp-content\/uploads\/2024\/02\/Vogter_Premiere_Berlinale_2024_Eingang_Berlinale-Palast_2_800x450.jpg?fit=800%2C450&ssl=1&resize=700%2C400 2x"},"classes":[]},{"id":21527,"url":"https:\/\/www.freidenker.org\/?p=21527","url_meta":{"origin":17249,"position":2},"title":"Bundestag der Schande: Politik instrumentalisiert das Gedenken ans Kriegsende","author":"Webredaktion","date":"22. April 2025","format":false,"excerpt":"Beitrag von Gert Ewen Ungar Der Bundestag verzichtet hinsichtlich der Gedenkveranstaltung zum Ende des Zweiten Weltkriegs in diesem Jahr auf die explizite Einladung des russischen und des wei\u00dfrussischen Botschafters. Der Bundestag verweist zur Begr\u00fcndung auf eine Handreichung des Ausw\u00e4rtigen Amts. Dort wird zudem empfohlen, im Fall des uneingeladenen Erscheinens von\u2026","rel":"","context":"In &quot;Demokratie \u2013 Medien \u2013 Aufkl\u00e4rung&quot;","block_context":{"text":"Demokratie \u2013 Medien \u2013 Aufkl\u00e4rung","link":"https:\/\/www.freidenker.org\/?cat=12"},"img":{"alt_text":"","src":"https:\/\/i0.wp.com\/www.freidenker.org\/fw17\/wp-content\/uploads\/2025\/04\/Sergey_Yuryevitch_Nechayev_ambassador_800x450.jpg?fit=800%2C450&ssl=1&resize=350%2C200","width":350,"height":200,"srcset":"https:\/\/i0.wp.com\/www.freidenker.org\/fw17\/wp-content\/uploads\/2025\/04\/Sergey_Yuryevitch_Nechayev_ambassador_800x450.jpg?fit=800%2C450&ssl=1&resize=350%2C200 1x, https:\/\/i0.wp.com\/www.freidenker.org\/fw17\/wp-content\/uploads\/2025\/04\/Sergey_Yuryevitch_Nechayev_ambassador_800x450.jpg?fit=800%2C450&ssl=1&resize=525%2C300 1.5x, https:\/\/i0.wp.com\/www.freidenker.org\/fw17\/wp-content\/uploads\/2025\/04\/Sergey_Yuryevitch_Nechayev_ambassador_800x450.jpg?fit=800%2C450&ssl=1&resize=700%2C400 2x"},"classes":[]},{"id":19227,"url":"https:\/\/www.freidenker.org\/?p=19227","url_meta":{"origin":17249,"position":3},"title":"Meinungsterror: Wie in Deutschland die Leichtigkeit abgeschafft wurde","author":"Webredaktion","date":"31. Mai 2024","format":false,"excerpt":"Beitrag von Gert Ewen Ungar Es geht nun bereits den vierten Tag in Folge: Der deutsche Mainstream bl\u00e4st zur Total\u00fcberwachung von Volksfesten und Menschenansammlungen. Egal, ob eine Sylter Edelbar, eine niederbayerische Kirchweih oder Sch\u00fctzenfeste: Wer alkoholbedingt entgleist und sich zu \u00c4u\u00dferungen hinrei\u00dfen l\u00e4sst, die nicht den Vorstellungen liberaler Moralapostel entsprechen,\u2026","rel":"","context":"In &quot;Demokratie \u2013 Medien \u2013 Aufkl\u00e4rung&quot;","block_context":{"text":"Demokratie \u2013 Medien \u2013 Aufkl\u00e4rung","link":"https:\/\/www.freidenker.org\/?cat=12"},"img":{"alt_text":"","src":"https:\/\/i0.wp.com\/www.freidenker.org\/fw17\/wp-content\/uploads\/2024\/05\/folk-festival-1434523_800x450.jpg?fit=800%2C450&ssl=1&resize=350%2C200","width":350,"height":200,"srcset":"https:\/\/i0.wp.com\/www.freidenker.org\/fw17\/wp-content\/uploads\/2024\/05\/folk-festival-1434523_800x450.jpg?fit=800%2C450&ssl=1&resize=350%2C200 1x, https:\/\/i0.wp.com\/www.freidenker.org\/fw17\/wp-content\/uploads\/2024\/05\/folk-festival-1434523_800x450.jpg?fit=800%2C450&ssl=1&resize=525%2C300 1.5x, https:\/\/i0.wp.com\/www.freidenker.org\/fw17\/wp-content\/uploads\/2024\/05\/folk-festival-1434523_800x450.jpg?fit=800%2C450&ssl=1&resize=700%2C400 2x"},"classes":[]},{"id":8982,"url":"https:\/\/www.freidenker.org\/?p=8982","url_meta":{"origin":17249,"position":4},"title":"Corona-Leugner unter sich: Ohne Maske feiern mit Elon Musk","author":"Webredaktion","date":"13. Dezember 2020","format":false,"excerpt":"Beitrag von Werner R\u00fcgemer Nach Facebook-Chef Mark Zuckerberg und Amazon-Chef Jeff Bezos erhielt in diesem Jahr Tesla-Chef Elon Musk den Gro\u00dfen Preis des gr\u00f6\u00dften deutschen Zeitungskonzerns, den Springer Award. ... Preistr\u00e4ger Elon Musk ist ein prominenter Corona-Leugner: \u201eEr verharmloste die Pandemie oft, nannte die Angst vor dem Virus \u2018dumm\u2019 und\u2026","rel":"","context":"In &quot;Demokratie \u2013 Medien \u2013 Aufkl\u00e4rung&quot;","block_context":{"text":"Demokratie \u2013 Medien \u2013 Aufkl\u00e4rung","link":"https:\/\/www.freidenker.org\/?cat=12"},"img":{"alt_text":"","src":"https:\/\/i0.wp.com\/www.freidenker.org\/fw17\/wp-content\/uploads\/2020\/12\/Elon_Musk_coll_800x450.jpg?fit=800%2C450&ssl=1&resize=350%2C200","width":350,"height":200,"srcset":"https:\/\/i0.wp.com\/www.freidenker.org\/fw17\/wp-content\/uploads\/2020\/12\/Elon_Musk_coll_800x450.jpg?fit=800%2C450&ssl=1&resize=350%2C200 1x, https:\/\/i0.wp.com\/www.freidenker.org\/fw17\/wp-content\/uploads\/2020\/12\/Elon_Musk_coll_800x450.jpg?fit=800%2C450&ssl=1&resize=525%2C300 1.5x, https:\/\/i0.wp.com\/www.freidenker.org\/fw17\/wp-content\/uploads\/2020\/12\/Elon_Musk_coll_800x450.jpg?fit=800%2C450&ssl=1&resize=700%2C400 2x"},"classes":[]},{"id":17980,"url":"https:\/\/www.freidenker.org\/?p=17980","url_meta":{"origin":17249,"position":5},"title":"Die Bauernproteste in russischen Medien","author":"Webredaktion","date":"23. Januar 2024","format":false,"excerpt":"Beitrag von Gert Ewen Ungar Es wird Lenin zugeschrieben, gesagt zu haben, wenn die Deutschen einen Bahnhof st\u00fcrmen wollen, kaufen sie vorher eine Bahnsteigkarte. Mit umso mehr Erstaunen nahm man in Russland die Bauernproteste und ihren enormen Umfang zur Kenntnis. Russische Medien haben breit \u00fcber die landesweiten Aktionen berichtet. Die\u2026","rel":"","context":"In &quot;Demokratie \u2013 Medien \u2013 Aufkl\u00e4rung&quot;","block_context":{"text":"Demokratie \u2013 Medien \u2013 Aufkl\u00e4rung","link":"https:\/\/www.freidenker.org\/?cat=12"},"img":{"alt_text":"","src":"https:\/\/i0.wp.com\/www.freidenker.org\/fw17\/wp-content\/uploads\/2024\/01\/Bauernproteste_Nordhausen-6890_800x450.jpg?fit=800%2C450&ssl=1&resize=350%2C200","width":350,"height":200,"srcset":"https:\/\/i0.wp.com\/www.freidenker.org\/fw17\/wp-content\/uploads\/2024\/01\/Bauernproteste_Nordhausen-6890_800x450.jpg?fit=800%2C450&ssl=1&resize=350%2C200 1x, https:\/\/i0.wp.com\/www.freidenker.org\/fw17\/wp-content\/uploads\/2024\/01\/Bauernproteste_Nordhausen-6890_800x450.jpg?fit=800%2C450&ssl=1&resize=525%2C300 1.5x, https:\/\/i0.wp.com\/www.freidenker.org\/fw17\/wp-content\/uploads\/2024\/01\/Bauernproteste_Nordhausen-6890_800x450.jpg?fit=800%2C450&ssl=1&resize=700%2C400 2x"},"classes":[]}],"_links":{"self":[{"href":"https:\/\/www.freidenker.org\/index.php?rest_route=\/wp\/v2\/posts\/17249","targetHints":{"allow":["GET"]}}],"collection":[{"href":"https:\/\/www.freidenker.org\/index.php?rest_route=\/wp\/v2\/posts"}],"about":[{"href":"https:\/\/www.freidenker.org\/index.php?rest_route=\/wp\/v2\/types\/post"}],"author":[{"embeddable":true,"href":"https:\/\/www.freidenker.org\/index.php?rest_route=\/wp\/v2\/users\/3"}],"replies":[{"embeddable":true,"href":"https:\/\/www.freidenker.org\/index.php?rest_route=%2Fwp%2Fv2%2Fcomments&post=17249"}],"version-history":[{"count":0,"href":"https:\/\/www.freidenker.org\/index.php?rest_route=\/wp\/v2\/posts\/17249\/revisions"}],"wp:featuredmedia":[{"embeddable":true,"href":"https:\/\/www.freidenker.org\/index.php?rest_route=\/wp\/v2\/media\/17262"}],"wp:attachment":[{"href":"https:\/\/www.freidenker.org\/index.php?rest_route=%2Fwp%2Fv2%2Fmedia&parent=17249"}],"wp:term":[{"taxonomy":"category","embeddable":true,"href":"https:\/\/www.freidenker.org\/index.php?rest_route=%2Fwp%2Fv2%2Fcategories&post=17249"},{"taxonomy":"post_tag","embeddable":true,"href":"https:\/\/www.freidenker.org\/index.php?rest_route=%2Fwp%2Fv2%2Ftags&post=17249"}],"curies":[{"name":"wp","href":"https:\/\/api.w.org\/{rel}","templated":true}]}}