{"id":17166,"date":"2023-10-04T23:50:43","date_gmt":"2023-10-04T21:50:43","guid":{"rendered":"https:\/\/www.freidenker.org\/?p=17166"},"modified":"2023-11-14T00:51:41","modified_gmt":"2023-11-13T23:51:41","slug":"militaer-gegen-die-arbeiterregierung-in-thueringen-und-sachsen-100-jahre-reichsexekution","status":"publish","type":"post","link":"https:\/\/www.freidenker.org\/?p=17166","title":{"rendered":"Milit\u00e4r gegen die Arbeiterregierung in Th\u00fcringen und Sachsen &#8211; 100 Jahre Reichsexekution"},"content":{"rendered":"<p>Der Deutsche Freidenker-Verband Th\u00fcringen erinnerte in Kooperation mit der Rosa-Luxemburg-Stiftung an die gewaltsame Beseitigung der Landesregierungen in Th\u00fcringen und Sachsen auf Befehl des Reichspr\u00e4sidenten Friedrich Ebert vor hundert Jahren. Die Veranstaltung fand am 30. September im Kulturhaus &#8222;Mon Ami&#8220; in Weimar statt. Die Landesvorsitzende der Th\u00fcringer Freidenker, Heike Cienskowski, er\u00f6ffnete die Veranstaltung. Vortr\u00e4ge wurden vom Historiker Dr. Steffen Kachel, Kreisvorsitzender der Partei Die Linke in Erfurt, und dem Bundesvorsitzenden des Deutschen Freidenker-Verbandes Sebastian Bahlo gehalten. Die Besucher der Konferenz beteiligten sich mehrheitlich an einer regen Diskussion und beschr\u00e4nkten sich dabei nicht nur auf die Vergangenheit sondern bezogen die Gegenwart mit ein.<\/p>\n<p>F\u00fcr die musikalische Umrahmung sorgte Freidenker Ernesto Schwarz aus Hessen und f\u00fcr das leibliche Wohl Andreas Cienskowski von den Th\u00fcringer Freidenkern.<\/p>\n<p>Wir dokumentieren hier die Er\u00f6ffnungsansprache von Heike Cienskowski sowie den Vortrag von Sebastian Bahlo.<\/p>\n<p style=\"text-align: right;\"><em>Webredaktion<\/em><\/p>\n<hr \/>\n<p><strong>Er\u00f6ffnungsansprache<\/strong><\/p>\n<p><em>von <strong>Heike Cienskowski<br \/>\n<\/strong><\/em><em>gehalten auf der Veranstaltung \u201eMilit\u00e4r gegen die Arbeiterregierung in Th\u00fcringen und Sachsen. 100 Jahre Reichsexekution\u201c, Weimar, 30.09.2023<\/em><\/p>\n<p>Das Thema unserer Konferenz ist leider immer noch aktuell. Wir wissen aus der Geschichte , dass Milit\u00e4r immer gegen die Aufbegehrenden eingesetzt wurde. Die Aufst\u00e4ndischen wurden verraten, gequ\u00e4lt und get\u00f6tet.<\/p>\n<p>Schauen wir zur\u00fcck z.B. auf den Bauernaufstand von 1524 \u2013 1526 . Die Bauern lehnten sich auf, weil die Abgaben an die Obrigkeit zu hoch waren und immer h\u00f6her wurden. Das Elend wurde ebenfalls immer gr\u00f6\u00dfer. Sie konnten ihre Familien nicht ern\u00e4hren , hatten kein Geld f\u00fcr Heizung oder Medizin etc. Die Not wurde immer unertr\u00e4glicher. Es kam zum Aufstand. Das gro\u00dfe Bauernheer umfasste im Mai 1525 etwa achttausend Mann und wurden in der Schlacht von Frankenhausen von der gemeinsamen Kriegsmacht des Herzogs von Georg von Sachsen, des Herzogs Heinrich von Braunschweig und des Landgrafen Philipp von Hessen zertrampelt.\u00a0 Viele hunderttausend Bauern , die nichts als ihre Menschenrechte und christliche Milde verlangten, wurden abgeschlachtet.<\/p>\n<p>Oder denken wir an den Aufstand der Schlesischen Weber von 1844 \u2013 dem \u201eVorm\u00e4rz<em>\u201c<\/em>.\u00a0Hier wurde die Ausbeutung der Weber oder Tagarbeiter ebenfalls unertr\u00e4glich. Der Aufstand wurde von der preu\u00dfischen Regierung brutal niedergeschlagen. Auch hier gab es Tote.\u00a0Dieser Aufstand war Ausdruck des sich entfaltenden Klassenkampfes des Proletariats gegen die Bourgeoisie.<\/p>\n<p>Die Revolution von 1848\/49 in Deutschland wurde von der breiten Arbeiterbewegung \u2013 lokale Gewerkvereine, zwei gesamtnationale Gewerkschaftsverb\u00e4nde und der Arbeiterverbr\u00fcderung getragen. Der Erfolg der Revolution wurde ebenfalls von den Herrschenden verhindert . Es begannen Jahre des brutalen Terrors , der am h\u00e4rtesten die Arbeiter traf.<\/p>\n<p>Ebenso erging es der Pariser Kommune. Marx zog daraus den Schluss , dass die Arbeiterklasse in Deutschland den alten Staatsapparat der Ausbeuterklasse zerbrechen und ihren eigenen errichten mu\u00df.<\/p>\n<p>Mit dem \u00dcbergang zum Imperialismus und Militarismus versch\u00e4rfte sich der Klassenkampf in Deutschland \u2013 Crimmitschauer Streik 1903\/04 , Ruhrarbeiterstreik 1905 , Wahlrechtsk\u00e4mpfe und Massenk\u00e4mpfe gegen drohende Kriegsgefahr.<\/p>\n<p>In der Novemberrevolution 1918 erhob sich die deutsche Arbeiterklasse gegen den deutschen Imperialismus und Militarismus . Die Volksmassen st\u00fcrzten die Monarchie , erk\u00e4mpften soziale Rechte und b\u00fcrgerlich-demokratische Freiheiten.<\/p>\n<p>Der Kampf der Arbeiterklasse gegen den deutschen Imperialismus, der sich unter dem Deckmantel der\u00a0 B\u00fcrgerlich-Demokratischen Republik versteckte , ging weiter.\u00a0Im Fr\u00fchjahr 1919 rangen die revolution\u00e4ren deutschen\u00a0 Arbeiter um die Verteidigung und Erweiterung der in der Novemberrevolution erk\u00e4mpften Errungenschaften . Die Kraft der Aktionseinheit bewies der Sieg \u00fcber den Kapp-Putsch 1920.\u00a0Heldenhaft k\u00e4mpften die revolution\u00e4ren Arbeiter 1921 in den durch Provokationen der herrschenden Klasse ausgel\u00f6sten M\u00e4rzk\u00e4mpfen.<\/p>\n<p>Nicht nur in Deutschland und in der Vergangenheit hat die herrschende Ausbeuterklasse alles unternommen , um Aufbegehren der Unterdr\u00fcckten brutal niederzuschlagen bzw. bereits im Keim zu ersticken . Der Kampf der Unterdr\u00fcckten h\u00e4lt an. Dies zeigen die aktuellen Ver\u00e4nderungen der politischen Weltlage.<\/p>\n<p style=\"text-align: right;\"><em>Heike Cienskowski ist Vorsitzende des Landesverbandes Th\u00fcringen des Deutschen Freidenker-Verbandes<\/em><\/p>\n<hr \/>\n<h4>Lehren und Schlu\u00dffolgerungen mit Blick auf aktuelle Auseinandersetzungen<\/h4>\n<p><em>Vortrag von <strong>Sebastian Bahlo<br \/>\n<\/strong><\/em><em>gehalten auf der Veranstaltung \u201eMilit\u00e4r gegen die Arbeiterregierung in Th\u00fcringen und Sachsen. 100 Jahre Reichsexekution\u201c, Weimar, 30.09.2023<\/em><\/p>\n<p>Hundertste Jahrestage m\u00fcssen nicht immer lehrreich sein, weil die Zeit, in die sie fallen, nicht notwendig eine geeignete Perspektive bildet, um das gegebene historische Ereignis zu bewerten. Einen \u201eGl\u00fccksfall\u201c stellte der Jahrestag des Vertrags von Rapallo im April letzten Jahres dar. Denn die Erinnerung an diesen Vertrag, in dem sich das Deutsche Reich und Sowjetru\u00dfland auss\u00f6hnten und eine Zusammenarbeit zu beiderseitigem Nutzen vereinbarten, hat nat\u00fcrlich wie die Faust aufs Auge gepa\u00dft, als im Wochentakt neue Sanktionspakete gegen Ru\u00dfland beschlossen wurden. Die \u201eW\u00fcrdigungen\u201c der antirussischen Meinungsfabrik fielen erwartbar aus: \u201eEin verh\u00e4ngnisvolles Abkommen\u201c erblickte die Zeit, und der Bayerische Rundfunk belehrte: \u201eBis heute spricht man von dem \u201aRapallo-Komplex\u2018, wenn eine zu starke Ann\u00e4herung Deutschlands an Russland bef\u00fcrchtet wird.\u201c Die Stuttgarter Zeitung schl\u00fcsselte die Geschichte von der Gegenwart her auf und fragte: \u201eEin Muster f\u00fcr Nord Stream 2?\u201c Unter der \u00dcberschrift: \u201e\u201aTeufelspakt\u2018 mit Putins Vorfahren\u201c. Der hessische Freidenker Wolfgang Sch\u00fcrer schrieb am Ende seiner historischen Einordnung: \u201eJoseph Wirth (DZP, Reichskanzler 1921\u20131922), bezeichnete den Vertrag von Rapallo am 29. Mai 1922 im Reichstag als \u201aehrliches, aufrichtiges Friedenswerk\u2018. Dagegen hatte Friedrich Ebert (SPD, Reichspr\u00e4sident 1919\u2013 1925) bis zum Schluss versucht, den Vertrag zu verhindern.\u201c <a href=\"https:\/\/www.freidenker.org\/?p=12801\">https:\/\/www.freidenker.org\/?p=12801<\/a><\/p>\n<p>Das glaube ich dem Autor auch ohne weiteres. Offenbar w\u00fcrgte Ebert nicht nur die Revolution und alle revolution\u00e4ren Bestrebungen im Interesse des deutschen Kapitals ab, sondern er diente auch gewisserma\u00dfen als Agent der ausl\u00e4ndischen M\u00e4chte, die wegen des Vertrags von Rapallo Gift und Galle spuckten. Ich kann nur spekulieren, weil ich zu wenig Historiker bin, um einen Beweis zu versuchen: Doch es scheint mir plausibel, da\u00df es zu einem guten Teil gerade das Zusammenwirken dieser Entwicklungen, einerseits das Erstarken der kommunistischen Bewegung, andererseits die von der b\u00fcrgerlichen Reichsregierung vorangebrachte Ann\u00e4herung an Sowjetru\u00dfland war, die den Reaktion\u00e4r Ebert zu den Zwangsma\u00dfnahmen gegen Sachsen und Th\u00fcringen veranla\u00dfte, weil er die Vereinigung dieser beiden Kr\u00e4fte f\u00fcrchtete.<\/p>\n<p>Es ist \u00fcbrigens eine Schande, da\u00df die SPD-Stiftung noch heute Eberts Namen tr\u00e4gt und da\u00df diese Stiftung es wagt, regelm\u00e4\u00dfig die demokratische Gesinnung nicht etwa der Regierenden, sondern der Bev\u00f6lkerung zu \u00fcberpr\u00fcfen. (Ich beziehe mich auf die \u201eMitte-Studien\u201c, von denen ich eine vor Jahren analysiert habe <a href=\"https:\/\/www.freidenker.org\/?p=6318\">https:\/\/www.freidenker.org\/?p=6318<\/a> , die jedesmal gro\u00dfe Emp\u00f6rung hervorrufen, weil sie angeblich das Anwachsen des Rechtsradikalismus in der Bev\u00f6lkerung beweisen sollen, wobei ihre Methode lediglich darin besteht, Ablehnung der Regierung als rechtsradikal zu definieren und das ganze als empirische Forschung auszugeben \u2013 ein zutiefst antidemokratisches Unterfangen.)<\/p>\n<p>Um vergangene Ereignisse auf das Heute zu beziehen, sind die verschiedenen historischen Bedingungen gegen\u00fcberzustellen, wobei auf die welthistorische Dimension einzugehen ist. Man wundere sich daher nicht, da\u00df ich nun von einigem sprechen werde, was mit unserem Thema nicht unmittelbar zu tun hat; doch der Kreis wird sich hoffentlich wieder schlie\u00dfen. Ich geh\u00f6re zu denen, die mit Lenin die Epoche, in der wir leben, als die Epoche des \u00dcbergangs vom Kapitalismus zum Kommunismus betrachten. Das m\u00f6gen manche als anachronistisch verlachen, die nur an den Zusammenbruch der Sowjetunion und des sozialistischen Staatensystems in Europa denken. Dabei \u00fcbersehen sie, da\u00df die Welt trotz dieser Niederlage dem Ende des Kapitalismus inzwischen ein ganzes St\u00fcck n\u00e4hergekommen ist, nur hat sich die Gestalt des Klassenkampfes in der internationalen Arena gewandelt.<\/p>\n<p>Nach dem 1. WK bestand die realistische M\u00f6glichkeit, da\u00df proletarische Revolutionen in einigen der entwickeltsten kapitalistischen L\u00e4ndern die Macht des Sozialismus weltweit entscheidend st\u00e4rken. Nach dem 2. WK sahen sich die Staaten, die neu begannen, den Weg des Sozialismus zu beschreiten, von vornherein in einer wirtschaftlich ung\u00fcnstigen Situation, w\u00e4hrend das imperialistische Lager fest unter der F\u00fchrung der USA vereint war, dort bef\u00f6rderte ein wachsender Massenwohlstand, der als Vorteil des Kapitalismus erschien, obwohl er eigentlich nur die Dividende der imperialistischen Ausbeutung der \u00fcbrigen Welt darstellte, nachhaltig das Absterben revolution\u00e4rer Bewegungen und die innere Zersetzung der sozialistischen L\u00e4nder.<\/p>\n<p>Nach dem Zerbrechen des sozialistischen Blocks in Europa und Aufl\u00f6sung der Sowjetunion feierten wahnsinnige imperialistische Ideologen \u201edas Ende der Geschichte\u201c, doch es sollte ein Pyrrhussieg sein. Erstens war nach Abschlu\u00df der Rekapitalisierung Osteuropas und des Sowjetgebiets eine relative Grenze f\u00fcr die weitere Ausdehnung des Imperialismus erreicht, und der Imperialismus kann ohne Ausdehnungsm\u00f6glichkeit nicht leben. Zweitens hat die Sowjetunion der Russischen F\u00f6deration ein wichtiges Erbe hinterlassen: das milit\u00e4rische Potenzial einer Supermacht, eine in der Breite gebildete, kulturell und technisch hochstehende Bev\u00f6lkerung und das gelebte Prinzip der Gleichheit und Br\u00fcderlichkeit der V\u00f6lker Ru\u00dflands. In Tschetschenien ist der letzte gro\u00dfe Versuch \u00e4u\u00dferer M\u00e4chte, einen Keil zwischen die V\u00f6lker Ru\u00dflands zu treiben, grandios gescheitert. Nach einem furchtbaren Jahrzehnt des Niedergangs verstand es Wladimir Putin, diese Erbschaft unter Ausnutzung der M\u00f6glichkeiten des Kapitalismus klug zu verwenden, um Ru\u00dfland wieder zu einem m\u00e4chtigen und erfolgreichen Land zu machen, dessen Politik ausschlie\u00dflich durch das nationale Interesse geleitet wird \u2013 und damit per se zu einem antiimperialistischen Land. (Denn es ist mein Vorschlag zur L\u00f6sung des Problems, wie zu definieren ist, was ein \u201eimperialistisches\u201c respektive ein \u201eantiimperialistisches Land\u201c ist, das Kriterium, ob das nationale Interesse die Interessen des Monopolkapitals in der Politik dominiert oder ihnen untergeordnet ist, heranzuziehen.)<\/p>\n<p>Die andere antiimperialistische Gro\u00dfmacht ist die Volksrepublik China. Auch sie verdankt ihre Erfolge der nationalen Befreiung unter F\u00fchrung der Kommunistischen Partei. Die \u00fcbereilten Versuche zum beschleunigten Aufbau des Sozialismus mu\u00dften korrigiert werden, da sie die Abh\u00e4ngigkeit von der kapitalistischen Umwelt nicht ber\u00fccksichtigten. Doch die Entwicklung des chinesischen Kapitalismus fand unter absoluter nationaler Kontrolle statt, was mit dem Prinzip des Imperialismus unvereinbar ist.<\/p>\n<p>Mit der wachsenden Bedeutung der BRICS-Gruppe erscheint eine neue \u00c4ra der Weltwirtschaft am Horizont, in der der Kapitalismus zwar noch gebraucht wird, aber sein Schicksal vom politischen Willen souver\u00e4ner Nationen abh\u00e4ngt, wogegen es bisher die Monopolkapitalisten waren, die den Nationen ihren Willen aufgezwungen haben.<\/p>\n<p>Wie schl\u00e4gt sich all das nun in der deutschen Politik nieder? Der westdeutsche Staat war von Anfang an der treuste Vasall des US-Imperialismus und die Regierungen des vereinten Deutschland sind es bis heute und opfern die nationalen Interessen des deutschen Volkes dieser Gefolgschaft, was besonders seit dem letzten Jahr extreme Z\u00fcge angenommen hat. Die Situation wird weiter dadurch verkompliziert, da\u00df mit der Annexion der DDR Elemente eines westdeutschen Kolonialregimes etabliert wurden, die auch einen antikolonialen Widerstand hervorrufen. An der Spitze dieses Widerstands stand lange die PDS\/Die Linke; seit einigen Jahren ist die f\u00fchrende Rolle der AfD zugefallen. In der Widerstandsbewegung vereinigen sich wirtschafts- und sozialpolitische Forderungen, Kampf gegen Einschr\u00e4nkungen individueller Rechte wie unter dem Vorwand der Pandemiebek\u00e4mpfung, Ablehnung der transatlantischen Gefolgschaft und der damit verbundenen Kriegspolitik und die Forderung nach Frieden und Freundschaft mit Ru\u00dfland. (\u201eRapallo-Komplex\u201c!)<\/p>\n<p>Es ist die Angst der Herrschenden vor diesem Widerstand, der das allgegenw\u00e4rtige Einpr\u00fcgeln auf die AfD erkl\u00e4rt, die Beschw\u00f6rung einer \u201eBrandmauer\u201c, die Instrumentalisierung des Verfassungsschutzes. 2019 fand zwar keine Reichsexekution gegen Th\u00fcringen statt, aber die Bundeskanzlerin erkl\u00e4rte unverbl\u00fcmt, da\u00df die mit AfD-Stimmen zustandegekommene Wahl eines FDP-Ministerpr\u00e4sidenten r\u00fcckg\u00e4ngiggemacht werden m\u00fcsse, und schlie\u00dflich konnte gen\u00fcgend Druck aufgebaut werden, um dies durchzusetzen. Und wenn ich die Wahlumfragen richtig lese, k\u00f6nnte es in den beiden L\u00e4ndern, die von der Reichsexekution betroffen waren, n\u00e4chstes Jahr AfD-Mehrheiten geben. Mal sehen, was dann so passiert.<\/p>\n<p>Man kann jetzt wahrscheinlich denken, ich h\u00e4tte mich als AfD-Fan geoutet. Das ist nicht der Fall. Mir geht es um etwas anderes: Die Spaltung der Arbeiterklasse hat seinerzeit dem Faschismus den Weg bereitet. Zu dieser Spaltung hat der Fall, \u00fcber den wir heute sprechen, nicht unerheblich beigetragen. Zur \u00dcberwindung der Spaltung braucht es die Volksfront. Die heutige Volksfront darf sich nicht von einem verlogenen Pseudoantifaschismus, der in Wirklichkeit profaschistisch ist, spalten lassen. Sie mu\u00df undemokratische Machenschaften zur\u00fcckweisen, egal gegen welche Partei sie gerichtet sind. Sie mu\u00df auch einen Weimarer Richter Dettmar verteidigen, der strafrechtlich verfolgt wird \u2013 eine sachlich unsinnige Hausdurchsuchung inklusive \u2013 weil sein Urteil zur Maskenpflicht 2020 nicht opportun war. Denn was heute gegen den einen recht war, ist morgen gegen den anderen billig. Der Schlu\u00dfvers aus Niem\u00f6llers ber\u00fchmten Gedicht: \u201eAls sie mich holten, war niemand mehr da, der etwas h\u00e4tte sagen k\u00f6nnen\u201c, ist stets in Erinnerung zu behalten.<\/p>\n<p>Die Einschr\u00e4nkungen demokratischer Rechte, die sich derzeit nur unter anderem, aber besonders grell in der Versch\u00e4rfung und dem Mi\u00dfbrauch der \u00a7\u00a7 130, 140 StGB im Sinne eines Gesinnungsstrafrechts zeigen, wonach man mit bis zu drei Jahren Haft bedroht wird, wenn man den Krieg in der Ukraine anders bewertet als die Bundesregierung oder die Hungersnot in der Ukraine zu Beginn der 1930er Jahre nicht f\u00fcr einen vors\u00e4tzlichen V\u00f6lkermord h\u00e4lt, entschieden zu bek\u00e4mpfen, mu\u00df eine Hauptaufgabe des fortschrittlichen Kr\u00e4fte \u2013 und nat\u00fcrlich insbesondere der Freidenker \u2013 sein. Und hier erweist sich unser Gedenken an die undemokratische Reichsexekution vor hundert Jahren als sehr passend.<\/p>\n<p style=\"text-align: right;\"><em>Sebastian Bahlo ist Vorsitzender des Deutschen Freidenker-Verbandes<\/em><\/p>\n<hr \/>\n<figure id=\"attachment_17168\" aria-describedby=\"caption-attachment-17168\" style=\"width: 600px\" class=\"wp-caption alignnone\"><img data-recalc-dims=\"1\" loading=\"lazy\" decoding=\"async\" data-attachment-id=\"17168\" data-permalink=\"https:\/\/www.freidenker.org\/?attachment_id=17168\" data-orig-file=\"https:\/\/i0.wp.com\/www.freidenker.org\/fw17\/wp-content\/uploads\/2023\/10\/100_Jahre_Reichsexekution_Ernesto_800px.jpg?fit=800%2C695&amp;ssl=1\" data-orig-size=\"800,695\" data-comments-opened=\"0\" data-image-meta=\"{&quot;aperture&quot;:&quot;0&quot;,&quot;credit&quot;:&quot;&quot;,&quot;camera&quot;:&quot;DMC-FZ1000&quot;,&quot;caption&quot;:&quot;&quot;,&quot;created_timestamp&quot;:&quot;1696074682&quot;,&quot;copyright&quot;:&quot;&quot;,&quot;focal_length&quot;:&quot;0&quot;,&quot;iso&quot;:&quot;1600&quot;,&quot;shutter_speed&quot;:&quot;0&quot;,&quot;title&quot;:&quot;&quot;,&quot;orientation&quot;:&quot;1&quot;}\" data-image-title=\"100_Jahre_Reichsexekution_Ernesto_800px\" data-image-description=\"\" data-image-caption=\"\" data-large-file=\"https:\/\/i0.wp.com\/www.freidenker.org\/fw17\/wp-content\/uploads\/2023\/10\/100_Jahre_Reichsexekution_Ernesto_800px.jpg?fit=800%2C695&amp;ssl=1\" class=\"wp-image-17168\" src=\"https:\/\/i0.wp.com\/www.freidenker.org\/fw17\/wp-content\/uploads\/2023\/10\/100_Jahre_Reichsexekution_Ernesto_800px.jpg?resize=600%2C521&#038;ssl=1\" alt=\"\" width=\"600\" height=\"521\" srcset=\"https:\/\/i0.wp.com\/www.freidenker.org\/fw17\/wp-content\/uploads\/2023\/10\/100_Jahre_Reichsexekution_Ernesto_800px.jpg?resize=300%2C261&amp;ssl=1 300w, https:\/\/i0.wp.com\/www.freidenker.org\/fw17\/wp-content\/uploads\/2023\/10\/100_Jahre_Reichsexekution_Ernesto_800px.jpg?resize=768%2C667&amp;ssl=1 768w, https:\/\/i0.wp.com\/www.freidenker.org\/fw17\/wp-content\/uploads\/2023\/10\/100_Jahre_Reichsexekution_Ernesto_800px.jpg?w=800&amp;ssl=1 800w\" sizes=\"auto, (max-width: 600px) 100vw, 600px\" \/><figcaption id=\"caption-attachment-17168\" class=\"wp-caption-text\"><span style=\"font-size: 10pt;\">Ernesto Schwarz gestaltete das musikalische Rahmenprogramm<\/span><\/figcaption><\/figure>\n<hr \/>\n<p><span style=\"font-size: 10pt;\">Bild oben: Das Pr\u00e4sidium der Veranstaltung. V.l.n.r.: Sebastian Bahlo, Heike Cienskowski, Dr. Steffen Kachel<\/span><br \/>\n<span style=\"font-size: 10pt;\">Foto: Privat<\/span><\/p>\n","protected":false},"excerpt":{"rendered":"<p><b>Rede von Sebastian Bahlo<\/b><br \/>\nDer Deutsche Freidenker-Verband Th\u00fcringen erinnerte in Kooperation mit der Rosa-Luxemburg-Stiftung an die gewaltsame Beseitigung der Landesregierungen in Th\u00fcringen und Sachsen auf Befehl des Reichspr\u00e4sidenten Friedrich Ebert vor hundert Jahren. Die Veranstaltung fand am 30. September im Kulturhaus &#8222;Mon Ami&#8220; in Weimar statt. Die Landesvorsitzende der Th\u00fcringer Freidenker, Heike Cienskowski, er\u00f6ffnete die Veranstaltung. Vortr\u00e4ge wurden vom Historiker Dr. Steffen Kachel, Kreisvorsitzender der Partei Die Linke in Erfurt, und dem Bundesvorsitzenden des Deutschen Freidenker-Verbands Sebastian Bahlo gehalten. Die Besucher der Konferenz beteiligten sich mehrheitlich an einer regen Diskussion und beschr\u00e4nkten sich dabei nicht nur auf die Vergangenheit sondern bezogen die Gegenwart mit ein. &#8230; Wir dokumentieren hier die Er\u00f6ffnungsansprache von Heike Cienskowski sowie den Vortrag von Sebastian Bahlo.<\/p>\n","protected":false},"author":3,"featured_media":17167,"comment_status":"closed","ping_status":"closed","sticky":false,"template":"","format":"standard","meta":{"colormag_page_container_layout":"default_layout","colormag_page_sidebar_layout":"default_layout","advanced_seo_description":"","jetpack_seo_html_title":"","jetpack_seo_noindex":false,"jetpack_post_was_ever_published":false,"footnotes":""},"categories":[12,1162],"tags":[473,648,1031,709,491,1722,1939,222,564,815,1338,185,1938],"class_list":["post-17166","post","type-post","status-publish","format-standard","has-post-thumbnail","hentry","category-demokratie-medien-aufklaerung","category-geschichte","tag-1-weltkrieg","tag-2-weltkrieg","tag-afd","tag-brics-staaten","tag-geschichte","tag-lv-thueringen","tag-reichsexekution","tag-russland","tag-sozialismus","tag-spd","tag-strafrecht","tag-usa","tag-weimar"],"jetpack_featured_media_url":"https:\/\/i0.wp.com\/www.freidenker.org\/fw17\/wp-content\/uploads\/2023\/10\/100_Jahre_Reichsexekution_Praesidium_800x450.jpg?fit=800%2C450&ssl=1","jetpack_shortlink":"https:\/\/wp.me\/p9stpK-4sS","jetpack-related-posts":[{"id":8182,"url":"https:\/\/www.freidenker.org\/?p=8182","url_meta":{"origin":17166,"position":0},"title":"Himmelfahrt, Vatertag, Herrentag, \u2026 ein Feiertag, Freidenkertag!","author":"Webredaktion","date":"22. Mai 2020","format":false,"excerpt":"Bildergalerie vom Ausflug der Freidenker Sachsen-Anhalt nach P\u00f6mmelte Ausflug nach P\u00f6mmelte, an die Elbe und an den Ort, wo Saale und Elbe zusammenflie\u00dfen. Viel Sonnenschein und anregende Gespr\u00e4che, sowie Pl\u00e4ne f\u00fcr ein n\u00e4chstes Treffen, das war der gestrige Feiertag f\u00fcr Freidenker aus Sachsen-Anhalt und Th\u00fcringen. Von der Steinzeit, bis in\u2026","rel":"","context":"In &quot;Veranstaltungen in den DFV-Landesverb\u00e4nden&quot;","block_context":{"text":"Veranstaltungen in den DFV-Landesverb\u00e4nden","link":"https:\/\/www.freidenker.org\/?cat=19"},"img":{"alt_text":"","src":"https:\/\/i0.wp.com\/www.freidenker.org\/fw17\/wp-content\/uploads\/2020\/06\/Poemmelte2_800x450.jpg?fit=799%2C450&ssl=1&resize=350%2C200","width":350,"height":200,"srcset":"https:\/\/i0.wp.com\/www.freidenker.org\/fw17\/wp-content\/uploads\/2020\/06\/Poemmelte2_800x450.jpg?fit=799%2C450&ssl=1&resize=350%2C200 1x, https:\/\/i0.wp.com\/www.freidenker.org\/fw17\/wp-content\/uploads\/2020\/06\/Poemmelte2_800x450.jpg?fit=799%2C450&ssl=1&resize=525%2C300 1.5x, https:\/\/i0.wp.com\/www.freidenker.org\/fw17\/wp-content\/uploads\/2020\/06\/Poemmelte2_800x450.jpg?fit=799%2C450&ssl=1&resize=700%2C400 2x"},"classes":[]},{"id":20189,"url":"https:\/\/www.freidenker.org\/?p=20189","url_meta":{"origin":17166,"position":1},"title":"Lisa Fitz: Die Anti-Deutschen","author":"Webredaktion","date":"2. November 2024","format":false,"excerpt":"Video von\u00a0Lisa Fitz Heute berichte ich euch \u00fcber die Antideutschen und sag\u2019 meine Meinung zu den Wahlen in Th\u00fcringen und Sachsen. Aber das kommt erst ab Minute 8 oder so \u2013 also bitte dranbleiben!","rel":"","context":"In &quot;Demokratie \u2013 Medien \u2013 Aufkl\u00e4rung&quot;","block_context":{"text":"Demokratie \u2013 Medien \u2013 Aufkl\u00e4rung","link":"https:\/\/www.freidenker.org\/?cat=12"},"img":{"alt_text":"","src":"https:\/\/i0.wp.com\/www.freidenker.org\/fw17\/wp-content\/uploads\/2024\/11\/Fitz_Antideutsche_800x450.jpg?fit=800%2C450&ssl=1&resize=350%2C200","width":350,"height":200,"srcset":"https:\/\/i0.wp.com\/www.freidenker.org\/fw17\/wp-content\/uploads\/2024\/11\/Fitz_Antideutsche_800x450.jpg?fit=800%2C450&ssl=1&resize=350%2C200 1x, https:\/\/i0.wp.com\/www.freidenker.org\/fw17\/wp-content\/uploads\/2024\/11\/Fitz_Antideutsche_800x450.jpg?fit=800%2C450&ssl=1&resize=525%2C300 1.5x, https:\/\/i0.wp.com\/www.freidenker.org\/fw17\/wp-content\/uploads\/2024\/11\/Fitz_Antideutsche_800x450.jpg?fit=800%2C450&ssl=1&resize=700%2C400 2x"},"classes":[]},{"id":8020,"url":"https:\/\/www.freidenker.org\/?p=8020","url_meta":{"origin":17166,"position":2},"title":"Galerie: Freidenker zum 75. Jahrestag der Befreiung","author":"Webredaktion","date":"12. Mai 2020","format":false,"excerpt":"Obwohl aus bekannten Gr\u00fcnden die gro\u00dfe Kundgebungen und Feiern nicht wie geplant stattfinden konnten, haben Tausende Menschen in Berlin und ganz Deutschland dem 75. Jahrestag\u00a0 der Befreiung vom Faschismus und des Sieges der Roten Armee gedacht. Nat\u00fcrlich waren auch Freidenker dabei. Hier einige Bilder aus Berlin, Offenbach, Frankfurt a.M. und\u2026","rel":"","context":"In &quot;Frieden - Antifaschismus - Solidarit\u00e4t&quot;","block_context":{"text":"Frieden - Antifaschismus - Solidarit\u00e4t","link":"https:\/\/www.freidenker.org\/?cat=13"},"img":{"alt_text":"","src":"https:\/\/i0.wp.com\/www.freidenker.org\/fw17\/wp-content\/uploads\/2020\/05\/TagDerBefreiung_2020_800x450.jpg?fit=800%2C450&ssl=1&resize=350%2C200","width":350,"height":200,"srcset":"https:\/\/i0.wp.com\/www.freidenker.org\/fw17\/wp-content\/uploads\/2020\/05\/TagDerBefreiung_2020_800x450.jpg?fit=800%2C450&ssl=1&resize=350%2C200 1x, https:\/\/i0.wp.com\/www.freidenker.org\/fw17\/wp-content\/uploads\/2020\/05\/TagDerBefreiung_2020_800x450.jpg?fit=800%2C450&ssl=1&resize=525%2C300 1.5x, https:\/\/i0.wp.com\/www.freidenker.org\/fw17\/wp-content\/uploads\/2020\/05\/TagDerBefreiung_2020_800x450.jpg?fit=800%2C450&ssl=1&resize=700%2C400 2x"},"classes":[]},{"id":15876,"url":"https:\/\/www.freidenker.org\/?p=15876","url_meta":{"origin":17166,"position":3},"title":"Gedenkveranstaltung anl\u00e4sslich der Selbstbefreiung des KZ Buchenwald","author":"Webredaktion","date":"26. April 2023","format":false,"excerpt":"Beitrag der Webredaktion Zu der offizielle Gedenkfeier am 16.04.2023 anl\u00e4sslich der Selbstbefreiung des Konzentrationslagers Buchenwald und Dora (in der DDR Mahn- und Gedenkst\u00e4tte, jetzt nur noch Gedenkst\u00e4tte) war das Russische Generalkonsulat in Leipzig das zweite Jahr in Folge nicht eingeladen worden. Der Landesverband Th\u00fcringen wandte sich an das Generalkonsulat der\u2026","rel":"","context":"In &quot;Frieden - Antifaschismus - Solidarit\u00e4t&quot;","block_context":{"text":"Frieden - Antifaschismus - Solidarit\u00e4t","link":"https:\/\/www.freidenker.org\/?cat=13"},"img":{"alt_text":"","src":"https:\/\/i0.wp.com\/www.freidenker.org\/fw17\/wp-content\/uploads\/2023\/04\/Buchenwald_2023_800x450.jpg?fit=800%2C450&ssl=1&resize=350%2C200","width":350,"height":200,"srcset":"https:\/\/i0.wp.com\/www.freidenker.org\/fw17\/wp-content\/uploads\/2023\/04\/Buchenwald_2023_800x450.jpg?fit=800%2C450&ssl=1&resize=350%2C200 1x, https:\/\/i0.wp.com\/www.freidenker.org\/fw17\/wp-content\/uploads\/2023\/04\/Buchenwald_2023_800x450.jpg?fit=800%2C450&ssl=1&resize=525%2C300 1.5x, https:\/\/i0.wp.com\/www.freidenker.org\/fw17\/wp-content\/uploads\/2023\/04\/Buchenwald_2023_800x450.jpg?fit=800%2C450&ssl=1&resize=700%2C400 2x"},"classes":[]},{"id":16310,"url":"https:\/\/www.freidenker.org\/?p=16310","url_meta":{"origin":17166,"position":4},"title":"Keine Bomber \u00fcber unseren K\u00f6pfen! Kein Werben f\u00fcrs Sterben!","author":"Webredaktion","date":"12. Juni 2023","format":false,"excerpt":"Zentrale Kundgebung gegen Air Defender 23 und gegen den Tag der Bundeswehr in Brandenburg an der Havel am 17.06.2023 Pressemitteilung des Organisationsteams des B\u00fcndnis f\u00fcr Frieden F\u00fcr Samstag, 17.06.2023 hat das B\u00fcndnis f\u00fcr Frieden Brandenburg eine Protestkundgebung gegen Air Defender 23, das gr\u00f6\u00dfte Luftman\u00f6ver in der Geschichte der NATO, angemeldet.\u2026","rel":"","context":"In &quot;Frieden - Antifaschismus - Solidarit\u00e4t&quot;","block_context":{"text":"Frieden - Antifaschismus - Solidarit\u00e4t","link":"https:\/\/www.freidenker.org\/?cat=13"},"img":{"alt_text":"","src":"https:\/\/i0.wp.com\/www.freidenker.org\/fw17\/wp-content\/uploads\/2023\/06\/Flyer_Brandeburg_2023-06-07_s1_auszug_800x450.jpg?fit=799%2C450&ssl=1&resize=350%2C200","width":350,"height":200,"srcset":"https:\/\/i0.wp.com\/www.freidenker.org\/fw17\/wp-content\/uploads\/2023\/06\/Flyer_Brandeburg_2023-06-07_s1_auszug_800x450.jpg?fit=799%2C450&ssl=1&resize=350%2C200 1x, https:\/\/i0.wp.com\/www.freidenker.org\/fw17\/wp-content\/uploads\/2023\/06\/Flyer_Brandeburg_2023-06-07_s1_auszug_800x450.jpg?fit=799%2C450&ssl=1&resize=525%2C300 1.5x, https:\/\/i0.wp.com\/www.freidenker.org\/fw17\/wp-content\/uploads\/2023\/06\/Flyer_Brandeburg_2023-06-07_s1_auszug_800x450.jpg?fit=799%2C450&ssl=1&resize=700%2C400 2x"},"classes":[]},{"id":19828,"url":"https:\/\/www.freidenker.org\/?p=19828","url_meta":{"origin":17166,"position":5},"title":"Landeswahlen im weltpolitischen Kontext?","author":"Webredaktion","date":"11. September 2024","format":false,"excerpt":"Standpunkt von Wolfgang Effenberger Die Wahlen in Th\u00fcringen und Sachsen waren auf den 1. September 2024 festgelegt worden \u2013 genau 85 Jahre nach dem Beginn des Zweiten Weltkriegs. Diesen geschichtlichen Zusammenhang nahm am Wahlabend die erfahrene ZDF-Chefredakteurin Bettina Schausten zum Anlass, einen historischen Bogen vom \u00dcberfall auf Polen \u00fcber die\u2026","rel":"","context":"In &quot;Demokratie \u2013 Medien \u2013 Aufkl\u00e4rung&quot;","block_context":{"text":"Demokratie \u2013 Medien \u2013 Aufkl\u00e4rung","link":"https:\/\/www.freidenker.org\/?cat=12"},"img":{"alt_text":"","src":"https:\/\/i0.wp.com\/www.freidenker.org\/fw17\/wp-content\/uploads\/2024\/09\/wahl2024thueringen_800x450.jpg?fit=800%2C450&ssl=1&resize=350%2C200","width":350,"height":200,"srcset":"https:\/\/i0.wp.com\/www.freidenker.org\/fw17\/wp-content\/uploads\/2024\/09\/wahl2024thueringen_800x450.jpg?fit=800%2C450&ssl=1&resize=350%2C200 1x, https:\/\/i0.wp.com\/www.freidenker.org\/fw17\/wp-content\/uploads\/2024\/09\/wahl2024thueringen_800x450.jpg?fit=800%2C450&ssl=1&resize=525%2C300 1.5x, https:\/\/i0.wp.com\/www.freidenker.org\/fw17\/wp-content\/uploads\/2024\/09\/wahl2024thueringen_800x450.jpg?fit=800%2C450&ssl=1&resize=700%2C400 2x"},"classes":[]}],"_links":{"self":[{"href":"https:\/\/www.freidenker.org\/index.php?rest_route=\/wp\/v2\/posts\/17166","targetHints":{"allow":["GET"]}}],"collection":[{"href":"https:\/\/www.freidenker.org\/index.php?rest_route=\/wp\/v2\/posts"}],"about":[{"href":"https:\/\/www.freidenker.org\/index.php?rest_route=\/wp\/v2\/types\/post"}],"author":[{"embeddable":true,"href":"https:\/\/www.freidenker.org\/index.php?rest_route=\/wp\/v2\/users\/3"}],"replies":[{"embeddable":true,"href":"https:\/\/www.freidenker.org\/index.php?rest_route=%2Fwp%2Fv2%2Fcomments&post=17166"}],"version-history":[{"count":0,"href":"https:\/\/www.freidenker.org\/index.php?rest_route=\/wp\/v2\/posts\/17166\/revisions"}],"wp:featuredmedia":[{"embeddable":true,"href":"https:\/\/www.freidenker.org\/index.php?rest_route=\/wp\/v2\/media\/17167"}],"wp:attachment":[{"href":"https:\/\/www.freidenker.org\/index.php?rest_route=%2Fwp%2Fv2%2Fmedia&parent=17166"}],"wp:term":[{"taxonomy":"category","embeddable":true,"href":"https:\/\/www.freidenker.org\/index.php?rest_route=%2Fwp%2Fv2%2Fcategories&post=17166"},{"taxonomy":"post_tag","embeddable":true,"href":"https:\/\/www.freidenker.org\/index.php?rest_route=%2Fwp%2Fv2%2Ftags&post=17166"}],"curies":[{"name":"wp","href":"https:\/\/api.w.org\/{rel}","templated":true}]}}