{"id":17148,"date":"2023-10-01T13:17:09","date_gmt":"2023-10-01T11:17:09","guid":{"rendered":"https:\/\/www.freidenker.org\/?p=17148"},"modified":"2023-11-14T00:50:45","modified_gmt":"2023-11-13T23:50:45","slug":"strafrecht-gegen-meinungsfreiheit","status":"publish","type":"post","link":"https:\/\/www.freidenker.org\/?p=17148","title":{"rendered":"Strafrecht gegen Meinungsfreiheit"},"content":{"rendered":"<h4>Einladung zur Diskussion<\/h4>\n<h5>Einleitungsreferat:<\/h5>\n<p><em><strong>Hans Bauer<br \/>\n<\/strong>Vorsitzender der GRH (Gesellschaft zur Rechtlichen und Humanit\u00e4ren Unterst\u00fctzung e.V.)<\/em><\/p>\n<p>Wann: <strong>Sonnabend, 14. Oktober 2023, 10:00 Uhr<br \/>\n<\/strong>Wo: <strong>Jugendherberge Leiterstra\u00dfe 10, 39104 Magdeburg<\/strong><strong><br \/>\n<\/strong><\/p>\n<blockquote><p>\u201eJeder hat das Recht, seine Meinung in Wort, Schrift und Bild frei zu \u00e4u\u00dfern und zu verbreiten und sich aus allgemein zug\u00e4nglichen Quellen ungehindert zu unterrichten\u201c \u2013 so beginnt Artikel 5 des Grundgesetzes, bevor der Vorbehalt des Gesetzgebers kommt: \u201eDiese Rechte finden ihre Schranken in den Vorschriften der allgemeinen Gesetze \u2026\u201c<\/p><\/blockquote>\n<p>Von dieser Einschr\u00e4nkungsdrohung hat der Gesetzgeber in letzter Zeit rigiden Gebrauch gemacht. Mit dem versch\u00e4rften Paragraphen 130 des Strafgesetzbuches hat die Ampel-Koalition einen neuen Maulkorbparagrafen geschaffen, mit dem willige Staatsanw\u00e4lte alle verfolgen k\u00f6nnen, die eine abweichende Meinung und Einsch\u00e4tzung zu kriegerischen Handlungen weltweit haben. Auch der \u00a7 140 wird vermehrt eingesetzt, um Kriegsgegner wegen \u201eBilligung von Straftaten\u201c mundtot zu machen. K\u00fcnstlern wird aufgrund ihres Protests gegen Faschismus und Krieg das \u201eVerwenden von Kennzeichen verfassungswidriger Organisationen\u201c angedichtet. Mit dem Zensurgesetz \u201eDigital Service Act\u201c bestimmt fortan die EU offiziell, was wahr und was \u201eDesinformation\u201c bzw. \u201epro-russische Propaganda\u201c ist, und daher zensiert werden muss.<\/p>\n<p>Ob Migration oder Klima, Corona oder Ukraine, wer nicht der Regierungspropaganda huldigt, wird gerufmordet, niedergemacht, in seiner sozialen Existenz bedroht. Die Demokratie stirbt, die Denunziation bl\u00fcht auf. Was k\u00f6nnen wir gegen diese \u201eZeitenwende\u201c tun?<\/p>\n<hr \/>\n<p><strong>Download<\/strong><\/p>\n<p><img data-recalc-dims=\"1\" loading=\"lazy\" decoding=\"async\" data-attachment-id=\"1076\" data-permalink=\"https:\/\/www.freidenker.org\/?attachment_id=1076\" data-orig-file=\"https:\/\/i0.wp.com\/www.freidenker.org\/fw17\/wp-content\/uploads\/2017\/10\/pdf_icon-2.png?fit=32%2C32&amp;ssl=1\" data-orig-size=\"32,32\" data-comments-opened=\"0\" data-image-meta=\"{&quot;aperture&quot;:&quot;0&quot;,&quot;credit&quot;:&quot;&quot;,&quot;camera&quot;:&quot;&quot;,&quot;caption&quot;:&quot;&quot;,&quot;created_timestamp&quot;:&quot;0&quot;,&quot;copyright&quot;:&quot;&quot;,&quot;focal_length&quot;:&quot;0&quot;,&quot;iso&quot;:&quot;0&quot;,&quot;shutter_speed&quot;:&quot;0&quot;,&quot;title&quot;:&quot;&quot;,&quot;orientation&quot;:&quot;0&quot;}\" data-image-title=\"pdf_icon\" data-image-description=\"\" data-image-caption=\"\" data-large-file=\"https:\/\/i0.wp.com\/www.freidenker.org\/fw17\/wp-content\/uploads\/2017\/10\/pdf_icon-2.png?fit=32%2C32&amp;ssl=1\" class=\"alignnone size-full wp-image-1076\" src=\"https:\/\/i0.wp.com\/www.freidenker.org\/fw17\/wp-content\/uploads\/2017\/10\/pdf_icon-2.png?resize=32%2C32&#038;ssl=1\" alt=\"\" width=\"32\" height=\"32\" \/>\u00a0Den <a href=\"https:\/\/www.freidenker.org\/fw17\/wp-content\/uploads\/2023\/09\/VV-231014-Veranstaltung.pdf\" target=\"_blank\" rel=\"noopener\">Flyer zur Veranstaltung<\/a> ansehen oder herunterladen (PDF-Dokument, ca. 250 KB)<\/p>\n<hr \/>\n<p><span style=\"font-size: 10pt;\">Bild oben: <a href=\"https:\/\/ccnull.de\/foto\/stgb\/1008129\" target=\"_blank\" rel=\"noopener\">ccnull.de<\/a> \/ <a href=\"https:\/\/ccnull.de\/fotograf\/tim-reckmann\">Tim Reckmann<\/a> \/ <a href=\"https:\/\/creativecommons.org\/licenses\/by\/2.0\/de\/\" target=\"_blank\" rel=\"noopener\">CC-BY 2.0<\/a><\/span><\/p>\n","protected":false},"excerpt":{"rendered":"<p><b>Einladung zur Diskussion, Einleitungsreferat: Hans Bauer<\/b><br \/>\nSonnabend, 14. Oktober 2023, 10:00 Uhr, Jugendherberge Leiterstra\u00dfe 10, 39104 Magdeburg<br \/>\n<i>\u201eJeder hat das Recht, seine Meinung in Wort, Schrift und Bild frei zu \u00e4u\u00dfern und zu verbreiten und sich aus allgemein zug\u00e4nglichen Quellen ungehindert zu unterrichten\u201c \u2013 so beginnt Artikel 5 des Grundgesetzes, bevor der Vorbehalt des Gesetzgebers kommt: \u201eDiese Rechte finden ihre Schranken in den Vorschriften der allgemeinen Gesetze \u2026\u201c<\/i><br \/>\nVon dieser Einschr\u00e4nkungsdrohung hat der Gesetzgeber in letzter Zeit rigiden Gebrauch gemacht. Mit dem versch\u00e4rften Paragraphen 130 des Strafgesetzbuches hat die Ampel-Koalition einen neuen Maulkorbparagrafen geschaffen, mit dem willige Staatsanw\u00e4lte alle verfolgen k\u00f6nnen, die eine abweichende Meinung und Einsch\u00e4tzung zu kriegerischen Handlungen weltweit haben.<\/p>\n","protected":false},"author":3,"featured_media":17150,"comment_status":"closed","ping_status":"closed","sticky":false,"template":"","format":"standard","meta":{"colormag_page_container_layout":"default_layout","colormag_page_sidebar_layout":"default_layout","advanced_seo_description":"","jetpack_seo_html_title":"","jetpack_seo_noindex":false,"jetpack_post_was_ever_published":false,"footnotes":""},"categories":[20],"tags":[162,1541,844,1935,395,637,1338,1050],"class_list":["post-17148","post","type-post","status-publish","format-standard","has-post-thumbnail","hentry","category-zentrale-veranstaltungen","tag-demokratie","tag-denunziation","tag-grundgesetz","tag-kriegsgegner","tag-meinungsfreiheit","tag-propaganda","tag-strafrecht","tag-veranstaltung"],"jetpack_featured_media_url":"https:\/\/i0.wp.com\/www.freidenker.org\/fw17\/wp-content\/uploads\/2023\/09\/stgb_cc-by-20_800x450.jpg?fit=800%2C450&ssl=1","jetpack_shortlink":"https:\/\/wp.me\/p9stpK-4sA","jetpack-related-posts":[{"id":8949,"url":"https:\/\/www.freidenker.org\/?p=8949","url_meta":{"origin":17148,"position":0},"title":"Meinungsfreiheit st\u00e4rken, Strafrecht modernisieren","author":"Webredaktion","date":"5. Dezember 2020","format":false,"excerpt":"KORSO fordert die Abschaffung des Blasphemieparagraphen ... Der Blick nach Deutschland zeigt: Auch hierzulande dient ein Blasphemiegesetz dazu, im Sinne von gewaltbereiten und den \u00f6ffentlichen Frieden st\u00f6renden religi\u00f6sen Fundamentalisten die Meinungs- und Kunstfreiheit einzuschr\u00e4nken. Deutschland geh\u00f6rt also selbst in besch\u00e4mender Weise immer noch zum Kreis der L\u00e4nder, in denen ein\u2026","rel":"","context":"In &quot;Religions- &amp; Kirchenkritik, S\u00e4kulare Szene&quot;","block_context":{"text":"Religions- &amp; Kirchenkritik, S\u00e4kulare Szene","link":"https:\/\/www.freidenker.org\/?cat=15"},"img":{"alt_text":"","src":"https:\/\/i0.wp.com\/www.freidenker.org\/fw17\/wp-content\/uploads\/2020\/12\/justice-2060093_800x450.jpg?fit=800%2C450&ssl=1&resize=350%2C200","width":350,"height":200,"srcset":"https:\/\/i0.wp.com\/www.freidenker.org\/fw17\/wp-content\/uploads\/2020\/12\/justice-2060093_800x450.jpg?fit=800%2C450&ssl=1&resize=350%2C200 1x, https:\/\/i0.wp.com\/www.freidenker.org\/fw17\/wp-content\/uploads\/2020\/12\/justice-2060093_800x450.jpg?fit=800%2C450&ssl=1&resize=525%2C300 1.5x, https:\/\/i0.wp.com\/www.freidenker.org\/fw17\/wp-content\/uploads\/2020\/12\/justice-2060093_800x450.jpg?fit=800%2C450&ssl=1&resize=700%2C400 2x"},"classes":[]},{"id":15080,"url":"https:\/\/www.freidenker.org\/?p=15080","url_meta":{"origin":17148,"position":1},"title":"Update zur Fressefreiheit","author":"Webredaktion","date":"27. Januar 2023","format":false,"excerpt":"Video einer Rede von Heiner B\u00fccker Wer noch irgendwelche Illusionen \u00fcber den Zustand der Meinungsfreiheit in Deutschland hat, der vergegenw\u00e4rtige sich, dass die im Video festgehaltene Rede des Berliner Friedensaktivisten und Antifaschisten Heiner B\u00fccker wegen \"Billigung von Straftaten\" von einem Berliner Amtsrichter mit einem Strafbefehl belegt wurde. \u00dcber den Fall\u2026","rel":"","context":"In &quot;Zeit der Verleumder - Freidenker f\u00fcr Klartext&quot;","block_context":{"text":"Zeit der Verleumder - Freidenker f\u00fcr Klartext","link":"https:\/\/www.freidenker.org\/?cat=937"},"img":{"alt_text":"","src":"https:\/\/i0.wp.com\/www.freidenker.org\/fw17\/wp-content\/uploads\/2023\/01\/klartext_heiner_buecker_800x450.jpg?fit=800%2C450&ssl=1&resize=350%2C200","width":350,"height":200,"srcset":"https:\/\/i0.wp.com\/www.freidenker.org\/fw17\/wp-content\/uploads\/2023\/01\/klartext_heiner_buecker_800x450.jpg?fit=800%2C450&ssl=1&resize=350%2C200 1x, https:\/\/i0.wp.com\/www.freidenker.org\/fw17\/wp-content\/uploads\/2023\/01\/klartext_heiner_buecker_800x450.jpg?fit=800%2C450&ssl=1&resize=525%2C300 1.5x, https:\/\/i0.wp.com\/www.freidenker.org\/fw17\/wp-content\/uploads\/2023\/01\/klartext_heiner_buecker_800x450.jpg?fit=800%2C450&ssl=1&resize=700%2C400 2x"},"classes":[]},{"id":19452,"url":"https:\/\/www.freidenker.org\/?p=19452","url_meta":{"origin":17148,"position":2},"title":"Erkl\u00e4rung:  Widerstand gegen Meinungsdiktat","author":"Webredaktion","date":"4. Juli 2024","format":false,"excerpt":"Erkl\u00e4rung der Initiative \u201eMeinungsfreiheit verteidigen\u201c 85 Jahre nach Beginn des Zweiten Weltkrieges und 83 Jahre nach dem \u00dcberfall des faschistischen Deutschlands auf die Sowjetunion hat die deutsche Regierung Angriffe auf das Territorium der russischen F\u00f6deration mit deutschen Waffen freigegeben. Gegen jegliche historische Verantwortung und politische Vernunft ist Deutschland mit Waffenlieferungen\u2026","rel":"","context":"In &quot;Demokratie \u2013 Medien \u2013 Aufkl\u00e4rung&quot;","block_context":{"text":"Demokratie \u2013 Medien \u2013 Aufkl\u00e4rung","link":"https:\/\/www.freidenker.org\/?cat=12"},"img":{"alt_text":"","src":"https:\/\/i0.wp.com\/www.freidenker.org\/fw17\/wp-content\/uploads\/2024\/07\/antikriegsdemo_berlin_2024-06_01_800x450.jpg?fit=800%2C450&ssl=1&resize=350%2C200","width":350,"height":200,"srcset":"https:\/\/i0.wp.com\/www.freidenker.org\/fw17\/wp-content\/uploads\/2024\/07\/antikriegsdemo_berlin_2024-06_01_800x450.jpg?fit=800%2C450&ssl=1&resize=350%2C200 1x, https:\/\/i0.wp.com\/www.freidenker.org\/fw17\/wp-content\/uploads\/2024\/07\/antikriegsdemo_berlin_2024-06_01_800x450.jpg?fit=800%2C450&ssl=1&resize=525%2C300 1.5x, https:\/\/i0.wp.com\/www.freidenker.org\/fw17\/wp-content\/uploads\/2024\/07\/antikriegsdemo_berlin_2024-06_01_800x450.jpg?fit=800%2C450&ssl=1&resize=700%2C400 2x"},"classes":[]},{"id":17463,"url":"https:\/\/www.freidenker.org\/?p=17463","url_meta":{"origin":17148,"position":3},"title":"Hamas-Bet\u00e4tigungsverbot: Frau Faesers Gift f\u00fcr die Gesellschaft","author":"Webredaktion","date":"6. November 2023","format":false,"excerpt":"Beitrag von Gert Ewen Ungar \"Antisemitismus hat in Deutschland keinen Platz, wir werden ihn mit aller Kraft bek\u00e4mpfen.\" Dies erkl\u00e4rte Innenministerin Nancy Faeser, womit sie das Bet\u00e4tigungsverbot der Hamas in Deutschland begr\u00fcndete. Gleichzeitig wird der Verein Samidoun verboten, weil er nach Einsch\u00e4tzung der Bundesregierung israel- und judenfeindliche Propaganda verbreitet. Konkret\u2026","rel":"","context":"In &quot;Demokratie \u2013 Medien \u2013 Aufkl\u00e4rung&quot;","block_context":{"text":"Demokratie \u2013 Medien \u2013 Aufkl\u00e4rung","link":"https:\/\/www.freidenker.org\/?cat=12"},"img":{"alt_text":"","src":"https:\/\/i0.wp.com\/www.freidenker.org\/fw17\/wp-content\/uploads\/2023\/11\/Hamas_Verbot.jpg?fit=800%2C450&ssl=1&resize=350%2C200","width":350,"height":200,"srcset":"https:\/\/i0.wp.com\/www.freidenker.org\/fw17\/wp-content\/uploads\/2023\/11\/Hamas_Verbot.jpg?fit=800%2C450&ssl=1&resize=350%2C200 1x, https:\/\/i0.wp.com\/www.freidenker.org\/fw17\/wp-content\/uploads\/2023\/11\/Hamas_Verbot.jpg?fit=800%2C450&ssl=1&resize=525%2C300 1.5x, https:\/\/i0.wp.com\/www.freidenker.org\/fw17\/wp-content\/uploads\/2023\/11\/Hamas_Verbot.jpg?fit=800%2C450&ssl=1&resize=700%2C400 2x"},"classes":[]},{"id":17545,"url":"https:\/\/www.freidenker.org\/?p=17545","url_meta":{"origin":17148,"position":4},"title":"Zunehmende Verfolgung von Meinungsdelikten","author":"Webredaktion","date":"20. November 2023","format":false,"excerpt":"Interview von Felicitas Rabe mit Dirk Sattelmaier K\u00fcrzlich k\u00fcndigte die bayrische Generalstaatsanwaltschaft an, Nutzer des Slogans \"From the River to the Sea, Palestine will be free!\" (Vom Fluss bis zum Meer \u2013 Pal\u00e4stina wird frei sein!) ab sofort strafrechtlich zu verfolgen. Nach Ansicht der Generalstaatsanwaltschaft sei die \"kontextlose Verwendung\" des\u2026","rel":"","context":"In &quot;Demokratie \u2013 Medien \u2013 Aufkl\u00e4rung&quot;","block_context":{"text":"Demokratie \u2013 Medien \u2013 Aufkl\u00e4rung","link":"https:\/\/www.freidenker.org\/?cat=12"},"img":{"alt_text":"","src":"https:\/\/i0.wp.com\/www.freidenker.org\/fw17\/wp-content\/uploads\/2023\/11\/stgb_Muenchkomm_800x450.jpg?fit=800%2C450&ssl=1&resize=350%2C200","width":350,"height":200,"srcset":"https:\/\/i0.wp.com\/www.freidenker.org\/fw17\/wp-content\/uploads\/2023\/11\/stgb_Muenchkomm_800x450.jpg?fit=800%2C450&ssl=1&resize=350%2C200 1x, https:\/\/i0.wp.com\/www.freidenker.org\/fw17\/wp-content\/uploads\/2023\/11\/stgb_Muenchkomm_800x450.jpg?fit=800%2C450&ssl=1&resize=525%2C300 1.5x, https:\/\/i0.wp.com\/www.freidenker.org\/fw17\/wp-content\/uploads\/2023\/11\/stgb_Muenchkomm_800x450.jpg?fit=800%2C450&ssl=1&resize=700%2C400 2x"},"classes":[]},{"id":2752,"url":"https:\/\/www.freidenker.org\/?p=2752","url_meta":{"origin":17148,"position":5},"title":"Freidenker-Brief 6-2017: Kundgebung f\u00fcr Demokratie und Meinungsfreiheit!","author":"Webredaktion","date":"12. Dezember 2017","format":false,"excerpt":"Der Deutsche Freidenker-Verband beteiligt sich an der Verleihung des K\u00f6lner Karlspreises an Ken Jebsen im Berliner Kino \u201eBabylon\u201c am Donnerstag,14. Dezember 2017 und zuvor an der Kundgebung f\u00fcr Demokratie und Meinungsfreiheit! ab 16:00 Uhr auf dem Rosa-Luxemburg-Platz in Berlin Erfolg vor Gericht - Das Amtsgericht Berlin Mitte hat auf Antrag\u2026","rel":"","context":"In &quot;Demokratie \u2013 Medien \u2013 Aufkl\u00e4rung&quot;","block_context":{"text":"Demokratie \u2013 Medien \u2013 Aufkl\u00e4rung","link":"https:\/\/www.freidenker.org\/?cat=12"},"img":{"alt_text":"","src":"https:\/\/i0.wp.com\/www.freidenker.org\/fw17\/wp-content\/uploads\/2017\/12\/babylon_800x445.jpg?fit=800%2C445&ssl=1&resize=350%2C200","width":350,"height":200,"srcset":"https:\/\/i0.wp.com\/www.freidenker.org\/fw17\/wp-content\/uploads\/2017\/12\/babylon_800x445.jpg?fit=800%2C445&ssl=1&resize=350%2C200 1x, https:\/\/i0.wp.com\/www.freidenker.org\/fw17\/wp-content\/uploads\/2017\/12\/babylon_800x445.jpg?fit=800%2C445&ssl=1&resize=525%2C300 1.5x, https:\/\/i0.wp.com\/www.freidenker.org\/fw17\/wp-content\/uploads\/2017\/12\/babylon_800x445.jpg?fit=800%2C445&ssl=1&resize=700%2C400 2x"},"classes":[]}],"_links":{"self":[{"href":"https:\/\/www.freidenker.org\/index.php?rest_route=\/wp\/v2\/posts\/17148","targetHints":{"allow":["GET"]}}],"collection":[{"href":"https:\/\/www.freidenker.org\/index.php?rest_route=\/wp\/v2\/posts"}],"about":[{"href":"https:\/\/www.freidenker.org\/index.php?rest_route=\/wp\/v2\/types\/post"}],"author":[{"embeddable":true,"href":"https:\/\/www.freidenker.org\/index.php?rest_route=\/wp\/v2\/users\/3"}],"replies":[{"embeddable":true,"href":"https:\/\/www.freidenker.org\/index.php?rest_route=%2Fwp%2Fv2%2Fcomments&post=17148"}],"version-history":[{"count":0,"href":"https:\/\/www.freidenker.org\/index.php?rest_route=\/wp\/v2\/posts\/17148\/revisions"}],"wp:featuredmedia":[{"embeddable":true,"href":"https:\/\/www.freidenker.org\/index.php?rest_route=\/wp\/v2\/media\/17150"}],"wp:attachment":[{"href":"https:\/\/www.freidenker.org\/index.php?rest_route=%2Fwp%2Fv2%2Fmedia&parent=17148"}],"wp:term":[{"taxonomy":"category","embeddable":true,"href":"https:\/\/www.freidenker.org\/index.php?rest_route=%2Fwp%2Fv2%2Fcategories&post=17148"},{"taxonomy":"post_tag","embeddable":true,"href":"https:\/\/www.freidenker.org\/index.php?rest_route=%2Fwp%2Fv2%2Ftags&post=17148"}],"curies":[{"name":"wp","href":"https:\/\/api.w.org\/{rel}","templated":true}]}}