{"id":17082,"date":"2023-09-25T21:42:37","date_gmt":"2023-09-25T19:42:37","guid":{"rendered":"https:\/\/www.freidenker.org\/?p=17082"},"modified":"2023-10-07T12:31:47","modified_gmt":"2023-10-07T10:31:47","slug":"einschuechtern-zwecklos","status":"publish","type":"post","link":"https:\/\/www.freidenker.org\/?p=17082","title":{"rendered":"Einsch\u00fcchtern zwecklos"},"content":{"rendered":"<p><em>Einladung zur Lesung mit <strong>J\u00fcrgen Gr\u00e4sslin<\/strong><\/em><\/p>\n<p>Wann: <strong>9. November 2023 um 19:00 Uhr<\/strong><br \/>\nWo: <strong>M\u00fcnchner Aidshilfe, Lindwurmstr. 71, 80337 M\u00fcnchen<\/strong><\/p>\n<p>Das Buch handelt vom erfolgreichen Widerstand gegen missbrauchte Macht durch Konzerne, den hart umk\u00e4mpften juristischen Siegen vor dem h\u00f6chsten deutschen Gericht gegen die\u00a0Daimler AG, Heckler &amp; Koch AG und SIG SAUER, die Wandlung der fr\u00fcheren Basisgr\u00fcnen zu den heutigen NATO-Olivgr\u00fcnen, unseren grandiosen Kampagnen gegen R\u00fcstungsexporte, der \u00dcberwindung der Kriegslogik durch die Friedenslogik im Krieg in der Ukraine und meiner Vision einer besseren Welt.<\/p>\n<p>Keine Frage: Gerade in diesen Zeiten provoziert dieses Buch die politischen Gegner beim Milit\u00e4r, in der R\u00fcstungsindustrie und in der Politik! Denn es zeigt ganz konkrete Handlungsans\u00e4tze auf f\u00fcr eine friedlichere und gerechtere Welt &#8211; die wohlgemerkt viel h\u00e4ufiger zum Erfolg f\u00fchren als milit\u00e4rische, wie das Buch beweist.<\/p>\n<p style=\"text-align: right;\"><em>J\u00fcrgen Gr\u00e4sslin z\u00e4hlt seit vielen Jahren zu den profiliertesten R\u00fcstungsgegnern Deutschlands. Er ist Sprecher der Kampagne \u201eAktion Aufschrei \u2014 Stoppt den Waffenhandel!&#8220;, Bundessprecher der Deutschen Friedensgesellschaft &#8211; Vereinigte KriegsdienstgegnerInnen (DFG-VK), Vorsitzender des R\u00fcstungsInformationsB\u00fcros (RIB e.V.) sowie Mitbegr\u00fcnder der Kritischen Aktion\u00e4rInnen Heckler &amp; Koch. Als Autor verfasste er zahlreiche kritische Sachb\u00fccher \u00fcber R\u00fcstungsexporte sowie Milit\u00e4r- und Wirtschaftspolitik, darunter internationale Bestseller. Gr\u00e4sslin wurde mit zehn Preisen f\u00fcr Frieden, Menschenrechte, Zivilcourage und Medienengagement geehrt, u.a. mit dem \u201eAachener Friedenspreis&#8220;, dem Menschenrechtspreis von Amnesty International und dem Grimme-Medienpreis.<\/em><\/p>\n<p><img data-recalc-dims=\"1\" loading=\"lazy\" decoding=\"async\" data-attachment-id=\"17089\" data-permalink=\"https:\/\/www.freidenker.org\/?attachment_id=17089\" data-orig-file=\"https:\/\/i0.wp.com\/www.freidenker.org\/fw17\/wp-content\/uploads\/2023\/09\/Logo_Freidenker_Muenchen_uMFB.jpg?fit=610%2C265&amp;ssl=1\" data-orig-size=\"610,265\" data-comments-opened=\"0\" data-image-meta=\"{&quot;aperture&quot;:&quot;0&quot;,&quot;credit&quot;:&quot;&quot;,&quot;camera&quot;:&quot;&quot;,&quot;caption&quot;:&quot;&quot;,&quot;created_timestamp&quot;:&quot;0&quot;,&quot;copyright&quot;:&quot;&quot;,&quot;focal_length&quot;:&quot;0&quot;,&quot;iso&quot;:&quot;0&quot;,&quot;shutter_speed&quot;:&quot;0&quot;,&quot;title&quot;:&quot;&quot;,&quot;orientation&quot;:&quot;1&quot;}\" data-image-title=\"Logo_Freidenker_M\u00fcnchen_uMFB\" data-image-description=\"\" data-image-caption=\"\" data-large-file=\"https:\/\/i0.wp.com\/www.freidenker.org\/fw17\/wp-content\/uploads\/2023\/09\/Logo_Freidenker_Muenchen_uMFB.jpg?fit=610%2C265&amp;ssl=1\" class=\"alignnone wp-image-17089 size-medium\" src=\"https:\/\/i0.wp.com\/www.freidenker.org\/fw17\/wp-content\/uploads\/2023\/09\/Logo_Freidenker_Muenchen_uMFB.jpg?resize=300%2C130&#038;ssl=1\" alt=\"\" width=\"300\" height=\"130\" srcset=\"https:\/\/i0.wp.com\/www.freidenker.org\/fw17\/wp-content\/uploads\/2023\/09\/Logo_Freidenker_Muenchen_uMFB.jpg?resize=300%2C130&amp;ssl=1 300w, https:\/\/i0.wp.com\/www.freidenker.org\/fw17\/wp-content\/uploads\/2023\/09\/Logo_Freidenker_Muenchen_uMFB.jpg?w=610&amp;ssl=1 610w\" sizes=\"auto, (max-width: 300px) 100vw, 300px\" \/><\/p>\n<hr \/>\n<p><strong>Download<\/strong><\/p>\n<p><img data-recalc-dims=\"1\" loading=\"lazy\" decoding=\"async\" data-attachment-id=\"1076\" data-permalink=\"https:\/\/www.freidenker.org\/?attachment_id=1076\" data-orig-file=\"https:\/\/i0.wp.com\/www.freidenker.org\/fw17\/wp-content\/uploads\/2017\/10\/pdf_icon-2.png?fit=32%2C32&amp;ssl=1\" data-orig-size=\"32,32\" data-comments-opened=\"0\" data-image-meta=\"{&quot;aperture&quot;:&quot;0&quot;,&quot;credit&quot;:&quot;&quot;,&quot;camera&quot;:&quot;&quot;,&quot;caption&quot;:&quot;&quot;,&quot;created_timestamp&quot;:&quot;0&quot;,&quot;copyright&quot;:&quot;&quot;,&quot;focal_length&quot;:&quot;0&quot;,&quot;iso&quot;:&quot;0&quot;,&quot;shutter_speed&quot;:&quot;0&quot;,&quot;title&quot;:&quot;&quot;,&quot;orientation&quot;:&quot;0&quot;}\" data-image-title=\"pdf_icon\" data-image-description=\"\" data-image-caption=\"\" data-large-file=\"https:\/\/i0.wp.com\/www.freidenker.org\/fw17\/wp-content\/uploads\/2017\/10\/pdf_icon-2.png?fit=32%2C32&amp;ssl=1\" class=\"alignnone size-full wp-image-1076\" src=\"https:\/\/i0.wp.com\/www.freidenker.org\/fw17\/wp-content\/uploads\/2017\/10\/pdf_icon-2.png?resize=32%2C32&#038;ssl=1\" alt=\"\" width=\"32\" height=\"32\" \/> Den<a href=\"https:\/\/www.freidenker.org\/fw17\/wp-content\/uploads\/2023\/09\/Graesslin-DFV.pdf\" target=\"_blank\" rel=\"noopener\"> Flyer zur Veranstaltung<\/a> ansehen oder herunterladen (PDF-Dokument, ca. 1,1 MB)<\/p>\n","protected":false},"excerpt":{"rendered":"<p><b>Einladung zur Lesung mit J\u00fcrgen Gr\u00e4sslin<\/b><br \/>\n09.11.2023 um 19:00 Uhr, M\u00fcnchner Aidshilfe, Lindwurmstr. 71, 80337 M\u00fcnchen<br \/>\nDas Buch handelt vom erfolgreichen Widerstand gegen missbrauchte Macht durch Konzerne, den hart umk\u00e4mpften juristischen Siegen vor dem h\u00f6chsten deutschen Gericht gegen die\u00a0Daimler AG, Heckler &#038; Koch AG und SIG SAUER, die Wandlung der fr\u00fcheren Basisgr\u00fcnen zu den heutigen NATO-Olivgr\u00fcnen, unseren grandiosen Kampagnen gegen R\u00fcstungsexporte, der \u00dcberwindung der Kriegslogik durch die Friedenslogik im Krieg in der Ukraine und meiner Vision einer besseren Welt. Keine Frage: Gerade in diesen Zeiten provoziert dieses Buch die politischen Gegner beim Milit\u00e4r, in der R\u00fcstungsindustrie und in der Politik! Denn es zeigt ganz konkrete Handlungsans\u00e4tze auf f\u00fcr eine friedlichere und gerechtere Welt &#8211; die wohlgemerkt viel h\u00e4ufiger zum Erfolg f\u00fchren als milit\u00e4rische, wie das Buch beweist.<\/p>\n","protected":false},"author":3,"featured_media":17083,"comment_status":"closed","ping_status":"closed","sticky":false,"template":"","format":"standard","meta":{"colormag_page_container_layout":"default_layout","colormag_page_sidebar_layout":"default_layout","advanced_seo_description":"","jetpack_seo_html_title":"","jetpack_seo_noindex":false,"jetpack_post_was_ever_published":false,"footnotes":""},"categories":[19],"tags":[335,1282,188,1225,1451,1784,639,489],"class_list":["post-17082","post","type-post","status-publish","format-standard","has-post-thumbnail","hentry","category-veranstaltungen-in-den-dfv-landesverbaenden","tag-frieden","tag-gruene","tag-krieg","tag-lesung","tag-lv-bayern","tag-ruestungsindustrie","tag-ukraine-konflikt","tag-widerstand"],"jetpack_featured_media_url":"https:\/\/i0.wp.com\/www.freidenker.org\/fw17\/wp-content\/uploads\/2023\/09\/Graesslin_Veranst_Muenchen.jpg?fit=800%2C450&ssl=1","jetpack_shortlink":"https:\/\/wp.me\/p9stpK-4rw","jetpack-related-posts":[{"id":15584,"url":"https:\/\/www.freidenker.org\/?p=15584","url_meta":{"origin":17082,"position":0},"title":"Mutma\u00dfungen \u00fcber den Ukraine-Krieg und Wladimir Putin","author":"Webredaktion","date":"24. M\u00e4rz 2023","format":false,"excerpt":"Ein Kommentar von Wolfgang Bittner \u00dcber den Ukraine-Krieg wird viel gemutma\u00dft: \u00dcber eine Fr\u00fchjahrsoffensive Russlands und eine Gegenoffensive der Ukraine (mit strategischer Unterst\u00fctzung der USA); auch \u00fcber den Gesundheitszustand des russischen Pr\u00e4sidenten, sein Verm\u00f6gen, seinen Palast am Schwarzen Meer, seine Tochter, seine Panzerfabrik, sein Verh\u00e4ltnis zu Xi Jinping und so\u2026","rel":"","context":"In &quot;Frieden - Antifaschismus - Solidarit\u00e4t&quot;","block_context":{"text":"Frieden - Antifaschismus - Solidarit\u00e4t","link":"https:\/\/www.freidenker.org\/?cat=13"},"img":{"alt_text":"","src":"https:\/\/i0.wp.com\/www.freidenker.org\/fw17\/wp-content\/uploads\/2023\/03\/Vladimir_Putin_in_Ryazan_Oblast_2022-10-20_07_800x450.jpg?fit=800%2C450&ssl=1&resize=350%2C200","width":350,"height":200,"srcset":"https:\/\/i0.wp.com\/www.freidenker.org\/fw17\/wp-content\/uploads\/2023\/03\/Vladimir_Putin_in_Ryazan_Oblast_2022-10-20_07_800x450.jpg?fit=800%2C450&ssl=1&resize=350%2C200 1x, https:\/\/i0.wp.com\/www.freidenker.org\/fw17\/wp-content\/uploads\/2023\/03\/Vladimir_Putin_in_Ryazan_Oblast_2022-10-20_07_800x450.jpg?fit=800%2C450&ssl=1&resize=525%2C300 1.5x, https:\/\/i0.wp.com\/www.freidenker.org\/fw17\/wp-content\/uploads\/2023\/03\/Vladimir_Putin_in_Ryazan_Oblast_2022-10-20_07_800x450.jpg?fit=800%2C450&ssl=1&resize=700%2C400 2x"},"classes":[]},{"id":16895,"url":"https:\/\/www.freidenker.org\/?p=16895","url_meta":{"origin":17082,"position":1},"title":"Offener Brief der \u201eM\u00fctter gegen den Krieg Berlin-Brandenburg\u201c","author":"Webredaktion","date":"9. September 2023","format":false,"excerpt":"Offener Brief an die Bundesregierung\u00a0und die Abgeordneten des Deutschen Bundestages von Brigitte Queck im Auftrag des Vereins \u201eM\u00fctter gegen den Krieg Berlin-Brandenburg\u201c Fr\u00fcher hatte der Grundsatz \u201ekeine Waffenlieferungen in Krisengebiete\u201c Deutschland und die meisten europ\u00e4ischen Partnerl\u00e4nder- zumindest \u00f6ffentlich - aus milit\u00e4rischen Auseinandersetzungen (an denen nur ausnahmsweise eine Seite die alleinige\u2026","rel":"","context":"In &quot;Frieden - Antifaschismus - Solidarit\u00e4t&quot;","block_context":{"text":"Frieden - Antifaschismus - Solidarit\u00e4t","link":"https:\/\/www.freidenker.org\/?cat=13"},"img":{"alt_text":"","src":"https:\/\/i0.wp.com\/www.freidenker.org\/fw17\/wp-content\/uploads\/2023\/09\/queck_IMG_20190302_124136anti-demo_800x450.jpg?fit=800%2C450&ssl=1&resize=350%2C200","width":350,"height":200,"srcset":"https:\/\/i0.wp.com\/www.freidenker.org\/fw17\/wp-content\/uploads\/2023\/09\/queck_IMG_20190302_124136anti-demo_800x450.jpg?fit=800%2C450&ssl=1&resize=350%2C200 1x, https:\/\/i0.wp.com\/www.freidenker.org\/fw17\/wp-content\/uploads\/2023\/09\/queck_IMG_20190302_124136anti-demo_800x450.jpg?fit=800%2C450&ssl=1&resize=525%2C300 1.5x, https:\/\/i0.wp.com\/www.freidenker.org\/fw17\/wp-content\/uploads\/2023\/09\/queck_IMG_20190302_124136anti-demo_800x450.jpg?fit=800%2C450&ssl=1&resize=700%2C400 2x"},"classes":[]},{"id":23377,"url":"https:\/\/www.freidenker.org\/?p=23377","url_meta":{"origin":17082,"position":2},"title":"Buchvorstellung Wolfgang Bittner: Geopolitik im \u00dcberblick","author":"Webredaktion","date":"31. Oktober 2025","format":false,"excerpt":"Geopolitik im \u00dcberblick: Deutschland \u2013 USA \u2013 EU \u2013 Russland Vortrag und Buchvorstellung mit Wolfgang Bittner am 15.11.2025 in Frankfurt am Main Deutschland soll \u00bbkriegst\u00fcchtig\u00ab werden, und die Berliner Regierung hat astronomische Ausgaben f\u00fcr die Aufr\u00fcstung bereitgestellt. Denn angeblich will Russland nach der Ukraine Westeuropa erobern, obwohl es daf\u00fcr keinerlei\u2026","rel":"","context":"In &quot;Demokratie \u2013 Medien \u2013 Aufkl\u00e4rung&quot;","block_context":{"text":"Demokratie \u2013 Medien \u2013 Aufkl\u00e4rung","link":"https:\/\/www.freidenker.org\/?cat=12"},"img":{"alt_text":"","src":"https:\/\/i0.wp.com\/www.freidenker.org\/fw17\/wp-content\/uploads\/2025\/09\/Bittner_Geopolitik_Lesung_800x450_v3.jpg?fit=800%2C450&ssl=1&resize=350%2C200","width":350,"height":200,"srcset":"https:\/\/i0.wp.com\/www.freidenker.org\/fw17\/wp-content\/uploads\/2025\/09\/Bittner_Geopolitik_Lesung_800x450_v3.jpg?fit=800%2C450&ssl=1&resize=350%2C200 1x, https:\/\/i0.wp.com\/www.freidenker.org\/fw17\/wp-content\/uploads\/2025\/09\/Bittner_Geopolitik_Lesung_800x450_v3.jpg?fit=800%2C450&ssl=1&resize=525%2C300 1.5x, https:\/\/i0.wp.com\/www.freidenker.org\/fw17\/wp-content\/uploads\/2025\/09\/Bittner_Geopolitik_Lesung_800x450_v3.jpg?fit=800%2C450&ssl=1&resize=700%2C400 2x"},"classes":[]},{"id":15812,"url":"https:\/\/www.freidenker.org\/?p=15812","url_meta":{"origin":17082,"position":3},"title":"Elbe Tag \u2013 Torgau 1945-2023","author":"Webredaktion","date":"20. April 2023","format":false,"excerpt":"78. Jahrestag der Begegnung - 82. Jahrestag des \u00dcberfalls Nazideutschlands auf die Sowjetunion Friedensdemonstration & Kundgebung am 22. April 2023, 12:00 Uhr am Br\u00fcckenkopf Torgau (Ostufer) Aus dem Aufruf: \u201eDer Schwur von Torgau muss lebendiges Zeugnis unseres Strebens nach einer Welt ohne Krieg bleiben!\u201c. Der Schwur der Soldaten der Roten\u2026","rel":"","context":"In &quot;Frieden - Antifaschismus - Solidarit\u00e4t&quot;","block_context":{"text":"Frieden - Antifaschismus - Solidarit\u00e4t","link":"https:\/\/www.freidenker.org\/?cat=13"},"img":{"alt_text":"","src":"https:\/\/i0.wp.com\/www.freidenker.org\/fw17\/wp-content\/uploads\/2023\/04\/Torgau_2023_800x450.jpg?fit=800%2C450&ssl=1&resize=350%2C200","width":350,"height":200,"srcset":"https:\/\/i0.wp.com\/www.freidenker.org\/fw17\/wp-content\/uploads\/2023\/04\/Torgau_2023_800x450.jpg?fit=800%2C450&ssl=1&resize=350%2C200 1x, https:\/\/i0.wp.com\/www.freidenker.org\/fw17\/wp-content\/uploads\/2023\/04\/Torgau_2023_800x450.jpg?fit=800%2C450&ssl=1&resize=525%2C300 1.5x, https:\/\/i0.wp.com\/www.freidenker.org\/fw17\/wp-content\/uploads\/2023\/04\/Torgau_2023_800x450.jpg?fit=800%2C450&ssl=1&resize=700%2C400 2x"},"classes":[]},{"id":22456,"url":"https:\/\/www.freidenker.org\/?p=22456","url_meta":{"origin":17082,"position":4},"title":"Gravierende Einschr\u00e4nkungen der B\u00fcrgerrechte","author":"Webredaktion","date":"27. Juli 2025","format":false,"excerpt":"Auszug aus dem Buch Geopolitik im \u00dcberblick von Wolfgang Bittner Deutschland soll \u00bbkriegst\u00fcchtig\u00ab werden, und die Berliner Regierung hat astronomische Ausgaben f\u00fcr die Aufr\u00fcstung bereitgestellt. Denn angeblich will Russland nach der Ukraine Westeuropa erobern, auch wenn es daf\u00fcr keinerlei Belege gibt und Putin solche Absichten niemals ge\u00e4u\u00dfert hat. Trotzdem wird\u2026","rel":"","context":"In &quot;Demokratie \u2013 Medien \u2013 Aufkl\u00e4rung&quot;","block_context":{"text":"Demokratie \u2013 Medien \u2013 Aufkl\u00e4rung","link":"https:\/\/www.freidenker.org\/?cat=12"},"img":{"alt_text":"","src":"https:\/\/i0.wp.com\/www.freidenker.org\/fw17\/wp-content\/uploads\/2025\/07\/Bittner_Geopolitik_800x448.jpg?fit=800%2C448&ssl=1&resize=350%2C200","width":350,"height":200,"srcset":"https:\/\/i0.wp.com\/www.freidenker.org\/fw17\/wp-content\/uploads\/2025\/07\/Bittner_Geopolitik_800x448.jpg?fit=800%2C448&ssl=1&resize=350%2C200 1x, https:\/\/i0.wp.com\/www.freidenker.org\/fw17\/wp-content\/uploads\/2025\/07\/Bittner_Geopolitik_800x448.jpg?fit=800%2C448&ssl=1&resize=525%2C300 1.5x, https:\/\/i0.wp.com\/www.freidenker.org\/fw17\/wp-content\/uploads\/2025\/07\/Bittner_Geopolitik_800x448.jpg?fit=800%2C448&ssl=1&resize=700%2C400 2x"},"classes":[]},{"id":6261,"url":"https:\/\/www.freidenker.org\/?p=6261","url_meta":{"origin":17082,"position":5},"title":"Video: Kundgebung &#8222;Stoppt den Krieg gegen den Donbass!&#8220;","author":"Webredaktion","date":"24. April 2019","format":false,"excerpt":"Video von der Protest- und Mahnkundgebung \"Stoppt den Krieg gegen den Donbass!\" am 14. April 2019 in Berlin Gegen den nach wie vor stattfindenden, aber schon fast vergessenen Krieg der ukrainischen Regierung gegen die Volksrepubliken im Donbass fand Mitte April 2019 in Berlin diese Protestkundgebung statt. Sie richtete sich besonders\u2026","rel":"","context":"In &quot;Frieden - Antifaschismus - Solidarit\u00e4t&quot;","block_context":{"text":"Frieden - Antifaschismus - Solidarit\u00e4t","link":"https:\/\/www.freidenker.org\/?cat=13"},"img":{"alt_text":"","src":"https:\/\/i0.wp.com\/www.freidenker.org\/fw17\/wp-content\/uploads\/2019\/04\/Kundgebung_Donbass_2019_800x445.jpg?fit=800%2C445&ssl=1&resize=350%2C200","width":350,"height":200,"srcset":"https:\/\/i0.wp.com\/www.freidenker.org\/fw17\/wp-content\/uploads\/2019\/04\/Kundgebung_Donbass_2019_800x445.jpg?fit=800%2C445&ssl=1&resize=350%2C200 1x, https:\/\/i0.wp.com\/www.freidenker.org\/fw17\/wp-content\/uploads\/2019\/04\/Kundgebung_Donbass_2019_800x445.jpg?fit=800%2C445&ssl=1&resize=525%2C300 1.5x, https:\/\/i0.wp.com\/www.freidenker.org\/fw17\/wp-content\/uploads\/2019\/04\/Kundgebung_Donbass_2019_800x445.jpg?fit=800%2C445&ssl=1&resize=700%2C400 2x"},"classes":[]}],"_links":{"self":[{"href":"https:\/\/www.freidenker.org\/index.php?rest_route=\/wp\/v2\/posts\/17082","targetHints":{"allow":["GET"]}}],"collection":[{"href":"https:\/\/www.freidenker.org\/index.php?rest_route=\/wp\/v2\/posts"}],"about":[{"href":"https:\/\/www.freidenker.org\/index.php?rest_route=\/wp\/v2\/types\/post"}],"author":[{"embeddable":true,"href":"https:\/\/www.freidenker.org\/index.php?rest_route=\/wp\/v2\/users\/3"}],"replies":[{"embeddable":true,"href":"https:\/\/www.freidenker.org\/index.php?rest_route=%2Fwp%2Fv2%2Fcomments&post=17082"}],"version-history":[{"count":0,"href":"https:\/\/www.freidenker.org\/index.php?rest_route=\/wp\/v2\/posts\/17082\/revisions"}],"wp:featuredmedia":[{"embeddable":true,"href":"https:\/\/www.freidenker.org\/index.php?rest_route=\/wp\/v2\/media\/17083"}],"wp:attachment":[{"href":"https:\/\/www.freidenker.org\/index.php?rest_route=%2Fwp%2Fv2%2Fmedia&parent=17082"}],"wp:term":[{"taxonomy":"category","embeddable":true,"href":"https:\/\/www.freidenker.org\/index.php?rest_route=%2Fwp%2Fv2%2Fcategories&post=17082"},{"taxonomy":"post_tag","embeddable":true,"href":"https:\/\/www.freidenker.org\/index.php?rest_route=%2Fwp%2Fv2%2Ftags&post=17082"}],"curies":[{"name":"wp","href":"https:\/\/api.w.org\/{rel}","templated":true}]}}