{"id":17072,"date":"2023-09-25T20:30:06","date_gmt":"2023-09-25T18:30:06","guid":{"rendered":"https:\/\/www.freidenker.org\/?p=17072"},"modified":"2023-09-29T00:44:27","modified_gmt":"2023-09-28T22:44:27","slug":"bjoern-hoecke-und-die-afd-neue-faschistische-gefahr","status":"publish","type":"post","link":"https:\/\/www.freidenker.org\/?p=17072","title":{"rendered":"Bj\u00f6rn H\u00f6cke und die AfD &#8211; Neue faschistische Gefahr?!"},"content":{"rendered":"<p>Wann: <strong>Dienstag 26.09.2023, 19:00 Uhr<br \/>\n<\/strong>Wo: <strong>M\u00fcnchner Aidshilfe, Lindwurmstra\u00dfe 71, 80337 M\u00fcnchen<\/strong><\/p>\n<p>Referenten:<\/p>\n<p><strong><em>Wolfgang Veiglhuber<\/em><br \/>\n<\/strong><em>langj\u00e4hriger Mitarbeiter in der gewerkschaftlichen Bildungsarbeit<\/em><\/p>\n<p><strong><em>Prof. Dr. Klaus Weber<\/em><br \/>\n<\/strong><em>Hochschullehrer an der Hochschule M\u00fcnchen, Herausgeber u.a. der B\u00fccher H\u00f6cke I und H\u00f6cke II (Argument Verlag\/ Hamburg) und jW-Autor<\/em><\/p>\n<p>H\u00f6ckes \u00bbsoziale\u00ab und \u00f6konomische Schwerpunkte liegen auf dem Lob der deutschen Marktwirtschaft (mit \u00bbschaffendem Kapital\u00ab) gegen einen \u00bbinternationalen Kapitalismus\u00ab sowie auf der Idee eines homogenen Volkes. Dieses deutsche Volk arbeitet \u00bbsinnstiftend\u00ab, um sich f\u00fcr die Gemeinschaft zu \u00bbopfern\u00ab.<\/p>\n<p>Seine Ausf\u00fchrungen zur deutschen Arbeit finden ihren Gegenpol in \u00bbFremden\u00ab und \u00bbAndersartigen\u00ab, deren Existenz eine permanente Bedrohung des deutschen Volkes darstellt \u2013 Pl\u00e4ne bis hin zur Vernichtung sind H\u00f6ckes Antwort darauf. Ob und wie H\u00f6cke und die AfD indirekt und direkt Bezug zu den Nazis und vor allem zu Hitlers \u00bbMein Kampf\u00ab nehmen und damit einen neuen Faschismus fordern, wird diskutiert.<\/p>\n<p>&nbsp;<\/p>\n<table style=\"height: 81px; width: 100%; border-collapse: collapse; border-style: none;\">\n<tbody>\n<tr style=\"height: 57px;\">\n<td style=\"width: 33.3333%; height: 57px; border-style: none;\"><img data-recalc-dims=\"1\" loading=\"lazy\" decoding=\"async\" data-attachment-id=\"17073\" data-permalink=\"https:\/\/www.freidenker.org\/?attachment_id=17073\" data-orig-file=\"https:\/\/i0.wp.com\/www.freidenker.org\/fw17\/wp-content\/uploads\/2023\/09\/logo_jungewelt.jpg?fit=289%2C72&amp;ssl=1\" data-orig-size=\"289,72\" data-comments-opened=\"0\" data-image-meta=\"{&quot;aperture&quot;:&quot;0&quot;,&quot;credit&quot;:&quot;&quot;,&quot;camera&quot;:&quot;&quot;,&quot;caption&quot;:&quot;&quot;,&quot;created_timestamp&quot;:&quot;0&quot;,&quot;copyright&quot;:&quot;&quot;,&quot;focal_length&quot;:&quot;0&quot;,&quot;iso&quot;:&quot;0&quot;,&quot;shutter_speed&quot;:&quot;0&quot;,&quot;title&quot;:&quot;&quot;,&quot;orientation&quot;:&quot;1&quot;}\" data-image-title=\"logo_jungewelt\" data-image-description=\"\" data-image-caption=\"\" data-large-file=\"https:\/\/i0.wp.com\/www.freidenker.org\/fw17\/wp-content\/uploads\/2023\/09\/logo_jungewelt.jpg?fit=289%2C72&amp;ssl=1\" class=\"alignnone wp-image-17073\" src=\"https:\/\/i0.wp.com\/www.freidenker.org\/fw17\/wp-content\/uploads\/2023\/09\/logo_jungewelt.jpg?resize=201%2C50&#038;ssl=1\" alt=\"\" width=\"201\" height=\"50\" \/><\/td>\n<td style=\"width: 33.3333%; height: 57px; border-style: none;\"><img data-recalc-dims=\"1\" loading=\"lazy\" decoding=\"async\" data-attachment-id=\"17074\" data-permalink=\"https:\/\/www.freidenker.org\/?attachment_id=17074\" data-orig-file=\"https:\/\/i0.wp.com\/www.freidenker.org\/fw17\/wp-content\/uploads\/2023\/09\/logo_freidenker_m.jpg?fit=251%2C73&amp;ssl=1\" data-orig-size=\"251,73\" data-comments-opened=\"0\" data-image-meta=\"{&quot;aperture&quot;:&quot;0&quot;,&quot;credit&quot;:&quot;&quot;,&quot;camera&quot;:&quot;&quot;,&quot;caption&quot;:&quot;&quot;,&quot;created_timestamp&quot;:&quot;0&quot;,&quot;copyright&quot;:&quot;&quot;,&quot;focal_length&quot;:&quot;0&quot;,&quot;iso&quot;:&quot;0&quot;,&quot;shutter_speed&quot;:&quot;0&quot;,&quot;title&quot;:&quot;&quot;,&quot;orientation&quot;:&quot;1&quot;}\" data-image-title=\"logo_freidenker_m\" data-image-description=\"\" data-image-caption=\"\" data-large-file=\"https:\/\/i0.wp.com\/www.freidenker.org\/fw17\/wp-content\/uploads\/2023\/09\/logo_freidenker_m.jpg?fit=251%2C73&amp;ssl=1\" class=\"alignnone wp-image-17074\" src=\"https:\/\/i0.wp.com\/www.freidenker.org\/fw17\/wp-content\/uploads\/2023\/09\/logo_freidenker_m.jpg?resize=172%2C50&#038;ssl=1\" alt=\"\" width=\"172\" height=\"50\" \/><\/td>\n<td style=\"width: 33.3333%; height: 57px; border-style: none;\"><img data-recalc-dims=\"1\" loading=\"lazy\" decoding=\"async\" data-attachment-id=\"17075\" data-permalink=\"https:\/\/www.freidenker.org\/?attachment_id=17075\" data-orig-file=\"https:\/\/i0.wp.com\/www.freidenker.org\/fw17\/wp-content\/uploads\/2023\/09\/logo_caritas-institut.jpg?fit=359%2C70&amp;ssl=1\" data-orig-size=\"359,70\" data-comments-opened=\"0\" data-image-meta=\"{&quot;aperture&quot;:&quot;0&quot;,&quot;credit&quot;:&quot;&quot;,&quot;camera&quot;:&quot;&quot;,&quot;caption&quot;:&quot;&quot;,&quot;created_timestamp&quot;:&quot;0&quot;,&quot;copyright&quot;:&quot;&quot;,&quot;focal_length&quot;:&quot;0&quot;,&quot;iso&quot;:&quot;0&quot;,&quot;shutter_speed&quot;:&quot;0&quot;,&quot;title&quot;:&quot;&quot;,&quot;orientation&quot;:&quot;1&quot;}\" data-image-title=\"logo_caritas-institut\" data-image-description=\"\" data-image-caption=\"\" data-large-file=\"https:\/\/i0.wp.com\/www.freidenker.org\/fw17\/wp-content\/uploads\/2023\/09\/logo_caritas-institut.jpg?fit=359%2C70&amp;ssl=1\" class=\"alignnone wp-image-17075\" src=\"https:\/\/i0.wp.com\/www.freidenker.org\/fw17\/wp-content\/uploads\/2023\/09\/logo_caritas-institut.jpg?resize=256%2C50&#038;ssl=1\" alt=\"\" width=\"256\" height=\"50\" srcset=\"https:\/\/i0.wp.com\/www.freidenker.org\/fw17\/wp-content\/uploads\/2023\/09\/logo_caritas-institut.jpg?resize=300%2C58&amp;ssl=1 300w, https:\/\/i0.wp.com\/www.freidenker.org\/fw17\/wp-content\/uploads\/2023\/09\/logo_caritas-institut.jpg?w=359&amp;ssl=1 359w\" sizes=\"auto, (max-width: 256px) 100vw, 256px\" \/><\/td>\n<\/tr>\n<tr style=\"height: 24px;\">\n<td style=\"width: 33.3333%; height: 24px; border-style: none;\"><span style=\"font-size: 10pt;\">Leserinitiative M\u00fcnchen<\/span><\/td>\n<td style=\"width: 33.3333%; height: 24px; border-style: none;\"><span style=\"font-size: 10pt;\">M\u00fcnchner Freidenker Verband e. V.<\/span><\/td>\n<td style=\"width: 33.3333%; height: 24px; border-style: none;\"><span style=\"font-size: 10pt;\">Akademie der Nationen der Caritas<\/span><\/td>\n<\/tr>\n<\/tbody>\n<\/table>\n<hr \/>\n<p><strong>Download<\/strong><\/p>\n<p><img data-recalc-dims=\"1\" loading=\"lazy\" decoding=\"async\" data-attachment-id=\"1076\" data-permalink=\"https:\/\/www.freidenker.org\/?attachment_id=1076\" data-orig-file=\"https:\/\/i0.wp.com\/www.freidenker.org\/fw17\/wp-content\/uploads\/2017\/10\/pdf_icon-2.png?fit=32%2C32&amp;ssl=1\" data-orig-size=\"32,32\" data-comments-opened=\"0\" data-image-meta=\"{&quot;aperture&quot;:&quot;0&quot;,&quot;credit&quot;:&quot;&quot;,&quot;camera&quot;:&quot;&quot;,&quot;caption&quot;:&quot;&quot;,&quot;created_timestamp&quot;:&quot;0&quot;,&quot;copyright&quot;:&quot;&quot;,&quot;focal_length&quot;:&quot;0&quot;,&quot;iso&quot;:&quot;0&quot;,&quot;shutter_speed&quot;:&quot;0&quot;,&quot;title&quot;:&quot;&quot;,&quot;orientation&quot;:&quot;0&quot;}\" data-image-title=\"pdf_icon\" data-image-description=\"\" data-image-caption=\"\" data-large-file=\"https:\/\/i0.wp.com\/www.freidenker.org\/fw17\/wp-content\/uploads\/2017\/10\/pdf_icon-2.png?fit=32%2C32&amp;ssl=1\" class=\"alignnone size-full wp-image-1076\" src=\"https:\/\/i0.wp.com\/www.freidenker.org\/fw17\/wp-content\/uploads\/2017\/10\/pdf_icon-2.png?resize=32%2C32&#038;ssl=1\" alt=\"\" width=\"32\" height=\"32\" \/> Den<a href=\"https:\/\/www.freidenker.org\/fw17\/wp-content\/uploads\/2023\/09\/2023-09-26-Hoecke_Leserini-Munich.pdf\" target=\"_blank\" rel=\"noopener\"> Flyer zur Veranstaltung<\/a> ansehen oder herunterladen (PDF-Dokument, ca. 270 KB)<\/p>\n<hr \/>\n<p>&nbsp;<\/p>\n","protected":false},"excerpt":{"rendered":"<p><b>Vortr\u00e4ge und Diskussion mit Wolfgang Veiglhuber und Prof. Dr. Klaus Weber<\/b><br \/>\nDienstag 26.09.2023, 19:00 Uhr, M\u00fcnchner Aidshilfe, Lindwurmstra\u00dfe 71, 80337 M\u00fcnchen<br \/>\nH\u00f6ckes \u00bbsoziale\u00ab und \u00f6konomische Schwerpunkte liegen auf dem Lob der deutschen Marktwirtschaft (mit \u00bbschaffendem Kapital\u00ab gegen einen \u00bbinternationalen Kapitalismus\u00ab) sowie auf der Idee eines homogenen Volkes. Dieses deutsche Volk arbeitet \u00bbsinnstiftend\u00ab, um sich f\u00fcr die Gemeinschaft zu \u00bbopfern\u00ab. Seine Ausf\u00fchrungen zur deutschen Arbeit finden ihren Gegenpol in \u00bbFremden\u00ab und \u00bbAndersartigen\u00ab, deren Existenz eine permanente Bedrohung des deutschen Volkes darstellt \u2013 Pl\u00e4ne bis hin zur Vernichtung sind H\u00f6ckes Antwort darauf. Ob und wie H\u00f6cke und die AfD indirekt und direkt Bezug zu den Nazis und vor allem zu Hitlers \u00bbMein Kampf\u00ab nehmen und damit einen neuen Faschismus fordern, wird diskutiert.<\/p>\n","protected":false},"author":3,"featured_media":17080,"comment_status":"closed","ping_status":"closed","sticky":false,"template":"","format":"standard","meta":{"colormag_page_container_layout":"default_layout","colormag_page_sidebar_layout":"default_layout","advanced_seo_description":"","jetpack_seo_html_title":"","jetpack_seo_noindex":false,"jetpack_post_was_ever_published":false,"footnotes":""},"categories":[19],"tags":[1031,1925,441,1451,1924],"class_list":["post-17072","post","type-post","status-publish","format-standard","has-post-thumbnail","hentry","category-veranstaltungen-in-den-dfv-landesverbaenden","tag-afd","tag-fremdenfeindlichkeit","tag-kapitalismus","tag-lv-bayern","tag-marktwirtschaft"],"jetpack_featured_media_url":"https:\/\/i0.wp.com\/www.freidenker.org\/fw17\/wp-content\/uploads\/2023\/09\/Hoecke_Veranst_Muenchen.jpg?fit=800%2C450&ssl=1","jetpack_shortlink":"https:\/\/wp.me\/p9stpK-4rm","jetpack-related-posts":[{"id":21021,"url":"https:\/\/www.freidenker.org\/?p=21021","url_meta":{"origin":17072,"position":0},"title":"Pistorius im Goebbels-Sprech","author":"Webredaktion","date":"20. Februar 2025","format":false,"excerpt":"Kurzbeitrag von Diether Dehm Bj\u00f6rn H\u00f6cke war zu einer Geldstrafe von 16.000 \u20ac verurteilt worden, weil er nach Ansicht des Gerichts als Geschichtslehrer h\u00e4tte wissen m\u00fcssen, dass \u201eAlles f\u00fcr Deutschland\u201c ein SA-Spruch war. Nur eben nicht exklusiv: denn auch von SPD-F\u00fchrern kam \u201eAlles f\u00fcr Deutschland\u201c. Erst f\u00fcr die Kriegkredite! Dann\u2026","rel":"","context":"In &quot;Demokratie \u2013 Medien \u2013 Aufkl\u00e4rung&quot;","block_context":{"text":"Demokratie \u2013 Medien \u2013 Aufkl\u00e4rung","link":"https:\/\/www.freidenker.org\/?cat=12"},"img":{"alt_text":"","src":"https:\/\/i0.wp.com\/www.freidenker.org\/fw17\/wp-content\/uploads\/2025\/02\/Das_Reich_1944-07-09_Goebbels_800x450.jpg?fit=800%2C450&ssl=1&resize=350%2C200","width":350,"height":200,"srcset":"https:\/\/i0.wp.com\/www.freidenker.org\/fw17\/wp-content\/uploads\/2025\/02\/Das_Reich_1944-07-09_Goebbels_800x450.jpg?fit=800%2C450&ssl=1&resize=350%2C200 1x, https:\/\/i0.wp.com\/www.freidenker.org\/fw17\/wp-content\/uploads\/2025\/02\/Das_Reich_1944-07-09_Goebbels_800x450.jpg?fit=800%2C450&ssl=1&resize=525%2C300 1.5x, https:\/\/i0.wp.com\/www.freidenker.org\/fw17\/wp-content\/uploads\/2025\/02\/Das_Reich_1944-07-09_Goebbels_800x450.jpg?fit=800%2C450&ssl=1&resize=700%2C400 2x"},"classes":[]},{"id":17777,"url":"https:\/\/www.freidenker.org\/?p=17777","url_meta":{"origin":17072,"position":1},"title":"Reaktion auf AfD-Umfrageerfolge: Demokratie zu ihrem Schutz abschaffen","author":"Webredaktion","date":"7. Januar 2024","format":false,"excerpt":"Beitrag von Gert Ewen Ungar Im kommenden Jahr sind in Sachsen, Th\u00fcringen und Brandenburg Landtagswahlen. Hinzu kommen zahlreiche Kommunalwahlen. Am 9. Juni wird zudem das EU-Parlament gew\u00e4hlt. Absehbar ist schon jetzt, dass es vor allem f\u00fcr die AfD ein sehr erfolgreiches Wahljahr wird. Bei allen drei Landtagswahlen hat die AfD\u2026","rel":"","context":"In &quot;Demokratie \u2013 Medien \u2013 Aufkl\u00e4rung&quot;","block_context":{"text":"Demokratie \u2013 Medien \u2013 Aufkl\u00e4rung","link":"https:\/\/www.freidenker.org\/?cat=12"},"img":{"alt_text":"","src":"https:\/\/i0.wp.com\/www.freidenker.org\/fw17\/wp-content\/uploads\/2024\/01\/Wahlplakate_der_LINKEN_AfD_in_Thueringen_20191026_006_800x450.jpg?fit=800%2C450&ssl=1&resize=350%2C200","width":350,"height":200,"srcset":"https:\/\/i0.wp.com\/www.freidenker.org\/fw17\/wp-content\/uploads\/2024\/01\/Wahlplakate_der_LINKEN_AfD_in_Thueringen_20191026_006_800x450.jpg?fit=800%2C450&ssl=1&resize=350%2C200 1x, https:\/\/i0.wp.com\/www.freidenker.org\/fw17\/wp-content\/uploads\/2024\/01\/Wahlplakate_der_LINKEN_AfD_in_Thueringen_20191026_006_800x450.jpg?fit=800%2C450&ssl=1&resize=525%2C300 1.5x, https:\/\/i0.wp.com\/www.freidenker.org\/fw17\/wp-content\/uploads\/2024\/01\/Wahlplakate_der_LINKEN_AfD_in_Thueringen_20191026_006_800x450.jpg?fit=800%2C450&ssl=1&resize=700%2C400 2x"},"classes":[]},{"id":7549,"url":"https:\/\/www.freidenker.org\/?p=7549","url_meta":{"origin":17072,"position":2},"title":"Kein Pakt mit Faschisten","author":"Webredaktion","date":"14. Februar 2020","format":false,"excerpt":"...auch nicht in der Ukraine, in Litauen, in Venezuela ! Neuer Flyer des Deutschen Freidenker-Verbandes Einen Bruch hat der Februar 2020 jedenfalls bewirkt: es wird wieder von Faschisten ge\u00adsprochen, nachdem das Verbrechersystem in Deutschland jahrzehntelang nur \u201eNational\u00adsozialismus\u201c genannt werden durfte. Emp\u00f6rung \u00fcber die R\u00e4nke mit der AfD ist wohlgelitten, unversehens\u2026","rel":"","context":"In &quot;Frieden - Antifaschismus - Solidarit\u00e4t&quot;","block_context":{"text":"Frieden - Antifaschismus - Solidarit\u00e4t","link":"https:\/\/www.freidenker.org\/?cat=13"},"img":{"alt_text":"","src":"https:\/\/i0.wp.com\/www.freidenker.org\/fw17\/wp-content\/uploads\/2020\/02\/kein_pakt.jpg?fit=800%2C445&ssl=1&resize=350%2C200","width":350,"height":200,"srcset":"https:\/\/i0.wp.com\/www.freidenker.org\/fw17\/wp-content\/uploads\/2020\/02\/kein_pakt.jpg?fit=800%2C445&ssl=1&resize=350%2C200 1x, https:\/\/i0.wp.com\/www.freidenker.org\/fw17\/wp-content\/uploads\/2020\/02\/kein_pakt.jpg?fit=800%2C445&ssl=1&resize=525%2C300 1.5x, https:\/\/i0.wp.com\/www.freidenker.org\/fw17\/wp-content\/uploads\/2020\/02\/kein_pakt.jpg?fit=800%2C445&ssl=1&resize=700%2C400 2x"},"classes":[]},{"id":7576,"url":"https:\/\/www.freidenker.org\/?p=7576","url_meta":{"origin":17072,"position":3},"title":"DIE LINKE Th\u00fcringens: Bestandteil einer \u201edemokratischen Mehrheit\u201c?","author":"Webredaktion","date":"17. Februar 2020","format":false,"excerpt":"Beitrag von Andreas Wehr Das \u201eBeben von Erfurt\u201c ver\u00e4ndert die politische Landschaft der Bundesrepublik. Die CDU geriet in heftige Turbulenzen, der FDP steht das noch bevor. Die Th\u00fcringer Linkspartei wiederum sieht sich inzwischen als Bestandteil einer \u201edemokratischen Mehrheit\u201c, zu der sie auch die CDU z\u00e4hlt. Sie ist damit unter den\u2026","rel":"","context":"In &quot;Demokratie \u2013 Medien \u2013 Aufkl\u00e4rung&quot;","block_context":{"text":"Demokratie \u2013 Medien \u2013 Aufkl\u00e4rung","link":"https:\/\/www.freidenker.org\/?cat=12"},"img":{"alt_text":"","src":"https:\/\/i0.wp.com\/www.freidenker.org\/fw17\/wp-content\/uploads\/2020\/02\/Thueringer_Landtag_Wahl_des_Ministerpraesidenten_2_800x445.jpg?fit=800%2C445&ssl=1&resize=350%2C200","width":350,"height":200,"srcset":"https:\/\/i0.wp.com\/www.freidenker.org\/fw17\/wp-content\/uploads\/2020\/02\/Thueringer_Landtag_Wahl_des_Ministerpraesidenten_2_800x445.jpg?fit=800%2C445&ssl=1&resize=350%2C200 1x, https:\/\/i0.wp.com\/www.freidenker.org\/fw17\/wp-content\/uploads\/2020\/02\/Thueringer_Landtag_Wahl_des_Ministerpraesidenten_2_800x445.jpg?fit=800%2C445&ssl=1&resize=525%2C300 1.5x, https:\/\/i0.wp.com\/www.freidenker.org\/fw17\/wp-content\/uploads\/2020\/02\/Thueringer_Landtag_Wahl_des_Ministerpraesidenten_2_800x445.jpg?fit=800%2C445&ssl=1&resize=700%2C400 2x"},"classes":[]},{"id":19956,"url":"https:\/\/www.freidenker.org\/?p=19956","url_meta":{"origin":17072,"position":4},"title":"Alles hat ein Ende \u2013 auch die Marktwirtschaft","author":"Webredaktion","date":"29. September 2024","format":false,"excerpt":"Beitrag von Wolfgang Beck aus FREIDENKER 3-24 Diesen verr\u00fcckten und prozierenden Titel habe ich nicht ohne Grund gew\u00e4hlt. Denn die historische Vergesslichkeit greift immer weiter um sich, und ich staune immer wieder, wie wenig die Leute \u00fcber die DDR wissen. Im Westen dominiert die recht einseitige Betrach\u00adtungsweise der DDR-Planwirtschaft bzw.\u2026","rel":"","context":"In &quot;Arbeit &amp; Soziales&quot;","block_context":{"text":"Arbeit &amp; Soziales","link":"https:\/\/www.freidenker.org\/?cat=11"},"img":{"alt_text":"","src":"https:\/\/i0.wp.com\/www.freidenker.org\/fw17\/wp-content\/uploads\/2024\/09\/retgendorf_beck_800x450.jpg?fit=800%2C450&ssl=1&resize=350%2C200","width":350,"height":200,"srcset":"https:\/\/i0.wp.com\/www.freidenker.org\/fw17\/wp-content\/uploads\/2024\/09\/retgendorf_beck_800x450.jpg?fit=800%2C450&ssl=1&resize=350%2C200 1x, https:\/\/i0.wp.com\/www.freidenker.org\/fw17\/wp-content\/uploads\/2024\/09\/retgendorf_beck_800x450.jpg?fit=800%2C450&ssl=1&resize=525%2C300 1.5x, https:\/\/i0.wp.com\/www.freidenker.org\/fw17\/wp-content\/uploads\/2024\/09\/retgendorf_beck_800x450.jpg?fit=800%2C450&ssl=1&resize=700%2C400 2x"},"classes":[]},{"id":18926,"url":"https:\/\/www.freidenker.org\/?p=18926","url_meta":{"origin":17072,"position":5},"title":"Das Chaos um die AfD ist nur das Vorspiel","author":"Webredaktion","date":"3. Mai 2024","format":false,"excerpt":"Beitrag von Dagmar Henn Die ganze Nummer rund um die AfD ist komisch. Nein, damit meine ich nicht, dass diese Spionagegeschichten alles andere als solide sind. Auf den ersten Blick k\u00f6nnte man das Spektakel damit erkl\u00e4ren, dass eine ungew\u00fcnschte Konkurrenz unbedingt noch vor den Wahlen zum Europaparlament gestutzt werden muss\u2026","rel":"","context":"In &quot;Demokratie \u2013 Medien \u2013 Aufkl\u00e4rung&quot;","block_context":{"text":"Demokratie \u2013 Medien \u2013 Aufkl\u00e4rung","link":"https:\/\/www.freidenker.org\/?cat=12"},"img":{"alt_text":"","src":"https:\/\/i0.wp.com\/www.freidenker.org\/fw17\/wp-content\/uploads\/2024\/05\/chinesen_kontrabass_ki_800x450.jpg?fit=800%2C450&ssl=1&resize=350%2C200","width":350,"height":200,"srcset":"https:\/\/i0.wp.com\/www.freidenker.org\/fw17\/wp-content\/uploads\/2024\/05\/chinesen_kontrabass_ki_800x450.jpg?fit=800%2C450&ssl=1&resize=350%2C200 1x, https:\/\/i0.wp.com\/www.freidenker.org\/fw17\/wp-content\/uploads\/2024\/05\/chinesen_kontrabass_ki_800x450.jpg?fit=800%2C450&ssl=1&resize=525%2C300 1.5x, https:\/\/i0.wp.com\/www.freidenker.org\/fw17\/wp-content\/uploads\/2024\/05\/chinesen_kontrabass_ki_800x450.jpg?fit=800%2C450&ssl=1&resize=700%2C400 2x"},"classes":[]}],"_links":{"self":[{"href":"https:\/\/www.freidenker.org\/index.php?rest_route=\/wp\/v2\/posts\/17072","targetHints":{"allow":["GET"]}}],"collection":[{"href":"https:\/\/www.freidenker.org\/index.php?rest_route=\/wp\/v2\/posts"}],"about":[{"href":"https:\/\/www.freidenker.org\/index.php?rest_route=\/wp\/v2\/types\/post"}],"author":[{"embeddable":true,"href":"https:\/\/www.freidenker.org\/index.php?rest_route=\/wp\/v2\/users\/3"}],"replies":[{"embeddable":true,"href":"https:\/\/www.freidenker.org\/index.php?rest_route=%2Fwp%2Fv2%2Fcomments&post=17072"}],"version-history":[{"count":0,"href":"https:\/\/www.freidenker.org\/index.php?rest_route=\/wp\/v2\/posts\/17072\/revisions"}],"wp:featuredmedia":[{"embeddable":true,"href":"https:\/\/www.freidenker.org\/index.php?rest_route=\/wp\/v2\/media\/17080"}],"wp:attachment":[{"href":"https:\/\/www.freidenker.org\/index.php?rest_route=%2Fwp%2Fv2%2Fmedia&parent=17072"}],"wp:term":[{"taxonomy":"category","embeddable":true,"href":"https:\/\/www.freidenker.org\/index.php?rest_route=%2Fwp%2Fv2%2Fcategories&post=17072"},{"taxonomy":"post_tag","embeddable":true,"href":"https:\/\/www.freidenker.org\/index.php?rest_route=%2Fwp%2Fv2%2Ftags&post=17072"}],"curies":[{"name":"wp","href":"https:\/\/api.w.org\/{rel}","templated":true}]}}