{"id":16982,"date":"2023-09-19T01:32:51","date_gmt":"2023-09-18T23:32:51","guid":{"rendered":"https:\/\/www.freidenker.org\/?p=16982"},"modified":"2023-10-07T12:29:43","modified_gmt":"2023-10-07T10:29:43","slug":"nie-wieder-faschismus","status":"publish","type":"post","link":"https:\/\/www.freidenker.org\/?p=16982","title":{"rendered":"Nie wieder Faschismus!"},"content":{"rendered":"<p><strong>Das B\u00fcndnis f\u00fcr Frieden Brandenburg und DIE LINKE BO DOM [1] gedenken am 20. September 2023 den Opfern des chilenischen Pinochet-Putsches<\/strong> <strong>vor 50 Jahren und laden zu einer diesem Thema gewidmeten Veranstaltung mit Gina Pietsch und Fabio Costa am 29.09.2023 in den Gelben Salon des Fontane Klubs [2] ein<\/strong><\/p>\n<p>Vor 50 Jahren, im September 1973, ereignete sich in Chile der faschistische Pinochet-Putsch. Der demokratisch gew\u00e4hlte Pr\u00e4sident Salvador Allende wurde unter Anleitung und Finanzierung der USA gest\u00fcrzt und zum Selbstmord gezwungen.<\/p>\n<p>W\u00e4hrend der 32. <strong>Mahnwache<\/strong> des B\u00fcndnis f\u00fcr Frieden Brandenburg, welche am Mittwoch, <strong>20. September 2023 von 15:00 bis 17:00 Uhr auf dem Neust\u00e4dtischen Markt in Brandenburg an der<\/strong> <strong>Havel<\/strong> stattfinden wird, soll das Gedenken an die Opfer dieses faschistischen Putsches im Vordergrund stehen.<\/p>\n<p>Dazu erkl\u00e4rt Dominik Mikhalkevich, Sprecher des B\u00fcndnis f\u00fcr Frieden Brandenburg: <em>\u201eMit der Mahnwache erinnern wir an die Opfer des Pinochet-Putsches. Zudem fordern wir l\u00fcckenlose Aufkl\u00e4rung, auch was die Hinweise auf die Beteiligung des westdeutschen Geheimdienstes BND an dem Putsch anbelangt. Das B\u00fcndnis f\u00fcr Frieden verurteilt jegliche Einmischung in die Angelegenheiten souver\u00e4ner Staaten und solidarisiert sich auch mit dem heutigen antikolonialen Aufbruch im Globalen S\u00fcden.<\/em>\u201c<\/p>\n<p>Heidi Hauffe, Vorsitzende der BO DOM, f\u00fcgt hinzu: <em>\u201eDas Gedenken an den Pinochet-Putsch muss auch eine Mahnung f\u00fcr uns alle sein, sich stets autorit\u00e4ren und faschistischen Tendenzen entgegenzustellen. Um die Erinnerung an den Widerstand gegen das Pinochet-Regime aufrechtzuerhalten, m\u00f6chte die BO DOM gemeinsam mit dem B\u00fcndnis f\u00fcr Frieden auf der Mahnwache am Mittwoch auch auf die von der BO und dem B\u00fcndnis\u00a0 organisierte und am <strong>29.09. um 18:30 Uhr stattfindende Kulturveranstaltung hinweisen, auf der Gina Pietsch und Fabio Costa im Fontane Klub\/ Gelber Salon mit ihrem musikalisches Programm \u201ePor todo Chile\u201c auftreten werden.<\/strong><\/em><\/p>\n<p><span style=\"font-size: 10pt;\">[1] BO DOM = Basisorganisation der Partei DIE LINKE in Brandenburg an der Havel, Stadtteil Dom<br \/>\n[2] Fontane-Klub, Ritterstr. 69, 14470 Brandenburg an der Havel<\/span><\/p>\n<p><span style=\"font-size: 10pt;\">Die Information zu den Veranstaltungen \u00fcbermittelte uns Heidi Hauffe von der BO DOM.<\/span><\/p>\n<hr \/>\n<p><img data-recalc-dims=\"1\" loading=\"lazy\" decoding=\"async\" data-attachment-id=\"1076\" data-permalink=\"https:\/\/www.freidenker.org\/?attachment_id=1076\" data-orig-file=\"https:\/\/i0.wp.com\/www.freidenker.org\/fw17\/wp-content\/uploads\/2017\/10\/pdf_icon-2.png?fit=32%2C32&amp;ssl=1\" data-orig-size=\"32,32\" data-comments-opened=\"0\" data-image-meta=\"{&quot;aperture&quot;:&quot;0&quot;,&quot;credit&quot;:&quot;&quot;,&quot;camera&quot;:&quot;&quot;,&quot;caption&quot;:&quot;&quot;,&quot;created_timestamp&quot;:&quot;0&quot;,&quot;copyright&quot;:&quot;&quot;,&quot;focal_length&quot;:&quot;0&quot;,&quot;iso&quot;:&quot;0&quot;,&quot;shutter_speed&quot;:&quot;0&quot;,&quot;title&quot;:&quot;&quot;,&quot;orientation&quot;:&quot;0&quot;}\" data-image-title=\"pdf_icon\" data-image-description=\"\" data-image-caption=\"\" data-large-file=\"https:\/\/i0.wp.com\/www.freidenker.org\/fw17\/wp-content\/uploads\/2017\/10\/pdf_icon-2.png?fit=32%2C32&amp;ssl=1\" class=\"alignnone size-full wp-image-1076\" src=\"https:\/\/i0.wp.com\/www.freidenker.org\/fw17\/wp-content\/uploads\/2017\/10\/pdf_icon-2.png?resize=32%2C32&#038;ssl=1\" alt=\"\" width=\"32\" height=\"32\" \/> <a href=\"https:\/\/www.freidenker.org\/fw17\/wp-content\/uploads\/2023\/09\/Flyer-Por-todo-Chile-2023-09-29.pdf\" target=\"_blank\" rel=\"noopener\">Flyer f\u00fcr die Veranstaltung &#8222;Por todo Chile&#8220;<\/a> mit Gina Pietsch und Fabio Costa am 29.09.2023 in Brandenburg an der Havel (PDF, 893 KB)<\/p>\n<p style=\"text-align: right;\"><em>Gina Pietsch ist Mitglied des Deutschen Freidenker-Verbandes und seines Beirats<\/em><\/p>\n<hr \/>\n<p><span style=\"font-size: 10pt;\">Bild oben: Quelle: <a href=\"https:\/\/amerika21.de\/dossier\/50-jahre-militaerputsch-chile\" target=\"_blank\" rel=\"noopener\">america21.de<\/a><\/span><\/p>\n","protected":false},"excerpt":{"rendered":"<p>Das B\u00fcndnis f\u00fcr Frieden Brandenburg und DIE LINKE BO DOM gedenken am 20. September 2023 den Opfern des chilenischen Pinochet-Putsches vor 50 Jahren und laden zu einer diesem Thema gewidmeten Veranstaltung mit Gina Pietsch und Fabio Costa am 29.09.2023 ein.<br \/>\nVor 50 Jahren, im September 1973, ereignete sich in Chile der faschistische Pinochet-Putsch. Der demokratisch gew\u00e4hlte Pr\u00e4sident Salvador Allende wurde unter Anleitung und Finanzierung der USA gest\u00fcrzt und zum Selbstmord gezwungen. W\u00e4hrend der 32. Mahnwache des B\u00fcndnis f\u00fcr Frieden Brandenburg, welche am Mittwoch, 20. September 2023 von 15:00 bis 17:00 Uhr auf dem Neust\u00e4dtischen Markt in Brandenburg an der Havel stattfinden wird, soll das Gedenken an die Opfer dieses faschistischen Putsches im Vordergrund stehen.<\/p>\n","protected":false},"author":3,"featured_media":16985,"comment_status":"closed","ping_status":"closed","sticky":false,"template":"","format":"standard","meta":{"colormag_page_container_layout":"default_layout","colormag_page_sidebar_layout":"default_layout","advanced_seo_description":"","jetpack_seo_html_title":"","jetpack_seo_noindex":false,"jetpack_post_was_ever_published":false,"footnotes":""},"categories":[13,19],"tags":[1921,1200,451,335,686,939,825,1103,1867,1050],"class_list":["post-16982","post","type-post","status-publish","format-standard","has-post-thumbnail","hentry","category-frieden-antifaschismus-solidaritaet","category-veranstaltungen-in-den-dfv-landesverbaenden","tag-brandenburg-an-der-havel","tag-chile","tag-faschismus","tag-frieden","tag-mahnwachen","tag-musik","tag-politisches-lied","tag-putsch","tag-unidad-popular","tag-veranstaltung"],"jetpack_featured_media_url":"https:\/\/i0.wp.com\/www.freidenker.org\/fw17\/wp-content\/uploads\/2023\/09\/chile_dossier_putsch_fuenfzig_jahre_800x448.jpg?fit=800%2C448&ssl=1","jetpack_shortlink":"https:\/\/wp.me\/p9stpK-4pU","jetpack-related-posts":[{"id":16310,"url":"https:\/\/www.freidenker.org\/?p=16310","url_meta":{"origin":16982,"position":0},"title":"Keine Bomber \u00fcber unseren K\u00f6pfen! Kein Werben f\u00fcrs Sterben!","author":"Webredaktion","date":"12. Juni 2023","format":false,"excerpt":"Zentrale Kundgebung gegen Air Defender 23 und gegen den Tag der Bundeswehr in Brandenburg an der Havel am 17.06.2023 Pressemitteilung des Organisationsteams des B\u00fcndnis f\u00fcr Frieden F\u00fcr Samstag, 17.06.2023 hat das B\u00fcndnis f\u00fcr Frieden Brandenburg eine Protestkundgebung gegen Air Defender 23, das gr\u00f6\u00dfte Luftman\u00f6ver in der Geschichte der NATO, angemeldet.\u2026","rel":"","context":"In &quot;Frieden - Antifaschismus - Solidarit\u00e4t&quot;","block_context":{"text":"Frieden - Antifaschismus - Solidarit\u00e4t","link":"https:\/\/www.freidenker.org\/?cat=13"},"img":{"alt_text":"","src":"https:\/\/i0.wp.com\/www.freidenker.org\/fw17\/wp-content\/uploads\/2023\/06\/Flyer_Brandeburg_2023-06-07_s1_auszug_800x450.jpg?fit=799%2C450&ssl=1&resize=350%2C200","width":350,"height":200,"srcset":"https:\/\/i0.wp.com\/www.freidenker.org\/fw17\/wp-content\/uploads\/2023\/06\/Flyer_Brandeburg_2023-06-07_s1_auszug_800x450.jpg?fit=799%2C450&ssl=1&resize=350%2C200 1x, https:\/\/i0.wp.com\/www.freidenker.org\/fw17\/wp-content\/uploads\/2023\/06\/Flyer_Brandeburg_2023-06-07_s1_auszug_800x450.jpg?fit=799%2C450&ssl=1&resize=525%2C300 1.5x, https:\/\/i0.wp.com\/www.freidenker.org\/fw17\/wp-content\/uploads\/2023\/06\/Flyer_Brandeburg_2023-06-07_s1_auszug_800x450.jpg?fit=799%2C450&ssl=1&resize=700%2C400 2x"},"classes":[]},{"id":20485,"url":"https:\/\/www.freidenker.org\/?p=20485","url_meta":{"origin":16982,"position":1},"title":"Aufruf zur Demo &#8222;Kriegsgefahr stoppen&#8220; in Brandenburg\/Havel","author":"Webredaktion","date":"9. Dezember 2024","format":false,"excerpt":"Auf die Stra\u00dfe f\u00fcr den Frieden - Samstag, den 14. Dezember von 12-14 Uhr in Brandenburg\/Havel.\u00a0 In Zeiten, in denen f\u00fchrende Bundespolitiker immer mehr auf Kriegst\u00fcchtigkeit und Krieg setzen, m\u00fcssen wir als B\u00fcrger des Landes gegen diese Kriegspolitik mobil machen.\u00a0 Die wachsende Kriegsgefahr und die Ank\u00fcndigungen von Seiten CDU\/CSU, Gr\u00fcne\u2026","rel":"","context":"In &quot;Frieden - Antifaschismus - Solidarit\u00e4t&quot;","block_context":{"text":"Frieden - Antifaschismus - Solidarit\u00e4t","link":"https:\/\/www.freidenker.org\/?cat=13"},"img":{"alt_text":"","src":"https:\/\/i0.wp.com\/www.freidenker.org\/fw17\/wp-content\/uploads\/2024\/12\/Aufruf_DEMO_bbg_2024-12-14_800x450.jpg?fit=800%2C450&ssl=1&resize=350%2C200","width":350,"height":200,"srcset":"https:\/\/i0.wp.com\/www.freidenker.org\/fw17\/wp-content\/uploads\/2024\/12\/Aufruf_DEMO_bbg_2024-12-14_800x450.jpg?fit=800%2C450&ssl=1&resize=350%2C200 1x, https:\/\/i0.wp.com\/www.freidenker.org\/fw17\/wp-content\/uploads\/2024\/12\/Aufruf_DEMO_bbg_2024-12-14_800x450.jpg?fit=800%2C450&ssl=1&resize=525%2C300 1.5x, https:\/\/i0.wp.com\/www.freidenker.org\/fw17\/wp-content\/uploads\/2024\/12\/Aufruf_DEMO_bbg_2024-12-14_800x450.jpg?fit=800%2C450&ssl=1&resize=700%2C400 2x"},"classes":[]},{"id":15480,"url":"https:\/\/www.freidenker.org\/?p=15480","url_meta":{"origin":16982,"position":2},"title":"Veranstaltung &#8211; Vor 50 Jahren:  \u201eZeiten\u00adwende\u201c  in Chile","author":"Webredaktion","date":"13. M\u00e4rz 2023","format":false,"excerpt":"Einladung zur Diskussion: \u201e09-11\u201c 1973. CIA-Regimechange - Putsch gegen die Unidad-Popular-Regierung von Pr\u00e4sident Salvador Allende Sonnabend, 18. M\u00e4rz 2023, 10:00 Uhr, Jugendherberge Leiterstra\u00dfe 10, 39104 Magdeburg Einleitungsreferat: Florian Warweg, Redakteur & Parlamentsberichterstatter f\u00fcr NachDenkSeiten - Milton Friedmann und Friedrich A. v. Hayek als Paten der \u201eChicago-Boys\u201c - Chile: der erste\u2026","rel":"","context":"In &quot;Zentrale Veranstaltungen&quot;","block_context":{"text":"Zentrale Veranstaltungen","link":"https:\/\/www.freidenker.org\/?cat=20"},"img":{"alt_text":"","src":"https:\/\/i0.wp.com\/www.freidenker.org\/fw17\/wp-content\/uploads\/2023\/03\/Bombardierung_LaMoneda_800x450.jpg?fit=800%2C450&ssl=1&resize=350%2C200","width":350,"height":200,"srcset":"https:\/\/i0.wp.com\/www.freidenker.org\/fw17\/wp-content\/uploads\/2023\/03\/Bombardierung_LaMoneda_800x450.jpg?fit=800%2C450&ssl=1&resize=350%2C200 1x, https:\/\/i0.wp.com\/www.freidenker.org\/fw17\/wp-content\/uploads\/2023\/03\/Bombardierung_LaMoneda_800x450.jpg?fit=800%2C450&ssl=1&resize=525%2C300 1.5x, https:\/\/i0.wp.com\/www.freidenker.org\/fw17\/wp-content\/uploads\/2023\/03\/Bombardierung_LaMoneda_800x450.jpg?fit=800%2C450&ssl=1&resize=700%2C400 2x"},"classes":[]},{"id":7188,"url":"https:\/\/www.freidenker.org\/?p=7188","url_meta":{"origin":16982,"position":3},"title":"Solidarit\u00e4t mit dem k\u00e4mpfenden chilenischen Volk","author":"Webredaktion","date":"12. November 2019","format":false,"excerpt":"Gru\u00dfschreiben des Vorsitzenden des Deutschen Freidenker-Verbandes, Klaus Hartmann an die Partido Comunista Chileno (Acci\u00f3n Proletaria) Der Deutsche Freidenker-Verband gratuliert Euch herzlich zum 40. Jahrestag der Gr\u00fcndung des Partido Comunista Chileno (Acci\u00f3n Proletaria). ... Die Parteigr\u00fcndung am 08. November 1979 fand in der Nacht des Faschismus statt, die durch den CIA-gest\u00fctzten\u2026","rel":"","context":"In &quot;Frieden - Antifaschismus - Solidarit\u00e4t&quot;","block_context":{"text":"Frieden - Antifaschismus - Solidarit\u00e4t","link":"https:\/\/www.freidenker.org\/?cat=13"},"img":{"alt_text":"","src":"https:\/\/i0.wp.com\/www.freidenker.org\/fw17\/wp-content\/uploads\/2019\/11\/demo_santiago_de_chile_2019_800x445.jpg?fit=800%2C445&ssl=1&resize=350%2C200","width":350,"height":200,"srcset":"https:\/\/i0.wp.com\/www.freidenker.org\/fw17\/wp-content\/uploads\/2019\/11\/demo_santiago_de_chile_2019_800x445.jpg?fit=800%2C445&ssl=1&resize=350%2C200 1x, https:\/\/i0.wp.com\/www.freidenker.org\/fw17\/wp-content\/uploads\/2019\/11\/demo_santiago_de_chile_2019_800x445.jpg?fit=800%2C445&ssl=1&resize=525%2C300 1.5x, https:\/\/i0.wp.com\/www.freidenker.org\/fw17\/wp-content\/uploads\/2019\/11\/demo_santiago_de_chile_2019_800x445.jpg?fit=800%2C445&ssl=1&resize=700%2C400 2x"},"classes":[]},{"id":15340,"url":"https:\/\/www.freidenker.org\/?p=15340","url_meta":{"origin":16982,"position":4},"title":"K\u00f6nnen wir dieser Regierung noch vertrauen?","author":"Webredaktion","date":"21. Februar 2023","format":false,"excerpt":"Aufruf zur Protestkundgebung am Samstag, den 25. Februar 2023 um 10:00 Uhr in Brandenburg\/Havel, Neust\u00e4dtischer Markt Pressemitteilung des B\u00fcndnisses f\u00fcr Frieden: \"Am 24.2. wird es in zahlreichen Medien um die Tatsache gehen, dass 365 Tage Krieg in der Ukraine herrscht. Kein Wort wird davon zu h\u00f6ren sein, dass die Besch\u00fcsse\u2026","rel":"","context":"In &quot;Frieden - Antifaschismus - Solidarit\u00e4t&quot;","block_context":{"text":"Frieden - Antifaschismus - Solidarit\u00e4t","link":"https:\/\/www.freidenker.org\/?cat=13"},"img":{"alt_text":"","src":"https:\/\/i0.wp.com\/www.freidenker.org\/fw17\/wp-content\/uploads\/2023\/02\/mahnwache_bbg_2023_800x450.jpg?fit=800%2C450&ssl=1&resize=350%2C200","width":350,"height":200,"srcset":"https:\/\/i0.wp.com\/www.freidenker.org\/fw17\/wp-content\/uploads\/2023\/02\/mahnwache_bbg_2023_800x450.jpg?fit=800%2C450&ssl=1&resize=350%2C200 1x, https:\/\/i0.wp.com\/www.freidenker.org\/fw17\/wp-content\/uploads\/2023\/02\/mahnwache_bbg_2023_800x450.jpg?fit=800%2C450&ssl=1&resize=525%2C300 1.5x, https:\/\/i0.wp.com\/www.freidenker.org\/fw17\/wp-content\/uploads\/2023\/02\/mahnwache_bbg_2023_800x450.jpg?fit=800%2C450&ssl=1&resize=700%2C400 2x"},"classes":[]},{"id":17936,"url":"https:\/\/www.freidenker.org\/?p=17936","url_meta":{"origin":16982,"position":5},"title":"Galerie: Max-Sievers-Ehrung","author":"Webredaktion","date":"22. Januar 2024","format":false,"excerpt":"Bericht der Webredaktion Vor 80 Jahren haben die deutschen Faschisten den Vorsitzenden des Deutschen Freidenker-Verbandes im Zuchthaus Brandenburg-G\u00f6rden mit dem Fallbeil ermordet. Aus diesem Anlass trafen sich Freidenker aus Berlin, Brandenburg und Hessen zu einem ehrenden Gedenken am 17. Januar 2024 auf dem Urnenfriedhof Wedding in Berlin, wo sich das\u2026","rel":"","context":"In &quot;Geschichte&quot;","block_context":{"text":"Geschichte","link":"https:\/\/www.freidenker.org\/?cat=1162"},"img":{"alt_text":"","src":"https:\/\/i0.wp.com\/www.freidenker.org\/fw17\/wp-content\/uploads\/2024\/01\/Sievers-Ehrung_2024_154236_800x450.jpg?fit=800%2C450&ssl=1&resize=350%2C200","width":350,"height":200,"srcset":"https:\/\/i0.wp.com\/www.freidenker.org\/fw17\/wp-content\/uploads\/2024\/01\/Sievers-Ehrung_2024_154236_800x450.jpg?fit=800%2C450&ssl=1&resize=350%2C200 1x, https:\/\/i0.wp.com\/www.freidenker.org\/fw17\/wp-content\/uploads\/2024\/01\/Sievers-Ehrung_2024_154236_800x450.jpg?fit=800%2C450&ssl=1&resize=525%2C300 1.5x, https:\/\/i0.wp.com\/www.freidenker.org\/fw17\/wp-content\/uploads\/2024\/01\/Sievers-Ehrung_2024_154236_800x450.jpg?fit=800%2C450&ssl=1&resize=700%2C400 2x"},"classes":[]}],"_links":{"self":[{"href":"https:\/\/www.freidenker.org\/index.php?rest_route=\/wp\/v2\/posts\/16982","targetHints":{"allow":["GET"]}}],"collection":[{"href":"https:\/\/www.freidenker.org\/index.php?rest_route=\/wp\/v2\/posts"}],"about":[{"href":"https:\/\/www.freidenker.org\/index.php?rest_route=\/wp\/v2\/types\/post"}],"author":[{"embeddable":true,"href":"https:\/\/www.freidenker.org\/index.php?rest_route=\/wp\/v2\/users\/3"}],"replies":[{"embeddable":true,"href":"https:\/\/www.freidenker.org\/index.php?rest_route=%2Fwp%2Fv2%2Fcomments&post=16982"}],"version-history":[{"count":0,"href":"https:\/\/www.freidenker.org\/index.php?rest_route=\/wp\/v2\/posts\/16982\/revisions"}],"wp:featuredmedia":[{"embeddable":true,"href":"https:\/\/www.freidenker.org\/index.php?rest_route=\/wp\/v2\/media\/16985"}],"wp:attachment":[{"href":"https:\/\/www.freidenker.org\/index.php?rest_route=%2Fwp%2Fv2%2Fmedia&parent=16982"}],"wp:term":[{"taxonomy":"category","embeddable":true,"href":"https:\/\/www.freidenker.org\/index.php?rest_route=%2Fwp%2Fv2%2Fcategories&post=16982"},{"taxonomy":"post_tag","embeddable":true,"href":"https:\/\/www.freidenker.org\/index.php?rest_route=%2Fwp%2Fv2%2Ftags&post=16982"}],"curies":[{"name":"wp","href":"https:\/\/api.w.org\/{rel}","templated":true}]}}