{"id":16909,"date":"2023-09-12T23:44:01","date_gmt":"2023-09-12T21:44:01","guid":{"rendered":"https:\/\/www.freidenker.org\/?p=16909"},"modified":"2023-10-07T12:27:40","modified_gmt":"2023-10-07T10:27:40","slug":"gegen-die-moerderische-friedensunfaehigkeit-der-ampel-koalition","status":"publish","type":"post","link":"https:\/\/www.freidenker.org\/?p=16909","title":{"rendered":"Gegen die m\u00f6rderische Friedensunf\u00e4higkeit der Ampel-Koalition"},"content":{"rendered":"<p><strong>Laut Experten ist die Scholz-Regierung derzeit &#8222;friedensunf\u00e4hig&#8220;. Obwohl die Ukraine bereits verloren hat, liefert sie weiter Waffen. Weitere Tausende Soldaten, vor allem Ukrainer, werden sinnlos sterben. Der Gro\u00dfteil der Deutschen sieht apathisch zu. F\u00fchrt der Kongress des Internationalen Friedensrats in Berlin zum Neustart einer echten Friedensbewegung?<\/strong><\/p>\n<p><em>Von <strong>Rainer Rupp<\/strong><\/em><\/p>\n<p><span style=\"font-size: 10pt;\">Erstver\u00f6ffentlichung am 01.09.2023 auf <a href=\"https:\/\/freedert.online\/meinung\/179337-gegen-moerderische-friedensunfaehigkeit-ampel-koalition\/\" target=\"_blank\" rel=\"noopener\">RT DE<\/a><\/span><\/p>\n<p>Die &#8222;Ukraine wird gewinnen&#8220;-Euphorie ist weitgehend verebbt. Aber die unerbittliche Hass-Propaganda gegen Russland und alles Russische, geht ungebremst weiter. Die rassistische Massenhysterie richtet sich nicht nur gegen russische Politiker und russisches Milit\u00e4r, sondern auch gegen russische Kultur, russische Menschen und sogar gegen Ballett-, Musik- und Theaterauff\u00fchrungen, die zum Weltkulturerbe geh\u00f6ren.<\/p>\n<p>Inzwischen aber machen sich zunehmend die Konsequenzen der US\/NATO-Aggressionspolitik gegen Russland in den L\u00e4ndern des Westens bemerkbar, wobei Deutschland aufgrund seiner Ampel-Regierung besonders stark betroffen ist. Die Auswirkungen der von Washington mit zig Milliarden Dollar Subventionen gef\u00f6rderte Abwerbung deutscher Unternehmen zeigen sich inzwischen vor allem in der Deindustrialisierung energieintensiver Branchen. Durch die massenhafte Auswanderung von Unternehmen aus diesen Branchen gehen nicht nur gut bezahlte Arbeitspl\u00e4tze, sondern auch das Know-how f\u00fcr Deutschland f\u00fcr immer verloren.<\/p>\n<p>Anscheinend sind durch die zunehmende Sorge um den eigenen Arbeitsplatz, durch den schmerzhaften eigenen wirtschaftlichen Niedergang, durch zweistellige Inflationszahlen bei Lebensmitteln, durch den allgemein zunehmenden Kaufkraftverlust in letzter Zeit bei den Leuten die kleinen grauen Zellen vermehrt aktiviert worden. Daher erkennen mehr und mehr, dass die b\u00f6sartigste und destruktivste Bundesregierung zugleich auch die d\u00fcmmste aller Zeiten ist. Mit ihren schwachsinnigen Sanktionen haben sie n\u00e4mlich nicht ihr lauthals verk\u00fcndetes Ziel erreicht, n\u00e4mlich die Wirtschaft Russlands zu ruinieren, sondern sie haben unser eigenes Land gegen die Wand gefahren.<\/p>\n<p>Im Gegensatz dazu steht die Entwicklung in Russland, wo die Wirtschaft trotz Westsanktionen und Boykotten dieses Jahr bereits wieder das Niveau von vor dem Krieg \u00fcberschritten hat. Die Wirtschaft brummt, die Inflation ist weit unter westliches Niveau gefallen und im Gegensatz zum Westen steigen die Realeinkommen der Masse der Arbeiter und Angestellten. Die Zukunft sieht gut aus, auch weil im Gegensatz zum Westen die russische Staatsverschuldung sehr gering ist. Im Gegensatz zum Westen steht die gro\u00dfe Mehrheit der russischen Bev\u00f6lkerung auch felsenfest hinter ihrer Regierung. Die Wirtschaft und Gesellschaft sind grundstabil, im Gegensatz zu Deutschland.<\/p>\n<p>Damit m\u00fcssen die westlichen Kriegstreiber ihre Tr\u00e4ume von der Zerst\u00fcckelung Russland in sechs oder dreizehn &#8222;unabh\u00e4ngige&#8220;, dem Westen gef\u00fcgige Staaten, um sie anschlie\u00dfend leichter ausbeuten zu k\u00f6nnen, wieder hinten anstellen. Der Spielplan des Westens samt deutscher Ampel-Regierung war, mit den Handels-Sanktionen und einem Sieg der Ukraine Russlands Wirtschaft und Milit\u00e4r in die Knie zu zwingen. Das auf diese Weise in Russland geschaffene gesellschaftliche Chaos und die wirtschaftliche und milit\u00e4rische Instabilit\u00e4t sollten \u2013 wie zuvor in der Ukraine \u2013 die Voraussetzungen daf\u00fcr schaffen, in einem Maidan-\u00e4hnlichen Putsch \u2013 nur diesmal auf dem Roten Platz in Moskau \u2013 Pr\u00e4sident Putin durch einen US-Vasallen zu ersetzen.<\/p>\n<p>Doch diese, seit Jahren ernsthaft in US-Denkfabriken besprochenen Pl\u00e4ne haben sich nicht materialisiert. Denn laut US-Oberst a.D. Douglas Macgregor sind die Streitkr\u00e4fte der Russischen F\u00f6deration in den eineinhalb Jahren der Sonderoperation st\u00e4ndig st\u00e4rker geworden und aktuell effizienter und schlagkr\u00e4ftiger als je zuvor seit dem Ende des Zweiten Weltkriegs.<\/p>\n<p>Tats\u00e4chlich habe Russland die Armee der Ukraine bereits zweimal zerst\u00f6rt und sei derzeit dabei, die mit NATO-Waffen erneut hochger\u00fcstete dritte Armee der Ukraine zu zerst\u00f6ren. Zugleich habe Russland auch die NATO bereits zu einem erheblichen Teil indirekt demilitarisiert. Denn die US\/NATO-L\u00e4nder haben einen sehr gro\u00dfen Teil ihrer milit\u00e4rischen Reserven an Waffen und Munition auf den Schlachtfeldern der Ukraine verbraten.<\/p>\n<p>F\u00fcr die Hofschranzen in den US\/NATO-Medien ist Macgregor ein rotes Tuch, denn er wei\u00df, wovon er spricht. Er ist einer der wenigen Milit\u00e4rhistoriker mit akademischem Grad, mit aktiver Fronterfahrung, hochdekoriert und Autor etlicher kritischer B\u00fccher \u00fcber US-Kriegsf\u00fchrung. Zugleich hat er von sich als genialer Stratege und Querdenker reden gemacht. Gegen Ende der Amtszeit von Pr\u00e4sident Trump war er stellvertretender US-Verteidigungsminister. Seit Beginn des Krieges in der Ukraine geh\u00f6rt er zu den sch\u00e4rfsten Kritikern der US-Milit\u00e4rpolitik gegen\u00fcber Russland und China.<\/p>\n<p>Genau wie Willi Wimmer, der einstige CDU-Staatssekret\u00e4r im Bonner Verteidigungsministerium, der vor wenigen Tagen in einem Rundschreiben den Regierungen der Europ\u00e4ischen Union, vor allem der deutschen Ampel-Regierung &#8222;Friedensunf\u00e4higkeit&#8220; bescheinigt hat, so hat Oberst a.D. Macgregor denselben Vorwurf gegen die Biden-Regierung erhoben.<\/p>\n<p>Anhand einiger Zahlen macht Macgregor deutlich, welch unendliches Leid der kollektive Westen mit seinen ungeheuren Waffenlieferungen der Ukraine zugef\u00fcgt hat. Denn mit den Waffen wurde das ukrainische Milit\u00e4r zum Rammbock gegen Russland hochger\u00fcstet. Die russische Armee sollte geschw\u00e4cht werden, was jedoch nicht gelang. Russland zeigte sich als widerstandsf\u00e4higer als gedacht, mit viel geringeren Verlusten an Menschen und Material als die Ukraine.<\/p>\n<p>Laut Macgregors j\u00fcngsten Angaben z\u00e4hlt die ukrainische Armee inzwischen 350.000 bis 400.000 Gefallene. Hinzu kommen 60.000 Soldaten, die ein oder mehrere Gliedma\u00dfen verloren haben. Z\u00e4hlt man schwer verwundete und auf Dauer wehrunf\u00e4hige Soldaten hinzu, ist man nicht mehr weit von einer Million Menschen entfernt, die die ukrainische Armee laut anderer Sch\u00e4tzungen insgesamt verloren hat.<\/p>\n<p>Allein in der aktuellen Gegenoffensive seit dem 4. Juni 2023 sind 45.000 Ukrainer gefallen. Indikativ f\u00fcr die Katastrophe ist auch die Tatsache, dass in Kiew mit dem Bau eines neuen Milit\u00e4rfriedhofs auf einer Fl\u00e4che von 266 Hektar begonnen wurde. Im Fr\u00fchjahr war bereits ein Friedhof mit 100 Hektar Fl\u00e4che und einer Kapazit\u00e4t von 250.000 Grabstellen fertiggestellt worden. Mit dem Bau des neuen Milit\u00e4rfriedhofs soll nun Platz f\u00fcr die Beerdigung von weiteren 600.000 Toten geschaffen werden.<\/p>\n<p>Die Ukraine und die US\/NATO sind mit ihrem Latein am Ende. Es mangelt an Waffen und Munition und Soldaten, vor allem aber auch an erreichbaren Zielen, zu denen unter anderem der oft genannte Wunschtraum, die Russen aus der Krim zu verjagen, nicht geh\u00f6rt. Auch die westlichen Wunderwaffen wie Leoparden, Marder, Bradleys konnten nicht die Wende bringen. Vor allem aber mangelt es der Ukraine an Menschen im wehrf\u00e4higen Alter. Mit einer Generalmobilmachung will Machthaber Selenskij mit einer den Nazis abgeschauten Methode \u00e0 la &#8222;Volkssturm&#8220; auch noch die Alten und Kinder ins Feuer schicken. Selenskij und seine Unterst\u00fctzer im Westen sind offensichtlich bereit, weitere zig oder gar hundert Tausende Ukrainer in den Tod zu schicken. Aber wof\u00fcr?<\/p>\n<p>Man kann sich nur fremdsch\u00e4men f\u00fcr die Regierungen der US\/NATO-L\u00e4nder, die so etwas unterst\u00fctzen. In einem besonderen Ma\u00df gilt das f\u00fcr die Ampel-Regierung in Deutschland, samt den Oppositionsparteien der CDU und Teile von DIE LINKE, die an diesem Abschlachten von Ukrainern beteiligt sind. Das ist ein schreckliches Verbrechen, statt an eine Verhandlungsl\u00f6sung zu denken, weiter Tausende oder Zigtausende in den so gut wie sicheren Tod zu schicken, obwohl die F\u00fchrung l\u00e4ngst wei\u00df, dass der Krieg verloren ist.<\/p>\n<p>Laut Willy Wimmer entsteht dadurch der Eindruck, dass wir es bei den Ursachen des Krieges in der Ukraine und dem, was daraus entstehen kann, nicht mit den ber\u00fchmten Schlafwandlern zu tun haben, die angeblich in den Ersten Weltkrieg hineingestolpert sind, sondern mit kalt operierenden T\u00e4tern. Vor wenigen Tagen noch hat der ehemalige Generalinspekteur der Bundeswehr, Herr Kujat, auf die notwendige Gesamtbeurteilung dieses Konfliktes und der Entwicklung vor dem \u00dcberschreiten der russischen Grenze durch regul\u00e4re russische Streitkr\u00e4fte hingewiesen.<\/p>\n<blockquote><p><em>&#8222;In dieser Vorgeschichte des Krieges scheint die Unf\u00e4higkeit der EU-europ\u00e4ischen Regierungen zu liegen, sich mit Nachdruck f\u00fcr tragf\u00e4hige Friedensregelungen selbst oder durch Dritte einzusetzen.&#8220;<\/em><\/p><\/blockquote>\n<p>Nichts scheint man (in den US\/NATO-Regierungen) mehr zu f\u00fcrchten, als die Frage der W\u00e4hler angesichts des Elends, des Leides und der Zerst\u00f6rungen, ob das alles nicht h\u00e4tte verhindert werden k\u00f6nnen, und wer es nicht hat verhindern wollen? Die finanziellen Schwierigkeiten, in denen wir uns befinden, wirken f\u00fcr diese Fragen wie der Nachbrenner eines Kampfflugzeuges. Hier geht die Zukunft ganzer Generationen verloren und verkr\u00fcppelte Menschen werden wieder das Stra\u00dfenbild in der Ukraine und Russland bestimmen. Es sind unsere Regierungen, denen wir im Sinne von Kardinal Zuppi einen Kurswechsel abverlangen m\u00fcssen. Es geht um die Menschen und nicht gro\u00dfm\u00e4ulige Minister allerorten.<\/p>\n<p>Die Hoffnung auf Friedensbem\u00fchungen kann in den Wind gesprochen sein, wenn man infolge des Krieges auch noch betrachtet, wovon in dem Weisungsgeber der westlichen Wertegemeinschaft, der <em>New York Times<\/em> oder beim Weltwirtschaftsforum sonst noch gefaselt wird. Da wird allen Ernstes davon geschrieben, Wahlen in den demokratischen Staaten abzuschaffen, weil sie hinderlich f\u00fcr Eliten seien. Was kommt da auf uns zu, mit dem Krieg als Vehikel?<\/p>\n<p>Aber die beteiligten Kriegstreiber k\u00f6nnen nicht \u00fcber ihren Schatten springen. Sie bangen um ihre Karrieren, ihr Ansehen und sie haben wom\u00f6glich gerechtfertigte Angst davor, dass eine neue, nicht aus dem Tiefen Staat hervorgegangene Regierung sie wom\u00f6glich vor Gericht zur Verantwortung ziehen wird. Ihre \u00dcberstellung an den Internationalen Strafgerichtshof der BRICS+- Organisation f\u00fcr Kriegsverbrecher d\u00fcrfte jedoch ein Traum bleiben. Vorerst.<\/p>\n<p>Eines jedoch ist klar, in dem Moment, in dem die Medien in unserem Land den B\u00fcrgern die Wahrheit \u00fcber die verheerenden Menschen-Verluste in der Ukraine sagen w\u00fcrden, w\u00e4re der Frieden nicht mehr weit. Aber das wird weiterhin durch die Macht des totalit\u00e4ren Propaganda-Apparats verhindert \u2013 in dieser besten deutschen Demokratur, die es je gab. Und es gibt gute Gr\u00fcnde zu bef\u00fcrchten, dass es noch schlimmer kommt. Vor diesem Hintergrund ist der Ende September 2023 in Berlin stattfindende, internationale Kongress des <a href=\"https:\/\/www.deutscher-friedensrat.de\/index.htm\">Deutschen Friedensrat (DFR)<\/a>, die deutsche Sektion des Weltfriedensrates (World Peace Council\/WPC), von besonderer Bedeutung.<\/p>\n<p>Angesichts der besonderen historischen Verantwortung Deutschlands f\u00fcr Frieden und Sicherheit in Europa und mit Russland hat der WPC beim letzten Treffen in Hanoi, Vietnam, im November letzten Jahres, die deutsche Sektion mit der Vorbereitung und Organisation des n\u00e4chsten Kongresses in Berlin am 28. und 29.09.2023 beauftragt. Das ist eine einmalige Gelegenheit, den teilnehmenden WPC-Delegierten aus aller Welt, ein realistisches Bild von der friedenspolitisch desolaten Lage in Deutschland zu geben. Insbesondere gilt es, die Friedensunf\u00e4higkeit der aktuellen Ampel-Regierung herauszuarbeiten, was ebenso f\u00fcr die Opposition aus CDU\/CSU und f\u00fchrende Teile der Partei DIE LINKE gilt.<\/p>\n<p>Dabei stellt sich auch die Frage, mit wem Russland \u00fcberhaupt verhandeln kann, zum Beispiel \u00fcber einen Waffenstillstand oder weiterf\u00fchrende Ma\u00dfnahmen. Welche Regierung des kollektiven Westens hat die Russen bisher nicht verraten und betrogen und sich damit auch noch gebr\u00fcstet, wie mit MINSK II? Wem kann der Kreml hinreichend vertrauen, dass ein Abkommen diesmal eingehalten wird?<\/p>\n<p>Mit Spannung wird bereits der Vortrag eines bekannten deutschen Autors und Professors erwartet, der zum besseren Verst\u00e4ndnis des historisch-politischen Hintergrunds des Ukraine-Konfliktes \u00fcber die tiefenpsychologischen Erkl\u00e4rungsmuster f\u00fcr die aktuell im Westen, und speziell in Deutschland herrschende Kriegshysterie sprechen wird. Dies wird ein Licht werfen auf den prim\u00e4r in Deutschland virulenten, vollkommen irrationalen Russenhass, dem eine nicht weniger irrationale Bewunderung f\u00fcr ukrainische &#8222;Freiheitsk\u00e4mpfer&#8220; gegen\u00fcbersteht, wobei die Helden der zahlreichen Nazi-Freiwilligen-Bataillone wie Asow regelrecht verehrt werden. Die Darlegungen k\u00f6nnten nicht nur den Kongressteilnehmern, sondern uns allen helfen, relevante Einflussfaktoren und Ansatzpunkte zu identifizieren, die in der aktuellen Situation einen Friedensprozess behindern oder beg\u00fcnstigen.<\/p>\n<p>Der Kongress steht unter dem Motto &#8222;Nehmt den Frieden in die eigenen H\u00e4nde&#8220;. Auf seiner Webseite macht der DFR Mut. Wir B\u00fcrger sind nicht so hilflos, wie wir glauben, auch wenn wir immer wieder von neuen Propagandawellen der <em>ARD<\/em>&#8211; und <em>ZDF<\/em>-Megafone des Berliner Ministeriums f\u00fcr Wahrheit \u00fcberschwemmt werden. Denn: Einigkeit macht stark. Und der DFR bietet allen \u2013 jenseits von Parteienkl\u00fcngel und verdrehten rechts-links-Klischees und Vorurteilen \u2013 eine praktische M\u00f6glichkeit, in diesen schlimmen Zeiten die notwendige Einigkeit zu schaffen, weiter auszubauen und zu st\u00e4rken. Dazu betonte der 60-j\u00e4hrige Vorsitzende des DFR, der Historiker Gerhard Emil Fuchs-Kittowski:<\/p>\n<blockquote><p><em>&#8222;Wir sind Teil der deutschen und internationalen Friedensbewegung. Humanismus und Pazifismus sind unsere Wurzeln. Unser Ziel ist die \u00c4chtung des Krieges als Mittel der Politik und die Verurteilung der bewaffneten Gewalt zur Durchsetzung politischer, \u00f6konomischer, ideologischer oder religi\u00f6ser Ziele.<\/em><\/p>\n<p><em>Seit unserer Gr\u00fcndung im Jahr 1949 bem\u00fchen wir uns um Einfluss in Politik und Gesellschaft f\u00fcr nachhaltigen Frieden. Erst recht seit dem US-NATO-Krieg gegen Russland auf ukrainischem Territorium! Wir vertreten eindeutige Positionen, dazu die grunds\u00e4tzliche, prinzipielle Einstellung, uns gegen jeden Krieg zu wenden! Es bringt keinen Konflikt zu einem Ende, wenn man sich der Propaganda hingibt oder wenn man nach scheinbar Schuldigen sucht oder Vorverurteilungen vertraut. Dies sind Sackgassen, die uns von unserem wichtigsten Ziel abhalten sollen: Frieden schaffen!&#8220;<\/em><\/p><\/blockquote>\n<p>Laut Erkl\u00e4rung des DFR wird der Verein seine Bem\u00fchungen verst\u00e4rken, die Entscheidungen der deutschen Regierung und die der Organisationen und B\u00fcndnisse wie NATO und EU, in denen Deutschland Mitglied ist, kritisch zu beleuchten.<\/p>\n<blockquote><p><em>&#8222;Zusammen mit den anderen europ\u00e4ischen Mitgliedern des Weltfriedensrates k\u00f6nnen und werden wir unsere und die Regierungen der anderen europ\u00e4ischen L\u00e4nder zu \u00c4nderungen ihrer Politik auffordern. \u2026 Um diesen Einfluss auf unsere Politiker aufzubauen, haben wir zu diesem Kongress aufgerufen.&#8220;<\/em><\/p><\/blockquote>\n<p>Weiter hei\u00dft es, dass es bereits jetzt um unser eigenes \u00dcberleben geht, europa- und weltweit! Denn mit der Entscheidung der US-Regierung, Streumunition und andere hochentwickelte Waffen an die Ukraine zu liefern, befindet sich dieser Krieg in einer gef\u00e4hrlichen Wende, die selbst Freunde der omin\u00f6sen &#8222;wertebasierten Gesellschaft&#8220; zum moralischen Aufschrei h\u00e4tte bewegen m\u00fcssen.<\/p>\n<p>Der DFR geht davon aus, dass \u2026<\/p>\n<blockquote><p><em>&#8222;\u2026 mittlerweile die reale M\u00f6glichkeit einer direkten milit\u00e4rischen Beteiligung der NATO an diesem Konflikt besteht. Das aber h\u00e4tte noch katastrophalere Folgen f\u00fcr die ganze Welt und den Frieden. Unsere Kinder w\u00fcrden die n\u00e4chsten Opfer sein!&#8220;<\/em><\/p><\/blockquote>\n<p>Zugleich fordert der DFR auf seiner Webseite alle Leser auf, gemeinsam an einer aktiven Friedensl\u00f6sung, an Vorschl\u00e4gen f\u00fcr einen sofortigen Waffenstillstand zu arbeiten:<\/p>\n<blockquote><p><em>&#8222;Idealerweise w\u00fcrden Leser in ihrem eigenen Umfeld mit Freunden und Bekannten die aktuelle kriegspolitische Lage im Zusammenhang mit der Ukraine und Russland diskutieren; und zwar mit dem Ziel, unter welchen politischen Bedingungen, die in Deutschland wom\u00f6glich erst noch herbeigef\u00fchrt werden m\u00fcssten, Verhandlungen stattfinden k\u00f6nnen und ein Waffenstillstand und dauerhafter Frieden ausgehandelt werden k\u00f6nnte.&#8220;<\/em><\/p><\/blockquote>\n<p>Die Ergebnisse ernsthafter Diskussionen und Beratungen dieser Art sollten dann als kurze Zusammenfassung per E-Mail an den DFR geschickt werden, m\u00f6glichst unter Angabe, wie viele Personen sich an den Diskussionen jeweils beteiligt haben. Die Konferenz, die Vorbereitungen, die n\u00f6tige Infrastruktur und die eingeladenen Redner sowie die \u00d6ffentlichkeitsarbeit, all das gibt es nicht umsonst, aber in aktuellen Zeiten bekommt man von offiziellen Stellen nur noch Geld f\u00fcr Veranstaltungen zur F\u00f6rderung von Waffenlieferungen an die Ukraine.<\/p>\n<p>Dieser Kongress wird zwar nicht die Welt ver\u00e4ndern, aber er kann dennoch einen wichtigen Beitrag gegen die Kriegshysterie und zur F\u00f6rderung und Wiederentdeckung der Friedensidee liefern. Zugleich gilt jedoch das alte Sprichwort &#8222;Ohne Moos nichts los&#8220;. Falls Sie also einen Euro f\u00fcr diese gute Sache \u00fcbrig haben, die Bankverbindung f\u00fcr Spenden findet sich auf der <a href=\"https:\/\/www.deutscher-friedensrat.de\/index.htm\" target=\"_blank\" rel=\"noopener noreferrer\">Homepage<\/a> des Deutschen Friedensrates.<\/p>\n<p style=\"text-align: right;\"><em>Rainer Rupp ist Mitglied des Beirats des Deutschen Freidenker-Verbandes<\/em><\/p>\n<hr \/>\n<p><span class=\"Cover-caption\"><span class=\"Cover-captionItem\"><span style=\"font-size: 10pt;\">Bild oben: Mitglieder des Deutschen Friedensrates e.V. am 22. Juni 2022 beim Gedenken an den deutschen \u00dcberfall auf die Sowjetunion im Treptower Park, Berlin<\/span><br \/>\n<span class=\"Cover-imageSource\" style=\"font-size: 10pt;\">\u00dcbernommen von RT DE, \u00a9 DFR e.V.<\/span><br \/>\n<\/span><\/span><\/p>\n","protected":false},"excerpt":{"rendered":"<p><b>Beitrag von Rainer Rupp<\/b><br \/>\nDie &#8222;Ukraine wird gewinnen&#8220;-Euphorie ist weitgehend verebbt. Aber die unerbittliche Hass-Propaganda gegen Russland und alles Russische, geht ungebremst weiter. Die rassistische Massenhysterie richtet sich nicht nur gegen russische Politiker und russisches Milit\u00e4r, sondern auch gegen russische Kultur, russische Menschen und sogar gegen Ballett-, Musik- und Theaterauff\u00fchrungen, die zum Weltkulturerbe geh\u00f6ren.<br \/>\nInzwischen aber machen sich zunehmend die Konsequenzen der US\/NATO-Aggressionspolitik gegen Russland in den L\u00e4ndern des Westens bemerkbar, wobei Deutschland aufgrund seiner Ampel-Regierung besonders stark betroffen ist. Die Auswirkungen der von Washington mit zig Milliarden Dollar Subventionen gef\u00f6rderte Abwerbung deutscher Unternehmen zeigen sich inzwischen vor allem in der Deindustrialisierung energieintensiver Branchen. <\/p>\n","protected":false},"author":3,"featured_media":16917,"comment_status":"closed","ping_status":"closed","sticky":false,"template":"","format":"standard","meta":{"colormag_page_container_layout":"default_layout","colormag_page_sidebar_layout":"default_layout","advanced_seo_description":"","jetpack_seo_html_title":"","jetpack_seo_noindex":false,"jetpack_post_was_ever_published":false,"footnotes":""},"categories":[13],"tags":[1032,335,1443,188,56,222,639,185],"class_list":["post-16909","post","type-post","status-publish","format-standard","has-post-thumbnail","hentry","category-frieden-antifaschismus-solidaritaet","tag-bundesregierung","tag-frieden","tag-inflation","tag-krieg","tag-nato","tag-russland","tag-ukraine-konflikt","tag-usa"],"jetpack_featured_media_url":"https:\/\/i0.wp.com\/www.freidenker.org\/fw17\/wp-content\/uploads\/2023\/09\/Friedensrat_2022_800x450.jpg?fit=800%2C450&ssl=1","jetpack_shortlink":"https:\/\/wp.me\/p9stpK-4oJ","jetpack-related-posts":[{"id":12367,"url":"https:\/\/www.freidenker.org\/?p=12367","url_meta":{"origin":16909,"position":0},"title":"Erkl\u00e4rung der GRH","author":"Webredaktion","date":"4. M\u00e4rz 2022","format":false,"excerpt":"Erkl\u00e4rung der GRH - Gesellschaft zur Rechtlichen und Humanit\u00e4ren Unterst\u00fctzung e.V. Seit dem 24.2. 2022 herrscht in der Ukraine Krieg. Der russische Pr\u00e4sident Putin hatte den Befehl zu einer Milit\u00e4roperation gegeben. Unmittelbarer Anlass f\u00fcr diese Entscheidung war eine Zuspitzung der Situation um die beiden Republiken des Donbass Donezk und Lugansk.\u2026","rel":"","context":"In &quot;Frieden - Antifaschismus - Solidarit\u00e4t&quot;","block_context":{"text":"Frieden - Antifaschismus - Solidarit\u00e4t","link":"https:\/\/www.freidenker.org\/?cat=13"},"img":{"alt_text":"","src":"https:\/\/i0.wp.com\/www.freidenker.org\/fw17\/wp-content\/uploads\/2022\/03\/grh-erklaerung_800x450.jpg?fit=800%2C450&ssl=1&resize=350%2C200","width":350,"height":200,"srcset":"https:\/\/i0.wp.com\/www.freidenker.org\/fw17\/wp-content\/uploads\/2022\/03\/grh-erklaerung_800x450.jpg?fit=800%2C450&ssl=1&resize=350%2C200 1x, https:\/\/i0.wp.com\/www.freidenker.org\/fw17\/wp-content\/uploads\/2022\/03\/grh-erklaerung_800x450.jpg?fit=800%2C450&ssl=1&resize=525%2C300 1.5x, https:\/\/i0.wp.com\/www.freidenker.org\/fw17\/wp-content\/uploads\/2022\/03\/grh-erklaerung_800x450.jpg?fit=800%2C450&ssl=1&resize=700%2C400 2x"},"classes":[]},{"id":15584,"url":"https:\/\/www.freidenker.org\/?p=15584","url_meta":{"origin":16909,"position":1},"title":"Mutma\u00dfungen \u00fcber den Ukraine-Krieg und Wladimir Putin","author":"Webredaktion","date":"24. M\u00e4rz 2023","format":false,"excerpt":"Ein Kommentar von Wolfgang Bittner \u00dcber den Ukraine-Krieg wird viel gemutma\u00dft: \u00dcber eine Fr\u00fchjahrsoffensive Russlands und eine Gegenoffensive der Ukraine (mit strategischer Unterst\u00fctzung der USA); auch \u00fcber den Gesundheitszustand des russischen Pr\u00e4sidenten, sein Verm\u00f6gen, seinen Palast am Schwarzen Meer, seine Tochter, seine Panzerfabrik, sein Verh\u00e4ltnis zu Xi Jinping und so\u2026","rel":"","context":"In &quot;Frieden - Antifaschismus - Solidarit\u00e4t&quot;","block_context":{"text":"Frieden - Antifaschismus - Solidarit\u00e4t","link":"https:\/\/www.freidenker.org\/?cat=13"},"img":{"alt_text":"","src":"https:\/\/i0.wp.com\/www.freidenker.org\/fw17\/wp-content\/uploads\/2023\/03\/Vladimir_Putin_in_Ryazan_Oblast_2022-10-20_07_800x450.jpg?fit=800%2C450&ssl=1&resize=350%2C200","width":350,"height":200,"srcset":"https:\/\/i0.wp.com\/www.freidenker.org\/fw17\/wp-content\/uploads\/2023\/03\/Vladimir_Putin_in_Ryazan_Oblast_2022-10-20_07_800x450.jpg?fit=800%2C450&ssl=1&resize=350%2C200 1x, https:\/\/i0.wp.com\/www.freidenker.org\/fw17\/wp-content\/uploads\/2023\/03\/Vladimir_Putin_in_Ryazan_Oblast_2022-10-20_07_800x450.jpg?fit=800%2C450&ssl=1&resize=525%2C300 1.5x, https:\/\/i0.wp.com\/www.freidenker.org\/fw17\/wp-content\/uploads\/2023\/03\/Vladimir_Putin_in_Ryazan_Oblast_2022-10-20_07_800x450.jpg?fit=800%2C450&ssl=1&resize=700%2C400 2x"},"classes":[]},{"id":12179,"url":"https:\/\/www.freidenker.org\/?p=12179","url_meta":{"origin":16909,"position":2},"title":"Sicherheit f\u00fcr Russland ist Sicherheit f\u00fcr unser Land!","author":"Webredaktion","date":"10. Februar 2022","format":false,"excerpt":"Der Deutsche Freidenker Verband begr\u00fc\u00dft, dass sich in Anbetracht des westlichen Propagandakriegs gegen Russland und fortgesetzter NATO-Truppenverlegung an die russische Grenze auch die Friedensbewegung in Deutschland wieder zu Wort meldet und der Kriegstreiberei Einhalt gebieten will. Wir unterst\u00fctzen wegen seiner inhaltlichen Klarheit insbesondere den Aufruf aus Berlin zu einer KUNDGEBUNG\u2026","rel":"","context":"In &quot;Frieden - Antifaschismus - Solidarit\u00e4t&quot;","block_context":{"text":"Frieden - Antifaschismus - Solidarit\u00e4t","link":"https:\/\/www.freidenker.org\/?cat=13"},"img":{"alt_text":"","src":"https:\/\/i0.wp.com\/www.freidenker.org\/fw17\/wp-content\/uploads\/2022\/02\/Frieden_Russland_Deutschland_800x450.jpg?fit=800%2C450&ssl=1&resize=350%2C200","width":350,"height":200,"srcset":"https:\/\/i0.wp.com\/www.freidenker.org\/fw17\/wp-content\/uploads\/2022\/02\/Frieden_Russland_Deutschland_800x450.jpg?fit=800%2C450&ssl=1&resize=350%2C200 1x, https:\/\/i0.wp.com\/www.freidenker.org\/fw17\/wp-content\/uploads\/2022\/02\/Frieden_Russland_Deutschland_800x450.jpg?fit=800%2C450&ssl=1&resize=525%2C300 1.5x, https:\/\/i0.wp.com\/www.freidenker.org\/fw17\/wp-content\/uploads\/2022\/02\/Frieden_Russland_Deutschland_800x450.jpg?fit=800%2C450&ssl=1&resize=700%2C400 2x"},"classes":[]},{"id":18351,"url":"https:\/\/www.freidenker.org\/?p=18351","url_meta":{"origin":16909,"position":3},"title":"Diese Regierung geh\u00f6rt abgeschafft","author":"Webredaktion","date":"25. Februar 2024","format":false,"excerpt":"Rede von Regina Silbermann gehalten am 19.02. 2024 vor dem Rathaus in Chemnitz Der Krieg in der Ukraine h\u00e4lt an. Eine Verhandlungsl\u00f6sung scheint in weiter Ferne, vor allem, seit der Kiewer Pr\u00e4sident Wolodymyr Selenskyj im Herbst 2022 Verhandlungen mit Russlands Pr\u00e4sident Wladimir Putin per Dekret verboten hat. Dieses Dekret besteht\u2026","rel":"","context":"In &quot;Frieden - Antifaschismus - Solidarit\u00e4t&quot;","block_context":{"text":"Frieden - Antifaschismus - Solidarit\u00e4t","link":"https:\/\/www.freidenker.org\/?cat=13"},"img":{"alt_text":"","src":"https:\/\/i0.wp.com\/www.freidenker.org\/fw17\/wp-content\/uploads\/2024\/02\/Montagsdemo_Chemnitz_2023-09-25_800x450.jpg?fit=800%2C450&ssl=1&resize=350%2C200","width":350,"height":200,"srcset":"https:\/\/i0.wp.com\/www.freidenker.org\/fw17\/wp-content\/uploads\/2024\/02\/Montagsdemo_Chemnitz_2023-09-25_800x450.jpg?fit=800%2C450&ssl=1&resize=350%2C200 1x, https:\/\/i0.wp.com\/www.freidenker.org\/fw17\/wp-content\/uploads\/2024\/02\/Montagsdemo_Chemnitz_2023-09-25_800x450.jpg?fit=800%2C450&ssl=1&resize=525%2C300 1.5x, https:\/\/i0.wp.com\/www.freidenker.org\/fw17\/wp-content\/uploads\/2024\/02\/Montagsdemo_Chemnitz_2023-09-25_800x450.jpg?fit=800%2C450&ssl=1&resize=700%2C400 2x"},"classes":[]},{"id":14004,"url":"https:\/\/www.freidenker.org\/?p=14004","url_meta":{"origin":16909,"position":4},"title":"Einladung: Vorabend-Veranstaltung zum\u00a0Antikriegstag 2022","author":"Webredaktion","date":"18. August 2022","format":false,"excerpt":"Mittwoch, 31.08.2022, 18 Uhr, Saalbau Bornheim, Arnsburger Str. 24, 60385 Frankfurt am Main Ansprache: Sebastian Bahlo, Vorsitzender des Deutschen Freidenker-Verbandes, Rezitationen: Renate Fresow, Jan Veil & Lieder von Guy Dawson Wir protestieren gegen die unvern\u00fcnftige, sch\u00e4dliche und gef\u00e4hrliche Konfrontationspolitik der Bundesregierung gegen Russland. Wir protestieren gegen einen 100-Milliarden-Kriegskredit, den wir\u2026","rel":"","context":"In &quot;Frieden - Antifaschismus - Solidarit\u00e4t&quot;","block_context":{"text":"Frieden - Antifaschismus - Solidarit\u00e4t","link":"https:\/\/www.freidenker.org\/?cat=13"},"img":{"alt_text":"","src":"https:\/\/i0.wp.com\/www.freidenker.org\/fw17\/wp-content\/uploads\/2022\/08\/vorabend_antikriegstag_800x450.jpg?fit=800%2C450&ssl=1&resize=350%2C200","width":350,"height":200,"srcset":"https:\/\/i0.wp.com\/www.freidenker.org\/fw17\/wp-content\/uploads\/2022\/08\/vorabend_antikriegstag_800x450.jpg?fit=800%2C450&ssl=1&resize=350%2C200 1x, https:\/\/i0.wp.com\/www.freidenker.org\/fw17\/wp-content\/uploads\/2022\/08\/vorabend_antikriegstag_800x450.jpg?fit=800%2C450&ssl=1&resize=525%2C300 1.5x, https:\/\/i0.wp.com\/www.freidenker.org\/fw17\/wp-content\/uploads\/2022\/08\/vorabend_antikriegstag_800x450.jpg?fit=800%2C450&ssl=1&resize=700%2C400 2x"},"classes":[]},{"id":18839,"url":"https:\/\/www.freidenker.org\/?p=18839","url_meta":{"origin":16909,"position":5},"title":"Wir wollen Ihren Krieg nicht!","author":"Webredaktion","date":"20. April 2024","format":false,"excerpt":"Verteidigungsrede von Kay Strathus vor dem Amtsgericht in D\u00fcsseldorf Am Mittwoch vergangener Woche stand der Kriegsgegner Kay Strathus in D\u00fcsseldorf vor Gericht. Ihm wurde ein Versto\u00df gegen Paragraf 140 des Strafgesetzbuchs (Billigung von Straftaten) vorgeworfen, weil er auf unterschiedliche v\u00f6lkerrechtliche Betrachtungsweisen auf das russische Handeln im Ukraine-Krieg hingewiesen hatte. Das\u2026","rel":"","context":"In &quot;Demokratie \u2013 Medien \u2013 Aufkl\u00e4rung&quot;","block_context":{"text":"Demokratie \u2013 Medien \u2013 Aufkl\u00e4rung","link":"https:\/\/www.freidenker.org\/?cat=12"},"img":{"alt_text":"","src":"https:\/\/i0.wp.com\/www.freidenker.org\/fw17\/wp-content\/uploads\/2024\/04\/kay_strathus_800x445_v2.jpg?fit=800%2C445&ssl=1&resize=350%2C200","width":350,"height":200,"srcset":"https:\/\/i0.wp.com\/www.freidenker.org\/fw17\/wp-content\/uploads\/2024\/04\/kay_strathus_800x445_v2.jpg?fit=800%2C445&ssl=1&resize=350%2C200 1x, https:\/\/i0.wp.com\/www.freidenker.org\/fw17\/wp-content\/uploads\/2024\/04\/kay_strathus_800x445_v2.jpg?fit=800%2C445&ssl=1&resize=525%2C300 1.5x, https:\/\/i0.wp.com\/www.freidenker.org\/fw17\/wp-content\/uploads\/2024\/04\/kay_strathus_800x445_v2.jpg?fit=800%2C445&ssl=1&resize=700%2C400 2x"},"classes":[]}],"_links":{"self":[{"href":"https:\/\/www.freidenker.org\/index.php?rest_route=\/wp\/v2\/posts\/16909","targetHints":{"allow":["GET"]}}],"collection":[{"href":"https:\/\/www.freidenker.org\/index.php?rest_route=\/wp\/v2\/posts"}],"about":[{"href":"https:\/\/www.freidenker.org\/index.php?rest_route=\/wp\/v2\/types\/post"}],"author":[{"embeddable":true,"href":"https:\/\/www.freidenker.org\/index.php?rest_route=\/wp\/v2\/users\/3"}],"replies":[{"embeddable":true,"href":"https:\/\/www.freidenker.org\/index.php?rest_route=%2Fwp%2Fv2%2Fcomments&post=16909"}],"version-history":[{"count":0,"href":"https:\/\/www.freidenker.org\/index.php?rest_route=\/wp\/v2\/posts\/16909\/revisions"}],"wp:featuredmedia":[{"embeddable":true,"href":"https:\/\/www.freidenker.org\/index.php?rest_route=\/wp\/v2\/media\/16917"}],"wp:attachment":[{"href":"https:\/\/www.freidenker.org\/index.php?rest_route=%2Fwp%2Fv2%2Fmedia&parent=16909"}],"wp:term":[{"taxonomy":"category","embeddable":true,"href":"https:\/\/www.freidenker.org\/index.php?rest_route=%2Fwp%2Fv2%2Fcategories&post=16909"},{"taxonomy":"post_tag","embeddable":true,"href":"https:\/\/www.freidenker.org\/index.php?rest_route=%2Fwp%2Fv2%2Ftags&post=16909"}],"curies":[{"name":"wp","href":"https:\/\/api.w.org\/{rel}","templated":true}]}}