{"id":16907,"date":"2023-09-12T23:43:39","date_gmt":"2023-09-12T21:43:39","guid":{"rendered":"https:\/\/www.freidenker.org\/?p=16907"},"modified":"2023-10-07T12:27:30","modified_gmt":"2023-10-07T10:27:30","slug":"c40-und-zwangsveganismus-oder-wie-milliardaere-staedte-lenken","status":"publish","type":"post","link":"https:\/\/www.freidenker.org\/?p=16907","title":{"rendered":"C40 und Zwangsveganismus oder wie Milliard\u00e4re St\u00e4dte lenken"},"content":{"rendered":"<p><strong>Ein St\u00e4dteb\u00fcndnis soll jetzt die Stadtbewohner bis 2030 dazu bringen, kein Fleisch mehr zu essen. Wie kommt es \u00fcberhaupt zu solchen Strukturen? Warum spielen die Kommunalpolitiker mit? Und warum geraten wirklich demokratische Bestrebungen ins Hintertreffen?<\/strong><\/p>\n<p><em>Von <strong>Dagmar Henn<\/strong><\/em><\/p>\n<p><span style=\"font-size: 10pt;\">Erstver\u00f6ffentlichung am 24.08.2023 auf <a href=\"https:\/\/freedert.online\/meinung\/178581-c40-und-zwangsveganismus-oder-wie\/\" target=\"_blank\" rel=\"noopener\">RT DE<\/a><\/span><\/p>\n<p>Das unschuldig wirkende B\u00fcrgermeisternetzwerk &#8222;C40&#8220; ist ein ziemlich gutes Beispiel daf\u00fcr, welche Tricks genutzt werden, um Themen erst von oben her zu verankern und dann, nach langem Vorlauf, die Grundlagen f\u00fcr massive Eingriffe zu schaffen.<\/p>\n<p>Solche Netzwerke von St\u00e4dten gibt es viele, und sie werden gerne genutzt. Das ist eine der Nebenwirkungen einer Politik, die einen sehr starken Anteil von Werbung einschlie\u00dft\u00a0\u2013 es ist hilfreich, die Themen zu bespielen, die als &#8222;cool&#8220; und &#8222;modern&#8220; gelten, und wenn man erkl\u00e4ren kann, in diesem oder jenem dieser St\u00e4dteb\u00fcndnisse zu sein, dann schm\u00fcckt das erst einmal vor allem, erm\u00f6glicht dem B\u00fcrgermeister vielleicht eine nette Reise pro Jahr und erm\u00f6glicht es, den Eindruck von Aktivit\u00e4t zu erwecken, ohne allzu viel zu tun. Ausgesprochen n\u00fctzlich, wenn man in stetiger Konkurrenz um m\u00f6gliche W\u00e4hler steht und es trotz zu Tode gek\u00fcrzter Lokalredaktionen schaffen muss, immer wieder m\u00f6glichst positive Nachrichten zu liefern; solche Netzwerke bieten Anl\u00e4sse f\u00fcr h\u00fcbsche Presseerkl\u00e4rungen, die dann per Kopieren und Einf\u00fcgen\u00a0problemlos in Meldungen verwandelt werden.<\/p>\n<p>Der wirkliche Trick bei dieser Nummer ist die Berichterstattungspflicht. So etwas kann man beispielsweise bei der Europ\u00e4ischen St\u00e4dtekoalition gegen Rassismus (ECCAR) <a href=\"https:\/\/www.eccar.info\/en\/how-join-coalition\">ansehen<\/a>.\u00a0Wobei man dazu sagen muss, dass das noch weit eher eine Umsetzung tats\u00e4chlicher kommunaler Positionen ist als C40. Aber man kann an diesem Beispiel leichter nachvollziehen, wie sich in der Folge eines Beschlusses, einem solchen Netzwerk beizutreten, die st\u00e4dtische Politik ver\u00e4ndert. Die Berichterstattung soll n\u00e4mlich wiedergeben, wie weit die Verwaltung die Ziele umgesetzt hat, zu der sich die Kommune verpflichtet hat. Im Falle von ECCAR geht es beispielsweise um statistische Erfassung von Diskriminierungen, um interkulturelles Training, um Beratung und Hilfe f\u00fcr die Opfer von Rassismus.<\/p>\n<p>Praktisch bedeutet das, dass das entsprechende Thema in allen Teilen der Verwaltung pr\u00e4sent ist, ohne dass es von der Stadtgesellschaft selbst so gesetzt wurde. Weil alle Abteilungen dazu verpflichtet werden, in der einen oder anderen Weise t\u00e4tig zu werden, f\u00fchrt das letztlich zu einer Ideologisierung der Verwaltung, die dann langfristig bereit und sogar \u00fcberzeugt ist, im besten Sinne zu handeln. Selbst wenn sie Dinge tut, die die Stadtgesellschaft selbst mit breiter Mehrheit ablehnt.<\/p>\n<p>F\u00fcr viele Kommunen sind solche B\u00fcndnisse auch deshalb interessant, weil sie im wirklichen Leben kaum mehr initiativ werden k\u00f6nnen. Das ist die Folge von zu wenig Geld, ein Zustand, der sich nur stetig weiter verschlimmert. Das meiste Geld der Kommunen geht in Pflichtaufgaben, und inzwischen haben viele St\u00e4dte schon Probleme, diese Pflichtaufgaben \u00fcberhaupt zu stemmen, die vom Betrieb der Meldebeh\u00f6rde \u00fcber die st\u00e4dtischen Stra\u00dfen, den Betrieb der Schulgeb\u00e4ude bis hin zur Unterbringung von Fl\u00fcchtlingen reichen.<\/p>\n<p>W\u00e4hrend eigentlich die kommunale Ebene jene ist, auf der die Voraussetzungen f\u00fcr wirklich demokratische Entscheidungen am Besten sind\u00a0\u2013 auch f\u00fcr direkte Demokratie\u00a0\u2013, sorgt die Verteilung der Finanzmittel daf\u00fcr, dass vielerorts schlicht nichts zu entscheiden \u00fcbrig bleibt. Das f\u00fchrt dazu, dass eine M\u00f6glichkeit, Zusch\u00fcsse zu erhalten, gleich, ob von Land, Bund oder EU, ein sehr wirkungsvolles Mittel ist, die Richtung der verbliebenen Entscheidungen zu lenken. Und dass Akte, die im ersten Moment eine rein symbolische, langfristig aber eine ideologisierende Wirkung haben, sehr attraktiv werden, weil man schlie\u00dflich in irgendeinem Bereich Aktivit\u00e4t und Entscheidung zeigen muss.<\/p>\n<p>Dabei darf man nicht vergessen, dass die Zeitr\u00e4ume, in denen sich politische Auseinandersetzungen entwickeln, l\u00e4nger sind, als man sich in der Regel vorstellt. Ein Beispiel: Um in M\u00fcnchen ein Sozialticket f\u00fcr den Nahverkehr durchzusetzen, brauchte es drei Jahre, und zwar von jenem Zeitpunkt an gerechnet, an dem das B\u00fcndnis aus Arbeitsloseninitiativen und Sozialverb\u00e4nden stand, das die Kampagne getragen hat. Innerhalb dieser drei Jahre gab es ungef\u00e4hr alle drei Monate irgendeine Veranstaltung, eine Aktion oder eine Pressekonferenz, wobei die Aktionen gegen Ende hin immer gr\u00f6\u00dfer wurden. Einmal wurde sogar ein Mitarbeiter der Caritas festgenommen, weil er aus einer von uns gemieteten Stra\u00dfenbahn heraus Flugbl\u00e4tter verteilt hatte.<\/p>\n<p>Die Stadt hatte ein verg\u00fcnstigtes Ticket, aber nicht als Monatskarte, sondern in Gestalt von h\u00f6chstens zehn Tageskarten im Monat zum halben Preis, von dem, zum Gl\u00fcck f\u00fcr den st\u00e4dtischen Haushalt, kaum jemand wusste. Der wirkungsvollste Schachzug der Kampagne bestand darin, diejenigen, die ein Anrecht auf diese Tickets hatten, an allen denkbaren Orten dazu aufzufordern, sie sich zu holen. Wodurch dann letztlich die Schwelle erreicht wurde, bei der eine regul\u00e4r verg\u00fcnstigte Monatskarte auch f\u00fcr die Stadt zur g\u00fcnstigeren L\u00f6sung wurde.<\/p>\n<p>Das war ein einziger Beschluss, in einer Sache, die von vorneherein eine Mehrheit in der Stadt bef\u00fcrwortete, auf der gesamten Skala des politischen Handelns also eine sehr kleine M\u00fcnze. Trotzdem w\u00e4re etwa ohne die Aktivit\u00e4t der Arbeitsloseninitiativen, die eifrig die Flugbl\u00e4tter verteilten, die \u00fcber die vorhandenen Tageskarten wie \u00fcber die Forderung nach einer Monatskarte informierten, nichts daraus geworden. Es brauchte schon daf\u00fcr den langfristigen Einsatz einer ganzen Menge Menschen, die R\u00e4ume mieteten, sich um Mikrofone und Lautsprecher k\u00fcmmerten, Kuchen f\u00fcr kleine Feste buken&#8230; (nicht zu vergessen das ziemlich gro\u00dfe Fest, mit dem wir am Ende unseren Sieg gefeiert haben).<\/p>\n<p>Die Neigung der meisten Berufspolitiker, sich eher an irgendeines der bereits gesetzten Themen zu h\u00e4ngen\u00a0\u2013 vor allem an jene, die von den Mainstreammedien gest\u00fctzt werden\u00a0\u2013, hat auch damit zu tun, dass es wesentlich aufwendiger ist, ein Thema von unten nach oben zu bringen, als das, was ohnehin von oben da ist, einfach ein bisschen weiterzudrehen. F\u00fcr die eigentlich demokratische Richtung, eben jene von unten nach oben, braucht man Menschen, mit denen man zusammenarbeiten kann, die man sich nicht backen kann. Die Anzahl durch bezahlte Kr\u00e4fte zu ersetzen geht auch nur in begrenztem Ma\u00df, f\u00fchrt aber schon dazu, dass jene Themen, die die sozial Benachteiligten betreffen, die schlechtesten Karten haben.<\/p>\n<p>Je st\u00e4rker die politische Passivit\u00e4t um sich greift, desto langwieriger und m\u00fchsamer wird es auch, solche Themen durchzusetzen. Der Grund, warum die klassischen Organisationen der Arbeiterbewegung eine starke Ideologie hatten, ist schlicht ein praktischer \u2013 das ist die Voraussetzung daf\u00fcr, die Zeitspanne, die f\u00fcr politische Ver\u00e4nderungen von unten nach oben erforderlich ist, \u00fcberhaupt bew\u00e4ltigen zu k\u00f6nnen (eine Erkenntnis, die schon der &#8222;Bundschuh&#8220; in den Bauernkriegen besa\u00df). Und die so gerne zitierte &#8222;Wissenschaftlichkeit&#8220;, auf die sich die Anh\u00e4nger der Klimaerz\u00e4hlung beispielsweise berufen, ist der Ausweg aus dem Dilemma, selbst eine Ideologie zu brauchen und zu gebrauchen, gleichzeitig aber Ideologie an sich zu verteufeln, um zu verhindern, dass sich eine Politik von unten nach oben \u00fcberhaupt entwickeln kann.<\/p>\n<p>Solche St\u00e4dteb\u00fcndnisse wie ECCAR treffen also auf Bed\u00fcrfnisse, die eine Folge der politischen Zust\u00e4nde sind. C40 ist nun eine Variante, die geradezu im Herzen der Finanzwelt <a href=\"https:\/\/www.manova.news\/artikel\/die-regionalisierungsfalle\">entstand<\/a> \u2013 die Gr\u00fcnder waren 2005 Michael Bloomberg, damals gerade B\u00fcrgermeister von New York, eigentlich aber Wall-Street-Milliard\u00e4r, und der Londoner B\u00fcrgermeister Ken Livingstone, der ebenfalls f\u00fcr eine Stadt stand, die vor allem von Spekulation und Banken lebt. Eigentlich muss man mehr gar nicht wissen, um die Interessen zu identifizieren, die das Programm bestimmen.<\/p>\n<p>In der Anfangsphase war dieses B\u00fcndnis auch harmlos und vor allem eines der \u00fcblichen Vehikel kommunaler Eitelkeiten, die in diesem Fall durch die Megametropolen befriedigt wurden, die diese Struktur gegr\u00fcndet hatten. Aber wir reden hier von einer Struktur, die dazu dienen soll, ziemlich weitreichende Eingriffe in das Leben der unteren Klassen durchzusetzen. Was nat\u00fcrlich hei\u00dft, dass die erforderliche Zeit weit \u00fcber den drei Jahren f\u00fcr so eine einfache Forderung wie das Sozialticket liegt. Ein Zeitrahmen, der in der Gegenrichtung, also f\u00fcr die Durchsetzung politischer Ziele von unten nach oben, bereits eine sehr straffe Organisation ben\u00f6tigt, weil sich die Anforderungen entsprechend erh\u00f6hen.<\/p>\n<p>Die Variante von oben nach unten hat es wesentlich leichter. C40 kann, dank der &#8222;Partner&#8220; wie Soros Foundation oder Ikea, problemlos Personal finanzieren, internationale Konferenzen, Studien in Auftrag geben, usw. usf. Man <a href=\"https:\/\/www.google.com\/url?sa=t&amp;rct=j&amp;q=&amp;esrc=s&amp;source=web&amp;cd=&amp;cad=rja&amp;uact=8&amp;ved=2ahUKEwiJ27e6t_CAAxU4dqQEHUc0BjwQFnoECBoQAQ&amp;url=https:\/\/www.arup.com\/perspectives\/publications\/research\/section\/the-future-of-urban-consumption-in-a-1-5c-world&amp;usg=AOvVaw0zvpNBuk6izjAVqgrVRiL6&amp;opi=89978449\">merkt<\/a> es den Papieren an, dass sie aus irgendeiner der internationalen Beraterfirmen stammen, in Zusammenarbeit mit Universit\u00e4ten; das Zahlenmaterial mag von Universit\u00e4ten geliefert worden sein, die Aufbereitung kennt man von Deloitte, PWC und \u00e4hnlichen Firmen.<\/p>\n<p>Auch das ist ein weiterer Vorteil, den diese Strukturen von oben nach unten und die Klimaerz\u00e4hlung gegen\u00fcber der Gegenrichtung haben. Es braucht Geld, um den Anspruch von Wissenschaftlichkeit zu erheben, oder, anders gesagt: Wenn man genug davon besitzt, ist es kein gro\u00dfes Problem, eine Studie zu beschaffen und entsprechend ausschm\u00fccken zu lassen, die genau das pr\u00e4sentiert, was man politisch gerne durchsetzen w\u00fcrde.<\/p>\n<p>Machen wir einmal ein kleines Gedankenspiel. Es gibt eine ganze Reihe von Forschungsergebnissen, in verschiedenen Bereichen, zum Thema gesellschaftlicher Ungleichheit. So gibt es historische Untersuchungen \u00fcber die Folgen eines gro\u00dfen Abstands zwischen Arm und Reich, die sogar statistisch belegen k\u00f6nnen, dass eine Gesellschaft durch zu gro\u00dfe Ungleichheit zerst\u00f6rt wird. Es gibt psychologische Untersuchungen, die nachweisen, dass Menschen in einer gleicheren Gesellschaft gl\u00fccklicher sind als in einer ungleichen. Es gibt die medizinische Erkenntnis, dass auch die Lebenserwartungen ungleich sind, und\u00a0\u2013 erst vor wenigen Wochen\u00a0\u2013 dass die Anf\u00e4lligkeit f\u00fcr Krebs massiv vom vorhandenen oder nicht vorhandenen Wohlstand beeinflusst wird.<\/p>\n<p>Stellen wir uns einmal vor, dieser ganze Komplex an Informationen w\u00fcrde mit dem gleichen Eifer, mit den gleichen finanziellen Mitteln in die gesellschaftliche Debatte gedr\u00fcckt wie die Klimaerz\u00e4hlung. Es g\u00e4be eigene Institute, die sich mit nichts anderem besch\u00e4ftigten als mit Ungleichheitsforschung; die Entwicklung in diesem Bereich w\u00fcrde j\u00e4hrlich auf allen Ebenen pr\u00e4sentiert, und der aktuelle Ungleichheitswert w\u00fcrde in den Fernsehnachrichten mit allen zus\u00e4tzlichen Informationen pr\u00e4sentiert, wie etwa den durch Armut j\u00e4hrlich gestohlenen Lebensjahren.<\/p>\n<p>Es g\u00e4be im Internet oder auch gedruckt stapelweise Vorschl\u00e4ge, wie man die Ungleichheit weiter reduzieren k\u00f6nnte. Es g\u00e4be Kurse f\u00fcr junge Leute, in denen sie \u00fcber die Folgen der Ungleichheit aufgekl\u00e4rt w\u00fcrden; es g\u00e4be Ungleichheitsbeauftragte in den St\u00e4dten; eine Abschlussarbeit oder gar eine Promotion, die sich mit diesem Thema befasste, w\u00e4re der Einstieg in eine gute Karriere. Fernsehreportagen w\u00fcrden mit bedrohlichen Bildern, etwa von den Zeltst\u00e4dten in den US-Metropolen, unterlegt mit entsprechender Musik, erkl\u00e4ren, wie gef\u00e4hrlich es sei, wenn zuviel Armut zuviel Reichtum erzeuge und umgekehrt (und die realen Folgen reichen tats\u00e4chlich von B\u00fcrgerkriegen bis zur Anomie). Man w\u00fcrde Protestierer bezahlen, die sich t\u00e4glich an die Bankzentralen ketten oder vor die Einfahrten von Villen kleben.<\/p>\n<p>Nein, das kann man sich nicht vorstellen. Das w\u00fcrde n\u00e4mlich schlicht gegen die Interessen jener versto\u00dfen, die \u00fcblicherweise solche Strukturen finanzieren, wie die Herren Bloomberg und Soros. Stattdessen gibt es Studien, die mit vielen h\u00fcbschen Grafiken Kommunalpolitiker dazu motivieren sollen, ihren Stadtbewohnern das Fleischessen und den Konsum von Milchprodukten abzugew\u00f6hnen, und zwar bis 2030. Die sie in engere Wohnverh\u00e4ltnisse dr\u00e4ngen sollen (Stahl und Beton sind auch b\u00f6se, b\u00f6se) und dazu bringen, noch die verdorbenen Lebensmittel brav aufzuessen (&#8222;0 Prozent Lebensmittelverschwendung in den Haushalten&#8220;). 90 Prozent der Wohngeb\u00e4ude aus Holz? Da bleibt von den W\u00e4ldern nicht mehr viel \u00fcbrig; aber eine entwaldete Landschaft \u00fcberzeugt ohnehin besser von den Gefahren des Klimawandels&#8230;<\/p>\n<p>Drei neue Kleidungssst\u00fccke im Jahr? Wer das erfunden hat, kauft seine Klamotten bestimmt nicht bei Primark oder anderen Billigh\u00e4ndlern, wie das l\u00e4ngst viele tun m\u00fcssen. Bei drei Kleidungsst\u00fccken im Jahr w\u00e4re man in der normalen Preisklasse nach sp\u00e4testens zwei Jahren nackt, weil das Getragene weit schneller abgenutzt als nachgekauft wird. Klar, wer sich Anz\u00fcge in der Saville Row kauft, kommt mit drei St\u00fcck im Jahr problemlos \u00fcber die Runden.<\/p>\n<p>Wie auch immer, was vor mehr als f\u00fcnfzehn Jahren harmlos angefangen hat, stellt nun direkt gef\u00e4hrliche Forderungen. Gef\u00e4hrlich auch, weil klar ist, in welchen Bereichen eine Kommune das direkt umsetzen kann. Bei der Ern\u00e4hrung in den Kinderg\u00e4rten beispielsweise. Ein Verzicht auf Milchprodukte klingt harmlos. Das Ergebnis nennt sich Rachitis. Die Menschen in Europa haben nicht deshalb hellere Haut und vertragen zu gro\u00dfen Teilen ihr Leben lang Milchprodukte, weil das sch\u00f6n ist, sondern weil das hilft, einen Kalziummangel zu verhindern, der daher resultiert, dass durch die vergleichsweise geringe Sonneneinstrahlung zu wenig Vitamin D gebildet wird. Kindern tut der Veganismus gar nicht gut. Aber das ist es, worin die Vorschl\u00e4ge enden werden, die dieses vermeintliche St\u00e4dteb\u00fcndnis C40 macht.<\/p>\n<p>Der Trick bei solchen langfristigen Projekten besteht darin, dass sie nach einer gewissen Zeit in den betroffenen Verwaltungen schlicht integriert sind. Es dauert f\u00fcnf bis zehn Jahre, dann gibt es nur noch Verwaltungspersonal, f\u00fcr das dieses Projekt schlicht normaler Teil des Alltags ist. Das ist der Moment, an dem die Anforderungen heraufgesetzt werden k\u00f6nnen und der Angriff auf die Lebensverh\u00e4ltnisse beginnt.<\/p>\n<p>Das wirkliche Problem ist allerdings noch nicht einmal, dass Einrichtungen wie C40 Transmissionsriemen f\u00fcr politische Ma\u00dfnahmen sind, die der normalen Bev\u00f6lkerung gegen\u00fcber zutiefst feindselig sind. Ein noch weit gr\u00f6\u00dferes Problem ist, dass auf diese Weise die Aufmerksamkeit sowohl der Politiker als auch des Publikums von den wirklich entscheidenden Fragen abgelenkt wird. Die Ungleichheit in der heutigen Gesellschaft bedroht tats\u00e4chlich ihre Funktionsf\u00e4higkeit; die Schlagl\u00f6cher in den Stra\u00dfen sind ebenso echt wie die Bewohner von Notunterk\u00fcnften. Aber die Politik von unten nach oben ist derma\u00dfen ins Hintertreffen geraten, dass nur noch ein simmernder Zorn bleibt, w\u00e4hrend die von Hochglanzpr\u00e4sentationen gelenkte politische Belegschaft munter dem Untergang entgegenzieht.<\/p>\n<p style=\"text-align: right;\"><em>Dagmar Henn ist Mitglied des Deutschen Freidenker-Verbandes<\/em><\/p>\n<hr \/>\n<p><span style=\"font-size: 10pt;\">Bild oben: <a href=\"https:\/\/pixabay.com\/de\/photos\/w%C3%A4scheleine-w%C3%A4scherei-sauber-2556058\/\" target=\"_blank\" rel=\"noopener\">pixabay.com<\/a> \/ <a class=\"userName--owby3\" href=\"https:\/\/pixabay.com\/de\/users\/thevirtualdenise-5804203\/\" target=\"_blank\" rel=\"noopener\">TheVirtualDenise<\/a> \/ <a href=\"https:\/\/pixabay.com\/de\/service\/terms\/\" target=\"_blank\" rel=\"noopener\">Inhaltslizenz<\/a><\/span><\/p>\n","protected":false},"excerpt":{"rendered":"<p><b>Beitrag von Dagmar Henn<\/b><br \/>\nDas unschuldig wirkende B\u00fcrgermeisternetzwerk &#8222;C40&#8220; ist ein ziemlich gutes Beispiel daf\u00fcr, welche Tricks genutzt werden, um Themen erst von oben her zu verankern und dann, nach langem Vorlauf, die Grundlagen f\u00fcr massive Eingriffe zu schaffen. Solche Netzwerke von St\u00e4dten gibt es viele, und sie werden gerne genutzt. Das ist eine der Nebenwirkungen einer Politik, die einen sehr starken Anteil von Werbung einschlie\u00dft\u00a0\u2013 es ist hilfreich, die Themen zu bespielen, die als &#8222;cool&#8220; und &#8222;modern&#8220; gelten, und wenn man erkl\u00e4ren kann, in diesem oder jenem dieser St\u00e4dteb\u00fcndnisse zu sein, dann schm\u00fcckt das erst einmal vor allem, erm\u00f6glicht dem B\u00fcrgermeister vielleicht eine nette Reise pro Jahr und erm\u00f6glicht es, den Eindruck von Aktivit\u00e4t zu erwecken, ohne allzu viel zu tun.<\/p>\n","protected":false},"author":3,"featured_media":16916,"comment_status":"closed","ping_status":"closed","sticky":false,"template":"","format":"standard","meta":{"colormag_page_container_layout":"default_layout","colormag_page_sidebar_layout":"default_layout","advanced_seo_description":"","jetpack_seo_html_title":"","jetpack_seo_noindex":false,"jetpack_post_was_ever_published":false,"footnotes":""},"categories":[11],"tags":[1910,162,1909,1793,1041,812,1268,1318,1728],"class_list":["post-16907","post","type-post","status-publish","format-standard","has-post-thumbnail","hentry","category-arbeit-soziales","tag-buendnisse","tag-demokratie","tag-kommunen","tag-mainstream","tag-netzwerke","tag-protest","tag-sparpolitik","tag-ungleichheit","tag-vegetarisch"],"jetpack_featured_media_url":"https:\/\/i0.wp.com\/www.freidenker.org\/fw17\/wp-content\/uploads\/2023\/09\/clothesline-2556058_800x450.jpg?fit=800%2C450&ssl=1","jetpack_shortlink":"https:\/\/wp.me\/p9stpK-4oH","jetpack-related-posts":[{"id":18284,"url":"https:\/\/www.freidenker.org\/?p=18284","url_meta":{"origin":16907,"position":0},"title":"Faesers Reichstagsbrand: Der Schritt in die Rundumverfolgung","author":"Webredaktion","date":"22. Februar 2024","format":false,"excerpt":"Beitrag von Dagmar Henn G\u00e4be es in Deutschland noch irgendjemanden, der tats\u00e4chlich die Rechte des Grundgesetzes, ob man es nun als Verfassung sieht oder nicht, bewahren wollte, er m\u00fcsste jetzt dem Handeln von Bundesinnenministerin Nancy Faeser und ihren Gefolgsleuten in der Justiz ein Ende setzen. Ungeachtet der vermeintlichen Zielrichtung der\u2026","rel":"","context":"In &quot;Demokratie \u2013 Medien \u2013 Aufkl\u00e4rung&quot;","block_context":{"text":"Demokratie \u2013 Medien \u2013 Aufkl\u00e4rung","link":"https:\/\/www.freidenker.org\/?cat=12"},"img":{"alt_text":"","src":"https:\/\/i0.wp.com\/www.freidenker.org\/fw17\/wp-content\/uploads\/2024\/02\/Bundesarchiv_Bild_102-14367_Berlin_Reichstag_ausgebrannte_Loge_800x450.jpg?fit=800%2C450&ssl=1&resize=350%2C200","width":350,"height":200,"srcset":"https:\/\/i0.wp.com\/www.freidenker.org\/fw17\/wp-content\/uploads\/2024\/02\/Bundesarchiv_Bild_102-14367_Berlin_Reichstag_ausgebrannte_Loge_800x450.jpg?fit=800%2C450&ssl=1&resize=350%2C200 1x, https:\/\/i0.wp.com\/www.freidenker.org\/fw17\/wp-content\/uploads\/2024\/02\/Bundesarchiv_Bild_102-14367_Berlin_Reichstag_ausgebrannte_Loge_800x450.jpg?fit=800%2C450&ssl=1&resize=525%2C300 1.5x, https:\/\/i0.wp.com\/www.freidenker.org\/fw17\/wp-content\/uploads\/2024\/02\/Bundesarchiv_Bild_102-14367_Berlin_Reichstag_ausgebrannte_Loge_800x450.jpg?fit=800%2C450&ssl=1&resize=700%2C400 2x"},"classes":[]},{"id":19843,"url":"https:\/\/www.freidenker.org\/?p=19843","url_meta":{"origin":16907,"position":1},"title":"&#8222;Russische Desinformation&#8220;, bayrische Netzanalphabeten und die Meinungsfreiheit","author":"Webredaktion","date":"14. September 2024","format":false,"excerpt":"Beitrag von Dagmar Henn Wie meistens lohnt es sich, auch das Papier des bayrischen Landesamtes f\u00fcr Verfassungsschutz \u00fcber die \"Russische Desinformationskampagne Doppelg\u00e4nger\" im Detail zu betrachten. Schon allein, weil sie in den kommenden Monaten sicher immer wieder als Beweis f\u00fcr die darin aufgef\u00fchrten Behauptungen ins Feld gef\u00fchrt werden wird. Und\u2026","rel":"","context":"In &quot;Demokratie \u2013 Medien \u2013 Aufkl\u00e4rung&quot;","block_context":{"text":"Demokratie \u2013 Medien \u2013 Aufkl\u00e4rung","link":"https:\/\/www.freidenker.org\/?cat=12"},"img":{"alt_text":"","src":"https:\/\/i0.wp.com\/www.freidenker.org\/fw17\/wp-content\/uploads\/2024\/09\/henn_desinformation_bb_800x450.jpg?fit=800%2C450&ssl=1&resize=350%2C200","width":350,"height":200,"srcset":"https:\/\/i0.wp.com\/www.freidenker.org\/fw17\/wp-content\/uploads\/2024\/09\/henn_desinformation_bb_800x450.jpg?fit=800%2C450&ssl=1&resize=350%2C200 1x, https:\/\/i0.wp.com\/www.freidenker.org\/fw17\/wp-content\/uploads\/2024\/09\/henn_desinformation_bb_800x450.jpg?fit=800%2C450&ssl=1&resize=525%2C300 1.5x, https:\/\/i0.wp.com\/www.freidenker.org\/fw17\/wp-content\/uploads\/2024\/09\/henn_desinformation_bb_800x450.jpg?fit=800%2C450&ssl=1&resize=700%2C400 2x"},"classes":[]},{"id":4980,"url":"https:\/\/www.freidenker.org\/?p=4980","url_meta":{"origin":16907,"position":2},"title":"Querfrontstudie ohne Querverbindung","author":"Webredaktion","date":"21. August 2015","format":false,"excerpt":"Beitrag von Dr. Sabine Schiffer Die aktuelle OBS-Studie \u201eQuerfront \u2013 Karriere eines politisch publizistischen Netzwerkes\u201c geht von einem Netzwerk zwischen Akteuren wie J\u00fcrgen Els\u00e4sser, Ken Jebsen, Ivo Sasek und Michael Vogt, bestimmten Verlagen und Webportalen aus \u2013 um nur einige illustre Erw\u00e4hnte zu nennen \u2013, wo eines zu ermitteln und\u2026","rel":"","context":"In &quot;Demokratie \u2013 Medien \u2013 Aufkl\u00e4rung&quot;","block_context":{"text":"Demokratie \u2013 Medien \u2013 Aufkl\u00e4rung","link":"https:\/\/www.freidenker.org\/?cat=12"},"img":{"alt_text":"","src":"https:\/\/i0.wp.com\/www.freidenker.org\/fw17\/wp-content\/uploads\/2015\/08\/klartext_network-3148727_800x445.jpg?fit=800%2C445&ssl=1&resize=350%2C200","width":350,"height":200,"srcset":"https:\/\/i0.wp.com\/www.freidenker.org\/fw17\/wp-content\/uploads\/2015\/08\/klartext_network-3148727_800x445.jpg?fit=800%2C445&ssl=1&resize=350%2C200 1x, https:\/\/i0.wp.com\/www.freidenker.org\/fw17\/wp-content\/uploads\/2015\/08\/klartext_network-3148727_800x445.jpg?fit=800%2C445&ssl=1&resize=525%2C300 1.5x, https:\/\/i0.wp.com\/www.freidenker.org\/fw17\/wp-content\/uploads\/2015\/08\/klartext_network-3148727_800x445.jpg?fit=800%2C445&ssl=1&resize=700%2C400 2x"},"classes":[]},{"id":10581,"url":"https:\/\/www.freidenker.org\/?p=10581","url_meta":{"origin":16907,"position":3},"title":"Treffen der G7: Sch\u00f6ne Kulisse, gef\u00e4hrliche Beschl\u00fcsse","author":"Webredaktion","date":"22. Juni 2021","format":false,"excerpt":"Beitrag von Prof. Dr. Anton Latzo Es gilt nach wie vor die Erfahrung: W\u00fcnsche, auch Erfordernisse, soll man nie mit Realit\u00e4ten verwechseln! Zwischen den Erfordernissen einer internationalen Friedensordnung und den Zielen und Inhalten eines \"Ausscheidungskampf(es) zwischen Demokratien und Autokratien um die Zweckm\u00e4\u00dfigkeit der rivalisierenden Systeme im 21. Jahrhundert\", wie es\u2026","rel":"","context":"In &quot;Frieden - Antifaschismus - Solidarit\u00e4t&quot;","block_context":{"text":"Frieden - Antifaschismus - Solidarit\u00e4t","link":"https:\/\/www.freidenker.org\/?cat=13"},"img":{"alt_text":"","src":"https:\/\/i0.wp.com\/www.freidenker.org\/fw17\/wp-content\/uploads\/2021\/06\/The-Last-G7-Satirical-cartoon-mocking_800x450.jpg?fit=800%2C450&ssl=1&resize=350%2C200","width":350,"height":200,"srcset":"https:\/\/i0.wp.com\/www.freidenker.org\/fw17\/wp-content\/uploads\/2021\/06\/The-Last-G7-Satirical-cartoon-mocking_800x450.jpg?fit=800%2C450&ssl=1&resize=350%2C200 1x, https:\/\/i0.wp.com\/www.freidenker.org\/fw17\/wp-content\/uploads\/2021\/06\/The-Last-G7-Satirical-cartoon-mocking_800x450.jpg?fit=800%2C450&ssl=1&resize=525%2C300 1.5x, https:\/\/i0.wp.com\/www.freidenker.org\/fw17\/wp-content\/uploads\/2021\/06\/The-Last-G7-Satirical-cartoon-mocking_800x450.jpg?fit=800%2C450&ssl=1&resize=700%2C400 2x"},"classes":[]},{"id":22095,"url":"https:\/\/www.freidenker.org\/?p=22095","url_meta":{"origin":16907,"position":4},"title":"Genug der deutschen Scheinheiligkeit und Schamlosigkeit \u2013 Gaza und die deutschen Krokodilstr\u00e4nen","author":"Webredaktion","date":"12. Juni 2025","format":false,"excerpt":"Kommentar von Von Evelyn Hecht-Galinski Wie lange kann und will man das israelische Regime noch als \u201eeinzige\u201c Demokratie im Nahen Osten bezeichnen? Dieses Regime wurde zwar demokratisch gew\u00e4hlt, aber was hei\u00dft das schon? Eine Demokratie besteht nicht nur aus Wahlen, sondern auch aus W\u00e4hlern. Wenn also 82% dieser W\u00e4hler die\u2026","rel":"","context":"In &quot;Frieden - Antifaschismus - Solidarit\u00e4t&quot;","block_context":{"text":"Frieden - Antifaschismus - Solidarit\u00e4t","link":"https:\/\/www.freidenker.org\/?cat=13"},"img":{"alt_text":"","src":"https:\/\/i0.wp.com\/www.freidenker.org\/fw17\/wp-content\/uploads\/2025\/06\/palestine-6950484_800x450.jpg?fit=800%2C450&ssl=1&resize=350%2C200","width":350,"height":200,"srcset":"https:\/\/i0.wp.com\/www.freidenker.org\/fw17\/wp-content\/uploads\/2025\/06\/palestine-6950484_800x450.jpg?fit=800%2C450&ssl=1&resize=350%2C200 1x, https:\/\/i0.wp.com\/www.freidenker.org\/fw17\/wp-content\/uploads\/2025\/06\/palestine-6950484_800x450.jpg?fit=800%2C450&ssl=1&resize=525%2C300 1.5x, https:\/\/i0.wp.com\/www.freidenker.org\/fw17\/wp-content\/uploads\/2025\/06\/palestine-6950484_800x450.jpg?fit=800%2C450&ssl=1&resize=700%2C400 2x"},"classes":[]},{"id":16757,"url":"https:\/\/www.freidenker.org\/?p=16757","url_meta":{"origin":16907,"position":5},"title":"Deutsche Ministerin warnt Afrika vor &#8222;neuen Abh\u00e4ngigkeiten&#8220;","author":"Webredaktion","date":"2. August 2023","format":false,"excerpt":"Von Dagmar Henn Deutschland hat sogar eine Entwicklungsministerin, und sie hei\u00dft Svenja Schulze. Das w\u00fcrde vermutlich nach wie vor niemand wissen, h\u00e4tte sie nicht die Gelegenheit genutzt und sich jetzt anl\u00e4sslich des Russland-Afrika-Gipfeltreffens ge\u00e4u\u00dfert. Wie bei allen Bundesministern darf man auch bei ihr nicht davon ausgehen, allzu gro\u00dfe N\u00e4he zu\u2026","rel":"","context":"In &quot;Demokratie \u2013 Medien \u2013 Aufkl\u00e4rung&quot;","block_context":{"text":"Demokratie \u2013 Medien \u2013 Aufkl\u00e4rung","link":"https:\/\/www.freidenker.org\/?cat=12"},"img":{"alt_text":"","src":"https:\/\/i0.wp.com\/www.freidenker.org\/fw17\/wp-content\/uploads\/2023\/08\/Bilateral_talks_Ndayishimiye_and_Putin_27_July_2023_800x450.jpg?fit=800%2C450&ssl=1&resize=350%2C200","width":350,"height":200,"srcset":"https:\/\/i0.wp.com\/www.freidenker.org\/fw17\/wp-content\/uploads\/2023\/08\/Bilateral_talks_Ndayishimiye_and_Putin_27_July_2023_800x450.jpg?fit=800%2C450&ssl=1&resize=350%2C200 1x, https:\/\/i0.wp.com\/www.freidenker.org\/fw17\/wp-content\/uploads\/2023\/08\/Bilateral_talks_Ndayishimiye_and_Putin_27_July_2023_800x450.jpg?fit=800%2C450&ssl=1&resize=525%2C300 1.5x, https:\/\/i0.wp.com\/www.freidenker.org\/fw17\/wp-content\/uploads\/2023\/08\/Bilateral_talks_Ndayishimiye_and_Putin_27_July_2023_800x450.jpg?fit=800%2C450&ssl=1&resize=700%2C400 2x"},"classes":[]}],"_links":{"self":[{"href":"https:\/\/www.freidenker.org\/index.php?rest_route=\/wp\/v2\/posts\/16907","targetHints":{"allow":["GET"]}}],"collection":[{"href":"https:\/\/www.freidenker.org\/index.php?rest_route=\/wp\/v2\/posts"}],"about":[{"href":"https:\/\/www.freidenker.org\/index.php?rest_route=\/wp\/v2\/types\/post"}],"author":[{"embeddable":true,"href":"https:\/\/www.freidenker.org\/index.php?rest_route=\/wp\/v2\/users\/3"}],"replies":[{"embeddable":true,"href":"https:\/\/www.freidenker.org\/index.php?rest_route=%2Fwp%2Fv2%2Fcomments&post=16907"}],"version-history":[{"count":0,"href":"https:\/\/www.freidenker.org\/index.php?rest_route=\/wp\/v2\/posts\/16907\/revisions"}],"wp:featuredmedia":[{"embeddable":true,"href":"https:\/\/www.freidenker.org\/index.php?rest_route=\/wp\/v2\/media\/16916"}],"wp:attachment":[{"href":"https:\/\/www.freidenker.org\/index.php?rest_route=%2Fwp%2Fv2%2Fmedia&parent=16907"}],"wp:term":[{"taxonomy":"category","embeddable":true,"href":"https:\/\/www.freidenker.org\/index.php?rest_route=%2Fwp%2Fv2%2Fcategories&post=16907"},{"taxonomy":"post_tag","embeddable":true,"href":"https:\/\/www.freidenker.org\/index.php?rest_route=%2Fwp%2Fv2%2Ftags&post=16907"}],"curies":[{"name":"wp","href":"https:\/\/api.w.org\/{rel}","templated":true}]}}