{"id":16902,"date":"2023-09-09T15:01:29","date_gmt":"2023-09-09T13:01:29","guid":{"rendered":"https:\/\/www.freidenker.org\/?p=16902"},"modified":"2023-10-07T12:26:49","modified_gmt":"2023-10-07T10:26:49","slug":"die-grosse-heuchelei-wegen-eines-flugblattes-von-1987","status":"publish","type":"post","link":"https:\/\/www.freidenker.org\/?p=16902","title":{"rendered":"Die gro\u00dfe Heuchelei wegen eines Flugblattes von 1987"},"content":{"rendered":"<p><em>von <strong>Bernd Duschner<\/strong><\/em><\/p>\n<p><span style=\"font-size: 10pt;\">Erstver\u00f6ffentlichung am 05.09.2023 auf den <a href=\"https:\/\/www.nachdenkseiten.de\/?p=103353\" target=\"_blank\" rel=\"noopener\">NachDenkSeiten<\/a><\/span><\/p>\n<p>Der Landtagswahlkampf in Bayern ist von kurzer Dauer. Am 10. September gehen die Sommerferien zu Ende und bereits am 8. Oktober wird gew\u00e4hlt. Es bleibt kaum Zeit f\u00fcr inhaltliche politische Auseinandersetzungen. Das kommt den herrschenden Parteien gelegen. Nicht die hohen Preissteigerungen speziell bei Energie und Lebensmitteln, die L\u00f6hne, Renten und Ersparnisse der breiten Bev\u00f6lkerung entwerten, nicht der Stillstand im Wohnungsbau in einer Zeit, in der es gilt, zus\u00e4tzlich f\u00fcr hunderttausende Fl\u00fcchtlinge Wohnraum zu schaffen, nicht die irrsinnige Aufr\u00fcstung und die zunehmende Kriegsgefahr werden diskutiert. Im Mittelpunkt der Diskussion steht stattdessen ein Flugblatt, das der \u00e4ltere Bruder des bayerischen Wirtschaftsministers und Vorsitzenden der \u201eFreien W\u00e4hler\u201c, Hubert Aiwanger, 1987 als 17-j\u00e4hriger Sch\u00fcler an einem niederbayerischen Gymnasium verfasst hat. Die <em>SZ<\/em> hat es genau zum richtigen Zeitpunkt aus der Tasche gezogen.<\/p>\n<p>Aus dem Flugblatt, das offensichtlich als Provokation gegen bestimmte Lehrer gedacht war, spricht tiefer Hass und Menschenverachtung. Gegen wen aber richtete sich der Text, in wem sah sein Verfasser den Feind, den es zu vernichten galt? Im Flugblatt ist das sehr klar und unmissverst\u00e4ndlich formuliert: Es sind Deutsche, konkret, deutsche \u201eVaterlandsverr\u00e4ter\u201c. Sie werden aufgefordert, zum KZ Dachau zu kommen, um dort an einem Preisausschreiben teilzunehmen. Als Preise k\u00f6nnten sie \u201eeinen kostenlosen Genickschuss\u201c oder \u201eKopfamputation durch ein Fallbeil\u201c u.\u00e4. gewinnen.<\/p>\n<p>Das KZ Dachau wurde 1933 eingerichtet, um die politischen Gegner des NS-Regimes, Kommunisten, Sozialdemokraten, Gewerkschafter, Pazifisten und aufrechte Demokraten auszuschalten und zu ermorden. Es sollte in der Bev\u00f6lkerung eine l\u00e4hmende Atmosph\u00e4re der Angst verbreiten. Kein Gedanke an Widerstand sollte aufkommen.<\/p>\n<p>Halten wir fest: Dem Verfasser des Flugblattes ging es nicht um die Juden, wie uns die herrschenden Medien und Politiker suggerieren m\u00f6chten, sondern um deutsche \u201eVaterlandsverr\u00e4ter\u201c. Wer aber waren in der alten Bundesrepublik f\u00fcr Neofaschisten und Teile der CDU\/CSU \u201eVaterlandsverr\u00e4ter\u201c? Es waren alle die Menschen, die sich f\u00fcr eine Auss\u00f6hnung mit dem Osten, f\u00fcr die Anerkennung der bestehenden Grenzen, insbesondere von Polen und der CSSR, f\u00fcr den Dialog auf gleicher Augenh\u00f6he mit der DDR und Russland, respektive der Sowjetunion, eingesetzt haben. Der Feind, das waren die Bef\u00fcrworter von Abr\u00fcstung und Entspannungspolitk.<\/p>\n<p>Genau diese Wahrheit wird heute in einer Zeit des Russenhasses, der Hochr\u00fcstung und der Kriegsgeilheit von Medien und unseren \u201eTop\u201c-Politikern verschwiegen. Bewusst konzentriert sich die Berichterstattung unserer Leitmedien ausschlie\u00dflich auf den Schreiber des Flugblattes und blendet das damals vorherrschende gesellschaftliche und politische Umfeld aus. Wie aber junge Menschen die Berichte und Informationen \u00fcber das NS-Terrorregime aufnehmen und verarbeiten, wird im hohen Umfang von Eltern, Schule, Leitmedien, der allgemein herrschenden politischen Atmosph\u00e4re und ihren Rahmenbedingungen bestimmt.<\/p>\n<p>Nach dem Krieg haben CDU\/CSU und FDP alles in ihren M\u00f6glichkeiten getan, um \u00fcber die Verbrechen des NS-Regimes eine Decke des Verschweigens zu legen und jede ernsthafte Aufarbeitung zu verhindern. \u201eEin Volk\u201c, so Franz Josef Strau\u00df bereits 1961, \u201edas diese wirtschaftlichen Leistungen erbracht hat, hat ein Recht darauf, von Auschwitz nichts mehr h\u00f6ren zu wollen.\u201c Aktive Unterst\u00fctzer des NS-Regimes erhielten unter den CDU\/CSU\/FDP-Regierungen Spitzenpositionen: Bundeskanzler Konrad Adenauer machte den Mitverfasser und Kommentator der N\u00fcrnberger Rassengesetze Hans Globke zu seinem Staatssekret\u00e4r und Chef des Bundeskanzleramtes, die NS-Gener\u00e4le Heusinger, Speidel und Gehlen wurden mit Aufbau und Leitung von Bundeswehr und BND beauftragt.<\/p>\n<p>Erst 1963, also nahezu 2 Jahrzehnte nach der Befreiung des KZ Auschwitz, konnte der erste Prozess gegen Angeh\u00f6rige seiner SS-Wachmannschaften stattfinden. Nur gegen den erbitterten Widerstand speziell der FDP und ihres damaligen Justizministers Bucher konnte verhindert werden, dass die NS-Morde bereits ab 1965 als verj\u00e4hrt galten und so zahlreiche NS-Schergen unbehelligt geblieben w\u00e4ren.<\/p>\n<p>Der Geist der Verharmlosung der Verbrechen des NS-Regimes herrschte noch 1987 in weiten Teilen des von der CSU beherrschten Bayern. Es ist deshalb nicht verwunderlich, dass das Verfassen und Verteilen des Hetzflugblattes vom niederbayerischen Gymnasium als Bagatelle eingestuft und mit einem Referat \u201egeahndet\u201c wurde. Dagegen flog 1980 in Regensburg die 18-j\u00e4hrige Christine Schanderl vom Gymnasium, weil sie eine \u201eStoppt Strau\u00df\u201c-Plakette getragen hatte.<\/p>\n<p>Wenn sich heute CSU-Chef S\u00f6der als Anwalt der NS-Opfer darstellt, so ist das angesichts der Geschichte seiner eigenen Partei an Heuchelei schwer zu \u00fcbertreffen. Das gilt auch f\u00fcr die Politiker der SPD und der Gr\u00fcnen, die zu den KZ- und Foltergef\u00e4ngnissen der USA in Guantanamo, Abu Graib, Bagram, der gezielten T\u00f6tung von tausenden Menschen weltweit durch US-Drohnen und dem Aushungern ganzer V\u00f6lker durch Sanktionen wie in den 90er Jahren im Irak und heute in Syrien geschwiegen haben und noch heute schweigen.<\/p>\n<p style=\"text-align: right;\"><em>Bernd Duschner ist Sprecher der Hilfsorganisation Freundschaft mit Valjevo e.V. und Mitglied des Deutschen Freidenker-Verbandes<\/em><\/p>\n<hr \/>\n<p><span style=\"font-size: 10pt;\">Bild oben: Collage von Ralf Lux unter Verwendung von:<\/span><\/p>\n<p><span style=\"font-size: 10pt;\">Aiwanger: <\/span><span style=\"font-size: 10pt;\">Foto: Michael Lucan, <a href=\"https:\/\/creativecommons.org\/licenses\/by-sa\/3.0\/de\/deed.en\" target=\"_blank\" rel=\"noopener\">CC BY-SA 3.0 de<\/a><\/span><br \/>\n<span style=\"font-size: 10pt;\">Quelle: <a href=\"https:\/\/commons.wikimedia.org\/w\/index.php?curid=136548438\" target=\"_blank\" rel=\"noopener\">https:\/\/commons.wikimedia.org\/w\/index.php?curid=136548438<\/a><\/span><\/p>\n<p><span style=\"font-size: 10pt;\">Finger: <a href=\"https:\/\/pixabay.com\/de\/photos\/mobbing-kind-finger-deuten-3089938\/\" target=\"_blank\" rel=\"noopener\">pixabay.com<\/a> \/ <a class=\"userName--owby3\" href=\"https:\/\/pixabay.com\/de\/users\/geralt-9301\/\" target=\"_blank\" rel=\"noopener\">geralt<\/a> \/ <a href=\"https:\/\/pixabay.com\/de\/service\/terms\/\" target=\"_blank\" rel=\"noopener\">Inhaltslizenz<\/a><\/span><\/p>\n","protected":false},"excerpt":{"rendered":"<p><b>Beitrag von Bernd Duschner<\/b><br \/>\nDer Landtagswahlkampf in Bayern ist von kurzer Dauer. Am 10. September gehen die Sommerferien zu Ende und bereits am 8. Oktober wird gew\u00e4hlt. Es bleibt kaum Zeit f\u00fcr inhaltliche politische Auseinandersetzungen. Das kommt den herrschenden Parteien gelegen. Nicht die hohen Preissteigerungen speziell bei Energie und Lebensmitteln, die L\u00f6hne, Renten und Ersparnisse der breiten Bev\u00f6lkerung entwerten, nicht der Stillstand im Wohnungsbau, &#8230; nicht die irrsinnige Aufr\u00fcstung und die zunehmende Kriegsgefahr werden diskutiert. Im Mittelpunkt der Diskussion steht stattdessen ein Flugblatt, das der \u00e4ltere Bruder des bayerischen Wirtschaftsministers und Vorsitzenden der \u201eFreien W\u00e4hler\u201c, Hubert Aiwanger, 1987 als 17-j\u00e4hriger Sch\u00fcler an einem niederbayerischen Gymnasium verfasst hat. Die SZ hat es genau zum richtigen Zeitpunkt aus der Tasche gezogen.<\/p>\n","protected":false},"author":3,"featured_media":16905,"comment_status":"closed","ping_status":"closed","sticky":false,"template":"","format":"standard","meta":{"colormag_page_container_layout":"default_layout","colormag_page_sidebar_layout":"default_layout","advanced_seo_description":"","jetpack_seo_html_title":"","jetpack_seo_noindex":false,"jetpack_post_was_ever_published":false,"footnotes":""},"categories":[12],"tags":[1043,1906,1901,1908,121,964,1168,1759,1019,1907,1251],"class_list":["post-16902","post","type-post","status-publish","format-standard","has-post-thumbnail","hentry","category-demokratie-medien-aufklaerung","tag-bayern","tag-csu","tag-freie-waehler","tag-kz-dachau","tag-medien","tag-medienhetze","tag-russophobie","tag-skandal","tag-sueddeutsche-zeitung","tag-vaterlandsverraeter","tag-wahlkampf"],"jetpack_featured_media_url":"https:\/\/i0.wp.com\/www.freidenker.org\/fw17\/wp-content\/uploads\/2023\/09\/aiwanger_finger_800x450.jpg?fit=800%2C450&ssl=1","jetpack_shortlink":"https:\/\/wp.me\/p9stpK-4oC","jetpack-related-posts":[{"id":19835,"url":"https:\/\/www.freidenker.org\/?p=19835","url_meta":{"origin":16902,"position":0},"title":"Putin war&#8217;s \u2013 &#8222;Die Zeit&#8220; sieht Russland f\u00fcr Wahlergebnisse verantwortlich","author":"Webredaktion","date":"14. September 2024","format":false,"excerpt":"Von Gert Ewen Ungar Immer mehr Deutsche w\u00e4hlen in Deutschland nach Auffassung des Mainstreams die falschen Parteien. Daf\u00fcr muss es einen Grund geben. Die Zeit-Kolumnist Michael Thumann kennt ihn. Der Grund hei\u00dft Putin. In seiner Einfallslosigkeit ist das wenig \u00fcberraschend. Statt Analyse und Korrektur setzt man in Deutschland auf Propaganda\u2026","rel":"","context":"In &quot;Demokratie \u2013 Medien \u2013 Aufkl\u00e4rung&quot;","block_context":{"text":"Demokratie \u2013 Medien \u2013 Aufkl\u00e4rung","link":"https:\/\/www.freidenker.org\/?cat=12"},"img":{"alt_text":"","src":"https:\/\/i0.wp.com\/www.freidenker.org\/fw17\/wp-content\/uploads\/2024\/09\/Frankfurter_Buchmesse_2016_-_Die_Zeit_2._800x450jpg.jpg?fit=800%2C450&ssl=1&resize=350%2C200","width":350,"height":200,"srcset":"https:\/\/i0.wp.com\/www.freidenker.org\/fw17\/wp-content\/uploads\/2024\/09\/Frankfurter_Buchmesse_2016_-_Die_Zeit_2._800x450jpg.jpg?fit=800%2C450&ssl=1&resize=350%2C200 1x, https:\/\/i0.wp.com\/www.freidenker.org\/fw17\/wp-content\/uploads\/2024\/09\/Frankfurter_Buchmesse_2016_-_Die_Zeit_2._800x450jpg.jpg?fit=800%2C450&ssl=1&resize=525%2C300 1.5x, https:\/\/i0.wp.com\/www.freidenker.org\/fw17\/wp-content\/uploads\/2024\/09\/Frankfurter_Buchmesse_2016_-_Die_Zeit_2._800x450jpg.jpg?fit=800%2C450&ssl=1&resize=700%2C400 2x"},"classes":[]},{"id":6545,"url":"https:\/\/www.freidenker.org\/?p=6545","url_meta":{"origin":16902,"position":1},"title":"Anfang und Ende eines bayrischen Wunders","author":"Webredaktion","date":"27. Juni 2019","format":false,"excerpt":"Beitrag von Tilo Gr\u00e4ser aus FREIDENKER 2-19 \u201eDie Revolution in Bayern verlief anders als im \u00fcbrigen Deutschland\u201c, betonte der Historiker Sebastian Haffner in seinem 1969 ver\u00f6ffentlichten Buch \u201eDie verratene Revolution\u201c \u00fcber die Ereignisse 1918\/19. \u201eAnders als in Berlin fiel die Revolution in M\u00fcnchen nicht von Anfang an in die H\u00e4nde\u2026","rel":"","context":"In &quot;Geschichte&quot;","block_context":{"text":"Geschichte","link":"https:\/\/www.freidenker.org\/?cat=1162"},"img":{"alt_text":"","src":"https:\/\/i0.wp.com\/www.freidenker.org\/fw17\/wp-content\/uploads\/2019\/06\/Declaration_of_the_MunichCouncilsRepublic_800x445.jpg?fit=800%2C445&ssl=1&resize=350%2C200","width":350,"height":200,"srcset":"https:\/\/i0.wp.com\/www.freidenker.org\/fw17\/wp-content\/uploads\/2019\/06\/Declaration_of_the_MunichCouncilsRepublic_800x445.jpg?fit=800%2C445&ssl=1&resize=350%2C200 1x, https:\/\/i0.wp.com\/www.freidenker.org\/fw17\/wp-content\/uploads\/2019\/06\/Declaration_of_the_MunichCouncilsRepublic_800x445.jpg?fit=800%2C445&ssl=1&resize=525%2C300 1.5x, https:\/\/i0.wp.com\/www.freidenker.org\/fw17\/wp-content\/uploads\/2019\/06\/Declaration_of_the_MunichCouncilsRepublic_800x445.jpg?fit=800%2C445&ssl=1&resize=700%2C400 2x"},"classes":[]},{"id":21088,"url":"https:\/\/www.freidenker.org\/?p=21088","url_meta":{"origin":16902,"position":2},"title":"In Rum\u00e4nien erklimmt die EU-&#8222;Demokratie&#8220; ganz neue H\u00f6hen","author":"Webredaktion","date":"3. M\u00e4rz 2025","format":false,"excerpt":"Beitrag von Dagmar Henn Wie soll man das nennen, was gerade in Rum\u00e4nien geschieht? Wenn erst eine Wahl f\u00fcr ung\u00fcltig erkl\u00e4rt wird, und nun der Kandidat, der den EU-Granden in Br\u00fcssel nicht gef\u00e4llt, festgenommen und anschlie\u00dfend vorsorglich f\u00fcr die Zeit des Wahlkampfs in Hausarrest gesteckt und sogar an der Kommunikation\u2026","rel":"","context":"In &quot;Demokratie \u2013 Medien \u2013 Aufkl\u00e4rung&quot;","block_context":{"text":"Demokratie \u2013 Medien \u2013 Aufkl\u00e4rung","link":"https:\/\/www.freidenker.org\/?cat=12"},"img":{"alt_text":"","src":"https:\/\/i0.wp.com\/www.freidenker.org\/fw17\/wp-content\/uploads\/2025\/03\/Calin_Georgescu_discurs_Biserica_Penticostala_Jebel_800x450.jpg?fit=800%2C450&ssl=1&resize=350%2C200","width":350,"height":200,"srcset":"https:\/\/i0.wp.com\/www.freidenker.org\/fw17\/wp-content\/uploads\/2025\/03\/Calin_Georgescu_discurs_Biserica_Penticostala_Jebel_800x450.jpg?fit=800%2C450&ssl=1&resize=350%2C200 1x, https:\/\/i0.wp.com\/www.freidenker.org\/fw17\/wp-content\/uploads\/2025\/03\/Calin_Georgescu_discurs_Biserica_Penticostala_Jebel_800x450.jpg?fit=800%2C450&ssl=1&resize=525%2C300 1.5x, https:\/\/i0.wp.com\/www.freidenker.org\/fw17\/wp-content\/uploads\/2025\/03\/Calin_Georgescu_discurs_Biserica_Penticostala_Jebel_800x450.jpg?fit=800%2C450&ssl=1&resize=700%2C400 2x"},"classes":[]},{"id":19887,"url":"https:\/\/www.freidenker.org\/?p=19887","url_meta":{"origin":16902,"position":3},"title":"Zensur von RT: Ende der liberalen Demokratien","author":"Webredaktion","date":"23. September 2024","format":false,"excerpt":"Beitrag von Gert Ewen Ungar\u00a0 In einer konzertierten Aktion versetzt der kollektive Westen unter F\u00fchrung der USA der Presse- und Meinungsfreiheit einen weiteren Schlag. Im Zentrum der Attacke steht erneut\u00a0RT. Nachdem die USA neue Sanktionen gegen den russischen Sender verh\u00e4ngt haben, hat nun auch der eng mit der US-Administration verflochtene\u2026","rel":"","context":"In &quot;Demokratie \u2013 Medien \u2013 Aufkl\u00e4rung&quot;","block_context":{"text":"Demokratie \u2013 Medien \u2013 Aufkl\u00e4rung","link":"https:\/\/www.freidenker.org\/?cat=12"},"img":{"alt_text":"","src":"https:\/\/i0.wp.com\/www.freidenker.org\/fw17\/wp-content\/uploads\/2024\/09\/Secretary_Blinken_Delivers_Remarks_in_the_Press_Briefing_Room_53992799309_800x450.jpg?fit=800%2C450&ssl=1&resize=350%2C200","width":350,"height":200,"srcset":"https:\/\/i0.wp.com\/www.freidenker.org\/fw17\/wp-content\/uploads\/2024\/09\/Secretary_Blinken_Delivers_Remarks_in_the_Press_Briefing_Room_53992799309_800x450.jpg?fit=800%2C450&ssl=1&resize=350%2C200 1x, https:\/\/i0.wp.com\/www.freidenker.org\/fw17\/wp-content\/uploads\/2024\/09\/Secretary_Blinken_Delivers_Remarks_in_the_Press_Briefing_Room_53992799309_800x450.jpg?fit=800%2C450&ssl=1&resize=525%2C300 1.5x, https:\/\/i0.wp.com\/www.freidenker.org\/fw17\/wp-content\/uploads\/2024\/09\/Secretary_Blinken_Delivers_Remarks_in_the_Press_Briefing_Room_53992799309_800x450.jpg?fit=800%2C450&ssl=1&resize=700%2C400 2x"},"classes":[]},{"id":10486,"url":"https:\/\/www.freidenker.org\/?p=10486","url_meta":{"origin":16902,"position":4},"title":"&#8222;Wir d\u00fcrfen nicht die Schw\u00e4cheren sein&#8220;","author":"Webredaktion","date":"1. Juni 2021","format":false,"excerpt":"- Wie die FDP die Bundesmarine auf Abwege schicken will Beitrag von Dagmar Henn Die deutsche Fregatte Bayern soll im August nach Ostasien fahren; die FDP ist mit der geplanten Fahrt nicht zufrieden und fordert echte statt simulierter Kanonenbootpolitik. Schon das urspr\u00fcngliche Vorhaben spricht von Gr\u00f6\u00dfenwahn \u2013 die Entsendung einer\u2026","rel":"","context":"In &quot;Frieden - Antifaschismus - Solidarit\u00e4t&quot;","block_context":{"text":"Frieden - Antifaschismus - Solidarit\u00e4t","link":"https:\/\/www.freidenker.org\/?cat=13"},"img":{"alt_text":"","src":"https:\/\/i0.wp.com\/www.freidenker.org\/fw17\/wp-content\/uploads\/2021\/06\/Fregatte_Bayern_2011_800x450.jpg?fit=800%2C450&ssl=1&resize=350%2C200","width":350,"height":200,"srcset":"https:\/\/i0.wp.com\/www.freidenker.org\/fw17\/wp-content\/uploads\/2021\/06\/Fregatte_Bayern_2011_800x450.jpg?fit=800%2C450&ssl=1&resize=350%2C200 1x, https:\/\/i0.wp.com\/www.freidenker.org\/fw17\/wp-content\/uploads\/2021\/06\/Fregatte_Bayern_2011_800x450.jpg?fit=800%2C450&ssl=1&resize=525%2C300 1.5x, https:\/\/i0.wp.com\/www.freidenker.org\/fw17\/wp-content\/uploads\/2021\/06\/Fregatte_Bayern_2011_800x450.jpg?fit=800%2C450&ssl=1&resize=700%2C400 2x"},"classes":[]},{"id":13991,"url":"https:\/\/www.freidenker.org\/?p=13991","url_meta":{"origin":16902,"position":5},"title":"Demo am 28.08. in Dessau: Schluss mit den Sanktionen, denn sie schaden uns selbst!","author":"Webredaktion","date":"18. August 2022","format":false,"excerpt":"Kundgebung Handwerker f\u00fcr den Frieden am Sonntag, den 28.08.2022 um 11 Uhr auf dem Marktplatz in Dessau Au\u00dfer den Wohlhabenden und den kriegsgeilen Wichtigtuern in der Politik gibt es ernsthaft wohl nur wenige Menschen hierzulande, die sich vorstellen k\u00f6nnen f\u00fcr den Krieg der NATO in der Ukraine hungern oder bis\u2026","rel":"","context":"In &quot;Frieden - Antifaschismus - Solidarit\u00e4t&quot;","block_context":{"text":"Frieden - Antifaschismus - Solidarit\u00e4t","link":"https:\/\/www.freidenker.org\/?cat=13"},"img":{"alt_text":"","src":"https:\/\/i0.wp.com\/www.freidenker.org\/fw17\/wp-content\/uploads\/2022\/08\/Friedensglocke_9_800x450.jpg?fit=800%2C450&ssl=1&resize=350%2C200","width":350,"height":200,"srcset":"https:\/\/i0.wp.com\/www.freidenker.org\/fw17\/wp-content\/uploads\/2022\/08\/Friedensglocke_9_800x450.jpg?fit=800%2C450&ssl=1&resize=350%2C200 1x, https:\/\/i0.wp.com\/www.freidenker.org\/fw17\/wp-content\/uploads\/2022\/08\/Friedensglocke_9_800x450.jpg?fit=800%2C450&ssl=1&resize=525%2C300 1.5x, https:\/\/i0.wp.com\/www.freidenker.org\/fw17\/wp-content\/uploads\/2022\/08\/Friedensglocke_9_800x450.jpg?fit=800%2C450&ssl=1&resize=700%2C400 2x"},"classes":[]}],"_links":{"self":[{"href":"https:\/\/www.freidenker.org\/index.php?rest_route=\/wp\/v2\/posts\/16902","targetHints":{"allow":["GET"]}}],"collection":[{"href":"https:\/\/www.freidenker.org\/index.php?rest_route=\/wp\/v2\/posts"}],"about":[{"href":"https:\/\/www.freidenker.org\/index.php?rest_route=\/wp\/v2\/types\/post"}],"author":[{"embeddable":true,"href":"https:\/\/www.freidenker.org\/index.php?rest_route=\/wp\/v2\/users\/3"}],"replies":[{"embeddable":true,"href":"https:\/\/www.freidenker.org\/index.php?rest_route=%2Fwp%2Fv2%2Fcomments&post=16902"}],"version-history":[{"count":0,"href":"https:\/\/www.freidenker.org\/index.php?rest_route=\/wp\/v2\/posts\/16902\/revisions"}],"wp:featuredmedia":[{"embeddable":true,"href":"https:\/\/www.freidenker.org\/index.php?rest_route=\/wp\/v2\/media\/16905"}],"wp:attachment":[{"href":"https:\/\/www.freidenker.org\/index.php?rest_route=%2Fwp%2Fv2%2Fmedia&parent=16902"}],"wp:term":[{"taxonomy":"category","embeddable":true,"href":"https:\/\/www.freidenker.org\/index.php?rest_route=%2Fwp%2Fv2%2Fcategories&post=16902"},{"taxonomy":"post_tag","embeddable":true,"href":"https:\/\/www.freidenker.org\/index.php?rest_route=%2Fwp%2Fv2%2Ftags&post=16902"}],"curies":[{"name":"wp","href":"https:\/\/api.w.org\/{rel}","templated":true}]}}