{"id":16895,"date":"2023-09-09T15:01:43","date_gmt":"2023-09-09T13:01:43","guid":{"rendered":"https:\/\/www.freidenker.org\/?p=16895"},"modified":"2023-10-07T12:27:00","modified_gmt":"2023-10-07T10:27:00","slug":"offener-brief-der-muetter-gegen-den-krieg-berlin-brandenburg","status":"publish","type":"post","link":"https:\/\/www.freidenker.org\/?p=16895","title":{"rendered":"Offener Brief der \u201eM\u00fctter gegen den Krieg Berlin-Brandenburg\u201c"},"content":{"rendered":"<h3>Offener Brief an die Bundesregierung\u00a0und die Abgeordneten des Deutschen Bundestages<\/h3>\n<h5>im Auftrag des Vereins \u201eM\u00fctter gegen den Krieg Berlin-Brandenburg\u201c<\/h5>\n<p><em>von <strong>Brigitte Queck<\/strong>, Diplomstaatswissenschaftlerin Au\u00dfenpolitik<\/em><\/p>\n<p><span style=\"font-size: 10pt;\">Ver\u00f6ffentlicht am 07.09.2023<\/span><\/p>\n<p>&nbsp;<\/p>\n<p>Fr\u00fcher hatte der Grundsatz \u201ekeine Waffenlieferungen in Krisengebiete\u201c Deutschland und die meisten europ\u00e4ischen Partnerl\u00e4nder- <strong>zumindest \u00f6ffentlich <\/strong>&#8211; aus milit\u00e4rischen Auseinandersetzungen (an denen nur ausnahmsweise eine Seite die alleinige Schuld tr\u00e4gt) herausgehalten.<\/p>\n<p>Die unter Bruch dieses bew\u00e4hrten Grundsatzes seit Beginn des Ukrainekrieges get\u00e4tigten Waffenlieferungen haben nicht zu einer Ann\u00e4herung zwischen den Konfliktparteien beigetragen, sondern vorhersehbarer Weise zu einer Eskalation, die gerade dabei ist, aus dem Ruder zu gehen. Dem Kontrollverlust auf Ebene der Kriegshandlungen liegen Wahrnehmungsdefizite zugrunde \u2013 auf der Ebene historischer und aktueller Fakten und auf der Ebene der wirksamen psychologischen Mechanismen.<\/p>\n<p>Bereits seit rund 160 Jahren existieren internationale Bem\u00fchungen, das Leiden von Kriegsverletzten zu mildern und besonders grausame Formen der Kriegsf\u00fchrung zu \u00e4chten. Doch hinken deren Fortschritte infolge der Widerst\u00e4nde einflussreicher Militaristen hinter dem technischen \u201eFortschritt\u201c der R\u00fcstungsindustrie hinterher. Der letzte Erfolg f\u00fcr die humanit\u00e4re Bewegung liegt bereits 15 Jahre zur\u00fcck &#8211; das \u00dcbereinkommen zur \u00c4chtung von Streumunition von 2008, das inzwischen von 123 Staaten ratifiziert wurde.<\/p>\n<p>Da es sich bei der nun gelieferten Streu- und Uranmunition um abwehrbrechende Waffen handelt, steht die eskalierende Wirkung Richtung eines Gemetzels bereits fest. Dagegen kann sich der\u00a0<strong>leider auch von der Bundesregierung behauptete <\/strong>\u201emilit\u00e4rische\u00a0 Nutzen\u201c gar nicht einstellen, da Russland solche Waffensysteme f\u00fcr den Eskalationsfall gleichfalls im Depot hat.<\/p>\n<p><strong>Die Bundesregierung als Vertreter eines Unterzeichnerstaates des \u00dcbereinkommens von 2008 unterliegt allerdings besonderen Verpflichtungen im Verh\u00e4ltnis zu Nichtunterzeichnerstaaten wie z. B. den USA und der Ukraine<\/strong>. Diese ergeben sich aus \u00a7 21 Abs. 2 :<\/p>\n<blockquote><p>\u201eEach State Party shall notify the governments of all States not party to this Convention, referred to in paragraph 3 of this Article, of its obligations under this Convention, shall promote the norms it establishes and shall make its best efforts to discourage States not party to this Convention from using cluster munitions.\u201c \u2013<\/p><\/blockquote>\n<p>Diese vertragliche Verpflichtung haben die Bundesregierung und andere NATO-Partnerl\u00e4nder gebrochen.<\/p>\n<p><strong>Die unbegrenzte Belieferung der Ukraine mit Waffen seitens der NATO-Staaten &#8211; einschlie\u00dflich Deutschlands \u2013 zerst\u00f6rt v\u00f6llig deren Kompromissbereitschaft.<\/strong><\/p>\n<h5>Die fatalen Ergebnisse kennen wir:<\/h5>\n<ol>\n<li>Ablehnung des bereits fertigen Friedensvertrages zwischen Russland und der Ukraine im M\u00e4rz 2022 durch Gro\u00dfbritanniens und den USA .<\/li>\n<li>Der nachfolgende dauerhafte Abbruch von Friedensverhandlungen mit Russland seitens der ukrainischen F\u00fchrung seit dem 17.Mai 2022.<\/li>\n<li>Die Haltung der NATO- und EU-L\u00e4nder zeigt eine Unterordnung unter das US-Diktat und eine zunehmend autorit\u00e4r nach neuen R\u00fcstungsg\u00fctern verlangende ukrainische Regierung.<\/li>\n<\/ol>\n<h5>Souver\u00e4nit\u00e4t von Staaten bzw. Selbstbestimmungsrecht der V\u00f6lker<\/h5>\n<p>Zu Recht reklamiert Zelenski f\u00fcr sein Land das in Artikel 2 der UNO-Charta von 1945 verk\u00fcndete Recht auf Souver\u00e4nit\u00e4t und territoriale Integrit\u00e4t, ignoriert aber zugleich ein anderes &#8211; das in Artikel 1 derselben Charta verbriefte Selbstbestimmungsrecht der V\u00f6lker.<\/p>\n<p>Beide Rechte sind auf unterschiedliche Weise geeignet, das Zusammenleben der V\u00f6lker und Staaten zu ordnen und zu harmonisieren. Doch stehen sie teilweise im Widerspruch zueinander. Zur Entfaltung ihrer konstruktiven Wirksamkeit ben\u00f6tigen sie daher zwingend eine klare und international verbindliche Abgrenzung der G\u00fcltigkeitsbereiche.<\/p>\n<p>Zahllose Konflikte seit 1945 haben gezeigt, welch millionenfachen Blutzoll ein an so entscheidender Stelle l\u00fcckenhaftes internationales Rechtsgef\u00fcge fordert. Bei einem Streit um Territorien, einem Standardfall, k\u00f6nnen Verhandlungen keinen Schritt vorankommen, solange eine Seite auf territorialer Integrit\u00e4t besteht und die andere das Selbstbestimmungsrecht der betreffenden Bev\u00f6lkerung einfordert.<\/p>\n<h5>Wichtige, bisher kaum beachtete, Aussage Zelenskis auf der M\u00fcnchener Sicherheitskonferenz\u00a0 im Februar 2022<\/h5>\n<p>Auf der 58. M\u00fcnchener Sicherheitskonferenz im Februar 2022, <strong>wenige Tage vor dem russischen Einmarsch in die Ukraine zum Schutz der russischen, wie auch der ukrainischen, Bev\u00f6lkerung , die die 2014\u00a0 durch einen blutigen Staatsstreich zur Macht gekommene faschistoide ukrainische Regierung nicht anerkennen,<\/strong> hat der ukrainische Pr\u00e4sident Zelenski in seiner Rede \u2013 nach einer groben Fehlanalyse der weltpolitischen Lage \u2013 eine h\u00f6chst relevante Aussage vorgetragen, von deren G\u00fcltigkeit jetzt, rund 1 \u00bd Jahre sp\u00e4ter, die Frage abh\u00e4ngt, ob die Eskalation zum Weltkrieg noch gestoppt werden kann:<\/p>\n<blockquote><p>\u201eRussia says Ukraine seeks to join the Alliance <em>(NATO) <\/em>to return Crimea by force. \u2026 But they inattentively read Article 5 of the NATO Charter: collective action is for protection, not offensive. Crimea and the occupied regions of Donbas will certainly return to Ukraine, but only peacefully\u201c.<\/p>\n<p>\u201eRussland sagt, die Ukraine w\u00fcnsche der Allianz (der<em> NATO<\/em>) deshalb beizutreten, um die Krim mit Gewalt zur\u00fcckzuholen\u2026.\u00a0 Aber sie haben (den) Artikel 5 der NATO-Charta nicht aufmerksam gelesen: Gemeinschaftliche Aktion dient der Verteidigung, nicht der Offensive. <strong>Die Krim<\/strong> und die besetzten Regionen des <strong>Donbass werden mit Sicherheit zur Ukraine zur\u00fcckkehren, aber nur friedlich. <\/strong>Referenz: <a href=\"https:\/\/deref-gmx.net\/mail\/client\/9g-DLWse9FQ\/dereferrer\/?redirectUrl=https%3A%2F%2Fkyivindependent.com%2Fzelenskys-full-speech-at-munich-security-conference%2F\">https:\/\/kyivindependent.com\/zelenskys-full-speech-at-munich-security-conference\/<\/a><\/p><\/blockquote>\n<p>Damit hat Zelenski einger\u00e4umt, dass ein ukrainischer Versuch, die Krim milit\u00e4risch zur\u00fcckzuholen, keinen Verteidigungsfall darstellen w\u00fcrde, sondern den Charakter eines Angriffs h\u00e4tte \u2013 ungeachtet der bekannten Tatsache, dass die Halbinsel von Kiew als ukrainisches Territorium angesehen wird.<\/p>\n<p>Zu dieser Zusage einer ausschlie\u00dflich friedlichen R\u00fcckkehr der abtr\u00fcnnigen Donbassregionen und der Krim zur Ukraine stehen die aktuellen Narrative und milit\u00e4rischen Attacken gegen die Krim im h\u00f6chst gef\u00e4hrlichen Widerspruch \u2013 und best\u00e4tigen die russischen Bef\u00fcrchtungen, dass die Ukraine die R\u00fcckendeckung der NATO-L\u00e4nder nicht nur zur Verteidigung nach Artikel 5, sondern zur gewaltsamen R\u00fcckeroberung der Krim und der Donbass- Regionen auszunutzen versucht.<\/p>\n<p>So wird exakt im augenblicklichen Zeitpunkt der Eskalationsspirale die rote Linie erreicht \u2013 sowohl nach den Warnungen Russlands betreffend der atomaren Option bei milit\u00e4rischer Gewalt gegen die Krim \u2013 und ebenso nach den Worten Zelenskis auf der M\u00fcnchener Sicherheitskonferenz zu einer friedlichen R\u00fcckkehr der umstrittenen Gebiete.<\/p>\n<p>Da die ukrainische Bev\u00f6lkerung unter der Janukowitsch \u2013 Asarow-Regierung nach manchen Einsch\u00e4tzungen sogar besser als die Deutschen gelebt hatte \u2013 und das in nachbarschaftlicher Harmonie mit Russland und den angrenzenden L\u00e4ndern \u2013 wurde der blutige Staatsstreich im Jahr 2014 von der Mehrheit der Menschen abgelehnt &#8211; siehe Buch \u201eRussen und Ukrainer sind 1 Volk. Sie haben nur 1 Feind &#8211; den Faschismus. Menschheit steht am Scheideweg: Menschlichkeit, oder Barbarei\u201c, Bestellungen unter: <a href=\"mailto:anna.demok@gmx.de\">anna.demok@gmx.de<\/a><\/p>\n<p>Deshalb und aufgrund des konsequenten Bruchs aller Wahlversprechen (friedliche L\u00f6sung f\u00fcr Donbass, Eind\u00e4mmung der Korruption, Beschneidung der Macht der Oligarchen) sind Neuwahlen nach dem Krieg ein Gebot der Fairness.<\/p>\n<h5>Die Bundesregierung muss aus ihren politischen Fehlern lernen<\/h5>\n<p><strong>F\u00fcr die Einsicht, aus historischen Fehlern u. Vers\u00e4umnissen lernen zu m\u00fcssen, ist es irgendwann zu sp\u00e4t. <\/strong><\/p>\n<p><strong>Genau dieser Zeitpunkt steht jetzt mit dem drohenden 3. Weltkrieg dicht bevor. Unausweichlich dr\u00e4ngt sich die Frage auf, wie es zu einer solchen Situation des drohenden Kontrollverlusts kommen konnte. <\/strong><\/p>\n<p>Als der amerikanischen Pr\u00e4sident Dwight D. Eisenhower 1961 aus dem Amt schied, bewies er in seiner Abschiedsrede eine f\u00fcr Politiker (noch immer) untypische Courage, indem er auf eine Gefahrenquelle f\u00fcr Freiheit und Demokratie hinwies, die nicht bei feindlichen M\u00e4chten verortet ist, sondern mitten in den westlichen Gesellschaften.<\/p>\n<p><strong>Als diese Gefahrenquelle identifizierte Eisenhower den Milit\u00e4risch-Industriellen Komplex<\/strong> und meinte damit das inoffizielle Konsortium aus (allein in den USA \u00fcber 20) Geheimdiensten, der Milit\u00e4rf\u00fchrung, der R\u00fcstungsindustrie und politischen F\u00fchrungspersonen.<\/p>\n<p>Sein Amtsnachfolger John F. Kennedy, der den Ansto\u00df aufgriff und eine neue \u00c4ra des Friedens unter \u00dcberwindung des Militarismus verk\u00fcndete, wurde durch seine Ermordung an der Umsetzung dieser Vision gehindert. Kein Pr\u00e4sident nach ihm hat sich den zahlreichen, vom MIC gepushten militaristischen Abenteuern der USA (und Gro\u00dfbritanniens) ganz verweigert, auch Donald Trump nicht, unter dem aber der Ukrainekonflikt nicht eskaliert ist.<\/p>\n<p>Das Bedrohliche an den amerikanischen Milit\u00e4reins\u00e4tzen ist ihre selbstzerst\u00f6rerische Wirkung. Die gigantischen, den Staatshaushalt ruinierenden Kosten (rund 50 % aller weltweiten R\u00fcstungsausgaben) passen in keiner Weise zu den Resultaten in Gestalt milit\u00e4rischer und politischer Misserfolge. Doch durch eine selektiv unvollst\u00e4ndige und unkritische mediale Berichterstattung konnte auf Seiten der B\u00fcrger stets eine k\u00fcnstliche Akzeptanz f\u00fcr die in Wahrheit inakzeptablen Milit\u00e4reins\u00e4tze \u00fcber viele Jahre aufrechterhalten werden, so u.a. in den Kriegen gegen den Irak, Libyen und Afghanistan.<\/p>\n<p>Das Ausma\u00df der offenen Verst\u00f6\u00dfe gegen freiheitlich-demokratische Grundwerte kommt fast immer erst im Nachhinein ans Tageslicht und umfasst F\u00f6rderung von Diktaturen, Einsatz korrupter Regierungen, Verwicklung in Drogengesch\u00e4fte, Ausbildung von und Kollaboration mit brutalen Milizen, gezielte Falschmeldungen sowie erniedrigender Umgang mit der Zivilbev\u00f6lkerung<strong>. Die faktische Rufsch\u00e4ndung der USA, des gesamten Westens<\/strong> und ihres freiheitlich-demokratischen Gesellschaftsmodells <strong>wird weltweit auch als solche wahrgenommen &#8211; nur nicht in den westlichen L\u00e4ndern selbst<\/strong>, deren Bewohner weiter von ihren Regierungen und Medien nach Kr\u00e4ften in ihrer bisherigen naiv-unkritischen Weltsicht best\u00e4rkt werden.<\/p>\n<p><strong>Durch Lob der Medien f\u00fcr den Milit\u00e4risch-Industrielle Komplex und den von ihm betriebenen Militarismus sowie durch ein h\u00f6chst undemokratisches Vorgehen regierungsamtlicher Kreise gegen Andersdenkende, auch unter Drohung mit Gef\u00e4ngnis bzw. sehr hohen Geldstrafen, werden die Menschen in Deutschland systematisch darin beeintr\u00e4chtigt, gewaltfreie und nachhaltige Formen der Konfliktl\u00f6sung zu fordern.<\/strong><\/p>\n<p>Doch mit jedem neuen gro\u00dfen Milit\u00e4rabenteuer wird der Charakter der medialen Berichterstattung als paralleler Informationskrieg klarer erkannt. Referenz: <a href=\"https:\/\/www.bpb.de\/shop\/zeitschriften\/apuz\/27247\/medien-als-kriegswaffe\/\">https:\/\/www.bpb.de\/shop\/zeitschriften\/apuz\/27247\/medien-als-kriegswaffe\/<\/a>.<\/p>\n<p>Auch Vordenker und idealistische Organisationen in den USA arbeiten bereits\u00a0 an den Parametern einer umfassenden Gesellschaftsreform, welche von einer Wiederbelebung des freiheitlichen Wertefundaments der amerikanischen Unabh\u00e4ngigkeitserkl\u00e4rung und Verfassung ausgeht und den bisherigen sozialen und wirtschaftlichen Fehlentwicklungen entgegenwirken soll.<\/p>\n<p>Der Milit\u00e4risch-Industrielle Komplex wird dabei immer mehr als nur ein Teil eines umfassenderen Systems wahrgenommen, das letztlich eine Herrschaft des gro\u00dfen Geldes verk\u00f6rpert.<\/p>\n<p><strong>Auch in Europa wendet sich eine wachsende Zahl zu Recht besorgter B\u00fcrger Str\u00f6mungen zu, die den verantwortungslosen Militarismus ablehnen<\/strong>.<\/p>\n<p><strong>Einer Umfrage in Deutschland zufolge bef\u00fcrworten \u00fcber 80 % der B\u00fcrger einen sofortigen Abzug aller im Land stationierten amerikanischen Atomwaffen<\/strong>.<\/p>\n<p>Diese sind bereits seit vielen Jahrzehnten in Deutschland stationiert und keine einzige Bundesregierung\u00a0 hat es bisher f\u00fcr angebracht gehalten, den Sicherheitsbedenken ihrer B\u00fcrger entsprechend f\u00fcr einen Abzug zu sorgen.<\/p>\n<p>Auch in Europa zeigt sich das Bild von Gesellschaften, die ihren B\u00fcrgern keinen Schutz gegen Beeinflussung ihrer politischen Vertreter durch den Milit\u00e4risch-Industriellen Komplex bieten. Im Gegenteil hat es f\u00fcr die B\u00fcrger den Anschein, als w\u00e4re der MIC den Regierungen und Parlamenten gegen\u00fcber weisungsbefugt. So entfernt sich die derzeitige Bundesrepublik von ihrem nach au\u00dfen proklamierten Idealbild einer modernen, freiheitlichen Demokratie. Mit der Verfolgung Andersdenkender (Berufsverlust, Androhung von Freiheits- und hohen Geldstrafen) geraten wir unversehens auf einen gef\u00e4hrlichen Weg, der zur\u00fcck in die N\u00e4he einer Staatsform zu f\u00fchren droht, die l\u00e4ngst als \u00fcberwunden galt.<\/p>\n<p>Die endlosen Waffenlieferungen zugunsten einer ultranationalistischen Regierung machen die EU- und NATO-L\u00e4nder immer eindeutiger zur Kriegspartei. Zugleich entfernen sich diese vom demokratischen Grundgedanken, indem eine zunehmend vom Willen der B\u00fcrgermehrheit losgel\u00f6ste Politik durchgesetzt wird.<\/p>\n<p>Was Desinformation als Waffe angeht, hat der MIC mit der Zensur im Spanisch Amerikanischen Krieg (1898-1899), mit der systematischen Meinungsmanipulation durch das Creel Committee (1917-1919) und der Propaganda des Office of War Information (1942-1945) besonders lange Erfahrungen.<\/p>\n<p>Es ist daher unaufrichtig, in den Ukrainekrieg eine Verteidigung der freiheitlichen Demokratie hineinzuinterpretieren oder gar von einem Kampf zwischen Despotismus und Demokratie zu reden.<\/p>\n<p><strong>Nur aus einer realistischen Selbsteinsch\u00e4tzung der westlichen Regierungen &#8211; in diesem Fall der deutschen Regierung &#8211; kann die Grundvoraussetzung f\u00fcr eine friedliche Konfliktl\u00f6sung erf\u00fcllt werden!<\/strong><\/p>\n<p>Das setzt voraus, bereit zu sein, den Gegner zu verstehen, so wie es Mahatma Gandhi und Martin Luther King schon vor Jahrzehnten l\u00e4ngst als eine notwendige Voraussetzung f\u00fcr das Zusammenleben der Menschen erkannt hatten und wie es nach bereits zwei Weltkriegen in Europa eine absolute \u00dcberlebensnotwendigkeit darstellt.<\/p>\n<p>Das Propaganda-Schlagwort \u201ePutin-Versteher\u201c weist leider in die Gegenrichtung und zeigt zugleich das flache Niveau einer Gesinnungskontrolle, die Verst\u00e4ndigung brandmarkt, Eskalation predigt und die Tatsache ignoriert, dass verstehen etwas ganz anderes bedeutet als alles guthei\u00dfen.<\/p>\n<p><strong>Von den B\u00fcrgern wird die dringende Notwendigkeit, zwischen prorussischer Parteilichkeit und dem Bem\u00fchen um einen fairen Blickwinkel klar zu unterscheiden, schon auf breiter Front erkannt<\/strong>.<\/p>\n<p>Umso alarmierender ist es, dass Politiker und Journalisten diesbez\u00fcglich den einfachen Menschen im Lande hinterherhinken &#8211; einer der Gr\u00fcnde, weshalb dieser unser \u00a0Offener Brief an Sie \u00fcberf\u00e4llig ist.<\/p>\n<p><strong>Eine friedliche Konfliktl\u00f6sung kann erreicht werden, wenn sich Politiker und Journalisten aus\u00a0 ihrer Unterw\u00fcrfigkeit gegen\u00fcber den MIC-Militaristen l\u00f6sen und dem kritischen Denken wieder gr\u00f6\u00dferen Raum bieten. Das w\u00fcrde auch bei der Bew\u00e4ltigung der akkumulierten wirtschaftlichen und sozialen Probleme in ganz Europa helfen.<\/strong><\/p>\n<p style=\"text-align: right;\"><em>Brigitte Queck, Vorsitzende der <a href=\"http:\/\/www.muetter-gegen-den-krieg-berlin.de\" target=\"_blank\" rel=\"noopener\">Vereinigung \u201eM\u00fctter gegen den Krieg Berlin-Brandenburg\u201c<\/a> ist Diplomstaatswissenschaftlerin Au\u00dfenpolitik und forscht seit Jahren auf dem Gebiet Russland und der Ukraine.<\/em><br \/>\n<em>Nach dem blutigen Regimechange in der Ukraine\u00a0 im Jahre 2014 hat sie das deutschlandweit 1. Buch zu dieser Problematik <a href=\"https:\/\/shop.unsere-zeit.de\/queck-brigitte-die-ukraine-im-fokus-der-nato\/\" target=\"_blank\" rel=\"noopener\">\u201eDie Ukraine im Fokus der NATO. Russland das eigentliche Ziel\u201c<\/a> herausgegeben<\/em><br \/>\n<em>Ihr <a href=\"https:\/\/cooptv.wordpress.com\/2022\/08\/01\/russen-und-ukrainer-sind-ein-volk-sie-haben-nur-einen-feind-den-faschismus-menschheit-steht-am-scheideweg-menschlichkeit-oder-barbarei-von-brigitte-queck\/\" target=\"_blank\" rel=\"noopener\">neuestes Ukrainebuch<\/a> schl\u00e4gt einen Bogen von der Kiewer Rus bis zur\u00a0 Milit\u00e4raktion Russlands in der Ukraine, die seit dem 24. Februar 2022 bis heute andauert.<\/em><\/p>\n<hr \/>\n<h5>Download<\/h5>\n<p><img data-recalc-dims=\"1\" loading=\"lazy\" decoding=\"async\" data-attachment-id=\"1076\" data-permalink=\"https:\/\/www.freidenker.org\/?attachment_id=1076\" data-orig-file=\"https:\/\/i0.wp.com\/www.freidenker.org\/fw17\/wp-content\/uploads\/2017\/10\/pdf_icon-2.png?fit=32%2C32&amp;ssl=1\" data-orig-size=\"32,32\" data-comments-opened=\"0\" data-image-meta=\"{&quot;aperture&quot;:&quot;0&quot;,&quot;credit&quot;:&quot;&quot;,&quot;camera&quot;:&quot;&quot;,&quot;caption&quot;:&quot;&quot;,&quot;created_timestamp&quot;:&quot;0&quot;,&quot;copyright&quot;:&quot;&quot;,&quot;focal_length&quot;:&quot;0&quot;,&quot;iso&quot;:&quot;0&quot;,&quot;shutter_speed&quot;:&quot;0&quot;,&quot;title&quot;:&quot;&quot;,&quot;orientation&quot;:&quot;0&quot;}\" data-image-title=\"pdf_icon\" data-image-description=\"\" data-image-caption=\"\" data-large-file=\"https:\/\/i0.wp.com\/www.freidenker.org\/fw17\/wp-content\/uploads\/2017\/10\/pdf_icon-2.png?fit=32%2C32&amp;ssl=1\" class=\"alignnone size-full wp-image-1076\" src=\"https:\/\/i0.wp.com\/www.freidenker.org\/fw17\/wp-content\/uploads\/2017\/10\/pdf_icon-2.png?resize=32%2C32&#038;ssl=1\" alt=\"\" width=\"32\" height=\"32\" \/> Den <a href=\"https:\/\/www.freidenker.org\/fw17\/wp-content\/uploads\/2023\/09\/Muetter-gegen-den-Krieg-Offener-Brief-an-die-Bundesregierung.pdf\" target=\"_blank\" rel=\"noopener\">Offenen Brief als PDF<\/a> ansehen oder Herunterladen (PDF-Datei, ca. 234 KB)<\/p>\n<hr \/>\n<p><span style=\"font-size: 12pt;\"><strong>M\u00fctter gegen den Krieg Berlin-Brandenburg (Selbstdarstellung)<\/strong><\/span><\/p>\n<p><span style=\"font-size: 12pt;\">Unser Verein besteht mittlerweile aus ca. 60 Frauen und M\u00e4nnern verschiedener Parteien, Religionen und Weltanschauungen. Im Jahre 1999 fuhren wir mit einem Buskonvoi &#8211; eingebettet in eine Gruppe von 168 Friedensbewegten aus ganz Deutschland &#8211; w\u00e4hrend der NATO &#8211; Bombardements gegen den souver\u00e4nen Staat Jugoslawien nach Belgrad, um den Menschen dort unsere Solidarit\u00e4t zu bezeugen. Mitglieder unseres Vereins f\u00fchren seit dem 24.3.1999 w\u00f6chentlich Antikriegsmahnwachen auf dem Alexanderplatz vor der Galeria Kaufhof (montags von 18-19. 00 Uhr), sowie am Pariser Platz vor dem Brandenburger Tor, schr\u00e4g gegen\u00fcber der amerikanischen Botschaft ( mittwochs von 15-16.00 Uhr) durch und laden \u00f6fters \u00a0zu unseren Veranstaltungen \u00fcber L\u00e4nder ein, die im Fadenkreuz des Imperialismus stehen. Ihr k\u00f6nnt uns erreichen unter: <a href=\"http:\/\/www.muetter-gegen-den-krieg-berlin.de\">www.muetter-gegen-den-krieg-berlin.de<\/a>\u00a0bzw. unter T\/F\/A: 0331 71 17 71<\/span><\/p>\n<hr \/>\n<p><span style=\"font-size: 10pt;\">Bild oben: Brigitte Queck (Bildmitte) auf einer D<span style=\"font-family: Arial;\">emonstration der &#8222;M\u00fctter gegen den Krieg Berlin-Brandenburg&#8220; mit Antifaschisten und Kommunisten am 2. M\u00e4rz 2019<br \/>\nQuelle: <a href=\"http:\/\/www.muetter-gegen-den-krieg-berlin.de\/\" target=\"_blank\" rel=\"noopener\">http:\/\/www.muetter-gegen-den-krieg-berlin.de\/<\/a><\/span><\/span><\/p>\n<p>&nbsp;<\/p>\n","protected":false},"excerpt":{"rendered":"<p><b>Offener Brief an die Bundesregierung\u00a0und die Abgeordneten des Deutschen Bundestages<\/b><br \/>\n<b>von Brigitte Queck<\/b> im Auftrag des Vereins \u201eM\u00fctter gegen den Krieg Berlin-Brandenburg\u201c<br \/>\nFr\u00fcher hatte der Grundsatz \u201ekeine Waffenlieferungen in Krisengebiete\u201c Deutschland und die meisten europ\u00e4ischen Partnerl\u00e4nder- zumindest \u00f6ffentlich &#8211; aus milit\u00e4rischen Auseinandersetzungen (an denen nur ausnahmsweise eine Seite die alleinige Schuld tr\u00e4gt) herausgehalten. Die unter Bruch dieses bew\u00e4hrten Grundsatzes seit Beginn des Ukrainekrieges get\u00e4tigten Waffenlieferungen haben nicht zu einer Ann\u00e4herung zwischen den Konfliktparteien beigetragen, sondern vorhersehbarer Weise zu einer Eskalation, die gerade dabei ist, aus dem Ruder zu gehen. Dem Kontrollverlust auf Ebene der Kriegshandlungen liegen Wahrnehmungsdefizite zugrunde \u2013 auf der Ebene historischer und aktueller Fakten und auf der Ebene der wirksamen psychologischen Mechanismen.<\/p>\n","protected":false},"author":3,"featured_media":16897,"comment_status":"closed","ping_status":"closed","sticky":false,"template":"","format":"standard","meta":{"colormag_page_container_layout":"default_layout","colormag_page_sidebar_layout":"default_layout","advanced_seo_description":"","jetpack_seo_html_title":"","jetpack_seo_noindex":false,"jetpack_post_was_ever_published":false,"footnotes":""},"categories":[13],"tags":[1046,1366,188,977,1355,1904,222,623,1905,639,1715,1525],"class_list":["post-16895","post","type-post","status-publish","format-standard","has-post-thumbnail","hentry","category-frieden-antifaschismus-solidaritaet","tag-3-weltkrieg","tag-appell","tag-krieg","tag-kritisches-denken","tag-militaerisch-industrieller-komplex","tag-offener-brief","tag-russland","tag-souveraenitaet","tag-streumunition","tag-ukraine-konflikt","tag-verhandlungen","tag-waffenlieferungen"],"jetpack_featured_media_url":"https:\/\/i0.wp.com\/www.freidenker.org\/fw17\/wp-content\/uploads\/2023\/09\/queck_IMG_20190302_124136anti-demo_800x450.jpg?fit=800%2C450&ssl=1","jetpack_shortlink":"https:\/\/wp.me\/p9stpK-4ov","jetpack-related-posts":[{"id":3049,"url":"https:\/\/www.freidenker.org\/?p=3049","url_meta":{"origin":16895,"position":0},"title":"OFFENER BRIEF an die Bundeskanzlerin","author":"Webredaktion","date":"6. April 2014","format":false,"excerpt":"Offener Brief des DFV an die Bundeskanzlerin Angela Merkel Auszug: Der Deutsche Freidenker-Verband warnt, gemeinsam mit anderen dem Frieden verpflichteten Verb\u00e4nden und Vereinen, vor der weiteren Zuspitzung der Auseinandersetzungen zwischen dem Westen und Russland. Wir verlangen ein Ende der Feindbildproduktion und Desinformation sowie der antirussischen Kampagnen und der D\u00e4monisierung des\u2026","rel":"","context":"In &quot;Frieden - Antifaschismus - Solidarit\u00e4t&quot;","block_context":{"text":"Frieden - Antifaschismus - Solidarit\u00e4t","link":"https:\/\/www.freidenker.org\/?cat=13"},"img":{"alt_text":"","src":"https:\/\/i0.wp.com\/www.freidenker.org\/fw17\/wp-content\/uploads\/2014\/04\/open-letter-1566551_800x445.jpg?fit=800%2C445&ssl=1&resize=350%2C200","width":350,"height":200,"srcset":"https:\/\/i0.wp.com\/www.freidenker.org\/fw17\/wp-content\/uploads\/2014\/04\/open-letter-1566551_800x445.jpg?fit=800%2C445&ssl=1&resize=350%2C200 1x, https:\/\/i0.wp.com\/www.freidenker.org\/fw17\/wp-content\/uploads\/2014\/04\/open-letter-1566551_800x445.jpg?fit=800%2C445&ssl=1&resize=525%2C300 1.5x, https:\/\/i0.wp.com\/www.freidenker.org\/fw17\/wp-content\/uploads\/2014\/04\/open-letter-1566551_800x445.jpg?fit=800%2C445&ssl=1&resize=700%2C400 2x"},"classes":[]},{"id":15340,"url":"https:\/\/www.freidenker.org\/?p=15340","url_meta":{"origin":16895,"position":1},"title":"K\u00f6nnen wir dieser Regierung noch vertrauen?","author":"Webredaktion","date":"21. Februar 2023","format":false,"excerpt":"Aufruf zur Protestkundgebung am Samstag, den 25. Februar 2023 um 10:00 Uhr in Brandenburg\/Havel, Neust\u00e4dtischer Markt Pressemitteilung des B\u00fcndnisses f\u00fcr Frieden: \"Am 24.2. wird es in zahlreichen Medien um die Tatsache gehen, dass 365 Tage Krieg in der Ukraine herrscht. Kein Wort wird davon zu h\u00f6ren sein, dass die Besch\u00fcsse\u2026","rel":"","context":"In &quot;Frieden - Antifaschismus - Solidarit\u00e4t&quot;","block_context":{"text":"Frieden - Antifaschismus - Solidarit\u00e4t","link":"https:\/\/www.freidenker.org\/?cat=13"},"img":{"alt_text":"","src":"https:\/\/i0.wp.com\/www.freidenker.org\/fw17\/wp-content\/uploads\/2023\/02\/mahnwache_bbg_2023_800x450.jpg?fit=800%2C450&ssl=1&resize=350%2C200","width":350,"height":200,"srcset":"https:\/\/i0.wp.com\/www.freidenker.org\/fw17\/wp-content\/uploads\/2023\/02\/mahnwache_bbg_2023_800x450.jpg?fit=800%2C450&ssl=1&resize=350%2C200 1x, https:\/\/i0.wp.com\/www.freidenker.org\/fw17\/wp-content\/uploads\/2023\/02\/mahnwache_bbg_2023_800x450.jpg?fit=800%2C450&ssl=1&resize=525%2C300 1.5x, https:\/\/i0.wp.com\/www.freidenker.org\/fw17\/wp-content\/uploads\/2023\/02\/mahnwache_bbg_2023_800x450.jpg?fit=800%2C450&ssl=1&resize=700%2C400 2x"},"classes":[]},{"id":18049,"url":"https:\/\/www.freidenker.org\/?p=18049","url_meta":{"origin":16895,"position":2},"title":"Offener Brief an pax christi","author":"Webredaktion","date":"29. Januar 2024","format":false,"excerpt":"Am 26.01.2024 verteilte die katholische Friedensorganisation \"pax christi\" eine E-Mail mit folgendem Inhalt: pax christi - Deutsche Sektion e.V. ruft mit auf: Schlie\u00df dich der Brandmauer gegen Rechts an!\u00a0Gegen Spaltung - F\u00fcr Demokratie Jetzt sind wir alle gefragt: Es ist unsere gemeinsame Verantwortung, als Zivilgesellschaft ein solidarisches Miteinander zu verteidigen.\u2026","rel":"","context":"In &quot;Frieden - Antifaschismus - Solidarit\u00e4t&quot;","block_context":{"text":"Frieden - Antifaschismus - Solidarit\u00e4t","link":"https:\/\/www.freidenker.org\/?cat=13"},"img":{"alt_text":"","src":"https:\/\/i0.wp.com\/www.freidenker.org\/fw17\/wp-content\/uploads\/2024\/01\/Plakat_auf_der_Demo_-Gemeinsam_gegen_Rechts-_08_800x450.jpg?fit=800%2C450&ssl=1&resize=350%2C200","width":350,"height":200,"srcset":"https:\/\/i0.wp.com\/www.freidenker.org\/fw17\/wp-content\/uploads\/2024\/01\/Plakat_auf_der_Demo_-Gemeinsam_gegen_Rechts-_08_800x450.jpg?fit=800%2C450&ssl=1&resize=350%2C200 1x, https:\/\/i0.wp.com\/www.freidenker.org\/fw17\/wp-content\/uploads\/2024\/01\/Plakat_auf_der_Demo_-Gemeinsam_gegen_Rechts-_08_800x450.jpg?fit=800%2C450&ssl=1&resize=525%2C300 1.5x, https:\/\/i0.wp.com\/www.freidenker.org\/fw17\/wp-content\/uploads\/2024\/01\/Plakat_auf_der_Demo_-Gemeinsam_gegen_Rechts-_08_800x450.jpg?fit=800%2C450&ssl=1&resize=700%2C400 2x"},"classes":[]},{"id":6261,"url":"https:\/\/www.freidenker.org\/?p=6261","url_meta":{"origin":16895,"position":3},"title":"Video: Kundgebung &#8222;Stoppt den Krieg gegen den Donbass!&#8220;","author":"Webredaktion","date":"24. April 2019","format":false,"excerpt":"Video von der Protest- und Mahnkundgebung \"Stoppt den Krieg gegen den Donbass!\" am 14. April 2019 in Berlin Gegen den nach wie vor stattfindenden, aber schon fast vergessenen Krieg der ukrainischen Regierung gegen die Volksrepubliken im Donbass fand Mitte April 2019 in Berlin diese Protestkundgebung statt. Sie richtete sich besonders\u2026","rel":"","context":"In &quot;Frieden - Antifaschismus - Solidarit\u00e4t&quot;","block_context":{"text":"Frieden - Antifaschismus - Solidarit\u00e4t","link":"https:\/\/www.freidenker.org\/?cat=13"},"img":{"alt_text":"","src":"https:\/\/i0.wp.com\/www.freidenker.org\/fw17\/wp-content\/uploads\/2019\/04\/Kundgebung_Donbass_2019_800x445.jpg?fit=800%2C445&ssl=1&resize=350%2C200","width":350,"height":200,"srcset":"https:\/\/i0.wp.com\/www.freidenker.org\/fw17\/wp-content\/uploads\/2019\/04\/Kundgebung_Donbass_2019_800x445.jpg?fit=800%2C445&ssl=1&resize=350%2C200 1x, https:\/\/i0.wp.com\/www.freidenker.org\/fw17\/wp-content\/uploads\/2019\/04\/Kundgebung_Donbass_2019_800x445.jpg?fit=800%2C445&ssl=1&resize=525%2C300 1.5x, https:\/\/i0.wp.com\/www.freidenker.org\/fw17\/wp-content\/uploads\/2019\/04\/Kundgebung_Donbass_2019_800x445.jpg?fit=800%2C445&ssl=1&resize=700%2C400 2x"},"classes":[]},{"id":807,"url":"https:\/\/www.freidenker.org\/?p=807","url_meta":{"origin":16895,"position":4},"title":"FREIDENKER 4-14 EXTRA &#8211; Der &#8222;Westen&#8220; und Russland","author":"Webmaster","date":"16. Dezember 2014","format":false,"excerpt":"Die Extra-Ausgabe 4-14 des Verbandsorgans FREIDENKER enth\u00e4lt die Beitr\u00e4ge der Konferenz \u201eDer \"Westen\" und Russland\u201c, die am 06.09.2014 in Berlin stattfand. Darin u.a.: - Dr. Georgi Starikovich: Begr\u00fc\u00dfungsrede der Botschaft der Russischen F\u00f6deration - Viktor Grossmann: Gru\u00dfwort - Wilfried Handwerk: Die Entstehung und Urheber des Konfliktes in der Ukraine -\u2026","rel":"","context":"In &quot;Verbandsorgan FREIDENKER&quot;","block_context":{"text":"Verbandsorgan FREIDENKER","link":"https:\/\/www.freidenker.org\/?cat=8"},"img":{"alt_text":"","src":"https:\/\/i0.wp.com\/www.freidenker.org\/fw17\/wp-content\/uploads\/2017\/12\/FD_2014-04_Titel_mR.jpg?fit=800%2C445&ssl=1&resize=350%2C200","width":350,"height":200,"srcset":"https:\/\/i0.wp.com\/www.freidenker.org\/fw17\/wp-content\/uploads\/2017\/12\/FD_2014-04_Titel_mR.jpg?fit=800%2C445&ssl=1&resize=350%2C200 1x, https:\/\/i0.wp.com\/www.freidenker.org\/fw17\/wp-content\/uploads\/2017\/12\/FD_2014-04_Titel_mR.jpg?fit=800%2C445&ssl=1&resize=525%2C300 1.5x, https:\/\/i0.wp.com\/www.freidenker.org\/fw17\/wp-content\/uploads\/2017\/12\/FD_2014-04_Titel_mR.jpg?fit=800%2C445&ssl=1&resize=700%2C400 2x"},"classes":[]},{"id":19922,"url":"https:\/\/www.freidenker.org\/?p=19922","url_meta":{"origin":16895,"position":5},"title":"Offener Brief an den Pr\u00e4sidenten der Vereinigten Staaten Joe Biden","author":"Webredaktion","date":"27. September 2024","format":false,"excerpt":"Offener Brief von Wolfgang Effenberger und Dr. Amir Mortasawi (25. September 2024) Sehr geehrter Herr Pr\u00e4sident! Wir sind gespannt auf Ihren f\u00fcr den 10. Oktober 2024 geplanten Besuch in Deutschland und hoffen inst\u00e4ndig, dass Sie mit 81 Jahren, nach Ihrer \u00fcber 50-j\u00e4hrigen politischen T\u00e4tigkeit und am Ende Ihrer Amtszeit als\u2026","rel":"","context":"In &quot;Demokratie \u2013 Medien \u2013 Aufkl\u00e4rung&quot;","block_context":{"text":"Demokratie \u2013 Medien \u2013 Aufkl\u00e4rung","link":"https:\/\/www.freidenker.org\/?cat=12"},"img":{"alt_text":"","src":"https:\/\/i0.wp.com\/www.freidenker.org\/fw17\/wp-content\/uploads\/2024\/09\/biden_P20240919AS-0842_800x450.jpg?fit=800%2C450&ssl=1&resize=350%2C200","width":350,"height":200,"srcset":"https:\/\/i0.wp.com\/www.freidenker.org\/fw17\/wp-content\/uploads\/2024\/09\/biden_P20240919AS-0842_800x450.jpg?fit=800%2C450&ssl=1&resize=350%2C200 1x, https:\/\/i0.wp.com\/www.freidenker.org\/fw17\/wp-content\/uploads\/2024\/09\/biden_P20240919AS-0842_800x450.jpg?fit=800%2C450&ssl=1&resize=525%2C300 1.5x, https:\/\/i0.wp.com\/www.freidenker.org\/fw17\/wp-content\/uploads\/2024\/09\/biden_P20240919AS-0842_800x450.jpg?fit=800%2C450&ssl=1&resize=700%2C400 2x"},"classes":[]}],"_links":{"self":[{"href":"https:\/\/www.freidenker.org\/index.php?rest_route=\/wp\/v2\/posts\/16895","targetHints":{"allow":["GET"]}}],"collection":[{"href":"https:\/\/www.freidenker.org\/index.php?rest_route=\/wp\/v2\/posts"}],"about":[{"href":"https:\/\/www.freidenker.org\/index.php?rest_route=\/wp\/v2\/types\/post"}],"author":[{"embeddable":true,"href":"https:\/\/www.freidenker.org\/index.php?rest_route=\/wp\/v2\/users\/3"}],"replies":[{"embeddable":true,"href":"https:\/\/www.freidenker.org\/index.php?rest_route=%2Fwp%2Fv2%2Fcomments&post=16895"}],"version-history":[{"count":0,"href":"https:\/\/www.freidenker.org\/index.php?rest_route=\/wp\/v2\/posts\/16895\/revisions"}],"wp:featuredmedia":[{"embeddable":true,"href":"https:\/\/www.freidenker.org\/index.php?rest_route=\/wp\/v2\/media\/16897"}],"wp:attachment":[{"href":"https:\/\/www.freidenker.org\/index.php?rest_route=%2Fwp%2Fv2%2Fmedia&parent=16895"}],"wp:term":[{"taxonomy":"category","embeddable":true,"href":"https:\/\/www.freidenker.org\/index.php?rest_route=%2Fwp%2Fv2%2Fcategories&post=16895"},{"taxonomy":"post_tag","embeddable":true,"href":"https:\/\/www.freidenker.org\/index.php?rest_route=%2Fwp%2Fv2%2Ftags&post=16895"}],"curies":[{"name":"wp","href":"https:\/\/api.w.org\/{rel}","templated":true}]}}