{"id":16889,"date":"2023-09-02T13:38:51","date_gmt":"2023-09-02T11:38:51","guid":{"rendered":"https:\/\/www.freidenker.org\/?p=16889"},"modified":"2023-10-07T12:26:36","modified_gmt":"2023-10-07T10:26:36","slug":"hunger-als-waffe-baerbocks-gehaessige-zweckluege","status":"publish","type":"post","link":"https:\/\/www.freidenker.org\/?p=16889","title":{"rendered":"\u201eHunger als Waffe\u201c: Baerbocks geh\u00e4ssige Zweckl\u00fcge"},"content":{"rendered":"<h3>Hysterischer Russenhass zerfrisst das letzte bisschen Restverstand \/ Selbstt\u00e4uschung \u00fcber die t\u00f6dlichen EU-Sanktionen<\/h3>\n<p><em>Von <strong>Friedhelm Klinkhammer<\/strong> und <strong>Volker Br\u00e4utigam<\/strong><\/em><\/p>\n<p><strong>Der \u00f6ffentlich-rechtliche \u201eVerbl\u00f6dungs\u201c-Journalismus<\/strong><a href=\"#_edn1\" name=\"_ednref1\">[1]<\/a><strong> scheut sich schon lange nicht mehr, bei Mangel an stichhaltigen Argumenten l\u00fcckenf\u00fcllenden Schaum zu schlagen. Begr\u00fcndungsarmes Politiker-Gew\u00e4sch kriegt sofort eine knallige Verpackung, damit es sich \u201everkauft.\u201c \u00a0Gegenw\u00e4rtig versuchen unsere Medienschaffenden, mit dem verbalen Dreschflegel \u201e<em>Putin setzt Hunger als Waffe ein<\/em>\u201c den Verstand ihres Publikums flachzukloppen. Sp\u00e4testens, seit sogar Au\u00dfenministerin Baerbock den Quatsch fehlerfrei nachplappern kann, ist er zum gefl\u00fcgelten Wort in der ohnehin niedertr\u00e4chtigen Ukraine-Kriegsberichterstattung geworden. Den chinesischen Sinnspruch <em>\u201eWer in die Luft spuckt, kriegt\u2019s wieder ins Gesicht\u201c<\/em>, muss unsere bildungsfreie Chefdiplomatin ja nicht unbedingt kennen. Aber den urdeutschen Rat, im Glashaus nicht mit Steinen zu werfen, sollte sie besser doch befolgen. Denn nicht Putin setzt den Hunger als Waffe ein, sondern Berlin und Br\u00fcssel. Mit t\u00f6dlichem Erfolg. Zum Beispiel in Syrien.<\/strong><a href=\"#_edn2\" name=\"_ednref2\">[2]<\/a> <strong>Und in Niger, wo sie Sanktionen nachdr\u00fccklich unterst\u00fctzen, die eine Hungerkatastrophe verursachen werden.<\/strong><a href=\"#_edn3\" name=\"_ednref3\">[3]<\/a><\/p>\n<p>Baerbock hatte bereits im Juni vorigen Jahres auf einer internationalen Konferenz zur Ern\u00e4hrungssicherheit in Berlin behauptet, Russland nutze den\u00a0Hunger\u00a0in der Welt \u201eganz bewusst als Kriegswaffe\u201c. Russland, so w\u00f6rtlich, \u201enimmt die ganze Welt als Geisel\u201c.<a href=\"#_edn4\" name=\"_ednref4\">[4]<\/a> 345 Millionen Menschen weltweit seien derzeit von Nahrungsmittelknappheit bedroht, die\u00a0Hungerkrise\u00a0baue sich \u201ewie eine lebensbedrohliche Welle vor uns auf\u201c. Aber erst Russlands\u00a0Krieg\u00a0habe \u201eaus dieser Welle einen Tsunami gemacht\u201c. (ebd.)<\/p>\n<p>Die plumpe Absicht ihrer Hassrede: Breitere W\u00e4hlerschichten als nur die kriegsfreudigen NATO-oliv-Gr\u00fcnen emotional \u201eauf Zinne\u201c bringen. Im Verlass auf das tiefsitzende Revanchebed\u00fcrfnis wegen der Niederlage Nazi-Deutschlands gegen die Sowjetunion und auf das \u201eneue deutsche Selbstbewusstsein\u201c.<a href=\"#_edn5\" name=\"_ednref5\">[5]<\/a> Auch eine gedankliche Verbindung zu den aktuell kr\u00e4ftig verteuerten Lebensmitteln l\u00e4sst sich damit anregen. Zugleich k\u00f6nnte die L\u00fcge (bei h\u00e4ufiger Wiederholung) Baerbocks fehlgeschlagene Sanktionspolitik \u2013 \u201eRussland ruinieren\u201c<a href=\"#_edn6\" name=\"_ednref6\">[6]<\/a> \u2013 \u00fcbert\u00fcnchen. Deren negative Folgen bekommen wir derzeit ja selbst nachhaltig zu sp\u00fcren.<\/p>\n<p>Der Kampf gegen Hunger und Elend in der Welt ist \u00fcberdies durchaus keine Herzensangelegenheit unserer regierenden Schmuckst\u00fccke. Beim erw\u00e4hnten Anlass erkl\u00e4rte Baerbock denn auch: \u201eDie Konferenz ist keine Geberkonferenz, es geht nicht nur ums Geld.\u201c Vielmehr m\u00fcssten sich die \u00e4rmeren L\u00e4nder besser gegen Krisen wappnen. Soll hei\u00dfen: \u201eHelft euch selbst, dann hilft euch Gott\u201c. Deutschland gibt sein Geld \u2013 inzwischen mehr als 22 Milliarden Euro<a href=\"#_edn7\" name=\"_ednref7\">[7]<\/a> \u2013 lieber f\u00fcr Waffenlieferungen an die Ukraine und als Schmiermittel f\u00fcr dortige Politkriminelle und Oligarchen aus. Dabei w\u00e4ren nur 14 Milliarden Dollar j\u00e4hrlich n\u00f6tig, um den Hunger endg\u00fcltig \u2013 weltweit \u2013 zu besiegen.<a href=\"#_edn8\" name=\"_ednref8\">[8]<\/a> Merke: Moral ist, wenn es trotzdem kracht.<\/p>\n<h5>Ohne Sinn und Verstand<\/h5>\n<p>Der \u00f6ffentlich-rechtliche Rundfunk aber bringt den volksverhetzenden Schmarren \u201eRussland setzt den Hunger als Kriegswaffe ein\u201c unkommentiert, gleichgeschaltet und sprachgeregelt immer wieder unters daf\u00fcr zahlende Volk.<a href=\"#_edn9\" name=\"_ednref9\">[9]<\/a> Er best\u00e4tigt sich damit als Lautsprecheranlage des Berliner Regimes und dessen Washingtoner Vorgesetzten. Angesichts des moralisierenden Entr\u00fcstungs-Glibbers, den unsere journalistischen Hofschranzen \u00fcber die Schreibtische in Hamburg (ARD-aktuell), Mainz (ZDF-heute) und K\u00f6ln (DRadio, DW) gegen satte Rundfunkgeb\u00fchr an die Kundschaft weiterreichen, wird es zunehmend schwieriger, Immanuel Kants Aufforderung zu beherzigen: \u201eHabe Mut, dich deines eigenen Verstandes zu bedienen!\u201c<a href=\"#_edn10\" name=\"_ednref10\">[10]<\/a>.<\/p>\n<p>Probieren wir\u2018s bitte mal mit folgender \u00dcberlegung: Keines der direkt oder indirekt am Ukraine-Krieg teilnehmenden L\u00e4nder ist wegen verhinderter ukrainischer Getreidelieferungen vom Hunger bedroht. Der Vorwurf \u201eHunger als Waffe im Krieg\u201c trifft somit schon formal nicht. Und, gegen Russland gerichtet, den Falschen: Hungersnot droht zwar einigen L\u00e4ndern des globalen S\u00fcdens<a href=\"#_edn11\" name=\"_ednref11\">[11]<\/a>, allerdings \u00fcberwiegend jenen, die Russland als Partner betrachtet und als diplomatisch Verb\u00fcndete zu gewinnen sucht. Pr\u00e4sident Putin hat die Welt denn auch wissen lassen, dass er den \u00e4rmsten L\u00e4ndern Afrikas kostenlos Getreide senden wird.<a href=\"#_edn12\" name=\"_ednref12\">[12]<\/a>\u00a0Zugleich erkl\u00e4rte er, Russland k\u00f6nne eventuell ausfallende ukrainische Getreidelieferungen auf dem Weltmarkt ersetzen.<a href=\"#_edn13\" name=\"_ednref13\">[13]<\/a><\/p>\n<p>Der globale Getreidemarkt funktioniert eben nicht so eindimensional, wie das Schlagwort \u201eHunger als Waffe\u201c glauben machen soll. Der Markt reagiert auf zahlreiche Impulse<a href=\"#_edn14\" name=\"_ednref14\">[14]<\/a>, nicht nur solche aus dem politischen Raum.<a href=\"#_edn15\" name=\"_ednref15\">[15]<\/a> Ein m\u00f6glicher Versorgungsengpass \u2013 mit schweren Folgen f\u00fcr einige Empf\u00e4ngerl\u00e4nder Afrikas \u2013 h\u00e4tte jedoch zwei Hauptverursacher, und auf beide hat Russland nicht den geringsten Einfluss. Umgekehrt wird dagegen ein Schuh draus:<\/p>\n<p><u>Die marktbeherrschenden globalen Getreideh\u00e4ndler<\/u>.<\/p>\n<p>Sie wollen ihre Gesch\u00e4fte in und mit der Russischen F\u00f6deration drastisch zur\u00fcckfahren. Einer Statista-Prognose zufolge soll Russland bei den Weizenexporten in der kommenden Saison 2023\/24 zwar an erster Stelle bleiben, jedoch an Getreide insgesamt fast ein Viertel weniger als heuer ausf\u00fchren.<a href=\"#_edn16\" name=\"_ednref16\">[16]<\/a> Die internationalen Agrarh\u00e4ndler Cargill, Louis Dreyfus und Viterra haben bereits zum Juli dieses Jahres ihren Getreideexport aus Russland eingestellt.<a href=\"#_edn17\" name=\"_ednref17\">[17]<\/a> Ihr Anteil am russischen Getreideexport wird auf 16 Prozent gesch\u00e4tzt. Dass sie mit ihrem R\u00fcckzug globale Versorgungsengp\u00e4sse erzeugen und Getreidepreise auf dem Weltmarkt in die H\u00f6he treiben k\u00f6nnen, versteht sich von selbst.<\/p>\n<p><u>USA und EU, Initiatoren der v\u00f6lkerrechtswidrigen Sanktionen<\/u>.<\/p>\n<p>Auch die sollen Russlands Getreideexport soweit m\u00f6glich blocken.<a href=\"#_edn18\" name=\"_ednref18\">[18]<\/a> Einer der dazu eingesetzten Hebel ist, Russland aus dem vom Westen dominierten Kommunikationssystem SWIFT f\u00fcr den internationalen Zahlungsverkehr auszuschlie\u00dfen, \u201eum den Kreml von der Weltwirtschaft abzuschneiden\u201c.<a href=\"#_edn19\" name=\"_ednref19\"><sup>[19]<\/sup><\/a>\u00a0 Davon betroffen ist auch Russlands staatliche Landwirtschaftsbank. Sie kann den Zahlungsverkehr f\u00fcr den russischen Getreideexport nicht mehr abwickeln.<\/p>\n<h5>Nutznie\u00dfer und Mondgucker<\/h5>\n<p>Am Rande sei noch vermerkt: W\u00e4hrend des inzwischen \u201etoten\u201c Schwarzmeer-Abkommens verlie\u00dfen tats\u00e4chlich nur 725 000 Tonnen Weizen die ukrainischen H\u00e4fen in Richtung der am st\u00e4rksten vom Hunger bedrohten L\u00e4nder \u00c4thiopien, Jemen, Afghanistan, Sudan, Somalia, Kenia und Dschibuti.<a href=\"#_edn20\" name=\"_ednref20\">[20]<\/a> Ein Klacks, mehr nicht. \u00a0Insgesamt erreichten gerade mal 2,5 Prozent des ukrainischen Getreideexports die wirklich notleidenden L\u00e4nder.<a href=\"#_edn21\" name=\"_ednref21\">[21]<\/a><\/p>\n<p>Sogar die Tagesschau meldete: \u201e44 Prozent (des ukrainischen Getreideexports) gingen an reiche L\u00e4nder, 3 Prozent an arme L\u00e4nder.\u201c<a href=\"#_edn22\" name=\"_ednref22\">[22]<\/a> Den L\u00f6wenanteil am Getreide aus der Ukraine sicherten sich Spanien, China und die T\u00fcrkei. Mit einigem Abstand folgten Italien und die Niederlande.<a href=\"#_edn23\" name=\"_ednref23\">[23]<\/a> Gegen den ukrainischen Getreideexport opponierten jedoch etliche andere EU-L\u00e4nder<a href=\"#_edn24\" name=\"_ednref24\">[24]<\/a>, weil er ihre nationalen M\u00e4rkte unter Druck setze. Bis heute herrscht in der EU heftiger Zoff \u00fcber ein deshalb verf\u00fcgtes Importverbot.<a href=\"#_edn25\" name=\"_ednref25\">[25]<\/a><\/p>\n<p>Weltweit werden j\u00e4hrlich allein rund 800 Millionen Tonnen Weizen produziert. Etwas mehr als 190 Millionen Tonnen gehen in den Export. Die f\u00fcnf gr\u00f6\u00dften Anbieter waren zuletzt Russland, die EU, Australien, Kanada und die USA. Erst auf dem sechsten Platz folgte die Ukraine. Ihr Anteil am Weltmarkt lag bei 8 Prozent.<a href=\"#_edn26\" name=\"_ednref26\">[26]<\/a> Dem Regime in Kiew ist k\u00fcnftig zwar der Getreideexport per Schiff \u00fcbers Schwarze Meer verwehrt, es bleibt ihm aber noch die Ausfuhr \u00fcber Land. Der partielle Exportausfall ist f\u00fcr die Ukraine schmerzlich, sein Anteil am Weltmarkt jedoch viel zu klein, als dass er dort Versorgungsengp\u00e4sse erzeugen und in einigen L\u00e4ndern gar Hungersn\u00f6te herbeif\u00fchren k\u00f6nnte. Andere Exportl\u00e4nder treten an die Stelle der Ukraine.<\/p>\n<h5>Getreidepreistreiber<\/h5>\n<p>Indien zum Beispiel. Der zweitgr\u00f6\u00dfte Weizenproduzent weltweit <a href=\"#_edn27\" name=\"_ednref27\">[27]<\/a>, wollte eigentlich von der Knappheit profitieren<a href=\"#_edn28\" name=\"_ednref28\">[28]<\/a> und w\u00e4re nur allzu gerne als Ersatzlieferant eingesprungen. Premier Modi hatte im vorigen Jahr versprochen, eine m\u00f6gliche Versorgungsl\u00fccke zu f\u00fcllen. Schon bald verf\u00fcgte er stattdessen jedoch ein Exportverbot, um den sprunghaften Preisauftrieb im eigenen Land zu stoppen.<a href=\"#_edn29\" name=\"_ednref29\">[29]<\/a> Drohende Ernteausf\u00e4lle wegen einer Hitzewelle hatten die Kehrtwende erzwungen. Modis Absage lie\u00df den Weizenpreis prompt sprunghaft ansteigen.<a href=\"#_edn30\" name=\"_ednref30\">[30]<\/a><\/p>\n<p>Andere Getreideexporteure trugen ebenfalls dazu bei, die aktuellen Preise hoch zu halten. In den USA trat dabei ein Neidmotiv zutage. 28 Mitglieder des US-Kongresses hatten in einem Brief geklagt: \u201eAmerikanische Rohstoffproduzenten sind gegen\u00fcber ihren Konkurrenten klar im Nachteil, vor allem aus Indien, wo die Regierung mehr als die H\u00e4lfte des Produktionswertes f\u00fcr Reis und Weizen subventioniert, anstatt der 10 Prozent, die erlaubt sind nach den Regeln der Welt-Handelsorganisation (WTO).\u201c<a href=\"#_edn31\" name=\"_ednref31\">[31]<\/a> Nat\u00fcrlich reagierten die Getreideb\u00f6rsen auf diesen Protest.<\/p>\n<p>Den G7-Agrarministern passte die indische Subventionspolitik ebenfalls nicht, nur begr\u00fcndeten sie ihre Ablehnung anders. Bundeslandwirtschaftsminister Cem \u00d6zdemir, bis zum Kragen abgef\u00fcllt mit Selbst\u00fcbersch\u00e4tzung: \u201eWir haben alle miteinander, gerade die gro\u00dfen Exportnationen, auch eine Verantwortung f\u00fcr den Rest der Welt\u201c, n\u00f6lte er mit Blick nach Neu-Delhi. \u201eIch sehe das sehr kritisch\u201c.<a href=\"#_edn32\" name=\"_ednref32\">[32]<\/a> Tats\u00e4chlich galt seine \u201eSorge\u201c wohl blo\u00df den deutschen Verbraucherpreisen, er ist schlie\u00dflich auch f\u00fcr das Ressort Ern\u00e4hrung zust\u00e4ndig. Gardinenpredigten, adressiert an Abwesende, dienen seiner Sorte Politiker bevorzugt als risikoloser Ersatz f\u00fcr fehlende eigene Handlungsbereitschaft.<\/p>\n<p>Strich drunter. Das Profitinteresse hat im Kapitalismus immer Vorrang, auch angesichts m\u00f6glicher Hungersn\u00f6te.<\/p>\n<p>Man sollte meinen, dass sich angesichts der Faktenlage jeder l\u00e4cherlich macht, der da behauptet, Russland setze den \u201eHunger als Waffe\u201c ein. Doch die Baerb\u00f6cke unserer Tage sind nicht nur aggressiv, sondern auch erkenntnisresistent. Zur reuigen Einsicht, Russland gen\u00f6tigt zu haben, das Getreideabkommen f\u00fcr die Ukraine auslaufen zu lassen, reicht es einfach nicht. Dass Putin versprach, kostenloses Getreide nach Afrika zu liefern, verst\u00e4rkte noch ihre Abneigung, denn es lie\u00df sie in den Augen der Welt alt aussehen.<\/p>\n<p>Es meckerten vor allem die penetrant russophoben Deutschen: Bundesentwicklungsministerin Schulze sagte dem Evangelischen Pressedienst, \u201ePr\u00e4sident Putin habe schon zu oft sein Wort gebrochen und w\u00e4re jederzeit wieder in der Lage, Weizen als Waffe zu benutzen\u201c.<a href=\"#_edn33\" name=\"_ednref33\">[33]<\/a> Berliner Spitzenpolitiker legen Wert darauf, intellektuell auf Augenh\u00f6he mit einem Briefkastenschlitz zu bleiben.<\/p>\n<h5>R\u00e4uberisches, m\u00f6rderisches US-Regime<\/h5>\n<p>Verdr\u00e4ngt und vergessen ist, wie Westliche-Werte-Krieger nach ihren milit\u00e4rischen Niederlagen rachs\u00fcchtig mit dem \u201eHunger als Waffe\u201c umzugehen pflegen. Die US-Amerikaner nahmen erst j\u00fcngst, nach ihrem Rauswurf aus Afghanistan, dessen hungernde Bev\u00f6lkerung in Kollektivhaft. Sie froren 6,1 Milliarden Euro auf den afghanischen Auslandskonten ein und schlossen Kabul aus dem SWIFT-Bankenzahlungssystem aus.<a href=\"#_edn34\" name=\"_ednref34\">[34]<\/a> Damit konnte die Taliban-Regierung keine Geh\u00e4lter mehr auszahlen, keine Medikamente und Lebensmittel mehr importieren. Die Hungersnot \u2013 jeder dritte Afghane ist unterern\u00e4hrt \u2013 treibt mittlerweile hunderttausende Afghanen zur Flucht.<a href=\"#_edn35\" name=\"_ednref35\">[35]<\/a><\/p>\n<p>Knapp die H\u00e4lfte des afghanischen Geldes, 3,5 Milliarden Dollar, lie\u00df US-Pr\u00e4sident Biden inzwischen beschlagnahmen, um damit seine Landsleute, \u201edie Opfer des Anschlags vom 11. September zu entsch\u00e4digen\u201c.<a href=\"#_edn36\" name=\"_ednref36\">[36]<\/a> Mit diesem Terrorakt hatte Afghanistan zwar nichts zu tun, die Attent\u00e4ter waren Araber. Aber was schert das schon kriminelle wertewestliche Regimes wie das der USA und ihrer Vasallen.<\/p>\n<p>\u00c4hnlich schlimm wie in Afghanistan ergeht es den Menschen in Syrien. Dort leidet statistisch jeder Zweite an Hunger.<a href=\"#_edn37\" name=\"_ednref37\">[37]<\/a> Zufolge der EU-Sanktionen kann sich das Land weder ausreichend mit Nahrungsmitteln versorgen, noch lebenswichtige Medikamente und andere Bedarfsg\u00fcter beschaffen. Sein \u00d6l, den Reichtum des Landes, beuten zurzeit die USA aus.<a href=\"#_edn38\" name=\"_ednref38\">[38]<\/a> Sie haben die F\u00f6rderanlagen im Nordosten besetzt, organisieren den Raub und illegalen Transport in den Irak und beteiligen eine kurdische Clan-Elite an den Verkaufserl\u00f6sen.<a href=\"#_edn39\" name=\"_ednref39\">[39]<\/a><\/p>\n<h5>Hungermacher<\/h5>\n<p>Syrien war ja einst eine Kornkammer des Nahen Ostens. Jetzt pl\u00fcndern die USA die Getreideernte und schmuggeln das Raubgut \u00fcber die Grenze nach Irak.<a href=\"#_edn40\" name=\"_ednref40\">[40]<\/a> Es schert sie nicht im Geringsten, dass sie damit das \u00dcberleben ungez\u00e4hlter syrischer Kinder opfern.<a href=\"#_edn41\" name=\"_ednref41\">[41]<\/a> Bei Gelegenheit v\u00f6lkerrechtswidriger und kriegsverbrecherischer US-Bombardements auf die zivile syrische Infrastruktur geht auch schon mal ein Getreidespeicher in Tr\u00fcmmer, und das lebenswichtige Gut in Flammen auf.<a href=\"#_edn42\" name=\"_ednref42\">[42]<\/a><\/p>\n<p>Unserem staatstragenden \u00f6ffentlich-rechtlichen Rundfunk ist Syriens Elend trotzdem schon lange kaum noch eine Nachricht wert. Dabei k\u00f6nnte man die US-amerikanische Besatzerbande wie die verantwortlichen EU-Sanktion\u00e4re mit Grund beschuldigen, den \u201eHunger als Waffe\u201c einzusetzen. Die Politik Washingtons: Die syrische Bev\u00f6lkerung so lange darben lassen, bis sie revoltiert und ihren Pr\u00e4sidenten Assad st\u00fcrzt. Dazu spendet die Mischpoke von deutschen Staats- und Konzernjournalisten gemeinsam mit den Berliner regelbasierten Ordnungsk\u00fcnstlern Beifall.<\/p>\n<p>Werfen wir noch einen Blick auf die vertragsrechtliche Konstruktion des Abkommens \u00fcber ukrainische Getreideexporte via Schwarzes Meer.<\/p>\n<p>Im Prinzip handelt es sich nicht um einen \u00fcblichen Vertrag mit bindender Wirkung f\u00fcr alle Parteien. Russland hatte vielmehr ein separates Abkommen nur mit der T\u00fcrkei und mit den Vereinten Nationen unterzeichnet. Getrennt davon hatte sich auch die Ukraine mit der T\u00fcrkei und den UN vereinbart. Dar\u00fcber hinaus schloss Russland ein Abkommen mit den Vereinten Nationen zur Sicherstellung eines ungehinderten Exports russischer Agrarprodukte und D\u00fcngemittel. Die UN sollten darauf hinwirken, dass der Export dieser Warengruppe nicht mehr infolge der westlichen Russland-Sanktionen beeintr\u00e4chtigt wird.<\/p>\n<p>Es liegt auf der Hand, dass der Erfolg des B\u00fcndels von Abkommen nicht von Vertragstiteln abhing, sondern vom guten Willen aller Beteiligten. Den lie\u00df der Westen aber schmerzlich vermissen. Das Bem\u00fchen der UNO, russische Getreide- und D\u00fcngemittelausfuhren zu erleichtern, hatte keinen Erfolg. UN-Generalsekret\u00e4r Guterres und sein Plenum sind gegen\u00fcber den Regierungen der USA und der EU nicht nur machtlos, sie m\u00fcssen ihnen gegebenenfalls sogar Folge leisten.<\/p>\n<h5>Profit schl\u00e4gt Gro\u00dfmut<\/h5>\n<p>Als Pr\u00e4sident Putin sich Mitte September vorigen Jahres bereiterkl\u00e4rte, rund 300.000 Tonnen russischer D\u00fcngemittel, die aufgrund von Sanktionen in europ\u00e4ischen H\u00e4fen festsitzen, kostenlos an die Entwicklungsl\u00e4nder zu liefern, zeigten ihm unsere \u201eWertewestler\u201c sogleich den Stinkefinger.<a href=\"#_edn43\" name=\"_ednref43\">[43]<\/a> Der D\u00fcnger, f\u00fcr Russland ohnehin nur noch ein Kostenfaktor, h\u00e4tte mutma\u00dflich die Preise der transatlantischen Konkurrenz gedr\u00fcckt und deren Profit geschm\u00e4lert. D\u00fcngemittel und Weizen sind zwar von den Sanktionen ausgenommen, unterfallen aber schweren Nebenwirkungen der gesamten Sanktionspolitik: Hemmnissen beim Transport und bei der Bezahlung beispielsweise, wie beim schon genannten SWIFT-Ausschluss.<a href=\"#_edn44\" name=\"_ednref44\">[44]<\/a><\/p>\n<p>Dar\u00fcber erfuhr man so gut wie nichts in den Mainstream-Medien, auch nicht vom \u00f6ffentlich-rechtlichen Rundfunk. Erst, als das Abkommen im Juli 2023 nicht erneuert wurde, kamen die deutschen \u201eHunger-als-Waffe\u201c-Experten wieder aus ihren L\u00f6chern. An der Spitze der Propaganda-Front: die Gr\u00fcnen. Cem \u00d6zdemir: Putin nehme \u201edie \u00c4rmsten der Armen auf dieser Welt in Geiselhaft f\u00fcr seine grauenhafte Kriegstreiberei\u201c.<\/p>\n<p>Norbert R\u00f6ttgen, \u201edas eifrigste Masseteilchen des Atlantizismus in der deutschen Politik\u201c<a href=\"#_edn45\" name=\"_ednref45\">[45]<\/a>, setzte noch eins drauf: \u201ePutin nimmt die hungernden Menschen in Afrika als Geisel, um vom Westen ein politisches L\u00f6segeld zu erpressen. Darum geht es bei der Blockade des Getreideabkommens. Es wiederholt sich die Erpressung, die er schon letztes Jahr unternommen hat.\u201c<a href=\"#_edn46\" name=\"_ednref46\">[46]<\/a><\/p>\n<p>Die Qualit\u00e4tstr\u00f6ten der ARD-aktuell bereichern das misst\u00f6nende Konzert mit ma\u00dfloser und faktenwidriger \u00dcbertreibung. Bei dem Getreideabkommen handele sich um eine \u201ef\u00fcr die weltweite Nahrungsmittelversorgung bedeutende Vereinbarung.\u201c<a href=\"#_edn47\" name=\"_ednref47\">[47]<\/a> Dazu passte die tagesschau-typische Falschinformation, die Ukraine habe \u201emehr als 38 Millionen Tonnen Getreide exportiert, vor allem in \u00e4rmere L\u00e4nder\u201c.<a href=\"#_edn48\" name=\"_ednref48\">[48]<\/a> Die ARD-aktuell-Nieten widersprechen sich damit auch noch selbst.<\/p>\n<p>Kapitalistisches Profitstreben<a href=\"#_edn49\" name=\"_ednref49\">[49]<\/a> ist ein wesentlicher Verursacher von Hungersn\u00f6ten im globalen S\u00fcden. Hunger herrscht, weil der Getreidepreis der B\u00f6rsenspekulation unterliegt. Unseren Regierenden ist es jedoch bei Strafe ihres Amtsverlustes \u2013 gegebenenfalls sogar ihres Lebens \u2013 verwehrt, den B\u00f6rsenhandel mit Nahrungsmitteln zu verbieten. Nicht politische Macht z\u00e4hlt hier, sondern die Macht der Geldelite. Westliche Politiker d\u00fcrfen nur mit der heuchlerischen Bezichtigung \u201e\u2026 Putin setzt den Hunger als Waffe ein!\u201c auf den Widersacher losgehen.<\/p>\n<p>Zu guter Letzt: Der SWIFT-Ausschluss Russlands, des weltweit bedeutendsten Getreideexporteurs, und andere seinen Handel beeintr\u00e4chtigenden Sanktionen sind lange vor dem 24. Februar 2022 abgekartet worden. Maulheld Olaf Scholz: \u201e\u00dcber Monate hinweg\u00a0haben wir die Sanktionen bis ins kleinste Detail vorbereitet, damit sie die Richtigen treffen, damit sie wirken\u201c<a href=\"#_edn50\" name=\"_ednref50\">[50]<\/a>, t\u00f6nte er im M\u00e4rz 2022 vor dem Bundestag in Berlin. Getroffen werden jetzt aber nicht nur russische, sondern auch ukrainische Bauern. Wer sind nun \u201edie Richtigen\u201c? Uns\u2018 Olaf h\u00e4tte besser den Verstand als \u201eWaffe\u201c eingesetzt. Soweit verf\u00fcgbar \u2013 und soweit er sich \u201eerinnern\u201c kann\u2026<\/p>\n<p style=\"text-align: right;\"><em>Friedhelm Klinkhammer und Volker Br\u00e4utigam sind Mitglieder des Beirates des Deutschen Freidenker-Verbandes<\/em><\/p>\n<h5>Quellen:<\/h5>\n<p><a href=\"#_ednref1\" name=\"_edn1\">[1]<\/a> <a href=\"https:\/\/www.cashkurs.com\/beitrag\/peter-scholl-latour-wir-leben-in-einer-zeit-der-massenverbloedung\/\">https:\/\/www.cashkurs.com\/beitrag\/peter-scholl-latour-wir-leben-in-einer-zeit-der-massenverbloedung\/<\/a><\/p>\n<p><a href=\"#_ednref2\" name=\"_edn2\">[2]<\/a> <a href=\"https:\/\/www.zlv.lu\/db\/1\/1426659343784\/0\">https:\/\/www.zlv.lu\/db\/1\/1426659343784\/0<\/a><\/p>\n<p><a href=\"#_ednref3\" name=\"_edn3\">[3]<\/a> <a href=\"https:\/\/www.german-foreign-policy.com\/news\/detail\/9331\">https:\/\/www.german-foreign-policy.com\/news\/detail\/9331<\/a><\/p>\n<p><a href=\"#_ednref4\" name=\"_edn4\">[4]<\/a> <a href=\"https:\/\/www.tagesschau.de\/wirtschaft\/verbraucher\/lebensmittel-baerbock-101.html\">https:\/\/www.tagesschau.de\/wirtschaft\/verbraucher\/lebensmittel-baerbock-101.html<\/a><\/p>\n<p><a href=\"#_ednref5\" name=\"_edn5\">[5]<\/a> <a href=\"https:\/\/www.fb03.uni-frankfurt.de\/48138951\/J\u00e4ger_Oppermann_final.pdf\">https:\/\/www.fb03.uni-frankfurt.de\/48138951\/J\u00e4ger_Oppermann_final.pdf<\/a><\/p>\n<p><a href=\"#_ednref6\" name=\"_edn6\">[6]<\/a> <a href=\"https:\/\/www.tagesschau.de\/ausland\/europa\/putin-lawrow-eu-sanktionen-101.html\">https:\/\/www.tagesschau.de\/ausland\/europa\/putin-lawrow-eu-sanktionen-101.html<\/a><\/p>\n<p><a href=\"#_ednref7\" name=\"_edn7\">[7]<\/a> <a href=\"https:\/\/www.bundesregierung.de\/breg-de\/schwerpunkte\/krieg-in-der-ukraine\/deutschland-hilft-der-ukraine-2160274\">https:\/\/www.bundesregierung.de\/breg-de\/schwerpunkte\/krieg-in-der-ukraine\/deutschland-hilft-der-ukraine-2160274<\/a><\/p>\n<p><a href=\"#_ednref8\" name=\"_edn8\">[8]<\/a> <a href=\"https:\/\/www.berliner-zeitung.de\/politik-gesellschaft\/was-kostet-eine-welt-ohne-hunger-li.111170\">https:\/\/www.berliner-zeitung.de\/politik-gesellschaft\/was-kostet-eine-welt-ohne-hunger-li.111170<\/a><\/p>\n<p><a href=\"#_ednref9\" name=\"_edn9\">[9]<\/a> <a href=\"https:\/\/www.zdf.de\/nachrichten\/politik\/baerbock-hunger-waffe-ukraine-krieg-russland-100.html\">https:\/\/www.zdf.de\/nachrichten\/politik\/baerbock-hunger-waffe-ukraine-krieg-russland-100.html<\/a><\/p>\n<p><a href=\"#_ednref10\" name=\"_edn10\">[10]<\/a> <a href=\"https:\/\/co-philosophie.de\/2021\/08\/04\/habe-mut-dich-deines-eigenen-verstandes-zu-bedienen\/\">https:\/\/co-philosophie.de\/2021\/08\/04\/habe-mut-dich-deines-eigenen-verstandes-zu-bedienen\/<\/a><\/p>\n<p><a href=\"#_ednref11\" name=\"_edn11\">[11]<\/a> <a href=\"https:\/\/de.statista.com\/infografik\/27172\/anteil-von-russland-und-der-ukraine-an-den-importen-von-weizen-in-entwicklungslaendern\/\">https:\/\/de.statista.com\/infografik\/27172\/anteil-von-russland-und-der-ukraine-an-den-importen-von-weizen-in-entwicklungslaendern\/<\/a><\/p>\n<p><a href=\"#_ednref12\" name=\"_edn12\">[12]<\/a> <a href=\"https:\/\/www.welt.de\/politik\/ausland\/article246608412\/Afrika-Gipfel-Putin-verspricht-kostenlose-Getreidelieferungen-nach-Afrika.html\">https:\/\/www.welt.de\/politik\/ausland\/article246608412\/Afrika-Gipfel-Putin-verspricht-kostenlose-Getreidelieferungen-nach-Afrika.html<\/a><\/p>\n<p><a href=\"#_ednref13\" name=\"_edn13\">[13]<\/a> <a href=\"https:\/\/www.zdf.de\/nachrichten\/politik\/getreide-odessa-putin-ukraine-krieg-russland-100.html\">https:\/\/www.zdf.de\/nachrichten\/politik\/getreide-odessa-putin-ukraine-krieg-russland-100.html<\/a><\/p>\n<p><a href=\"#_ednref14\" name=\"_edn14\">[14]<\/a> <a href=\"https:\/\/www.netzwerk-lernen.de\/Handel-mit-Getreide-Welche-Faktoren-bestimmen-den-Weltmarkt\">https:\/\/www.netzwerk-lernen.de\/Handel-mit-Getreide-Welche-Faktoren-bestimmen-den-Weltmarkt<\/a><\/p>\n<p><a href=\"#_ednref15\" name=\"_edn15\">[15]<\/a> <a href=\"https:\/\/www.wirtschaftsdienst.eu\/inhalt\/jahr\/2023\/heft\/13\/beitrag\/getreidehandel-und-exportbeschraenkungen-waehrend-des-ukrainekriegs.html\">https:\/\/www.wirtschaftsdienst.eu\/inhalt\/jahr\/2023\/heft\/13\/beitrag\/getreidehandel-und-exportbeschraenkungen-waehrend-des-ukrainekriegs.html<\/a><\/p>\n<p><a href=\"#_ednref16\" name=\"_edn16\">[16]<\/a> <a href=\"https:\/\/www.agrarheute.com\/markt\/marktfruechte\/russland-versucht-getreide-weltmarkt-bringen-609945\">https:\/\/www.agrarheute.com\/markt\/marktfruechte\/russland-versucht-getreide-weltmarkt-bringen-609945<\/a><\/p>\n<p><a href=\"#_ednref17\" name=\"_edn17\">[17]<\/a> <a href=\"https:\/\/grain-protrade.com\/news\/globale-getreidehaendler-stellen-ab-1-juli-den-export-von-russischem-getreide-ein\/\">https:\/\/grain-protrade.com\/news\/globale-getreidehaendler-stellen-ab-1-juli-den-export-von-russischem-getreide-ein\/<\/a><\/p>\n<p><a href=\"#_ednref18\" name=\"_edn18\">[18]<\/a> <a href=\"https:\/\/lostineu.eu\/getreide-und-sanktionen-eu-raeumt-probleme-ein\/\">https:\/\/lostineu.eu\/getreide-und-sanktionen-eu-raeumt-probleme-ein\/<\/a><\/p>\n<p><a href=\"#_ednref19\" name=\"_edn19\">[19]<\/a> <a href=\"https:\/\/de.euronews.com\/my-europe\/2022\/08\/04\/russische-banken-von-swift-ausgeschlossen-gibt-es-fur-sie-alternativen\">https:\/\/de.euronews.com\/my-europe\/2022\/08\/04\/russische-banken-von-swift-ausgeschlossen-gibt-es-fur-sie-alternativen<\/a><\/p>\n<p><a href=\"#_ednref20\" name=\"_edn20\">[20]<\/a> <a href=\"https:\/\/www.consilium.europa.eu\/de\/infographics\/ukrainian-grain-exports-explained\/\">https:\/\/www.consilium.europa.eu\/de\/infographics\/ukrainian-grain-exports-explained\/<\/a><\/p>\n<p><a href=\"#_ednref21\" name=\"_edn21\">[21]<\/a> <a href=\"https:\/\/www.telesurenglish.net\/news\/Russia-Sees-No-Reason-to-Prolong-Brack-Sea-Grain-Deal-20230630-0010.html?utm_source=planisys&amp;utm_medium=NewsletterIngles&amp;utm_campaign=NewsletterIngles&amp;utm_content=14\">https:\/\/www.telesurenglish.net\/news\/Russia-Sees-No-Reason-to-Prolong-Brack-Sea-Grain-Deal-20230630-0010.html?utm_source=planisys&amp;utm_medium=NewsletterIngles&amp;utm_campaign=NewsletterIngles&amp;utm_content=14<\/a><\/p>\n<p><a href=\"#_ednref22\" name=\"_edn22\">[22]<\/a> <a href=\"https:\/\/www.tagesschau.de\/ausland\/europa\/getreideabkommen-ukraine-russland-faq-104.html\">https:\/\/www.tagesschau.de\/ausland\/europa\/getreideabkommen-ukraine-russland-faq-104.html<\/a><\/p>\n<p><a href=\"#_ednref23\" name=\"_edn23\">[23]<\/a> <a href=\"https:\/\/www.agrarheute.com\/markt\/marktfruechte\/geht-getreide-ukraine-fuenf-laender-kaufen-60-prozent-602022\">https:\/\/www.agrarheute.com\/markt\/marktfruechte\/geht-getreide-ukraine-fuenf-laender-kaufen-60-prozent-602022<\/a><\/p>\n<p><a href=\"#_ednref24\" name=\"_edn24\">[24]<\/a> <a href=\"https:\/\/de.euronews.com\/my-europe\/2023\/07\/25\/osteuropaische-lander-drangen-auf-verlangerung-der-verbote-fur-ukrainisches-getreide\">https:\/\/de.euronews.com\/my-europe\/2023\/07\/25\/osteuropaische-lander-drangen-auf-verlangerung-der-verbote-fur-ukrainisches-getreide<\/a><\/p>\n<p><a href=\"#_ednref25\" name=\"_edn25\">[25]<\/a> <a href=\"https:\/\/www.tagesschau.de\/ausland\/europa\/ukraine-getreideexporte-eu-agarminister-100.html\">https:\/\/www.tagesschau.de\/ausland\/europa\/ukraine-getreideexporte-eu-agarminister-100.html<\/a><\/p>\n<p><a href=\"#_ednref26\" name=\"_edn26\">[26]<\/a> <a href=\"https:\/\/de.statista.com\/statistik\/daten\/studie\/1293852\/umfrage\/groesste-weizenexporteure-weltweit-marktanteil\/\">https:\/\/de.statista.com\/statistik\/daten\/studie\/1293852\/umfrage\/groesste-weizenexporteure-weltweit-marktanteil\/<\/a><\/p>\n<p><a href=\"#_ednref27\" name=\"_edn27\">[27]<\/a> <a href=\"https:\/\/www.indienaktuell.de\/agrar-food\/indien-kuendigt-eine-aenderung-in-der-ausfuhrpolitik-fuer-weizen-an-705775\">https:\/\/www.indienaktuell.de\/agrar-food\/indien-kuendigt-eine-aenderung-in-der-ausfuhrpolitik-fuer-weizen-an-705775<\/a><\/p>\n<p><a href=\"#_ednref28\" name=\"_edn28\">[28]<\/a> <a href=\"http:\/\/web.archive.org\/web\/20220515174717\/https:\/www.sueddeutsche.de\/politik\/ernaehrungslage-indien-weizen-ukrainekrieg-1.5585031\">http:\/\/web.archive.org\/web\/20220515174717\/https:\/\/www.sueddeutsche.de\/politik\/ernaehrungslage-indien-weizen-ukrainekrieg-1.5585031<\/a><\/p>\n<p><a href=\"#_ednref29\" name=\"_edn29\">[29]<\/a> <a href=\"https:\/\/www.tagesschau.de\/wirtschaft\/weltwirtschaft\/indien-weizen-export-101.html\">https:\/\/www.tagesschau.de\/wirtschaft\/weltwirtschaft\/indien-weizen-export-101.html<\/a><\/p>\n<p><a href=\"#_ednref30\" name=\"_edn30\">[30]<\/a> <a href=\"https:\/\/www.welt.de\/wirtschaft\/article238783529\/Weizenpreis-steigt-wegen-Indiens-Exportstopp-auf-neuen-Rekord.html\">https:\/\/www.welt.de\/wirtschaft\/article238783529\/Weizenpreis-steigt-wegen-Indiens-Exportstopp-auf-neuen-Rekord.html<\/a><\/p>\n<p><a href=\"#_ednref31\" name=\"_edn31\">[31]<\/a> <a href=\"https:\/\/allinfo.space\/2022\/01\/21\/us-gesetzgeber-streben-bei-der-wto-einen-rechtsstreit-gegen-indien-wegen-weizensubventionen-an\/\">https:\/\/allinfo.space\/2022\/01\/21\/us-gesetzgeber-streben-bei-der-wto-einen-rechtsstreit-gegen-indien-wegen-weizensubventionen-an\/<\/a><\/p>\n<p><a href=\"#_ednref32\" name=\"_edn32\">[32]<\/a> <a href=\"https:\/\/www.welt.de\/politik\/ausland\/article238755555\/Agrarminister-G-7-gegen-Exportstopp-von-Nahrungsmitteln-Oezdemir-mahnt-Indien-und-Indonesien.html\">https:\/\/www.welt.de\/politik\/ausland\/article238755555\/Agrarminister-G-7-gegen-Exportstopp-von-Nahrungsmitteln-Oezdemir-mahnt-Indien-und-Indonesien.html<\/a><\/p>\n<p><a href=\"#_ednref33\" name=\"_edn33\">[33]<\/a> <a href=\"https:\/\/www.deutschlandfunk.de\/ukraine-russland-tuerkei-uno-getreide-abkommen-getreideabkommen-100.html\">https:\/\/www.deutschlandfunk.de\/ukraine-russland-tuerkei-uno-getreide-abkommen-getreideabkommen-100.html<\/a><\/p>\n<p><a href=\"#_ednref34\" name=\"_edn34\">[34]<\/a> <a href=\"https:\/\/www.dw.com\/de\/usa-beschlagnahmen-sieben-milliarden-dollar-von-afghanischer-zentralbank\/a-60750427\">https:\/\/www.dw.com\/de\/usa-beschlagnahmen-sieben-milliarden-dollar-von-afghanischer-zentralbank\/a-60750427<\/a><\/p>\n<p><a href=\"#_ednref35\" name=\"_edn35\">[35]<\/a> <a href=\"https:\/\/www.welthungerhilfe.de\/informieren\/themen\/flucht-und-migration\/fluchtursachen\/fluchtursachen-afghanistan\">https:\/\/www.welthungerhilfe.de\/informieren\/themen\/flucht-und-migration\/fluchtursachen\/fluchtursachen-afghanistan<\/a><\/p>\n<p><a href=\"#_ednref36\" name=\"_edn36\">[36]<\/a> <a href=\"https:\/\/www.deutschlandfunkkultur.de\/afghanistan-ukraine-doppelmoral-100.html\">https:\/\/www.deutschlandfunkkultur.de\/afghanistan-ukraine-doppelmoral-100.html<\/a><\/p>\n<p><a href=\"#_ednref37\" name=\"_edn37\">[37]<\/a> <a href=\"https:\/\/www.berliner-zeitung.de\/open-source\/politik-ausland-krieg-wie-westliche-sanktionen-zur-verarmung-der-syrischen-bevoelkerung-beitragen-li.337236\">https:\/\/www.berliner-zeitung.de\/open-source\/politik-ausland-krieg-wie-westliche-sanktionen-zur-verarmung-der-syrischen-bevoelkerung-beitragen-li.337236<\/a><\/p>\n<p><a href=\"#_ednref38\" name=\"_edn38\">[38]<\/a> <a href=\"https:\/\/www.zerohedge.com\/geopolitical\/rare-uprising-against-us-backed-forces-syria-leaves-many-killed\">https:\/\/www.zerohedge.com\/geopolitical\/rare-uprising-against-us-backed-forces-syria-leaves-many-killed<\/a><\/p>\n<p><a href=\"#_ednref39\" name=\"_edn39\">[39]<\/a> <a href=\"https:\/\/www.anti-spiegel.ru\/2022\/usa-rauben-syrisches-oel-und-unterstuetzen-den-kampf-der-kurden-gegen-die-tuerkei\/?doing_wp_cron=1693218163.4654660224914550781250\">https:\/\/www.anti-spiegel.ru\/2022\/usa-rauben-syrisches-oel-und-unterstuetzen-den-kampf-der-kurden-gegen-die-tuerkei\/?doing_wp_cron=1693218163.4654660224914550781250<\/a><\/p>\n<p><a href=\"#_ednref40\" name=\"_edn40\">[40]<\/a> <a href=\"https:\/\/linkezeitung.de\/2021\/07\/08\/syrien-usa-stehlen-getreide-und-oel-bauen-militaerbasen-auf-tuerkei-mitschuldig-an-kriegsverbrechen\/\">https:\/\/linkezeitung.de\/2021\/07\/08\/syrien-usa-stehlen-getreide-und-oel-bauen-militaerbasen-auf-tuerkei-mitschuldig-an-kriegsverbrechen\/<\/a><\/p>\n<p><a href=\"#_ednref41\" name=\"_edn41\">[41]<\/a> <a href=\"https:\/\/www.savethechildren.de\/news\/hunger-in-syrien-millionen-kinder-bedroht\/\">https:\/\/www.savethechildren.de\/news\/hunger-in-syrien-millionen-kinder-bedroht\/<\/a><\/p>\n<p><a href=\"#_ednref42\" name=\"_edn42\">[42]<\/a> <a href=\"https:\/\/www.wsws.org\/de\/articles\/2023\/03\/26\/mfbz-m26.html\">https:\/\/www.wsws.org\/de\/articles\/2023\/03\/26\/mfbz-m26.html<\/a><\/p>\n<p><a href=\"#_ednref43\" name=\"_edn43\">[43]<\/a> <a href=\"https:\/\/www.proplanta.de\/agrar-nachrichten\/agrarpolitik\/usa-weisen-russlands-forderung-nach-aufhebung-von-sanktionen-zurueck_article1653643415.html\">https:\/\/www.proplanta.de\/agrar-nachrichten\/agrarpolitik\/usa-weisen-russlands-forderung-nach-aufhebung-von-sanktionen-zurueck_article1653643415.html<\/a><\/p>\n<p><a href=\"#_ednref44\" name=\"_edn44\">[44]<\/a> <a href=\"https:\/\/www.anti-spiegel.ru\/2022\/worum-es-bei-den-streit-um-das-getreideabkommen-geht\/\">https:\/\/www.anti-spiegel.ru\/2022\/worum-es-bei-den-streit-um-das-getreideabkommen-geht\/<\/a><\/p>\n<p><a href=\"#_ednref45\" name=\"_edn45\">[45]<\/a> <a href=\"https:\/\/www.ullstein.de\/werke\/ami-go-home\/hardcover\/9783430210287\">https:\/\/www.ullstein.de\/werke\/ami-go-home\/hardcover\/9783430210287<\/a> (S. 197)<\/p>\n<p><a href=\"#_ednref46\" name=\"_edn46\">[46]<\/a> <a href=\"https:\/\/jungefreiheit.de\/politik\/ausland\/2023\/putin-getreideabkommen\/\">https:\/\/jungefreiheit.de\/politik\/ausland\/2023\/putin-getreideabkommen\/<\/a><\/p>\n<p><a href=\"#_ednref47\" name=\"_edn47\">[47]<\/a> <a href=\"https:\/\/www.tagesschau.de\/archiv\/sendungen?datum=2023-07-17\">https:\/\/www.tagesschau.de\/archiv\/sendungen?datum=2023-07-17<\/a><\/p>\n<p><a href=\"#_ednref48\" name=\"_edn48\">[48]<\/a> <a href=\"https:\/\/www.tagesschau.de\/multimedia\/sendung\/tagesschau_20_uhr\/ts-58852.html\">https:\/\/www.tagesschau.de\/multimedia\/sendung\/tagesschau_20_uhr\/ts-58852.html<\/a><\/p>\n<p><a href=\"#_ednref49\" name=\"_edn49\">[49]<\/a> <a href=\"https:\/\/www.agrarheute.com\/markt\/marktfruechte\/getreidepreise-weizenpreise-steigen-steil-naechste-rallye-beginnt-585383\">https:\/\/www.agrarheute.com\/markt\/marktfruechte\/getreidepreise-weizenpreise-steigen-steil-naechste-rallye-beginnt-585383<\/a><\/p>\n<p><a href=\"#_ednref50\" name=\"_edn50\">[50]<\/a> <a href=\"https:\/\/augenaufmedienanalyse.de\/2022\/03\/26\/scholz-sanktionen-lange-geplant\/\">https:\/\/augenaufmedienanalyse.de\/2022\/03\/26\/scholz-sanktionen-lange-geplant\/<\/a><\/p>\n<p>&nbsp;<\/p>\n<p><span style=\"font-size: 10pt;\">Der Beitrag wurde am 31.08.2023 auch ver\u00f6ffentlicht auf <a href=\"https:\/\/publikumskonferenz.de\/blog\/hunger-als-waffe-baerbocks-gehaessige-zweckluege\/\" target=\"_blank\" rel=\"noopener\">publikumskonferenz.de<\/a><\/span><\/p>\n<hr \/>\n<p><span style=\"font-size: 10pt;\">Bild oben: Collage von Ralf Lux, unter Verwendung von:<\/span><br \/>\n<span style=\"font-size: 10pt;\">Weizen: <a href=\"https:\/\/pixabay.com\/de\/photos\/weizen-sommer-landwirtschaft-4373337\/\" target=\"_blank\" rel=\"noopener\">pixabay.com<\/a> \/ <a class=\"userName--owby3\" href=\"https:\/\/pixabay.com\/de\/users\/sprinter_lucio-2085973\/\" target=\"_blank\" rel=\"noopener\">Sprinter_Lucio<\/a> \/ <a href=\"https:\/\/pixabay.com\/de\/service\/terms\/\" target=\"_blank\" rel=\"noopener\">Inhaltslizenz<\/a><\/span><br \/>\n<span style=\"font-size: 10pt;\">Zahlen: <a href=\"https:\/\/pixabay.com\/de\/illustrations\/zahlen-b%C3%B6rse-wirtschaft-finanzen-680576\/\" target=\"_blank\" rel=\"noopener\">pixabay.com<\/a> \/ <a class=\"userName--owby3\" href=\"https:\/\/pixabay.com\/de\/users\/geralt-9301\/\" target=\"_blank\" rel=\"noopener\">geralt<\/a> \/ <a href=\"https:\/\/pixabay.com\/de\/service\/terms\/\" target=\"_blank\" rel=\"noopener\">Inhaltslizenz<\/a><\/span><\/p>\n<p>&nbsp;<\/p>\n<p>&nbsp;<\/p>\n","protected":false},"excerpt":{"rendered":"<p><b>Beitrag von Friedhelm Klinkhammer und Volker Br\u00e4utigam<\/b><br \/>\nDer \u00f6ffentlich-rechtliche \u201eVerbl\u00f6dungs\u201c-Journalismus scheut sich schon lange nicht mehr, bei Mangel an stichhaltigen Argumenten l\u00fcckenf\u00fcllenden Schaum zu schlagen. Begr\u00fcndungsarmes Politiker-Gew\u00e4sch kriegt sofort eine knallige Verpackung, damit es sich \u201everkauft.\u201c \u00a0Gegenw\u00e4rtig versuchen unsere Medienschaffenden, mit dem verbalen Dreschflegel \u201ePutin setzt Hunger als Waffe ein\u201c den Verstand ihres Publikums flachzukloppen. Sp\u00e4testens, seit sogar Au\u00dfenministerin Baerbock den Quatsch fehlerfrei nachplappern kann, ist er zum gefl\u00fcgelten Wort in der ohnehin niedertr\u00e4chtigen Ukraine-Kriegsberichterstattung geworden. Den chinesischen Sinnspruch \u201eWer in die Luft spuckt, kriegt\u2019s wieder ins Gesicht\u201c, muss unsere bildungsfreie Chefdiplomatin ja nicht unbedingt kennen. <\/p>\n","protected":false},"author":3,"featured_media":16893,"comment_status":"closed","ping_status":"closed","sticky":false,"template":"","format":"standard","meta":{"colormag_page_container_layout":"default_layout","colormag_page_sidebar_layout":"default_layout","advanced_seo_description":"","jetpack_seo_html_title":"","jetpack_seo_noindex":false,"jetpack_post_was_ever_published":false,"footnotes":""},"categories":[12],"tags":[1277,1094,1423,1903,1875,1727,223,222,1168,336,1902,1111,185,1110],"class_list":["post-16889","post","type-post","status-publish","format-standard","has-post-thumbnail","hentry","category-demokratie-medien-aufklaerung","tag-afrika","tag-ard","tag-baerbock","tag-dlf","tag-getreide","tag-hunger","tag-putin","tag-russland","tag-russophobie","tag-syrien","tag-tageschau","tag-ukraine","tag-usa","tag-zdf"],"jetpack_featured_media_url":"https:\/\/i0.wp.com\/www.freidenker.org\/fw17\/wp-content\/uploads\/2023\/09\/weizen_boerse_800x450.jpg?fit=800%2C450&ssl=1","jetpack_shortlink":"https:\/\/wp.me\/p9stpK-4op","jetpack-related-posts":[{"id":17115,"url":"https:\/\/www.freidenker.org\/?p=17115","url_meta":{"origin":16889,"position":0},"title":"Politische Skrupellosigkeit","author":"Webredaktion","date":"29. September 2023","format":false,"excerpt":"Kommentar von Evelyn Hecht-Galinski Mit Fassungslosigkeit beobachte ich die aktuelle deutsche Politik und ihre Akteure. Niemals h\u00e4tte ich es f\u00fcr m\u00f6glich gehalten, dass wir nochmals gegen Russland Krieg f\u00fchren. Ja, wir f\u00fchren Krieg gegen Russland! Wir \u2013 unsere Politiker wollen uns zwar Glauben machen, dass wir nicht im Krieg gegen\u2026","rel":"","context":"In &quot;Demokratie \u2013 Medien \u2013 Aufkl\u00e4rung&quot;","block_context":{"text":"Demokratie \u2013 Medien \u2013 Aufkl\u00e4rung","link":"https:\/\/www.freidenker.org\/?cat=12"},"img":{"alt_text":"","src":"https:\/\/i0.wp.com\/www.freidenker.org\/fw17\/wp-content\/uploads\/2023\/09\/bundestag-2463236_800x450.jpg?fit=800%2C450&ssl=1&resize=350%2C200","width":350,"height":200,"srcset":"https:\/\/i0.wp.com\/www.freidenker.org\/fw17\/wp-content\/uploads\/2023\/09\/bundestag-2463236_800x450.jpg?fit=800%2C450&ssl=1&resize=350%2C200 1x, https:\/\/i0.wp.com\/www.freidenker.org\/fw17\/wp-content\/uploads\/2023\/09\/bundestag-2463236_800x450.jpg?fit=800%2C450&ssl=1&resize=525%2C300 1.5x, https:\/\/i0.wp.com\/www.freidenker.org\/fw17\/wp-content\/uploads\/2023\/09\/bundestag-2463236_800x450.jpg?fit=800%2C450&ssl=1&resize=700%2C400 2x"},"classes":[]},{"id":17368,"url":"https:\/\/www.freidenker.org\/?p=17368","url_meta":{"origin":16889,"position":1},"title":"Keine Spur von Menschlichkeit","author":"Webredaktion","date":"30. Oktober 2023","format":false,"excerpt":"Beitrag von Gert Ewen Ungar Auch im Nahost-Konflikt bleibt die deutsche Politik ihrer au\u00dfenpolitischen Linie treu und positioniert sich fest an der Seite der Gewalt und gegen die Grunds\u00e4tze des V\u00f6lkerrechts. Innerhalb der deutschen Gesellschaft gibt es unterschiedliche Haltungen, nach au\u00dfen jedoch legt die deutsche Au\u00dfenministerin die Linie Deutschlands fest.\u2026","rel":"","context":"In &quot;Frieden - Antifaschismus - Solidarit\u00e4t&quot;","block_context":{"text":"Frieden - Antifaschismus - Solidarit\u00e4t","link":"https:\/\/www.freidenker.org\/?cat=13"},"img":{"alt_text":"","src":"https:\/\/i0.wp.com\/www.freidenker.org\/fw17\/wp-content\/uploads\/2023\/10\/war-6261976_800x450.jpg?fit=800%2C450&ssl=1&resize=350%2C200","width":350,"height":200,"srcset":"https:\/\/i0.wp.com\/www.freidenker.org\/fw17\/wp-content\/uploads\/2023\/10\/war-6261976_800x450.jpg?fit=800%2C450&ssl=1&resize=350%2C200 1x, https:\/\/i0.wp.com\/www.freidenker.org\/fw17\/wp-content\/uploads\/2023\/10\/war-6261976_800x450.jpg?fit=800%2C450&ssl=1&resize=525%2C300 1.5x, https:\/\/i0.wp.com\/www.freidenker.org\/fw17\/wp-content\/uploads\/2023\/10\/war-6261976_800x450.jpg?fit=800%2C450&ssl=1&resize=700%2C400 2x"},"classes":[]},{"id":19152,"url":"https:\/\/www.freidenker.org\/?p=19152","url_meta":{"origin":16889,"position":2},"title":"Besuch in Kiew: Baerbocks Wille zum totalen Krieg","author":"Webredaktion","date":"22. Mai 2024","format":false,"excerpt":"Beitrag von Gert Ewen Ungar Au\u00dfenministerin Annalena Baerbock ist zu einem Besuch in Kiew eingetroffen. F\u00fcr ihre Unterst\u00fctzung wurde ihr von Wladimir Selenskij ein Orden verliehen. Das ist zynisch, denn Baerbocks \"Unterst\u00fctzung\" beschr\u00e4nkt sich darauf, den Krieg zu verl\u00e4ngern. Auf der Website des Ausw\u00e4rtigen Amts ist zum Besuch ein Beitrag\u2026","rel":"","context":"In &quot;Demokratie \u2013 Medien \u2013 Aufkl\u00e4rung&quot;","block_context":{"text":"Demokratie \u2013 Medien \u2013 Aufkl\u00e4rung","link":"https:\/\/www.freidenker.org\/?cat=12"},"img":{"alt_text":"","src":"https:\/\/i0.wp.com\/www.freidenker.org\/fw17\/wp-content\/uploads\/2024\/05\/Selenskij_Baerbock_2024_800x450.jpg?fit=800%2C450&ssl=1&resize=350%2C200","width":350,"height":200,"srcset":"https:\/\/i0.wp.com\/www.freidenker.org\/fw17\/wp-content\/uploads\/2024\/05\/Selenskij_Baerbock_2024_800x450.jpg?fit=800%2C450&ssl=1&resize=350%2C200 1x, https:\/\/i0.wp.com\/www.freidenker.org\/fw17\/wp-content\/uploads\/2024\/05\/Selenskij_Baerbock_2024_800x450.jpg?fit=800%2C450&ssl=1&resize=525%2C300 1.5x, https:\/\/i0.wp.com\/www.freidenker.org\/fw17\/wp-content\/uploads\/2024\/05\/Selenskij_Baerbock_2024_800x450.jpg?fit=800%2C450&ssl=1&resize=700%2C400 2x"},"classes":[]},{"id":17706,"url":"https:\/\/www.freidenker.org\/?p=17706","url_meta":{"origin":16889,"position":3},"title":"Zeugnis des doppelten Standards: Baerbock im Interview","author":"Webredaktion","date":"29. Dezember 2023","format":false,"excerpt":"Beitrag von Gert Ewen Ungar Bez\u00fcglich des Ukraine-Konflikts werden die Deutschen fl\u00e4chendeckend von den verantwortlichen Politikern und von den mitverantwortlichen Medien des Mainstreams desinformiert. Dass die deutsche Au\u00dfenministerin da keine Ausnahme bildet, ist nicht \u00fcberraschend. Sie tut sich im Gegenteil seit Langem damit hervor, die Unwahrheiten besonders dick aufzutragen.\u00a0In einem\u2026","rel":"","context":"In &quot;Demokratie \u2013 Medien \u2013 Aufkl\u00e4rung&quot;","block_context":{"text":"Demokratie \u2013 Medien \u2013 Aufkl\u00e4rung","link":"https:\/\/www.freidenker.org\/?cat=12"},"img":{"alt_text":"","src":"https:\/\/i0.wp.com\/www.freidenker.org\/fw17\/wp-content\/uploads\/2023\/12\/BDK_Karlsruhe_Nov_2023_Annalena_Baerbock_11_800x450.jpg?fit=800%2C450&ssl=1&resize=350%2C200","width":350,"height":200,"srcset":"https:\/\/i0.wp.com\/www.freidenker.org\/fw17\/wp-content\/uploads\/2023\/12\/BDK_Karlsruhe_Nov_2023_Annalena_Baerbock_11_800x450.jpg?fit=800%2C450&ssl=1&resize=350%2C200 1x, https:\/\/i0.wp.com\/www.freidenker.org\/fw17\/wp-content\/uploads\/2023\/12\/BDK_Karlsruhe_Nov_2023_Annalena_Baerbock_11_800x450.jpg?fit=800%2C450&ssl=1&resize=525%2C300 1.5x, https:\/\/i0.wp.com\/www.freidenker.org\/fw17\/wp-content\/uploads\/2023\/12\/BDK_Karlsruhe_Nov_2023_Annalena_Baerbock_11_800x450.jpg?fit=800%2C450&ssl=1&resize=700%2C400 2x"},"classes":[]},{"id":15371,"url":"https:\/\/www.freidenker.org\/?p=15371","url_meta":{"origin":16889,"position":4},"title":"\u201e360-Gradwende\u201c: Je mehr Grad, desto besser!","author":"Webredaktion","date":"23. Februar 2023","format":false,"excerpt":"von Anti-Spiegel (d.i. Thomas R\u00f6per) Die deutsche Au\u00dfenministerin Annalena Baerbock hat mal wieder den Stand ihrer Bildung pr\u00e4sentiert. Dass die Zuschauer bei der Podiumsdiskussion auf der M\u00fcnchner Sicherheitskonferenz nicht vor Lachen vom Stuhl gefallen sind, l\u00e4sst sich wohl nur dadurch erkl\u00e4ren, dass sie nicht glauben konnten, was sie h\u00f6rten. Auf\u2026","rel":"","context":"In &quot;Demokratie \u2013 Medien \u2013 Aufkl\u00e4rung&quot;","block_context":{"text":"Demokratie \u2013 Medien \u2013 Aufkl\u00e4rung","link":"https:\/\/www.freidenker.org\/?cat=12"},"img":{"alt_text":"","src":"https:\/\/i0.wp.com\/www.freidenker.org\/fw17\/wp-content\/uploads\/2023\/02\/Annalena_Baerbock_August_2021_in_Kiel_09_800x450.jpg?fit=800%2C450&ssl=1&resize=350%2C200","width":350,"height":200,"srcset":"https:\/\/i0.wp.com\/www.freidenker.org\/fw17\/wp-content\/uploads\/2023\/02\/Annalena_Baerbock_August_2021_in_Kiel_09_800x450.jpg?fit=800%2C450&ssl=1&resize=350%2C200 1x, https:\/\/i0.wp.com\/www.freidenker.org\/fw17\/wp-content\/uploads\/2023\/02\/Annalena_Baerbock_August_2021_in_Kiel_09_800x450.jpg?fit=800%2C450&ssl=1&resize=525%2C300 1.5x, https:\/\/i0.wp.com\/www.freidenker.org\/fw17\/wp-content\/uploads\/2023\/02\/Annalena_Baerbock_August_2021_in_Kiel_09_800x450.jpg?fit=800%2C450&ssl=1&resize=700%2C400 2x"},"classes":[]},{"id":15857,"url":"https:\/\/www.freidenker.org\/?p=15857","url_meta":{"origin":16889,"position":5},"title":"Unser qualifiziertes Personal","author":"Webredaktion","date":"24. April 2023","format":false,"excerpt":"Zwei Beitr\u00e4ge von Dagmar Henn Unsere Autorin sucht nach Logik und Intelligenz in der medialen Putin-Berichterstattung und in Baerbocks Einlassungen im Bundestag - mit niederschmetterndem Ergebnis. Einer nimmt Journalisten fest, der andere ist an der Front \u2013 das M\u00e4rchen vom doppelten Putin - Der Besuch Wladimir Putins an der Front\u2026","rel":"","context":"In &quot;Demokratie \u2013 Medien \u2013 Aufkl\u00e4rung&quot;","block_context":{"text":"Demokratie \u2013 Medien \u2013 Aufkl\u00e4rung","link":"https:\/\/www.freidenker.org\/?cat=12"},"img":{"alt_text":"","src":"https:\/\/i0.wp.com\/www.freidenker.org\/fw17\/wp-content\/uploads\/2023\/04\/Putin_doppelt_800x450.jpg?fit=797%2C450&ssl=1&resize=350%2C200","width":350,"height":200,"srcset":"https:\/\/i0.wp.com\/www.freidenker.org\/fw17\/wp-content\/uploads\/2023\/04\/Putin_doppelt_800x450.jpg?fit=797%2C450&ssl=1&resize=350%2C200 1x, https:\/\/i0.wp.com\/www.freidenker.org\/fw17\/wp-content\/uploads\/2023\/04\/Putin_doppelt_800x450.jpg?fit=797%2C450&ssl=1&resize=525%2C300 1.5x, https:\/\/i0.wp.com\/www.freidenker.org\/fw17\/wp-content\/uploads\/2023\/04\/Putin_doppelt_800x450.jpg?fit=797%2C450&ssl=1&resize=700%2C400 2x"},"classes":[]}],"_links":{"self":[{"href":"https:\/\/www.freidenker.org\/index.php?rest_route=\/wp\/v2\/posts\/16889","targetHints":{"allow":["GET"]}}],"collection":[{"href":"https:\/\/www.freidenker.org\/index.php?rest_route=\/wp\/v2\/posts"}],"about":[{"href":"https:\/\/www.freidenker.org\/index.php?rest_route=\/wp\/v2\/types\/post"}],"author":[{"embeddable":true,"href":"https:\/\/www.freidenker.org\/index.php?rest_route=\/wp\/v2\/users\/3"}],"replies":[{"embeddable":true,"href":"https:\/\/www.freidenker.org\/index.php?rest_route=%2Fwp%2Fv2%2Fcomments&post=16889"}],"version-history":[{"count":0,"href":"https:\/\/www.freidenker.org\/index.php?rest_route=\/wp\/v2\/posts\/16889\/revisions"}],"wp:featuredmedia":[{"embeddable":true,"href":"https:\/\/www.freidenker.org\/index.php?rest_route=\/wp\/v2\/media\/16893"}],"wp:attachment":[{"href":"https:\/\/www.freidenker.org\/index.php?rest_route=%2Fwp%2Fv2%2Fmedia&parent=16889"}],"wp:term":[{"taxonomy":"category","embeddable":true,"href":"https:\/\/www.freidenker.org\/index.php?rest_route=%2Fwp%2Fv2%2Fcategories&post=16889"},{"taxonomy":"post_tag","embeddable":true,"href":"https:\/\/www.freidenker.org\/index.php?rest_route=%2Fwp%2Fv2%2Ftags&post=16889"}],"curies":[{"name":"wp","href":"https:\/\/api.w.org\/{rel}","templated":true}]}}