{"id":16876,"date":"2023-09-01T07:40:32","date_gmt":"2023-09-01T05:40:32","guid":{"rendered":"https:\/\/www.freidenker.org\/?p=16876"},"modified":"2023-10-07T12:26:20","modified_gmt":"2023-10-07T10:26:20","slug":"sie-haben-zeitungen-und-druckereien","status":"publish","type":"post","link":"https:\/\/www.freidenker.org\/?p=16876","title":{"rendered":"Sie haben Zeitungen und Druckereien\u2026"},"content":{"rendered":"<p><em>Von <strong>Sebastian Bahlo<\/strong><\/em><\/p>\n<p>Da\u00df in formaldemokratischen Systemen Skandale ein willk\u00fcrliches Instrument der Kontrolle der Politik durch die ungew\u00e4hlten echten Machtzentren sind, ist f\u00fcr Freidenker keine aufregende Erkenntnis. Die dem Spendenskandal, infolgedessen nach der Abwahl Helmut Kohls die CDU-F\u00fchrung ausgetauscht wurde, zugrundeliegenden Tatsachen m\u00fcssen den Hinweisgebern schon lange vorher bekannt gewesen sein. 2011 wurde ein Bundespr\u00e4sident zum R\u00fccktritt gedr\u00e4ngt, nachdem ihm zuerst vorgeworfen worden war, ein Haus als Geschenk angenommen zu haben, (entgegen seiner Behauptung, da\u00df es sich um ein Kreditgesch\u00e4ft gehandelt habe), und er sich daraufhin telefonisch bei der \u201eBild\u201c-Zeitung \u00fcber die aus seiner Sicht unfaire Berichterstattung beschwert hatte, was ihm als \u201eAngriff auf die Pressefreiheit\u201c ausgelegt wurde. Solcherart geschieht nur dem, der irgendwo auf seinem Weg den Pl\u00e4nen der M\u00e4chtigen in die Quere gekommen ist. Politiker, die artig ausf\u00fchren, was ihnen von der Atlantikbr\u00fccke, George Soros oder Bill Gates auf die Tagesordnung diktiert wird, d\u00fcrfen selbst mit Verstrickungen in Finanzverbrechen von der Dimension der Cum-Ex- und Wirecard-Affairen auf ihrem Posten bleiben wie unser derzeitiger Bundeskanzler.<\/p>\n<p>Eine etwas neue Qualit\u00e4t tritt hinzu, wenn Personen des \u00f6ffentlichen Lebens aufgrund reiner Verdachtsberichterstattung von Medienorganen vor sich her getrieben werden. Man denke aktuell an den S\u00e4nger Till Lindemann, aber besonders an den ehemaligen Pr\u00e4sidenten des Bundesamtes f\u00fcr Sicherheit in der Informationstechnologie Arne Sch\u00f6nbohm, der allein aufgrund substanzloser Unterstellungen einer rundfunkgeb\u00fchrenfinanzierten Krawallschachtel von Bundesinnenministerin Faeser entlassen wurde \u2013 er verklagt das ZDF jetzt auf 100.000 Euro.<\/p>\n<p>Alles in den Schatten stellt jedoch die von der S\u00fcddeutschen Zeitung (SZ) losgetretene und inzwischen konzertiert wirkende Hetzkampagne gegen den Wahlk\u00e4mpfer Hubert Aiwanger, der bayerischer Wirtschaftsminister und stellvertretender Ministerpr\u00e4sident sowie Bundesvorsitzender der Freien W\u00e4hler ist. Ohne namentlich genannte Zeugen kolportiert die Zeitung, da\u00df vor 35 Jahren in Aiwangers Schulranzen Flugbl\u00e4tter gefunden worden seien. Das Corpus delicti druckt sie ab.<\/p>\n<figure id=\"attachment_16877\" aria-describedby=\"caption-attachment-16877\" style=\"width: 800px\" class=\"wp-caption alignnone\"><img data-recalc-dims=\"1\" loading=\"lazy\" decoding=\"async\" data-attachment-id=\"16877\" data-permalink=\"https:\/\/www.freidenker.org\/?attachment_id=16877\" data-orig-file=\"https:\/\/i0.wp.com\/www.freidenker.org\/fw17\/wp-content\/uploads\/2023\/08\/aiwanger_flugblatt.jpg?fit=605%2C519&amp;ssl=1\" data-orig-size=\"605,519\" data-comments-opened=\"0\" data-image-meta=\"{&quot;aperture&quot;:&quot;0&quot;,&quot;credit&quot;:&quot;&quot;,&quot;camera&quot;:&quot;&quot;,&quot;caption&quot;:&quot;&quot;,&quot;created_timestamp&quot;:&quot;0&quot;,&quot;copyright&quot;:&quot;&quot;,&quot;focal_length&quot;:&quot;0&quot;,&quot;iso&quot;:&quot;0&quot;,&quot;shutter_speed&quot;:&quot;0&quot;,&quot;title&quot;:&quot;&quot;,&quot;orientation&quot;:&quot;0&quot;}\" data-image-title=\"aiwanger_flugblatt\" data-image-description=\"\" data-image-caption=\"\" data-large-file=\"https:\/\/i0.wp.com\/www.freidenker.org\/fw17\/wp-content\/uploads\/2023\/08\/aiwanger_flugblatt.jpg?fit=605%2C519&amp;ssl=1\" class=\"wp-image-16877\" src=\"https:\/\/i0.wp.com\/www.freidenker.org\/fw17\/wp-content\/uploads\/2023\/08\/aiwanger_flugblatt.jpg?resize=800%2C686&#038;ssl=1\" alt=\"\" width=\"800\" height=\"686\" srcset=\"https:\/\/i0.wp.com\/www.freidenker.org\/fw17\/wp-content\/uploads\/2023\/08\/aiwanger_flugblatt.jpg?w=605&amp;ssl=1 605w, https:\/\/i0.wp.com\/www.freidenker.org\/fw17\/wp-content\/uploads\/2023\/08\/aiwanger_flugblatt.jpg?resize=300%2C257&amp;ssl=1 300w\" sizes=\"auto, (max-width: 800px) 100vw, 800px\" \/><figcaption id=\"caption-attachment-16877\" class=\"wp-caption-text\"><span style=\"font-size: 10pt;\">Screenshot, Quelle: <a href=\"https:\/\/freedert.online\/meinung\/179039-tod-und-teufel-prigoschin-aiwanger\/\" target=\"_blank\" rel=\"noopener\">RT DE<\/a><\/span><\/figcaption><\/figure>\n<p>Es handelt sich um einen durchaus tadelnswerten Sch\u00fclerstreich, der Schabernack mit den Massenverbrechen des Hitlerregimes treibt und von sittlicher Unreife zeugt. Ohne irgendeine handfeste Tatsache, die des zum fraglichen Zeitpunkt siebzehnj\u00e4hrigen Aiwanger Beziehung zu dem Flugblatt erhellt, ma\u00dft sich die SZ an, mit ihrer d\u00fcrren \u201eEnth\u00fcllung\u201c faktisch in den bayerischen Landtagswahlkampf einzugreifen \u2013 es ist \u00fcbrigens dieselbe SZ, die 2013 Joseph Ratzinger ohne weiteres bescheinigte: \u201eDer heutige Papst Benedikt XVI. wurde gegen seinen Willen Hitlerjunge.\u201c (<a href=\"https:\/\/www.sueddeutsche.de\/panorama\/papst-benedikts-wahre-geschichte-joseph-und-die-hitlerjugend-1.921005\" target=\"_blank\" rel=\"noopener\">https:\/\/www.sueddeutsche.de\/panorama\/papst-benedikts-wahre-geschichte-joseph-und-die-hitlerjugend-1.921005<\/a>) Schnell verst\u00e4ndigte sich die Meute auf das zu gebrauchende Codewort: Ein \u201eantisemitisches Flugblatt\u201c sei es, das nun an Aiwanger klebt, auch wenn kein Wort darin steht, das diese Qualifizierung rechtfertigt.<\/p>\n<p>Mit den t\u00e4glichen Erweiterungen und neuesten Wendungen der aus der Luft gezauberten \u201eCausa Aiwanger\u201c wollen wir uns hier nicht mehr besch\u00e4ftigen, sondern eher damit, was Aiwanger wirklich \u201everbrochen\u201c hat, da\u00df man ihm mit solchem Schmierenjournalismus der untersten Kategorie auf den Leib r\u00fcckt. Bundesweites Aufsehen erregte er ja bereits, als er auf dem H\u00f6hepunkt der Pogromstimmung gegen \u201eUngeimpfte\u201c (sprich: nicht mit experimentellen Covid-19-Impfstoffen Behandelte) standhaft den \u201ePieks\u201c verweigerte. Doch an diese Zeit wollen die Verantwortlichen und ihre Hinterm\u00e4nner sowie ihre schreibenden Helfershelfer tunlichst nicht erinnern. Gro\u00dfe Wellen schlug ein Auftritt Aiwangers bei einer Gro\u00dfkundgebung in Erding bei M\u00fcnchen am 10. Juni dieses Jahres unter dem Motto \u201eStoppt die Heizungsideologie\u201c, bei der auch als Hauptredner der bayerische Ministerpr\u00e4sident S\u00f6der sprach. Der Bayerische Rundfunk zitiert aus Aiwangers Kundgebungsrede: \u201eJetzt ist der Punkt erreicht, wo die gro\u00dfe schweigende Mehrheit sich die Demokratie zur\u00fcckholen muss und denen in Berlin sagen: &#8218;Ihr habt ja wohl den Arsch offen da oben.&#8216; Wir wollen unsere Demokratie zur\u00fcckholen.\u201c (<a href=\"https:\/\/www.br.de\/nachrichten\/bayern\/aiwangers-scharfe-worte-gegen-geplantes-heizungsgesetz,TgmiiUG\" target=\"_blank\" rel=\"noopener\">https:\/\/www.br.de\/nachrichten\/bayern\/aiwangers-scharfe-worte-gegen-geplantes-heizungsgesetz,TgmiiUG<\/a>) Insbesondere das Wort vom Zur\u00fcckholen der Demokratie durch die Mehrheit wurde \u2013 widersinnigerweise \u2013 von Kritikern als demokratiefeindlich eingesch\u00e4tzt. Talkshow-Moderator Markus Lanz stellte Aiwanger deshalb in der Manier eines Inquisitors zur Rede. Dabei ist dieser Gedanke die unabweisbare Konsequenz aus dem Namen der Demokratie, der Volksherrschaft und der Identifikation des Volkes mit dem Souver\u00e4n.<\/p>\n<p>Mit seiner Erdinger Rede hat Aiwanger den Finger in eine klaffende Wunde gelegt. Da\u00df die Regierung und der sie formal kontrollierende, ihr faktisch untergeordnete Gesetzgeber eine mehr und mehr gegen die Interessen der Volksmassen gerichtete, weder ihrem Willen noch gar ihrem Auftrag entsprechende Politik betreiben, wird immer sichtbarer. Der wirtschaftliche Niedergang im Namen des \u201eKlimaschutzes\u201c und der \u201eRuinierung Ru\u00dflands\u201c nimmt Fahrt auf. Die Meinungsfreiheit wird stark beschnitten: Wer sich \u00fcber Regierungsmitglieder lustig macht, mu\u00df mit Strafbefehlen rechnen, wer die Einsch\u00e4tzung der Bundesregierung zum Krieg in der Ukraine nicht teilt, mit Anklagen wegen \u201eVolksverhetzung\u201c und \u201eBilligung von Straftaten\u201c. Und die regierungstreuen Medien tun ihr \u00dcbriges. Es ist wirklich Zeit, da\u00df sich die Mehrheit die Demokratie zur\u00fcckholt.<\/p>\n<p>Falls es noch eines Beweises bed\u00fcrfte, wie willk\u00fcrlich die Nazi-Keule gegen Hubert Aiwanger von den staatstragenden Medienorganen geschwungen wird, so k\u00f6nnte es dieser sein: Wie die Tagesschau unter Bezugnahme auf einen namentlich genannten und relevanten Zeugen berichtet (<a href=\"https:\/\/www.tagesschau.de\/inland\/regional\/badenwuerttemberg\/swr-kz-vergleich-bei-ellwanger-heimattagen-eklat-um-cdu-politiker-kiesewetter-100.html\">https:\/\/www.tagesschau.de\/inland\/regional\/badenwuerttemberg\/swr-kz-vergleich-bei-ellwanger-heimattagen-eklat-um-cdu-politiker-kiesewetter-100.html<\/a>), soll der CDU-Bundestagsabgeordnete Roderich Kiesewetter Ende Juli zu Mitarbeitern einer Sicherheitsfirma, die ihn nachts um 1.30 Uhr zum Verlassen eines Weinkellers aufforderten, gesagt haben: \u201eIhr seid ja schlimmer als KZ-W\u00e4chter\u201c. Man vergleiche die Resonanz, auf die diese belegte Meldung \u00fcber eine frappierende Verharmlosung des Hitler-Faschismus durch einen aktiven Politiker st\u00f6\u00dft, mit der allgegenw\u00e4rtigen Emp\u00f6rung \u00fcber Aiwangers rein mutma\u00dfliche Jugends\u00fcnden. Doch bei Kiesewetter handelt es sich nun einmal um einen \u201everdienten\u201c Parteig\u00e4nger der NATO-Kriegsmaschine, Verbreiter antirussischer Propaganda und F\u00f6rderer antirussischer Politik im Interesse der USA, der jeglicher Bestrebungen, dem Volk die Demokratie zur\u00fcckgeben zu wollen, unverd\u00e4chtig ist. Kein Zweifel: H\u00e4tte Hubert Aiwanger sich Kiesewetters Ausspruch geleistet \u2013 er w\u00e4re bereits alle seine Posten los.<\/p>\n<p>Das Verh\u00e4ltnis der staatstragenden Medienorgane zu jeder ernsthaften Opposition wird treffend durch Brechts Verse aus dem St\u00fcck \u201eDie Mutter\u201c, wo sie sich eigentlich auf das zaristische Ru\u00dfland beziehen, charakterisiert: \u201eSie haben Zeitungen und Druckereien\u00a0 \/ Um uns zu bek\u00e4mpfen und mundtot zu machen (\u2026) Ja, wozu denn? \/ M\u00fcssen sie denn die Wahrheit so f\u00fcrchten?\u201c<\/p>\n<p style=\"text-align: right;\"><em>Sebastian Bahlo ist Vorsitzender des Deutschen Freidenker-Verbandes<\/em><\/p>\n<p>Siehe zum Thema auch:<\/p>\n<p>Bernd Duschner:\u00a0<a title=\"Die gro\u00dfe Heuchelei wegen eines Flugblattes von 1987\" href=\"https:\/\/www.freidenker.org\/?p=16902\">Die gro\u00dfe Heuchelei wegen eines Flugblattes von 1987<\/a>\u00a0(09.09.2023)<br \/>\nKlaus Hartmann: <a title=\"Nochmal zum \u201eFall Aiwanger\u201c\" href=\"https:\/\/www.freidenker.org\/?p=17049\">Nochmal zum \u201eFall Aiwanger\u201c<\/a> (Leserbrief und Antwort zu diesem Beitrag) (23.09.2023)<\/p>\n<hr \/>\n<p><span style=\"font-size: 10pt;\">Bild oben: Collage von Ralf Lux, unter Verwendung von:<\/span><\/p>\n<p><span style=\"font-size: 10pt;\">Steckbrief: <a href=\"https:\/\/www.publicdomainpictures.net\/de\/view-image.php?image=134868&amp;picture=wanted-poster\" target=\"_blank\" rel=\"noopener\">publicdomainpictures.net<\/a><\/span><br \/>\n<span style=\"font-size: 10pt;\">Hintergrund (Bretter): <a href=\"https:\/\/pixabay.com\/de\/photos\/holz-brett-struktur-bretter-591631\/\" target=\"_blank\" rel=\"noopener\">pixabay.com<\/a><\/span><br \/>\n<span style=\"font-size: 10pt;\">Till Lindemann: Foto: Sven Mandel, <a href=\"https:\/\/creativecommons.org\/licenses\/by-sa\/4.0\" target=\"_blank\" rel=\"noopener\">CC BY-SA 4.0<\/a>, Quelle: <a href=\"https:\/\/commons.wikimedia.org\/w\/index.php?curid=63426950\" target=\"_blank\" rel=\"noopener\">wikimedia.org<\/a><\/span><br \/>\n<span style=\"font-size: 10pt;\">Arne Sch\u00f6nbohm: Foto: Michael Lucan, <a href=\"https:\/\/creativecommons.org\/licenses\/by-sa\/3.0\/de\/deed.en\" target=\"_blank\" rel=\"noopener\">CC BY-SA 3.0<\/a>, Quelle: <a href=\"https:\/\/commons.wikimedia.org\/w\/index.php?curid=60814023\" target=\"_blank\" rel=\"noopener\">wikimedia.org<\/a><\/span><br \/>\n<span style=\"font-size: 10pt;\">Hubert Aiwanger: Foto: Raimond Spekking, <a href=\"https:\/\/creativecommons.org\/licenses\/by-sa\/4.0\" target=\"_blank\" rel=\"noopener\">CC BY-SA 4.0<\/a>, Quelle: <a href=\"https:\/\/commons.wikimedia.org\/w\/index.php?curid=76873875\" target=\"_blank\" rel=\"noopener\">wikimedia.org<\/a><\/span><\/p>\n","protected":false},"excerpt":{"rendered":"<p><b>Beitrag von Sebastian Bahlo<\/b><br \/>\nDass in formaldemokratischen Systemen Skandale ein willk\u00fcrliches Instrument der Kontrolle der Politik durch die ungew\u00e4hlten echten Machtzentren sind, ist f\u00fcr Freidenker keine aufregende Erkenntnis. Die dem Spendenskandal, infolgedessen nach der Abwahl Helmut Kohls die CDU-F\u00fchrung ausgetauscht wurde, zugrundeliegenden Tatsachen m\u00fcssen den Hinweisgebern schon lange vorher bekannt gewesen sein. 2011 wurde ein Bundespr\u00e4sident zum R\u00fccktritt gedr\u00e4ngt, nachdem ihm zuerst vorgeworfen worden war, ein Haus als Geschenk angenommen zu haben, &#8230; und er sich daraufhin telefonisch bei der \u201eBild\u201c-Zeitung \u00fcber die aus seiner Sicht unfaire Berichterstattung beschwert hatte, was ihm als \u201eAngriff auf die Pressefreiheit\u201c ausgelegt wurde. Solcherart geschieht nur dem, der irgendwo auf seinem Weg den Pl\u00e4nen der M\u00e4chtigen in die Quere gekommen ist<\/p>\n","protected":false},"author":3,"featured_media":16881,"comment_status":"closed","ping_status":"closed","sticky":false,"template":"","format":"standard","meta":{"colormag_page_container_layout":"default_layout","colormag_page_sidebar_layout":"default_layout","advanced_seo_description":"","jetpack_seo_html_title":"","jetpack_seo_noindex":false,"jetpack_post_was_ever_published":false,"footnotes":""},"categories":[937],"tags":[1043,1441,1241,1901,746,121,964,1759,1399],"class_list":["post-16876","post","type-post","status-publish","format-standard","has-post-thumbnail","hentry","category-zeit-der-verleumder-freidenker-fuer-klartext","tag-bayern","tag-bild-zeitung","tag-cdu","tag-freie-waehler","tag-kriegsverbrechen","tag-medien","tag-medienhetze","tag-skandal","tag-spenden"],"jetpack_featured_media_url":"https:\/\/i0.wp.com\/www.freidenker.org\/fw17\/wp-content\/uploads\/2023\/08\/klartext-aiwanger.jpg?fit=800%2C450&ssl=1","jetpack_shortlink":"https:\/\/wp.me\/p9stpK-4oc","jetpack-related-posts":[{"id":21104,"url":"https:\/\/www.freidenker.org\/?p=21104","url_meta":{"origin":16876,"position":0},"title":"Wer die Wahl hat, hat die Qual, \u2026?","author":"Webredaktion","date":"7. M\u00e4rz 2025","format":false,"excerpt":"Beitrag von Thomas Loch Wer die Wahl hat, hat die Qual, allein schon weil Freiheit nicht in der M\u00f6glichkeit der Wahl steckt, sondern in der bewussten, der Einsicht in die Notwendigkeit geschuldeten, Tat begr\u00fcndet. Das spielt in einer irrationalistischen Denkweise, wie sie heutzutage in der bundesdeutschen Gesellschaft vorrangig anzutreffen, keine\u2026","rel":"","context":"In &quot;Demokratie \u2013 Medien \u2013 Aufkl\u00e4rung&quot;","block_context":{"text":"Demokratie \u2013 Medien \u2013 Aufkl\u00e4rung","link":"https:\/\/www.freidenker.org\/?cat=12"},"img":{"alt_text":"","src":"https:\/\/i0.wp.com\/www.freidenker.org\/fw17\/wp-content\/uploads\/2025\/03\/Zusammenstellung_wahl_loch_800x450.jpg?fit=800%2C450&ssl=1&resize=350%2C200","width":350,"height":200,"srcset":"https:\/\/i0.wp.com\/www.freidenker.org\/fw17\/wp-content\/uploads\/2025\/03\/Zusammenstellung_wahl_loch_800x450.jpg?fit=800%2C450&ssl=1&resize=350%2C200 1x, https:\/\/i0.wp.com\/www.freidenker.org\/fw17\/wp-content\/uploads\/2025\/03\/Zusammenstellung_wahl_loch_800x450.jpg?fit=800%2C450&ssl=1&resize=525%2C300 1.5x, https:\/\/i0.wp.com\/www.freidenker.org\/fw17\/wp-content\/uploads\/2025\/03\/Zusammenstellung_wahl_loch_800x450.jpg?fit=800%2C450&ssl=1&resize=700%2C400 2x"},"classes":[]},{"id":9572,"url":"https:\/\/www.freidenker.org\/?p=9572","url_meta":{"origin":16876,"position":1},"title":"\u201eMutti Merkel\u201c-CDU: Aufl\u00f6sung in M\u00e4nnerb\u00fcnde und in den Staat","author":"Webredaktion","date":"13. Februar 2021","format":false,"excerpt":"Beitrag von Werner R\u00fcgemer Kurzes Nachspiel zu \u201eDer neue CDU-Vorsitzende Armin Laschet: Gelernter Mehrfach-Populist \u2013 mit Hinterm\u00e4nnern\u201c. ... In dem Artikel hatte ich Nathanael Liminski als \u201eMann hinter Laschet\u201c geschildert, so wie ihn auch die FAZ betitelt hatte. Liminski wurde 2017 im Alter von 31 Jahren Chef der NRW-Staatskanzlei, dem\u2026","rel":"","context":"In &quot;Demokratie \u2013 Medien \u2013 Aufkl\u00e4rung&quot;","block_context":{"text":"Demokratie \u2013 Medien \u2013 Aufkl\u00e4rung","link":"https:\/\/www.freidenker.org\/?cat=12"},"img":{"alt_text":"","src":"https:\/\/i0.wp.com\/www.freidenker.org\/fw17\/wp-content\/uploads\/2021\/02\/Laschet_Liminski_rso170630-09-20014_foto_land_nrw_r._sondermann_800x450.jpg?fit=800%2C450&ssl=1&resize=350%2C200","width":350,"height":200,"srcset":"https:\/\/i0.wp.com\/www.freidenker.org\/fw17\/wp-content\/uploads\/2021\/02\/Laschet_Liminski_rso170630-09-20014_foto_land_nrw_r._sondermann_800x450.jpg?fit=800%2C450&ssl=1&resize=350%2C200 1x, https:\/\/i0.wp.com\/www.freidenker.org\/fw17\/wp-content\/uploads\/2021\/02\/Laschet_Liminski_rso170630-09-20014_foto_land_nrw_r._sondermann_800x450.jpg?fit=800%2C450&ssl=1&resize=525%2C300 1.5x, https:\/\/i0.wp.com\/www.freidenker.org\/fw17\/wp-content\/uploads\/2021\/02\/Laschet_Liminski_rso170630-09-20014_foto_land_nrw_r._sondermann_800x450.jpg?fit=800%2C450&ssl=1&resize=700%2C400 2x"},"classes":[]},{"id":20074,"url":"https:\/\/www.freidenker.org\/?p=20074","url_meta":{"origin":16876,"position":2},"title":"Aufbau Ost? Gru\u00dfbotschaft zum 30j\u00e4hrigen Jubil\u00e4um der BIKO","author":"Webredaktion","date":"8. Oktober 2024","format":false,"excerpt":"Video-Botschaft von Dr. Werner R\u00fcgemer Liebe Mitglieder und Freunde der B\u00fcrgerinitiative BIKO! Ich begl\u00fcckw\u00fcnsche Euch, dass Ihr vor drei\u00dfig Jahren die BIKO gegr\u00fcndet habt und dass Ihr die drei Jahrzehnte bis heute durchgehalten habt und auch weiterarbeiten wollt! Das ist gro\u00dfartig, vorbildlich und das brauchen wir in diesem Staat, und\u2026","rel":"","context":"In &quot;Arbeit &amp; Soziales&quot;","block_context":{"text":"Arbeit &amp; Soziales","link":"https:\/\/www.freidenker.org\/?cat=11"},"img":{"alt_text":"","src":"https:\/\/i0.wp.com\/www.freidenker.org\/fw17\/wp-content\/uploads\/2024\/10\/cement-7709852_800x450.jpg?fit=800%2C450&ssl=1&resize=350%2C200","width":350,"height":200,"srcset":"https:\/\/i0.wp.com\/www.freidenker.org\/fw17\/wp-content\/uploads\/2024\/10\/cement-7709852_800x450.jpg?fit=800%2C450&ssl=1&resize=350%2C200 1x, https:\/\/i0.wp.com\/www.freidenker.org\/fw17\/wp-content\/uploads\/2024\/10\/cement-7709852_800x450.jpg?fit=800%2C450&ssl=1&resize=525%2C300 1.5x, https:\/\/i0.wp.com\/www.freidenker.org\/fw17\/wp-content\/uploads\/2024\/10\/cement-7709852_800x450.jpg?fit=800%2C450&ssl=1&resize=700%2C400 2x"},"classes":[]},{"id":24598,"url":"https:\/\/www.freidenker.org\/?p=24598","url_meta":{"origin":16876,"position":3},"title":"Eine Notiz in der Zeitung &#8211; Pandemische Zeiten, &#8211; Erinnerung &#8211; es bietet sich an zu vergleichen.","author":"Webredaktion","date":"13. M\u00e4rz 2026","format":false,"excerpt":"Beitrag von\u00a0Thomas Loch Es ist eine interessante Sache, welche Parallelen sich aufdr\u00e4ngen, wenn zum Beispiel ein Bericht in der Zeitung (MZ-11.03.2022, Seite7) gelesen und Bez\u00fcge zum pandemischen Zeitalter hergestellt werden k\u00f6nnen. Die Menschen sollen eine Wahl haben und w\u00e4hlen zu k\u00f6nnen, wird ihnen als gro\u00dfe Freiheit gepriesen, doch haben Menschen\u2026","rel":"","context":"In &quot;Demokratie \u2013 Medien \u2013 Aufkl\u00e4rung&quot;","block_context":{"text":"Demokratie \u2013 Medien \u2013 Aufkl\u00e4rung","link":"https:\/\/www.freidenker.org\/?cat=12"},"img":{"alt_text":"","src":"https:\/\/i0.wp.com\/www.freidenker.org\/fw17\/wp-content\/uploads\/2026\/03\/Pilz-Vergleich_800x450.jpg?fit=800%2C450&ssl=1&resize=350%2C200","width":350,"height":200,"srcset":"https:\/\/i0.wp.com\/www.freidenker.org\/fw17\/wp-content\/uploads\/2026\/03\/Pilz-Vergleich_800x450.jpg?fit=800%2C450&ssl=1&resize=350%2C200 1x, https:\/\/i0.wp.com\/www.freidenker.org\/fw17\/wp-content\/uploads\/2026\/03\/Pilz-Vergleich_800x450.jpg?fit=800%2C450&ssl=1&resize=525%2C300 1.5x, https:\/\/i0.wp.com\/www.freidenker.org\/fw17\/wp-content\/uploads\/2026\/03\/Pilz-Vergleich_800x450.jpg?fit=800%2C450&ssl=1&resize=700%2C400 2x"},"classes":[]},{"id":7576,"url":"https:\/\/www.freidenker.org\/?p=7576","url_meta":{"origin":16876,"position":4},"title":"DIE LINKE Th\u00fcringens: Bestandteil einer \u201edemokratischen Mehrheit\u201c?","author":"Webredaktion","date":"17. Februar 2020","format":false,"excerpt":"Beitrag von Andreas Wehr Das \u201eBeben von Erfurt\u201c ver\u00e4ndert die politische Landschaft der Bundesrepublik. Die CDU geriet in heftige Turbulenzen, der FDP steht das noch bevor. Die Th\u00fcringer Linkspartei wiederum sieht sich inzwischen als Bestandteil einer \u201edemokratischen Mehrheit\u201c, zu der sie auch die CDU z\u00e4hlt. Sie ist damit unter den\u2026","rel":"","context":"In &quot;Demokratie \u2013 Medien \u2013 Aufkl\u00e4rung&quot;","block_context":{"text":"Demokratie \u2013 Medien \u2013 Aufkl\u00e4rung","link":"https:\/\/www.freidenker.org\/?cat=12"},"img":{"alt_text":"","src":"https:\/\/i0.wp.com\/www.freidenker.org\/fw17\/wp-content\/uploads\/2020\/02\/Thueringer_Landtag_Wahl_des_Ministerpraesidenten_2_800x445.jpg?fit=800%2C445&ssl=1&resize=350%2C200","width":350,"height":200,"srcset":"https:\/\/i0.wp.com\/www.freidenker.org\/fw17\/wp-content\/uploads\/2020\/02\/Thueringer_Landtag_Wahl_des_Ministerpraesidenten_2_800x445.jpg?fit=800%2C445&ssl=1&resize=350%2C200 1x, https:\/\/i0.wp.com\/www.freidenker.org\/fw17\/wp-content\/uploads\/2020\/02\/Thueringer_Landtag_Wahl_des_Ministerpraesidenten_2_800x445.jpg?fit=800%2C445&ssl=1&resize=525%2C300 1.5x, https:\/\/i0.wp.com\/www.freidenker.org\/fw17\/wp-content\/uploads\/2020\/02\/Thueringer_Landtag_Wahl_des_Ministerpraesidenten_2_800x445.jpg?fit=800%2C445&ssl=1&resize=700%2C400 2x"},"classes":[]},{"id":21739,"url":"https:\/\/www.freidenker.org\/?p=21739","url_meta":{"origin":16876,"position":5},"title":"Die AfD im Fokus des Verfassungsschutzes","author":"Webredaktion","date":"5. Mai 2025","format":false,"excerpt":"Beitrag von Wolfgang Bittner V\u00f6llig \u00fcberraschend kam den Koalitionspartnern aus CDU\/CSU und SPD der ehemalige Gesundheitsminister Jens Spahn, Mitglied des CDU-Pr\u00e4sidiums, in die Quere. Obwohl ein Unvereinbarkeitsbeschluss der CDU gegen\u00fcber der AfD gilt, hat er am 11. April in einem Interview mit der Bild-Zeitung gefordert, mit der AfD im Parlament\u2026","rel":"","context":"In &quot;Demokratie \u2013 Medien \u2013 Aufkl\u00e4rung&quot;","block_context":{"text":"Demokratie \u2013 Medien \u2013 Aufkl\u00e4rung","link":"https:\/\/www.freidenker.org\/?cat=12"},"img":{"alt_text":"","src":"https:\/\/i0.wp.com\/www.freidenker.org\/fw17\/wp-content\/uploads\/2025\/05\/AFD-Verbot_pruefen_protest_Berlin_2024-01-12_97_800x450.jpg?fit=800%2C450&ssl=1&resize=350%2C200","width":350,"height":200,"srcset":"https:\/\/i0.wp.com\/www.freidenker.org\/fw17\/wp-content\/uploads\/2025\/05\/AFD-Verbot_pruefen_protest_Berlin_2024-01-12_97_800x450.jpg?fit=800%2C450&ssl=1&resize=350%2C200 1x, https:\/\/i0.wp.com\/www.freidenker.org\/fw17\/wp-content\/uploads\/2025\/05\/AFD-Verbot_pruefen_protest_Berlin_2024-01-12_97_800x450.jpg?fit=800%2C450&ssl=1&resize=525%2C300 1.5x, https:\/\/i0.wp.com\/www.freidenker.org\/fw17\/wp-content\/uploads\/2025\/05\/AFD-Verbot_pruefen_protest_Berlin_2024-01-12_97_800x450.jpg?fit=800%2C450&ssl=1&resize=700%2C400 2x"},"classes":[]}],"_links":{"self":[{"href":"https:\/\/www.freidenker.org\/index.php?rest_route=\/wp\/v2\/posts\/16876","targetHints":{"allow":["GET"]}}],"collection":[{"href":"https:\/\/www.freidenker.org\/index.php?rest_route=\/wp\/v2\/posts"}],"about":[{"href":"https:\/\/www.freidenker.org\/index.php?rest_route=\/wp\/v2\/types\/post"}],"author":[{"embeddable":true,"href":"https:\/\/www.freidenker.org\/index.php?rest_route=\/wp\/v2\/users\/3"}],"replies":[{"embeddable":true,"href":"https:\/\/www.freidenker.org\/index.php?rest_route=%2Fwp%2Fv2%2Fcomments&post=16876"}],"version-history":[{"count":0,"href":"https:\/\/www.freidenker.org\/index.php?rest_route=\/wp\/v2\/posts\/16876\/revisions"}],"wp:featuredmedia":[{"embeddable":true,"href":"https:\/\/www.freidenker.org\/index.php?rest_route=\/wp\/v2\/media\/16881"}],"wp:attachment":[{"href":"https:\/\/www.freidenker.org\/index.php?rest_route=%2Fwp%2Fv2%2Fmedia&parent=16876"}],"wp:term":[{"taxonomy":"category","embeddable":true,"href":"https:\/\/www.freidenker.org\/index.php?rest_route=%2Fwp%2Fv2%2Fcategories&post=16876"},{"taxonomy":"post_tag","embeddable":true,"href":"https:\/\/www.freidenker.org\/index.php?rest_route=%2Fwp%2Fv2%2Ftags&post=16876"}],"curies":[{"name":"wp","href":"https:\/\/api.w.org\/{rel}","templated":true}]}}