{"id":16863,"date":"2023-08-30T23:57:37","date_gmt":"2023-08-30T21:57:37","guid":{"rendered":"https:\/\/www.freidenker.org\/?p=16863"},"modified":"2023-09-17T11:14:42","modified_gmt":"2023-09-17T09:14:42","slug":"scholz-schockiert-putin-beschwert-sich-gar-nicht-ueber-die-sanktionen","status":"publish","type":"post","link":"https:\/\/www.freidenker.org\/?p=16863","title":{"rendered":"Scholz schockiert: &#8222;Putin beschwert sich gar nicht \u00fcber die Sanktionen&#8220;"},"content":{"rendered":"<p><strong>Im M\u00e4rz 2022 tauschten sich Bundeskanzler Scholz und Frankreichs Pr\u00e4sident Macron \u00fcber ihre Gespr\u00e4che mit Russlands Oberhaupt Putin aus. Scholz d\u00e4mmerte bereits am neunten Tag der Operation, dass die Rechnung des Westens nicht aufgehen und der Krieg gegen Russland verloren sein k\u00f6nnte. <\/strong><\/p>\n<p><em>Von <strong>Gert Ewen Ungar<\/strong><\/em><\/p>\n<p><span style=\"font-size: 10pt;\">Erstver\u00f6ffentlichung am 28.08.2023 auf <a href=\"https:\/\/freedert.online\/meinung\/179124-scholz-schockiert-putin-beschwert-sich\/\" target=\"_blank\" rel=\"noopener\">RT DE<\/a><\/span><\/p>\n<p>Die <em>BILD-Zeitung<\/em> ver\u00f6ffentlichte Teile aus einem Telefongespr\u00e4ch, das Bundeskanzler Scholz mit dem franz\u00f6sischen Pr\u00e4sidenten Macron gef\u00fchrt hat, nachdem beide zuvor mit Russlands Pr\u00e4sident Putin gesprochen hatten. Das Telefongespr\u00e4ch fand Anfang M\u00e4rz 2022 statt, am neunten Tag nach Beginn der milit\u00e4rischen Spezialoperation. Die Friedensverhandlungen zwischen der Ukraine und Russland in Wei\u00dfrussland begannen am 28.02.2022, also vier Tage nach Beginn des russischen Einsatzes. Putin war nach Aussagen des deutschen Bundeskanzlers zu Gespr\u00e4chen bereit.<\/p>\n<blockquote><p><em>&#8222;Er hat mir von all seinen Ideen erz\u00e4hlt, wie ein Kompromiss gefunden werden kann. Er sprach von Demilitarisierung, Denazifizierung&#8220;, <\/em><\/p><\/blockquote>\n<p>zitierte die<em> BILD<\/em> Scholz. Wer sich erinnert, der Ausl\u00f6ser des Konflikts war die Absicht der Ukraine, der NATO beitreten zu wollen. Die NATO wiederum war dazu bereit, das hatte sie bereits auf dem NATO-Gipfel 2008 in Bukarest deutlich gemacht. Russland sah durch einen Beitritt der Ukraine zum Milit\u00e4rb\u00fcndnis seine Sicherheitsinteressen bedroht, der Konflikt eskalierte.<\/p>\n<p>Mit der R\u00fcckkehr der Ukraine zu ihrem neutralen Status, wie er bis 2014 in der ukrainischen Verfassung verankert war, w\u00e4re der Krieg vorbei, aber genau das wollen weder Scholz noch Macron noch die NATO oder die USA. An der Ursache f\u00fcr den Konflikt halten die westlichen L\u00e4nder fest, also bleibt der Konflikt bestehen.<\/p>\n<p>Im Gegenteil macht die Chronologie der Abl\u00e4ufe deutlich, dass viel f\u00fcr die These spricht, dass der Westen diesen Krieg mit Absicht herbeigef\u00fchrt hat. Jede von Russland gezogene rote Linie wurde \u00fcberschritten, Minsk 2 wurde sabotiert, R\u00fcstungskontrollvertr\u00e4ge durch die USA mit fadenscheinigen Begr\u00fcndungen einseitig gek\u00fcndigt, Bitten Russlands um Sicherheitsgarantien wurden ignoriert. All das legt nahe, dass man die Eskalation und den Krieg angestrebt hat. Doch mit welchem Zweck? Auch darauf gibt Scholz eine Antwort.<\/p>\n<p>Man kann allerdings nach dem von Scholz Gesagten davon ausgehen, dass der Bundeskanzler wei\u00df, dass sein Gerede vom russischen Imperialismus absoluter Unsinn ist. Putin\u00a0wollte einen Kompromiss, gab Scholz zu, und der Westen eben nicht. Damit ist die Konstellation des Konflikts von Scholz brillant zusammengefasst. Der Kanzler erkl\u00e4rte, dass es nicht &#8222;besser werde&#8220;, und <em>BILD<\/em> ver\u00f6ffentlichte dazu:<\/p>\n<blockquote><p><em>&#8222;Etwas bedr\u00fcckt mich mehr als die Gespr\u00e4che: Er (Putin) beschwert sich gar nicht \u00fcber all die Sanktionen. Ich wei\u00df nicht, ob er das im Gespr\u00e4ch mit Dir getan hat. Aber er hat die Sanktionen gar nicht angesprochen.&#8220;<\/em><\/p><\/blockquote>\n<p>Auch ihm gegen\u00fcber habe Putin die Sanktionen nicht erw\u00e4hnt, stellt der franz\u00f6sische Pr\u00e4sident fest. Die Sanktionen, die &#8222;Russland ruinieren&#8220; sollen, funktionieren nicht, wie sie sollen.<\/p>\n<p>Was Scholz hier sagt, macht sehr deutlich, dass die Sanktionen das Ziel der Eskalation des Konflikts mit Russland waren. Was Scholz ausf\u00fchrte, st\u00fctzt die These, dass der Westen Russland in einen Krieg treiben wollte, um umfassende und vor allem l\u00e4ngst vorbereitete Sanktionen zu verh\u00e4ngen. Russland sollte wirtschaftlich vernichtet werden, das Land verelenden, um ihm als faktisch unterlegener Partei k\u00fcnftig alle Bedingungen diktieren zu k\u00f6nnen. Bereits am neunten Tag der milit\u00e4rischen Spezialoperation d\u00e4mmert dem Kanzler, dass dieser Plan gescheitert sein k\u00f6nnte.<\/p>\n<p>Selbst der wenig talentierten deutschen Au\u00dfenministerin fiel inzwischen auf, dass aus &#8222;Russland ruinieren&#8220; erst einmal nichts wird, auch wenn die Begr\u00fcndung, warum die Sanktionen nicht griffen, nat\u00fcrlich genauso absurd ist, wie vieles, das die gering begabte deutsche Au\u00dfenministerin so \u00e4u\u00dfert. Die Sanktionen w\u00fcrden Baerbocks Meinung nach nicht funktionieren, weil Russland keine Demokratie sei. Na dann.<\/p>\n<p>Statt des Zusammenbruchs Russlands passiert aber etwas anderes: Au\u00dferhalb des Westens schlie\u00dfen sich die L\u00e4nder zusammen, um gegen westliche Bevormundung und Dominanz aufzustehen. Das, was der Westen mit Russland und zuvor mit unz\u00e4hligen anderen L\u00e4ndern gemacht hat, soll k\u00fcnftig verhindert werden. Statt Russland in die Knie zu zwingen, hat man mit der Eskalation des Ukraine-Konflikts den Grundstein f\u00fcr eine neue Weltordnung gelegt, in der der Westen keine dominierende Rolle mehr spielen wird. Eigentlich h\u00e4tte niemand besser wissen k\u00f6nnen, dass so etwas passieren kann, wenn man sich mit Russland anlegt, als ein deutscher Bundeskanzler.<\/p>\n<p style=\"text-align: right;\"><em>Gert-Ewen Ungar studierte Philosophie und Germanistik und schreibt regelm\u00e4\u00dfig f\u00fcr die <a href=\"https:\/\/www.neulandrebellen.de\/\" target=\"_blank\" rel=\"noopener\">Neulandrebellen\u00a0<\/a><\/em><\/p>\n<hr \/>\n<p><span style=\"font-size: 10pt;\">Bild oben: Die Pr\u00e4sidenten der Ukraine und Frankreichs,\u00a0<span class=\"mw-page-title-main\">Selenskyj und Macron sowie der deutsche Bundeskanzler Scholz bei einem Treffen in Kiew, Juni 2022<br \/>\n<\/span>Foto: President.gov.ua, <a href=\"https:\/\/creativecommons.org\/licenses\/by\/4.0\" target=\"_blank\" rel=\"noopener\">CC BY 4.0<\/a>, <\/span><br \/>\n<span style=\"font-size: 10pt;\">Quelle: <a href=\"https:\/\/commons.wikimedia.org\/w\/index.php?curid=119362566\" target=\"_blank\" rel=\"noopener\">https:\/\/commons.wikimedia.org\/w\/index.php?curid=119362566<\/a><\/span><\/p>\n","protected":false},"excerpt":{"rendered":"<p><b>Beitrag von Gert Ewen Ungar<\/b><br \/>\nDie BILD-Zeitung ver\u00f6ffentlichte Teile aus einem Telefongespr\u00e4ch, das Bundeskanzler Scholz mit dem franz\u00f6sischen Pr\u00e4sidenten Macron gef\u00fchrt hat, nachdem beide zuvor mit Russlands Pr\u00e4sident Putin gesprochen hatten. Das Telefongespr\u00e4ch fand Anfang M\u00e4rz 2022 statt, am neunten Tag nach Beginn der milit\u00e4rischen Spezialoperation. Die Friedensverhandlungen zwischen der Ukraine und Russland in Wei\u00dfrussland begannen am 28.02.2022, also vier Tage nach Beginn des russischen Einsatzes. Putin war nach Aussagen des deutschen Bundeskanzlers zu Gespr\u00e4chen bereit.\u00a0<i>&#8222;Er hat mir von all seinen Ideen erz\u00e4hlt, wie ein Kompromiss gefunden werden kann. Er sprach von Demilitarisierung, Denazifizierung&#8220;,<\/i> zitierte die BILD Scholz.<\/p>\n","protected":false},"author":3,"featured_media":16873,"comment_status":"closed","ping_status":"closed","sticky":false,"template":"","format":"standard","meta":{"colormag_page_container_layout":"default_layout","colormag_page_sidebar_layout":"default_layout","advanced_seo_description":"","jetpack_seo_html_title":"","jetpack_seo_noindex":false,"jetpack_post_was_ever_published":false,"footnotes":""},"categories":[12],"tags":[1441,1463,452,1027,223,222,719,639],"class_list":["post-16863","post","type-post","status-publish","format-standard","has-post-thumbnail","hentry","category-demokratie-medien-aufklaerung","tag-bild-zeitung","tag-bundeskanzler","tag-deutschland","tag-frankreich","tag-putin","tag-russland","tag-sanktionen","tag-ukraine-konflikt"],"jetpack_featured_media_url":"https:\/\/i0.wp.com\/www.freidenker.org\/fw17\/wp-content\/uploads\/2023\/08\/selenski-macron-scholz_800x450.jpg?fit=800%2C450&ssl=1","jetpack_shortlink":"https:\/\/wp.me\/p9stpK-4nZ","jetpack-related-posts":[{"id":12557,"url":"https:\/\/www.freidenker.org\/?p=12557","url_meta":{"origin":16863,"position":0},"title":"Trag\u00f6die in der Ukraine w\u00e4re per Diplomatie vermeidbar gewesen","author":"Webredaktion","date":"8. April 2022","format":false,"excerpt":"Beitrag von Rainer Rupp Wenn die Nachricht des Wall Street Journal stimmt, dann hat die Zeitung einen riesigen, menschenverachtenden Skandal enth\u00fcllt. Denn das Sterben von Tausenden und das Leid von zig Tausenden Menschen in der Ukraine, egal auf welcher Seite, erscheint aufgrund der Wall-Street-Journal-Enth\u00fcllung in einem ganz anderen Licht. Die\u2026","rel":"","context":"In &quot;Frieden - Antifaschismus - Solidarit\u00e4t&quot;","block_context":{"text":"Frieden - Antifaschismus - Solidarit\u00e4t","link":"https:\/\/www.freidenker.org\/?cat=13"},"img":{"alt_text":"","src":"https:\/\/i0.wp.com\/www.freidenker.org\/fw17\/wp-content\/uploads\/2022\/04\/gebaeude_mariupol_800x450.jpg?fit=800%2C450&ssl=1&resize=350%2C200","width":350,"height":200,"srcset":"https:\/\/i0.wp.com\/www.freidenker.org\/fw17\/wp-content\/uploads\/2022\/04\/gebaeude_mariupol_800x450.jpg?fit=800%2C450&ssl=1&resize=350%2C200 1x, https:\/\/i0.wp.com\/www.freidenker.org\/fw17\/wp-content\/uploads\/2022\/04\/gebaeude_mariupol_800x450.jpg?fit=800%2C450&ssl=1&resize=525%2C300 1.5x, https:\/\/i0.wp.com\/www.freidenker.org\/fw17\/wp-content\/uploads\/2022\/04\/gebaeude_mariupol_800x450.jpg?fit=800%2C450&ssl=1&resize=700%2C400 2x"},"classes":[]},{"id":18909,"url":"https:\/\/www.freidenker.org\/?p=18909","url_meta":{"origin":16863,"position":1},"title":"Die vergessene Aufkl\u00e4rung: Wie in Deutschland Kants 300. Geburtstag instrumentalisiert wird","author":"Webredaktion","date":"30. April 2024","format":false,"excerpt":"Beitrag von Gert Ewen Ungar Immanuel Kant hatte Geburtstag. W\u00fcrde er noch leben, h\u00e4tte er gestern seinen 300. Geburtstag feiern k\u00f6nnen. Er ist jedoch tot, feiert daher nicht mehr, kann sich aber vor allem nun auch nicht mehr gegen Vereinnahmung wehren. Kant wurde anl\u00e4sslich seines Geburtstages massiv instrumentalisiert. Einer, der\u2026","rel":"","context":"In &quot;Demokratie \u2013 Medien \u2013 Aufkl\u00e4rung&quot;","block_context":{"text":"Demokratie \u2013 Medien \u2013 Aufkl\u00e4rung","link":"https:\/\/www.freidenker.org\/?cat=12"},"img":{"alt_text":"","src":"https:\/\/i0.wp.com\/www.freidenker.org\/fw17\/wp-content\/uploads\/2024\/04\/kant_grab_44965531381_fb426147a8_c_800x450.jpg?fit=800%2C450&ssl=1&resize=350%2C200","width":350,"height":200,"srcset":"https:\/\/i0.wp.com\/www.freidenker.org\/fw17\/wp-content\/uploads\/2024\/04\/kant_grab_44965531381_fb426147a8_c_800x450.jpg?fit=800%2C450&ssl=1&resize=350%2C200 1x, https:\/\/i0.wp.com\/www.freidenker.org\/fw17\/wp-content\/uploads\/2024\/04\/kant_grab_44965531381_fb426147a8_c_800x450.jpg?fit=800%2C450&ssl=1&resize=525%2C300 1.5x, https:\/\/i0.wp.com\/www.freidenker.org\/fw17\/wp-content\/uploads\/2024\/04\/kant_grab_44965531381_fb426147a8_c_800x450.jpg?fit=800%2C450&ssl=1&resize=700%2C400 2x"},"classes":[]},{"id":12245,"url":"https:\/\/www.freidenker.org\/?p=12245","url_meta":{"origin":16863,"position":2},"title":"Eine neue Phase der Propaganda gegen Russland","author":"Webredaktion","date":"20. Februar 2022","format":false,"excerpt":"Ein Kommentar von Wolfgang Bittner Die Auseinandersetzungen in der Ostukraine spitzen sich nach einer wahnsinnigen Hetzkampagne und Kriegspropaganda, die sich inzwischen \u00fcber Wochen hinzieht, immer mehr zu. Nat\u00fcrlich kann man dabei die Vorgeschichte nicht au\u00dfer Acht lassen. Denn es gibt Indizien daf\u00fcr, dass der Regime Change von 2014 \u00fcber Jahre\u2026","rel":"","context":"In &quot;Frieden - Antifaschismus - Solidarit\u00e4t&quot;","block_context":{"text":"Frieden - Antifaschismus - Solidarit\u00e4t","link":"https:\/\/www.freidenker.org\/?cat=13"},"img":{"alt_text":"","src":"https:\/\/i0.wp.com\/www.freidenker.org\/fw17\/wp-content\/uploads\/2022\/02\/Nato_Smartphone_v2_800x450.jpg?fit=800%2C450&ssl=1&resize=350%2C200","width":350,"height":200,"srcset":"https:\/\/i0.wp.com\/www.freidenker.org\/fw17\/wp-content\/uploads\/2022\/02\/Nato_Smartphone_v2_800x450.jpg?fit=800%2C450&ssl=1&resize=350%2C200 1x, https:\/\/i0.wp.com\/www.freidenker.org\/fw17\/wp-content\/uploads\/2022\/02\/Nato_Smartphone_v2_800x450.jpg?fit=800%2C450&ssl=1&resize=525%2C300 1.5x, https:\/\/i0.wp.com\/www.freidenker.org\/fw17\/wp-content\/uploads\/2022\/02\/Nato_Smartphone_v2_800x450.jpg?fit=800%2C450&ssl=1&resize=700%2C400 2x"},"classes":[]},{"id":12356,"url":"https:\/\/www.freidenker.org\/?p=12356","url_meta":{"origin":16863,"position":3},"title":"Ein irrer Propagandafeldzug gegen Russland","author":"Webredaktion","date":"3. M\u00e4rz 2022","format":false,"excerpt":"Ein Kommentar von Wolfgang Bittner Putin sei ein M\u00f6rder, sagte Joe Biden im M\u00e4rz 2021, und Ronald Reagan hatte Russland 1983 kurzerhand zum ''Reich des B\u00f6sen'' erkl\u00e4rt. Damit lie\u00dfen sich alle Aggressionen und Sanktionen gegen ein europ\u00e4isches Land und dessen Pr\u00e4sidenten, der sich den Machtanspr\u00fcchen der USA widersetzte, vor den\u2026","rel":"","context":"In &quot;Demokratie \u2013 Medien \u2013 Aufkl\u00e4rung&quot;","block_context":{"text":"Demokratie \u2013 Medien \u2013 Aufkl\u00e4rung","link":"https:\/\/www.freidenker.org\/?cat=12"},"img":{"alt_text":"","src":"https:\/\/i0.wp.com\/www.freidenker.org\/fw17\/wp-content\/uploads\/2022\/03\/Collage_Screenshots_russland-hass_800x450-1.jpg?fit=800%2C445&ssl=1&resize=350%2C200","width":350,"height":200,"srcset":"https:\/\/i0.wp.com\/www.freidenker.org\/fw17\/wp-content\/uploads\/2022\/03\/Collage_Screenshots_russland-hass_800x450-1.jpg?fit=800%2C445&ssl=1&resize=350%2C200 1x, https:\/\/i0.wp.com\/www.freidenker.org\/fw17\/wp-content\/uploads\/2022\/03\/Collage_Screenshots_russland-hass_800x450-1.jpg?fit=800%2C445&ssl=1&resize=525%2C300 1.5x, https:\/\/i0.wp.com\/www.freidenker.org\/fw17\/wp-content\/uploads\/2022\/03\/Collage_Screenshots_russland-hass_800x450-1.jpg?fit=800%2C445&ssl=1&resize=700%2C400 2x"},"classes":[]},{"id":14669,"url":"https:\/\/www.freidenker.org\/?p=14669","url_meta":{"origin":16863,"position":4},"title":"Was geschah wirklich beim China-Besuch von Olaf Scholz?","author":"Webredaktion","date":"15. November 2022","format":false,"excerpt":"Beitrag von Rainer Rupp Der eint\u00e4gige Besuch von Bundeskanzler Olaf Scholz in Peking bei Pr\u00e4sident Xi Jinping am 4. November 2022 war mit den USA offensichtlich nicht abgesprochen worden. Das lie\u00df sich deutlich aus den Reaktionen Washingtons herauslesen. Dessen Strategie zielt darauf ab, China politisch einzugrenzen und dessen wirtschaftliche und\u2026","rel":"","context":"In &quot;Demokratie \u2013 Medien \u2013 Aufkl\u00e4rung&quot;","block_context":{"text":"Demokratie \u2013 Medien \u2013 Aufkl\u00e4rung","link":"https:\/\/www.freidenker.org\/?cat=12"},"img":{"alt_text":"","src":"https:\/\/i0.wp.com\/www.freidenker.org\/fw17\/wp-content\/uploads\/2022\/11\/scholz_china_800x450.jpg?fit=800%2C450&ssl=1&resize=350%2C200","width":350,"height":200,"srcset":"https:\/\/i0.wp.com\/www.freidenker.org\/fw17\/wp-content\/uploads\/2022\/11\/scholz_china_800x450.jpg?fit=800%2C450&ssl=1&resize=350%2C200 1x, https:\/\/i0.wp.com\/www.freidenker.org\/fw17\/wp-content\/uploads\/2022\/11\/scholz_china_800x450.jpg?fit=800%2C450&ssl=1&resize=525%2C300 1.5x, https:\/\/i0.wp.com\/www.freidenker.org\/fw17\/wp-content\/uploads\/2022\/11\/scholz_china_800x450.jpg?fit=800%2C450&ssl=1&resize=700%2C400 2x"},"classes":[]},{"id":18845,"url":"https:\/\/www.freidenker.org\/?p=18845","url_meta":{"origin":16863,"position":5},"title":"&#8222;Gerechter Friede&#8220;?","author":"Webredaktion","date":"20. April 2024","format":false,"excerpt":"Scholz ist das Problem, nicht die L\u00f6sung \u2013 Kanzler blitzt in China ab Beitrag von Gert Ewen Ungar Es gehe ihm um einen gerechten Frieden, behauptet Scholz, wenn er \u00fcber die Ukraine spricht. \"Gerechter Frieden f\u00fcr die Ukraine\" ist die neue rhetorische Verpackung f\u00fcr das immer gleiche Ziel: Der Ukraine\u2026","rel":"","context":"In &quot;Demokratie \u2013 Medien \u2013 Aufkl\u00e4rung&quot;","block_context":{"text":"Demokratie \u2013 Medien \u2013 Aufkl\u00e4rung","link":"https:\/\/www.freidenker.org\/?cat=12"},"img":{"alt_text":"","src":"https:\/\/i0.wp.com\/www.freidenker.org\/fw17\/wp-content\/uploads\/2024\/04\/Scholz_in_Slowenien_53612855283_Ausschnitt_800x450.jpg?fit=800%2C450&ssl=1&resize=350%2C200","width":350,"height":200,"srcset":"https:\/\/i0.wp.com\/www.freidenker.org\/fw17\/wp-content\/uploads\/2024\/04\/Scholz_in_Slowenien_53612855283_Ausschnitt_800x450.jpg?fit=800%2C450&ssl=1&resize=350%2C200 1x, https:\/\/i0.wp.com\/www.freidenker.org\/fw17\/wp-content\/uploads\/2024\/04\/Scholz_in_Slowenien_53612855283_Ausschnitt_800x450.jpg?fit=800%2C450&ssl=1&resize=525%2C300 1.5x, https:\/\/i0.wp.com\/www.freidenker.org\/fw17\/wp-content\/uploads\/2024\/04\/Scholz_in_Slowenien_53612855283_Ausschnitt_800x450.jpg?fit=800%2C450&ssl=1&resize=700%2C400 2x"},"classes":[]}],"_links":{"self":[{"href":"https:\/\/www.freidenker.org\/index.php?rest_route=\/wp\/v2\/posts\/16863","targetHints":{"allow":["GET"]}}],"collection":[{"href":"https:\/\/www.freidenker.org\/index.php?rest_route=\/wp\/v2\/posts"}],"about":[{"href":"https:\/\/www.freidenker.org\/index.php?rest_route=\/wp\/v2\/types\/post"}],"author":[{"embeddable":true,"href":"https:\/\/www.freidenker.org\/index.php?rest_route=\/wp\/v2\/users\/3"}],"replies":[{"embeddable":true,"href":"https:\/\/www.freidenker.org\/index.php?rest_route=%2Fwp%2Fv2%2Fcomments&post=16863"}],"version-history":[{"count":0,"href":"https:\/\/www.freidenker.org\/index.php?rest_route=\/wp\/v2\/posts\/16863\/revisions"}],"wp:featuredmedia":[{"embeddable":true,"href":"https:\/\/www.freidenker.org\/index.php?rest_route=\/wp\/v2\/media\/16873"}],"wp:attachment":[{"href":"https:\/\/www.freidenker.org\/index.php?rest_route=%2Fwp%2Fv2%2Fmedia&parent=16863"}],"wp:term":[{"taxonomy":"category","embeddable":true,"href":"https:\/\/www.freidenker.org\/index.php?rest_route=%2Fwp%2Fv2%2Fcategories&post=16863"},{"taxonomy":"post_tag","embeddable":true,"href":"https:\/\/www.freidenker.org\/index.php?rest_route=%2Fwp%2Fv2%2Ftags&post=16863"}],"curies":[{"name":"wp","href":"https:\/\/api.w.org\/{rel}","templated":true}]}}