{"id":16856,"date":"2023-08-30T23:56:56","date_gmt":"2023-08-30T21:56:56","guid":{"rendered":"https:\/\/www.freidenker.org\/?p=16856"},"modified":"2023-09-17T11:15:17","modified_gmt":"2023-09-17T09:15:17","slug":"wittlich-oder-deutsche-behoerden-mit-stockholm-syndrom","status":"publish","type":"post","link":"https:\/\/www.freidenker.org\/?p=16856","title":{"rendered":"Wittlich oder: Deutsche Beh\u00f6rden mit Stockholm-Syndrom?"},"content":{"rendered":"<p><strong>Es kommt zu einem Mord an einem Deutschen durch US-Soldaten, und schon wird der Fall vor einem US-Gericht verhandelt. Das m\u00fcsse so sein, wird vielfach f\u00e4lschlich behauptet. In Wirklichkeit f\u00fcrchten die Zust\u00e4ndigen wohl eher, welche weiteren Konflikte sichtbar werden k\u00f6nnten. <\/strong><\/p>\n<p><em>Von <strong>Dagmar Henn<\/strong><\/em><\/p>\n<p><span style=\"font-size: 10pt;\">Erstver\u00f6ffentlichung am 25.08.2023 auf <a href=\"https:\/\/freedert.online\/meinung\/178900-wittlich-oder-deutsche-behoerden-mit\/\" target=\"_blank\" rel=\"noopener\">RT DE<\/a><\/span><\/p>\n<p>Es ist, als wolle man die gesamten geopolitischen Komplikationen um und in Deutschland in einem einzigen Moment zusammenballen. Inzwischen steht fest, das Opfer von Wittlich war ausgerechnet Deutschrusse, und die deutschen Beh\u00f6rden tun ihr Bestes, um mit dem Fall nichts zu tun zu haben.<\/p>\n<p>In der Nacht auf vergangenen Samstag, so die bisher bekannten Details, kam es zu einem Streit zwischen Michael O., dem 28-j\u00e4hrigen Inhaber einer Sicherheitsfirma, und einer Gruppe aus zwei M\u00e4nnern und zwei Frauen, im Umfeld der Wittlicher S\u00e4ubrennerkirmes, aber nicht auf dieser. Der Vorfall ereignete sich zwischen zwei und drei Uhr nachts.<\/p>\n<p>Im Verlauf dieses Streits wurde der junge Mann durch mehrere Stiche in den Oberk\u00f6rper schwer verletzt und ist, so das <a href=\"https:\/\/www.swr.de\/swraktuell\/rheinland-pfalz\/trier\/festnahmen-toedlicher-streit-wittlich-kirmes-zwei-verdaechtige-100.html\">Ergebnis<\/a> der Obduktion, verblutet, obwohl der Rettungsdienst <a href=\"https:\/\/www.rhein-zeitung.de\/region\/rheinland-pfalz_artikel,-das-war-verheerend-notfallsanitaeter-spricht-ueber-die-dramatischen-minuten-nach-der-bluttat-in-wittli-_arid,2568622.html\">schnell<\/a> vor Ort war. Die vermutliche Tatwaffe wurde in einem nahe gelegenen Fluss gefunden. Es <a href=\"https:\/\/www.bild.de\/regional\/frankfurt\/news-ausland\/messermord-in-wittlich-militaerprozess-gegen-us-soldaten-in-ramstein-85129386.bild.html\">handelte<\/a> sich nach Presseberichten um ein sogenanntes &#8222;taktisches Messer&#8220;, was leider wenig besagt, weder, ob es ein Messer mit feststehender Klinge ist, noch, wie lang diese Klinge ist, sondern nur, dass die Klinge besonders stabil ist. Bezogen darauf, ob das Messer nach deutschem Recht als Waffe gesehen wird, w\u00e4ren die anderen Eigenschaften ausschlaggebend.<\/p>\n<p>Bereits am Sonntag wurden zwei Verd\u00e4chtige festgenommen, aber nach kurzer Zeit den US-Beh\u00f6rden \u00fcbergeben, weil es sich um zwei US-B\u00fcrger handelt, die in den ersten Tagen vage als &#8222;Milit\u00e4rangeh\u00f6rige&#8220; bezeichnet wurden (was wom\u00f6glich auch Zivilbesch\u00e4ftigte mit einschlie\u00dfen k\u00f6nnte), inzwischen in der Presse aber Soldaten genannt werden. Wenige Kilometer von Wittlich entfernt liegt der US-Luftwaffenst\u00fctzpunkt Spangdahlem, in dem die beiden Verd\u00e4chtigen derzeit auch inhaftiert sind.<\/p>\n<p>Worum es bei dem Streit ging, ist nicht n\u00e4her bekannt. Einzig eine Pressemeldung kolportiert die Nachricht, einer der beiden Verd\u00e4chtigen k\u00f6nne sich an nichts erinnern. Weitere Erkenntnisse sind auch kaum zu erwarten, da die deutsche Staatsanwaltschaft den Fall abgegeben hat, auch wenn die \u00f6rtliche Polizei nach wie vor in Anspruch genommen werden wird, weil die US-Ermittler ihrerseits keinerlei polizeiliche Befugnisse gegen\u00fcber der deutschen Bev\u00f6lkerung haben.<\/p>\n<p>Der Ablauf der Tat legt eine T\u00f6tungsabsicht nahe. Mehrere Stiche in den Oberk\u00f6rper eines Gegen\u00fcbers, dem man noch dazu zwei zu eins \u00fcberlegen ist, machen es schwer, das Ganze als K\u00f6rperverletzung mit Todesfolge einzusortieren. Zumindest, wenn der Fall vor einem deutschen Gericht verhandelt w\u00fcrde. Gerade in Bezug auf diese Frage wird in der deutschen Presse, bis hin zur <em>Tagesschau<\/em>, entweder direkt gelogen oder zumindest nur die halbe Wahrheit erz\u00e4hlt. Denn es ist mitnichten so, dass das Verfahren vor einem US-Gericht stattfinden muss. In Wirklichkeit ist das eine politische Entscheidung.<\/p>\n<p>Denn in den Protokollnotizen und Erkl\u00e4rungen zum Zusatzabkommen zur Stationierung ausl\u00e4ndischer Truppen in Deutschland von 1963 hei\u00dft es in Bezug auf Artikel 19 explizit, wesentliche Belange der deutschen Rechtspflege k\u00f6nnten die Aus\u00fcbung der deutschen Gerichtsbarkeit insbesondere bei &#8222;Straftaten, durch die der Tod eines Menschen verursacht wird&#8220;, erfordern.<\/p>\n<p>Die Staatsanwaltschaft Kaiserslautern hat es vor wenigen Tagen, das l\u00e4sst sich unter anderem der Berichterstattung bei der <em>Tagesschau<\/em>\u00a0<a href=\"https:\/\/www.tagesschau.de\/inland\/regional\/rheinlandpfalz\/swr-wie-geht-es-weiter-nach-toedlichen-messerstichen-in-wittlich-100.html\">entnehmen<\/a>, n\u00f6tig gefunden, wenigstens etwas genauer \u00fcber die Frage der konkurrierenden Gerichtsbarkeit zu informieren, sprich, darauf hinzuweisen, dass das NATO-Truppenstatut\u00a0keinesfalls zwangsl\u00e4ufig zu einer Verhandlung vor einem US-Gericht f\u00fchre.\u00a0Sie hat dann aber schlicht mitgeteilt (die Aussagen lassen sich nur aus den Zitaten rekonstruieren, weil die Webseite der Beh\u00f6rde keine Presseerkl\u00e4rung zu dem Fall liefert), in der Regel werde der Prozessf\u00fchrung durch US-Gerichte nur widersprochen, wenn den T\u00e4tern in den USA die Todesstrafe drohe.<\/p>\n<p>Das mag sein, ist aber keine Antwort auf die Frage, warum die deutsche Justiz in diesem Fall nicht, wie das die Protokollnotiz explizit f\u00fcr derartige Straftaten vorsieht, eine Zust\u00e4ndigkeit der deutschen Gerichtsbarkeit einfordert. Das ist eine politische Entscheidung, die zumindest vern\u00fcnftig begr\u00fcndet werden m\u00fcsste. Praktischerweise ist die Presse derart handzahm und rechercheunwillig, dass die Frage nicht einmal ernsthaft aufgeworfen wird.<\/p>\n<p>Die Familie des Opfers <a href=\"https:\/\/news-trier.de\/region\/nach-tod-auf-wittlicher-kirmes-spendenaktion-fuer-familie-von-micha,100717.html\">sammelt<\/a> inzwischen Spenden, weil ein Prozess in den USA bedeutet, dass eine Nebenklage, die bei einem deutschen Gericht kein gro\u00dfes Problem w\u00e4re, zu einer finanziellen und organisatorischen Herausforderung wird. Aber warum sollte das \u00fcberhaupt n\u00f6tig sein? Es verbleibt noch eine weitere Woche, in der das Verfahren an die deutsche Gerichtsbarkeit geholt werden kann.<\/p>\n<p>Das Motiv, warum die Staatsanwaltschaft Kaiserslautern oder, wahrscheinlicher, der Innenminister des Bundeslands Rheinland-Pfalz einen Prozess f\u00fcrchtet, in dem es wom\u00f6glich um einen Mord an einem Einheimischen durch zwei US-Soldaten geht, ist leicht erkennbar. Die Bev\u00f6lkerung von Rheinland-Pfalz ist sehr gespalten, was die Anwesenheit dieser Truppen betrifft. Einige machen gute Gesch\u00e4fte damit oder arbeiten auf den St\u00fctzpunkten, sind also davon abh\u00e4ngig und darum f\u00fcr eine Fortsetzung dieser Anwesenheit (in Spangdahlem sind 5.000 Soldaten der US-Airforce stationiert, in ganz Rheinland-Pfalz die H\u00e4lfte der in Deutschland befindlichen US-Truppen). Andere protestieren gegen den Flugl\u00e4rm oder engagieren sich seit Jahren gegen die Stationierung an sich und w\u00fcnschen eine friedliche Eifel.<\/p>\n<p>Ereignisse wie die Sprengung von Nord Stream d\u00fcrften diese Gemengelage nicht gerade entsch\u00e4rft haben, ebenso wie der verst\u00e4rkte milit\u00e4rische Verkehr, der rund um jede Niederlassung von NATO-Truppen zu verzeichnen ist. \u00d6rtliche Politiker versuchen in der Regel, einfach so zu tun, als g\u00e4be es keine Probleme, und sich gar nicht weiter damit zu befassen, au\u00dfer, es w\u00e4ren Arbeitspl\u00e4tze bedroht\u00a0\u2012 aber ein Ereignis wie die Tat von Wittlich ruft nat\u00fcrlich viele Dinge wieder ins Ged\u00e4chtnis, die meist verdr\u00e4ngt werden.<\/p>\n<p>Wobei das Verhalten des rheinland-pf\u00e4lzischen Innenministeriums politisch genau das Falsche ist, so denn signalisiert werden soll, dass es sich bei diesen Truppen um keine Besatzung handelt. Wollte man den Eindruck f\u00f6rdern, dem sei nicht so, dann w\u00e4re es geradezu eine Notwendigkeit, eine Verhandlung vor einem deutschen Gericht einzufordern. Es kann allerdings auch sein, dass Michael Ebling, der 2022 relativ pl\u00f6tzlich vom Amt des Mainzer Oberb\u00fcrgermeisters in das des Innenministers wechselte, als sein Vorg\u00e4nger Roger Lewentz wegen der Ahrtal-Flut zur\u00fccktreten musste, schlicht den Konflikt scheut. Bei der gegenw\u00e4rtigen Generation von Politikern kann man das nie wissen, da muss man nur das wachsweiche Gehabe der Bundesregierung den amerikanischen &#8222;Freunden&#8220; gegen\u00fcber betrachten. So, wie das US-Milit\u00e4r in Rheinland-Pfalz eingegraben ist, k\u00f6nnte es sich schlicht um eine Form des Stockholm-Syndroms handeln.<\/p>\n<p>Das Opfer vom vergangenen Wochenende jedenfalls war, das findet sich in den verschiedensten Meldungen, im Ort beliebt. Bis vor einigen Jahren hatte er an MMA-Wettk\u00e4mpfen teilgenommen und danach zusammen mit einem Freund ein Sicherheitsunternehmen aufgebaut. Er wohnte mit seinen Eltern in dem Haus, vor dem er erstochen wurde. Selbst der B\u00fcrgermeister der Stadt nennt ihn einen &#8222;netten, umg\u00e4nglichen jungen Mann&#8220;. Die beiden US-Soldaten sind 25 und 26 Jahre alt. Das ist alles, was von ihnen bekannt ist, und dabei wird es vermutlich auch bleiben. F\u00fcr die deutschen Beh\u00f6rden, so <a href=\"https:\/\/www.bild.de\/regional\/frankfurt\/news-ausland\/messermord-in-wittlich-militaerprozess-gegen-us-soldaten-in-ramstein-85129386.bild.html\">erkl\u00e4rte<\/a> Polizeisprecher Marc Fleischmann, sei der Fall abgeschlossen.<\/p>\n<p>Warum hatte einer der beiden \u00fcberhaupt ein Messer dabei? Worum ging es bei diesem Streit? Wenn man sich die Selbstbeschreibung der Sicherheitsfirma <a href=\"https:\/\/www.integra-unternehmensgruppe.de\/ueber-uns\/\">betrachtet<\/a>, hat man eher den Eindruck, da handele es sich um Personen, die wissen, wie man deeskaliert. Man kann nat\u00fcrlich nichts ausschlie\u00dfen, aber es scheint eher unwahrscheinlich, dass das Opfer Streit gesucht hat. Hat die ganze Geschichte wom\u00f6glich mit seiner Abstammung zu tun? Auch das kann man heutzutage nicht ausschlie\u00dfen&#8230;<\/p>\n<p>F\u00fcr den Ort Wittlich wie f\u00fcr die ganze Region w\u00e4re ein offener Umgang, sprich, eine Gerichtsverhandlung vor einem deutschen Gericht, wichtig. Orte in der Gegend <a href=\"https:\/\/www.rhein-zeitung.de\/region\/aus-den-lokalredaktionen\/kreis-cochem-zell_artikel,-nach-messerattacke-bei-wittlicher-kirmes-cochem-hakt-in-puncto-weinfestsicherheit-nach-_arid,2567552.html\">\u00fcberlegen<\/a> bereits, ob sie f\u00fcr ihre Volksfeste ein neues Sicherheitskonzept brauchen. Das spricht f\u00fcr eine tiefere Verunsicherung. Die Tatsache, dass der Wittlicher B\u00fcrgermeister wegen seiner Entscheidung, die Kirmes dennoch fortzusetzen, Drohbriefe erhielt, ist eigentlich auch ein Anzeichen f\u00fcr verdr\u00e4ngte Konflikte. Wobei die Reaktion darauf in einem Abspulen des bereits vertrauten Musters bestand: Der Gesch\u00e4ftsf\u00fchrer des St\u00e4dte- und Gemeindebunds Rheinland-Pfalz \u00e4u\u00dferte sogleich, es brauche &#8222;ein Aufstehen der schweigenden Mehrheit gegen Hass und Hetze&#8220;.<\/p>\n<p>Das klingt eigenartig vertraut und folgt dem Muster, das man beispielsweise aus Chemnitz noch erinnert, dessen B\u00fcrgermeisterin sich damals nach dem Mord in der Innenstadt vor allem darum sorgte, die Tat k\u00f6nne von Rechten ausgenutzt werden, und dar\u00fcber sogar das Beileid an die Familie des Opfers verga\u00df. Statt solche Drohungen als Signal zu sehen, dass da wohl vieles nicht ausgesprochen wird und dass da wom\u00f6glich ein schon l\u00e4nger schwelender Zorn ist, der sich nur zuf\u00e4llig gegen den B\u00fcrgermeister richtet, weil dieser \u00fcber die Tat hinwegzugehen scheint, wird einfach die Schublade &#8222;Hass und Hetze&#8220; ge\u00f6ffnet und das Problem dort abgelegt.<\/p>\n<p>Wie gesagt, eine kluge politische Reaktion w\u00e4re es, den Prozess vor ein deutsches Gericht zu bringen. Das w\u00fcrde auch signalisieren, dass man die Sache ernst nimmt. Es mag ja sein, dass unter Umst\u00e4nden die Strafen, die das US-Gericht verh\u00e4ngt, schwerer werden (wobei das Gegenteil eher der historischen Erfahrung entspricht, wenn es um US-Soldaten in Deutschland geht), aber den Fall einfach wegdr\u00fccken, weil es so bequem ist, das sorgt mitnichten daf\u00fcr, dass sich die Atmosph\u00e4re zwischen jenen Einheimischen, die lieber keine US-Truppen dort stationiert h\u00e4tten, und diesen Truppen verbessert.<\/p>\n<p>Dass da einiges im Argen liegt, l\u00e4sst sich aus einem aktuellen Bericht \u00fcber einen Verein namens &#8222;Host Nation Council Spangdahlem&#8220; <a href=\"https:\/\/www.swr.de\/swraktuell\/rheinland-pfalz\/trier\/20-jaehriges-jubilaeum-host-nation-council-spangdahlem-ueberschattet-von-verbrechen-auf-wittlicher-kirmes-100.html\">entnehmen<\/a> (\u00fcbersetzt so etwas wie &#8222;Rat des Gastlandes&#8220;). &#8222;Dem Verein sei aber wichtig, dass ein solches furchtbares Ereignis nicht dazu f\u00fchren d\u00fcrfe, dass ein Standort wie Spangdahlem wieder mehr als Ghetto betrachtet werde, wo die Menschen eher unter sich bleiben sollen&#8220;, sagt der Vorsitzende Jan Niewodniczanski. W\u00e4re diese blutige Nacht in Wittlich der einzige Vorfall, w\u00fcrde dieser Satz anders klingen. Das erweckt eher den Eindruck, es sei in letzter Zeit, wom\u00f6glich in den letzten Jahren, eine ganze Menge mehr passiert, und jetzt best\u00fcnde ernsthafte Gefahr, dass die einen mit den anderen nichts mehr zu tun haben wollten.<\/p>\n<p>&#8222;Junge Soldatinnen und Soldaten kommen fast jede Woche am US-Luftwaffenst\u00fctzpunkt Spangdahlem an. Sie bleiben meist nicht lange und haben vom Leben in Deutschland oft keine Vorstellung.&#8220; So der <em>SWR<\/em>-Bericht. Der Verein hat sich Integration auf die Fahnen geschrieben. Das ist bei einem vor\u00fcbergehenden Aufenthalt nat\u00fcrlich utopisch. Aber die Mitglieder dieses Vereins geh\u00f6ren ohnehin nicht zu den Kritikern der US-Pr\u00e4senz \u2013 er wurde 2003 gegr\u00fcndet, w\u00e4hrend des Irakkriegs, als die Mehrheit der Deutschen mit den US-St\u00fctzpunkten in Deutschland eher die Vorbereitungen zu einem v\u00f6lkerrechtswidrigen Angriffskrieg verband.<\/p>\n<p>Diesen Samstag begeht dieser Verein im Gemeindehaus Spangdahlem sein 20-j\u00e4hriges Bestehen, und der rheinland-pf\u00e4lzische Innenminister soll aus diesem Anlass auch erscheinen. Vielleicht hat er ja dort die Gelegenheit, zu erkl\u00e4ren, warum er das Verfahren nicht f\u00fcr die deutsche Gerichtsbarkeit reklamiert.<\/p>\n<p style=\"text-align: right;\"><em>Dagmar Henn ist Mitglied des Deutschen Freidenker-Verbandes<\/em><\/p>\n<hr \/>\n<p><span style=\"font-size: 10pt;\">Bild oben: Wittlich, <span class=\"mw-mmv-title\">Altes Rathaus am Markt<\/span><\/span><br \/>\n<span style=\"font-size: 10pt;\">Foto: HOWI &#8211; Horsch, Willy, <a href=\"https:\/\/creativecommons.org\/licenses\/by\/3.0\" target=\"_blank\" rel=\"noopener\">CC BY 3.0<\/a>,<\/span><br \/>\n<span style=\"font-size: 10pt;\">Quelle: https:\/\/commons.wikimedia.org\/w\/index.php?curid=28689326<\/span><\/p>\n","protected":false},"excerpt":{"rendered":"<p><b>Beitrag von Dagmar Henn<\/b><br \/>\nEs ist, als wolle man die gesamten geopolitischen Komplikationen um und in Deutschland in einem einzigen Moment zusammenballen. Inzwischen steht fest, das Opfer von Wittlich war ausgerechnet Deutschrusse, und die deutschen Beh\u00f6rden tun ihr Bestes, um mit dem Fall nichts zu tun zu haben. In der Nacht auf vergangenen Samstag, so die bisher bekannten Details, kam es zu einem Streit zwischen Michael O., dem 28-j\u00e4hrigen Inhaber einer Sicherheitsfirma, und einer Gruppe aus zwei M\u00e4nnern und zwei Frauen, im Umfeld der Wittlicher S\u00e4ubrennerkirmes, aber nicht auf dieser. Der Vorfall ereignete sich zwischen zwei und drei Uhr nachts. Im Verlauf dieses Streits wurde der junge Mann durch mehrere Stiche in den Oberk\u00f6rper schwer verletzt und ist, so das Ergebnis der Obduktion, verblutet, obwohl der Rettungsdienst schnell vor Ort war.<\/p>\n","protected":false},"author":3,"featured_media":16867,"comment_status":"closed","ping_status":"closed","sticky":false,"template":"","format":"standard","meta":{"colormag_page_container_layout":"default_layout","colormag_page_sidebar_layout":"default_layout","advanced_seo_description":"","jetpack_seo_html_title":"","jetpack_seo_noindex":false,"jetpack_post_was_ever_published":false,"footnotes":""},"categories":[12],"tags":[1255,1308,1586,1388,1900,1899,1416],"class_list":["post-16856","post","type-post","status-publish","format-standard","has-post-thumbnail","hentry","category-demokratie-medien-aufklaerung","tag-gerichtsprozess","tag-justiz","tag-mord","tag-presse","tag-straftat","tag-us-soldaten","tag-waffen"],"jetpack_featured_media_url":"https:\/\/i0.wp.com\/www.freidenker.org\/fw17\/wp-content\/uploads\/2023\/08\/Altes_Rathaus_am_Markt_Wittlich_800x450.jpg?fit=800%2C450&ssl=1","jetpack_shortlink":"https:\/\/wp.me\/p9stpK-4nS","jetpack-related-posts":[{"id":20984,"url":"https:\/\/www.freidenker.org\/?p=20984","url_meta":{"origin":16856,"position":0},"title":"Stiftung Wissenschaft und Politik: Wenn Blinde von Farben reden","author":"Webredaktion","date":"18. Februar 2025","format":false,"excerpt":"Beitrag von Dagmar Henn Man sollte eigentlich annehmen, dass der Beginn der milit\u00e4rischen Sonderoperation Russlands vor fast drei Jahren zumindest eines deutlich zu verstehen gegeben hat: dass es Russland sehr ernst damit meint, die Ukraine nicht in der NATO sehen zu wollen. Die Stiftung Wissenschaft und Politik (SWP) in Berlin,\u2026","rel":"","context":"In &quot;Demokratie \u2013 Medien \u2013 Aufkl\u00e4rung&quot;","block_context":{"text":"Demokratie \u2013 Medien \u2013 Aufkl\u00e4rung","link":"https:\/\/www.freidenker.org\/?cat=12"},"img":{"alt_text":"","src":"https:\/\/i0.wp.com\/www.freidenker.org\/fw17\/wp-content\/uploads\/2025\/02\/Wilmersdorf_Ludwigkirchplatz_Stiftung_Wissenschaft_und_Politik_800x450.jpg?fit=800%2C450&ssl=1&resize=350%2C200","width":350,"height":200,"srcset":"https:\/\/i0.wp.com\/www.freidenker.org\/fw17\/wp-content\/uploads\/2025\/02\/Wilmersdorf_Ludwigkirchplatz_Stiftung_Wissenschaft_und_Politik_800x450.jpg?fit=800%2C450&ssl=1&resize=350%2C200 1x, https:\/\/i0.wp.com\/www.freidenker.org\/fw17\/wp-content\/uploads\/2025\/02\/Wilmersdorf_Ludwigkirchplatz_Stiftung_Wissenschaft_und_Politik_800x450.jpg?fit=800%2C450&ssl=1&resize=525%2C300 1.5x, https:\/\/i0.wp.com\/www.freidenker.org\/fw17\/wp-content\/uploads\/2025\/02\/Wilmersdorf_Ludwigkirchplatz_Stiftung_Wissenschaft_und_Politik_800x450.jpg?fit=800%2C450&ssl=1&resize=700%2C400 2x"},"classes":[]},{"id":22420,"url":"https:\/\/www.freidenker.org\/?p=22420","url_meta":{"origin":16856,"position":1},"title":"Israelische Siedler t\u00f6ten US-Amerikaner \u2013 Trumps &#8222;America First&#8220;-Heuchelei entlarvt","author":"Webredaktion","date":"21. Juli 2025","format":false,"excerpt":"Beitrag von\u00a0Rainer Rupp Am 11. Juli 2025 enth\u00fcllte ein brutaler Gewaltakt im besetzten Westjordanland die schamlose Heuchelei der \"America First\"-Rhetorik der Trump-Regierung. Sayfollah Musallet, ein 20-j\u00e4hriger US-amerikanischer Staatsb\u00fcrger aus Florida, wurde von israelischen Siedlern zu Tode gepr\u00fcgelt, als er das Land seiner dort noch wohnenden Verwandten im Dorf Al-Mazra'a ash-Sharqiya\u2026","rel":"","context":"In &quot;Demokratie \u2013 Medien \u2013 Aufkl\u00e4rung&quot;","block_context":{"text":"Demokratie \u2013 Medien \u2013 Aufkl\u00e4rung","link":"https:\/\/www.freidenker.org\/?cat=12"},"img":{"alt_text":"","src":"https:\/\/i0.wp.com\/www.freidenker.org\/fw17\/wp-content\/uploads\/2025\/07\/palestine-6706640_800x450.jpg?fit=800%2C450&ssl=1&resize=350%2C200","width":350,"height":200,"srcset":"https:\/\/i0.wp.com\/www.freidenker.org\/fw17\/wp-content\/uploads\/2025\/07\/palestine-6706640_800x450.jpg?fit=800%2C450&ssl=1&resize=350%2C200 1x, https:\/\/i0.wp.com\/www.freidenker.org\/fw17\/wp-content\/uploads\/2025\/07\/palestine-6706640_800x450.jpg?fit=800%2C450&ssl=1&resize=525%2C300 1.5x, https:\/\/i0.wp.com\/www.freidenker.org\/fw17\/wp-content\/uploads\/2025\/07\/palestine-6706640_800x450.jpg?fit=800%2C450&ssl=1&resize=700%2C400 2x"},"classes":[]},{"id":14034,"url":"https:\/\/www.freidenker.org\/?p=14034","url_meta":{"origin":16856,"position":2},"title":"Die Tagesschau droht, und die Regierung erh\u00f6ht die Angstdosis","author":"Webredaktion","date":"26. August 2022","format":false,"excerpt":"Beitrag von Dagmar Henn Journalisten sind eitel. Daher muss ich sagen: Wenn die Tagesschau nach all den Sperrungen, die gegen abweichende Medien verh\u00e4ngt werden, immer noch schreibt, \"die Bundesregierung tut sich schwer im Kampf gegen Moskaus L\u00fcgen\", dann ist die erste Reaktion Befriedigung. Schlie\u00dflich ist Sinn und Zweck dieser T\u00e4tigkeit,\u2026","rel":"","context":"In &quot;Demokratie \u2013 Medien \u2013 Aufkl\u00e4rung&quot;","block_context":{"text":"Demokratie \u2013 Medien \u2013 Aufkl\u00e4rung","link":"https:\/\/www.freidenker.org\/?cat=12"},"img":{"alt_text":"","src":"https:\/\/i0.wp.com\/www.freidenker.org\/fw17\/wp-content\/uploads\/2022\/08\/Tagesschau_8d58ff8c65_c_800x450.jpg?fit=799%2C450&ssl=1&resize=350%2C200","width":350,"height":200,"srcset":"https:\/\/i0.wp.com\/www.freidenker.org\/fw17\/wp-content\/uploads\/2022\/08\/Tagesschau_8d58ff8c65_c_800x450.jpg?fit=799%2C450&ssl=1&resize=350%2C200 1x, https:\/\/i0.wp.com\/www.freidenker.org\/fw17\/wp-content\/uploads\/2022\/08\/Tagesschau_8d58ff8c65_c_800x450.jpg?fit=799%2C450&ssl=1&resize=525%2C300 1.5x, https:\/\/i0.wp.com\/www.freidenker.org\/fw17\/wp-content\/uploads\/2022\/08\/Tagesschau_8d58ff8c65_c_800x450.jpg?fit=799%2C450&ssl=1&resize=700%2C400 2x"},"classes":[]},{"id":24447,"url":"https:\/\/www.freidenker.org\/?p=24447","url_meta":{"origin":16856,"position":3},"title":"Hamburg, der Mord von Wandsbek und das verschwiegene Migrationsproblem","author":"Webredaktion","date":"19. Februar 2026","format":false,"excerpt":"Beitrag von Dagmar Henn Am Mittwoch hat sich die Hamburger B\u00fcrgerschaft mit dem Mord in Wandsbek besch\u00e4ftigt. Ende Januar hatte der 25-j\u00e4hrige S\u00fcdsudanese Ariop A. im U-Bahnhof Wandsbek Markt eine 18-j\u00e4hrige Frau mit sich vor den einfahrenden Zug gerissen und get\u00f6tet. Auch wenn das Thema mit einer Gedenkminute f\u00fcr das\u2026","rel":"","context":"In &quot;Demokratie \u2013 Medien \u2013 Aufkl\u00e4rung&quot;","block_context":{"text":"Demokratie \u2013 Medien \u2013 Aufkl\u00e4rung","link":"https:\/\/www.freidenker.org\/?cat=12"},"img":{"alt_text":"","src":"https:\/\/i0.wp.com\/www.freidenker.org\/fw17\/wp-content\/uploads\/2026\/02\/U-Bahnhof_Wandsbek_Markt_1_800x450.jpg?fit=800%2C450&ssl=1&resize=350%2C200","width":350,"height":200,"srcset":"https:\/\/i0.wp.com\/www.freidenker.org\/fw17\/wp-content\/uploads\/2026\/02\/U-Bahnhof_Wandsbek_Markt_1_800x450.jpg?fit=800%2C450&ssl=1&resize=350%2C200 1x, https:\/\/i0.wp.com\/www.freidenker.org\/fw17\/wp-content\/uploads\/2026\/02\/U-Bahnhof_Wandsbek_Markt_1_800x450.jpg?fit=800%2C450&ssl=1&resize=525%2C300 1.5x, https:\/\/i0.wp.com\/www.freidenker.org\/fw17\/wp-content\/uploads\/2026\/02\/U-Bahnhof_Wandsbek_Markt_1_800x450.jpg?fit=800%2C450&ssl=1&resize=700%2C400 2x"},"classes":[]},{"id":20679,"url":"https:\/\/www.freidenker.org\/?p=20679","url_meta":{"origin":16856,"position":4},"title":"Das Jahr 2024: Im Mahlwerk der Ver\u00e4nderung","author":"Webredaktion","date":"15. Januar 2025","format":false,"excerpt":"Beitrag von Dagmar Henn Ein Jahr weiter, und es wirkt wie ein entsetzlicher Stillstand. Langsam wird auch den Begriffsstutzigen in Deutschland klar, dass die 2022 eingeleiteten Sanktionen gegen Russland genau die vorhergesagten Folgen hatten \u2012 der Niedergang der deutschen Automobilindustrie, verk\u00f6rpert in Rekordverlusten und einer Unzahl von Entlassungen und Betriebsschlie\u00dfungen\u2026","rel":"","context":"In &quot;Demokratie \u2013 Medien \u2013 Aufkl\u00e4rung&quot;","block_context":{"text":"Demokratie \u2013 Medien \u2013 Aufkl\u00e4rung","link":"https:\/\/www.freidenker.org\/?cat=12"},"img":{"alt_text":"","src":"https:\/\/i0.wp.com\/www.freidenker.org\/fw17\/wp-content\/uploads\/2025\/01\/Eppingen_-_Raussmuehle_-_Muehle_-_Zahnraeder_des_Mahlwerks_800x450.jpg?fit=800%2C450&ssl=1&resize=350%2C200","width":350,"height":200,"srcset":"https:\/\/i0.wp.com\/www.freidenker.org\/fw17\/wp-content\/uploads\/2025\/01\/Eppingen_-_Raussmuehle_-_Muehle_-_Zahnraeder_des_Mahlwerks_800x450.jpg?fit=800%2C450&ssl=1&resize=350%2C200 1x, https:\/\/i0.wp.com\/www.freidenker.org\/fw17\/wp-content\/uploads\/2025\/01\/Eppingen_-_Raussmuehle_-_Muehle_-_Zahnraeder_des_Mahlwerks_800x450.jpg?fit=800%2C450&ssl=1&resize=525%2C300 1.5x, https:\/\/i0.wp.com\/www.freidenker.org\/fw17\/wp-content\/uploads\/2025\/01\/Eppingen_-_Raussmuehle_-_Muehle_-_Zahnraeder_des_Mahlwerks_800x450.jpg?fit=800%2C450&ssl=1&resize=700%2C400 2x"},"classes":[]},{"id":19740,"url":"https:\/\/www.freidenker.org\/?p=19740","url_meta":{"origin":16856,"position":5},"title":"Nord-Stream-Attent\u00e4ter: Befinden wir uns nun im Krieg mit der Ukraine?","author":"Webredaktion","date":"20. August 2024","format":false,"excerpt":"Beitrag von Dagmar Henn Jeder Deutsche kann die Folgen der Sprengung von Nord Stream in seinem Geldbeutel wahrnehmen. Viele an ihrem K\u00fcndigungsschreiben. Wenn jetzt offiziell (und offizieller als Generalbundesanwalt geht nicht) erkl\u00e4rt wird, das sei die Ukraine gewesen, muss das Folgen haben. Immerhin, die ARD-Tagesschau hat ihre Meldung zu dem\u2026","rel":"","context":"In &quot;Demokratie \u2013 Medien \u2013 Aufkl\u00e4rung&quot;","block_context":{"text":"Demokratie \u2013 Medien \u2013 Aufkl\u00e4rung","link":"https:\/\/www.freidenker.org\/?cat=12"},"img":{"alt_text":"","src":"https:\/\/i0.wp.com\/www.freidenker.org\/fw17\/wp-content\/uploads\/2024\/08\/Stack_of_pipes_North_Stream_2_800x450.jpg?fit=800%2C450&ssl=1&resize=350%2C200","width":350,"height":200,"srcset":"https:\/\/i0.wp.com\/www.freidenker.org\/fw17\/wp-content\/uploads\/2024\/08\/Stack_of_pipes_North_Stream_2_800x450.jpg?fit=800%2C450&ssl=1&resize=350%2C200 1x, https:\/\/i0.wp.com\/www.freidenker.org\/fw17\/wp-content\/uploads\/2024\/08\/Stack_of_pipes_North_Stream_2_800x450.jpg?fit=800%2C450&ssl=1&resize=525%2C300 1.5x, https:\/\/i0.wp.com\/www.freidenker.org\/fw17\/wp-content\/uploads\/2024\/08\/Stack_of_pipes_North_Stream_2_800x450.jpg?fit=800%2C450&ssl=1&resize=700%2C400 2x"},"classes":[]}],"_links":{"self":[{"href":"https:\/\/www.freidenker.org\/index.php?rest_route=\/wp\/v2\/posts\/16856","targetHints":{"allow":["GET"]}}],"collection":[{"href":"https:\/\/www.freidenker.org\/index.php?rest_route=\/wp\/v2\/posts"}],"about":[{"href":"https:\/\/www.freidenker.org\/index.php?rest_route=\/wp\/v2\/types\/post"}],"author":[{"embeddable":true,"href":"https:\/\/www.freidenker.org\/index.php?rest_route=\/wp\/v2\/users\/3"}],"replies":[{"embeddable":true,"href":"https:\/\/www.freidenker.org\/index.php?rest_route=%2Fwp%2Fv2%2Fcomments&post=16856"}],"version-history":[{"count":0,"href":"https:\/\/www.freidenker.org\/index.php?rest_route=\/wp\/v2\/posts\/16856\/revisions"}],"wp:featuredmedia":[{"embeddable":true,"href":"https:\/\/www.freidenker.org\/index.php?rest_route=\/wp\/v2\/media\/16867"}],"wp:attachment":[{"href":"https:\/\/www.freidenker.org\/index.php?rest_route=%2Fwp%2Fv2%2Fmedia&parent=16856"}],"wp:term":[{"taxonomy":"category","embeddable":true,"href":"https:\/\/www.freidenker.org\/index.php?rest_route=%2Fwp%2Fv2%2Fcategories&post=16856"},{"taxonomy":"post_tag","embeddable":true,"href":"https:\/\/www.freidenker.org\/index.php?rest_route=%2Fwp%2Fv2%2Ftags&post=16856"}],"curies":[{"name":"wp","href":"https:\/\/api.w.org\/{rel}","templated":true}]}}