{"id":16846,"date":"2023-08-26T20:29:15","date_gmt":"2023-08-26T18:29:15","guid":{"rendered":"https:\/\/www.freidenker.org\/?p=16846"},"modified":"2023-09-17T11:16:18","modified_gmt":"2023-09-17T09:16:18","slug":"corona-medienoffensive-2023-startet-im-sommer","status":"publish","type":"post","link":"https:\/\/www.freidenker.org\/?p=16846","title":{"rendered":"Corona-Medienoffensive 2023 startet im Sommer"},"content":{"rendered":"<h4 class=\"HeadLine-root HeadLine-type_2 \">Ein angepasster Impfstoff f\u00fcr angepasste B\u00fcrger?<\/h4>\n<p><strong>Ein Ger\u00fccht geht im Lande um. Corona ist zur\u00fcck. Dies w\u00fcrden Expertenaussagen, Abwasserwerte und sich dynamisierende Testquoten belegen. Medial wird umgehend gemahnt und empfohlen, wie in den Hochphasen der dreij\u00e4hrigen Coronakrise. Immunologisch berechtigt oder erneut die medial-politische Unterst\u00fctzung der Pharmaindustrie? <\/strong><\/p>\n<p><em>Von <strong>Bernhard Loyen<\/strong><\/em><\/p>\n<p><span style=\"font-size: 10pt;\">Erstver\u00f6ffentlichung am 24.08.2023 auf <a href=\"https:\/\/freedert.online\/meinung\/178740-corona-medienoffensive-2023-startet-im\/\" target=\"_blank\" rel=\"noopener\">RT DE<\/a><\/span><\/p>\n<div class=\"EmbedBlock-root EmbedBlock-all\">\n<div class=\"AllEmbed\"><iframe loading=\"lazy\" title=\"Corona-Medienoffensive 2023 startet im Sommer \u2013 Ein angepasster Impfstoff f\u00fcr angepasste B\u00fcrger?\" src=\"https:\/\/www.podbean.com\/player-v2\/?i=ebw47-148c642-pb&amp;from=pb6admin&amp;share=1&amp;download=1&amp;rtl=0&amp;fonts=Arial&amp;skin=1&amp;font-color=&amp;logo_link=episode_page&amp;btn-skin=7\" width=\"100%\" height=\"150\" scrolling=\"no\" data-name=\"pb-iframe-player\" data-mce-fragment=\"1\"><\/iframe><\/div>\n<\/div>\n<p>Corona-Aufarbeitung? Ein weiterhin als nervig und \u00fcberfl\u00fcssig bewertetes Reizwort f\u00fcr Gro\u00dfteile der verantwortlichen medial-politischen Entscheider im Land. Auch in der Gesellschaft wird weiterhin kontrovers und erhitzt diskutiert. Die jeweiligen Lager von unbedingten Unterst\u00fctzern einer restriktiven Ma\u00dfnahmenpolitik und dem Pendant kritischer, weil auch \u2013 weiterhin \u2013 leidender Menschen im Land, sorgt f\u00fcr eine fortdauernde Spaltung in der Bev\u00f6lkerung. Leidend bezieht sich dabei nicht nur auf die weiterhin unbekannte hohe Opferzahl, Bezug nehmend auf schockierende pers\u00f6nliche Erfahrungen mit einem neuartigen mRNA-Wirkstoff, sondern auch auf die Leidtragenden hinsichtlich psychischer und wirtschaftlicher Folgesch\u00e4den der Coronapolitik der Jahre 2020 \u2013 2022.<\/p>\n<p>Der weiterhin unantastbare Bundesgesundheitsminister Karl Lauterbach (SPD) gab der\u00a0<em>Bild<\/em>-Zeitung im Dezember 2021 zu\u00a0<a href=\"https:\/\/www.bild.de\/politik\/inland\/politik-inland\/gesundheitsminister-lauterbach-werden-corona-in-meiner-amtszeit-nicht-besiegen-78503852.bild.html\" target=\"_blank\" rel=\"noopener noreferrer\">Protokoll<\/a>, dass &#8222;Corona auch in vier Jahren noch nicht vorbei&#8220; sein werde. Der Minister wusste also schon vor gut zwei Jahren, dass &#8222;Corona ganz zu besiegen uns nicht gelingen wird. Da muss man realistisch sein&#8220;, so Lauterbach. Nachweisliche Realit\u00e4t sind die genannten Folgen einer ausufernden Willk\u00fcrpolitik. Betrachtet man die\u00a0j\u00fcngsten Schlagzeilen zur &#8222;Corona-Saison 2023&#8220;, stellt sich die unmittelbare Frage, ob die erkennbare &#8222;Panikstrategie&#8220;, die Variante &#8222;Angst- und Sorgenschlagzeile&#8220;, erneut als die favorisierte medial-politische Vorgehensweise zu bef\u00fcrchten ist. So lauten aktuelle Beispiele im sommerlichen August:<\/p>\n<ul>\n<li><em><a href=\"https:\/\/www.mdr.de\/brisant\/corona-variante-eris-128.html\" target=\"_blank\" rel=\"noopener noreferrer\">ARD-Brisant<\/a><\/em>, 11.08.: &#8222;WHO warnt vor neuer Virusvariante \u2013 &#8222;ERIS&#8220;: Wie gef\u00e4hrlich ist die neue Mutation EG.5?<\/li>\n<li><em><a href=\"https:\/\/www.tagesschau.de\/inland\/regional\/nordrheinwestfalen\/wdr-coronavirus-variante-eg5-breitet-sich-aus-wie-muss-ich-mich-verhalten-100.html\" target=\"_blank\" rel=\"noopener noreferrer\">Tagesschau<\/a><\/em>, 15.08.: &#8222;Coronavirus-Variante EG5 breitet sich aus: Wie muss ich mich verhalten?&#8220;<\/li>\n<li><a href=\"https:\/\/taz.de\/Coronavariante-EG51\/!5950356\/\" target=\"_blank\" rel=\"noopener noreferrer\"><em>Berliner taz<\/em><\/a>, 17.08.: &#8222;Neue deutsche Welle \u2013 Die neue Corona\u00advariante: Eris ist in Deutschland angekommen. Die Sorge vor einer neuen Welle w\u00e4chst \u2013 dabei ist das Land nicht gut vorbereitet.&#8220;<\/li>\n<li><em><a href=\"https:\/\/www.spiegel.de\/wissenschaft\/impfstoffe-von-moderna-und-pfizer-biontech-offenbar-wirksam-gegen-neue-subvariante-a-972d9314-cc88-4991-997e-6419dd7961d3?utm_source=dlvr.it&amp;utm_medium=twitter#ref=rss\" target=\"_blank\" rel=\"noopener noreferrer\">Der Spiegel<\/a>,<\/em>\u00a018.08.: &#8222;Omikron-Variante Eris \u2013 Impfstoffe von Moderna und Pfizer\/Biontech offenbar wirksam gegen neue Subvariante.&#8220;<\/li>\n<li><a href=\"https:\/\/www.spiegel.de\/wissenschaft\/medizin\/corona-epidemiologe-raet-zu-selbsttest-bei-erkaeltungssymptomen-a-9c2a8535-4b23-487f-8669-734ba2f52978?utm_source=dlvr.it&amp;utm_medium=twitter#ref=rss\" target=\"_blank\" rel=\"noopener noreferrer\"><em>Der Spiegel<\/em><\/a>, 23.08.: &#8222;Steigende Zahl von Infektionen \u2013 Epidemiologe r\u00e4t bei Erk\u00e4ltungssymptomen zu Coronatest.&#8220;<\/li>\n<li><a href=\"https:\/\/www.merkur.de\/deutschland\/experten-draengen-auf-masken-comeback-corona-covid-rki-inzidenz-corona-comeback-eris-variante-92465550.html\" target=\"_blank\" rel=\"noopener noreferrer\">Merkur<\/a>, 23.08.: &#8222;Corona-Comeback mit &#8218;Eris&#8216;-Variante: Erste Experten dr\u00e4ngen auf Masken-R\u00fcckkehr.&#8220;<\/li>\n<li><a href=\"https:\/\/www.tagesspiegel.de\/berlin\/auch-neue-omikron-variante-gemessen-im-berliner-abwasser-haben-sich-die-coronawerte-verdoppelt-10346686.html\" target=\"_blank\" rel=\"noopener noreferrer\"><em>Der Tagesspiegel<\/em><\/a>, 24.08.: &#8222;Auch neue Omikron-Variante gemessen:\u00a0Im Berliner Abwasser haben sich die Coronawerte verdoppelt.&#8220;<\/li>\n<\/ul>\n<div class=\"ReadMore-root Section-root Section-is1to3-xs_is1to1\" data-widgets=\"ReadMore\" data-has-alias=\"\">\n<div class=\"Section-container Section-isRow-isTop-isWrap\">\n<article class=\"Card-root Card-is1to1 \">\n<div class=\"Card-imageWrap\">\n<div class=\"Card-picture\"><picture class=\"Picture-root Picture-default\"><source srcset=\" https:\/\/mf.b37mrtl.ru\/deutsch\/images\/2023.08\/thumbnail\/64e1177748fbef01767ee6a0.jpg 850w, https:\/\/mf.b37mrtl.ru\/deutsch\/images\/2023.08\/article\/64e1177648fbef01767ee69f.jpg 1960w, \" media=\"(-webkit-min-device-pixel-ratio: 2) and (min-resolution: 120dpi)\" sizes=\"280px\" data-srcset=\" https:\/\/mf.b37mrtl.ru\/deutsch\/images\/2023.08\/thumbnail\/64e1177748fbef01767ee6a0.jpg 850w, https:\/\/mf.b37mrtl.ru\/deutsch\/images\/2023.08\/article\/64e1177648fbef01767ee69f.jpg 1960w, \" \/><source srcset=\" https:\/\/mf.b37mrtl.ru\/deutsch\/images\/2023.08\/thumbnail\/64e1177748fbef01767ee6a0.jpg 460w, https:\/\/mf.b37mrtl.ru\/deutsch\/images\/2023.08\/article\/64e1177648fbef01767ee69f.jpg 980w, \" sizes=\"280px\" data-srcset=\" https:\/\/mf.b37mrtl.ru\/deutsch\/images\/2023.08\/thumbnail\/64e1177748fbef01767ee6a0.jpg 460w, https:\/\/mf.b37mrtl.ru\/deutsch\/images\/2023.08\/article\/64e1177648fbef01767ee69f.jpg 980w, \" \/><\/picture><\/div>\n<div class=\"Card-picture\">Alles soweit dabei, von der &#8222;Alltagsmaske&#8220; bis hin zur &#8222;Impfempfehlung&#8220;, nat\u00fcrlich auch die verzerrende, weil nur bedingt aussagekr\u00e4ftige &#8222;Testempfehlung&#8220;. An vorderster medialer Verunsicherungsfront sind erneut die bekannten Multiplikatoren aus der j\u00fcngsten Coronakrise festzustellen. Wurde in den Redaktionsstuben nichts dazugelernt oder herrscht schlichte Betriebsblindheit? Dienst nach Vorschrift. Erfolgen die Artikel und \u00dcberschriften aus m\u00f6glicher \u00dcberzeugung, also inhaltlicher Identifikation mit der wiederkehrenden Variante eines bewussten &#8222;Corona-Sorgen- und Bedenkenjournalismus&#8220;?<\/div>\n<\/div>\n<\/article>\n<\/div>\n<\/div>\n<p>Laut dem\u00a0<em>Spiegel<\/em>-Artikel w\u00fcrde also der\u00a0Epidemiologe\u00a0Hajo Zeeb vom Leibniz-Institut &#8222;bei Erk\u00e4ltungssymptomen zum Coronatest raten&#8220;. Kann er, muss er aber nicht, denn\u00a0bei der\u00a0<em>Frankfurter Rundschau<\/em>\u00a0vom 16. August hei\u00dft es: &#8222;Experten: Coronavariante EG.5\u00a0<a href=\"https:\/\/www.fr.de\/wissen\/experten-coronavariante-eg-ohne-grosse-gefahr-zr-92456844.html\" target=\"_blank\" rel=\"noopener noreferrer\">ohne gro\u00dfe Gefahr<\/a>&#8222;. Wer verunsichern will, will eben nicht entwarnen, sondern eine Stimmung erzeugen.\u00a0Hajo Zeeb war\u00a0<a href=\"https:\/\/www.bips-institut.de\/covid-19.html\" target=\"_blank\" rel=\"noopener noreferrer\">Mitglied<\/a>\u00a0der Koordinierungsgruppe &#8222;Kompetenznetz Public Health zu COVID-19&#8220;. Diese begutachtete &#8222;die Folgen der Pandemie f\u00fcr die \u00f6ffentliche Gesundheit&#8220;, darunter unter anderem die &#8222;Lebensqualit\u00e4t und Auswirkungen sozialer Isolation&#8220; in den drei dunklen Jahren. Der permanente Aufruf, die tempor\u00e4re Daueraufforderung seitens der Politik zu verpflichtenden Corona-Testungen, um rein dar\u00fcber \u2013 bei entsprechendem Ergebnis: Negativ war das neue Positiv \u2013 am gesellschaftlichen Leben teilnehmen zu d\u00fcrfen, ist vielen Menschen noch nachdr\u00fccklich in Erinnerung. Nun empfiehlt nicht nachvollziehbar dieser Experte hinsichtlich einer bis dato vollkommen ungef\u00e4hrlichen Virus-Variante Coronatests. Warum? Die\u00a0Leibniz Gemeinschaft wird &#8222;von Bund und L\u00e4ndern gemeinsam\u00a0<a href=\"https:\/\/www.bmbf.de\/bmbf\/de\/forschung\/das-wissenschaftssystem\/partnerorganisationen\/leibniz-gemeinschaft\/leibniz-gemeinschaft_node.html\" target=\"_blank\" rel=\"noopener noreferrer\">finanziert<\/a>&#8222;, also von der Politik. Erfolgten bereits erneute Vorgaben aus dem politischen Berlin?<\/p>\n<p>Wenig \u00fcberraschend reagierte Karl Lauterbach umgehend auf die\u00a0<em>Spiegel<\/em>-Schlagzeile vom 18. August mit einem X\/Twitter-<a href=\"https:\/\/twitter.com\/Karl_Lauterbach\/status\/1693598851674857671?s=20\" target=\"_blank\" rel=\"noopener noreferrer\">Posting<\/a>:<\/p>\n<blockquote><p><em>&#8222;Wir haben ausreichend und fr\u00fchzeitig den angepassten COVID Impfstoff besorgt. Er wird ab dem 18. September wahrscheinlich in den Praxen sein. Jeder \u00dc 60 sollte eine Auffrischungsimpfung, wenn n\u00f6tig, wahrnehmen. Auch die j\u00fcngeren Risikopatienten.&#8220;<\/em><\/p><\/blockquote>\n<p>Der\u00a0<em>Spiegel<\/em>-Autor nutzte \u2013 erneut \u2013 das entlarvende W\u00f6rtchen &#8222;offenbar&#8220;, hinsichtlich der fraglichen Effektivit\u00e4t der zu erwartenden Wirkstoffe. Der Minister schrieb &#8222;wahrscheinlich&#8220;, Bezug nehmend auf \u2013 erneut \u2013 gef\u00fcrchtete Bestellrauschmanien von Pharmaprodukten. Auf meine Anfrage vom 21. August, mit welcher Steuerbelastung die B\u00fcrger diesmal rechnen m\u00fcssen, hat das verantwortliche BMG bislang leider nicht reagiert. Das Unternehmen BioNTech spricht in der offiziellen\u00a0<a href=\"https:\/\/investors.biontech.de\/de\/news-releases\/news-release-details\/biontech-veroeffentlicht-ergebnisse-des-zweiten-quartals-2023\" target=\"_blank\" rel=\"noopener noreferrer\">Presseerkl\u00e4rung<\/a>\u00a0vom 7. August \u2013 hinsichtlich einer terminierten Auslieferung \u2013 von dem Punkt &#8222;vorbehaltlich der beh\u00f6rdlichen Zulassung&#8220; f\u00fcr den \u2013 erneut \u2013 angepassten Wunderstoff. Erfolgte diese Zusatzinformation rein der Form halber, mit dem Wissen einer auff\u00e4lligen und mehr als fahrl\u00e4ssige Verk\u00fcrzung von Zulassungsabl\u00e4ufen in den Jahren 2020 bis Ende 2023?\u00a0<em>Der Spiegel<\/em>\u00a0<a href=\"https:\/\/www.spiegel.de\/wissenschaft\/corona-angepasste-impfstoffe-in-deutschland-offenbar-ab-september-verfuegbar-a-e002b23a-8dfa-4444-b6cc-86d80d2a2794?sara_ref=re-so-app-sh\" target=\"_blank\" rel=\"noopener noreferrer\">informierte<\/a>\u00a0seine Leser am 21. August:<\/p>\n<blockquote><p><em>&#8222;Die Anpassung der Impfstoffe ist n\u00f6tig, weil sich das Coronavirus ver\u00e4ndert und so dem bisherigen Impfschutz teilweise entkommen kann. So\u00a0stufte die Weltgesundheitsorganisation (WHO) erneut eine Omikron-Sublinie als &#8218;Variante von Interesse&#8216;\u00a0 ein.&#8220;<\/em><\/p><\/blockquote>\n<p>Die WHO ist nachweislich keine autark agierende Organisation, rein finanziert durch die Politik und zu hinterfragenden\u00a0<a href=\"https:\/\/www.swr.de\/swr2\/wissen\/who-am-bettelstab-was-gesund-ist-bestimmt-bill-gates-100.html\" target=\"_blank\" rel=\"noopener noreferrer\">Privatpersonen.<\/a>\u00a0Dieses &#8222;Entkommen&#8220; k\u00f6nnte eine m\u00f6gliche Erkl\u00e4rung sein, aber liegt es vielleicht auch an der nachweislich minderen Qualit\u00e4t des massiv medial-politisch beworbenen BioNTech-Produkts der Stunde? Bereits am 18. August hie\u00df es beim\u00a0<em>Spiegel\u00a0<\/em>vollkommen\u00a0<a href=\"https:\/\/www.spiegel.de\/wissenschaft\/impfstoffe-von-moderna-und-pfizer-biontech-offenbar-wirksam-gegen-neue-subvariante-a-972d9314-cc88-4991-997e-6419dd7961d3\" target=\"_blank\" rel=\"noopener noreferrer\">unkommentiert<\/a><em>\u00a0<\/em>und selbstverst\u00e4ndlich:<\/p>\n<blockquote><p><em>&#8222;Pfizer hatte kurz zuvor gemeldet, dass sein \u00fcberarbeiteter Impfstoff in einer Studie mit M\u00e4usen effektiv gegen die Subvariante sei.&#8220;<\/em><\/p><\/blockquote>\n<p>Bundeskanzler Scholz\u00a0<a href=\"https:\/\/www.rnd.de\/politik\/olaf-scholz-waren-beim-impfen-versuchskaninchen-und-es-ist-gut-gegangen-CKUZFNFM3KMQCZXFNYPDKHGZGI.html\" target=\"_blank\" rel=\"noopener noreferrer\">rief<\/a>\u00a0Anfang September 2021,\u00a0zum Thema einer drohenden Impfpflicht im Lande, immer skeptischer werdenden B\u00fcrgern zu:<\/p>\n<blockquote><p><em>&#8222;50 Millionen sind jetzt zweimal geimpft. Wir waren ja alle die Versuchskaninchen f\u00fcr diejenigen, die bisher abgewartet haben. Deshalb sage ich als einer dieser 50 Millionen \u2013 es ist gut gegangen! Bitte macht mit.&#8220;<\/em><\/p><\/blockquote>\n<div class=\"ReadMore-root Section-root Section-is1to3-xs_is1to1\" data-widgets=\"ReadMore\" data-has-alias=\"\">\n<div class=\"Section-container Section-isRow-isTop-isWrap\">\n<article class=\"Card-root Card-is1to1 \">\n<div class=\"Card-imageWrap\">\n<div class=\"Card-picture\"><picture class=\"Picture-root Picture-default\"><source srcset=\" https:\/\/mf.b37mrtl.ru\/deutsch\/images\/2023.08\/thumbnail\/64dca64c48fbef286d61cd68.JPG 850w, https:\/\/mf.b37mrtl.ru\/deutsch\/images\/2023.08\/article\/64dca64c48fbef286d61cd68.JPG 1960w, \" media=\"(-webkit-min-device-pixel-ratio: 2) and (min-resolution: 120dpi)\" sizes=\"280px\" data-srcset=\" https:\/\/mf.b37mrtl.ru\/deutsch\/images\/2023.08\/thumbnail\/64dca64c48fbef286d61cd68.JPG 850w, https:\/\/mf.b37mrtl.ru\/deutsch\/images\/2023.08\/article\/64dca64c48fbef286d61cd68.JPG 1960w, \" \/><source srcset=\" https:\/\/mf.b37mrtl.ru\/deutsch\/images\/2023.08\/thumbnail\/64dca64c48fbef286d61cd68.JPG 460w, https:\/\/mf.b37mrtl.ru\/deutsch\/images\/2023.08\/article\/64dca64c48fbef286d61cd68.JPG 980w, \" sizes=\"280px\" data-srcset=\" https:\/\/mf.b37mrtl.ru\/deutsch\/images\/2023.08\/thumbnail\/64dca64c48fbef286d61cd68.JPG 460w, https:\/\/mf.b37mrtl.ru\/deutsch\/images\/2023.08\/article\/64dca64c48fbef286d61cd68.JPG 980w, \" \/><\/picture><\/div>\n<div class=\"Card-picture\">M\u00e4use, Kaninchen, Menschen, alle werden ohne R\u00fccksicht auf Verluste bedacht von der Pharmaindustrie und der Politik zum Thema genmanipulierender mRNA-Wirkstoffe. Abgerechnet wird ja bekannterweise immer zum Schluss, aber wann das Ende einer nachweislich k\u00fcnstlichen Gesundheitskrise erfolgt, bestimmen dabei weiterhin rein die einfordernde Pharmaindustrie und willige Erf\u00fcllungsgehilfen aus der Politik- und Medienwelt.<\/div>\n<\/div>\n<\/article>\n<\/div>\n<\/div>\n<p>Das Landgericht Mainz hat j\u00fcngst die Klage einer Frau auf Schadensersatz infolge eines AstraZeneca-Impfschadens abgewiesen. Laut \u00fcbereinstimmenden Medienberichten\u00a0urteilte die Richterin, &#8222;dass die\u00a0Klage unbegr\u00fcndet sei&#8220;. Ein Gutachten holte sie daf\u00fcr nicht ein, demgegen\u00fcber best\u00e4tigte die Berufsgenossenschaft Mainz der Klagenden einen\u00a0<a href=\"https:\/\/www.swr.de\/swraktuell\/rheinland-pfalz\/mainz\/mainzerin-klagt-vor-gericht-gegen-impfstoffhersteller-astrazeneca-wegen-impfschaden-100.html\" target=\"_blank\" rel=\"noopener noreferrer\">Impfschaden<\/a>. Die Kosten f\u00fcr das Verfahren wurden der Kl\u00e4gerin auferlegt, also die Doppelbestrafung eines leidenden Menschen.<\/p>\n<p>Inhalte eines\u00a0<em>Welt<\/em>&#8211;<a href=\"https:\/\/www.welt.de\/politik\/deutschland\/plus247064962\/Ricarda-Lang-Luege-schleudert-ein-Zuschauer-der-Gruenen-Chefin-entgegen.html?wtrid=socialmedia.socialflow....socialflow_twitter\" target=\"_blank\" rel=\"noopener noreferrer\">Artikels<\/a>\u00a0vom 24. August zum Verlauf eines B\u00fcrgergespr\u00e4chs der Gr\u00fcnen-Chefin Ricarda Lang im bayerischen Ingolstadt lauten:<\/p>\n<blockquote><p><em>&#8222;Auch die zweite Frage dreht sich um die Vergangenheit, diesmal die j\u00fcngere. Ein Mann will wissen, wann man sich f\u00fcr die &#8218;unfassbare Diskriminierung&#8216; der Ungeimpften entschuldige; er bekommt Applaus daf\u00fcr. Lauteren Applaus erntet allerdings Ricarda Langs knappe Antwort: &#8218;Werden wir nicht&#8217;\u2026&#8220;<\/em><\/p><\/blockquote>\n<p>Lang begr\u00fcndet diese drei Worte, &#8222;unter Verweis auf politische Entscheidungen und Prozesse, die sie im Gro\u00dfen und Ganzen f\u00fcr richtig halte, und Studien, die die\u00a0Wirksamkeit der Impfungen\u00a0belegt h\u00e4tten&#8220;. Interessierte B\u00fcrger und Opfer einer medial-politischen, aggressiven und n\u00f6tigenden Impfkampagne sehen diesen Punkt wesentlich anders. Der Vergleich belegt erneut die mentalen Tiefen existierender Gr\u00e4ben und Abgr\u00fcnde in der Gesellschaft.<\/p>\n<p>&#8222;Wie muss ich mich verhalten?&#8220;, fragt der\u00a0<em>Tagesschau<\/em>-Artikel\u00a0vom 15. August. Die Antwort sollte f\u00fcr den Herbst-Winter 2023 lauten, vollkommen selbstverst\u00e4ndlich bis zum Fr\u00fchjahr 2020, dass jeder B\u00fcrger bitte sch\u00f6n, vollkommen alleinig und souver\u00e4n \u00fcber sich und seinen K\u00f6rper entscheidet. Sollte sich\u00a0der Gesellschaft nicht erneut eine gef\u00e4hrliche und\u00a0skrupellose\u00a0Melange von zuarbeitenden Medien und einfordernder Politik mit der Kan\u00fclen-Spitze \u2013 einer rein profitorientierten Pharmaindustrie \u2013 im R\u00fccken f\u00fchlend entgegenstellen.<\/p>\n<p>Die j\u00fcngste Corona-Berichterstattung und dementsprechende Schlagzeilen und Artikel lassen dabei wenig Gutes erahnen und das Schlimmste bef\u00fcrchten. Die Schlagzeile eines <em>Spiegel<\/em>-Artikels vom 24. August lautet symptomatisch manipulierend <a href=\"https:\/\/www.spiegel.de\/wissenschaft\/corona-das-virus-ist-noch-nicht-fertig-mit-uns-a-3d944306-f686-460c-bfd3-03715b55aadb\" target=\"_blank\" rel=\"noopener noreferrer\">formuliert<\/a> (Bezahlschranke):<\/p>\n<blockquote><p><em>&#8222;Drohender Coronaherbst: Das Virus ist noch nicht fertig mit uns&#8220;<\/em><\/p><\/blockquote>\n<p>Karl Lauterbach kommentierte <a href=\"https:\/\/twitter.com\/Karl_Lauterbach\/status\/1694669502145806437?t=zQdsQ7v7S3OWHAphHkx5FQ&amp;s=09\" target=\"_blank\" rel=\"noopener noreferrer\">umgehend<\/a> mit der Feststellung: &#8222;Sehr lesenswertes Interview mit \u2066Eckerle Isabella\u2069, einer der besten Corona-Pandemie Expertinnen in Europa&#8220;. Es wird sich daher sehr z\u00fcgig\u00a0zeigen, ob gro\u00dfe Teile der Bev\u00f6lkerung sich erneut \u00fcber willk\u00fcrliche medial-politische Szenarien einer Bedrohungslage X beeinflussen lassen und einem angepassten &#8222;Verordnungskatalog&#8220; und vorgeschriebenen fraglichen Ma\u00dfnahmenanforderungen anstandslos f\u00fcgen.<\/p>\n<blockquote class=\"twitter-tweet\" data-width=\"550\" data-dnt=\"true\">\n<p lang=\"de\" dir=\"ltr\">Die SPIEGEL-Propaganda-Maschine l\u00e4uft auf Hochtouren. <a href=\"https:\/\/t.co\/YuPjQGguu1\">pic.twitter.com\/YuPjQGguu1<\/a><\/p>\n<p>&mdash; _horizont_ (@hori_____zont) <a href=\"https:\/\/twitter.com\/hori_____zont\/status\/1694237770376421818?ref_src=twsrc%5Etfw\">August 23, 2023<\/a><\/p><\/blockquote>\n<p><script async src=\"https:\/\/platform.twitter.com\/widgets.js\" charset=\"utf-8\"><\/script><\/p>\n<p style=\"text-align: right;\"><em>Bernhard Loyen ist freier Journalist und schreibt f\u00fcr verschiedene alternative Portale<\/em><\/p>\n<hr \/>\n<p><span style=\"font-size: 10pt;\">Bild oben: <span class=\"Cover-caption\"><span class=\"Cover-captionItem\">Medial kolportierte Prognose des Gesundheitsministers im Dezember 2021.<\/span><\/span><\/span><br \/>\n<span style=\"font-size: 10pt;\"><span class=\"Cover-imageSource\"><span class=\"Cover-captionItem\">Foto: <\/span><span class=\"Cover-captionItem\">\u00a9 BLoyen, <\/span><\/span>Quelle: <a href=\"https:\/\/freedert.online\/meinung\/178740-corona-medienoffensive-2023-startet-im\/\" target=\"_blank\" rel=\"noopener\">RT DE<\/a><\/span><\/p>\n","protected":false},"excerpt":{"rendered":"<p><b>Beitrag von Bernhard Loyen<\/b><br \/>\nCorona-Aufarbeitung? Ein weiterhin als nervig und \u00fcberfl\u00fcssig bewertetes Reizwort f\u00fcr Gro\u00dfteile der verantwortlichen medial-politischen Entscheider im Land. Auch in der Gesellschaft wird weiterhin kontrovers und erhitzt diskutiert. Die jeweiligen Lager von unbedingten Unterst\u00fctzern einer restriktiven Ma\u00dfnahmenpolitik und dem Pendant kritischer, weil auch \u2013 weiterhin \u2013 leidender Menschen im Land, sorgt f\u00fcr eine fortdauernde Spaltung in der Bev\u00f6lkerung. Leidend bezieht sich dabei nicht nur auf die weiterhin unbekannte hohe Opferzahl, Bezug nehmend auf schockierende pers\u00f6nliche Erfahrungen mit einem neuartigen mRNA-Wirkstoff, sondern auch auf die Leidtragenden hinsichtlich psychischer und wirtschaftlicher Folgesch\u00e4den der Coronapolitik der Jahre 2020 \u2013 2022.\u00a0\u00a0<\/p>\n","protected":false},"author":3,"featured_media":16848,"comment_status":"closed","ping_status":"closed","sticky":false,"template":"","format":"standard","meta":{"colormag_page_container_layout":"default_layout","colormag_page_sidebar_layout":"default_layout","advanced_seo_description":"","jetpack_seo_html_title":"","jetpack_seo_noindex":false,"jetpack_post_was_ever_published":false,"footnotes":""},"categories":[12],"tags":[1256,577,1816,1278,1257,1274,1267],"class_list":["post-16846","post","type-post","status-publish","format-standard","has-post-thumbnail","hentry","category-demokratie-medien-aufklaerung","tag-corona-virus","tag-gesundheitspolitik","tag-impfstoff","tag-impfung","tag-pandemie","tag-pharmaindustrie","tag-who"],"jetpack_featured_media_url":"https:\/\/i0.wp.com\/www.freidenker.org\/fw17\/wp-content\/uploads\/2023\/08\/Lauterbach_Bild_Corona_800x450.jpg?fit=800%2C450&ssl=1","jetpack_shortlink":"https:\/\/wp.me\/p9stpK-4nI","jetpack-related-posts":[{"id":16223,"url":"https:\/\/www.freidenker.org\/?p=16223","url_meta":{"origin":16846,"position":0},"title":"Von einer Pandemie zur n\u00e4chsten?","author":"Webredaktion","date":"2. Juni 2023","format":false,"excerpt":"Karl Lauterbach, die WHO und Rockefeller-Millionen Podcast von Bernhard Loyen Millionen Menschen weltweit leiden weiterhin unter den Auswirkungen der politischen Ma\u00dfnahmen in der Corona-Krise. Im Hintergrund bastelt ein elit\u00e4rer Kreis von Krisenprofiteuren am n\u00e4chsten m\u00f6glichen Ereignis. Nat\u00fcrlich alles unter dem Deckmantel vorbeugender Ma\u00dfnahmen und rein zum Schutze der Menschheit.","rel":"","context":"In &quot;Demokratie \u2013 Medien \u2013 Aufkl\u00e4rung&quot;","block_context":{"text":"Demokratie \u2013 Medien \u2013 Aufkl\u00e4rung","link":"https:\/\/www.freidenker.org\/?cat=12"},"img":{"alt_text":"","src":"https:\/\/i0.wp.com\/www.freidenker.org\/fw17\/wp-content\/uploads\/2023\/06\/Karl_Lauterbach_by_OlafKosinsky_2019_MG_2423_800x450_ausschnitt.jpg?fit=800%2C450&ssl=1&resize=350%2C200","width":350,"height":200,"srcset":"https:\/\/i0.wp.com\/www.freidenker.org\/fw17\/wp-content\/uploads\/2023\/06\/Karl_Lauterbach_by_OlafKosinsky_2019_MG_2423_800x450_ausschnitt.jpg?fit=800%2C450&ssl=1&resize=350%2C200 1x, https:\/\/i0.wp.com\/www.freidenker.org\/fw17\/wp-content\/uploads\/2023\/06\/Karl_Lauterbach_by_OlafKosinsky_2019_MG_2423_800x450_ausschnitt.jpg?fit=800%2C450&ssl=1&resize=525%2C300 1.5x, https:\/\/i0.wp.com\/www.freidenker.org\/fw17\/wp-content\/uploads\/2023\/06\/Karl_Lauterbach_by_OlafKosinsky_2019_MG_2423_800x450_ausschnitt.jpg?fit=800%2C450&ssl=1&resize=700%2C400 2x"},"classes":[]},{"id":17606,"url":"https:\/\/www.freidenker.org\/?p=17606","url_meta":{"origin":16846,"position":1},"title":"Lauterbach und BMG verweigern Aufkl\u00e4rung zu Bakterien-DNA in Impfstoffen","author":"Webredaktion","date":"5. Dezember 2023","format":false,"excerpt":"Beitrag von Bernhard Loyen Erneut erfahren kritische B\u00fcrger wie auch leidtragende belastete Opfer einer im stillen Vertrauen erhaltenen sogenannten \"COVID-19-Impfung\" wichtige Informationen \u00fcber m\u00f6gliche Gr\u00fcnde f\u00fcr k\u00f6rperliche Sch\u00e4den aus den sogenannten alternativen Medien. So aktuell durch einen\u00a0Artikel des Finanzjournalisten, Bloggers und Autoren Norbert H\u00e4ring mit dem Titel: \"Bakterien-DNA in Impfstoffen:\u2026","rel":"","context":"In &quot;Arbeit &amp; Soziales&quot;","block_context":{"text":"Arbeit &amp; Soziales","link":"https:\/\/www.freidenker.org\/?cat=11"},"img":{"alt_text":"","src":"https:\/\/i0.wp.com\/www.freidenker.org\/fw17\/wp-content\/uploads\/2023\/12\/Lauterbach_2023_Koeln_800x450.jpg?fit=800%2C450&ssl=1&resize=350%2C200","width":350,"height":200,"srcset":"https:\/\/i0.wp.com\/www.freidenker.org\/fw17\/wp-content\/uploads\/2023\/12\/Lauterbach_2023_Koeln_800x450.jpg?fit=800%2C450&ssl=1&resize=350%2C200 1x, https:\/\/i0.wp.com\/www.freidenker.org\/fw17\/wp-content\/uploads\/2023\/12\/Lauterbach_2023_Koeln_800x450.jpg?fit=800%2C450&ssl=1&resize=525%2C300 1.5x, https:\/\/i0.wp.com\/www.freidenker.org\/fw17\/wp-content\/uploads\/2023\/12\/Lauterbach_2023_Koeln_800x450.jpg?fit=800%2C450&ssl=1&resize=700%2C400 2x"},"classes":[]},{"id":24721,"url":"https:\/\/www.freidenker.org\/?p=24721","url_meta":{"origin":16846,"position":2},"title":"&#8222;Segen der Impfungen&#8220;","author":"Webredaktion","date":"25. M\u00e4rz 2026","format":false,"excerpt":"Ex-Minister Lauterbach beklagt \"Fake-News\" in der Enquete-Kommission Beitrag von Bernhard Loyen Mit Spannung wurde der gestrige gemeinsame Auftritt zweier entscheidender Protagonisten in der \"Corona-Krise\" im Bundestag erwartet. So waren in der \"Enquete-Kommission Corona\" zum Thema \"Leistungsf\u00e4higkeit des Gesundheitswesens in der Pandemie\" der ehemalige Bundesgesundheitsminister Karl Lauterbach (SPD) sowie Ex-RKI-Chef Lothar\u2026","rel":"","context":"In &quot;Demokratie \u2013 Medien \u2013 Aufkl\u00e4rung&quot;","block_context":{"text":"Demokratie \u2013 Medien \u2013 Aufkl\u00e4rung","link":"https:\/\/www.freidenker.org\/?cat=12"},"img":{"alt_text":"","src":"https:\/\/i0.wp.com\/www.freidenker.org\/fw17\/wp-content\/uploads\/2026\/03\/neelam279-vaccine-5833550_800x450.jpg?fit=800%2C450&ssl=1&resize=350%2C200","width":350,"height":200,"srcset":"https:\/\/i0.wp.com\/www.freidenker.org\/fw17\/wp-content\/uploads\/2026\/03\/neelam279-vaccine-5833550_800x450.jpg?fit=800%2C450&ssl=1&resize=350%2C200 1x, https:\/\/i0.wp.com\/www.freidenker.org\/fw17\/wp-content\/uploads\/2026\/03\/neelam279-vaccine-5833550_800x450.jpg?fit=800%2C450&ssl=1&resize=525%2C300 1.5x, https:\/\/i0.wp.com\/www.freidenker.org\/fw17\/wp-content\/uploads\/2026\/03\/neelam279-vaccine-5833550_800x450.jpg?fit=800%2C450&ssl=1&resize=700%2C400 2x"},"classes":[]},{"id":22398,"url":"https:\/\/www.freidenker.org\/?p=22398","url_meta":{"origin":16846,"position":3},"title":"Enquete-Kommission Corona: Der elendige Versuch, die T\u00e4ter reinzuwaschen","author":"Webredaktion","date":"15. Juli 2025","format":false,"excerpt":"Beitrag von Bernhard Loyen Die n\u00fcchterne Nachricht\u00a0wurde medial \u00fcber alle verf\u00fcgbaren Kan\u00e4le der Mainstreammedien und \u00f6ffentlich-rechtlichen Rundfunkanstalten ins Land verk\u00fcndet: Die Politik simuliert den Willen zur dringend notwendigen \"Corona-Aufarbeitung\". Diese Formulierung ist nat\u00fcrlich schon wieder mit Skepsis gew\u00fcrzt, daher die offizielle Schreibweise der weiterhin tonangebenden und einflussreichen\u00a0ARD-Tagesschau vom 10. Juli:\u2026","rel":"","context":"In &quot;Demokratie \u2013 Medien \u2013 Aufkl\u00e4rung&quot;","block_context":{"text":"Demokratie \u2013 Medien \u2013 Aufkl\u00e4rung","link":"https:\/\/www.freidenker.org\/?cat=12"},"img":{"alt_text":"","src":"https:\/\/i0.wp.com\/www.freidenker.org\/fw17\/wp-content\/uploads\/2025\/07\/ColognePride_2021_CSD-Veedel-3914_800x450.jpg?fit=800%2C450&ssl=1&resize=350%2C200","width":350,"height":200,"srcset":"https:\/\/i0.wp.com\/www.freidenker.org\/fw17\/wp-content\/uploads\/2025\/07\/ColognePride_2021_CSD-Veedel-3914_800x450.jpg?fit=800%2C450&ssl=1&resize=350%2C200 1x, https:\/\/i0.wp.com\/www.freidenker.org\/fw17\/wp-content\/uploads\/2025\/07\/ColognePride_2021_CSD-Veedel-3914_800x450.jpg?fit=800%2C450&ssl=1&resize=525%2C300 1.5x, https:\/\/i0.wp.com\/www.freidenker.org\/fw17\/wp-content\/uploads\/2025\/07\/ColognePride_2021_CSD-Veedel-3914_800x450.jpg?fit=800%2C450&ssl=1&resize=700%2C400 2x"},"classes":[]},{"id":18566,"url":"https:\/\/www.freidenker.org\/?p=18566","url_meta":{"origin":16846,"position":4},"title":"Corona-Risikobewertung wurde politisch k\u00fcnstlich &#8222;hochskaliert&#8220;","author":"Webredaktion","date":"20. M\u00e4rz 2024","format":false,"excerpt":"Beitrag von Bernhard Loyen Es finden sich weiterhin unterschiedliche Gruppierungen von B\u00fcrgern, was das\u00a0Thema Corona-Aufarbeitung und R\u00fcckbetrachtung betrifft. Der giftige Corona-Spaltpilz bl\u00fcht weiterhin in den Fugen der Gesellschaft. Dazu mehr am Ende des Artikels. Diese Betrachtung erfolgt rund ein Jahr nachdem der unantastbare und skrupellose Karl Lauterbach\u00a0Anfang April 2023 vollkommen\u2026","rel":"","context":"In &quot;Demokratie \u2013 Medien \u2013 Aufkl\u00e4rung&quot;","block_context":{"text":"Demokratie \u2013 Medien \u2013 Aufkl\u00e4rung","link":"https:\/\/www.freidenker.org\/?cat=12"},"img":{"alt_text":"","src":"https:\/\/i0.wp.com\/www.freidenker.org\/fw17\/wp-content\/uploads\/2024\/03\/Spahn-Karikatur_800x450.jpg?fit=800%2C450&ssl=1&resize=350%2C200","width":350,"height":200,"srcset":"https:\/\/i0.wp.com\/www.freidenker.org\/fw17\/wp-content\/uploads\/2024\/03\/Spahn-Karikatur_800x450.jpg?fit=800%2C450&ssl=1&resize=350%2C200 1x, https:\/\/i0.wp.com\/www.freidenker.org\/fw17\/wp-content\/uploads\/2024\/03\/Spahn-Karikatur_800x450.jpg?fit=800%2C450&ssl=1&resize=525%2C300 1.5x, https:\/\/i0.wp.com\/www.freidenker.org\/fw17\/wp-content\/uploads\/2024\/03\/Spahn-Karikatur_800x450.jpg?fit=800%2C450&ssl=1&resize=700%2C400 2x"},"classes":[]},{"id":24324,"url":"https:\/\/www.freidenker.org\/?p=24324","url_meta":{"origin":16846,"position":5},"title":"Das Paul-(Un)Ehrlich-Institut und der j\u00fcngste Skandal in der &#8222;Corona-Aufarbeitung&#8220;","author":"Webredaktion","date":"30. Januar 2026","format":false,"excerpt":"Beitrag von Bernhard Loyen Januar 2024, die Pressestelle des Paul-Ehrlich-Instituts (PEI) kann stolz verk\u00fcnden, dass ihr langj\u00e4hriger verantwortlicher Leiter, Klaus Cichutek, von Bundespr\u00e4sident Frank-Walter Steinmeier \"mit dem Verdienstkreuz 1. Klasse des Verdienstordens der Bundesrepublik Deutschland ausgezeichnet\" wird. Diese hohe staatliche Ehrung erhielt er, ausdr\u00fccklich in der Rede von Steinmeier betont,\u2026","rel":"","context":"In &quot;Demokratie \u2013 Medien \u2013 Aufkl\u00e4rung&quot;","block_context":{"text":"Demokratie \u2013 Medien \u2013 Aufkl\u00e4rung","link":"https:\/\/www.freidenker.org\/?cat=12"},"img":{"alt_text":"","src":"https:\/\/i0.wp.com\/www.freidenker.org\/fw17\/wp-content\/uploads\/2026\/01\/Paul_Ehrlich_Institut_building_Langen_-_2022-05-16_800x450.jpg?fit=800%2C450&ssl=1&resize=350%2C200","width":350,"height":200,"srcset":"https:\/\/i0.wp.com\/www.freidenker.org\/fw17\/wp-content\/uploads\/2026\/01\/Paul_Ehrlich_Institut_building_Langen_-_2022-05-16_800x450.jpg?fit=800%2C450&ssl=1&resize=350%2C200 1x, https:\/\/i0.wp.com\/www.freidenker.org\/fw17\/wp-content\/uploads\/2026\/01\/Paul_Ehrlich_Institut_building_Langen_-_2022-05-16_800x450.jpg?fit=800%2C450&ssl=1&resize=525%2C300 1.5x, https:\/\/i0.wp.com\/www.freidenker.org\/fw17\/wp-content\/uploads\/2026\/01\/Paul_Ehrlich_Institut_building_Langen_-_2022-05-16_800x450.jpg?fit=800%2C450&ssl=1&resize=700%2C400 2x"},"classes":[]}],"_links":{"self":[{"href":"https:\/\/www.freidenker.org\/index.php?rest_route=\/wp\/v2\/posts\/16846","targetHints":{"allow":["GET"]}}],"collection":[{"href":"https:\/\/www.freidenker.org\/index.php?rest_route=\/wp\/v2\/posts"}],"about":[{"href":"https:\/\/www.freidenker.org\/index.php?rest_route=\/wp\/v2\/types\/post"}],"author":[{"embeddable":true,"href":"https:\/\/www.freidenker.org\/index.php?rest_route=\/wp\/v2\/users\/3"}],"replies":[{"embeddable":true,"href":"https:\/\/www.freidenker.org\/index.php?rest_route=%2Fwp%2Fv2%2Fcomments&post=16846"}],"version-history":[{"count":0,"href":"https:\/\/www.freidenker.org\/index.php?rest_route=\/wp\/v2\/posts\/16846\/revisions"}],"wp:featuredmedia":[{"embeddable":true,"href":"https:\/\/www.freidenker.org\/index.php?rest_route=\/wp\/v2\/media\/16848"}],"wp:attachment":[{"href":"https:\/\/www.freidenker.org\/index.php?rest_route=%2Fwp%2Fv2%2Fmedia&parent=16846"}],"wp:term":[{"taxonomy":"category","embeddable":true,"href":"https:\/\/www.freidenker.org\/index.php?rest_route=%2Fwp%2Fv2%2Fcategories&post=16846"},{"taxonomy":"post_tag","embeddable":true,"href":"https:\/\/www.freidenker.org\/index.php?rest_route=%2Fwp%2Fv2%2Ftags&post=16846"}],"curies":[{"name":"wp","href":"https:\/\/api.w.org\/{rel}","templated":true}]}}