{"id":16833,"date":"2023-08-17T07:56:15","date_gmt":"2023-08-17T05:56:15","guid":{"rendered":"https:\/\/www.freidenker.org\/?p=16833"},"modified":"2023-09-17T11:14:00","modified_gmt":"2023-09-17T09:14:00","slug":"lisa-fitz-die-10-gebote-der-maechtigen","status":"publish","type":"post","link":"https:\/\/www.freidenker.org\/?p=16833","title":{"rendered":"Lisa Fitz \u2013 Die 10 Gebote der M\u00e4chtigen"},"content":{"rendered":"<p><em>Video von <strong>Lisa Fitz<\/strong><\/em><\/p>\n<p><span style=\"font-size: 10pt;\">Ver\u00f6ffentlicht von NachDenkSeiten auf <a href=\"https:\/\/www.youtube.com\/watch?v=kgqvFuqpVAA\" target=\"_blank\" rel=\"noopener\">YouTube<\/a> am 10.08.2023<\/span><\/p>\n<p><span class=\"yt-core-attributed-string yt-core-attributed-string--white-space-pre-wrap\"><span class=\"yt-core-attributed-string--link-inherit-color\">Es gibt ja jetzt nur mehr zwei Lager, das nervt\u2026! Die, die Recht haben\u2026 und die, die Unrecht haben\u2026 also die andern immer. Etikette drauf\u2026 Flasche! Das hat ja schon Jean Paul Sartre gesagt: \u201eDie H\u00f6lle, das sind die anderen!\u201c Und es ist immer falsch, was man sagt man ist zu links, zu rechts, zu weit unten, zu weit oben\u2026 Neid und Verachtung bl\u00fchen\u2026 und H\u00e4me! Und auch noch interessant: Wenn man von \u201eDENEN DA OBEN\u201d spricht und von \u201eWIR DA UNTEN, DIE B\u00dcRGER\u201c \u2013 das ist verschw\u00f6rungstheoretischer\u2026 M\u00fcll, sorry\u2026 Mythos. Verschw\u00f6rungsmythos. Eine Theorie k\u00f6nnte ja Praxis werden &#8211; oder schon sein, ohne dass die Masse davon wei\u00df\u2026 aber Mythen\u2026 Herr der Ringe, Gandalf, M\u00e4rchen von Riesen &amp; Zwergen, in Nebeln, die wabern, Mythen, die letztlich\u2026 erm\u00fc\u00fcten. Da resignieren die Leut und h\u00f6ren gar nicht mehr hin. Ich wei\u00df schon, Sie wissen jetzt noch nicht, worauf ich raus will, kommt gleich\u2026\u00a0<\/span><\/span><\/p>\n<div class=\"jetpack-video-wrapper\"><span class=\"embed-youtube\" style=\"text-align:center; display: block;\"><iframe loading=\"lazy\" class=\"youtube-player\" width=\"800\" height=\"450\" src=\"https:\/\/www.youtube.com\/embed\/kgqvFuqpVAA?version=3&#038;rel=1&#038;showsearch=0&#038;showinfo=1&#038;iv_load_policy=1&#038;fs=1&#038;hl=de-DE&#038;autohide=2&#038;wmode=transparent\" allowfullscreen=\"true\" style=\"border:0;\" sandbox=\"allow-scripts allow-same-origin allow-popups allow-presentation allow-popups-to-escape-sandbox\"><\/iframe><\/span><\/div>\n<p><span style=\"font-size: 10pt;\">Direktlink zum Video der NachDenkSeiten auf YouTube: <a href=\"https:\/\/www.youtube.com\/watch?v=kgqvFuqpVAA\" target=\"_blank\" rel=\"noopener\">https:\/\/www.youtube.com\/watch?v=kgqvFuqpVAA<\/a><\/span><\/p>\n<p style=\"text-align: right;\"><em>Lisa Fitz ist Beiratsmitglied des Deutschen Freidenker-Verbandes<\/em><\/p>\n<hr \/>\n<p><span style=\"font-size: 10pt;\">Bild oben: Screenshot aus dem <a href=\"https:\/\/www.youtube.com\/watch?v=kgqvFuqpVAA\" target=\"_blank\" rel=\"noopener\">Video von NachDenkSeiten<\/a><\/span><\/p>\n","protected":false},"excerpt":{"rendered":"<p><b>Video von Lisa Fitz<\/b><br \/>\nEs gibt ja jetzt nur mehr zwei Lager, das nervt\u2026! Die, die Recht haben\u2026 und die, die Unrecht haben\u2026 also die andern immer. Etikette drauf\u2026 Flasche! Das hat ja schon Jean Paul Sartre gesagt: \u201eDie H\u00f6lle, das sind die anderen!\u201c Und es ist immer falsch, was man sagt man ist zu links, zu rechts, zu weit unten, zu weit oben\u2026 Neid und Verachtung bl\u00fchen\u2026 und H\u00e4me! Und auch noch interessant: Wenn man von \u201eDENEN DA OBEN\u201d spricht und von \u201eWIR DA UNTEN, DIE B\u00dcRGER\u201c \u2013 das ist verschw\u00f6rungstheoretischer\u2026 M\u00fcll, sorry\u2026 Mythos. Verschw\u00f6rungsmythos. Eine Theorie k\u00f6nnte ja Praxis werden &#8211; oder schon sein, ohne dass die Masse davon wei\u00df\u2026 aber Mythen\u2026 <\/p>\n","protected":false},"author":3,"featured_media":16834,"comment_status":"closed","ping_status":"closed","sticky":false,"template":"","format":"standard","meta":{"colormag_page_container_layout":"default_layout","colormag_page_sidebar_layout":"default_layout","advanced_seo_description":"","jetpack_seo_html_title":"","jetpack_seo_noindex":false,"jetpack_post_was_ever_published":false,"footnotes":""},"categories":[12,913],"tags":[619,641,1673],"class_list":["post-16833","post","type-post","status-publish","format-standard","has-post-thumbnail","hentry","category-demokratie-medien-aufklaerung","category-kultur-kunst","tag-satire","tag-verschwoerungstheorie","tag-video"],"jetpack_featured_media_url":"https:\/\/i0.wp.com\/www.freidenker.org\/fw17\/wp-content\/uploads\/2023\/08\/LisaFitz_10-Gebote_800x450.jpg?fit=800%2C450&ssl=1","jetpack_shortlink":"https:\/\/wp.me\/p9stpK-4nv","jetpack-related-posts":[{"id":18514,"url":"https:\/\/www.freidenker.org\/?p=18514","url_meta":{"origin":16833,"position":0},"title":"Lisa Fitz &#8211; Politiker au\u00dfer Rand und Band","author":"Webredaktion","date":"9. M\u00e4rz 2024","format":false,"excerpt":"Video von\u00a0Lisa Fitz In ihrem neuen St\u00fcck f\u00fcr die NachDenkSeiten besch\u00e4ftigt sich Lisa Fitz mit Verbalinjurien und sonstigen Ausf\u00e4llen, mit Cholerikern, P\u00f6beleien im Bundestag und mit sogenannten \u201eEmotionsdilettanten\u201c. Statt Contenance zu wahren, bes\u00e4\u00dfen manche nur emotionale Inkontinenz. Teilweise hat diese Unart in j\u00fcngster Zeit auch sie selbst betroffen. Lisa Fitz\u2026","rel":"","context":"In &quot;Demokratie \u2013 Medien \u2013 Aufkl\u00e4rung&quot;","block_context":{"text":"Demokratie \u2013 Medien \u2013 Aufkl\u00e4rung","link":"https:\/\/www.freidenker.org\/?cat=12"},"img":{"alt_text":"","src":"https:\/\/i0.wp.com\/www.freidenker.org\/fw17\/wp-content\/uploads\/2024\/03\/Lisa_Fitz_Politiker_ausser_Rand_und_Band_800x450.jpg?fit=800%2C450&ssl=1&resize=350%2C200","width":350,"height":200,"srcset":"https:\/\/i0.wp.com\/www.freidenker.org\/fw17\/wp-content\/uploads\/2024\/03\/Lisa_Fitz_Politiker_ausser_Rand_und_Band_800x450.jpg?fit=800%2C450&ssl=1&resize=350%2C200 1x, https:\/\/i0.wp.com\/www.freidenker.org\/fw17\/wp-content\/uploads\/2024\/03\/Lisa_Fitz_Politiker_ausser_Rand_und_Band_800x450.jpg?fit=800%2C450&ssl=1&resize=525%2C300 1.5x, https:\/\/i0.wp.com\/www.freidenker.org\/fw17\/wp-content\/uploads\/2024\/03\/Lisa_Fitz_Politiker_ausser_Rand_und_Band_800x450.jpg?fit=800%2C450&ssl=1&resize=700%2C400 2x"},"classes":[]},{"id":15229,"url":"https:\/\/www.freidenker.org\/?p=15229","url_meta":{"origin":16833,"position":1},"title":"Lisa Fitz \u2013 Harry Potter &#038; Rosamunde Pilcher","author":"Webredaktion","date":"14. Februar 2023","format":false,"excerpt":"Video von Lisa Fitz Viele von euch kennen sicher den Film \u201eDas Leben ist sch\u00f6n\u201c von Roberto Benigni, der einen Vater spielt, der seinem Sohn im KZ vorgaukelt, das w\u00e4re alles nur ein Spiel, damit das Kind das Ganze heil \u00fcbersteht. Und bei uns ist es ja auch oft so\u2026\u2026","rel":"","context":"In &quot;Demokratie \u2013 Medien \u2013 Aufkl\u00e4rung&quot;","block_context":{"text":"Demokratie \u2013 Medien \u2013 Aufkl\u00e4rung","link":"https:\/\/www.freidenker.org\/?cat=12"},"img":{"alt_text":"","src":"https:\/\/i0.wp.com\/www.freidenker.org\/fw17\/wp-content\/uploads\/2023\/02\/lisa-fitz_potter-pilcher_800x450.jpg?fit=800%2C450&ssl=1&resize=350%2C200","width":350,"height":200,"srcset":"https:\/\/i0.wp.com\/www.freidenker.org\/fw17\/wp-content\/uploads\/2023\/02\/lisa-fitz_potter-pilcher_800x450.jpg?fit=800%2C450&ssl=1&resize=350%2C200 1x, https:\/\/i0.wp.com\/www.freidenker.org\/fw17\/wp-content\/uploads\/2023\/02\/lisa-fitz_potter-pilcher_800x450.jpg?fit=800%2C450&ssl=1&resize=525%2C300 1.5x, https:\/\/i0.wp.com\/www.freidenker.org\/fw17\/wp-content\/uploads\/2023\/02\/lisa-fitz_potter-pilcher_800x450.jpg?fit=800%2C450&ssl=1&resize=700%2C400 2x"},"classes":[]},{"id":11838,"url":"https:\/\/www.freidenker.org\/?p=11838","url_meta":{"origin":16833,"position":2},"title":"Ist das neutraler Journalismus?","author":"Webredaktion","date":"26. Dezember 2021","format":false,"excerpt":"Video von Lisa Fitz und Beitrag von Anton Gentzen Seit Tagen braust ein medialer Emp\u00f6rungssturm durchs Land - im Mittelpunkt der Angriffe: die Kabarettistin Lisa Fitz, Beiratsmitglied des Deutschen Freidenker-Verbandes.\u00a0Nachdem der SWR die gesamte Sendung \"Sp\u00e4tschicht\" vom 10.12.2021 aus der ARD Mediathek und seinem Video-Archiv bei YouTube entfernt hat, wurde\u2026","rel":"","context":"In &quot;Demokratie \u2013 Medien \u2013 Aufkl\u00e4rung&quot;","block_context":{"text":"Demokratie \u2013 Medien \u2013 Aufkl\u00e4rung","link":"https:\/\/www.freidenker.org\/?cat=12"},"img":{"alt_text":"","src":"https:\/\/i0.wp.com\/www.freidenker.org\/fw17\/wp-content\/uploads\/2021\/12\/Lisa_Fitz_Impfen_800x450.jpg?fit=800%2C450&ssl=1&resize=350%2C200","width":350,"height":200,"srcset":"https:\/\/i0.wp.com\/www.freidenker.org\/fw17\/wp-content\/uploads\/2021\/12\/Lisa_Fitz_Impfen_800x450.jpg?fit=800%2C450&ssl=1&resize=350%2C200 1x, https:\/\/i0.wp.com\/www.freidenker.org\/fw17\/wp-content\/uploads\/2021\/12\/Lisa_Fitz_Impfen_800x450.jpg?fit=800%2C450&ssl=1&resize=525%2C300 1.5x, https:\/\/i0.wp.com\/www.freidenker.org\/fw17\/wp-content\/uploads\/2021\/12\/Lisa_Fitz_Impfen_800x450.jpg?fit=800%2C450&ssl=1&resize=700%2C400 2x"},"classes":[]},{"id":20836,"url":"https:\/\/www.freidenker.org\/?p=20836","url_meta":{"origin":16833,"position":3},"title":"Lisa Fitz: Religion &#038; Physik oder Der Punkt ist unendlich","author":"Webredaktion","date":"27. Januar 2025","format":false,"excerpt":"Video von Lisa Fitz Diese leidigen Religionsdifferenzen \u2026 \u201aWir\u2019 haben ja damals super Kreuzz\u00fcge gemacht und alles niedergemetzelt, aber die zeitliche Distanz schafft ein Gef\u00fchl der \u00dcberlegenheit, wir haben es hinter uns \u2013 erhebendes Gef\u00fchl, weil \u2026 wir sind dr\u00fcber raus \u2013 in der Evolution des menschlichen Denkens und Empfindens.\u2026","rel":"","context":"In &quot;Kultur &amp; Kunst&quot;","block_context":{"text":"Kultur &amp; Kunst","link":"https:\/\/www.freidenker.org\/?cat=913"},"img":{"alt_text":"","src":"https:\/\/i0.wp.com\/www.freidenker.org\/fw17\/wp-content\/uploads\/2025\/01\/Lisa_Fitz_Religion-und-Physik_800x450.jpg?fit=800%2C450&ssl=1&resize=350%2C200","width":350,"height":200,"srcset":"https:\/\/i0.wp.com\/www.freidenker.org\/fw17\/wp-content\/uploads\/2025\/01\/Lisa_Fitz_Religion-und-Physik_800x450.jpg?fit=800%2C450&ssl=1&resize=350%2C200 1x, https:\/\/i0.wp.com\/www.freidenker.org\/fw17\/wp-content\/uploads\/2025\/01\/Lisa_Fitz_Religion-und-Physik_800x450.jpg?fit=800%2C450&ssl=1&resize=525%2C300 1.5x, https:\/\/i0.wp.com\/www.freidenker.org\/fw17\/wp-content\/uploads\/2025\/01\/Lisa_Fitz_Religion-und-Physik_800x450.jpg?fit=800%2C450&ssl=1&resize=700%2C400 2x"},"classes":[]},{"id":13827,"url":"https:\/\/www.freidenker.org\/?p=13827","url_meta":{"origin":16833,"position":4},"title":"Die Causa SWR &#038; die Impftoten","author":"Webredaktion","date":"23. Juli 2022","format":false,"excerpt":"Beitrag von Lisa Fitz aus FREIDENKER 2-22 Eigentlich k\u00f6nnte man den \u201eSWR Medien-Eklat\u201c als ungl\u00fcckliche Verkettung oder Auf\u00adeinanderfolge von vorschnellen \u00dcberreaktio\u00adnen, fehlenden Absprachen, mangelnder Soli\u00addarit\u00e4t, Unwillen zu loyaler Kommunikation, Fehlinterpretation, Fehlverhalten bezeichnen. Denn eigentlich war das Verh\u00e4ltnis aller Be\u00adteiligten bis dahin sehr gut, loyal, positiv un\u00adterst\u00fctzend, gegenseitig gewogen bzw. neu\u00adtral,\u2026","rel":"","context":"In &quot;Zeit der Verleumder - Freidenker f\u00fcr Klartext&quot;","block_context":{"text":"Zeit der Verleumder - Freidenker f\u00fcr Klartext","link":"https:\/\/www.freidenker.org\/?cat=937"},"img":{"alt_text":"","src":"https:\/\/i0.wp.com\/www.freidenker.org\/fw17\/wp-content\/uploads\/2022\/07\/klartext-Lisa-Fitz-Die-heisse-Nadel-Titelfoto-NDS-800x450-1.jpg?fit=800%2C450&ssl=1&resize=350%2C200","width":350,"height":200,"srcset":"https:\/\/i0.wp.com\/www.freidenker.org\/fw17\/wp-content\/uploads\/2022\/07\/klartext-Lisa-Fitz-Die-heisse-Nadel-Titelfoto-NDS-800x450-1.jpg?fit=800%2C450&ssl=1&resize=350%2C200 1x, https:\/\/i0.wp.com\/www.freidenker.org\/fw17\/wp-content\/uploads\/2022\/07\/klartext-Lisa-Fitz-Die-heisse-Nadel-Titelfoto-NDS-800x450-1.jpg?fit=800%2C450&ssl=1&resize=525%2C300 1.5x, https:\/\/i0.wp.com\/www.freidenker.org\/fw17\/wp-content\/uploads\/2022\/07\/klartext-Lisa-Fitz-Die-heisse-Nadel-Titelfoto-NDS-800x450-1.jpg?fit=800%2C450&ssl=1&resize=700%2C400 2x"},"classes":[]},{"id":18357,"url":"https:\/\/www.freidenker.org\/?p=18357","url_meta":{"origin":16833,"position":5},"title":"Lisa Fitz &#8211; Batterien","author":"Webredaktion","date":"25. Februar 2024","format":false,"excerpt":"Video von\u00a0Lisa Fitz \u201eJa, es ist keine einfache Zeit im Moment, aber\u2026 denken Sie immer dran: JETZT ist die Zeit, von der Sie sp\u00e4ter mal sagen werden: Das war noch die gute alte Zeit!\u201c. So beginnt das neue St\u00fcck von Lisa Fitz. Ein ziemlich deprimierendes St\u00fcck. Mit einem P.S. kommentiert\u2026","rel":"","context":"In &quot;Demokratie \u2013 Medien \u2013 Aufkl\u00e4rung&quot;","block_context":{"text":"Demokratie \u2013 Medien \u2013 Aufkl\u00e4rung","link":"https:\/\/www.freidenker.org\/?cat=12"},"img":{"alt_text":"","src":"https:\/\/i0.wp.com\/www.freidenker.org\/fw17\/wp-content\/uploads\/2024\/02\/Lisa_Fitz_Batterien_v2_800x450.jpg?fit=800%2C450&ssl=1&resize=350%2C200","width":350,"height":200,"srcset":"https:\/\/i0.wp.com\/www.freidenker.org\/fw17\/wp-content\/uploads\/2024\/02\/Lisa_Fitz_Batterien_v2_800x450.jpg?fit=800%2C450&ssl=1&resize=350%2C200 1x, https:\/\/i0.wp.com\/www.freidenker.org\/fw17\/wp-content\/uploads\/2024\/02\/Lisa_Fitz_Batterien_v2_800x450.jpg?fit=800%2C450&ssl=1&resize=525%2C300 1.5x, https:\/\/i0.wp.com\/www.freidenker.org\/fw17\/wp-content\/uploads\/2024\/02\/Lisa_Fitz_Batterien_v2_800x450.jpg?fit=800%2C450&ssl=1&resize=700%2C400 2x"},"classes":[]}],"_links":{"self":[{"href":"https:\/\/www.freidenker.org\/index.php?rest_route=\/wp\/v2\/posts\/16833","targetHints":{"allow":["GET"]}}],"collection":[{"href":"https:\/\/www.freidenker.org\/index.php?rest_route=\/wp\/v2\/posts"}],"about":[{"href":"https:\/\/www.freidenker.org\/index.php?rest_route=\/wp\/v2\/types\/post"}],"author":[{"embeddable":true,"href":"https:\/\/www.freidenker.org\/index.php?rest_route=\/wp\/v2\/users\/3"}],"replies":[{"embeddable":true,"href":"https:\/\/www.freidenker.org\/index.php?rest_route=%2Fwp%2Fv2%2Fcomments&post=16833"}],"version-history":[{"count":0,"href":"https:\/\/www.freidenker.org\/index.php?rest_route=\/wp\/v2\/posts\/16833\/revisions"}],"wp:featuredmedia":[{"embeddable":true,"href":"https:\/\/www.freidenker.org\/index.php?rest_route=\/wp\/v2\/media\/16834"}],"wp:attachment":[{"href":"https:\/\/www.freidenker.org\/index.php?rest_route=%2Fwp%2Fv2%2Fmedia&parent=16833"}],"wp:term":[{"taxonomy":"category","embeddable":true,"href":"https:\/\/www.freidenker.org\/index.php?rest_route=%2Fwp%2Fv2%2Fcategories&post=16833"},{"taxonomy":"post_tag","embeddable":true,"href":"https:\/\/www.freidenker.org\/index.php?rest_route=%2Fwp%2Fv2%2Ftags&post=16833"}],"curies":[{"name":"wp","href":"https:\/\/api.w.org\/{rel}","templated":true}]}}