{"id":16821,"date":"2023-08-12T01:59:00","date_gmt":"2023-08-11T23:59:00","guid":{"rendered":"https:\/\/www.freidenker.org\/?p=16821"},"modified":"2023-09-17T11:13:22","modified_gmt":"2023-09-17T09:13:22","slug":"wer-gefaehrdet-den-frieden","status":"publish","type":"post","link":"https:\/\/www.freidenker.org\/?p=16821","title":{"rendered":"Wer gef\u00e4hrdet den Frieden?"},"content":{"rendered":"<h4>Diffamierung, Zensur und Strafverfolgung treffen Kriegsgegner. Dabei sitzen die Volksverhetzer im Bundestag<\/h4>\n<p><em>von <strong>Hans Bauer<\/strong><\/em><\/p>\n<p><span style=\"font-size: 10pt;\">Erstver\u00f6ffentlichung in der <a href=\"https:\/\/www.unsere-zeit.de\/wer-gefaehrdet-den-frieden-4782798\" target=\"_blank\" rel=\"noopener\">UZ vom 11.08.2023<\/a><\/span><\/p>\n<p>Wer Zweifel an der Politik der deutschen Machthaber \u00f6ffentlich \u00e4u\u00dfert, hat keine guten Karten. Schlimmer ist es, Ursachen und Anlass des Ukraine-Krieges anders zu sehen als amtlich verordnet. Die offiziellen Reaktionen reichen von Diffamierung \u00fcber berufliche Nachteile bis hin zu strafrechtlichen Sanktionen. Das Bundeskriminalamt meldete 2.821 Straftaten allein f\u00fcr 2022, die in direktem Zusammenhang mit dem Krieg standen. Explodiert ist die Anzahl von Ermittlungen nach Paragraf 140 Strafgesetzbuch (Billigung von Straftaten) mit 1.169 F\u00e4llen.<\/p>\n<p>Wir erinnern an den Fall des Berliner Friedensaktivisten Heinrich B\u00fccker. Er wurde wegen einer Rede am Jahrestag des \u00dcberfalls Hitlerdeutschlands auf die Sowjetunion am 22. Juni 2022 wegen \u201eBilligung eines Angriffskrieges\u201c angeklagt. Das Amtsgericht K\u00f6ln verurteilte Elena Kolbasnikowa wegen des gleichen Vorwurfs. J\u00fcngstes Opfer der Gesinnungsjustiz ist Kay Strathus aus D\u00fcsseldorf. Er hatte Russlands Handeln als in \u00dcbereinstimmung mit dem V\u00f6lkerrecht bezeichnet und verletzte damit die verordnete Vorgabe zum Krieg. Ihm droht eine Strafe von 3.500 Euro. Noch geht es um Geldstrafen. Angedroht ist aber auch Gef\u00e4ngnis. Die \u201eTaten\u201c: Volksverhetzung, Billigung einer Straftat und andere Delikte \u2013 nach Belieben auslegbar. Gummiparagrafen. Die \u201eGefahr\u201c: St\u00f6rung des \u00f6ffentlichen Friedens.<\/p>\n<p>Die Strafverfolgungen gehen einher mit staatlicher Zensur, mit Verboten und Behinderungen der Auftritte von Wissenschaftlern und K\u00fcnstlern, die nicht der Staatsr\u00e4son folgen. Diskriminiert und verleumdet werden Friedensdemonstrationen wie die der \u201eHandwerker f\u00fcr den Frieden\u201c in Bremen und Dessau und weiteren St\u00e4dten vor allem im Osten. \u201eMessias\u201c Gauck erkl\u00e4rt die Aufs\u00e4ssigkeit der Ostdeutschen mit der autorit\u00e4ren DDR.<\/p>\n<p>Deutsche Medien hetzen gegen alles, was russisch ist, und heizen so die Feindschaft weiter an. Die eigene Bev\u00f6lkerung wird manipuliert, viele folgen willenlos dem Kriegskurs. Nicht Friedensinitiativen bestimmen Deutschlands Politik, sondern Eskalation und Zuspitzung. Jede Gelegenheit wird daf\u00fcr gesucht und genutzt. Keine L\u00fcge ist ungeeignet. In Berlin steht das \u201eHaus der russischen Wissenschaft und Kultur\u201c zur Zeit im Fokus der Feindpropaganda. Vorwurf: Verletzung der Sanktionen und Verbreitung russischer Propaganda. In Moskau betreibt das deutsche Goethe-Institut mit Sicherheit keine russische Politik.<\/p>\n<p>Deutschland ist Kriegspartei. Die milliardenschwere Unterst\u00fctzung der Ukraine zur Kriegf\u00fchrung gegen Russland \u2013 in diesem Jahr mit \u00fcber 5 Milliarden Euro, jetzt sogar mit schweren Waffen und der Ausbildung ukrainischer Soldaten \u2013 widersprechen dem Friedensgebot des Grundgesetzes. Verletzt werden aber auch die Grundrechte auf Informations-, Meinungs- und Versammlungsfreiheit. Die einseitige Berichterstattung, das Verschweigen und Verf\u00e4lschen der Tatsachen \u00fcber Ursache und Anlass des Krieges und die Unterdr\u00fcckung und Sanktionierung anderer Auffassungen verhindern offene Debatten. Eine unabh\u00e4ngige Meinungsbildung durch demokratischen Diskurs ist so unm\u00f6glich.<\/p>\n<p>Wer gef\u00e4hrdet nun tats\u00e4chlich den \u00f6ffentlichen Frieden, den Frieden \u00fcberhaupt? Wer spaltet die Gesellschaft, hetzt die Menschen gegeneinander auf? Wer sind die wirklichen Volksverhetzer?<\/p>\n<p>Die Politik dieser Regierung und die staatstreuen Medien geben Antwort auf diese Fragen, zwingen zum Nachdenken, fordern zum Handeln. Geboten ist Widerstand, auch die Nutzung juristischer Mittel. Wera Richter und Patrik K\u00f6bele, Vorsitzende der DKP, fordern jetzt gemeinsam mit dem Juristen Ralf Hohmann mit einer Verfassungsbeschwerde den \u201eRechtsstaat\u201c heraus. Sie beantragen, den im Handstreich vom Bundestag angenommenen Paragrafen 130 Absatz 5 StGB (Neufassung der Volksverhetzung) f\u00fcr nichtig zu erkl\u00e4ren.<\/p>\n<p>Der deutsche Imperialismus hat seine \u201ebew\u00e4hrten\u201c Methoden und historischen Erfahrungen beim Vorbereiten und F\u00fchren von Kriegen. Am Anfang standen immer Volksverf\u00fchrung und Volksverhetzung. Am Ende stand der Abgrund. Aber gelernt hat er daraus nichts. Diesem Wahnsinn muss Einhalt geboten werden.<\/p>\n<p style=\"text-align: right;\"><em>Hans Bauer ist\u00a0Vorsitzender der Gesellschaft zur Rechtlichen und Humanit\u00e4ren Unterst\u00fctzung (GRH) e.V.<\/em><br \/>\n<em>und Beiratsmitglied des Deutschen Freidenker-Verbandes.<\/em><\/p>\n<hr \/>\n<p><span style=\"font-size: 10pt;\">Bild oben: Gemeinfrei (\u00dcbernahme von UZ, bearbeitet von Ralf Lux))<\/span><\/p>\n<p>&nbsp;<\/p>\n","protected":false},"excerpt":{"rendered":"<p><b>Diffamierung, Zensur und Strafverfolgung treffen Kriegsgegner. Dabei sitzen die Volksverhetzer im Bundestag<\/b><br \/>\n<b>Beitrag von von Hans Bauer<\/b><br \/>\nWer Zweifel an der Politik der deutschen Machthaber \u00f6ffentlich \u00e4u\u00dfert, hat keine guten Karten. Schlimmer ist es, Ursachen und Anlass des Ukraine-Krieges anders zu sehen als amtlich verordnet. Die offiziellen Reaktionen reichen von Diffamierung \u00fcber berufliche Nachteile bis hin zu strafrechtlichen Sanktionen. Das Bundeskriminalamt meldete 2.821 Straftaten allein f\u00fcr 2022, die in direktem Zusammenhang mit dem Krieg standen. Explodiert ist die Anzahl von Ermittlungen nach Paragraf 140 Strafgesetzbuch (Billigung von Straftaten) mit 1.169 F\u00e4llen. Wir erinnern an den Fall des Berliner Friedensaktivisten Heinrich B\u00fccker. Er wurde wegen einer Rede am Jahrestag des \u00dcberfalls Hitlerdeutschlands auf die Sowjetunion am 22. Juni 2022 wegen \u201eBilligung eines Angriffskrieges\u201c angeklagt.<\/p>\n","protected":false},"author":3,"featured_media":16825,"comment_status":"closed","ping_status":"closed","sticky":false,"template":"","format":"standard","meta":{"colormag_page_container_layout":"default_layout","colormag_page_sidebar_layout":"default_layout","advanced_seo_description":"","jetpack_seo_html_title":"","jetpack_seo_noindex":false,"jetpack_post_was_ever_published":false,"footnotes":""},"categories":[13],"tags":[477,454,162,964,1456,1168,639,786],"class_list":["post-16821","post","type-post","status-publish","format-standard","has-post-thumbnail","hentry","category-frieden-antifaschismus-solidaritaet","tag-bundestag","tag-ddr","tag-demokratie","tag-medienhetze","tag-meinungsbildung","tag-russophobie","tag-ukraine-konflikt","tag-volksverhetzung"],"jetpack_featured_media_url":"https:\/\/i0.wp.com\/www.freidenker.org\/fw17\/wp-content\/uploads\/2023\/08\/keine_angst_vor_putin_800x445_v2.jpg?fit=800%2C445&ssl=1","jetpack_shortlink":"https:\/\/wp.me\/p9stpK-4nj","jetpack-related-posts":[{"id":13059,"url":"https:\/\/www.freidenker.org\/?p=13059","url_meta":{"origin":16821,"position":0},"title":"&#8222;Unsere Sicherheit&#8220; in der Ukraine","author":"Webredaktion","date":"9. Mai 2022","format":false,"excerpt":"Beitrag von Annette Groth Am 28. April 2022 hat der Deutsche Bundestag die Lieferung schwerer Waffen an die Ukraine beschlossen, ein Versto\u00df gegen das Grundgesetz, das Waffenexporte in Krisengebiete verbietet. Als politisches Ziel wird in dem Antrag eine \u00bbumfassende \u00f6konomische Isolierung und Abkoppelung Russlands von den internationalen M\u00e4rkten\u00ab benannt, eine\u2026","rel":"","context":"In &quot;Frieden - Antifaschismus - Solidarit\u00e4t&quot;","block_context":{"text":"Frieden - Antifaschismus - Solidarit\u00e4t","link":"https:\/\/www.freidenker.org\/?cat=13"},"img":{"alt_text":"","src":"https:\/\/i0.wp.com\/www.freidenker.org\/fw17\/wp-content\/uploads\/2022\/05\/Germany_Ukraine_Locator_v2_800x450.jpg?fit=800%2C450&ssl=1&resize=350%2C200","width":350,"height":200,"srcset":"https:\/\/i0.wp.com\/www.freidenker.org\/fw17\/wp-content\/uploads\/2022\/05\/Germany_Ukraine_Locator_v2_800x450.jpg?fit=800%2C450&ssl=1&resize=350%2C200 1x, https:\/\/i0.wp.com\/www.freidenker.org\/fw17\/wp-content\/uploads\/2022\/05\/Germany_Ukraine_Locator_v2_800x450.jpg?fit=800%2C450&ssl=1&resize=525%2C300 1.5x, https:\/\/i0.wp.com\/www.freidenker.org\/fw17\/wp-content\/uploads\/2022\/05\/Germany_Ukraine_Locator_v2_800x450.jpg?fit=800%2C450&ssl=1&resize=700%2C400 2x"},"classes":[]},{"id":14534,"url":"https:\/\/www.freidenker.org\/?p=14534","url_meta":{"origin":16821,"position":1},"title":"\u201eVolksverhetzung\u201c \u2013 eine Versch\u00e4rfung der Strafbestimmung","author":"Webredaktion","date":"28. Oktober 2022","format":false,"excerpt":"Beitrag von Wolfgang Bittner Fast unbemerkt von der \u00d6ffentlichkeit verabschiedete der Deutsche Bundestag am 20. Oktober 2022 eine \u00c4nderung des Paragrafen 130 (Volksverhetzung) des Strafgesetzbuches (StGB). Nach dem neu hinzugef\u00fcgten Absatz 5 kann \u2013 vereinfacht und allgemeinverst\u00e4ndlich formuliert \u2013 bestraft werden, wer gegen eine nationale Gruppe zu Hass oder Gewalt\u2026","rel":"","context":"In &quot;Demokratie \u2013 Medien \u2013 Aufkl\u00e4rung&quot;","block_context":{"text":"Demokratie \u2013 Medien \u2013 Aufkl\u00e4rung","link":"https:\/\/www.freidenker.org\/?cat=12"},"img":{"alt_text":"","src":"https:\/\/i0.wp.com\/www.freidenker.org\/fw17\/wp-content\/uploads\/2022\/10\/justitia_russ_800x450.jpg?fit=800%2C450&ssl=1&resize=350%2C200","width":350,"height":200,"srcset":"https:\/\/i0.wp.com\/www.freidenker.org\/fw17\/wp-content\/uploads\/2022\/10\/justitia_russ_800x450.jpg?fit=800%2C450&ssl=1&resize=350%2C200 1x, https:\/\/i0.wp.com\/www.freidenker.org\/fw17\/wp-content\/uploads\/2022\/10\/justitia_russ_800x450.jpg?fit=800%2C450&ssl=1&resize=525%2C300 1.5x, https:\/\/i0.wp.com\/www.freidenker.org\/fw17\/wp-content\/uploads\/2022\/10\/justitia_russ_800x450.jpg?fit=800%2C450&ssl=1&resize=700%2C400 2x"},"classes":[]},{"id":19477,"url":"https:\/\/www.freidenker.org\/?p=19477","url_meta":{"origin":16821,"position":2},"title":"Was ist los mit dem B\u00fcndnis Sahra Wagenknecht?","author":"Webredaktion","date":"9. Juli 2024","format":false,"excerpt":"Beitrag von Anneliese Fikentscher und Andreas Neumann und Widerspruch aus dem LV NRW Die Abgeordneten zweier Parteien sind dem Auftritt von Wolodymyr Selenskyj im Bundestag am 11. Juni 2024 ferngeblieben: AfD und BSW. Die AfD-Fraktion ist mit folgender Begr\u00fcndung ihrer Fraktionsvorsitzenden Alice Weidel und Tino Chrupalla dem Auftritt von Selenskyj\u2026","rel":"","context":"In &quot;Demokratie \u2013 Medien \u2013 Aufkl\u00e4rung&quot;","block_context":{"text":"Demokratie \u2013 Medien \u2013 Aufkl\u00e4rung","link":"https:\/\/www.freidenker.org\/?cat=12"},"img":{"alt_text":"","src":"https:\/\/i0.wp.com\/www.freidenker.org\/fw17\/wp-content\/uploads\/2024\/07\/Wagenknecht._Nein_zu_Kriegen_2023_03_800x450.jpg?fit=800%2C450&ssl=1&resize=350%2C200","width":350,"height":200,"srcset":"https:\/\/i0.wp.com\/www.freidenker.org\/fw17\/wp-content\/uploads\/2024\/07\/Wagenknecht._Nein_zu_Kriegen_2023_03_800x450.jpg?fit=800%2C450&ssl=1&resize=350%2C200 1x, https:\/\/i0.wp.com\/www.freidenker.org\/fw17\/wp-content\/uploads\/2024\/07\/Wagenknecht._Nein_zu_Kriegen_2023_03_800x450.jpg?fit=800%2C450&ssl=1&resize=525%2C300 1.5x, https:\/\/i0.wp.com\/www.freidenker.org\/fw17\/wp-content\/uploads\/2024\/07\/Wagenknecht._Nein_zu_Kriegen_2023_03_800x450.jpg?fit=800%2C450&ssl=1&resize=700%2C400 2x"},"classes":[]},{"id":19332,"url":"https:\/\/www.freidenker.org\/?p=19332","url_meta":{"origin":16821,"position":3},"title":"Selenskyj im Bundestag: Ohne BSW und AfD","author":"Webredaktion","date":"13. Juni 2024","format":false,"excerpt":"Am Dienstag (11.06.2024) hielt der russische Kom\u00f6diant, Schauspieler, ehemalige Pr\u00e4sident und derzeitige Diktator der Ukraine, Wolodymyr Selenskyj, eine Rede vor dem Deutschen Bundestag, um f\u00fcr weitere Unterst\u00fctzung seines Krieges gegen Russland bis zum letzten Ukrainer zu werben. Zwei Gruppierungen des Parlaments blieben dem makabren Zirkus erkl\u00e4rterma\u00dfen fern. Wir dokumentieren ihre\u2026","rel":"","context":"In &quot;Frieden - Antifaschismus - Solidarit\u00e4t&quot;","block_context":{"text":"Frieden - Antifaschismus - Solidarit\u00e4t","link":"https:\/\/www.freidenker.org\/?cat=13"},"img":{"alt_text":"","src":"https:\/\/i0.wp.com\/www.freidenker.org\/fw17\/wp-content\/uploads\/2024\/06\/Selenskyj_im_Bundestag_800x450.jpg?fit=800%2C450&ssl=1&resize=350%2C200","width":350,"height":200,"srcset":"https:\/\/i0.wp.com\/www.freidenker.org\/fw17\/wp-content\/uploads\/2024\/06\/Selenskyj_im_Bundestag_800x450.jpg?fit=800%2C450&ssl=1&resize=350%2C200 1x, https:\/\/i0.wp.com\/www.freidenker.org\/fw17\/wp-content\/uploads\/2024\/06\/Selenskyj_im_Bundestag_800x450.jpg?fit=800%2C450&ssl=1&resize=525%2C300 1.5x, https:\/\/i0.wp.com\/www.freidenker.org\/fw17\/wp-content\/uploads\/2024\/06\/Selenskyj_im_Bundestag_800x450.jpg?fit=800%2C450&ssl=1&resize=700%2C400 2x"},"classes":[]},{"id":18049,"url":"https:\/\/www.freidenker.org\/?p=18049","url_meta":{"origin":16821,"position":4},"title":"Offener Brief an pax christi","author":"Webredaktion","date":"29. Januar 2024","format":false,"excerpt":"Am 26.01.2024 verteilte die katholische Friedensorganisation \"pax christi\" eine E-Mail mit folgendem Inhalt: pax christi - Deutsche Sektion e.V. ruft mit auf: Schlie\u00df dich der Brandmauer gegen Rechts an!\u00a0Gegen Spaltung - F\u00fcr Demokratie Jetzt sind wir alle gefragt: Es ist unsere gemeinsame Verantwortung, als Zivilgesellschaft ein solidarisches Miteinander zu verteidigen.\u2026","rel":"","context":"In &quot;Frieden - Antifaschismus - Solidarit\u00e4t&quot;","block_context":{"text":"Frieden - Antifaschismus - Solidarit\u00e4t","link":"https:\/\/www.freidenker.org\/?cat=13"},"img":{"alt_text":"","src":"https:\/\/i0.wp.com\/www.freidenker.org\/fw17\/wp-content\/uploads\/2024\/01\/Plakat_auf_der_Demo_-Gemeinsam_gegen_Rechts-_08_800x450.jpg?fit=800%2C450&ssl=1&resize=350%2C200","width":350,"height":200,"srcset":"https:\/\/i0.wp.com\/www.freidenker.org\/fw17\/wp-content\/uploads\/2024\/01\/Plakat_auf_der_Demo_-Gemeinsam_gegen_Rechts-_08_800x450.jpg?fit=800%2C450&ssl=1&resize=350%2C200 1x, https:\/\/i0.wp.com\/www.freidenker.org\/fw17\/wp-content\/uploads\/2024\/01\/Plakat_auf_der_Demo_-Gemeinsam_gegen_Rechts-_08_800x450.jpg?fit=800%2C450&ssl=1&resize=525%2C300 1.5x, https:\/\/i0.wp.com\/www.freidenker.org\/fw17\/wp-content\/uploads\/2024\/01\/Plakat_auf_der_Demo_-Gemeinsam_gegen_Rechts-_08_800x450.jpg?fit=800%2C450&ssl=1&resize=700%2C400 2x"},"classes":[]},{"id":16989,"url":"https:\/\/www.freidenker.org\/?p=16989","url_meta":{"origin":16821,"position":5},"title":"Petition: Frieden schaffen ohne Waffen!","author":"Webredaktion","date":"19. September 2023","format":false,"excerpt":"Mitglieder und Freunde des Deutschen Freidenker-Verbandes sammeln Unterschriften f\u00fcr eine Petition, die wir nachfolgend dokumentieren. Einhaltung des Friedensgebots laut Grundgesetz und 2+4-Vertrag im Hinblick auf die Ukraine vom 02.07.2023 Text der Petition: Frieden schaffen ohne Waffen! Mit der Petition wird gefordert, der Deutsche Bundestag m\u00f6ge die Bundesregierung auffordern, das Friedensgebot,\u2026","rel":"","context":"In &quot;Frieden - Antifaschismus - Solidarit\u00e4t&quot;","block_context":{"text":"Frieden - Antifaschismus - Solidarit\u00e4t","link":"https:\/\/www.freidenker.org\/?cat=13"},"img":{"alt_text":"","src":"https:\/\/i0.wp.com\/www.freidenker.org\/fw17\/wp-content\/uploads\/2023\/09\/Adler_Tauben_800x450.jpg?fit=800%2C450&ssl=1&resize=350%2C200","width":350,"height":200,"srcset":"https:\/\/i0.wp.com\/www.freidenker.org\/fw17\/wp-content\/uploads\/2023\/09\/Adler_Tauben_800x450.jpg?fit=800%2C450&ssl=1&resize=350%2C200 1x, https:\/\/i0.wp.com\/www.freidenker.org\/fw17\/wp-content\/uploads\/2023\/09\/Adler_Tauben_800x450.jpg?fit=800%2C450&ssl=1&resize=525%2C300 1.5x, https:\/\/i0.wp.com\/www.freidenker.org\/fw17\/wp-content\/uploads\/2023\/09\/Adler_Tauben_800x450.jpg?fit=800%2C450&ssl=1&resize=700%2C400 2x"},"classes":[]}],"_links":{"self":[{"href":"https:\/\/www.freidenker.org\/index.php?rest_route=\/wp\/v2\/posts\/16821","targetHints":{"allow":["GET"]}}],"collection":[{"href":"https:\/\/www.freidenker.org\/index.php?rest_route=\/wp\/v2\/posts"}],"about":[{"href":"https:\/\/www.freidenker.org\/index.php?rest_route=\/wp\/v2\/types\/post"}],"author":[{"embeddable":true,"href":"https:\/\/www.freidenker.org\/index.php?rest_route=\/wp\/v2\/users\/3"}],"replies":[{"embeddable":true,"href":"https:\/\/www.freidenker.org\/index.php?rest_route=%2Fwp%2Fv2%2Fcomments&post=16821"}],"version-history":[{"count":0,"href":"https:\/\/www.freidenker.org\/index.php?rest_route=\/wp\/v2\/posts\/16821\/revisions"}],"wp:featuredmedia":[{"embeddable":true,"href":"https:\/\/www.freidenker.org\/index.php?rest_route=\/wp\/v2\/media\/16825"}],"wp:attachment":[{"href":"https:\/\/www.freidenker.org\/index.php?rest_route=%2Fwp%2Fv2%2Fmedia&parent=16821"}],"wp:term":[{"taxonomy":"category","embeddable":true,"href":"https:\/\/www.freidenker.org\/index.php?rest_route=%2Fwp%2Fv2%2Fcategories&post=16821"},{"taxonomy":"post_tag","embeddable":true,"href":"https:\/\/www.freidenker.org\/index.php?rest_route=%2Fwp%2Fv2%2Ftags&post=16821"}],"curies":[{"name":"wp","href":"https:\/\/api.w.org\/{rel}","templated":true}]}}