{"id":16814,"date":"2023-08-12T01:58:41","date_gmt":"2023-08-11T23:58:41","guid":{"rendered":"https:\/\/www.freidenker.org\/?p=16814"},"modified":"2023-09-17T11:13:13","modified_gmt":"2023-09-17T09:13:13","slug":"null-bedauern-gar-nichts","status":"publish","type":"post","link":"https:\/\/www.freidenker.org\/?p=16814","title":{"rendered":"&#8222;Null Bedauern, gar nichts&#8220;"},"content":{"rendered":"<h4 class=\"HeadLine-root HeadLine-type_2 \">Habeck im &#8222;Zeit&#8220;-Interview, was fehlte war der Bravo-Starschnitt<\/h4>\n<p><strong>Robert Habeck wurde interviewt. Beim Betrachten der Zeilen beeindruckt die Selbstverliebtheit und Selbstzufriedenheit des Ministers. Ein Land wird mutwillig demontiert und zerst\u00f6rt, der Mithauptverantwortliche darf sich unbeeindruckt davon mitteilen und wird mit professionellen Fotos im Artikel unangenehm hofiert. <\/strong><\/p>\n<p><em>Von <strong>Bernhard Loyen<\/strong><\/em><\/p>\n<p><span style=\"font-size: 10pt;\">Erstver\u00f6ffentlichung am 10.08.2023 auf <a href=\"https:\/\/freedert.online\/meinung\/177494-null-bedauern-gar-nichts-habeck\/\" target=\"_blank\" rel=\"noopener\">RT DE<\/a><\/span><\/p>\n<p>Die aktuelle Bundesregierung wird in Erinnerung bleiben, dabei in mehrheitlich bedauerlicher und vor allem verachtenswerter Hinsicht. Ein ehemals stabiles Land erlebt den schleichenden Prozess einer mutwilligen Demontage und Zerst\u00f6rung \u2013 explizit forciert in die Wege geleitet durch die amtierende Ampelkoalition. Besonders hervorheben m\u00f6chten sich dabei f\u00fcr die kommenden Geschichtsb\u00fccher, neben einem unmotivierten, vergesslichen und schl\u00e4frig wirkenden Kanzler der SPD, zwei Parteimitglieder von B\u00fcndnis 90\/Die Gr\u00fcnen. Annalena Baerbock als diplomatischer Rhetorik- und Strategieausfall des Jahrhunderts sowie Wirtschaftsminister &#8222;Kesse-Lippe&#8220; Habeck. Dieser gab der Wochenzeitung <em>Die Zeit <\/em>ein Interview (Bezahlschranke).<\/p>\n<p>Dieses belegt erneut nachdr\u00fccklich die mehr als unangebrachte Arroganz und Abgehobenheit eines ehemals uneitlen Gockels, der es jedoch mittlerweile mehr als genie\u00dft, von professionellen Fotografen umgarnt und umschmeichelt zu werden. Mehr als\u00a0\u00fcber die inszenierten Fotos entlarvt sich Habeck durch seine schnoddrigen Aussagen.<\/p>\n<p>Gleich zu Beginn erinnert der <em>Zeit<\/em>-Autor Giovanni di Lorenzo an eine gemeinsame Interviewsituation von vor f\u00fcnf Jahren, um das erste Habeck-Gedankenwelt-Zitat zu platzieren:<\/p>\n<blockquote><p><em>&#8222;Es ist mir im Grunde egal, was die Menschen denken. Hauptsache, wir einigen uns auf politische Projekte, die uns verbinden und mit denen wir die Zukunft in die Hand nehmen. Die Gedanken d\u00fcrfen gern frei bleiben.&#8220;<\/em><\/p><\/blockquote>\n<p>So Herr Habeck im Jahre 2018, decodiert f\u00fcr die Gegenwart lautet die Gedankenvorgabe des heutigen Ministers, die Menschen vulgo Zuarbeiter d\u00fcrfen schon eigenst\u00e4ndig denken, umgesetzt wird am Ende aber rein das, was der Habeck haben und bekommen will. Man befinde sich laut Habeck in einem Abschnitt, &#8222;bezogen auf die Aufgaben, die Deutschland in den n\u00e4chsten f\u00fcnf bis zehn Jahren vor sich hat: mittendrin&#8220;. Er erkenne f\u00fcr sich, dass trotz politischer Querelen\u00a0zwischen Regierung und Opposition, &#8222;in der Bev\u00f6lkerung ein ganz gro\u00dfer Gestaltungswille da ist&#8220;. &#8222;Gestaltungswille&#8220;, so umschreibt in bester orwellscher Manier ein\u00a0Machtpolitiker willk\u00fcrliche politische Vorgaben und Drangsalierungen, \u00fcber die der B\u00fcrger das hart erarbeitete Dasein komplett umgestalten muss, mehrheitlich zuungunsten der individuellen Biografie.<\/p>\n<p>Der <em>Zeit<\/em>-Autor wagt zu widersprechen, um zu erinnern, &#8222;so viel Unzufriedenheit, so viel Sorge und Entt\u00e4uschung&#8220; herrsche im Land,\u00a0das mal &#8222;ein Muster war f\u00fcr Effizienz&#8220;, in dem &#8222;so wenig funktioniert&#8220;. Habeck antwortet, grafisch vollendet durch die <em>Zeit<\/em>-Redaktion:<\/p>\n<div class=\"RTImage-image RTImage-original\">\n<figure id=\"attachment_16815\" aria-describedby=\"caption-attachment-16815\" style=\"width: 400px\" class=\"wp-caption alignnone\"><img data-recalc-dims=\"1\" loading=\"lazy\" decoding=\"async\" data-attachment-id=\"16815\" data-permalink=\"https:\/\/www.freidenker.org\/?attachment_id=16815\" data-orig-file=\"https:\/\/i0.wp.com\/www.freidenker.org\/fw17\/wp-content\/uploads\/2023\/08\/habeck02.png?fit=864%2C1080&amp;ssl=1\" data-orig-size=\"864,1080\" data-comments-opened=\"0\" data-image-meta=\"{&quot;aperture&quot;:&quot;0&quot;,&quot;credit&quot;:&quot;&quot;,&quot;camera&quot;:&quot;&quot;,&quot;caption&quot;:&quot;&quot;,&quot;created_timestamp&quot;:&quot;0&quot;,&quot;copyright&quot;:&quot;&quot;,&quot;focal_length&quot;:&quot;0&quot;,&quot;iso&quot;:&quot;0&quot;,&quot;shutter_speed&quot;:&quot;0&quot;,&quot;title&quot;:&quot;&quot;,&quot;orientation&quot;:&quot;0&quot;}\" data-image-title=\"habeck02\" data-image-description=\"\" data-image-caption=\"\" data-large-file=\"https:\/\/i0.wp.com\/www.freidenker.org\/fw17\/wp-content\/uploads\/2023\/08\/habeck02.png?fit=800%2C1000&amp;ssl=1\" class=\"wp-image-16815\" src=\"https:\/\/i0.wp.com\/www.freidenker.org\/fw17\/wp-content\/uploads\/2023\/08\/habeck02.png?resize=400%2C500&#038;ssl=1\" alt=\"\" width=\"400\" height=\"500\" srcset=\"https:\/\/i0.wp.com\/www.freidenker.org\/fw17\/wp-content\/uploads\/2023\/08\/habeck02.png?resize=819%2C1024&amp;ssl=1 819w, https:\/\/i0.wp.com\/www.freidenker.org\/fw17\/wp-content\/uploads\/2023\/08\/habeck02.png?resize=240%2C300&amp;ssl=1 240w, https:\/\/i0.wp.com\/www.freidenker.org\/fw17\/wp-content\/uploads\/2023\/08\/habeck02.png?resize=768%2C960&amp;ssl=1 768w, https:\/\/i0.wp.com\/www.freidenker.org\/fw17\/wp-content\/uploads\/2023\/08\/habeck02.png?w=864&amp;ssl=1 864w\" sizes=\"auto, (max-width: 400px) 100vw, 400px\" \/><figcaption id=\"caption-attachment-16815\" class=\"wp-caption-text\"><span style=\"font-size: 10pt;\">Screenshot: Zeit.de \/ V.Tammen<\/span><\/figcaption><\/figure>\n<\/div>\n<div><\/div>\n<div class=\"ReadMore-root Section-root Section-is1to3-xs_is1to1\" data-widgets=\"ReadMore\" data-has-alias=\"\">\n<div class=\"Section-container Section-isRow-isTop-isWrap\">\n<article class=\"Card-root Card-is1to1 \">\n<div class=\"Card-imageWrap\"><\/div>\n<\/article>\n<\/div>\n<\/div>\n<p>Deutschland, B\u00fcrger, seid dankbar! Robert und seine Looser-Gang namens Ampelregierung sind jetzt da, um die lahmen Schluffis\u00a0im Land endlich aufzuwecken. Es sei doch &#8222;mit den H\u00e4nden zu greifen, was f\u00fcr eine Herausforderung diese Transformation darstellt&#8220;, so Habeck flehend. Ja, aber wird diese Transformation von den Normalb\u00fcrgern am Fu\u00dfe des Elfenbeinturms \u00fcberhaupt akzeptiert?, lautet die zage R\u00fcckfrage. Habeck gn\u00e4dig in der Antwort, auch die CDU w\u00fcrde die &#8222;Performance der Regierung&#8220; zeitnah verinnerlichen, denn:<\/p>\n<blockquote><p><em>&#8222;Ja, ich bin optimistisch, dass wir einigungsf\u00e4hig sind. Weil das Land in der Vergangenheit immer wieder gezeigt hat, dass es sich neu erfindet, dass wir Krisen meistern k\u00f6nnen. Und ich bin als Demokrat optimistisch, dass am Ende f\u00fcr L\u00f6sungen abgestimmt wird und nicht f\u00fcr die Verhinderung von L\u00f6sungen.&#8220;<\/em><\/p><\/blockquote>\n<p>Das Habecksche Heizungsgesetz h\u00e4tte aber doch &#8222;Teile der Bev\u00f6lkerung in Angst und Schrecken versetzt \u2013 vielleicht auch in die Arme der Populisten getrieben&#8220;, so die n\u00e4chste anma\u00dfende Behauptung. Diese Phase &#8222;steckt mir nat\u00fcrlich auch noch in den Knochen&#8220;, so der Wohlstandsschl\u00e4chter der Stunde. Nach vielen Irritationen und \u00fcberwundenen H\u00fcrden w\u00e4re es nun final &#8222;ja auch gut so&#8220;. Es sei ihm, Habeck, wichtig, dass &#8222;das Gesp\u00fcr f\u00fcr die gesellschaftliche Ver\u00e4nderung nicht verloren gehen darf&#8220;. Er &#8222;glaube, wenn wir in ein paar Jahren zur\u00fcckblicken, wird man sagen, gut, dass wir es\u00a0\u2013 die Klimaschutzziele\u00a0\u2013 angegangen haben.<\/p>\n<p>Wichtig sei es &#8222;in einer Demokratie&#8220;,\u00a0politische und gesellschaftliche Mehrheiten zu besitzen, erkl\u00e4rt das Mitglied einer Partei, das \u00fcber ein 14,8 Prozent Ergebnis bei 76,6 Prozent Wahlbeteiligung im Jahre 2021, zum verantwortungsvollen Ministerposten kam:<\/p>\n<blockquote><p><em>&#8222;Man muss aus dem Zentrum der Gesellschaft heraus immer wieder erkl\u00e4ren, erkl\u00e4ren, erkl\u00e4ren, f\u00fcr die Mehrheiten werben, sie herstellen, B\u00fcndnisse schmieden.&#8220;<\/em><\/p><\/blockquote>\n<p>Das &#8222;Zentrum der Gesellschaft&#8220; stellen dabei decodiert Wohlf\u00fchltermine bei den Print- und Fernsehmedien, abgeschottete und gesch\u00fctzte Wahlkampfveranstaltungen und interne Partei- und Ministeriumsgespr\u00e4che ohne zu erwartenden Widerspruch von folgsamen Zuarbeitern. Es folgt der begehrte finale Teilzuschnitt des rein imagin\u00e4ren Bravo-Starschnitts in der limitierten Sammelausgabe der <em>Zeit<\/em>:<\/p>\n<div class=\"RTImage-image RTImage-original\">\n<figure id=\"attachment_16817\" aria-describedby=\"caption-attachment-16817\" style=\"width: 400px\" class=\"wp-caption alignnone\"><img data-recalc-dims=\"1\" loading=\"lazy\" decoding=\"async\" data-attachment-id=\"16817\" data-permalink=\"https:\/\/www.freidenker.org\/?attachment_id=16817\" data-orig-file=\"https:\/\/i0.wp.com\/www.freidenker.org\/fw17\/wp-content\/uploads\/2023\/08\/habeck04.png?fit=655%2C727&amp;ssl=1\" data-orig-size=\"655,727\" data-comments-opened=\"0\" data-image-meta=\"{&quot;aperture&quot;:&quot;0&quot;,&quot;credit&quot;:&quot;&quot;,&quot;camera&quot;:&quot;&quot;,&quot;caption&quot;:&quot;&quot;,&quot;created_timestamp&quot;:&quot;0&quot;,&quot;copyright&quot;:&quot;&quot;,&quot;focal_length&quot;:&quot;0&quot;,&quot;iso&quot;:&quot;0&quot;,&quot;shutter_speed&quot;:&quot;0&quot;,&quot;title&quot;:&quot;&quot;,&quot;orientation&quot;:&quot;0&quot;}\" data-image-title=\"habeck04\" data-image-description=\"\" data-image-caption=\"\" data-large-file=\"https:\/\/i0.wp.com\/www.freidenker.org\/fw17\/wp-content\/uploads\/2023\/08\/habeck04.png?fit=655%2C727&amp;ssl=1\" class=\"wp-image-16817\" src=\"https:\/\/i0.wp.com\/www.freidenker.org\/fw17\/wp-content\/uploads\/2023\/08\/habeck04.png?resize=400%2C444&#038;ssl=1\" alt=\"\" width=\"400\" height=\"444\" srcset=\"https:\/\/i0.wp.com\/www.freidenker.org\/fw17\/wp-content\/uploads\/2023\/08\/habeck04.png?resize=270%2C300&amp;ssl=1 270w, https:\/\/i0.wp.com\/www.freidenker.org\/fw17\/wp-content\/uploads\/2023\/08\/habeck04.png?w=655&amp;ssl=1 655w\" sizes=\"auto, (max-width: 400px) 100vw, 400px\" \/><figcaption id=\"caption-attachment-16817\" class=\"wp-caption-text\"><span style=\"font-size: 10pt;\">B\u00fcrger, habt keine Angst und Sorgen &#8211; Euer Robert. <\/span><br \/><span style=\"font-size: 10pt;\">Screenshot: Zeit.de \/ V.Tammen<\/span><\/figcaption><\/figure>\n<\/div>\n<p>Der Interviewpunkt zur zur\u00fcckliegenden Dauerkritik an seiner Person, an\u00a0&#8222;Habecks Heiz-Hammer&#8220;, offenbart dann neben vielen \u00fcberfl\u00fcssigen Phrasen und bekannten Erkl\u00e4r-Satzbauk\u00e4sten die reine und gleichzeitig erschreckende Seelenoffenbarung des Kinderbuchautors Robert Habeck. Ob so ein &#8222;Dauerfeuer&#8220; Auswirkungen auf das Leben gehabt h\u00e4tte, m\u00f6chte Herr\u00a0di Lorenzo wissen:<\/p>\n<blockquote><p><em>&#8222;Ja, aber anders, als man vermuten w\u00fcrde. Das, was ich im Moment mache, ist das Beste, was ich in meinem bisherigen politischen Leben gemacht habe. Es bedeutet mir richtig viel, und ich bin stolz darauf. <\/em><\/p>\n<p><em>Ich habe immer viel gearbeitet, aber noch nie so viel wie in den letzten zwei Jahren. Ich wei\u00df, wof\u00fcr ich das tue. Es gibt null Hadern, null Zaudern, null Bedauern, gar nichts. Ich bin ganz verschmolzen mit der Aufgabe, die ich im Moment habe.&#8220;<\/em><\/p><\/blockquote>\n<p>Ungez\u00e4hlte Traditionsfirmen und Lebensbiografien zu zerst\u00f6ren, bedeutet ihm also &#8222;richtig viel&#8220; und erf\u00fcllt mit Stolz? &#8222;Simply the best, better than all the rest&#8220;, hie\u00df es bei der k\u00fcrzlich verstorbenen Tina Turner. Ihm w\u00e4re klar gewesen, dass &#8222;es nicht nur Applaus geben w\u00fcrde.\u00a0Andererseits sind manche Dinge auch leichter gegangen, als ich es mir vorgestellt habe&#8220;. Es ist sicherlich ein beeindruckender Moment zu realisieren, hey\u00a0\u2013 ich habe Macht und die koste ich mal jetzt so richtig aus, weil alle auch noch mitmachen (m\u00fcssen). Das einzige Problem, w\u00e4ren da nicht diese nervigen Menschen, B\u00fcrger, also W\u00e4hler. Der Gegenwind w\u00e4re nicht das Problem, &#8222;es ist auch nicht das, was mir in den Knochen steckt&#8220;, sondern:<\/p>\n<blockquote><p><em>&#8222;Was mir in den Knochen steckt, ist, dass ich diesen Moment der gesellschaftlichen Ver\u00e4nderung zu sp\u00e4t gesehen habe. Nach dem ersten Jahr des russischen Kriegs gegen die Ukraine und der Energiekrise, wo alles so irre schnell gehen musste, wo es bei Entscheidungen auf Tage ankam \u2026 dar\u00fcber habe ich viel nachgedacht, denn das sollte mir eigentlich nicht passieren.&#8220;<\/em><\/p><\/blockquote>\n<p>Habeck erkennt laut Interview bei den Menschen &#8222;eine gro\u00dfe Krisenersch\u00f6pfung,\u00a0nach all dem, was die Menschen in den letzten Jahren strapaziert hat \u2013 die Pandemie, der Krieg zur\u00fcck in Europa, die Inflation&#8220;. Soso, und der Ersch\u00f6pfungszustand der drei genannten Extreme resultierte doch gleich aus welchen Gr\u00fcnden und wessen Agieren? &#8222;Das war eine Antwort wie von Angela Merkel&#8220;, so der <em>Zeit<\/em>-Redakteur zu Habecks Beantwortung zum Thema &#8222;Pressekampagnen&#8220;. Habeck w\u00f6rtlich:<\/p>\n<blockquote><p><em>&#8222;Das nehme ich in diesem Fall als Kompliment.&#8220;<\/em><\/p><\/blockquote>\n<p>Fr\u00fcher habe\u00a0er f\u00fcr sich gesprochen, &#8222;jetzt spreche ich f\u00fcr Deutschland&#8220;. Ob er &#8222;W\u00e4hler einer in Teilen extremistischen Partei nicht automatisch f\u00fcr Extremisten halten&#8220; w\u00fcrde, lautet dann die n\u00e4chste Frage. Habeck erkl\u00e4rt:<\/p>\n<blockquote><p><em>&#8222;So ist es. Alles, was ich von der AfD wei\u00df, halte ich f\u00fcr falsch, teilweise f\u00fcr verschw\u00f6rungstheoretisch, f\u00fcr demokratiefeindlich, teils f\u00fcr faschistisch. Mit den Menschen, die diese Partei w\u00e4hlen, kann ich trotzdem reden. Die werden hinterher nicht die Gr\u00fcnen w\u00e4hlen, die werden vermutlich auch niemals sagen,\u00a0Robert Habeck\u00a0ist ein prima Politiker. Das erwarte ich auch gar nicht. Aber ich bin fest davon \u00fcberzeugt, dass es richtig ist, miteinander zu sprechen.&#8220;<\/em><\/p><\/blockquote>\n<p>Ja, weil am Ende doch das politische Berlin die vollst\u00e4ndige Demontierung des Landes bestimmt? Vielleicht einfach mal bessere, lebensnahe und weniger zerst\u00f6rerische Politik f\u00fcr die Menschen im Land machen, Herr Habeck.<\/p>\n<p>So werden Punkt um Punkt allseits bekannte, aktuelle Themenfelder abgearbeitet. Herr Habeck ist zufrieden mit sich, widerspricht viel, um zum Thema &#8222;Ohnmacht im Amt&#8220; zu Protokoll zu geben:<\/p>\n<blockquote><p><em>&#8222;Die Macht \u00fcberwiegt eindeutig, aber noch einmal: Die Macht ist ein Arbeitsauftrag \u2026 Ohnmacht ist das falsche Wort, weil ich ja durchaus M\u00f6glichkeiten habe, Dinge zu \u00e4ndern.&#8220;\u00a0<\/em><\/p><\/blockquote>\n<p>Es w\u00e4re noch so vieles zu zitieren, um die erschreckende Gedankenwelt eines mehr als \u00fcberforderten Ministers zu offenbaren, ein letztes Beispiel: Der <em>Zeit<\/em>-Autor verweist auf die Tatsache, dass &#8222;allein 2022 125 Milliarden Euro mehr Direktinvestitionen aus Deutschland abgeflossen sind, als im gleichen Zeitraum hier im Land investiert wurden&#8220;. Habeck kontert spontan:<\/p>\n<blockquote><p><em>&#8222;Allein die Zahl der Unternehmen, von denen wir wissen, dass sie in den n\u00e4chsten drei Jahren \u00fcber 100 Millionen Euro investieren wollen in Deutschland, ist gro\u00df. Gut zwei Dutzend Firmen wollen einen Gesamtwert von 80 Milliarden Euro investieren.&#8220;<\/em><\/p><\/blockquote>\n<p>Werden oder wollen? Sind dabei steuerfinanzierte Millionen-Subventionen im Spiel? Gro\u00df ist ein dehnbarer Begriff. Drei, f\u00fcnf oder zw\u00f6lf Mal <em>&#8222;\u00fcber 100 Millionen Euro&#8220;<\/em>? Der Punkt, die wahre Effektivit\u00e4t der &#8222;zwei Dutzend Firmen&#8220; und daraus resultierender Wunschdynamiken, wird sich dann in wie vielen Jahren zeigen? &#8222;Wir m\u00fcssen an der Wettbewerbsf\u00e4higkeit arbeiten, hart arbeiten, und wir haben kollektiv in der Vergangenheit weggeschaut&#8220;, so Habeck vollkommen ungeniert, denn da w\u00e4re &#8222;eine klaffende L\u00fccke an Fachkr\u00e4ften&#8220;.<\/p>\n<p>Da ist es, das verr\u00e4terische &#8222;wir&#8220;\u00a0\u2013 gleich zweimal. Die\u00a0Deutschen sind also selbst schuld am Niedergang ihres Landes, nicht die fatale Politik der 2010er Jahre, in der gnadenlosen und niedertr\u00e4chtigen Fortsetzung einer forcierten Zerst\u00f6rung durch die Ampelregierung. Der Volksmund spricht: &#8222;Der Teufel braucht der Diener vier: Dummheit, Bosheit, Macht und Gier&#8220;, diese Diener lauten in der Gegenwart \u2026 \u2013 bitte je nach Bedarf individuell erg\u00e4nzen.<\/p>\n<blockquote class=\"twitter-tweet\" data-width=\"550\" data-dnt=\"true\">\n<p lang=\"de\" dir=\"ltr\">Ich bin davon \u00fcberzeugt, <a href=\"https:\/\/twitter.com\/BMWK?ref_src=twsrc%5Etfw\">@BMWK<\/a> Wirtschaftsminister Robert <a href=\"https:\/\/twitter.com\/hashtag\/Habeck?src=hash&amp;ref_src=twsrc%5Etfw\">#Habeck<\/a> glaubt in Wirklichkeit, er sei ein Pop Star.. <a href=\"https:\/\/t.co\/LKGVxBJS3E\">pic.twitter.com\/LKGVxBJS3E<\/a><\/p>\n<p>&mdash; Eddie Graf (@Eddie_1412) <a href=\"https:\/\/twitter.com\/Eddie_1412\/status\/1689371636821069825?ref_src=twsrc%5Etfw\">August 9, 2023<\/a><\/p><\/blockquote>\n<p><script async src=\"https:\/\/platform.twitter.com\/widgets.js\" charset=\"utf-8\"><\/script><\/p>\n<p style=\"text-align: right;\"><em>Bernhard Loyen ist freier Journalist und schreibt f\u00fcr verschiedene alternative Portale<\/em><\/p>\n<hr \/>\n<p><span style=\"font-size: 10pt;\">Bild oben: Robert Habeck auf der Veranstaltung &#8222;re:publica 23&#8220; am 07.06.2023 in Berlin<br \/>\nFoto: Jan Michalko \/ re:publica, <a href=\"https:\/\/creativecommons.org\/licenses\/by-sa\/2.0\" target=\"_blank\" rel=\"noopener\">CC BY-SA 2.0<\/a><\/span><br \/>\n<span style=\"font-size: 10pt;\">Quelle: <a href=\"https:\/\/commons.wikimedia.org\/w\/index.php?curid=133951654\" target=\"_blank\" rel=\"noopener\">https:\/\/commons.wikimedia.org\/w\/index.php?curid=133951654<\/a><\/span><\/p>\n","protected":false},"excerpt":{"rendered":"<p><b>Habeck im &#8222;Zeit&#8220;-Interview, was fehlte war der Bravo-Starschnitt<\/b><br \/>\n<b>Von Bernhard Loyen<\/b><br \/>\nRobert Habeck wurde interviewt. Beim Betrachten der Zeilen beeindruckt die Selbstverliebtheit und Selbstzufriedenheit des Ministers. Ein Land wird mutwillig demontiert und zerst\u00f6rt, der Mithauptverantwortliche darf sich unbeeindruckt davon mitteilen und wird mit professionellen Fotos im Artikel unangenehm hofiert. &#8230; Die aktuelle Bundesregierung wird in Erinnerung bleiben, dabei in mehrheitlich bedauerlicher und vor allem verachtenswerter Hinsicht. Ein ehemals stabiles Land erlebt den schleichenden Prozess einer mutwilligen Demontage und Zerst\u00f6rung \u2013 explizit forciert in die Wege geleitet durch die amtierende Ampelkoalition. <\/p>\n","protected":false},"author":3,"featured_media":16819,"comment_status":"closed","ping_status":"closed","sticky":false,"template":"","format":"standard","meta":{"colormag_page_container_layout":"default_layout","colormag_page_sidebar_layout":"default_layout","advanced_seo_description":"","jetpack_seo_html_title":"","jetpack_seo_noindex":false,"jetpack_post_was_ever_published":false,"footnotes":""},"categories":[11,12],"tags":[1032,1642,452,1282,1745,1879,62,1112,1892,1528],"class_list":["post-16814","post","type-post","status-publish","format-standard","has-post-thumbnail","hentry","category-arbeit-soziales","category-demokratie-medien-aufklaerung","tag-bundesregierung","tag-deindustrialisierung","tag-deutschland","tag-gruene","tag-habeck","tag-heizgesetz","tag-interview","tag-populismus","tag-subvention","tag-wirtschaftspolitik"],"jetpack_featured_media_url":"https:\/\/i0.wp.com\/www.freidenker.org\/fw17\/wp-content\/uploads\/2023\/08\/Re-publica_23_-_Tag_3_52958171395_800x450.jpg?fit=800%2C450&ssl=1","jetpack_shortlink":"https:\/\/wp.me\/p9stpK-4nc","jetpack-related-posts":[{"id":15571,"url":"https:\/\/www.freidenker.org\/?p=15571","url_meta":{"origin":16814,"position":0},"title":"Sehr geehrte Damen und Herren, liebe Indianer \u2013 Habeck macht den L\u00fcbke","author":"Webredaktion","date":"22. M\u00e4rz 2023","format":false,"excerpt":"Beitrag von Gert Ewen Ungar Der zweite deutsche Bundespr\u00e4sident Heinrich L\u00fcbke war f\u00fcr seine skurrilen \u00c4u\u00dferungen bekannt. So soll L\u00fcbke bei einem Staatsbesuch in Liberia im Jahr 1962 die Anwesenden mit \"Sehr geehrte Damen und Herren, liebe Neger\" begr\u00fc\u00dft haben. Da es damals weder Internet noch Smartphones gab, ist die\u2026","rel":"","context":"In &quot;Arbeit &amp; Soziales&quot;","block_context":{"text":"Arbeit &amp; Soziales","link":"https:\/\/www.freidenker.org\/?cat=11"},"img":{"alt_text":"","src":"https:\/\/i0.wp.com\/www.freidenker.org\/fw17\/wp-content\/uploads\/2023\/03\/amazon-indians-69589_800x450.jpg?fit=800%2C450&ssl=1&resize=350%2C200","width":350,"height":200,"srcset":"https:\/\/i0.wp.com\/www.freidenker.org\/fw17\/wp-content\/uploads\/2023\/03\/amazon-indians-69589_800x450.jpg?fit=800%2C450&ssl=1&resize=350%2C200 1x, https:\/\/i0.wp.com\/www.freidenker.org\/fw17\/wp-content\/uploads\/2023\/03\/amazon-indians-69589_800x450.jpg?fit=800%2C450&ssl=1&resize=525%2C300 1.5x, https:\/\/i0.wp.com\/www.freidenker.org\/fw17\/wp-content\/uploads\/2023\/03\/amazon-indians-69589_800x450.jpg?fit=800%2C450&ssl=1&resize=700%2C400 2x"},"classes":[]},{"id":17638,"url":"https:\/\/www.freidenker.org\/?p=17638","url_meta":{"origin":16814,"position":1},"title":"Versager im Amt: Robert Habeck und das Schweigen des Mainstreams","author":"Webredaktion","date":"12. Dezember 2023","format":false,"excerpt":"Beitrag von Gert Ewen Ungar Die Menschen in Deutschland merken es. Robert Habeck (B\u00fcndnis 90\/Die Gr\u00fcnen) ruiniert in seiner Eigenschaft als Wirtschaftsminister Deutschland. Es brodelt regelrecht unter dem Deckel, der vom deutschen Mainstream trotz allem noch immer dicht gehalten wird. Was sich jedem erschlie\u00dft, bleibt in den gro\u00dfen deutschen Medien\u2026","rel":"","context":"In &quot;Arbeit &amp; Soziales&quot;","block_context":{"text":"Arbeit &amp; Soziales","link":"https:\/\/www.freidenker.org\/?cat=11"},"img":{"alt_text":"","src":"https:\/\/i0.wp.com\/www.freidenker.org\/fw17\/wp-content\/uploads\/2023\/12\/Publikumsgespraech_Boell-Stiftung_Habeck_800x450.jpg?fit=800%2C450&ssl=1&resize=350%2C200","width":350,"height":200,"srcset":"https:\/\/i0.wp.com\/www.freidenker.org\/fw17\/wp-content\/uploads\/2023\/12\/Publikumsgespraech_Boell-Stiftung_Habeck_800x450.jpg?fit=800%2C450&ssl=1&resize=350%2C200 1x, https:\/\/i0.wp.com\/www.freidenker.org\/fw17\/wp-content\/uploads\/2023\/12\/Publikumsgespraech_Boell-Stiftung_Habeck_800x450.jpg?fit=800%2C450&ssl=1&resize=525%2C300 1.5x, https:\/\/i0.wp.com\/www.freidenker.org\/fw17\/wp-content\/uploads\/2023\/12\/Publikumsgespraech_Boell-Stiftung_Habeck_800x450.jpg?fit=800%2C450&ssl=1&resize=700%2C400 2x"},"classes":[]},{"id":17602,"url":"https:\/\/www.freidenker.org\/?p=17602","url_meta":{"origin":16814,"position":2},"title":"Ampelregierung: Dieser Papagei ist tot","author":"Webredaktion","date":"5. Dezember 2023","format":false,"excerpt":"Beitrag von Dagmar Henn Erstaunlich. Es knirscht und bebt in allen Teilen der \u00f6konomischen und politischen Maschinerie, und immer noch werden in deutschen Gazetten Lobeshymnen auf die Ampelpolitiker geschrieben, wie gerade erst in der Welt auf Bundeswirtschaftsminister Robert Habeck. Nur, weil das kinderbuchschreibende Anzugmodel auf einem Kongress in Berlin auftauchte,\u2026","rel":"","context":"In &quot;Demokratie \u2013 Medien \u2013 Aufkl\u00e4rung&quot;","block_context":{"text":"Demokratie \u2013 Medien \u2013 Aufkl\u00e4rung","link":"https:\/\/www.freidenker.org\/?cat=12"},"img":{"alt_text":"","src":"https:\/\/i0.wp.com\/www.freidenker.org\/fw17\/wp-content\/uploads\/2023\/12\/parrot-6651195_800x450.jpg?fit=800%2C450&ssl=1&resize=350%2C200","width":350,"height":200,"srcset":"https:\/\/i0.wp.com\/www.freidenker.org\/fw17\/wp-content\/uploads\/2023\/12\/parrot-6651195_800x450.jpg?fit=800%2C450&ssl=1&resize=350%2C200 1x, https:\/\/i0.wp.com\/www.freidenker.org\/fw17\/wp-content\/uploads\/2023\/12\/parrot-6651195_800x450.jpg?fit=800%2C450&ssl=1&resize=525%2C300 1.5x, https:\/\/i0.wp.com\/www.freidenker.org\/fw17\/wp-content\/uploads\/2023\/12\/parrot-6651195_800x450.jpg?fit=800%2C450&ssl=1&resize=700%2C400 2x"},"classes":[]},{"id":14521,"url":"https:\/\/www.freidenker.org\/?p=14521","url_meta":{"origin":16814,"position":3},"title":"Habeck: Von D\u00fcsseldorf in den Sportpalast","author":"Webredaktion","date":"25. Oktober 2022","format":false,"excerpt":"Beitrag von Dagmar Henn Vor einigen Monaten hielt Bundeswirtschaftsminister Robert Habeck eine Rede vor Industrievertretern, die beachtenswert war. Nicht, weil sie kluge Gedanken enthalten h\u00e4tte, sondern weil sie sein Verst\u00e4ndnis von \"Demokratie\" bezeugte, das ausgesprochen fragw\u00fcrdig war. Das klang nach Durchregieren, demokratische Prozesse wurden nur als Hindernisse dargestellt. Damals war\u2026","rel":"","context":"In &quot;Arbeit &amp; Soziales&quot;","block_context":{"text":"Arbeit &amp; Soziales","link":"https:\/\/www.freidenker.org\/?cat=11"},"img":{"alt_text":"","src":"https:\/\/i0.wp.com\/www.freidenker.org\/fw17\/wp-content\/uploads\/2022\/10\/Habeck-LDK_Dortmund_21.-22.8.2021_51393058124_800x450.jpg?fit=800%2C450&ssl=1&resize=350%2C200","width":350,"height":200,"srcset":"https:\/\/i0.wp.com\/www.freidenker.org\/fw17\/wp-content\/uploads\/2022\/10\/Habeck-LDK_Dortmund_21.-22.8.2021_51393058124_800x450.jpg?fit=800%2C450&ssl=1&resize=350%2C200 1x, https:\/\/i0.wp.com\/www.freidenker.org\/fw17\/wp-content\/uploads\/2022\/10\/Habeck-LDK_Dortmund_21.-22.8.2021_51393058124_800x450.jpg?fit=800%2C450&ssl=1&resize=525%2C300 1.5x, https:\/\/i0.wp.com\/www.freidenker.org\/fw17\/wp-content\/uploads\/2022\/10\/Habeck-LDK_Dortmund_21.-22.8.2021_51393058124_800x450.jpg?fit=800%2C450&ssl=1&resize=700%2C400 2x"},"classes":[]},{"id":13115,"url":"https:\/\/www.freidenker.org\/?p=13115","url_meta":{"origin":16814,"position":4},"title":"NATO-oliv-Habeck wird Deutschland ruinieren","author":"Webredaktion","date":"14. Mai 2022","format":false,"excerpt":"Beitrag von Friedhelm Klinkhammer und Volker Br\u00e4utigam \u201eIch will Sie nicht vergackeiern\u201c schleimt Robert Habeck vor hundert Raffinerie-Arbeitern im brandenburgischen Schwedt. Beflissen berichtet die Tagesschau[1], wie der Gr\u00fcne Minister f\u00fcr Wirtschaft und Umweltschutz hier einen auf ehrliche Haut macht. Selbstverst\u00e4ndlich \u2013 wir leben schlie\u00dflich in einer Informationsdiktatur \u2013 schweigt sich\u2026","rel":"","context":"In &quot;Demokratie \u2013 Medien \u2013 Aufkl\u00e4rung&quot;","block_context":{"text":"Demokratie \u2013 Medien \u2013 Aufkl\u00e4rung","link":"https:\/\/www.freidenker.org\/?cat=12"},"img":{"alt_text":"","src":"https:\/\/i0.wp.com\/www.freidenker.org\/fw17\/wp-content\/uploads\/2022\/05\/Robert_Habeck_auf_Ausstellung_von_Harald_Bickel_800x450.jpg?fit=800%2C450&ssl=1&resize=350%2C200","width":350,"height":200,"srcset":"https:\/\/i0.wp.com\/www.freidenker.org\/fw17\/wp-content\/uploads\/2022\/05\/Robert_Habeck_auf_Ausstellung_von_Harald_Bickel_800x450.jpg?fit=800%2C450&ssl=1&resize=350%2C200 1x, https:\/\/i0.wp.com\/www.freidenker.org\/fw17\/wp-content\/uploads\/2022\/05\/Robert_Habeck_auf_Ausstellung_von_Harald_Bickel_800x450.jpg?fit=800%2C450&ssl=1&resize=525%2C300 1.5x, https:\/\/i0.wp.com\/www.freidenker.org\/fw17\/wp-content\/uploads\/2022\/05\/Robert_Habeck_auf_Ausstellung_von_Harald_Bickel_800x450.jpg?fit=800%2C450&ssl=1&resize=700%2C400 2x"},"classes":[]},{"id":19709,"url":"https:\/\/www.freidenker.org\/?p=19709","url_meta":{"origin":16814,"position":5},"title":"Russland-Sanktionen: Habeck macht die Welt, widdewidde wie sie ihm gef\u00e4llt","author":"Webredaktion","date":"13. August 2024","format":false,"excerpt":"Beitrag von Tom J. Wellbrock Eine zweite Meinung ist immer eine gute Idee\u00a0\u2013 eine dritte und vierte sichert das Ergebnis ab. Was also h\u00e4tte passieren k\u00f6nnen, als das Wirtschaftsministerium im letzten Jahr beim Kiel Institut f\u00fcr Weltwirtschaft (IfW), dem ifo Institut in M\u00fcnchen und zwei \u00f6sterreichischen Forschungszentren eine Studie in\u2026","rel":"","context":"In &quot;Demokratie \u2013 Medien \u2013 Aufkl\u00e4rung&quot;","block_context":{"text":"Demokratie \u2013 Medien \u2013 Aufkl\u00e4rung","link":"https:\/\/www.freidenker.org\/?cat=12"},"img":{"alt_text":"","src":"https:\/\/i0.wp.com\/www.freidenker.org\/fw17\/wp-content\/uploads\/2024\/08\/2024-05-29_Event_Konferenz_re-publica_STP_5609_by_Stepro_800x450.jpg?fit=800%2C450&ssl=1&resize=350%2C200","width":350,"height":200,"srcset":"https:\/\/i0.wp.com\/www.freidenker.org\/fw17\/wp-content\/uploads\/2024\/08\/2024-05-29_Event_Konferenz_re-publica_STP_5609_by_Stepro_800x450.jpg?fit=800%2C450&ssl=1&resize=350%2C200 1x, https:\/\/i0.wp.com\/www.freidenker.org\/fw17\/wp-content\/uploads\/2024\/08\/2024-05-29_Event_Konferenz_re-publica_STP_5609_by_Stepro_800x450.jpg?fit=800%2C450&ssl=1&resize=525%2C300 1.5x, https:\/\/i0.wp.com\/www.freidenker.org\/fw17\/wp-content\/uploads\/2024\/08\/2024-05-29_Event_Konferenz_re-publica_STP_5609_by_Stepro_800x450.jpg?fit=800%2C450&ssl=1&resize=700%2C400 2x"},"classes":[]}],"_links":{"self":[{"href":"https:\/\/www.freidenker.org\/index.php?rest_route=\/wp\/v2\/posts\/16814","targetHints":{"allow":["GET"]}}],"collection":[{"href":"https:\/\/www.freidenker.org\/index.php?rest_route=\/wp\/v2\/posts"}],"about":[{"href":"https:\/\/www.freidenker.org\/index.php?rest_route=\/wp\/v2\/types\/post"}],"author":[{"embeddable":true,"href":"https:\/\/www.freidenker.org\/index.php?rest_route=\/wp\/v2\/users\/3"}],"replies":[{"embeddable":true,"href":"https:\/\/www.freidenker.org\/index.php?rest_route=%2Fwp%2Fv2%2Fcomments&post=16814"}],"version-history":[{"count":0,"href":"https:\/\/www.freidenker.org\/index.php?rest_route=\/wp\/v2\/posts\/16814\/revisions"}],"wp:featuredmedia":[{"embeddable":true,"href":"https:\/\/www.freidenker.org\/index.php?rest_route=\/wp\/v2\/media\/16819"}],"wp:attachment":[{"href":"https:\/\/www.freidenker.org\/index.php?rest_route=%2Fwp%2Fv2%2Fmedia&parent=16814"}],"wp:term":[{"taxonomy":"category","embeddable":true,"href":"https:\/\/www.freidenker.org\/index.php?rest_route=%2Fwp%2Fv2%2Fcategories&post=16814"},{"taxonomy":"post_tag","embeddable":true,"href":"https:\/\/www.freidenker.org\/index.php?rest_route=%2Fwp%2Fv2%2Ftags&post=16814"}],"curies":[{"name":"wp","href":"https:\/\/api.w.org\/{rel}","templated":true}]}}