{"id":16729,"date":"2023-07-29T03:15:42","date_gmt":"2023-07-29T01:15:42","guid":{"rendered":"https:\/\/www.freidenker.org\/?p=16729"},"modified":"2023-09-02T11:06:44","modified_gmt":"2023-09-02T09:06:44","slug":"wir-sind-ueberall","status":"publish","type":"post","link":"https:\/\/www.freidenker.org\/?p=16729","title":{"rendered":"Wir sind \u00fcberall"},"content":{"rendered":"<h4>Erinnerungen an die X. Weltfestspiele der Jugend und Studenten<\/h4>\n<p><em>von <strong>Hartmut K\u00f6nig<\/strong><\/em><\/p>\n<p><span style=\"font-size: 10pt;\">Erstver\u00f6ffentlichung in der <a href=\"https:\/\/www.unsere-zeit.de\/wir-sind-ueberall-4782238\/\" target=\"_blank\" rel=\"noopener\">UZ vom 28.07.2023<\/a>\u00a0<\/span><\/p>\n<p>Meine Vorfreude auf die X. Weltfestspiele verfing sich in einem Lied. Gerade noch Journalistikstudent in Leipzig, war ich f\u00fcr ein paar Tage nach Hause in die Hauptstadt gekommen. Da traf ich vor der Sch\u00f6nhauser Allee\u00a027, wo ich geboren wurde und noch immer wohnte, zuf\u00e4llig auf den Liedermacher Reinhold Andert. Als Gr\u00fcndungsmitglieder des Oktoberklubs waren wir seit Jahren befreundet und ich wusste, dass Reinhold f\u00fcr den Zentralrat der FDJ etwas tat, was der Dichter KuBa bereits in Vorbereitung der III. Weltfestspiele 1951 in Berlin \u00fcbernommen hatte: Er leitete eine Arbeitsgruppe zur Herstellung neuer Festivallieder. Wir verabredeten uns auf ein paar Gl\u00e4ser Schnaps bei mir auf der zweiten Etage\u00a0\u2013 und weil Reinhold meinte, Wodkatrinken ohne Liedermachen w\u00e4re reine Sauferei, schrieben wir nach einer fertigen Melodie von Wolfram Heicking den Text zum Lied \u201eWir sind \u00fcberall\u201c. Vielleicht wurde es deshalb zum meisterinnerten Song der X. Weltfestspiele, weil es ein so hoffnungsvolles und stolzes Gef\u00fchl beschrieb, das dann das Festival und alle Erinnerungen daran begleitete: Wir wollen Frieden, Freundschaft und antiimperialistische Solidarit\u00e4t. Man zeige uns einen bewohnten Platz auf der Erde, wo sich nicht Menschen unseres Schlages finden lassen. Wir sind \u00fcberall\u00a0\u2013 und wir werden mehr. Damals drehte sich das internationale Geschehen trotz mancher R\u00fcckschl\u00e4ge merklich nach links. Auf das Festival freuten wir uns.<\/p>\n<p><strong>Ein Vorschlag aus Valparaiso<\/strong><\/p>\n<p>1971 war auf einer Exekutivtagung des WBDJ in Valparaiso beschlossen worden, dem Internationalen Vorbereitungskomitee (IVK) f\u00fcr die X. Weltfestspiele der Jugend und Studenten die DDR-Hauptstadt Berlin als Austragungsort vorzuschlagen. Diesem Ruf aus dem neuen, von Salvador Allendes Unidad Popular regierten Chile war das IVK gefolgt\u00a0\u2013 eine gro\u00dfe Ehre f\u00fcr die FDJ, die zum zweiten Mal in der Festivalgeschichte Gastgeber f\u00fcr das bedeutsamste antiimperialistische Treffen der Weltjugend sein sollte. Nach Prag (1947), Budapest (1949), Berlin (1951), Bukarest (1953), Warschau (1955), Moskau (1957), Wien (1959), Helsinki (1962) und Sofia (1968) fiel die erneute Wahl unserer Hauptstadt in eine Zeit beachtlicher Aufbauerfolge der DDR, deren internationale Anerkennung nach Jahrzehnten westdeutscher Hallstein-Anma\u00dfungen endlich Realit\u00e4t wurde. Sie war eine Geste der Solidarit\u00e4t mit dem sozialistischen deutschen Staat und bot einer breiter gewordenen Festivalbewegung ein attraktives Podium.<\/p>\n<p><strong>Die Jugend klagt den \u00adImperialismus an<\/strong><\/p>\n<p>Vor 50\u00a0Jahren, am 28.\u00a0Juli 1973, wurden die X. Weltfestspiele von WBDJ-Pr\u00e4sident Roberto Viezzi im Stadion der Weltjugend er\u00f6ffnet. Unter der Losung \u201eF\u00fcr antiimperialistische Solidarit\u00e4t, Frieden und Freundschaft\u201c hatten sich \u00fcber 25.500 Delegierte aus 140 L\u00e4ndern als Vertreter von mehr als 1.700 nationalen sowie 18 internationalen Jugend- und Studentenorganisationen versammelt. An den neun Festivaltagen trafen sie auf eine halbe Million Jugendlicher aus dem Gastgeberland. Mit dieser Dimension waren die X. Weltfestspiele die bis dahin gr\u00f6\u00dfte und umfassendste antiimperialistische Demonstration der jungen Generation weltweit. Als Pr\u00e4sident des Nationalen Festivalkomitees w\u00fcnschte Erich Honecker den Teilnehmern einen erfolgreichen Kampf f\u00fcr ihre \u201eGegenwartsinteressen und Zukunftsideale\u201c. Olympiasieger Wolfgang Nordwig entz\u00fcndete das Feuer aus den neun bisherigen Festivalst\u00e4dten in der Flammenschale. Umjubelt marschierten weit vorn die Abgesandten des siegreichen Vietnam ins Stadion, ohne anderen, manchmal illegal angereisten K\u00e4mpfern die Beachtung zu nehmen. Die Solidarit\u00e4t war unteilbar. Sie hatte auf dem Festival unvergessliche Gesichter: Die kleine Vo Thi Lien, die im s\u00fcdvietnamesischen Son My die Mordattacke der US-Invasoren \u00fcberlebte. Angela Davis, die freigek\u00e4mpfte schwarze B\u00fcrgerrechtsk\u00e4mpferin aus den USA, an ihrer Seite. Jassir Arafat, der die Pal\u00e4stinensische Befreiungsorganisation PLO f\u00fchrte, als Ehrengast. Die Interpreten der chilenischen Gruppe \u201eInti Illimani\u201c, die so eindrucksvoll Triumph und Gef\u00e4hrdung der Unidad Popular besangen.<\/p>\n<p>Bedeutender Teil des Festivalprogramms war das Tribunal \u201eDie Jugend und Studenten klagen den Imperialismus an\u201c. Was Jugendliche aus aller Welt vortrugen, war sehr konkret. Lehren der Geschichte wurden durch aktuelle Erfahrungen fundiert: Wie der Imperialismus R\u00fcstung und Kriegsvorbereitung als profitables Gesch\u00e4ft betreibt; wie er den psychologischen Krieg gegen die Welt des Sozialismus und gegen alle befreiten und sich befreienden V\u00f6lker f\u00fchrt; wie er Faschismus f\u00f6rdert und faschistische Diktaturen errichtet, wenn er sein Profitsystem anders nicht mehr aufrechterhalten kann; wie er die junge Generation in ein System der Ausbeutung und der sozialen Diskriminierung presst, dabei selbst Kinderarbeit und Kinderelend in Kauf nimmt; wie er L\u00e4nder in kolonialistischer und neokolonialistischer Abh\u00e4ngigkeit h\u00e4lt, um sich deren Reicht\u00fcmer billig anzueignen; wie er Rassendiskriminierung betreibt und vor allem f\u00fcr die Kinder \u00e4rmerer Schichten un\u00fcberwindliche Bildungsbarrieren errichtet. Eine alarmierende Bilanz war zusammengetragen, die am Ende des Tribunals im Friedrichstadt-Palast pr\u00e4sentiert wurde. Liest man das heute, erschrickt man \u00fcber die brennende Aktualit\u00e4t der Anklagen. Damals schallende politische und soziale Ohrfeigen, waren sie nach dem Niedergang des sozialistischen Staatensystems in Europa, das unleugbare Alternativen aufgezeigt hatte, als linksideologische Narretei abgetan worden. In den heutigen Werteauseinandersetzungen gewinnen sie wieder an Argumentationskraft.<\/p>\n<p><strong>Fest der Kultur und \u00adLebensfreude<\/strong><\/p>\n<p>Zum Zorn, der in neue K\u00e4mpfe m\u00fcnden w\u00fcrde, gesellte sich riesiger Spa\u00df. Die Buntheit des Festivals\u00a0\u2013 es gab \u00fcber 1.500 politische, kulturelle und sportliche Veranstaltungen, die von 7,3\u00a0Millionen Menschen besucht wurden\u00a0\u2013 ersch\u00f6pfte sich nicht in organisierten Events. Die Stra\u00dfen und Pl\u00e4tze, die Innenh\u00f6fe und Parks kannten keine Sperrstunde, sondern waren jederzeit voll jungen Volks, das debattierte, tanzte, sang. Allein das PLX (gesprochen: pe-el-iks) als Weltfestspielausgabe des ansonsten im Februar veranstalteten Festivals des politischen Liedes gestalteten \u00fcber 100 Gruppen und Solisten aus 45 L\u00e4ndern aller Kontinente. Die ber\u00fchmte Miriam Makeba begeisterte zu mittern\u00e4chtlicher Stunde eine un\u00fcbersehbare Menge auf dem Alexanderplatz. Am Bebelplatz erlebten Tausende die Auff\u00fchrung von Beethovens IX. Sinfonie durch das FDJ-Sinfonieorchester der Hochschulen f\u00fcr Musik. Es gab Ausstellungen, Solibasare und immer wieder spontane Diskussionsgruppen \u00fcberall in der Stadt. Selbst Vertreter der Jungen Union waren aus Westberlin her\u00fcbergekommen. Als FDJler 1951 die Festivalidee in die Berliner Westsektoren tragen wollten, waren sie von der dortigen Polizei niedergekn\u00fcppelt worden. 1973 wurden die Nachwuchs-CDUler auf dem Alexanderplatz angeh\u00f6rt und nur manchmal, wenn sie allzu sehr st\u00e4nkerten, auch ausgelacht, bevor sie sich bei Moskauer Eis wieder abk\u00fchlten. Auch ein Ausdruck von Weltoffenheit.<\/p>\n<p><strong>Erinnern und Kr\u00e4fte sammeln!<\/strong><\/p>\n<p>Als Angela Davis zum Abschluss des Festivals am 5.\u00a0August in deutscher Sprache einen \u201eRuf an die Jugend der Welt\u201c vortrug, enthielt der bei allem Optimismus auch eine verhaltene Warnung: \u201eAber wir kennen den Imperialismus. Deshalb werden wir unsere Aktionen und unseren Kampf verst\u00e4rken.\u201c Hie\u00df auch: Das Erreichte musste gesichert werden. Ich erlebte noch die nachfolgenden Weltfestspiele in Havanna, Moskau und Pj\u00f6ngjang, die den Schwur erneuerten: Das Erreichte muss gesichert werden. Das haben wir in Europa nicht geschafft. Nach-Denken \u00fcber die Gr\u00fcnde unserer Niederlage und Vor-Denken f\u00fcr Wege in eine gerechtere Zukunft begleiten unsere K\u00e4mpfe. Auch das ermutigende \u201eWir sind \u00fcberall!\u201c bleibt vital. Denn \u00fcberall, wo wir sind, gilt es Kraft zu sammeln und die wachsende Wut \u00fcber gesellschaftliche Malaisen wie guten Wind auf die M\u00fchlen progressiver Ver\u00e4nderung zu leiten. Erinnern\u00a0\u2013 Kraft tanken\u00a0\u2013 k\u00e4mpfen. Das bleibt eine gute Troika!<\/p>\n<p style=\"text-align: right;\"><em>Dr. Hartmut K\u00f6nig ist Mitglied des Beirats des Deutschen Freidenker-Verbandes<\/em><\/p>\n<hr \/>\n<p><span style=\"font-size: 10pt;\">Bild: <span class=\"mw-mmv-title\">Mit dem Einmarsch der Delegationen aus allen Kontinenten begann die internationale Er\u00f6ffnungskundgebung der X. Weltfestspiele.<\/span><\/span><br \/>\n<span style=\"font-size: 10pt;\">Foto: Bundesarchiv, Bild 183-M0728-721 \/ Sturm, Horst \/ <a href=\"https:\/\/creativecommons.org\/licenses\/by-sa\/3.0\/de\/deed.en\" target=\"_blank\" rel=\"noopener\">CC-BY-SA 3.0<\/a><\/span><br \/>\n<span style=\"font-size: 10pt;\">Quelle: <a href=\"https:\/\/commons.wikimedia.org\/w\/index.php?curid=5435140\" target=\"_blank\" rel=\"noopener\">https:\/\/commons.wikimedia.org\/w\/index.php?curid=5435140<\/a><\/span><\/p>\n<p>&nbsp;<\/p>\n","protected":false},"excerpt":{"rendered":"<p><b>Erinnerungen an die X. Weltfestspiele der Jugend und Studenten<\/b><br \/>\n<b>Beitrag von Hartmut K\u00f6nig<\/b><br \/>\nMeine Vorfreude auf die X. Weltfestspiele verfing sich in einem Lied. Gerade noch Journalistikstudent in Leipzig, war ich f\u00fcr ein paar Tage nach Hause in die Hauptstadt gekommen. Da traf ich vor der Sch\u00f6nhauser Allee\u00a027, wo ich geboren wurde und noch immer wohnte, zuf\u00e4llig auf den Liedermacher Reinhold Andert. Als Gr\u00fcndungsmitglieder des Oktoberklubs waren wir seit Jahren befreundet und ich wusste, dass Reinhold f\u00fcr den Zentralrat der FDJ etwas tat, was der Dichter KuBa bereits in Vorbereitung der III. Weltfestspiele 1951 in Berlin \u00fcbernommen hatte: Er leitete eine Arbeitsgruppe zur Herstellung neuer Festivallieder. <\/p>\n","protected":false},"author":3,"featured_media":16730,"comment_status":"closed","ping_status":"closed","sticky":false,"template":"","format":"standard","meta":{"colormag_page_container_layout":"default_layout","colormag_page_sidebar_layout":"default_layout","advanced_seo_description":"","jetpack_seo_html_title":"","jetpack_seo_noindex":false,"jetpack_post_was_ever_published":false,"footnotes":""},"categories":[13,1162,913],"tags":[454,1180,335,404,742,1600,939,825,1869],"class_list":["post-16729","post","type-post","status-publish","format-standard","has-post-thumbnail","hentry","category-frieden-antifaschismus-solidaritaet","category-geschichte","category-kultur-kunst","tag-ddr","tag-freundschaft","tag-frieden","tag-imperialismus","tag-internationale-solidaritaet","tag-jugend","tag-musik","tag-politisches-lied","tag-weltfestspiele"],"jetpack_featured_media_url":"https:\/\/i0.wp.com\/www.freidenker.org\/fw17\/wp-content\/uploads\/2023\/07\/X_Weltfestspiele_01_800x450.jpg?fit=800%2C450&ssl=1","jetpack_shortlink":"https:\/\/wp.me\/p9stpK-4lP","jetpack-related-posts":[{"id":23778,"url":"https:\/\/www.freidenker.org\/?p=23778","url_meta":{"origin":16729,"position":0},"title":"Bericht: IV. Nationales Denkfest der Aktiven \u2013 FRIEDENSTAUB(E)?","author":"Webredaktion","date":"11. Dezember 2025","format":false,"excerpt":"Vom 28. bis 30.11.2025 fand in Retgendorf bei Schwerin das mittlerweile IV. Denkfest der Aktiven \u201eFriedenstaub(e)-Musik statt Krieg\u201c statt. Der Deutsche Freidenker-Verband war offizieller Unterst\u00fctzer dieser Veranstaltung. Wir ver\u00f6ffentlichen hiermit ein Res\u00fcmee der Veranstalter Henry & Andrea Marek und Tino Eisbrenner sowie eine Fotogalerie. (Webredaktion) [Henry Marek:] Was war das\u2026","rel":"","context":"In &quot;Frieden - Antifaschismus - Solidarit\u00e4t&quot;","block_context":{"text":"Frieden - Antifaschismus - Solidarit\u00e4t","link":"https:\/\/www.freidenker.org\/?cat=13"},"img":{"alt_text":"","src":"https:\/\/i0.wp.com\/www.freidenker.org\/fw17\/wp-content\/uploads\/2025\/12\/denkfest4_03_ausschnitt_800x450.jpg?fit=800%2C450&ssl=1&resize=350%2C200","width":350,"height":200,"srcset":"https:\/\/i0.wp.com\/www.freidenker.org\/fw17\/wp-content\/uploads\/2025\/12\/denkfest4_03_ausschnitt_800x450.jpg?fit=800%2C450&ssl=1&resize=350%2C200 1x, https:\/\/i0.wp.com\/www.freidenker.org\/fw17\/wp-content\/uploads\/2025\/12\/denkfest4_03_ausschnitt_800x450.jpg?fit=800%2C450&ssl=1&resize=525%2C300 1.5x, https:\/\/i0.wp.com\/www.freidenker.org\/fw17\/wp-content\/uploads\/2025\/12\/denkfest4_03_ausschnitt_800x450.jpg?fit=800%2C450&ssl=1&resize=700%2C400 2x"},"classes":[]},{"id":8743,"url":"https:\/\/www.freidenker.org\/?p=8743","url_meta":{"origin":16729,"position":1},"title":"Gedenken zum 75. Jahrestag des Elbe Day in Torgau","author":"Webredaktion","date":"6. Oktober 2020","format":false,"excerpt":"Am 25. April 1945 trafen sich in Torgau an der Elbe US-amerikanische und sowjetische Soldaten \u2013 ein Symbol f\u00fcr den milit\u00e4rischen Sieg der Streitkr\u00e4fte der Antihitlerkoalition \u00fcber den deutschen Faschismus. Die Soldaten der beiden Armeen versicherten sich, f\u00fcr die \u00c4chtung des Krieges und V\u00f6lkerfreundschaft einzutreten. Am 3. Oktober 2020 \u2013\u2026","rel":"","context":"In &quot;Frieden - Antifaschismus - Solidarit\u00e4t&quot;","block_context":{"text":"Frieden - Antifaschismus - Solidarit\u00e4t","link":"https:\/\/www.freidenker.org\/?cat=13"},"img":{"alt_text":"","src":"https:\/\/i0.wp.com\/www.freidenker.org\/fw17\/wp-content\/uploads\/2020\/10\/torgau_09_bea_800x450.jpg?fit=800%2C450&ssl=1&resize=350%2C200","width":350,"height":200,"srcset":"https:\/\/i0.wp.com\/www.freidenker.org\/fw17\/wp-content\/uploads\/2020\/10\/torgau_09_bea_800x450.jpg?fit=800%2C450&ssl=1&resize=350%2C200 1x, https:\/\/i0.wp.com\/www.freidenker.org\/fw17\/wp-content\/uploads\/2020\/10\/torgau_09_bea_800x450.jpg?fit=800%2C450&ssl=1&resize=525%2C300 1.5x, https:\/\/i0.wp.com\/www.freidenker.org\/fw17\/wp-content\/uploads\/2020\/10\/torgau_09_bea_800x450.jpg?fit=800%2C450&ssl=1&resize=700%2C400 2x"},"classes":[]},{"id":15995,"url":"https:\/\/www.freidenker.org\/?p=15995","url_meta":{"origin":16729,"position":2},"title":"Belafontes Song","author":"Webredaktion","date":"11. Mai 2023","format":false,"excerpt":"Nachruf von Dr. Hartmut K\u00f6nig Als Harry Belafonte 2011 seine Autobiografie vorlegte, nannte er sie \u201eMy Song\u201c. Aber was meinte \u201eSong\u201c? Keinen seiner musikalischen Hits. \u201eSong\u201c war die Summe seines Lebens. Und er erkl\u00e4rt es im Abgesang: \u201eIch glaube, meine Zeit war bemerkenswert. Mir ist bewusst, dass wir heute in\u2026","rel":"","context":"In &quot;Kultur &amp; Kunst&quot;","block_context":{"text":"Kultur &amp; Kunst","link":"https:\/\/www.freidenker.org\/?cat=913"},"img":{"alt_text":"","src":"https:\/\/i0.wp.com\/www.freidenker.org\/fw17\/wp-content\/uploads\/2023\/05\/belafonte_1816_img208_800x450.jpg?fit=800%2C450&ssl=1&resize=350%2C200","width":350,"height":200,"srcset":"https:\/\/i0.wp.com\/www.freidenker.org\/fw17\/wp-content\/uploads\/2023\/05\/belafonte_1816_img208_800x450.jpg?fit=800%2C450&ssl=1&resize=350%2C200 1x, https:\/\/i0.wp.com\/www.freidenker.org\/fw17\/wp-content\/uploads\/2023\/05\/belafonte_1816_img208_800x450.jpg?fit=800%2C450&ssl=1&resize=525%2C300 1.5x, https:\/\/i0.wp.com\/www.freidenker.org\/fw17\/wp-content\/uploads\/2023\/05\/belafonte_1816_img208_800x450.jpg?fit=800%2C450&ssl=1&resize=700%2C400 2x"},"classes":[]},{"id":9128,"url":"https:\/\/www.freidenker.org\/?p=9128","url_meta":{"origin":16729,"position":3},"title":"Abschied von Christian Kr\u00e4hling","author":"Webredaktion","date":"30. Dezember 2020","format":false,"excerpt":"Trauerrede von Ernst \u201eErnesto\u201c Schwarz f\u00fcr Christian Kr\u00e4hling (10. Dezember 1977 \u2013 10. Dezember 2020) Die Familie trauert um ihren liebevollen Vater, Sohn und Bruder. \u00a0Wir trauern um einen lieben Freund, Kollegen und Genossen, wie wir uns kaum einen besseren w\u00fcnschen konnten. Wir trauern um einen K\u00e4mpfer f\u00fcr eine wirklich\u2026","rel":"","context":"In &quot;Arbeit &amp; Soziales&quot;","block_context":{"text":"Arbeit &amp; Soziales","link":"https:\/\/www.freidenker.org\/?cat=11"},"img":{"alt_text":"","src":"https:\/\/i0.wp.com\/www.freidenker.org\/fw17\/wp-content\/uploads\/2020\/12\/christian_kraehling_trauerfeier.jpg?fit=800%2C450&ssl=1&resize=350%2C200","width":350,"height":200,"srcset":"https:\/\/i0.wp.com\/www.freidenker.org\/fw17\/wp-content\/uploads\/2020\/12\/christian_kraehling_trauerfeier.jpg?fit=800%2C450&ssl=1&resize=350%2C200 1x, https:\/\/i0.wp.com\/www.freidenker.org\/fw17\/wp-content\/uploads\/2020\/12\/christian_kraehling_trauerfeier.jpg?fit=800%2C450&ssl=1&resize=525%2C300 1.5x, https:\/\/i0.wp.com\/www.freidenker.org\/fw17\/wp-content\/uploads\/2020\/12\/christian_kraehling_trauerfeier.jpg?fit=800%2C450&ssl=1&resize=700%2C400 2x"},"classes":[]},{"id":8658,"url":"https:\/\/www.freidenker.org\/?p=8658","url_meta":{"origin":16729,"position":4},"title":"\u201eSagen wird man \u00fcber unsre Tage\u2026\u201c \u2013 Gina Pietsch und Bardo Henning","author":"Webredaktion","date":"23. September 2020","format":false,"excerpt":"Matin\u00e9e in der Villa Leon mit Gina Pietsch und Bardo Henning \u201eSagen wird man \u00fcber unsre Tage\u2026\u201c - Sonntag, 4. Oktober 2020, 11 Uhr - Villa Leon, gro\u00dfer Saal - Phillip-Koerber-Weg 1, 90439 N\u00fcrnberg - Eintritt frei (Spenden willkommen) Am 7. Oktober 2019 w\u00e4re sie 70 geworden die DDR \u2026\u2026","rel":"","context":"In &quot;Kultur &amp; Kunst&quot;","block_context":{"text":"Kultur &amp; Kunst","link":"https:\/\/www.freidenker.org\/?cat=913"},"img":{"alt_text":"","src":"https:\/\/i0.wp.com\/www.freidenker.org\/fw17\/wp-content\/uploads\/2020\/09\/ginapietsch_04102020_nbrg.jpg?fit=800%2C445&ssl=1&resize=350%2C200","width":350,"height":200,"srcset":"https:\/\/i0.wp.com\/www.freidenker.org\/fw17\/wp-content\/uploads\/2020\/09\/ginapietsch_04102020_nbrg.jpg?fit=800%2C445&ssl=1&resize=350%2C200 1x, https:\/\/i0.wp.com\/www.freidenker.org\/fw17\/wp-content\/uploads\/2020\/09\/ginapietsch_04102020_nbrg.jpg?fit=800%2C445&ssl=1&resize=525%2C300 1.5x, https:\/\/i0.wp.com\/www.freidenker.org\/fw17\/wp-content\/uploads\/2020\/09\/ginapietsch_04102020_nbrg.jpg?fit=800%2C445&ssl=1&resize=700%2C400 2x"},"classes":[]},{"id":8953,"url":"https:\/\/www.freidenker.org\/?p=8953","url_meta":{"origin":16729,"position":5},"title":"Eure Solidarit\u00e4t ist gefragt","author":"Webredaktion","date":"5. Dezember 2020","format":false,"excerpt":"Aufruf von Wolfgang Schr\u00f6der Unsere Solidarit\u00e4t ist gefragt. Der Verband der Offiziere Russlands (Vertretung in der BRD) hat sich an mich mit einer Frage\/Bitte gewandt. Sie suchen finanzielle Hilfe bei der Unterst\u00fctzung von noch lebenden Veteraninnen und Veteranen des 2. Weltkrieges. Diese Aktion habe ich schon einmal mit 22 ehemaligen\u2026","rel":"","context":"In &quot;Frieden - Antifaschismus - Solidarit\u00e4t&quot;","block_context":{"text":"Frieden - Antifaschismus - Solidarit\u00e4t","link":"https:\/\/www.freidenker.org\/?cat=13"},"img":{"alt_text":"","src":"https:\/\/i0.wp.com\/www.freidenker.org\/fw17\/wp-content\/uploads\/2020\/12\/dehm_moskau_01_800x450.jpg?fit=800%2C450&ssl=1&resize=350%2C200","width":350,"height":200,"srcset":"https:\/\/i0.wp.com\/www.freidenker.org\/fw17\/wp-content\/uploads\/2020\/12\/dehm_moskau_01_800x450.jpg?fit=800%2C450&ssl=1&resize=350%2C200 1x, https:\/\/i0.wp.com\/www.freidenker.org\/fw17\/wp-content\/uploads\/2020\/12\/dehm_moskau_01_800x450.jpg?fit=800%2C450&ssl=1&resize=525%2C300 1.5x, https:\/\/i0.wp.com\/www.freidenker.org\/fw17\/wp-content\/uploads\/2020\/12\/dehm_moskau_01_800x450.jpg?fit=800%2C450&ssl=1&resize=700%2C400 2x"},"classes":[]}],"_links":{"self":[{"href":"https:\/\/www.freidenker.org\/index.php?rest_route=\/wp\/v2\/posts\/16729","targetHints":{"allow":["GET"]}}],"collection":[{"href":"https:\/\/www.freidenker.org\/index.php?rest_route=\/wp\/v2\/posts"}],"about":[{"href":"https:\/\/www.freidenker.org\/index.php?rest_route=\/wp\/v2\/types\/post"}],"author":[{"embeddable":true,"href":"https:\/\/www.freidenker.org\/index.php?rest_route=\/wp\/v2\/users\/3"}],"replies":[{"embeddable":true,"href":"https:\/\/www.freidenker.org\/index.php?rest_route=%2Fwp%2Fv2%2Fcomments&post=16729"}],"version-history":[{"count":0,"href":"https:\/\/www.freidenker.org\/index.php?rest_route=\/wp\/v2\/posts\/16729\/revisions"}],"wp:featuredmedia":[{"embeddable":true,"href":"https:\/\/www.freidenker.org\/index.php?rest_route=\/wp\/v2\/media\/16730"}],"wp:attachment":[{"href":"https:\/\/www.freidenker.org\/index.php?rest_route=%2Fwp%2Fv2%2Fmedia&parent=16729"}],"wp:term":[{"taxonomy":"category","embeddable":true,"href":"https:\/\/www.freidenker.org\/index.php?rest_route=%2Fwp%2Fv2%2Fcategories&post=16729"},{"taxonomy":"post_tag","embeddable":true,"href":"https:\/\/www.freidenker.org\/index.php?rest_route=%2Fwp%2Fv2%2Ftags&post=16729"}],"curies":[{"name":"wp","href":"https:\/\/api.w.org\/{rel}","templated":true}]}}