{"id":16711,"date":"2023-07-29T03:14:46","date_gmt":"2023-07-29T01:14:46","guid":{"rendered":"https:\/\/www.freidenker.org\/?p=16711"},"modified":"2023-09-02T11:06:11","modified_gmt":"2023-09-02T09:06:11","slug":"vortrag-us-kapital-gegen-den-rest-der-welt","status":"publish","type":"post","link":"https:\/\/www.freidenker.org\/?p=16711","title":{"rendered":"Vortrag: US-Kapital gegen den Rest der Welt"},"content":{"rendered":"<ul>\n<li><strong>Krieg, Notstandsregime, Sanktionen<\/strong><\/li>\n<li><strong>Kahlschlag von Industrie, Energie, Gesundheit<\/strong><\/li>\n<li><strong>Armut und Not<\/strong><\/li>\n<\/ul>\n<p><span style=\"font-size: 14pt;\"><em>Vortrag von und Diskussion mit <strong>Dr. Werner R\u00fcgemer<\/strong><\/em><\/span><\/p>\n<p><strong>Donnerstag, 17. August 2023, 18:00 Uhr<\/strong><\/p>\n<p><strong>WeltHaus Heidelberg<\/strong><br \/>\nWilly-Brandt-Platz 5, 69115 Heidelberg<\/p>\n<p>Der US-gef\u00fchrte Kapitalismus ist im Niedergang: wirtschaftlich, menschen- und arbeitsrechtlich, politisch, moralisch und im internationalen Ansehen. Dies betrifft insbesondere die Mehrheit der abh\u00e4ngig Besch\u00e4ftigten mit sinkenden Arbeitseinkommen und Renten: Auch arbeits- und lebensbedingte Krankheiten nehmen zu, die Lebenserwartung sinkt, vor allem in den USA. Diesem Kapitalismus bleibt das letzte Mittel: Die mehrfach h\u00f6here Aufr\u00fcstung und milit\u00e4rische Aktionen rund um den Globus. Insbesondere Russland und China werden zu &#8211; mit allen Mitteln zu bek\u00e4mpfenden &#8211; Systemfeinden erkl\u00e4rt, bis hin zum m\u00f6glichen Atomkrieg in Europa. Doch der &#8222;Rest&#8220; der Welt hat sich l\u00e4ngst besonnen und schlie\u00dft sich gegen &#8222;US-Empire First&#8220; zusammen &#8211; eine neue, multipolare Weltordnung entsteht!<\/p>\n<p>Das <strong>V\u00f6lkerrecht<\/strong> und die Arbeits- und Sozialrechte der UNO sind Grundlage f\u00fcr Demokratie, gute Arbeit, Gesundheit und Schutz der Natur <strong>sowie f\u00fcr kollektive Friedenssicherung<\/strong>.<\/p>\n<p><strong>Diskussion: Wie sich gegen Krise, Krieg, Notstand und Wirtschafts-NATO zur Wehr setzen?\u00a0<\/strong><\/p>\n<p style=\"text-align: right;\"><em>Dr. Werner R\u00fcgemer, K\u00f6ln, ist Philosoph und Publizist. Er ist Sprecher des Beirats des Deutschen Freidenker-Verbandes und Mitglied des Verbandsvorstandes<\/em><\/p>\n<hr \/>\n<p><img data-recalc-dims=\"1\" loading=\"lazy\" decoding=\"async\" data-attachment-id=\"1076\" data-permalink=\"https:\/\/www.freidenker.org\/?attachment_id=1076\" data-orig-file=\"https:\/\/i0.wp.com\/www.freidenker.org\/fw17\/wp-content\/uploads\/2017\/10\/pdf_icon-2.png?fit=32%2C32&amp;ssl=1\" data-orig-size=\"32,32\" data-comments-opened=\"0\" data-image-meta=\"{&quot;aperture&quot;:&quot;0&quot;,&quot;credit&quot;:&quot;&quot;,&quot;camera&quot;:&quot;&quot;,&quot;caption&quot;:&quot;&quot;,&quot;created_timestamp&quot;:&quot;0&quot;,&quot;copyright&quot;:&quot;&quot;,&quot;focal_length&quot;:&quot;0&quot;,&quot;iso&quot;:&quot;0&quot;,&quot;shutter_speed&quot;:&quot;0&quot;,&quot;title&quot;:&quot;&quot;,&quot;orientation&quot;:&quot;0&quot;}\" data-image-title=\"pdf_icon\" data-image-description=\"\" data-image-caption=\"\" data-large-file=\"https:\/\/i0.wp.com\/www.freidenker.org\/fw17\/wp-content\/uploads\/2017\/10\/pdf_icon-2.png?fit=32%2C32&amp;ssl=1\" class=\"alignnone size-full wp-image-1076\" src=\"https:\/\/i0.wp.com\/www.freidenker.org\/fw17\/wp-content\/uploads\/2017\/10\/pdf_icon-2.png?resize=32%2C32&#038;ssl=1\" alt=\"\" width=\"32\" height=\"32\" \/> Den <a href=\"https:\/\/www.freidenker.org\/fw17\/wp-content\/uploads\/2023\/07\/Pub-V4-1.pdf\" target=\"_blank\" rel=\"noopener\">Flyer zur Veranstaltung<\/a> ansehen oder herunterladen (PDF-Dokument, ca. 1,3 MB)<\/p>\n<hr \/>\n<p><span style=\"font-size: 10pt;\">Bild oben: \u00dcbernahme aus dem <a href=\"https:\/\/www.freidenker.org\/fw17\/wp-content\/uploads\/2023\/07\/Pub-V4-1.pdf\" target=\"_blank\" rel=\"noopener\">Flyer<\/a> des Landesverbandes Baden-W\u00fcrttemberg<\/span><\/p>\n","protected":false},"excerpt":{"rendered":"<p><b>Vortrag von und Diskussion mit Dr. Werner R\u00fcgemer<\/b><br \/>\nDonnerstag, 17. August 2023, 18:00 Uhr, WeltHaus Heidelberg, Willy-Brandt-Platz 5, 69115 Heidelberg<br \/>\nDer US-gef\u00fchrte Kapitalismus ist im Niedergang: wirtschaftlich, menschen- und arbeitsrechtlich, politisch, moralisch und im internationalen Ansehen. Dies betrifft insbesondere die Mehrheit der abh\u00e4ngig Besch\u00e4ftigten mit sinkenden Arbeitseinkommen und Renten: Auch arbeits- und lebensbedingte Krankheiten nehmen zu, die Lebenserwartung sinkt, vor allem in den USA. Diesem Kapitalismus bleibt das letzte Mittel: Die mehrfach h\u00f6here Aufr\u00fcstung und milit\u00e4rische Aktionen rund um den Globus. Insbesondere Russland und China werden zu &#8211; mit allen Mitteln zu bek\u00e4mpfenden &#8211; Systemfeinden erkl\u00e4rt, bis hin zum m\u00f6glichen Atomkrieg in Europa. <\/p>\n","protected":false},"author":3,"featured_media":16723,"comment_status":"closed","ping_status":"closed","sticky":false,"template":"","format":"standard","meta":{"colormag_page_container_layout":"default_layout","colormag_page_sidebar_layout":"default_layout","advanced_seo_description":"","jetpack_seo_html_title":"","jetpack_seo_noindex":false,"jetpack_post_was_ever_published":false,"footnotes":""},"categories":[19],"tags":[731,1398,1169,1642,335,728,981,1725,563,1619,719,185,1050,122],"class_list":["post-16711","post","type-post","status-publish","format-standard","has-post-thumbnail","hentry","category-veranstaltungen-in-den-dfv-landesverbaenden","tag-arbeitsrecht","tag-aufruestung","tag-baden-wuerttemberg","tag-deindustrialisierung","tag-frieden","tag-heidelberg","tag-kapital","tag-lv-baden-wuerttemberg","tag-menschenrechte","tag-multipolare-welt","tag-sanktionen","tag-usa","tag-veranstaltung","tag-wirtschaft"],"jetpack_featured_media_url":"https:\/\/i0.wp.com\/www.freidenker.org\/fw17\/wp-content\/uploads\/2023\/07\/Veranst_HD_Ruegemer_2023-08_800x450.jpg?fit=800%2C450&ssl=1","jetpack_shortlink":"https:\/\/wp.me\/p9stpK-4lx","jetpack-related-posts":[{"id":14272,"url":"https:\/\/www.freidenker.org\/?p=14272","url_meta":{"origin":16711,"position":0},"title":"Einladung: Der aktuelle Systemkonflikt","author":"Webredaktion","date":"29. September 2022","format":false,"excerpt":"... zwischen den vom US-Imperium gef\u00fchrten L\u00e4ndern und dem \u201eRest der Welt\u201c Vortrag und Diskussion mit Dr. Werner R\u00fcgemer Donnerstag, 06.10.2022, 18 Uhr, Restaurant Singapur (Saal im Obergeschoss), Marktstra\u00dfe 90, 56564 Neuwied Das Thema: Der US-gef\u00fchrte westliche Kapitalismus steigt ab, in den USA selbst, in der EU und anderen abh\u00e4ngigen\u2026","rel":"","context":"In &quot;Demokratie \u2013 Medien \u2013 Aufkl\u00e4rung&quot;","block_context":{"text":"Demokratie \u2013 Medien \u2013 Aufkl\u00e4rung","link":"https:\/\/www.freidenker.org\/?cat=12"},"img":{"alt_text":"","src":"https:\/\/i0.wp.com\/www.freidenker.org\/fw17\/wp-content\/uploads\/2022\/09\/ruegemer_systemkonflikt_800x450.jpg?fit=800%2C450&ssl=1&resize=350%2C200","width":350,"height":200,"srcset":"https:\/\/i0.wp.com\/www.freidenker.org\/fw17\/wp-content\/uploads\/2022\/09\/ruegemer_systemkonflikt_800x450.jpg?fit=800%2C450&ssl=1&resize=350%2C200 1x, https:\/\/i0.wp.com\/www.freidenker.org\/fw17\/wp-content\/uploads\/2022\/09\/ruegemer_systemkonflikt_800x450.jpg?fit=800%2C450&ssl=1&resize=525%2C300 1.5x, https:\/\/i0.wp.com\/www.freidenker.org\/fw17\/wp-content\/uploads\/2022\/09\/ruegemer_systemkonflikt_800x450.jpg?fit=800%2C450&ssl=1&resize=700%2C400 2x"},"classes":[]},{"id":22251,"url":"https:\/\/www.freidenker.org\/?p=22251","url_meta":{"origin":16711,"position":1},"title":"Gaza: Massaker, Aushungern, Vertreibung stoppen!","author":"Webredaktion","date":"30. Juni 2025","format":false,"excerpt":"Aufruf zu einer \u00fcberregionalen Demonstration in Heidelberg Gaza: Massaker, Aushungern, Vertreibung stoppen! Kriege gegen Iran, Syrien und Libanon beenden! Schluss mit Waffen und Beihilfe aus Deutschland! F\u00fcr einen gerechten Frieden im Nahen Osten! u.a. mit Tsafrir Cohen (medico inernational) und Prof. Helga Baumgarten (Birzeit Universit\u00e4t) am 05.07.2025 in Heidelberg, Auftakt:\u2026","rel":"","context":"In &quot;Frieden - Antifaschismus - Solidarit\u00e4t&quot;","block_context":{"text":"Frieden - Antifaschismus - Solidarit\u00e4t","link":"https:\/\/www.freidenker.org\/?cat=13"},"img":{"alt_text":"","src":"https:\/\/i0.wp.com\/www.freidenker.org\/fw17\/wp-content\/uploads\/2025\/06\/gaza_demo_heidelberg_plakat2_800x450.jpg?fit=800%2C450&ssl=1&resize=350%2C200","width":350,"height":200,"srcset":"https:\/\/i0.wp.com\/www.freidenker.org\/fw17\/wp-content\/uploads\/2025\/06\/gaza_demo_heidelberg_plakat2_800x450.jpg?fit=800%2C450&ssl=1&resize=350%2C200 1x, https:\/\/i0.wp.com\/www.freidenker.org\/fw17\/wp-content\/uploads\/2025\/06\/gaza_demo_heidelberg_plakat2_800x450.jpg?fit=800%2C450&ssl=1&resize=525%2C300 1.5x, https:\/\/i0.wp.com\/www.freidenker.org\/fw17\/wp-content\/uploads\/2025\/06\/gaza_demo_heidelberg_plakat2_800x450.jpg?fit=800%2C450&ssl=1&resize=700%2C400 2x"},"classes":[]},{"id":9693,"url":"https:\/\/www.freidenker.org\/?p=9693","url_meta":{"origin":16711,"position":2},"title":"Heidelberger Wahlkampf-Splitter","author":"Webredaktion","date":"12. M\u00e4rz 2021","format":false,"excerpt":"Beitrag von Hans-Joachim Kahlke Die TransatlANTIFA beklebt momentan in Heidelberg Ampeln u.\u00e4. mit einem Aufkleber \"Den rechten Wahlkampf sabotieren!\" Im Klartext hei\u00dft das, rechte Wahlkampf-Veranstaltungen sind wo halt m\u00f6glich zu blockieren bzw. zu sprengen, rechte Infost\u00e4nde plattzumachen, vor allem jedoch rechte Plakate zu zerst\u00f6ren. Wobei in der Logik der TransatlANTIFA\u2026","rel":"","context":"In &quot;Demokratie \u2013 Medien \u2013 Aufkl\u00e4rung&quot;","block_context":{"text":"Demokratie \u2013 Medien \u2013 Aufkl\u00e4rung","link":"https:\/\/www.freidenker.org\/?cat=12"},"img":{"alt_text":"","src":"https:\/\/i0.wp.com\/www.freidenker.org\/fw17\/wp-content\/uploads\/2021\/03\/Heidelberg_wahlkampfsplitter_800x450.jpg?fit=800%2C450&ssl=1&resize=350%2C200","width":350,"height":200,"srcset":"https:\/\/i0.wp.com\/www.freidenker.org\/fw17\/wp-content\/uploads\/2021\/03\/Heidelberg_wahlkampfsplitter_800x450.jpg?fit=800%2C450&ssl=1&resize=350%2C200 1x, https:\/\/i0.wp.com\/www.freidenker.org\/fw17\/wp-content\/uploads\/2021\/03\/Heidelberg_wahlkampfsplitter_800x450.jpg?fit=800%2C450&ssl=1&resize=525%2C300 1.5x, https:\/\/i0.wp.com\/www.freidenker.org\/fw17\/wp-content\/uploads\/2021\/03\/Heidelberg_wahlkampfsplitter_800x450.jpg?fit=800%2C450&ssl=1&resize=700%2C400 2x"},"classes":[]},{"id":14682,"url":"https:\/\/www.freidenker.org\/?p=14682","url_meta":{"origin":16711,"position":3},"title":"Video: US-gef\u00fchrter Kapitalismus gegen den &#8222;Rest der Welt&#8220;","author":"Webredaktion","date":"16. November 2022","format":false,"excerpt":"Vortrag von Dr. Werner R\u00fcgemer,\u00a0gehalten am 07. 11.2022 in M\u00fcnchen Der US-gef\u00fchrte Kapitalismus ist im Niedergang: Wirtschaftlich, menschen- und arbeitsrechtlich, politisch, moralisch und im internationalen Ansehen. Dies trifft besonders die Mehrheit der abh\u00e4ngig Besch\u00e4ftigten mit sinkenden Einkommen und Renten. Auch arbeits- und lebensbedingte Krankheiten nehmen zu, die Lebenserwartung sinkt, vor\u2026","rel":"","context":"In &quot;Arbeit &amp; Soziales&quot;","block_context":{"text":"Arbeit &amp; Soziales","link":"https:\/\/www.freidenker.org\/?cat=11"},"img":{"alt_text":"","src":"https:\/\/i0.wp.com\/www.freidenker.org\/fw17\/wp-content\/uploads\/2022\/11\/ruegemer_muenchen_saal_800x450.jpg?fit=800%2C450&ssl=1&resize=350%2C200","width":350,"height":200,"srcset":"https:\/\/i0.wp.com\/www.freidenker.org\/fw17\/wp-content\/uploads\/2022\/11\/ruegemer_muenchen_saal_800x450.jpg?fit=800%2C450&ssl=1&resize=350%2C200 1x, https:\/\/i0.wp.com\/www.freidenker.org\/fw17\/wp-content\/uploads\/2022\/11\/ruegemer_muenchen_saal_800x450.jpg?fit=800%2C450&ssl=1&resize=525%2C300 1.5x, https:\/\/i0.wp.com\/www.freidenker.org\/fw17\/wp-content\/uploads\/2022\/11\/ruegemer_muenchen_saal_800x450.jpg?fit=800%2C450&ssl=1&resize=700%2C400 2x"},"classes":[]},{"id":269,"url":"https:\/\/www.freidenker.org\/?p=269","url_meta":{"origin":16711,"position":4},"title":"Die Kirchenvertreter im S\u00fcdwestrundfunk (SWR)","author":"Webmaster","date":"10. Januar 1999","format":false,"excerpt":"In den Aufsichtsgremien der Rundfunkanstalten haben \"gesellschaftlich relevante Gruppen und Institutionen\" das Recht auf Sitz und Stimme. Neben staatlichen Stellen wie Landtag oder Landesregierung sind dies Berufsverb\u00e4nde, Bildungseinrichtungen und verschiedene andere Interessensvertretungen. Immer dabei sind die evangelische und die katholische Religionsgemeinschaft, sowie andere religi\u00f6se Organisationen. Seit dem 1. Oktober 1998\u2026","rel":"","context":"In &quot;Religions- &amp; Kirchenkritik, S\u00e4kulare Szene&quot;","block_context":{"text":"Religions- &amp; Kirchenkritik, S\u00e4kulare Szene","link":"https:\/\/www.freidenker.org\/?cat=15"},"img":{"alt_text":"","src":"https:\/\/i0.wp.com\/www.freidenker.org\/fw17\/wp-content\/uploads\/2016\/07\/Rundfunk_Microphone.jpg?fit=800%2C445&ssl=1&resize=350%2C200","width":350,"height":200,"srcset":"https:\/\/i0.wp.com\/www.freidenker.org\/fw17\/wp-content\/uploads\/2016\/07\/Rundfunk_Microphone.jpg?fit=800%2C445&ssl=1&resize=350%2C200 1x, https:\/\/i0.wp.com\/www.freidenker.org\/fw17\/wp-content\/uploads\/2016\/07\/Rundfunk_Microphone.jpg?fit=800%2C445&ssl=1&resize=525%2C300 1.5x, https:\/\/i0.wp.com\/www.freidenker.org\/fw17\/wp-content\/uploads\/2016\/07\/Rundfunk_Microphone.jpg?fit=800%2C445&ssl=1&resize=700%2C400 2x"},"classes":[]},{"id":21412,"url":"https:\/\/www.freidenker.org\/?p=21412","url_meta":{"origin":16711,"position":5},"title":"Konferenz &#8222;Frieden mit Russland&#8220;","author":"Webredaktion","date":"9. April 2025","format":false,"excerpt":"Am 24. M\u00e4rz 2025 fand in Neuenhagen bei Berlin eine Konferenz des Ostdeutschen Kuratoriums von Verb\u00e4nden e.V. statt. Sie stand unter dem Motto \"Frieden mit Russland\" und war mit 500 Besuchern schon einige Wochen vorher ausverkauft. Die Veranstaltung wurde von Dr. Matthias Werner, Pr\u00e4sident des OKV e.V. und Mitglied des\u2026","rel":"","context":"In &quot;Frieden - Antifaschismus - Solidarit\u00e4t&quot;","block_context":{"text":"Frieden - Antifaschismus - Solidarit\u00e4t","link":"https:\/\/www.freidenker.org\/?cat=13"},"img":{"alt_text":"","src":"https:\/\/i0.wp.com\/www.freidenker.org\/fw17\/wp-content\/uploads\/2025\/04\/2025-03-24-Erklaerung_Titel_800x450.jpg?fit=800%2C450&ssl=1&resize=350%2C200","width":350,"height":200,"srcset":"https:\/\/i0.wp.com\/www.freidenker.org\/fw17\/wp-content\/uploads\/2025\/04\/2025-03-24-Erklaerung_Titel_800x450.jpg?fit=800%2C450&ssl=1&resize=350%2C200 1x, https:\/\/i0.wp.com\/www.freidenker.org\/fw17\/wp-content\/uploads\/2025\/04\/2025-03-24-Erklaerung_Titel_800x450.jpg?fit=800%2C450&ssl=1&resize=525%2C300 1.5x, https:\/\/i0.wp.com\/www.freidenker.org\/fw17\/wp-content\/uploads\/2025\/04\/2025-03-24-Erklaerung_Titel_800x450.jpg?fit=800%2C450&ssl=1&resize=700%2C400 2x"},"classes":[]}],"_links":{"self":[{"href":"https:\/\/www.freidenker.org\/index.php?rest_route=\/wp\/v2\/posts\/16711","targetHints":{"allow":["GET"]}}],"collection":[{"href":"https:\/\/www.freidenker.org\/index.php?rest_route=\/wp\/v2\/posts"}],"about":[{"href":"https:\/\/www.freidenker.org\/index.php?rest_route=\/wp\/v2\/types\/post"}],"author":[{"embeddable":true,"href":"https:\/\/www.freidenker.org\/index.php?rest_route=\/wp\/v2\/users\/3"}],"replies":[{"embeddable":true,"href":"https:\/\/www.freidenker.org\/index.php?rest_route=%2Fwp%2Fv2%2Fcomments&post=16711"}],"version-history":[{"count":0,"href":"https:\/\/www.freidenker.org\/index.php?rest_route=\/wp\/v2\/posts\/16711\/revisions"}],"wp:featuredmedia":[{"embeddable":true,"href":"https:\/\/www.freidenker.org\/index.php?rest_route=\/wp\/v2\/media\/16723"}],"wp:attachment":[{"href":"https:\/\/www.freidenker.org\/index.php?rest_route=%2Fwp%2Fv2%2Fmedia&parent=16711"}],"wp:term":[{"taxonomy":"category","embeddable":true,"href":"https:\/\/www.freidenker.org\/index.php?rest_route=%2Fwp%2Fv2%2Fcategories&post=16711"},{"taxonomy":"post_tag","embeddable":true,"href":"https:\/\/www.freidenker.org\/index.php?rest_route=%2Fwp%2Fv2%2Ftags&post=16711"}],"curies":[{"name":"wp","href":"https:\/\/api.w.org\/{rel}","templated":true}]}}