{"id":16692,"date":"2023-07-26T20:01:49","date_gmt":"2023-07-26T18:01:49","guid":{"rendered":"https:\/\/www.freidenker.org\/?p=16692"},"modified":"2023-09-02T11:05:19","modified_gmt":"2023-09-02T09:05:19","slug":"pflugschare-zu-schwertern","status":"publish","type":"post","link":"https:\/\/www.freidenker.org\/?p=16692","title":{"rendered":"Pflugschare zu Schwertern"},"content":{"rendered":"<p><strong>Die Zeitenwende offenbart den Verfall des westlichen Denkens und seiner Werte. Selbst Teile der Friedensbewegung sind deren Umdeutung zum Opfer gefallen. Ihre Parole \u201eSchwerter zu Pflugscharen\u201c hat ausgedient. Nirgendwo wird dieser Verfall deutlicher als bei den Gr\u00fcnen. Was hat zu diesem Wandel im politischen Denken gef\u00fchrt?<\/strong><\/p>\n<p><em>Ein Standpunkt von <strong>R\u00fcdiger Rauls<\/strong><\/em><\/p>\n<p><span style=\"font-size: 10pt;\">Auch ver\u00f6ffentlicht am 17.07.2023 auf <a href=\"https:\/\/apolut.net\/pflugschare-zu-schwertern-ruediger-rauls\/\" target=\"_blank\" rel=\"noopener\">apolut.net<\/a><\/span><\/p>\n<p>Den Beitrag als Audio anh\u00f6ren:<\/p>\n<audio class=\"wp-audio-shortcode\" id=\"audio-16692-1\" preload=\"none\" style=\"width: 100%;\" controls=\"controls\"><source type=\"audio\/mpeg\" src=\"https:\/\/apolut.net\/multimedia_apolut\/podcast\/standpunkte-20230717-apolut.mp3?_=1\" \/><a href=\"https:\/\/apolut.net\/multimedia_apolut\/podcast\/standpunkte-20230717-apolut.mp3\">https:\/\/apolut.net\/multimedia_apolut\/podcast\/standpunkte-20230717-apolut.mp3<\/a><\/audio>\n<p><span style=\"font-size: 10pt;\">bereitgestellt durch\u00a0<a href=\"https:\/\/apolut.net\/pflugschare-zu-schwertern-ruediger-rauls\/\" target=\"_blank\" rel=\"noopener\">apolut.net<\/a>\u00a0\u2013\u00a0<a href=\"https:\/\/apolut.net\/multimedia_apolut\/podcast\/standpunkte-20230717-apolut.mp3\" target=\"_blank\" rel=\"noopener\">MP3-Datei downloaden<\/a>)<\/span><\/p>\n<p><span style=\"font-size: 10pt;\">Der Beitrag ist bei\u00a0<a href=\"https:\/\/apolut.net\/pflugschare-zu-schwertern-ruediger-rauls\/\" target=\"_blank\" rel=\"noopener\">apolut.net<\/a>\u00a0auch\u00a0<a href=\"https:\/\/tube4.apolut.net\/w\/fEkY4fuuo4badDPt1dssZZ\" target=\"_blank\" rel=\"noopener\">als Video<\/a>\u00a0verf\u00fcgbar.<\/span><\/p>\n<p>&nbsp;<\/p>\n<h5>Werte, Werte \u00fcber alles<\/h5>\n<p>Gr\u00fcne wie Alternative und so manche, die sich als Linke verstehen, haben ihre Wurzeln in der Friedensbewegung der 1980er Jahre. Das Wettr\u00fcsten zu beenden, um einen atomar ausgetragenen Dritten Weltkrieg zu verhindern, war das Anliegen dieser damaligen Massenbewegung. Ein Umdenken innerhalb der V\u00f6lker des Westens gegen\u00fcber den Russen hatte zu dieser Entwicklung gef\u00fchrt. Trotz aller Angst, die nach dem Zweiten Weltkrieg gesch\u00fcrt worden war, hatte sich die Erkenntnis durchgesetzt, dass die Volker der Sowjetunion wie die im Westen auch nichts anderes als ein friedliches Leben wollen und eine freundliche Zukunft f\u00fcr ihre Kinder.<\/p>\n<p>Nach der Niederlage der USA im Vietnamkrieg war ab dem Ende der 1970er Jahre der Kampf f\u00fcr die Menschenrechte die neue Strategie des Westens gegen\u00fcber der Sowjetunion. Die Niederlagen im Osten Asiens hatten deutlich gemacht, dass der Sozialismus milit\u00e4risch nicht zu besiegen war. F\u00fcr dieses Ziel hatte sich die Menschenrechts-Strategie als erfolgreicher erwiesen. Mit dem Untergang der Sowjetunion und der Vernichtung Jugoslawiens schien auch der Sozialismus besiegt. Die westliche Demokratie schien sich als \u00fcberlegene Gesellschaftsform herausgestellt zu haben.<\/p>\n<p>Die Friedensbewegung hatte die Aufstellung neuer Raketen in Europa nicht verhindern k\u00f6nnen. Sie zerfiel nach dieser Niederlage und konnte keine neue Perspektive entwickeln. In der Folge\u00a0 durchdrang die siegreiche Werteorientierung immer mehr die westlichen Gesellschaften und bestimmt seitdem das Denken ihrer Eliten besonders in\u00a0 Bildung, Kultur, Medien und Politik. Werteorientierung ist Teil der westlichen DNA geworden.<\/p>\n<p>In Schulen und Universit\u00e4ten waren immer gr\u00f6\u00dfere Teile der Gesellschaft mit dieser N\u00e4hrl\u00f6sung aufgezogen worden. Das Denken der nachfolgenden Generationen wurde durch sie gepr\u00e4gt, denn mit dem Untergang des Sozialismus gab es kein anderes Weltbild mehr. Allgegenw\u00e4rtig in den westlichen Gesellschaften, blieb der Einfluss des Wertedenkens auch nicht ohne Auswirkungen selbst auf jene Kr\u00e4fte, die Kapitalismus, NATO und dem westlichen Imperialismus ablehnend gegen\u00fcberstanden.<\/p>\n<p>Diese Kr\u00e4fte, zu denen besonders die Gr\u00fcnen sowie weite Teile der Linken, Alternativen und Intellektuellen geh\u00f6ren, lehnten diese Werte nicht ab. Im Gegenteil: Sie sahen sich aufgrund ihrer Vergangenheit im Eintreten f\u00fcr Frieden und soziale Gerechtigkeit als die wahren Verteidiger der Werte. Je mehr aber die Kriegsgefahr nach dem Ende der Blockkonfrontation in den Hintergrund getreten war, umso mehr trat bei den Werteorientierten das Engagement besonders f\u00fcr all jene in den Vordergrund, die als schutzbed\u00fcrftig und benachteiligt angesehen wurden.<\/p>\n<p>So setzten sich Gr\u00fcne, Linke und Alternative immer st\u00e4rker ein f\u00fcr Themen wie den Schutz von Umwelt und Tieren, die Identit\u00e4tsrechte von Minderheiten und gegen jegliche Form von Diskriminierung. Das politische Bewusstsein, das die fr\u00fche Friedensbewegung noch sehr stark gepr\u00e4gt hatte, war mehr und mehr einer emotionalen, moralischen und eigentlich unpolitischen\u00a0 Haltung gewichen. Harmoniestreben ersetzte zunehmend das Benennen der Interessengegens\u00e4tze. Ganz aus dem politischen Denken verschwunden war das Wissen um die verschiedenen gesellschaftlichen Klassen mit ihren entsprechenden Interessen.<\/p>\n<h5><strong>Missbrauch der Werte<\/strong><\/h5>\n<p>Wertegeleitetes Denken und Handeln bestimmt mittlerweile Medien, Kultur und Politik. Hier wird die \u00f6ffentliche Meinung gebildet. Dieses Denken erreicht seinen H\u00f6hepunkt bei Gruppen wie Fridays for Future (FfF) und all jenen, die sich dem Kampf gegen jede Art vermeintlicher Diskriminierung verschrieben haben. Das Gendern ist das \u00f6ffentliche Zurschaustellen des eigenen diskriminierungsfreien Verhaltens,\u00a0 worin aber gleichzeitig auch Abgrenzung gegen\u00fcber der Mehrheitsgesellschaft mitschwingt.<\/p>\n<p>Denn diese orientiert sich mehr an Interessen als an Werten und f\u00fchlt sich durch das p\u00e4dagogische Auftreten der Wertemissionare von oben herab behandelt. Sie sieht darin das Bestreben, Andersdenkende belehren und erziehen zu wollen.\u00a0 Mit ihrem demonstrativ gutmenschlichen und diskriminierungsfreien Gebaren rufen die Wertegeleiteten Unmut und Groll im Rest der Gesellschaft hervor. Soweit sie diesen Konflikt \u00fcberhaupt sp\u00fcren, l\u00f6sen sie ihn f\u00fcr sich auf, indem sie bei der Mehrheit\u00a0 Gleichg\u00fcltigkeit oder mangelndes Bewusstsein sehen.<\/p>\n<p>Denn die Wertevertreter halten sich nicht nur f\u00fcr moralisch \u00fcberlegen sondern aufgrund ihrer meist h\u00f6heren formalen Bildungsabschl\u00fcsse f\u00fcr besser informiert und damit auch intellektuell auf einem h\u00f6heren Stand. Solch elit\u00e4res Denken gipfelt in einer feministischen Au\u00dfenpolitik, die anderen Staaten und V\u00f6lkern glaubt, Vorschriften machen zu d\u00fcrfen, wie sie ihre Gesellschaften zu gestalten haben.<\/p>\n<p>So hat sich schleichend in der Gesellschaft aus einer ehemals breiten Massenbewegung f\u00fcr den Frieden besonders im intellektuellen Milieu eine elit\u00e4re Denkweise entwickelt. Die Grundlage dieses Denkens ist die Vorstellung eigener \u00dcberlegenheit. Die Eliten des Kaiserreichs glaubten sich \u00fcberlegen durch die deutschen Tugenden, an denen die Welt genesen sollte, der Faschismus durch die angebliche rassische \u00dcberlegenheit des arischen Herrenmenschen. Heute soll die\u00a0 Welt an den westlichen Werten genesen. Das westliche \u00dcberlegenheitsdenken ist geblieben, nur hat es andere Formen angenommen und neue Tr\u00e4ger gefunden.<\/p>\n<h5><strong>Unantastbar<\/strong><\/h5>\n<p>Dieses Gef\u00fchl der \u00dcberlegenheit macht die Werteorientierten unerreichbar f\u00fcr\u00a0 Zweifel und andere Sichtweisen und damit auch unbelehrbar. All diese zur Schau getragene moralische und intellektuelle \u00dcberlegenheit ist aber nur vordergr\u00fcndig, hat wenig Festigkeit, wenig Tiefe.<\/p>\n<p>Die Werteorientierten leben nicht von der \u00dcberzeugungskraft ihrer Werte sondern von deren Unantastbarkeit. Sie profitierten von der Scheu im Rest der Gesellschaft, dem Werteges\u00e4usel auf den Zahn zu f\u00fchlen. Sie n\u00e4hren sich aus dem Tabu, dass die westlichen Werte und ihre Inhalte nicht hinterfragt werden d\u00fcrfen, ohne sich dem Vorwurf der R\u00fcckst\u00e4ndigkeit, Wissenschaftsfeindlichkeit oder gar Rechtslastigkeit auszusetzen.<\/p>\n<p>Diese Eiferer setzen auf die Lautst\u00e4rke ihrer Emp\u00f6rung und moralischen Entr\u00fcstung. Aber sie k\u00f6nnen nur unzureichend argumentieren, kaum \u00fcberzeugen. Was ihnen fehlt, ist die Klarheit eines Weltbildes, das nur entsteht aus der vorurteilsfreien Betrachtung der Welt und aus dem Ringen um das Erkennen der Wirklichkeit. Das aber entsteht allein aus einem Meinungsaustausch im Interesse an Erkenntnis.<\/p>\n<p>Darin liegt gerade die Schw\u00e4che der Werteorientierung. Es fehlt an politischem Bewusstsein, es fehlen die klaren Standpunkte, die ihre Festigkeit erworben haben im Austausch mit anderen Ansichten, Meinungen und Argumenten. Die Werteorientierten erhalten ihren Standpunkt gerade aus dem Vermeiden des Meinungsaustauschs. Sie schotten sich ab von den Widerspr\u00fcchen, indem sie sich hinter ihren Werten verbarrikadieren. Vor allem aber fehlt es ihnen an Klarheit \u00fcber die Grundlagen von Entwicklung, wie sie der Materialismus anbietet.<\/p>\n<p>Dass sie sich mit politischen Themen besch\u00e4ftigen, bedeutet nicht, dass sie \u00fcber politisches Bewusstsein verf\u00fcgen. Dazu fehlt ihnen das Erkennen politischer Zusammenh\u00e4nge. Sie begn\u00fcgen sich mit dem Gef\u00fchl, aufgrund der Werte, die sie vertreten, und aufgrund der Bildung, die sie zu haben glauben, die Vorg\u00e4nge in der Welt zu durchschauen. Und da beides von der Gesellschaft nicht infrage gestellt wird, bekommt dieses Selbstbild auch kaum Risse.<\/p>\n<p>Ihr politisches Bewusstsein geht \u00fcber Appelle, Forderungen und\u00a0 platte Parolen kaum hinaus. In dieser Form tragen sie ihr Weltbild vor sich her zur Schau wie die Katholiken die Monstranz an Fronleichnam. Beiden ist gemeinsam, dass die wenigsten von ihnen ihr Handeln begr\u00fcnden, die Hintergr\u00fcnde verst\u00e4ndlich machen und Zusammenh\u00e4nge darstellen k\u00f6nnen. Werteorientierung ergeht sich in oberfl\u00e4chlichen Aussagen, die meist nur das Offensichtliche feststellen.<\/p>\n<h5><strong>Zeitenwenden<\/strong><\/h5>\n<p>Dieser Verfall von politischem Bewusstsein hatte erstmals schwerwiegende Folgen beim Krieg gegen Jugoslawien. Der gr\u00fcnen F\u00fchrungsriege gen\u00fcgte die amerikanische Behauptung, dass in Jugoslawien ein V\u00f6lkermord drohe. Man m\u00fcsse diesen Krieg f\u00fchren, um ein zweites Auschwitz zu verhindern. Dazu wurde die Formel der Antikriegsbewegung \u201eNie wieder Krieg\u201c geschickt umgewandelt in den Appell \u201eNie wieder V\u00f6lkermord\u201c, \u201edenn es gibt noch Wichtigeres als \u201eNie wieder Krieg!\u201c (1).<\/p>\n<p>Mit dieser Manipulation wurde Verwirrung geschaffen und der Angriff auf Jugoslawien m\u00f6glich. Denn wer h\u00e4tte sich schon dem Vorwurf aussetzen lassen,\u00a0 V\u00f6lkermord nicht verhindern zu wollen? Besoffen von Wertedenken und gebauchpinselt in der Rolle, endlich mitentscheiden zu d\u00fcrfen, liefen die Gr\u00fcnen den Amerikanern hinterher.<\/p>\n<p>Dass es sich dabei um dieselben Amerikaner handelte, gegen deren Vietnamkrieg noch Jahre zuvor die Fischer, Cohn-Bendit und viele gr\u00fcne Friedenstauben demonstriert hatten, spielte keine Rolle mehr. \u00dcber Nacht schien alles vergessen: die Fragw\u00fcrdigkeit amerikanischer Aussagen und Zusicherungen. Die Erfahrungen mit der R\u00fccksichtslosigkeit der US-Politik in S\u00fcdostasien, in Chile, Kuba und S\u00fcdamerika.<\/p>\n<p>Vergessen die Invasion in der Schweinebucht und all die anderen Putsche,\u00a0 Putschversuche und F\u00f6rderung von Putschen in S\u00fcdamerika und \u00fcberall sonst in der Welt. Vergessen die weltweit von der CIA gef\u00f6rderte Umst\u00fcrze und die Errichtung und Unterst\u00fctzung von Folterregimen unter dem Schah, unter Pinochet und all den vielen anderen.<\/p>\n<p>Vergessen\u00a0 die Unterst\u00fctzung regierungsfeindlicher Gruppen. Vergessen all die niedergeschlagenen Proteste der V\u00f6lker der Welt f\u00fcr ein besseres Leben. Vergessen Hiroshima und Nagasaki. Vergessen die lange Geschichte der amerikanische Verletzungen der Menschenrechte, auch all die L\u00fcgen, mit denen diese Verbrechen gerechtfertigt worden waren. Alles gel\u00f6scht aus dem politischen Bewusstsein und gr\u00fcnen Ged\u00e4chtnis.<\/p>\n<p>Die Gr\u00fcnen waren auf einmal wichtig. Endlich sahen sie sich anerkannt in ihrer Rolle, von der sie glaubten, dass sie ihnen zukam aufgrund ihres moralischen und intellektuellen Niveaus. Nun konnten sie beweisen, dass sie Politik nicht nur gut machen konnten, sondern sogar besser als die anderen. Die Macht, an der man endlich teilhaben durfte, wollte man nutzen und sich ihrer w\u00fcrdig erweisen. Da standen alle moralischen Zweifel und politischen Bedenken zur\u00fcck, da wurden die letzten Reste politischen Bewusstseins im Suff der Macht ertr\u00e4nkt.<\/p>\n<p>Nicht zu unrecht sagt der Volksmund: \u201eWem Gott ein Amt gibt, dem nimmt er den Verstand.\u201c Es ist vielleicht kein Zufall, dass Zeitenwenden immer mit der Regierung der Gr\u00fcnen zusammengefallen sind. Ihr Denken unterscheidet sich kaum von dem der etablierten Parteien, die bisher die Macht unter sich aufgeteilt hatten, bis auf einen entscheidenden Unterschied: Die Gr\u00fcnen glauben, es\u00a0 sogar noch besser machen zu k\u00f6nnen aufgrund ihrer intellektuellen \u00dcberlegenheit.<\/p>\n<p>Das wollen sie mit gr\u00f6\u00dferer Entschlossenheit, aber auch mit weniger\u00a0 moralischen Vorbehalten unter Beweis stellen. Das gilt nicht nur f\u00fcr die Gr\u00fcnen sondern auch f\u00fcr viele andere linke und alternative Kr\u00e4fte, die ebenso in den Vorstellungen moralischer und intellektueller \u00dcberlegenheit denken. Mit einer guten Begr\u00fcndung im \u00c4rmel k\u00f6nnen dann aus Pflugscharen auch wieder Schwerter geschmiedet werden. Es muss aber etwas mit Werten zu tun haben.<\/p>\n<p style=\"text-align: right;\"><em>R\u00fcdiger Rauls ist Buchautor und betreibt den Blog <a href=\"https:\/\/ruedigerraulsblog.wordpress.com\/\">Politische Analyse<\/a><\/em><\/p>\n<p><strong>Quelle:<\/strong><\/p>\n<p>(1) <a href=\"..\/..\/OneDrive\/Bilder\/Screenshots\/2023-02-28%20%20(1).png\">Frankfurter Allgemeine Zeitung vom 28022023 &#8222;Nie wieder V\u00f6lkermord<\/a>\u201c<\/p>\n<hr \/>\n<p><span style=\"font-size: 10pt;\">Bild: Skulptur &#8222;Schwerter zu Pflugscharen&#8220; von Jewgeni Wutschetitsch im Garten des UNO-Hauptquartiers in New York. Die Skulptur ist ein Geschenk der Sowjetunion, welches 1959 an die UNO \u00fcbergeben wurde.<\/span><br \/>\n<span style=\"font-size: 10pt;\">Foto: Colin W, <a href=\"https:\/\/creativecommons.org\/licenses\/by-sa\/3.0\" target=\"_blank\" rel=\"noopener\">CC BY-SA 3.0<\/a>, <\/span><br \/>\n<span style=\"font-size: 10pt;\">Quelle: <a href=\"https:\/\/commons.wikimedia.org\/w\/index.php?curid=46796986\" target=\"_blank\" rel=\"noopener\">https:\/\/commons.wikimedia.org\/w\/index.php?curid=46796986<\/a> <\/span><\/p>\n<p>&nbsp;<\/p>\n","protected":false},"excerpt":{"rendered":"<p><b>Standpunkt von R\u00fcdiger Rauls<\/b><br \/>\nGr\u00fcne wie Alternative und so manche, die sich als Linke verstehen, haben ihre Wurzeln in der Friedensbewegung der 1980er Jahre. Das Wettr\u00fcsten zu beenden, um einen atomar ausgetragenen Dritten Weltkrieg zu verhindern, war das Anliegen dieser damaligen Massenbewegung. Ein Umdenken innerhalb der V\u00f6lker des Westens gegen\u00fcber den Russen hatte zu dieser Entwicklung gef\u00fchrt. Trotz aller Angst, die nach dem Zweiten Weltkrieg gesch\u00fcrt worden war, hatte sich die Erkenntnis durchgesetzt, dass die Volker der Sowjetunion wie die im Westen auch nichts anderes als ein friedliches Leben wollen und eine freundliche Zukunft f\u00fcr ihre Kinder. Nach der Niederlage der USA im Vietnamkrieg war ab dem Ende der 1970er Jahre der Kampf f\u00fcr die Menschenrechte die neue Strategie des Westens gegen\u00fcber der Sowjetunion. <\/p>\n","protected":false},"author":3,"featured_media":16693,"comment_status":"closed","ping_status":"closed","sticky":false,"template":"","format":"standard","meta":{"colormag_page_container_layout":"default_layout","colormag_page_sidebar_layout":"default_layout","advanced_seo_description":"","jetpack_seo_html_title":"","jetpack_seo_noindex":false,"jetpack_post_was_ever_published":false,"footnotes":""},"categories":[13],"tags":[1547,43,1282,1734,1103,1865,564,185,989,1624,1160,1864],"class_list":["post-16692","post","type-post","status-publish","format-standard","has-post-thumbnail","hentry","category-frieden-antifaschismus-solidaritaet","tag-bewusstsein","tag-friedensbewegung","tag-gruene","tag-pazifismus","tag-putsch","tag-schwerter-zu-pflugscharen","tag-sozialismus","tag-usa","tag-vietnamkrieg","tag-werte","tag-werteorientierung","tag-zeitenwende"],"jetpack_featured_media_url":"https:\/\/i0.wp.com\/www.freidenker.org\/fw17\/wp-content\/uploads\/2023\/07\/Garden_UNO_New_York_800x450.jpg?fit=800%2C450&ssl=1","jetpack_shortlink":"https:\/\/wp.me\/p9stpK-4le","jetpack-related-posts":[{"id":17932,"url":"https:\/\/www.freidenker.org\/?p=17932","url_meta":{"origin":16692,"position":0},"title":"Bauernsalami","author":"Webredaktion","date":"21. Januar 2024","format":false,"excerpt":"Beitrag von R\u00fcdiger Rauls Die Verunglimpfung als Taktik gegen die Proteste der Landwirte ist nach hinten losgegangen. Die Regierungsparteien suchen nun das Gespr\u00e4ch mit ihnen. Es wird sich zeigen, welche Vorschl\u00e4ge kommen, wie weit die Bauern darauf eingehen werden und welche Auswirkungen das auf die gesamte Bewegung hat. Die Behinderungen\u2026","rel":"","context":"In &quot;Arbeit &amp; Soziales&quot;","block_context":{"text":"Arbeit &amp; Soziales","link":"https:\/\/www.freidenker.org\/?cat=11"},"img":{"alt_text":"","src":"https:\/\/i0.wp.com\/www.freidenker.org\/fw17\/wp-content\/uploads\/2024\/01\/Muenchen_Bauernproteste_2024-01-08_2043_800x450.jpg?fit=800%2C450&ssl=1&resize=350%2C200","width":350,"height":200,"srcset":"https:\/\/i0.wp.com\/www.freidenker.org\/fw17\/wp-content\/uploads\/2024\/01\/Muenchen_Bauernproteste_2024-01-08_2043_800x450.jpg?fit=800%2C450&ssl=1&resize=350%2C200 1x, https:\/\/i0.wp.com\/www.freidenker.org\/fw17\/wp-content\/uploads\/2024\/01\/Muenchen_Bauernproteste_2024-01-08_2043_800x450.jpg?fit=800%2C450&ssl=1&resize=525%2C300 1.5x, https:\/\/i0.wp.com\/www.freidenker.org\/fw17\/wp-content\/uploads\/2024\/01\/Muenchen_Bauernproteste_2024-01-08_2043_800x450.jpg?fit=800%2C450&ssl=1&resize=700%2C400 2x"},"classes":[]},{"id":15565,"url":"https:\/\/www.freidenker.org\/?p=15565","url_meta":{"origin":16692,"position":1},"title":"Keinen Euro f\u00fcr den Krieg","author":"Webredaktion","date":"22. M\u00e4rz 2023","format":false,"excerpt":"Beitrag von R\u00fcdiger Rauls Wenn die Lebensgrundlagen auf dem Treibsand der Ver\u00e4nderung zusammenzubrechen drohen, verst\u00e4rkt sich die Suche nach gesicherten Fundamenten f\u00fcr die Gestaltung der Zukunft. Dabei suchen viele nach L\u00f6sungen bei Denkern und Philosophen vergangener Zeiten. Wieder andere nehmen Anleihen bei Religionen, Sekten, den Glaubenswelten anderer Kulturen oder der\u2026","rel":"","context":"In &quot;Weltanschauung &amp; Philosophie&quot;","block_context":{"text":"Weltanschauung &amp; Philosophie","link":"https:\/\/www.freidenker.org\/?cat=16"},"img":{"alt_text":"","src":"https:\/\/i0.wp.com\/www.freidenker.org\/fw17\/wp-content\/uploads\/2023\/03\/meadow-75050_800x450.jpg?fit=800%2C450&ssl=1&resize=350%2C200","width":350,"height":200,"srcset":"https:\/\/i0.wp.com\/www.freidenker.org\/fw17\/wp-content\/uploads\/2023\/03\/meadow-75050_800x450.jpg?fit=800%2C450&ssl=1&resize=350%2C200 1x, https:\/\/i0.wp.com\/www.freidenker.org\/fw17\/wp-content\/uploads\/2023\/03\/meadow-75050_800x450.jpg?fit=800%2C450&ssl=1&resize=525%2C300 1.5x, https:\/\/i0.wp.com\/www.freidenker.org\/fw17\/wp-content\/uploads\/2023\/03\/meadow-75050_800x450.jpg?fit=800%2C450&ssl=1&resize=700%2C400 2x"},"classes":[]},{"id":8579,"url":"https:\/\/www.freidenker.org\/?p=8579","url_meta":{"origin":16692,"position":2},"title":"Das politisierte Virus","author":"Webredaktion","date":"5. September 2020","format":false,"excerpt":"Beitrag von R\u00fcdiger Rauls Das Covid19-Virus ist nicht nur eine Gefahr f\u00fcr Leib und Leben, es bedroht auch das Gef\u00fcge der globalen Beziehungen und stellt die Stabilit\u00e4t besonders der westlichen Gesellschaften in Frage. Im Jahre 2015 hatte China die Initiative \u201eMade in China 2025\u201c ausgerufen. Damit hatte das Land gewagt,\u2026","rel":"","context":"In &quot;Demokratie \u2013 Medien \u2013 Aufkl\u00e4rung&quot;","block_context":{"text":"Demokratie \u2013 Medien \u2013 Aufkl\u00e4rung","link":"https:\/\/www.freidenker.org\/?cat=12"},"img":{"alt_text":"","src":"https:\/\/i0.wp.com\/www.freidenker.org\/fw17\/wp-content\/uploads\/2020\/09\/china-virus-corona_800x450.jpg?fit=800%2C450&ssl=1&resize=350%2C200","width":350,"height":200,"srcset":"https:\/\/i0.wp.com\/www.freidenker.org\/fw17\/wp-content\/uploads\/2020\/09\/china-virus-corona_800x450.jpg?fit=800%2C450&ssl=1&resize=350%2C200 1x, https:\/\/i0.wp.com\/www.freidenker.org\/fw17\/wp-content\/uploads\/2020\/09\/china-virus-corona_800x450.jpg?fit=800%2C450&ssl=1&resize=525%2C300 1.5x, https:\/\/i0.wp.com\/www.freidenker.org\/fw17\/wp-content\/uploads\/2020\/09\/china-virus-corona_800x450.jpg?fit=800%2C450&ssl=1&resize=700%2C400 2x"},"classes":[]},{"id":16063,"url":"https:\/\/www.freidenker.org\/?p=16063","url_meta":{"origin":16692,"position":3},"title":"Tr\u00fcgerische Sicherheit","author":"Webredaktion","date":"14. Mai 2023","format":false,"excerpt":"Beitrag von R\u00fcdiger Rauls Gold und amerikanische Staatsanleihen galten \u00fcber Jahrzehnte als die sicheren Anlagen schlechthin. In Bezug auf die US-Titel hat der Kapitalismus selbst dieses Glaubensbekenntnis als T\u00e4uschung entlarvt. Die amerikanischen Schuldentitel entwickeln sich zunehmend zu einem Problem f\u00fcr Banken und Schattenbanken. War die Weltfinanzkrise von 2007\/8 ausgel\u00f6st worden\u2026","rel":"","context":"In &quot;Demokratie \u2013 Medien \u2013 Aufkl\u00e4rung&quot;","block_context":{"text":"Demokratie \u2013 Medien \u2013 Aufkl\u00e4rung","link":"https:\/\/www.freidenker.org\/?cat=12"},"img":{"alt_text":"","src":"https:\/\/i0.wp.com\/www.freidenker.org\/fw17\/wp-content\/uploads\/2023\/05\/financial-crisis-544944_800x450.jpg?fit=800%2C450&ssl=1&resize=350%2C200","width":350,"height":200,"srcset":"https:\/\/i0.wp.com\/www.freidenker.org\/fw17\/wp-content\/uploads\/2023\/05\/financial-crisis-544944_800x450.jpg?fit=800%2C450&ssl=1&resize=350%2C200 1x, https:\/\/i0.wp.com\/www.freidenker.org\/fw17\/wp-content\/uploads\/2023\/05\/financial-crisis-544944_800x450.jpg?fit=800%2C450&ssl=1&resize=525%2C300 1.5x, https:\/\/i0.wp.com\/www.freidenker.org\/fw17\/wp-content\/uploads\/2023\/05\/financial-crisis-544944_800x450.jpg?fit=800%2C450&ssl=1&resize=700%2C400 2x"},"classes":[]},{"id":6911,"url":"https:\/\/www.freidenker.org\/?p=6911","url_meta":{"origin":16692,"position":4},"title":"Hongkong und die chinesische\u00a0Bedrohung","author":"Webredaktion","date":"3. September 2019","format":false,"excerpt":"Beitrag von R\u00fcdiger Rauls Die Proteste in Hongkong mit der Einmischung Pekings, dem Wirken des Finanzkapitals oder obskurer Kr\u00e4fte im Hintergrund zu erkl\u00e4ren, d\u00fcrfte als Erkl\u00e4rung nicht ausreichen. Auch der von unseren Medien immer wieder ins Spiel gebrachte Freiheitsdrang und Ruf nach Demokratie entspringen sicherlich zu einem ganz geh\u00f6rigen Ma\u00dfe\u2026","rel":"","context":"In &quot;Demokratie \u2013 Medien \u2013 Aufkl\u00e4rung&quot;","block_context":{"text":"Demokratie \u2013 Medien \u2013 Aufkl\u00e4rung","link":"https:\/\/www.freidenker.org\/?cat=12"},"img":{"alt_text":"","src":"https:\/\/i0.wp.com\/www.freidenker.org\/fw17\/wp-content\/uploads\/2019\/09\/Hong_Kong_Central_District_Night_View_201305_800x445.jpg?fit=800%2C445&ssl=1&resize=350%2C200","width":350,"height":200,"srcset":"https:\/\/i0.wp.com\/www.freidenker.org\/fw17\/wp-content\/uploads\/2019\/09\/Hong_Kong_Central_District_Night_View_201305_800x445.jpg?fit=800%2C445&ssl=1&resize=350%2C200 1x, https:\/\/i0.wp.com\/www.freidenker.org\/fw17\/wp-content\/uploads\/2019\/09\/Hong_Kong_Central_District_Night_View_201305_800x445.jpg?fit=800%2C445&ssl=1&resize=525%2C300 1.5x, https:\/\/i0.wp.com\/www.freidenker.org\/fw17\/wp-content\/uploads\/2019\/09\/Hong_Kong_Central_District_Night_View_201305_800x445.jpg?fit=800%2C445&ssl=1&resize=700%2C400 2x"},"classes":[]},{"id":6458,"url":"https:\/\/www.freidenker.org\/?p=6458","url_meta":{"origin":16692,"position":5},"title":"Amerika gegen den Rest der Welt","author":"Webredaktion","date":"25. Mai 2019","format":false,"excerpt":"Beitrag von R\u00fcdiger Rauls Es gibt kaum noch ein Land, mit dem die USA nicht in Konflikt sind. Mit Z\u00f6llen und Sanktionen versuchen sie, wirtschaftlichen und politische Konkurrenten ihren Willen aufzuzwingen. Angeblich geht es um ideelle Werte. Aber das Elend der betroffenen V\u00f6lker l\u00e4sst sie kalt. Ganz unverhohlen bedauern die\u2026","rel":"","context":"In &quot;Demokratie \u2013 Medien \u2013 Aufkl\u00e4rung&quot;","block_context":{"text":"Demokratie \u2013 Medien \u2013 Aufkl\u00e4rung","link":"https:\/\/www.freidenker.org\/?cat=12"},"img":{"alt_text":"","src":"https:\/\/i0.wp.com\/www.freidenker.org\/fw17\/wp-content\/uploads\/2019\/05\/flag-1974161_800x445.jpg?fit=800%2C445&ssl=1&resize=350%2C200","width":350,"height":200,"srcset":"https:\/\/i0.wp.com\/www.freidenker.org\/fw17\/wp-content\/uploads\/2019\/05\/flag-1974161_800x445.jpg?fit=800%2C445&ssl=1&resize=350%2C200 1x, https:\/\/i0.wp.com\/www.freidenker.org\/fw17\/wp-content\/uploads\/2019\/05\/flag-1974161_800x445.jpg?fit=800%2C445&ssl=1&resize=525%2C300 1.5x, https:\/\/i0.wp.com\/www.freidenker.org\/fw17\/wp-content\/uploads\/2019\/05\/flag-1974161_800x445.jpg?fit=800%2C445&ssl=1&resize=700%2C400 2x"},"classes":[]}],"_links":{"self":[{"href":"https:\/\/www.freidenker.org\/index.php?rest_route=\/wp\/v2\/posts\/16692","targetHints":{"allow":["GET"]}}],"collection":[{"href":"https:\/\/www.freidenker.org\/index.php?rest_route=\/wp\/v2\/posts"}],"about":[{"href":"https:\/\/www.freidenker.org\/index.php?rest_route=\/wp\/v2\/types\/post"}],"author":[{"embeddable":true,"href":"https:\/\/www.freidenker.org\/index.php?rest_route=\/wp\/v2\/users\/3"}],"replies":[{"embeddable":true,"href":"https:\/\/www.freidenker.org\/index.php?rest_route=%2Fwp%2Fv2%2Fcomments&post=16692"}],"version-history":[{"count":0,"href":"https:\/\/www.freidenker.org\/index.php?rest_route=\/wp\/v2\/posts\/16692\/revisions"}],"wp:featuredmedia":[{"embeddable":true,"href":"https:\/\/www.freidenker.org\/index.php?rest_route=\/wp\/v2\/media\/16693"}],"wp:attachment":[{"href":"https:\/\/www.freidenker.org\/index.php?rest_route=%2Fwp%2Fv2%2Fmedia&parent=16692"}],"wp:term":[{"taxonomy":"category","embeddable":true,"href":"https:\/\/www.freidenker.org\/index.php?rest_route=%2Fwp%2Fv2%2Fcategories&post=16692"},{"taxonomy":"post_tag","embeddable":true,"href":"https:\/\/www.freidenker.org\/index.php?rest_route=%2Fwp%2Fv2%2Ftags&post=16692"}],"curies":[{"name":"wp","href":"https:\/\/api.w.org\/{rel}","templated":true}]}}