{"id":16670,"date":"2023-07-18T20:28:55","date_gmt":"2023-07-18T18:28:55","guid":{"rendered":"https:\/\/www.freidenker.org\/?p=16670"},"modified":"2023-10-07T22:41:18","modified_gmt":"2023-10-07T20:41:18","slug":"die-welt-der-freidenker-politisches-festival-in-auerstedt","status":"publish","type":"post","link":"https:\/\/www.freidenker.org\/?p=16670","title":{"rendered":"Die Welt der \u00bbFreidenker\u00ab: politisches Festival in Auerstedt"},"content":{"rendered":"<p><em>Video von <strong>salve.tv<\/strong><\/em><\/p>\n<p><span style=\"font-size: 10pt;\">Ver\u00f6ffentlicht am 12.07.2023 auf <a href=\"https:\/\/www.salve.tv\/tv\/Salve\/22602\/Die-Welt-der-%C2%BBFreidenker%C2%AB:-politisches-Festival-in-Auerstedt\" target=\"_blank\" rel=\"noopener\">salve.tv<\/a><\/span><\/p>\n<p>Der 10. Freidenkerliedersommer gegen Faschismus und Krieg fand erstmals in Th\u00fcringen statt. Die Teilnehmer, zumeist Linke, Friedensbewegte, Pazifisten, reisten aus ganz Deutschland nach Auerstedt an. Wegen kritischen Ansichten zu Coronama\u00dfnahmen und angeblicher N\u00e4he zur Querdenkerszene stehen die Freidenker in der Kritik. In Gespr\u00e4chen am Rande des Festivals gaben Teilnehmer und K\u00fcnstler Einblicke, wie Freidenker tats\u00e4chlich denken. Deutlich wurde dabei die Zerrissenheit der Linksbewegung und ganz besonders in der Partei Die Linke. Deren Mitbegr\u00fcnder Diether Dehm prophezeite f\u00fcr die Europawahlliste eine Alternative, die es so bei den Europawahlen noch nicht gegeben habe. Ist das die Ank\u00fcndigung einer Wagenknecht-Partei?<\/p>\n<p style=\"text-align: right;\"><em>[Text von salve.tv]<\/em><\/p>\n<div style=\"width: 640px;\" class=\"wp-video\"><video class=\"wp-video-shortcode\" id=\"video-16670-1\" width=\"640\" height=\"360\" preload=\"metadata\" controls=\"controls\"><source type=\"video\/mp4\" src=\"https:\/\/www.salve.tv\/videos\/de\/2023\/230711_BE_Schuster_FreidenkerliedersommerInAuerstedt_INET.mp4?_=1\" \/><a href=\"https:\/\/www.salve.tv\/videos\/de\/2023\/230711_BE_Schuster_FreidenkerliedersommerInAuerstedt_INET.mp4\">https:\/\/www.salve.tv\/videos\/de\/2023\/230711_BE_Schuster_FreidenkerliedersommerInAuerstedt_INET.mp4<\/a><\/video><\/div>\n<p><span style=\"font-size: 10pt;\">Link zur Seite des Videos auf salve.tv: <a href=\"https:\/\/www.salve.tv\/tv\/Salve\/22602\/Die-Welt-der-%C2%BBFreidenker%C2%AB:-politisches-Festival-in-Auerstedt\" target=\"_blank\" rel=\"noopener\">https:\/\/www.salve.tv\/tv\/Salve\/22602\/Die-Welt-der-%C2%BBFreidenker%C2%AB:-politisches-Festival-in-Auerstedt<\/a><\/span><\/p>\n<p>Das Video enth\u00e4lt Ausschnitte aus den Beitr\u00e4gen der beteiligten K\u00fcnstler Guy Dawson, Sonja Gottlieb, Bijan Mahdjub, Lutz Weber, J\u00fcrgen Eger, Philipp Hoffmann, Daniel Igwe, Corinna Gehre, Perin Dinekli und Jane Zahn sowie Interviews mit Monique Broquard, Daniel Igwe, Diether Dehm, Corinna Gehre, Klaus Hartmann und Sebastian Bahlo.<\/p>\n<hr \/>\n<p><span style=\"font-size: 14pt;\"><img data-recalc-dims=\"1\" loading=\"lazy\" decoding=\"async\" data-attachment-id=\"11819\" data-permalink=\"https:\/\/www.freidenker.org\/?attachment_id=11819\" data-orig-file=\"https:\/\/i0.wp.com\/www.freidenker.org\/fw17\/wp-content\/uploads\/2021\/12\/icon_grafik_32x32.jpg?fit=32%2C32&amp;ssl=1\" data-orig-size=\"32,32\" data-comments-opened=\"0\" data-image-meta=\"{&quot;aperture&quot;:&quot;0&quot;,&quot;credit&quot;:&quot;&quot;,&quot;camera&quot;:&quot;&quot;,&quot;caption&quot;:&quot;&quot;,&quot;created_timestamp&quot;:&quot;0&quot;,&quot;copyright&quot;:&quot;&quot;,&quot;focal_length&quot;:&quot;0&quot;,&quot;iso&quot;:&quot;0&quot;,&quot;shutter_speed&quot;:&quot;0&quot;,&quot;title&quot;:&quot;&quot;,&quot;orientation&quot;:&quot;1&quot;}\" data-image-title=\"icon_grafik_32x32\" data-image-description=\"\" data-image-caption=\"\" data-large-file=\"https:\/\/i0.wp.com\/www.freidenker.org\/fw17\/wp-content\/uploads\/2021\/12\/icon_grafik_32x32.jpg?fit=32%2C32&amp;ssl=1\" class=\"alignnone size-full wp-image-11819\" src=\"https:\/\/i0.wp.com\/www.freidenker.org\/fw17\/wp-content\/uploads\/2021\/12\/icon_grafik_32x32.jpg?resize=32%2C32&#038;ssl=1\" alt=\"\" width=\"32\" height=\"32\" \/> <img data-recalc-dims=\"1\" loading=\"lazy\" decoding=\"async\" data-attachment-id=\"5427\" data-permalink=\"https:\/\/www.freidenker.org\/?attachment_id=5427\" data-orig-file=\"https:\/\/i0.wp.com\/www.freidenker.org\/fw17\/wp-content\/uploads\/2018\/09\/video_icon_32x32.jpg?fit=32%2C32&amp;ssl=1\" data-orig-size=\"32,32\" data-comments-opened=\"0\" data-image-meta=\"{&quot;aperture&quot;:&quot;0&quot;,&quot;credit&quot;:&quot;&quot;,&quot;camera&quot;:&quot;&quot;,&quot;caption&quot;:&quot;&quot;,&quot;created_timestamp&quot;:&quot;0&quot;,&quot;copyright&quot;:&quot;&quot;,&quot;focal_length&quot;:&quot;0&quot;,&quot;iso&quot;:&quot;0&quot;,&quot;shutter_speed&quot;:&quot;0&quot;,&quot;title&quot;:&quot;&quot;,&quot;orientation&quot;:&quot;1&quot;}\" data-image-title=\"video_icon_32x32\" data-image-description=\"\" data-image-caption=\"\" data-large-file=\"https:\/\/i0.wp.com\/www.freidenker.org\/fw17\/wp-content\/uploads\/2018\/09\/video_icon_32x32.jpg?fit=32%2C32&amp;ssl=1\" class=\"alignnone size-full wp-image-5427\" src=\"https:\/\/i0.wp.com\/www.freidenker.org\/fw17\/wp-content\/uploads\/2018\/09\/video_icon_32x32.jpg?resize=32%2C32&#038;ssl=1\" alt=\"\" width=\"32\" height=\"32\" \/> Beachtet auch unsere Berichterstattung <strong>&#8222;<a href=\"https:\/\/www.freidenker.org\/?p=16461\" target=\"_blank\" rel=\"noopener\">Das war der Freidenker-Liedersommer 2023<\/a>&#8222;<\/strong><\/span><\/p>\n<hr \/>\n<p><span style=\"font-size: 10pt;\">Bild oben: Collage von Ralf Lux unter Verwendung eines Screenshots aus dem <a href=\"https:\/\/www.salve.tv\/tv\/Salve\/22602\/Die-Welt-der-%C2%BBFreidenker%C2%AB:-politisches-Festival-in-Auerstedt\" target=\"_blank\" rel=\"noopener\">Video von salve.tv<\/a><\/span><\/p>\n","protected":false},"excerpt":{"rendered":"<p><b>Video von salve.tv<\/b><br \/>\n[Text von salve.tv:] Der 10. Freidenkerliedersommer gegen Faschismus und Krieg fand erstmals in Th\u00fcringen statt. Die Teilnehmer, zumeist Linke, Friedensbewegte, Pazifisten, reisten aus ganz Deutschland nach Auerstedt an. Wegen kritischen Ansichten zu Coronama\u00dfnahmen und angeblicher N\u00e4he zur Querdenkerszene stehen die Freidenker in der Kritik. In Gespr\u00e4chen am Rande des Festivals gaben Teilnehmer und K\u00fcnstler Einblicke, wie Freidenker tats\u00e4chlich denken. Deutlich wurde dabei die Zerrissenheit der Linksbewegung und ganz besonders in der Partei Die Linke. Deren Mitbegr\u00fcnder Diether Dehm prophezeite f\u00fcr die Europawahlliste eine Alternative, die es so bei den Europawahlen noch nicht gegeben habe. Ist das die Ank\u00fcndigung einer Wagenknecht-Partei?<\/p>\n","protected":false},"author":3,"featured_media":16671,"comment_status":"closed","ping_status":"closed","sticky":false,"template":"","format":"standard","meta":{"colormag_page_container_layout":"default_layout","colormag_page_sidebar_layout":"default_layout","advanced_seo_description":"","jetpack_seo_html_title":"","jetpack_seo_noindex":false,"jetpack_post_was_ever_published":false,"footnotes":""},"categories":[12,913],"tags":[370,335,1742,1030,672,669,395,939,825],"class_list":["post-16670","post","type-post","status-publish","format-standard","has-post-thumbnail","hentry","category-demokratie-medien-aufklaerung","category-kultur-kunst","tag-antifaschismus","tag-frieden","tag-liedersommer","tag-linke","tag-linke-politik","tag-linker-liedersommer","tag-meinungsfreiheit","tag-musik","tag-politisches-lied"],"jetpack_featured_media_url":"https:\/\/i0.wp.com\/www.freidenker.org\/fw17\/wp-content\/uploads\/2023\/07\/liso_salve-tv_800x450.jpg?fit=800%2C450&ssl=1","jetpack_shortlink":"https:\/\/wp.me\/p9stpK-4kS","jetpack-related-posts":[{"id":4282,"url":"https:\/\/www.freidenker.org\/?p=4282","url_meta":{"origin":16670,"position":0},"title":"Der Linke Liedersommer als Stellvertreterkriegsschauplatz","author":"Webredaktion","date":"26. Juni 2013","format":false,"excerpt":"Zu den Versuchen, den Auftritt der Band DIE BANDBREITE beim Liedersommer 2013 zu verhindern Der Linke Liedersommer 2013 auf Burg Waldeck im Hunsr\u00fcck war wie erwartet und erhofft ein H\u00f6hepunkt der Kulturarbeit des Deutschen Freidenker-Verbandes. Die Zahl von gut 130 Teilnehmerinnen und Teilnehmer war ein sch\u00f6ner Erfolg, und diese lobten\u2026","rel":"","context":"In &quot;Demokratie \u2013 Medien \u2013 Aufkl\u00e4rung&quot;","block_context":{"text":"Demokratie \u2013 Medien \u2013 Aufkl\u00e4rung","link":"https:\/\/www.freidenker.org\/?cat=12"},"img":{"alt_text":"","src":"https:\/\/i0.wp.com\/www.freidenker.org\/fw17\/wp-content\/uploads\/2018\/01\/10-2013-06-21-23-af-0869_800x445.jpg?fit=800%2C445&ssl=1&resize=350%2C200","width":350,"height":200,"srcset":"https:\/\/i0.wp.com\/www.freidenker.org\/fw17\/wp-content\/uploads\/2018\/01\/10-2013-06-21-23-af-0869_800x445.jpg?fit=800%2C445&ssl=1&resize=350%2C200 1x, https:\/\/i0.wp.com\/www.freidenker.org\/fw17\/wp-content\/uploads\/2018\/01\/10-2013-06-21-23-af-0869_800x445.jpg?fit=800%2C445&ssl=1&resize=525%2C300 1.5x, https:\/\/i0.wp.com\/www.freidenker.org\/fw17\/wp-content\/uploads\/2018\/01\/10-2013-06-21-23-af-0869_800x445.jpg?fit=800%2C445&ssl=1&resize=700%2C400 2x"},"classes":[]},{"id":4276,"url":"https:\/\/www.freidenker.org\/?p=4276","url_meta":{"origin":16670,"position":1},"title":"Videos vom Linken Liedersommer 2017","author":"Webredaktion","date":"30. Juni 2017","format":false,"excerpt":"Ab 1968 wurde die Burg Waldeck zum Markenzeichen linker Protestlieder. Ankn\u00fcpfend an die Tradition der legend\u00e4ren Waldeck-Festivals zu APO Zeiten hatten Freidenker, Arbeiterfotografie, Jenny-Marx-Gesellschaft und Neue Rheinische Zeitung K\u00fcnstler, Musikgruppen, S\u00e4nger und Leute, die im Seminar oder am Lagerfeuer sich mit Gleichgesinnten austauschen m\u00f6chten, zu einem Musik-Treffen auf die Burg\u2026","rel":"","context":"In &quot;Kultur &amp; Kunst&quot;","block_context":{"text":"Kultur &amp; Kunst","link":"https:\/\/www.freidenker.org\/?cat=913"},"img":{"alt_text":"","src":"https:\/\/i0.wp.com\/www.freidenker.org\/fw17\/wp-content\/uploads\/2018\/01\/Liedersommer2017_kh_800x445.jpg?fit=800%2C445&ssl=1&resize=350%2C200","width":350,"height":200,"srcset":"https:\/\/i0.wp.com\/www.freidenker.org\/fw17\/wp-content\/uploads\/2018\/01\/Liedersommer2017_kh_800x445.jpg?fit=800%2C445&ssl=1&resize=350%2C200 1x, https:\/\/i0.wp.com\/www.freidenker.org\/fw17\/wp-content\/uploads\/2018\/01\/Liedersommer2017_kh_800x445.jpg?fit=800%2C445&ssl=1&resize=525%2C300 1.5x, https:\/\/i0.wp.com\/www.freidenker.org\/fw17\/wp-content\/uploads\/2018\/01\/Liedersommer2017_kh_800x445.jpg?fit=800%2C445&ssl=1&resize=700%2C400 2x"},"classes":[]},{"id":13384,"url":"https:\/\/www.freidenker.org\/?p=13384","url_meta":{"origin":16670,"position":2},"title":"Zu viel Kultur? Naturfreunde \u00fcben sich in &#8222;Cancel Culture&#8220;","author":"Webredaktion","date":"13. Juni 2022","format":false,"excerpt":"Beitrag von RT DE Die Praxis, l\u00e4ngst zugesagte R\u00e4ume, Auftritte und Veranstaltungen kurzfristig abzusagen, greift seit Jahren um sich. Mal werden Gr\u00fcnde genannt, mal nicht. Oft gehen die Absagen von \u00f6ffentlichen Stellen aus. Nun haben wohl auch die \"Naturfreunde\" daran Gefallen gefunden. Zum neunten Mal sollte das Kulturseminar des Deutschen\u2026","rel":"","context":"In &quot;Kultur &amp; Kunst&quot;","block_context":{"text":"Kultur &amp; Kunst","link":"https:\/\/www.freidenker.org\/?cat=913"},"img":{"alt_text":"","src":"https:\/\/i0.wp.com\/www.freidenker.org\/fw17\/wp-content\/uploads\/2022\/06\/klartext_liliso2022_800x450.jpg?fit=800%2C450&ssl=1&resize=350%2C200","width":350,"height":200,"srcset":"https:\/\/i0.wp.com\/www.freidenker.org\/fw17\/wp-content\/uploads\/2022\/06\/klartext_liliso2022_800x450.jpg?fit=800%2C450&ssl=1&resize=350%2C200 1x, https:\/\/i0.wp.com\/www.freidenker.org\/fw17\/wp-content\/uploads\/2022\/06\/klartext_liliso2022_800x450.jpg?fit=800%2C450&ssl=1&resize=525%2C300 1.5x, https:\/\/i0.wp.com\/www.freidenker.org\/fw17\/wp-content\/uploads\/2022\/06\/klartext_liliso2022_800x450.jpg?fit=800%2C450&ssl=1&resize=700%2C400 2x"},"classes":[]},{"id":3204,"url":"https:\/\/www.freidenker.org\/?p=3204","url_meta":{"origin":16670,"position":3},"title":"Linker Liedersommer gegen Ausbeutung und Krieg","author":"Webredaktion","date":"18. Juni 2010","format":false,"excerpt":"Dokumentiert: Interviews und Berichte vom Linken Liedersommer 2010 von jW und UZ Der linke Liedersommer auf der legend\u00e4ren Burg Waldeck im Hunsr\u00fcck stand am Wochenende unter dem Motto \u00bbLinke Lieder gegen Ausbeutung und Krieg\u00ab. In sp\u00e4teren Stunden mangelte es nicht an Lagerfeuerromantik, gepr\u00e4gt aber war die Veranstaltung von Aufkl\u00e4rungs- und\u2026","rel":"","context":"In &quot;Kultur &amp; Kunst&quot;","block_context":{"text":"Kultur &amp; Kunst","link":"https:\/\/www.freidenker.org\/?cat=913"},"img":{"alt_text":"","src":"https:\/\/i0.wp.com\/www.freidenker.org\/fw17\/wp-content\/uploads\/2010\/06\/2010-06-12-1-0151_800x445.jpg?fit=800%2C445&ssl=1&resize=350%2C200","width":350,"height":200,"srcset":"https:\/\/i0.wp.com\/www.freidenker.org\/fw17\/wp-content\/uploads\/2010\/06\/2010-06-12-1-0151_800x445.jpg?fit=800%2C445&ssl=1&resize=350%2C200 1x, https:\/\/i0.wp.com\/www.freidenker.org\/fw17\/wp-content\/uploads\/2010\/06\/2010-06-12-1-0151_800x445.jpg?fit=800%2C445&ssl=1&resize=525%2C300 1.5x, https:\/\/i0.wp.com\/www.freidenker.org\/fw17\/wp-content\/uploads\/2010\/06\/2010-06-12-1-0151_800x445.jpg?fit=800%2C445&ssl=1&resize=700%2C400 2x"},"classes":[]},{"id":6315,"url":"https:\/\/www.freidenker.org\/?p=6315","url_meta":{"origin":16670,"position":4},"title":"Lieder gegen Ausbeutung und Krieg","author":"Webredaktion","date":"8. Mai 2019","format":false,"excerpt":"Pressemitteilung zum 8. Kulturseminar und Linken Liedersommer 2019 Zu seinem 8. Kulturseminar l\u00e4dt der Deutsche Freidenker-Verband erstmals an einen anderen Ort als der traditionellen Burg Waldeck ein, n\u00e4mlich ins Naturfreundehaus Rahnenhof bei Hertlingshausen in der Pfalz, vom 21. bis 23. Juni 2019. ... Der \u201eLinke Liedersommer\u201c hat traditionell das Verh\u00e4ltnis\u2026","rel":"","context":"In &quot;Kultur &amp; Kunst&quot;","block_context":{"text":"Kultur &amp; Kunst","link":"https:\/\/www.freidenker.org\/?cat=913"},"img":{"alt_text":"","src":"https:\/\/i0.wp.com\/www.freidenker.org\/fw17\/wp-content\/uploads\/2019\/05\/liliso_2013_800x445_v2.jpg?fit=800%2C447&ssl=1&resize=350%2C200","width":350,"height":200,"srcset":"https:\/\/i0.wp.com\/www.freidenker.org\/fw17\/wp-content\/uploads\/2019\/05\/liliso_2013_800x445_v2.jpg?fit=800%2C447&ssl=1&resize=350%2C200 1x, https:\/\/i0.wp.com\/www.freidenker.org\/fw17\/wp-content\/uploads\/2019\/05\/liliso_2013_800x445_v2.jpg?fit=800%2C447&ssl=1&resize=525%2C300 1.5x, https:\/\/i0.wp.com\/www.freidenker.org\/fw17\/wp-content\/uploads\/2019\/05\/liliso_2013_800x445_v2.jpg?fit=800%2C447&ssl=1&resize=700%2C400 2x"},"classes":[]},{"id":13397,"url":"https:\/\/www.freidenker.org\/?p=13397","url_meta":{"origin":16670,"position":5},"title":"\u201eCancel Culture\u201c getrotzt: Erfolgreicher Liedersommer der Freidenker","author":"Webredaktion","date":"15. Juni 2022","format":false,"excerpt":"Bildergalerie vom Linken Liedersommer 2022 \u00dcber 100 Teilnehmer konnte der Freidenker-Vorsitzende Sebastian Bahlo am Wochenende in Bad Orb beim 9. Kulturseminar des Verbandes \u201eF\u00fcr eine solidarische Welt \u2013 gegen Ausbeutung und Krieg\u201c begr\u00fc\u00dfen. Viele sahen ihre Teilnahme auch als bewussten Protest gegen die Denunziatoren, die das Naturfreundehaus Rahnenhof in der\u2026","rel":"","context":"In &quot;Kultur &amp; Kunst&quot;","block_context":{"text":"Kultur &amp; Kunst","link":"https:\/\/www.freidenker.org\/?cat=913"},"img":{"alt_text":"","src":"https:\/\/i0.wp.com\/www.freidenker.org\/fw17\/wp-content\/uploads\/2022\/06\/LiLiSo2022_collage_800x450.jpg?fit=800%2C450&ssl=1&resize=350%2C200","width":350,"height":200,"srcset":"https:\/\/i0.wp.com\/www.freidenker.org\/fw17\/wp-content\/uploads\/2022\/06\/LiLiSo2022_collage_800x450.jpg?fit=800%2C450&ssl=1&resize=350%2C200 1x, https:\/\/i0.wp.com\/www.freidenker.org\/fw17\/wp-content\/uploads\/2022\/06\/LiLiSo2022_collage_800x450.jpg?fit=800%2C450&ssl=1&resize=525%2C300 1.5x, https:\/\/i0.wp.com\/www.freidenker.org\/fw17\/wp-content\/uploads\/2022\/06\/LiLiSo2022_collage_800x450.jpg?fit=800%2C450&ssl=1&resize=700%2C400 2x"},"classes":[]}],"_links":{"self":[{"href":"https:\/\/www.freidenker.org\/index.php?rest_route=\/wp\/v2\/posts\/16670","targetHints":{"allow":["GET"]}}],"collection":[{"href":"https:\/\/www.freidenker.org\/index.php?rest_route=\/wp\/v2\/posts"}],"about":[{"href":"https:\/\/www.freidenker.org\/index.php?rest_route=\/wp\/v2\/types\/post"}],"author":[{"embeddable":true,"href":"https:\/\/www.freidenker.org\/index.php?rest_route=\/wp\/v2\/users\/3"}],"replies":[{"embeddable":true,"href":"https:\/\/www.freidenker.org\/index.php?rest_route=%2Fwp%2Fv2%2Fcomments&post=16670"}],"version-history":[{"count":0,"href":"https:\/\/www.freidenker.org\/index.php?rest_route=\/wp\/v2\/posts\/16670\/revisions"}],"wp:featuredmedia":[{"embeddable":true,"href":"https:\/\/www.freidenker.org\/index.php?rest_route=\/wp\/v2\/media\/16671"}],"wp:attachment":[{"href":"https:\/\/www.freidenker.org\/index.php?rest_route=%2Fwp%2Fv2%2Fmedia&parent=16670"}],"wp:term":[{"taxonomy":"category","embeddable":true,"href":"https:\/\/www.freidenker.org\/index.php?rest_route=%2Fwp%2Fv2%2Fcategories&post=16670"},{"taxonomy":"post_tag","embeddable":true,"href":"https:\/\/www.freidenker.org\/index.php?rest_route=%2Fwp%2Fv2%2Ftags&post=16670"}],"curies":[{"name":"wp","href":"https:\/\/api.w.org\/{rel}","templated":true}]}}