{"id":16645,"date":"2023-07-16T14:16:28","date_gmt":"2023-07-16T12:16:28","guid":{"rendered":"https:\/\/www.freidenker.org\/?p=16645"},"modified":"2023-09-02T11:03:27","modified_gmt":"2023-09-02T09:03:27","slug":"keine-angst-vor-corona-und-den-russen","status":"publish","type":"post","link":"https:\/\/www.freidenker.org\/?p=16645","title":{"rendered":"Keine Angst vor Corona und den Russen"},"content":{"rendered":"<h4><strong>\u2013 aber vor Rattenf\u00e4ngern, die es nicht gut mit uns meinen<\/strong><\/h4>\n<p><strong>Meine Freunde und ich, wir haben keine Angst. Nicht vor den Dingen, die vielen Angst machen. Uns treibt etwas anderes um. <\/strong><\/p>\n<p><em>Eine Zustandsbeschreibung von <strong>Tom J. Wellbrock<\/strong>.<\/em><\/p>\n<p><span style=\"font-size: 10pt;\">Erstver\u00f6ffentlichung am 11.07.2023 auf <a href=\"https:\/\/pressefreiheit.rtde.live\/meinung\/174961-keine-angst-vor-corona-und\/\" target=\"_blank\" rel=\"noopener\">RT DE<\/a><\/span><\/p>\n<div class=\"EmbedBlock-root EmbedBlock-all\">\n<div class=\"AllEmbed\"><iframe loading=\"lazy\" title=\"Keine Angst vor Corona und den Russen \u2013 aber vor Rattenf\u00e4ngern, die es nicht gut mit uns meinen\" src=\"https:\/\/www.podbean.com\/player-v2\/?i=4iq38-14560a1-pb&amp;from=pb6admin&amp;share=1&amp;download=1&amp;rtl=0&amp;fonts=Arial&amp;skin=1&amp;font-color=&amp;logo_link=episode_page&amp;btn-skin=7\" width=\"100%\" height=\"150\" scrolling=\"no\" data-name=\"pb-iframe-player\" data-mce-fragment=\"1\"><\/iframe><\/div>\n<\/div>\n<h5><\/h5>\n<h5><strong>Keine Angst vor Corona<\/strong><\/h5>\n<p>Als Corona begann, waren wir verunsichert, meine Freunde und ich. Wir sprachen miteinander, standen uns bei, schworen uns gegenseitige Hilfe, wenn es drauf ank\u00e4me. Die Verunsicherung nahmen wir uns. Durch N\u00e4he, Vertrauen, gegenseitige Unterst\u00fctzung. Es dauerte nicht lange, da legte sich die Unsicherheit.<\/p>\n<p>Wir begannen, neue Fragen aufzuwerfen, wir wurden skeptisch, irgendwie lief all das nicht rund. Wir hatten keine Angst, aber wir h\u00e4tten sie haben sollen. Das gefiel uns nicht. Je l\u00e4nger die &#8222;Ma\u00dfnahmen&#8220; andauerten, desto ratloser wurden wir. Daraus wurde Wut. W\u00e4hrend da drau\u00dfen sich der Hass ausbreitete. Die Leute hatten Angst, das war offensichtlich. Wir bemerkten, dass Angst f\u00fcrchterliche Folgen hat, und wir waren froh, selbst keine Angst zu haben. Doch die Angst begann die Gesellschaft zu zersetzen.<\/p>\n<p>Jeden Tag folgten weitere Meldungen, die alle zum Ziel hatten, Angst auf- und auszubauen. Es gab sogar ein entsprechendes Papier, das die Bundesregierung anleitete, die Furcht, die Angst und die Panik fest in den K\u00f6pfen der Menschen zu installieren. Wir waren erneut verunsichert, meine Freunde und ich. Angst hatten wir keine, aber Sorgen breiteten sich in uns aus. Wohin sollte die Angst f\u00fchren?<\/p>\n<p>Sie f\u00fchrte zu einer breiten Spaltung der Gesellschaft. Nein, das stimmt so nicht. Die Politik machte den Menschen Angst, fesselte sie mit der Angst, daraufhin entstand die Spaltung. Die Gefahr war allgegenw\u00e4rtig, auch wenn immer diffuser wurde, worin sie eigentlich bestand. War es das Virus, das so gef\u00e4hrlich war? War es das menschliche Verhalten, die Unvernunft, war es fehlende Solidarit\u00e4t? War es das schon zuvor geschw\u00e4chte System, das von der Substanz lebte, weil es regelm\u00e4\u00dfig mit Verletzungen konfrontiert wurde, die es schw\u00e4chen? Waren es \u00fcberforderte Politiker? Politiker, die ganz andere Ziele verfolgten als die Menschen durch das zu f\u00fchren, was weltweit als &#8222;Pandemie&#8220; bezeichnet wurde?<\/p>\n<p>Wir fanden immer wieder neue Antworten, und wir warfen immer neue unbeantwortete Fragen auf. Angst hatten wir nicht, sie schien uns weder vern\u00fcnftig noch gerechtfertigt. Aber sie hatte uns l\u00e4ngst eingekreist. Wir entwickelten die unfassbare Naivit\u00e4t, den Menschen sagen zu wollen, dass sie wom\u00f6glich sich selbst schaden, wenn sie sich von der Angst anstecken lassen. Das war wirklich sehr naiv, denn wir kamen viel zu sp\u00e4t. Vielleicht h\u00e4tten wir fr\u00fcher anfangen m\u00fcssen.<\/p>\n<h5><strong>Keine Angst vor dem Klimawandel<\/strong><\/h5>\n<p>Noch heute sp\u00fcren wir keine Angst vor dem Klimawandel. Was erz\u00e4hlt wird, beunruhigt uns, wir fragen uns, wie man punktgenau das Klima in 30 Jahren vorhersagen kann, w\u00e4hrend das angek\u00fcndigte Gewitter am n\u00e4chsten Tag ausbleibt. Wir sind ein bisschen ehrf\u00fcrchtig. Denn das Klima ist komplex, es kennt eine Million Details, und kleinste Ereignisse k\u00f6nnen gro\u00dfe Auswirkungen haben.<\/p>\n<p>Hin und wieder sprechen wir \u00fcber den Schmetterlingseffekt. Angst empfinden wir dabei nicht, eher Faszination, weil die Welt so unglaublich kompliziert ist und doch daf\u00fcr gesorgt hat, dass wir auf einfache Weise in ihr Leben k\u00f6nnen. Sie l\u00e4sst uns atmen, was, wie es aussieht, eine nicht zu untersch\u00e4tzende Errungenschaft ist. Winzige Abweichungen, irgendwann in ferner Vorzeit, h\u00e4tten dazu f\u00fchren k\u00f6nnen, dass wir heute eben nicht hier sind, atmen, essen, schlafen, Sex haben und B\u00fccher lesen, zuweilen.<\/p>\n<p>Das soll nun alles gef\u00e4hrdet sein. Wir glauben das nicht. Wir glauben an das Klima, sind Gl\u00e4ubige im besten Sinne. All das Wissen \u00fcber klimatische Ver\u00e4nderungen der letzten Jahre, Jahrhunderte, Jahrtausende, es beeindruckt uns. Angst macht es uns nicht. Aber wir fragen uns, wie es sein kann, dass so etwas Komplexes wie das Klima pl\u00f6tzlich perfekt sein muss. Alles muss irgendwie perfekt sein, so sieht es aus. Die Temperaturen d\u00fcrfen nicht zu hoch und nicht zu niedrig sein. Regen darf nicht zu viel und nicht zu wenig fallen. Der Wind muss wehen, aber nicht zu stark, und auch nicht zu schwach. Wir fragen uns immer wieder, ob es das perfekte Wetter, das perfekte Klima gibt.<\/p>\n<p>&#8222;Die&#8220; Wissenschaft spricht inzwischen in Zeitr\u00e4umen von drei Tagen vom Wetter, ab dem vierten Tag wird es Klima. Selbst Gott hat sich mehr Zeit gelassen, um sein Werk zu vollenden, aber wenn es im Sommer hei\u00df ist, tauchen die klimatischen Schwei\u00dftropfen auf der Stirn \u00e4ngstlicher Wissenschaftler auf. Ist es zu kalt oder zu nass oder zu windig, werden sie gleichfalls sichtbar, die Schwei\u00dftropfen der Klimakenner. Sie scheinen leugnen zu wollen, dass weder Wetter noch Klima verl\u00e4ssliche Gr\u00f6\u00dfen sind.<\/p>\n<p>Wir haben etwas Mitgef\u00fchl mit diesen Menschen, die das Perfekte erwarten und denken, man k\u00f6nne es beeinflussen. Was f\u00fcr eine Anma\u00dfung! Kein Mitgef\u00fchl haben wir, wenn wir sehen, dass das Streben nach Perfektionismus zu Angst bei vielen Menschen f\u00fchrt. Menschen, die weder perfekt sind noch jemals perfekt sein wollten, haben inzwischen so gro\u00dfe Angst, dass sie alles richtig machen wollen, das perfekte Verhalten an den Tag legen m\u00fcssen, um perfekte Voraussetzungen f\u00fcr alles zu schaffen.<\/p>\n<p>Die Angst vor den Launen des Klimas f\u00fchrt zu Furcht vor dem Tod, bei einigen. Diese Furcht ist so stark, dass die Freude am Leben darunter leidet. Wir fragen uns, wof\u00fcr es gut sein sollte, sich selbst in eine so tiefe existenzielle und lebensbedrohliche Angst zu begeben, dass das Sch\u00f6ne aus dem Blickwinkel verschwindet.<\/p>\n<p>Ich habe einmal eine Zeichnung gesehen. Auf ihr waren ein Mann und sein Hund zu sehen. Der Mann sa\u00df auf einer Bank, der Hund neben ihm. Sie blickten auf einen See, der von B\u00e4umen eingekreist war. Der Zeichner befand sich hinter den beiden. Er hatte zwei Gedankenblasen neben ihre K\u00f6pfe gezeichnet. In der Blase des Mannes konnte man Geld sehen, ein Handy, ein Auto, eine Geldkarte und noch einige andere Dinge. In der Gedankenblase des Hundes befanden sich ein See und B\u00e4ume drum herum. Es waren der See und die B\u00e4ume, die beide gerade ansahen.<\/p>\n<h5><strong>Keine Angst vor den Russen<\/strong><\/h5>\n<p>Es ist schrecklich, wie viele Kriege es auf der Welt gibt. Sie sind es, die uns wirklich Angst machen, meinen Freunden und mir. Sie haben ein enormes Potenzial, das uns tief und lang anhaltend in die Dunkelheit f\u00fchren kann. Wir sprechen oft dar\u00fcber, wie man diese Kriege beenden k\u00f6nnte. Wir kommen zu L\u00f6sungen, aber sie sind<em> theoretischer<\/em> Natur, denn offenbar stehen sie der <em>praktischen<\/em> Natur des Menschen im Wege. Der Konflikt scheint \u00fcberall auf der Welt fest installiert zu sein.<\/p>\n<p>Und jetzt &#8222;mitten in Europa&#8220;, wie es hei\u00dft. F\u00fcr uns Europ\u00e4er und uns Deutsche ist dieser Krieg anders als andere, die in weiter Ferne stattfinden. Doch es ist nicht die geografische N\u00e4he, die uns diesen Krieg so nahebringt. Es ist die immer und immer wieder ausgesprochene Behauptung, es sei &#8222;unser Krieg&#8220;. Es ist die Prophezeiung, dieser Krieg k\u00f6nne unsere Demokratie zerst\u00f6ren, unsere Werte in Schutt und Asche legen, weil er uns ganz direkt bedroht. Er, der Krieg, er, der Russe, Wladimir Putin, der Pr\u00e4sident.<\/p>\n<p>Wir haben keine Angst vor Putin, vor den Russen schon gar nicht. Aber wir fragen uns, was das ist, diese Demokratie, wie genau man die oft zitierten &#8222;Werte&#8220; in konkrete Worte fassen kann, die l\u00e4nger Bestand haben als eine Legislaturperiode oder auch nur die Dauer einer Talkshow. Wir sehen, dass einer unserer Werte die Meinungsfreiheit ist, und bemerken, dass sie nicht mehr ist als eine hohle Phrase, die schnell ihre G\u00fcltigkeit verliert. Die Gedanken m\u00f6gen frei sein, aber nicht, wenn sie zum Ausgesprochenen werden.<\/p>\n<p>Mit meinen Freunden habe ich \u00fcber die Angst vor Corona gesprochen, \u00fcber die Angst vor dem Klimawandel, aber wenn wir \u00fcber die Angst der Menschen vor den Russen, vor Putin sprechen, erkennen wir eine Abweichung. Vielleicht \u2013 wir k\u00f6nnen es nicht beweisen, wagen aber das Gedankenexperiment \u2013 ist das gesellschaftliche Gef\u00fchl der Abneigung, des Hasses gegen\u00fcber einem Feind, der milit\u00e4risch in ein Geschehen eingreift, die n\u00e4chste Stufe nach der Angst.<\/p>\n<p>Denn wir sp\u00fcren wenig Angst bei den Menschen. Das ist verwirrend, denn w\u00e4hrend ein recht schnell als nur m\u00e4\u00dfig gef\u00e4hrlich erkanntes Virus und ein abstrakter Klimatod starke \u00c4ngste erzeugen, scheint die vorrangige Emotion gegen\u00fcber Putin der Hass zu sein. Ein weiteres Gedankenexperiment meiner Freunde und mir kommt zum Schluss, dass es das Personifizierte ist, das die Angst durch den Hass abl\u00f6st. Man kann ein Virus schlecht hassen, man kann keinen Hass gegen\u00fcber dem Klima oder dem Wetter entwickeln (nicht zu verwechseln mit dem \u00c4rger, wenn ein Picknick ins Wasser f\u00e4llt).<\/p>\n<p>Einen Menschen zu hassen, f\u00e4llt leichter. Insbesondere wenn der Hass auf ihn gesch\u00fcrt wird. Wir haben keine Angst, und wir glauben, dass die meisten Menschen ebenfalls keine haben. Aber ihr Hass ist fast schlimmer. Wenn ganze Gesellschaften Sportler einer Nationalit\u00e4t ausschlie\u00dfen, Kunst ihre G\u00fcltigkeit und Wertigkeit verliert, wenn ein ganzes Volk verurteilt wird und als nicht-menschlich bezeichnet wird, dann sollte uns allen das Angst machen.<\/p>\n<p>Eine Kombination aus Angst und Hass f\u00fchrt zu nichts Gutem, kann zu nichts Gutem f\u00fchren. Wir fragen uns, warum den Menschen das keine Angst macht, warum sie keine Angst vor denen haben, die Angst und Hass sch\u00fcren, ohne Unterlass und ohne Gnade oder Kompromissbereitschaft. Das Prinzip des menschlichen Zusammenlebens \u2013 regional und global \u2013 sollte der Kompromiss sein, sollte Toleranz sein, aber gelebte, nicht propagierte.<\/p>\n<p>Menschen f\u00fchren Kriege, Menschen tragen Konflikte aus, steigern sich in ihre Abneigung, ihren Hass auf andere hinein. Das geh\u00f6rt zur menschlichen Natur wie das F\u00fchren von Kriegen, wie es scheint. Aber die Zivilisation sollte sich hier abheben, sollte F\u00fchrungspers\u00f6nlichkeiten haben, die in der Lage sind, die Menschen zusammenzubringen, sie zu einen oder zumindest in friedliche Koexistenz zu f\u00fchren.<\/p>\n<p>Warum haben die Menschen keine Angst vor denen, die sie in die Angst f\u00fchren und ihren Hass aufbauen? Warum haben die Menschen Angst davor, pl\u00f6tzlich in Berlin oder anderswo russischen Soldaten gegen\u00fcberzustehen, obwohl diese Angst so abstrakt, ja fast surreal erscheint? Warum fragen so viele Menschen sich nicht \u00e4ngstlich, wie es sein kann, dass die Zivilisation jeden Tag ein St\u00fcckchen mehr auseinanderbricht? Und warum reagieren sie wie die Ratten, die der Fl\u00f6te des Hasses hinterherlaufen?<\/p>\n<h5><strong>Auch wir haben Angst<\/strong><\/h5>\n<p>Das ist unsere Angst, die meiner Freunde und mir. Die Angst vor den Rattenf\u00e4ngern, die es jedoch von Anfang an nicht gut mit uns meinten. Sie predigen Befreiung und Freiheit, aber sie geben uns Fesseln und Gefangenschaft.<\/p>\n<p>Wir haben uns nicht anstecken lassen von der Angst vor einem Virus, dem Russen und dem Klimawandel. Und wir sind \u00fcberzeugt, dass diese Entscheidung richtig war. Weil sie uns das Heute verhageln, die Hoffnung rauben und die Zuversicht entrei\u00dfen w\u00fcrde. Zuweilen sitzen wir zusammen und sind ein wenig stolz darauf. Dann sto\u00dfen wir an und feiern das Jetzt. Es sind ungeheuer wertvolle Momente, in denen wir glauben, etwas Gro\u00dfes, etwas Besseres erschaffen zu k\u00f6nnen, etwas, das andere ansteckt, ohne dass sie von dieser wundervollen Art der Infektion geheilt werden wollen, im Gegenteil!<\/p>\n<p>Doch wenn die Wirkung des Weins verflogen und das Adrenalin auf unaufgeregte Werte abgesunken ist, kommt der Moment, den wir so gern vermeiden wollten. Es ist dieser Moment der Angst.<\/p>\n<p style=\"text-align: right;\"><em>Tom J. Wellbrock ist Texter und Sprecher und betrieb gemeinsam mit Jens Berger den Blog Spiegelfechter. Aktuell betreibt er gemeinsam mit Roberto J. De Lapuente den Blog <a href=\"https:\/\/www.neulandrebellen.de\/\" target=\"_blank\" rel=\"noopener\">Neulandrebellen.de<\/a> sowie den Telegram-Kanal &#8222;<a href=\"https:\/\/t.me\/Randnotizen_aus_der_Mitte\" target=\"_blank\" rel=\"noopener\">Randnotizen aus der Mitte<\/a>&#8222;.<\/em><\/p>\n<hr \/>\n<p><span style=\"font-size: 10pt;\">Bild oben: <a href=\"https:\/\/pixabay.com\/de\/photos\/coronavirus-sars-cov-2-corona-virus-4903566\/\" target=\"_blank\" rel=\"noopener\">pixabay.com<\/a> \/ <a class=\"userName--owby3\" href=\"https:\/\/pixabay.com\/de\/users\/2541163-2541163\/\" target=\"_blank\" rel=\"noopener\">2541163<\/a> \/ Inhaltslizenz<\/span><\/p>\n<p>&nbsp;<\/p>\n","protected":false},"excerpt":{"rendered":"<p><b>Eine Zustandsbeschreibung von Tom J. Wellbrock.<\/b><br \/>\nAls Corona begann, waren wir verunsichert, meine Freunde und ich. Wir sprachen miteinander, standen uns bei, schworen uns gegenseitige Hilfe, wenn es drauf ank\u00e4me. Die Verunsicherung nahmen wir uns. Durch N\u00e4he, Vertrauen, gegenseitige Unterst\u00fctzung. Es dauerte nicht lange, da legte sich die Unsicherheit. Wir begannen, neue Fragen aufzuwerfen, wir wurden skeptisch, irgendwie lief all das nicht rund. Wir hatten keine Angst, aber wir h\u00e4tten sie haben sollen. Das gefiel uns nicht. Je l\u00e4nger die &#8222;Ma\u00dfnahmen&#8220; andauerten, desto ratloser wurden wir. Daraus wurde Wut. W\u00e4hrend da drau\u00dfen sich der Hass ausbreitete. Die Leute hatten Angst, das war offensichtlich. Wir bemerkten, dass Angst f\u00fcrchterliche Folgen hat, und wir waren froh, selbst keine Angst zu haben. Doch die Angst begann die Gesellschaft zu zersetzen.<\/p>\n","protected":false},"author":3,"featured_media":16646,"comment_status":"closed","ping_status":"closed","sticky":false,"template":"","format":"standard","meta":{"colormag_page_container_layout":"default_layout","colormag_page_sidebar_layout":"default_layout","advanced_seo_description":"","jetpack_seo_html_title":"","jetpack_seo_noindex":false,"jetpack_post_was_ever_published":false,"footnotes":""},"categories":[12],"tags":[1280,1256,94,395,1257,1168,639,123],"class_list":["post-16645","post","type-post","status-publish","format-standard","has-post-thumbnail","hentry","category-demokratie-medien-aufklaerung","tag-angst","tag-corona-virus","tag-klimawandel","tag-meinungsfreiheit","tag-pandemie","tag-russophobie","tag-ukraine-konflikt","tag-wissenschaft"],"jetpack_featured_media_url":"https:\/\/i0.wp.com\/www.freidenker.org\/fw17\/wp-content\/uploads\/2023\/07\/coronavirus-4903566_800x450.jpg?fit=800%2C450&ssl=1","jetpack_shortlink":"https:\/\/wp.me\/p9stpK-4kt","jetpack-related-posts":[{"id":17635,"url":"https:\/\/www.freidenker.org\/?p=17635","url_meta":{"origin":16645,"position":0},"title":"Ausgewandert: Unser Weg nach Ungarn","author":"Webredaktion","date":"12. Dezember 2023","format":false,"excerpt":"Beitrag von Tom J. Wellbrock Seit November 2023 leben wir nicht mehr in Deutschland. Meine Frau und ich haben den Schritt gewagt und das Land verlassen. Damit verbunden war und ist ein Feuerwerk der Gef\u00fchle. Die Entscheidung, nach Ungarn auszuwandern, fiel Anfang 2020, wir wussten es nur damals noch nicht.\u2026","rel":"","context":"In &quot;Arbeit &amp; Soziales&quot;","block_context":{"text":"Arbeit &amp; Soziales","link":"https:\/\/www.freidenker.org\/?cat=11"},"img":{"alt_text":"","src":"https:\/\/i0.wp.com\/www.freidenker.org\/fw17\/wp-content\/uploads\/2023\/12\/Fishermans_bastion_Budapest_IMG_1429_800x450.jpg?fit=800%2C450&ssl=1&resize=350%2C200","width":350,"height":200,"srcset":"https:\/\/i0.wp.com\/www.freidenker.org\/fw17\/wp-content\/uploads\/2023\/12\/Fishermans_bastion_Budapest_IMG_1429_800x450.jpg?fit=800%2C450&ssl=1&resize=350%2C200 1x, https:\/\/i0.wp.com\/www.freidenker.org\/fw17\/wp-content\/uploads\/2023\/12\/Fishermans_bastion_Budapest_IMG_1429_800x450.jpg?fit=800%2C450&ssl=1&resize=525%2C300 1.5x, https:\/\/i0.wp.com\/www.freidenker.org\/fw17\/wp-content\/uploads\/2023\/12\/Fishermans_bastion_Budapest_IMG_1429_800x450.jpg?fit=800%2C450&ssl=1&resize=700%2C400 2x"},"classes":[]},{"id":16933,"url":"https:\/\/www.freidenker.org\/?p=16933","url_meta":{"origin":16645,"position":1},"title":"Corona: Der Wahnsinn steht erneut in den Startl\u00f6chern","author":"Webredaktion","date":"13. September 2023","format":false,"excerpt":"Beitrag von Tom J. Wellbrock Aufarbeitung der Coronapolitik? Auf keinen Fall! Zumindest, wenn man Janosch Dahmen fragt, spricht vieles gegen eine Aufarbeitung. Auf Tichys Einblick lesen wir dazu: \"Es bestehe die Gefahr, dass es eher ein Kampf um Deutungshoheiten und nachtr\u00e4gliche Schuldzuweisungen werde und damit weiteres Vertrauen der Bev\u00f6lkerung verloren\u2026","rel":"","context":"In &quot;Demokratie \u2013 Medien \u2013 Aufkl\u00e4rung&quot;","block_context":{"text":"Demokratie \u2013 Medien \u2013 Aufkl\u00e4rung","link":"https:\/\/www.freidenker.org\/?cat=12"},"img":{"alt_text":"","src":"https:\/\/i0.wp.com\/www.freidenker.org\/fw17\/wp-content\/uploads\/2023\/09\/corona-update_5235141_v2_800x450.jpg?fit=800%2C450&ssl=1&resize=350%2C200","width":350,"height":200,"srcset":"https:\/\/i0.wp.com\/www.freidenker.org\/fw17\/wp-content\/uploads\/2023\/09\/corona-update_5235141_v2_800x450.jpg?fit=800%2C450&ssl=1&resize=350%2C200 1x, https:\/\/i0.wp.com\/www.freidenker.org\/fw17\/wp-content\/uploads\/2023\/09\/corona-update_5235141_v2_800x450.jpg?fit=800%2C450&ssl=1&resize=525%2C300 1.5x, https:\/\/i0.wp.com\/www.freidenker.org\/fw17\/wp-content\/uploads\/2023\/09\/corona-update_5235141_v2_800x450.jpg?fit=800%2C450&ssl=1&resize=700%2C400 2x"},"classes":[]},{"id":19608,"url":"https:\/\/www.freidenker.org\/?p=19608","url_meta":{"origin":16645,"position":2},"title":"RKI-Protokolle: Wenn die Perversion zur Normalit\u00e4t wird, sind Skandale nicht mehr m\u00f6glich","author":"Webredaktion","date":"31. Juli 2024","format":false,"excerpt":"Beitrag von Tom J. Wellbrock Ruprecht Rolf Gotthelf Polenz geh\u00f6rt zu den Schlimmsten. Er ist seit 2013 Pr\u00e4sident der Deutschen Gesellschaft f\u00fcr Osteuropakunde, war von 2005 bis 2013 Vorsitzender des Ausw\u00e4rtigen Ausschusses des Deutschen Bundestages und von April bis November 2000 Generalsekret\u00e4r der CDU. Polenz ist auf X (ehemals Twitter)\u2026","rel":"","context":"In &quot;Demokratie \u2013 Medien \u2013 Aufkl\u00e4rung&quot;","block_context":{"text":"Demokratie \u2013 Medien \u2013 Aufkl\u00e4rung","link":"https:\/\/www.freidenker.org\/?cat=12"},"img":{"alt_text":"","src":"https:\/\/i0.wp.com\/www.freidenker.org\/fw17\/wp-content\/uploads\/2024\/07\/Berlin_RKI_building_Nordufer_asv2021-03_img1_800x450.jpg?fit=800%2C450&ssl=1&resize=350%2C200","width":350,"height":200,"srcset":"https:\/\/i0.wp.com\/www.freidenker.org\/fw17\/wp-content\/uploads\/2024\/07\/Berlin_RKI_building_Nordufer_asv2021-03_img1_800x450.jpg?fit=800%2C450&ssl=1&resize=350%2C200 1x, https:\/\/i0.wp.com\/www.freidenker.org\/fw17\/wp-content\/uploads\/2024\/07\/Berlin_RKI_building_Nordufer_asv2021-03_img1_800x450.jpg?fit=800%2C450&ssl=1&resize=525%2C300 1.5x, https:\/\/i0.wp.com\/www.freidenker.org\/fw17\/wp-content\/uploads\/2024\/07\/Berlin_RKI_building_Nordufer_asv2021-03_img1_800x450.jpg?fit=800%2C450&ssl=1&resize=700%2C400 2x"},"classes":[]},{"id":13498,"url":"https:\/\/www.freidenker.org\/?p=13498","url_meta":{"origin":16645,"position":3},"title":"Verleumdungsorgie gegen Linken Liedersommer","author":"Webredaktion","date":"18. Juni 2022","format":false,"excerpt":"Interview der NRhZ mit Sebastian Bahlo (Vorsitzender des Deutschen Freidenker-Verbands) und Fotogalerie vom Linken Liedersommer 2022 Sebastian Bahlo: ... Nachdem der Liedersommer im vergangenen Jahr wegen der so genannten Corona-Ma\u00dfnahmen ausfallen musste, haben die Umst\u00e4nde, die ihn diesmal begleiten, im weiteren Sinne auch mit Corona zu tun. Der Veranstaltungsort, den\u2026","rel":"","context":"In &quot;Kultur &amp; Kunst&quot;","block_context":{"text":"Kultur &amp; Kunst","link":"https:\/\/www.freidenker.org\/?cat=913"},"img":{"alt_text":"","src":"https:\/\/i0.wp.com\/www.freidenker.org\/fw17\/wp-content\/uploads\/2022\/06\/LiLiSo2022_Bahlo_800x450.jpg?fit=800%2C450&ssl=1&resize=350%2C200","width":350,"height":200,"srcset":"https:\/\/i0.wp.com\/www.freidenker.org\/fw17\/wp-content\/uploads\/2022\/06\/LiLiSo2022_Bahlo_800x450.jpg?fit=800%2C450&ssl=1&resize=350%2C200 1x, https:\/\/i0.wp.com\/www.freidenker.org\/fw17\/wp-content\/uploads\/2022\/06\/LiLiSo2022_Bahlo_800x450.jpg?fit=800%2C450&ssl=1&resize=525%2C300 1.5x, https:\/\/i0.wp.com\/www.freidenker.org\/fw17\/wp-content\/uploads\/2022\/06\/LiLiSo2022_Bahlo_800x450.jpg?fit=800%2C450&ssl=1&resize=700%2C400 2x"},"classes":[]},{"id":20561,"url":"https:\/\/www.freidenker.org\/?p=20561","url_meta":{"origin":16645,"position":4},"title":"Frieden wird aus Mut gemacht","author":"Webredaktion","date":"24. Dezember 2024","format":false,"excerpt":"Beitrag von Marion Schneider sowie R\u00fcckblick auf den Kongress Frieden und Dialog\u201c 2024 in Liebstedt und Aufruf zu einer Kundgebung \"Aufstehn f\u00fcr Frieden\" am 28.12.2024 in Wiesbaden Die meisten Menschen haben ein tiefes Bed\u00fcrfnis nach Frieden. Sie w\u00fcnschen sich Frieden in ihrer Familie, Frieden mit ihren Freunden, Frieden an der\u2026","rel":"","context":"In &quot;Frieden - Antifaschismus - Solidarit\u00e4t&quot;","block_context":{"text":"Frieden - Antifaschismus - Solidarit\u00e4t","link":"https:\/\/www.freidenker.org\/?cat=13"},"img":{"alt_text":"","src":"https:\/\/i0.wp.com\/www.freidenker.org\/fw17\/wp-content\/uploads\/2024\/12\/dove-7044783_800x450.jpg?fit=800%2C450&ssl=1&resize=350%2C200","width":350,"height":200,"srcset":"https:\/\/i0.wp.com\/www.freidenker.org\/fw17\/wp-content\/uploads\/2024\/12\/dove-7044783_800x450.jpg?fit=800%2C450&ssl=1&resize=350%2C200 1x, https:\/\/i0.wp.com\/www.freidenker.org\/fw17\/wp-content\/uploads\/2024\/12\/dove-7044783_800x450.jpg?fit=800%2C450&ssl=1&resize=525%2C300 1.5x, https:\/\/i0.wp.com\/www.freidenker.org\/fw17\/wp-content\/uploads\/2024\/12\/dove-7044783_800x450.jpg?fit=800%2C450&ssl=1&resize=700%2C400 2x"},"classes":[]},{"id":16345,"url":"https:\/\/www.freidenker.org\/?p=16345","url_meta":{"origin":16645,"position":5},"title":"Die bestrafte Meinung","author":"Webredaktion","date":"17. Juni 2023","format":false,"excerpt":"Beitrag von\u00a0Tom J. Wellbrock Meine eigene Haltung ist nicht sehr popul\u00e4r. Mein gesch\u00e4tzter Blog-Partner und Freund Gert Ewen Ungar hat dieses sich daraus entwickelnde Gef\u00fchl als \"Fremdheitserfahrung\"\u00a0bezeichnet. Er lebt inzwischen in Moskau, sah sich in seiner Zeit in Berlin massiven Drohungen ausgesetzt und f\u00fchlt sich jetzt sicher. Und freier. Unerh\u00f6rt,\u2026","rel":"","context":"In &quot;Demokratie \u2013 Medien \u2013 Aufkl\u00e4rung&quot;","block_context":{"text":"Demokratie \u2013 Medien \u2013 Aufkl\u00e4rung","link":"https:\/\/www.freidenker.org\/?cat=12"},"img":{"alt_text":"","src":"https:\/\/i0.wp.com\/www.freidenker.org\/fw17\/wp-content\/uploads\/2023\/06\/elena_kolbasnikowa_800x450.jpg?fit=800%2C450&ssl=1&resize=350%2C200","width":350,"height":200,"srcset":"https:\/\/i0.wp.com\/www.freidenker.org\/fw17\/wp-content\/uploads\/2023\/06\/elena_kolbasnikowa_800x450.jpg?fit=800%2C450&ssl=1&resize=350%2C200 1x, https:\/\/i0.wp.com\/www.freidenker.org\/fw17\/wp-content\/uploads\/2023\/06\/elena_kolbasnikowa_800x450.jpg?fit=800%2C450&ssl=1&resize=525%2C300 1.5x, https:\/\/i0.wp.com\/www.freidenker.org\/fw17\/wp-content\/uploads\/2023\/06\/elena_kolbasnikowa_800x450.jpg?fit=800%2C450&ssl=1&resize=700%2C400 2x"},"classes":[]}],"_links":{"self":[{"href":"https:\/\/www.freidenker.org\/index.php?rest_route=\/wp\/v2\/posts\/16645","targetHints":{"allow":["GET"]}}],"collection":[{"href":"https:\/\/www.freidenker.org\/index.php?rest_route=\/wp\/v2\/posts"}],"about":[{"href":"https:\/\/www.freidenker.org\/index.php?rest_route=\/wp\/v2\/types\/post"}],"author":[{"embeddable":true,"href":"https:\/\/www.freidenker.org\/index.php?rest_route=\/wp\/v2\/users\/3"}],"replies":[{"embeddable":true,"href":"https:\/\/www.freidenker.org\/index.php?rest_route=%2Fwp%2Fv2%2Fcomments&post=16645"}],"version-history":[{"count":0,"href":"https:\/\/www.freidenker.org\/index.php?rest_route=\/wp\/v2\/posts\/16645\/revisions"}],"wp:featuredmedia":[{"embeddable":true,"href":"https:\/\/www.freidenker.org\/index.php?rest_route=\/wp\/v2\/media\/16646"}],"wp:attachment":[{"href":"https:\/\/www.freidenker.org\/index.php?rest_route=%2Fwp%2Fv2%2Fmedia&parent=16645"}],"wp:term":[{"taxonomy":"category","embeddable":true,"href":"https:\/\/www.freidenker.org\/index.php?rest_route=%2Fwp%2Fv2%2Fcategories&post=16645"},{"taxonomy":"post_tag","embeddable":true,"href":"https:\/\/www.freidenker.org\/index.php?rest_route=%2Fwp%2Fv2%2Ftags&post=16645"}],"curies":[{"name":"wp","href":"https:\/\/api.w.org\/{rel}","templated":true}]}}