{"id":16639,"date":"2023-07-16T14:16:13","date_gmt":"2023-07-16T12:16:13","guid":{"rendered":"https:\/\/www.freidenker.org\/?p=16639"},"modified":"2023-09-02T11:03:17","modified_gmt":"2023-09-02T09:03:17","slug":"ein-volldesaster-lauterbachs-long-covid-initiative-und-brinkmanns-karrieresprung","status":"publish","type":"post","link":"https:\/\/www.freidenker.org\/?p=16639","title":{"rendered":"Ein Volldesaster: Lauterbachs Long-COVID-Initiative und Brinkmanns Karrieresprung"},"content":{"rendered":"<p><strong>Bundesgesundheitsminister Karl Lauterbach stellte seine &#8222;Initiative Long COVID&#8220; vor, inklusive einer aufschlussreichen neuen Website. Opfer der leichtfertig propagierten COVID-19-Impfung erfahren dabei erneut Statistenstatus. Die Virologin Melanie Brinkmann darf sich \u00fcber einen neuen Job freuen, und Christian Drosten meldete sich auch mal wieder zu Wort. <\/strong><\/p>\n<p><em>von <strong>Bernhard Loyen<\/strong><\/em><\/p>\n<p><span style=\"font-size: 10pt;\">Erstver\u00f6ffentlichung am 13.07.2023 auf <a href=\"https:\/\/freeassange.rtde.life\/meinung\/175141-volldesaster-lauterbachs-long-covid-initiative\/\" target=\"_blank\" rel=\"noopener\">RT DE<\/a><\/span><\/p>\n<p>Sehr weich fallen, eher dahinsinken, hei\u00dft das angenehme Momentum der Stunde f\u00fcr die forderndsten Protagonisten einer ausufernden Corona-Verordnungspolitik. Sp\u00fcrbare Konsequenzen musste bis dato keiner der verantwortlichen Einpeitscher und Gesellschaftsspalter der drei dunklen Jahre 2020 bis 2022 bef\u00fcrchten, erahnen oder sogar erleben. Die zur\u00fcckliegenden Tage belegen: Politik und Wissenschaft gehen unbeeindruckt und anma\u00dfend zur Tagesordnung \u00fcber.<\/p>\n<p>Woraus resultiert diese j\u00fcngste ern\u00fcchternde Erkenntnis? Am 12. Juli stellte der unantastbare Karl Lauterbach mal wieder eine Innovation aus dem Bundesgesundheitsministerium (BMG) vor \u2013 nat\u00fcrlich rein wohlmeinend und besorgt hinsichtlich einer betreuten Hilfsstellung erkrankter B\u00fcrger im Land. &#8222;Bundesgesundheitsminister Karl Lauterbach verhandelt aktuell mit dem Haushaltsausschuss des Bundestages \u00fcber Gelder f\u00fcr ein Forschungsprogramm zu Long COVID sowie Post-Vac, also Impfsch\u00e4den durch die Corona-Vakzine&#8220;, <a href=\"https:\/\/www.aok-bv.de\/hintergrund\/dossier\/selbsthilfe\/index_26285.html\" target=\"_blank\" rel=\"noopener noreferrer\">vermeldete<\/a> die Krankenversicherung AOK im M\u00e4rz dieses Jahres. W\u00f6rtlich hei\u00dft es:<\/p>\n<blockquote><p><em>&#8222;Im Januar hatte Lauterbach konkret 100 Millionen Euro f\u00fcr ein solches Programm in Aussicht gestellt, aktuell nannte er keine genaue Zahl mehr.&#8220;<\/em><\/p><\/blockquote>\n<p>Die <em>ARD-Tagesschau<\/em>\u00a0<a href=\"https:\/\/www.tagesschau.de\/inland\/long-covid-128.html\" target=\"_blank\" rel=\"noopener noreferrer\">informierte<\/a> am 12. Juli nun \u00fcber die Verh\u00e4ltnisse wenige Monate sp\u00e4ter:<\/p>\n<blockquote><p><em>&#8222;41 Millionen Euro sollen in die Erforschung der Folgeerkrankung nach einer Covid-Infektion investiert werden, davon 21 Millionen Euro in die Versorgungsforschung und 20 Millionen Euro in einen Forschungsschwerpunkt Long Covid.&#8220;<\/em><\/p><\/blockquote>\n<p>Vor der anwesenden Hauptstadtpresse klang der Minister nun eher leise, ohne das gewohnte Selbstbewusstsein im schmalen Brustton. Gleich zu Beginn der angek\u00fcndigten &#8222;BMG-Initiative Long COVID&#8220; lautete die Wahrnehmung des Ministers:<\/p>\n<blockquote><p><em>&#8222;F\u00fcr die Menschen mit Long COVID ist die Pandemie leider aber noch lange nicht beendet. Sie leiden noch immer unter den Folgen, und wir haben auch mittlerweile auch Hinweise, dass viele Betroffene auch dauerhaft von Long COVID wahrscheinlich (!) betroffen sein werden.&#8220;<\/em><\/p><\/blockquote>\n<p>Und? Und weiter?, m\u00f6chte man ihm zurufen. Haben Sie nicht eine wesentliche Opfergruppe der Corona-Jahre mit identischem Status quo und Leidensweg vergessen? Hat er, diese wurden erst im Anschluss bei der Befragung thematisiert. Die nachweisliche Dokumentation ist schockierend in ihrer Wirkung und belegt das aktuelle Desaster des negierten Leidens der Betroffenen im Land. Das Tondokument best\u00e4tigt den fatalen Leichtsinn und die Nachl\u00e4ssigkeit der verantwortlichen Ministerien und Wissenschaftseinrichtungen des Landes \u2013 wie dem RKI und dem Paul-Ehrlich-Institut (PEI) \u2013 von Beginn einer forcierten und provozierten Ausnahmesituation an.<\/p>\n<p>Zu erwartende Irritationen und m\u00f6gliche folgenschwere bis hin zu t\u00f6dlichen Nebeneffekte hinsichtlich eines neuartigen mRNA-Wirkstoffeinsatzes wurden fahrl\u00e4ssig schlicht nicht dokumentiert. Eine Journalistin wies Lauterbach darauf hin, dass das Thema &#8222;COVID-Impfopfer&#8220; in seinen Ausf\u00fchrungen keinerlei Erw\u00e4hnung fand. Sie wollte daher wissen, ob dem Minister belegbare Zahlen zum Thema &#8222;Post-Vac&#8220; vorliegen. Zudem wollte sie eine BMG-Definition zum gleichen Thema erfahren. Lauterbach stutzte und fragte irritiert allen Ernstes nach: &#8222;Was ist jetzt genau die Frage?&#8220; Seine <a href=\"https:\/\/twitter.com\/real_Gwynplaine\/status\/1679216192332914692\" target=\"_blank\" rel=\"noopener noreferrer\">Folgeantwort<\/a> lautete: &#8222;Nein, es gibt keine belastbaren Zahlen, die wir offiziell h\u00e4tten.&#8220; Dann bat er sichtlich angespannt den beisitzenden Prof. Dr. Bernhard Schieffer, Leiter der Ambulanz f\u00fcr mRNA-Impfgesch\u00e4digte der Uniklinik Marburg \u2013 Lauterbach: &#8222;Ein Experte&#8220; \u2013 um erg\u00e4nzende Angaben. Die Antwort Schieffers \u2013 ein Desaster f\u00fcr die Bundesregierung und dieser zuarbeitende Instituten:<\/p>\n<blockquote><p><em>&#8222;Eine genaue Erfassung dazu gibt es nicht, muss man tats\u00e4chlich sagen. Das Einzige, was wir definitv wissen, was wir \u00fcber die letzten Jahre beobachtet haben, ist, dass die Symptomatik, die klinische Symptomatik von Post-Vac tats\u00e4chlich fast identisch ist zu der von Post-COVID nach Infektion. Es gibt diese Impfnebenwirkungen. Wir h\u00e4tten wahrscheinlich vor drei Jahren anfangen m\u00fcssen, das ganz konsequent zu erfassen. Zahlen dazu, in Deutschland, kann man tats\u00e4chlich dazu nur sch\u00e4tzen.&#8220;<\/em><\/p><\/blockquote>\n<p>Zusammenfassend \u2013 ein unfassbarer Offenbarungseid. Das v\u00f6llige Versagen kooperierender Verantwortlicher aus Politik und Wissenschaft. Auf der frisch gestalteten <a href=\"https:\/\/www.bmg-longcovid.de\/#zeitstrahl\" target=\"_blank\" rel=\"noopener noreferrer\">Website<\/a> der &#8222;BMG-Initiative Long COVID&#8220; hei\u00dft es <a href=\"https:\/\/www.bmg-longcovid.de\/infobox\/wissenswertes-zu-nebenwirkungen-von-covid-19-impfstoffen-und-zum-impfschadensrecht\" target=\"_blank\" rel=\"noopener noreferrer\">themenbezogen<\/a>:<\/p>\n<blockquote><p><em>&#8222;Seit Beginn der Impfkampagne wurden \u00fcber 192 Millionen Impfdosen verabreicht. Daraus ergibt sich eine umfangreiche Datenlage zur Sicherheit der COVID-19-Impfstoffprodukte. Dennoch k\u00f6nnen Nebenwirkungen, in sehr seltenen F\u00e4llen schwerwiegende Nebenwirkungen bzw. Impfkomplikationen, auftreten.&#8220;<\/em><\/p><\/blockquote>\n<p>Der Hinweis &#8222;umfangreiche Datenlage&#8220; ist also eine schlichte Falschbehauptung, eine dreiste L\u00fcge. Zu erwartende Konsequenzen f\u00fcr die verantwortliche Fehldarstellung werden erfahrungsgem\u00e4\u00df nicht erfolgen. F\u00fcr Gesch\u00e4digte, gutgl\u00e4ubige oder gen\u00f6tigte B\u00fcrger mit Folgesch\u00e4den nach Erhalt des mRNA-Wirkstoffs hei\u00dft es w\u00f6rtlich <a href=\"https:\/\/www.bmg-longcovid.de\/infobox\/wissenswertes-zu-nebenwirkungen-von-covid-19-impfstoffen-und-zum-impfschadensrecht\" target=\"_blank\" rel=\"noopener noreferrer\">belehrend<\/a> und ern\u00fcchternd auf der BMG-Seite:<\/p>\n<blockquote><p><em>&#8222;Der Begriff &#8218;Post-Vac&#8216; stellt keine medizinisch definierte Bezeichnung einer Erkrankung dar.&#8220;<\/em><\/p><\/blockquote>\n<p>Was denn dann, bitte? Eine &#8222;Pech im Leben&#8220;-Diagnose? Ein &#8222;Wir waren alle irgendwie unsicher, <a href=\"https:\/\/freeassange.rtde.live\/meinung\/174333-corona-aufarbeitung-aber-wir-hatten\/\" target=\"_blank\" rel=\"noopener noreferrer\">was wir da tun<\/a>&#8222;-Ereignis? Wurde die &#8222;COVID-Impfung&#8220; den B\u00fcrgern ans Herz gelegt, empfohlen, auch regelrecht aufgedr\u00e4ngt? Nachweislich ja! Unter anderem durch Melanie Brinkmann. Hatten die Fehldeutungen und -informationen der &#8222;renommierten Virologin&#8220; Folgewirkungen pers\u00f6nlicher Art?<\/p>\n<ul>\n<li>\u00dcbergang des neuartigen Wirkstoffs in die Muttermilch \u2013 Brinkmann: &#8222;Das ist biologisch gar nicht m\u00f6glich&#8220;<\/li>\n<li>&#8222;Das Sicherheitsprofil dieser Impfstoffe ist <a href=\"https:\/\/twitter.com\/kein_Feind\/status\/1616710676713455616\" target=\"_blank\" rel=\"noopener noreferrer\">phantastisch<\/a>&#8222;<\/li>\n<\/ul>\n<blockquote class=\"twitter-tweet\" data-width=\"550\" data-dnt=\"true\">\n<p lang=\"de\" dir=\"ltr\">\u201eDa gibt es Menschen, die gucken gar kein Fernsehen! Das ist dieses falsche Denken!<\/p>\n<p>Wie soll denn der Impfstoff zu diesem Kind gelangen\u2026\u00fcber die Muttermilch? Das ist biologisch gar nicht m\u00f6glich!!\u201c<\/p>\n<p>(Biologin <a href=\"https:\/\/twitter.com\/BrinkmannLab?ref_src=twsrc%5Etfw\">@BrinkmannLab<\/a>) <a href=\"https:\/\/t.co\/b2d8kyE6Dx\">pic.twitter.com\/b2d8kyE6Dx<\/a><\/p>\n<p>&mdash; Corona Realism (@holmenkollin) <a href=\"https:\/\/twitter.com\/holmenkollin\/status\/1580528398405099525?ref_src=twsrc%5Etfw\">October 13, 2022<\/a><\/p><\/blockquote>\n<p><script async src=\"https:\/\/platform.twitter.com\/widgets.js\" charset=\"utf-8\"><\/script><\/p>\n<p>Ja, hatten sie: Sie darf ein biografisches H\u00e4kchen hinter den beruflichen Aufstieg setzen. So hie\u00df es am 7. Juli auf der Website der TU Braunschweig <a href=\"https:\/\/magazin.tu-braunschweig.de\/m-post\/netzwerk-deutscher-infektionsforscherinnen\/\" target=\"_blank\" rel=\"noopener noreferrer\">informierend<\/a> zur dort t\u00e4tigen Virologin Brinkmann:<\/p>\n<blockquote><p><em>&#8222;Obwohl es eine Vielzahl von Virologinnen, Infektionsforscherinnen gibt, die F\u00fchrungspositionen in den deutschen Hochschulen und Forschungsinstituten innehaben, sind diese in der \u00d6ffentlichkeit meist wenig sichtbar.&#8220;<\/em><\/p><\/blockquote>\n<p>Vielleicht weil sie auf ihre Arbeit und nicht auf <a href=\"https:\/\/www.youtube.com\/watch?v=R0NqJKVpMPk\" target=\"_blank\" rel=\"noopener noreferrer\">medienwirksame Publicity<\/a> fokussiert sind? Es seien &#8222;vor allem m\u00e4nnliche Virologen, die in den Medien auftraten und sich als Berater der Politik positionierten&#8220;. Daher verk\u00fcndet die TU Braunschweig weiter, dass &#8222;das Bundesministerium f\u00fcr Bildung und Forschung in den kommenden drei Jahren im Rahmen des Programms &#8218;Innovative Frauen im Fokus&#8216; den Aufbau eines Netzwerkes deutscher Infektionsforscherinnen unterst\u00fctzt&#8220;. Zum Gr\u00fcndungsteam geh\u00f6rt \u2013 welch&#8216; \u00dcberraschung \u2013 auch &#8222;Professorin Melanie Brinkmann&#8220;. Jene Frau, die erneut im Fernsehen eine &#8222;77-prozentige Impfquote&#8220; im Land als &#8222;eine demokratische Impfpflichtentscheidung&#8220; empfand und verstanden wissen wollte.<\/p>\n<blockquote class=\"twitter-tweet\" data-width=\"550\" data-dnt=\"true\">\n<p lang=\"de\" dir=\"ltr\">Wir hatten eine Mehrheit f\u00fcr eine <a href=\"https:\/\/twitter.com\/hashtag\/Impfpflicht?src=hash&amp;ref_src=twsrc%5Etfw\">#Impfpflicht<\/a>!<\/p>\n<p>In einer lebenswerten, liberalen Demokratie z\u00e4hlen nat\u00fcrlich Mehrheiten und nicht so Grundrechtsquatsch, der eine Tyrannei der Mehrheit \u00fcber die Minderheit verhindern w\u00fcrden, wenn es einen funktionierenden Rechtsstaat g\u00e4be und der\u2026 <a href=\"https:\/\/t.co\/v84PEvVnBa\">pic.twitter.com\/v84PEvVnBa<\/a><\/p>\n<p>&mdash; J\u00fcrgen M\u00fcller (@IndikativJetzt) <a href=\"https:\/\/twitter.com\/IndikativJetzt\/status\/1678704495033827328?ref_src=twsrc%5Etfw\">July 11, 2023<\/a><\/p><\/blockquote>\n<p><script async src=\"https:\/\/platform.twitter.com\/widgets.js\" charset=\"utf-8\"><\/script><\/p>\n<p>Medien-Darling und Charit\u00e9-Virologe Christian Drosten durfte sich w\u00e4hrend eines Wohlf\u00fchltermins in Frankfurt am Main am 10. Juli gewohnt gn\u00e4dig und mit leicht genervtem Unterton r\u00fcckblickend zur Corona-Krise \u00e4u\u00dfern. &#8222;Herausforderungen und Lehren aus der Pandemie&#8220; lautete das Thema. Hessens Sozialminister Kai Klose (Gr\u00fcne) stellte zur Begr\u00fc\u00dfung beeindruckenderweise fest: &#8222;Wir haben in diesen drei Jahren viel gelernt.&#8220; Chapeau, gut zusammengefasst. Was durfte nun Drosten beitragen zur Erkenntnisbest\u00e4tigung? Laut der lokalen <em>Hessenschau<\/em> waren es bedr\u00fcckende und belastende Zeiten:<\/p>\n<blockquote><p><em>&#8222;Er war der Erkl\u00e4rer der Pandemie und ein Ratgeber der Regierung. So wurde er Lieblingsfeind von Querdenkern und Objekt einer Kampagne der Bild-Zeitung.&#8220;<\/em><\/p><\/blockquote>\n<p>Drosten res\u00fcmierte und <a href=\"https:\/\/www.hessenschau.de\/gesellschaft\/christian-drostens-corona-rueckblick-in-frankfurt-ignorierte-fakten-viele-trugschluesse-unselige-debatten-v1,corona-symposium-drosten-100.html\" target=\"_blank\" rel=\"noopener noreferrer\">pr\u00e4sentierte<\/a>, in sich still leidend, in seinem Kurzvortrag gewohnt unwidersprochen und mit fraglichen Power-Point-Pr\u00e4sentationen geschm\u00fcckt laut <em>Hessenschau:<\/em><\/p>\n<blockquote><p><em>&#8222;&#8218;Ganz viele Trugschl\u00fcsse&#8216;, &#8218;entsetzlich viele logische Fehler&#8216;, &#8218;unselige Debatten&#8216;, &#8218;ignorierte Fakten&#8216;, &#8218;traurige Entwicklung f\u00fcr unsere Gesellschaft&#8216; \u2013 Stichworte aus seiner Rede zeigten, wie sehr seine Erfahrungen noch am Virologen Christian Drosten nagen.&#8220;<\/em><\/p><\/blockquote>\n<p>Drosten durfte dabei erneut behaupten, dass durch &#8222;fr\u00fche Erfolge in der Diagnostik und Ma\u00dfnahmen wie den Lockdown im Fr\u00fchjahr 2020 in Deutschland rund 60.000 Menschenleben gerettet&#8220; wurden. Der &#8222;Keim des Wissenschaftszweifels&#8220; sei allein von &#8222;eitlen Selbstdarstellern&#8220; ges\u00e4t worden. Journalisten h\u00e4tten die wenigen verl\u00e4sslichen Daten mit Begriffen wie &#8222;Modellierer des Grauens&#8220; auch noch &#8222;durch den Kakao gezogen&#8220;. Er erinnerte laut <em>Hessenschau<\/em> auch &#8222;an Angriffe unter Kollegen: &#8218;Das war sehr schlecht f\u00fcr den Glauben der Bev\u00f6lkerung an der Wissenschaft&#8216;.&#8220; Dabei wurde den Lesern Drostens arrogantes Agieren in dieser Zeit bewusst vorenthalten:<\/p>\n<p><img data-recalc-dims=\"1\" loading=\"lazy\" decoding=\"async\" data-attachment-id=\"16641\" data-permalink=\"https:\/\/www.freidenker.org\/?attachment_id=16641\" data-orig-file=\"https:\/\/i0.wp.com\/www.freidenker.org\/fw17\/wp-content\/uploads\/2023\/07\/drosten_twitter_wirrkopf.jpg?fit=1487%2C722&amp;ssl=1\" data-orig-size=\"1487,722\" data-comments-opened=\"0\" data-image-meta=\"{&quot;aperture&quot;:&quot;0&quot;,&quot;credit&quot;:&quot;&quot;,&quot;camera&quot;:&quot;&quot;,&quot;caption&quot;:&quot;&quot;,&quot;created_timestamp&quot;:&quot;0&quot;,&quot;copyright&quot;:&quot;&quot;,&quot;focal_length&quot;:&quot;0&quot;,&quot;iso&quot;:&quot;0&quot;,&quot;shutter_speed&quot;:&quot;0&quot;,&quot;title&quot;:&quot;&quot;,&quot;orientation&quot;:&quot;0&quot;}\" data-image-title=\"drosten_twitter_wirrkopf\" data-image-description=\"\" data-image-caption=\"\" data-large-file=\"https:\/\/i0.wp.com\/www.freidenker.org\/fw17\/wp-content\/uploads\/2023\/07\/drosten_twitter_wirrkopf.jpg?fit=800%2C388&amp;ssl=1\" class=\"alignnone wp-image-16641 size-large\" src=\"https:\/\/i0.wp.com\/www.freidenker.org\/fw17\/wp-content\/uploads\/2023\/07\/drosten_twitter_wirrkopf.jpg?resize=800%2C388&#038;ssl=1\" alt=\"\" width=\"800\" height=\"388\" srcset=\"https:\/\/i0.wp.com\/www.freidenker.org\/fw17\/wp-content\/uploads\/2023\/07\/drosten_twitter_wirrkopf.jpg?resize=1024%2C497&amp;ssl=1 1024w, https:\/\/i0.wp.com\/www.freidenker.org\/fw17\/wp-content\/uploads\/2023\/07\/drosten_twitter_wirrkopf.jpg?resize=300%2C146&amp;ssl=1 300w, https:\/\/i0.wp.com\/www.freidenker.org\/fw17\/wp-content\/uploads\/2023\/07\/drosten_twitter_wirrkopf.jpg?resize=768%2C373&amp;ssl=1 768w, https:\/\/i0.wp.com\/www.freidenker.org\/fw17\/wp-content\/uploads\/2023\/07\/drosten_twitter_wirrkopf.jpg?w=1487&amp;ssl=1 1487w\" sizes=\"auto, (max-width: 800px) 100vw, 800px\" \/><br \/>\n<span style=\"font-size: 10pt;\">Bild: Twitter: @holmenkollin<\/span><\/p>\n<p>Aktuelle Studien <a href=\"https:\/\/www.t-online.de\/nachrichten\/deutschland\/innenpolitik\/id_100206640\/lauterbach-stellt-hilfen-fuer-long-covid-kranke-vor-bin-entsetzt-.html\" target=\"_blank\" rel=\"noopener noreferrer\">sch\u00e4tzen<\/a> die &#8222;volkswirtschaftlichen Kosten&#8220; des argumentativ dehnbaren Ph\u00e4nomens Long COVID &#8222;auf \u00fcber f\u00fcnf Milliarden Euro j\u00e4hrlich&#8220;. Die Kosten f\u00fcr &#8222;Post-Vac&#8220;, also mRNA-Gesch\u00e4digte, dabei nicht einbezogen, vergessen, vermischt oder laut BMG-Studienlage unterschlagen? Das Lauterbach-Ministerium will laut <a href=\"https:\/\/twitter.com\/BMG_Bund\/status\/1679121017141182470\" target=\"_blank\" rel=\"noopener noreferrer\">Ank\u00fcndigung<\/a> am 12. September dieses Jahres &#8222;unter anderem Expertinnen, Experten &amp; Betroffene an einem Runden Tisch zusammenbringen&#8220;. Man m\u00f6chte dann &#8222;ein Bild davon bekommen, was in der Praxis erlebt wird &amp; was die Bed\u00fcrfnisse der Betroffenen sind. Das wollen wir regelm\u00e4\u00dfig wiederholen&#8220;.<\/p>\n<p>Das klingt und ist unglaubw\u00fcrdig, schlicht eine weitere BMG-Nebelgranate. Hunderttausende, wenn nicht Millionen psychische wie auch physische Opfer der drei dunklen Corona-Jahre werden auch weiterhin in ihrem Schicksal mehrheitlich von der verantwortlichen Politik alleingelassen und vergessen. Fr\u00fcher nannte man so etwas &#8222;Karteileichen&#8220;.<\/p>\n<p>Es ist ein grauenhaftes Volldesaster, ein Gesellschaftsskandal erster G\u00fcte, der auch weiterhin regelm\u00e4\u00dfig thematisiert und aufgearbeitet werden muss.<\/p>\n<p style=\"text-align: right;\"><em>Bernhard Loyen ist freier Journalist und schreibt f\u00fcr verschiedene alternative Portale<\/em><\/p>\n<hr \/>\n<p><span style=\"font-size: 10pt;\">Foto oben: Karl Lauterbach auf dem <span class=\"mw-mmv-title\">ColognePride 2023, 08.07.2023<br \/>\nFoto: \u00a9 Raimond Spekking \/ <a href=\"https:\/\/creativecommons.org\/licenses\/by-sa\/4.0\" target=\"_blank\" rel=\"noopener\">CC BY-SA 4.0<\/a><br \/>\n<\/span>Quelle: <a href=\"https:\/\/commons.wikimedia.org\/w\/index.php?curid=134242374\" target=\"_blank\" rel=\"noopener\">https:\/\/commons.wikimedia.org\/w\/index.php?curid=134242374<\/a><\/span><\/p>\n","protected":false},"excerpt":{"rendered":"<p><b>Beitrag von Bernhard Loyen<\/b><br \/>\nSehr weich fallen, eher dahinsinken, hei\u00dft das angenehme Momentum der Stunde f\u00fcr die forderndsten Protagonisten einer ausufernden Corona-Verordnungspolitik. Sp\u00fcrbare Konsequenzen musste bis dato keiner der verantwortlichen Einpeitscher und Gesellschaftsspalter der drei dunklen Jahre 2020 bis 2022 bef\u00fcrchten, erahnen oder sogar erleben. Die zur\u00fcckliegenden Tage belegen: Politik und Wissenschaft gehen unbeeindruckt und anma\u00dfend zur Tagesordnung \u00fcber. Woraus resultiert diese j\u00fcngste ern\u00fcchternde Erkenntnis? Am 12. Juli stellte der unantastbare Karl Lauterbach mal wieder eine Innovation aus dem Bundesgesundheitsministerium (BMG) vor \u2013 nat\u00fcrlich rein wohlmeinend und besorgt hinsichtlich einer betreuten Hilfsstellung erkrankter B\u00fcrger im Land<\/p>\n","protected":false},"author":3,"featured_media":16643,"comment_status":"closed","ping_status":"closed","sticky":false,"template":"","format":"standard","meta":{"colormag_page_container_layout":"default_layout","colormag_page_sidebar_layout":"default_layout","advanced_seo_description":"","jetpack_seo_html_title":"","jetpack_seo_noindex":false,"jetpack_post_was_ever_published":false,"footnotes":""},"categories":[11],"tags":[1256,577,1357,1816,1278,1851,386,1257],"class_list":["post-16639","post","type-post","status-publish","format-standard","has-post-thumbnail","hentry","category-arbeit-soziales","tag-corona-virus","tag-gesundheitspolitik","tag-impfpflicht","tag-impfstoff","tag-impfung","tag-long-covid","tag-medizin","tag-pandemie"],"jetpack_featured_media_url":"https:\/\/i0.wp.com\/www.freidenker.org\/fw17\/wp-content\/uploads\/2023\/07\/ColognePride_2023-Lauterbach-47735_800x450.jpg?fit=800%2C450&ssl=1","jetpack_shortlink":"https:\/\/wp.me\/p9stpK-4kn","jetpack-related-posts":[{"id":20161,"url":"https:\/\/www.freidenker.org\/?p=20161","url_meta":{"origin":16639,"position":0},"title":"Eckart von Hirschhausen und Lauterbach drohen mit &#8222;Corona-Aufarbeitung&#8220;","author":"Webredaktion","date":"30. Oktober 2024","format":false,"excerpt":"Beitrag von Bernhard Loyen Die Ampelkoalition wird sich aufgrund \"unterschiedlicher Auffassungen\" in dieser Legislaturperiode nicht mehr mit dem Thema \"Aufarbeitung der Corona-Pandemie\" besch\u00e4ftigen. Ein seitens SPD und Gr\u00fcnen pr\u00e4ferierter \"B\u00fcrgerrat\" sei bis zur Bundestagswahl 2025 nicht realisierbar, so das\u00a0RT-Update\u00a0vom 11. Oktober zum Thema der konsequenten Verweigerungshaltung verantwortlicher Protagonisten dreier dunkler\u2026","rel":"","context":"In &quot;Demokratie \u2013 Medien \u2013 Aufkl\u00e4rung&quot;","block_context":{"text":"Demokratie \u2013 Medien \u2013 Aufkl\u00e4rung","link":"https:\/\/www.freidenker.org\/?cat=12"},"img":{"alt_text":"","src":"https:\/\/i0.wp.com\/www.freidenker.org\/fw17\/wp-content\/uploads\/2024\/10\/Health_for_Future_IMG_0265_50174308517_800x450.jpg?fit=800%2C450&ssl=1&resize=350%2C200","width":350,"height":200,"srcset":"https:\/\/i0.wp.com\/www.freidenker.org\/fw17\/wp-content\/uploads\/2024\/10\/Health_for_Future_IMG_0265_50174308517_800x450.jpg?fit=800%2C450&ssl=1&resize=350%2C200 1x, https:\/\/i0.wp.com\/www.freidenker.org\/fw17\/wp-content\/uploads\/2024\/10\/Health_for_Future_IMG_0265_50174308517_800x450.jpg?fit=800%2C450&ssl=1&resize=525%2C300 1.5x, https:\/\/i0.wp.com\/www.freidenker.org\/fw17\/wp-content\/uploads\/2024\/10\/Health_for_Future_IMG_0265_50174308517_800x450.jpg?fit=800%2C450&ssl=1&resize=700%2C400 2x"},"classes":[]},{"id":17626,"url":"https:\/\/www.freidenker.org\/?p=17626","url_meta":{"origin":16639,"position":1},"title":"Lauterbachs Glaube: Risiko von &#8222;Post-Vac&#8220; gegen\u00fcber Long COVID um &#8222;Dimensionen geringer&#8220;","author":"Webredaktion","date":"9. Dezember 2023","format":false,"excerpt":"Beitrag von Bernhard Loyen Am 4. Dezember fand in Berlin die Veranstaltung \"2. Runder Tisch Long COVID\" statt. Anwesend waren \"30 Experten\", auch \"Betroffene\", die zu den Themen \"Forschung, Arzneimittel, Rehabilitation und Bedarfe in den Lebenswelten\" diskutierten. Ein \"zentraler Aspekt\" der Veranstaltung bestand nach Angaben des Bundesgesundheitsministeriums (BMG) darin, sich\u2026","rel":"","context":"In &quot;Arbeit &amp; Soziales&quot;","block_context":{"text":"Arbeit &amp; Soziales","link":"https:\/\/www.freidenker.org\/?cat=11"},"img":{"alt_text":"","src":"https:\/\/i0.wp.com\/www.freidenker.org\/fw17\/wp-content\/uploads\/2023\/12\/Lauterbach_2023.jpg?fit=800%2C450&ssl=1&resize=350%2C200","width":350,"height":200,"srcset":"https:\/\/i0.wp.com\/www.freidenker.org\/fw17\/wp-content\/uploads\/2023\/12\/Lauterbach_2023.jpg?fit=800%2C450&ssl=1&resize=350%2C200 1x, https:\/\/i0.wp.com\/www.freidenker.org\/fw17\/wp-content\/uploads\/2023\/12\/Lauterbach_2023.jpg?fit=800%2C450&ssl=1&resize=525%2C300 1.5x, https:\/\/i0.wp.com\/www.freidenker.org\/fw17\/wp-content\/uploads\/2023\/12\/Lauterbach_2023.jpg?fit=800%2C450&ssl=1&resize=700%2C400 2x"},"classes":[]},{"id":21026,"url":"https:\/\/www.freidenker.org\/?p=21026","url_meta":{"origin":16639,"position":2},"title":"Das Paul-Ehrlich-Institut und die Impfsch\u00e4den","author":"Webredaktion","date":"25. Februar 2025","format":false,"excerpt":"Beitrag von Andreas Keite Wer erinnert sich noch an die gro\u00dfmundigen Aussagen jener Zeit? Der Impfstoff ist sicher und wirksam! Die Impfung, so meinte Karl Lauterbach mehrfach, habe keine Nebenwirkungen. Nur auf dieser Basis konnten Millionen Menschen ge\u00e4chtet werden, da sie sich nicht impfen lie\u00dfen, obwohl es doch nur ein\u2026","rel":"","context":"In &quot;Demokratie \u2013 Medien \u2013 Aufkl\u00e4rung&quot;","block_context":{"text":"Demokratie \u2013 Medien \u2013 Aufkl\u00e4rung","link":"https:\/\/www.freidenker.org\/?cat=12"},"img":{"alt_text":"","src":"https:\/\/i0.wp.com\/www.freidenker.org\/fw17\/wp-content\/uploads\/2025\/02\/Impfschaeden_Thumbnail4-800x450-1.jpg?fit=800%2C450&ssl=1&resize=350%2C200","width":350,"height":200,"srcset":"https:\/\/i0.wp.com\/www.freidenker.org\/fw17\/wp-content\/uploads\/2025\/02\/Impfschaeden_Thumbnail4-800x450-1.jpg?fit=800%2C450&ssl=1&resize=350%2C200 1x, https:\/\/i0.wp.com\/www.freidenker.org\/fw17\/wp-content\/uploads\/2025\/02\/Impfschaeden_Thumbnail4-800x450-1.jpg?fit=800%2C450&ssl=1&resize=525%2C300 1.5x, https:\/\/i0.wp.com\/www.freidenker.org\/fw17\/wp-content\/uploads\/2025\/02\/Impfschaeden_Thumbnail4-800x450-1.jpg?fit=800%2C450&ssl=1&resize=700%2C400 2x"},"classes":[]},{"id":18064,"url":"https:\/\/www.freidenker.org\/?p=18064","url_meta":{"origin":16639,"position":3},"title":"Corona-Politik: Impfungen sollten nie vor Infektion sch\u00fctzen, 2G war sinnlos","author":"Webredaktion","date":"30. Januar 2024","format":false,"excerpt":"Beitrag von Anti-Spiegel (d.i. Thomas R\u00f6per) Die Corona-Politik der westlichen Regierungen hat sich als vollkommen sinnlos erwiesen, denn inzwischen hat die Europ\u00e4ische Arzneimittel Agentur (EMA) mitgeteilt, dass die sogenannten Covid-19-Impfstoffe \u201enicht zur Verhinderung der \u00dcbertragung von einer Person auf eine andere zugelassen\u201c wurden. Damit waren alle von den Regierungen eingef\u00fchrten\u2026","rel":"","context":"In &quot;Demokratie \u2013 Medien \u2013 Aufkl\u00e4rung&quot;","block_context":{"text":"Demokratie \u2013 Medien \u2013 Aufkl\u00e4rung","link":"https:\/\/www.freidenker.org\/?cat=12"},"img":{"alt_text":"","src":"https:\/\/i0.wp.com\/www.freidenker.org\/fw17\/wp-content\/uploads\/2024\/01\/covid-6808678_800x450.jpg?fit=800%2C450&ssl=1&resize=350%2C200","width":350,"height":200,"srcset":"https:\/\/i0.wp.com\/www.freidenker.org\/fw17\/wp-content\/uploads\/2024\/01\/covid-6808678_800x450.jpg?fit=800%2C450&ssl=1&resize=350%2C200 1x, https:\/\/i0.wp.com\/www.freidenker.org\/fw17\/wp-content\/uploads\/2024\/01\/covid-6808678_800x450.jpg?fit=800%2C450&ssl=1&resize=525%2C300 1.5x, https:\/\/i0.wp.com\/www.freidenker.org\/fw17\/wp-content\/uploads\/2024\/01\/covid-6808678_800x450.jpg?fit=800%2C450&ssl=1&resize=700%2C400 2x"},"classes":[]},{"id":11753,"url":"https:\/\/www.freidenker.org\/?p=11753","url_meta":{"origin":16639,"position":4},"title":"Die milde, aber so &#8222;extrem gef\u00e4hrliche&#8220; s\u00fcdafrikanische COVID-19-Variante","author":"Webredaktion","date":"4. Dezember 2021","format":false,"excerpt":"Beitrag von Rainer Rupp Interessanterweise teilt und verbreitet Goldman Sachs \u2013 einer der weltf\u00fchrenden Finanzkonzerne \u2013 eine Entwarnung aus S\u00fcdafrika. In einer Meldung an Privatkunden in der Nacht von Sonntag auf Montag geht Goldman Sachs davon aus, dass \"es unwahrscheinlich ist, dass diese Mutation b\u00f6sartiger ist (als die Delta-Variante) und\u2026","rel":"","context":"In &quot;Demokratie \u2013 Medien \u2013 Aufkl\u00e4rung&quot;","block_context":{"text":"Demokratie \u2013 Medien \u2013 Aufkl\u00e4rung","link":"https:\/\/www.freidenker.org\/?cat=12"},"img":{"alt_text":"","src":"https:\/\/i0.wp.com\/www.freidenker.org\/fw17\/wp-content\/uploads\/2021\/12\/covid-omicron_6835784_800x450.jpg?fit=800%2C450&ssl=1&resize=350%2C200","width":350,"height":200,"srcset":"https:\/\/i0.wp.com\/www.freidenker.org\/fw17\/wp-content\/uploads\/2021\/12\/covid-omicron_6835784_800x450.jpg?fit=800%2C450&ssl=1&resize=350%2C200 1x, https:\/\/i0.wp.com\/www.freidenker.org\/fw17\/wp-content\/uploads\/2021\/12\/covid-omicron_6835784_800x450.jpg?fit=800%2C450&ssl=1&resize=525%2C300 1.5x, https:\/\/i0.wp.com\/www.freidenker.org\/fw17\/wp-content\/uploads\/2021\/12\/covid-omicron_6835784_800x450.jpg?fit=800%2C450&ssl=1&resize=700%2C400 2x"},"classes":[]},{"id":11912,"url":"https:\/\/www.freidenker.org\/?p=11912","url_meta":{"origin":16639,"position":5},"title":"Corona und der neue wahre Glauben","author":"Webredaktion","date":"31. Dezember 2021","format":false,"excerpt":"Beitrag von Joachim Guilliard In Krisen und Katastrophenzeiten wandten sich Menschen seit jeher verst\u00e4rkt Religionen zu, suchten im Glauben Trost, Sinn und Hoffnung. Im Zuge der Corona-Krise entstand eine neue gro\u00dfe Glaubensgemeinschaft, die sich breit \u00fcber nahezu alle politische Lager erstreckt. Sie gr\u00fcndet auf der gro\u00dfen Zahl derer, die mit\u2026","rel":"","context":"In &quot;Arbeit &amp; Soziales&quot;","block_context":{"text":"Arbeit &amp; Soziales","link":"https:\/\/www.freidenker.org\/?cat=11"},"img":{"alt_text":"","src":"https:\/\/i0.wp.com\/www.freidenker.org\/fw17\/wp-content\/uploads\/2021\/12\/corona-5386651_800x450.jpg?fit=800%2C450&ssl=1&resize=350%2C200","width":350,"height":200,"srcset":"https:\/\/i0.wp.com\/www.freidenker.org\/fw17\/wp-content\/uploads\/2021\/12\/corona-5386651_800x450.jpg?fit=800%2C450&ssl=1&resize=350%2C200 1x, https:\/\/i0.wp.com\/www.freidenker.org\/fw17\/wp-content\/uploads\/2021\/12\/corona-5386651_800x450.jpg?fit=800%2C450&ssl=1&resize=525%2C300 1.5x, https:\/\/i0.wp.com\/www.freidenker.org\/fw17\/wp-content\/uploads\/2021\/12\/corona-5386651_800x450.jpg?fit=800%2C450&ssl=1&resize=700%2C400 2x"},"classes":[]}],"_links":{"self":[{"href":"https:\/\/www.freidenker.org\/index.php?rest_route=\/wp\/v2\/posts\/16639","targetHints":{"allow":["GET"]}}],"collection":[{"href":"https:\/\/www.freidenker.org\/index.php?rest_route=\/wp\/v2\/posts"}],"about":[{"href":"https:\/\/www.freidenker.org\/index.php?rest_route=\/wp\/v2\/types\/post"}],"author":[{"embeddable":true,"href":"https:\/\/www.freidenker.org\/index.php?rest_route=\/wp\/v2\/users\/3"}],"replies":[{"embeddable":true,"href":"https:\/\/www.freidenker.org\/index.php?rest_route=%2Fwp%2Fv2%2Fcomments&post=16639"}],"version-history":[{"count":0,"href":"https:\/\/www.freidenker.org\/index.php?rest_route=\/wp\/v2\/posts\/16639\/revisions"}],"wp:featuredmedia":[{"embeddable":true,"href":"https:\/\/www.freidenker.org\/index.php?rest_route=\/wp\/v2\/media\/16643"}],"wp:attachment":[{"href":"https:\/\/www.freidenker.org\/index.php?rest_route=%2Fwp%2Fv2%2Fmedia&parent=16639"}],"wp:term":[{"taxonomy":"category","embeddable":true,"href":"https:\/\/www.freidenker.org\/index.php?rest_route=%2Fwp%2Fv2%2Fcategories&post=16639"},{"taxonomy":"post_tag","embeddable":true,"href":"https:\/\/www.freidenker.org\/index.php?rest_route=%2Fwp%2Fv2%2Ftags&post=16639"}],"curies":[{"name":"wp","href":"https:\/\/api.w.org\/{rel}","templated":true}]}}