{"id":16635,"date":"2023-07-16T14:15:59","date_gmt":"2023-07-16T12:15:59","guid":{"rendered":"https:\/\/www.freidenker.org\/?p=16635"},"modified":"2023-09-02T11:03:08","modified_gmt":"2023-09-02T09:03:08","slug":"noch-schlimmer-geht-immer","status":"publish","type":"post","link":"https:\/\/www.freidenker.org\/?p=16635","title":{"rendered":"Noch schlimmer geht immer\u00a0"},"content":{"rendered":"<h4><strong>Der NDR-Rundfunkrat macht\u2019s vor: Caren Miosga wird die neue Anne Will<\/strong><\/h4>\n<p><em>Von <strong>Friedhelm Klinkhammer<\/strong> und <strong>Volker Br\u00e4utigam<\/strong><\/em><\/p>\n<p><strong>Es ist passiert. Caren Miosga, bisher Tagesthemen-Moderatorin, wird\u00a0Anne Wills Nachfolgerin und \u00fcbernimmt vom n\u00e4chsten Jahr an deren Sendeplatz sonntags um 21.45 Uhr. So beschlossen und verk\u00fcndet von der NDR-Rundfunkratsvorsitzenden Sandra Goldschmidt.<a href=\"#_edn1\" name=\"_ednref1\">[1]<\/a> Der Vertrag \u00fcber 60 Folgen der Sendung in den kommenden beiden Jahren \u2013 Arbeitstitel: \u201eMiosga\u201c \u2013 ist unter Dach und Fach. Zugleich mit dieser Personalie teilte der NDR-Rundfunkrat mit, dass er zwei weitere Programmbeschwerden gegen Sendungen der Tagesschau abgelehnt habe, von deren Inhalt das Publikum nat\u00fcrlich nichts erf\u00e4hrt. Wie eh und je. Transparenz ist nicht. Wo k\u00e4men wir sonst hin mit dem \u00f6ffentlich-rechtlichen Rundfunk.<\/strong><\/p>\n<p>Welchen Millionenbetrag der NDR-Rundfunkrat f\u00fcr das sonntagabendliche Gelaber samt transatlantischer Einstimmung auf den erw\u00fcnschten Krieg diesmal zum Fenster hinaus- und der Moderatorin Miosga hinterherwirft, wird nat\u00fcrlich ebenfalls nicht mitgeteilt. F\u00fcr Anne Will waren es mindestens 2 600 Euro brutto pro Sendeminute.<a href=\"#_edn2\" name=\"_ednref2\">[2]<\/a> G\u00fcnter Jauchs unversch\u00e4mte 4 500 Euro Bruttohonorar pro Sendeminute<a href=\"#_edn3\" name=\"_ednref3\">[3]<\/a> erzielte sie damit nicht, aber ist noch dicke genug. Miosga wird mit Anne Will Vergleichbares abgreifen. Mehr dazu am Schluss dieses Artikels.<\/p>\n<p>Was Miosga den Rundfunkbeitragszahler sonst noch kostet, wei\u00df man hingegen genau: Wertvolle Lebenszeit, die\u00a0er\u00a0wesentlich sinnvoller verbringen\u00a0k\u00f6nnte, ohne den Zaungast beim albernen Polittalk\u00a0zu spielen<strong>.<\/strong><\/p>\n<p>Der NDR-Rundfunkrat sieht das nat\u00fcrlich vollkommen anders. Seine Vorsitzende Sandra Goldschmidt umkr\u00e4nzte die Entscheidung f\u00fcr Miosga mit Lob und Selbstlob:<\/p>\n<p style=\"padding-left: 40px;\"><em>\u201eNach 16 erfolgreichen Jahren der Sendung \u201aAnne Will\u2018 soll der Sonntagsplatz mit einer neuen Moderatorin und einem \u00fcberarbeiteten Konzept in die Zukunft gehen. Der NDR hat mit Caren Miosga eine erfahrene und versierte Journalistin f\u00fcr diese Aufgabe gewonnen. Frau Miosga verf\u00fcgt \u00fcber eine gro\u00dfe Popularit\u00e4t, hohe Sympathiewerte und ist bekannt f\u00fcr ihre ebenso charmant wie hartn\u00e4ckig gef\u00fchrten Interviews in den &#8218;tagesthemen&#8216;.\u201c\u00a0<a href=\"#_edn4\" name=\"_ednref4\"><strong>[4]<\/strong><\/a><\/em><\/p>\n<p>Von \u201ehartn\u00e4ckig gef\u00fchrten Interviews\u201c scheint der Rundfunkrat eine recht eigenwillige Vorstellung zu haben, wenn ihm dabei ausgerechnet Miosga einf\u00e4llt. N\u00e4heres wollen wir nicht wissen. Wie das \u201e\u00fcberarbeitete Konzept\u201c konkret aussieht, mit dem die Sendung \u201ein die Zukunft gehen\u201c soll, h\u00e4tte uns\u00a0hingegen\u00a0schon aus professioneller Wissbegierde interessiert. Das aber verschweigt die NDR-Aufseherin Goldschmidt. Von wegen Transparenz. Wie eh und je.<\/p>\n<p>Miosga soll es wuppen. Im Land der Dichter und Denker brauchen wir halt wie Schiller selig unsere faulen \u00c4ppel in der Schublade, sonst kriegen wir den genialen Durchblick nicht. Hei\u00dft heutzutage: mit Caren Miosga\u00a0\u201emehr Qualit\u00e4tsjournalismus wagen\u201c. Flachbildschirmgerecht, versteht sich. Wie eh und je.<\/p>\n<h5><strong>Vom Moderieren und vom Quasseln\u00a0<\/strong><\/h5>\n<p>Moderierte Nachrichtensendungen \u2013 und als deren Verl\u00e4ngerung auch die politischen Talkshows \u2013 sind ein nach Deutschland geschwappter US-typischer Mix aus seri\u00f6sem TV-Journalismus und Show-Business, von den Akteuren oft mit eigenen Politambitionen verbunden. Nach unserer (zugegeben: sehr beschr\u00e4nkten) Kenntnis d\u00fcrfen Sarah Palin<a href=\"#_edn5\" name=\"_ednref5\">[5]<\/a>\u00a0und Tucker Carlson<a href=\"#_edn6\" name=\"_ednref6\">[6]<\/a> als pr\u00e4gende Beispiele<a href=\"#_edn7\" name=\"_ednref7\">[7]<\/a> genannt werden.\u00a0Genre-Vertreter wie sie haben nicht die geringsten Hemmungen, in jeder denkbaren Weise abzusahnen.<\/p>\n<p>Dieser kulturelle Segen aus USA hatte seinen entsprechenden Einfluss auf unsere deutschen Mattscheiben-Gr\u00f6\u00dfen: &#8222;Talk&#8220;, selbstdarstellerisches Geschwafel, statt informativer Gedankenaustausch. Wie ihre US-Kollegen sind auch viele deutsche TV-Moderatoren Million\u00e4re, mehr Unternehmer als Journalisten. Jahrmarktgr\u00f6\u00dfen mit Kultstatus. Manche pflegen enge Beziehungen zum US-Lobby-Verein Atlantikbr\u00fccke.<a href=\"#_edn8\" name=\"_ednref8\">[8]<\/a><\/p>\n<p>Was Caren Miosga aus ihrer Rolle als Talkmasterin macht, wird sich n\u00e4chstes Jahr zeigen. Wie sie ihre Aufgabe als Tagesthemen-Moderatorin erf\u00fcllt, durchleiden wir schon seit 16 Jahren, insbesondere ihre methodische Vorwegnahme und Interpretation dessen, was in der anschlie\u00dfenden Filmreportage berichtet wird \u2013 Bauchlandung nicht ausgeschlossen. Zwei Beispiele sollen der Nachwelt erhalten bleiben:<\/p>\n<p>Am 17. November 2017 wechselte Miosga vom Thema \u201eBerliner Sondierungsgespr\u00e4che \u00fcber eine Jamaika-Koalition\u201c (Schwarz-Gr\u00fcn-Gelb) in steiler Gedankenkurve zum Thema \u201eBonner UN-Klimakonferenz\u201c:<\/p>\n<p style=\"padding-left: 40px;\"><em>\u201eDass Jamaika \u00fcberlebt, und zwar im buchst\u00e4blichen Sinne, darum wird gerade in Bonn auf der Weltklima-Konferenz gerungen.\u201c<\/em><\/p>\n<p>Und \u2013 platsch \u2013 die Offenbarung des eigenen Bildungsnotstands:<\/p>\n<p style=\"padding-left: 40px;\"><em>\u201eDenn auch die Karibikinsel wird vom steigenden Meeresspiegel bedroht.\u201c\u00a0<a href=\"#_edn9\" name=\"_ednref9\"><strong>[9]<\/strong><\/a><\/em><\/p>\n<p>Tja. Da war das Tagesthemen-Servierfr\u00e4ulein wohl nicht ganz \u201eauf der H\u00f6he\u201c. Die Insel Jamaika hat Steilk\u00fcsten mit bis zu 500 Metern. Sie ist ein gro\u00dfenteils gebirgiges Fleckchen Erde. Mit einem Blick in den Atlas h\u00e4tte die ARD-aktuell-Spitzenmoderatorin erkennen k\u00f6nnen, dass der Commonwealth-Splitter Jamaika vom steigenden Meeresspiegel sicher weniger bedroht ist als vom anglo-amerikanischen Neokolonialismus.<\/p>\n<p>Aber da ist der tiefernste Blick unserer Pippi Miosga! Mit dem sie die meeresspiegelbedrohte \u201eWelt\u201c vorstellt! Und ist die nicht willig, dekretiert Miosga die L\u00f6sung:<\/p>\n<p style=\"padding-left: 40px;\"><em>\u201eDie Welt will und muss etwas tun, um die Erderw\u00e4rmung zu begrenzen.\u201c <\/em>(ebd.)<\/p>\n<p>Jawoll, jetzt muss sie mal ran, die Welt. Blo\u00df so im All rumeiern bringt\u2018s nicht mehr. Wegen \u201eErderw\u00e4rmung\u201c. Das Wort verwenden sprachlich notleidende Journalisten als bedeutungsgleichen Ersatz f\u00fcr \u201eKlimaver\u00e4nderung\u201c. Die Erde erw\u00e4rmt sich schlie\u00dflich nicht, sondern k\u00fchlt in ihrer Gesamtheit ab<a href=\"#_edn10\" name=\"_ednref10\">[10]<\/a>. Ihr fl\u00fcssiger Kern gl\u00fcht ja immer noch bei circa 5000 Grad Celsius. Nur die Lufth\u00fclle der Erde heizt sich auf.<\/p>\n<p>Klein Erna wei\u00df das nat\u00fcrlich, in der Grundschule wurde das durchgenommen. M\u00fcsste eine erwachsene Wunderlampen-Moderatorin solch Basiswissen nicht ebenfalls draufhaben und sich entsprechend korrekt ausdr\u00fccken k\u00f6nnen? M\u00fcsste sie \u2013 nicht aber die ARD-aktuell-Blume Miosga.<\/p>\n<h5><strong>Mit Zitronen gehandelt\u00a0<\/strong><\/h5>\n<p>Oft und oft haben wir\u2018s schon vorgebracht: Sprache ist ein Spiegel des Denkens. Freilich, nonverbales (wortloses) Denken gibt\u00b4s auch. Das lassen wir hier mal beiseite. Wir begutachten das unter Moderatoren verbreitete Gegenteil, das Sprechen ohne Denken. Im vorliegenden Fall ohne Unterscheidung von Erde und Atmosph\u00e4re. Macht ja nichts, ist eh alles wurscht, und Putin muss sowieso weg.<\/p>\n<p>Bedauerlich, dass wir auch f\u00fcr den Moderatorenunfug Rundfunkbeitrag zu zahlen haben, obwohl das Geld laut Gesetz (Medienstaatsvertrag) nur f\u00fcr Sendungen zur Information, Bildung und Unterhaltung (in dieser Reihenfolge!) verwendet werden soll.<\/p>\n<p>Doch Caren Miosga moderiert nun schon seit Mitte 2007. W\u00e4re ein Hartwig von Mouillard<a href=\"#_edn11\" name=\"_ednref11\">[11]<\/a>, w\u00e4ren der Tagesthemen-Gr\u00fcnder Dieter G\u00fctt<a href=\"#_edn12\" name=\"_ednref12\">[12]<\/a> oder sein Stellvertreter G\u00fcnter M\u00fcggenburg<a href=\"#_edn13\" name=\"_ednref13\">[13]<\/a>\u00a0zu jener Zeit noch Chefredakteur der ARD-aktuell gewesen, dann h\u00e4tte die Frau den Job nicht lange behalten. Im Februar 2009 hatte sie eine Reportage \u00fcber das \u201eZitronenfest\u201c in Menton anzutexten (wo die biblische Eva die ersten Zitronen gepflanzt haben soll), das j\u00e4hrlich eine Viertelmillion Touristen anzieht.<a href=\"#_edn14\" name=\"_ednref14\">[14]<\/a> Mit Fasching hat das farbige Ereignis allenfalls indirekt etwas zu tun, weil zeitgleich im 30 Kilometer entfernten Nizza der \u201eCarnaval de Nice\u201c stattfindet. Ansonsten wird in Frankreich eher selten Fasching gefeiert.<a href=\"#_edn15\" name=\"_ednref15\">[15]<\/a> Miosga deutete das Zitronenfest einfach um und sch\u00f6pfte dazu tieferen Sinn:<\/p>\n<p style=\"padding-left: 40px;\"><em>\u201eWas hat Karneval mit Zitronen zu tun? Ich sach (sic!) es Ihnen. Dass man als Beginn des Karnevals den Elften Elften gew\u00e4hlt hat, geht auf die Theorie zur\u00fcck, nach der daf\u00fcr die Anfangsbuchstaben des Mottos der Franz\u00f6sischen Revolution herhalten mussten: \u00c9galit\u00e9,\u00a0<strong>Legalit\u00e9 <\/strong>(sic!), Fraternit\u00e9, zusammen: ELF. Indem sich die St\u00e4dte K\u00f6ln und Mainz \u00fcber diese Worte lustig machten, r\u00e4chten sie sich an ihren franz\u00f6sischen Besatzern.\u201c<\/em> <a href=\"#_edn16\" name=\"_ednref16\">[16]<\/a><\/p>\n<p>Kann man unterstellen, Miosga habe diesen \u2013 unmotivierten \u2013 Schmarren \u00fcber das \u201eMotto\u201c der Franz\u00f6sischen Revolution spa\u00dfig gemeint? Es spricht nichts daf\u00fcr. Ist anzunehmen, dass jeder der zwei Millionen Tagesthemen-Gucker sofort erkennen konnte, dass sie puren, logikfreien Bl\u00f6dsinn verzapfte? Eher nicht.<\/p>\n<p>Wenn sich eine Moderatorin wie Miosga den Stoff f\u00fcr ihren Aufsager schon von der Internetseite eines Karnevalsvereins holt, sollte sie wenigstens sauber abschreiben k\u00f6nnen:<\/p>\n<p style=\"padding-left: 40px;\"><em>\u201eELF\u201c l\u00e4sst sich aus den Anfangsbuchstaben der Franz\u00f6sischen Revolution bilden:\u00a0\u201eEgalit\u00e9,\u00a0<strong>Libert\u00e9<\/strong>,\u00a0Fraternit\u00e9\u201c\u00a0\u2013 \u201eGleichheit, Freiheit, Br\u00fcderlichkeit\u201c.<a href=\"#_edn17\" name=\"_ednref17\"><strong>[17]<\/strong><\/a><\/em><\/p>\n<p>Die weltbekannte \u201eLosung\u201c beginnt mit dem Wort \u201eLibert\u00e9\u201c, in dieser Reihung erg\u00e4ben die Anfangsbuchstaben jedoch nur ein sinnloses \u201eLEF\u201c, nicht das erw\u00fcnschte \u201eELF\u201c. Karnevalisten allerdings d\u00fcrfen sich jedes Zitat f\u00fcr ihre harmlosen Zwecke zurechtbiegen.<\/p>\n<p>Aber der Franz\u00f6sischen Revolution in den Tagesthemen allen Ernstes ein \u2013 obendrein verf\u00e4lschtes! \u2013 \u201eMotto\u201c anzudichten, wie in der Miosga-Moderation geschehen, l\u00e4sst arge R\u00fcckschl\u00fcsse auf die Autorin und das Niveau der Tagesthemen zu.\u00a0Ihre Behauptung, das Wort \u201eLegalit\u00e9\u201c (= Rechtsstaatlichkeit!) sei Teil des revolution\u00e4ren Schlachtrufs gewesen, ist ein Armutszeugnis.<\/p>\n<p>Die Franz\u00f6sische Revolution (1789) begann bekanntlich als Hungerrevolte gegen den reichen Adel. Ein \u201eMotto\u201c hatte sie nicht. Erst 50 Jahre nach dem Sturm auf die Bastille wurde das anfeuernde \u201eLibert\u00e9, Egalit\u00e9, Fraternit\u00e9!\u201c zur Leitidee der revolution\u00e4ren abendl\u00e4ndischen Zeitenwende erkl\u00e4rt.\u00a0Mit \u201eLibert\u00e9\u201c am Anfang, Miosga! Ohne \u201eLegalit\u00e9\u201c in der Mitte!<\/p>\n<h5><strong>Auch unter aller W\u00fcrde<\/strong><\/h5>\n<p>Wenden wir uns, auf dass man uns keinen Antifeminismus unterstelle, dem Moderator Ingo Zamperoni zu, dem Strahlemann von der \u201eAtlantik-Br\u00fccke\u201c, solide transatlantisch abgerichtet im Verlauf seiner beruflichen Aktivit\u00e4ten in den USA. Am 3. Januar 2019, am Tag, an dem die Volksrepublik China eine Sonde auf der \u201edunklen Seite\u201c des Mondes gelandet hatte, brachte er diese Spitzenleistung der Weltraumtechnologie mit folgenden Worten aufs Tagesthemen-Tapet:<\/p>\n<p style=\"padding-left: 40px;\"><em>\u201eDass chinesische Machthaber keine Scheu vor Gro\u00dfprojekten haben, bewiesen sie schon mit dem Bau der Chinesischen Mauer. Nun kreisen ihre \u201aAll\u2019-Machtphantasien um den Mond. Als Erste haben die Chinesen nun eine Sonde auf der Mondr\u00fcckseite gelandet, auf der Seite also, die wir Menschen von der Erde aus nie sehen \u2026\u201c<a href=\"#_edn18\" name=\"_ednref18\"><strong>[18]<\/strong><\/a><\/em><\/p>\n<p>Mag sein, dass Zamperoni mit diesen albernen Spr\u00fcchen und Wortspielereien ein US-amerikanisches Durchschnittspublikum beeindruckt h\u00e4tte. Aber ein deutsches? Seine S\u00e4tze offenbaren Nonchalance, Arroganz und einen frappierenden Mangel an Nachdenklichkeit \u2013 und Allgemeinbildung. Die \u201eGro\u00dfe Mauer\u201c, mehr als 21 000 Kilometer lang, war n\u00e4mlich gerade nicht Resultat von \u201eAllmachtphantasien\u201c ihrer Auftraggeber. Im Gegenteil, sie war Ausdruck des Schutzbed\u00fcrfnisses des chinesischen Kaiserreichs, speziell des Kaisers Qin Shihuan; sie spiegelt die Furcht, das Reich k\u00f6nnte (u.a. von den Mongolen) \u00fcberrannt und sein Herrscher umgebracht werden.<a href=\"#_edn19\" name=\"_ednref19\">[19]<\/a> Qui Shihuan hatte bekanntlich auch angeordnet, sein Leben nach dem Tod in einer Grabst\u00e4tte von Tausenden lebensgro\u00dfer Terrakotta-Soldaten besch\u00fctzen zu lassen\u2026<a href=\"#_edn20\" name=\"_ednref20\">[20]<\/a><\/p>\n<p>Zamperoni: <em>\u201eChinesen haben eine Sonde auf der Mondseite gelandet, die wir Menschen nie sehen&#8230;\u201c<\/em> Der Chinese im Unterschied zum Menschen? Die fragw\u00fcrdige Formulierung war ihm wohl einfach nur so herausgerutscht. Aber das ist der Punkt: Er belegt einen ersch\u00fctternden Mangel an Gesp\u00fcr und transportiert eine dickfellige Gedankenlosigkeit, f\u00fcr die es keine Entschuldigung gibt. Moderatoren haben ausreichend Zeit, den vom Teleprompter abzulesenden Inhalt sorgf\u00e4ltig zu formulieren und auszufeilen, und sie werden daf\u00fcr auch erstklassig bezahlt. Mindestens 11 000 Euro monatlich f\u00fcr maximal 12 Auftritte vor der Kamera und 120 Schreibmaschinenzeilen pro Tag.<\/p>\n<p>Freilich, solche Zamperoni-Schlenker sind nur kleine aber bezeichnende Offenbarungen im TV-Nachrichten-Unwesen der Westlichen Werte-Gemeinschaft. Die kann sich einfach nicht damit abfinden, dass die Volksrepublik China \u2013 unter F\u00fchrung der Kommunistischen Partei \u2013 mittlerweile Spitzenpositionen einnimmt: in der Erforschung des Weltraums, in der Grundlagenforschung, in den Schl\u00fcsseltechnologien, bei der Entwicklung der K\u00fcnstlichen Intelligenz.<\/p>\n<p><em>Das<\/em>\u00a0w\u00e4ren Stichworte f\u00fcr angemessene Anmoderation zum Thema \u201eChinesische Mondsonde\u201c. D\u00fcnkelhafte Wortspiele rund um den Schm\u00e4hbegriff \u201eMachthaber\u201c sind es nicht.<\/p>\n<h5><strong>Wie es anfing und wo es endet<\/strong><\/h5>\n<p>Wozu braucht eine Nachrichtensendung \u00fcberhaupt Moderatoren? Warum gen\u00fcgt f\u00fcr die Pr\u00e4sentation der \u201eTagesthemen\u201c kein herk\u00f6mmlicher Sprecher? Urspr\u00fcnglich sollten die Moderatoren \u2013 anders als beim\u00a0reinen Nachrichtenangebot der Tagesschau-Hauptausgabe 20 Uhr \u2013 \u201eden Zuschauern erg\u00e4nzende Informationen, \u00fcbergeordnete Zusammenh\u00e4nge und Hintergrundinformationen\u201c bieten.<a href=\"#_edn21\" name=\"_ednref21\">[21]<\/a> So war ihre Aufgabe einst gedacht. Den Tagesthemen von heute ist das nicht mehr anzumerken.<\/p>\n<p>Nachrichten-Moderatoren gibt es im Ersten Deutschen Fernsehen seit 1978. Die bis dahin \u00fcbliche \u201eTagesschau-Sp\u00e4tausgabe\u201c kurz nach 22 Uhr entfiel, statt ihrer wurden\u00a0die \u201eTagesthemen\u201c eingef\u00fchrt, im w\u00f6chentlichen Wechsel pr\u00e4sentiert von Barbara Dickmann<a href=\"#_edn22\" name=\"_ednref22\">[22]<\/a> und Hanns-Joachim Friedrichs<a href=\"#_edn23\" name=\"_ednref23\">[23]<\/a>: sachlich, knapp, atmosph\u00e4risch dicht, journalistisch sauber und sprachlich pr\u00e4zise; ein seri\u00f6ser, anschaulicher Faktenrahmen, hilfreich zur Einordnung des Weltgeschehens. Die Naheinstellung von beiden Moderatoren beherrschte den Bildschirm, Dickmann und Friederichs hampelten nicht in einer virtuellen Studiowelt herum, sie hatten n\u00e4mlich dem Zuschauer tats\u00e4chlich \u201eetwas zu sagen\u201c.<\/p>\n<p>Auch noch nach elf Jahren, im deutschen Schicksalsnovember 1989, machten Dickmann und Friedrichs die Tagesthemen zu einem informativen Ereignis, wie das Beispiel vom 9. November belegt. Vor der Kamera damals Hanns-Joachim Friedrichs:<\/p>\n<p style=\"padding-left: 40px;\"><em>\u201eBundeskanzler Helmut Kohl ist heute Nachmittag um 15 Uhr in Warschau eingetroffen, zu einem sechst\u00e4gigen offiziellen Besuch in Polen. Eine Reise, die eine st\u00fcrmische, f\u00fcr viele auch \u00e4rgerliche Vorbereitungszeit hatte, belastet durch Ungeschicklichkeiten bei der Zusammenstellung des Reiseprogramms, aber auch durch eine scharfe Kontroverse \u00fcber den Beitrag des Kanzlers zur gemeinsamen deutsch-polnischen Erkl\u00e4rung zum Thema der polnischen Westgrenzen. Es ist zwar durch die Entschlie\u00dfung des Bundestages Klarheit geschaffen worden, gleichwohl hat man die Verk\u00fcndung der \u201aGemeinsamen Erkl\u00e4rung\u2019 erst einmal verschoben \u2013 auf den kommenden Dienstag. Aus Warschau berichtet Dierk-Ludwig Schaaf\u2026\u201c\u00a0<a href=\"#_edn24\" name=\"_ednref24\"><strong>[24]<\/strong><\/a><\/em><\/p>\n<p>Das Zitat zeigt, wie knapp, distanziert aber ad\u00e4quat ein qualifizierter Moderator selbst komplizierte Tagesthemen vermitteln konnte.<\/p>\n<p>Wenn eine Nachricht so d\u00fcrftig und schlecht formuliert ist, dass sich ihre Relevanz nicht von selbst ergibt und erst von Moderatoren \u201ehergestellt\u201c oder erfunden werden muss, dann n\u00e4hern wir uns z\u00fcgig dem aktuellen Tagesthemen-Standard. Wer dort einige Jahre lang serviert und Publizit\u00e4t gewonnen hat, weil regelm\u00e4\u00dfig auf dem Bildschirm, der kann auch Dummtalk moderieren \u2013 meinten die begnadeten NDR-Rundfunkr\u00e4te. Und machen mit ihrem j\u00fcngsten Votum nach Anne Will die n\u00e4chste Aufsagerin zur Million\u00e4rin.<\/p>\n<p>Wie alle ARD-Talkshows wird n\u00e4mlich auch die am Sonntagabend nicht vom \u00f6ffentlich-rechtlichen Sender kosteng\u00fcnstig selbst produziert, sondern f\u00fcr s\u00fcndhaft teures Geld an eine private Produktionsgesellschaft vergeben. Derzeit ist das die Will Media GmbH, Berlin, mit Anne Will als Gesch\u00e4ftsf\u00fchrerin. Das Unternehmen erzielte im Schnitt der letzten Jahre einen Bilanz\u00fcberschuss von 1,7 Millionen Euro.<a href=\"#_edn25\" name=\"_ednref25\">[25]<\/a><\/p>\n<p>Die Herstellungskosten der Will Media f\u00fcr die Talkshow werden nicht ver\u00f6ffentlicht, sollen aber bereits 2011 satte 7,85 Millionen Euro betragen haben.<a href=\"#_edn26\" name=\"_ednref26\">[26]<\/a> Eine Grobsch\u00e4tzung sei gewagt: Wenn der NDR f\u00fcr G\u00fcnter Jauch seinerzeit pro Jahr 10,5 Millionen Euro hinbl\u00e4tterte, dann sind es jetzt f\u00fcr Anne Will 9 Millionen \u2013 und f\u00fcr Miosga werden es nicht weniger sein.<\/p>\n<p>Wie auch immer: Als Eigenproduktion des NDR w\u00fcrde die Talkshow h\u00f6chstens ein Viertel davon kosten. Talkshows sind nun mal eines der preisg\u00fcnstigsten Sendeformate \u2013 wenn sie keinen privaten Profit abwerfen m\u00fcssen.<\/p>\n<p>Verstehen Sie jetzt, warum ARD und ZDF ihre 8,32 Milliarden Euro Beitragseinnahmen<a href=\"#_edn27\" name=\"_ednref27\">[27]<\/a> pro Jahr haben und trotzdem den Hals nicht vollkriegen?<\/p>\n<p style=\"text-align: right;\"><em>Friedhelm Klinkhammer und Volker Br\u00e4utigam sind Mitglieder des Beirates des Deutschen Freidenker-Verbandes<\/em><\/p>\n<p><a href=\"#_ednref1\" name=\"_edn1\"><\/a>\u00a0<strong>Quellen:<\/strong><\/p>\n<p><a href=\"#_ednref1\">[1]<\/a> <a href=\"https:\/\/www.presseportal.de\/pm\/165131\/5547716\" target=\"_blank\" rel=\"noopener\">https:\/\/www.presseportal.de\/pm\/165131\/5547716<\/a><\/p>\n<p><a href=\"#_ednref2\" name=\"_edn2\">[2]<\/a> <a href=\"https:\/\/www.morgenpost.de\/kultur\/tv\/article231868557\/Anne-Will-Die-wichtigsten-Fakten-zur-Moderatorin.html\" target=\"_blank\" rel=\"noopener\">https:\/\/www.morgenpost.de\/kultur\/tv\/article231868557\/Anne-Will-Die-wichtigsten-Fakten-zur-Moderatorin.html<\/a><\/p>\n<p><a href=\"#_ednref3\" name=\"_edn3\">[3]<\/a> <a href=\"https:\/\/www.welt.de\/fernsehen\/article8458890\/ARD-zahlt-Jauch-4487-18-Euro-fuer-jede-Sendeminute.html\" target=\"_blank\" rel=\"noopener\">https:\/\/www.welt.de\/fernsehen\/article8458890\/ARD-zahlt-Jauch-4487-18-Euro-fuer-jede-Sendeminute.html<\/a><\/p>\n<p><a href=\"#_ednref4\" name=\"_edn4\">[4]<\/a> <a href=\"https:\/\/www.presseportal.de\/pm\/165131\/5547716\" target=\"_blank\" rel=\"noopener\">https:\/\/www.presseportal.de\/pm\/165131\/5547716<\/a><\/p>\n<p><a href=\"#_ednref5\" name=\"_edn5\">[5]<\/a> <a href=\"https:\/\/de.wikipedia.org\/wiki\/Sarah_Palin\" target=\"_blank\" rel=\"noopener\">https:\/\/de.wikipedia.org\/wiki\/Sarah_Palin<\/a><\/p>\n<p><a href=\"#_ednref6\" name=\"_edn6\">[6]<\/a> <a href=\"https:\/\/de.wikipedia.org\/wiki\/Tucker_Carlson\" target=\"_blank\" rel=\"noopener\">https:\/\/de.wikipedia.org\/wiki\/Tucker_Carlson<\/a><\/p>\n<p><a href=\"#_ednref7\" name=\"_edn7\">[7]<\/a> <a href=\"https:\/\/www.hdaustria.at\/blog\/late-night\/\" target=\"_blank\" rel=\"noopener\">https:\/\/www.hdaustria.at\/blog\/late-night\/<\/a><\/p>\n<p><a href=\"#_ednref8\" name=\"_edn8\">[8]<\/a> <a href=\"https:\/\/www.anonymousnews.org\/medien\/korrumpiert-das-sind-die-deutschen-mitglieder-der-us-lobbyorganisation-atlantikbruecke\/\" target=\"_blank\" rel=\"noopener\">https:\/\/www.anonymousnews.org\/medien\/korrumpiert-das-sind-die-deutschen-mitglieder-der-us-lobbyorganisation-atlantikbruecke\/<\/a><\/p>\n<p><a href=\"#_ednref9\" name=\"_edn9\">[9]<\/a> <a href=\"https:\/\/www.tagesschau.de\/multimedia\/sendung\/tagesthemen\/tt-5633.html\">https:\/\/www.tagesschau.de\/multimedia\/sendung\/tagesthemen\/tt-5633.html<\/a> (ab Min. 04\u201819\u201c)<\/p>\n<p><a href=\"#_ednref10\" name=\"_edn10\">[10]<\/a> <a href=\"https:\/\/www.scinexx.de\/news\/geowissen\/erde-kuehlt-schneller-ab-als-gedacht\/\" target=\"_blank\" rel=\"noopener\">https:\/\/www.scinexx.de\/news\/geowissen\/erde-kuehlt-schneller-ab-als-gedacht\/<\/a><\/p>\n<p><a href=\"#_ednref11\" name=\"_edn11\">[11]<\/a> <a href=\"https:\/\/de.wikipedia.org\/wiki\/Hartwig_von_Mouillard\" target=\"_blank\" rel=\"noopener\">https:\/\/de.wikipedia.org\/wiki\/Hartwig_von_Mouillard<\/a><\/p>\n<p><a href=\"#_ednref12\" name=\"_edn12\">[12]<\/a> <a href=\"https:\/\/de.wikipedia.org\/wiki\/Dieter_G\u00fctt\" target=\"_blank\" rel=\"noopener\">https:\/\/de.wikipedia.org\/wiki\/Dieter_G\u00fctt<\/a><\/p>\n<p><a href=\"#_ednref13\" name=\"_edn13\">[13]<\/a> <a href=\"https:\/\/de.wikipedia.org\/wiki\/G\u00fcnter_M\u00fcggenburg\" target=\"_blank\" rel=\"noopener\">https:\/\/de.wikipedia.org\/wiki\/G\u00fcnter_M\u00fcggenburg<\/a><\/p>\n<p><a href=\"#_ednref14\" name=\"_edn14\">[14]<\/a> <a href=\"https:\/\/de.allexciting.com\/lemon-festival-menton\/\" target=\"_blank\" rel=\"noopener\">https:\/\/de.allexciting.com\/lemon-festival-menton\/<\/a><\/p>\n<p><a href=\"#_ednref15\" name=\"_edn15\">[15]<\/a> <a href=\"https:\/\/www.deutschlandfunk.de\/zitronenfest-in-menton-100.html\">https:\/\/www.deutschlandfunk.de\/zitronenfest-in-menton-100.html<\/a><\/p>\n<p><a href=\"#_ednref16\" name=\"_edn16\">[16]<\/a> <a href=\"https:\/\/www.tagesschau.de\/multimedia\/sendung\/tagesthemen\/tt-ts-1138.html\" target=\"_blank\" rel=\"noopener\">https:\/\/www.tagesschau.de\/multimedia\/sendung\/tagesthemen\/tt-ts-1138.html<\/a> (ab Min. 20\u201828\u201c)<\/p>\n<p><a href=\"#_ednref17\" name=\"_edn17\">[17]<\/a> <a href=\"https:\/\/www.bergaer-carneval-verein.de\/wissenwertes-volltexte-2\/\" target=\"_blank\" rel=\"noopener\">https:\/\/www.bergaer-carneval-verein.de\/wissenwertes-volltexte-2\/<\/a><\/p>\n<p><a href=\"#_ednref18\" name=\"_edn18\">[18]<\/a> <a href=\"https:\/\/www.tagesschau.de\/multimedia\/sendung\/tt-6475.html\" target=\"_blank\" rel=\"noopener\">https:\/\/www.tagesschau.de\/multimedia\/sendung\/tt-6475.html<\/a><\/p>\n<p><a href=\"#_ednref19\" name=\"_edn19\">[19]<\/a> <a href=\"https:\/\/www.bambooblog.de\/die-faszinierende-chinesische-mauer\/\" target=\"_blank\" rel=\"noopener\">https:\/\/www.bambooblog.de\/die-faszinierende-chinesische-mauer\/<\/a><\/p>\n<p><a href=\"#_ednref20\" name=\"_edn20\">[20]<\/a> <a href=\"https:\/\/www.skr.de\/china-reisen\/sehenswuerdigkeiten\/terrakotta-armee\/\" target=\"_blank\" rel=\"noopener\">https:\/\/www.skr.de\/china-reisen\/sehenswuerdigkeiten\/terrakotta-armee\/<\/a><\/p>\n<p><a href=\"#_ednref21\" name=\"_edn21\">[21]<\/a> <a href=\"https:\/\/de.wikipedia.org\/wiki\/Tagesthemen\" target=\"_blank\" rel=\"noopener\">https:\/\/de.wikipedia.org\/wiki\/Tagesthemen<\/a><\/p>\n<p><a href=\"#_ednref22\" name=\"_edn22\">[22]<\/a> <a href=\"https:\/\/www.spiegel.de\/geschichte\/barbara-dickmann-die-erste-moderatorin-der-tagesthemen-a-949527.html\" target=\"_blank\" rel=\"noopener\">https:\/\/www.spiegel.de\/geschichte\/barbara-dickmann-die-erste-moderatorin-der-tagesthemen-a-949527.html<\/a><\/p>\n<p><a href=\"#_ednref23\" name=\"_edn23\">[23]<\/a> <a href=\"https:\/\/www.hanns-joachim-friedrichs.de\/index.php\/das-letzte-interview.html\" target=\"_blank\" rel=\"noopener\">https:\/\/www.hanns-joachim-friedrichs.de\/index.php\/das-letzte-interview.html<\/a><\/p>\n<p><a href=\"#_ednref24\" name=\"_edn24\">[24]<\/a> <a href=\"https:\/\/www.youtube.com\/watch?v=LP57Pt4g_0o\" target=\"_blank\" rel=\"noopener\">https:\/\/www.youtube.com\/watch?v=LP57Pt4g_0o<\/a> ab Min. 33\u201840\u201c<\/p>\n<p><a href=\"#_ednref25\" name=\"_edn25\">[25]<\/a> <a href=\"https:\/\/de.wikipedia.org\/wiki\/Will_Media\" target=\"_blank\" rel=\"noopener\">https:\/\/de.wikipedia.org\/wiki\/Will_Media<\/a><\/p>\n<p><a href=\"#_ednref26\" name=\"_edn26\">[26]<\/a> <a href=\"https:\/\/de.wikipedia.org\/wiki\/Anne_Will_(Fernsehsendung)\" target=\"_blank\" rel=\"noopener\">https:\/\/de.wikipedia.org\/wiki\/Anne_Will_(Fernsehsendung)<\/a><\/p>\n<p><a href=\"#_ednref27\" name=\"_edn27\">[27]<\/a> <a href=\"https:\/\/www.merkur.de\/wirtschaft\/ard-zdf-deutschlandradio-beitraege-gebuehren-gez-beitragsservice-zr-92350415.html\" target=\"_blank\" rel=\"noopener\">https:\/\/www.merkur.de\/wirtschaft\/ard-zdf-deutschlandradio-beitraege-gebuehren-gez-beitragsservice-zr-92350415.html<\/a><\/p>\n<p>&nbsp;<\/p>\n<p><span style=\"font-size: 10pt;\">Der Beitrag wurde am 13.07.2023 auch ver\u00f6ffentlicht auf <a href=\"https:\/\/publikumskonferenz.de\/blog\/2023\/07\/13\/caren-miosga-wird-die-neue-anne-will\/\" target=\"_blank\" rel=\"noopener\">publikumskonferenz.de<\/a><\/span><\/p>\n<p>&nbsp;<\/p>\n<hr \/>\n<p>Bild oben: Collage von Ralf Lux unter Verwendung von:<\/p>\n<p>Anne Will auf der <span class=\"mw-mmv-title\">:Re:publica 18,2018<\/span><br \/>\nFoto: Martin Kraft, <a href=\"https:\/\/creativecommons.org\/licenses\/by-sa\/3.0\" target=\"_blank\" rel=\"noopener\">CC BY-SA 3.0<\/a><br \/>\nQuelle: <a href=\"https:\/\/commons.wikimedia.org\/w\/index.php?curid=69289451\" target=\"_blank\" rel=\"noopener\">https:\/\/commons.wikimedia.org\/w\/index.php?curid=69289451<\/a><\/p>\n<p>Caren Miosga <span class=\"mw-mmv-title\">bei einem Fototermin in Hamburg,2016<\/span><br \/>\nFoto: Frank Schwichtenberg, <a href=\"https:\/\/creativecommons.org\/licenses\/by-sa\/3.0\" target=\"_blank\" rel=\"noopener\">CC BY-SA 3.0<\/a><br \/>\nQuelle: <a href=\"https:\/\/commons.wikimedia.org\/w\/index.php?curid=65877351\" target=\"_blank\" rel=\"noopener\">https:\/\/commons.wikimedia.org\/w\/index.php?curid=65877351<\/a><\/p>\n","protected":false},"excerpt":{"rendered":"<p><b>Beitrag von Friedhelm Klinkhammer und Volker Br\u00e4utigam<\/b><br \/>\nEs ist passiert. Caren Miosga, bisher Tagesthemen-Moderatorin, wird\u00a0Anne Wills Nachfolgerin und \u00fcbernimmt vom n\u00e4chsten Jahr an deren Sendeplatz sonntags um 21.45 Uhr. So beschlossen und verk\u00fcndet von der NDR-Rundfunkratsvorsitzenden Sandra Goldschmidt. Der Vertrag \u00fcber 60 Folgen der Sendung in den kommenden beiden Jahren \u2013 Arbeitstitel: \u201eMiosga\u201c \u2013 ist unter Dach und Fach. Zugleich mit dieser Personalie teilte der NDR-Rundfunkrat mit, dass er zwei weitere Programmbeschwerden gegen Sendungen der Tagesschau abgelehnt habe, von deren Inhalt das Publikum nat\u00fcrlich nichts erf\u00e4hrt. Wie eh und je. Transparenz ist nicht. Wo k\u00e4men wir sonst hin mit dem \u00f6ffentlich-rechtlichen Rundfunk.\u00a0<\/p>\n","protected":false},"author":3,"featured_media":16637,"comment_status":"closed","ping_status":"closed","sticky":false,"template":"","format":"standard","meta":{"colormag_page_container_layout":"default_layout","colormag_page_sidebar_layout":"default_layout","advanced_seo_description":"","jetpack_seo_html_title":"","jetpack_seo_noindex":false,"jetpack_post_was_ever_published":false,"footnotes":""},"categories":[12],"tags":[1094,84,1450,1515,1601,1578,1126,1850],"class_list":["post-16635","post","type-post","status-publish","format-standard","has-post-thumbnail","hentry","category-demokratie-medien-aufklaerung","tag-ard","tag-klima","tag-medienanalyse","tag-nachrichten","tag-ndr","tag-rundfunkgebuehren","tag-tagesschau","tag-tagesthemen"],"jetpack_featured_media_url":"https:\/\/i0.wp.com\/www.freidenker.org\/fw17\/wp-content\/uploads\/2023\/07\/will_miosga_800x450.jpg?fit=800%2C450&ssl=1","jetpack_shortlink":"https:\/\/wp.me\/p9stpK-4kj","jetpack-related-posts":[{"id":8589,"url":"https:\/\/www.freidenker.org\/?p=8589","url_meta":{"origin":16635,"position":0},"title":"Nawalny-Nachrichten: Merkel erwirkt Denkverbot","author":"Webredaktion","date":"10. September 2020","format":false,"excerpt":"Beitrag von Friedhelm Klinkhammer und Volker Br\u00e4utigam Es ist unglaublich, was die deutsche Politelite und der ihr h\u00f6rige Medien-Mainstream der \u00d6ffentlichkeit mit der Nawalny-Nummer zugemutet haben. Selbst nach einer Woche lebt die Story immer noch: Der b\u00f6se Wladimir Putin und seine Geheimdienstkiller haben den \u201ef\u00fchrenden russischen Oppositionspolitiker\u201c Alexei Nawalny im\u2026","rel":"","context":"In &quot;Demokratie \u2013 Medien \u2013 Aufkl\u00e4rung&quot;","block_context":{"text":"Demokratie \u2013 Medien \u2013 Aufkl\u00e4rung","link":"https:\/\/www.freidenker.org\/?cat=12"},"img":{"alt_text":"","src":"https:\/\/i0.wp.com\/www.freidenker.org\/fw17\/wp-content\/uploads\/2020\/09\/ARD_ZDF_Gehirnwaesche_800x450_v2.jpg?fit=800%2C450&ssl=1&resize=350%2C200","width":350,"height":200,"srcset":"https:\/\/i0.wp.com\/www.freidenker.org\/fw17\/wp-content\/uploads\/2020\/09\/ARD_ZDF_Gehirnwaesche_800x450_v2.jpg?fit=800%2C450&ssl=1&resize=350%2C200 1x, https:\/\/i0.wp.com\/www.freidenker.org\/fw17\/wp-content\/uploads\/2020\/09\/ARD_ZDF_Gehirnwaesche_800x450_v2.jpg?fit=800%2C450&ssl=1&resize=525%2C300 1.5x, https:\/\/i0.wp.com\/www.freidenker.org\/fw17\/wp-content\/uploads\/2020\/09\/ARD_ZDF_Gehirnwaesche_800x450_v2.jpg?fit=800%2C450&ssl=1&resize=700%2C400 2x"},"classes":[]},{"id":19884,"url":"https:\/\/www.freidenker.org\/?p=19884","url_meta":{"origin":16635,"position":1},"title":"Lisa Fitz: \u201eMiosga-Miasma\u201c (Miosga versus Wagenknecht)","author":"Webredaktion","date":"23. September 2024","format":false,"excerpt":"Video von Lisa Fitz Sommer, Sonne, Badewetter \u2013 und eine irre Politik, das ist wieder mal eine Super-Kombi, die einem den ganzen Badespa\u00df und Sommer vermiesen k\u00f6nnte\u2026 Wussten Sie, dass ein von der deutschen Bundeswehr eingesetzter Kampfjet vom Typ Eurofighter 3.500 Kilogramm Treibstoff pro Flugstunde verbraucht? Es lebe der Klimaschutz!\u2026","rel":"","context":"In &quot;Demokratie \u2013 Medien \u2013 Aufkl\u00e4rung&quot;","block_context":{"text":"Demokratie \u2013 Medien \u2013 Aufkl\u00e4rung","link":"https:\/\/www.freidenker.org\/?cat=12"},"img":{"alt_text":"","src":"https:\/\/i0.wp.com\/www.freidenker.org\/fw17\/wp-content\/uploads\/2024\/09\/Lisa_Fitz_Miosga_800x450.jpg?fit=800%2C450&ssl=1&resize=350%2C200","width":350,"height":200,"srcset":"https:\/\/i0.wp.com\/www.freidenker.org\/fw17\/wp-content\/uploads\/2024\/09\/Lisa_Fitz_Miosga_800x450.jpg?fit=800%2C450&ssl=1&resize=350%2C200 1x, https:\/\/i0.wp.com\/www.freidenker.org\/fw17\/wp-content\/uploads\/2024\/09\/Lisa_Fitz_Miosga_800x450.jpg?fit=800%2C450&ssl=1&resize=525%2C300 1.5x, https:\/\/i0.wp.com\/www.freidenker.org\/fw17\/wp-content\/uploads\/2024\/09\/Lisa_Fitz_Miosga_800x450.jpg?fit=800%2C450&ssl=1&resize=700%2C400 2x"},"classes":[]},{"id":11070,"url":"https:\/\/www.freidenker.org\/?p=11070","url_meta":{"origin":16635,"position":2},"title":"US-Faustrecht geht vor V\u00f6lkerrecht","author":"Webredaktion","date":"16. August 2021","format":false,"excerpt":"Beitrag von Friedhelm Klinkhammer und Volker Br\u00e4utigam Seit zweieinhalb Wochen ist die Fregatte \u201eBayern\u201c der Bundesmarine unterwegs zum S\u00fcdwestpazifik. Was soll sie da, 5000 Seemeilen fern der Heimat? Chinesen erschrecken? Danach klingt leider, was Au\u00dfenminister Maas und Verteidigungsministerin Kramp-Karrenbauer vor dem Ablegen des Kriegsschiffs im Marinest\u00fctzpunkt Wilhelmshaven kundtaten. Maas: \u201e\u2026\u2026","rel":"","context":"In &quot;Demokratie \u2013 Medien \u2013 Aufkl\u00e4rung&quot;","block_context":{"text":"Demokratie \u2013 Medien \u2013 Aufkl\u00e4rung","link":"https:\/\/www.freidenker.org\/?cat=12"},"img":{"alt_text":"","src":"https:\/\/i0.wp.com\/www.freidenker.org\/fw17\/wp-content\/uploads\/2021\/08\/fregatte_bayern_6334260212_800x450.jpg?fit=800%2C450&ssl=1&resize=350%2C200","width":350,"height":200,"srcset":"https:\/\/i0.wp.com\/www.freidenker.org\/fw17\/wp-content\/uploads\/2021\/08\/fregatte_bayern_6334260212_800x450.jpg?fit=800%2C450&ssl=1&resize=350%2C200 1x, https:\/\/i0.wp.com\/www.freidenker.org\/fw17\/wp-content\/uploads\/2021\/08\/fregatte_bayern_6334260212_800x450.jpg?fit=800%2C450&ssl=1&resize=525%2C300 1.5x, https:\/\/i0.wp.com\/www.freidenker.org\/fw17\/wp-content\/uploads\/2021\/08\/fregatte_bayern_6334260212_800x450.jpg?fit=800%2C450&ssl=1&resize=700%2C400 2x"},"classes":[]},{"id":16649,"url":"https:\/\/www.freidenker.org\/?p=16649","url_meta":{"origin":16635,"position":3},"title":"N\u00fctzliche Idioten: Die Letzte Generation als hofierte und respektierte &#8222;Querdenker&#8220;","author":"Webredaktion","date":"18. Juli 2023","format":false,"excerpt":"Beitrag von Bernhard Loyen Es ist schon beeindruckend, mit welcher Kaltschn\u00e4uzigkeit die etablierten Medien im Land ihre rein subjektive Deutungshoheit bei weiterhin 100-prozentig eingeforderter Finanzierung durch die B\u00fcrger trotz einer nachweislich kontroversen Wahrnehmung der Zuschauer und Leser unbeeindruckt manipulativ fortsetzen. Beeindruckend ist dabei milde formuliert, es geht um fortdauernde Arroganz\u2026","rel":"","context":"In &quot;Demokratie \u2013 Medien \u2013 Aufkl\u00e4rung&quot;","block_context":{"text":"Demokratie \u2013 Medien \u2013 Aufkl\u00e4rung","link":"https:\/\/www.freidenker.org\/?cat=12"},"img":{"alt_text":"","src":"https:\/\/i0.wp.com\/www.freidenker.org\/fw17\/wp-content\/uploads\/2023\/07\/Aktivist_festgeklebt_51900620052_800x450.jpg?fit=800%2C450&ssl=1&resize=350%2C200","width":350,"height":200,"srcset":"https:\/\/i0.wp.com\/www.freidenker.org\/fw17\/wp-content\/uploads\/2023\/07\/Aktivist_festgeklebt_51900620052_800x450.jpg?fit=800%2C450&ssl=1&resize=350%2C200 1x, https:\/\/i0.wp.com\/www.freidenker.org\/fw17\/wp-content\/uploads\/2023\/07\/Aktivist_festgeklebt_51900620052_800x450.jpg?fit=800%2C450&ssl=1&resize=525%2C300 1.5x, https:\/\/i0.wp.com\/www.freidenker.org\/fw17\/wp-content\/uploads\/2023\/07\/Aktivist_festgeklebt_51900620052_800x450.jpg?fit=800%2C450&ssl=1&resize=700%2C400 2x"},"classes":[]},{"id":20842,"url":"https:\/\/www.freidenker.org\/?p=20842","url_meta":{"origin":16635,"position":4},"title":"Bei Miosga: Ein verf\u00e4lschter Trump und eine ahnungslose Baerbock","author":"Webredaktion","date":"27. Januar 2025","format":false,"excerpt":"Beitrag von Dagmar Henn Da kann man wirklich selbst als Atheist nur drei Kreuze schlagen, wenn Annalena Baerbock endlich nicht mehr deutsche Au\u00dfenministerin ist. Am Sonntag bei Caren Miosga (\"Trump zur\u00fcck im Wei\u00dfen Haus \u2012 was jetzt, Frau Baerbock\") hat sie ihr Bestes gegeben, um diese \u00dcberzeugung noch einmal zu\u2026","rel":"","context":"In &quot;Demokratie \u2013 Medien \u2013 Aufkl\u00e4rung&quot;","block_context":{"text":"Demokratie \u2013 Medien \u2013 Aufkl\u00e4rung","link":"https:\/\/www.freidenker.org\/?cat=12"},"img":{"alt_text":"","src":"https:\/\/i0.wp.com\/www.freidenker.org\/fw17\/wp-content\/uploads\/2025\/01\/baerbock_2024-05-27_re-publica_800x450.jpg?fit=800%2C450&ssl=1&resize=350%2C200","width":350,"height":200,"srcset":"https:\/\/i0.wp.com\/www.freidenker.org\/fw17\/wp-content\/uploads\/2025\/01\/baerbock_2024-05-27_re-publica_800x450.jpg?fit=800%2C450&ssl=1&resize=350%2C200 1x, https:\/\/i0.wp.com\/www.freidenker.org\/fw17\/wp-content\/uploads\/2025\/01\/baerbock_2024-05-27_re-publica_800x450.jpg?fit=800%2C450&ssl=1&resize=525%2C300 1.5x, https:\/\/i0.wp.com\/www.freidenker.org\/fw17\/wp-content\/uploads\/2025\/01\/baerbock_2024-05-27_re-publica_800x450.jpg?fit=800%2C450&ssl=1&resize=700%2C400 2x"},"classes":[]},{"id":5649,"url":"https:\/\/www.freidenker.org\/?p=5649","url_meta":{"origin":16635,"position":5},"title":"USA k\u00fcndigen INF-Vertrag &#8211; &#8222;die Russen sind an allem schuld&#8220;","author":"Webredaktion","date":"20. Dezember 2018","format":false,"excerpt":"Beitrag von Friedhelm Klinkhammer und Volker Br\u00e4utigam USA und NATO orchestrieren die Gef\u00e4hrdung des Weltfriedens sorgf\u00e4ltig: Kaum nimmt das Kriegspotential in einem Konfliktherd etwas ab \u2013 Beispiele: Libyen, Syrien, Ukraine \u2013 schon liegt an anderer Stelle die Lunte am Pulverfass. Jetzt drohen die USA, den INF-Vertrag \u00fcber das Verbot nuklearer\u2026","rel":"","context":"In &quot;Frieden - Antifaschismus - Solidarit\u00e4t&quot;","block_context":{"text":"Frieden - Antifaschismus - Solidarit\u00e4t","link":"https:\/\/www.freidenker.org\/?cat=13"},"img":{"alt_text":"","src":"https:\/\/i0.wp.com\/www.freidenker.org\/fw17\/wp-content\/uploads\/2018\/12\/usa_russland_coll.jpg?fit=800%2C450&ssl=1&resize=350%2C200","width":350,"height":200,"srcset":"https:\/\/i0.wp.com\/www.freidenker.org\/fw17\/wp-content\/uploads\/2018\/12\/usa_russland_coll.jpg?fit=800%2C450&ssl=1&resize=350%2C200 1x, https:\/\/i0.wp.com\/www.freidenker.org\/fw17\/wp-content\/uploads\/2018\/12\/usa_russland_coll.jpg?fit=800%2C450&ssl=1&resize=525%2C300 1.5x, https:\/\/i0.wp.com\/www.freidenker.org\/fw17\/wp-content\/uploads\/2018\/12\/usa_russland_coll.jpg?fit=800%2C450&ssl=1&resize=700%2C400 2x"},"classes":[]}],"_links":{"self":[{"href":"https:\/\/www.freidenker.org\/index.php?rest_route=\/wp\/v2\/posts\/16635","targetHints":{"allow":["GET"]}}],"collection":[{"href":"https:\/\/www.freidenker.org\/index.php?rest_route=\/wp\/v2\/posts"}],"about":[{"href":"https:\/\/www.freidenker.org\/index.php?rest_route=\/wp\/v2\/types\/post"}],"author":[{"embeddable":true,"href":"https:\/\/www.freidenker.org\/index.php?rest_route=\/wp\/v2\/users\/3"}],"replies":[{"embeddable":true,"href":"https:\/\/www.freidenker.org\/index.php?rest_route=%2Fwp%2Fv2%2Fcomments&post=16635"}],"version-history":[{"count":0,"href":"https:\/\/www.freidenker.org\/index.php?rest_route=\/wp\/v2\/posts\/16635\/revisions"}],"wp:featuredmedia":[{"embeddable":true,"href":"https:\/\/www.freidenker.org\/index.php?rest_route=\/wp\/v2\/media\/16637"}],"wp:attachment":[{"href":"https:\/\/www.freidenker.org\/index.php?rest_route=%2Fwp%2Fv2%2Fmedia&parent=16635"}],"wp:term":[{"taxonomy":"category","embeddable":true,"href":"https:\/\/www.freidenker.org\/index.php?rest_route=%2Fwp%2Fv2%2Fcategories&post=16635"},{"taxonomy":"post_tag","embeddable":true,"href":"https:\/\/www.freidenker.org\/index.php?rest_route=%2Fwp%2Fv2%2Ftags&post=16635"}],"curies":[{"name":"wp","href":"https:\/\/api.w.org\/{rel}","templated":true}]}}