{"id":16630,"date":"2023-07-16T14:15:49","date_gmt":"2023-07-16T12:15:49","guid":{"rendered":"https:\/\/www.freidenker.org\/?p=16630"},"modified":"2023-09-02T11:02:58","modified_gmt":"2023-09-02T09:02:58","slug":"bildungswochenende-der-gegenwaertige-kapitalismus","status":"publish","type":"post","link":"https:\/\/www.freidenker.org\/?p=16630","title":{"rendered":"Bildungswochenende: Der gegenw\u00e4rtige Kapitalismus"},"content":{"rendered":"<h4>Offenes Bildungswochenende des Landesverbandes Sachsen-Anhalt im Deutschen Freidenker-Verband 11. \u2013 13.08.2023 in Quedlinburg<\/h4>\n<p>Seit Gr\u00fcndung des Landesverbandes Sachsen-Anhalt im Deutschen Freidenker-Verband, findet j\u00e4hrlich im Rahmen einer offenen Bildungsveranstaltung ein zentrales Treffen in der Stadt der Gr\u00fcndung statt. Dort treffen sich nicht nur Mitglieder des Verbandes, sondern es k\u00f6nnen immer auch G\u00e4ste begr\u00fc\u00dft werden, welche zum Teil sogar eine etwas weitere Anreise in Kauf nehmen und aus den verschiedensten Bundesl\u00e4ndern anreisen.<\/p>\n<p>Aus aktuellem Grund steht f\u00fcr dieses Jahr der Kapitalismus auf dem Plan unseres Bildungswochenendes. Insbesondere j\u00fcngste Entwicklungen, also wie der Kapitalismus in seiner h\u00f6chsten Form des Imperialismus den Menschen gegenw\u00e4rtig begegnet. Es geht vordergr\u00fcndig um die \u00f6konomischen Grundlagen und wie diese gestaltet werden, sich entwickeln und von welchen Kr\u00e4ften diese entscheidend beeinflusst werden. Letztlich um die Ursachen unserer gegenw\u00e4rtigen gesellschaftlichen Entwicklung und die treibenden Kr\u00e4fte.<\/p>\n<p>In diesem Zusammenhang ist es uns gelungen Werner R\u00fcgemer zu gewinnen, welcher sich intensiv mit den aktuellen Entwicklungen im Kapitalismus, den Akteuren und den mit diesen Entwicklungen verbundenen Folgen besch\u00e4ftigt. Er wird uns f\u00fcr eine Lesung und ein Seminar zur Verf\u00fcgung stehen.<\/p>\n<p>Also wird es reichlich Stoff zum Austausch und Diskurs geben, erg\u00e4nzend wird eine thematische Stadtf\u00fchrung, sowie eine k\u00fcnstlerisch-kulturelle Abendveranstaltung geben<\/p>\n<p>Und so dieses Jahr, wie im letzten Jahr: Der Deutsche Freidenker-Verband Sachsen-Anhalt freut sich \u00fcber eine rege und qualifizierte Teilnahme und so sei wiederholt: \u201edas Interessanteste an solchen Wochenenden sind die Menschen, welche zusammenkommen und sich im Verlauf der Tage \u00fcber die verschiedensten Themen austauschen. Eigentlich eine zwingende Notwendigkeit in Zeiten sich zuspitzender, gesellschaftlicher Widerspr\u00fcche, insbesondere des Grundwiderspruches kapitalistischen Seins. Es geht nicht nur darum den Kampf um Begriffe und deren Inhalte zu f\u00fchren, sondern auch dem sich in der Gesellschaft verbreitenden Irrationalismus entgegenzuwirken.\u201c Welcher uns gegenw\u00e4rtig besonders intensiv in Form von Kriegspropaganda begegnet und sich in der herrschenden Politik hierzulande manifestiert.<\/p>\n<p>\u201eSomit wird sich nicht nur inhaltlich mit Problemen auseinandergesetzt, sondern Bildung im doppelten Sinne steht auf der Tagesordnung, einmal im Sinne der Aneignung von Wissen und dem entsprechenden Austausch, im Sinne vom Streben nach Erkenntnis und zum anderen als Bildung, im Sinne von Organisation.\u201c<\/p>\n<h4>Offenes Bildungswochenende des Landesverbandes Sachsen-Anhalt im Deutschen Freidenker-Verband in Quedlinburg 11. \u2013 13.08.2023<\/h4>\n<p><strong>Freitag, 11.08.2023, 19:00 Uhr<\/strong><\/p>\n<p style=\"padding-left: 40px;\">&#8222;Bis diese Freiheit die Welt erleuchtet&#8220; \u2013<br \/>\n<a href=\"https:\/\/www.sachsen-anhalt.freidenker.org\/cms\/?p=1095\">Autorenlesung<\/a> mit Dr. Werner R\u00fcgemer<\/p>\n<p><strong>Samstag, 12.08.2023 ab 10:00 Uhr<\/strong><\/p>\n<p style=\"padding-left: 40px;\">DER GEGENW\u00c4RTIGE KAPITALISMUS \u2013<br \/>\n<a href=\"https:\/\/www.sachsen-anhalt.freidenker.org\/cms\/?p=1107\">Seminar<\/a> mit Dr. Werner R\u00fcgemer<\/p>\n<ul>\n<li style=\"list-style-type: none;\">\n<ul>\n<li>Begr\u00fc\u00dfung und Er\u00f6ffnung<\/li>\n<li>Seminar nach Plan mit entsprechenden Pausen<\/li>\n<li>Diskussion<\/li>\n<\/ul>\n<\/li>\n<\/ul>\n<p style=\"padding-left: 40px;\">12:00 \u2013 14:00 Uhr Mittagspause \u2013 Eigenregie \u2013<\/p>\n<p style=\"padding-left: 40px;\">15:00 \u2013 15:30 Uhr Kaffeepause<\/p>\n<p style=\"padding-left: 40px;\">16:30 Uhr Stadtspaziergang \u201eB\u00fcrger wie stolz das klingt, wo waren eigentlich einst die B\u00fcrgerinnen?\u201c<br \/>\nVon Handwerk und Handel, \u00fcber die Manufaktur bis zur Industrie und wieder zur\u00fcck? Was gibt es nach den 1990iger Jahren hier noch zu deindustrialisieren?<\/p>\n<p style=\"padding-left: 40px;\">17:30 Uhr allgemeine Diskussion, Erfahrungsaustausch, Freizeit etc.<\/p>\n<p style=\"padding-left: 40px;\">19:00 Uhr Abendessen, \u2013 Eigenregie \u2013<\/p>\n<p style=\"padding-left: 40px;\">Ab 20:00 Uhr proletarisch-lyrischer Abend<\/p>\n<p><strong>Sonntag, 13.08.2023<\/strong><\/p>\n<p style=\"padding-left: 40px;\">ab 09:30 Uhr Auswertung des Wochenendes im Rahmen eines gemeinsamen Fr\u00fchst\u00fccks<\/p>\n<p style=\"padding-left: 40px;\">11:30 Uhr Mitgliederversammlung des Landesverbandes Sachsen-Anhalt<\/p>\n<p><strong>Veranstalter: Deutscher Freidenker-Verband Sachsen-Anhalt<\/strong><\/p>\n<p>Die Veranstaltungen finden im<\/p>\n<p style=\"padding-left: 40px;\"><strong>P\u00f6lkenhof, <\/strong><br \/>\n<strong>06484 Quedlinburg, <\/strong><br \/>\n<strong>P\u00f6lkenstra\u00dfe 38 <\/strong><\/p>\n<p>statt. Die F\u00fchrung geht durch die Altstadt und die historische Neustadt, das Fr\u00fchst\u00fcck und die Mitgliederversammlung am Sonntag finden auf einem Hinterhof statt.<\/p>\n<p><strong>Information und Anmeldung<\/strong> \u00fcber Thomas Loch, <a href=\"mailto:t.loch@freidenker.org\">t.loch@freidenker.org<\/a> oder <a href=\"mailto:dfv-sachsen-anhalt@freidenker.org\">dfv-sachsen-anhalt@freidenker.org<\/a><\/p>\n<hr \/>\n<h5><img data-recalc-dims=\"1\" loading=\"lazy\" decoding=\"async\" data-attachment-id=\"13977\" data-permalink=\"https:\/\/www.freidenker.org\/?attachment_id=13977\" data-orig-file=\"https:\/\/i0.wp.com\/www.freidenker.org\/fw17\/wp-content\/uploads\/2022\/08\/External_Link_24px.jpg?fit=24%2C24&amp;ssl=1\" data-orig-size=\"24,24\" data-comments-opened=\"0\" data-image-meta=\"{&quot;aperture&quot;:&quot;0&quot;,&quot;credit&quot;:&quot;&quot;,&quot;camera&quot;:&quot;&quot;,&quot;caption&quot;:&quot;&quot;,&quot;created_timestamp&quot;:&quot;0&quot;,&quot;copyright&quot;:&quot;&quot;,&quot;focal_length&quot;:&quot;0&quot;,&quot;iso&quot;:&quot;0&quot;,&quot;shutter_speed&quot;:&quot;0&quot;,&quot;title&quot;:&quot;&quot;,&quot;orientation&quot;:&quot;1&quot;}\" data-image-title=\"External_Link_24px icon\" data-image-description=\"\" data-image-caption=\"\" data-large-file=\"https:\/\/i0.wp.com\/www.freidenker.org\/fw17\/wp-content\/uploads\/2022\/08\/External_Link_24px.jpg?fit=24%2C24&amp;ssl=1\" class=\"alignnone size-full wp-image-13977\" src=\"https:\/\/i0.wp.com\/www.freidenker.org\/fw17\/wp-content\/uploads\/2022\/08\/External_Link_24px.jpg?resize=24%2C24&#038;ssl=1\" alt=\"\" width=\"24\" height=\"24\" \/> Links zur Seite des LV Sachsen-Anhalt<\/h5>\n<p>Einladung zur Veranstaltung<br \/>\n<span style=\"font-family: DejaVu Serif, serif;\"><span style=\"font-size: small;\"><a class=\"moz-txt-link-freetext\" href=\"https:\/\/www.sachsen-anhalt.freidenker.org\/cms\/?p=1121\" target=\"_blank\" rel=\"noopener\">https:\/\/www.sachsen-anhalt.freidenker.org\/cms\/?p=1121<\/a><\/span><\/span><\/p>\n<p>Veranstaltungshinweis zur Lesung \u201eBIS DIESE FREIHEIT DIE WELT ERLEUCHTET\u201c<br \/>\n<span style=\"font-family: DejaVu Serif, serif;\"><span style=\"font-size: small;\"><a class=\"moz-txt-link-freetext\" href=\"https:\/\/www.sachsen-anhalt.freidenker.org\/cms\/?p=1095\" target=\"_blank\" rel=\"noopener\">https:\/\/www.sachsen-anhalt.freidenker.org\/cms\/?p=1095<\/a><\/span><\/span><\/p>\n<p>Veranstaltungshinweis zum Seminar: DER GEGENW\u00c4RTIGE KAPITALISMUS<br \/>\n<span style=\"font-family: DejaVu Serif, serif;\"><span style=\"font-size: small;\"><a class=\"moz-txt-link-freetext\" href=\"https:\/\/www.sachsen-anhalt.freidenker.org\/cms\/?p=1107\" target=\"_blank\" rel=\"noopener\">https:\/\/www.sachsen-anhalt.freidenker.org\/cms\/?p=1107<\/a><\/span><\/span><\/p>\n<hr \/>\n<p><span style=\"font-size: 10pt;\">Bild oben: Foto von Thomas Loch<\/span><\/p>\n","protected":false},"excerpt":{"rendered":"<p><b>Offenes Bildungswochenende des Landesverbandes Sachsen-Anhalt im Deutschen Freidenker-Verband 11. \u2013 13.08.2023 in Quedlinburg.<\/b><br \/>\nSeit Gr\u00fcndung des Landesverbandes Sachsen-Anhalt im Deutsche Freidenker-Verband, findet j\u00e4hrlich im Rahmen einer offenen Bildungsveranstaltung ein zentrales Treffen in der Stadt der Gr\u00fcndung statt. Dort treffen sich nicht nur Mitglieder des Verbandes, sondern es k\u00f6nnen immer auch G\u00e4ste begr\u00fc\u00dft werden, welche zum Teil sogar eine etwas weitere Anreise in Kauf nehmen und aus den verschiedensten Bundesl\u00e4ndern anreisen. Aus aktuellem Grund steht f\u00fcr dieses Jahr der Kapitalismus auf dem Plan unseres Bildungswochenendes. Insbesondere j\u00fcngste Entwicklungen, also wie der Kapitalismus in seiner h\u00f6chsten Form des Imperialismus den Menschen gegenw\u00e4rtig begegnet.<\/p>\n","protected":false},"author":3,"featured_media":16631,"comment_status":"closed","ping_status":"closed","sticky":false,"template":"","format":"standard","meta":{"colormag_page_container_layout":"default_layout","colormag_page_sidebar_layout":"default_layout","advanced_seo_description":"","jetpack_seo_html_title":"","jetpack_seo_noindex":false,"jetpack_post_was_ever_published":false,"footnotes":""},"categories":[19,16],"tags":[567,491,404,441,1025,988,1849,1050,1157,1212],"class_list":["post-16630","post","type-post","status-publish","format-standard","has-post-thumbnail","hentry","category-veranstaltungen-in-den-dfv-landesverbaenden","category-weltanschauung-philosophie","tag-bildung","tag-geschichte","tag-imperialismus","tag-kapitalismus","tag-lv-sachsen-anhalt","tag-politische-oekonomie","tag-triebkraefte","tag-veranstaltung","tag-widersprueche","tag-zukunft"],"jetpack_featured_media_url":"https:\/\/i0.wp.com\/www.freidenker.org\/fw17\/wp-content\/uploads\/2023\/07\/seminar_quedlinburg_2023-08_800x450.jpg?fit=800%2C450&ssl=1","jetpack_shortlink":"https:\/\/wp.me\/p9stpK-4ke","jetpack-related-posts":[{"id":13731,"url":"https:\/\/www.freidenker.org\/?p=13731","url_meta":{"origin":16630,"position":0},"title":"12.\u201314.08.2022: Offenes Bildungswochenende in Quedlinburg.","author":"Webredaktion","date":"9. Juli 2022","format":false,"excerpt":"Offenes Bildungswochenende des Landesverbandes Sachsen-Anhalt im Deutschen Freidenker-Verband vom 12.\u201314.08.2022 in Quedlinburg. Aus dem Programm: - Lesung mit dem Autor J\u00fcrgen Leskien - Diskussion zum Thema: Krieg und Frieden - Krieg ein Mittel der Politik, nicht nur der imperialistischen. - Thematische Stadtf\u00fchrung (Quedlinburg wurde nie durch Kriege zerst\u00f6rt, einschneidende Spuren\u2026","rel":"","context":"In &quot;Kultur &amp; Kunst&quot;","block_context":{"text":"Kultur &amp; Kunst","link":"https:\/\/www.freidenker.org\/?cat=913"},"img":{"alt_text":"","src":"https:\/\/i0.wp.com\/www.freidenker.org\/fw17\/wp-content\/uploads\/2022\/07\/Loch_Collage_Bildungswochenende2022.jpg?fit=800%2C450&ssl=1&resize=350%2C200","width":350,"height":200,"srcset":"https:\/\/i0.wp.com\/www.freidenker.org\/fw17\/wp-content\/uploads\/2022\/07\/Loch_Collage_Bildungswochenende2022.jpg?fit=800%2C450&ssl=1&resize=350%2C200 1x, https:\/\/i0.wp.com\/www.freidenker.org\/fw17\/wp-content\/uploads\/2022\/07\/Loch_Collage_Bildungswochenende2022.jpg?fit=800%2C450&ssl=1&resize=525%2C300 1.5x, https:\/\/i0.wp.com\/www.freidenker.org\/fw17\/wp-content\/uploads\/2022\/07\/Loch_Collage_Bildungswochenende2022.jpg?fit=800%2C450&ssl=1&resize=700%2C400 2x"},"classes":[]},{"id":11038,"url":"https:\/\/www.freidenker.org\/?p=11038","url_meta":{"origin":16630,"position":1},"title":"20.-22.08.2021: Bildungswochenende in Quedlinburg","author":"Webredaktion","date":"14. August 2021","format":false,"excerpt":"Offenes Bildungswochenende des Landesverbandes Sachsen-Anhalt im Deutschen Freidenker-Verband in Quedlinburg 20.\u201322.08.2021 Aus dem Programm: - \u201eWarten wir die Zukunft ab\u201c - Hartmut K\u00f6nig liest aus seiner Autobiographie mit musikalischen Einlagen - Diskussion zum Thema \u2013 Demokratie, was immer sie auch ist, \u2026 was ist sie eigentlich? \u2013 - thematische Stadtf\u00fchrung\u2026","rel":"","context":"In &quot;Kultur &amp; Kunst&quot;","block_context":{"text":"Kultur &amp; Kunst","link":"https:\/\/www.freidenker.org\/?cat=913"},"img":{"alt_text":"","src":"https:\/\/i0.wp.com\/www.freidenker.org\/fw17\/wp-content\/uploads\/2021\/08\/hartmut_koenig_800x450.jpg?fit=800%2C450&ssl=1&resize=350%2C200","width":350,"height":200,"srcset":"https:\/\/i0.wp.com\/www.freidenker.org\/fw17\/wp-content\/uploads\/2021\/08\/hartmut_koenig_800x450.jpg?fit=800%2C450&ssl=1&resize=350%2C200 1x, https:\/\/i0.wp.com\/www.freidenker.org\/fw17\/wp-content\/uploads\/2021\/08\/hartmut_koenig_800x450.jpg?fit=800%2C450&ssl=1&resize=525%2C300 1.5x, https:\/\/i0.wp.com\/www.freidenker.org\/fw17\/wp-content\/uploads\/2021\/08\/hartmut_koenig_800x450.jpg?fit=800%2C450&ssl=1&resize=700%2C400 2x"},"classes":[]},{"id":21275,"url":"https:\/\/www.freidenker.org\/?p=21275","url_meta":{"origin":16630,"position":2},"title":"Freidenker-Treffen Sachsen-Anhalt 2025 und Konferenz &#8222;Thomas M\u00fcntzer \u2013 500 Jahre Deutscher Bauernkrieg&#8220;","author":"Webredaktion","date":"27. M\u00e4rz 2025","format":false,"excerpt":"Epochen des Umbruch! Freidenker-Treffen Sachsen-Anhalt 2025 Am Wochenende vom 25. bis 27.04.2025 findet in Quedlinburg das diesj\u00e4hrige offene Bildungswochenende des Landesverbandes Sachsen-Anhalt im Deutschen Freidenker-Verband in Quedlinburg statt. Am Freitag den 25.04.2025 wird es ab 19:00 Uhr eine Lesung mit Diskussion zum Thema des Wochenendes, Epochen des Umbruch und die\u2026","rel":"","context":"In &quot;Kultur &amp; Kunst&quot;","block_context":{"text":"Kultur &amp; Kunst","link":"https:\/\/www.freidenker.org\/?cat=913"},"img":{"alt_text":"","src":"https:\/\/i0.wp.com\/www.freidenker.org\/fw17\/wp-content\/uploads\/2025\/03\/Muentzer-Kolage2_800x450.jpg?fit=800%2C450&ssl=1&resize=350%2C200","width":350,"height":200,"srcset":"https:\/\/i0.wp.com\/www.freidenker.org\/fw17\/wp-content\/uploads\/2025\/03\/Muentzer-Kolage2_800x450.jpg?fit=800%2C450&ssl=1&resize=350%2C200 1x, https:\/\/i0.wp.com\/www.freidenker.org\/fw17\/wp-content\/uploads\/2025\/03\/Muentzer-Kolage2_800x450.jpg?fit=800%2C450&ssl=1&resize=525%2C300 1.5x, https:\/\/i0.wp.com\/www.freidenker.org\/fw17\/wp-content\/uploads\/2025\/03\/Muentzer-Kolage2_800x450.jpg?fit=800%2C450&ssl=1&resize=700%2C400 2x"},"classes":[]},{"id":8255,"url":"https:\/\/www.freidenker.org\/?p=8255","url_meta":{"origin":16630,"position":3},"title":"Bildungswochenende: Der Freiheitsbegriff von der Antike bis zum Sozialismus","author":"Webredaktion","date":"17. Juni 2020","format":false,"excerpt":"Offenes Bildungswochenende des Landesverbandes Sachsen-Anhalt im Deutschen Freidenker-Verband vom 21.-23. August 2020 Lesung, Diskussion, Stadtf\u00fchrung, Unterhaltung - Herausgeberlesung und Diskussion mit Heinz Hamm: Marxistische Hinsichten von Peter Hacks, Politische Schriften 1955 \u2013 2003 - Diskussion zum Thema \u2013 Der Freiheitsbegriff von der Antike bis zum Sozialismus \u2013 - Stadtf\u00fchrung: Freiheit\u2026","rel":"","context":"In &quot;Veranstaltungen in den DFV-Landesverb\u00e4nden&quot;","block_context":{"text":"Veranstaltungen in den DFV-Landesverb\u00e4nden","link":"https:\/\/www.freidenker.org\/?cat=19"},"img":{"alt_text":"","src":"https:\/\/i0.wp.com\/www.freidenker.org\/fw17\/wp-content\/uploads\/2020\/06\/Lesung_hacks_800x450.jpg?fit=799%2C450&ssl=1&resize=350%2C200","width":350,"height":200,"srcset":"https:\/\/i0.wp.com\/www.freidenker.org\/fw17\/wp-content\/uploads\/2020\/06\/Lesung_hacks_800x450.jpg?fit=799%2C450&ssl=1&resize=350%2C200 1x, https:\/\/i0.wp.com\/www.freidenker.org\/fw17\/wp-content\/uploads\/2020\/06\/Lesung_hacks_800x450.jpg?fit=799%2C450&ssl=1&resize=525%2C300 1.5x, https:\/\/i0.wp.com\/www.freidenker.org\/fw17\/wp-content\/uploads\/2020\/06\/Lesung_hacks_800x450.jpg?fit=799%2C450&ssl=1&resize=700%2C400 2x"},"classes":[]},{"id":4646,"url":"https:\/\/www.freidenker.org\/?p=4646","url_meta":{"origin":16630,"position":4},"title":"Offenes Freidenkertreffen vom 16. bis 18.03.2018 im Harz","author":"Webredaktion","date":"27. Februar 2018","format":false,"excerpt":"Die Landesverb\u00e4nde des DFV Niedersachsen und Sachsen-Anhalt laden vom 16. bis 18.03.2018 zu einer gemeinsamen Bildungsveranstaltung in den Harz nach Sankt Andreasberg ein. Diese Veranstaltung ist offen und dient nicht nur der politischen Bildung und dem Meinungsaustausch, sondern auch des gegenseitigen Kennenlernens. Dem Programm entsprechend spielt politische Bildung eine bedeutende\u2026","rel":"","context":"In &quot;Veranstaltungen in den DFV-Landesverb\u00e4nden&quot;","block_context":{"text":"Veranstaltungen in den DFV-Landesverb\u00e4nden","link":"https:\/\/www.freidenker.org\/?cat=19"},"img":{"alt_text":"Nerven, Quelle: https:\/\/pixabay.com\/de\/nerven-zellen-dendriten-sepia-3115722\/","src":"https:\/\/i0.wp.com\/www.freidenker.org\/fw17\/wp-content\/uploads\/2018\/02\/nerves-3115722_800x445_bearbeitet.jpg?fit=800%2C445&ssl=1&resize=350%2C200","width":350,"height":200,"srcset":"https:\/\/i0.wp.com\/www.freidenker.org\/fw17\/wp-content\/uploads\/2018\/02\/nerves-3115722_800x445_bearbeitet.jpg?fit=800%2C445&ssl=1&resize=350%2C200 1x, https:\/\/i0.wp.com\/www.freidenker.org\/fw17\/wp-content\/uploads\/2018\/02\/nerves-3115722_800x445_bearbeitet.jpg?fit=800%2C445&ssl=1&resize=525%2C300 1.5x, https:\/\/i0.wp.com\/www.freidenker.org\/fw17\/wp-content\/uploads\/2018\/02\/nerves-3115722_800x445_bearbeitet.jpg?fit=800%2C445&ssl=1&resize=700%2C400 2x"},"classes":[]},{"id":8182,"url":"https:\/\/www.freidenker.org\/?p=8182","url_meta":{"origin":16630,"position":5},"title":"Himmelfahrt, Vatertag, Herrentag, \u2026 ein Feiertag, Freidenkertag!","author":"Webredaktion","date":"22. Mai 2020","format":false,"excerpt":"Bildergalerie vom Ausflug der Freidenker Sachsen-Anhalt nach P\u00f6mmelte Ausflug nach P\u00f6mmelte, an die Elbe und an den Ort, wo Saale und Elbe zusammenflie\u00dfen. Viel Sonnenschein und anregende Gespr\u00e4che, sowie Pl\u00e4ne f\u00fcr ein n\u00e4chstes Treffen, das war der gestrige Feiertag f\u00fcr Freidenker aus Sachsen-Anhalt und Th\u00fcringen. Von der Steinzeit, bis in\u2026","rel":"","context":"In &quot;Veranstaltungen in den DFV-Landesverb\u00e4nden&quot;","block_context":{"text":"Veranstaltungen in den DFV-Landesverb\u00e4nden","link":"https:\/\/www.freidenker.org\/?cat=19"},"img":{"alt_text":"","src":"https:\/\/i0.wp.com\/www.freidenker.org\/fw17\/wp-content\/uploads\/2020\/06\/Poemmelte2_800x450.jpg?fit=799%2C450&ssl=1&resize=350%2C200","width":350,"height":200,"srcset":"https:\/\/i0.wp.com\/www.freidenker.org\/fw17\/wp-content\/uploads\/2020\/06\/Poemmelte2_800x450.jpg?fit=799%2C450&ssl=1&resize=350%2C200 1x, https:\/\/i0.wp.com\/www.freidenker.org\/fw17\/wp-content\/uploads\/2020\/06\/Poemmelte2_800x450.jpg?fit=799%2C450&ssl=1&resize=525%2C300 1.5x, https:\/\/i0.wp.com\/www.freidenker.org\/fw17\/wp-content\/uploads\/2020\/06\/Poemmelte2_800x450.jpg?fit=799%2C450&ssl=1&resize=700%2C400 2x"},"classes":[]}],"_links":{"self":[{"href":"https:\/\/www.freidenker.org\/index.php?rest_route=\/wp\/v2\/posts\/16630","targetHints":{"allow":["GET"]}}],"collection":[{"href":"https:\/\/www.freidenker.org\/index.php?rest_route=\/wp\/v2\/posts"}],"about":[{"href":"https:\/\/www.freidenker.org\/index.php?rest_route=\/wp\/v2\/types\/post"}],"author":[{"embeddable":true,"href":"https:\/\/www.freidenker.org\/index.php?rest_route=\/wp\/v2\/users\/3"}],"replies":[{"embeddable":true,"href":"https:\/\/www.freidenker.org\/index.php?rest_route=%2Fwp%2Fv2%2Fcomments&post=16630"}],"version-history":[{"count":0,"href":"https:\/\/www.freidenker.org\/index.php?rest_route=\/wp\/v2\/posts\/16630\/revisions"}],"wp:featuredmedia":[{"embeddable":true,"href":"https:\/\/www.freidenker.org\/index.php?rest_route=\/wp\/v2\/media\/16631"}],"wp:attachment":[{"href":"https:\/\/www.freidenker.org\/index.php?rest_route=%2Fwp%2Fv2%2Fmedia&parent=16630"}],"wp:term":[{"taxonomy":"category","embeddable":true,"href":"https:\/\/www.freidenker.org\/index.php?rest_route=%2Fwp%2Fv2%2Fcategories&post=16630"},{"taxonomy":"post_tag","embeddable":true,"href":"https:\/\/www.freidenker.org\/index.php?rest_route=%2Fwp%2Fv2%2Ftags&post=16630"}],"curies":[{"name":"wp","href":"https:\/\/api.w.org\/{rel}","templated":true}]}}