{"id":16619,"date":"2023-07-15T13:16:22","date_gmt":"2023-07-15T11:16:22","guid":{"rendered":"https:\/\/www.freidenker.org\/?p=16619"},"modified":"2023-09-02T11:02:33","modified_gmt":"2023-09-02T09:02:33","slug":"die-potemkinsche-truppe-im-loechrigen-flecktarn-und-ihre-historischen-vorbilder","status":"publish","type":"post","link":"https:\/\/www.freidenker.org\/?p=16619","title":{"rendered":"Die &#8222;potemkinsche Truppe im l\u00f6chrigen Flecktarn&#8220; und ihre historischen Vorbilder"},"content":{"rendered":"<p><strong>Russland bricht jederzeit zusammen, die russische Armee ist schlecht ausger\u00fcstet und unmotiviert und westliche Waffen sind grunds\u00e4tzlich \u00fcberlegen \u2013 so etwas kann man st\u00e4ndig in deutschen Medien h\u00f6ren und sehen. Aber genau so hat es schon einmal geklungen.<\/strong><\/p>\n<p><em>Von <strong>Dagmar Henn<\/strong><\/em><\/p>\n<p><span style=\"font-size: 10pt;\">Erstver\u00f6ffentlichung am 14.07.2023 auf <a href=\"https:\/\/freeassange.rtde.life\/meinung\/175007-potemkinsche-truppe-im-loechrigen-flecktarn\/\" target=\"_blank\" rel=\"noopener\">RT DE<\/a><\/span><\/p>\n<p>Die westlichen L\u00e4nder haben sich gewaltig versch\u00e4tzt, das d\u00fcrfte inzwischen un\u00fcbersehbar sein. Nicht nur mit den Sanktionen, mindestens ebenso sehr mit ihren milit\u00e4rischen Erwartungen. Auch wenn die deutsche Presse nach wie vor von den westlichen Waffen schreibt, die denen Russlands so weit \u00fcberlegen seien, die Wirklichkeit zeichnet ein anderes Bild. Obgleich alle politischen Akteure den Eindruck erwecken, wirklich an diese Fantasien zu glauben.<\/p>\n<p>Das ist nichts Neues; im Gegenteil, die meisten Teile der heutigen Erz\u00e4hlung lassen sich genau so historisch wiederfinden. Das betrifft die milit\u00e4rische Technik ebenso wie die Sicht auf die russische Armee und Bev\u00f6lkerung wie die Erwartung, der ganze Staat k\u00f6nne leicht kollabieren (ein Lied, das erst vor wenigen Tagen wieder einmal vielstimmig gesungen wurde).<\/p>\n<p>Der Autor Connor Gallagher hat eine Zusammenstellung einiger Zitate\u00a0<a href=\"https:\/\/www.nakedcapitalism.com\/2023\/07\/underestimate-russia-at-your-own-risk-a-comparison-of-hubris-by-germany-during-wwii-and-todays-collective-west.html\">geliefert<\/a>, die der Gegenwart wirklich verbl\u00fcffend nah scheinen. Sie stammen aus zwei Quellen: aus den\u00a0<a href=\"https:\/\/archive.org\/details\/JosephGoebbelsTagebucher\">Tageb\u00fcchern<\/a>\u00a0von Joseph Goebbels und aus Aufzeichnungen von Hitlers Tischgespr\u00e4chen, die in Deutschland unter dem Titel &#8222;Monologe im F\u00fchrerhauptquartier&#8220;\u00a0<a href=\"https:\/\/www.google.com\/url?sa=t&amp;rct=j&amp;q=&amp;esrc=s&amp;source=web&amp;cd=&amp;cad=rja&amp;uact=8&amp;ved=2ahUKEwjftYev64aAAxUoiIsKHeT9AeAQFnoECBAQAQ&amp;url=https:\/\/archive.org\/details\/monologe-im-fuehrerhauptquartier&amp;usg=AOvVaw2N1ms38L3ouYxvOgUXigHD&amp;opi=89978449\">ver\u00f6ffentlicht<\/a>\u00a0wurden.<\/p>\n<p>Erst einmal eine kleine Erinnerung daran, was in der deutschen Presse steht. &#8222;So schwach wie am Wochenende wirkte Russland seit Jahrzehnten nicht mehr&#8220;,\u00a0<a href=\"https:\/\/www.zeit.de\/politik\/ausland\/2023-06\/wagner-gruppe-putschversuch-ukraine-krieg-auswirkungen\">schrieb<\/a>\u00a0beispielsweise die\u00a0<em>Zeit<\/em>\u00a0nach Prigoschins Putschversuch. Ein deutscher Oberst namens Markus Reisner\u00a0<a href=\"https:\/\/www.n-tv.de\/politik\/Sehen-einen-bemerkenswerten-Erfolg-der-Ukraine-article24250056.html\">sieht<\/a>\u00a0in der stecken gebliebenen Offensive dennoch &#8222;einen bemerkenswerten Erfolg der Ukraine&#8220;. Den\u00a0<em>Spiegel<\/em>\u00a0dr\u00e4ngt es nach dem &#8222;Sieg \u00fcber Putin.&#8220;<\/p>\n<p>Jedes neu gelieferte westliche Waffensystem wurde in den Himmel gelobt. Ein aktuelles Beispiel: &#8222;ATACMS-Raketen f\u00fcr Kiew \u2013 Booster f\u00fcr die Offensive?&#8220;\u00a0<a href=\"https:\/\/news.google.com\/search?q=Himars&amp;hl=de&amp;gl=DE&amp;ceid=DE:de\">titelte<\/a>\u00a0j\u00fcngst erst das\u00a0<em>Redaktionsnetzwerk Deutschland<\/em>, der Inhaltslieferant f\u00fcr alle Zeitungen, die in Deutschland irgendwie der SPD geh\u00f6ren. Die\u00a0<em>S\u00fcddeutsche<\/em>\u00a0<a href=\"https:\/\/www.sueddeutsche.de\/kultur\/putin-russland-jewgenij-prigoschin-1.6019072\">orakelt<\/a>\u00a0\u00fcber die russische Staatlichkeit:<\/p>\n<blockquote><p><em>&#8222;Das \u00dcberleben russischer Machthaber seit Iwan dem Schrecklichen h\u00e4ngt zu einem entscheidenden Teil davon ab, wie gekonnt sie die nat\u00fcrliche Dominanz der Armee durch Leibgarden oder Geheimdienste einhegen.&#8220;<\/em><\/p><\/blockquote>\n<p>In einem anderen Artikel der\u00a0<em>SZ<\/em>\u00a0vor wenigen Tagen unter der \u00dcberschrift &#8222;Der Zustand des Milit\u00e4rs ist desolat&#8220; wurde\u00a0<a href=\"https:\/\/www.sueddeutsche.de\/meinung\/russland-militaer-panzer-torpedos-prigoschin-putin-kommentar-1.6006918\">erkl\u00e4rt<\/a>:<\/p>\n<blockquote><p><em>&#8222;Im Ukraine-Krieg entlarvt sich diese Streitmacht als Potemkin&#8217;sche Truppe in l\u00f6chrigem Flecktarn. Moskaus Soldaten werden h\u00e4ufig miserabel gef\u00fchrt, begehen Kriegsverbrechen, brauchen Waffenhilfe von S\u00f6ldnern, die aus Straflagern kommen.&#8220;<\/em><\/p><\/blockquote>\n<p>Wie schrieb das Joseph Goebbels am 1.8.1941?<\/p>\n<blockquote><p><em>&#8222;Die Bolschewisten k\u00e4mpfen zwar stur und stumpfsinnig, aber es fehlt ihrem Angriff sowohl wie ihrer Verteidigung doch der entscheidende Elan. Es ist eben ein slawisches Volk, das bei einem entscheidenden Aufeinanderprall mit der germanischen Rasse immer unterlegen sein wird.&#8220;<\/em><\/p><\/blockquote>\n<p>Oder die entsprechenden Zitate von Hitler: &#8222;W\u00e4re die russische Menschheit nicht durch andere, angefangen von den War\u00e4gern, zum Staat organisiert worden, so w\u00e4ren sie Kaninchen geblieben.&#8220; (9\/41) oder &#8222;Der Russe kann als Mensch unter Menschen nur leben in der Form des Kollektivs, das hei\u00dft zur Arbeit angehalten durch ungeheuren Zwang; soziale Haltung, R\u00fccksicht des einen auf den anderen, ist ihm fremd.&#8220; (27.\/28.9.41)<\/p>\n<p>Allerdings gab es eingestreut Anf\u00e4lle von Realismus. So schrieb Goebbels schon am 2. Juli 1941: &#8222;Insgesamt wird sehr hart und erbittert gek\u00e4mpft. Von einem Spaziergang kann keine Rede sein. Das rote Regime hat das Volk mobilgemacht.&#8220; Und am 1.8.41: &#8222;Die Bolschewisten zeigen doch st\u00e4rkeren Widerstand, als wir vermuteten, und vor allem die materiellen Mittel, die ihnen dabei zur Verf\u00fcgung stehen, sind gr\u00f6\u00dfer, als wir angenommen haben.&#8220;<\/p>\n<p>Richtig, w\u00e4re die heutige russische Armee tats\u00e4chlich in dem Zustand, wie die\u00a0<em>SZ<\/em>\u00a0ihn beschreibt, schlecht organisiert und mit v\u00f6llig veralteten Waffen ausger\u00fcstet, dann w\u00e4re die ukrainische Offensive weitaus erfolgreicher. Aber es gibt eben alte, tief sitzende Mythen, die sogar das Wissen um Fakten \u00fcberwinden. Auch hier gibt es ein Beispiel aus den Monologen im F\u00fchrerbunker vom 5.\/6. Januar 1942:<\/p>\n<blockquote><p><em>&#8222;Drei, vier Tage vorher [vor dem \u00dcberfall auf die Sowjetunion] habe ich noch eine Unterredung mit dem Reichsmarschall gehabt: G\u00f6ring, es wird der schwerste Kampf, den wir je gehabt haben! G\u00f6ring sagte, wieso, mein F\u00fchrer?<\/em><\/p>\n<p><em>Etwas hat mich noch best\u00e4rkt. Eine deutsche Kommission war zur\u00fcckgekommen und hat berichtet, ein Werk fabriziere so viel an Panzern, als wir \u00fcberhaupt aufbringen. Da habe ich mir gesagt, jetzt ist es h\u00f6chste Zeit! Aber h\u00e4tte mir einer erkl\u00e4rt, die haben zehntausend Panzer, ich h\u00e4tte geantwortet: Sind Sie wahnsinnig?<\/em><\/p>\n<p><em>Erfindungen hat der Russe nicht gehabt. Was er hat, hat er alles von anderen. S\u00e4mtliche Ingenieure und Werkzeugmaschinen hat er aus dem Ausland.&#8220;<\/em><\/p><\/blockquote>\n<p>Dieser Aberglaube hat sich trotz Sputnik bis heute gehalten. Und auch die Konsequenz, die wider besseres Wissen daraus gezogen wird:<\/p>\n<blockquote><p><em>&#8222;Waffentechnisch werden wir den anderen immer \u00fcberlegen sein.&#8220;<\/em><\/p><\/blockquote>\n<p>Diese Zitate geben nat\u00fcrlich nicht das wieder, was damals der Bev\u00f6lkerung gegen\u00fcber erkl\u00e4rt wurde. Die Zweifel und die gelegentlich aufbrechende Erkenntnis, dass man die Lage grunds\u00e4tzlich falsch eingesch\u00e4tzt hat, blieben auf enge Kreise begrenzt. So Goebbels in seinem Eintrag vom 19.08.1941:<\/p>\n<blockquote><p><em>&#8222;Der F\u00fchrer ist innerlich \u00fcber sich sehr ungehalten, dass er sich durch die Berichte aus der Sowjetunion so \u00fcber das Potenzial der Bolschewiken hat t\u00e4uschen lassen. Vor allem seine Untersch\u00e4tzung der feindlichen Panzer- und Luftwaffe hat uns in unseren milit\u00e4rischen Operationen au\u00dferordentlich viel zu schaffen gemacht.&#8220;<\/em><\/p><\/blockquote>\n<p>Propagandistisch war das ein schwieriges Problem f\u00fcr Goebbels, der schlie\u00dflich daf\u00fcr verantwortlich war, dass die Deutschen bei der Stange blieben. Sein Eintrag vom 20.09.41 k\u00f6nnte sich \u00e4hnlich in einem aktuellen Tagebuch von NATO-Propagandisten finden.<\/p>\n<blockquote><p><em>&#8222;Man kann daraus unschwer entnehmen, dass die Labilit\u00e4t in der psychologischen Haltung des deutschen Volkes w\u00e4hrend des Ostfeldzugs zum gro\u00dfen Teil auf die optimistischen, um nicht zu sagen illusionistischen Darstellungen der Lage im OKW-Bericht zur\u00fcckzuf\u00fchren war.<\/em><\/p>\n<p><em>Allerdings ist das auch zum gro\u00dfen Teil darauf zur\u00fcckzuf\u00fchren, dass wir eben das bolschewistische Potenzial ganz falsch eingesch\u00e4tzt haben und aus dieser falschen Einsch\u00e4tzung heraus auch unsere falschen Schl\u00fcsse ziehen mussten.&#8220;<\/em><\/p><\/blockquote>\n<p>Falsche Einsch\u00e4tzungen finden sich heute zuhauf; das ganze Sanktionsdebakel beruht darauf. Seitdem m\u00fcssen dem Publikum immer wieder ukrainische &#8222;Siege&#8220; pr\u00e4sentiert werden, um es bei Laune zu halten. Der ganze Wahnwitz der laufenden &#8222;Offensive&#8220; beruht darauf.<\/p>\n<p>Und selbstverst\u00e4ndlich ist die Vorstellung, ganz Russland gehorche nur einem Mann und dessen Fehlen w\u00fcrde zu einem sofortigen Zusammenbruch f\u00fchren, auch nicht neu, sondern nur recycelt:<\/p>\n<blockquote><p><em>&#8222;Wenn dem Stalin etwas passiert, bricht das asiatische Gro\u00dfreich zusammen. Genauso, wie es entstanden ist, wird es zerfallen.&#8220;<\/em><\/p><\/blockquote>\n<p>Das war Hitler am 28.08.1942. Man sieht, die Hoffnungen wie die Fantasien haben sich nicht ge\u00e4ndert. Die treibende Kraft dahinter ist die gigantische Beute, die ein zerfallendes Russland (ebenso wie zuvor eine zerfallende Sowjetunion) darstellen w\u00fcrde.<\/p>\n<blockquote><p><em>&#8222;Der russische Raum ist unser Indien, und wie die Engl\u00e4nder es mit einer Handvoll Menschen beherrschen, so werden wir diesen unseren Kolonialraum regieren.&#8220;<\/em><\/p><\/blockquote>\n<p>Das sagte Hitler im September 1941. \u00dcbrigens hatte er an diesem Tag auch etwas zu den Ukrainern zu sagen: &#8222;Den Ukrainern liefern wir Kopft\u00fccher, Glasketten als Schmuck und was sonst Kolonialv\u00f6lkern gef\u00e4llt.&#8220; Ein Zitat, das bei den aktuellen Hitler-Anh\u00e4ngern dort mit Sicherheit nicht sehr bekannt ist.<\/p>\n<p>Gegen Ende der Monologe findet sich eine Stelle vom 06.09.1942, die im Grunde alles zusammenfasst, was in den Zitaten zuvor zu sehen war: die Selbst\u00fcbersch\u00e4tzung, die Gier, die Bem\u00fchung, jede Erkenntnis, die der Verwirklichung der eigenen Pl\u00e4ne im Weg steht, zu verleugnen, selbst wenn sie sich gelegentlich Bahn bricht. Gespr\u00e4che der NATO in Vilnius k\u00f6nnten \u00e4hnlich klingen.<\/p>\n<blockquote><p><em>&#8222;Die Russen haben einen Fehler gemacht: Sie haben sich auf Stalingrad geworfen! Man kann einen Krieg immer nur gewinnen, wenn der andere mehr Fehler als man selbst macht!&#8220;<\/em><\/p><\/blockquote>\n<p>Nun, wie diese Geschichte endete, ist bekannt, mit einer Unterschrift in Karlshorst unter die bedingungslose Kapitulation. Man sollte annehmen, dass sich eine solche Haltung nicht wiederholt. Oder dass man zumindest innezuhalten imstande ist, sobald sich die eigenen Erwartungen als illusorisch erweisen. Aber nichts in der Spanne zwischen &#8222;Die russische Wirtschaft ist in Fetzen&#8220; (Ursula von der Leyen) und &#8222;die Ukraine muss siegen&#8220; deutet darauf hin, dass in dem Spannungsfeld zwischen Hybris und Gier die Vernunft eine bessere Chance hat als beim historischen Vorbild.<\/p>\n<p style=\"text-align: right;\"><em>Dagmar Henn ist Mitglied des Deutschen Freidenker-Verbandes<\/em><\/p>\n<hr \/>\n<p><span style=\"font-size: 10pt;\">Bild oben: Ergebnis einer Google-Bildersuche zum Stichwort &#8222;Russland verliert&#8220; am 15.07.2023<\/span><br \/>\n<span style=\"font-size: 10pt;\">Screenshot von Ralf Lux<\/span><\/p>\n","protected":false},"excerpt":{"rendered":"<p><b>Beitrag von Dagmar Henn<\/b><br \/>\nDie westlichen L\u00e4nder haben sich gewaltig versch\u00e4tzt, das d\u00fcrfte inzwischen un\u00fcbersehbar sein. Nicht nur mit den Sanktionen, mindestens ebenso sehr mit ihren milit\u00e4rischen Erwartungen. Auch wenn die deutsche Presse nach wie vor von den westlichen Waffen schreibt, die denen Russlands so weit \u00fcberlegen seien, die Wirklichkeit zeichnet ein anderes Bild. Obgleich alle politischen Akteure den Eindruck erwecken, wirklich an diese Fantasien zu glauben. Das ist nichts Neues; im Gegenteil, die meisten Teile der heutigen Erz\u00e4hlung lassen sich genau so historisch wiederfinden. Das betrifft die milit\u00e4rische Technik ebenso wie die Sicht auf die russische Armee und Bev\u00f6lkerung wie die Erwartung, der ganze Staat k\u00f6nne leicht kollabieren (ein Lied, das erst vor wenigen Tagen wieder einmal vielstimmig gesungen wurde).<\/p>\n","protected":false},"author":3,"featured_media":16621,"comment_status":"closed","ping_status":"closed","sticky":false,"template":"","format":"standard","meta":{"colormag_page_container_layout":"default_layout","colormag_page_sidebar_layout":"default_layout","advanced_seo_description":"","jetpack_seo_html_title":"","jetpack_seo_noindex":false,"jetpack_post_was_ever_published":false,"footnotes":""},"categories":[12],"tags":[648,1848,1493,964,223,222,1168,639],"class_list":["post-16619","post","type-post","status-publish","format-standard","has-post-thumbnail","hentry","category-demokratie-medien-aufklaerung","tag-2-weltkrieg","tag-goebbels","tag-hitler","tag-medienhetze","tag-putin","tag-russland","tag-russophobie","tag-ukraine-konflikt"],"jetpack_featured_media_url":"https:\/\/i0.wp.com\/www.freidenker.org\/fw17\/wp-content\/uploads\/2023\/07\/russland_verliert_800x450.jpg?fit=800%2C450&ssl=1","jetpack_shortlink":"https:\/\/wp.me\/p9stpK-4k3","jetpack-related-posts":[{"id":20409,"url":"https:\/\/www.freidenker.org\/?p=20409","url_meta":{"origin":16619,"position":0},"title":"Medien bereiten den Weg zum Krieg","author":"Webredaktion","date":"24. November 2024","format":false,"excerpt":"Beitrag von Thomas R\u00f6per Pr\u00e4sident Putin hat am Donnerstag in einer Rede angek\u00fcndigt, Russland sehe sich nach den Angriffen mit westlichen Waffen auf sein Gebiet berechtigt, Ziele in den L\u00e4ndern anzugreifen, die zu diesen Angriffen die Erlaubnis gegeben haben. Die deutschen Medien verschweigen das komplett. Ich bin von den deutschen\u2026","rel":"","context":"In &quot;Demokratie \u2013 Medien \u2013 Aufkl\u00e4rung&quot;","block_context":{"text":"Demokratie \u2013 Medien \u2013 Aufkl\u00e4rung","link":"https:\/\/www.freidenker.org\/?cat=12"},"img":{"alt_text":"","src":"https:\/\/i0.wp.com\/www.freidenker.org\/fw17\/wp-content\/uploads\/2024\/11\/Virtual_Studio_of_Tagesschau_800x450.jpg?fit=800%2C450&ssl=1&resize=350%2C200","width":350,"height":200,"srcset":"https:\/\/i0.wp.com\/www.freidenker.org\/fw17\/wp-content\/uploads\/2024\/11\/Virtual_Studio_of_Tagesschau_800x450.jpg?fit=800%2C450&ssl=1&resize=350%2C200 1x, https:\/\/i0.wp.com\/www.freidenker.org\/fw17\/wp-content\/uploads\/2024\/11\/Virtual_Studio_of_Tagesschau_800x450.jpg?fit=800%2C450&ssl=1&resize=525%2C300 1.5x, https:\/\/i0.wp.com\/www.freidenker.org\/fw17\/wp-content\/uploads\/2024\/11\/Virtual_Studio_of_Tagesschau_800x450.jpg?fit=800%2C450&ssl=1&resize=700%2C400 2x"},"classes":[]},{"id":14148,"url":"https:\/\/www.freidenker.org\/?p=14148","url_meta":{"origin":16619,"position":1},"title":"Vom Westen gibt es Informationen, von Russland Propaganda?","author":"Webredaktion","date":"5. September 2022","format":false,"excerpt":"Beitrag von Gert Ewen Ungar Nicht erst seit dem 24. Februar 2022, sondern schon seit Jahren tobt ein Informationskrieg. Es sind dabei die westlichen Medien, die ihr Narrativ, die westliche Sicht auf die Dinge in den Status einer allgemein verbindlichen Wahrheit heben wollen. Unhinterfragt dabei ist: Wir sind der Westen,\u2026","rel":"","context":"In &quot;Demokratie \u2013 Medien \u2013 Aufkl\u00e4rung&quot;","block_context":{"text":"Demokratie \u2013 Medien \u2013 Aufkl\u00e4rung","link":"https:\/\/www.freidenker.org\/?cat=12"},"img":{"alt_text":"","src":"https:\/\/i0.wp.com\/www.freidenker.org\/fw17\/wp-content\/uploads\/2022\/09\/mascha_631051e148fbef67e910f629_800x450.jpg?fit=800%2C450&ssl=1&resize=350%2C200","width":350,"height":200,"srcset":"https:\/\/i0.wp.com\/www.freidenker.org\/fw17\/wp-content\/uploads\/2022\/09\/mascha_631051e148fbef67e910f629_800x450.jpg?fit=800%2C450&ssl=1&resize=350%2C200 1x, https:\/\/i0.wp.com\/www.freidenker.org\/fw17\/wp-content\/uploads\/2022\/09\/mascha_631051e148fbef67e910f629_800x450.jpg?fit=800%2C450&ssl=1&resize=525%2C300 1.5x, https:\/\/i0.wp.com\/www.freidenker.org\/fw17\/wp-content\/uploads\/2022\/09\/mascha_631051e148fbef67e910f629_800x450.jpg?fit=800%2C450&ssl=1&resize=700%2C400 2x"},"classes":[]},{"id":22062,"url":"https:\/\/www.freidenker.org\/?p=22062","url_meta":{"origin":16619,"position":2},"title":"Operation Spiderweb \u2013 Brillanter taktischer Erfolg oder Selenskijs Pyrrhus-Sieg?","author":"Webredaktion","date":"5. Juni 2025","format":false,"excerpt":"Beitrag von Rainer Rupp Wenn man erst einmal von den \u00fcblichen \u00dcbertreibungen Selenskijs und deren Widerhall in den westlichen Medien absieht und sich auf eine von Wunschdenken freie, also realit\u00e4tsbezogene Bewertung des Krieges in der Ukraine bezieht, hat der taktisch beeindruckende Drohnenangriff der Ukraine nichts an der strategischen Entwicklung des\u2026","rel":"","context":"In &quot;Demokratie \u2013 Medien \u2013 Aufkl\u00e4rung&quot;","block_context":{"text":"Demokratie \u2013 Medien \u2013 Aufkl\u00e4rung","link":"https:\/\/www.freidenker.org\/?cat=12"},"img":{"alt_text":"","src":"https:\/\/i0.wp.com\/www.freidenker.org\/fw17\/wp-content\/uploads\/2025\/06\/Drohnen_Spinnennetz_800x450.jpg?fit=800%2C450&ssl=1&resize=350%2C200","width":350,"height":200,"srcset":"https:\/\/i0.wp.com\/www.freidenker.org\/fw17\/wp-content\/uploads\/2025\/06\/Drohnen_Spinnennetz_800x450.jpg?fit=800%2C450&ssl=1&resize=350%2C200 1x, https:\/\/i0.wp.com\/www.freidenker.org\/fw17\/wp-content\/uploads\/2025\/06\/Drohnen_Spinnennetz_800x450.jpg?fit=800%2C450&ssl=1&resize=525%2C300 1.5x, https:\/\/i0.wp.com\/www.freidenker.org\/fw17\/wp-content\/uploads\/2025\/06\/Drohnen_Spinnennetz_800x450.jpg?fit=800%2C450&ssl=1&resize=700%2C400 2x"},"classes":[]},{"id":14012,"url":"https:\/\/www.freidenker.org\/?p=14012","url_meta":{"origin":16619,"position":3},"title":"NATO-Raketen auf AKW?","author":"Webredaktion","date":"23. August 2022","format":false,"excerpt":"Beitrag von Joachim Guilliard Der Bericht von Amnesty International (AI) \u00fcber die Taktik der ukrainischen Streitkr\u00e4fte, die Anwohner umk\u00e4mpfter Stadtviertel als menschliche Schutzschilde zu missbrauchen, sorgte im Westen f\u00fcr hysterische Abwehrreaktionen. Er stellt die Menschenrechtsorganisation offenbar auch selbst vor eine Zerrei\u00dfprobe. Dabei sind die Vorw\u00fcrfe alles andere als neu, wie\u2026","rel":"","context":"In &quot;Frieden - Antifaschismus - Solidarit\u00e4t&quot;","block_context":{"text":"Frieden - Antifaschismus - Solidarit\u00e4t","link":"https:\/\/www.freidenker.org\/?cat=13"},"img":{"alt_text":"","src":"https:\/\/i0.wp.com\/www.freidenker.org\/fw17\/wp-content\/uploads\/2022\/08\/nuclear-power-plant-4528746_800x450.jpg?fit=800%2C450&ssl=1&resize=350%2C200","width":350,"height":200,"srcset":"https:\/\/i0.wp.com\/www.freidenker.org\/fw17\/wp-content\/uploads\/2022\/08\/nuclear-power-plant-4528746_800x450.jpg?fit=800%2C450&ssl=1&resize=350%2C200 1x, https:\/\/i0.wp.com\/www.freidenker.org\/fw17\/wp-content\/uploads\/2022\/08\/nuclear-power-plant-4528746_800x450.jpg?fit=800%2C450&ssl=1&resize=525%2C300 1.5x, https:\/\/i0.wp.com\/www.freidenker.org\/fw17\/wp-content\/uploads\/2022\/08\/nuclear-power-plant-4528746_800x450.jpg?fit=800%2C450&ssl=1&resize=700%2C400 2x"},"classes":[]},{"id":22989,"url":"https:\/\/www.freidenker.org\/?p=22989","url_meta":{"origin":16619,"position":4},"title":"Bundesweite Demonstration am 03. Oktober: Nie wieder Krieg \u2013 die Waffen nieder","author":"Webredaktion","date":"28. September 2025","format":false,"excerpt":"Bundesweite Demonstration am 3. Oktober 2025 in Berlin und in Stuttgart Die Initiative \u201eNie wieder Krieg \u2013 die Waffen nieder!\u201c ruft f\u00fcr den 3. Oktober gemeinsam mit Friedensorganisationen zu einer bundesweiten Demonstration an zwei Orten in Berlin und Stuttgart auf. Aus dem Aufruf: Die Situation in Europa entwickelt sich gef\u00e4hrlich\u2026","rel":"","context":"In &quot;Frieden - Antifaschismus - Solidarit\u00e4t&quot;","block_context":{"text":"Frieden - Antifaschismus - Solidarit\u00e4t","link":"https:\/\/www.freidenker.org\/?cat=13"},"img":{"alt_text":"","src":"https:\/\/i0.wp.com\/www.freidenker.org\/fw17\/wp-content\/uploads\/2025\/09\/Plakat03-oktober_auszug_800x450.jpg?fit=800%2C450&ssl=1&resize=350%2C200","width":350,"height":200,"srcset":"https:\/\/i0.wp.com\/www.freidenker.org\/fw17\/wp-content\/uploads\/2025\/09\/Plakat03-oktober_auszug_800x450.jpg?fit=800%2C450&ssl=1&resize=350%2C200 1x, https:\/\/i0.wp.com\/www.freidenker.org\/fw17\/wp-content\/uploads\/2025\/09\/Plakat03-oktober_auszug_800x450.jpg?fit=800%2C450&ssl=1&resize=525%2C300 1.5x, https:\/\/i0.wp.com\/www.freidenker.org\/fw17\/wp-content\/uploads\/2025\/09\/Plakat03-oktober_auszug_800x450.jpg?fit=800%2C450&ssl=1&resize=700%2C400 2x"},"classes":[]},{"id":16925,"url":"https:\/\/www.freidenker.org\/?p=16925","url_meta":{"origin":16619,"position":5},"title":"Der Spiegel und seine Desinformation \u00fcber das Getreideabkommen","author":"Webredaktion","date":"13. September 2023","format":false,"excerpt":"Kommentar von Thomas R\u00f6per Der t\u00fcrkische Pr\u00e4sident Erdogan hat seinen russischen Amtskollegen Putin besucht und eines der Hauptanliegen von Erdogan ist die Wiederinkraftsetzung des Getreideabkommens. F\u00fcr deutsche Medien ist das wieder einmal ein Grund f\u00fcr Desinformation. Vorweg sei gesagt, dass journalistische Arbeit manchmal erm\u00fcdend ist, weil man \u00fcber manche Themen\u2026","rel":"","context":"In &quot;Demokratie \u2013 Medien \u2013 Aufkl\u00e4rung&quot;","block_context":{"text":"Demokratie \u2013 Medien \u2013 Aufkl\u00e4rung","link":"https:\/\/www.freidenker.org\/?cat=12"},"img":{"alt_text":"","src":"https:\/\/i0.wp.com\/www.freidenker.org\/fw17\/wp-content\/uploads\/2023\/09\/der-spiegel-6866071_800x450.jpg?fit=800%2C450&ssl=1&resize=350%2C200","width":350,"height":200,"srcset":"https:\/\/i0.wp.com\/www.freidenker.org\/fw17\/wp-content\/uploads\/2023\/09\/der-spiegel-6866071_800x450.jpg?fit=800%2C450&ssl=1&resize=350%2C200 1x, https:\/\/i0.wp.com\/www.freidenker.org\/fw17\/wp-content\/uploads\/2023\/09\/der-spiegel-6866071_800x450.jpg?fit=800%2C450&ssl=1&resize=525%2C300 1.5x, https:\/\/i0.wp.com\/www.freidenker.org\/fw17\/wp-content\/uploads\/2023\/09\/der-spiegel-6866071_800x450.jpg?fit=800%2C450&ssl=1&resize=700%2C400 2x"},"classes":[]}],"_links":{"self":[{"href":"https:\/\/www.freidenker.org\/index.php?rest_route=\/wp\/v2\/posts\/16619","targetHints":{"allow":["GET"]}}],"collection":[{"href":"https:\/\/www.freidenker.org\/index.php?rest_route=\/wp\/v2\/posts"}],"about":[{"href":"https:\/\/www.freidenker.org\/index.php?rest_route=\/wp\/v2\/types\/post"}],"author":[{"embeddable":true,"href":"https:\/\/www.freidenker.org\/index.php?rest_route=\/wp\/v2\/users\/3"}],"replies":[{"embeddable":true,"href":"https:\/\/www.freidenker.org\/index.php?rest_route=%2Fwp%2Fv2%2Fcomments&post=16619"}],"version-history":[{"count":0,"href":"https:\/\/www.freidenker.org\/index.php?rest_route=\/wp\/v2\/posts\/16619\/revisions"}],"wp:featuredmedia":[{"embeddable":true,"href":"https:\/\/www.freidenker.org\/index.php?rest_route=\/wp\/v2\/media\/16621"}],"wp:attachment":[{"href":"https:\/\/www.freidenker.org\/index.php?rest_route=%2Fwp%2Fv2%2Fmedia&parent=16619"}],"wp:term":[{"taxonomy":"category","embeddable":true,"href":"https:\/\/www.freidenker.org\/index.php?rest_route=%2Fwp%2Fv2%2Fcategories&post=16619"},{"taxonomy":"post_tag","embeddable":true,"href":"https:\/\/www.freidenker.org\/index.php?rest_route=%2Fwp%2Fv2%2Ftags&post=16619"}],"curies":[{"name":"wp","href":"https:\/\/api.w.org\/{rel}","templated":true}]}}