{"id":16602,"date":"2023-07-15T13:16:09","date_gmt":"2023-07-15T11:16:09","guid":{"rendered":"https:\/\/www.freidenker.org\/?p=16602"},"modified":"2023-09-02T11:02:21","modified_gmt":"2023-09-02T09:02:21","slug":"vor-80-jahren-fand-die-groesste-panzerschlacht-der-geschichte-am-kursker-bogen-statt","status":"publish","type":"post","link":"https:\/\/www.freidenker.org\/?p=16602","title":{"rendered":"Vor 80 Jahren fand die gr\u00f6\u00dfte Panzerschlacht der Geschichte am Kursker Bogen statt"},"content":{"rendered":"<p>Vor 80 Jahren fand die gr\u00f6\u00dfte Panzerschlacht der Geschichte am Kursker Bogen statt; die Offensive wurde nach tagelangen heftigsten K\u00e4mpfen von der sowjetischen Armee zur\u00fcckgeschlagen. Wolfgang Bittner hat sich in seinem Roman \u201e<i>Die Heimat, der Krieg und der Goldene Westen<\/i>\u201c (2019) eingehender damit befasst. Er geht dabei nicht nur auf die Fakten, sondern auch auf die Atmosph\u00e4re in der damaligen Zivilbev\u00f6lkerung ein.<\/p>\n<p style=\"text-align: right;\"><em>Webredaktion<\/em><\/p>\n<hr \/>\n<h4><strong>Auszug aus dem Roman \u201eDie Heimat, der Krieg und der Goldene Westen\u201c<\/strong><\/h4>\n<p><em>von <strong>Wolfgang Bittner<\/strong><\/em><\/p>\n<p>Im Radio wird \u00fcber das Unternehmen Zitadelle berichtet. Es ist Sommer, ein sch\u00f6ner sonniger Tag im Juli, und an der Ostfront beginnt mit einem Angriff auf Kursk eine Gro\u00dfoffensive der deutschen Wehrmacht. Hitler will jetzt mit einem Schlag die sowjetischen Armeen des sich \u00fcber 200 Kilometer erstreckenden \u00f6stlichen Frontbogens vernichten. Der Volksempf\u00e4nger meldet, dass 625\u00a0000 Soldaten, darunter Truppen der Waffen-SS-Division \u201eDas Reich\u201c mit 2700 Panzern, Artillerie und 1300 Kampfflugzeugen auf die russischen Stellungen vorsto\u00dfen.<\/p>\n<p>Aus dem \u00c4ther schallt der Tagesbefehl des Kommandeurs der 7.\u00a0Infanterie-Division, Generalleutnant Fritz-Georg von Rappard: \u201eSoldaten! Die Stunde des Angriffs ist gekommen. Ich wei\u00df, dass jeder von euch seine Pflicht bis zum Letzten erf\u00fcllen wird. Ihr werdet an die siegreichen Fahnen der Division, die in Polen, Frankreich und bis vor die Tore Moskaus den Feind vor sich hergejagt und die auch in zwei Jahren der Verteidigung auf russischer Erde allen Angriffen standgehalten hat, neuen Ruhm heften. Unsere Gefallenen schauen auf euch herab. Unser Gru\u00df und unsere Hingabe gilt Deutschland und seinem geliebten F\u00fchrer.\u201c<\/p>\n<p>Die Gro\u00dfmutter sitzt am K\u00fcchentisch und sch\u00e4lt Kartoffeln. \u201eMein Gott\u201c, sagt sie best\u00fcrzt. \u201eIst nicht der Albert von den Pissarskis in dieser SS-Division?\u201c Sie h\u00e4lt einen Moment inne. \u201eWie soll das nur weitergehen?\u201c Mariya, die an der Anrichte Gem\u00fcse putzt, bekreuzigt sich. Ihr Freund, der Marcin, ist in der 7.\u00a0Infanterie-Division. Sie faltet die H\u00e4nde und schickt ein Sto\u00dfgebet zum Himmel: \u201eHeilige Maria, voll der Gnade, der Herr ist mit dir, du bist gebenedeit unter den Weibern, und gebenedeit ist die Frucht deines Leibes, Jesus. Heilige Maria, Mutter Gottes, bitte f\u00fcr uns S\u00fcnder jetzt und in der Stunde unseres Todes.\u201c<\/p>\n<p>(\u2026)<\/p>\n<p>Am 17.\u00a0Juli meldet das Oberkommando der Wehrmacht, dass der Kommandeur der 6.\u00a0Panzer-Division, Generalmajor Walther von H\u00fcnersdorff, Tr\u00e4ger des Deutschen Kreuzes in Gold und des Ritterkreuzes, im Verlauf der Panzerschlacht von Kursk schwer verwundet wurde und f\u00fcr F\u00fchrer, Volk und Vaterland gefallen ist. Es war den deutschen Truppen nicht gelungen, auch nur ansatzweise die starken Befestigungen der Sowjets zu durchbrechen. Hitler gab pers\u00f6nlich den R\u00fcckzugsbefehl; ihm blieb nichts anders \u00fcbrig, wollte er nicht die gesamte bei Kursk eingesetzte Streitmacht verlieren. Im Ersten Weltkrieg hatte es noch gehei\u00dfen: \u2026 f\u00fcr Kaiser, Volk und Vaterland.<\/p>\n<p>Auf deutscher Seite etwa 50\u00a0000 Tote und Verletzte, 350 abgeschossene Panzer, zahlreiche zerst\u00f6rte Gesch\u00fctze und Flugzeuge. Die Rote Armee verlor etwa 250\u00a0000 Soldaten, 2600 Panzer, 4000 Artilleriegesch\u00fctze, zahlreiche Flugzeuge. Die Angriffspl\u00e4ne waren der sowjetischen F\u00fchrung schon lange vor Beginn der Offensive bekannt gewesen, die Front bei Kursk zu einer gewaltigen Feldbefestigung bis zu hundert Kilometer ins Hinterland ausgebaut worden. Ein Schlag ins Wasser, ein Mordunternehmen, von vornherein chancenlos. Der vor Kursk verwundete Freund von Mariya berichtet sp\u00e4ter mit zitternder Stimme von einem Inferno ohnegleichen und dass er geglaubt habe, der Weltuntergang sei gekommen.<\/p>\n<p>(,,,)<\/p>\n<p>In Gleiwitz ist der Krieg noch weit weg, aber er r\u00fcckt immer n\u00e4her. Mit der Vernichtung der 6.\u00a0Armee in Stalingrad beginnt der Vormarsch der Roten Armee auf die Grenzen des Deutschen Reichs. Aber der Volksempf\u00e4nger k\u00fcndet nach wie vor von der Einsatzbereitschaft und dem Mut des deutschen Soldaten und von den Erfolgen der Wehrmacht. Fliegerass Hans-Ulrich Rudel schoss mit seiner Ju\u00a087\u00a0G, die mit zwei 3,7-Zentimeter-Panzerabwehrkanonen ausger\u00fcstet war, an einem Tag zehn russische Panzer vom Typ T-34 ab und erh\u00e4lt h\u00f6chste Auszeichnungen: Frontflugspange in Gold mit Brillanten, Deutsches Kreuz in Gold, Eisernes Kreuz\u00a02. und 1.\u00a0Klasse, Ritterkreuz des Eisernen Kreuzes.<\/p>\n<p>Marcin, der Freund von Mariya, sitzt in der K\u00fcche am Tisch und isst einen Teller der guten Gulaschsuppe, den ihm die Gro\u00dfmutter hingestellt hat. Der junge Mann, stoppelhaarig, hager und mit einem alten Gesicht, macht einen depressiven Eindruck. Mit achtzehn hatte er sich freiwillig gemeldet, war zur Infanterie gekommen. Die Mutter, Polin aus Tschenstochau, und der Vater, ein Gleiwitzer Bergmann, waren strikt dagegen gewesen, aber Marcin w\u00e4re sowieso eingezogen worden. Besser als die Plackerei als Hilfsarbeiter im Stra\u00dfenbau, hatte er gedacht, mal rauskommen aus dem Dreck, was Neues sehen, Abenteuer erleben. Und was hat er erlebt? Den nackten Horror, sagt er. Und wo war er gelandet? Im Dreck, sagt er. Die unbesiegbare deutsche Armee ist im russischen Dreck steckengeblieben, sagt er, wie schon Napoleon. Er ist nicht ungebildet.<\/p>\n<p>\u201ePst, nicht so laut\u201c, bremst ihn Mariya. Sie schaut die Gro\u00dfmutter an, zu der sie Vertrauen hat. Die Gro\u00dfmutter nickt Marcin zu, sie versteht ihn. Die Schlacht bei Kursk hat er mit einem Streifschuss am Kopf \u00fcberstanden, inzwischen sind die Haare nachgewachsen und es ist kaum noch etwas davon zu sehen. \u201eNoch mal dem Tod von der Schippe gesprungen\u201c, sagt er und tut so, als sei nicht viel passiert. Er wurde zum Obergefreiten bef\u00f6rdert und hat f\u00fcr seinen Einsatz an der Front die Nahkampfspange und das Verwundetenabzeichen erhalten. Das bekommt man nicht umsonst, vor allem nicht die Nahkampfspange.<\/p>\n<p>Als ihn die Gro\u00dfmutter nach Einzelheiten fragt, bricht es aus ihm heraus: \u201eTausende Tote, es ist zum Verzweifeln, es ist entsetzlich. Fast alle meine Kameraden sind gefallen, und die jungen, die hinzukommen \u2013 es sind fast noch Kinder \u2013, sterben oft schon in der ersten Woche. Die Russen greifen st\u00e4ndig an, wir ziehen uns immer weiter zur\u00fcck. Jetzt kommt der Winter und wir haben nicht einmal geeignete Klamotten.\u201c Er fl\u00fcstert: \u201eIhr k\u00f6nnt euch das nicht vorstellen, am liebsten w\u00fcrde ich weglaufen.\u201c Aber in drei Tagen muss er zur\u00fcck an die Front, um in diesem Krieg, der ihn seine physische und psychische Gesundheit kostet und den er f\u00fcr verloren h\u00e4lt, weiterzuk\u00e4mpfen.<\/p>\n<p>\u201eHoffentlich desertiert der Marcin nicht\u201c, sagt der Gro\u00dfvater beim Abendessen. \u201eWer desertiert, wird hingerichtet.\u201c (\u2026)<\/p>\n<p style=\"text-align: right;\"><em>(Aus: Wolfgang Bittner, <a href=\"https:\/\/www.zeitgeist-online.de\/2013-11-30-00-57-32\/1074-wolfgang-bittner-die-heimat-der-krieg-und-der-goldene-westen.html\" target=\"_blank\" rel=\"noopener\">\u201eDie Heimat, der Krieg und der Goldene Westen\u201c<\/a>, Roman, Verlag zeitgeist 2019)<\/em><\/p>\n<p style=\"text-align: right;\"><em>Dr. Wolfgang Bittner, Jahrgang 1941, lebt als freier Schriftsteller in G\u00f6ttingen und ist Mitglied des Deutschen Freidenker-Verbandes<\/em><\/p>\n<hr \/>\n<p><img data-recalc-dims=\"1\" loading=\"lazy\" decoding=\"async\" data-attachment-id=\"13977\" data-permalink=\"https:\/\/www.freidenker.org\/?attachment_id=13977\" data-orig-file=\"https:\/\/i0.wp.com\/www.freidenker.org\/fw17\/wp-content\/uploads\/2022\/08\/External_Link_24px.jpg?fit=24%2C24&amp;ssl=1\" data-orig-size=\"24,24\" data-comments-opened=\"0\" data-image-meta=\"{&quot;aperture&quot;:&quot;0&quot;,&quot;credit&quot;:&quot;&quot;,&quot;camera&quot;:&quot;&quot;,&quot;caption&quot;:&quot;&quot;,&quot;created_timestamp&quot;:&quot;0&quot;,&quot;copyright&quot;:&quot;&quot;,&quot;focal_length&quot;:&quot;0&quot;,&quot;iso&quot;:&quot;0&quot;,&quot;shutter_speed&quot;:&quot;0&quot;,&quot;title&quot;:&quot;&quot;,&quot;orientation&quot;:&quot;1&quot;}\" data-image-title=\"External_Link_24px icon\" data-image-description=\"\" data-image-caption=\"\" data-large-file=\"https:\/\/i0.wp.com\/www.freidenker.org\/fw17\/wp-content\/uploads\/2022\/08\/External_Link_24px.jpg?fit=24%2C24&amp;ssl=1\" class=\"alignnone size-full wp-image-13977\" src=\"https:\/\/i0.wp.com\/www.freidenker.org\/fw17\/wp-content\/uploads\/2022\/08\/External_Link_24px.jpg?resize=24%2C24&#038;ssl=1\" alt=\"\" width=\"24\" height=\"24\" \/>\u00a0Das Buch ist u.a. bei <a href=\"https:\/\/www.weltbild.de\/artikel\/buch\/die-heimat-der-krieg-und-der-goldene-westen_25979827-1\" target=\"_blank\" rel=\"noopener\">weltbild.de<\/a> als gedrucktes Buch und bei <a href=\"https:\/\/www.amazon.de\/Die-Heimat-Krieg-Goldene-Westen-ebook\/dp\/B07V7JDJYT\/\" target=\"_blank\" rel=\"noopener\">amazon.de<\/a> als E-Book erh\u00e4ltlich.<\/p>\n<hr \/>\n<p><span style=\"font-size: 10pt;\">Bild oben: Collage von Ralf Lux unter Verwendung von<\/span><\/p>\n<p><span style=\"font-size: 10pt;\">Titelbild des Romans von Wolfgang Bittner<\/span><br \/>\n<span style=\"font-size: 10pt;\">\u00a9 <a href=\"https:\/\/www.zeitgeist-online.de\/\" target=\"_blank\" rel=\"noopener\">Verlag zeitgeist<\/a> <\/span><\/p>\n<p><span style=\"font-size: 10pt;\">Deutscher Tiger-Panzer in der Schlacht am Kursker Bogen<\/span><br \/>\n<span style=\"font-size: 10pt;\">Foto: Bundesarchiv, Bild 101III-Zschaeckel-207-12 \/ Zsch\u00e4ckel, Friedrich \/<a href=\"https:\/\/creativecommons.org\/licenses\/by-sa\/3.0\/de\/deed.en\" target=\"_blank\" rel=\"noopener\"> CC-BY-SA 3.0<\/a><\/span><br \/>\n<span style=\"font-size: 10pt;\">Quelle: <a href=\"https:\/\/commons.wikimedia.org\/w\/index.php?curid=5414022\" target=\"_blank\" rel=\"noopener\">https:\/\/commons.wikimedia.org\/w\/index.php?curid=5414022<\/a><\/span><\/p>\n","protected":false},"excerpt":{"rendered":"<p><b>Auszug aus dem Roman \u201eDie Heimat, der Krieg und der Goldene Westen\u201c von Wolfgang Bittner<\/b><br \/>\nIm Radio wird \u00fcber das Unternehmen Zitadelle berichtet. Es ist Sommer, ein sch\u00f6ner sonniger Tag im Juli, und an der Ostfront beginnt mit einem Angriff auf Kursk eine Gro\u00dfoffensive der deutschen Wehrmacht. Hitler will jetzt mit einem Schlag die sowjetischen Armeen des sich \u00fcber 200 Kilometer erstreckenden \u00f6stlichen Frontbogens vernichten. Der Volksempf\u00e4nger meldet, dass 625\u00a0000 Soldaten, darunter Truppen der Waffen-SS-Division \u201eDas Reich\u201c mit 2700 Panzern, Artillerie und 1300 Kampfflugzeugen auf die russischen Stellungen vorsto\u00dfen. Aus dem \u00c4ther schallt der Tagesbefehl des Kommandeurs der 7.\u00a0Infanterie-Division, Generalleutnant Fritz-Georg von Rappard: \u201eSoldaten! Die Stunde des Angriffs ist gekommen. Ich wei\u00df, dass jeder von euch seine Pflicht bis zum Letzten erf\u00fcllen wird. &#8230;<\/p>\n","protected":false},"author":3,"featured_media":16603,"comment_status":"closed","ping_status":"closed","sticky":false,"template":"","format":"standard","meta":{"colormag_page_container_layout":"default_layout","colormag_page_sidebar_layout":"default_layout","advanced_seo_description":"","jetpack_seo_html_title":"","jetpack_seo_noindex":false,"jetpack_post_was_ever_published":false,"footnotes":""},"categories":[13,913],"tags":[648,188,1817,431,222],"class_list":["post-16602","post","type-post","status-publish","format-standard","has-post-thumbnail","hentry","category-frieden-antifaschismus-solidaritaet","category-kultur-kunst","tag-2-weltkrieg","tag-krieg","tag-panzer","tag-rote-armee","tag-russland"],"jetpack_featured_media_url":"https:\/\/i0.wp.com\/www.freidenker.org\/fw17\/wp-content\/uploads\/2023\/07\/Bittner_Heimat_800x450.jpg?fit=800%2C450&ssl=1","jetpack_shortlink":"https:\/\/wp.me\/p9stpK-4jM","jetpack-related-posts":[{"id":23446,"url":"https:\/\/www.freidenker.org\/?p=23446","url_meta":{"origin":16602,"position":0},"title":"Podcast: Unter Freunden: Wolfgang Bittner \u2013 Warnung vor dem Krieg","author":"Webredaktion","date":"4. November 2025","format":false,"excerpt":"Bernhard Lassahn im Gespr\u00e4ch mit Wolfgang Bittner Von Wolfgang Bittner gibt es mehr als achtzig Ver\u00f6ffentlichungen in allen schriftstellerischen Spielarten. Zuletzt hat er mit \u201eGeopolitik im \u00dcberblick: Deutschland \u2013 USA \u2013 EU \u2013 Russland\u201c eine gro\u00dfe historische Einordnung vorgelegt und in seinem neuen erz\u00e4hlerischen Werk \u201eDie Heimat, der Krieg und\u2026","rel":"","context":"In &quot;Demokratie \u2013 Medien \u2013 Aufkl\u00e4rung&quot;","block_context":{"text":"Demokratie \u2013 Medien \u2013 Aufkl\u00e4rung","link":"https:\/\/www.freidenker.org\/?cat=12"},"img":{"alt_text":"","src":"https:\/\/i0.wp.com\/www.freidenker.org\/fw17\/wp-content\/uploads\/2025\/11\/Kontrafunk_Bittner_und_Lassahn_800x450.jpg?fit=800%2C450&ssl=1&resize=350%2C200","width":350,"height":200,"srcset":"https:\/\/i0.wp.com\/www.freidenker.org\/fw17\/wp-content\/uploads\/2025\/11\/Kontrafunk_Bittner_und_Lassahn_800x450.jpg?fit=800%2C450&ssl=1&resize=350%2C200 1x, https:\/\/i0.wp.com\/www.freidenker.org\/fw17\/wp-content\/uploads\/2025\/11\/Kontrafunk_Bittner_und_Lassahn_800x450.jpg?fit=800%2C450&ssl=1&resize=525%2C300 1.5x, https:\/\/i0.wp.com\/www.freidenker.org\/fw17\/wp-content\/uploads\/2025\/11\/Kontrafunk_Bittner_und_Lassahn_800x450.jpg?fit=800%2C450&ssl=1&resize=700%2C400 2x"},"classes":[]},{"id":12333,"url":"https:\/\/www.freidenker.org\/?p=12333","url_meta":{"origin":16602,"position":1},"title":"Krieg in der Ukraine, und alles ist in Aufruhr","author":"Webredaktion","date":"27. Februar 2022","format":false,"excerpt":"Ein Kommentar Wolfgang Bittner Jahrelang haben westliche Politiker und Medien die Opfer in der Ostukraine ignoriert. Dort herrschte seit acht Jahren Krieg, und f\u00fcr die st\u00e4ndigen Verletzungen des Minsker Abkommens wurden von Kiew die Separatisten in Donetzk und Luhansk verantwortlich gemacht. Jetzt ist durch die Anerkennung der beiden Volksrepubliken durch\u2026","rel":"","context":"In &quot;Frieden - Antifaschismus - Solidarit\u00e4t&quot;","block_context":{"text":"Frieden - Antifaschismus - Solidarit\u00e4t","link":"https:\/\/www.freidenker.org\/?cat=13"},"img":{"alt_text":"","src":"https:\/\/i0.wp.com\/www.freidenker.org\/fw17\/wp-content\/uploads\/2022\/02\/Ukraine-Krieg_Screenshots_800x450.jpg?fit=800%2C450&ssl=1&resize=350%2C200","width":350,"height":200,"srcset":"https:\/\/i0.wp.com\/www.freidenker.org\/fw17\/wp-content\/uploads\/2022\/02\/Ukraine-Krieg_Screenshots_800x450.jpg?fit=800%2C450&ssl=1&resize=350%2C200 1x, https:\/\/i0.wp.com\/www.freidenker.org\/fw17\/wp-content\/uploads\/2022\/02\/Ukraine-Krieg_Screenshots_800x450.jpg?fit=800%2C450&ssl=1&resize=525%2C300 1.5x, https:\/\/i0.wp.com\/www.freidenker.org\/fw17\/wp-content\/uploads\/2022\/02\/Ukraine-Krieg_Screenshots_800x450.jpg?fit=800%2C450&ssl=1&resize=700%2C400 2x"},"classes":[]},{"id":22969,"url":"https:\/\/www.freidenker.org\/?p=22969","url_meta":{"origin":16602,"position":2},"title":"Buchvorstellung Wolfgang Bittner: Geopolitik im \u00dcberblick","author":"Webredaktion","date":"27. September 2025","format":false,"excerpt":"Geopolitik im \u00dcberblick: Deutschland \u2013 USA \u2013 EU \u2013 Russland Vortrag und Buchvorstellung mit Wolfgang Bittner am 08.10.2025 in Berlin Deutschland soll \u00bbkriegst\u00fcchtig\u00ab werden, und die Berliner Regierung hat astronomische Ausgaben f\u00fcr die Aufr\u00fcstung bereitgestellt. Denn angeblich will Russland nach der Ukraine Westeuropa erobern, obwohl es daf\u00fcr keinerlei Belege gibt\u2026","rel":"","context":"In &quot;Demokratie \u2013 Medien \u2013 Aufkl\u00e4rung&quot;","block_context":{"text":"Demokratie \u2013 Medien \u2013 Aufkl\u00e4rung","link":"https:\/\/www.freidenker.org\/?cat=12"},"img":{"alt_text":"","src":"https:\/\/i0.wp.com\/www.freidenker.org\/fw17\/wp-content\/uploads\/2025\/09\/Bittner_Geopolitik_Lesung_800x450_v3.jpg?fit=800%2C450&ssl=1&resize=350%2C200","width":350,"height":200,"srcset":"https:\/\/i0.wp.com\/www.freidenker.org\/fw17\/wp-content\/uploads\/2025\/09\/Bittner_Geopolitik_Lesung_800x450_v3.jpg?fit=800%2C450&ssl=1&resize=350%2C200 1x, https:\/\/i0.wp.com\/www.freidenker.org\/fw17\/wp-content\/uploads\/2025\/09\/Bittner_Geopolitik_Lesung_800x450_v3.jpg?fit=800%2C450&ssl=1&resize=525%2C300 1.5x, https:\/\/i0.wp.com\/www.freidenker.org\/fw17\/wp-content\/uploads\/2025\/09\/Bittner_Geopolitik_Lesung_800x450_v3.jpg?fit=800%2C450&ssl=1&resize=700%2C400 2x"},"classes":[]},{"id":23377,"url":"https:\/\/www.freidenker.org\/?p=23377","url_meta":{"origin":16602,"position":3},"title":"Buchvorstellung Wolfgang Bittner: Geopolitik im \u00dcberblick","author":"Webredaktion","date":"31. Oktober 2025","format":false,"excerpt":"Geopolitik im \u00dcberblick: Deutschland \u2013 USA \u2013 EU \u2013 Russland Vortrag und Buchvorstellung mit Wolfgang Bittner am 15.11.2025 in Frankfurt am Main Deutschland soll \u00bbkriegst\u00fcchtig\u00ab werden, und die Berliner Regierung hat astronomische Ausgaben f\u00fcr die Aufr\u00fcstung bereitgestellt. Denn angeblich will Russland nach der Ukraine Westeuropa erobern, obwohl es daf\u00fcr keinerlei\u2026","rel":"","context":"In &quot;Demokratie \u2013 Medien \u2013 Aufkl\u00e4rung&quot;","block_context":{"text":"Demokratie \u2013 Medien \u2013 Aufkl\u00e4rung","link":"https:\/\/www.freidenker.org\/?cat=12"},"img":{"alt_text":"","src":"https:\/\/i0.wp.com\/www.freidenker.org\/fw17\/wp-content\/uploads\/2025\/09\/Bittner_Geopolitik_Lesung_800x450_v3.jpg?fit=800%2C450&ssl=1&resize=350%2C200","width":350,"height":200,"srcset":"https:\/\/i0.wp.com\/www.freidenker.org\/fw17\/wp-content\/uploads\/2025\/09\/Bittner_Geopolitik_Lesung_800x450_v3.jpg?fit=800%2C450&ssl=1&resize=350%2C200 1x, https:\/\/i0.wp.com\/www.freidenker.org\/fw17\/wp-content\/uploads\/2025\/09\/Bittner_Geopolitik_Lesung_800x450_v3.jpg?fit=800%2C450&ssl=1&resize=525%2C300 1.5x, https:\/\/i0.wp.com\/www.freidenker.org\/fw17\/wp-content\/uploads\/2025\/09\/Bittner_Geopolitik_Lesung_800x450_v3.jpg?fit=800%2C450&ssl=1&resize=700%2C400 2x"},"classes":[]},{"id":12311,"url":"https:\/\/www.freidenker.org\/?p=12311","url_meta":{"origin":16602,"position":4},"title":"WOLLT IHR DEN TOTALEN KRIEG ?!","author":"Webredaktion","date":"23. Februar 2022","format":false,"excerpt":"Ein Kommentar von Wolfgang Bittner Zum dritten Mal geht es gegen den Erzfeind im Osten. Seit Jahren wird nun schon gegen Russland gehetzt, die Fakten werden umgelogen, es wird gedroht, sanktioniert und diffamiert. Die westliche Allianz unter F\u00fchrung der USA hat Russland in der Person Wladimir Putins jahrelang abgewiesen und\u2026","rel":"","context":"In &quot;Frieden - Antifaschismus - Solidarit\u00e4t&quot;","block_context":{"text":"Frieden - Antifaschismus - Solidarit\u00e4t","link":"https:\/\/www.freidenker.org\/?cat=13"},"img":{"alt_text":"","src":"https:\/\/i0.wp.com\/www.freidenker.org\/fw17\/wp-content\/uploads\/2022\/02\/Ruins_of_Donetsk_International_airport_800x450.jpg?fit=800%2C450&ssl=1&resize=350%2C200","width":350,"height":200,"srcset":"https:\/\/i0.wp.com\/www.freidenker.org\/fw17\/wp-content\/uploads\/2022\/02\/Ruins_of_Donetsk_International_airport_800x450.jpg?fit=800%2C450&ssl=1&resize=350%2C200 1x, https:\/\/i0.wp.com\/www.freidenker.org\/fw17\/wp-content\/uploads\/2022\/02\/Ruins_of_Donetsk_International_airport_800x450.jpg?fit=800%2C450&ssl=1&resize=525%2C300 1.5x, https:\/\/i0.wp.com\/www.freidenker.org\/fw17\/wp-content\/uploads\/2022\/02\/Ruins_of_Donetsk_International_airport_800x450.jpg?fit=800%2C450&ssl=1&resize=700%2C400 2x"},"classes":[]},{"id":12356,"url":"https:\/\/www.freidenker.org\/?p=12356","url_meta":{"origin":16602,"position":5},"title":"Ein irrer Propagandafeldzug gegen Russland","author":"Webredaktion","date":"3. M\u00e4rz 2022","format":false,"excerpt":"Ein Kommentar von Wolfgang Bittner Putin sei ein M\u00f6rder, sagte Joe Biden im M\u00e4rz 2021, und Ronald Reagan hatte Russland 1983 kurzerhand zum ''Reich des B\u00f6sen'' erkl\u00e4rt. Damit lie\u00dfen sich alle Aggressionen und Sanktionen gegen ein europ\u00e4isches Land und dessen Pr\u00e4sidenten, der sich den Machtanspr\u00fcchen der USA widersetzte, vor den\u2026","rel":"","context":"In &quot;Demokratie \u2013 Medien \u2013 Aufkl\u00e4rung&quot;","block_context":{"text":"Demokratie \u2013 Medien \u2013 Aufkl\u00e4rung","link":"https:\/\/www.freidenker.org\/?cat=12"},"img":{"alt_text":"","src":"https:\/\/i0.wp.com\/www.freidenker.org\/fw17\/wp-content\/uploads\/2022\/03\/Collage_Screenshots_russland-hass_800x450-1.jpg?fit=800%2C445&ssl=1&resize=350%2C200","width":350,"height":200,"srcset":"https:\/\/i0.wp.com\/www.freidenker.org\/fw17\/wp-content\/uploads\/2022\/03\/Collage_Screenshots_russland-hass_800x450-1.jpg?fit=800%2C445&ssl=1&resize=350%2C200 1x, https:\/\/i0.wp.com\/www.freidenker.org\/fw17\/wp-content\/uploads\/2022\/03\/Collage_Screenshots_russland-hass_800x450-1.jpg?fit=800%2C445&ssl=1&resize=525%2C300 1.5x, https:\/\/i0.wp.com\/www.freidenker.org\/fw17\/wp-content\/uploads\/2022\/03\/Collage_Screenshots_russland-hass_800x450-1.jpg?fit=800%2C445&ssl=1&resize=700%2C400 2x"},"classes":[]}],"_links":{"self":[{"href":"https:\/\/www.freidenker.org\/index.php?rest_route=\/wp\/v2\/posts\/16602","targetHints":{"allow":["GET"]}}],"collection":[{"href":"https:\/\/www.freidenker.org\/index.php?rest_route=\/wp\/v2\/posts"}],"about":[{"href":"https:\/\/www.freidenker.org\/index.php?rest_route=\/wp\/v2\/types\/post"}],"author":[{"embeddable":true,"href":"https:\/\/www.freidenker.org\/index.php?rest_route=\/wp\/v2\/users\/3"}],"replies":[{"embeddable":true,"href":"https:\/\/www.freidenker.org\/index.php?rest_route=%2Fwp%2Fv2%2Fcomments&post=16602"}],"version-history":[{"count":0,"href":"https:\/\/www.freidenker.org\/index.php?rest_route=\/wp\/v2\/posts\/16602\/revisions"}],"wp:featuredmedia":[{"embeddable":true,"href":"https:\/\/www.freidenker.org\/index.php?rest_route=\/wp\/v2\/media\/16603"}],"wp:attachment":[{"href":"https:\/\/www.freidenker.org\/index.php?rest_route=%2Fwp%2Fv2%2Fmedia&parent=16602"}],"wp:term":[{"taxonomy":"category","embeddable":true,"href":"https:\/\/www.freidenker.org\/index.php?rest_route=%2Fwp%2Fv2%2Fcategories&post=16602"},{"taxonomy":"post_tag","embeddable":true,"href":"https:\/\/www.freidenker.org\/index.php?rest_route=%2Fwp%2Fv2%2Ftags&post=16602"}],"curies":[{"name":"wp","href":"https:\/\/api.w.org\/{rel}","templated":true}]}}