{"id":16562,"date":"2023-07-12T03:44:27","date_gmt":"2023-07-12T01:44:27","guid":{"rendered":"https:\/\/www.freidenker.org\/?p=16562"},"modified":"2026-03-25T22:28:54","modified_gmt":"2026-03-25T21:28:54","slug":"1848-wie-sieht-es-nach-175-jahren-aus","status":"publish","type":"post","link":"https:\/\/www.freidenker.org\/?p=16562","title":{"rendered":"1848: Wie sieht es nach 175 Jahren aus?"},"content":{"rendered":"<p>Aus:\u00a0\u201e<a href=\"https:\/\/www.freidenker.org\/?p=16376\">FREIDENKER\u201c Nr. 2-23<\/a>, Juni 2023, S. 24-28, 82. Jahrgang<\/p>\n<p><em>von <strong>Corinna Oesch<\/strong><\/em><\/p>\n<p><em>Von 16. bis 18. Mai 2023 fand in Frankfurt am Main ein Kongress zum Thema \u201eDie Modernit\u00e4t von 1848\u201c aus Anlass des 175-j\u00e4hrigen Jubil\u00e4ums der Revolutionen von 1848\/49 statt. Im Anschluss an einen geschichtswissenschaftlichen Beitrag zum Thema \u201eDas Geschlecht des Mediums. Petitionen um 1848\u201c habe ich am 17. Mai folgende Rede zum gegenw\u00e4rtigen, desastr\u00f6sen Zustand der Demokratie gehalten. Aufgrund der beschr\u00e4nkten Redezeit konnte ich die wesentlichen Punkte nur kurz anrei\u00dfen. An der Festveranstaltung \u201e175 Jahre Paulskirchenversammlung\u201c am 18. Mai in der Frankfurter Paulskirche mit Bundespr\u00e4sident Frank-Walter Steinmeier und Innen- und Heimatministerin Nancy Faeser, zu der die Referentinnen und Referenten des Kongresses ebenfalls eingeladen waren, habe ich aus Protest nicht teilgenommen. Die Paulskirche soll \u00fcbrigens ein \u201elebendiger Demokratieort von nationaler und internationaler Tragweite\u201c<\/em><a href=\"#_ftn1\" name=\"_ftnref1\"><em><sup><strong>[1]<\/strong><\/sup><\/em><\/a><em> werden\u2026<\/em><\/p>\n<p>Als Zeithistorikerin einige Worte zur \u201eModernit\u00e4t von 1848\u201c heute. Ich nehme dabei die unangenehme Rolle einer Kritikerin \u2013 einer \u201eNestbeschmutzerin\u201c \u2013 ein, da ich den gegenw\u00e4rtigen Zustand der Demokratie und der Grundrechte f\u00fcr sehr beklagenswert halte.<\/p>\n<p>2003 pr\u00e4gte der Politologe Sheldon S. Wolin, der viele Jahre an der Universit\u00e4t in Princeton politische Philosophie unterrichtete, den Begriff des umgekehrten Totalitarismus: Ein System, das vorgibt, das Gegenteil dessen zu sein, was es ist. Wir ignorieren in welchem Ausma\u00df antidemokratische Elemente inzwischen systeminh\u00e4rent geworden sind, so Wolin.<a href=\"#_ftn2\" name=\"_ftnref2\"><sup>[2]<\/sup><\/a> 2007 publizierte die feministische Autorin Naomi Wolf einen Artikel mit dem Titel \u201eFascist America, in 10 easy steps\u201c<a href=\"#_ftn3\" name=\"_ftnref3\"><sup>[3]<\/sup><\/a>. Sie skizziert darin jene Mechanismen, die eine Demokratie sehr rasch in eine faschistoide Herrschaftsform umwandeln und zeigt dies am Beispiel der USA im Gefolge des \u201eKrieges gegen den Terror\u201c auf. Diese Mechanismen sind, wie ich meine, im Hier und Jetzt wieder wirksam und der \u201eKrieg gegen den Terror\u201c war ein Vorbote f\u00fcr das, was wir gerade erleben. Zu Naomi Wolfs 10 Schritten:<\/p>\n<ol>\n<li>Erschaffe einen furchteinfl\u00f6\u00dfenden Feind im In- und Ausland: Auf die Kriegserkl\u00e4rung gegen den Terrorismus folgte 2020 jene gegen das Virus, wobei die \u201eUnperson\u201c des Virus als \u00e4u\u00dferes Feindbild und alle Personen, die das anders sahen, zum inneren Feind erkl\u00e4rt wurden.<\/li>\n<li>Errichte ein Gef\u00e4ngnissystem au\u00dferhalb der Rechtsstaatlichkeit: Wolf hatte damit Guantanamo im Auge. Vergleichbar damit sind Fl\u00fcchtlinge und Reisende, potentielle Virustr\u00e4ger in Quarant\u00e4nelagern, im Lockdown oder im Hausarrest. Ein Gef\u00e4ngnis au\u00dferhalb des Rechtssystems. Verkn\u00fcpft ist damit die Aussetzung der Bewegungsfreiheit, der Erwerbsfreiheit und der Versammlungsfreiheit.<\/li>\n<li>Bilde Schl\u00e4gertrupps, die straffrei randalieren d\u00fcrfen: Naomi Wolf zielte damit auf die \u00dcbertragung von Sicherheitsaufgaben auf S\u00f6ldner im Irak bzw. im Inland nach dem Hurrikan Katrina. In Europa erleben wir, dass heute eine gewaltsame Sprache und totalit\u00e4re Sprachhandlungen im Gegensatz zu fr\u00fcher h\u00e4ufig unwidersprochen bleiben, solange sich der Hass gegen Menschen richtet, die staatliche Narrative in Frage stellen. Zur Scheindemokratie passen allerdings Softpower-Methoden besser als rohe Gewaltformen.<\/li>\n<li>Richte ein internes \u00dcberwachungssystem ein. Wir wissen sp\u00e4testens seit Edward Snowden (2013) von der \u00dcberwachung der Kommunikation, die heute durch die zunehmende Digitalisierung in Richtung einer sozialen Total\u00fcberwachung geht: durch das EU-Projekt der digitalen Identit\u00e4t, Gesichtsscannung, die Einf\u00fchrung eines digitalen Zentralbankgeldes, den Gr\u00fcnen Pass, den geplanten digitalen EU-Impfpass, die 15-min-St\u00e4dte, Social Credit-Systeme, die One Health-Agenda und so weiter.<\/li>\n<li>Schikaniere B\u00fcrgerinitiativen. Demonstrationen wurden verboten, Demonstrierende schikaniert. Personen, die Petitionen verfassten bzw. unterschrieben, wurde gek\u00fcndigt.<a href=\"#_ftn4\" name=\"_ftnref4\"><sup>[4]<\/sup><\/a> Bei Petitionen wurde in den Text eingegriffen.<a href=\"#_ftn5\" name=\"_ftnref5\"><sup>[5]<\/sup><\/a><\/li>\n<li>Verhafte und entlasse willk\u00fcrlich: Insbesondere in Sachen Pandemie wurden Andersdenkende wie die \u00c4rzte Jean-Bernard Fourtillan (FR) und Thomas Binder (CH) verhaftet und psychiatriert, oder es wurde einer Kritikerin wie der \u00c4rztin Konstantina R\u00f6sch (\u00d6) die Aus\u00fcbung ihres Berufes untersagt.<a href=\"#_ftn6\" name=\"_ftnref6\"><sup>[6]<\/sup><\/a><\/li>\n<li>Nimm Schl\u00fcsselpersonen ins Visier: Wissenschaftler und Uni-Professorinnen wurden entlassen, andersdenkenden Journalisten in Deutschland wurden ihre Bankkonten gek\u00fcndigt, den protestierenden Lastwagenfahrern in Kanada wurden die Bankkonten eingefroren, ebenso 10 Millionen Dollar an Spendengeldern f\u00fcr sie.<a href=\"#_ftn7\" name=\"_ftnref7\"><sup>[7]<\/sup><\/a> Entlassungen missliebiger Personen gehen bis heute weiter.<a href=\"#_ftn8\" name=\"_ftnref8\"><sup>[8]<\/sup><\/a><\/li>\n<li>Kontrolliere die Presse: Sowohl die staatlichen Medien als auch die Konzernmedien berichten das, was Regierungen und Konzerne w\u00fcnschen. Neben der Selbstzensur gibt es nun im Zeichen des Krieges auch offizielle, durch die EU verordnete und auf nationalstaatlicher Ebene durchgesetzte Zensur. In \u00d6sterreich ist die Verbreitung von RT und Sputnik und das Anbieten der Inhalte auf allen Plattformen mit bis zu 50.000\u20ac unter Strafe gestellt.<a href=\"#_ftn9\" name=\"_ftnref9\"><sup>[9]<\/sup><\/a> Wer die Rede von der \u201esicheren Impfung\u201c in Frage stellt, wird auf Basis staatlicher Vorgaben f\u00fcr Social Media Plattformen zensuriert.<a href=\"#_ftn10\" name=\"_ftnref10\"><sup>[10]<\/sup><\/a><\/li>\n<li>Dissidenz ist Landesverrat: Regimekritiker stehen unter Beobachtung des Staatsschutzes. Eine neue Kategorie im Verfassungsschutzbericht in Deutschland lautet \u201eVerfassungsschutzrelevante Delegitimierung des Staates\u201c.<a href=\"#_ftn11\" name=\"_ftnref11\"><sup>[11]<\/sup><\/a> F\u00fcr die Verfolgung von Pazifisten und Kritikern des Corona-Regimes wird in Deutschland der im Oktober 2022 um einen Passus erweiterte Volksverhetzungsparagraf herangezogen.<a href=\"#_ftn12\" name=\"_ftnref12\"><sup>[12]<\/sup><\/a><\/li>\n<li>Schaffe den Rechtsstaat ab. Bereits 2007 wurde ein Gesetz erlassen, das den US-Pr\u00e4sidenten dazu erm\u00e4chtigte im Falle eines landesweiten Notstandes das Milit\u00e4r f\u00fcr innenpolitische Zwecke einzusetzen und das Kriegsrecht zu verh\u00e4ngen. In \u00d6sterreich ist ein \u00e4hnliches Gesetz geplant, das Krisensicherheitsgesetz, ebenfalls ein Erm\u00e4chtigungsgesetz f\u00fcr die Regierung.<a href=\"#_ftn13\" name=\"_ftnref13\"><sup>[13]<\/sup><\/a><\/li>\n<\/ol>\n<p>Eng damit verkn\u00fcpft ist der geplante WHO-Pandemievertrag. Die internationalen Gesundheitsvorschriften der WHO erm\u00f6glichen es autokratisch eine drohende Krise auszurufen und den Ausnahmezustand zu verh\u00e4ngen. Bezeichnenderweise waren es gerade Vertreter afrikanischer L\u00e4nder, die sich den Pl\u00e4nen zur \u00dcbergabe nationaler Souver\u00e4nit\u00e4t im Mai 2022 an die WHO widersetzten<sup>.<a href=\"#_ftn14\" name=\"_ftnref14\">[14]<\/a><\/sup><\/p>\n<p>Drei weitere Schritte zur Abschaffung der Demokratie hat Naomi Wolf 2007 noch nicht thematisiert. Das Zusammengehen von Konzern- und Regierungsmacht, Narrative, die mantraartig wiederholt und nicht infrage gestellt werden d\u00fcrfen, und \u2013 f\u00fchre globale Kriege: der Krieg gegen den Terror, der Krieg gegen das Virus werden global gef\u00fchrt \u2013 bald auch der eskalierende Krieg in Europa?<\/p>\n<p>Politik und Wirtschaft arbeiten im Eiltempo an der Umwandlung unserer Gesellschaft und Wirtschaft hin zum \u00dcberwachungsstaat und digitalen Kapitalismus. Digitalisierung bedeutet \u00dcberwachung, Kontrolle und Steuerung von oben: das ist unvereinbar mit Demokratie und der Wahrung unserer Grundrechte. Wie sieht es mit der Vertretung der Interessen der Bev\u00f6lkerung in den Parlamenten aus? Studien, etwa jene von Martin Gilens mit dem Titel \u201eAffluence and Influence\u201c, haben gezeigt, dass die Forderungen der Armen und der Mittelschicht im Gegensatz zu jenen der Wohlhabenden einfach ignoriert werden.<a href=\"#_ftn15\" name=\"_ftnref15\"><sup>[15]<\/sup><\/a> Was passiert im digitalen Kapitalismus? Ausbeutung \u00fcber Daten, die neuen Rohstoffe, die wir gratis abliefern.<a href=\"#_ftn16\" name=\"_ftnref16\"><sup>[16]<\/sup><\/a><\/p>\n<p>Die \u201eProduktionsmittel\u201c? In der Hand einiger weniger. Arbeit? Wird zunehmend von Robotern und KI erledigt. Was bedeutet das f\u00fcr den Gegensatz von Kapital und Arbeit? Es gilt mehr denn je: Reichtum regiert. Demokratie und konzentrierter Reichtum in den H\u00e4nden weniger ist unvereinbar.<\/p>\n<p>Der Prozess der Aufarbeitung der sogenannten Corona-Pandemie hat zwar begonnen, er kann jedoch nicht gelingen, wenn die Verantwortlichen weiter an der Macht bleiben und nicht vor Gericht zur Verantwortung gezogen werden. Insbesondere geh\u00f6rt der Einsatz der sogenannten mRNA-Impfungen untersucht. Naomi Wolf ist Sprecherin einer Gruppe von 3500 Expertinnen und Experten, die die Pfizer-Files unentgeltlich aufarbeiten.<\/p>\n<p>Die 2022 von einem texanischen Gericht zur Herausgabe geklagten Zulassungsdokumente von Pfizer h\u00e4tten 75 Jahre unter Verschluss bleiben sollen.<a href=\"#_ftn17\" name=\"_ftnref17\"><sup>[17]<\/sup><\/a> Die Leitmedien schweigen sich dar\u00fcber aus. Aus diesen Dokumenten geht hervor, dass Pfizer wusste, dass die Genspritzen weder vor Ansteckung, noch vor \u00dcbertragung sch\u00fctzen und stattdessen gesunden Menschen massiv schaden.<a href=\"#_ftn18\" name=\"_ftnref18\"><sup>[18]<\/sup><\/a><\/p>\n<p>Die Ergebnisse der Zulassungsstudien wurden manipuliert. Die Akten dokumentieren den wohl gr\u00f6\u00dften Medizinskandal der Geschichte: Sie sind f\u00fcr Milliardengewinne \u00fcber Leichen gegangen. Nicht nur das. Dr. David Martin hat Anfang Mai im EU-Parlament dargelegt, dass sowohl das SARS-Cov-Virus als auch die mRNA-Impfungen im Labor als Biowaffen entwickelt wurden.<a href=\"#_ftn19\" name=\"_ftnref19\"><sup>[19]<\/sup><\/a> Nun arbeitet die Pharmaindustrie daran unz\u00e4hlige andere Impfungen auf mRNA-Technik umzustellen.<a href=\"#_ftn20\" name=\"_ftnref20\"><sup>[20]<\/sup><\/a> Dieses Vorhaben muss gestoppt werden.<\/p>\n<p>Die Frage ist, warum Sie das alles vielleicht nicht wahrnehmen. Politik, Wissenschaft und Medien haben sich den Direktiven globaler Konzerne untergeordnet, die sie finanzieren und im Gegenzug die Marschrichtung vorgeben. Wissenschaft (es gab Ausnahmen!) und Medien sind Teil der Meinungsmanipulation. Sie haben alle Ma\u00dfnahmen unhinterfragt mitgetragen, die viele Menschen in ihrer wirtschaftlichen Existenz bedroht und ihnen das Recht auf Selbstbestimmung \u00fcber ihren K\u00f6rper genommen haben.<\/p>\n<p>Andere Meinungen wurden als \u201eunwissenschaftlich\u201c ausgegrenzt, sodass Warnungen vor der Gef\u00e4hrlichkeit der Pr\u00e4parate nicht geh\u00f6rt wurden. In j\u00fcngster Zeit finden weltweit soziale Proteste in nie dagewesenem Ausma\u00df statt.<a href=\"#_ftn21\" name=\"_ftnref21\"><sup>[21]<\/sup><\/a><\/p>\n<p>Wenn die Bill-Gates-Stiftung dem Spiegel mehrere Millionen Dollar spendet,<a href=\"#_ftn22\" name=\"_ftnref22\"><sup>[22]<\/sup><\/a> um \u201e\u00fcber soziale Spaltungen weltweit zu berichten und ein Verst\u00e4ndnis f\u00fcr deren \u00dcberwindung zu vermitteln\u201c<a href=\"#_ftn23\" name=\"_ftnref23\"><sup>[23]<\/sup><\/a>, hei\u00dft das, die Oligarchen m\u00f6gen keine Aufst\u00e4nde. Es sind nicht Gebildete oder Studierte, die sich erheben, sondern unterdr\u00fcckte Menschen. W\u00e4hrend die b\u00fcrgerlichen Linken der Propaganda in den Konzernmedien gro\u00dfteils blind folgen,<a href=\"#_ftn24\" name=\"_ftnref24\"><sup>[24]<\/sup><\/a> haben gerade jene, die die Unterdr\u00fcckung tagt\u00e4glich sp\u00fcren, verstanden: bei der Corona-, Impf- und Kriegspropaganda handelt es sich um Herrschaftsmechanismen.<a href=\"#_ftn25\" name=\"_ftnref25\"><sup>[25]<\/sup><\/a><\/p>\n<p>Vor wenigen Tagen ist die zweite Klage zur Herausgabe der Zulassungsdaten der Pfizer-Impfung f\u00fcr Kinder sowie des Moderna-Vakzins f\u00fcr Erwachsene im Rahmen des Freedom of Information Act erfolgreich gewesen. Die Entscheidung des Gerichts beginnt mit dem Satz: \u201eDemokratie stirbt hinter verschlossenen T\u00fcren.\u201c<a href=\"#_ftn26\" name=\"_ftnref26\"><sup>[26]<\/sup><\/a> Angeh\u00f6rige meines Berufsstandes fordere ich auf: Nehmen Sie die Quellen selbst zur Hand und h\u00f6ren Sie nicht l\u00e4nger auf die Propaganda in den alten Medien. Beteiligen Sie sich an einer echten Aufarbeitung dieser Verbrechen gegen die Menschheit. Ihnen danke ich f\u00fcr Ihre Aufmerksamkeit. Mein spezieller Dank gilt der gegenw\u00e4rtigen Aufkl\u00e4rungs- und Demokratiebewegung.<\/p>\n<p style=\"text-align: right;\"><em>Dr. Corinna Oesch ist Gastprofessorin an der Universit\u00e4t Wien, sie referierte am 18.05. 2023 bei der <a href=\"https:\/\/www.freidenker.org\/?p=16142\">Konferenz der Weltunion der Freidenker<\/a> in Frankfurt am Main<\/em><\/p>\n<p><strong>Quellen<\/strong><\/p>\n<p><a href=\"#_ftnref1\" name=\"_ftn1\">[1]<\/a>\u00a0<a href=\"https:\/\/www.hsfk.de\/wissenstransfer\/konzeptstudie-demokratiezentrum-paulskirche-haus-der-demokratie\">https:\/\/www.hsfk.de\/wissenstransfer\/konzeptstudie-demokratiezentrum-paulskirche-haus-der-demokratie<\/a> (ges. am 25.5.2023)<\/p>\n<p><a href=\"#_ftnref2\" name=\"_ftn2\">[2]<\/a> Sheldon S. Wolin, Democracy Incorporated. Managed Democracy and the Specter of Inverted Totalitarianism, Princeton, NJ 2008.<\/p>\n<p><a href=\"#_ftnref3\" name=\"_ftn3\">[3]<\/a> Naomi Wolf, Fascist America, in 10 easy steps, in: The Guardian, 24.4.2007; in dt. \u00dcbersetzung: Naomi Wolf, Ein faschistisches Amerika. In zehn einfachen Schritten, in: Bl\u00e4tter f\u00fcr deutsche und internationale Politik 7 (2007), 803-815.<\/p>\n<p><a href=\"#_ftnref4\" name=\"_ftn4\">[4]<\/a> Zum Fall des \u00f6sterreichischen Polizeiseelsorgers Uwe Eglau siehe:<br \/>\n<a href=\"https:\/\/www.servustv.com\/aktuelles\/v\/aaqiljt9utg85sva43eq\/\">https:\/\/www.servustv.com\/aktuelles\/v\/aaqiljt9utg85sva43eq\/<\/a> (von Minute 21:50 bis Minute 24:30); <a href=\"https:\/\/kurier.at\/chronik\/wien\/corona-demos-in-wien-am-samstag-werden-bis-zu-10000-teilnehmer-erwartet\/401208838\">https:\/\/kurier.at\/chronik\/wien\/corona-demos-in-wien-am-samstag-werden-bis-zu-10000-teilnehmer-erwartet\/401208838<\/a>; <a href=\"https:\/\/www.sn.at\/salzburg\/politik\/offener-brief-mit-impfkritik-drei-schulaerzte-in-salzburg-wurden-beurlaubt-114077983\">https:\/\/www.sn.at\/salzburg\/politik\/offener-brief-mit-impfkritik-drei-schulaerzte-in-salzburg-wurden-beurlaubt-114077983<\/a>; <a href=\"https:\/\/wien.orf.at\/stories\/3135333\/\">https:\/\/wien.orf.at\/stories\/3135333\/<\/a>; <a href=\"https:\/\/vorarlberg.orf.at\/stories\/3135394\/\">https:\/\/vorarlberg.orf.at\/stories\/3135394\/<\/a>; <a href=\"https:\/\/ethos.at\/aktuelles\/141-offener-brief-von-200-aerztinnen-an-aek-praesident-szekeres\">https:\/\/ethos.at\/aktuelles\/141-offener-brief-von-200-aerztinnen-an-aek-praesident-szekeres<\/a> (alle ges. am 24.4.2023)<\/p>\n<p><a href=\"#_ftnref5\" name=\"_ftn5\"><sup>[5]<\/sup><\/a> OpenPetition-Redaktion, 24.11.2022, Rubrik \u201eNeuigkeiten\u201c in:<br \/>\n<a href=\"https:\/\/www.openpetition.eu\/at\/petition\/blog\/ende-der-3-g-regel-und-maskenpflicht-in-krankenanstalten#petition-main\">https:\/\/www.openpetition.eu\/at\/petition\/blog\/ende-der-3-g-regel-und-maskenpflicht-in-krankenanstalten#petition-main<\/a> (ges. am 24.4.2023)<\/p>\n<p><a href=\"#_ftnref6\" name=\"_ftn6\">[6]<\/a> <a href=\"https:\/\/www.ots.at\/presseaussendung\/OTS_20200905_OTS0006\/politische-willkuer-corona-kritikerin-und-aerztin-wieder-dienstfrei-gestellt\">https:\/\/www.ots.at\/presseaussendung\/OTS_20200905_OTS0006\/politische-willkuer-corona-kritikerin-und-aerztin-wieder-dienstfrei-gestellt<\/a>; Schweizerzeit: Der kritische Arzt und das Rollkommando der Polizei. Stefan Millius im Gespr\u00e4ch mit Thomas Binder, Erstausstrahlung: 1.5.2023 auf kontrafunk.radio\/de (<a href=\"https:\/\/kontrafunk.radio\/de\/sendung-nachhoeren\/schweizerzeit\/schweizerzeit-der-kritische-arzt-und-das-rollkommando-der-polizei?highlight=WyJ0aG9tYXMiLCJiaW5kZXIiXQ\">https:\/\/kontrafunk.radio\/de\/sendung-nachhoeren\/schweizerzeit\/schweizerzeit-der-kritische-arzt-und-das-rollkommando-der-polizei?highlight=WyJ0aG9tYXMiLCJiaW5kZXIiXQ<\/a>==);\u00a0 <a href=\"https:\/\/www.francesoir.fr\/opinions-entretiens\/le-defi-de-la-verite-jean-bernard-fourtillan\">https:\/\/www.francesoir.fr\/opinions-entretiens\/le-defi-de-la-verite-jean-bernard-fourtillan<\/a> (alle ges. am 24.4.2023)<\/p>\n<p><a href=\"#_ftnref7\" name=\"_ftn7\">[7]<\/a> <a href=\"https:\/\/reitschuster.de\/post\/wie-bei-kafka-im-visier-von-polizei-und-banken\/\">https:\/\/reitschuster.de\/post\/wie-bei-kafka-im-visier-von-polizei-und-banken\/<\/a>; <a href=\"https:\/\/norberthaering.de\/bargeld-widerstand\/kanada-paypal-cbdc\/\">https:\/\/norberthaering.de\/bargeld-widerstand\/kanada-paypal-cbdc\/<\/a>; <a href=\"https:\/\/tkp.at\/2022\/02\/11\/zum-trucker-tag-offener-brief-von-robert-malone-an-die-kanadischen-trucker\/\">https:\/\/tkp.at\/2022\/02\/11\/zum-trucker-tag-offener-brief-von-robert-malone-an-die-kanadischen-trucker\/<\/a>; https:\/\/tkp.at\/2022\/01\/30\/trucks-legen-kanadas-hauptstadt-lahm-trucker-fahrer-gegen-impfzwang\/ (alle ges. am 24.4.2023)<\/p>\n<p><a href=\"#_ftnref8\" name=\"_ftn8\">[8] <\/a><a href=\"https:\/\/paulbrandenburg.com\/meldung\/spritzenverweigerer-in-uniform-aus-bundeswehr-entlassen\/\">https:\/\/paulbrandenburg.com\/meldung\/spritzenverweigerer-in-uniform-aus-bundeswehr-entlassen\/<\/a> (ges. am 25.5.2023)<\/p>\n<p><a href=\"#_ftnref9\" name=\"_ftn9\">[9]<\/a> <a href=\"https:\/\/www.derstandard.at\/story\/2000134933806\/kommaustria-fuer-durchsetzung-von-rt-und-sputnik-sperre-zustaendig\">https:\/\/www.derstandard.at\/story\/2000134933806\/kommaustria-fuer-durchsetzung-von-rt-und-sputnik-sperre-zustaendig<\/a>; <a href=\"https:\/\/eur-lex.europa.eu\/legal-content\/DE\/TXT\/HTML\/?uri=CELEX:32022D0351&amp;from=DE\">https:\/\/eur-lex.europa.eu\/legal-content\/DE\/TXT\/HTML\/?uri=CELEX:32022D0351&amp;from=DE<\/a> (alle ges. am 24.4.2023)<\/p>\n<p><a href=\"#_ftnref10\" name=\"_ftn10\">[10]<\/a> <a href=\"https:\/\/www.rubikon.news\/artikel\/die-wachter-der-macht\">https:\/\/www.rubikon.news\/artikel\/die-wachter-der-macht<\/a> (ges. am 25.5.2023)<\/p>\n<p><a href=\"#_ftnref11\" name=\"_ftn11\">[11]<\/a> <a href=\"https:\/\/www.nachdenkseiten.de\/?p=93451\">https:\/\/www.nachdenkseiten.de\/?p=93451<\/a>; <a href=\"https:\/\/odysee.com\/@norberthaering:8\/digitale-kontrolle-und-die-soziale:8\">https:\/\/odysee.com\/@norberthaering:8\/digitale-kontrolle-und-die-soziale:8<\/a> (von Minute 16:00 bis Minute 19:10), (alle ges. am 24.4.2023)<\/p>\n<p><a href=\"#_ftnref12\" name=\"_ftn12\">[12]<\/a> <a href=\"https:\/\/www.wsws.org\/de\/articles\/2022\/10\/26\/para-o26.html\">https:\/\/www.wsws.org\/de\/articles\/2022\/10\/26\/para-o26.html<\/a>;\u00b0<a href=\"https:\/\/www.berliner-zeitung.de\/news\/manager-postet-impfen-macht-frei-verurteilung-wegen-volksverhetzung-li.330525\">https:\/\/www.berliner-zeitung.de\/news\/manager-postet-impfen-macht-frei-verurteilung-wegen-volksverhetzung-li.330525<\/a> (ges. am 24.4.2023)<\/p>\n<p><a href=\"#_ftnref13\" name=\"_ftn13\">[13]<\/a> <a href=\"https:\/\/tkp.at\/2022\/11\/01\/oesterreichs-krisensicherheitsgesetz-auf-letzten-metern-grundrechte-unter-beschuss\/\">https:\/\/tkp.at\/2022\/11\/01\/oesterreichs-krisensicherheitsgesetz-auf-letzten-metern-grundrechte-unter-beschuss\/<\/a>; <a href=\"https:\/\/tkp.at\/2023\/03\/05\/krisensicherheitsgesetz-oegb-dagegen\/\">https:\/\/tkp.at\/2023\/03\/05\/krisensicherheitsgesetz-oegb-dagegen\/<\/a>; <a href=\"https:\/\/www.parlament.gv.at\/gegenstand\/XXVII\/ME\/245?selectedStage=100\">https:\/\/www.parlament.gv.at\/gegenstand\/XXVII\/ME\/245?selectedStage=100<\/a> (alle ges. am 24.4.2023)<\/p>\n<p><a href=\"#_ftnref14\" name=\"_ftn14\">[14]<\/a> ; <a href=\"https:\/\/tkp.at\/2022\/06\/01\/veto-aus-afrika-dieese-laender-blockierten-die-who-plaene\/\">https:\/\/tkp.at\/2022\/06\/01\/veto-aus-afrika-dieese-laender-blockierten-die-who-plaene\/<\/a> (alle ges. am 24.4.2023)<\/p>\n<p><a href=\"#_ftnref15\" name=\"_ftn15\">[15]<\/a> Martin Gilens, Affluence and Influence. Economic Inequality and Political Power in America, Princeton, NJ 2012; Paul Schreyer, Reichtum regiert, in: Philipp M\u00fcller (Hg.), Denken. Wissen. Handeln. Politik, Frankfurt\/Main 2019; Thomas Ferguson, Golden Rule. The Investment Theory of Party Competition and the Logic of Money-driven Political Systems, Chicago, Ill. 1995.<\/p>\n<p><a href=\"#_ftnref16\" name=\"_ftn16\">[16]<\/a> Shoshana Zuboff, Das Zeitalter des \u00dcberwachungskapitalismus, New York 2018.<\/p>\n<p><a href=\"#_ftnref17\" name=\"_ftn17\">[17]<\/a> <a href=\"https:\/\/phmpt.org\/\">https:\/\/phmpt.org\/<\/a> (ges. am 24.4.2023); DailyClout (Hg.), The Pfizer Documents Analysis Reports. Find Out What Pifzer, FDA Tried to Conceal, Salem, Mass. 2023.<\/p>\n<p><a href=\"#_ftnref18\" name=\"_ftn18\">[18]<\/a> World Council for Health, Covid-19 Vaccine Adverse Events around the World. WCH Covid-19 Vaccine Pharmacovigilance Report. Summary, June 2022 (F\u00fcr den vollst\u00e4ndigen und aktualisierten Bericht siehe: <a href=\"https:\/\/worldcouncilforhealth.org\/resources\/covid-19-vaccine-pharmacovigilance-report\/\">https:\/\/worldcouncilforhealth.org\/resources\/covid-19-vaccine-pharmacovigilance-report\/<\/a> (ges. am 24.5.2023); David O. Fischer, Die mRNA-Maschine. Protokoll einer wahren Trag\u00f6die, Norderstedt 2023; <a href=\"https:\/\/tkp.at\/2022\/10\/11\/pfizer-bestaetigt-vor-eu-covid-ausschuss-covid-impfpass-beruhte-auf-grosser-luege\/\">https:\/\/tkp.at\/2022\/10\/11\/pfizer-bestaetigt-vor-eu-covid-ausschuss-covid-impfpass-beruhte-auf-grosser-luege\/<\/a>) (ges. am 25.5.2023)<\/p>\n<p><a href=\"#_ftnref19\" name=\"_ftn19\">[19]<\/a>\u00a0<a href=\"https:\/\/rumble.com\/v2mbo8c-david-martin-eu-parliament-international-covid-summit-may-3-2023-coronaviru.html\">https:\/\/rumble.com\/v2mbo8c-david-martin-eu-parliament-international-covid-summit-may-3-2023-coronaviru.html<\/a> (ges. am 13.5.2023); f\u00fcr die gesamte \u00dcbertragung des Covid-Summit III siehe: <a href=\"https:\/\/rwmalonemd.substack.com\/p\/videos-the-international-covid-summit\">https:\/\/rwmalonemd.substack.com\/p\/videos-the-international-covid-summit<\/a>, 15.5.2023 (ges. am 25.5.2023)<\/p>\n<p><a href=\"#_ftnref20\" name=\"_ftn20\">[20]<\/a> <a href=\"https:\/\/rwmalonemd.substack.com\/p\/sounding-the-alarm-normalizing-the\">https:\/\/rwmalonemd.substack.com\/p\/sounding-the-alarm-normalizing-the<\/a> (ges. am 25.5.2023)<\/p>\n<p><a href=\"#_ftnref21\" name=\"_ftn21\">[21]<\/a> Kees van der Pijl, Die belagerte Welt. Corona: Die Mobilisierung der Angst und wie wir uns daraus befreien k\u00f6nnen, Ratzert 2021, 9.<\/p>\n<p><a href=\"#_ftnref22\" name=\"_ftn22\">[22]<\/a> <a href=\"https:\/\/www.gatesfoundation.org\/about\/committed-grants?q=Spiegel\">https:\/\/www.gatesfoundation.org\/about\/committed-grants?q=Spiegel<\/a> (ges. am 25.5.2023)<\/p>\n<p><a href=\"#_ftnref23\" name=\"_ftn23\">[23]<\/a> <a href=\"https:\/\/www.berliner-zeitung.de\/news\/gates-stiftung-unterstuetzt-den-spiegel-mit-weiteren-29-millionen-dollar-li.194183\">https:\/\/www.berliner-zeitung.de\/news\/gates-stiftung-unterstuetzt-den-spiegel-mit-weiteren-29-millionen-dollar-li.194183<\/a> (ges. am 24.4.2023)<\/p>\n<p><a href=\"#_ftnref24\" name=\"_ftn24\">[24]<\/a> <a href=\"http:\/\/www.theoriekritik.ch\/?p=4464\">http:\/\/www.theoriekritik.ch\/?p=4464<\/a> (ges. am 25.5.2023)<\/p>\n<p><a href=\"#_ftnref25\" name=\"_ftn25\">[25]<\/a> Siehe dazu auch: Giorgio Agamben, Lo stato d\u2019eccezione provocato da un\u2019emergenza immotivata, in: il manifesto, 26.2.2020. In englischer \u00dcbersetzung: <a href=\"https:\/\/positionspolitics.org\/giorgio-agamben-the-state-of-exception-provoked-by-an-unmotivated-emergency\/\">https:\/\/positionspolitics.org\/giorgio-agamben-the-state-of-exception-provoked-by-an-unmotivated-emergency\/<\/a>) (ges. am 25.5.2023)<\/p>\n<p><a href=\"#_ftnref26\" name=\"_ftn26\">[26]<\/a> United States District Court For the Northern District of Texas, Fort Worth Division, Case 4:22-cv-00915-P, Document 31, Filed 05\/09\/23, s. dazu: <a href=\"https:\/\/tkp.at\/2023\/05\/13\/us-gericht-verurteilt-fda-zur-veroeffentlichung-von-180-000-seiten-pro-monat-ueber-nebenwirkungen-der-moderna-und-pfizer-c19-vakzine\/\">https:\/\/tkp.at\/2023\/05\/13\/us-gericht-verurteilt-fda-zur-veroeffentlichung-von-180-000-seiten-pro-monat-ueber-nebenwirkungen-der-moderna-und-pfizer-c19-vakzine\/<\/a> (ges. am 13.5.2023)<\/p>\n<hr \/>\n<h5>Download<\/h5>\n<p>Der Artikel kann auch als PDF-Dokument angesehen und heruntergeladen werden:<\/p>\n<p><img loading=\"lazy\" decoding=\"async\" data-attachment-id=\"1076\" data-permalink=\"https:\/\/www.freidenker.org\/?attachment_id=1076\" data-orig-file=\"https:\/\/i0.wp.com\/www.freidenker.org\/fw17\/wp-content\/uploads\/2017\/10\/pdf_icon-2.png?fit=32%2C32&amp;ssl=1\" data-orig-size=\"32,32\" data-comments-opened=\"0\" data-image-meta=\"{&quot;aperture&quot;:&quot;0&quot;,&quot;credit&quot;:&quot;&quot;,&quot;camera&quot;:&quot;&quot;,&quot;caption&quot;:&quot;&quot;,&quot;created_timestamp&quot;:&quot;0&quot;,&quot;copyright&quot;:&quot;&quot;,&quot;focal_length&quot;:&quot;0&quot;,&quot;iso&quot;:&quot;0&quot;,&quot;shutter_speed&quot;:&quot;0&quot;,&quot;title&quot;:&quot;&quot;,&quot;orientation&quot;:&quot;0&quot;}\" data-image-title=\"pdf_icon\" data-image-description=\"\" data-image-caption=\"\" data-large-file=\"https:\/\/i0.wp.com\/www.freidenker.org\/fw17\/wp-content\/uploads\/2017\/10\/pdf_icon-2.png?fit=32%2C32&amp;ssl=1\" class=\"alignnone size-full wp-image-1076\" src=\"https:\/\/i1.wp.com\/www.freidenker.org\/fw17\/wp-content\/uploads\/2017\/10\/pdf_icon-2.png?resize=32%2C32&amp;ssl=1\" alt=\"\" width=\"32\" height=\"32\" data-attachment-id=\"1076\" data-permalink=\"https:\/\/www.freidenker.org\/?attachment_id=1076\" data-orig-file=\"https:\/\/i0.wp.com\/www.freidenker.org\/fw17\/wp-content\/uploads\/2017\/10\/pdf_icon-2.png?fit=32%2C32&amp;ssl=1\" data-orig-size=\"32,32\" data-comments-opened=\"0\" data-image-meta=\"{&quot;aperture&quot;:&quot;0&quot;,&quot;credit&quot;:&quot;&quot;,&quot;camera&quot;:&quot;&quot;,&quot;caption&quot;:&quot;&quot;,&quot;created_timestamp&quot;:&quot;0&quot;,&quot;copyright&quot;:&quot;&quot;,&quot;focal_length&quot;:&quot;0&quot;,&quot;iso&quot;:&quot;0&quot;,&quot;shutter_speed&quot;:&quot;0&quot;,&quot;title&quot;:&quot;&quot;,&quot;orientation&quot;:&quot;0&quot;}\" data-image-title=\"pdf_icon\" data-image-description=\"\" data-image-caption=\"\" data-medium-file=\"https:\/\/i0.wp.com\/www.freidenker.org\/fw17\/wp-content\/uploads\/2017\/10\/pdf_icon-2.png?fit=32%2C32&amp;ssl=1\" data-large-file=\"https:\/\/i0.wp.com\/www.freidenker.org\/fw17\/wp-content\/uploads\/2017\/10\/pdf_icon-2.png?fit=32%2C32&amp;ssl=1\" \/> <a href=\"https:\/\/www.freidenker.org\/fw17\/wp-content\/uploads\/2023\/07\/Freidenker_2023-02_Oesch_1848-WieSiehtEsNach175JahrenAus.pdf\" target=\"_blank\" rel=\"noopener\">Corinna Oesch: 1848: Wie sieht es nach 175 Jahren aus?<\/a> (Auszug aus <a href=\"https:\/\/www.freidenker.org\/?p=16376\">FREIDENKER 2-23<\/a>, ca.220 KB)<\/p>\n<hr \/>\n<p>Bild: <a href=\"https:\/\/pixabay.com\/de\/photos\/corona-maske-welt-reisen-planet-6213514\/\" target=\"_blank\" rel=\"noopener\">pixabay.com<\/a> \/ <a class=\"userName--owby3\" href=\"https:\/\/pixabay.com\/de\/users\/pics_on_tour-21216189\/\" target=\"_blank\" rel=\"noopener\">Pics_on_tour<\/a><\/p>\n","protected":false},"excerpt":{"rendered":"<p><b>Beitrag von Corinna Oesch aus FREIDENKER 2-23<\/b><br \/>\n&#8230; 2003 pr\u00e4gte der Politologe Sheldon S. Wolin, der viele Jahre an der Universit\u00e4t in Princeton politische Philosophie unterrichtete, den Begriff des umgekehrten Totalitarismus: Ein System, das vorgibt, das Gegenteil dessen zu sein, was es ist. Wir ignorieren in welchem Ausma\u00df antidemokratische Elemente inzwischen systeminh\u00e4rent geworden sind, so Wolin. 2007 publizierte die feministische Autorin Naomi Wolf einen Artikel mit dem Titel \u201eFascist America, in 10 easy steps\u201c. Sie skizziert darin jene Mechanismen, die eine Demokratie sehr rasch in eine faschistoide Herrschaftsform umwandeln und zeigt dies am Beispiel der USA im Gefolge des \u201eKrieges gegen den Terror\u201c auf. Diese Mechanismen sind, wie ich meine, im Hier und Jetzt wieder wirksam und der \u201eKrieg gegen den Terror\u201c war ein Vorbote f\u00fcr das, was wir gerade erleben. <\/p>\n","protected":false},"author":3,"featured_media":16591,"comment_status":"closed","ping_status":"closed","sticky":false,"template":"","format":"standard","meta":{"colormag_page_container_layout":"default_layout","colormag_page_sidebar_layout":"default_layout","advanced_seo_description":"","jetpack_seo_html_title":"","jetpack_seo_noindex":false,"jetpack_post_was_ever_published":false,"footnotes":""},"categories":[12],"tags":[3131,1256,162,1617,159,154,1257,1846,1343,527],"class_list":["post-16562","post","type-post","status-publish","format-standard","has-post-thumbnail","hentry","category-demokratie-medien-aufklaerung","tag-buergerliche-revolution","tag-corona-virus","tag-demokratie","tag-digitalisierung","tag-freiheit","tag-grundrechte","tag-pandemie","tag-rechtsstaat","tag-ueberwachung","tag-zensur"],"jetpack_featured_media_url":"https:\/\/i0.wp.com\/www.freidenker.org\/fw17\/wp-content\/uploads\/2023\/07\/corona-6213514_800x450.jpg?fit=800%2C450&ssl=1","jetpack_shortlink":"https:\/\/wp.me\/p9stpK-4j8","jetpack-related-posts":[{"id":16376,"url":"https:\/\/www.freidenker.org\/?p=16376","url_meta":{"origin":16562,"position":0},"title":"FREIDENKER Nr. 2-23 \u2013 Kampf um Demokratie 1848\/49 und heute","author":"Webredaktion","date":"29. Juni 2023","format":false,"excerpt":"Die Ausgabe 2-23 des Verbandsorgans FREIDENKER hat das Schwerpunkt-Thema \u201eKampf um Demokratie 1848\/49 und heute\u201c und enth\u00e4lt u.a. folgende Beitr\u00e4ge: - Wolfgang Sch\u00fcrer: Revolutionen f\u00fcr Freiheit und Demokratie - Friedrich Engels: Revolution, die unvollendete - Hartmut Barth-Engelbart: Die erneute Niederschlagung der 1848er Revolution - Corinna Oesch: 1848: Wie sieht es\u2026","rel":"","context":"In &quot;Geschichte&quot;","block_context":{"text":"Geschichte","link":"https:\/\/www.freidenker.org\/?cat=1162"},"img":{"alt_text":"","src":"https:\/\/i0.wp.com\/www.freidenker.org\/fw17\/wp-content\/uploads\/2023\/06\/FD_2023-02_Titel_mR.jpg?fit=800%2C445&ssl=1&resize=350%2C200","width":350,"height":200,"srcset":"https:\/\/i0.wp.com\/www.freidenker.org\/fw17\/wp-content\/uploads\/2023\/06\/FD_2023-02_Titel_mR.jpg?fit=800%2C445&ssl=1&resize=350%2C200 1x, https:\/\/i0.wp.com\/www.freidenker.org\/fw17\/wp-content\/uploads\/2023\/06\/FD_2023-02_Titel_mR.jpg?fit=800%2C445&ssl=1&resize=525%2C300 1.5x, https:\/\/i0.wp.com\/www.freidenker.org\/fw17\/wp-content\/uploads\/2023\/06\/FD_2023-02_Titel_mR.jpg?fit=800%2C445&ssl=1&resize=700%2C400 2x"},"classes":[]},{"id":16068,"url":"https:\/\/www.freidenker.org\/?p=16068","url_meta":{"origin":16562,"position":1},"title":"Kundgebung: Demokratiebewegung von 1848\/49 &#8211; wieder modern oder schon \u00fcberholt?","author":"Webredaktion","date":"14. Mai 2023","format":false,"excerpt":"Die hessischen Freidenker unterst\u00fctzten den Aufruf zur Kundgebung: KUNDGEBUNG FRANKFURT\/H\u00dcHNERMARKT - 17.05.2023 - 15.00 - 19.00 UHR Vom 17. bis 21.05.23 wird in #Frankfurt der Demokratiebewegung Mitte des 19. Jahrhunderts gedacht. 175 Jahre Nationalversammlung Paulskirche. Ein Anlass, den die Demokratie- und Friedensbewegung der 2020er Jahre nicht nur geladenen G\u00e4sten \u00fcberlassen\u2026","rel":"","context":"In &quot;Veranstaltungen in den DFV-Landesverb\u00e4nden&quot;","block_context":{"text":"Veranstaltungen in den DFV-Landesverb\u00e4nden","link":"https:\/\/www.freidenker.org\/?cat=19"},"img":{"alt_text":"","src":"https:\/\/i0.wp.com\/www.freidenker.org\/fw17\/wp-content\/uploads\/2023\/05\/nationalversammlung_frankfurt_800x450.jpg?fit=800%2C450&ssl=1&resize=350%2C200","width":350,"height":200,"srcset":"https:\/\/i0.wp.com\/www.freidenker.org\/fw17\/wp-content\/uploads\/2023\/05\/nationalversammlung_frankfurt_800x450.jpg?fit=800%2C450&ssl=1&resize=350%2C200 1x, https:\/\/i0.wp.com\/www.freidenker.org\/fw17\/wp-content\/uploads\/2023\/05\/nationalversammlung_frankfurt_800x450.jpg?fit=800%2C450&ssl=1&resize=525%2C300 1.5x, https:\/\/i0.wp.com\/www.freidenker.org\/fw17\/wp-content\/uploads\/2023\/05\/nationalversammlung_frankfurt_800x450.jpg?fit=800%2C450&ssl=1&resize=700%2C400 2x"},"classes":[]},{"id":15798,"url":"https:\/\/www.freidenker.org\/?p=15798","url_meta":{"origin":16562,"position":2},"title":"Freies Denken und die neue multipolare Weltordnung","author":"Webredaktion","date":"19. April 2023","format":false,"excerpt":"50. Kongress der Weltunion der Freidenker Donnerstag, 18.05.2023, 11 - 17 Uhr, Saalbau Bornheim, Arnsburger Str. 24, 60385 Frankfurt am Main Vortr\u00e4ge: \u201eZeitenwende\u201c zwischen Krieg und Frieden (Klaus Hartmann, Offenbach am Main), Der Welten Lage \u00e4ndert sich (Jean-Marie Jacoby, Luxemburg), Von der NATO-Aggression 1999 gegen Jugoslawien zum Krieg gegen Russland\u2026","rel":"","context":"In &quot;Zentrale Veranstaltungen&quot;","block_context":{"text":"Zentrale Veranstaltungen","link":"https:\/\/www.freidenker.org\/?cat=20"},"img":{"alt_text":"","src":"https:\/\/i0.wp.com\/www.freidenker.org\/fw17\/wp-content\/uploads\/2023\/04\/multipolar_800x450.jpg?fit=800%2C450&ssl=1&resize=350%2C200","width":350,"height":200,"srcset":"https:\/\/i0.wp.com\/www.freidenker.org\/fw17\/wp-content\/uploads\/2023\/04\/multipolar_800x450.jpg?fit=800%2C450&ssl=1&resize=350%2C200 1x, https:\/\/i0.wp.com\/www.freidenker.org\/fw17\/wp-content\/uploads\/2023\/04\/multipolar_800x450.jpg?fit=800%2C450&ssl=1&resize=525%2C300 1.5x, https:\/\/i0.wp.com\/www.freidenker.org\/fw17\/wp-content\/uploads\/2023\/04\/multipolar_800x450.jpg?fit=800%2C450&ssl=1&resize=700%2C400 2x"},"classes":[]},{"id":16561,"url":"https:\/\/www.freidenker.org\/?p=16561","url_meta":{"origin":16562,"position":3},"title":"Revolutionen f\u00fcr Freiheit und Demokratie","author":"Webredaktion","date":"12. Juli 2023","format":false,"excerpt":"Beitrag von Wolfgang Sch\u00fcrer aus FREIDENKER 2-23 Im Jahr 2023 wird vielfach der gescheiterten b\u00fcrgerlichen Revolution in Deutschland 1848\/49 gedacht. Man muss das Ereignis im historischen Kontext sehen: Die kapitalistische Produktionsweise erwies sich dem Feudalismus gegen\u00fcber als \u00fcberlegen und trat ihren Siegeszug an. Die Bourgeoisie als aufstrebende Klasse dr\u00e4ngte in\u2026","rel":"","context":"In &quot;Geschichte&quot;","block_context":{"text":"Geschichte","link":"https:\/\/www.freidenker.org\/?cat=1162"},"img":{"alt_text":"","src":"https:\/\/i0.wp.com\/www.freidenker.org\/fw17\/wp-content\/uploads\/2023\/07\/Barrikadenszene_1848_aus_der_Breiten_Strasse_Berlin_800x450.jpg?fit=800%2C450&ssl=1&resize=350%2C200","width":350,"height":200,"srcset":"https:\/\/i0.wp.com\/www.freidenker.org\/fw17\/wp-content\/uploads\/2023\/07\/Barrikadenszene_1848_aus_der_Breiten_Strasse_Berlin_800x450.jpg?fit=800%2C450&ssl=1&resize=350%2C200 1x, https:\/\/i0.wp.com\/www.freidenker.org\/fw17\/wp-content\/uploads\/2023\/07\/Barrikadenszene_1848_aus_der_Breiten_Strasse_Berlin_800x450.jpg?fit=800%2C450&ssl=1&resize=525%2C300 1.5x, https:\/\/i0.wp.com\/www.freidenker.org\/fw17\/wp-content\/uploads\/2023\/07\/Barrikadenszene_1848_aus_der_Breiten_Strasse_Berlin_800x450.jpg?fit=800%2C450&ssl=1&resize=700%2C400 2x"},"classes":[]},{"id":24718,"url":"https:\/\/www.freidenker.org\/?p=24718","url_meta":{"origin":16562,"position":4},"title":"Ja, der 18. M\u00e4rz sollte in Ehren gehalten werden &#8211; aber nicht von Steinmeier","author":"Webredaktion","date":"25. M\u00e4rz 2026","format":false,"excerpt":"Beitrag von Dagmar Henn Frank-Walter Steinmeier ist, bei all der Schuld, die er im Zusammenhang mit der Ukraine auf sich geladen hat, vermutlich letzten Endes eine tragikomische Gestalt. Immerhin hat er, der sozialdemokratische Bundespr\u00e4sident, dessen Partei bei den Landtagswahlen in Baden-W\u00fcrttemberg zuletzt ein Ergebnis erzielte, das das Ende von \u00fcber\u2026","rel":"","context":"In &quot;Demokratie \u2013 Medien \u2013 Aufkl\u00e4rung&quot;","block_context":{"text":"Demokratie \u2013 Medien \u2013 Aufkl\u00e4rung","link":"https:\/\/www.freidenker.org\/?cat=12"},"img":{"alt_text":"","src":"https:\/\/i0.wp.com\/www.freidenker.org\/fw17\/wp-content\/uploads\/2026\/03\/Aufbahrung_der_Maerzgefallenen_1848_800x450.jpg?fit=800%2C450&ssl=1&resize=350%2C200","width":350,"height":200,"srcset":"https:\/\/i0.wp.com\/www.freidenker.org\/fw17\/wp-content\/uploads\/2026\/03\/Aufbahrung_der_Maerzgefallenen_1848_800x450.jpg?fit=800%2C450&ssl=1&resize=350%2C200 1x, https:\/\/i0.wp.com\/www.freidenker.org\/fw17\/wp-content\/uploads\/2026\/03\/Aufbahrung_der_Maerzgefallenen_1848_800x450.jpg?fit=800%2C450&ssl=1&resize=525%2C300 1.5x, https:\/\/i0.wp.com\/www.freidenker.org\/fw17\/wp-content\/uploads\/2026\/03\/Aufbahrung_der_Maerzgefallenen_1848_800x450.jpg?fit=800%2C450&ssl=1&resize=700%2C400 2x"},"classes":[]},{"id":16200,"url":"https:\/\/www.freidenker.org\/?p=16200","url_meta":{"origin":16562,"position":5},"title":"Freidenkerkongress: &#8222;Bildung der neuen multipolaren Weltordnung ist ein revolution\u00e4rer Prozess&#8220;","author":"Webredaktion","date":"29. Mai 2023","format":false,"excerpt":"Analyse von Felicitas Rabe Am 18. Mai 2023 hatte die Weltunion der Freidenker zu ihrem Kongress nach Frankfurt am Main eingeladen. Klaus Hartmann, der\u00a0Pr\u00e4sident der Weltunion, begr\u00fc\u00dfte die \u00fcber 80 Teilnehmer im B\u00fcrgerhaus Bornheim. Er wies darauf hin, dass die Freidenker heute in der Tradition der 1880 gegr\u00fcndeten Freidenker-Internationale stehen\u2026","rel":"","context":"In &quot;Demokratie \u2013 Medien \u2013 Aufkl\u00e4rung&quot;","block_context":{"text":"Demokratie \u2013 Medien \u2013 Aufkl\u00e4rung","link":"https:\/\/www.freidenker.org\/?cat=12"},"img":{"alt_text":"","src":"https:\/\/i0.wp.com\/www.freidenker.org\/fw17\/wp-content\/uploads\/2023\/05\/WUF-Kongress_2023_SB_mB_800x450.jpg?fit=800%2C450&ssl=1&resize=350%2C200","width":350,"height":200,"srcset":"https:\/\/i0.wp.com\/www.freidenker.org\/fw17\/wp-content\/uploads\/2023\/05\/WUF-Kongress_2023_SB_mB_800x450.jpg?fit=800%2C450&ssl=1&resize=350%2C200 1x, https:\/\/i0.wp.com\/www.freidenker.org\/fw17\/wp-content\/uploads\/2023\/05\/WUF-Kongress_2023_SB_mB_800x450.jpg?fit=800%2C450&ssl=1&resize=525%2C300 1.5x, https:\/\/i0.wp.com\/www.freidenker.org\/fw17\/wp-content\/uploads\/2023\/05\/WUF-Kongress_2023_SB_mB_800x450.jpg?fit=800%2C450&ssl=1&resize=700%2C400 2x"},"classes":[]}],"_links":{"self":[{"href":"https:\/\/www.freidenker.org\/index.php?rest_route=\/wp\/v2\/posts\/16562","targetHints":{"allow":["GET"]}}],"collection":[{"href":"https:\/\/www.freidenker.org\/index.php?rest_route=\/wp\/v2\/posts"}],"about":[{"href":"https:\/\/www.freidenker.org\/index.php?rest_route=\/wp\/v2\/types\/post"}],"author":[{"embeddable":true,"href":"https:\/\/www.freidenker.org\/index.php?rest_route=\/wp\/v2\/users\/3"}],"replies":[{"embeddable":true,"href":"https:\/\/www.freidenker.org\/index.php?rest_route=%2Fwp%2Fv2%2Fcomments&post=16562"}],"version-history":[{"count":1,"href":"https:\/\/www.freidenker.org\/index.php?rest_route=\/wp\/v2\/posts\/16562\/revisions"}],"predecessor-version":[{"id":24734,"href":"https:\/\/www.freidenker.org\/index.php?rest_route=\/wp\/v2\/posts\/16562\/revisions\/24734"}],"wp:featuredmedia":[{"embeddable":true,"href":"https:\/\/www.freidenker.org\/index.php?rest_route=\/wp\/v2\/media\/16591"}],"wp:attachment":[{"href":"https:\/\/www.freidenker.org\/index.php?rest_route=%2Fwp%2Fv2%2Fmedia&parent=16562"}],"wp:term":[{"taxonomy":"category","embeddable":true,"href":"https:\/\/www.freidenker.org\/index.php?rest_route=%2Fwp%2Fv2%2Fcategories&post=16562"},{"taxonomy":"post_tag","embeddable":true,"href":"https:\/\/www.freidenker.org\/index.php?rest_route=%2Fwp%2Fv2%2Ftags&post=16562"}],"curies":[{"name":"wp","href":"https:\/\/api.w.org\/{rel}","templated":true}]}}