{"id":16399,"date":"2023-06-30T00:34:58","date_gmt":"2023-06-29T22:34:58","guid":{"rendered":"https:\/\/www.freidenker.org\/?p=16399"},"modified":"2023-07-16T11:26:52","modified_gmt":"2023-07-16T09:26:52","slug":"lisa-fitz-moni-markus-hubert-die-teure-pumpe","status":"publish","type":"post","link":"https:\/\/www.freidenker.org\/?p=16399","title":{"rendered":"Lisa Fitz: Moni, Markus, Hubert &#038; die teure Pumpe"},"content":{"rendered":"<p><em>von <strong>Lisa Fitz<\/strong><\/em><\/p>\n<p><span class=\"yt-core-attributed-string yt-core-attributed-string--white-space-pre-wrap\">Hier ein neues St\u00fcck von Lisa Fitz f\u00fcr die NachDenkSeiten. Es geht um die W\u00e4rmepumpe und im Zusammenhang damit auch um die Demonstration in Erding und die mediale Wahrnehmung dieser Vorg\u00e4nge.<\/span><\/p>\n<div class=\"jetpack-video-wrapper\"><span class=\"embed-youtube\" style=\"text-align:center; display: block;\"><iframe loading=\"lazy\" class=\"youtube-player\" width=\"800\" height=\"450\" src=\"https:\/\/www.youtube.com\/embed\/vhMrty3QAiE?version=3&#038;rel=1&#038;showsearch=0&#038;showinfo=1&#038;iv_load_policy=1&#038;fs=1&#038;hl=de-DE&#038;autohide=2&#038;wmode=transparent\" allowfullscreen=\"true\" style=\"border:0;\" sandbox=\"allow-scripts allow-same-origin allow-popups allow-presentation allow-popups-to-escape-sandbox\"><\/iframe><\/span><\/div>\n<p><span style=\"font-size: 10pt;\">Direktlink zum Video der NachDenkSeiten auf YouTube: <a href=\"https:\/\/www.youtube.com\/watch?v=vhMrty3QAiE\" target=\"_blank\" rel=\"noopener\">https:\/\/www.youtube.com\/watch?v=vhMrty3QAiE<\/a><\/span><\/p>\n<p style=\"text-align: right;\"><em>Lisa Fitz ist Beiratsmitglied des Deutschen Freidenker-Verbandes<\/em><\/p>\n<p><span class=\"yt-core-attributed-string yt-core-attributed-string--white-space-pre-wrap\">Die n\u00e4chsten Auftritts-Termine und das aktuelle Programm von Lisa Fitz erfahren Sie stets auf der Website <span class=\"yt-core-attributed-string--link-inherit-color\"><a class=\"yt-core-attributed-string__link yt-core-attributed-string__link--display-type yt-core-attributed-string__link--call-to-action-color\" tabindex=\"0\" href=\"https:\/\/www.youtube.com\/redirect?event=video_description&amp;redir_token=QUFFLUhqa0xGcDlfc0NmelRNMnpUTjFlWlVVSTJOTTlrd3xBQ3Jtc0trX3hYdDhzcUV3SmQ2RnByTG1kdnRacEFpVmpxLUFpN2JSZ1Q3ald3S2NTVlhNVVJEWWZ0VGxMVXhwNHY3djZfV044dDAzclc1TzRxMVJ3RGhXNlA5cXFmeFFnVEx6MG52VnRlWFk0d0w5TlB6TGU1MA&amp;q=https%3A%2F%2Fwww.lisa-fitz.de%2F&amp;v=vhMrty3QAiE\" target=\"_blank\" rel=\"nofollow noopener\">https:\/\/www.lisa-fitz.de<\/a><\/span><\/span><\/p>\n<hr \/>\n<p><span style=\"font-size: 10pt;\">Bild: Screenshot aus dem <a href=\"https:\/\/www.youtube.com\/watch?v=vhMrty3QAiE\" target=\"_blank\" rel=\"noopener\">Video der NachDenkSeiten<\/a><\/span><\/p>\n","protected":false},"excerpt":{"rendered":"<p><b>Video von Lisa Fitz<\/b><br \/>\nHier ein neues St\u00fcck von Lisa Fitz f\u00fcr die NachDenkSeiten. Es geht um die W\u00e4rmepumpe und im Zusammenhang damit auch um die Demonstration in Erding und die mediale Wahrnehmung dieser Vorg\u00e4nge.<\/p>\n","protected":false},"author":3,"featured_media":16401,"comment_status":"closed","ping_status":"closed","sticky":false,"template":"","format":"standard","meta":{"colormag_page_container_layout":"default_layout","colormag_page_sidebar_layout":"default_layout","advanced_seo_description":"","jetpack_seo_html_title":"","jetpack_seo_noindex":false,"jetpack_post_was_ever_published":false,"footnotes":""},"categories":[11,913],"tags":[1031,411,627,1834,1091,1450,1505],"class_list":["post-16399","post","type-post","status-publish","format-standard","has-post-thumbnail","hentry","category-arbeit-soziales","category-kultur-kunst","tag-afd","tag-demonstration","tag-energiepolitik","tag-gut-boese","tag-links-rechts","tag-medienanalyse","tag-sozialabbau"],"jetpack_featured_media_url":"https:\/\/i0.wp.com\/www.freidenker.org\/fw17\/wp-content\/uploads\/2023\/06\/LisaFitz_TeurePumpe_800x450.jpg?fit=800%2C450&ssl=1","jetpack_shortlink":"https:\/\/wp.me\/p9stpK-4gv","jetpack-related-posts":[{"id":18514,"url":"https:\/\/www.freidenker.org\/?p=18514","url_meta":{"origin":16399,"position":0},"title":"Lisa Fitz &#8211; Politiker au\u00dfer Rand und Band","author":"Webredaktion","date":"9. M\u00e4rz 2024","format":false,"excerpt":"Video von\u00a0Lisa Fitz In ihrem neuen St\u00fcck f\u00fcr die NachDenkSeiten besch\u00e4ftigt sich Lisa Fitz mit Verbalinjurien und sonstigen Ausf\u00e4llen, mit Cholerikern, P\u00f6beleien im Bundestag und mit sogenannten \u201eEmotionsdilettanten\u201c. Statt Contenance zu wahren, bes\u00e4\u00dfen manche nur emotionale Inkontinenz. Teilweise hat diese Unart in j\u00fcngster Zeit auch sie selbst betroffen. Lisa Fitz\u2026","rel":"","context":"In &quot;Demokratie \u2013 Medien \u2013 Aufkl\u00e4rung&quot;","block_context":{"text":"Demokratie \u2013 Medien \u2013 Aufkl\u00e4rung","link":"https:\/\/www.freidenker.org\/?cat=12"},"img":{"alt_text":"","src":"https:\/\/i0.wp.com\/www.freidenker.org\/fw17\/wp-content\/uploads\/2024\/03\/Lisa_Fitz_Politiker_ausser_Rand_und_Band_800x450.jpg?fit=800%2C450&ssl=1&resize=350%2C200","width":350,"height":200,"srcset":"https:\/\/i0.wp.com\/www.freidenker.org\/fw17\/wp-content\/uploads\/2024\/03\/Lisa_Fitz_Politiker_ausser_Rand_und_Band_800x450.jpg?fit=800%2C450&ssl=1&resize=350%2C200 1x, https:\/\/i0.wp.com\/www.freidenker.org\/fw17\/wp-content\/uploads\/2024\/03\/Lisa_Fitz_Politiker_ausser_Rand_und_Band_800x450.jpg?fit=800%2C450&ssl=1&resize=525%2C300 1.5x, https:\/\/i0.wp.com\/www.freidenker.org\/fw17\/wp-content\/uploads\/2024\/03\/Lisa_Fitz_Politiker_ausser_Rand_und_Band_800x450.jpg?fit=800%2C450&ssl=1&resize=700%2C400 2x"},"classes":[]},{"id":17112,"url":"https:\/\/www.freidenker.org\/?p=17112","url_meta":{"origin":16399,"position":1},"title":"Lisa Fitz: Vor dem Gesetz sind alle gleich \u2026 Denkste!","author":"Webredaktion","date":"29. September 2023","format":false,"excerpt":"Video von Lisa Fitz Im neuen St\u00fcck von Lisa Fitz f\u00fcr die NachDenkSeiten geht es um den seltsam gn\u00e4digen Umgang mit prominenten Steuers\u00fcndern, um Olaf Scholz und Cum Ex, um Helmut Kohl, um Uli Hoene\u00df, Boris Becker, Alfons Schuhbeck usw. Durchgehend f\u00e4llt auf, wie gn\u00e4dig Staat und Justiz mit Prominenten\u2026","rel":"","context":"In &quot;Demokratie \u2013 Medien \u2013 Aufkl\u00e4rung&quot;","block_context":{"text":"Demokratie \u2013 Medien \u2013 Aufkl\u00e4rung","link":"https:\/\/www.freidenker.org\/?cat=12"},"img":{"alt_text":"","src":"https:\/\/i0.wp.com\/www.freidenker.org\/fw17\/wp-content\/uploads\/2023\/09\/Lisa_Fitz_Hubert_Olaf_Helmut_800x450.jpg?fit=800%2C450&ssl=1&resize=350%2C200","width":350,"height":200,"srcset":"https:\/\/i0.wp.com\/www.freidenker.org\/fw17\/wp-content\/uploads\/2023\/09\/Lisa_Fitz_Hubert_Olaf_Helmut_800x450.jpg?fit=800%2C450&ssl=1&resize=350%2C200 1x, https:\/\/i0.wp.com\/www.freidenker.org\/fw17\/wp-content\/uploads\/2023\/09\/Lisa_Fitz_Hubert_Olaf_Helmut_800x450.jpg?fit=800%2C450&ssl=1&resize=525%2C300 1.5x, https:\/\/i0.wp.com\/www.freidenker.org\/fw17\/wp-content\/uploads\/2023\/09\/Lisa_Fitz_Hubert_Olaf_Helmut_800x450.jpg?fit=800%2C450&ssl=1&resize=700%2C400 2x"},"classes":[]},{"id":14941,"url":"https:\/\/www.freidenker.org\/?p=14941","url_meta":{"origin":16399,"position":2},"title":"Lisa Fitz \u2013 Eine Prise Kinski","author":"Webredaktion","date":"5. Januar 2023","format":false,"excerpt":"Video von Lisa Fitz Lisa Fitz, die als Kabarettistin seit Jahrzehnten auf politische und gesellschaftliche Missst\u00e4nde hinweist, besch\u00e4ftigt sich in ihrem neuesten St\u00fcck satirisch mit dem \u201cjournalistischen Meister\u2026 Meisnerhandwerk\u201d sowie Anw\u00fcrfen unter der G\u00fcrtellinie gegen sie und auch gegen die NachDenkSeiten. - \u00dcber die \"M\u00f6chte - gern - auch -\u2026","rel":"","context":"In &quot;Demokratie \u2013 Medien \u2013 Aufkl\u00e4rung&quot;","block_context":{"text":"Demokratie \u2013 Medien \u2013 Aufkl\u00e4rung","link":"https:\/\/www.freidenker.org\/?cat=12"},"img":{"alt_text":"","src":"https:\/\/i0.wp.com\/www.freidenker.org\/fw17\/wp-content\/uploads\/2023\/01\/Lisa-Fitz_Prise-Kinski_800x450.jpg?fit=800%2C450&ssl=1&resize=350%2C200","width":350,"height":200,"srcset":"https:\/\/i0.wp.com\/www.freidenker.org\/fw17\/wp-content\/uploads\/2023\/01\/Lisa-Fitz_Prise-Kinski_800x450.jpg?fit=800%2C450&ssl=1&resize=350%2C200 1x, https:\/\/i0.wp.com\/www.freidenker.org\/fw17\/wp-content\/uploads\/2023\/01\/Lisa-Fitz_Prise-Kinski_800x450.jpg?fit=800%2C450&ssl=1&resize=525%2C300 1.5x, https:\/\/i0.wp.com\/www.freidenker.org\/fw17\/wp-content\/uploads\/2023\/01\/Lisa-Fitz_Prise-Kinski_800x450.jpg?fit=800%2C450&ssl=1&resize=700%2C400 2x"},"classes":[]},{"id":19503,"url":"https:\/\/www.freidenker.org\/?p=19503","url_meta":{"origin":16399,"position":3},"title":"Lisa Fitz \u2013 S\u00f6der, Demokratie &#038; Wahrheit","author":"Webredaktion","date":"15. Juli 2024","format":false,"excerpt":"Video von\u00a0Lisa Fitz Ich begr\u00fc\u00dfe euch zu einem neuen Video auf den NachDenkSeiten. Heute geht\u2019s um die Demokratie, um die Wahrheitssuche und den Markus S\u00f6der. Viel Vergn\u00fcgen. Bis zum Schluss dranbleiben.","rel":"","context":"In &quot;Demokratie \u2013 Medien \u2013 Aufkl\u00e4rung&quot;","block_context":{"text":"Demokratie \u2013 Medien \u2013 Aufkl\u00e4rung","link":"https:\/\/www.freidenker.org\/?cat=12"},"img":{"alt_text":"","src":"https:\/\/i0.wp.com\/www.freidenker.org\/fw17\/wp-content\/uploads\/2024\/07\/Lisa_Fitz_Soeder_800x450.jpg?fit=800%2C450&ssl=1&resize=350%2C200","width":350,"height":200,"srcset":"https:\/\/i0.wp.com\/www.freidenker.org\/fw17\/wp-content\/uploads\/2024\/07\/Lisa_Fitz_Soeder_800x450.jpg?fit=800%2C450&ssl=1&resize=350%2C200 1x, https:\/\/i0.wp.com\/www.freidenker.org\/fw17\/wp-content\/uploads\/2024\/07\/Lisa_Fitz_Soeder_800x450.jpg?fit=800%2C450&ssl=1&resize=525%2C300 1.5x, https:\/\/i0.wp.com\/www.freidenker.org\/fw17\/wp-content\/uploads\/2024\/07\/Lisa_Fitz_Soeder_800x450.jpg?fit=800%2C450&ssl=1&resize=700%2C400 2x"},"classes":[]},{"id":18357,"url":"https:\/\/www.freidenker.org\/?p=18357","url_meta":{"origin":16399,"position":4},"title":"Lisa Fitz &#8211; Batterien","author":"Webredaktion","date":"25. Februar 2024","format":false,"excerpt":"Video von\u00a0Lisa Fitz \u201eJa, es ist keine einfache Zeit im Moment, aber\u2026 denken Sie immer dran: JETZT ist die Zeit, von der Sie sp\u00e4ter mal sagen werden: Das war noch die gute alte Zeit!\u201c. So beginnt das neue St\u00fcck von Lisa Fitz. Ein ziemlich deprimierendes St\u00fcck. Mit einem P.S. kommentiert\u2026","rel":"","context":"In &quot;Demokratie \u2013 Medien \u2013 Aufkl\u00e4rung&quot;","block_context":{"text":"Demokratie \u2013 Medien \u2013 Aufkl\u00e4rung","link":"https:\/\/www.freidenker.org\/?cat=12"},"img":{"alt_text":"","src":"https:\/\/i0.wp.com\/www.freidenker.org\/fw17\/wp-content\/uploads\/2024\/02\/Lisa_Fitz_Batterien_v2_800x450.jpg?fit=800%2C450&ssl=1&resize=350%2C200","width":350,"height":200,"srcset":"https:\/\/i0.wp.com\/www.freidenker.org\/fw17\/wp-content\/uploads\/2024\/02\/Lisa_Fitz_Batterien_v2_800x450.jpg?fit=800%2C450&ssl=1&resize=350%2C200 1x, https:\/\/i0.wp.com\/www.freidenker.org\/fw17\/wp-content\/uploads\/2024\/02\/Lisa_Fitz_Batterien_v2_800x450.jpg?fit=800%2C450&ssl=1&resize=525%2C300 1.5x, https:\/\/i0.wp.com\/www.freidenker.org\/fw17\/wp-content\/uploads\/2024\/02\/Lisa_Fitz_Batterien_v2_800x450.jpg?fit=800%2C450&ssl=1&resize=700%2C400 2x"},"classes":[]},{"id":22422,"url":"https:\/\/www.freidenker.org\/?p=22422","url_meta":{"origin":16399,"position":5},"title":"Lisa Fitz \u2013 Die Wehrpflicht kommt zur\u00fcck","author":"Webredaktion","date":"21. Juli 2025","format":false,"excerpt":"Video von\u00a0Lisa Fitz Man munkelt, die Wehrpflicht soll zur\u00fcckkommen. Ja! Stramm gesessen und zugeh\u00f6rt! Jetzt frage ich Sie \u2026 f\u00fcr einen Freund. Wohin denn? Wie denn? Wo laufen Sie denn \u2026? Keine Kasernen, keine Kreiswehrersatz\u00e4mter, null Ausbilder \u2026 Was aber in Massen vorhanden ist, sind Pinguine, Berater mit Krawatten und\u2026","rel":"","context":"In &quot;Demokratie \u2013 Medien \u2013 Aufkl\u00e4rung&quot;","block_context":{"text":"Demokratie \u2013 Medien \u2013 Aufkl\u00e4rung","link":"https:\/\/www.freidenker.org\/?cat=12"},"img":{"alt_text":"","src":"https:\/\/i0.wp.com\/www.freidenker.org\/fw17\/wp-content\/uploads\/2025\/07\/lisa_fitz_wehrpflicht_800x450.jpg?fit=800%2C450&ssl=1&resize=350%2C200","width":350,"height":200,"srcset":"https:\/\/i0.wp.com\/www.freidenker.org\/fw17\/wp-content\/uploads\/2025\/07\/lisa_fitz_wehrpflicht_800x450.jpg?fit=800%2C450&ssl=1&resize=350%2C200 1x, https:\/\/i0.wp.com\/www.freidenker.org\/fw17\/wp-content\/uploads\/2025\/07\/lisa_fitz_wehrpflicht_800x450.jpg?fit=800%2C450&ssl=1&resize=525%2C300 1.5x, https:\/\/i0.wp.com\/www.freidenker.org\/fw17\/wp-content\/uploads\/2025\/07\/lisa_fitz_wehrpflicht_800x450.jpg?fit=800%2C450&ssl=1&resize=700%2C400 2x"},"classes":[]}],"_links":{"self":[{"href":"https:\/\/www.freidenker.org\/index.php?rest_route=\/wp\/v2\/posts\/16399","targetHints":{"allow":["GET"]}}],"collection":[{"href":"https:\/\/www.freidenker.org\/index.php?rest_route=\/wp\/v2\/posts"}],"about":[{"href":"https:\/\/www.freidenker.org\/index.php?rest_route=\/wp\/v2\/types\/post"}],"author":[{"embeddable":true,"href":"https:\/\/www.freidenker.org\/index.php?rest_route=\/wp\/v2\/users\/3"}],"replies":[{"embeddable":true,"href":"https:\/\/www.freidenker.org\/index.php?rest_route=%2Fwp%2Fv2%2Fcomments&post=16399"}],"version-history":[{"count":0,"href":"https:\/\/www.freidenker.org\/index.php?rest_route=\/wp\/v2\/posts\/16399\/revisions"}],"wp:featuredmedia":[{"embeddable":true,"href":"https:\/\/www.freidenker.org\/index.php?rest_route=\/wp\/v2\/media\/16401"}],"wp:attachment":[{"href":"https:\/\/www.freidenker.org\/index.php?rest_route=%2Fwp%2Fv2%2Fmedia&parent=16399"}],"wp:term":[{"taxonomy":"category","embeddable":true,"href":"https:\/\/www.freidenker.org\/index.php?rest_route=%2Fwp%2Fv2%2Fcategories&post=16399"},{"taxonomy":"post_tag","embeddable":true,"href":"https:\/\/www.freidenker.org\/index.php?rest_route=%2Fwp%2Fv2%2Ftags&post=16399"}],"curies":[{"name":"wp","href":"https:\/\/api.w.org\/{rel}","templated":true}]}}