{"id":16372,"date":"2023-06-28T03:03:13","date_gmt":"2023-06-28T01:03:13","guid":{"rendered":"https:\/\/www.freidenker.org\/?p=16372"},"modified":"2023-07-16T11:25:28","modified_gmt":"2023-07-16T09:25:28","slug":"oskar-lafontaine-im-interview-gruene-sind-der-us-politik-unterworfen","status":"publish","type":"post","link":"https:\/\/www.freidenker.org\/?p=16372","title":{"rendered":"Oskar Lafontaine im Interview: &#8222;Gr\u00fcne sind der US-Politik unterworfen&#8220;"},"content":{"rendered":"<p><strong>Oskar Lafontaine r\u00e4umt in einem Interview mit vielen Glaubenss\u00e4tzen der deutschen Politik auf. Vom Ukraine-Konflikt bis hin zu den Menschenrechten stellt Lafontaine die deutsche Politik vom Kopf auf die F\u00fc\u00dfe. Das Interview bildet ein Gegengewicht zu der in Talkshows verbreiteten Einheitsmeinung. <\/strong><\/p>\n<p><em>Interview von <strong>Tom J. Wellbrock<\/strong> mit <strong>Oskar Lafontaine<\/strong><\/em><\/p>\n<p><span style=\"font-size: 10pt;\">Erstver\u00f6ffentlichung des Podcast am 23.06.2023 auf <a href=\"https:\/\/www.neulandrebellen.de\/2023\/06\/oskar-lafontaine-das-ist-fuer-mich-alles-hohles-geschwaetz\/\" target=\"_blank\" rel=\"noopener\">neulandrebellen.de<\/a><\/span><\/p>\n<p><span style=\"font-size: 10pt;\">Erstver\u00f6ffentlichung des Textes am 25.06.2023 auf <a href=\"https:\/\/pressefreiheit.rtde.live\/inland\/173613-oskar-lafontaine-im-interview-gruene\/\" target=\"_blank\" rel=\"noopener\">RT DE<\/a><\/span><\/p>\n<p>Im Interview mit Tom Wellbrock streift der ehemalige SPD-Politiker und Gr\u00fcnder der Partei Die Linke, Oskar Lafontaine, zahlreiche Themenfelder der aktuellen Politik und r\u00e4umt mit vielem auf, was in Deutschland f\u00fcr wahr gehalten wird, jedoch nicht den Fakten entspricht.<\/p>\n<div class=\"jetpack-video-wrapper\"><span class=\"embed-youtube\" style=\"text-align:center; display: block;\"><iframe loading=\"lazy\" class=\"youtube-player\" width=\"800\" height=\"450\" src=\"https:\/\/www.youtube.com\/embed\/s3o0r4zZtAI?version=3&#038;rel=1&#038;showsearch=0&#038;showinfo=1&#038;iv_load_policy=1&#038;fs=1&#038;hl=de-DE&#038;autohide=2&#038;wmode=transparent\" allowfullscreen=\"true\" style=\"border:0;\" sandbox=\"allow-scripts allow-same-origin allow-popups allow-presentation allow-popups-to-escape-sandbox\"><\/iframe><\/span><\/div>\n<p><span style=\"font-size: 10pt;\">Direktlink zum Podcast der Wohlstandsneurotiker auf YouTube: <a href=\"https:\/\/www.youtube.com\/watch?v=s3o0r4zZtAI\" target=\"_blank\" rel=\"noopener\">https:\/\/www.youtube.com\/watch?v=s3o0r4zZtAI<\/a><\/span><\/p>\n<p>Da ist zun\u00e4chst das Thema Ukraine. Die Position der Bundesregierung, die von vielen Deutschen geteilt wird, ist, dass die Ukraine von Russland brutal \u00fcberfallen wurde, sich verteidigt und Deutschland zur Lieferung von Waffen daher moralisch verpflichtet sei. Die Ukraine verteidige westliche Werte, Demokratie und Freiheit gegen den russischen Autoritarismus. Wenn die Ukraine heute f\u00e4llt, stehe der Russe morgen in Berlin \u2013 eine Floskel, die in deutschen Talkshows mantraartig wiederholt wird.<\/p>\n<p>Lafontaine widerspricht dieser Sicht. Der Westen tr\u00e4gt f\u00fcr den Ukraine-Krieg eine Mitverantwortung, meint Lafontaine. Er gibt damit die Sicht auf den Konflikt wieder, die von einer gro\u00dfen Zahl von L\u00e4ndern geteilt wird.<\/p>\n<blockquote><p><em>&#8222;Die Ukraine ist nur das Schlachtfeld. In der Ukraine k\u00e4mpfen die USA gegen Russland&#8220;, sagt Lafontaine.\u00a0<\/em><\/p><\/blockquote>\n<p>Dass die Ukraine Deutschland nach dem Ende des Konflikts f\u00fcr all die gelieferten Waffen und die milit\u00e4rische Unterst\u00fctzung dankbar sein wird, bezweifelt Wellbrock. Im Gegenteil. Die Ukraine wird Deutschland f\u00fcr die Zerst\u00f6rung und das Leid der Ukrainer verantwortlich machen.<\/p>\n<p>Lafontaine st\u00fctzt diese These:<\/p>\n<blockquote><p><em>&#8222;Wer glaubt, mit Waffenlieferungen k\u00f6nne man den Konflikt beenden, m\u00fcsse jetzt, nach \u00fcber einem Jahr, dar\u00fcber nachdenken, ob das der richtige Weg war.&#8220;<\/em><\/p><\/blockquote>\n<p>Lafontaine rechnete zudem mit der Politik der Gr\u00fcnen ab. Deren Politik diene nicht Deutschland, was man an der Energiepolitik deutlich sehen k\u00f6nne. Sie verteuert deutsche Produkte und sch\u00e4digt damit den Wirtschaftsstandort.<\/p>\n<blockquote><p><em>&#8222;Die Gr\u00fcnen sind in einem Ausma\u00df der US-Politik unterworfen, wie ich das niemals geahnt h\u00e4tte. So lange die Gr\u00fcnen an der Regierung sind, werden US-Interessen umgesetzt.&#8220; <\/em><\/p><\/blockquote>\n<p>Schlie\u00dflich beleuchtet Lafontaine den Aspekt der au\u00dfenpolitischen Doppelmoral Deutschlands. Deutsche Politiker f\u00fchlen sich seit einigen Jahren regelm\u00e4\u00dfig dazu berechtigt, sich unter Verweis auf die Menschenrechte in die inneren Angelegenheiten anderer L\u00e4nder einzumischen.<\/p>\n<blockquote><p><em>&#8222;Kein anderes Land hat die Menschenrechte so unendlich mit F\u00fc\u00dfen getreten wie die USA. Doch kein deutscher Politiker hat jemals in Washington die Menschenrechte angemahnt. Die Menschenrechte fallen deutschen Politikern immer nur ein, wenn sie in die andere Richtung fahren.&#8220;<\/em><\/p><\/blockquote>\n<p>Besprochen wurden noch zahlreiche weitere Themen, etwa\u00a0das grundlegende Versagen der deutschen Medien oder die Frage, wer f\u00fcr die Sprengung von Nord Stream verantwortlich ist.<\/p>\n<p>Das Interview wirft damit auch ein Schlaglicht auf die Tatsache, dass sich der \u00f6ffentliche Diskurs von der Realit\u00e4t und den Fakten weitgehend entkoppelt hat. Lafontaines Einlassungen stellen den politischen Diskurs vom Kopf wieder auf die F\u00fc\u00dfe. Man w\u00fcnscht sich mehr davon.<\/p>\n<p>&nbsp;<\/p>\n<p style=\"text-align: right;\"><em>Tom J. Wellbrock ist Texter und Sprecher und betrieb gemeinsam mit Jens Berger den Blog Spiegelfechter. Aktuell betreibt er gemeinsam mit Roberto J. De Lapuente den Blog <a href=\"https:\/\/www.neulandrebellen.de\/\" target=\"_blank\" rel=\"noopener\">Neulandrebellen.de<\/a> sowie den <a href=\"https:\/\/t.me\/Randnotizen_aus_der_Mitte\" target=\"_blank\" rel=\"noopener\">Telegram-Kanal &#8222;Randnotizen aus der Mitte&#8220;<\/a>.<\/em><\/p>\n<p style=\"text-align: right;\"><em>Oskar Lafontaine ist Publizist und Buchautor. Er war Ministerpr\u00e4sident des Saarlandes, Kanzlerkandidat der SPD, Finanzminister im Kabinett Schr\u00f6der und Mitbegr\u00fcnder der Partei Die LINKE<\/em><\/p>\n<hr \/>\n<p><span style=\"font-size: 10pt;\">Bild: Screenshot aus dem <a href=\"https:\/\/www.youtube.com\/watch?v=s3o0r4zZtAI\" target=\"_blank\" rel=\"noopener\">Video der Wohlstandsneurotiker<\/a><\/span><\/p>\n<p>&nbsp;<\/p>\n","protected":false},"excerpt":{"rendered":"<p><b>Interview von Tom J. Wellbrock mit Oskar Lafontaine<\/b><br \/>\nIm Interview mit Tom Wellbrock streift der ehemalige SPD-Politiker und Gr\u00fcnder der Partei Die Linke, Oskar Lafontaine, zahlreiche Themenfelder der aktuellen Politik und r\u00e4umt mit vielem auf, was in Deutschland f\u00fcr wahr gehalten wird, jedoch nicht den Fakten entspricht.\u00a0Da ist zun\u00e4chst das Thema Ukraine. Die Position der Bundesregierung, die von vielen Deutschen geteilt wird, ist, dass die Ukraine von Russland brutal \u00fcberfallen wurde, sich verteidigt und Deutschland zur Lieferung von Waffen daher moralisch verpflichtet sei. Die Ukraine verteidige westliche Werte, Demokratie und Freiheit gegen den russischen Autoritarismus. Wenn die Ukraine heute f\u00e4llt, stehe der Russe morgen in Berlin \u2013 eine Floskel, die in deutschen Talkshows mantraartig wiederholt wird.\u00a0<\/p>\n","protected":false},"author":3,"featured_media":16373,"comment_status":"closed","ping_status":"closed","sticky":false,"template":"","format":"standard","meta":{"colormag_page_container_layout":"default_layout","colormag_page_sidebar_layout":"default_layout","advanced_seo_description":"","jetpack_seo_html_title":"","jetpack_seo_noindex":false,"jetpack_post_was_ever_published":false,"footnotes":""},"categories":[12],"tags":[699,452,627,1282,1030,638,563,1317,222,639,185,1525],"class_list":["post-16372","post","type-post","status-publish","format-standard","has-post-thumbnail","hentry","category-demokratie-medien-aufklaerung","tag-aussenpolitik","tag-deutschland","tag-energiepolitik","tag-gruene","tag-linke","tag-medienverantwortung","tag-menschenrechte","tag-nord-stream","tag-russland","tag-ukraine-konflikt","tag-usa","tag-waffenlieferungen"],"jetpack_featured_media_url":"https:\/\/i0.wp.com\/www.freidenker.org\/fw17\/wp-content\/uploads\/2023\/06\/Lafontaine_800x450.jpg?fit=800%2C450&ssl=1","jetpack_shortlink":"https:\/\/wp.me\/p9stpK-4g4","jetpack-related-posts":[{"id":11451,"url":"https:\/\/www.freidenker.org\/?p=11451","url_meta":{"origin":16372,"position":0},"title":"Das zwangsl\u00e4ufige Debakel der Linken","author":"Webredaktion","date":"24. Oktober 2021","format":false,"excerpt":"Ein Kommentar von Rainer Rupp. ... In den letzten Tagen bin ich immer wieder gefragt worden, was in der \u201eLinken\u201c los ist, warum operiert die F\u00fchrung immer wieder derart selbstzerst\u00f6rerisch, sodass man schon Absicht dahinter vermuten k\u00f6nnte. Gefragt wird auch, warum die wenigen noch in der Partei verblieben Pers\u00f6nlichkeiten, die\u2026","rel":"","context":"In &quot;Demokratie \u2013 Medien \u2013 Aufkl\u00e4rung&quot;","block_context":{"text":"Demokratie \u2013 Medien \u2013 Aufkl\u00e4rung","link":"https:\/\/www.freidenker.org\/?cat=12"},"img":{"alt_text":"","src":"https:\/\/i0.wp.com\/www.freidenker.org\/fw17\/wp-content\/uploads\/2021\/10\/Linke_Wissler_Jalousie_800x450.jpg?fit=800%2C450&ssl=1&resize=350%2C200","width":350,"height":200,"srcset":"https:\/\/i0.wp.com\/www.freidenker.org\/fw17\/wp-content\/uploads\/2021\/10\/Linke_Wissler_Jalousie_800x450.jpg?fit=800%2C450&ssl=1&resize=350%2C200 1x, https:\/\/i0.wp.com\/www.freidenker.org\/fw17\/wp-content\/uploads\/2021\/10\/Linke_Wissler_Jalousie_800x450.jpg?fit=800%2C450&ssl=1&resize=525%2C300 1.5x, https:\/\/i0.wp.com\/www.freidenker.org\/fw17\/wp-content\/uploads\/2021\/10\/Linke_Wissler_Jalousie_800x450.jpg?fit=800%2C450&ssl=1&resize=700%2C400 2x"},"classes":[]},{"id":19477,"url":"https:\/\/www.freidenker.org\/?p=19477","url_meta":{"origin":16372,"position":1},"title":"Was ist los mit dem B\u00fcndnis Sahra Wagenknecht?","author":"Webredaktion","date":"9. Juli 2024","format":false,"excerpt":"Beitrag von Anneliese Fikentscher und Andreas Neumann und Widerspruch aus dem LV NRW Die Abgeordneten zweier Parteien sind dem Auftritt von Wolodymyr Selenskyj im Bundestag am 11. Juni 2024 ferngeblieben: AfD und BSW. Die AfD-Fraktion ist mit folgender Begr\u00fcndung ihrer Fraktionsvorsitzenden Alice Weidel und Tino Chrupalla dem Auftritt von Selenskyj\u2026","rel":"","context":"In &quot;Demokratie \u2013 Medien \u2013 Aufkl\u00e4rung&quot;","block_context":{"text":"Demokratie \u2013 Medien \u2013 Aufkl\u00e4rung","link":"https:\/\/www.freidenker.org\/?cat=12"},"img":{"alt_text":"","src":"https:\/\/i0.wp.com\/www.freidenker.org\/fw17\/wp-content\/uploads\/2024\/07\/Wagenknecht._Nein_zu_Kriegen_2023_03_800x450.jpg?fit=800%2C450&ssl=1&resize=350%2C200","width":350,"height":200,"srcset":"https:\/\/i0.wp.com\/www.freidenker.org\/fw17\/wp-content\/uploads\/2024\/07\/Wagenknecht._Nein_zu_Kriegen_2023_03_800x450.jpg?fit=800%2C450&ssl=1&resize=350%2C200 1x, https:\/\/i0.wp.com\/www.freidenker.org\/fw17\/wp-content\/uploads\/2024\/07\/Wagenknecht._Nein_zu_Kriegen_2023_03_800x450.jpg?fit=800%2C450&ssl=1&resize=525%2C300 1.5x, https:\/\/i0.wp.com\/www.freidenker.org\/fw17\/wp-content\/uploads\/2024\/07\/Wagenknecht._Nein_zu_Kriegen_2023_03_800x450.jpg?fit=800%2C450&ssl=1&resize=700%2C400 2x"},"classes":[]},{"id":14160,"url":"https:\/\/www.freidenker.org\/?p=14160","url_meta":{"origin":16372,"position":2},"title":"Ziele","author":"Webredaktion","date":"6. September 2022","format":false,"excerpt":"Beitrag von Willy Wimmer Spiegel-online meldete am 2.9.2022 kurzzeitig, da\u00df SPD-MdBs von dem Bundeskanzler eine auf Beendigung des Krieges in der Ukraine und einen Friedensschlu\u00df ausgerichtete Politik fordern w\u00fcrden. Das ist nicht das erste Mal, Stimmen dieser Tonlage aus der SPD zu vernehmen. In dem Ma\u00dfe, wie SPD-Fraktionsvorsitzender Rolf M\u00fctzenich\u2026","rel":"","context":"In &quot;Frieden - Antifaschismus - Solidarit\u00e4t&quot;","block_context":{"text":"Frieden - Antifaschismus - Solidarit\u00e4t","link":"https:\/\/www.freidenker.org\/?cat=13"},"img":{"alt_text":"","src":"https:\/\/i0.wp.com\/www.freidenker.org\/fw17\/wp-content\/uploads\/2022\/09\/buffer-stop-172266_800x450.jpg?fit=800%2C450&ssl=1&resize=350%2C200","width":350,"height":200,"srcset":"https:\/\/i0.wp.com\/www.freidenker.org\/fw17\/wp-content\/uploads\/2022\/09\/buffer-stop-172266_800x450.jpg?fit=800%2C450&ssl=1&resize=350%2C200 1x, https:\/\/i0.wp.com\/www.freidenker.org\/fw17\/wp-content\/uploads\/2022\/09\/buffer-stop-172266_800x450.jpg?fit=800%2C450&ssl=1&resize=525%2C300 1.5x, https:\/\/i0.wp.com\/www.freidenker.org\/fw17\/wp-content\/uploads\/2022\/09\/buffer-stop-172266_800x450.jpg?fit=800%2C450&ssl=1&resize=700%2C400 2x"},"classes":[]},{"id":18029,"url":"https:\/\/www.freidenker.org\/?p=18029","url_meta":{"origin":16372,"position":3},"title":"Deutsche Wiedervereinigung &#8211; Vier Attentate &#8211; Viele offene Fragen","author":"Webredaktion","date":"28. Januar 2024","format":false,"excerpt":"Analyse von Wolfgang Effenberger Anfang dieses Jahres erhielt ich von einer Historikerin aus dem befreundeten Ausland die Anfrage, ob die vier Attentate (Herrhausen \/ November 1989, Lafontaine \/ April 1990, Sch\u00e4uble \/ Oktober 1990 und Rohwedder \/ April 1991) zum Zweck der transatlantisch gewollten und gesteuerten ENTGLEISUNG der deutschen Wiedervereinigung\u2026","rel":"","context":"In &quot;Demokratie \u2013 Medien \u2013 Aufkl\u00e4rung&quot;","block_context":{"text":"Demokratie \u2013 Medien \u2013 Aufkl\u00e4rung","link":"https:\/\/www.freidenker.org\/?cat=12"},"img":{"alt_text":"","src":"https:\/\/i0.wp.com\/www.freidenker.org\/fw17\/wp-content\/uploads\/2024\/01\/vier_attentate_800x450_v2-1.jpg?fit=800%2C450&ssl=1&resize=350%2C200","width":350,"height":200,"srcset":"https:\/\/i0.wp.com\/www.freidenker.org\/fw17\/wp-content\/uploads\/2024\/01\/vier_attentate_800x450_v2-1.jpg?fit=800%2C450&ssl=1&resize=350%2C200 1x, https:\/\/i0.wp.com\/www.freidenker.org\/fw17\/wp-content\/uploads\/2024\/01\/vier_attentate_800x450_v2-1.jpg?fit=800%2C450&ssl=1&resize=525%2C300 1.5x, https:\/\/i0.wp.com\/www.freidenker.org\/fw17\/wp-content\/uploads\/2024\/01\/vier_attentate_800x450_v2-1.jpg?fit=800%2C450&ssl=1&resize=700%2C400 2x"},"classes":[]},{"id":13769,"url":"https:\/\/www.freidenker.org\/?p=13769","url_meta":{"origin":16372,"position":4},"title":"Keiner soll hungern, ohne zu frieren. Der Weg in die Katastrophe","author":"Webredaktion","date":"16. Juli 2022","format":false,"excerpt":"Beitrag von Wolfgang Bittner Am 6. Juli 2022 wiederholte Bundeswirtschaftsminister Robert Habeck auf der M\u00fcnchner Handwerksmesse das, was er schon mehrmals gesagt hat: \u201eEs kommen noch enorme Preiserh\u00f6hungen auf uns zu.\u201c Der Herbst werde teuer, und auf etwa 50 Prozent der Bev\u00f6lkerung komme eine Situation zu, \u201ein der sie weniger\u2026","rel":"","context":"In &quot;Arbeit &amp; Soziales&quot;","block_context":{"text":"Arbeit &amp; Soziales","link":"https:\/\/www.freidenker.org\/?cat=11"},"img":{"alt_text":"","src":"https:\/\/i0.wp.com\/www.freidenker.org\/fw17\/wp-content\/uploads\/2022\/07\/irish_famine_memorial_800x450.jpg?fit=800%2C450&ssl=1&resize=350%2C200","width":350,"height":200,"srcset":"https:\/\/i0.wp.com\/www.freidenker.org\/fw17\/wp-content\/uploads\/2022\/07\/irish_famine_memorial_800x450.jpg?fit=800%2C450&ssl=1&resize=350%2C200 1x, https:\/\/i0.wp.com\/www.freidenker.org\/fw17\/wp-content\/uploads\/2022\/07\/irish_famine_memorial_800x450.jpg?fit=800%2C450&ssl=1&resize=525%2C300 1.5x, https:\/\/i0.wp.com\/www.freidenker.org\/fw17\/wp-content\/uploads\/2022\/07\/irish_famine_memorial_800x450.jpg?fit=800%2C450&ssl=1&resize=700%2C400 2x"},"classes":[]},{"id":14771,"url":"https:\/\/www.freidenker.org\/?p=14771","url_meta":{"origin":16372,"position":5},"title":"Weltmeister in Doppelmoral","author":"Webredaktion","date":"30. November 2022","format":false,"excerpt":"Kommentar von Evelyn Hecht-Galinski Wenn der Bundestag am 30. November auf massiven jahrzehntelangen Druck der Ukraine-Lobby die Hungersnot in der Ukraine 1932\/33, den so genannten \u201eHolodomor\u201c, zum Genozid erkl\u00e4ren wird, w\u00e4re das nur ein weiterer Tiefpunkt der deutschen Au\u00dfenpolitik. Dieser \u201eHolodomor\u201c war den meisten Historikern gem\u00e4\u00df kein Genozid, sondern eine\u2026","rel":"","context":"In &quot;Demokratie \u2013 Medien \u2013 Aufkl\u00e4rung&quot;","block_context":{"text":"Demokratie \u2013 Medien \u2013 Aufkl\u00e4rung","link":"https:\/\/www.freidenker.org\/?cat=12"},"img":{"alt_text":"","src":"https:\/\/i0.wp.com\/www.freidenker.org\/fw17\/wp-content\/uploads\/2022\/11\/holodomor_montage_800x450.jpg?fit=800%2C450&ssl=1&resize=350%2C200","width":350,"height":200,"srcset":"https:\/\/i0.wp.com\/www.freidenker.org\/fw17\/wp-content\/uploads\/2022\/11\/holodomor_montage_800x450.jpg?fit=800%2C450&ssl=1&resize=350%2C200 1x, https:\/\/i0.wp.com\/www.freidenker.org\/fw17\/wp-content\/uploads\/2022\/11\/holodomor_montage_800x450.jpg?fit=800%2C450&ssl=1&resize=525%2C300 1.5x, https:\/\/i0.wp.com\/www.freidenker.org\/fw17\/wp-content\/uploads\/2022\/11\/holodomor_montage_800x450.jpg?fit=800%2C450&ssl=1&resize=700%2C400 2x"},"classes":[]}],"_links":{"self":[{"href":"https:\/\/www.freidenker.org\/index.php?rest_route=\/wp\/v2\/posts\/16372","targetHints":{"allow":["GET"]}}],"collection":[{"href":"https:\/\/www.freidenker.org\/index.php?rest_route=\/wp\/v2\/posts"}],"about":[{"href":"https:\/\/www.freidenker.org\/index.php?rest_route=\/wp\/v2\/types\/post"}],"author":[{"embeddable":true,"href":"https:\/\/www.freidenker.org\/index.php?rest_route=\/wp\/v2\/users\/3"}],"replies":[{"embeddable":true,"href":"https:\/\/www.freidenker.org\/index.php?rest_route=%2Fwp%2Fv2%2Fcomments&post=16372"}],"version-history":[{"count":0,"href":"https:\/\/www.freidenker.org\/index.php?rest_route=\/wp\/v2\/posts\/16372\/revisions"}],"wp:featuredmedia":[{"embeddable":true,"href":"https:\/\/www.freidenker.org\/index.php?rest_route=\/wp\/v2\/media\/16373"}],"wp:attachment":[{"href":"https:\/\/www.freidenker.org\/index.php?rest_route=%2Fwp%2Fv2%2Fmedia&parent=16372"}],"wp:term":[{"taxonomy":"category","embeddable":true,"href":"https:\/\/www.freidenker.org\/index.php?rest_route=%2Fwp%2Fv2%2Fcategories&post=16372"},{"taxonomy":"post_tag","embeddable":true,"href":"https:\/\/www.freidenker.org\/index.php?rest_route=%2Fwp%2Fv2%2Ftags&post=16372"}],"curies":[{"name":"wp","href":"https:\/\/api.w.org\/{rel}","templated":true}]}}