{"id":16368,"date":"2023-06-28T03:03:05","date_gmt":"2023-06-28T01:03:05","guid":{"rendered":"https:\/\/www.freidenker.org\/?p=16368"},"modified":"2023-07-16T11:25:18","modified_gmt":"2023-07-16T09:25:18","slug":"der-mann-ist-das-groesste-geschenk","status":"publish","type":"post","link":"https:\/\/www.freidenker.org\/?p=16368","title":{"rendered":"&#8222;Der Mann ist das gr\u00f6\u00dfte Geschenk!&#8220;"},"content":{"rendered":"<h4 class=\"article-meta__title\">Das russische Fernsehen \u00fcber die Reaktion in Europa auf den Putschversuch<\/h4>\n<div><strong>Der Putschversuch in Russland wurde weltweit genau beobachtet. Interessant ist, wie in Russland \u00fcber die Reaktion in Europa berichtet wurde.<\/strong><\/div>\n<p><em>von <strong>Anti-Spiegel<\/strong> (d.i. <strong>Thomas R\u00f6per<\/strong>)<\/em><\/p>\n<p><span style=\"font-size: 10pt;\">Erstver\u00f6ffentlichung am 26.06.2023 auf <a href=\"https:\/\/www.anti-spiegel.ru\/2023\/das-russische-fernsehen-ueber-die-reaktion-in-europa-auf-den-putschversuch\/\" target=\"_blank\" rel=\"noopener\">anti-spiegel.ru<\/a><\/span><\/p>\n<p>Wie jeden Sonntag war der Bericht des Deutschland-Korrespondenten einer der interessantesten im w\u00f6chentlichen Nachrichtenr\u00fcckblick des russischen Fernsehens. Er hat berichtet, wie der Putschversuch in Europa aufgenommen wurde, aber er hatte nat\u00fcrlich auch andere interessante Themen der Woche, die aus russischer Sicht ganz anders klingen als in deutschen Medien. Wie fast jeden Sonntag habe ich den <a href=\"https:\/\/vesti7.ru\/video\/2638498\/episode\/25-06-2023\/\" target=\"_blank\" rel=\"noreferrer noopener\">Korrespondentenbericht<\/a> aus Deutschland \u00fcbersetzt.<\/p>\n<pre>Beginn der \u00dcbersetzung:<\/pre>\n<h5 style=\"padding-left: 40px;\">Aufstand und Gegenangriff: Die Reaktion Europas<\/h5>\n<p style=\"padding-left: 40px;\">Die Nachricht von dem bewaffneten Aufstand in Russland wurde von Europa mit reibenden H\u00e4nden aufgenommen. Nat\u00fcrlich, schlie\u00dflich ist jede Uneinigkeit bei uns eine Hoffnung auf Russlands Niederlage. Aus Europa berichtet unser Korrespondent.<\/p>\n<p style=\"padding-left: 40px;\">In allen europ\u00e4ischen Hauptst\u00e4dten werden die Ereignisse um Wagner seit Freitagabend mit gro\u00dfer Aufmerksamkeit verfolgt, so die offiziellen Pressemitteilungen. Auch die Fernsehberichterstattung wird regelm\u00e4\u00dfig durch Breaking News unterbrochen, Eilmeldungen unter Einbeziehung verschiedener Experten, die ihren Jubel kaum verbergen k\u00f6nnen: Sie haben den Champagner noch nicht ge\u00f6ffnet, aber f\u00fcr alle F\u00e4lle schon mal kalt gestellt.<\/p>\n<p style=\"padding-left: 40px;\">\u201eDas ist eine gro\u00dfartige Gelegenheit f\u00fcr die Ukraine, sich die derzeitigen Unruhen und das Chaos in Russland zunutze zu machen\u201c, sagt Tobias Ellwood, Vorsitzender des Verteidigungsausschusses des britischen Parlaments.<\/p>\n<p style=\"padding-left: 40px;\">Auf den Websites britischer Medien sind Karten mit Pfeilen aufgetaucht, die zeigen, wohin Prigoschins Gruppe vordringt. Der Name des Mannes ist in Europa wohlbekannt, aber es ist das erste Mal, dass er von solchen Worten begleitet wird, wie hier von der Bild: \u201eV\u00f6llig wahnsinnig. Russen-S\u00f6ldnerchef Prigoschin beschuldigt das russische Verteidigungsministerium, einen Luftangriff auf eines seiner Lager ver\u00fcbt zu haben. Jetzt ruft er seine 25.000 S\u00f6ldner zum Kampf gegen das russische Milit\u00e4r auf. Der Mann ist das gr\u00f6\u00dfte Geschenk!\u201c<\/p>\n<p style=\"padding-left: 40px;\">Das ist keine Gegenoffensive, sondern ein blutiger Crash-Test, schreibt das Handelsblatt. Die \u2013 um es vorsichtig auszudr\u00fccken \u2013 nicht sehr erfolgreiche Offensive der Ukraine im s\u00fcdlichen Sektor der Milit\u00e4roperation hat ihren Zweck erf\u00fcllt: selbst die gl\u00fchendsten Anh\u00e4nger der Idee einer strategischen Niederlage Russlands durch die Niederlage seiner Streitkr\u00e4fte werden langsam davon \u00fcberzeugt, dass das unm\u00f6glich ist. Jetzt sind sie verstummt. Die EU beschr\u00e4nkt sich auf die Feststellung, dass das, was geschieht, eine innere Angelegenheit Russlands ist: Sie haben Angst, ihr Gl\u00fcck zu verschrecken \u2013 die innere Destabilisierung der milit\u00e4rischen und politischen F\u00fchrung gibt ihnen eine Chance auf dem Schlachtfeld. Die einzige Chance, denn eine andere wird es nicht geben.<\/p>\n<p style=\"padding-left: 40px;\">Wie sagte es der polnische Pr\u00e4sident Duda diese Woche? Eine Chance, \u201eRussland zu erschie\u00dfen\u201c?<\/p>\n<p style=\"padding-left: 40px;\">\u201eWenn eine wilde Bestie einen Menschen verschlingt, sagt man gew\u00f6hnlich, dass sie einfach gejagt und erschossen werden muss. So ist es auch mit Russland\u201c, so Duda.<\/p>\n<p style=\"padding-left: 40px;\">Durch Duda hat der Westen seine Ziele so deutlich wie m\u00f6glich verk\u00fcndet. In dieser Woche beschrieb der ungarische Au\u00dfenminister Szijj\u00e1rt\u00f3 die Stimmung der transatlantischen Eliten als milit\u00e4rische Psychose: ein mentaler Zustand, eine verzerrte Wahrnehmung der Perspektive, und mancher mag denken, dass die Ziele n\u00e4her sind, als sie tats\u00e4chlich sind. Diese Illusion \u00fcberschattet heute alles andere, obwohl es in der vergangenen Woche sicherlich Ereignisse gab, die es wert sind, angeschaut zu werden.<\/p>\n<p style=\"padding-left: 40px;\">\u201eDas Haushaltsdefizit der Ukraine bis 2027 betr\u00e4gt rund 60 Milliarden Euro. Der Bedarf f\u00fcr den raschen Wiederaufbau des Landes liegt bei etwa 50 Milliarden Euro. Der Gesamtbetrag bel\u00e4uft sich auf 110 Milliarden Euro. Deshalb habe ich vorgeschlagen, dass die EU-Mitgliedstaaten 45 Prozent dieser Summe, also 50 Milliarden Euro, \u00fcbernehmen\u201c, sagte die Chefin der EU-Kommission Ursula von der Leyen.<\/p>\n<p style=\"padding-left: 40px;\">Am Dienstag fand in London eine Konferenz der Geberl\u00e4nder f\u00fcr das Kiewer Regime statt. Da die Konfiszierung der eingefrorenen russischen Verm\u00f6genswerte nach wie vor h\u00f6chst problematisch ist, werden andere Quellen ben\u00f6tigt. Potenzielle Investoren wurden eingeladen, und man hat versucht, ihnen ein attraktives Bild von Investitionen in Projekte zum Wiederaufbau der ukrainischen Wirtschaft zu vermitteln.<\/p>\n<p style=\"padding-left: 40px;\">Doch bis dahin ist es noch ein weiter Weg, weshalb Br\u00fcssel Geld f\u00fcr den aktuellen Bedarf bereitstellt. Zum \u00c4rger Kiews gibt es das Geld nicht umsonst, sondern gegen Zinsen. Und weniger als die H\u00e4lfte von dem, was es braucht. Der EU-Haushalt, der ebenfalls bis 2027 gilt, ist bereits ersch\u00f6pft, und selbst Deutschland, das die Waffen f\u00fcr die Ukraine durch die Erh\u00f6hung seiner eigenen Staatsverschuldung kauft, hat kein Geld, um den EU-Haushalt aufzuf\u00fcllen.<\/p>\n<p style=\"padding-left: 40px;\">\u201eEinige Fahrzeuge, wie gepanzerte Br\u00fcckenleger und Pionierfahrzeuge, werden Teil des 2,7-Milliarden-Euro-Pakets sein, das wir im Mai vorgelegt haben\u201c, sagte der deutsche Verteidigungsminister Boris Pistorius.<\/p>\n<p style=\"padding-left: 40px;\">Aus dem gleichen Paket stammen 20 Marder Sch\u00fctzenpanzer und mehrere Dutzend eilig aufger\u00fcstete Leopard-1-Panzer. Die Leopard-2-Panzer sind bereits ausgegangen. Aber Macron und Meloni haben diese Woche das gemeinsame Flugabwehrsystem \u00abMamba\u00bb vorgestellt, ansonsten gibt es eigentlich wenig Gemeinsamkeiten zwischen ihnen.<\/p>\n<p style=\"padding-left: 40px;\">\u201eDas franz\u00f6sisch-italienische Raketenabwehrsystem Mamba ist jetzt in der Ukraine stationiert und einsatzbereit. Wie ich gestern bereits sagte, stellt es einen wichtigen Beitrag zur Luftverteidigung des Landes dar\u201c, erkl\u00e4rte Macron<\/p>\n<p style=\"padding-left: 40px;\">\u201eWir sollten stolz darauf sein, dass wir so hart gearbeitet haben, um dieses Instrument in der k\u00fcrzest m\u00f6glichen Zeit anbieten zu k\u00f6nnen\u201c, f\u00fcgte Meloni hinzu.<\/p>\n<p style=\"padding-left: 40px;\">Zum Thema Zeit gibt es einen auff\u00e4lligen Trend: Europa l\u00e4sst sich mit jedem neuen Paket anti-russischer Sanktionen mehr Zeit. Diese Woche wurde das elfte Paket endlich vorgestellt. Die Manager unseres Fernsehsenders Anton Slatopolskij, Andrej Kondraschow und Rifat Sabitow sowie die Journalisten Andrej Medwedew, Jewgenij Poddubnij und Alexander Sladkow sind von pers\u00f6nlichen Sanktionen betroffen. Die wichtigste wirtschaftliche Einschr\u00e4nkung betrifft erwartungsgem\u00e4\u00df die Druschba-Pipeline: Der Transport von russischem \u00d6l durch ihren n\u00f6rdlichen Zweig, der \u00fcber Polen nach Deutschland f\u00fchrt, ist gesperrt. Das ist f\u00fcr sich genommen eine symbolische Ma\u00dfnahme, die den aktuellen Stand der Dinge festschreibt. Und selbst von der Leyen r\u00e4umt ein, dass man sich kaum etwas anderes ausdenken kann: \u201eWir haben das elfte Paket von Wirtschaftssanktionen gerade beschlossen. Sie werden weiterhin eine starke Wirkung entfalten. Aber weiter zu gehen, ist schon schwierig.\u201c<\/p>\n<p style=\"padding-left: 40px;\">Die Sanktionen gegen Russland sind ihnen ausgegangen, deswegen ist die EU-Kommission besonders stolz darauf, dass es ihr gelungen ist, eine Art Mechanismus zur Berechnung und Bestrafung von Verst\u00f6\u00dfen gegen das Sanktionsregime bei sich selbst und in Drittl\u00e4ndern zu erfinden. In Anbetracht der Tatsache, dass die deutsche Wirtschaft im Bereich der \u201egrauen\u201c Importe ernsthafte Erfolge erzielt hat, ist \u00c4rger vorhersehbar: Die Partei \u201eAlternative f\u00fcr Deutschland\u201c ist in den Umfragewerten auf den zweiten Platz vorger\u00fcckt, gleich hinter der oppositionellen CDU.<\/p>\n<p style=\"padding-left: 40px;\">Es ist sogar irgendwie erstaunlich: einzelne Vertreter von Merkels Partei interessieren sich nicht nur daf\u00fcr, wie die Ermittlungen zum Anschlag auf die Nord-Streams verlaufen, sondern haben auch den gesunden Menschenverstand, um deren Reparatur zu fordern.<\/p>\n<p style=\"padding-left: 40px;\">\u201eDie Pipelines wurden infolge eines Anschlags, infolge eines Verbrechens gesprengt. Es gibt keinen Grund, warum wir die Pipelines jetzt nicht sichern und reparieren sollten. Ich glaube, dass die Menschen in Deutschland an den Ursachen der Explosionen interessiert sind. Alles, was wir h\u00f6ren, ist, dass die CIA gewarnt hat, dass jemand anderes gewarnt hat. Was ist denn dann letztendlich dort passiert?\u201c, fragt Michael Kretschmer, Ministerpr\u00e4sident des Landes Sachsen.<\/p>\n<p style=\"padding-left: 40px;\">Die Antwort auf diese Frage scheint die Scholz-Regierung insgesamt und insbesondere ihre gr\u00fcne Komponente nicht zu interessieren. \u00dcberhaupt ist es schwer zu verstehen, was sie will: Letzte Woche schloss Wirtschaftsminister Habeck noch nicht aus, dass die deutsche Industrie ohne russisches Gas ganz stillstehen m\u00fcsse, und diese Woche sagt er pl\u00f6tzlich das Gegenteil: \u201eIch bin sehr froh, dass wir kein Gas mehr aus Russland bekommen, ich finde, das sollte so bleiben.\u201c<\/p>\n<p style=\"padding-left: 40px;\">Heute so, morgen so. Das \u201egr\u00fcne\u201c Experiment zielt nicht nur auf die deutsche Wirtschaft, es wird mit der klaren Absicht fortgesetzt, es global zu machen. Am Donnerstag versammelte Macron in Paris mehrere Dutzend Staats- und Regierungschefs, vor allem aus Afrika. Der Westen will sie durch eine Reform der Finanzinstitutionen \u2013 alle Arten von IWF und Weltbanken \u2013 gewisserma\u00dfen begl\u00fccken.<\/p>\n<p style=\"padding-left: 40px;\">\u201eDie Finanzinstitutionen der Welt sind heute zu klein und zu beschr\u00e4nkt, um ihr Mandat zu erf\u00fcllen, vor allem wenn es um die schw\u00e4chsten L\u00e4nder geht\u201c, sagte der Generalsekret\u00e4r der Vereinten Nationen Ant\u00f3nio Guterres.<\/p>\n<p style=\"padding-left: 40px;\">Auf der Suche nach neuen Wachstumspunkten f\u00fcr sich selbst will der Westen den ehemaligen europ\u00e4ischen Kolonien unter dem Deckmantel der Armutsbek\u00e4mpfung und des Klimaschutzes eine neue Form der Knechtschaft anbieten: die Abkehr von der traditionellen Wirtschaft und die Umstellung auf die \u201egr\u00fcne Schiene\u201c, die die ehemalige Dritte Welt in eine einzige Richtung f\u00fchrt: in eine noch gr\u00f6\u00dfere Abh\u00e4ngigkeit von westlichem Geld und westlicher Technologie. Das passt nicht jedem.<\/p>\n<p style=\"padding-left: 40px;\">\u201eEs muss ein gerechter \u00dcbergang sein, der die existenzielle Situation verschiedener Gemeinschaften ber\u00fccksichtigt, vor allem die der Arbeiter, die in der Industrie f\u00fcr fossile Brennstoffe arbeiten\u201c, sagt S\u00fcdafrikas Pr\u00e4sident Cyril Ramaphosa.<\/p>\n<p style=\"padding-left: 40px;\">Die gesamte Geschichte der kolonialen und postkolonialen Welt zeigt eines: Die Leute aus dem Westen bauen keine Schulen, Krankenh\u00e4user und Universit\u00e4ten, sie hinterlassen eine W\u00fcste von Pumpen, mit denen sie alle m\u00f6glichen Bodensch\u00e4tze abpumpen k\u00f6nnen, und eine durch und durch korrupte Elite, die ihnen das erm\u00f6glicht. Die Ukraine kann als neues Pilotprojekt betrachtet werden, das bereit ist, alles aufzugeben: Land, Bodensch\u00e4tze, Industrie und Menschen, um einen Teil des Kuchens zu bekommen. Nun, zumindest irgendwann.<\/p>\n<p style=\"padding-left: 40px;\">Am Freitag sagte die Chefin der EU-Kommission, sie k\u00f6nne sich die Ukraine in 20 oder 30 Jahren kaum au\u00dferhalb der EU vorstellen. Das ist keine besonders sch\u00f6ne Perspektive. Auch eine Einladung in die NATO wird es nicht geben.<\/p>\n<p style=\"padding-left: 40px;\">\u201eAuf dem Gipfel in Vilnius und w\u00e4hrend der Vorbereitung des Gipfels diskutieren wir nicht \u00fcber eine offizielle Einladung. Wir diskutieren dar\u00fcber, wie wir die Ukraine n\u00e4her an die NATO heranf\u00fchren k\u00f6nnen\u201c, sagte NATO-Generalsekret\u00e4r Jens Stoltenberg.<\/p>\n<p style=\"padding-left: 40px;\">Heranf\u00fchren kann man sie. Und sie dort auch weiter halten \u2013 mit einem engen Halsband und an der kurzen Leine.<\/p>\n<p style=\"padding-left: 40px;\">Es ist unwahrscheinlich, dass die aktuellen Ereignisse in Russland die Beziehungen Kiews zu seinen europ\u00e4ischen und transatlantischen Herren ver\u00e4ndern werden.<\/p>\n<pre>Ende der \u00dcbersetzung<\/pre>\n<p style=\"text-align: right;\">Thomas R\u00f6per, geboren 1971, lebt seit \u00fcber 15 Jahren in Russland. Die Schwerpunkte seiner medienkritischen Arbeit sind das (mediale) Russlandbild in Deutschland, Kritik an der Berichterstattung westlicher Medien im Allgemeinen und die Themen (Geo-)Politik und Wirtschaft.<\/p>\n<hr \/>\n<p><span style=\"font-size: 10pt;\">Bild oben: Panzer in Rostow am Don<\/span><br \/>\n<span style=\"font-size: 10pt;\">Quelle: <a href=\"https:\/\/www.anti-spiegel.ru\/2023\/das-russische-fernsehen-ueber-die-reaktion-in-europa-auf-den-putschversuch\/\" target=\"_blank\" rel=\"noopener\">anti-spiegel.ru<\/a><\/span><\/p>\n","protected":false},"excerpt":{"rendered":"<p><b>Das russische Fernsehen \u00fcber die Reaktion in Europa auf den Putschversuch<\/b><br \/>\n<b>von Anti-Spiegel (d.i. Thomas R\u00f6per)<\/b><br \/>\nDer Putschversuch in Russland wurde weltweit genau beobachtet. Interessant ist, wie in Russland \u00fcber die Reaktion in Europa berichtet wurde. Wie jeden Sonntag war der Bericht des Deutschland-Korrespondenten einer der interessantesten im w\u00f6chentlichen Nachrichtenr\u00fcckblick des russischen Fernsehens. Er hat berichtet, wie der Putschversuch in Europa aufgenommen wurde, aber er hatte nat\u00fcrlich auch andere interessante Themen der Woche, die aus russischer Sicht ganz anders klingen als in deutschen Medien. Wie fast jeden Sonntag habe ich den Korrespondentenbericht aus Deutschland \u00fcbersetzt.<\/p>\n","protected":false},"author":3,"featured_media":16369,"comment_status":"closed","ping_status":"closed","sticky":false,"template":"","format":"standard","meta":{"colormag_page_container_layout":"default_layout","colormag_page_sidebar_layout":"default_layout","advanced_seo_description":"","jetpack_seo_html_title":"","jetpack_seo_noindex":false,"jetpack_post_was_ever_published":false,"footnotes":""},"categories":[12],"tags":[182,685,56,1317,1817,1388,1103,222,1168,719,639,1120],"class_list":["post-16368","post","type-post","status-publish","format-standard","has-post-thumbnail","hentry","category-demokratie-medien-aufklaerung","tag-eu","tag-moskau","tag-nato","tag-nord-stream","tag-panzer","tag-presse","tag-putsch","tag-russland","tag-russophobie","tag-sanktionen","tag-ukraine-konflikt","tag-uno"],"jetpack_featured_media_url":"https:\/\/i0.wp.com\/www.freidenker.org\/fw17\/wp-content\/uploads\/2023\/06\/rostow-panzer_800x450.jpg?fit=800%2C450&ssl=1","jetpack_shortlink":"https:\/\/wp.me\/p9stpK-4g0","jetpack-related-posts":[{"id":17980,"url":"https:\/\/www.freidenker.org\/?p=17980","url_meta":{"origin":16368,"position":0},"title":"Die Bauernproteste in russischen Medien","author":"Webredaktion","date":"23. Januar 2024","format":false,"excerpt":"Beitrag von Gert Ewen Ungar Es wird Lenin zugeschrieben, gesagt zu haben, wenn die Deutschen einen Bahnhof st\u00fcrmen wollen, kaufen sie vorher eine Bahnsteigkarte. Mit umso mehr Erstaunen nahm man in Russland die Bauernproteste und ihren enormen Umfang zur Kenntnis. Russische Medien haben breit \u00fcber die landesweiten Aktionen berichtet. Die\u2026","rel":"","context":"In &quot;Demokratie \u2013 Medien \u2013 Aufkl\u00e4rung&quot;","block_context":{"text":"Demokratie \u2013 Medien \u2013 Aufkl\u00e4rung","link":"https:\/\/www.freidenker.org\/?cat=12"},"img":{"alt_text":"","src":"https:\/\/i0.wp.com\/www.freidenker.org\/fw17\/wp-content\/uploads\/2024\/01\/Bauernproteste_Nordhausen-6890_800x450.jpg?fit=800%2C450&ssl=1&resize=350%2C200","width":350,"height":200,"srcset":"https:\/\/i0.wp.com\/www.freidenker.org\/fw17\/wp-content\/uploads\/2024\/01\/Bauernproteste_Nordhausen-6890_800x450.jpg?fit=800%2C450&ssl=1&resize=350%2C200 1x, https:\/\/i0.wp.com\/www.freidenker.org\/fw17\/wp-content\/uploads\/2024\/01\/Bauernproteste_Nordhausen-6890_800x450.jpg?fit=800%2C450&ssl=1&resize=525%2C300 1.5x, https:\/\/i0.wp.com\/www.freidenker.org\/fw17\/wp-content\/uploads\/2024\/01\/Bauernproteste_Nordhausen-6890_800x450.jpg?fit=800%2C450&ssl=1&resize=700%2C400 2x"},"classes":[]},{"id":22912,"url":"https:\/\/www.freidenker.org\/?p=22912","url_meta":{"origin":16368,"position":1},"title":"Medienkampagne \u00fcber Drohnenvorf\u00e4lle soll auf einen Krieg mit Russland vorbereiten","author":"Webredaktion","date":"24. September 2025","format":false,"excerpt":"Beitrag von Anti-Spiegel (d.i. Thomas R\u00f6per) Warum offensichtlich ist, dass die Medienkampagne \u00fcber Drohnenvorf\u00e4lle die Menschen in Europa auf einen Krieg mit Russland vorbereiten soll Die Meldungen aus D\u00e4nemark klingen dramatisch. Der Flughafen von Kopenhagen musste stundenlang gesperrt werden, weil dort Drohnen gesichtet wurden. Die d\u00e4nische Ministerpr\u00e4sidentin spricht von einem\u2026","rel":"","context":"In &quot;Demokratie \u2013 Medien \u2013 Aufkl\u00e4rung&quot;","block_context":{"text":"Demokratie \u2013 Medien \u2013 Aufkl\u00e4rung","link":"https:\/\/www.freidenker.org\/?cat=12"},"img":{"alt_text":"","src":"https:\/\/i0.wp.com\/www.freidenker.org\/fw17\/wp-content\/uploads\/2025\/09\/eu-evil1_800x450.jpg?fit=800%2C450&ssl=1&resize=350%2C200","width":350,"height":200,"srcset":"https:\/\/i0.wp.com\/www.freidenker.org\/fw17\/wp-content\/uploads\/2025\/09\/eu-evil1_800x450.jpg?fit=800%2C450&ssl=1&resize=350%2C200 1x, https:\/\/i0.wp.com\/www.freidenker.org\/fw17\/wp-content\/uploads\/2025\/09\/eu-evil1_800x450.jpg?fit=800%2C450&ssl=1&resize=525%2C300 1.5x, https:\/\/i0.wp.com\/www.freidenker.org\/fw17\/wp-content\/uploads\/2025\/09\/eu-evil1_800x450.jpg?fit=800%2C450&ssl=1&resize=700%2C400 2x"},"classes":[]},{"id":16925,"url":"https:\/\/www.freidenker.org\/?p=16925","url_meta":{"origin":16368,"position":2},"title":"Der Spiegel und seine Desinformation \u00fcber das Getreideabkommen","author":"Webredaktion","date":"13. September 2023","format":false,"excerpt":"Kommentar von Thomas R\u00f6per Der t\u00fcrkische Pr\u00e4sident Erdogan hat seinen russischen Amtskollegen Putin besucht und eines der Hauptanliegen von Erdogan ist die Wiederinkraftsetzung des Getreideabkommens. F\u00fcr deutsche Medien ist das wieder einmal ein Grund f\u00fcr Desinformation. Vorweg sei gesagt, dass journalistische Arbeit manchmal erm\u00fcdend ist, weil man \u00fcber manche Themen\u2026","rel":"","context":"In &quot;Demokratie \u2013 Medien \u2013 Aufkl\u00e4rung&quot;","block_context":{"text":"Demokratie \u2013 Medien \u2013 Aufkl\u00e4rung","link":"https:\/\/www.freidenker.org\/?cat=12"},"img":{"alt_text":"","src":"https:\/\/i0.wp.com\/www.freidenker.org\/fw17\/wp-content\/uploads\/2023\/09\/der-spiegel-6866071_800x450.jpg?fit=800%2C450&ssl=1&resize=350%2C200","width":350,"height":200,"srcset":"https:\/\/i0.wp.com\/www.freidenker.org\/fw17\/wp-content\/uploads\/2023\/09\/der-spiegel-6866071_800x450.jpg?fit=800%2C450&ssl=1&resize=350%2C200 1x, https:\/\/i0.wp.com\/www.freidenker.org\/fw17\/wp-content\/uploads\/2023\/09\/der-spiegel-6866071_800x450.jpg?fit=800%2C450&ssl=1&resize=525%2C300 1.5x, https:\/\/i0.wp.com\/www.freidenker.org\/fw17\/wp-content\/uploads\/2023\/09\/der-spiegel-6866071_800x450.jpg?fit=800%2C450&ssl=1&resize=700%2C400 2x"},"classes":[]},{"id":16858,"url":"https:\/\/www.freidenker.org\/?p=16858","url_meta":{"origin":16368,"position":3},"title":"Deutschland steigt ab","author":"Webredaktion","date":"30. August 2023","format":false,"excerpt":"Beitrag von Thomas R\u00f6per Dass Russland Deutschland im Jahr 2022 wirtschaftlich \u00fcberholt und vom f\u00fcnften Platz der weltweiten Volkswirtschaften verdr\u00e4ngt hat, habe ich schon berichtet. Und auch die Gr\u00fcnde sind offensichtlich, denn der Grund f\u00fcr die Schw\u00e4che der deutschen Wirtschaft sind die explodierten Energiepreise, die wiederum eine direkte Folge der\u2026","rel":"","context":"In &quot;Arbeit &amp; Soziales&quot;","block_context":{"text":"Arbeit &amp; Soziales","link":"https:\/\/www.freidenker.org\/?cat=11"},"img":{"alt_text":"","src":"https:\/\/i0.wp.com\/www.freidenker.org\/fw17\/wp-content\/uploads\/2023\/08\/aquila-7695522_800x450.jpg?fit=800%2C450&ssl=1&resize=350%2C200","width":350,"height":200,"srcset":"https:\/\/i0.wp.com\/www.freidenker.org\/fw17\/wp-content\/uploads\/2023\/08\/aquila-7695522_800x450.jpg?fit=800%2C450&ssl=1&resize=350%2C200 1x, https:\/\/i0.wp.com\/www.freidenker.org\/fw17\/wp-content\/uploads\/2023\/08\/aquila-7695522_800x450.jpg?fit=800%2C450&ssl=1&resize=525%2C300 1.5x, https:\/\/i0.wp.com\/www.freidenker.org\/fw17\/wp-content\/uploads\/2023\/08\/aquila-7695522_800x450.jpg?fit=800%2C450&ssl=1&resize=700%2C400 2x"},"classes":[]},{"id":17992,"url":"https:\/\/www.freidenker.org\/?p=17992","url_meta":{"origin":16368,"position":4},"title":"Die USA haben den US-amerikanischen Journalisten Gonzalo Lira in der Ukraine verrecken lassen","author":"Webredaktion","date":"23. Januar 2024","format":false,"excerpt":"Beitrag von Thomas R\u00f6per Der US-amerikanische Journalist Gonzalo Lira lebte in der Ukraine und hat mit Beginn der russischen Intervention im Februar 2022 sehr kritisch \u00fcber die Zust\u00e4nde in dem Land berichtet. Dabei hat er das ukrainische Selensky-Regime heftig kritisiert, weil es die Visapflicht f\u00fcr ausl\u00e4ndische S\u00f6ldner abgeschafft, Gefangene freigelassen\u2026","rel":"","context":"In &quot;Demokratie \u2013 Medien \u2013 Aufkl\u00e4rung&quot;","block_context":{"text":"Demokratie \u2013 Medien \u2013 Aufkl\u00e4rung","link":"https:\/\/www.freidenker.org\/?cat=12"},"img":{"alt_text":"","src":"https:\/\/i0.wp.com\/www.freidenker.org\/fw17\/wp-content\/uploads\/2024\/01\/Gonzalo_Lira_in_Kiev_2_800x450.jpg?fit=800%2C450&ssl=1&resize=350%2C200","width":350,"height":200,"srcset":"https:\/\/i0.wp.com\/www.freidenker.org\/fw17\/wp-content\/uploads\/2024\/01\/Gonzalo_Lira_in_Kiev_2_800x450.jpg?fit=800%2C450&ssl=1&resize=350%2C200 1x, https:\/\/i0.wp.com\/www.freidenker.org\/fw17\/wp-content\/uploads\/2024\/01\/Gonzalo_Lira_in_Kiev_2_800x450.jpg?fit=800%2C450&ssl=1&resize=525%2C300 1.5x, https:\/\/i0.wp.com\/www.freidenker.org\/fw17\/wp-content\/uploads\/2024\/01\/Gonzalo_Lira_in_Kiev_2_800x450.jpg?fit=800%2C450&ssl=1&resize=700%2C400 2x"},"classes":[]},{"id":11768,"url":"https:\/\/www.freidenker.org\/?p=11768","url_meta":{"origin":16368,"position":5},"title":"Die Eskalationsspirale der letzten vier Tage","author":"Webredaktion","date":"5. Dezember 2021","format":false,"excerpt":"Beitrag von Anti-Spiegel (d.i. Thomas R\u00f6per) Die Nato provoziert Russland immer offensiver und st\u00e4rker. Hier finden Sie eine Zusammenfassung der Ereignisse vom 30. November bis zum 3. Dezember 2021. ... Am 30. November gab es eine neue Drohung in Richtung Russland. Auf einem Treffen der Nato-Au\u00dfenminister in Riga wurde Russland\u2026","rel":"","context":"In &quot;Frieden - Antifaschismus - Solidarit\u00e4t&quot;","block_context":{"text":"Frieden - Antifaschismus - Solidarit\u00e4t","link":"https:\/\/www.freidenker.org\/?cat=13"},"img":{"alt_text":"","src":"https:\/\/i0.wp.com\/www.freidenker.org\/fw17\/wp-content\/uploads\/2021\/12\/nato-terror_von_qpress.de_800x450_v2.jpg?fit=800%2C450&ssl=1&resize=350%2C200","width":350,"height":200,"srcset":"https:\/\/i0.wp.com\/www.freidenker.org\/fw17\/wp-content\/uploads\/2021\/12\/nato-terror_von_qpress.de_800x450_v2.jpg?fit=800%2C450&ssl=1&resize=350%2C200 1x, https:\/\/i0.wp.com\/www.freidenker.org\/fw17\/wp-content\/uploads\/2021\/12\/nato-terror_von_qpress.de_800x450_v2.jpg?fit=800%2C450&ssl=1&resize=525%2C300 1.5x, https:\/\/i0.wp.com\/www.freidenker.org\/fw17\/wp-content\/uploads\/2021\/12\/nato-terror_von_qpress.de_800x450_v2.jpg?fit=800%2C450&ssl=1&resize=700%2C400 2x"},"classes":[]}],"_links":{"self":[{"href":"https:\/\/www.freidenker.org\/index.php?rest_route=\/wp\/v2\/posts\/16368","targetHints":{"allow":["GET"]}}],"collection":[{"href":"https:\/\/www.freidenker.org\/index.php?rest_route=\/wp\/v2\/posts"}],"about":[{"href":"https:\/\/www.freidenker.org\/index.php?rest_route=\/wp\/v2\/types\/post"}],"author":[{"embeddable":true,"href":"https:\/\/www.freidenker.org\/index.php?rest_route=\/wp\/v2\/users\/3"}],"replies":[{"embeddable":true,"href":"https:\/\/www.freidenker.org\/index.php?rest_route=%2Fwp%2Fv2%2Fcomments&post=16368"}],"version-history":[{"count":0,"href":"https:\/\/www.freidenker.org\/index.php?rest_route=\/wp\/v2\/posts\/16368\/revisions"}],"wp:featuredmedia":[{"embeddable":true,"href":"https:\/\/www.freidenker.org\/index.php?rest_route=\/wp\/v2\/media\/16369"}],"wp:attachment":[{"href":"https:\/\/www.freidenker.org\/index.php?rest_route=%2Fwp%2Fv2%2Fmedia&parent=16368"}],"wp:term":[{"taxonomy":"category","embeddable":true,"href":"https:\/\/www.freidenker.org\/index.php?rest_route=%2Fwp%2Fv2%2Fcategories&post=16368"},{"taxonomy":"post_tag","embeddable":true,"href":"https:\/\/www.freidenker.org\/index.php?rest_route=%2Fwp%2Fv2%2Ftags&post=16368"}],"curies":[{"name":"wp","href":"https:\/\/api.w.org\/{rel}","templated":true}]}}