{"id":16340,"date":"2023-06-15T22:52:39","date_gmt":"2023-06-15T20:52:39","guid":{"rendered":"https:\/\/www.freidenker.org\/?p=16340"},"modified":"2023-07-09T02:26:48","modified_gmt":"2023-07-09T00:26:48","slug":"wenn-der-buerger-zum-feind-gemacht-wird","status":"publish","type":"post","link":"https:\/\/www.freidenker.org\/?p=16340","title":{"rendered":"Wenn der B\u00fcrger zum Feind gemacht wird"},"content":{"rendered":"<p><strong>Kommentar vom Hochblauen<\/strong><\/p>\n<p><em>Von <strong>Evelyn Hecht-Galinski<\/strong><\/em><\/p>\n<p><span style=\"font-size: 10pt;\">Erstver\u00f6ffentlichung am 13.06.2023 im Blog <a href=\"https:\/\/sicht-vom-hochblauen.de\/kommentar-vom-hochblauen-wenn-der-buerger-zum-feind-gemacht-wird-von-evelyn-hecht-galinski\/\" target=\"_blank\" rel=\"noopener\">Sicht vom Hochblauen<\/a><\/span><\/p>\n<p>Werden wir B\u00fcrger demn\u00e4chst zu schweigenden \u201eAbnickern\u201c einer ungewollten Politik von Zwangsma\u00dfnahmen gemacht, die uns zu willenlosen Individuen degradiert? Fast scheint es so! Bleibt zum Schluss der vielgepriesene m\u00fcndige B\u00fcrger g\u00e4nzlich auf der Strecke? Wenn st\u00e4ndig B\u00fcrger eingesch\u00fcchtert, ausgegrenzt und sogar vor Gericht gestellt werden \u2013 wie der Berliner Friedensaktivist und Anti-War-Cafe-Betreiber Heinrich B\u00fccker, der per Strafbefehl vor Gericht zitiert wurde. Anklage: \u201ePotenzial, das Vertrauen in die Rechtssicherheit zu ersch\u00fcttern und das psychische Klima der Bev\u00f6lkerung aufzuhetzen\u201c. Schlimmer noch der Fall der Friedensaktivistin Elena Kolbasnikowa, bei der der versch\u00e4rfte Paragraph 130 angewandt wurde und die wegen \u201eBilligung des russischen Angriffskriegs auf die Ukraine\u201c schuldig gesprochen und zu einer Strafe von 30 Tagess\u00e4tzen zu 30 Euro verurteilt wurde. Die Frau, Ukrainerin aus dem Donbass stammend, hatte in Russland \u201ekeinen Aggressor gesehen\u201c und ausgesagt, dass Russland \u201enicht die Ukraine \u00fcberfallen hat und Russlands Vorgehen alternativlos war\u201c. Mit diesen Aussagen, die geeignet seien, \u201eden \u00f6ffentlichen Frieden zu st\u00f6ren\u201c, sah das Gericht sie als \u201eAbweichlerin vom offiziellen \u201eUkraine-Narrativ\u201c, die bei einer gro\u00dfen Demonstration einen \u201erussischen Angriffskrieg\u201c \u00f6ffentlich unterst\u00fctzt h\u00e4tte.<\/p>\n<h5>Erinnerung an eine \u201ctausendj\u00e4hrige Vergangenheit\u201d<\/h5>\n<p>Man muss diese Meinung nicht unterst\u00fctzen und kann ihr widersprechen, aber solche Meinungen vor Gericht zu ahnden, erinnert mich fatal an eine \u201cTausendj\u00e4hrige Vergangenheit\u201d. Wehret den Anf\u00e4ngen! Wer st\u00f6rt hier eigentlich den Frieden? Sind es nicht die st\u00e4ndigen medialen und politischen Einpeitscher, die von morgens bis abends Stimmung machen, um uns das richtige Denken zu vermitteln? Wer also geh\u00f6rt vor Gericht? (1)<\/p>\n<p>Ich kann mich nicht erinnern, dass ein \u201eIsrael-Unterst\u00fctzer\u201c jemals wegen Billigung der israelischen Angriffskriege oder Angriffe gegen die illegal besetzten Gebiete Pal\u00e4stinenser, eine Anklage bekommen oder vor Gericht gestellt wurde. Was ist mit dem Zentralrat der Juden, als K\u00f6rperschaft des \u00d6ffentlichen Rechts? Auch von dieser Seite ist mir nichts bekannt! (2)<\/p>\n<p>Was ist mit den v\u00f6llig ungerechtfertigten Anklagen gegen Roger Waters, gegen den \u201ewegen volksverhetzender Symbolik\u201c ermittelt wurde, und dessen Konzertauftritte mit aller Macht verhindert werden sollten. (3) Was ist mit der Ex-Kanzlerin Merkel, als sie als damalige Oppositionsf\u00fchrerin 2003 zu Pr\u00e4sident Bush flog, um sich dem US-Pr\u00e4sidenten als Irak-Krieg-Unterst\u00fctzerin anzubiedern? Was ist mit der deutschen Regierung unter Kanzler Schr\u00f6der? (4) Was ist mit den unz\u00e4hligen Journalisten, die genau diese Kriegsbegeisterung und US-Vasallen-Unterst\u00fctzung aufs Papier bringen? Wenn ich in deutschen Medien lese: \u201ein Russland hat der Krieg eine Zeit der Abrechnung eingel\u00e4utet\u201c. Warum in das ferne Russland schauen, wo die deutsche Wirklichkeit doch so viele \u00c4hnlichkeiten aufweist?<\/p>\n<h5>Rechtlosigkeit und Aushebelung des Rechtssystems<\/h5>\n<p>Warum schreiben die deutschen Medien nicht \u00fcber die Rechtlosigkeit und Aushebelung des Rechtssystems in der Ukraine unter Selenskyj? Was ist mit den Nazi-Symbolen und deren Verherrlichung in der Ukraine \u2013 einem absolut aktuellen Problem, von dem deutsche Medien nichts mehr wissen wollen. Es passt nicht mehr in die deutsche \u201ePolitik-Landschaft\u201c.<\/p>\n<p>Was ist von einem SPD-Zeitenwende-Kanzler zu halten, der deutsche Milliarden von Steuergeldern an die Ukraine verschleudert, Waffen liefert, der mit einer italienischen Ministerpr\u00e4sidentin Meloni \u2013 einer Regierungschefin, die wenig Distanz zu Mussolini zeigt \u2013 wunderbar zusammenarbeitet \u2013 beide verbunden in ihrer Russlandgegnerschaft, beide v\u00f6llig unkritisch in transatlantischer Unterw\u00fcrfigkeit?<\/p>\n<p>Was ist mit der uneingeschr\u00e4nkten Freundschaft zum \u201eJ\u00fcdischen Besatzer-Staat\u201c und mehr als unkritischem Umgang mit Netanjahu, dem Chef eines rechtsextremen Apartheid-und Besatzer-Regimes? Wenn immer wieder als Rechtfertigung f\u00fcr die Unterst\u00fctzung des \u201ej\u00fcdischen Staats\u201c auf den Holocaust verwiesen wird, dann frage ich mich: wo bleibt denn der Hinweis im Umgang mit Russland auf die 27 Millionen Kriegstoten durch deutsche \u201eTatkraft\u201c? Was f\u00fcr eine Scheinheiligkeit!<\/p>\n<h5>In geradezu \u201eheldenhafter\u201c Verehrung von Nazi-Verehrern<\/h5>\n<p>In geradezu \u201eheldenhafter\u201c Verehrung pilgern alle \u201ewestlichen Werte-Vertreter\u201c nach Kiew, um \u201eK\u00f6nig Selenskyj\u201c ihre Aufwartung zu machen. Einem mehr als zweifelhaften \u201eF\u00fchrer\u201c, der sich auch nicht davor scheut, sich mit Nazi-K\u00e4mpfern zu verb\u00fcnden, Botschafter wie den Ex-Botschafter der Ukraine, Melnyk, einsetzt, der als bekennender Bandera-Verehrer agiert. (5)<\/p>\n<p>Das geschieht, w\u00e4hrend in Deutschland die AfD bek\u00e4mpft wird, anstatt nach den Ursachen ihres Aufstiegs ehrlich zu forschen, wird sie verteufelt und in \u201epassenden\u201c Teilen kopiert. Ich selbst habe mich \u2013 wie meine Leser wissen \u2013 immer von dieser Partei distanziert. Es reicht mir eben nicht, wenn diese Partei mit Russland oder \u201eKlimazielen\u201c eine mir entgegenkommende Meinung \u00e4u\u00dfert, w\u00e4hrend sie in Fl\u00fcchtlingsfragen und Israel eine mehr als problematische Meinung vertritt. Das ist mir zu einfach!<\/p>\n<p>Allerdings k\u00f6nnen wir uns darauf gefasst machen, dass bei Fortf\u00fchrung der \u201eAnti-B\u00fcrger\u201c-Politik, die AfD noch mehr Gewinne erzielen wird. Das w\u00e4re doch die Gelegenheit, nicht als peinliche Kopisten der AfD aufzutreten, sondern sich ehrlich mit den Ansichten und Forderungen deutscher B\u00fcrger auseinanderzusetzen.<\/p>\n<h5><strong>Was f\u00fcr eine sch\u00f6ne gr\u00fcne Zukunft?<\/strong><\/h5>\n<p>Insgeheim frage ich mich, ob es demn\u00e4chst wohl auch strafbar sein wird, offen gegen die \u201eAmpel-Befehle\u201c zu opponieren? Der Zwang, alle Heizungen zu erneuern, ist ein gr\u00fcner Wahnsinn, mit dem sich partei\u00fcbergreifend infiziert wurde. Was soll an Holzfeinstaub und Kohlekraftwerken umweltfreundlich sein? W\u00e4hrend Deutschland europ\u00e4isch von Atomkraftwerken umzingelt wird, k\u00f6nnen wir uns beruhigt zur\u00fccklehnen, durch unsere W\u00e4rmepumpe erw\u00e4rmt, von gr\u00fcnem Strom, von Sonne und Wind mit Energie versorgt, mit dem Waschlappen in der Hand, auf die dunklen St\u00e4dte schauen und uns erfreuen oder nostalgisch tr\u00e4umen von der sch\u00f6nen Vergangenheit. Nat\u00fcrlich alles im Elektroauto oder auf dem Fahrrad und alles rein vegetarisch oder besser noch vegan und nur mit \u201egender-gerechten\u201c und politisch korrektem Lesestoff. Was f\u00fcr eine sch\u00f6ne gr\u00fcne Zukunft?<\/p>\n<p>Umrahmt von einem politischen Evangelischen Kirchentag, fest in gr\u00fcner Hand. Fast meint man, einer Au\u00dfenstelle der gr\u00fcnen Parteizentrale auf der B\u00fchne zu lauschen. Berieselt von \u201egr\u00fcner Kriegspropaganda\u201c, bestimmt nicht im Sinne von Jesus, k\u00f6nnte er diesem Spektakel lauschen. Es scheint, als ob die Trennung von Staat und Kirche, die in der Verfassung steht, nur auf dem Papier steht und immer mehr ausgehebelt wird. Zu sehr sind Kirchen aller Konfession in die \u00f6ffentliche Politik eingebunden. Was f\u00fcr eine Anma\u00dfung zu behaupten, \u201eDemokratie sei ohne Christlichkeit nicht zu haben\u201c.<\/p>\n<h5>Kirchentag voll auf Linie<\/h5>\n<p>Dazu kam noch die mehr als genehme Absage der ehemaligen EKD-Vorsitzenden Margot K\u00e4\u00dfmann, ohne die eine wirkliche Friedensdebatte mehr als fraglich schien. Zudem gab es noch die skandal\u00f6se einstimmige Entscheidung des Pr\u00e4sidiums des Kirchentags, die Nakba-Ausstellung zu verbieten. Ein emp\u00f6rter offener Protestbrief engagierter Christen unter Leitung der evangelischen Pr\u00e4sidentin des \u00d6kumenischen Kirchentags, Elisabeth Raiser, war ohne Wirkung. Die Nakba-Ausstellung musste wegen \u201eEinseitigkeit\u201c \u201edrau\u00dfen bleiben\u201c. Dieser Kirchentag allerdings war wieder einmal ein Beispiel daf\u00fcr, wie wenig sich politischer Einfluss und Religion vertragen und was sie anrichten. Alles war auf den einseitigen Blickwinkel des \u201ej\u00fcdischen Staats\u201c ausgerichtet. (6)<\/p>\n<p>W\u00e4hrenddessen lief ein wichtiges Interview mit Nikodemus Schnabel, dem neuen Abt der Benediktiner in Jerusalem, der vor 20 Jahren in die Dormitio-Abtei der Benediktiner eintrat und im Februar zum Abt gew\u00e4hlt wurde. In der SZ vom 26. Mai 2023 schrieb er im Interview: \u201cIch werde praktisch t\u00e4glich angespuckt\u201c. Jene, die Christen hassen, sitzen in Israel nun auf der Regierungsbank, sagt Nikolaus Schnabel. Er vermisst die Solidarit\u00e4t der EU oder des Heiligen Stuhls nicht mit der jeweiligen Regierung, sondern mit den B\u00fcrgern seines Landes. Und da geh\u00f6ren auch die Christen dazu. Anstatt die Nakba-Ausstellung zu verbieten, h\u00e4tte man besser dieses Interview verteilen und sich damit auseinandersetzen m\u00fcssen. Das w\u00e4re \u201echristlich\u201c gewesen! (7)<\/p>\n<h5>Kriegsminister an der Spitze eines Kirchentags<\/h5>\n<p>Mit einem Kirchentagspr\u00e4sidenten Thomas De Maiziere, einem ehemaligen \u201eBundeskriegsminister\u201c, der deutsche B\u00fcrger auffordert \u201emehr zu arbeiten\u201c und das Recht auf Homeoffice ablehnt, an der Spitze, war ja nichts Gescheites zu erwarten! Dabei muss doch w\u00e4hrend des fr\u00f6hlichen Events viel mehr beachtet werden, dass die Kirchenaustritte sich h\u00e4ufen, und ein Gro\u00dfteil der deutschen Bev\u00f6lkerung es satt hat, sich von Kirchen sagen zu lassen, was sie zu tun und lassen haben. Schluss mit der Kirchensteuer, unn\u00f6tigen Feiertagen und Einmischungen. Wir, die Freidenker, Agnostiker und Atheisten verdienen es geh\u00f6rt zu werden!<\/p>\n<p>Wenn sich ab dem 12. Juni der Himmel und meine Laune verdunkeln, dann hat das seine Ursache im Beginn der Luftwaffen\u00fcbung Air Defender 23 unter deutscher F\u00fchrung (!) \u2013 mit einem Luftwaffen-Man\u00f6ver, wie es das in Deutschland noch nicht gegeben hat, indem Luftstreitkr\u00e4fte aus 25 Staaten einen fiktiven Gegner aus dem Osten abwehren. Geplant war diese Nato-\u00dcbung zwar schon im Jahr 2018, aber inzwischen \u2013 scheint mir \u2013 wurde aus dem Gegner, der fiktiven OCCASUS-Allianz, insgeheim Russland! An der \u00dcbung nehmen vom 12. Juni bis zum 23. Juni 25 Nationen und 10.000 Soldaten mit 250 Flugzeugen teil, darunter 70 Milit\u00e4rmaschinen aus Deutschland. Es ist eine westliche \u201eLuft-Propagandaschau\u201c, die mir Angst macht \u2013 zumal, wenn das bei dieser Kriegsbegeisterung und diesem Hass gegen Russland erst der Anfang sein kann.<\/p>\n<h5>Schluss mit dem Russland-Hass!<\/h5>\n<p>Schluss mit dem Russland-Hass! Noch ist ein Umdenken m\u00f6glich, Zeit f\u00fcr eine neue Politik, ohne Ampel-Zwang, daf\u00fcr mit freier politischer Selbstentscheidung, was wir tun, kaufen und sagen wollen. Lassen wir B\u00fcrger uns nicht l\u00e4nger zum Feind machen.<\/p>\n<p style=\"text-align: right;\"><em>Evelyn Hecht-Galinski ist Mitglied des Deutschen Freidenker-Verbandes<\/em><\/p>\n<p><strong>Fu\u00dfnoten:<\/strong><\/p>\n<p>(1) <a href=\"https:\/\/www.nachdenkseiten.de\/?p=98956\">https:\/\/www.nachdenkseiten.de\/?p=98956<\/a><\/p>\n<p>(2) <a href=\"https:\/\/www.zentralratderjuden.de\/aktuelle-meldung\/artikel\/news\/presseerklaerung-zum-israel-bericht-von-amnesty-international\/\">https:\/\/www.zentralratderjuden.de\/aktuelle-meldung\/artikel\/news\/presseerklaerung-zum-israel-bericht-von-amnesty-international\/<\/a><\/p>\n<p>(3) <a href=\"https:\/\/www.deutschlandfunkkultur.de\/roger-waters-wehrt-sich-gegen-anschuldigungen-100.html\">https:\/\/www.deutschlandfunkkultur.de\/roger-waters-wehrt-sich-gegen-anschuldigungen-100.html<\/a><\/p>\n<p>(4) <a href=\"https:\/\/www.globalvillagespace.com\/discontent-in-iraq-20-years-after-us-led-invasion\/\">https:\/\/www.globalvillagespace.com\/discontent-in-iraq-20-years-after-us-led-invasion\/<\/a><\/p>\n<p>(5) <a href=\"https:\/\/www.kirche-und-leben.de\/artikel\/praktisch-taeglich-angespuckt-benediktiner-ueber-christen-in-israel\">https:\/\/www.kirche-und-leben.de\/artikel\/praktisch-taeglich-angespuckt-benediktiner-ueber-christen-in-israel<\/a><\/p>\n<p>(6) <a href=\"https:\/\/www.evangelisch.de\/inhalte\/215818\/15-05-2023\/protestbriefe-gegen-praesidium-kirchentag-2023-ohne-nakba-ausstellung\">https:\/\/www.evangelisch.de\/inhalte\/215818\/15-05-2023\/protestbriefe-gegen-praesidium-kirchentag-2023-ohne-nakba-ausstellung<\/a><\/p>\n<p>(7) <a href=\"https:\/\/www.berliner-zeitung.de\/politik-gesellschaft\/warum-melnyks-aussagen-ueber-bandera-ihn-als-holocaustleugner-und-antisemit-outen-li.243068\">https:\/\/www.berliner-zeitung.de\/politik-gesellschaft\/warum-melnyks-aussagen-ueber-bandera-ihn-als-holocaustleugner-und-antisemit-outen-li.243068<\/a><\/p>\n<p>&nbsp;<\/p>\n<p><span style=\"font-size: 10pt;\">Auch ver\u00f6ffentlicht in der Neuen Rheinischen Zeitung (NRhZ), <a href=\"http:\/\/www.nrhz.de\/flyer\/beitrag.php?id=28652\" target=\"_blank\" rel=\"noopener\">Ausgabe 813 vom 14.06.2023<\/a>\u00a0<\/span><\/p>\n<hr \/>\n<p><span style=\"font-size: 10pt;\">Bild oben: I<span class=\"mw-mmv-title\">nfo-S\u00e4ulen am Kirchentag mit Wasserspender durch den \u00f6rtlichen Stromversorger, Juni 2023 [Ausschnitt]<br \/>\nFoto: Kasa Fue, <a href=\"https:\/\/creativecommons.org\/licenses\/by-sa\/4.0\" target=\"_blank\" rel=\"noopener\">CC BY-SA 4.0<\/a><br \/>\nQuelle: <a href=\"https:\/\/commons.wikimedia.org\/w\/index.php?curid=132907887\" target=\"_blank\" rel=\"noopener\">https:\/\/commons.wikimedia.org\/w\/index.php?curid=132907887<\/a><br \/>\n<\/span><\/span><\/p>\n","protected":false},"excerpt":{"rendered":"<p><b>Kommentar von Evelyn Hecht-Galinski<\/b><br \/>\nWerden wir B\u00fcrger demn\u00e4chst zu schweigenden \u201eAbnickern\u201c einer ungewollten Politik von Zwangsma\u00dfnahmen gemacht, die uns zu willenlosen Individuen degradiert? Fast scheint es so! &#8230;<br \/>\nWas f\u00fcr eine sch\u00f6ne gr\u00fcne Zukunft? Umrahmt von einem politischen Evangelischen Kirchentag, fest in gr\u00fcner Hand. Fast meint man, einer Au\u00dfenstelle der gr\u00fcnen Parteizentrale auf der B\u00fchne zu lauschen. Berieselt von \u201egr\u00fcner Kriegspropaganda\u201c, bestimmt nicht im Sinne von Jesus, k\u00f6nnte er diesem Spektakel lauschen. Es scheint, als ob die Trennung von Staat und Kirche, die in der Verfassung steht, nur auf dem Papier steht und immer mehr ausgehebelt wird. Zu sehr sind Kirchen aller Konfession in die \u00f6ffentliche Politik eingebunden. Was f\u00fcr eine Anma\u00dfung zu behaupten, \u201eDemokratie sei ohne Christlichkeit nicht zu haben\u201c.<\/p>\n","protected":false},"author":3,"featured_media":16342,"comment_status":"closed","ping_status":"closed","sticky":false,"template":"","format":"standard","meta":{"colormag_page_container_layout":"default_layout","colormag_page_sidebar_layout":"default_layout","advanced_seo_description":"","jetpack_seo_html_title":"","jetpack_seo_noindex":false,"jetpack_post_was_ever_published":false,"footnotes":""},"categories":[12,15],"tags":[1031,682,1032,451,1282,393,1509,339,1168,815,1653,1591,1212],"class_list":["post-16340","post","type-post","status-publish","format-standard","has-post-thumbnail","hentry","category-demokratie-medien-aufklaerung","category-religions-kirchenkritik","tag-afd","tag-angela-merkel","tag-bundesregierung","tag-faschismus","tag-gruene","tag-israel","tag-kirchentag","tag-kriegspropaganda","tag-russophobie","tag-spd","tag-umwelt","tag-wertewesten","tag-zukunft"],"jetpack_featured_media_url":"https:\/\/i0.wp.com\/www.freidenker.org\/fw17\/wp-content\/uploads\/2023\/06\/EKT_Info-Saeule__Wasserstelle_Juni_2023_800x450.jpg?fit=800%2C450&ssl=1","jetpack_shortlink":"https:\/\/wp.me\/p9stpK-4fy","jetpack-related-posts":[{"id":15692,"url":"https:\/\/www.freidenker.org\/?p=15692","url_meta":{"origin":16340,"position":0},"title":"Mit propagandistischem Bombenhagel in Bombenstimmung?","author":"Webredaktion","date":"5. April 2023","format":false,"excerpt":"Kommentar vom Evelyn Hecht-Galinski Es ist unfassbar, wie sich der mediale Propagandakrieg parallel zum anhaltenden Krieg in der Ukraine entwickelt. Nicht nur, dass die deutsche Regierung Steuer-Milliarden und \u201cSonderverm\u00f6gen\u201d in die korrupte Nazi-Ukraine geradezu hineinschmei\u00dft, sondern auch die Selbstverst\u00e4ndlichkeit, mit der das geschieht, macht so zornig. Nichts mehr ist geblieben\u2026","rel":"","context":"In &quot;Frieden - Antifaschismus - Solidarit\u00e4t&quot;","block_context":{"text":"Frieden - Antifaschismus - Solidarit\u00e4t","link":"https:\/\/www.freidenker.org\/?cat=13"},"img":{"alt_text":"","src":"https:\/\/i0.wp.com\/www.freidenker.org\/fw17\/wp-content\/uploads\/2023\/04\/building-7051359_800x450.jpg?fit=800%2C450&ssl=1&resize=350%2C200","width":350,"height":200,"srcset":"https:\/\/i0.wp.com\/www.freidenker.org\/fw17\/wp-content\/uploads\/2023\/04\/building-7051359_800x450.jpg?fit=800%2C450&ssl=1&resize=350%2C200 1x, https:\/\/i0.wp.com\/www.freidenker.org\/fw17\/wp-content\/uploads\/2023\/04\/building-7051359_800x450.jpg?fit=800%2C450&ssl=1&resize=525%2C300 1.5x, https:\/\/i0.wp.com\/www.freidenker.org\/fw17\/wp-content\/uploads\/2023\/04\/building-7051359_800x450.jpg?fit=800%2C450&ssl=1&resize=700%2C400 2x"},"classes":[]},{"id":19793,"url":"https:\/\/www.freidenker.org\/?p=19793","url_meta":{"origin":16340,"position":1},"title":"Existenzrecht? F\u00fcr Besatzung, Vertreibung und V\u00f6lkermord? Freiheit vom Fluss bis zum Meer!","author":"Webredaktion","date":"1. August 2024","format":false,"excerpt":"Kommentar von Evelyn Hecht-Galinski Es ist erschreckend, mit welch blindem Aktionismus nicht nur die Politik und ihre Vertreter versuchen, diesen schrecklichen Solinger Anschlag daf\u00fcr missbrauchen zu wollen, um daraus den Honig f\u00fcr Wahlgewinne oder Sympathiekundgebungen zu saugen. Es ist aber noch verwerflicher, wie christliche und j\u00fcdische \u201eW\u00fcrdentr\u00e4ger\u201c und Funktion\u00e4re diesen\u2026","rel":"","context":"In &quot;Frieden - Antifaschismus - Solidarit\u00e4t&quot;","block_context":{"text":"Frieden - Antifaschismus - Solidarit\u00e4t","link":"https:\/\/www.freidenker.org\/?cat=13"},"img":{"alt_text":"","src":"https:\/\/i0.wp.com\/www.freidenker.org\/fw17\/wp-content\/uploads\/2024\/09\/gaza-6782232_800x450.jpg?fit=800%2C450&ssl=1&resize=350%2C200","width":350,"height":200,"srcset":"https:\/\/i0.wp.com\/www.freidenker.org\/fw17\/wp-content\/uploads\/2024\/09\/gaza-6782232_800x450.jpg?fit=800%2C450&ssl=1&resize=350%2C200 1x, https:\/\/i0.wp.com\/www.freidenker.org\/fw17\/wp-content\/uploads\/2024\/09\/gaza-6782232_800x450.jpg?fit=800%2C450&ssl=1&resize=525%2C300 1.5x, https:\/\/i0.wp.com\/www.freidenker.org\/fw17\/wp-content\/uploads\/2024\/09\/gaza-6782232_800x450.jpg?fit=800%2C450&ssl=1&resize=700%2C400 2x"},"classes":[]},{"id":210,"url":"https:\/\/www.freidenker.org\/?p=210","url_meta":{"origin":16340,"position":2},"title":"Gegen Tischgebete in den kommunalen Kinderg\u00e4rten","author":"Webmaster","date":"10. Dezember 2002","format":false,"excerpt":"Offener Brief von Reinhard John Mit Sorge verfolgen wir Freidenker die Entwicklung, die die Auseinandersetzung um das obligatorische Tischgebet in den kommunalen Kinderg\u00e4rten ihrer Gemeinde nimmt. Leider entsteht hier allm\u00e4hlich eine Polarisierung, die der sachlichen Auseinandersetzung gewiss nicht dienlich ist. Die Freidenker sind die \u00e4lteste deutsche Vereinigung von Konfessionsfreien, und\u2026","rel":"","context":"In &quot;Religions- &amp; Kirchenkritik, S\u00e4kulare Szene&quot;","block_context":{"text":"Religions- &amp; Kirchenkritik, S\u00e4kulare Szene","link":"https:\/\/www.freidenker.org\/?cat=15"},"img":{"alt_text":"","src":"https:\/\/i0.wp.com\/www.freidenker.org\/fw17\/wp-content\/uploads\/2016\/05\/Himmel_Kind.jpg?fit=800%2C445&ssl=1&resize=350%2C200","width":350,"height":200,"srcset":"https:\/\/i0.wp.com\/www.freidenker.org\/fw17\/wp-content\/uploads\/2016\/05\/Himmel_Kind.jpg?fit=800%2C445&ssl=1&resize=350%2C200 1x, https:\/\/i0.wp.com\/www.freidenker.org\/fw17\/wp-content\/uploads\/2016\/05\/Himmel_Kind.jpg?fit=800%2C445&ssl=1&resize=525%2C300 1.5x, https:\/\/i0.wp.com\/www.freidenker.org\/fw17\/wp-content\/uploads\/2016\/05\/Himmel_Kind.jpg?fit=800%2C445&ssl=1&resize=700%2C400 2x"},"classes":[]},{"id":15046,"url":"https:\/\/www.freidenker.org\/?p=15046","url_meta":{"origin":16340,"position":3},"title":"Im W\u00fcrgegriff der Kriegsprofiteure","author":"Webredaktion","date":"22. Januar 2023","format":false,"excerpt":"Beitrag von Evelyn Hecht-Galinski Nach der t\u00e4glichen Berieselung mit st\u00e4ndiger anti-russischer Agitation, einseitig \u00fcbernommener Ukraine-Propaganda sowie die t\u00e4glichen-allabendlichen Selenskyj-Videobotschaften und Zuschaltungen aller Orten \u2013 wie aus einem schlechten Schmierentheater der gleichkommenden Frontnachrichten \u2013 geht es mir wahrscheinlich wie einem Gro\u00dfteil deutscher B\u00fcrger: Wir haben es satt! Inzwischen tritt auch noch\u2026","rel":"","context":"In &quot;Demokratie \u2013 Medien \u2013 Aufkl\u00e4rung&quot;","block_context":{"text":"Demokratie \u2013 Medien \u2013 Aufkl\u00e4rung","link":"https:\/\/www.freidenker.org\/?cat=12"},"img":{"alt_text":"","src":"https:\/\/i0.wp.com\/www.freidenker.org\/fw17\/wp-content\/uploads\/2023\/01\/bullets-6948076_800x450_2.jpg?fit=800%2C450&ssl=1&resize=350%2C200","width":350,"height":200,"srcset":"https:\/\/i0.wp.com\/www.freidenker.org\/fw17\/wp-content\/uploads\/2023\/01\/bullets-6948076_800x450_2.jpg?fit=800%2C450&ssl=1&resize=350%2C200 1x, https:\/\/i0.wp.com\/www.freidenker.org\/fw17\/wp-content\/uploads\/2023\/01\/bullets-6948076_800x450_2.jpg?fit=800%2C450&ssl=1&resize=525%2C300 1.5x, https:\/\/i0.wp.com\/www.freidenker.org\/fw17\/wp-content\/uploads\/2023\/01\/bullets-6948076_800x450_2.jpg?fit=800%2C450&ssl=1&resize=700%2C400 2x"},"classes":[]},{"id":18602,"url":"https:\/\/www.freidenker.org\/?p=18602","url_meta":{"origin":16340,"position":4},"title":"Ansprache des russischen Pr\u00e4sidenten Wladimir Putin an russische B\u00fcrger","author":"Webredaktion","date":"26. M\u00e4rz 2024","format":false,"excerpt":"Fernsehansprache des Pr\u00e4sidenten der russischen F\u00f6deration, Wladimir Putin, vom 23.03.2024 Liebe B\u00fcrger Russlands! Ich wende mich an Sie im Zusammenhang mit dem blutigen barbarischen Terroranschlag, dem Dutzende friedliche unschuldige Menschen, unsere Mitb\u00fcrger, darunter Kinder, Jugendliche und Frauen, zum Opfer gefallen sind. F\u00fcr das Leben der Verletzten, aller, die sich in\u2026","rel":"","context":"In &quot;Demokratie \u2013 Medien \u2013 Aufkl\u00e4rung&quot;","block_context":{"text":"Demokratie \u2013 Medien \u2013 Aufkl\u00e4rung","link":"https:\/\/www.freidenker.org\/?cat=12"},"img":{"alt_text":"","src":"https:\/\/i0.wp.com\/www.freidenker.org\/fw17\/wp-content\/uploads\/2024\/03\/Gedenken_Rostow_800x450.jpg?fit=800%2C450&ssl=1&resize=350%2C200","width":350,"height":200,"srcset":"https:\/\/i0.wp.com\/www.freidenker.org\/fw17\/wp-content\/uploads\/2024\/03\/Gedenken_Rostow_800x450.jpg?fit=800%2C450&ssl=1&resize=350%2C200 1x, https:\/\/i0.wp.com\/www.freidenker.org\/fw17\/wp-content\/uploads\/2024\/03\/Gedenken_Rostow_800x450.jpg?fit=800%2C450&ssl=1&resize=525%2C300 1.5x, https:\/\/i0.wp.com\/www.freidenker.org\/fw17\/wp-content\/uploads\/2024\/03\/Gedenken_Rostow_800x450.jpg?fit=800%2C450&ssl=1&resize=700%2C400 2x"},"classes":[]},{"id":386,"url":"https:\/\/www.freidenker.org\/?p=386","url_meta":{"origin":16340,"position":5},"title":"\u201eRechtsstaat\u201c \u2013 Eine Bilanz nach 20 Jahren","author":"Webmaster","date":"17. Juli 2010","format":false,"excerpt":"Beitrag von Erich Buchholz aus FREIDENKER 2-10 Die Freidenker und ihre verschiedenen Vorl\u00e4ufer, so die Aufkl\u00e4rer, geh\u00f6rten stets zu den aufgeschlossenen progressiven Kr\u00e4ften der Gesellschaft. Das war in der DDR nicht anders, unabh\u00e4ngig von einer Einbindung in politische Parteien oder Organisationen. Viele von ihnen erkannten \u2013 oder erahnten \u2013 im\u2026","rel":"","context":"In &quot;Demokratie \u2013 Medien \u2013 Aufkl\u00e4rung&quot;","block_context":{"text":"Demokratie \u2013 Medien \u2013 Aufkl\u00e4rung","link":"https:\/\/www.freidenker.org\/?cat=12"},"img":{"alt_text":"","src":"https:\/\/i0.wp.com\/www.freidenker.org\/fw17\/wp-content\/uploads\/2016\/08\/Justitia-1.jpg?fit=800%2C445&ssl=1&resize=350%2C200","width":350,"height":200,"srcset":"https:\/\/i0.wp.com\/www.freidenker.org\/fw17\/wp-content\/uploads\/2016\/08\/Justitia-1.jpg?fit=800%2C445&ssl=1&resize=350%2C200 1x, https:\/\/i0.wp.com\/www.freidenker.org\/fw17\/wp-content\/uploads\/2016\/08\/Justitia-1.jpg?fit=800%2C445&ssl=1&resize=525%2C300 1.5x, https:\/\/i0.wp.com\/www.freidenker.org\/fw17\/wp-content\/uploads\/2016\/08\/Justitia-1.jpg?fit=800%2C445&ssl=1&resize=700%2C400 2x"},"classes":[]}],"_links":{"self":[{"href":"https:\/\/www.freidenker.org\/index.php?rest_route=\/wp\/v2\/posts\/16340","targetHints":{"allow":["GET"]}}],"collection":[{"href":"https:\/\/www.freidenker.org\/index.php?rest_route=\/wp\/v2\/posts"}],"about":[{"href":"https:\/\/www.freidenker.org\/index.php?rest_route=\/wp\/v2\/types\/post"}],"author":[{"embeddable":true,"href":"https:\/\/www.freidenker.org\/index.php?rest_route=\/wp\/v2\/users\/3"}],"replies":[{"embeddable":true,"href":"https:\/\/www.freidenker.org\/index.php?rest_route=%2Fwp%2Fv2%2Fcomments&post=16340"}],"version-history":[{"count":0,"href":"https:\/\/www.freidenker.org\/index.php?rest_route=\/wp\/v2\/posts\/16340\/revisions"}],"wp:featuredmedia":[{"embeddable":true,"href":"https:\/\/www.freidenker.org\/index.php?rest_route=\/wp\/v2\/media\/16342"}],"wp:attachment":[{"href":"https:\/\/www.freidenker.org\/index.php?rest_route=%2Fwp%2Fv2%2Fmedia&parent=16340"}],"wp:term":[{"taxonomy":"category","embeddable":true,"href":"https:\/\/www.freidenker.org\/index.php?rest_route=%2Fwp%2Fv2%2Fcategories&post=16340"},{"taxonomy":"post_tag","embeddable":true,"href":"https:\/\/www.freidenker.org\/index.php?rest_route=%2Fwp%2Fv2%2Ftags&post=16340"}],"curies":[{"name":"wp","href":"https:\/\/api.w.org\/{rel}","templated":true}]}}