{"id":16297,"date":"2023-06-10T21:00:29","date_gmt":"2023-06-10T19:00:29","guid":{"rendered":"https:\/\/www.freidenker.org\/?p=16297"},"modified":"2023-07-08T13:30:45","modified_gmt":"2023-07-08T11:30:45","slug":"die-causa-kachowka-ein-damm-ein-plan-und-eilige-luegen","status":"publish","type":"post","link":"https:\/\/www.freidenker.org\/?p=16297","title":{"rendered":"Die Causa Kachowka: Ein Damm, ein Plan und eilige L\u00fcgen"},"content":{"rendered":"<p><strong>Inzwischen sollte klar sein: Immer, wenn bei einem Vorfall der Schuldige bereits feststeht, wenn der Donner der Sprengladung noch nicht ganz verhallt ist, dann ist etwas faul. Auch diesmal, bei der Sprengung des Kachowka-Staudamms, waren sie im Westen ganz fix. <\/strong><\/p>\n<p><em>von <strong>Dagmar Henn<\/strong><\/em><\/p>\n<p><span style=\"font-size: 10pt;\">Erstver\u00f6ffentlichung am 06.06.2023 auf <a href=\"https:\/\/freeassange.rtde.life\/meinung\/171977-causa-kachowka-damm-plan-und\/\" target=\"_blank\" rel=\"noopener\">RT DE<\/a><\/span><\/p>\n<div class=\"EmbedBlock-root EmbedBlock-all\">\n<div class=\"AllEmbed\"><iframe loading=\"lazy\" title=\"Die Causa Kachowka: Ein Damm, ein Plan und eilige L\u00fcgen\" src=\"https:\/\/www.podbean.com\/player-v2\/?i=udrqv-142aadf-pb&amp;from=pb6admin&amp;share=1&amp;download=1&amp;rtl=0&amp;fonts=Arial&amp;skin=1&amp;font-color=&amp;logo_link=episode_page&amp;btn-skin=7\" width=\"100%\" height=\"150\" scrolling=\"no\" data-name=\"pb-iframe-player\" data-mce-fragment=\"1\"><\/iframe><\/div>\n<\/div>\n<p>Lassen wir einmal den Unfug beiseite, den Bundeskanzler Olaf Scholz schon wieder <a href=\"https:\/\/www.br.de\/nachrichten\/deutschland-welt\/ukraine-wirft-russland-sprengung-von-kachowka-staudamm-vor,TgMvKF8\">ge\u00e4u\u00dfert<\/a> hat. Er schiebt die Sprengung des Staudamms sogleich in russische Schuhe und erkl\u00e4rt, das sei ein Ereignis, &#8222;das sich einreiht in viele, viele der Verbrechen, die wir in der Ukraine gesehen haben, die von russischen Soldaten ausgegangen sind&#8220;. Wobei, bei den ukrainischen hat er doch immer weggesehen &#8230;<\/p>\n<p>Nein, gehen wir doch ganz anders vor, rein geografisch. Das hat den Vorteil, dass wom\u00f6glich jeder die Aussagen \u00fcberpr\u00fcfen kann, denn Karten und die Flussrichtung des Dnjepr \u00e4ndern sich nicht nach Vorlieben.<\/p>\n<p>Die erste Frage: Welchem Ufer lag die Besch\u00e4digung n\u00e4her, dem der Ukraine oder dem von Russland kontrollierten? Die Aufnahmen sind eindeutig\u00a0\u2013 in Flussrichtung rechts\u00a0\u2013 also der ukrainisch kontrollierten Seite. Das muss nichts besagen, kann aber.<\/p>\n<figure class=\"RTImage-root\">\n<div class=\"RTImage-image RTImage-original\">\n<figure id=\"attachment_16302\" aria-describedby=\"caption-attachment-16302\" style=\"width: 800px\" class=\"wp-caption alignnone\"><img data-recalc-dims=\"1\" loading=\"lazy\" decoding=\"async\" data-attachment-id=\"16302\" data-permalink=\"https:\/\/www.freidenker.org\/?attachment_id=16302\" data-orig-file=\"https:\/\/i0.wp.com\/www.freidenker.org\/fw17\/wp-content\/uploads\/2023\/06\/karte_staudamm.jpg?fit=1280%2C720&amp;ssl=1\" data-orig-size=\"1280,720\" data-comments-opened=\"0\" data-image-meta=\"{&quot;aperture&quot;:&quot;0&quot;,&quot;credit&quot;:&quot;&quot;,&quot;camera&quot;:&quot;&quot;,&quot;caption&quot;:&quot;&quot;,&quot;created_timestamp&quot;:&quot;0&quot;,&quot;copyright&quot;:&quot;&quot;,&quot;focal_length&quot;:&quot;0&quot;,&quot;iso&quot;:&quot;0&quot;,&quot;shutter_speed&quot;:&quot;0&quot;,&quot;title&quot;:&quot;&quot;,&quot;orientation&quot;:&quot;0&quot;}\" data-image-title=\"karte_staudamm\" data-image-description=\"\" data-image-caption=\"\" data-large-file=\"https:\/\/i0.wp.com\/www.freidenker.org\/fw17\/wp-content\/uploads\/2023\/06\/karte_staudamm.jpg?fit=800%2C450&amp;ssl=1\" class=\"wp-image-16302 size-large\" src=\"https:\/\/i0.wp.com\/www.freidenker.org\/fw17\/wp-content\/uploads\/2023\/06\/karte_staudamm.jpg?resize=800%2C450&#038;ssl=1\" alt=\"\" width=\"800\" height=\"450\" srcset=\"https:\/\/i0.wp.com\/www.freidenker.org\/fw17\/wp-content\/uploads\/2023\/06\/karte_staudamm.jpg?resize=1024%2C576&amp;ssl=1 1024w, https:\/\/i0.wp.com\/www.freidenker.org\/fw17\/wp-content\/uploads\/2023\/06\/karte_staudamm.jpg?resize=300%2C169&amp;ssl=1 300w, https:\/\/i0.wp.com\/www.freidenker.org\/fw17\/wp-content\/uploads\/2023\/06\/karte_staudamm.jpg?resize=768%2C432&amp;ssl=1 768w, https:\/\/i0.wp.com\/www.freidenker.org\/fw17\/wp-content\/uploads\/2023\/06\/karte_staudamm.jpg?w=1280&amp;ssl=1 1280w\" sizes=\"auto, (max-width: 800px) 100vw, 800px\" \/><figcaption id=\"caption-attachment-16302\" class=\"wp-caption-text\"><span style=\"font-size: 10pt;\">Gro\u00dfe Karte: \u00dcberflutungsgebiete am Dnjepr; kleine Karte: H\u00f6henkarte &#8211; <a href=\"https:\/\/t.me\/two_majors\/8154\" target=\"_blank\" rel=\"noopener\">Two Majors<\/a><\/span><\/figcaption><\/figure>\n<\/div>\n<\/figure>\n<p>Zweite Frage: Wie verteilen sich die niedrig gelegenen Landfl\u00e4chen? Auch hier ist das Ergebnis eindeutig, sie liegen weit \u00fcberwiegend in Flussrichtung links, also auf russisch kontrolliertem Gebiet. Womit wir beim ersten Indiz w\u00e4ren \u2013 bei der Seite, die evakuieren muss, werden Kr\u00e4fte gebunden, die dann f\u00fcr K\u00e4mpfe nicht zur Verf\u00fcgung stehen. Das w\u00e4re schon einmal ein Punkt f\u00fcr eine T\u00e4terschaft der Ukraine.<\/p>\n<p>Aber das muss noch nicht notwendig erkl\u00e4ren, wer von einer solchen Sprengung den gr\u00f6\u00dferen Vorteil hat. Schlie\u00dflich k\u00f6nnte man davon ausgehen, dass eine \u00fcberflutete Fl\u00e4che schwerer zu queren ist als der trockene Boden. Ja, wenn nicht die russischen Truppen die Bereiche in Frontn\u00e4he befestigt und zum Teil auch vermint h\u00e4tten. Vorhandene Sch\u00fctzengr\u00e4ben, Panzersperren und Minenfelder werden nutzlos, sobald sie unter Wasser sind. Andererseits \u00e4ndert sich f\u00fcr die Gegenseite wenig, denn der Dnjepr muss auf jeden Fall \u00fcberwunden werden, sprich, die Voraussetzungen f\u00fcr die ukrainische Seite werden eher g\u00fcnstiger.<\/p>\n<p>Das Reservoir, das durch den Damm aufgestaut wurde, dient auch dazu, den Kanal zur Wasserversorgung der Krim zu bef\u00fcllen. Jener Kanal, der bereits 2014 auf Kiewer Befehl blockiert wurde und erst seit letztem Jahr wieder frei ist \u2013 ein ukrainisches Kriegsverbrechen \u00fcbrigens\u00a0\u2013 diese Wasserversorgung erneut zu behindern und damit die Landwirtschaft auf der Krim entscheidend zu sch\u00e4digen, k\u00f6nnte ein ukrainisches Ziel sein. Der Wasserpegel des Kanals ist bereits gefallen; da die Entnahmestelle aber oberhalb des Damms liegt, ist es unwahrscheinlich, dass er trockenf\u00e4llt.<\/p>\n<p>Unklar ist, ob die Strom- und Wasserversorgung des Kraftwerks Energodar am Kachowka-Damm h\u00e4ngt \u2013 dieses, wie auch der Krim-Kanal, ein ukrainisches Lieblingsziel. Aus dem Kraftwerk hie\u00df es allerdings, dass man ein eigenes Reservoir habe und weder beim Wasser noch beim Strom abh\u00e4ngig vom Wasserkraftwerk Kachowka sei.<\/p>\n<p>Die Gefahr einer Sprengung des Damms durch die ukrainische Seite war \u00fcbrigens einer der Gr\u00fcnde, warum sich die russische Armee im vergangenen Herbst aus der Stadt Cherson zur\u00fcckgezogen hatte. Der Damm war \u2013 wie die Br\u00fccken \u00fcber den Dnjepr \u2013 mit HIMARS-Raketen beschossen worden. Eine Sprengung h\u00e4tte die Truppen rechts des Dnjepr von der Versorgung abgeschnitten und die M\u00f6glichkeit geschaffen, sie einzukesseln. Das russische Au\u00dfenministerium hatte damals \u00fcbrigens ein Schreiben an den UN-Sicherheitsrat geschickt, in dem die Bef\u00fcrchtungen, dass Kiew den Damm sprengen k\u00f6nnte, dargelegt wurden.<\/p>\n<p><iframe loading=\"lazy\" id=\"telegram-post-MFARussia-16145\" src=\"https:\/\/t.me\/MFARussia\/16145?embed=1\" width=\"100%\" height=\"\" frameborder=\"0\" scrolling=\"no\" data-mce-fragment=\"1\"><\/iframe><\/p>\n<blockquote><p><em>&#8222;Ein solcher r\u00fccksichtsloser ukrainischer Angriff w\u00fcrde zu einer katastrophalen \u00dcberflutung der nahegelegenen Gebiete und zu irreparablen Sch\u00e4den an der Stadt Cherson selbst f\u00fchren. Sie k\u00f6nnte tausende unschuldiger Leben kosten. Die Autorit\u00e4ten in Kiew und ihre westlichen Unterst\u00fctzer werden die volle Verantwortung f\u00fcr alle Konsequenzen eines solch zerst\u00f6rerischen Szenarios tragen.&#8220;<\/em><\/p><\/blockquote>\n<p>Mit anderen Worten, bei Betrachtung der konkreten Lage gibt es kein Argument, das f\u00fcr eine Sprengung durch die Russen spricht. Im Gegensatz dazu gibt es einen <a href=\"https:\/\/www.washingtonpost.com\/world\/2022\/12\/29\/ukraine-offensive-kharkiv-kherson-donetsk\/\">Artikel <\/a>der <em>Washington Post<\/em> vom 29. Dezember letzten Jahres, in dem ein ukrainischer Generalmajor namens Andrei Kowaltschuk sich zu seinen \u00dcberlegungen \u00e4u\u00dfert, den Damm zu sprengen.<\/p>\n<blockquote><p><em>&#8222;Kowaltschuk \u00fcberlegte, den Fluss zu fluten. Die Ukrainer, sagte er, unternahmen sogar einen Probeangriff mit einem HIMARS-Raketenwerfer auf eines der Flutgatter des Kachowka-Damms und machten drei L\u00f6cher ins Metall, um zu sehen, ob der Wasserpegel des Dnjepr weit genug angehoben werden k\u00f6nne, um russische \u00dcberquerungen zu behindern, aber die nahe gelegenen D\u00f6rfer nicht zu \u00fcberfluten.&#8220;<\/em><\/p><\/blockquote>\n<p>Wenn man diese Aussage eines ukrainischen Kommandeurs heute betrachtet, darf man dabei allerdings nicht vergessen, dass alle Einwohner der Orte links des Dnjepr aus Kiewer Sicht ohnehin Kollaborateure sind. Es gibt also nicht nur weitaus mehr Motive f\u00fcr die ukrainische als f\u00fcr die russische Seite, es gibt auch bereits das Bekenntnis, dass solche Pl\u00e4ne existieren.<\/p>\n<p>Aber das ist weder f\u00fcr die deutsche Presse noch f\u00fcr die deutsche Politik ein Problem. So beantwortet der Vorsitzende des Ausw\u00e4rtigen Ausschusses des Bundestags, der SPD-Abgeordnete Michael Roth, die Frage nach der Verantwortung schlicht so:<\/p>\n<p>https:\/\/twitter.com\/MiRo_SPD\/status\/1665961034878709761<\/p>\n<p>Er argumentiert nicht, sondern behauptet schlicht, dass Russland Kriegsverbrechen begehe, und darum h\u00e4tte es auch diesen Damm gesprengt. Nat\u00fcrlich kann man so etwas tun, man kann es auch schreiben. Und weil die Ukraine monatelang das Kernkraftwerk Energodar beschossen hat und auch sonst Kriegsverbrechen begeht (wie mittlerweile neben dem t\u00e4glichen Beschuss der Zivilbev\u00f6lkerung im Donbass auch den im Gebiet Belgorod), m\u00fcsse es die Ukraine gewesen sein.<\/p>\n<p>Aber eigentlich ist das unter der W\u00fcrde intelligenter Menschen, die zumindest etwas Zeit aufwenden sollten, \u00fcber das F\u00fcr und Wider, \u00fcber Vor- und Nachteile f\u00fcr jede der beiden Seiten nachzudenken, ehe sie ein Urteil f\u00e4llen.<\/p>\n<p>Bei der deutschen Reaktion geht es nicht um Wahrheit, es geht darum, Positionen zu besetzen, in der Erwartung, dass wenn man nur schnell und laut genug &#8222;hier&#8220; schreit, es ausgeschlossen sei, dass abweichende Informationen \u00fcberhaupt noch zur Kenntnis genommen werden. So wie man beim Beschuss des Bahnhofs von Kramatorsk auch sogleich schrie, das sei ein russisches Verbrechen, und sich nicht einmal korrigierte, als nach den Aufnahmen einer Totschka-U-Rakete feststand, dass es die Ukraine gewesen sein muss. Die ganze Geschichte wurde schlicht aus den Nachrichten genommen.<\/p>\n<p>Das mag mit dem Angriff auf den Staudamm ebenso geschehen. Oder aber die Wirklichkeit wird wieder einmal v\u00f6llig ignoriert und durch eine eigene Erz\u00e4hlung ersetzt. F\u00fcr Letzteres spricht, dass sich inzwischen so gut wie alle aus dem Fenster gelehnt haben, die eines besitzen, aus dem sie sich lehnen k\u00f6nnen. EU-Ratspr\u00e4sident Charles Michel beispielsweise, der gleich erkl\u00e4rte, &#8222;wir werden Russland und seine Stellvertreter zur Verantwortung ziehen&#8220;, und NATO-Generalsekret\u00e4r Jens Stoltenberg, der meinte, &#8222;das ist eine ungeheuerliche Tat, die einmal mehr die Brutalit\u00e4t des russischen Krieges in der Ukraine zeigt&#8220;.<\/p>\n<p>Wer immer noch geneigt ist, der westlichen Zuschreibung trotz ihrer Inhaltsleere zu folgen, m\u00f6ge daran denken, dass acht Monate nach der Sprengung von Nord Stream weder Scholz noch Stoltenberg bereit oder willens sind, einen T\u00e4ter zu benennen und auf Ermittlungen zu pochen. Ermittlungen, die offenkundig weder n\u00f6tig sind, wenn es darum geht, wer von der Sprengung eines Damms in Cherson profitiert, noch, um zu sagen, wer das Atomkraftwerk bei Saporoschje beschie\u00dft. Stattdessen wird der vermeintlich Schuldige derart schnell benannt, dass man vermuten k\u00f6nnte, die Stellungnahmen zu dieser Tat steckten bereits fertig formuliert in den Jackentaschen, ehe der Angriff auf den Damm \u00fcberhaupt stattfand. Was, wenn man ber\u00fccksichtigt, wie tief die westlichen Nasen im ukrainischen Schlamm stecken, ebenfalls nicht verwundern w\u00fcrde.<\/p>\n<p style=\"text-align: right;\"><em>Dagmar Henn ist Mitglied des Deutschen Freidenker-Verbandes<\/em><\/p>\n<hr \/>\n<p><span style=\"font-size: 10pt;\">Bild oben: <span class=\"mw-mmv-title\">\u00dcberschwemmung am linken Ufer des Dnepr<\/span><\/span><br \/>\n<span style=\"font-size: 10pt;\">Foto: Armyinform, <a href=\"https:\/\/creativecommons.org\/licenses\/by\/4.0\" target=\"_blank\" rel=\"noopener\">CC BY 4.0<\/a><\/span><br \/>\n<span style=\"font-size: 10pt;\">Quelle: <a href=\"https:\/\/commons.wikimedia.org\/w\/index.php?curid=132747941\" target=\"_blank\" rel=\"noopener\">https:\/\/commons.wikimedia.org\/w\/index.php?curid=132747941<\/a><\/span><\/p>\n","protected":false},"excerpt":{"rendered":"<p><b>Beitrag von Dagmar Henn<\/b><br \/>\nInzwischen sollte klar sein: Immer, wenn bei einem Vorfall der Schuldige bereits feststeht, wenn der Donner der Sprengladung noch nicht ganz verhallt ist, dann ist etwas faul. Auch diesmal, bei der Sprengung des Kachowka-Staudamms, waren sie im Westen ganz fix. Lassen wir einmal den Unfug beiseite, den Bundeskanzler Olaf Scholz schon wieder ge\u00e4u\u00dfert hat. Er schiebt die Sprengung des Staudamms sogleich in russische Schuhe und erkl\u00e4rt, das sei ein Ereignis, &#8222;das sich einreiht in viele, viele der Verbrechen, die wir in der Ukraine gesehen haben, die von russischen Soldaten ausgegangen sind&#8220;. Wobei, bei den ukrainischen hat er doch immer weggesehen &#8230; ein, gehen wir doch ganz anders vor, rein geografisch. Das hat den Vorteil, dass wom\u00f6glich jeder die Aussagen \u00fcberpr\u00fcfen kann, denn Karten und die Flussrichtung des Dnjepr \u00e4ndern sich nicht nach Vorlieben.<\/p>\n","protected":false},"author":3,"featured_media":16305,"comment_status":"closed","ping_status":"closed","sticky":false,"template":"","format":"standard","meta":{"colormag_page_container_layout":"default_layout","colormag_page_sidebar_layout":"default_layout","advanced_seo_description":"","jetpack_seo_html_title":"","jetpack_seo_noindex":false,"jetpack_post_was_ever_published":false,"footnotes":""},"categories":[12],"tags":[1069,188,746,121,1317,222,1111,639,717],"class_list":["post-16297","post","type-post","status-publish","format-standard","has-post-thumbnail","hentry","category-demokratie-medien-aufklaerung","tag-katastrophe","tag-krieg","tag-kriegsverbrechen","tag-medien","tag-nord-stream","tag-russland","tag-ukraine","tag-ukraine-konflikt","tag-wahrheit"],"jetpack_featured_media_url":"https:\/\/i0.wp.com\/www.freidenker.org\/fw17\/wp-content\/uploads\/2023\/06\/Flooding_in_Kherson_after_the_destruction_of_the_Kakhovka_Dam_2023_800x450.jpg?fit=800%2C450&ssl=1","jetpack_shortlink":"https:\/\/wp.me\/p9stpK-4eR","jetpack-related-posts":[{"id":19740,"url":"https:\/\/www.freidenker.org\/?p=19740","url_meta":{"origin":16297,"position":0},"title":"Nord-Stream-Attent\u00e4ter: Befinden wir uns nun im Krieg mit der Ukraine?","author":"Webredaktion","date":"20. August 2024","format":false,"excerpt":"Beitrag von Dagmar Henn Jeder Deutsche kann die Folgen der Sprengung von Nord Stream in seinem Geldbeutel wahrnehmen. Viele an ihrem K\u00fcndigungsschreiben. Wenn jetzt offiziell (und offizieller als Generalbundesanwalt geht nicht) erkl\u00e4rt wird, das sei die Ukraine gewesen, muss das Folgen haben. Immerhin, die ARD-Tagesschau hat ihre Meldung zu dem\u2026","rel":"","context":"In &quot;Demokratie \u2013 Medien \u2013 Aufkl\u00e4rung&quot;","block_context":{"text":"Demokratie \u2013 Medien \u2013 Aufkl\u00e4rung","link":"https:\/\/www.freidenker.org\/?cat=12"},"img":{"alt_text":"","src":"https:\/\/i0.wp.com\/www.freidenker.org\/fw17\/wp-content\/uploads\/2024\/08\/Stack_of_pipes_North_Stream_2_800x450.jpg?fit=800%2C450&ssl=1&resize=350%2C200","width":350,"height":200,"srcset":"https:\/\/i0.wp.com\/www.freidenker.org\/fw17\/wp-content\/uploads\/2024\/08\/Stack_of_pipes_North_Stream_2_800x450.jpg?fit=800%2C450&ssl=1&resize=350%2C200 1x, https:\/\/i0.wp.com\/www.freidenker.org\/fw17\/wp-content\/uploads\/2024\/08\/Stack_of_pipes_North_Stream_2_800x450.jpg?fit=800%2C450&ssl=1&resize=525%2C300 1.5x, https:\/\/i0.wp.com\/www.freidenker.org\/fw17\/wp-content\/uploads\/2024\/08\/Stack_of_pipes_North_Stream_2_800x450.jpg?fit=800%2C450&ssl=1&resize=700%2C400 2x"},"classes":[]},{"id":19130,"url":"https:\/\/www.freidenker.org\/?p=19130","url_meta":{"origin":16297,"position":1},"title":"Wenn EU-Gener\u00e4le fantasieren","author":"Webredaktion","date":"20. Mai 2024","format":false,"excerpt":"Beitrag von Dagmar Henn Wenn die Lage nicht so w\u00e4re, wie sie ist, dann m\u00fcsste man sich angesichts der \u00dcberlegungen in der EU, die Ausbildungsmission, bei der EU-Armeen ukrainische Soldaten ausbilden, auf das Gebiet der Ukraine auszuweiten, Sorgen machen. Weil nat\u00fcrlich in den bekannten historischen F\u00e4llen die entsandten Ausbilder nur\u2026","rel":"","context":"In &quot;Demokratie \u2013 Medien \u2013 Aufkl\u00e4rung&quot;","block_context":{"text":"Demokratie \u2013 Medien \u2013 Aufkl\u00e4rung","link":"https:\/\/www.freidenker.org\/?cat=12"},"img":{"alt_text":"","src":"https:\/\/i0.wp.com\/www.freidenker.org\/fw17\/wp-content\/uploads\/2024\/05\/EAGLE_ROYAL_exercise_HIMARS_firing_800x450.jpg?fit=800%2C450&ssl=1&resize=350%2C200","width":350,"height":200,"srcset":"https:\/\/i0.wp.com\/www.freidenker.org\/fw17\/wp-content\/uploads\/2024\/05\/EAGLE_ROYAL_exercise_HIMARS_firing_800x450.jpg?fit=800%2C450&ssl=1&resize=350%2C200 1x, https:\/\/i0.wp.com\/www.freidenker.org\/fw17\/wp-content\/uploads\/2024\/05\/EAGLE_ROYAL_exercise_HIMARS_firing_800x450.jpg?fit=800%2C450&ssl=1&resize=525%2C300 1.5x, https:\/\/i0.wp.com\/www.freidenker.org\/fw17\/wp-content\/uploads\/2024\/05\/EAGLE_ROYAL_exercise_HIMARS_firing_800x450.jpg?fit=800%2C450&ssl=1&resize=700%2C400 2x"},"classes":[]},{"id":18730,"url":"https:\/\/www.freidenker.org\/?p=18730","url_meta":{"origin":16297,"position":2},"title":"&#8222;Vertreter Putins&#8220; im Bundestag? L\u00f6sen wir es doch per Quote!","author":"Webredaktion","date":"9. April 2024","format":false,"excerpt":"Beitrag von Dagmar Henn Jedem, der die Meldungen um das tschechische Portal \"Voice of Europe\" gelesen hat, war klar, dass damit eine Absicht verfolgt wird. Inzwischen ist auch deutlich, welche \u2013 man hat sich auf den AfD-Abgeordneten Petr Bystron eingeschossen, und jetzt soll sogar die Generalstaatsanwaltschaft M\u00fcnchen gegen ihn ermitteln,\u2026","rel":"","context":"In &quot;Demokratie \u2013 Medien \u2013 Aufkl\u00e4rung&quot;","block_context":{"text":"Demokratie \u2013 Medien \u2013 Aufkl\u00e4rung","link":"https:\/\/www.freidenker.org\/?cat=12"},"img":{"alt_text":"","src":"https:\/\/i0.wp.com\/www.freidenker.org\/fw17\/wp-content\/uploads\/2024\/04\/Petr_Bystron_25637917500_800x450.jpg?fit=800%2C450&ssl=1&resize=350%2C200","width":350,"height":200,"srcset":"https:\/\/i0.wp.com\/www.freidenker.org\/fw17\/wp-content\/uploads\/2024\/04\/Petr_Bystron_25637917500_800x450.jpg?fit=800%2C450&ssl=1&resize=350%2C200 1x, https:\/\/i0.wp.com\/www.freidenker.org\/fw17\/wp-content\/uploads\/2024\/04\/Petr_Bystron_25637917500_800x450.jpg?fit=800%2C450&ssl=1&resize=525%2C300 1.5x, https:\/\/i0.wp.com\/www.freidenker.org\/fw17\/wp-content\/uploads\/2024\/04\/Petr_Bystron_25637917500_800x450.jpg?fit=800%2C450&ssl=1&resize=700%2C400 2x"},"classes":[]},{"id":13778,"url":"https:\/\/www.freidenker.org\/?p=13778","url_meta":{"origin":16297,"position":3},"title":"Der Westen hat h\u00f6chstens noch zwei Monate um zu verhandeln","author":"Webredaktion","date":"16. Juli 2022","format":false,"excerpt":"Beitrag von Dagmar Henn Egal, wie oft beteuert wird, die Ukraine d\u00fcrfe nicht verlieren, und in Wirklichkeit gemeint wird, der Westen d\u00fcrfe nicht verlieren \u2013 weder milit\u00e4risch noch \u00f6konomisch ist er dabei zu gewinnen. Im Gegenteil. Welche Optionen bleiben noch? Wenn man sich ein wenig vom weiter tapfer aufrechterhaltenen westlichen\u2026","rel":"","context":"In &quot;Frieden - Antifaschismus - Solidarit\u00e4t&quot;","block_context":{"text":"Frieden - Antifaschismus - Solidarit\u00e4t","link":"https:\/\/www.freidenker.org\/?cat=13"},"img":{"alt_text":"","src":"https:\/\/i0.wp.com\/www.freidenker.org\/fw17\/wp-content\/uploads\/2022\/07\/baerbock_stoltenberg_800x450.jpg?fit=800%2C450&ssl=1&resize=350%2C200","width":350,"height":200,"srcset":"https:\/\/i0.wp.com\/www.freidenker.org\/fw17\/wp-content\/uploads\/2022\/07\/baerbock_stoltenberg_800x450.jpg?fit=800%2C450&ssl=1&resize=350%2C200 1x, https:\/\/i0.wp.com\/www.freidenker.org\/fw17\/wp-content\/uploads\/2022\/07\/baerbock_stoltenberg_800x450.jpg?fit=800%2C450&ssl=1&resize=525%2C300 1.5x, https:\/\/i0.wp.com\/www.freidenker.org\/fw17\/wp-content\/uploads\/2022\/07\/baerbock_stoltenberg_800x450.jpg?fit=800%2C450&ssl=1&resize=700%2C400 2x"},"classes":[]},{"id":12204,"url":"https:\/\/www.freidenker.org\/?p=12204","url_meta":{"origin":16297,"position":4},"title":"Die Bundesregierung und die deutschen Interessen","author":"Webredaktion","date":"19. Februar 2022","format":false,"excerpt":"Beitrag von Dagmar Henn Wenn man wissen will, wof\u00fcr dieser Westen steht und wof\u00fcr nicht, muss man nur die Auseinandersetzung um die russische Eiskunstl\u00e4uferin Walijewa betrachten. Mal ganz abgesehen von der Korruptionsgeschichte des IOC und den geopolitischen Manipulationen durch vermeintliche Anti-Doping-K\u00e4mpfer \u2013 es sind andere Verst\u00f6\u00dfe, die dabei aussagekr\u00e4ftig sind.\u2026","rel":"","context":"In &quot;Demokratie \u2013 Medien \u2013 Aufkl\u00e4rung&quot;","block_context":{"text":"Demokratie \u2013 Medien \u2013 Aufkl\u00e4rung","link":"https:\/\/www.freidenker.org\/?cat=12"},"img":{"alt_text":"","src":"https:\/\/i0.wp.com\/www.freidenker.org\/fw17\/wp-content\/uploads\/2022\/02\/Unterzeichnung_Koalitionsvertrag_2021_800x450.jpg?fit=800%2C450&ssl=1&resize=350%2C200","width":350,"height":200,"srcset":"https:\/\/i0.wp.com\/www.freidenker.org\/fw17\/wp-content\/uploads\/2022\/02\/Unterzeichnung_Koalitionsvertrag_2021_800x450.jpg?fit=800%2C450&ssl=1&resize=350%2C200 1x, https:\/\/i0.wp.com\/www.freidenker.org\/fw17\/wp-content\/uploads\/2022\/02\/Unterzeichnung_Koalitionsvertrag_2021_800x450.jpg?fit=800%2C450&ssl=1&resize=525%2C300 1.5x, https:\/\/i0.wp.com\/www.freidenker.org\/fw17\/wp-content\/uploads\/2022\/02\/Unterzeichnung_Koalitionsvertrag_2021_800x450.jpg?fit=800%2C450&ssl=1&resize=700%2C400 2x"},"classes":[]},{"id":14715,"url":"https:\/\/www.freidenker.org\/?p=14715","url_meta":{"origin":16297,"position":5},"title":"Ukraine, Polen, ein Urteil und die Rakete: Wie der Zufall so spielt","author":"Webredaktion","date":"20. November 2022","format":false,"excerpt":"Beitrag von Dagmar Henn Die Geschichte der ukrainischen Rakete und des polnischen Traktors scheint noch nicht zu Ende geschrieben zu sein. Nachdem der Raketentyp einwandfrei identifiziert wurde und klar war, dass dieser Typ jederzeit h\u00e4tte ferngez\u00fcndet werden k\u00f6nnen, was ein Hinweis auf einen absichtlichen Abschuss sein kann, erachtete es die\u2026","rel":"","context":"In &quot;Frieden - Antifaschismus - Solidarit\u00e4t&quot;","block_context":{"text":"Frieden - Antifaschismus - Solidarit\u00e4t","link":"https:\/\/www.freidenker.org\/?cat=13"},"img":{"alt_text":"","src":"https:\/\/i0.wp.com\/www.freidenker.org\/fw17\/wp-content\/uploads\/2022\/11\/Rakete_Polen_800x450.jpg?fit=800%2C450&ssl=1&resize=350%2C200","width":350,"height":200,"srcset":"https:\/\/i0.wp.com\/www.freidenker.org\/fw17\/wp-content\/uploads\/2022\/11\/Rakete_Polen_800x450.jpg?fit=800%2C450&ssl=1&resize=350%2C200 1x, https:\/\/i0.wp.com\/www.freidenker.org\/fw17\/wp-content\/uploads\/2022\/11\/Rakete_Polen_800x450.jpg?fit=800%2C450&ssl=1&resize=525%2C300 1.5x, https:\/\/i0.wp.com\/www.freidenker.org\/fw17\/wp-content\/uploads\/2022\/11\/Rakete_Polen_800x450.jpg?fit=800%2C450&ssl=1&resize=700%2C400 2x"},"classes":[]}],"_links":{"self":[{"href":"https:\/\/www.freidenker.org\/index.php?rest_route=\/wp\/v2\/posts\/16297","targetHints":{"allow":["GET"]}}],"collection":[{"href":"https:\/\/www.freidenker.org\/index.php?rest_route=\/wp\/v2\/posts"}],"about":[{"href":"https:\/\/www.freidenker.org\/index.php?rest_route=\/wp\/v2\/types\/post"}],"author":[{"embeddable":true,"href":"https:\/\/www.freidenker.org\/index.php?rest_route=\/wp\/v2\/users\/3"}],"replies":[{"embeddable":true,"href":"https:\/\/www.freidenker.org\/index.php?rest_route=%2Fwp%2Fv2%2Fcomments&post=16297"}],"version-history":[{"count":0,"href":"https:\/\/www.freidenker.org\/index.php?rest_route=\/wp\/v2\/posts\/16297\/revisions"}],"wp:featuredmedia":[{"embeddable":true,"href":"https:\/\/www.freidenker.org\/index.php?rest_route=\/wp\/v2\/media\/16305"}],"wp:attachment":[{"href":"https:\/\/www.freidenker.org\/index.php?rest_route=%2Fwp%2Fv2%2Fmedia&parent=16297"}],"wp:term":[{"taxonomy":"category","embeddable":true,"href":"https:\/\/www.freidenker.org\/index.php?rest_route=%2Fwp%2Fv2%2Fcategories&post=16297"},{"taxonomy":"post_tag","embeddable":true,"href":"https:\/\/www.freidenker.org\/index.php?rest_route=%2Fwp%2Fv2%2Ftags&post=16297"}],"curies":[{"name":"wp","href":"https:\/\/api.w.org\/{rel}","templated":true}]}}