{"id":16295,"date":"2023-06-10T20:59:54","date_gmt":"2023-06-10T18:59:54","guid":{"rendered":"https:\/\/www.freidenker.org\/?p=16295"},"modified":"2023-07-08T13:30:37","modified_gmt":"2023-07-08T11:30:37","slug":"durch-einen-ozean-getrennt-durch-unsere-werte-verbunden","status":"publish","type":"post","link":"https:\/\/www.freidenker.org\/?p=16295","title":{"rendered":"&#8222;Durch einen Ozean getrennt, durch unsere Werte verbunden&#8220;"},"content":{"rendered":"<h4 class=\"HeadLine-root HeadLine-type_2 \">Baerbock in Lateinamerika<\/h4>\n<p><strong>Baerbock begl\u00fcckt in diesen Tagen Lateinamerika mit ihrem Werte-Geschwurbel. Sie vergriff sich schon im Vorfeld im Ton. Das Gute: Nicht nur f\u00fcr Fachkr\u00e4fte aus Brasilien soll es Perspektiven in Deutschland, sondern auch f\u00fcr deutsche Fachkr\u00e4fte in Brasilien geben. Mittelfristig ist das attraktiv.<\/strong><\/p>\n<p><em>Von <strong>Gert Ewen Ungar<\/strong><\/em><\/p>\n<p><span style=\"font-size: 10pt;\">Erstver\u00f6ffentlichung am 06.06.2023 auf <a href=\"https:\/\/freeassange.rtde.life\/meinung\/171966-durch-ozean-getrennt-durch-unsere\/\" target=\"_blank\" rel=\"noopener\">RT DE<\/a><\/span><\/p>\n<div class=\"EmbedBlock-root EmbedBlock-all\">\n<div class=\"AllEmbed\"><iframe loading=\"lazy\" title=\"\u201dDurch einen Ozean getrennt, durch unsere Werte verbunden\u201d: Baerbock in Lateinamerika\" src=\"https:\/\/www.podbean.com\/player-v2\/?i=dkfyd-142ab4e-pb&amp;from=pb6admin&amp;share=1&amp;download=1&amp;rtl=0&amp;fonts=Arial&amp;skin=1&amp;font-color=&amp;logo_link=episode_page&amp;btn-skin=7\" width=\"100%\" height=\"150\" scrolling=\"no\" data-name=\"pb-iframe-player\" data-mce-fragment=\"1\"><\/iframe><\/div>\n<\/div>\n<p>Mit ihrem kolossal dissonanten Geschwurbel \u00fcber &#8222;Werte&#8220; beschallt die deutsche Bundesau\u00dfenministerin Annalena Baerbock (B\u00fcndnis 90\/Die Gr\u00fcnen) in diesen Tagen Lateinamerika.\u00a0Gemeinsam mit dem Bundesminister f\u00fcr Arbeit und Soziales Hubertus Heil reiste sie zun\u00e4chst nach Brasilien. Der Bundesarbeitsminister will dort mit sozialen K\u00f6dern Fachkr\u00e4fte abwerben, weil man es in Deutschland heute nicht mehr schafft, in jenen Berufen, in denen Fachkr\u00e4fte fehlen, mit anst\u00e4ndiger Bezahlung und guten Arbeitsbedingungen daf\u00fcr zu sorgen, dass diese T\u00e4tigkeiten attraktiver werden.<\/p>\n<p>So versucht nun seit Jahren nach schlechtem Vorbild auch Deutschland, im Ausland Fachpersonal abzugreifen, was allerdings kaum gelingt, da Deutschland nur noch in den Verg\u00fctungsgruppen der hier jeweils regierenden Politikergeneration attraktiv bleibt. Ansonsten lie\u00dfe sich leicht feststellen: In Deutschland funktioniert die soziale Grundversorgung nicht mehr.<\/p>\n<p>Es gibt nicht genug Wohnungen, die Infrastruktur zerf\u00e4llt, die Verwaltung ist seit Jahren im Dauerkollaps und im Bereich Digitalisierung sind die Schwellenl\u00e4nder, in denen Deutschland abwerben m\u00f6chte, deutlich besser aufgestellt. In Deutschland schickt man Amtliches noch lieber per Fax. Wenn Sie mal im Ausland auf eine Party eingeladen sind und im Smalltalk einen Witz einbauen m\u00f6chten, erz\u00e4hlen Sie einfach, dass man in Deutschland mit \u00c4mtern am verl\u00e4sslichsten per Fax kommuniziert. Die Lacher sind dann garantiert auf Ihrer Seite.<\/p>\n<p>Auf der <a href=\"https:\/\/www.auswaertiges-amt.de\/de\/aussenpolitik\/lateinamerika\/reise-brasilien-kolumbien-panama\/2600178\" target=\"_blank\" rel=\"noopener noreferrer\">Website<\/a> des deutschen Au\u00dfenministeriums prangt anl\u00e4sslich des Besuchs &#8222;unserer&#8220; Au\u00dfenministerin ein Text, der vor Absurdit\u00e4ten nur so strotzt. Es w\u00e4re lustig \u2013 w\u00e4re es satirisch gemeint. Es ist allerdings zu bef\u00fcrchten, dass das Ausw\u00e4rtige Amt den Unsinn genau so meint, wie es ihn ver\u00f6ffentlicht hat \u2013 also v\u00f6llig frei von jeglicher Ironie. So wird die Hausherrin Annalena Baerbock mit den Worten zitiert:<\/p>\n<blockquote><p><em>&#8222;Lateinamerika und Europa sind nat\u00fcrliche Partner. Uns verbindet unendlich viel: Wir leben in Demokratien, sind uns kulturell nah.&#8220;<\/em><\/p><\/blockquote>\n<p>Da ist was dran. Die kulturelle N\u00e4he ergibt sich aus einer langen Kolonialgeschichte, einer Geschichte der Unterdr\u00fcckung, der Ausbeutung und der Sklaverei S\u00fcdamerikas durch Europ\u00e4er wie aus Spanien oder Portugal. Man kann nur hoffen, dass niemand in den L\u00e4ndern, die Baerbock besucht, einen Blick auf die Website des Ausw\u00e4rtigen Amts wirft. Man wird dieses Statement zweifellos f\u00fcr zynisch halten.<\/p>\n<p>Diese ihre \u00c4u\u00dferung birgt in sich das Potential f\u00fcr einen Eklat. Unwissenheit und Geschichtsvergessenheit scheinen aber zum Markenzeichen der deutschen Au\u00dfenministerin zu werden, neben ihrer Besserwisserei und moralischen Selbst\u00fcbersch\u00e4tzung, versteht sich.<\/p>\n<p>Das Thema Ukraine samt Bitte um Waffenlieferungen f\u00e4llt auf der Website des Ausw\u00e4rtigen Amtes zum Gl\u00fcck aus. Immerhin, m\u00f6chte man sagen. Zu deutlich waren die Absagen, die man sich bisher international eingefangen hatte. Dessen ungeachtet ist zu erwarten, dass die Au\u00dfenministerin dennoch vor Ort um Waffen, Unterst\u00fctzung und Umsetzung des westlichen Sanktionsregimes gegen Russland betteln wird, denn in einem kleinen Nebensatz bekennt man sich ganz allgemein zur angeblichen &#8222;F\u00f6rderung von Friedensprozessen&#8220;.<\/p>\n<p>F\u00fcr die deutsche Au\u00dfenministerin besteht diese F\u00f6rderung eines Friedensprozesses in der Lieferung von Waffen. Denn &#8222;unsere Waffen helfen, Menschenleben zu retten&#8220;, lie\u00df Baerbock ihr staunendes Publikum bereits <a href=\"https:\/\/www.auswaertiges-amt.de\/de\/newsroom\/interview-aussenministerin-baerbock-faz\/2553542\" target=\"_blank\" rel=\"noopener noreferrer\">wissen<\/a>. Ansonsten ist von deutschen Friedensinitiativen nichts bekannt.<\/p>\n<p>Unwahrscheinlich ist daher, dass sie etwas erreicht. Zu offensichtlich ist Deutschland einer der Kriegstreiber. Zu h\u00e4ufig hat sich die deutsche Au\u00dfenministerin in einer Weise positioniert, durch die weltweit f\u00fcr alle offensichtlich der Krieg verl\u00e4ngert und die Zahl der Opfer erh\u00f6ht wird. Zu oft hat sie die Suche nach diplomatischen L\u00f6sungen \u00f6ffentlich abgelehnt. Zu klar und offen ist die Einseitigkeit der deutschen Haltung, die in der Bereitschaft zur wahrhaft bedingungslosen Unterst\u00fctzung dieser heutigen Ukraine zum Ausdruck kommt. Das offizielle Deutschland ist kein friedliebendes Land mehr. Niemand verdeutlicht das in internationalem Rahmen so drastisch wie Baerbock.<\/p>\n<p>Der offizielle deutsche Blick auf den Konflikt klammert bekanntlich die Vorgeschichte dieses Krieges v\u00f6llig aus, die offen ausgesprochenen Einladung zum NATO-Beitritt auf dem NATO-Gipfel in Bukarest im Jahr 2008, das EU-Assoziierungsabkommen, die offene Einmischung in die inneren Angelegenheiten der Ukraine durch westliche und deutsche Politiker und nicht zuletzt die heimt\u00fcckische Sabotage des selbst mit ausgehandelten Abkommens von Minsk 2.<\/p>\n<p>Au\u00dferhalb der westlichen und der deutschen Echokammer sieht man daher klar und deutlich, dass der Westen, die NATO, die EU und ganz konkret auch Deutschland mindestens eine Mitverantwortung f\u00fcr die Entwicklung hin zu diesem Krieg tragen. In Deutschland weist man diese objektive Sicht als angeblich &#8222;russisches Narrativ &#8220; rundheraus zur\u00fcck. Diese Sicht ist jedoch lediglich von regionaler Bedeutung. Au\u00dferhalb Deutschlands hat man das Denken in historischen Abl\u00e4ufen und in den Kategorien der Chronologie noch nicht aufgegeben. Deutschlands f\u00fchrende Politiker sind in einem Irrtum gefangen.<\/p>\n<p>Genau aus diesem Grund kann Baerbock auf keinerlei Unterst\u00fctzung f\u00fcr ihr Anliegen einer tatkr\u00e4ftigen Verl\u00e4ngerung dieses Krieges hoffen. Deutschland ist Kriegstreiber, das wei\u00df man in der Welt. Solche L\u00e4nder unterst\u00fctzt man nicht in ihren Aggressionsgel\u00fcsten. Das ist ein ethisches Prinzip.<\/p>\n<p>Ansonsten sind der deutschen Au\u00dfenministerin noch &#8222;die Lieferketten&#8220; und &#8222;der Regenwald&#8220; zwei besonders &#8222;wichtige&#8220; Anliegen. Bei seinem Auftritt als deutscher H\u00e4uptling im Amazonas hatte bereits der Bundeswirtschaftsminister Robert Habeck (B\u00fcndnis 90\/Die Gr\u00fcnen) faktenfrei behauptet, in Deutschland g\u00e4be es keinen Wald mehr. Man darf gespannt sein, zu welchen \u00c4u\u00dferungen sich die Au\u00dfenministerin auf ihrer Tour durch Lateinamerika noch hinrei\u00dfen l\u00e4sst.<\/p>\n<p>Sie ist sich neuerdings sicher, dass der Klimawandel nicht allein durch deutsches Vorbild, sondern nur gemeinsam mit Lateinamerika zu bek\u00e4mpfen sein wird:<\/p>\n<blockquote><p><em>&#8222;Ohne Lateinamerika werden wir die Klimakrise nicht eind\u00e4mmen. Deshalb teilen wir die Ambitionen der brasilianischen Regierung, den Waldanrainern wirtschaftliche Perspektiven zu bieten \u2013 nicht gegen den Wald, sondern mit ihm.&#8220;<\/em><\/p><\/blockquote>\n<p>Da klingt in der Erwartungshaltung dann doch wieder ein bisschen die typisch deutsche, typisch Baerbocksche Besserwisserei durch.<\/p>\n<p>Sollte es der deutschen Au\u00dfenministerin oder allgemein den deutschen Regierungspolitikern tats\u00e4chlich ein Anliegen sein, den CO\u2082-Aussto\u00df zu senken, dann ist deren aktuelle Politik dazu leider h\u00f6chst ungeeignet. Die Abkehr von fossilen Brennstoffen l\u00e4sst sich\u00a0nur in einer gemeinsamen, weltweiten Kraftanstrengung umsetzen, der alle anderen au\u00dfenpolitischen Ziele untergeordnet werden m\u00fcssen. Zu den Klimazielen passt weder die deutsche Z\u00fcndelei in der Ukraine noch der aggressive, auf Eskalation setzende Ton gegen\u00fcber China noch das Sanktionsregime, das die R\u00fcckkehr der Kohlekraftwerke erzwingt.\u00a0Auch in diesem Punkt ist Deutschland wenig glaubw\u00fcrdig. Man wei\u00df das \u00fcberall \u2013 au\u00dfer in Deutschland.<\/p>\n<p>Beachtenswert ist jedenfalls, dass das Anwerbe-Abkommen, das der Bundesarbeitsminister mit Brasilien verabredet hat, keine Einbahnstra\u00dfe zu sein scheint. Das Ziel, so <a href=\"https:\/\/www.bmas.de\/DE\/Service\/Presse\/Pressemitteilungen\/2023\/brasilien-und-deutschland-staerken-partnerschaft-fachkraeftegewinnung.html\" target=\"_blank\" rel=\"noopener noreferrer\">hei\u00dft<\/a> es auf der Website,<\/p>\n<blockquote><p><em>&#8222;&#8230; ist es, faire und vereinfachte Strukturen zu schaffen, um den beidseitigen Fachkr\u00e4fteaustausch zu f\u00f6rdern&#8220;. <\/em><\/p><\/blockquote>\n<p>Das hei\u00dft, deutsche Fachkr\u00e4fte d\u00fcrfen gern auch nach Brasilien. Das ist vermutlich sogar f\u00fcr die die interessantere Perspektive. W\u00e4hrend die deutsche Regierungspolitik durch das Sanktionsregime die deutsche Wirtschaft in den Abgrund schickt,\u00a0werden\u00a0die L\u00e4nder der BRICS-Staatengemeinschaft absehbar prosperieren. Sie machen gerade all das richtig, was die Europ\u00e4ische Union (EU) und die deutsche Bundesregierung falsch machen.<\/p>\n<p>BRICS wird sich auf Grundlage des V\u00f6lkerrechts und der Anerkennung der Souver\u00e4nit\u00e4t der L\u00e4nder erweitern. Eine technokratisches Zentrum wie in Br\u00fcssel die EU-Kommission oder der Europ\u00e4ische Gerichtshof in Luxemburg, die nach immer mehr Macht und Kontrolle streben, gibt es dort nicht. Au\u00dferhalb des westlichen B\u00fcndnisses entstehen riesige, miteinander verflochtene Handelsr\u00e4ume.<\/p>\n<p>Dass auch f\u00fcr Deutsche die Einwanderungsh\u00fcrden in Brasilien sinken sollen, sollte man als Inhaber eines deutschen Reisepasses zumindest mittelfristig besser nicht aus dem Blick verlieren. Vermutlich ist das die einzig gute Nachricht im Zusammenhang mit dem Besuch deutscher &#8222;Ampel&#8220;-Politiker in Lateinamerika.<\/p>\n<p style=\"text-align: right;\"><em>Gert-Ewen Ungar studierte Philosophie und Germanistik und schreibt regelm\u00e4\u00dfig f\u00fcr die <a href=\"https:\/\/www.neulandrebellen.de\/\" target=\"_blank\" rel=\"noopener\">Neulandrebellen<\/a>\u00a0<\/em><\/p>\n<hr \/>\n<p><span style=\"font-size: 10pt;\">Bild: Der brasilianische Vizepr\u00e4sident Geraldo Alckmin (links) w\u00e4hrend des Treffens mit der deutschen Bundesau\u00dfenministerin Annalena Baerbock (Mitte) am 05. Juni 2023 in Brasilia.<br \/>\n(Anmerkung der Webredaktion: Frau Baerbock sucht auf der Karte vermutlich den Ozean, der Brasilien von Deutschland trennt.)\u00a0<\/span><br \/>\n<span style=\"font-size: 10pt;\">Foto: Vice-Presid\u00eancia da Rep\u00fablica [Brasilien] &#8211;\u00a0 <a href=\"https:\/\/creativecommons.org\/licenses\/by\/2.0\" target=\"_blank\" rel=\"noopener\">CC BY 2.0<\/a><\/span><br \/>\n<span style=\"font-size: 10pt;\">Quelle: <a href=\"https:\/\/commons.wikimedia.org\/w\/index.php?curid=132698760\" target=\"_blank\" rel=\"noopener\">https:\/\/commons.wikimedia.org\/w\/index.php?curid=132698760<\/a><\/span><\/p>\n","protected":false},"excerpt":{"rendered":"<p><b>Baerbock in Lateinamerika<\/b><br \/>\n<b>Beitrag von Gert Ewen Ungar<\/b><br \/>\nMit ihrem kolossal dissonanten Geschwurbel \u00fcber &#8222;Werte&#8220; beschallt die deutsche Bundesau\u00dfenministerin Annalena Baerbock (B\u00fcndnis 90\/Die Gr\u00fcnen) in diesen Tagen Lateinamerika.\u00a0Gemeinsam mit dem Bundesminister f\u00fcr Arbeit und Soziales Hubertus Heil reiste sie zun\u00e4chst nach Brasilien. Der Bundesarbeitsminister will dort mit sozialen K\u00f6dern Fachkr\u00e4fte abwerben, weil man es in Deutschland heute nicht mehr schafft, in jenen Berufen, in denen Fachkr\u00e4fte fehlen, mit anst\u00e4ndiger Bezahlung und guten Arbeitsbedingungen daf\u00fcr zu sorgen, dass diese T\u00e4tigkeiten attraktiver werden.\u00a0So versucht nun seit Jahren nach schlechtem Vorbild auch Deutschland, im Ausland Fachpersonal abzugreifen, was allerdings kaum gelingt .,.<\/p>\n","protected":false},"author":3,"featured_media":16306,"comment_status":"closed","ping_status":"closed","sticky":false,"template":"","format":"standard","meta":{"colormag_page_container_layout":"default_layout","colormag_page_sidebar_layout":"default_layout","advanced_seo_description":"","jetpack_seo_html_title":"","jetpack_seo_noindex":false,"jetpack_post_was_ever_published":false,"footnotes":""},"categories":[12],"tags":[699,1423,1406,1824,1136,397,1747,1525,1266],"class_list":["post-16295","post","type-post","status-publish","format-standard","has-post-thumbnail","hentry","category-demokratie-medien-aufklaerung","tag-aussenpolitik","tag-baerbock","tag-diplomatie","tag-fachkraefte","tag-friedenspolitik","tag-lateinamerika","tag-suedamerika","tag-waffenlieferungen","tag-wertedebatte"],"jetpack_featured_media_url":"https:\/\/i0.wp.com\/www.freidenker.org\/fw17\/wp-content\/uploads\/2023\/06\/baerbock_brasilien_800x450.jpg?fit=800%2C450&ssl=1","jetpack_shortlink":"https:\/\/wp.me\/p9stpK-4eP","jetpack-related-posts":[{"id":17408,"url":"https:\/\/www.freidenker.org\/?p=17408","url_meta":{"origin":16295,"position":0},"title":"Fachkr\u00e4ftemangel: Scholz holt sich Abfuhr in Afrika \u2013 Deutschland nicht attraktiv","author":"Webredaktion","date":"4. November 2023","format":false,"excerpt":"Beitrag von Gert Ewen Ungar Im russischen Fernsehen wird derzeit eine Serie mit dem Titel \"Fieber\" gezeigt. Die Rahmenhandlung ist schnell erz\u00e4hlt. In einem afrikanischen Land bricht eine hochansteckende und meist t\u00f6dlich verlaufende Krankheit aus. Eine neue Variante des Ebola-Virus ist daf\u00fcr verantwortlich. Ein westliches Team vor Ort streicht aufgrund\u2026","rel":"","context":"In &quot;Arbeit &amp; Soziales&quot;","block_context":{"text":"Arbeit &amp; Soziales","link":"https:\/\/www.freidenker.org\/?cat=11"},"img":{"alt_text":"","src":"https:\/\/i0.wp.com\/www.freidenker.org\/fw17\/wp-content\/uploads\/2023\/11\/Olaf_Scholz_profile_2023_800x450.jpg?fit=800%2C450&ssl=1&resize=350%2C200","width":350,"height":200,"srcset":"https:\/\/i0.wp.com\/www.freidenker.org\/fw17\/wp-content\/uploads\/2023\/11\/Olaf_Scholz_profile_2023_800x450.jpg?fit=800%2C450&ssl=1&resize=350%2C200 1x, https:\/\/i0.wp.com\/www.freidenker.org\/fw17\/wp-content\/uploads\/2023\/11\/Olaf_Scholz_profile_2023_800x450.jpg?fit=800%2C450&ssl=1&resize=525%2C300 1.5x, https:\/\/i0.wp.com\/www.freidenker.org\/fw17\/wp-content\/uploads\/2023\/11\/Olaf_Scholz_profile_2023_800x450.jpg?fit=800%2C450&ssl=1&resize=700%2C400 2x"},"classes":[]},{"id":16677,"url":"https:\/\/www.freidenker.org\/?p=16677","url_meta":{"origin":16295,"position":1},"title":"In ihrer geistigen Schlichtheit unheilvoll \u2013 die Weltsicht der Au\u00dfenministerin Baerbock","author":"Webredaktion","date":"18. Juli 2023","format":false,"excerpt":"Beitrag von Gert Ewen Ungar Dass Annalena Baerbock (B\u00fcndnis 90\/Die Gr\u00fcnen) Au\u00dfenministerin ist, ist sowohl f\u00fcr Deutschland als auch Europa und die Welt brandgef\u00e4hrlich. Baerbock ist mit dem Amt \u00fcberfordert, sch\u00e4tzt Entwicklungen falsch ein, denkt in einfachen Schwarz-Wei\u00df-Mustern und ist zur Differenzierung nicht in der Lage. Es fehlen ihr Basiskenntnisse\u2026","rel":"","context":"In &quot;Demokratie \u2013 Medien \u2013 Aufkl\u00e4rung&quot;","block_context":{"text":"Demokratie \u2013 Medien \u2013 Aufkl\u00e4rung","link":"https:\/\/www.freidenker.org\/?cat=12"},"img":{"alt_text":"","src":"https:\/\/i0.wp.com\/www.freidenker.org\/fw17\/wp-content\/uploads\/2023\/07\/Cleverly_meets_Baerbock_ausz_800x450.jpg?fit=800%2C450&ssl=1&resize=350%2C200","width":350,"height":200,"srcset":"https:\/\/i0.wp.com\/www.freidenker.org\/fw17\/wp-content\/uploads\/2023\/07\/Cleverly_meets_Baerbock_ausz_800x450.jpg?fit=800%2C450&ssl=1&resize=350%2C200 1x, https:\/\/i0.wp.com\/www.freidenker.org\/fw17\/wp-content\/uploads\/2023\/07\/Cleverly_meets_Baerbock_ausz_800x450.jpg?fit=800%2C450&ssl=1&resize=525%2C300 1.5x, https:\/\/i0.wp.com\/www.freidenker.org\/fw17\/wp-content\/uploads\/2023\/07\/Cleverly_meets_Baerbock_ausz_800x450.jpg?fit=800%2C450&ssl=1&resize=700%2C400 2x"},"classes":[]},{"id":19152,"url":"https:\/\/www.freidenker.org\/?p=19152","url_meta":{"origin":16295,"position":2},"title":"Besuch in Kiew: Baerbocks Wille zum totalen Krieg","author":"Webredaktion","date":"22. Mai 2024","format":false,"excerpt":"Beitrag von Gert Ewen Ungar Au\u00dfenministerin Annalena Baerbock ist zu einem Besuch in Kiew eingetroffen. F\u00fcr ihre Unterst\u00fctzung wurde ihr von Wladimir Selenskij ein Orden verliehen. Das ist zynisch, denn Baerbocks \"Unterst\u00fctzung\" beschr\u00e4nkt sich darauf, den Krieg zu verl\u00e4ngern. Auf der Website des Ausw\u00e4rtigen Amts ist zum Besuch ein Beitrag\u2026","rel":"","context":"In &quot;Demokratie \u2013 Medien \u2013 Aufkl\u00e4rung&quot;","block_context":{"text":"Demokratie \u2013 Medien \u2013 Aufkl\u00e4rung","link":"https:\/\/www.freidenker.org\/?cat=12"},"img":{"alt_text":"","src":"https:\/\/i0.wp.com\/www.freidenker.org\/fw17\/wp-content\/uploads\/2024\/05\/Selenskij_Baerbock_2024_800x450.jpg?fit=800%2C450&ssl=1&resize=350%2C200","width":350,"height":200,"srcset":"https:\/\/i0.wp.com\/www.freidenker.org\/fw17\/wp-content\/uploads\/2024\/05\/Selenskij_Baerbock_2024_800x450.jpg?fit=800%2C450&ssl=1&resize=350%2C200 1x, https:\/\/i0.wp.com\/www.freidenker.org\/fw17\/wp-content\/uploads\/2024\/05\/Selenskij_Baerbock_2024_800x450.jpg?fit=800%2C450&ssl=1&resize=525%2C300 1.5x, https:\/\/i0.wp.com\/www.freidenker.org\/fw17\/wp-content\/uploads\/2024\/05\/Selenskij_Baerbock_2024_800x450.jpg?fit=800%2C450&ssl=1&resize=700%2C400 2x"},"classes":[]},{"id":20291,"url":"https:\/\/www.freidenker.org\/?p=20291","url_meta":{"origin":16295,"position":3},"title":"Das verlogene S\u00e4useln der Annalena Baerbock","author":"Webredaktion","date":"17. November 2024","format":false,"excerpt":"Beitrag von Gert Ewen Ungar Vor 140 Jahren, am 15. November 1884, begann in Berlin die Kongo-Konferenz, auf der die Kolonialm\u00e4chte die Aufteilung Afrikas beschlossen. Deutschlands Au\u00dfenministerin Annalena Baerbock (B\u00fcndnis 90\/Die Gr\u00fcnen) nimmt das Datum zum Anlass f\u00fcr einen Namensbeitrag in der Frankfurter Rundschau. ... Mit dem \u00fcblichen Betroffenheitsges\u00e4usel schl\u00e4fert\u2026","rel":"","context":"In &quot;Demokratie \u2013 Medien \u2013 Aufkl\u00e4rung&quot;","block_context":{"text":"Demokratie \u2013 Medien \u2013 Aufkl\u00e4rung","link":"https:\/\/www.freidenker.org\/?cat=12"},"img":{"alt_text":"","src":"https:\/\/i0.wp.com\/www.freidenker.org\/fw17\/wp-content\/uploads\/2024\/11\/Kongokonferenz_800x450.jpg?fit=800%2C450&ssl=1&resize=350%2C200","width":350,"height":200,"srcset":"https:\/\/i0.wp.com\/www.freidenker.org\/fw17\/wp-content\/uploads\/2024\/11\/Kongokonferenz_800x450.jpg?fit=800%2C450&ssl=1&resize=350%2C200 1x, https:\/\/i0.wp.com\/www.freidenker.org\/fw17\/wp-content\/uploads\/2024\/11\/Kongokonferenz_800x450.jpg?fit=800%2C450&ssl=1&resize=525%2C300 1.5x, https:\/\/i0.wp.com\/www.freidenker.org\/fw17\/wp-content\/uploads\/2024\/11\/Kongokonferenz_800x450.jpg?fit=800%2C450&ssl=1&resize=700%2C400 2x"},"classes":[]},{"id":15820,"url":"https:\/\/www.freidenker.org\/?p=15820","url_meta":{"origin":16295,"position":4},"title":"Klatschende Ohrfeige f\u00fcr Baerbock","author":"Webredaktion","date":"21. April 2023","format":false,"excerpt":"Beitrag von Gert Ewen Ungar Die deutsche Au\u00dfenministerin Annalena Baerbock (B\u00fcndnis 90\/Die Gr\u00fcnen) ist gerade auf Staatsbesuch in Japan. Dort trifft sie auf ihre Amtskollegen der G7-Staaten. In einem Tweet zum Treffen teilt sie erneut gegen China aus, das sie zuvor besucht und dort f\u00fcr einen diplomatischen Skandal gesorgt hat,\u2026","rel":"","context":"In &quot;Demokratie \u2013 Medien \u2013 Aufkl\u00e4rung&quot;","block_context":{"text":"Demokratie \u2013 Medien \u2013 Aufkl\u00e4rung","link":"https:\/\/www.freidenker.org\/?cat=12"},"img":{"alt_text":"","src":"https:\/\/i0.wp.com\/www.freidenker.org\/fw17\/wp-content\/uploads\/2023\/04\/Foreign_Secretary_James_Cleverly_attends_G7_in_Japan_day_2_-_800x450.jpg?fit=800%2C450&ssl=1&resize=350%2C200","width":350,"height":200,"srcset":"https:\/\/i0.wp.com\/www.freidenker.org\/fw17\/wp-content\/uploads\/2023\/04\/Foreign_Secretary_James_Cleverly_attends_G7_in_Japan_day_2_-_800x450.jpg?fit=800%2C450&ssl=1&resize=350%2C200 1x, https:\/\/i0.wp.com\/www.freidenker.org\/fw17\/wp-content\/uploads\/2023\/04\/Foreign_Secretary_James_Cleverly_attends_G7_in_Japan_day_2_-_800x450.jpg?fit=800%2C450&ssl=1&resize=525%2C300 1.5x, https:\/\/i0.wp.com\/www.freidenker.org\/fw17\/wp-content\/uploads\/2023\/04\/Foreign_Secretary_James_Cleverly_attends_G7_in_Japan_day_2_-_800x450.jpg?fit=800%2C450&ssl=1&resize=700%2C400 2x"},"classes":[]},{"id":18290,"url":"https:\/\/www.freidenker.org\/?p=18290","url_meta":{"origin":16295,"position":5},"title":"Baerbock: Diktatoren haben Angst vor Frauen","author":"Webredaktion","date":"23. Februar 2024","format":false,"excerpt":"Beitrag von Gert Ewen Ungar Die deutsche Au\u00dfenministerin Annalena Baerbock (B\u00fcndnis 90\/Die Gr\u00fcnen) leitet ihre Beitr\u00e4ge gern im Relotius-Stil ein: Einem unschuldigen jungen Menschen, wegen\u00a0Baerbocks Bekenntnis zur feministischen Au\u00dfenpolitik gern weiblich, geschieht aufgrund der politischen Situation im eigenen Land gro\u00dfes Unrecht. W\u00e4hrend Claas Relotius seine syrischen Protagonisten von Kanzlerin Angela\u2026","rel":"","context":"In &quot;Demokratie \u2013 Medien \u2013 Aufkl\u00e4rung&quot;","block_context":{"text":"Demokratie \u2013 Medien \u2013 Aufkl\u00e4rung","link":"https:\/\/www.freidenker.org\/?cat=12"},"img":{"alt_text":"","src":"https:\/\/i0.wp.com\/www.freidenker.org\/fw17\/wp-content\/uploads\/2024\/02\/BDK_Karlsruhe_Nov_2023_Annalena_Baerbock_6_800x450.jpg?fit=800%2C450&ssl=1&resize=350%2C200","width":350,"height":200,"srcset":"https:\/\/i0.wp.com\/www.freidenker.org\/fw17\/wp-content\/uploads\/2024\/02\/BDK_Karlsruhe_Nov_2023_Annalena_Baerbock_6_800x450.jpg?fit=800%2C450&ssl=1&resize=350%2C200 1x, https:\/\/i0.wp.com\/www.freidenker.org\/fw17\/wp-content\/uploads\/2024\/02\/BDK_Karlsruhe_Nov_2023_Annalena_Baerbock_6_800x450.jpg?fit=800%2C450&ssl=1&resize=525%2C300 1.5x, https:\/\/i0.wp.com\/www.freidenker.org\/fw17\/wp-content\/uploads\/2024\/02\/BDK_Karlsruhe_Nov_2023_Annalena_Baerbock_6_800x450.jpg?fit=800%2C450&ssl=1&resize=700%2C400 2x"},"classes":[]}],"_links":{"self":[{"href":"https:\/\/www.freidenker.org\/index.php?rest_route=\/wp\/v2\/posts\/16295","targetHints":{"allow":["GET"]}}],"collection":[{"href":"https:\/\/www.freidenker.org\/index.php?rest_route=\/wp\/v2\/posts"}],"about":[{"href":"https:\/\/www.freidenker.org\/index.php?rest_route=\/wp\/v2\/types\/post"}],"author":[{"embeddable":true,"href":"https:\/\/www.freidenker.org\/index.php?rest_route=\/wp\/v2\/users\/3"}],"replies":[{"embeddable":true,"href":"https:\/\/www.freidenker.org\/index.php?rest_route=%2Fwp%2Fv2%2Fcomments&post=16295"}],"version-history":[{"count":0,"href":"https:\/\/www.freidenker.org\/index.php?rest_route=\/wp\/v2\/posts\/16295\/revisions"}],"wp:featuredmedia":[{"embeddable":true,"href":"https:\/\/www.freidenker.org\/index.php?rest_route=\/wp\/v2\/media\/16306"}],"wp:attachment":[{"href":"https:\/\/www.freidenker.org\/index.php?rest_route=%2Fwp%2Fv2%2Fmedia&parent=16295"}],"wp:term":[{"taxonomy":"category","embeddable":true,"href":"https:\/\/www.freidenker.org\/index.php?rest_route=%2Fwp%2Fv2%2Fcategories&post=16295"},{"taxonomy":"post_tag","embeddable":true,"href":"https:\/\/www.freidenker.org\/index.php?rest_route=%2Fwp%2Fv2%2Ftags&post=16295"}],"curies":[{"name":"wp","href":"https:\/\/api.w.org\/{rel}","templated":true}]}}